{"id":377520,"date":"2024-03-06T05:44:04","date_gmt":"2024-03-06T04:44:04","guid":{"rendered":"https:\/\/www.radiopiu.net\/wordpress\/?p=377520"},"modified":"2024-03-06T09:31:25","modified_gmt":"2024-03-06T08:31:25","slug":"grpiu","status":"publish","type":"post","link":"https:\/\/www.radiopiu.net\/wordpress\/grpiu\/","title":{"rendered":"GIORNALE RADIOPIU 06 MARZO 2024 DIRETTORE MIRKO MEZZACASA\u2026DA 40 ANNI 25 GIUGNO 1983-25 GIUGNO 2023"},"content":{"rendered":"<p>*****<\/p>\n<h1 class=\"entry-title photoswipe-wrapper\"><em><span style=\"color: #0000ff;\"><a class=\"dt-pswp-item\" href=\"https:\/\/www.radiopiu.net\/wordpress\/wp-content\/uploads\/2024\/03\/Senza-nome-14.png\" data-dt-img-description=\"\" data-large_image_width=\"263\" data-large_image_height=\"115\"><img loading=\"lazy\" decoding=\"async\" class=\"size-full wp-image-377546 alignleft\" src=\"https:\/\/www.radiopiu.net\/wordpress\/wp-content\/uploads\/2024\/03\/Senza-nome-14.png\" alt=\"\" width=\"263\" height=\"115\" \/><\/a>RADIO PIU&#8217; IN DAB + &#8230; IN TUTTO IL VENETO, DA JESOLO A VICENZA, PADOVA, VENEZIA, TREVISO, ROVIGO.<\/span><\/em><\/h1>\n<h1 class=\"entry-title photoswipe-wrapper\"><span style=\"color: #0000ff;\">DAB PLUS! cercaci sulla tua radio, in RDS passaggio automatico FM-DAB PLUS<\/span><\/h1>\n<p>&nbsp;<\/p>\n<h1 class=\"entry-title photoswipe-wrapper\">40esimo di RADIOPIU\u2026. LA VOCE DELL\u2019EMOZIONE<\/h1>\n<h2><\/h2>\n<h2><span style=\"color: #ff0000;\">ISCRIVITI AL NOSTRO CANALE\u00a0\u00a0YOUTUBE PER SEGUIRE IN DIRETTA I PRINCIPALI PROGRAMMI DI RADIO PIU\u2019 E LE FUTURE DIRETTE IN ESTERNA. PER ISCRIVERTI <a style=\"color: #ff0000;\" href=\"https:\/\/youtube.com\/@radiopiu1527\">CLICCA QUI\u00a0<\/a>E PREMI\u00a0 \u201cIscriviti\u201d\u00a0 \u00a0<\/span><\/h2>\n<div class=\"x1e56ztr\" data-block=\"true\" data-editor=\"avj4u\" data-offset-key=\"d3i0j-0-0\"><\/div>\n<div data-block=\"true\" data-editor=\"avj4u\" data-offset-key=\"d3i0j-0-0\"><\/div>\n<div data-block=\"true\" data-editor=\"avj4u\" data-offset-key=\"d3i0j-0-0\"><\/div>\n<div class=\"x11i5rnm xat24cr x1mh8g0r x1vvkbs xtlvy1s x126k92a\">\n<div dir=\"auto\">\n<p><a class=\"dt-pswp-item\" href=\"https:\/\/www.radiopiu.net\/wordpress\/wp-content\/uploads\/2023\/10\/34f4cfc6-e863-46e9-9695-8df44be63421.jpg\" data-dt-img-description=\"\" data-large_image_width=\"1200\" data-large_image_height=\"1200\"><img loading=\"lazy\" decoding=\"async\" class=\"wp-image-357393 alignleft\" src=\"https:\/\/www.radiopiu.net\/wordpress\/wp-content\/uploads\/2023\/10\/34f4cfc6-e863-46e9-9695-8df44be63421-300x300.jpg\" alt=\"\" width=\"81\" height=\"81\" srcset=\"https:\/\/www.radiopiu.net\/wordpress\/wp-content\/uploads\/2023\/10\/34f4cfc6-e863-46e9-9695-8df44be63421-300x300.jpg 300w, https:\/\/www.radiopiu.net\/wordpress\/wp-content\/uploads\/2023\/10\/34f4cfc6-e863-46e9-9695-8df44be63421-1024x1024.jpg 1024w, https:\/\/www.radiopiu.net\/wordpress\/wp-content\/uploads\/2023\/10\/34f4cfc6-e863-46e9-9695-8df44be63421-150x150.jpg 150w, https:\/\/www.radiopiu.net\/wordpress\/wp-content\/uploads\/2023\/10\/34f4cfc6-e863-46e9-9695-8df44be63421-768x768.jpg 768w, https:\/\/www.radiopiu.net\/wordpress\/wp-content\/uploads\/2023\/10\/34f4cfc6-e863-46e9-9695-8df44be63421.jpg 1200w\" sizes=\"auto, (max-width: 81px) 100vw, 81px\" \/><\/a>OGGI ALLA RADIO: <strong>ALLE 7<\/strong> LA RASSEGNA STAMPA LOCALE FLASH, PER CHI COME NOI ALLE SETTE DEL MATTINO VA DI FRETTA, TANTE NOTIZIE IN POCHE CHIACCHIERE. <strong>ALLE OTTO<\/strong> L&#8217;APPROFONDIMENTO NELLA STORICA RASSEGNA STAMPA LOCALE.\u00a0 DALLE 6 ALLE 21, OGNI ORA, L&#8217;INFORMAZIONE NAZIONALE, l&#8217;informazione locale,\u00a0 OGNI ORA IN CODA AL GR NAZIONALE, ALLE 14 VIABILITA 15 METEOROLOGIA 19 I TITOLI DAL TG DI ANTENNA 3 A CURA DI TIZIANA BOLOGNANI<\/p>\n<p>&nbsp;<\/p>\n<p>&nbsp;<\/p>\n<div dir=\"auto\"><a class=\"x1i10hfl xjbqb8w x1ejq31n xd10rxx x1sy0etr x17r0tee x972fbf xcfux6l x1qhh985 xm0m39n x9f619 x1ypdohk xt0psk2 xe8uvvx xdj266r x11i5rnm xat24cr x1mh8g0r xexx8yu x4uap5 x18d9i69 xkhd6sd x16tdsg8 x1hl2dhg xggy1nq x1a2a7pz xt0b8zv x1fey0fg xo1l8bm\" tabindex=\"0\" role=\"link\" href=\"https:\/\/www.facebook.com\/groups\/radiopiu\/?__cft__[0]=AZUCvj2hiOWfZ3SMnLi4VjjErCqmTbdbyDKbK_r9Y_AXfBvoro9WfWYJayYZgrI8gaWmMaNprtdTvtTxfhkOKUpSvEg2ILJLXM-QYhRqxYr2f1XvaXQYMUm2--qE9fKY5IHOaPsIFgsYnv4LL8QJ45jFfb2rFOImi91yf5XSO8FgrcpPp4hDl-109rLGYeLjDeQ&amp;__tn__=-UK-R\"><span class=\"xt0psk2\">\u00a0<\/span><\/a><\/div>\n<div dir=\"auto\"><\/div>\n<p><strong><a class=\"dt-pswp-item\" href=\"https:\/\/www.radiopiu.net\/wordpress\/wp-content\/uploads\/2024\/02\/2d44e751-d8a8-461b-8e22-d8e4e853b032.jpg\" data-dt-img-description=\"\" data-large_image_width=\"1600\" data-large_image_height=\"1200\"><img loading=\"lazy\" decoding=\"async\" class=\"wp-image-373307 alignleft\" src=\"https:\/\/www.radiopiu.net\/wordpress\/wp-content\/uploads\/2024\/02\/2d44e751-d8a8-461b-8e22-d8e4e853b032-300x225.jpg\" alt=\"\" width=\"105\" height=\"79\" srcset=\"https:\/\/www.radiopiu.net\/wordpress\/wp-content\/uploads\/2024\/02\/2d44e751-d8a8-461b-8e22-d8e4e853b032-300x225.jpg 300w, https:\/\/www.radiopiu.net\/wordpress\/wp-content\/uploads\/2024\/02\/2d44e751-d8a8-461b-8e22-d8e4e853b032-1024x768.jpg 1024w, https:\/\/www.radiopiu.net\/wordpress\/wp-content\/uploads\/2024\/02\/2d44e751-d8a8-461b-8e22-d8e4e853b032-768x576.jpg 768w, https:\/\/www.radiopiu.net\/wordpress\/wp-content\/uploads\/2024\/02\/2d44e751-d8a8-461b-8e22-d8e4e853b032-1536x1152.jpg 1536w, https:\/\/www.radiopiu.net\/wordpress\/wp-content\/uploads\/2024\/02\/2d44e751-d8a8-461b-8e22-d8e4e853b032.jpg 1600w\" sizes=\"auto, (max-width: 105px) 100vw, 105px\" \/><\/a>EL BAL DEL FIOR, DI GIULIANA DA RONCH, 06 MARZO 2024<\/strong><\/p>\n<\/div>\n<div dir=\"auto\">\n<audio class=\"wp-audio-shortcode\" id=\"audio-377520-1\" preload=\"none\" style=\"width: 100%;\" controls=\"controls\"><source type=\"audio\/mpeg\" src=\"https:\/\/www.radiopiu.net\/wordpress\/wp-content\/uploads\/2024\/03\/GME.m4a?_=1\" \/><a href=\"https:\/\/www.radiopiu.net\/wordpress\/wp-content\/uploads\/2024\/03\/GME.m4a\">https:\/\/www.radiopiu.net\/wordpress\/wp-content\/uploads\/2024\/03\/GME.m4a<\/a><\/audio>\n<p>&nbsp;<\/p>\n<p>&nbsp;<\/p>\n<div class=\"page-title title-left solid-bg breadcrumbs-mobile-off page-title-responsive-enabled\">\n<div class=\"wf-wrap\">\n<div class=\"page-title-head hgroup\">\n<h1 class=\"entry-title\">ultim&#8217;ora CHIUSA LA 24 VALPAROLA PER NEVE<\/h1>\n<\/div>\n<div class=\"page-title-breadcrumbs\"><\/div>\n<\/div>\n<\/div>\n<div id=\"main\" class=\"sidebar-right sidebar-divider-vertical\">\n<div class=\"wf-wrap\">\n<div class=\"wf-container-main\">\n<div id=\"content\" class=\"content\" role=\"main\">\n<article id=\"post-377716\" class=\"single-postlike horizontal-fancy-style post-377716 post type-post status-publish format-standard has-post-thumbnail category-evidenza-top category-news-18 category-51 category-49 description-off\">\n<div class=\"entry-content\">\n<p>Causa intensa nevicata con neve bagnata e pesante, si rende necessaria la chiusura del seguente tratto stradale: \u2013 S.P. 24 \u201cdel passo Val Parola\u201d dalla progressiva km 0+000 (Passo Falzarego) al km 5+217 (confine Provincia di Bolzano); E\u2019 chiuso per periodo invernale il seguente tratto stradale: \u2013 S.P. 33 \u201cdi Sauris\u201d dal km 0+000 (innesto S.P. 619) al km 6+800 (confine Provincia di Udine);<\/p>\n<\/div>\n<\/article>\n<\/div>\n<\/div>\n<\/div>\n<\/div>\n<p>&nbsp;<\/p>\n<p>&nbsp;<\/p>\n<hr \/>\n<hr \/>\n<hr \/>\n<hr \/>\n<p>&nbsp;<\/p>\n<p><span style=\"color: #ff0000;\"><strong>OGGI ALLA RADIO<\/strong><\/span>: <strong>ALLE 7.20<\/strong> EL BAR DEL FIOR, DETTI E TRADIZIONI DI GIULIANA DA RONCH <strong>ALLE 9.00<\/strong>\u00a0 LIBER CON LIANA CAVALLET <strong>ALLE 10.10\u00a0 <\/strong>CISL LA VOCE PER I LAVORATORI CON ALESSIO PICCOLI\u00a0<strong>ALLE 10.30<\/strong>\u00a0 SE NON LA SMETTI TI MANDO DAL PRESIDE CON LA PROF. MARIA ROSA SALMAZO <strong>\u00a0ALLE 13.20\u00a0 alleghe funivie eventi di fine stagione con andra dal farra e cristian moretti <\/strong>\u00a0<strong>ALLE 15.00<\/strong>\u00a0 RIMASTI PIU&#8217; AVANTI, IL PROGRAMMA DI MARCO V DALLA FARRA, SECONDA STAGIONE SULLA MUSICA E ARTISTI DEL BELLUNESE\u00a0\u00a0<strong> ALLE 16.30<\/strong>\u00a0 LA VECIA POPA, DOMENICA AD AGORDO CON THOMAS MANFROI E VALENTINA DE NARDIN <strong>ALLE 20.30\u00a0 <\/strong>LA MIGLIORE MUSICA DEL MONDO, DI SERA ALLA RADIO, COME UNA VOLTA CON ALEX NASCINBEN<\/p>\n<p>&nbsp;<\/p>\n<p>&nbsp;<\/p>\n<hr \/>\n<\/div>\n<\/div>\n<blockquote>\n<blockquote>\n<h1><span style=\"color: #ff0000;\">\u00a0<\/span><\/h1>\n<h1><span style=\"color: #ff0000;\">I podcast informativi del mattino &#8211; audio &#8211;\u00a0<\/span><\/h1>\n<\/blockquote>\n<p><strong><a class=\"dt-pswp-item\" href=\"https:\/\/www.radiopiu.net\/wordpress\/wp-content\/uploads\/2023\/11\/th-10.jpg\" data-dt-img-description=\"\" data-large_image_width=\"320\" data-large_image_height=\"180\"><img loading=\"lazy\" decoding=\"async\" class=\"wp-image-362866 alignleft\" src=\"https:\/\/www.radiopiu.net\/wordpress\/wp-content\/uploads\/2023\/11\/th-10-300x169.jpg\" alt=\"\" width=\"185\" height=\"104\" srcset=\"https:\/\/www.radiopiu.net\/wordpress\/wp-content\/uploads\/2023\/11\/th-10-300x169.jpg 300w, https:\/\/www.radiopiu.net\/wordpress\/wp-content\/uploads\/2023\/11\/th-10.jpg 320w\" sizes=\"auto, (max-width: 185px) 100vw, 185px\" \/><\/a>LA RASSEGNA STAMPA NAZIONALE ALLA RADIO, OGNI GIORNO ALLE 5 E ALLE 6 DEL MATTINO <span style=\"color: #0000ff;\">viene pubblicata alle 6.00 <span style=\"color: #ff0000;\">DIRETTA RADIO\u00a0\u00a0<\/span><\/span><\/strong><\/p>\n<p>&nbsp;<\/p><\/blockquote>\n<p>&nbsp;<\/p>\n<p><strong>di SISSY MARTINELLI\u00a0<\/strong><\/p>\n<p><strong>Politica<\/strong> voto in Parlamento sulle missione italiane nei territori di guerra: Ucraina, Mar Rosso e Gaza. <strong>Dosseraggio<\/strong> di alcuni esponenti dell&#8217;antimafia, ricerche non autorizzate finite sulla stampa. <strong>Meloni<\/strong> grave usare la banche dati. Per il <strong>Pd f<\/strong>atto gravissimo da chiarire. <strong>Mattarella<\/strong> incontra i vertici dei giornalisti per puntualizzare il ruolo del Presidente della Repubblica. Due ore di problemi tecnici sui servizi social <strong>facebook e instagram <\/strong>down in tutto il mondo<\/p>\n<h2>AUDIO dalle 7 del mattino<\/h2>\n<audio class=\"wp-audio-shortcode\" id=\"audio-377520-2\" preload=\"none\" style=\"width: 100%;\" controls=\"controls\"><source type=\"audio\/mpeg\" src=\"https:\/\/www.radiopiu.net\/wordpress\/wp-content\/uploads\/2024\/03\/GIORNALEDELLESEI-4.mp3?_=2\" \/><a href=\"https:\/\/www.radiopiu.net\/wordpress\/wp-content\/uploads\/2024\/03\/GIORNALEDELLESEI-4.mp3\">https:\/\/www.radiopiu.net\/wordpress\/wp-content\/uploads\/2024\/03\/GIORNALEDELLESEI-4.mp3<\/a><\/audio>\n<p>&nbsp;<\/p>\n<hr \/>\n<p>&nbsp;<\/p>\n<h1 style=\"text-align: center;\"><span style=\"color: #ff0000;\">I podcast informativi del mattino &#8211; audio &#8211;\u00a0<\/span><\/h1>\n<p><strong><a class=\"dt-pswp-item\" href=\"https:\/\/www.radiopiu.net\/wordpress\/wp-content\/uploads\/2023\/12\/images.png\" data-dt-img-description=\"\" data-large_image_width=\"316\" data-large_image_height=\"160\"><img loading=\"lazy\" decoding=\"async\" class=\"wp-image-367008 alignleft\" src=\"https:\/\/www.radiopiu.net\/wordpress\/wp-content\/uploads\/2023\/12\/images-300x152.png\" alt=\"\" width=\"235\" height=\"119\" srcset=\"https:\/\/www.radiopiu.net\/wordpress\/wp-content\/uploads\/2023\/12\/images-300x152.png 300w, https:\/\/www.radiopiu.net\/wordpress\/wp-content\/uploads\/2023\/12\/images.png 316w\" sizes=\"auto, (max-width: 235px) 100vw, 235px\" \/><\/a>OGNI GIORNO ALLE SETTE DEL MATTINO, LA RASSEGNA STAMPA LOCALE FLASH&#8230; PER CHI VA IN FRETTA. I TITOLI DAI GIORNALI E DAL SITO WWW.RADIOPIU.NET <span style=\"color: #0000ff;\">viene pubblicato alle 7.00<\/span> <span style=\"color: #ff0000;\">DIRETTA RADIO\u00a0<\/span><\/strong><\/p>\n<p><em><span style=\"color: #ff0000;\">per chi va in fretta&#8230; tante notizie in pochi minuti. L&#8217;informazione locale alla radio, ogni ora dalle 7 del mattino alle 19 della sera.\u00a0 \u00a0\u00a0<\/span><\/em><\/p>\n<p>di mirko mezzacasa<\/p>\n<p><strong><a class=\"dt-pswp-item\" href=\"https:\/\/www.radiopiu.net\/wordpress\/wp-content\/uploads\/2024\/03\/COP1.png\" data-dt-img-description=\"\" data-large_image_width=\"473\" data-large_image_height=\"297\"><img loading=\"lazy\" decoding=\"async\" class=\" wp-image-377710 alignleft\" src=\"https:\/\/www.radiopiu.net\/wordpress\/wp-content\/uploads\/2024\/03\/COP1-300x188.png\" alt=\"\" width=\"220\" height=\"138\" srcset=\"https:\/\/www.radiopiu.net\/wordpress\/wp-content\/uploads\/2024\/03\/COP1-300x188.png 300w, https:\/\/www.radiopiu.net\/wordpress\/wp-content\/uploads\/2024\/03\/COP1.png 473w\" sizes=\"auto, (max-width: 220px) 100vw, 220px\" \/><\/a>FELTRE<\/strong>\u00a0Un diciassettenne di Feltre \u00e8 stato trasportato d\u2019urgenza in ospedale dopo un incidente in sella alla sua moto Honda 125, avvenuto ieri poco dopo le 13 in zona Traversere, all\u2019incrocio tra via Fusinato e via Ruzzante. L\u2019impatto ha coinvolto anche una Renault Megane, ma il conducente \u00e8 rimasto illeso.<\/p>\n<p><strong>BELLUNO\u00a0<\/strong>Un trentenne bellunese rischia l\u2019arresto dopo aver criticato i controlli della polizia su un gruppo di ragazzi al belvedere di piazza Martiri. Alla fine, viene denunciato per resistenza a pubblico ufficiale e per il possesso di un coltello trovato addosso durante l\u2019identificazione.<\/p>\n<p><strong>LIMANA<\/strong>\u00a0Tristezza nel limanese per la morte di\u00a0 Fabio Viel, 49 anni,\u00a0 conosciuto in paese per la sua passata attivit\u00e0 professionale come pittore edile e cartongessista ma anche per la passione sportiva<\/p>\n<p><strong>FELTRE<\/strong>\u00a0 E\u2019 mancato Enzo Rossi, 76 anni a causa di un improvviso malore. A Feltre ha operato per decenni come notaio<\/p>\n<p><strong>ROMA\u00a0<\/strong>Al palazzo dell\u2019Aeronautica, \u00e8 stato reso omaggio all\u2019asso dell\u2019aviazione Alvise Andrich di Vallada, il cui caccia Macchi C205 fu abbattuto nel 1943 a Pantelleria<\/p>\n<p><strong>BELLUNO <\/strong>Un uomo nordafricano \u00e8 stato condannato a quattro anni e mezzo di reclusione per aver maltrattato e picchiato la moglie davanti ai loro bambini. La sentenza, emessa da gup Elisabetta Scolozzi, include anche la sospensione della potest\u00e0 genitoriale per nove anni e un risarcimento di 40mila euro.<\/p>\n<p><strong>FALCADE<\/strong>\u00a0\u00a0Il Comune di Falcade ha adottato una delibera per consentire agli agenti di polizia locale l\u2019utilizzo di strumenti di autotutela come lo spray al peperoncino e le bodycam.<\/p>\n<h2>AUDIO dalle 7 del mattino<\/h2>\n<audio class=\"wp-audio-shortcode\" id=\"audio-377520-3\" preload=\"none\" style=\"width: 100%;\" controls=\"controls\"><source type=\"audio\/mpeg\" src=\"https:\/\/www.radiopiu.net\/wordpress\/wp-content\/uploads\/2024\/03\/GF07-4.mp3?_=3\" \/><a href=\"https:\/\/www.radiopiu.net\/wordpress\/wp-content\/uploads\/2024\/03\/GF07-4.mp3\">https:\/\/www.radiopiu.net\/wordpress\/wp-content\/uploads\/2024\/03\/GF07-4.mp3<\/a><\/audio>\n<p>&nbsp;<\/p>\n<p>&nbsp;<\/p>\n<p>&nbsp;<\/p>\n<hr \/>\n<p>&nbsp;<\/p>\n<h1><\/h1>\n<h1 style=\"text-align: center;\"><span style=\"color: #ff0000;\"><a class=\"dt-pswp-item\" href=\"https:\/\/www.radiopiu.net\/wordpress\/wp-content\/uploads\/2022\/01\/026c3f9d-dae9-4040-a3c1-a6530231bcc3.jpg\" data-dt-img-description=\"\" data-large_image_width=\"1152\" data-large_image_height=\"2048\"><img loading=\"lazy\" decoding=\"async\" class=\"wp-image-251839 alignleft\" src=\"https:\/\/www.radiopiu.net\/wordpress\/wp-content\/uploads\/2022\/01\/026c3f9d-dae9-4040-a3c1-a6530231bcc3-169x300.jpg\" alt=\"\" width=\"100\" height=\"177\" srcset=\"https:\/\/www.radiopiu.net\/wordpress\/wp-content\/uploads\/2022\/01\/026c3f9d-dae9-4040-a3c1-a6530231bcc3-169x300.jpg 169w, https:\/\/www.radiopiu.net\/wordpress\/wp-content\/uploads\/2022\/01\/026c3f9d-dae9-4040-a3c1-a6530231bcc3-576x1024.jpg 576w, https:\/\/www.radiopiu.net\/wordpress\/wp-content\/uploads\/2022\/01\/026c3f9d-dae9-4040-a3c1-a6530231bcc3-768x1365.jpg 768w, https:\/\/www.radiopiu.net\/wordpress\/wp-content\/uploads\/2022\/01\/026c3f9d-dae9-4040-a3c1-a6530231bcc3-864x1536.jpg 864w, https:\/\/www.radiopiu.net\/wordpress\/wp-content\/uploads\/2022\/01\/026c3f9d-dae9-4040-a3c1-a6530231bcc3.jpg 1152w\" sizes=\"auto, (max-width: 100px) 100vw, 100px\" \/><\/a>I podcast informativi del mattino &#8211; audio &#8211;\u00a0<\/span><\/h1>\n<blockquote><p><strong>GIORNALE RADIO NAZIONALE, EDIZIONE DELLE SETTE <span style=\"color: #0000ff;\">viene pubblicato alle 7.05 <span style=\"color: #ff0000;\">DIRETTA RADIO\u00a0<\/span><\/span><\/strong><\/p><\/blockquote>\n<p><strong>il giornale radionazionale e&#8217; in onda ogni ora, dalle sette del mattino alle venti della sera\u00a0\u00a0<\/strong><\/p>\n<p>&nbsp;<\/p>\n<h2><\/h2>\n<p>&nbsp;<\/p>\n<p><strong>USA<\/strong> Biden e Trump dominano nelle primarie<strong> Perugia<\/strong> fa discutere l&#8217;inchiesta, parla la Meloni e il titollare della giustizia.<\/p>\n<h2>AUDIO dalle sette del mattino, ogni ora alla radio<\/h2>\n<audio class=\"wp-audio-shortcode\" id=\"audio-377520-4\" preload=\"none\" style=\"width: 100%;\" controls=\"controls\"><source type=\"audio\/mpeg\" src=\"https:\/\/www.radiopiu.net\/wordpress\/wp-content\/uploads\/2024\/03\/giornale07-4.mp3?_=4\" \/><a href=\"https:\/\/www.radiopiu.net\/wordpress\/wp-content\/uploads\/2024\/03\/giornale07-4.mp3\">https:\/\/www.radiopiu.net\/wordpress\/wp-content\/uploads\/2024\/03\/giornale07-4.mp3<\/a><\/audio>\n<p>&nbsp;<\/p>\n<h2><\/h2>\n<hr \/>\n<p>&nbsp;<\/p>\n<p>&nbsp;<\/p>\n<h1><span style=\"color: #ff0000;\">I podcast informativi del mattino &#8211; video &#8211;\u00a0<\/span><\/h1>\n<h2><strong><a class=\"dt-pswp-item\" href=\"https:\/\/www.radiopiu.net\/wordpress\/wp-content\/uploads\/2023\/12\/th-10.jpg\" data-dt-img-description=\"\" data-large_image_width=\"245\" data-large_image_height=\"180\"><img loading=\"lazy\" decoding=\"async\" class=\" wp-image-367395 alignleft\" src=\"https:\/\/www.radiopiu.net\/wordpress\/wp-content\/uploads\/2023\/12\/th-10.jpg\" alt=\"\" width=\"166\" height=\"122\" \/><\/a>RASSEGNA STAMPA LOCALE, ORE OTTO 05<\/strong><\/h2>\n<h2><strong> <span style=\"color: #0000ff;\">viene\u00a0 <\/span><\/strong><strong><span style=\"color: #0000ff;\">pubblicata alle 8.05 <span style=\"color: #ff0000;\">DIRETTA RADIO\u00a0\u00a0<\/span><\/span><\/strong><\/h2>\n<p>&nbsp;<\/p>\n<p><strong>DI MIRKO MEZZACASA\u00a0 \u00a0<\/strong><\/p>\n<p><strong>CESIOMAGGIORE<\/strong>\u00a0La polvere degli estintori, composta da sali a base di fosfato monoammonico, ha colorato di blu le acque del rio Ponach a Busche lo scorso fine settimana. Nonostante l\u2019allarme iniziale, la sostanza non \u00e8 pericolosa e proviene da un incidente in un\u2019azienda che ha causato la caduta di un estintore nel terreno, non ci sono rischi per la salute pubblica.<\/p>\n<p><strong> <a class=\"dt-pswp-item\" href=\"https:\/\/www.radiopiu.net\/wordpress\/wp-content\/uploads\/2024\/03\/COP3.png\" data-dt-img-description=\"\" data-large_image_width=\"459\" data-large_image_height=\"125\"><img loading=\"lazy\" decoding=\"async\" class=\"size-medium wp-image-377712 alignright\" src=\"https:\/\/www.radiopiu.net\/wordpress\/wp-content\/uploads\/2024\/03\/COP3-300x82.png\" alt=\"\" width=\"300\" height=\"82\" srcset=\"https:\/\/www.radiopiu.net\/wordpress\/wp-content\/uploads\/2024\/03\/COP3-300x82.png 300w, https:\/\/www.radiopiu.net\/wordpress\/wp-content\/uploads\/2024\/03\/COP3.png 459w\" sizes=\"auto, (max-width: 300px) 100vw, 300px\" \/><\/a>QUERO VAS<\/strong>\u00a0Alt velox va in Procura e presenta un esposto per i pericoli lungo la SP1 Bis in Comune di Quero Vas dove peraltro sono in corso lavori importanti.<\/p>\n<p><strong>AGORDO<\/strong> IL PROGETTO PER NASCITA DEL NUOVO POLO SCOLASTICO 0-6 ANNI A FORTE RISCHIO<\/p>\n<p>Ieri in Luxottica<strong> PARCHEGGIO AZZARDATO<\/strong>&#8230; I VIGILI DEL FUOCO DEVONO INTERVENIRE<br \/>\nCHIAMARE UN CARRO ATTREZZI E PRESENTARE IL CONTO? PERCHE&#8217; SCOMODARE I VIGILI DEL FUOCO? E SE NEL FRATTEMPO BRUCIA UN CASA?<\/p>\n<p><strong>IL CENTRODESTRA<\/strong> HA LE IDEE CHIARE SULLE PRIORITA&#8217; DELLA PROVINCIA<\/p>\n<p><strong>BELLUNO<\/strong> Anche senza presentazione ufficiale del programma, il centrodestra bellunese ha le idee chiare sulle priorit\u00e0 per la provincia<\/p>\n<p><strong>L\u2019INDUSTRIA<\/strong> CHIUDE L\u2019ANNO 2023 IN FORTE RALLENTAMENTO Nel quarto trimestre del 2023, l&#8217;industria manifatturiera trevigiana e bellunese ha mostrato un calo generale, tranne per il settore dell&#8217;occhialeria che ha registrato una crescita dell&#8217;1,8%<\/p>\n<p><strong>I MAGNIFICI 10<\/strong> NUOVI &#8220;MAESTRI ARTIGIANI&#8221; \u00a0Confartigianato Imprese Belluno, rappresentata dalla Presidente Claudia Scarzanella, esprime soddisfazione per il superamento dell&#8217;esame per ottenere il titolo di &#8220;Maestro Artigiano&#8221; da parte di 8 artigiani locali e 2 provenienti da altre province<\/p>\n<h2><strong>VIDEO\u00a0 \u00a0in diretta dalle 8 del mattino\u00a0 \u00a0<\/strong><\/h2>\n<p><iframe loading=\"lazy\" title=\"DAL 1983 LA RASSEGNA STAMPA LOCALE di mirko mezzacasa. L&#039;ORIGINALE\" width=\"1200\" height=\"675\" src=\"https:\/\/www.youtube.com\/embed\/_jtf4qJ54eo?feature=oembed\" frameborder=\"0\" allow=\"accelerometer; autoplay; clipboard-write; encrypted-media; gyroscope; picture-in-picture; web-share\" allowfullscreen><\/iframe><\/p>\n<p>&nbsp;<\/p>\n<hr \/>\n<p>&nbsp;<\/p>\n<blockquote>\n<h3>UN MARTEDI&#8217; IMPEGNATIVO PER IL SUEM 118<\/h3>\n<\/blockquote>\n<p><strong><a class=\"dt-pswp-item\" href=\"https:\/\/www.radiopiu.net\/wordpress\/wp-content\/uploads\/2023\/08\/suem.png\" data-dt-img-description=\"\" data-large_image_width=\"273\" data-large_image_height=\"127\"><img loading=\"lazy\" decoding=\"async\" class=\" wp-image-348238 alignleft\" src=\"https:\/\/www.radiopiu.net\/wordpress\/wp-content\/uploads\/2023\/08\/suem.png\" alt=\"\" width=\"157\" height=\"73\" \/><\/a>REDAZIONE<\/strong> Una giornata impegnativa quella di ieri per il Suem 118 impegnato in vari interventi. La giornata \u00e8 iniziata poco prima delle 9:30 quando l&#8217;elicottero Falco \u00e8 volato a <strong>Cortina D&#8217;Ampezzo<\/strong> per soccorrere una donna di 90 anni che si era procurata un trauma ed \u00e8 stata portata al San Martino di Belluno. Alle 10:40 il secondo volo di Falco in direzione <strong>Livinallongo del Col Di Lana<\/strong> dove una 21enne di Roma si era fatta male in pista ed \u00e8 stata portata al nosocomio di Agordo. Poco dopo un altro intervento, questa volta in <strong>Val di Zoldo<\/strong> dove un uomo di 51 anni originario di Roma aveva accusato un malore in pista. Poco dopo le 13 un incidente a <a class=\"dt-pswp-item\" href=\"https:\/\/www.radiopiu.net\/wordpress\/wp-content\/uploads\/2023\/05\/ospedale-di-feltre.jpeg\" data-dt-img-description=\"\" data-large_image_width=\"650\" data-large_image_height=\"463\"><img loading=\"lazy\" decoding=\"async\" class=\" wp-image-336242 alignleft\" src=\"https:\/\/www.radiopiu.net\/wordpress\/wp-content\/uploads\/2023\/05\/ospedale-di-feltre-300x214.jpeg\" alt=\"\" width=\"226\" height=\"161\" srcset=\"https:\/\/www.radiopiu.net\/wordpress\/wp-content\/uploads\/2023\/05\/ospedale-di-feltre-300x214.jpeg 300w, https:\/\/www.radiopiu.net\/wordpress\/wp-content\/uploads\/2023\/05\/ospedale-di-feltre.jpeg 650w\" sizes=\"auto, (max-width: 226px) 100vw, 226px\" \/><\/a><strong>Feltre<\/strong> ha coinvolto un minore che \u00e8 stato portato in ambulanza al Santa Maria del Prato. Alle 13:44 Falco si \u00e8 alzato di nuovo in volo per soccorrere due persone con trauma agli arti ed elitrasportarli da <strong>Livinallongo<\/strong> all&#8217;ospedale Papa Luciani di Agordo.<\/p>\n<p>&nbsp;<\/p>\n<p><strong>FELTRE<\/strong> Un diciassettenne di Feltre \u00e8 stato trasportato d&#8217;urgenza in ospedale dopo un incidente in sella alla sua moto Honda 125, avvenuto ieri poco dopo le 13 in zona Traversere, all&#8217;incrocio tra via Fusinato e via Ruzzante. L&#8217;impatto ha coinvolto anche una Renault Megane, ma il conducente \u00e8 rimasto illeso. Sul posto sono intervenuti rapidamente ambulanze del 118, vigili del fuoco e polizia locale per i rilievi. Il giovane \u00e8 stato trasportato al pronto soccorso con ferite di media gravit\u00e0, rimanendo cosciente durante tutto il soccorso.<\/p>\n<p>&nbsp;<\/p>\n<hr \/>\n<p>&nbsp;<\/p>\n<p>&nbsp;<\/p>\n<blockquote>\n<h1><strong><a class=\"dt-pswp-item\" href=\"https:\/\/www.radiopiu.net\/wordpress\/wp-content\/uploads\/2023\/12\/polizia.png\" data-dt-img-description=\"\" data-large_image_width=\"411\" data-large_image_height=\"315\"><img loading=\"lazy\" decoding=\"async\" class=\"wp-image-366987 alignleft\" src=\"https:\/\/www.radiopiu.net\/wordpress\/wp-content\/uploads\/2023\/12\/polizia-300x230.png\" alt=\"\" width=\"136\" height=\"104\" srcset=\"https:\/\/www.radiopiu.net\/wordpress\/wp-content\/uploads\/2023\/12\/polizia-300x230.png 300w, https:\/\/www.radiopiu.net\/wordpress\/wp-content\/uploads\/2023\/12\/polizia.png 411w\" sizes=\"auto, (max-width: 136px) 100vw, 136px\" \/><\/a>Critica e Arresto: Scena al Belvedere<\/strong><\/h1>\n<\/blockquote>\n<p><strong>BELLUNO<\/strong> <em>Un trentenne bellunese rischia l&#8217;arresto dopo aver criticato i controlli della polizia su un gruppo di ragazzi al belvedere di piazza Martiri. Alla fine, viene denunciato per resistenza a pubblico ufficiale e per il possesso di un coltello trovato addosso durante l&#8217;identificazione. La situazione si \u00e8 acuita quando l&#8217;uomo ha dato in escandescenze, richiamando l&#8217;attenzione degli agenti e richiedendo l&#8217;intervento di una seconda pattuglia per calmare la situazione sotto lo sguardo della madre.<\/em><\/p>\n<p>&nbsp;<\/p>\n<hr \/>\n<p>&nbsp;<\/p>\n<blockquote>\n<h3><a class=\"dt-pswp-item\" href=\"https:\/\/www.radiopiu.net\/wordpress\/wp-content\/uploads\/2024\/03\/Senza-nome-21.png\" data-dt-img-description=\"\" data-large_image_width=\"204\" data-large_image_height=\"211\"><img loading=\"lazy\" decoding=\"async\" class=\" wp-image-377682 alignleft\" src=\"https:\/\/www.radiopiu.net\/wordpress\/wp-content\/uploads\/2024\/03\/Senza-nome-21.png\" alt=\"\" width=\"129\" height=\"133\" \/><\/a>IL LIMANA PERDE IL SUO VALIDO PRESIDENTE, LACRIME PER FABIO<\/h3>\n<\/blockquote>\n<p><strong>LIMANA<\/strong> Tristezza nel limanese per la morte di\u00a0 Fabio Viel, 49 anni,\u00a0 conosciuto in paese per la sua passata attivit\u00e0 professionale come pittore edile e cartongessista,\u00a0 ma anche per la passione sportiva che l&#8217;aveva portato ad impegnarsi nella dirigenza del Limana calcio. Squadra della quale era stato presidente all&#8217;inizio degli anni Duemila, dando un contributo importante all&#8217;attivit\u00e0 sportiva e sociale portata avanti dall&#8217;associazione.\u00a0 Esequie in forma privata per volont\u00e0 dei familiari. \u2014<\/p>\n<p>&nbsp;<\/p>\n<p>&nbsp;<\/p>\n<hr \/>\n<p><strong>\u00a0\u00a0<\/strong><\/p>\n<p>&nbsp;<\/p>\n<p><strong>LUTTO A FELTRE\u00a0 PER LA MORTE DEL NOTAIO<\/strong><\/p>\n<p><strong>FELTRE<\/strong>\u00a0 E&#8217; mancato Enzo Rossi, 76 anni a causa di un improvviso malore. A Feltre ha operato per decenni come notaio, era conosciuto in tutta la provincia, Cavaliere al merito della Repubblica Italiana e per questo insignito del Leone d&#8217;Oro.<\/p>\n<p>&nbsp;<\/p>\n<p>&nbsp;<\/p>\n<hr \/>\n<p>&nbsp;<\/p>\n<p>&nbsp;<\/p>\n<blockquote>\n<h3><a class=\"dt-pswp-item\" href=\"https:\/\/www.radiopiu.net\/wordpress\/wp-content\/uploads\/2024\/03\/Senza-nome-16.png\" data-dt-img-description=\"\" data-large_image_width=\"819\" data-large_image_height=\"471\"><img loading=\"lazy\" decoding=\"async\" class=\" wp-image-377556 alignleft\" src=\"https:\/\/www.radiopiu.net\/wordpress\/wp-content\/uploads\/2024\/03\/Senza-nome-16-300x173.png\" alt=\"\" width=\"212\" height=\"122\" srcset=\"https:\/\/www.radiopiu.net\/wordpress\/wp-content\/uploads\/2024\/03\/Senza-nome-16-300x173.png 300w, https:\/\/www.radiopiu.net\/wordpress\/wp-content\/uploads\/2024\/03\/Senza-nome-16-768x442.png 768w, https:\/\/www.radiopiu.net\/wordpress\/wp-content\/uploads\/2024\/03\/Senza-nome-16.png 819w\" sizes=\"auto, (max-width: 212px) 100vw, 212px\" \/><\/a>RICORDANDO ALVISE ANDRICH<\/h3>\n<\/blockquote>\n<p><strong>ROMA <\/strong>Al palazzo dell&#8217;Aeronautica, \u00e8 stato reso omaggio all&#8217;asso dell&#8217;aviazione Alvise Andrich di Vallada, il cui caccia Macchi C205 fu abbattuto nel 1943 a Pantelleria. Durante la presentazione del recupero e del restauro del caccia, il figlio di Alvise, Renato Andrich, ha ricordato con emozione la figura del padre e i valori che ha trasmesso alla famiglia. Il progetto prevede la costruzione di una struttura che riproduce la forma dell&#8217;aereo in legno e acciaio, con pezzi originali recuperati all&#8217;interno e una parte posteriore rivestita in alluminio dall&#8217;artista Marco Mazzei. Una volta completato, il velivolo sar\u00e0 esposto all&#8217;hangar Nervi dell&#8217;aeroporto di Pantelleria.<\/p>\n<p><a class=\"dt-pswp-item\" href=\"https:\/\/www.radiopiu.net\/wordpress\/wp-content\/uploads\/2024\/03\/Senza-nome-22.png\" data-dt-img-description=\"\" data-large_image_width=\"179\" data-large_image_height=\"204\"><img loading=\"lazy\" decoding=\"async\" class=\"size-full wp-image-377683 aligncenter\" src=\"https:\/\/www.radiopiu.net\/wordpress\/wp-content\/uploads\/2024\/03\/Senza-nome-22.png\" alt=\"\" width=\"179\" height=\"204\" \/>\u00a0<\/a><\/p>\n<p>&nbsp;<\/p>\n<hr \/>\n<p>&nbsp;<\/p>\n<blockquote><p><strong>OGGI LA GIUDIZIARIA, DAL CORRIERE DELLE ALPI<\/strong><\/p>\n<p>CRISTINA CONTENTO<\/p><\/blockquote>\n<p><strong>BELLUNO<\/strong> Un uomo nordafricano \u00e8 stato condannato a quattro anni e mezzo di reclusione per aver maltrattato e picchiato la moglie davanti ai loro bambini. La sentenza, emessa da gup Elisabetta Scolozzi, include anche la sospensione della potest\u00e0 genitoriale per nove anni e un risarcimento di 40mila euro. Le accuse riguardano maltrattamenti aggravati e lesioni contro la donna e i figli, che hanno assistito agli abusi per tre anni. Il marito, difeso dall&#8217;avvocato Martino Fogliato, \u00e8 stato sottoposto a rito abbreviato, con una pena superiore alle richieste del pubblico ministero.<\/p>\n<p>&nbsp;<\/p>\n<p>&nbsp;<\/p>\n<p>&nbsp;<\/p>\n<hr \/>\n<p>&nbsp;<\/p>\n<p>&nbsp;<\/p>\n<blockquote>\n<h2><a class=\"dt-pswp-item\" href=\"https:\/\/www.radiopiu.net\/wordpress\/wp-content\/uploads\/2024\/03\/th-1.jpg\" data-dt-img-description=\"\" data-large_image_width=\"270\" data-large_image_height=\"180\"><img loading=\"lazy\" decoding=\"async\" class=\" wp-image-377684 alignleft\" src=\"https:\/\/www.radiopiu.net\/wordpress\/wp-content\/uploads\/2024\/03\/th-1.jpg\" alt=\"\" width=\"246\" height=\"164\" \/><\/a>Comune di Falcade Autorizza Uso di Spray al Peperoncino e Bodycam per Polizia Locale<\/h2>\n<\/blockquote>\n<p><strong>FALCADE\u00a0\u00a0<\/strong>Il Comune di Falcade ha adottato una delibera per consentire agli agenti di polizia locale l&#8217;utilizzo di strumenti di autotutela come lo spray al peperoncino e le bodycam. Le modifiche al regolamento di polizia locale permettono anche l&#8217;introduzione di strumenti tecnologici come le telecamere da indossare, utili per documentare situazioni potenzialmente pericolose sia per terzi sia per gli operatori stessi. La decisione tiene conto della crescente collaborazione della polizia locale con le forze di polizia statali.<\/p>\n<p>&nbsp;<\/p>\n<p>&nbsp;<\/p>\n<p>&nbsp;<\/p>\n<p>&nbsp;<\/p>\n<hr \/>\n<p>&nbsp;<\/p>\n<blockquote>\n<h3><a class=\"dt-pswp-item\" href=\"https:\/\/www.radiopiu.net\/wordpress\/wp-content\/uploads\/2024\/03\/Senza-nome-20.png\" data-dt-img-description=\"\" data-large_image_width=\"429\" data-large_image_height=\"270\"><img loading=\"lazy\" decoding=\"async\" class=\" wp-image-377680 alignleft\" src=\"https:\/\/www.radiopiu.net\/wordpress\/wp-content\/uploads\/2024\/03\/Senza-nome-20-300x189.png\" alt=\"\" width=\"202\" height=\"127\" srcset=\"https:\/\/www.radiopiu.net\/wordpress\/wp-content\/uploads\/2024\/03\/Senza-nome-20-300x189.png 300w, https:\/\/www.radiopiu.net\/wordpress\/wp-content\/uploads\/2024\/03\/Senza-nome-20.png 429w\" sizes=\"auto, (max-width: 202px) 100vw, 202px\" \/><\/a>NESSUN MISTERO, L&#8217;ACQUA E&#8217; COLORATA DI AZZURRO A CAUSA DELLE POLVERI DELL&#8217;ESTINTORE<\/h3>\n<\/blockquote>\n<p><strong>CESIOMAGGIORE<\/strong> La polvere degli estintori, composta da sali a base di fosfato monoammonico, ha colorato di blu le acque del rio Ponach a Busche lo scorso fine settimana. Nonostante l&#8217;allarme iniziale, la sostanza non \u00e8 pericolosa e proviene da un incidente in un&#8217;azienda che ha causato la caduta di un estintore nel terreno. Una ditta specializzata ha pulito il torrente, mentre gli Arpav hanno confermato la sicurezza dell&#8217;acqua dopo analisi. Le indagini hanno individuato l&#8217;origine del fenomeno e non ci sono rischi per la salute pubblica.<\/p>\n<p>&nbsp;<\/p>\n<p>&nbsp;<\/p>\n<p>&nbsp;<\/p>\n<hr \/>\n<p>&nbsp;<\/p>\n<blockquote>\n<h2>ALTEVELOX IN ATTACCO DOPO LA TRAGEDIA EVITATA A QUERO<\/h2>\n<\/blockquote>\n<div class=\"xdj266r x11i5rnm xat24cr x1mh8g0r x1vvkbs x126k92a\">\n<blockquote>\n<div dir=\"auto\"><strong><a class=\"dt-pswp-item\" href=\"https:\/\/www.radiopiu.net\/wordpress\/wp-content\/uploads\/2024\/03\/430690757_361810226686832_5485589253811489466_n.jpg\" data-dt-img-description=\"\" data-large_image_width=\"790\" data-large_image_height=\"540\"><img loading=\"lazy\" decoding=\"async\" class=\"size-medium wp-image-377688 alignleft\" src=\"https:\/\/www.radiopiu.net\/wordpress\/wp-content\/uploads\/2024\/03\/430690757_361810226686832_5485589253811489466_n-300x205.jpg\" alt=\"\" width=\"300\" height=\"205\" srcset=\"https:\/\/www.radiopiu.net\/wordpress\/wp-content\/uploads\/2024\/03\/430690757_361810226686832_5485589253811489466_n-300x205.jpg 300w, https:\/\/www.radiopiu.net\/wordpress\/wp-content\/uploads\/2024\/03\/430690757_361810226686832_5485589253811489466_n-768x525.jpg 768w, https:\/\/www.radiopiu.net\/wordpress\/wp-content\/uploads\/2024\/03\/430690757_361810226686832_5485589253811489466_n.jpg 790w\" sizes=\"auto, (max-width: 300px) 100vw, 300px\" \/><\/a>23.FEBBRAIO 2023<\/strong>: Masso cade sulla Feltrina, un altro pericolo. Bond: <em>\u00abI soldi per la messa in sicurezza c&#8217;erano, dove sono finiti?\u00bb<\/em><\/div>\n<\/blockquote>\n<\/div>\n<div class=\"x11i5rnm xat24cr x1mh8g0r x1vvkbs xtlvy1s x126k92a\">\n<div dir=\"auto\"><\/div>\n<\/div>\n<div class=\"xdj266r x11i5rnm xat24cr x1mh8g0r x1vvkbs x126k92a\">\n<div dir=\"auto\"><strong>QUERO VAS<\/strong> Alt velox va in Procura e presenta un esposto per i pericoli lungo la SP1 Bis in Comune di Quero Vas dove peraltro sono in corso lavori importanti.\u00a0 <em>&#8220;E&#8217; inammissibile che un masso di dimensioni simili precipiti sulla strada senza alcuna barriera di protezione &#8211; dicono gli avvocati di Altvelox &#8211;<\/em>\u00a0 solo un miracolo ha evitato una tragedia. Il noto politico locale Dario Bond lo scorso 12 febbraio 2024 aveva denunciato alla stampa in occasione di un diverso ed ennesimo masso precipitato sulla strada &#8220;Feltrina&#8221; che i fondi per la messa in sicurezza delle strade erano stati messi a disposizione e chiedeva&#8230; <em>&#8220;dove sono finiti?&#8221; s<\/em>i chiede altvelox.<\/div>\n<\/div>\n<div class=\"x11i5rnm xat24cr x1mh8g0r x1vvkbs xtlvy1s x126k92a\">\n<div dir=\"auto\"><\/div>\n<div dir=\"auto\"><\/div>\n<div dir=\"auto\"><\/div>\n<div dir=\"auto\">\n<div class=\"xdj266r x11i5rnm xat24cr x1mh8g0r x1vvkbs x126k92a\">\n<div dir=\"auto\">\n<p><strong><a class=\"dt-pswp-item\" href=\"https:\/\/www.radiopiu.net\/wordpress\/wp-content\/uploads\/2024\/03\/431137126_361118986755956_4810332352157289894_n.jpg\" data-dt-img-description=\"\" data-large_image_width=\"960\" data-large_image_height=\"527\"><img loading=\"lazy\" decoding=\"async\" class=\"size-medium wp-image-377690 alignright\" src=\"https:\/\/www.radiopiu.net\/wordpress\/wp-content\/uploads\/2024\/03\/431137126_361118986755956_4810332352157289894_n-300x165.jpg\" alt=\"\" width=\"300\" height=\"165\" srcset=\"https:\/\/www.radiopiu.net\/wordpress\/wp-content\/uploads\/2024\/03\/431137126_361118986755956_4810332352157289894_n-300x165.jpg 300w, https:\/\/www.radiopiu.net\/wordpress\/wp-content\/uploads\/2024\/03\/431137126_361118986755956_4810332352157289894_n-768x422.jpg 768w, https:\/\/www.radiopiu.net\/wordpress\/wp-content\/uploads\/2024\/03\/431137126_361118986755956_4810332352157289894_n.jpg 960w\" sizes=\"auto, (max-width: 300px) 100vw, 300px\" \/><\/a>BELLUNO<\/strong> non ci sono soldi per sistemare le strade e si sono perse le tracce persino dei fondi gi\u00e0 stanziati dalla precedente amministrazione, per mettere in sicurezza la ciclabile di Levego che oggi termina contromano senza alcuna protezione. Nel solo 2022 sono entrati nelle casse comunali circa 1 milione di euro in multe e l&#8217;anno prima molti di pi\u00f9&#8230; Per le strade a Belluno non si trovano fondi, ma esistono miracolosamente per le parcelle degli avvocati incaricati di impugnare le multe annullate dai Giudici, paradossalmente per la carenza delle strade stesse.<\/p>\n<\/div>\n<\/div>\n<\/div>\n<\/div>\n<p>&nbsp;<\/p>\n<p>&nbsp;<\/p>\n<hr \/>\n<p>&nbsp;<\/p>\n<p>&nbsp;<\/p>\n<blockquote>\n<h2>DILLO A RADIO PIU&#8230;. a proposito di sicurezza sul lavoro<\/h2>\n<\/blockquote>\n<p><strong>AGORDO<\/strong> Ieri mattina in Viale Sommariva i lavori\u00a0 per la demolizione dell&#8217;immenso fabbricato erano regolarmente iniziati. A mezzogiorno tutto fermo, in zona si sono visti uomini della vicina stazione della Guardia di Finanza e altri uomini entrati in cantiere per controllare. A Radio Pi\u00f9 \u00e8 stata segnalata questa foto con un commento preciso: <em>&#8220;Ma questa \u00e8 sicurezza sul lavoro? Nessuna impalcatura, nessun casco di protezione e imbragatura per i lavori i quota. E intanto continuano a morire sui cantieri&#8221;<\/em><\/p>\n<p><a class=\"dt-pswp-item\" href=\"https:\/\/www.radiopiu.net\/wordpress\/wp-content\/uploads\/2024\/03\/2cca5470-fae9-414e-a903-2a394faa234c.jpg\" data-dt-img-description=\"\" data-large_image_width=\"1512\" data-large_image_height=\"2016\"><img loading=\"lazy\" decoding=\"async\" class=\"size-medium wp-image-377695 aligncenter\" src=\"https:\/\/www.radiopiu.net\/wordpress\/wp-content\/uploads\/2024\/03\/2cca5470-fae9-414e-a903-2a394faa234c-225x300.jpg\" alt=\"\" width=\"225\" height=\"300\" srcset=\"https:\/\/www.radiopiu.net\/wordpress\/wp-content\/uploads\/2024\/03\/2cca5470-fae9-414e-a903-2a394faa234c-225x300.jpg 225w, https:\/\/www.radiopiu.net\/wordpress\/wp-content\/uploads\/2024\/03\/2cca5470-fae9-414e-a903-2a394faa234c-768x1024.jpg 768w, https:\/\/www.radiopiu.net\/wordpress\/wp-content\/uploads\/2024\/03\/2cca5470-fae9-414e-a903-2a394faa234c-1152x1536.jpg 1152w, https:\/\/www.radiopiu.net\/wordpress\/wp-content\/uploads\/2024\/03\/2cca5470-fae9-414e-a903-2a394faa234c.jpg 1512w\" sizes=\"auto, (max-width: 225px) 100vw, 225px\" \/><\/a><\/p>\n<p>&nbsp;<\/p>\n<p>&nbsp;<\/p>\n<hr \/>\n<p>&nbsp;<\/p>\n<p>&nbsp;<\/p>\n<p>&nbsp;<\/p>\n<p><strong>AGORDO<\/strong> Problema parcheggi in Luxottica, succede anche questo nel tentativo di trovare spazi&#8230; che mancano. Serve una soluzione urgente per i lavoratori, per chi vive in Valcozzena, per l&#8217;Agordo turistica. Speriamo che le prossime elezioni e gli accordi con l&#8217;azienda portino ai frutti sperati, ad Agordo servono nuovi parcheggi<\/p>\n<p>&nbsp;<\/p>\n\n\t\t\t<style type='text\/css'>\n\t\t\t\t#gallery-1 {\n\t\t\t\t\tmargin: auto;\n\t\t\t\t}\n\t\t\t\t#gallery-1 .gallery-item {\n\t\t\t\t\tfloat: left;\n\t\t\t\t\tmargin-top: 10px;\n\t\t\t\t\ttext-align: center;\n\t\t\t\t\twidth: 50%;\n\t\t\t\t}\n\t\t\t\t#gallery-1 img {\n\t\t\t\t\tborder: 2px solid #cfcfcf;\n\t\t\t\t}\n\t\t\t\t#gallery-1 .gallery-caption {\n\t\t\t\t\tmargin-left: 0;\n\t\t\t\t}\n\t\t\t\t\/* see gallery_shortcode() in wp-includes\/media.php *\/\n\t\t\t<\/style>\n\t\t<div id='gallery-1' class='dt-gallery-container gallery galleryid-377520 gallery-columns-2 gallery-size-thumbnail'><dl class='gallery-item'>\n\t\t\t\t<dt class='gallery-icon portrait'>\n\t\t\t\t\t<a class=\"rollover rollover-zoom dt-pswp-item\" title=\"WhatsApp Image 2024-03-05 at 08.21.52 (1)\" data-dt-img-description=\"\" data-large_image_width=\"1200\" data-large_image_height=\"1600\"href='https:\/\/www.radiopiu.net\/wordpress\/wp-content\/uploads\/2024\/03\/WhatsApp-Image-2024-03-05-at-08.21.52-1.jpeg'><img loading=\"lazy\" decoding=\"async\" width=\"150\" height=\"150\" src=\"https:\/\/www.radiopiu.net\/wordpress\/wp-content\/uploads\/2024\/03\/WhatsApp-Image-2024-03-05-at-08.21.52-1-150x150.jpeg\" class=\"attachment-thumbnail size-thumbnail\" alt=\"\" \/><\/a>\n\t\t\t\t<\/dt><\/dl><dl class='gallery-item'>\n\t\t\t\t<dt class='gallery-icon landscape'>\n\t\t\t\t\t<a class=\"rollover rollover-zoom dt-pswp-item\" title=\"WhatsApp Image 2024-03-05 at 08.21.52\" data-dt-img-description=\"\" data-large_image_width=\"1600\" data-large_image_height=\"1134\"href='https:\/\/www.radiopiu.net\/wordpress\/wp-content\/uploads\/2024\/03\/WhatsApp-Image-2024-03-05-at-08.21.52.jpeg'><img loading=\"lazy\" decoding=\"async\" width=\"150\" height=\"150\" src=\"https:\/\/www.radiopiu.net\/wordpress\/wp-content\/uploads\/2024\/03\/WhatsApp-Image-2024-03-05-at-08.21.52-150x150.jpeg\" class=\"attachment-thumbnail size-thumbnail\" alt=\"\" \/><\/a>\n\t\t\t\t<\/dt><\/dl><br style=\"clear: both\" \/>\n\t\t\t<\/div>\n\n<p>&nbsp;<\/p>\n<p>&nbsp;<\/p>\n<hr \/>\n<p>&nbsp;<\/p>\n<blockquote>\n<h3>IL PROGETTO PER NASCITA DEL NUOVO POLO SCOLASTICO 0-6 ANNI A FORTE RISCHIO<\/h3>\n<\/blockquote>\n<p><strong><a class=\"dt-pswp-item\" href=\"https:\/\/www.radiopiu.net\/wordpress\/wp-content\/uploads\/2022\/12\/MUNICIPIO-AGORDO.png\" data-dt-img-description=\"\" data-large_image_width=\"1890\" data-large_image_height=\"1210\"><img loading=\"lazy\" decoding=\"async\" class=\" wp-image-309882 alignleft\" src=\"https:\/\/www.radiopiu.net\/wordpress\/wp-content\/uploads\/2022\/12\/MUNICIPIO-AGORDO-300x192.png\" alt=\"\" width=\"167\" height=\"107\" srcset=\"https:\/\/www.radiopiu.net\/wordpress\/wp-content\/uploads\/2022\/12\/MUNICIPIO-AGORDO-300x192.png 300w, https:\/\/www.radiopiu.net\/wordpress\/wp-content\/uploads\/2022\/12\/MUNICIPIO-AGORDO-1024x656.png 1024w, https:\/\/www.radiopiu.net\/wordpress\/wp-content\/uploads\/2022\/12\/MUNICIPIO-AGORDO-768x492.png 768w, https:\/\/www.radiopiu.net\/wordpress\/wp-content\/uploads\/2022\/12\/MUNICIPIO-AGORDO-1536x983.png 1536w, https:\/\/www.radiopiu.net\/wordpress\/wp-content\/uploads\/2022\/12\/MUNICIPIO-AGORDO.png 1890w\" sizes=\"auto, (max-width: 167px) 100vw, 167px\" \/><\/a>AGORDO<\/strong><\/p>\n<p>DI GIANNI SANTOMASO<\/p>\n<audio class=\"wp-audio-shortcode\" id=\"audio-377520-5\" preload=\"none\" style=\"width: 100%;\" controls=\"controls\"><source type=\"audio\/mpeg\" src=\"https:\/\/www.radiopiu.net\/wordpress\/wp-content\/uploads\/2024\/03\/GIANNI-IL-PROGETTO-PER-NASCITA-DEL-NUOVO-POLO-SCOLASTICO-0-6-ANNI-A-FORTE-RISCHIO.mp3?_=5\" \/><a href=\"https:\/\/www.radiopiu.net\/wordpress\/wp-content\/uploads\/2024\/03\/GIANNI-IL-PROGETTO-PER-NASCITA-DEL-NUOVO-POLO-SCOLASTICO-0-6-ANNI-A-FORTE-RISCHIO.mp3\">https:\/\/www.radiopiu.net\/wordpress\/wp-content\/uploads\/2024\/03\/GIANNI-IL-PROGETTO-PER-NASCITA-DEL-NUOVO-POLO-SCOLASTICO-0-6-ANNI-A-FORTE-RISCHIO.mp3<\/a><\/audio>\n<p>&nbsp;<\/p>\n<p>&nbsp;<\/p>\n<hr \/>\n<p>&nbsp;<\/p>\n<blockquote>\n<h3>IL CENTRODESTRA HA LE IDEE CHIARE SULLE PRIORITA&#8217; DELLA PROVINCIA<\/h3>\n<\/blockquote>\n<p><strong><a class=\"dt-pswp-item\" href=\"https:\/\/www.radiopiu.net\/wordpress\/wp-content\/uploads\/2020\/06\/palazzo_piloni_belluno.jpg\" data-dt-img-description=\"\" data-large_image_width=\"1000\" data-large_image_height=\"667\"><img loading=\"lazy\" decoding=\"async\" class=\" wp-image-144771 alignleft\" src=\"https:\/\/www.radiopiu.net\/wordpress\/wp-content\/uploads\/2020\/06\/palazzo_piloni_belluno-300x200.jpg\" alt=\"\" width=\"176\" height=\"117\" srcset=\"https:\/\/www.radiopiu.net\/wordpress\/wp-content\/uploads\/2020\/06\/palazzo_piloni_belluno-300x200.jpg 300w, https:\/\/www.radiopiu.net\/wordpress\/wp-content\/uploads\/2020\/06\/palazzo_piloni_belluno-768x512.jpg 768w, https:\/\/www.radiopiu.net\/wordpress\/wp-content\/uploads\/2020\/06\/palazzo_piloni_belluno.jpg 1000w\" sizes=\"auto, (max-width: 176px) 100vw, 176px\" \/><\/a>BELLUNO<\/strong> Anche senza presentazione ufficiale del programma, il centrodestra bellunese ha le idee chiare sulle priorit\u00e0 per la provincia: se a livello nazionale l&#8217;obbiettivo \u00e8 il ritorno alla elettivit\u00e0, sul territorio \u00e8 fondamentale lavorare per i servizi.<\/p>\n<p><strong>DI DANIELE DALVIT<\/strong><\/p>\n<audio class=\"wp-audio-shortcode\" id=\"audio-377520-6\" preload=\"none\" style=\"width: 100%;\" controls=\"controls\"><source type=\"audio\/mpeg\" src=\"https:\/\/www.radiopiu.net\/wordpress\/wp-content\/uploads\/2024\/03\/Radio-Piu-Servizio-Centrodestra-provinciali-Belluno.mp3?_=6\" \/><a href=\"https:\/\/www.radiopiu.net\/wordpress\/wp-content\/uploads\/2024\/03\/Radio-Piu-Servizio-Centrodestra-provinciali-Belluno.mp3\">https:\/\/www.radiopiu.net\/wordpress\/wp-content\/uploads\/2024\/03\/Radio-Piu-Servizio-Centrodestra-provinciali-Belluno.mp3<\/a><\/audio>\n<p>&nbsp;<\/p>\n<p>&nbsp;<\/p>\n<hr \/>\n<p>&nbsp;<\/p>\n<blockquote>\n<h1><strong>L\u2019INDUSTRIA CHIUDE L\u2019ANNO 2023 IN FORTE RALLENTAMENTO***<\/strong><\/h1>\n<h1><strong> <img loading=\"lazy\" decoding=\"async\" class=\"alignleft\" src=\"https:\/\/www.radiopiu.net\/wordpress\/wp-content\/uploads\/2024\/03\/ee5a0546-b1cd-4c75-be00-58435b134846.jpg\" width=\"220\" height=\"73\" \/>REDAZIONE<\/strong><\/h1>\n<\/blockquote>\n<div class=\"flex-1 overflow-hidden\">\n<div class=\"react-scroll-to-bottom--css-amsub-79elbk h-full\">\n<div class=\"react-scroll-to-bottom--css-amsub-1n7m0yu\">\n<div class=\"flex flex-col text-sm pb-9\">\n<div class=\"w-full text-token-text-primary\" data-testid=\"conversation-turn-79\">\n<div class=\"px-4 py-2 justify-center text-base md:gap-6 m-auto\">\n<div class=\"flex flex-1 text-base mx-auto gap-3 md:px-5 lg:px-1 xl:px-5 md:max-w-3xl lg:max-w-[40rem] xl:max-w-[48rem] group final-completion\">\n<div class=\"relative flex w-full flex-col agent-turn\">\n<div class=\"flex-col gap-1 md:gap-3\">\n<div class=\"flex flex-grow flex-col max-w-full\">\n<div class=\"min-h-[20px] text-message flex flex-col items-start gap-3 whitespace-pre-wrap break-words [.text-message+&amp;]:mt-5 overflow-x-auto\" data-message-author-role=\"assistant\" data-message-id=\"0341b0d5-c418-4289-8a6e-2effb37d3add\">\n<div class=\"markdown prose w-full break-words dark:prose-invert dark\">\n<p><a class=\"dt-pswp-item\" href=\"https:\/\/www.radiopiu.net\/wordpress\/wp-content\/uploads\/2024\/03\/Senza-nome-18.png\" data-dt-img-description=\"\" data-large_image_width=\"70\" data-large_image_height=\"83\"><img loading=\"lazy\" decoding=\"async\" class=\"size-full wp-image-377590 alignleft\" src=\"https:\/\/www.radiopiu.net\/wordpress\/wp-content\/uploads\/2024\/03\/Senza-nome-18.png\" alt=\"\" width=\"70\" height=\"83\" \/><\/a>Nel quarto trimestre del 2023, l&#8217;industria manifatturiera trevigiana e bellunese ha mostrato un calo generale, tranne per il settore dell&#8217;occhialeria che ha registrato una crescita dell&#8217;1,8% grazie alla domanda estera. La produzione di macchinari e prodotti agroalimentari \u00e8 rimasta stabile. Il Presidente della Camera di Commercio di Treviso-Belluno, Mario Pozza, ha evidenziato un rallentamento dell&#8217;economia, attribuibile agli shock recenti, con una diminuzione della produzione influenzata dalla debolezza della domanda internazionale. Pozza ha invitato le imprese a investire nella digitalizzazione e nella diversificazione dei mercati, ma ha espresso preoccupazione per le politiche monetarie restrittive, auspicando un intervento tempestivo delle banche centrali. Nonostante segnali di recupero nel 2024, l&#8217;incertezza politica e i conflitti internazionali potrebbero ostacolare il processo, mentre la prudenza della Banca Centrale Europea riflette la necessit\u00e0 di valutare attentamente le prospettive a lungo termine e le aspettative inflazionistiche.<\/p>\n<\/div>\n<\/div>\n<\/div>\n<\/div>\n<\/div>\n<\/div>\n<\/div>\n<\/div>\n<\/div>\n<\/div>\n<\/div>\n<\/div>\n<div class=\"w-full pt-2 md:pt-0 dark:border-white\/20 md:border-transparent md:dark:border-transparent md:w-[calc(100%-.5rem)]\">\n<form class=\"stretch mx-2 flex flex-row gap-3 last:mb-2 md:mx-4 md:last:mb-6 lg:mx-auto lg:max-w-2xl xl:max-w-3xl\">\n<div class=\"relative flex h-full flex-1 flex-col\">\n<div class=\"flex w-full items-center\"><\/div>\n<div><\/div>\n<div>\n<hr \/>\n<\/div>\n<div><\/div>\n<div><\/div>\n<div><a class=\"dt-pswp-item\" href=\"https:\/\/www.radiopiu.net\/wordpress\/wp-content\/uploads\/2024\/03\/Senza-nome-15.png\" data-dt-img-description=\"\" data-large_image_width=\"449\" data-large_image_height=\"628\"><img loading=\"lazy\" decoding=\"async\" class=\"size-medium wp-image-377554 aligncenter\" src=\"https:\/\/www.radiopiu.net\/wordpress\/wp-content\/uploads\/2024\/03\/Senza-nome-15-214x300.png\" alt=\"\" width=\"214\" height=\"300\" srcset=\"https:\/\/www.radiopiu.net\/wordpress\/wp-content\/uploads\/2024\/03\/Senza-nome-15-214x300.png 214w, https:\/\/www.radiopiu.net\/wordpress\/wp-content\/uploads\/2024\/03\/Senza-nome-15.png 449w\" sizes=\"auto, (max-width: 214px) 100vw, 214px\" \/><\/a><\/div>\n<div><\/div>\n<div><\/div>\n<div><\/div>\n<div>\n<hr \/>\n<\/div>\n<div><\/div>\n<blockquote>\n<h2><a class=\"dt-pswp-item\" href=\"https:\/\/www.radiopiu.net\/wordpress\/wp-content\/uploads\/2024\/03\/2024_03_04-Esame-Maestro-Artigiano.jpeg\" data-dt-img-description=\"\" data-large_image_width=\"1600\" data-large_image_height=\"901\"><img loading=\"lazy\" decoding=\"async\" class=\" wp-image-377601 alignleft\" src=\"https:\/\/www.radiopiu.net\/wordpress\/wp-content\/uploads\/2024\/03\/2024_03_04-Esame-Maestro-Artigiano-300x169.jpeg\" alt=\"\" width=\"277\" height=\"156\" srcset=\"https:\/\/www.radiopiu.net\/wordpress\/wp-content\/uploads\/2024\/03\/2024_03_04-Esame-Maestro-Artigiano-300x169.jpeg 300w, https:\/\/www.radiopiu.net\/wordpress\/wp-content\/uploads\/2024\/03\/2024_03_04-Esame-Maestro-Artigiano-1024x577.jpeg 1024w, https:\/\/www.radiopiu.net\/wordpress\/wp-content\/uploads\/2024\/03\/2024_03_04-Esame-Maestro-Artigiano-768x432.jpeg 768w, https:\/\/www.radiopiu.net\/wordpress\/wp-content\/uploads\/2024\/03\/2024_03_04-Esame-Maestro-Artigiano-1536x865.jpeg 1536w, https:\/\/www.radiopiu.net\/wordpress\/wp-content\/uploads\/2024\/03\/2024_03_04-Esame-Maestro-Artigiano.jpeg 1600w\" sizes=\"auto, (max-width: 277px) 100vw, 277px\" \/><\/a>I MAGNIFICI 10 NUOVI &#8220;MAESTRI ARTIGIANI&#8221;<\/h2>\n<\/blockquote>\n<div><strong> BELLUNO<\/strong> Confartigianato Imprese Belluno, rappresentata dalla Presidente Claudia Scarzanella, esprime soddisfazione per il superamento dell&#8217;esame per ottenere il titolo di &#8220;Maestro Artigiano&#8221; da parte di 8 artigiani locali e 2 provenienti da altre province. Questo risultato, ottenuto tramite un percorso formativo della Regione Veneto in collaborazione con Confartigianato Belluno e l&#8217;Istituto Veneto per il Lavoro, rappresenta un esempio positivo in controtendenza rispetto al decremento demografico del territorio. Il titolo di &#8220;Maestro Artigiano&#8221; attesta l&#8217;abilit\u00e0 nella trasmissione delle competenze acquisite attraverso un&#8217;esperienza imprenditoriale consolidata e conoscenze manageriali avanzate. L&#8217;iniziativa, promossa dalla Regione Veneto, mira a sostenere lo sviluppo delle imprese artigiane valorizzando il capitale umano, promuovendo l&#8217;occupazione e garantendo la continuit\u00e0 d&#8217;impresa.<\/div>\n<div><\/div>\n<div><strong>Vania Acaia<\/strong> supporta l&#8217;azienda familiare nel settore degli impianti presso Acaia Lavio srl. <strong>Matteo Caldart<\/strong> si occupa della continuazione e modernizzazione dell&#8217;attivit\u00e0 del padre nel settore degli isolamenti presso Tecno Isolamenti srl.<br \/>\n<strong>Giorgia Corte Metto<\/strong> porta innovazione nel settore dell&#8217;acconciatura presso Texhair Belluno. <strong>Carolina Da Rold<\/strong> si dedica all&#8217;agricoltura e alla produzione artigianale di gelateria presso La Sorbettiera. <strong>Nicola Pietro Dal Piva<\/strong> \u00e8 entrato nel settore del gelato a 27 anni presso Antica Gelateria Bellunese. <strong>Nicola Fullin<\/strong> si impegna per l&#8217;innovazione e l&#8217;apertura su nuovi mercati presso CFN Verniciatura di Fullin Nello &amp; C. snc. <strong>Nicola Pradel<\/strong> ha superato un incidente e si \u00e8 dedicato all&#8217;artigianato, senza specificare un&#8217;azienda. <strong>Sergio Tieppo<\/strong> ha aperto un&#8217;attivit\u00e0 di falegnameria nel 2006 presso Al Botegon. <strong>Tiziana Morena<\/strong> Fregona offre corsi di formazione in modellistica per moda e tessile, senza specificare un&#8217;azienda. <strong>Alessandro Rigon<\/strong> presta attenzione alla sostenibilit\u00e0 e alla formazione dei giovani presso Falegnameria Rigon snc.<\/div>\n<div><\/div>\n<div>\n<hr \/>\n<\/div>\n<div>\n<blockquote>\n<h2 class=\"titolonews\"><\/h2>\n<p><strong><a class=\"dt-pswp-item\" href=\"https:\/\/www.radiopiu.net\/wordpress\/wp-content\/uploads\/2024\/01\/Senza-nome-34.png\" data-dt-img-description=\"\" data-large_image_width=\"239\" data-large_image_height=\"153\"><img loading=\"lazy\" decoding=\"async\" class=\"wp-image-369478 alignleft\" src=\"https:\/\/www.radiopiu.net\/wordpress\/wp-content\/uploads\/2024\/01\/Senza-nome-34.png\" alt=\"\" width=\"128\" height=\"82\" \/><\/a><\/strong><\/p>\n<h1 class=\"_title post-title entry-title\"><\/h1>\n<p><strong>\u00a0\u00a0<\/strong><strong>dal TG BELLUNESE di\u00a0 ANTENNA 3 ogni sera alle 19.30 sul canale 10 del digitale terrestre e alle 19 le anticipazioni alla radio.\u00a0 \u00a0 \u00a0<\/strong><\/p>\n<p><strong> \u00a0 \u00a0<\/strong><\/p>\n<h1 class=\"_title post-title entry-title\">ALPAGO | \u00abDOVREBBE CAMBIARE LO \u2018STATUS\u2019 DEL LUPO\u00bb<\/h1>\n<\/blockquote>\n<p>Intervistati GIANLUCA DAL BORGO (SINDACO CHIES D\u2019ALPAGO), SARA BONA (SINDACO TAMBRE), ALBERTO PETERLE (SINDACO ALPAGO) (Servizio di\u00a0<a href=\"https:\/\/antennatre.medianordest.it\/redazione\/Fabio-Fioravanzi\/\">Fabio Fioravanzi<\/a>)<\/p>\n<p><iframe loading=\"lazy\" title=\"\u00abDOVREBBE CAMBIARE LO &#039;STATUS&#039; DEL LUPO\u00bb | 05\/03\/2024\" width=\"1200\" height=\"675\" src=\"https:\/\/www.youtube.com\/embed\/OXj0-ISa9Nc?feature=oembed\" frameborder=\"0\" allow=\"accelerometer; autoplay; clipboard-write; encrypted-media; gyroscope; picture-in-picture; web-share\" allowfullscreen><\/iframe><\/p>\n<blockquote><p>&nbsp;<\/p>\n<p>&nbsp;<\/p><\/blockquote>\n<hr \/>\n<blockquote>\n<h2 class=\"titolonews\"><\/h2>\n<h2 class=\"titolonews\">SANITA\u2019. VENETO TOP IN ITALIA PER LE CURE PALLIATIVE<\/h2>\n<\/blockquote>\n<\/div>\n<div><strong>VENEZIA<\/strong> Il Veneto si conferma leader in Italia per la qualit\u00e0 e la diffusione delle cure palliative, come attestato dal Nuovo Sistema di Garanzia nazionale (NSG). Con un punteggio perfetto di 100 nel periodo 2017-2021 e probabile conferma anche per il 2022, il Veneto supera regioni come l&#8217;Emilia Romagna, la Lombardia e la Toscana. Il riconoscimento \u00e8 frutto degli sforzi per garantire assistenza di alta qualit\u00e0 ai malati terminali di tumore, sia a domicilio che negli hospice. Il Presidente della Regione, Luca Zaia, vede questo risultato come un&#8217;impegno per migliorare ulteriormente i servizi, mentre l&#8217;Assessore alla Sanit\u00e0, Manuela Lanzarin, sottolinea l&#8217;importanza di equit\u00e0, efficacia e appropriatezza nell&#8217;erogazione delle cure palliative, evidenziando l&#8217;umanit\u00e0 e il sapere scientifico necessari in questo campo.<\/div>\n<\/div>\n<\/form>\n<\/div>\n<p>&nbsp;<\/p>\n<p>&nbsp;<\/p>\n<hr \/>\n<p>&nbsp;<\/p>\n<p>&nbsp;<\/p>\n<blockquote>\n<h3>IL PRESIDIO LIBERA DI AGORDO PARTE CON IL TESSERAMENTO 2024<\/h3>\n<\/blockquote>\n<p><strong><a class=\"dt-pswp-item\" href=\"https:\/\/www.radiopiu.net\/wordpress\/wp-content\/uploads\/2023\/06\/LIBERA-AGORDINO.jpg\" data-dt-img-description=\"\" data-large_image_width=\"640\" data-large_image_height=\"640\"><img loading=\"lazy\" decoding=\"async\" class=\" wp-image-338852 alignleft\" src=\"https:\/\/www.radiopiu.net\/wordpress\/wp-content\/uploads\/2023\/06\/LIBERA-AGORDINO-300x300.jpg\" alt=\"\" width=\"144\" height=\"144\" srcset=\"https:\/\/www.radiopiu.net\/wordpress\/wp-content\/uploads\/2023\/06\/LIBERA-AGORDINO-300x300.jpg 300w, https:\/\/www.radiopiu.net\/wordpress\/wp-content\/uploads\/2023\/06\/LIBERA-AGORDINO-150x150.jpg 150w, https:\/\/www.radiopiu.net\/wordpress\/wp-content\/uploads\/2023\/06\/LIBERA-AGORDINO.jpg 640w\" sizes=\"auto, (max-width: 144px) 100vw, 144px\" \/><\/a>AGORDO<\/strong><\/p>\n<p>DI GIANNI SANTOMASO<\/p>\n<audio class=\"wp-audio-shortcode\" id=\"audio-377520-7\" preload=\"none\" style=\"width: 100%;\" controls=\"controls\"><source type=\"audio\/mpeg\" src=\"https:\/\/www.radiopiu.net\/wordpress\/wp-content\/uploads\/2024\/03\/GIANNI-IL-PRESIDIO-LIBERA-DI-AGORDO-PARTE-CON-IL-TESSERAMENTO-2024.mp3?_=7\" \/><a href=\"https:\/\/www.radiopiu.net\/wordpress\/wp-content\/uploads\/2024\/03\/GIANNI-IL-PRESIDIO-LIBERA-DI-AGORDO-PARTE-CON-IL-TESSERAMENTO-2024.mp3\">https:\/\/www.radiopiu.net\/wordpress\/wp-content\/uploads\/2024\/03\/GIANNI-IL-PRESIDIO-LIBERA-DI-AGORDO-PARTE-CON-IL-TESSERAMENTO-2024.mp3<\/a><\/audio>\n<p>&nbsp;<\/p>\n<p>&nbsp;<\/p>\n<hr \/>\n<p>&nbsp;<\/p>\n<blockquote>\n<h3>POSTE ITALIANE: 90 MILA PRECARI IN SETTE ANNI<\/h3>\n<\/blockquote>\n<p><strong><a class=\"dt-pswp-item\" href=\"https:\/\/www.radiopiu.net\/wordpress\/wp-content\/uploads\/2024\/01\/POSTE-ITALIANE.png\" data-dt-img-description=\"\" data-large_image_width=\"400\" data-large_image_height=\"400\"><img loading=\"lazy\" decoding=\"async\" class=\" wp-image-370478 alignleft\" src=\"https:\/\/www.radiopiu.net\/wordpress\/wp-content\/uploads\/2024\/01\/POSTE-ITALIANE-300x300.png\" alt=\"\" width=\"120\" height=\"120\" srcset=\"https:\/\/www.radiopiu.net\/wordpress\/wp-content\/uploads\/2024\/01\/POSTE-ITALIANE-300x300.png 300w, https:\/\/www.radiopiu.net\/wordpress\/wp-content\/uploads\/2024\/01\/POSTE-ITALIANE-150x150.png 150w, https:\/\/www.radiopiu.net\/wordpress\/wp-content\/uploads\/2024\/01\/POSTE-ITALIANE.png 400w\" sizes=\"auto, (max-width: 120px) 100vw, 120px\" \/><\/a>ROMA<\/strong> Poste Italiane, tra il 2017 e il 2023, ha assunto stabilmente 12.500 lavoratori, ma solo 1 su 7 dei precari a cui si sono rivolti ha ottenuto un impiego fisso, spesso a part-time involontario. Secondo il Movimento Lottiamo Insieme questo evidenzia il fallimento delle politiche sindacali di CGIL, CISL e UIL che hanno firmato accordi al ribasso. La legge italiana privilegia il contratto a tempo indeterminato, ma normative come il Jobs Act del 2015 e il Decreto Dignit\u00e0 del 2018 hanno reso pi\u00f9 flessibili le assunzioni a termine. Nonostante modifiche normative nel 2023, Poste Italiane continua a utilizzare contratti precari senza giustificazioni. Lottiamo Insieme condanna tali politiche e chiede interventi concreti per spezzare la precariet\u00e0 alimentata dall&#8217;azienda.<\/p>\n<p>&nbsp;<\/p>\n<p>&nbsp;<\/p>\n<hr \/>\n<p>&nbsp;<\/p>\n<blockquote>\n<h3>RINNOVATO IL CCNL DELLE COOPERATIVE SOCIALI<\/h3>\n<\/blockquote>\n<p><strong>BELLUNO<\/strong> Il contratto collettivo della cooperazione sociale, firmato oggi a Roma da Cisl Fp, Fisascat Cisl, Fp Cgil, Uil Fpl e UilTucs, rinnova accordi per oltre 400.000 addetti in Italia, di cui oltre 9.000 nelle province di Belluno e Treviso. Valido per tre anni, prevede aumenti tabellari basati sul livello C1, con incremento mensile di 120 euro a regime, corrispondente all&#8217;8,45%. Introduce la quattordicesima mensilit\u00e0 dal gennaio 2025 al 50%, aumenta la quota per l&#8217;assistenza sanitaria a 10 euro, integra al 100% la maternit\u00e0 obbligatoria, e stabilizza al 25% il personale a tempo determinato. Inoltre, istituisce un osservatorio paritetico e riconosce 15 minuti per la vestizione-svestizione.<\/p>\n<p>&nbsp;<\/p>\n<p>&nbsp;<\/p>\n<hr \/>\n<p>&nbsp;<\/p>\n<blockquote>\n<h3>SETTE NUOVI DONATORI PER ADMO BELLUNO<\/h3>\n<\/blockquote>\n<p><strong><a class=\"dt-pswp-item\" href=\"https:\/\/www.radiopiu.net\/wordpress\/wp-content\/uploads\/2023\/05\/admo-logo.jpg\" data-dt-img-description=\"\" data-large_image_width=\"1200\" data-large_image_height=\"848\"><img loading=\"lazy\" decoding=\"async\" class=\" wp-image-336938 alignleft\" src=\"https:\/\/www.radiopiu.net\/wordpress\/wp-content\/uploads\/2023\/05\/admo-logo-300x212.jpg\" alt=\"\" width=\"153\" height=\"108\" srcset=\"https:\/\/www.radiopiu.net\/wordpress\/wp-content\/uploads\/2023\/05\/admo-logo-300x212.jpg 300w, https:\/\/www.radiopiu.net\/wordpress\/wp-content\/uploads\/2023\/05\/admo-logo-1024x724.jpg 1024w, https:\/\/www.radiopiu.net\/wordpress\/wp-content\/uploads\/2023\/05\/admo-logo-768x543.jpg 768w, https:\/\/www.radiopiu.net\/wordpress\/wp-content\/uploads\/2023\/05\/admo-logo.jpg 1200w\" sizes=\"auto, (max-width: 153px) 100vw, 153px\" \/><\/a>BELLUNO<\/strong> Il 2024 inizia con successi per ADMO Belluno, con sette donatori effettivi nel 2023 e 270 nuove tipizzazioni. L&#8217;introduzione dell&#8217;iscrizione tramite esame salivare amplia la partecipazione. La sensibilizzazione nelle scuole e la collaborazione universitaria a Feltre proseguono, coinvolgendo giovani e docenti. L&#8217;iniziativa &#8220;Una colomba per la vita&#8221; parte l&#8217;9 marzo, coinvolgendo la Provincia. ADMO mobilita volontari e chiede supporto anche per giovani come Lorenzo, Riccardo, e Marco in attesa di trapianto. La campagna di donazione continua, invitando chi \u00e8 in salute ad iscriversi per offrire speranza.<\/p>\n<p>&nbsp;<\/p>\n<p>&nbsp;<\/p>\n<hr \/>\n<p>&nbsp;<\/p>\n<blockquote>\n<h3>PER L&#8217;UTILIZZO DELLA PALESTRA DEL COLOTTI LA PROVINCIA CHIEDE 1500 EURO IN MENO<\/h3>\n<\/blockquote>\n<p><strong>BELLUNO\u00a0<\/strong> La Provincia ha concesso uno sconto del 50% sul canone per l&#8217;utilizzo della palestra dell&#8217;Istituto\u00a0 Colotti di Feltre durante il secondo semestre del 2023, in seguito a problemi di riscaldamento causati dalla rottura della caldaia. Questa misura mira a compensare i disagi subiti dalle associazioni locali che utilizzano la struttura al di fuori dell&#8217;orario scolastico. Sei associazioni del territorio beneficeranno di una riduzione complessiva di quasi 1.500 euro sulle tariffe. La consigliera provinciale Lucia Da Rold ha sottolineato l&#8217;importanza di questo sostegno per le piccole associazioni attive nel volontariato. Nel frattempo, la Provincia ha installato una pressostruttura temporanea presso il Negrelli, utilizzabile dalle scuole e dalle associazioni durante i lavori di ristrutturazione dell&#8217;edificio nell&#8217;ambito del Pnrr. La scuola Negrelli sar\u00e0 demolita e ricostruita con un intervento di oltre 19 milioni di euro, e la palestra \u00e8 il primo edificio interessato dal progetto.<\/p>\n<p>&nbsp;<\/p>\n<hr \/>\n<p>&nbsp;<\/p>\n<p>&nbsp;<\/p>\n<blockquote>\n<h2>&#8220;Nuovo Punto di Assistenza Previdenziale e Assistenziale del Sindacato dei Pensionati CGIL ad Agordo&#8221;<\/h2>\n<\/blockquote>\n<p><strong>AGORDO<\/strong> Il Sindacato dei pensionati della CGIL inaugura un nuovo punto di assistenza presso il municipio di Agordo, offrendo supporto e consulenza su questioni previdenziali e assistenziali.\u00a0 Il servizio sar\u00e0 attivo ogni mercoled\u00ec mattina, con una collaboratrice disponibile anche telefonicamente. Lo sportello aprir\u00e0 OGGI in municipio di Agordo, grazie alla concessione dell&#8217;Amministrazione Comunale, offrendo un&#8217;ulteriore risorsa alla comunit\u00e0 locale.<\/p>\n<p>&nbsp;<\/p>\n<p>&nbsp;<\/p>\n<hr \/>\n<p>&nbsp;<\/p>\n<blockquote>\n<h3>FAME DI VITA A SANTA GIUSTINA<\/h3>\n<\/blockquote>\n<p><strong><a class=\"dt-pswp-item\" href=\"https:\/\/www.radiopiu.net\/wordpress\/wp-content\/uploads\/2024\/03\/FAME-DI-VITA.png\" data-dt-img-description=\"\" data-large_image_width=\"722\" data-large_image_height=\"273\"><img loading=\"lazy\" decoding=\"async\" class=\" wp-image-377644 alignleft\" src=\"https:\/\/www.radiopiu.net\/wordpress\/wp-content\/uploads\/2024\/03\/FAME-DI-VITA-300x113.png\" alt=\"\" width=\"199\" height=\"75\" srcset=\"https:\/\/www.radiopiu.net\/wordpress\/wp-content\/uploads\/2024\/03\/FAME-DI-VITA-300x113.png 300w, https:\/\/www.radiopiu.net\/wordpress\/wp-content\/uploads\/2024\/03\/FAME-DI-VITA.png 722w\" sizes=\"auto, (max-width: 199px) 100vw, 199px\" \/><\/a>SANTA GIUSTINA<\/strong> Il Progetto Fame di Vita, con il patrocinio del Comune di S. Giustina e il supporto della Proloco, promuove 4 serate informative sulla consapevolezza dei disturbi del comportamento alimentare (DCA). Le sessioni affronteranno temi specifici come l&#8217;assistenza nel territorio, il benessere attraverso il movimento, l&#8217;alimentazione salutare e la celebrazione del corpo. Esperti e testimonianze coinvolgeranno la comunit\u00e0 interessata a comprendere e affrontare questi problemi senza distinzioni di et\u00e0 o genere. Gli incontri si svolgeranno a Santa Giustina dal luned\u00ec al venerd\u00ec presso la sala riunioni della piscina comunale alle 20.00 e domenica presso la Fondazione Lucia De Conz di San Gregorio Nelle Alpi alle 17.30. &#8220;Fame di Vita&#8221; supporta chi soffre, chi ha sofferto e chi cerca comprensione.<\/p>\n<p>&nbsp;<\/p>\n<p>&nbsp;<\/p>\n<hr \/>\n<p>&nbsp;<\/p>\n<blockquote>\n<h3>I PROSSIMI APPUNTAMENTI CON L&#8217;ULSS 1 DOLOMITI<\/h3>\n<\/blockquote>\n<p><strong><a class=\"dt-pswp-item\" href=\"https:\/\/www.radiopiu.net\/wordpress\/wp-content\/uploads\/2021\/03\/ULSS-1.jpg\" data-dt-img-description=\"\" data-large_image_width=\"776\" data-large_image_height=\"408\"><img loading=\"lazy\" decoding=\"async\" class=\" wp-image-198838 alignleft\" src=\"https:\/\/www.radiopiu.net\/wordpress\/wp-content\/uploads\/2021\/03\/ULSS-1-300x158.jpg\" alt=\"\" width=\"163\" height=\"86\" srcset=\"https:\/\/www.radiopiu.net\/wordpress\/wp-content\/uploads\/2021\/03\/ULSS-1-300x158.jpg 300w, https:\/\/www.radiopiu.net\/wordpress\/wp-content\/uploads\/2021\/03\/ULSS-1-768x404.jpg 768w, https:\/\/www.radiopiu.net\/wordpress\/wp-content\/uploads\/2021\/03\/ULSS-1.jpg 776w\" sizes=\"auto, (max-width: 163px) 100vw, 163px\" \/><\/a>BELLUNO<\/strong> In occasione della Giornata Internazionale della Donna, l\u2019Ulss Dolomiti promuove &#8220;Le mimose hanno il colore della prevenzione&#8221;. Il 8 marzo 2024, medici ginecologi saranno disponibili presso l\u2019Ospedale di Feltre. Il Centro per l&#8217;Affido e la Solidariet\u00e0 Familiare, in collaborazione con il LIONS Club di Belluno, organizza &#8220;Le parole dell\u2019affido&#8221; il 8 marzo alle 18.00 alla libreria Le Due Zitelle di Belluno. I Centri per l&#8217;Affido e la Solidariet\u00e0 Familiare dell&#8217;Ulss Dolomiti offrono un corso sull&#8217;affido familiare dal 14 al 21 marzo a Feltre. L\u2019Ulss Dolomiti organizza incontri il 11 e 12 marzo per sensibilizzare sulla salute renale e il trapianto.<\/p>\n<p>&nbsp;<\/p>\n<p>&nbsp;<\/p>\n<hr \/>\n<p>&nbsp;<\/p>\n<blockquote>\n<h3><a class=\"dt-pswp-item\" href=\"https:\/\/www.radiopiu.net\/wordpress\/wp-content\/uploads\/2024\/03\/fd686e5f-5adc-4c3a-9b17-9ca9b245a0d7.jpg\" data-dt-img-description=\"\" data-large_image_width=\"1600\" data-large_image_height=\"1200\"><img loading=\"lazy\" decoding=\"async\" class=\" wp-image-377661 alignleft\" src=\"https:\/\/www.radiopiu.net\/wordpress\/wp-content\/uploads\/2024\/03\/fd686e5f-5adc-4c3a-9b17-9ca9b245a0d7-300x225.jpg\" alt=\"\" width=\"164\" height=\"123\" srcset=\"https:\/\/www.radiopiu.net\/wordpress\/wp-content\/uploads\/2024\/03\/fd686e5f-5adc-4c3a-9b17-9ca9b245a0d7-300x225.jpg 300w, https:\/\/www.radiopiu.net\/wordpress\/wp-content\/uploads\/2024\/03\/fd686e5f-5adc-4c3a-9b17-9ca9b245a0d7-1024x768.jpg 1024w, https:\/\/www.radiopiu.net\/wordpress\/wp-content\/uploads\/2024\/03\/fd686e5f-5adc-4c3a-9b17-9ca9b245a0d7-768x576.jpg 768w, https:\/\/www.radiopiu.net\/wordpress\/wp-content\/uploads\/2024\/03\/fd686e5f-5adc-4c3a-9b17-9ca9b245a0d7-1536x1152.jpg 1536w, https:\/\/www.radiopiu.net\/wordpress\/wp-content\/uploads\/2024\/03\/fd686e5f-5adc-4c3a-9b17-9ca9b245a0d7.jpg 1600w\" sizes=\"auto, (max-width: 164px) 100vw, 164px\" \/><\/a>I RACCONTI DI &#8220;NOI CHE&#8221; IN SALA DON TAMIS<\/h3>\n<\/blockquote>\n<p><strong>DI MARINA DONA&#8217;<\/strong><\/p>\n<audio class=\"wp-audio-shortcode\" id=\"audio-377520-8\" preload=\"none\" style=\"width: 100%;\" controls=\"controls\"><source type=\"audio\/mpeg\" src=\"https:\/\/www.radiopiu.net\/wordpress\/wp-content\/uploads\/2024\/03\/MARINA-NOI-CHE-UNIVERSITA-ANZIANI-AGORDO.mp3?_=8\" \/><a href=\"https:\/\/www.radiopiu.net\/wordpress\/wp-content\/uploads\/2024\/03\/MARINA-NOI-CHE-UNIVERSITA-ANZIANI-AGORDO.mp3\">https:\/\/www.radiopiu.net\/wordpress\/wp-content\/uploads\/2024\/03\/MARINA-NOI-CHE-UNIVERSITA-ANZIANI-AGORDO.mp3<\/a><\/audio>\n<p>&nbsp;<\/p>\n<p>&nbsp;<\/p>\n<hr \/>\n<p>&nbsp;<\/p>\n<p>&nbsp;<\/p>\n<p><strong><a class=\"dt-pswp-item\" href=\"https:\/\/www.radiopiu.net\/wordpress\/wp-content\/uploads\/2022\/03\/nonna-Angelina.jpg\" data-dt-img-description=\"\" data-large_image_width=\"1176\" data-large_image_height=\"929\"><img loading=\"lazy\" decoding=\"async\" class=\"size-medium wp-image-263127 alignleft\" src=\"https:\/\/www.radiopiu.net\/wordpress\/wp-content\/uploads\/2022\/03\/nonna-Angelina-300x237.jpg\" alt=\"\" width=\"300\" height=\"237\" srcset=\"https:\/\/www.radiopiu.net\/wordpress\/wp-content\/uploads\/2022\/03\/nonna-Angelina-300x237.jpg 300w, https:\/\/www.radiopiu.net\/wordpress\/wp-content\/uploads\/2022\/03\/nonna-Angelina-1024x809.jpg 1024w, https:\/\/www.radiopiu.net\/wordpress\/wp-content\/uploads\/2022\/03\/nonna-Angelina-768x607.jpg 768w, https:\/\/www.radiopiu.net\/wordpress\/wp-content\/uploads\/2022\/03\/nonna-Angelina.jpg 1176w\" sizes=\"auto, (max-width: 300px) 100vw, 300px\" \/><\/a> <\/strong><\/p>\n<p><strong> TANTI AUGURI A NONNA ANGELINA&#8230;OGGI SI FESTEGGIANO I 102 ANNI<\/strong><\/p>\n<p><strong>REDAZIONE<\/strong> Grande festa oggi a Taibon per Angelina Tibolla che compie 102 anni. Tanti auguri da parte dei famigliari e anche dalla redazione di Radio Pi\u00f9 per questo importante traguardo.<\/p>\n<p>&nbsp;<\/p>\n<p>&nbsp;<\/p>\n<p>&nbsp;<\/p>\n<p><strong>in occasione dei 100 anni 5.03.2022<\/strong><\/p>\n<p>AUGURI ALLA RADIO, voce Brunella Moro<\/p>\n<audio class=\"wp-audio-shortcode\" id=\"audio-377520-9\" preload=\"none\" style=\"width: 100%;\" controls=\"controls\"><source type=\"audio\/mpeg\" src=\"https:\/\/www.radiopiu.net\/wordpress\/wp-content\/uploads\/2022\/03\/angela.mp3?_=9\" \/><a href=\"https:\/\/www.radiopiu.net\/wordpress\/wp-content\/uploads\/2022\/03\/angela.mp3\">https:\/\/www.radiopiu.net\/wordpress\/wp-content\/uploads\/2022\/03\/angela.mp3<\/a><\/audio>\n<p>&nbsp;<\/p>\n<p>&nbsp;<\/p>\n<hr \/>\n<p>&nbsp;<\/p>\n<h2><span style=\"color: #ff0000;\">CONSIGLI COMUNALI<\/span><\/h2>\n<p><strong>RIVAMONTE<\/strong> Il sindaco di Rivamonte Giovanni Deon ha convocato il consiglio comunale per domani alle 20. Saranno 5 i punti da discutere tra cui la verifica della quantit\u00e0 e della qualit\u00e0 di aree e fabbricati da destinarsi alla residenza, l&#8217;imposta IMU, il documento unico di programmazione e il bilancio di previsione 2024-26.<\/p>\n<p>&nbsp;<\/p>\n<p>&nbsp;<\/p>\n<hr \/>\n<p>&nbsp;<\/p>\n<blockquote>\n<h2>In camper dal Cadore a Feltre: il filo dei diritti non si spezza, Venerd\u00ec 8 Marzo 2024 dalle 7:30 alle 12:30<\/h2>\n<\/blockquote>\n<div><strong>\u00a0BELLUNO<\/strong> Il tessuto della Conoscenza nelle Dolomiti resiste, nonostante le sfide morfologiche e le pressioni esterne. La FLC CGIL bellunese accoglie il camper &#8220;Stesso Paese, stessi diritti&#8221; l&#8217;8 marzo per esplorare le dinamiche del territorio, tra spopolamento e risorse drenate da Venezia e Roma.<\/div>\n<div><\/div>\n<div><\/div>\n<div>\n<hr \/>\n<\/div>\n<div><\/div>\n<div><\/div>\n<div><a class=\"dt-pswp-item\" href=\"https:\/\/www.radiopiu.net\/wordpress\/wp-content\/uploads\/2019\/03\/festa-della-donna-mimosa-8-marzo-1024x768.jpg\" data-dt-img-description=\"\" data-large_image_width=\"1024\" data-large_image_height=\"768\"><img loading=\"lazy\" decoding=\"async\" class=\"size-medium wp-image-78308 aligncenter\" src=\"https:\/\/www.radiopiu.net\/wordpress\/wp-content\/uploads\/2019\/03\/festa-della-donna-mimosa-8-marzo-1024x768-300x225.jpg\" alt=\"\" width=\"300\" height=\"225\" srcset=\"https:\/\/www.radiopiu.net\/wordpress\/wp-content\/uploads\/2019\/03\/festa-della-donna-mimosa-8-marzo-1024x768-300x225.jpg 300w, https:\/\/www.radiopiu.net\/wordpress\/wp-content\/uploads\/2019\/03\/festa-della-donna-mimosa-8-marzo-1024x768-768x576.jpg 768w, https:\/\/www.radiopiu.net\/wordpress\/wp-content\/uploads\/2019\/03\/festa-della-donna-mimosa-8-marzo-1024x768.jpg 1024w\" sizes=\"auto, (max-width: 300px) 100vw, 300px\" \/><\/a><\/div>\n<div><\/div>\n<div><\/div>\n<div>\n<hr \/>\n<\/div>\n<div>\n<blockquote>\n<h2><strong>\u00a0<\/strong><\/h2>\n<h2><strong>L&#8217;8 marzo, Giornata Internazionale dei Diritti della Donna, a Feltre.<\/strong><\/h2>\n<\/blockquote>\n<p><strong>\u00a0FELTRE<\/strong> La Giornata Internazionale della Donna a Feltre,\u00a0 l&#8217;8 marzo, offre diverse iniziative grazie alla collaborazione con associazioni locali. Nel pomeriggio, una passeggiata culturale intitolata &#8220;Donne che parlano di donne&#8221; condotta da Isabella Pilo. In serata alle 20 presso la stessa galleria, la Polisportiva Feltrese e il Corto \u201cVoci Incanto\u201d presentano una serata di canti e letture tematiche curate da Rosa Lusa.<\/p>\n<\/div>\n<p>&nbsp;<\/p>\n<p>&nbsp;<\/p>\n<hr \/>\n<p>&nbsp;<\/p>\n<blockquote>\n<h3>L&#8217;8 MARZO CON LA CIGL<\/h3>\n<\/blockquote>\n<p><strong><a class=\"dt-pswp-item\" href=\"https:\/\/www.radiopiu.net\/wordpress\/wp-content\/uploads\/2020\/12\/CGIL.jpg\" data-dt-img-description=\"\" data-large_image_width=\"512\" data-large_image_height=\"285\"><img loading=\"lazy\" decoding=\"async\" class=\" wp-image-180372 alignleft\" src=\"https:\/\/www.radiopiu.net\/wordpress\/wp-content\/uploads\/2020\/12\/CGIL-300x167.jpg\" alt=\"\" width=\"153\" height=\"85\" srcset=\"https:\/\/www.radiopiu.net\/wordpress\/wp-content\/uploads\/2020\/12\/CGIL-300x167.jpg 300w, https:\/\/www.radiopiu.net\/wordpress\/wp-content\/uploads\/2020\/12\/CGIL.jpg 512w\" sizes=\"auto, (max-width: 153px) 100vw, 153px\" \/><\/a>BELLUNO <\/strong>L&#8217;8 marzo, la Flc Cgil Veneto sciopera per contrastare i femminicidi e la violenza di genere, promuovendo politiche concrete per sostenere il lavoro femminile e garantire salario, diritti e accesso dignitoso alla pensione. Marta Viotto, Segretaria Generale Flc Cgil Veneto, sottolinea che le condizioni precarie e i salari bassi colpiscono in particolare le donne nel mondo della scuola. A Belluno, in occasione dell&#8217;arrivo del &#8220;Camper dei diritti&#8221;, si terr\u00e0 una tavola rotonda intitolata &#8220;La forza delle donne&#8221;, con la partecipazione di studentesse, lavoratrici e pensionate, e la conclusione affidata a Gianna Fracassi, Segretaria Generale Nazionale Flc Cgil.<\/p>\n<p>&nbsp;<\/p>\n<p>&nbsp;<\/p>\n<hr \/>\n<p>&nbsp;<\/p>\n<blockquote>\n<h3>DONNE A SCUOLA DI DIFESA PERSONALE, INIZIATIVA DEL COMUNE DI BELLUNO<\/h3>\n<\/blockquote>\n<p align=\"JUSTIFY\"><span style=\"font-family: Arial, serif;\"><span style=\"font-size: large;\"><strong>BELLUNO<\/strong> Gestire la paura, affrontare psicologicamente e fisicamente un\u2019aggressione e tenere sempre alta l\u2019attenzione rispetto a quanto succede attorno. In occasione della festa della donna l\u2019assessorato alla cultura e alla sicurezza del Comune di Belluno propone l\u2019iniziativa gratuita in due lezioni \u201cDifesa femminile\u201d. Gli appuntamenti saranno il 12 e il 19 marzo alle 20 alla palestra del Liceo scientifico di Belluno.\u00a0<\/span><\/span><\/p>\n<p align=\"JUSTIFY\"><strong>L&#8217;ASSESSORE ALLA CULTURA E SICUREZZA, RAFFAELE ADDAMIANO\u00a0<\/strong><\/p>\n<audio class=\"wp-audio-shortcode\" id=\"audio-377520-10\" preload=\"none\" style=\"width: 100%;\" controls=\"controls\"><source type=\"audio\/mpeg\" src=\"https:\/\/www.radiopiu.net\/wordpress\/wp-content\/uploads\/2024\/03\/addamiano-formazione-festa-donna.mp3?_=10\" \/><a href=\"https:\/\/www.radiopiu.net\/wordpress\/wp-content\/uploads\/2024\/03\/addamiano-formazione-festa-donna.mp3\">https:\/\/www.radiopiu.net\/wordpress\/wp-content\/uploads\/2024\/03\/addamiano-formazione-festa-donna.mp3<\/a><\/audio>\n<p>&nbsp;<\/p>\n<p>&nbsp;<\/p>\n<hr \/>\n<p>&nbsp;<\/p>\n<blockquote>\n<h3><a class=\"dt-pswp-item\" href=\"https:\/\/www.radiopiu.net\/wordpress\/wp-content\/uploads\/2024\/03\/Senza-nome-19.png\" data-dt-img-description=\"\" data-large_image_width=\"840\" data-large_image_height=\"600\"><img loading=\"lazy\" decoding=\"async\" class=\" wp-image-377597 alignleft\" src=\"https:\/\/www.radiopiu.net\/wordpress\/wp-content\/uploads\/2024\/03\/Senza-nome-19-300x214.png\" alt=\"\" width=\"247\" height=\"176\" srcset=\"https:\/\/www.radiopiu.net\/wordpress\/wp-content\/uploads\/2024\/03\/Senza-nome-19-300x214.png 300w, https:\/\/www.radiopiu.net\/wordpress\/wp-content\/uploads\/2024\/03\/Senza-nome-19-768x549.png 768w, https:\/\/www.radiopiu.net\/wordpress\/wp-content\/uploads\/2024\/03\/Senza-nome-19.png 840w\" sizes=\"auto, (max-width: 247px) 100vw, 247px\" \/><\/a>Mostra fotografica &#8220;ERETICI: Adesso vogliamo MOSTRArvi la nostra CATARSI<\/h3>\n<\/blockquote>\n<p><strong>BELLUNO<\/strong> Una riflessione degli studenti del Liceo Artistico Tomaso Catullo di Belluno sulla societ\u00e0 contemporanea. La Prefettura di Belluno inaugura l&#8217;esposizione il 7 marzo 2024, alle 11.30,\u00a0 nella Sala Zanardelli del Palazzo dei Rettori. La mostra sar\u00e0 aperta al pubblico dal 11 al 22 marzo 2024, dal luned\u00ec al venerd\u00ec, dalle 10.00 alle 12.30 e dalle 15.00 alle 18.30.<\/p>\n<p>Il progetto, nato da due classi del corso multimediale, mira a promuovere il pensiero critico tra gli adolescenti, affrontando temi sociali attraverso fotografia e cortometraggi. Guidati dalla Professoressa Emanuela Licciardelli, gli studenti reinterpretano opere d&#8217;arte storiche con un approccio moderno, trattando questioni come la solitudine, l&#8217;omosessualit\u00e0, l&#8217;autolesionismo e la dipendenza tecnologica.<\/p>\n<p>&nbsp;<\/p>\n<p>&nbsp;<\/p>\n<hr \/>\n<p>&nbsp;<\/p>\n<blockquote>\n<h3>SABATO A PALAZZO FULCIS LO SPETTACOLO &#8220;GUERRIERA&#8221;<\/h3>\n<\/blockquote>\n<p><strong>BELLUNO<\/strong> La violenza psicologica sulle donne va in scena a Palazzo Fulcis, a Belluno: \u201cGuerriera\u201d \u00e8 il titolo dello spettacolo promosso per sabato 9 marzo dal Comune di Belluno in occasione della Giornata internazionale della donna.<\/p>\n<p><strong>DI DANIELE DALVIT<\/strong><\/p>\n<p>(Foto: Teatro Piteco)<\/p>\n<audio class=\"wp-audio-shortcode\" id=\"audio-377520-11\" preload=\"none\" style=\"width: 100%;\" controls=\"controls\"><source type=\"audio\/mpeg\" src=\"https:\/\/www.radiopiu.net\/wordpress\/wp-content\/uploads\/2024\/03\/Radio-Piu-Servizio-Guerriera-Teatro-donna.mp3?_=11\" \/><a href=\"https:\/\/www.radiopiu.net\/wordpress\/wp-content\/uploads\/2024\/03\/Radio-Piu-Servizio-Guerriera-Teatro-donna.mp3\">https:\/\/www.radiopiu.net\/wordpress\/wp-content\/uploads\/2024\/03\/Radio-Piu-Servizio-Guerriera-Teatro-donna.mp3<\/a><\/audio>\n<p>&nbsp;<\/p>\n\n\t\t\t<style type='text\/css'>\n\t\t\t\t#gallery-2 {\n\t\t\t\t\tmargin: auto;\n\t\t\t\t}\n\t\t\t\t#gallery-2 .gallery-item {\n\t\t\t\t\tfloat: left;\n\t\t\t\t\tmargin-top: 10px;\n\t\t\t\t\ttext-align: center;\n\t\t\t\t\twidth: 33%;\n\t\t\t\t}\n\t\t\t\t#gallery-2 img {\n\t\t\t\t\tborder: 2px solid #cfcfcf;\n\t\t\t\t}\n\t\t\t\t#gallery-2 .gallery-caption {\n\t\t\t\t\tmargin-left: 0;\n\t\t\t\t}\n\t\t\t\t\/* see gallery_shortcode() in wp-includes\/media.php *\/\n\t\t\t<\/style>\n\t\t<div id='gallery-2' class='dt-gallery-container gallery galleryid-377520 gallery-columns-3 gallery-size-medium'><dl class='gallery-item'>\n\t\t\t\t<dt class='gallery-icon landscape'>\n\t\t\t\t\t<a class=\"rollover rollover-zoom dt-pswp-item\" title=\"5e5a6443-1e27-4cb6-9de9-80846d772a78\" data-dt-img-description=\"\" data-large_image_width=\"1600\" data-large_image_height=\"1066\"href='https:\/\/www.radiopiu.net\/wordpress\/wp-content\/uploads\/2024\/03\/5e5a6443-1e27-4cb6-9de9-80846d772a78.jpg'><img loading=\"lazy\" decoding=\"async\" width=\"300\" height=\"200\" src=\"https:\/\/www.radiopiu.net\/wordpress\/wp-content\/uploads\/2024\/03\/5e5a6443-1e27-4cb6-9de9-80846d772a78-300x200.jpg\" class=\"attachment-medium size-medium\" alt=\"\" srcset=\"https:\/\/www.radiopiu.net\/wordpress\/wp-content\/uploads\/2024\/03\/5e5a6443-1e27-4cb6-9de9-80846d772a78-300x200.jpg 300w, https:\/\/www.radiopiu.net\/wordpress\/wp-content\/uploads\/2024\/03\/5e5a6443-1e27-4cb6-9de9-80846d772a78-1024x682.jpg 1024w, https:\/\/www.radiopiu.net\/wordpress\/wp-content\/uploads\/2024\/03\/5e5a6443-1e27-4cb6-9de9-80846d772a78-768x512.jpg 768w, https:\/\/www.radiopiu.net\/wordpress\/wp-content\/uploads\/2024\/03\/5e5a6443-1e27-4cb6-9de9-80846d772a78-1536x1023.jpg 1536w, https:\/\/www.radiopiu.net\/wordpress\/wp-content\/uploads\/2024\/03\/5e5a6443-1e27-4cb6-9de9-80846d772a78.jpg 1600w\" sizes=\"auto, (max-width: 300px) 100vw, 300px\" \/><\/a>\n\t\t\t\t<\/dt><\/dl><dl class='gallery-item'>\n\t\t\t\t<dt class='gallery-icon landscape'>\n\t\t\t\t\t<a class=\"rollover rollover-zoom dt-pswp-item\" title=\"296efec7-062a-4c23-b3c7-fd63475e53cc\" data-dt-img-description=\"\" data-large_image_width=\"1600\" data-large_image_height=\"1066\"href='https:\/\/www.radiopiu.net\/wordpress\/wp-content\/uploads\/2024\/03\/296efec7-062a-4c23-b3c7-fd63475e53cc.jpg'><img loading=\"lazy\" decoding=\"async\" width=\"300\" height=\"200\" src=\"https:\/\/www.radiopiu.net\/wordpress\/wp-content\/uploads\/2024\/03\/296efec7-062a-4c23-b3c7-fd63475e53cc-300x200.jpg\" class=\"attachment-medium size-medium\" alt=\"\" srcset=\"https:\/\/www.radiopiu.net\/wordpress\/wp-content\/uploads\/2024\/03\/296efec7-062a-4c23-b3c7-fd63475e53cc-300x200.jpg 300w, https:\/\/www.radiopiu.net\/wordpress\/wp-content\/uploads\/2024\/03\/296efec7-062a-4c23-b3c7-fd63475e53cc-1024x682.jpg 1024w, https:\/\/www.radiopiu.net\/wordpress\/wp-content\/uploads\/2024\/03\/296efec7-062a-4c23-b3c7-fd63475e53cc-768x512.jpg 768w, https:\/\/www.radiopiu.net\/wordpress\/wp-content\/uploads\/2024\/03\/296efec7-062a-4c23-b3c7-fd63475e53cc-1536x1023.jpg 1536w, https:\/\/www.radiopiu.net\/wordpress\/wp-content\/uploads\/2024\/03\/296efec7-062a-4c23-b3c7-fd63475e53cc.jpg 1600w\" sizes=\"auto, (max-width: 300px) 100vw, 300px\" \/><\/a>\n\t\t\t\t<\/dt><\/dl><dl class='gallery-item'>\n\t\t\t\t<dt class='gallery-icon landscape'>\n\t\t\t\t\t<a class=\"rollover rollover-zoom dt-pswp-item\" title=\"20254dcf-5082-4172-9553-de458a24850d\" data-dt-img-description=\"\" data-large_image_width=\"1600\" data-large_image_height=\"1066\"href='https:\/\/www.radiopiu.net\/wordpress\/wp-content\/uploads\/2024\/03\/20254dcf-5082-4172-9553-de458a24850d.jpg'><img loading=\"lazy\" decoding=\"async\" width=\"300\" height=\"200\" src=\"https:\/\/www.radiopiu.net\/wordpress\/wp-content\/uploads\/2024\/03\/20254dcf-5082-4172-9553-de458a24850d-300x200.jpg\" class=\"attachment-medium size-medium\" alt=\"\" srcset=\"https:\/\/www.radiopiu.net\/wordpress\/wp-content\/uploads\/2024\/03\/20254dcf-5082-4172-9553-de458a24850d-300x200.jpg 300w, https:\/\/www.radiopiu.net\/wordpress\/wp-content\/uploads\/2024\/03\/20254dcf-5082-4172-9553-de458a24850d-1024x682.jpg 1024w, https:\/\/www.radiopiu.net\/wordpress\/wp-content\/uploads\/2024\/03\/20254dcf-5082-4172-9553-de458a24850d-768x512.jpg 768w, https:\/\/www.radiopiu.net\/wordpress\/wp-content\/uploads\/2024\/03\/20254dcf-5082-4172-9553-de458a24850d-1536x1023.jpg 1536w, https:\/\/www.radiopiu.net\/wordpress\/wp-content\/uploads\/2024\/03\/20254dcf-5082-4172-9553-de458a24850d.jpg 1600w\" sizes=\"auto, (max-width: 300px) 100vw, 300px\" \/><\/a>\n\t\t\t\t<\/dt><\/dl><br style=\"clear: both\" \/>\n\t\t\t<\/div>\n\n<p>&nbsp;<\/p>\n<p>&nbsp;<\/p>\n<hr \/>\n<p>&nbsp;<\/p>\n<blockquote>\n<h2>DOMENICA 10 MARZO TORNA LA VECIA POPA AD AGORDO <span style=\"color: #ff0000;\">in caso di maltempo rinvio alla domenica successiva.<\/span><\/h2>\n<\/blockquote>\n<p><strong><a class=\"dt-pswp-item\" href=\"https:\/\/www.radiopiu.net\/wordpress\/wp-content\/uploads\/2024\/02\/VeciaPopa2014b.jpg\" data-dt-img-description=\"\" data-large_image_width=\"1500\" data-large_image_height=\"944\"><img loading=\"lazy\" decoding=\"async\" class=\" wp-image-376680 alignleft\" src=\"https:\/\/www.radiopiu.net\/wordpress\/wp-content\/uploads\/2024\/02\/VeciaPopa2014b-300x189.jpg\" alt=\"\" width=\"163\" height=\"103\" srcset=\"https:\/\/www.radiopiu.net\/wordpress\/wp-content\/uploads\/2024\/02\/VeciaPopa2014b-300x189.jpg 300w, https:\/\/www.radiopiu.net\/wordpress\/wp-content\/uploads\/2024\/02\/VeciaPopa2014b-1024x644.jpg 1024w, https:\/\/www.radiopiu.net\/wordpress\/wp-content\/uploads\/2024\/02\/VeciaPopa2014b-768x483.jpg 768w, https:\/\/www.radiopiu.net\/wordpress\/wp-content\/uploads\/2024\/02\/VeciaPopa2014b.jpg 1500w\" sizes=\"auto, (max-width: 163px) 100vw, 163px\" \/><\/a>DI MIRKO MEZZACASA<\/strong><\/p>\n<p>OSPITI: Thomas Manfroi e Valentina De Nardin<\/p>\n<audio class=\"wp-audio-shortcode\" id=\"audio-377520-12\" preload=\"none\" style=\"width: 100%;\" controls=\"controls\"><source type=\"audio\/mpeg\" src=\"https:\/\/www.radiopiu.net\/wordpress\/wp-content\/uploads\/2024\/02\/vecia-popa-2024.mp3?_=12\" \/><a href=\"https:\/\/www.radiopiu.net\/wordpress\/wp-content\/uploads\/2024\/02\/vecia-popa-2024.mp3\">https:\/\/www.radiopiu.net\/wordpress\/wp-content\/uploads\/2024\/02\/vecia-popa-2024.mp3<\/a><\/audio>\n<p>&nbsp;<\/p>\n<p>&nbsp;<\/p>\n<hr \/>\n<p>&nbsp;<\/p>\n<blockquote>\n<h2>Questura di Belluno &#8211; Ufficio Concorsi &#8211;<\/h2>\n<\/blockquote>\n<p><strong>BELLUNO<\/strong>\u00a0 Sul Portale unico del reclutamento www.inpa.gov.it e sul sito www.poliziadistato.it \u00e8 stato pubblicato il bando di concorso pubblico, per titoli, per l\u2019assunzione di 21 atleti da assegnare ai gruppi sportivi \u201cPolizia di Stato \u2013 Fiamme Oro\u201d, che<br \/>\nsaranno inquadrati nel ruolo degli agenti e assistenti della Polizia di Stato, indetto con decreto del 29\/02\/2024.<\/p>\n<p>&nbsp;<\/p>\n<p>&nbsp;<\/p>\n<hr \/>\n<p>&nbsp;<\/p>\n<blockquote>\n<h3><a class=\"dt-pswp-item\" href=\"https:\/\/www.radiopiu.net\/wordpress\/wp-content\/uploads\/2024\/02\/ef01c8d9-8946-44f1-bd64-5d0ea6c915c7.jpg\" data-dt-img-description=\"\" data-large_image_width=\"1050\" data-large_image_height=\"1485\"><img loading=\"lazy\" decoding=\"async\" class=\" wp-image-375927 alignleft\" src=\"https:\/\/www.radiopiu.net\/wordpress\/wp-content\/uploads\/2024\/02\/ef01c8d9-8946-44f1-bd64-5d0ea6c915c7-212x300.jpg\" alt=\"\" width=\"93\" height=\"132\" srcset=\"https:\/\/www.radiopiu.net\/wordpress\/wp-content\/uploads\/2024\/02\/ef01c8d9-8946-44f1-bd64-5d0ea6c915c7-212x300.jpg 212w, https:\/\/www.radiopiu.net\/wordpress\/wp-content\/uploads\/2024\/02\/ef01c8d9-8946-44f1-bd64-5d0ea6c915c7-724x1024.jpg 724w, https:\/\/www.radiopiu.net\/wordpress\/wp-content\/uploads\/2024\/02\/ef01c8d9-8946-44f1-bd64-5d0ea6c915c7-768x1086.jpg 768w, https:\/\/www.radiopiu.net\/wordpress\/wp-content\/uploads\/2024\/02\/ef01c8d9-8946-44f1-bd64-5d0ea6c915c7.jpg 1050w\" sizes=\"auto, (max-width: 93px) 100vw, 93px\" \/><\/a>VIE IN ROSA AL TEATRO SAN GAETANO<\/h3>\n<\/blockquote>\n<p><strong>BELLUNO<\/strong> Sono 4 gli appuntamenti in programma per la rassegna &#8220;Vie in rosa&#8221; al Teatro San Gaetano di Belluno. Il 10 marzo &#8220;le Fuori gioco&#8221; e a seguire un incontro con il sociologo Diego Cason. Il 24 marzo &#8220;Non Fare storia&#8221; con Paola Brolati e a seguire un incontro con Belluno Donna. Il 14 aprile &#8220;Rolandina Roncaglia&#8221; e il 28 aprile un incontro con Roberta Gallego. Gli spettacoli inizieranno alle 17:30.<\/p>\n<p>&nbsp;<\/p>\n<p>&nbsp;<\/p>\n<hr \/>\n<p>&nbsp;<\/p>\n<blockquote>\n<h3>DONNE IL CORAGGIO DI ANDARE CONTROCORRENTE<\/h3>\n<\/blockquote>\n<p><strong>BELLUNO<\/strong> Sabato 9 marzo al Teatro Dino Buzzati alle 20.30 &#8220;Donne il coraggio di andare contro corrente&#8221; Serata di beneficenza a favore dell&#8217;associazione Belluno Donna. Spettacolo concerto condotto dall&#8217;attore Riccardo Checchin e dalla cantante Jessica Re. Intervengono l&#8217;attrice Roberta Barbiero\u00a0 la cantante Jessica Lena e\u00a0 la cantautrice Giorgia Canton. Ospite il pianista compositore Gioni Barbera.<\/p>\n<p>&nbsp;<\/p>\n<p>&nbsp;<\/p>\n<hr \/>\n<p>&nbsp;<\/p>\n<p>&nbsp;<\/p>\n<blockquote class=\"wp-embedded-content\" data-secret=\"U0Pdi7kM7o\"><p><a href=\"https:\/\/www.radiopiu.net\/wordpress\/set3\/\">EL BAL DEL FIOR, DETTI E MODI DI DIRE settimana 3<\/a><\/p><\/blockquote>\n<p><iframe loading=\"lazy\" class=\"wp-embedded-content\" sandbox=\"allow-scripts\" security=\"restricted\" style=\"position: absolute; clip: rect(1px, 1px, 1px, 1px);\" title=\"&#8220;EL BAL DEL FIOR, DETTI E MODI DI DIRE settimana 3&#8221; &#8212; Radio Pi\u00f9\" src=\"https:\/\/www.radiopiu.net\/wordpress\/set3\/embed\/#?secret=DdH1Ga4UjS#?secret=U0Pdi7kM7o\" data-secret=\"U0Pdi7kM7o\" width=\"600\" height=\"338\" frameborder=\"0\" marginwidth=\"0\" marginheight=\"0\" scrolling=\"no\"><\/iframe><\/p>\n<p>&nbsp;<\/p>\n<p>&nbsp;<\/p>\n<p>&nbsp;<\/p>\n<hr \/>\n<p>&nbsp;<\/p>\n<blockquote>\n<h3>A LIMANA UN MESE DI MARZO RICCO DI APPUNTAMENTI CULTURALI<\/h3>\n<\/blockquote>\n<p><strong>DI ROBERTO BONA<\/strong><\/p>\n<audio class=\"wp-audio-shortcode\" id=\"audio-377520-13\" preload=\"none\" style=\"width: 100%;\" controls=\"controls\"><source type=\"audio\/mpeg\" src=\"https:\/\/www.radiopiu.net\/wordpress\/wp-content\/uploads\/2024\/03\/BONA-A-LIMANA-UN-MESE-DI-MARZO-RICCO-DI-APPUNTAMENTI-CULTURALI.mp3?_=13\" \/><a href=\"https:\/\/www.radiopiu.net\/wordpress\/wp-content\/uploads\/2024\/03\/BONA-A-LIMANA-UN-MESE-DI-MARZO-RICCO-DI-APPUNTAMENTI-CULTURALI.mp3\">https:\/\/www.radiopiu.net\/wordpress\/wp-content\/uploads\/2024\/03\/BONA-A-LIMANA-UN-MESE-DI-MARZO-RICCO-DI-APPUNTAMENTI-CULTURALI.mp3<\/a><\/audio>\n<p>&nbsp;<\/p>\n<hr \/>\n<p>&nbsp;<\/p>\n<blockquote>\n<h3>DOLOMITES BEATS BY FERTAZZA CON FARGETTA POSTICIPATO DI UNA SETTIMANA<\/h3>\n<\/blockquote>\n<p><strong><a class=\"dt-pswp-item\" href=\"https:\/\/www.radiopiu.net\/wordpress\/wp-content\/uploads\/2024\/02\/ae06440d-5c55-4955-a62b-75f346a8f4fc.jpg\" data-dt-img-description=\"\" data-large_image_width=\"526\" data-large_image_height=\"275\"><img loading=\"lazy\" decoding=\"async\" class=\" wp-image-376655 alignleft\" src=\"https:\/\/www.radiopiu.net\/wordpress\/wp-content\/uploads\/2024\/02\/ae06440d-5c55-4955-a62b-75f346a8f4fc-300x157.jpg\" alt=\"\" width=\"141\" height=\"74\" srcset=\"https:\/\/www.radiopiu.net\/wordpress\/wp-content\/uploads\/2024\/02\/ae06440d-5c55-4955-a62b-75f346a8f4fc-300x157.jpg 300w, https:\/\/www.radiopiu.net\/wordpress\/wp-content\/uploads\/2024\/02\/ae06440d-5c55-4955-a62b-75f346a8f4fc.jpg 526w\" sizes=\"auto, (max-width: 141px) 100vw, 141px\" \/><\/a>REDAZIONE <\/strong>Viene posticipato di una settimana l&#8217;evento al Ristoro Belvedere Cima Fertazza con ospite Mario Fargetta. Le previsioni meteo avverse hanno costretto gli organizzatori a rinunciare all&#8217;evento in programma questo fine settimana. La data sar\u00e0 recuperata domenica 10 marzo.<\/p>\n<p>&nbsp;<\/p>\n<p>&nbsp;<\/p>\n<p>&nbsp;<\/p>\n<hr \/>\n<p>&nbsp;<\/p>\n<blockquote>\n<h3>LAVORI PER INTERRAMENTO DELLA CONDOTTA IDRICA<\/h3>\n<\/blockquote>\n<p><strong>LA VALLE<\/strong> Il Comune La Valle Agordina ordina la sospensione temporanea della circolazione veicolare sulla viabilit\u00e0 Silvo-pastorale di Fres, dall&#8217;11\/03\/2024 al 24\/06\/2024, dalle 7 alle 18 dal luned\u00ec al venerd\u00ec, esclusi sabato e domenica. Viene istituito il divieto di transito pedonale e con biciclette dalla localit\u00e0 Piaia fino a Pra de Val, con l&#8217;altro lato del divieto al ponte sul torrente Rova di Caleda. Analogamente, \u00e8 vietato il transito pedonale e con biciclette su parte del sentiero CAI n.551 (Strada Vicinale di Pepolade) dal 11\/03\/2024 al 24\/06\/2024 per l&#8217;intera durata delle 24 ore.<\/p>\n<p>&nbsp;<\/p>\n<p>&nbsp;<\/p>\n<hr \/>\n<p>&nbsp;<\/p>\n<h2><span style=\"color: #ff6600;\">IERI ALLA RADIO\u00a0<\/span><\/h2>\n<h2><span style=\"color: #ff0000;\">EL DARLIN<\/span><\/h2>\n<p><span style=\"color: #ff0000;\"><strong>PUNTATA 06 RITA BERNARDI<\/strong><\/span><\/p>\n\n\t\t\t<style type='text\/css'>\n\t\t\t\t#gallery-3 {\n\t\t\t\t\tmargin: auto;\n\t\t\t\t}\n\t\t\t\t#gallery-3 .gallery-item {\n\t\t\t\t\tfloat: left;\n\t\t\t\t\tmargin-top: 10px;\n\t\t\t\t\ttext-align: center;\n\t\t\t\t\twidth: 100%;\n\t\t\t\t}\n\t\t\t\t#gallery-3 img {\n\t\t\t\t\tborder: 2px solid #cfcfcf;\n\t\t\t\t}\n\t\t\t\t#gallery-3 .gallery-caption {\n\t\t\t\t\tmargin-left: 0;\n\t\t\t\t}\n\t\t\t\t\/* see gallery_shortcode() in wp-includes\/media.php *\/\n\t\t\t<\/style>\n\t\t<div id='gallery-3' class='dt-gallery-container gallery galleryid-377520 gallery-columns-1 gallery-size-medium'><dl class='gallery-item'>\n\t\t\t\t<dt class='gallery-icon portrait'>\n\t\t\t\t\t<a class=\"rollover rollover-zoom dt-pswp-item\" title=\"rita bernardi\" data-dt-img-description=\"\" data-large_image_width=\"453\" data-large_image_height=\"483\"href='https:\/\/www.radiopiu.net\/wordpress\/wp-content\/uploads\/2024\/03\/rita-bernardi.jpeg'><img loading=\"lazy\" decoding=\"async\" width=\"281\" height=\"300\" src=\"https:\/\/www.radiopiu.net\/wordpress\/wp-content\/uploads\/2024\/03\/rita-bernardi-281x300.jpeg\" class=\"attachment-medium size-medium\" alt=\"\" aria-describedby=\"gallery-3-377387\" srcset=\"https:\/\/www.radiopiu.net\/wordpress\/wp-content\/uploads\/2024\/03\/rita-bernardi-281x300.jpeg 281w, https:\/\/www.radiopiu.net\/wordpress\/wp-content\/uploads\/2024\/03\/rita-bernardi.jpeg 453w\" sizes=\"auto, (max-width: 281px) 100vw, 281px\" \/><\/a>\n\t\t\t\t<\/dt>\n\t\t\t\t\t<dd class='wp-caption-text gallery-caption' id='gallery-3-377387'>\n\t\t\t\t\tRITA BERNARDI\n\t\t\t\t\t<\/dd><\/dl><br style=\"clear: both\" \/>\n\t\t\t<\/div>\n\n<p><strong>PARTE 1<\/strong><\/p>\n<audio class=\"wp-audio-shortcode\" id=\"audio-377520-14\" preload=\"none\" style=\"width: 100%;\" controls=\"controls\"><source type=\"audio\/mpeg\" src=\"https:\/\/www.radiopiu.net\/wordpress\/wp-content\/uploads\/2024\/03\/DA1-1.mp3?_=14\" \/><a href=\"https:\/\/www.radiopiu.net\/wordpress\/wp-content\/uploads\/2024\/03\/DA1-1.mp3\">https:\/\/www.radiopiu.net\/wordpress\/wp-content\/uploads\/2024\/03\/DA1-1.mp3<\/a><\/audio>\n<p><strong>\u00a0<\/strong><\/p>\n<p><strong>PARTE 2<\/strong><\/p>\n<audio class=\"wp-audio-shortcode\" id=\"audio-377520-15\" preload=\"none\" style=\"width: 100%;\" controls=\"controls\"><source type=\"audio\/mpeg\" src=\"https:\/\/www.radiopiu.net\/wordpress\/wp-content\/uploads\/2024\/03\/DA2-1.mp3?_=15\" \/><a href=\"https:\/\/www.radiopiu.net\/wordpress\/wp-content\/uploads\/2024\/03\/DA2-1.mp3\">https:\/\/www.radiopiu.net\/wordpress\/wp-content\/uploads\/2024\/03\/DA2-1.mp3<\/a><\/audio>\n<p><strong>\u00a0<\/strong><\/p>\n<p><strong>PARTE 3<\/strong><\/p>\n<audio class=\"wp-audio-shortcode\" id=\"audio-377520-16\" preload=\"none\" style=\"width: 100%;\" controls=\"controls\"><source type=\"audio\/mpeg\" src=\"https:\/\/www.radiopiu.net\/wordpress\/wp-content\/uploads\/2024\/03\/DA3-1.mp3?_=16\" \/><a href=\"https:\/\/www.radiopiu.net\/wordpress\/wp-content\/uploads\/2024\/03\/DA3-1.mp3\">https:\/\/www.radiopiu.net\/wordpress\/wp-content\/uploads\/2024\/03\/DA3-1.mp3<\/a><\/audio>\n<p>&nbsp;<\/p>\n<h2>LA RACCOLTA COMPLETA <a href=\"https:\/\/www.radiopiu.net\/wordpress\/da-daa06\/\">CLICCA QUI<\/a><\/h2>\n<p>&nbsp;<\/p>\n<p>&nbsp;<\/p>\n<hr \/>\n<p>&nbsp;<\/p>\n<h2><span style=\"color: #008080;\">&#8220;DINTORN E FORA VIA&#8221;\u00a0 IL PROGRAMMA\u00a0 A CURA DEL MUSLA<\/span><\/h2>\n<p><strong><a class=\"dt-pswp-item\" href=\"https:\/\/www.radiopiu.net\/wordpress\/wp-content\/uploads\/2023\/08\/GIORNALI.jpg\" data-dt-img-description=\"\" data-large_image_width=\"1280\" data-large_image_height=\"853\"><img loading=\"lazy\" decoding=\"async\" class=\" wp-image-350810 alignleft\" src=\"https:\/\/www.radiopiu.net\/wordpress\/wp-content\/uploads\/2023\/08\/GIORNALI-300x200.jpg\" alt=\"\" width=\"152\" height=\"101\" srcset=\"https:\/\/www.radiopiu.net\/wordpress\/wp-content\/uploads\/2023\/08\/GIORNALI-300x200.jpg 300w, https:\/\/www.radiopiu.net\/wordpress\/wp-content\/uploads\/2023\/08\/GIORNALI-1024x682.jpg 1024w, https:\/\/www.radiopiu.net\/wordpress\/wp-content\/uploads\/2023\/08\/GIORNALI-768x512.jpg 768w, https:\/\/www.radiopiu.net\/wordpress\/wp-content\/uploads\/2023\/08\/GIORNALI.jpg 1280w\" sizes=\"auto, (max-width: 152px) 100vw, 152px\" \/><\/a>PUNTATA DEL 5 MARZO, MICHELA DELL&#8217;OSBEL<\/strong><\/p>\n<audio class=\"wp-audio-shortcode\" id=\"audio-377520-17\" preload=\"none\" style=\"width: 100%;\" controls=\"controls\"><source type=\"audio\/mpeg\" src=\"https:\/\/www.radiopiu.net\/wordpress\/wp-content\/uploads\/2024\/03\/MUSLA-1.mp3?_=17\" \/><a href=\"https:\/\/www.radiopiu.net\/wordpress\/wp-content\/uploads\/2024\/03\/MUSLA-1.mp3\">https:\/\/www.radiopiu.net\/wordpress\/wp-content\/uploads\/2024\/03\/MUSLA-1.mp3<\/a><\/audio>\n<p>&nbsp;<\/p>\n<h2>LA RACCOLTA COMPLETA <a href=\"https:\/\/www.radiopiu.net\/wordpress\/musla\/\">CLICCA QUI<\/a><\/h2>\n<p>&nbsp;<\/p>\n<hr \/>\n<p>&nbsp;<\/p>\n<h2><span style=\"color: #008000;\">SPECIALE EP CENTER<\/span><\/h2>\n<p><iframe loading=\"lazy\" title=\"QUANDO LA TECNOLOGIA SI EVOLVE... MA NON INVECCHIA\" width=\"1200\" height=\"675\" src=\"https:\/\/www.youtube.com\/embed\/0UCjkgwzOFs?feature=oembed\" frameborder=\"0\" allow=\"accelerometer; autoplay; clipboard-write; encrypted-media; gyroscope; picture-in-picture; web-share\" allowfullscreen><\/iframe><\/p>\n<p>&nbsp;<\/p>\n<hr \/>\n<p>&nbsp;<\/p>\n<h2><span style=\"color: #ff00ff;\">CIAK SI GIRA, IL PROGRAMMA DI PAOLA LANCIATO<\/span><\/h2>\n<p><strong><a class=\"dt-pswp-item\" href=\"https:\/\/www.radiopiu.net\/wordpress\/wp-content\/uploads\/2024\/02\/DIRTY-DANCING.jpg\" data-dt-img-description=\"\" data-large_image_width=\"706\" data-large_image_height=\"1000\"><img loading=\"lazy\" decoding=\"async\" class=\" wp-image-377632 alignleft\" src=\"https:\/\/www.radiopiu.net\/wordpress\/wp-content\/uploads\/2024\/02\/DIRTY-DANCING-212x300.jpg\" alt=\"\" width=\"102\" height=\"144\" srcset=\"https:\/\/www.radiopiu.net\/wordpress\/wp-content\/uploads\/2024\/02\/DIRTY-DANCING-212x300.jpg 212w, https:\/\/www.radiopiu.net\/wordpress\/wp-content\/uploads\/2024\/02\/DIRTY-DANCING.jpg 706w\" sizes=\"auto, (max-width: 102px) 100vw, 102px\" \/><\/a>PUNTATA 09, DIRTY DANCING<\/strong><\/p>\n<audio class=\"wp-audio-shortcode\" id=\"audio-377520-18\" preload=\"none\" style=\"width: 100%;\" controls=\"controls\"><source type=\"audio\/mpeg\" src=\"https:\/\/www.radiopiu.net\/wordpress\/wp-content\/uploads\/2024\/03\/CIAK1-1.mp3?_=18\" \/><a href=\"https:\/\/www.radiopiu.net\/wordpress\/wp-content\/uploads\/2024\/03\/CIAK1-1.mp3\">https:\/\/www.radiopiu.net\/wordpress\/wp-content\/uploads\/2024\/03\/CIAK1-1.mp3<\/a><\/audio>\n<p>&nbsp;<\/p>\n<h2>LA RACCOLTA COMPLETA <a href=\"https:\/\/www.radiopiu.net\/wordpress\/ciak24\/\">CLICCA QUI<\/a><\/h2>\n<p>&nbsp;<\/p>\n<hr \/>\n<p>&nbsp;<\/p>\n<p>&nbsp;<\/p>\n<p>&nbsp;<\/p>\n<p><a class=\"dt-pswp-item\" href=\"https:\/\/www.radiopiu.net\/wordpress\/wp-content\/uploads\/2024\/02\/5d33d89b-448d-4b8b-90f7-0a87d536a81d.jpg\" data-dt-img-description=\"\" data-large_image_width=\"995\" data-large_image_height=\"771\"><img loading=\"lazy\" decoding=\"async\" class=\"size-medium wp-image-376421 aligncenter\" src=\"https:\/\/www.radiopiu.net\/wordpress\/wp-content\/uploads\/2024\/02\/5d33d89b-448d-4b8b-90f7-0a87d536a81d-300x232.jpg\" alt=\"\" width=\"300\" height=\"232\" srcset=\"https:\/\/www.radiopiu.net\/wordpress\/wp-content\/uploads\/2024\/02\/5d33d89b-448d-4b8b-90f7-0a87d536a81d-300x232.jpg 300w, https:\/\/www.radiopiu.net\/wordpress\/wp-content\/uploads\/2024\/02\/5d33d89b-448d-4b8b-90f7-0a87d536a81d-768x595.jpg 768w, https:\/\/www.radiopiu.net\/wordpress\/wp-content\/uploads\/2024\/02\/5d33d89b-448d-4b8b-90f7-0a87d536a81d.jpg 995w\" sizes=\"auto, (max-width: 300px) 100vw, 300px\" \/><\/a><\/p>\n<p><strong>STIAMO&#8230; ARRIVANDO\u00a0<\/strong><\/p>\n<p>&nbsp;<\/p>\n<hr \/>\n<p>&nbsp;<\/p>\n<h2><span style=\"color: #ff0000;\">GLI APPUNTAMENTI DELLA SETTIMANA\u00a0\u00a0<\/span><\/h2>\n<p><strong>FELTRE<\/strong> La Famiglia Ex Emigranti del Feltrino organizza per oggi la gita alla fiera &#8220;Orto Giardino&#8221; a Pordenonefiere. La partenza \u00e8 alle 13 da Pedavena, con passaggio a Feltre. Il programma include l&#8217;ingresso alla fiera e una tappa in pizzeria durante il rientro. Per informazioni 340 262 9562.<\/p>\n<p><strong>BELLUNO<\/strong> Sabato 9 marzo alle ore 17:30, presso la sala &#8220;TEATRO&#8221; del Centro Congressi in piazza Piloni a Belluno, si terr\u00e0 un incontro sul tema &#8220;GAZA E KIEV: L&#8217;EUROPA TRA I CONFLITTI&#8221;. Gli interventi saranno di Germano Dottori, Consigliere scientifico di Limes, e di Gian Micalessin, giornalista, scrittore e inviato di guerra. L&#8217;incontro sar\u00e0 condotto da Franco Tosolini, ricercatore storico.<\/p>\n<p><strong>PONTE NELLE ALPI<\/strong>\u00a0 Sabato al piccolo teatro Pierobon di Paiane commedia brillante in lingua veneta &#8220;le astuzione femminili&#8221; con la compagnia Theana Teatro. Entrata 25 euro.<\/p>\n<div>\n<div class=\"\" dir=\"auto\">\n<div id=\":r9h:\" class=\"x1iorvi4 x1pi30zi x1l90r2v x1swvt13\" data-ad-comet-preview=\"message\" data-ad-preview=\"message\">\n<div class=\"x78zum5 xdt5ytf xz62fqu x16ldp7u\">\n<div class=\"xu06os2 x1ok221b\">\n<blockquote>\n<h3 style=\"text-align: center;\">LE CAMPE: 9 marzo con la Combricola del Blasko<\/h3>\n<\/blockquote>\n<p><a class=\"dt-pswp-item\" href=\"https:\/\/www.radiopiu.net\/wordpress\/wp-content\/uploads\/2024\/02\/Senza-nome-52.png\" data-dt-img-description=\"\" data-large_image_width=\"268\" data-large_image_height=\"486\"><img loading=\"lazy\" decoding=\"async\" class=\" wp-image-375373 aligncenter\" src=\"https:\/\/www.radiopiu.net\/wordpress\/wp-content\/uploads\/2024\/02\/Senza-nome-52-165x300.png\" alt=\"\" width=\"148\" height=\"269\" srcset=\"https:\/\/www.radiopiu.net\/wordpress\/wp-content\/uploads\/2024\/02\/Senza-nome-52-165x300.png 165w, https:\/\/www.radiopiu.net\/wordpress\/wp-content\/uploads\/2024\/02\/Senza-nome-52.png 268w\" sizes=\"auto, (max-width: 148px) 100vw, 148px\" \/><\/a><\/p>\n<p>&nbsp;<\/p>\n<h2><span style=\"color: #ff0000;\">PROSSIMAMENTE&#8230;<\/span><\/h2>\n<p><strong>BELLUNO<\/strong> MOPTIL Italia e Centro Consorzi presentano l&#8217;evento &#8220;Il Futuro Digitale dell&#8217;Ospitalit\u00e0&#8221; il 12 marzo 2024, alle ore 16:30, presso l&#8217;UrbanHub Belluno Dolomiti. Rivolto agli operatori turistici, il workshop gratuito esplorer\u00e0 tecnologie emergenti come Realt\u00e0 Virtuale, Realt\u00e0 Aumentata, Video Mapping e Intelligenza Artificiale nel contesto del turismo culturale. Guido Vrola di MOPTIL Italia parler\u00e0 delle tecnologie per il turismo digitale, Stefano Perale condivider\u00e0 esperienze sul loro utilizzo, e Michele Verdolini del Centro Consorzi illustrer\u00e0 opportunit\u00e0 di finanziamento. L&#8217;evento culminer\u00e0 in un momento di networking.<\/p>\n<\/div>\n<\/div>\n<\/div>\n<\/div>\n<\/div>\n<blockquote>\n<div>\n<div class=\"\" dir=\"auto\">\n<div id=\":r9h:\" class=\"x1iorvi4 x1pi30zi x1l90r2v x1swvt13\" data-ad-comet-preview=\"message\" data-ad-preview=\"message\">\n<div class=\"x78zum5 xdt5ytf xz62fqu x16ldp7u\">\n<div class=\"xu06os2 x1ok221b\">\n<h3 dir=\"auto\">7 APRILE, LARESEI! SAVE THE DATE FESTIVAL &#8220;ULTIMISSIME&#8221;<\/h3>\n<\/div>\n<\/div>\n<\/div>\n<\/div>\n<\/div>\n<\/blockquote>\n<div>\n<div class=\"\" dir=\"auto\">\n<div id=\":r9h:\" class=\"x1iorvi4 x1pi30zi x1l90r2v x1swvt13\" data-ad-comet-preview=\"message\" data-ad-preview=\"message\">\n<p>PROSSIMAMENTE&#8230;<br \/>\nQuest\u2019anno ne abbiamo per tutti e per tutti i gusti! Dai primi anni 2000 ad oggi le loro produzioni ed i loro remix partendo da Radio M2O fanno il giro del mondo grazie anche alla collaborazione con le pi\u00f9 prestigiose case discografiche. Al Save The Date Festival si \u201carrampicheranno\u201d anche gli ALIEN CUT!<\/p>\n<p>Dai palchi pi\u00f9 famosi d\u2019Italia in tour con l\u2019inseparabile Jovanotti, arriva al Save The Date Festival uno dei pi\u00f9 famosi bassisti italiani Saturnino Celani!<br \/>\nAl Rifugio Laresei ci sar\u00e0 il pi\u00f9 grande spettacolo dopo il Big Bang!<br \/>\n7 APRILE: \u00a0 CON CAROLINA MARQUEZ, MASSIMILIANO OSSINI, CAMILLA RONCHI, ICE MC,\u00a0\u00a0\u00a0 NATHALIE AARTS\u00a0 E SATURNINO Acquista il tuo biglietto d&#8217;ingresso al link: www.ciaotickets.com \u00a0 save-the-date-festival 7 APRILE RIFUGIO LARESEI<br \/>\nSKI AREA SAN PELLEGRINO-FALCADE<\/p>\n<p>&nbsp;<\/p>\n<p>SAVE THE DATE FESTIVAL<\/p>\n\n\t\t\t<style type='text\/css'>\n\t\t\t\t#gallery-4 {\n\t\t\t\t\tmargin: auto;\n\t\t\t\t}\n\t\t\t\t#gallery-4 .gallery-item {\n\t\t\t\t\tfloat: left;\n\t\t\t\t\tmargin-top: 10px;\n\t\t\t\t\ttext-align: center;\n\t\t\t\t\twidth: 25%;\n\t\t\t\t}\n\t\t\t\t#gallery-4 img {\n\t\t\t\t\tborder: 2px solid #cfcfcf;\n\t\t\t\t}\n\t\t\t\t#gallery-4 .gallery-caption {\n\t\t\t\t\tmargin-left: 0;\n\t\t\t\t}\n\t\t\t\t\/* see gallery_shortcode() in wp-includes\/media.php *\/\n\t\t\t<\/style>\n\t\t<div id='gallery-4' class='dt-gallery-container gallery galleryid-377520 gallery-columns-4 gallery-size-medium'><dl class='gallery-item'>\n\t\t\t\t<dt class='gallery-icon landscape'>\n\t\t\t\t\t<a class=\"rollover rollover-zoom dt-pswp-item\" title=\"download\" data-dt-img-description=\"\" data-large_image_width=\"316\" data-large_image_height=\"315\"href='https:\/\/www.radiopiu.net\/wordpress\/wp-content\/uploads\/2024\/03\/download.jpg'><img loading=\"lazy\" decoding=\"async\" width=\"300\" height=\"300\" src=\"https:\/\/www.radiopiu.net\/wordpress\/wp-content\/uploads\/2024\/03\/download-300x300.jpg\" class=\"attachment-medium size-medium\" alt=\"\" srcset=\"https:\/\/www.radiopiu.net\/wordpress\/wp-content\/uploads\/2024\/03\/download-300x300.jpg 300w, https:\/\/www.radiopiu.net\/wordpress\/wp-content\/uploads\/2024\/03\/download-150x150.jpg 150w, https:\/\/www.radiopiu.net\/wordpress\/wp-content\/uploads\/2024\/03\/download.jpg 316w\" sizes=\"auto, (max-width: 300px) 100vw, 300px\" \/><\/a>\n\t\t\t\t<\/dt><\/dl><dl class='gallery-item'>\n\t\t\t\t<dt class='gallery-icon landscape'>\n\t\t\t\t\t<a class=\"rollover rollover-zoom dt-pswp-item\" title=\"download\" data-dt-img-description=\"\" data-large_image_width=\"640\" data-large_image_height=\"639\"href='https:\/\/www.radiopiu.net\/wordpress\/wp-content\/uploads\/2024\/02\/download-6.jpg'><img loading=\"lazy\" decoding=\"async\" width=\"300\" height=\"300\" src=\"https:\/\/www.radiopiu.net\/wordpress\/wp-content\/uploads\/2024\/02\/download-6-300x300.jpg\" class=\"attachment-medium size-medium\" alt=\"\" srcset=\"https:\/\/www.radiopiu.net\/wordpress\/wp-content\/uploads\/2024\/02\/download-6-300x300.jpg 300w, https:\/\/www.radiopiu.net\/wordpress\/wp-content\/uploads\/2024\/02\/download-6-150x150.jpg 150w, https:\/\/www.radiopiu.net\/wordpress\/wp-content\/uploads\/2024\/02\/download-6.jpg 640w\" sizes=\"auto, (max-width: 300px) 100vw, 300px\" \/><\/a>\n\t\t\t\t<\/dt><\/dl><dl class='gallery-item'>\n\t\t\t\t<dt class='gallery-icon landscape'>\n\t\t\t\t\t<a class=\"rollover rollover-zoom dt-pswp-item\" title=\"Senza nome\" data-dt-img-description=\"\" data-large_image_width=\"566\" data-large_image_height=\"463\"href='https:\/\/www.radiopiu.net\/wordpress\/wp-content\/uploads\/2024\/03\/Senza-nome-4.png'><img loading=\"lazy\" decoding=\"async\" width=\"300\" height=\"245\" src=\"https:\/\/www.radiopiu.net\/wordpress\/wp-content\/uploads\/2024\/03\/Senza-nome-4-300x245.png\" class=\"attachment-medium size-medium\" alt=\"\" srcset=\"https:\/\/www.radiopiu.net\/wordpress\/wp-content\/uploads\/2024\/03\/Senza-nome-4-300x245.png 300w, https:\/\/www.radiopiu.net\/wordpress\/wp-content\/uploads\/2024\/03\/Senza-nome-4.png 566w\" sizes=\"auto, (max-width: 300px) 100vw, 300px\" \/><\/a>\n\t\t\t\t<\/dt><\/dl><dl class='gallery-item'>\n\t\t\t\t<dt class='gallery-icon landscape'>\n\t\t\t\t\t<a class=\"rollover rollover-zoom dt-pswp-item\" title=\"download\" data-dt-img-description=\"\" data-large_image_width=\"640\" data-large_image_height=\"639\"href='https:\/\/www.radiopiu.net\/wordpress\/wp-content\/uploads\/2024\/02\/download-5.jpg'><img loading=\"lazy\" decoding=\"async\" width=\"300\" height=\"300\" src=\"https:\/\/www.radiopiu.net\/wordpress\/wp-content\/uploads\/2024\/02\/download-5-300x300.jpg\" class=\"attachment-medium size-medium\" alt=\"\" srcset=\"https:\/\/www.radiopiu.net\/wordpress\/wp-content\/uploads\/2024\/02\/download-5-300x300.jpg 300w, https:\/\/www.radiopiu.net\/wordpress\/wp-content\/uploads\/2024\/02\/download-5-150x150.jpg 150w, https:\/\/www.radiopiu.net\/wordpress\/wp-content\/uploads\/2024\/02\/download-5.jpg 640w\" sizes=\"auto, (max-width: 300px) 100vw, 300px\" \/><\/a>\n\t\t\t\t<\/dt><\/dl><br style=\"clear: both\" \/><dl class='gallery-item'>\n\t\t\t\t<dt class='gallery-icon landscape'>\n\t\t\t\t\t<a class=\"rollover rollover-zoom dt-pswp-item\" title=\"Senza nome\" data-dt-img-description=\"\" data-large_image_width=\"415\" data-large_image_height=\"390\"href='https:\/\/www.radiopiu.net\/wordpress\/wp-content\/uploads\/2024\/03\/Senza-nome-10.png'><img loading=\"lazy\" decoding=\"async\" width=\"300\" height=\"282\" src=\"https:\/\/www.radiopiu.net\/wordpress\/wp-content\/uploads\/2024\/03\/Senza-nome-10-300x282.png\" class=\"attachment-medium size-medium\" alt=\"\" srcset=\"https:\/\/www.radiopiu.net\/wordpress\/wp-content\/uploads\/2024\/03\/Senza-nome-10-300x282.png 300w, https:\/\/www.radiopiu.net\/wordpress\/wp-content\/uploads\/2024\/03\/Senza-nome-10.png 415w\" sizes=\"auto, (max-width: 300px) 100vw, 300px\" \/><\/a>\n\t\t\t\t<\/dt><\/dl><dl class='gallery-item'>\n\t\t\t\t<dt class='gallery-icon landscape'>\n\t\t\t\t\t<a class=\"rollover rollover-zoom dt-pswp-item\" title=\"19c21029-a0ef-4986-8081-9facbbbce065\" data-dt-img-description=\"\" data-large_image_width=\"1080\" data-large_image_height=\"1080\"href='https:\/\/www.radiopiu.net\/wordpress\/wp-content\/uploads\/2024\/02\/19c21029-a0ef-4986-8081-9facbbbce065.jpg'><img loading=\"lazy\" decoding=\"async\" width=\"300\" height=\"300\" src=\"https:\/\/www.radiopiu.net\/wordpress\/wp-content\/uploads\/2024\/02\/19c21029-a0ef-4986-8081-9facbbbce065-300x300.jpg\" class=\"attachment-medium size-medium\" alt=\"\" srcset=\"https:\/\/www.radiopiu.net\/wordpress\/wp-content\/uploads\/2024\/02\/19c21029-a0ef-4986-8081-9facbbbce065-300x300.jpg 300w, https:\/\/www.radiopiu.net\/wordpress\/wp-content\/uploads\/2024\/02\/19c21029-a0ef-4986-8081-9facbbbce065-1024x1024.jpg 1024w, https:\/\/www.radiopiu.net\/wordpress\/wp-content\/uploads\/2024\/02\/19c21029-a0ef-4986-8081-9facbbbce065-150x150.jpg 150w, https:\/\/www.radiopiu.net\/wordpress\/wp-content\/uploads\/2024\/02\/19c21029-a0ef-4986-8081-9facbbbce065-768x768.jpg 768w, https:\/\/www.radiopiu.net\/wordpress\/wp-content\/uploads\/2024\/02\/19c21029-a0ef-4986-8081-9facbbbce065.jpg 1080w\" sizes=\"auto, (max-width: 300px) 100vw, 300px\" \/><\/a>\n\t\t\t\t<\/dt><\/dl><dl class='gallery-item'>\n\t\t\t\t<dt class='gallery-icon landscape'>\n\t\t\t\t\t<a class=\"rollover rollover-zoom dt-pswp-item\" title=\"428458808_122124610286160269_8403615925720421881_n\" data-dt-img-description=\"\" data-large_image_width=\"526\" data-large_image_height=\"526\"href='https:\/\/www.radiopiu.net\/wordpress\/wp-content\/uploads\/2024\/02\/428458808_122124610286160269_8403615925720421881_n.jpg'><img loading=\"lazy\" decoding=\"async\" width=\"300\" height=\"300\" src=\"https:\/\/www.radiopiu.net\/wordpress\/wp-content\/uploads\/2024\/02\/428458808_122124610286160269_8403615925720421881_n-300x300.jpg\" class=\"attachment-medium size-medium\" alt=\"\" srcset=\"https:\/\/www.radiopiu.net\/wordpress\/wp-content\/uploads\/2024\/02\/428458808_122124610286160269_8403615925720421881_n-300x300.jpg 300w, https:\/\/www.radiopiu.net\/wordpress\/wp-content\/uploads\/2024\/02\/428458808_122124610286160269_8403615925720421881_n-150x150.jpg 150w, https:\/\/www.radiopiu.net\/wordpress\/wp-content\/uploads\/2024\/02\/428458808_122124610286160269_8403615925720421881_n.jpg 526w\" sizes=\"auto, (max-width: 300px) 100vw, 300px\" \/><\/a>\n\t\t\t\t<\/dt><\/dl><dl class='gallery-item'>\n\t\t\t\t<dt class='gallery-icon portrait'>\n\t\t\t\t\t<a class=\"rollover rollover-zoom dt-pswp-item\" title=\"424589697_17849558076141395_6233705988191667367_n\" data-dt-img-description=\"\" data-large_image_width=\"512\" data-large_image_height=\"640\"href='https:\/\/www.radiopiu.net\/wordpress\/wp-content\/uploads\/2024\/02\/424589697_17849558076141395_6233705988191667367_n.jpg'><img loading=\"lazy\" decoding=\"async\" width=\"240\" height=\"300\" src=\"https:\/\/www.radiopiu.net\/wordpress\/wp-content\/uploads\/2024\/02\/424589697_17849558076141395_6233705988191667367_n-240x300.jpg\" class=\"attachment-medium size-medium\" alt=\"\" srcset=\"https:\/\/www.radiopiu.net\/wordpress\/wp-content\/uploads\/2024\/02\/424589697_17849558076141395_6233705988191667367_n-240x300.jpg 240w, https:\/\/www.radiopiu.net\/wordpress\/wp-content\/uploads\/2024\/02\/424589697_17849558076141395_6233705988191667367_n.jpg 512w\" sizes=\"auto, (max-width: 240px) 100vw, 240px\" \/><\/a>\n\t\t\t\t<\/dt><\/dl><br style=\"clear: both\" \/>\n\t\t\t<\/div>\n\n<p>&nbsp;<\/p>\n<\/div>\n<\/div>\n<\/div>\n<p>&nbsp;<\/p>\n<p>&nbsp;<\/p>\n<p>&nbsp;<\/p>\n<p>&nbsp;<\/p>\n<hr \/>\n<p>&nbsp;<\/p>\n<p><a class=\"dt-pswp-item\" href=\"https:\/\/www.radiopiu.net\/wordpress\/wp-content\/uploads\/2018\/09\/viabilita.jpeg\" data-dt-img-description=\"\" data-large_image_width=\"800\" data-large_image_height=\"100\"><img loading=\"lazy\" decoding=\"async\" class=\"aligncenter wp-image-61954 size-full\" src=\"https:\/\/www.radiopiu.net\/wordpress\/wp-content\/uploads\/2018\/09\/viabilita.jpeg\" alt=\"\" width=\"800\" height=\"100\" srcset=\"https:\/\/www.radiopiu.net\/wordpress\/wp-content\/uploads\/2018\/09\/viabilita.jpeg 800w, https:\/\/www.radiopiu.net\/wordpress\/wp-content\/uploads\/2018\/09\/viabilita-300x38.jpeg 300w, https:\/\/www.radiopiu.net\/wordpress\/wp-content\/uploads\/2018\/09\/viabilita-768x96.jpeg 768w\" sizes=\"auto, (max-width: 800px) 100vw, 800px\" \/><\/a><\/p>\n<p>&nbsp;<\/p>\n<p><a class=\"dt-pswp-item\" href=\"https:\/\/www.radiopiu.net\/wordpress\/wp-content\/uploads\/2023\/12\/botol-car-service.jpg\" data-dt-img-description=\"\" data-large_image_width=\"600\" data-large_image_height=\"600\"><img loading=\"lazy\" decoding=\"async\" class=\"size-medium wp-image-367044 aligncenter\" src=\"https:\/\/www.radiopiu.net\/wordpress\/wp-content\/uploads\/2023\/12\/botol-car-service-300x300.jpg\" alt=\"\" width=\"300\" height=\"300\" srcset=\"https:\/\/www.radiopiu.net\/wordpress\/wp-content\/uploads\/2023\/12\/botol-car-service-300x300.jpg 300w, https:\/\/www.radiopiu.net\/wordpress\/wp-content\/uploads\/2023\/12\/botol-car-service-150x150.jpg 150w, https:\/\/www.radiopiu.net\/wordpress\/wp-content\/uploads\/2023\/12\/botol-car-service.jpg 600w\" sizes=\"auto, (max-width: 300px) 100vw, 300px\" \/><\/a><\/p>\n<p>&nbsp;<\/p>\n<blockquote class=\"wp-embedded-content\" data-secret=\"gSQEHjJEIK\"><p><a href=\"https:\/\/www.radiopiu.net\/wordpress\/viabilita\/\">viabilita<\/a><\/p><\/blockquote>\n<p><iframe loading=\"lazy\" class=\"wp-embedded-content\" sandbox=\"allow-scripts\" security=\"restricted\" style=\"position: absolute; clip: rect(1px, 1px, 1px, 1px);\" title=\"&#8220;viabilita&#8221; &#8212; Radio Pi\u00f9\" src=\"https:\/\/www.radiopiu.net\/wordpress\/viabilita\/embed\/#?secret=4DAspVDXZt#?secret=gSQEHjJEIK\" data-secret=\"gSQEHjJEIK\" width=\"600\" height=\"338\" frameborder=\"0\" marginwidth=\"0\" marginheight=\"0\" scrolling=\"no\"><\/iframe><\/p>\n<p>&nbsp;<\/p>\n<hr \/>\n<p>&nbsp;<\/p>\n<p><a class=\"dt-pswp-item\" href=\"https:\/\/www.radiopiu.net\/wordpress\/wp-content\/uploads\/2018\/09\/WhatsApp-Image-2018-09-20-at-16.04.06.jpeg\" data-dt-img-description=\"\" data-large_image_width=\"800\" data-large_image_height=\"100\"><img loading=\"lazy\" decoding=\"async\" class=\"wp-image-61378 size-full aligncenter\" src=\"https:\/\/www.radiopiu.net\/wordpress\/wp-content\/uploads\/2018\/09\/WhatsApp-Image-2018-09-20-at-16.04.06.jpeg\" alt=\"\" width=\"800\" height=\"100\" srcset=\"https:\/\/www.radiopiu.net\/wordpress\/wp-content\/uploads\/2018\/09\/WhatsApp-Image-2018-09-20-at-16.04.06.jpeg 800w, https:\/\/www.radiopiu.net\/wordpress\/wp-content\/uploads\/2018\/09\/WhatsApp-Image-2018-09-20-at-16.04.06-300x38.jpeg 300w, https:\/\/www.radiopiu.net\/wordpress\/wp-content\/uploads\/2018\/09\/WhatsApp-Image-2018-09-20-at-16.04.06-768x96.jpeg 768w\" sizes=\"auto, (max-width: 800px) 100vw, 800px\" \/><\/a><\/p>\n<p><center><\/center>&nbsp;<\/p>\n<p><center><\/center><center><\/center><b>OGGI: <\/b>Al mattino cielo molto nuvoloso o coperto, nel pomeriggio nuvolosit\u00e0 irregolare con qualche schiarita possibile qua e l\u00e0.<br \/>\n<b>Precipitazioni: <\/b>Tra notte e mattino alta probabilit\u00e0 di precipitazioni diffuse anche a carattere di rovescio (80-100%) con limite della neve in calo a 1000-1200 m, localmente e a tratti fino a fondovalle su Dolomiti. Da met\u00e0 mattinata generale attenuazione delle precipitazioni seppur ancora possibili deboli e sparse tra pomeriggio e sera con limite neve in risalita. <b>Temperature: <\/b>Nelle valli minime in aumento e massime in calo, in quota in generale calo Su Prealpi<\/p>\n<p>&nbsp;<\/p>\n<hr \/>\n<p><center><\/center><b>DOMANI : <\/b>Nella notte e fino al primo mattino residua nuvolosit\u00e0 su Prealpi e schiarite ampie su Dolomiti. In giornata cielo da poco a tratti parzialmente nuvoloso per qualche addensamento su Prealpi nel pomeriggio.In serata nubi basse via via pi\u00f9 estese ovunque. <b>Precipitazioni: <\/b>Nella notte residue deboli sparse su Prealpi (30-50%) con neve fin sui 1200-1300 m, in giornata generalmente assenti seppur non del tutto escluso qualche isolato piovasco\/rovescio su Prealpi nel pomeriggio (10-30%) eventualmente nevoso oltre i 1200\/1400 m.<\/p>\n<p>&nbsp;<\/p>\n<hr \/>\n<p><center><\/center><strong>VENERDI<\/strong> Nuvolosit\u00e0 medio-bassa estesa con cielo nuvoloso per buona parte della giornata specie su Prealpi e Dolomiti meridionali, qualche irregolare schiarita pi\u00f9 probabile in quota e su Dolomiti settentrionali. Dalla sera ulteriore generale aumento della nuvolosit\u00e0 ovunque. Temperature in generale calo.<\/p>\n<hr \/>\n<p><center><\/center><strong>SABATO<\/strong> Cielo generalmente nuvoloso o molto nuvoloso ovunque. In giornata possibili a tratti debolissime precipitazioni sparse con qualche fiocco oltre i 1200 m. Temperature in lieve aumento.<\/p>\n<p>&nbsp;<\/p>\n<p>&nbsp;<\/p>\n<hr \/>\n<p>&nbsp;<\/p>\n<p><img loading=\"lazy\" decoding=\"async\" class=\"wp-image-60761 size-full aligncenter\" src=\"https:\/\/www.radiopiu.net\/wordpress\/wp-content\/uploads\/2018\/09\/sport.jpg\" alt=\"\" width=\"800\" height=\"100\" srcset=\"https:\/\/www.radiopiu.net\/wordpress\/wp-content\/uploads\/2018\/09\/sport.jpg 800w, https:\/\/www.radiopiu.net\/wordpress\/wp-content\/uploads\/2018\/09\/sport-300x38.jpg 300w, https:\/\/www.radiopiu.net\/wordpress\/wp-content\/uploads\/2018\/09\/sport-768x96.jpg 768w\" sizes=\"auto, (max-width: 800px) 100vw, 800px\" \/><\/p>\n<p>&nbsp;<\/p>\n<p><span style=\"color: #0000ff;\"><strong>HOCKEY SU GHIACCIO<\/strong><\/span><\/p>\n<blockquote>\n<h3>L&#8217;APPIANO AFFONDA L&#8217;ALLEGHE IN GARA 2 DEI QUARTI DI FINALE. IL FELTRE VINCE E PORTA SUL 2 A 0 LA SERIE CON IL VARESE<\/h3>\n<\/blockquote>\n<p><strong><a class=\"dt-pswp-item\" href=\"https:\/\/www.radiopiu.net\/wordpress\/wp-content\/uploads\/2024\/03\/360bf08f-546e-45ff-9035-3e5fc652e875.jpg\" data-dt-img-description=\"\" data-large_image_width=\"1600\" data-large_image_height=\"900\"><img loading=\"lazy\" decoding=\"async\" class=\" wp-image-377675 alignleft\" src=\"https:\/\/www.radiopiu.net\/wordpress\/wp-content\/uploads\/2024\/03\/360bf08f-546e-45ff-9035-3e5fc652e875-300x169.jpg\" alt=\"\" width=\"217\" height=\"122\" srcset=\"https:\/\/www.radiopiu.net\/wordpress\/wp-content\/uploads\/2024\/03\/360bf08f-546e-45ff-9035-3e5fc652e875-300x169.jpg 300w, https:\/\/www.radiopiu.net\/wordpress\/wp-content\/uploads\/2024\/03\/360bf08f-546e-45ff-9035-3e5fc652e875-1024x576.jpg 1024w, https:\/\/www.radiopiu.net\/wordpress\/wp-content\/uploads\/2024\/03\/360bf08f-546e-45ff-9035-3e5fc652e875-768x432.jpg 768w, https:\/\/www.radiopiu.net\/wordpress\/wp-content\/uploads\/2024\/03\/360bf08f-546e-45ff-9035-3e5fc652e875-1536x864.jpg 1536w, https:\/\/www.radiopiu.net\/wordpress\/wp-content\/uploads\/2024\/03\/360bf08f-546e-45ff-9035-3e5fc652e875.jpg 1600w\" sizes=\"auto, (max-width: 217px) 100vw, 217px\" \/><\/a>di Marco Gaz<\/strong><\/p>\n<p><span style=\"color: #ff0000;\"><strong>QUARTI DI FINALE IHL \u2013 GARA 2<\/strong><\/span><\/p>\n<p><strong>APPIANO \u2013 ALLEGHE 9-4<\/strong><\/p>\n<p>PARZIALI: 5-1, 3-2, 1-1<\/p>\n<p>GOL: Pt. 2\u201958\u201d Spitaler, 4\u201928\u201d Chizzali, 5\u201919\u201d Graf, 13\u201955\u201d Piechensteiner, 15\u201952\u201d De Val, 17\u201929\u201d Raisanen. St. 2\u201933\u201d Rottensteiner, 4\u201936\u201d Radin, 7\u201926\u201d G. Vinatzer, 8\u201936\u201d Makela, 17\u201941\u201d Raisanen. Tt. 2\u201935\u201d Piechensteiner, 11\u201927\u201d G. Vinatzer<\/p>\n<p>L\u2019Appiano pareggia la serie con l\u2019Alleghe dopo una partita perfetta. Pi\u00f9 che una partita un incubo per le civette che solo nella prima frazione subisce ben 5 marcature e non riesce a rialzare la testa. I pirati chiudono la sfida nella seconda frazione. Una brutta sconfitta per gli agordini che ora devono archiviare in fretta la brutta prestazione in terra altoatesina e concentrarsi sulla sfida in programma tra poche ore al De Toni. 1 a 1 nella serie e tutto da rifare per gli agordini che dovranno dare il meglio di se di fronte al pubblico amico. Pronti, via e l\u2019Appiano trova subito il gol del vantaggio. A sbloccare la partita ci pensa Spitaler che trova impreparato il golie agordino. Piede sull\u2019acceleratore per i pirati che raddoppiano poco dopo con Chizzali. Alleghe in difficolt\u00e0 che subisce anche la terza rete della serata con Graf. Vacilla la difesa delle civette che non riesce ad allontanare gli avversari. Biancorossi che si trovano con l\u2019uomo in pi\u00f9 per 4\u2019 ma senza riuscire ad impensierire il golie altoatesino. Un errore difensivo consente a Piechensteiner di calare il poker per l\u2019Appiano. Risponde l\u2019Alleghe che con De Val trova la prima marcatura della serata. Una penalit\u00e0 costa caro alla squadra di Scapinello e i padroni di casa trovano la quinta rete con Raisanen che fa tutto da solo dopo 60 metri di galoppata. Nel secondo tempo la storia non cambia e i pirati sembrano gestire meglio la sfida tanto che al primo powerplay a favore trovano il sesto gol. Agordini che perdono le staffe e le penalit\u00e0 fioccano. Appiano che prova a chiudere definitivamente la sfida e ce la fa con Radin. Gabriel Vinazer mette la firma sul secondo gol agordino. Si svegliano le civette che subito dopo accorciano ulteriormente le distanze con Makela in situazione di inferiorit\u00e0 numerica. Appena prima della seconda sirena i padroni di casa mettono a segno l\u2019ottava rete con Raisanen. Terzo periodo di gioco che inizia male per le civette con i padroni di casa che incrementano il vantaggio. Il poker agordino arriva da Gabriel Vinatzer<\/p>\n<p><strong>FELTRE \u2013 VARESE 4-3<\/strong><\/p>\n<p>PARZIALI: 2-0, 2-0, 0-3<\/p>\n<p>GOL: Pt. 14\u201929\u201d M. Dall\u2019Agnol, 15\u201938\u201d Stupak St. 17\u201935\u201d Blaha, 19\u201918\u201d Lysenko. Tt. 8\u201942\u201d Cordiano, 12\u201924\u201d e 14\u201918\u201d Pietroniro,<\/p>\n<p>Seconda vittoria consecutiva per il Feltre che porta sul 2 a 0 la serie contro i campioni in carica del Varese mettendo un piede in semifinale. I picchi giocano una partita esemplare e spediscono a casa i mastini incamerando la vittoria alla fine della seconda frazione di gioco. Ora match point per i feltrini che tra poche ore torneranno in terra lombarda per giocarsi il tutto per tutto e strappare il pass per le semifinali di campionato.\u00a0 Primo tempo giocato alla pari con le due formazioni che fanno un botta e risposta senza trovare il gol. Ad aprire le marcature sono i picchi con Matteo Dall\u2019Agnol. Feltrini agguerriti che raddoppiano un minuto dopo con Stupak. Varese che prova a rispondere ma la difesa di casa \u00e8 attenta lasciando pochi spazi ai mastini. Nel secondo tempo il gioco \u00e8 nervoso tanto che gli arbitri sono costretti a spezzettare pi\u00f9 volte il gioco. Blaha mette a segno il terzo gol feltrino con un siluro dalla linea blu menter Lysenko cala il poker per i picchi appena prima della seconda sirena. Feltre che tiene in mano la partita nella terza frazione concedendo poco ai mastini. Il Varese per\u00f2 non demorde e accorcia le distanze con Cordiano e Pietroniro. Pietroniro riapre la partita e nel finale il Feltre tira fuori le unghie per mantenere il gol di vantaggio. Finale agitato con gli ospiti che perdono la testa.<\/p>\n<p><strong>LE PARTITE DEI QUARTI DI FINALE GARA 2:<\/strong> Appiano \u2013 Alleghe 9-4 (1-1 nella serie), Como \u2013 Pergine 6-4 (1-1), Fiemme \u2013 Caldaro 1-6 (0-2), Feltre \u2013 Varese 4-3 (2-0)<\/p>\n<p>&nbsp;<\/p>\n<p><span style=\"color: #0000ff;\"><strong>NUOTO\u00a0<\/strong><\/span><\/p>\n<h2><a class=\"dt-pswp-item\" href=\"https:\/\/www.radiopiu.net\/wordpress\/wp-content\/uploads\/2024\/03\/Il_gruppo_a_Oderzo.jpg\" data-dt-img-description=\"\" data-large_image_width=\"1492\" data-large_image_height=\"1212\"><img loading=\"lazy\" decoding=\"async\" class=\"size-medium wp-image-377599 alignleft\" src=\"https:\/\/www.radiopiu.net\/wordpress\/wp-content\/uploads\/2024\/03\/Il_gruppo_a_Oderzo-300x244.jpg\" alt=\"\" width=\"300\" height=\"244\" srcset=\"https:\/\/www.radiopiu.net\/wordpress\/wp-content\/uploads\/2024\/03\/Il_gruppo_a_Oderzo-300x244.jpg 300w, https:\/\/www.radiopiu.net\/wordpress\/wp-content\/uploads\/2024\/03\/Il_gruppo_a_Oderzo-1024x832.jpg 1024w, https:\/\/www.radiopiu.net\/wordpress\/wp-content\/uploads\/2024\/03\/Il_gruppo_a_Oderzo-768x624.jpg 768w, https:\/\/www.radiopiu.net\/wordpress\/wp-content\/uploads\/2024\/03\/Il_gruppo_a_Oderzo.jpg 1492w\" sizes=\"auto, (max-width: 300px) 100vw, 300px\" \/><\/a>Sportivamente Belluno &#8211; Risultati del Weekend<\/h2>\n<p>Sportivamente Belluno continua a brillare con risultati positivi sia per gli Esordienti A che per quelli B. Mattia Don\u00e0 si distingue con due vittorie nei 200 dorso e nei 400 stile libero, mentre Teresa Zammatteo firma un nuovo personale nei 100 rana per gli Esordienti B. La squadra dimostra una crescente maturit\u00e0 e si prepara per nuove sfide a Spresiano.<\/p>\n<p align=\"LEFT\"><strong>Fascia A<\/strong>, primeggia nei 200 dorso Mattia Don\u00e0 (2\u201927\u201d3), mentre migliorano il loro personale Federico Nerviani, Alessandro Morra, Rodolfo Zanon e Luca Frisaldi. In campo femminile, grande prova di Dora Bortoluzzi (2\u201953\u201d5: podio sfiorato), seguita da Camilla Fistarol, Ginevra Dal Mas, Laura Ivessa, Greta Galanti, Elisa Thomas e Aurora Camposeo (3\u201912\u201d9). Nerviani brilla pure nei 100 stile e conquista la terza piazza in 1\u201902\u201d7, mentre chiudono in top ten Mario Dalla Riva e Rodolfo Zanon. Gradino numero 3 del podio, inoltre, per Camilla Fistarol (1\u201909\u201d1), seguita a ruota da Dora Bortoluzzi, Ginevra Dal Mas, Greta Galanti, Laura Ivessa, Elisa Thomas e Aurora Camposeo.<\/p>\n<p align=\"LEFT\"><span style=\"color: #0000ff;\"><strong>SKI CROSS<\/strong><\/span><\/p>\n<blockquote>\n<h3><a class=\"dt-pswp-item\" href=\"https:\/\/www.radiopiu.net\/wordpress\/wp-content\/uploads\/2024\/03\/31869-scaled.jpg\" data-dt-img-description=\"\" data-large_image_width=\"2560\" data-large_image_height=\"1708\"><img loading=\"lazy\" decoding=\"async\" class=\" wp-image-377587 alignleft\" src=\"https:\/\/www.radiopiu.net\/wordpress\/wp-content\/uploads\/2024\/03\/31869-300x200.jpg\" alt=\"\" width=\"224\" height=\"149\" srcset=\"https:\/\/www.radiopiu.net\/wordpress\/wp-content\/uploads\/2024\/03\/31869-300x200.jpg 300w, https:\/\/www.radiopiu.net\/wordpress\/wp-content\/uploads\/2024\/03\/31869-1024x683.jpg 1024w, https:\/\/www.radiopiu.net\/wordpress\/wp-content\/uploads\/2024\/03\/31869-768x512.jpg 768w, https:\/\/www.radiopiu.net\/wordpress\/wp-content\/uploads\/2024\/03\/31869-1536x1025.jpg 1536w, https:\/\/www.radiopiu.net\/wordpress\/wp-content\/uploads\/2024\/03\/31869-2048x1366.jpg 2048w\" sizes=\"auto, (max-width: 224px) 100vw, 224px\" \/><\/a>Coppa Europa di skicross attesi 120 atleti di 11 nazioni<\/h3>\n<\/blockquote>\n<p>La Val di Fassa e la Ski Area San Pellegrino ospiteranno gioved\u00ec 7 e venerd\u00ec 8 marzo la due giorni di Coppa Europa di skicross, presso il park Costabella di Passo San Pellegrino, centro di allenamento ufficiale della nazionale italiana grazie al progetto \u00abPiste Azzurre\u00bb. L&#8217;evento, organizzato dall\u2019Us Monti Pallidi, vedr\u00e0 la partecipazione di 120 atleti provenienti da 11 nazioni. Fra i favoriti, i tedeschi Cornel Renn e Veronika Redder, rispettivamente leader della classifica maschile e femminile. Gli italiani, guidati da Andrea Chesi e Filippo Zamboni, cercheranno di ottenere buoni risultati in casa. Il programma prevede qualificazioni seguite dalle batterie ad eliminazione fino alla finale, con il trofeo Caseificio sociale Moena &#8211; Predazzo in palio.<\/p>\n<p>&nbsp;<\/p>\n<p>&nbsp;<\/p>\n<hr \/>\n<p>&nbsp;<\/p>\n<h2><span style=\"color: #00ccff;\">GOODBYE BY BICICLE&#8230;UN VIAGGIO DALL&#8217;INDIA A SEREN DEL GRAPPA IN BICICLETTA<\/span><\/h2>\n<p><strong>PUNTATA 03 &#8211; DALLE CASE SULL&#8217;ALBERO A MUMBAI<\/strong><\/p>\n<audio class=\"wp-audio-shortcode\" id=\"audio-377520-19\" preload=\"none\" style=\"width: 100%;\" controls=\"controls\"><source type=\"audio\/mpeg\" src=\"https:\/\/www.radiopiu.net\/wordpress\/wp-content\/uploads\/2024\/02\/INDIA-PUNTATA-03.mp3?_=19\" \/><a href=\"https:\/\/www.radiopiu.net\/wordpress\/wp-content\/uploads\/2024\/02\/INDIA-PUNTATA-03.mp3\">https:\/\/www.radiopiu.net\/wordpress\/wp-content\/uploads\/2024\/02\/INDIA-PUNTATA-03.mp3<\/a><\/audio>\n<p>&nbsp;<\/p>\n\n\t\t\t<style type='text\/css'>\n\t\t\t\t#gallery-5 {\n\t\t\t\t\tmargin: auto;\n\t\t\t\t}\n\t\t\t\t#gallery-5 .gallery-item {\n\t\t\t\t\tfloat: left;\n\t\t\t\t\tmargin-top: 10px;\n\t\t\t\t\ttext-align: center;\n\t\t\t\t\twidth: 14%;\n\t\t\t\t}\n\t\t\t\t#gallery-5 img {\n\t\t\t\t\tborder: 2px solid #cfcfcf;\n\t\t\t\t}\n\t\t\t\t#gallery-5 .gallery-caption {\n\t\t\t\t\tmargin-left: 0;\n\t\t\t\t}\n\t\t\t\t\/* see gallery_shortcode() in wp-includes\/media.php *\/\n\t\t\t<\/style>\n\t\t<div id='gallery-5' class='dt-gallery-container gallery galleryid-377520 gallery-columns-7 gallery-size-thumbnail'><dl class='gallery-item'>\n\t\t\t\t<dt class='gallery-icon landscape'>\n\t\t\t\t\t<a class=\"rollover rollover-zoom dt-pswp-item\" title=\"731ca5b9-5c16-46e9-befa-e1b7cd138ec9\" data-dt-img-description=\"\" data-large_image_width=\"1600\" data-large_image_height=\"1200\"href='https:\/\/www.radiopiu.net\/wordpress\/wp-content\/uploads\/2024\/02\/731ca5b9-5c16-46e9-befa-e1b7cd138ec9.jpg'><img loading=\"lazy\" decoding=\"async\" width=\"150\" height=\"150\" src=\"https:\/\/www.radiopiu.net\/wordpress\/wp-content\/uploads\/2024\/02\/731ca5b9-5c16-46e9-befa-e1b7cd138ec9-150x150.jpg\" class=\"attachment-thumbnail size-thumbnail\" alt=\"\" \/><\/a>\n\t\t\t\t<\/dt><\/dl><dl class='gallery-item'>\n\t\t\t\t<dt class='gallery-icon landscape'>\n\t\t\t\t\t<a class=\"rollover rollover-zoom dt-pswp-item\" title=\"c3330ec7-f9d5-45d8-ad71-89e6e21e0042\" data-dt-img-description=\"\" data-large_image_width=\"1600\" data-large_image_height=\"1200\"href='https:\/\/www.radiopiu.net\/wordpress\/wp-content\/uploads\/2024\/02\/c3330ec7-f9d5-45d8-ad71-89e6e21e0042.jpg'><img loading=\"lazy\" decoding=\"async\" width=\"150\" height=\"150\" src=\"https:\/\/www.radiopiu.net\/wordpress\/wp-content\/uploads\/2024\/02\/c3330ec7-f9d5-45d8-ad71-89e6e21e0042-150x150.jpg\" class=\"attachment-thumbnail size-thumbnail\" alt=\"\" \/><\/a>\n\t\t\t\t<\/dt><\/dl><dl class='gallery-item'>\n\t\t\t\t<dt class='gallery-icon landscape'>\n\t\t\t\t\t<a class=\"rollover rollover-zoom dt-pswp-item\" title=\"075d5b1c-2889-4896-9c0e-4d19f4fabd70\" data-dt-img-description=\"\" data-large_image_width=\"1600\" data-large_image_height=\"1200\"href='https:\/\/www.radiopiu.net\/wordpress\/wp-content\/uploads\/2024\/02\/075d5b1c-2889-4896-9c0e-4d19f4fabd70.jpg'><img loading=\"lazy\" decoding=\"async\" width=\"150\" height=\"150\" src=\"https:\/\/www.radiopiu.net\/wordpress\/wp-content\/uploads\/2024\/02\/075d5b1c-2889-4896-9c0e-4d19f4fabd70-150x150.jpg\" class=\"attachment-thumbnail size-thumbnail\" alt=\"\" \/><\/a>\n\t\t\t\t<\/dt><\/dl><dl class='gallery-item'>\n\t\t\t\t<dt class='gallery-icon landscape'>\n\t\t\t\t\t<a class=\"rollover rollover-zoom dt-pswp-item\" title=\"56936d73-6750-4025-9eb4-3041cc1363e5\" data-dt-img-description=\"\" data-large_image_width=\"1496\" data-large_image_height=\"1496\"href='https:\/\/www.radiopiu.net\/wordpress\/wp-content\/uploads\/2024\/02\/56936d73-6750-4025-9eb4-3041cc1363e5.jpg'><img loading=\"lazy\" decoding=\"async\" width=\"150\" height=\"150\" src=\"https:\/\/www.radiopiu.net\/wordpress\/wp-content\/uploads\/2024\/02\/56936d73-6750-4025-9eb4-3041cc1363e5-150x150.jpg\" class=\"attachment-thumbnail size-thumbnail\" alt=\"\" srcset=\"https:\/\/www.radiopiu.net\/wordpress\/wp-content\/uploads\/2024\/02\/56936d73-6750-4025-9eb4-3041cc1363e5-150x150.jpg 150w, https:\/\/www.radiopiu.net\/wordpress\/wp-content\/uploads\/2024\/02\/56936d73-6750-4025-9eb4-3041cc1363e5-300x300.jpg 300w, https:\/\/www.radiopiu.net\/wordpress\/wp-content\/uploads\/2024\/02\/56936d73-6750-4025-9eb4-3041cc1363e5-1024x1024.jpg 1024w, https:\/\/www.radiopiu.net\/wordpress\/wp-content\/uploads\/2024\/02\/56936d73-6750-4025-9eb4-3041cc1363e5-768x768.jpg 768w, https:\/\/www.radiopiu.net\/wordpress\/wp-content\/uploads\/2024\/02\/56936d73-6750-4025-9eb4-3041cc1363e5.jpg 1496w\" sizes=\"auto, (max-width: 150px) 100vw, 150px\" \/><\/a>\n\t\t\t\t<\/dt><\/dl><dl class='gallery-item'>\n\t\t\t\t<dt class='gallery-icon landscape'>\n\t\t\t\t\t<a class=\"rollover rollover-zoom dt-pswp-item\" title=\"02542fb0-8bba-4264-b844-e832b209ed06\" data-dt-img-description=\"\" data-large_image_width=\"1280\" data-large_image_height=\"963\"href='https:\/\/www.radiopiu.net\/wordpress\/wp-content\/uploads\/2024\/02\/02542fb0-8bba-4264-b844-e832b209ed06.jpg'><img loading=\"lazy\" decoding=\"async\" width=\"150\" height=\"150\" src=\"https:\/\/www.radiopiu.net\/wordpress\/wp-content\/uploads\/2024\/02\/02542fb0-8bba-4264-b844-e832b209ed06-150x150.jpg\" class=\"attachment-thumbnail size-thumbnail\" alt=\"\" \/><\/a>\n\t\t\t\t<\/dt><\/dl><dl class='gallery-item'>\n\t\t\t\t<dt class='gallery-icon landscape'>\n\t\t\t\t\t<a class=\"rollover rollover-zoom dt-pswp-item\" title=\"ccbf7e99-56c4-4c45-9e3e-8d4825d1b5cf\" data-dt-img-description=\"\" data-large_image_width=\"1280\" data-large_image_height=\"963\"href='https:\/\/www.radiopiu.net\/wordpress\/wp-content\/uploads\/2024\/02\/ccbf7e99-56c4-4c45-9e3e-8d4825d1b5cf.jpg'><img loading=\"lazy\" decoding=\"async\" width=\"150\" height=\"150\" src=\"https:\/\/www.radiopiu.net\/wordpress\/wp-content\/uploads\/2024\/02\/ccbf7e99-56c4-4c45-9e3e-8d4825d1b5cf-150x150.jpg\" class=\"attachment-thumbnail size-thumbnail\" alt=\"\" \/><\/a>\n\t\t\t\t<\/dt><\/dl><dl class='gallery-item'>\n\t\t\t\t<dt class='gallery-icon landscape'>\n\t\t\t\t\t<a class=\"rollover rollover-zoom dt-pswp-item\" title=\"40e4da33-db99-41b1-9a34-b6d5c569fcdb\" data-dt-img-description=\"\" data-large_image_width=\"1496\" data-large_image_height=\"1496\"href='https:\/\/www.radiopiu.net\/wordpress\/wp-content\/uploads\/2024\/02\/40e4da33-db99-41b1-9a34-b6d5c569fcdb.jpg'><img loading=\"lazy\" decoding=\"async\" width=\"150\" height=\"150\" src=\"https:\/\/www.radiopiu.net\/wordpress\/wp-content\/uploads\/2024\/02\/40e4da33-db99-41b1-9a34-b6d5c569fcdb-150x150.jpg\" class=\"attachment-thumbnail size-thumbnail\" alt=\"\" srcset=\"https:\/\/www.radiopiu.net\/wordpress\/wp-content\/uploads\/2024\/02\/40e4da33-db99-41b1-9a34-b6d5c569fcdb-150x150.jpg 150w, https:\/\/www.radiopiu.net\/wordpress\/wp-content\/uploads\/2024\/02\/40e4da33-db99-41b1-9a34-b6d5c569fcdb-300x300.jpg 300w, https:\/\/www.radiopiu.net\/wordpress\/wp-content\/uploads\/2024\/02\/40e4da33-db99-41b1-9a34-b6d5c569fcdb-1024x1024.jpg 1024w, https:\/\/www.radiopiu.net\/wordpress\/wp-content\/uploads\/2024\/02\/40e4da33-db99-41b1-9a34-b6d5c569fcdb-768x768.jpg 768w, https:\/\/www.radiopiu.net\/wordpress\/wp-content\/uploads\/2024\/02\/40e4da33-db99-41b1-9a34-b6d5c569fcdb.jpg 1496w\" sizes=\"auto, (max-width: 150px) 100vw, 150px\" \/><\/a>\n\t\t\t\t<\/dt><\/dl><br style=\"clear: both\" \/>\n\t\t\t<\/div>\n\n<p>&nbsp;<\/p>\n<h2>LA RACCOLTA COMPLETA <a href=\"https:\/\/www.radiopiu.net\/wordpress\/goodbye-by-bicicle-un-viaggio-dallindia-a-seren-del-grappa-in-bicicletta-03\/\">CLICCA QUI<\/a><\/h2>\n<p>&nbsp;<\/p>\n<p>&nbsp;<\/p>\n<p>&nbsp;<\/p>\n","protected":false},"excerpt":{"rendered":"<p>***** RADIO PIU&#8217; IN DAB + &#8230; IN TUTTO IL VENETO, DA JESOLO A VICENZA, PADOVA, VENEZIA, TREVISO, ROVIGO. DAB PLUS! cercaci sulla tua radio, in RDS passaggio automatico FM-DAB PLUS &nbsp; 40esimo di RADIOPIU\u2026. LA VOCE DELL\u2019EMOZIONE ISCRIVITI AL NOSTRO CANALE\u00a0\u00a0YOUTUBE PER SEGUIRE IN DIRETTA I PRINCIPALI PROGRAMMI DI RADIO PIU\u2019 E LE FUTURE&hellip;<\/p>\n","protected":false},"author":4,"featured_media":377680,"comment_status":"closed","ping_status":"closed","sticky":false,"template":"","format":"standard","meta":{"_monsterinsights_skip_tracking":false,"_monsterinsights_sitenote_active":false,"_monsterinsights_sitenote_note":"","_monsterinsights_sitenote_category":0,"footnotes":""},"categories":[51,86,49],"tags":[],"class_list":["post-377520","post","type-post","status-publish","format-standard","has-post-thumbnail","hentry","category-evidenza-top","category-gr","category-news-18","category-51","category-86","category-49","description-off"],"img_url":"https:\/\/www.radiopiu.net\/wordpress\/wp-content\/uploads\/2024\/03\/Senza-nome-20.png","_links":{"self":[{"href":"https:\/\/www.radiopiu.net\/wordpress\/wp-json\/wp\/v2\/posts\/377520","targetHints":{"allow":["GET"]}}],"collection":[{"href":"https:\/\/www.radiopiu.net\/wordpress\/wp-json\/wp\/v2\/posts"}],"about":[{"href":"https:\/\/www.radiopiu.net\/wordpress\/wp-json\/wp\/v2\/types\/post"}],"author":[{"embeddable":true,"href":"https:\/\/www.radiopiu.net\/wordpress\/wp-json\/wp\/v2\/users\/4"}],"replies":[{"embeddable":true,"href":"https:\/\/www.radiopiu.net\/wordpress\/wp-json\/wp\/v2\/comments?post=377520"}],"version-history":[{"count":0,"href":"https:\/\/www.radiopiu.net\/wordpress\/wp-json\/wp\/v2\/posts\/377520\/revisions"}],"wp:featuredmedia":[{"embeddable":true,"href":"https:\/\/www.radiopiu.net\/wordpress\/wp-json\/wp\/v2\/media\/377680"}],"wp:attachment":[{"href":"https:\/\/www.radiopiu.net\/wordpress\/wp-json\/wp\/v2\/media?parent=377520"}],"wp:term":[{"taxonomy":"category","embeddable":true,"href":"https:\/\/www.radiopiu.net\/wordpress\/wp-json\/wp\/v2\/categories?post=377520"},{"taxonomy":"post_tag","embeddable":true,"href":"https:\/\/www.radiopiu.net\/wordpress\/wp-json\/wp\/v2\/tags?post=377520"}],"curies":[{"name":"wp","href":"https:\/\/api.w.org\/{rel}","templated":true}]}}