{"id":377536,"date":"2024-03-05T05:05:40","date_gmt":"2024-03-05T04:05:40","guid":{"rendered":"https:\/\/www.radiopiu.net\/wordpress\/?p=377536"},"modified":"2024-03-05T05:05:40","modified_gmt":"2024-03-05T04:05:40","slug":"baby-gang-convalidati-arresti-per-rapina-e-lesioni-indagini-in-corso","status":"publish","type":"post","link":"https:\/\/www.radiopiu.net\/wordpress\/baby-gang-convalidati-arresti-per-rapina-e-lesioni-indagini-in-corso\/","title":{"rendered":"&#8220;Baby Gang: Convalidati Arresti per Rapina e Lesioni, Indagini in Corso&#8221;\u00a0"},"content":{"rendered":"<p>***<\/p>\n<p>&nbsp;<\/p>\n<div class=\"flex flex-grow flex-col max-w-full\">\n<div class=\"min-h-[20px] text-message flex flex-col items-start gap-3 whitespace-pre-wrap break-words [.text-message+&amp;]:mt-5 overflow-x-auto\" data-message-author-role=\"assistant\" data-message-id=\"59c772fd-e0dc-4c84-bbe0-a8fd8ccd03d1\">\n<div class=\"markdown prose w-full break-words dark:prose-invert dark\">\n<blockquote><p><em><a class=\"dt-pswp-item\" href=\"https:\/\/www.radiopiu.net\/wordpress\/wp-content\/uploads\/2024\/03\/pexels-photo-4100674.jpg\" data-dt-img-description=\"\" data-large_image_width=\"400\" data-large_image_height=\"600\"><img loading=\"lazy\" decoding=\"async\" class=\" wp-image-377535 alignleft\" src=\"https:\/\/www.radiopiu.net\/wordpress\/wp-content\/uploads\/2024\/03\/pexels-photo-4100674-200x300.jpg\" alt=\"\" width=\"108\" height=\"162\" srcset=\"https:\/\/www.radiopiu.net\/wordpress\/wp-content\/uploads\/2024\/03\/pexels-photo-4100674-200x300.jpg 200w, https:\/\/www.radiopiu.net\/wordpress\/wp-content\/uploads\/2024\/03\/pexels-photo-4100674.jpg 400w\" sizes=\"auto, (max-width: 108px) 100vw, 108px\" \/><\/a>Nella giustizia dei giovani risiede la protezione della comunit\u00e0: la conferma della custodia per la baby gang coinvolta in rapina e lesioni riflette la volont\u00e0 di prevenire il ripetersi del crimine e di garantire sicurezza, nonostante la loro giovane et\u00e0. Le indagini proseguono per assicurare giustizia e protezione agli abitanti di Feltre.<\/em><\/p><\/blockquote>\n<\/div>\n<\/div>\n<\/div>\n<div class=\"pr-2 lg:pr-0\">\n<div class=\"w-full text-token-text-primary\" data-testid=\"conversation-turn-63\">\n<div class=\"px-4 py-2 justify-center text-base md:gap-6 m-auto\">\n<div class=\"flex flex-1 text-base mx-auto gap-3 md:px-5 lg:px-1 xl:px-5 md:max-w-3xl lg:max-w-[40rem] xl:max-w-[48rem] group\">\n<div class=\"relative flex w-full flex-col agent-turn\">\n<div class=\"flex-col gap-1 md:gap-3\">\n<div class=\"flex flex-grow flex-col max-w-full\">\n<div class=\"min-h-[20px] text-message flex flex-col items-start gap-3 whitespace-pre-wrap break-words [.text-message+&amp;]:mt-5 overflow-x-auto\" data-message-author-role=\"assistant\" data-message-id=\"c4434549-0736-487f-aea4-b122c0919745\">\n<div class=\"markdown prose w-full break-words dark:prose-invert dark\">\n<blockquote>\n<h2><\/h2>\n<\/blockquote>\n<p><strong>\u00a0FELTRE <\/strong>\u00a0La baby gang coinvolta in un caso di rapina e lesioni rimane in custodia. Il maggiorenne \u00e8 detenuto a Baldenich, mentre i due minorenni sono ospitati in una comunit\u00e0. I Tribunali dei Minori di Venezia e di Belluno hanno convalidato gli arresti eseguiti dai carabinieri di Feltre. Le udienze di convalida hanno confermato la custodia cautelare per il pericolo della ripetizione del reato, nonostante la giovane et\u00e0 degli imputati. Le indagini preliminari continuano per accertare eventuali altri reati commessi dal gruppo, che ha colpito in pi\u00f9 occasioni nella zona di Feltre.<\/p>\n<p>&nbsp;<\/p>\n<\/div>\n<\/div>\n<hr \/>\n<div class=\"min-h-[20px] text-message flex flex-col items-start gap-3 whitespace-pre-wrap break-words [.text-message+&amp;]:mt-5 overflow-x-auto\" data-message-author-role=\"assistant\" data-message-id=\"c4434549-0736-487f-aea4-b122c0919745\">\n<div class=\"markdown prose w-full break-words dark:prose-invert dark\">\n<p>&nbsp;<\/p>\n<\/div>\n<\/div>\n<\/div>\n<\/div>\n<\/div>\n<\/div>\n<\/div>\n<\/div>\n<\/div>\n","protected":false},"excerpt":{"rendered":"<p>*** &nbsp; Nella giustizia dei giovani risiede la protezione della comunit\u00e0: la conferma della custodia per la baby gang coinvolta in rapina e lesioni riflette la volont\u00e0 di prevenire il ripetersi del crimine e di garantire sicurezza, nonostante la loro giovane et\u00e0. Le indagini proseguono per assicurare giustizia e protezione agli abitanti di Feltre. \u00a0FELTRE&hellip;<\/p>\n","protected":false},"author":4,"featured_media":377535,"comment_status":"closed","ping_status":"closed","sticky":false,"template":"","format":"standard","meta":{"_monsterinsights_skip_tracking":false,"_monsterinsights_sitenote_active":false,"_monsterinsights_sitenote_note":"","_monsterinsights_sitenote_category":0,"footnotes":""},"categories":[51,49],"tags":[],"class_list":["post-377536","post","type-post","status-publish","format-standard","has-post-thumbnail","hentry","category-evidenza-top","category-news-18","category-51","category-49","description-off"],"img_url":"https:\/\/www.radiopiu.net\/wordpress\/wp-content\/uploads\/2024\/03\/pexels-photo-4100674.jpg","_links":{"self":[{"href":"https:\/\/www.radiopiu.net\/wordpress\/wp-json\/wp\/v2\/posts\/377536","targetHints":{"allow":["GET"]}}],"collection":[{"href":"https:\/\/www.radiopiu.net\/wordpress\/wp-json\/wp\/v2\/posts"}],"about":[{"href":"https:\/\/www.radiopiu.net\/wordpress\/wp-json\/wp\/v2\/types\/post"}],"author":[{"embeddable":true,"href":"https:\/\/www.radiopiu.net\/wordpress\/wp-json\/wp\/v2\/users\/4"}],"replies":[{"embeddable":true,"href":"https:\/\/www.radiopiu.net\/wordpress\/wp-json\/wp\/v2\/comments?post=377536"}],"version-history":[{"count":0,"href":"https:\/\/www.radiopiu.net\/wordpress\/wp-json\/wp\/v2\/posts\/377536\/revisions"}],"wp:featuredmedia":[{"embeddable":true,"href":"https:\/\/www.radiopiu.net\/wordpress\/wp-json\/wp\/v2\/media\/377535"}],"wp:attachment":[{"href":"https:\/\/www.radiopiu.net\/wordpress\/wp-json\/wp\/v2\/media?parent=377536"}],"wp:term":[{"taxonomy":"category","embeddable":true,"href":"https:\/\/www.radiopiu.net\/wordpress\/wp-json\/wp\/v2\/categories?post=377536"},{"taxonomy":"post_tag","embeddable":true,"href":"https:\/\/www.radiopiu.net\/wordpress\/wp-json\/wp\/v2\/tags?post=377536"}],"curies":[{"name":"wp","href":"https:\/\/api.w.org\/{rel}","templated":true}]}}