{"id":377558,"date":"2024-03-13T05:17:08","date_gmt":"2024-03-13T04:17:08","guid":{"rendered":"https:\/\/www.radiopiu.net\/wordpress\/?p=377558"},"modified":"2024-03-13T05:28:51","modified_gmt":"2024-03-13T04:28:51","slug":"ocio-chel-sgrafa-anche-il-comune-pronto-a-celebrare-alvise-andrich","status":"publish","type":"post","link":"https:\/\/www.radiopiu.net\/wordpress\/ocio-chel-sgrafa-anche-il-comune-pronto-a-celebrare-alvise-andrich\/","title":{"rendered":"&#8220;OCIO CHEL SGRAFA&#8221;, ANCHE IL COMUNE PRONTO A CELEBRARE ALVISE ANDRICH"},"content":{"rendered":"<p>***<\/p>\n<p>&nbsp;<\/p>\n<blockquote>\n<div class=\"flex-1 overflow-hidden\">\n<div class=\"react-scroll-to-bottom--css-amsub-79elbk h-full\">\n<div class=\"react-scroll-to-bottom--css-amsub-1n7m0yu\">\n<div class=\"flex flex-col text-sm pb-9\">\n<div class=\"w-full text-token-text-primary\" data-testid=\"conversation-turn-71\">\n<div class=\"px-4 py-2 justify-center text-base md:gap-6 m-auto\">\n<div class=\"flex flex-1 text-base mx-auto gap-3 md:px-5 lg:px-1 xl:px-5 md:max-w-3xl lg:max-w-[40rem] xl:max-w-[48rem] group final-completion\">\n<div class=\"relative flex w-full flex-col agent-turn\">\n<div class=\"flex-col gap-1 md:gap-3\">\n<div class=\"flex flex-grow flex-col max-w-full\">\n<div class=\"min-h-[20px] text-message flex flex-col items-start gap-3 whitespace-pre-wrap break-words [.text-message+&amp;]:mt-5 overflow-x-auto\" data-message-author-role=\"assistant\" data-message-id=\"e0c38424-6987-41a0-adf9-7e18a6070ac3\">\n<div class=\"markdown prose w-full break-words dark:prose-invert dark\">\n<h2><\/h2>\n<\/div>\n<\/div>\n<\/div>\n<\/div>\n<\/div>\n<\/div>\n<\/div>\n<\/div>\n<\/div>\n<\/div>\n<\/div>\n<\/div>\n<blockquote><p><strong><a class=\"dt-pswp-item\" href=\"https:\/\/www.radiopiu.net\/wordpress\/wp-content\/uploads\/2023\/07\/FABIO.png\" data-dt-img-description=\"\" data-large_image_width=\"334\" data-large_image_height=\"254\"><img loading=\"lazy\" decoding=\"async\" class=\"wp-image-344768 alignleft\" src=\"https:\/\/www.radiopiu.net\/wordpress\/wp-content\/uploads\/2023\/07\/FABIO-300x228.png\" alt=\"\" width=\"130\" height=\"99\" srcset=\"https:\/\/www.radiopiu.net\/wordpress\/wp-content\/uploads\/2023\/07\/FABIO-300x228.png 300w, https:\/\/www.radiopiu.net\/wordpress\/wp-content\/uploads\/2023\/07\/FABIO.png 334w\" sizes=\"auto, (max-width: 130px) 100vw, 130px\" \/><\/a>\u00a0VALLADA\u00a0<\/strong> Sono riaffiorati i ricordi a Vallada, in Valle del Bioi, in Provincia e anche altrove. I pi\u00f9 giovani hanno fatto ricorso ai libri di storia, la vicenda di Alvise Andrich \u00e8 di quelle che rimangono nel cuore.<\/p>\n<p>Nel paese della Valle del Biois Alvise sar\u00e0 ricordato anche dall&#8217;amministrazione comunale come anticipato dal sindaco Fabio Luchetta. Di seguito riproponiamo uno degli articoli di una decina di giorni fa. A Vallada gli appassionati della storia del\u00a0 gruppo alpini da tempo sono al lavoro per ricostruire le vicente di Alvise Andrich.<\/p><\/blockquote>\n<p>&nbsp;<\/p>\n<blockquote>\n<h1><span style=\"color: #ff0000;\">ARCHIVIO, 5 MARZO 2024<\/span><\/h1>\n<h1>Ritrovato\u00a0 Il Macchi C205 di Alvise Andrich, Asso dell&#8217;Aeronautica Militare<\/h1>\n<\/blockquote>\n<blockquote>\n<h1><a class=\"dt-pswp-item\" style=\"font-size: 14px; font-weight: normal;\" href=\"https:\/\/www.radiopiu.net\/wordpress\/wp-content\/uploads\/2024\/03\/Senza-nome-16.png\" data-dt-img-description=\"\" data-large_image_width=\"819\" data-large_image_height=\"471\"><img loading=\"lazy\" decoding=\"async\" class=\"size-medium wp-image-377556 alignleft\" src=\"https:\/\/www.radiopiu.net\/wordpress\/wp-content\/uploads\/2024\/03\/Senza-nome-16-300x173.png\" alt=\"\" width=\"300\" height=\"173\" srcset=\"https:\/\/www.radiopiu.net\/wordpress\/wp-content\/uploads\/2024\/03\/Senza-nome-16-300x173.png 300w, https:\/\/www.radiopiu.net\/wordpress\/wp-content\/uploads\/2024\/03\/Senza-nome-16-768x442.png 768w, https:\/\/www.radiopiu.net\/wordpress\/wp-content\/uploads\/2024\/03\/Senza-nome-16.png 819w\" sizes=\"auto, (max-width: 300px) 100vw, 300px\" \/><\/a><\/h1>\n<\/blockquote>\n<p>Dopo oltre 80 anni, un pezzo di storia dell&#8217;Aeronautica militare \u00e8 tornato alla luce: si tratta del Macchi C205 serie I, appartenuto al sergente maggiore pilota Alvise Andrich, asso dell&#8217;Aeronautica militare e pluridecorato al valore. Il relitto dell&#8217;aereo \u00e8 stato ritrovato nel mare di Pantelleria nel 2007 e recuperato l&#8217;anno scorso, grazie alla collaborazione tra varie autorit\u00e0. Il completo restauro del velivolo \u00e8 stato seguito dall&#8217;Aeronautica, che ha presentato il risultato a Roma, con la presenza del figlio dell&#8217;aviatore. Alvise Andrich, noto anche come alpinista, partecip\u00f2 alla difesa di Pantelleria nel giugno del 1943, dove venne abbattuto. Dopo la guerra, continu\u00f2 la carriera nell&#8217;Aeronautica e perse la vita nel 1951 durante una missione di trasferimento, ma il suo eroismo gli valse la medaglia d&#8217;argento alla memoria.<\/p><\/blockquote>\n<hr \/>\n<p>&nbsp;<\/p>\n","protected":false},"excerpt":{"rendered":"<p>*** &nbsp; \u00a0VALLADA\u00a0 Sono riaffiorati i ricordi a Vallada, in Valle del Bioi, in Provincia e anche altrove. I pi\u00f9 giovani hanno fatto ricorso ai libri di storia, la vicenda di Alvise Andrich \u00e8 di quelle che rimangono nel cuore. Nel paese della Valle del Biois Alvise sar\u00e0 ricordato anche dall&#8217;amministrazione comunale come anticipato dal&hellip;<\/p>\n","protected":false},"author":4,"featured_media":377556,"comment_status":"closed","ping_status":"closed","sticky":false,"template":"","format":"standard","meta":{"_monsterinsights_skip_tracking":false,"_monsterinsights_sitenote_active":false,"_monsterinsights_sitenote_note":"","_monsterinsights_sitenote_category":0,"footnotes":""},"categories":[51,49],"tags":[],"class_list":["post-377558","post","type-post","status-publish","format-standard","has-post-thumbnail","hentry","category-evidenza-top","category-news-18","category-51","category-49","description-off"],"img_url":"https:\/\/www.radiopiu.net\/wordpress\/wp-content\/uploads\/2024\/03\/Senza-nome-16.png","_links":{"self":[{"href":"https:\/\/www.radiopiu.net\/wordpress\/wp-json\/wp\/v2\/posts\/377558","targetHints":{"allow":["GET"]}}],"collection":[{"href":"https:\/\/www.radiopiu.net\/wordpress\/wp-json\/wp\/v2\/posts"}],"about":[{"href":"https:\/\/www.radiopiu.net\/wordpress\/wp-json\/wp\/v2\/types\/post"}],"author":[{"embeddable":true,"href":"https:\/\/www.radiopiu.net\/wordpress\/wp-json\/wp\/v2\/users\/4"}],"replies":[{"embeddable":true,"href":"https:\/\/www.radiopiu.net\/wordpress\/wp-json\/wp\/v2\/comments?post=377558"}],"version-history":[{"count":0,"href":"https:\/\/www.radiopiu.net\/wordpress\/wp-json\/wp\/v2\/posts\/377558\/revisions"}],"wp:featuredmedia":[{"embeddable":true,"href":"https:\/\/www.radiopiu.net\/wordpress\/wp-json\/wp\/v2\/media\/377556"}],"wp:attachment":[{"href":"https:\/\/www.radiopiu.net\/wordpress\/wp-json\/wp\/v2\/media?parent=377558"}],"wp:term":[{"taxonomy":"category","embeddable":true,"href":"https:\/\/www.radiopiu.net\/wordpress\/wp-json\/wp\/v2\/categories?post=377558"},{"taxonomy":"post_tag","embeddable":true,"href":"https:\/\/www.radiopiu.net\/wordpress\/wp-json\/wp\/v2\/tags?post=377558"}],"curies":[{"name":"wp","href":"https:\/\/api.w.org\/{rel}","templated":true}]}}