{"id":377638,"date":"2024-03-06T05:39:08","date_gmt":"2024-03-06T04:39:08","guid":{"rendered":"https:\/\/www.radiopiu.net\/wordpress\/?p=377638"},"modified":"2024-03-06T05:41:12","modified_gmt":"2024-03-06T04:41:12","slug":"un-martedi-impegnativo-per-il-suem-118","status":"publish","type":"post","link":"https:\/\/www.radiopiu.net\/wordpress\/un-martedi-impegnativo-per-il-suem-118\/","title":{"rendered":"UN MARTEDI&#8217; IMPEGNATIVO PER IL SUEM 118"},"content":{"rendered":"<p>****<\/p>\n<p>&nbsp;<\/p>\n<p><strong><a class=\"dt-pswp-item\" href=\"https:\/\/www.radiopiu.net\/wordpress\/wp-content\/uploads\/2023\/08\/suem.png\" data-dt-img-description=\"\" data-large_image_width=\"273\" data-large_image_height=\"127\"><img loading=\"lazy\" decoding=\"async\" class=\" wp-image-348238 alignleft\" src=\"https:\/\/www.radiopiu.net\/wordpress\/wp-content\/uploads\/2023\/08\/suem.png\" alt=\"\" width=\"157\" height=\"73\" \/><\/a>REDAZIONE<\/strong> Una giornata impegnativa quella di ieri per il Suem 118 impegnato in vari interventi. La giornata \u00e8 iniziata poco prima delle 9:30 quando l&#8217;elicottero Falco \u00e8 volato a <strong>Cortina D&#8217;Ampezzo<\/strong> per soccorrere una donna di 90 anni che si era procurata un trauma ed \u00e8 stata portata al San Martino di Belluno. Alle 10:40 il secondo volo di Falco in direzione <strong>Livinallongo del Col Di Lana<\/strong> dove una 21enne di Roma si era fatta male in pista ed \u00e8 stata portata al nosocomio di Agordo. Poco dopo un altro intervento, questa volta in <strong>Val di Zoldo<\/strong> dove un uomo di 51 anni originario di Roma aveva accusato un malore in pista. Poco dopo le 13 un incidente a <a class=\"dt-pswp-item\" href=\"https:\/\/www.radiopiu.net\/wordpress\/wp-content\/uploads\/2023\/05\/ospedale-di-feltre.jpeg\" data-dt-img-description=\"\" data-large_image_width=\"650\" data-large_image_height=\"463\"><img loading=\"lazy\" decoding=\"async\" class=\" wp-image-336242 alignleft\" src=\"https:\/\/www.radiopiu.net\/wordpress\/wp-content\/uploads\/2023\/05\/ospedale-di-feltre-300x214.jpeg\" alt=\"\" width=\"226\" height=\"161\" srcset=\"https:\/\/www.radiopiu.net\/wordpress\/wp-content\/uploads\/2023\/05\/ospedale-di-feltre-300x214.jpeg 300w, https:\/\/www.radiopiu.net\/wordpress\/wp-content\/uploads\/2023\/05\/ospedale-di-feltre.jpeg 650w\" sizes=\"auto, (max-width: 226px) 100vw, 226px\" \/><\/a><strong>Feltre<\/strong> ha coinvolto un minore che \u00e8 stato portato in ambulanza al Santa Maria del Prato. Alle 13:44 Falco si \u00e8 alzato di nuovo in volo per soccorrere due persone con trauma agli arti ed elitrasportarli da <strong>Livinallongo<\/strong> all&#8217;ospedale Papa Luciani di Agordo.<\/p>\n<p>&nbsp;<\/p>\n<p><strong>FELTRE<\/strong> Un diciassettenne di Feltre \u00e8 stato trasportato d&#8217;urgenza in ospedale dopo un incidente in sella alla sua moto Honda 125, avvenuto ieri poco dopo le 13 in zona Traversere, all&#8217;incrocio tra via Fusinato e via Ruzzante. L&#8217;impatto ha coinvolto anche una Renault Megane, ma il conducente \u00e8 rimasto illeso. Sul posto sono intervenuti rapidamente ambulanze del 118, vigili del fuoco e polizia locale per i rilievi. Il giovane \u00e8 stato trasportato al pronto soccorso con ferite di media gravit\u00e0, rimanendo cosciente durante tutto il soccorso.<br \/>\n&nbsp;<\/p>\n<p>&nbsp;<\/p>\n<p>*******<\/p>\n","protected":false},"excerpt":{"rendered":"<p>**** &nbsp; REDAZIONE Una giornata impegnativa quella di ieri per il Suem 118 impegnato in vari interventi. La giornata \u00e8 iniziata poco prima delle 9:30 quando l&#8217;elicottero Falco \u00e8 volato a Cortina D&#8217;Ampezzo per soccorrere una donna di 90 anni che si era procurata un trauma ed \u00e8 stata portata al San Martino di Belluno.&hellip;<\/p>\n","protected":false},"author":4,"featured_media":247613,"comment_status":"closed","ping_status":"closed","sticky":false,"template":"","format":"standard","meta":{"_monsterinsights_skip_tracking":false,"_monsterinsights_sitenote_active":false,"_monsterinsights_sitenote_note":"","_monsterinsights_sitenote_category":0,"footnotes":""},"categories":[51,49],"tags":[],"class_list":["post-377638","post","type-post","status-publish","format-standard","has-post-thumbnail","hentry","category-evidenza-top","category-news-18","category-51","category-49","description-off"],"img_url":"https:\/\/www.radiopiu.net\/wordpress\/wp-content\/uploads\/2021\/12\/salt-suem.jpg","_links":{"self":[{"href":"https:\/\/www.radiopiu.net\/wordpress\/wp-json\/wp\/v2\/posts\/377638","targetHints":{"allow":["GET"]}}],"collection":[{"href":"https:\/\/www.radiopiu.net\/wordpress\/wp-json\/wp\/v2\/posts"}],"about":[{"href":"https:\/\/www.radiopiu.net\/wordpress\/wp-json\/wp\/v2\/types\/post"}],"author":[{"embeddable":true,"href":"https:\/\/www.radiopiu.net\/wordpress\/wp-json\/wp\/v2\/users\/4"}],"replies":[{"embeddable":true,"href":"https:\/\/www.radiopiu.net\/wordpress\/wp-json\/wp\/v2\/comments?post=377638"}],"version-history":[{"count":0,"href":"https:\/\/www.radiopiu.net\/wordpress\/wp-json\/wp\/v2\/posts\/377638\/revisions"}],"wp:featuredmedia":[{"embeddable":true,"href":"https:\/\/www.radiopiu.net\/wordpress\/wp-json\/wp\/v2\/media\/247613"}],"wp:attachment":[{"href":"https:\/\/www.radiopiu.net\/wordpress\/wp-json\/wp\/v2\/media?parent=377638"}],"wp:term":[{"taxonomy":"category","embeddable":true,"href":"https:\/\/www.radiopiu.net\/wordpress\/wp-json\/wp\/v2\/categories?post=377638"},{"taxonomy":"post_tag","embeddable":true,"href":"https:\/\/www.radiopiu.net\/wordpress\/wp-json\/wp\/v2\/tags?post=377638"}],"curies":[{"name":"wp","href":"https:\/\/api.w.org\/{rel}","templated":true}]}}