{"id":377678,"date":"2024-03-07T05:40:31","date_gmt":"2024-03-07T04:40:31","guid":{"rendered":"https:\/\/www.radiopiu.net\/wordpress\/?p=377678"},"modified":"2024-03-07T09:47:04","modified_gmt":"2024-03-07T08:47:04","slug":"giornale-radiopiu-07-marzo-2024-direttore-mirko-mezzacasada-40-anni-25-giugno-1983-25-giugno-2023","status":"publish","type":"post","link":"https:\/\/www.radiopiu.net\/wordpress\/giornale-radiopiu-07-marzo-2024-direttore-mirko-mezzacasada-40-anni-25-giugno-1983-25-giugno-2023\/","title":{"rendered":"GIORNALE RADIOPIU 07 MARZO 2024 DIRETTORE MIRKO MEZZACASA\u2026DA 40 ANNI 25 GIUGNO 1983-25 GIUGNO 2023"},"content":{"rendered":"<p>*****<\/p>\n<p>&nbsp;<\/p>\n<h1><span style=\"color: #ff0000;\"><strong>ULTIM&#8217;ORA, SEI DEL MATTINO<\/strong><\/span><\/h1>\n<p>&nbsp;<\/p>\n<p><img decoding=\"async\" class=\"alignleft\" src=\"https:\/\/www.radiopiu.net\/wordpress\/wp-content\/uploads\/2024\/03\/download-1.jpg\" \/><strong>SELVA DI CADORE<\/strong><\/p>\n<p><strong>DI MIRKO MEZZACASA<\/strong><\/p>\n<p><strong>NOTIZIARIO EDIZIONE STRAORDINARIA DELLE NOVE DEL MATTINO<\/strong><\/p>\n<p>&nbsp;<\/p>\n<p>&nbsp;<\/p>\n<p>&nbsp;<\/p>\n<audio class=\"wp-audio-shortcode\" id=\"audio-377678-1\" preload=\"none\" style=\"width: 100%;\" controls=\"controls\"><source type=\"audio\/mpeg\" src=\"https:\/\/www.radiopiu.net\/wordpress\/wp-content\/uploads\/2024\/03\/silvia.mp3?_=1\" \/><a href=\"https:\/\/www.radiopiu.net\/wordpress\/wp-content\/uploads\/2024\/03\/silvia.mp3\">https:\/\/www.radiopiu.net\/wordpress\/wp-content\/uploads\/2024\/03\/silvia.mp3<\/a><\/audio>\n<p>&nbsp;<\/p>\n<p>FONTE: <span style=\"color: #0000ff;\"><strong>www.chiesabellunofeltre.it<\/strong><\/span><\/p>\n<div class=\"content_container\">\n<section class=\"content_wrap grid-container row\" role=\"document\">\n<div class=\"grid-x grid-padding-x\">\n<div id=\"content\" class=\"small-12 large-12 columns cell\" role=\"main\">\n<article id=\"post-34209\" class=\"post-34209 post type-post status-publish format-standard has-post-thumbnail hentry category-news\">\n<header class=\"entry-header\">\n<h4 class=\"seed_wp_starter_so_occhiello\"><a title=\"\u00c8 morto don Lorenzo Dell\u2019Andrea\" href=\"https:\/\/www.chiesabellunofeltre.it\/e-morto-don-lorenzo-dellandrea\/\"><img loading=\"lazy\" decoding=\"async\" class=\"attachment-post-thumbnail wp-post-image alignright\" src=\"https:\/\/www.chiesabellunofeltre.it\/wp-content\/uploads\/sites\/3\/2024\/03\/07\/don-Lorenzo-DellAndrea23.jpg\" sizes=\"auto, (max-width: 672px) 100vw, 672px\" srcset=\"https:\/\/www.chiesabellunofeltre.it\/wp-content\/uploads\/sites\/3\/2024\/03\/07\/don-Lorenzo-DellAndrea23.jpg 672w, https:\/\/www.chiesabellunofeltre.it\/wp-content\/uploads\/sites\/3\/2024\/03\/07\/don-Lorenzo-DellAndrea23-300x294.jpg 300w, https:\/\/www.chiesabellunofeltre.it\/wp-content\/uploads\/sites\/3\/2024\/03\/07\/don-Lorenzo-DellAndrea23-600x588.jpg 600w\" alt=\"\" width=\"207\" height=\"203\" \/><\/a>Aveva 93 anni e quasi 70 di sacerdozio\u00c8 morto don Lorenzo Dell\u2019Andrea<\/h4>\n<h2 class=\"seed_wp_starter_so_sottotitolo\">Resta il ricordo di un prete pienamente inserito nel mondo delle comunicazioni, per le quali seppe intuire e anticipare le novit\u00e0 emergenti<\/h2>\n<\/header>\n<div class=\"entry-content-post\">\n<p>\u00c8 morto ieri sera (mercoled\u00ec 6 marzo) don Lorenzo Dell\u2019Andrea, di anni 93. Ricoverato marted\u00ec sera a seguito di una caduta in casa, era stato dimesso e portato in Casa Padre Kolbe a Pedavena, nella speranza che potesse rimettersi. Invece ieri sera, poco prima delle 23.00, si \u00e8 conclusa la sua intraprendente vicenda terrena.<\/p>\n<\/div>\n<\/article>\n<\/div>\n<\/div>\n<\/section>\n<\/div>\n<p>&nbsp;<\/p>\n<p>&nbsp;<\/p>\n<hr \/>\n<h1 class=\"entry-title photoswipe-wrapper\"><em><span style=\"color: #0000ff;\"><a class=\"dt-pswp-item\" href=\"https:\/\/www.radiopiu.net\/wordpress\/wp-content\/uploads\/2024\/03\/Senza-nome-14.png\" data-dt-img-description=\"\" data-large_image_width=\"263\" data-large_image_height=\"115\"><img loading=\"lazy\" decoding=\"async\" class=\"size-full wp-image-377546 alignleft\" src=\"https:\/\/www.radiopiu.net\/wordpress\/wp-content\/uploads\/2024\/03\/Senza-nome-14.png\" alt=\"\" width=\"263\" height=\"115\" \/><\/a>RADIO PIU&#8217; IN DAB + &#8230; IN\u00a0 VENETO, DA JESOLO A VICENZA, PADOVA, VENEZIA, TREVISO, ROVIGO.<\/span><\/em><\/h1>\n<h1 class=\"entry-title photoswipe-wrapper\"><span style=\"color: #0000ff;\">DAB PLUS! cercaci sulla tua radio, in RDS passaggio automatico FM-DAB PLUS<\/span><\/h1>\n<p>&nbsp;<\/p>\n<h1 class=\"entry-title photoswipe-wrapper\">40esimo di RADIOPIU\u2026. LA VOCE DELL\u2019EMOZIONE<\/h1>\n<h2><\/h2>\n<h2><span style=\"color: #ff0000;\">ISCRIVITI AL NOSTRO CANALE\u00a0\u00a0YOUTUBE PER SEGUIRE IN DIRETTA I PRINCIPALI PROGRAMMI DI RADIO PIU\u2019 E LE FUTURE DIRETTE IN ESTERNA. PER ISCRIVERTI <a style=\"color: #ff0000;\" href=\"https:\/\/youtube.com\/@radiopiu1527\">CLICCA QUI\u00a0<\/a>E PREMI\u00a0 \u201cIscriviti\u201d\u00a0 \u00a0<\/span><\/h2>\n<div class=\"x1e56ztr\" data-block=\"true\" data-editor=\"avj4u\" data-offset-key=\"d3i0j-0-0\"><\/div>\n<div data-block=\"true\" data-editor=\"avj4u\" data-offset-key=\"d3i0j-0-0\"><\/div>\n<div data-block=\"true\" data-editor=\"avj4u\" data-offset-key=\"d3i0j-0-0\"><\/div>\n<div class=\"x11i5rnm xat24cr x1mh8g0r x1vvkbs xtlvy1s x126k92a\">\n<div dir=\"auto\">\n<p><a class=\"dt-pswp-item\" href=\"https:\/\/www.radiopiu.net\/wordpress\/wp-content\/uploads\/2023\/10\/34f4cfc6-e863-46e9-9695-8df44be63421.jpg\" data-dt-img-description=\"\" data-large_image_width=\"1200\" data-large_image_height=\"1200\"><img loading=\"lazy\" decoding=\"async\" class=\"wp-image-357393 alignleft\" src=\"https:\/\/www.radiopiu.net\/wordpress\/wp-content\/uploads\/2023\/10\/34f4cfc6-e863-46e9-9695-8df44be63421-300x300.jpg\" alt=\"\" width=\"81\" height=\"81\" srcset=\"https:\/\/www.radiopiu.net\/wordpress\/wp-content\/uploads\/2023\/10\/34f4cfc6-e863-46e9-9695-8df44be63421-300x300.jpg 300w, https:\/\/www.radiopiu.net\/wordpress\/wp-content\/uploads\/2023\/10\/34f4cfc6-e863-46e9-9695-8df44be63421-1024x1024.jpg 1024w, https:\/\/www.radiopiu.net\/wordpress\/wp-content\/uploads\/2023\/10\/34f4cfc6-e863-46e9-9695-8df44be63421-150x150.jpg 150w, https:\/\/www.radiopiu.net\/wordpress\/wp-content\/uploads\/2023\/10\/34f4cfc6-e863-46e9-9695-8df44be63421-768x768.jpg 768w, https:\/\/www.radiopiu.net\/wordpress\/wp-content\/uploads\/2023\/10\/34f4cfc6-e863-46e9-9695-8df44be63421.jpg 1200w\" sizes=\"auto, (max-width: 81px) 100vw, 81px\" \/><\/a>OGGI ALLA RADIO: <strong>ALLE 7<\/strong> LA RASSEGNA STAMPA LOCALE FLASH, PER CHI COME NOI ALLE SETTE DEL MATTINO VA DI FRETTA, TANTE NOTIZIE IN POCHE CHIACCHIERE. <strong>ALLE OTTO<\/strong> L&#8217;APPROFONDIMENTO NELLA STORICA RASSEGNA STAMPA LOCALE.\u00a0 DALLE 6 ALLE 21, OGNI ORA, L&#8217;INFORMAZIONE NAZIONALE, l&#8217;informazione locale,\u00a0 OGNI ORA IN CODA AL GR NAZIONALE, ALLE 14 VIABILITA 15 METEOROLOGIA 19 I TITOLI DAL TG DI ANTENNA 3 A CURA DI TIZIANA BOLOGNANI<\/p>\n<hr \/>\n<div dir=\"auto\">\n<p><strong>\u00a0<\/strong><\/p>\n<p><strong>\u00a0<\/strong><\/p>\n<h1><strong>GIAU RIAPERTO, VALPAROLA CHIUSO!<\/strong><\/h1>\n<p><strong>Si comunica la riapertura del seguente tratto stradale: &#8211; S.P. 638 \u201cdel Passo Giau\u201d dal km 13+100 (loc. Fedare) al km 18+900 (bivio Posalz).<\/strong><br \/>\n<strong><span style=\"color: #ff0000;\">Permane la chiusura del seguente tratto stradale: <\/span>&#8211; S.P. 24 \u201cdel Passo Val Parola\u201d dal km 0+000 (Passo Falzarego) al km 5+250 (confine Provincia di Bolzano);<\/strong><\/p>\n<p><strong>E\u2019 chiusa la \u00a0S.P. 33 \u201cdi Sauris\u201d dal km 0+000 (innesto S.P. 619) al km 6+800 (confine Provincia di Udine)\u00a0<\/strong><\/p>\n<p>&nbsp;<\/p>\n<p>&nbsp;<\/p>\n<p>&nbsp;<\/p>\n<hr \/>\n<\/div>\n<div dir=\"auto\"><\/div>\n<p><strong><a class=\"dt-pswp-item\" href=\"https:\/\/www.radiopiu.net\/wordpress\/wp-content\/uploads\/2024\/02\/2d44e751-d8a8-461b-8e22-d8e4e853b032.jpg\" data-dt-img-description=\"\" data-large_image_width=\"1600\" data-large_image_height=\"1200\"><img loading=\"lazy\" decoding=\"async\" class=\"wp-image-373307 alignleft\" src=\"https:\/\/www.radiopiu.net\/wordpress\/wp-content\/uploads\/2024\/02\/2d44e751-d8a8-461b-8e22-d8e4e853b032-300x225.jpg\" alt=\"\" width=\"105\" height=\"79\" srcset=\"https:\/\/www.radiopiu.net\/wordpress\/wp-content\/uploads\/2024\/02\/2d44e751-d8a8-461b-8e22-d8e4e853b032-300x225.jpg 300w, https:\/\/www.radiopiu.net\/wordpress\/wp-content\/uploads\/2024\/02\/2d44e751-d8a8-461b-8e22-d8e4e853b032-1024x768.jpg 1024w, https:\/\/www.radiopiu.net\/wordpress\/wp-content\/uploads\/2024\/02\/2d44e751-d8a8-461b-8e22-d8e4e853b032-768x576.jpg 768w, https:\/\/www.radiopiu.net\/wordpress\/wp-content\/uploads\/2024\/02\/2d44e751-d8a8-461b-8e22-d8e4e853b032-1536x1152.jpg 1536w, https:\/\/www.radiopiu.net\/wordpress\/wp-content\/uploads\/2024\/02\/2d44e751-d8a8-461b-8e22-d8e4e853b032.jpg 1600w\" sizes=\"auto, (max-width: 105px) 100vw, 105px\" \/><\/a>EL BAL DEL FIOR, DI GIULIANA DA RONCH, 07 MARZO 2024\u00a0<\/strong><\/p>\n<\/div>\n<p>&nbsp;<\/p>\n<p>&nbsp;<\/p>\n<audio class=\"wp-audio-shortcode\" id=\"audio-377678-2\" preload=\"none\" style=\"width: 100%;\" controls=\"controls\"><source type=\"audio\/mpeg\" src=\"https:\/\/www.radiopiu.net\/wordpress\/wp-content\/uploads\/2024\/03\/GGI.mp3?_=2\" \/><a href=\"https:\/\/www.radiopiu.net\/wordpress\/wp-content\/uploads\/2024\/03\/GGI.mp3\">https:\/\/www.radiopiu.net\/wordpress\/wp-content\/uploads\/2024\/03\/GGI.mp3<\/a><\/audio>\n<p>&nbsp;<\/p>\n<div dir=\"auto\">\n<hr \/>\n<hr \/>\n<hr \/>\n<hr \/>\n<p>&nbsp;<\/p>\n<p><span style=\"color: #ff0000;\"><strong>OGGI ALLA RADIO<\/strong><\/span>: <strong>ALLE 7.20<\/strong> EL BAR DEL FIOR, DETTI E TRADIZIONI DI GIULIANA DA RONCH <strong>ALLE 9.00<\/strong> IL COUNTRY DI ALEX NASCINBEN <strong>ALLE 10.10\u00a0 \u00a0CIAK SI GIRA, IL GOSSIP CON PAOLA LANCIATO<\/strong>\u00a0<strong>ALLE 10.30<\/strong>\u00a0 \u00a0QUINDICINALE APPUNTAMENTO CON SPI CGIL BELLUNO, IN STUDIO MARIA RITA GENTILIN <strong>\u00a0ALLE 13.20\u00a0<\/strong> ARIA D&#8217;INVERN, IL CONCORSO FOTOGRAFICO, OSPITI DI RADIO PIU ORIETTA SCARDANZAN, MILENA SOPPELSA, FRANCESCA TRENTIN \u00a0<strong>ALLE 15.00<\/strong>\u00a0 \u00a0CUCINEMA, CINEMA E CUCINA CON MARTA E VALENTINA\u00a0\u00a0<strong> ALLE 16.30<\/strong>\u00a0 DOLOMITI FOR ALL, DESTAGIONALIZZAZIONE TURISTICA DI LORENZO SORATROI\u00a0 <strong>ALLE 20.30\u00a0 <\/strong>HOCKEY SU GHIACCIO, ALLEGHE-APPIANO, TERZA SFIDA PLAY OFF, IN HOCKEY AL PUNTO GIUSTO CON MARCO GAZ.<\/p>\n<p>&nbsp;<\/p>\n<hr \/>\n<\/div>\n<\/div>\n<blockquote>\n<blockquote>\n<h1><span style=\"color: #ff0000;\">\u00a0<\/span><\/h1>\n<h1><span style=\"color: #ff0000;\">I podcast informativi del mattino &#8211; audio &#8211;\u00a0<\/span><\/h1>\n<\/blockquote>\n<p><strong><a class=\"dt-pswp-item\" href=\"https:\/\/www.radiopiu.net\/wordpress\/wp-content\/uploads\/2023\/11\/th-10.jpg\" data-dt-img-description=\"\" data-large_image_width=\"320\" data-large_image_height=\"180\"><img loading=\"lazy\" decoding=\"async\" class=\"wp-image-362866 alignleft\" src=\"https:\/\/www.radiopiu.net\/wordpress\/wp-content\/uploads\/2023\/11\/th-10-300x169.jpg\" alt=\"\" width=\"185\" height=\"104\" srcset=\"https:\/\/www.radiopiu.net\/wordpress\/wp-content\/uploads\/2023\/11\/th-10-300x169.jpg 300w, https:\/\/www.radiopiu.net\/wordpress\/wp-content\/uploads\/2023\/11\/th-10.jpg 320w\" sizes=\"auto, (max-width: 185px) 100vw, 185px\" \/><\/a>LA RASSEGNA STAMPA NAZIONALE ALLA RADIO, OGNI GIORNO ALLE 5 E ALLE 6 DEL MATTINO <span style=\"color: #0000ff;\">viene pubblicata alle 6.00 <span style=\"color: #ff0000;\">DIRETTA RADIO\u00a0\u00a0<\/span><\/span><\/strong><\/p>\n<p><strong style=\"color: #0000ff;\">\u00a0<\/strong><\/p><\/blockquote>\n<p><span style=\"color: #0000ff;\"><strong>DI VALENTINA RICCI<\/strong><\/span><br \/>\n<strong>Nanoplastiche<\/strong> identificare nelle arterie per la prima volta. Attacchi contro <strong>Odessa<\/strong>, per questo servono urgenti aiuti all&#8217;Ucraina. Per la TV degli Uti riferisce che <strong>Usa e Gran Bretagna<\/strong> hanno lanciato due attacchi aerei-\u00a0 L&#8217;italia e la Russia uniti da molti fattori, lo ha detto<strong> Putin<\/strong>. <strong>Halley<\/strong> si ritira dalla corsa per la presidenza degli Stati Uniti d&#8217;America, il discorso.<br \/>\nLa vedova del <strong>dissidente<\/strong> russo rilancia l&#8217;invito a protestare.<\/p>\n<h2>AUDIO dalle 7 del mattino<\/h2>\n<audio class=\"wp-audio-shortcode\" id=\"audio-377678-3\" preload=\"none\" style=\"width: 100%;\" controls=\"controls\"><source type=\"audio\/mpeg\" src=\"https:\/\/www.radiopiu.net\/wordpress\/wp-content\/uploads\/2024\/03\/GIORNALEDELLESEI-5.mp3?_=3\" \/><a href=\"https:\/\/www.radiopiu.net\/wordpress\/wp-content\/uploads\/2024\/03\/GIORNALEDELLESEI-5.mp3\">https:\/\/www.radiopiu.net\/wordpress\/wp-content\/uploads\/2024\/03\/GIORNALEDELLESEI-5.mp3<\/a><\/audio>\n<p>&nbsp;<\/p>\n<p>&nbsp;<\/p>\n<hr \/>\n<p>&nbsp;<\/p>\n<h1 style=\"text-align: center;\"><span style=\"color: #ff0000;\">I podcast informativi del mattino &#8211; audio &#8211;\u00a0<\/span><\/h1>\n<p><strong><a class=\"dt-pswp-item\" href=\"https:\/\/www.radiopiu.net\/wordpress\/wp-content\/uploads\/2023\/12\/images.png\" data-dt-img-description=\"\" data-large_image_width=\"316\" data-large_image_height=\"160\"><img loading=\"lazy\" decoding=\"async\" class=\"wp-image-367008 alignleft\" src=\"https:\/\/www.radiopiu.net\/wordpress\/wp-content\/uploads\/2023\/12\/images-300x152.png\" alt=\"\" width=\"235\" height=\"119\" srcset=\"https:\/\/www.radiopiu.net\/wordpress\/wp-content\/uploads\/2023\/12\/images-300x152.png 300w, https:\/\/www.radiopiu.net\/wordpress\/wp-content\/uploads\/2023\/12\/images.png 316w\" sizes=\"auto, (max-width: 235px) 100vw, 235px\" \/><\/a>OGNI GIORNO ALLE SETTE DEL MATTINO, LA RASSEGNA STAMPA LOCALE FLASH&#8230; PER CHI VA IN FRETTA. I TITOLI DAI GIORNALI E DAL SITO WWW.RADIOPIU.NET <span style=\"color: #0000ff;\">viene pubblicato alle 7.00<\/span> <span style=\"color: #ff0000;\">DIRETTA RADIO\u00a0<\/span><\/strong><\/p>\n<p><em><span style=\"color: #ff0000;\">per chi va in fretta&#8230; tante notizie in pochi minuti. L&#8217;informazione locale alla radio, ogni ora dalle 7 del mattino alle 19 della sera.\u00a0 \u00a0\u00a0<\/span><\/em><\/p>\n<p>di mirko mezzacasa<\/p>\n<p><a class=\"dt-pswp-item\" href=\"https:\/\/www.radiopiu.net\/wordpress\/wp-content\/uploads\/2024\/03\/COPERTINA-4.png\" data-dt-img-description=\"\" data-large_image_width=\"576\" data-large_image_height=\"327\"><img loading=\"lazy\" decoding=\"async\" class=\"size-medium wp-image-377912 alignright\" src=\"https:\/\/www.radiopiu.net\/wordpress\/wp-content\/uploads\/2024\/03\/COPERTINA-4-300x170.png\" alt=\"\" width=\"300\" height=\"170\" srcset=\"https:\/\/www.radiopiu.net\/wordpress\/wp-content\/uploads\/2024\/03\/COPERTINA-4-300x170.png 300w, https:\/\/www.radiopiu.net\/wordpress\/wp-content\/uploads\/2024\/03\/COPERTINA-4.png 576w\" sizes=\"auto, (max-width: 300px) 100vw, 300px\" \/><\/a>BELLUNO Incidente frontale sulla strada provinciale 1 della Sinistra Piave tra Levego e Sagrogna ieri alle 15:00. Coinvolte un\u2019Alfa Mito e una Kia. Due feriti, un 56enne locale e un 31enne di Ponte nelle Alpi, trasportati al Pronto soccorso. Cause dell\u2019incidente in fase di accertamento. Traffico bloccato con deviazioni su Destra Piave o strada della Vena d\u2019Oro.<br \/>\nFELTRE Un residente di Canal ha allertato i vigili del fuoco di Feltre riguardo al possibile distacco di sassi lungo la montagna sopra la Sr 348 Feltrina, evidenziando una situazione di rischio. La segnalazione ha permesso l\u2019intervento dei rocciatori per rendere pi\u00f9 sicuro il versante stradale.<br \/>\nFELTRE Si terranno domani alle 14.30 nella concattedrale i funerali del notaio Enzo Rossi, deceduto a 76 anni in seguito ad un malore<br \/>\nBELLUNO Il Comando Provinciale della Guardia di Finanza di Belluno ha annunciato i risultati di una serie di controlli mirati nel settore della collaborazione domestica (colf\/badanti), che hanno portato all\u2019individuazione di 152 soggetti irregolari. Di questi, ben 128 sono stati identificati come evasori fiscali totali<br \/>\nBELLUNO Nonostante il recinto elettrificato, i lupi sono riusciti ad attaccare e uccidere due cavallini Falavella notte fra marted\u00ec e mercoled\u00ec. Solo una puledra \u00e8 sopravvissuta. I proprietari dell\u2019agriturismo di Levego, Bakero, sono preoccupati poich\u00e9 i recinti non sembrano sufficienti a proteggere gli animali dall\u2019avvicinamento dei lupi.<br \/>\nTAIBON Perch\u00e9 il guard rail del tornate sulla strada che porta a Campedel \u2013 Soccol non \u00e8 mai pi\u00f9 stato sistemato? Se lo chiedono gli abitanti di Taibon, da diversi mesi. Era novembre 2023 quando \u00e8 \u201cscomparso&#8221;<br \/>\nLIVINALLONGO La Provincia di Belluno ha attivato una somma urgenza per una frana a Livinallongo, in localit\u00e0 Larzonei. \u00c8 stato deciso di attivare una somma urgenza per la messa in sicurezza del pendio. L\u2019intervento verr\u00e0 realizzato tramite l\u2019installazione di una rete metallica e chiodature.<\/p>\n<h2>AUDIO dalle 7 del mattino<\/h2>\n<audio class=\"wp-audio-shortcode\" id=\"audio-377678-4\" preload=\"none\" style=\"width: 100%;\" controls=\"controls\"><source type=\"audio\/mpeg\" src=\"https:\/\/www.radiopiu.net\/wordpress\/wp-content\/uploads\/2024\/03\/GF07-5.mp3?_=4\" \/><a href=\"https:\/\/www.radiopiu.net\/wordpress\/wp-content\/uploads\/2024\/03\/GF07-5.mp3\">https:\/\/www.radiopiu.net\/wordpress\/wp-content\/uploads\/2024\/03\/GF07-5.mp3<\/a><\/audio>\n<p>&nbsp;<\/p>\n<p>&nbsp;<\/p>\n<p>&nbsp;<\/p>\n<hr \/>\n<p>&nbsp;<\/p>\n<h1><\/h1>\n<h1 style=\"text-align: center;\"><span style=\"color: #ff0000;\"><a class=\"dt-pswp-item\" href=\"https:\/\/www.radiopiu.net\/wordpress\/wp-content\/uploads\/2022\/01\/026c3f9d-dae9-4040-a3c1-a6530231bcc3.jpg\" data-dt-img-description=\"\" data-large_image_width=\"1152\" data-large_image_height=\"2048\"><img loading=\"lazy\" decoding=\"async\" class=\"wp-image-251839 alignleft\" src=\"https:\/\/www.radiopiu.net\/wordpress\/wp-content\/uploads\/2022\/01\/026c3f9d-dae9-4040-a3c1-a6530231bcc3-169x300.jpg\" alt=\"\" width=\"100\" height=\"177\" srcset=\"https:\/\/www.radiopiu.net\/wordpress\/wp-content\/uploads\/2022\/01\/026c3f9d-dae9-4040-a3c1-a6530231bcc3-169x300.jpg 169w, https:\/\/www.radiopiu.net\/wordpress\/wp-content\/uploads\/2022\/01\/026c3f9d-dae9-4040-a3c1-a6530231bcc3-576x1024.jpg 576w, https:\/\/www.radiopiu.net\/wordpress\/wp-content\/uploads\/2022\/01\/026c3f9d-dae9-4040-a3c1-a6530231bcc3-768x1365.jpg 768w, https:\/\/www.radiopiu.net\/wordpress\/wp-content\/uploads\/2022\/01\/026c3f9d-dae9-4040-a3c1-a6530231bcc3-864x1536.jpg 864w, https:\/\/www.radiopiu.net\/wordpress\/wp-content\/uploads\/2022\/01\/026c3f9d-dae9-4040-a3c1-a6530231bcc3.jpg 1152w\" sizes=\"auto, (max-width: 100px) 100vw, 100px\" \/><\/a>I podcast informativi del mattino &#8211; audio &#8211;\u00a0<\/span><\/h1>\n<blockquote><p><strong>GIORNALE RADIO NAZIONALE, EDIZIONE DELLE SETTE <span style=\"color: #0000ff;\">viene pubblicato alle 7.05 <span style=\"color: #ff0000;\">DIRETTA RADIO\u00a0<\/span><\/span><\/strong><\/p><\/blockquote>\n<p><strong>il giornale radionazionale e&#8217; in onda ogni ora, dalle sette del mattino alle venti della sera\u00a0\u00a0<\/strong><\/p>\n<p>&nbsp;<\/p>\n<h2><\/h2>\n<p>&nbsp;<\/p>\n<p><strong>Il Presidente<\/strong> della FIGC Gravina indagato per auto riciclaggio. <strong>Roma<\/strong> 17enne denunciato per tentato omicidi, ha tentato di accoltellare\u00a0 un coetaneo peruviano, per una partita di calcetto. Sale a 3 il bilancio dei marinai uccisi al largo dello <strong>Yemen<\/strong>. <strong>Stati Uniti<\/strong> la Camera approva il bilancio 2024, 6 disegni di legge per evitare la paralisi del Governo.<\/p>\n<h2>AUDIO dalle sette del mattino, ogni ora alla radio<\/h2>\n<audio class=\"wp-audio-shortcode\" id=\"audio-377678-5\" preload=\"none\" style=\"width: 100%;\" controls=\"controls\"><source type=\"audio\/mpeg\" src=\"https:\/\/www.radiopiu.net\/wordpress\/wp-content\/uploads\/2024\/03\/giornale07-5.mp3?_=5\" \/><a href=\"https:\/\/www.radiopiu.net\/wordpress\/wp-content\/uploads\/2024\/03\/giornale07-5.mp3\">https:\/\/www.radiopiu.net\/wordpress\/wp-content\/uploads\/2024\/03\/giornale07-5.mp3<\/a><\/audio>\n<h2><\/h2>\n<hr \/>\n<p>&nbsp;<\/p>\n<p>&nbsp;<\/p>\n<h1><span style=\"color: #ff0000;\">I podcast informativi del mattino &#8211; video &#8211;\u00a0<\/span><\/h1>\n<h2><strong><a class=\"dt-pswp-item\" href=\"https:\/\/www.radiopiu.net\/wordpress\/wp-content\/uploads\/2023\/12\/th-10.jpg\" data-dt-img-description=\"\" data-large_image_width=\"245\" data-large_image_height=\"180\"><img loading=\"lazy\" decoding=\"async\" class=\" wp-image-367395 alignleft\" src=\"https:\/\/www.radiopiu.net\/wordpress\/wp-content\/uploads\/2023\/12\/th-10.jpg\" alt=\"\" width=\"166\" height=\"122\" \/><\/a>RASSEGNA STAMPA LOCALE, ORE OTTO 05<\/strong><\/h2>\n<h2><strong> <span style=\"color: #0000ff;\">viene\u00a0 <\/span><\/strong><strong><span style=\"color: #0000ff;\">pubblicata alle 8.05 <span style=\"color: #ff0000;\">DIRETTA RADIO\u00a0\u00a0<\/span><\/span><\/strong><\/h2>\n<p>&nbsp;<\/p>\n<p><strong>DI MIRKO MEZZACASA\u00a0 \u00a0<\/strong><\/p>\n<p><strong>BELLUNO<\/strong> La Procura di Belluno ha archiviato il caso riguardante il video dell\u2019incidente mortale di Salvatore Stefani (foto), non identificando il responsabile della registrazione. I genitori del giovane rugbysta moglianese, deceduto nell\u2019impatto, non hanno opposto resistenza all\u2019archiviazione.<br \/>\n<strong>REDAZIONE<\/strong> Tra il silenzio generale della politica, ad iniziare dalla Provincia socio di Dolomitibus (tutti concentrati sulle elezioni e sulle prossime cariche), anche ieri le terre alte sono state bastonate dalla societ\u00e0 di trasporti del bellunese da mesi \u201cpubblicizzata\u201d sugli organi di informazione, almeno loro non tacciono.<br \/>\n<strong>LONGARONE<\/strong> Ancora una volta la ditta vincitrice \u00e8 locale, ovvero la Sab servizi autonoleggio bellunesi di Ettore De Bon di Castellavazzo.<br \/>\n<span style=\"color: #ff0000;\">GLI IMPUNITI DELLA 203 AGORDINA,<\/span> PRIMA DELL\u2019AUTOVELOX DI CANDATEN tre viceo shock sul sito di RADIOPIU, sorpassi con doppia linea continua, sorpassi multipli in prossimit\u00e0 della curva del Peron, Ristorante La Stanga, La Muda, la mancanza di controlli \u00e8 il via libera per i nuovi Niki Lauda lungo il circuito 203 agordina Belluno-Agordo.<br \/>\n<strong>LIVINALLONGO<\/strong> 3,8 MILIONI PER UN TURISMO CHE VOLTA PAGINA Destagionalizzazione, inclusivit\u00e0, accessibilit\u00e0. Per un turismo nuovo ecco Dolomiti 4all.it.<br \/>\n<strong>GOSALDO<\/strong> LAVORI DI MESSA IN SICUREZZA DELLA STRADA DI DON<br \/>\n<strong>ALLEGHE<\/strong> IN APPALTO IL TRASPORTO SCOLASTICO E LA MENSA PER LA SCUOLA DELL\u2019INFANZIA DI ALLEGHE<br \/>\n<strong>LOZZO DI CADORE<\/strong> SILVIA CALLIGARO NOMINATA VICEPRESIDENTE DEL GAL ALTO BELLUNESE<br \/>\n<strong>FELTRE<\/strong> DONATO AL COMUNE DI UN DIPINTO DI VALERIO BELLATI<\/p>\n<h2><strong>VIDEO\u00a0 \u00a0in diretta dalle 8 del mattino\u00a0\u00a0<\/strong><\/h2>\n<p>&nbsp;<\/p>\n<p><iframe loading=\"lazy\" title=\"DAL 1983 LA RASSEGNA STAMPA LOCALE di mirko mezzacasa. L&#039;ORIGINALE\" width=\"1200\" height=\"675\" src=\"https:\/\/www.youtube.com\/embed\/Igl3CYv-k8E?feature=oembed\" frameborder=\"0\" allow=\"accelerometer; autoplay; clipboard-write; encrypted-media; gyroscope; picture-in-picture; web-share\" allowfullscreen><\/iframe><\/p>\n<hr \/>\n<p>&nbsp;<\/p>\n<blockquote>\n<h3>INCIDENTE FRONTALE A SAGROGNA, DUE FERITI<\/h3>\n<\/blockquote>\n<p><strong>BELLUNO<\/strong> Incidente frontale sulla strada provinciale 1 della Sinistra Piave tra Levego e Sagrogna ieri alle 15:00. Coinvolte un&#8217;Alfa Mito e una Kia. Due feriti, un 56enne locale e un 31enne di Ponte nelle Alpi, trasportati al Pronto soccorso. Cause dell&#8217;incidente in fase di accertamento. Traffico bloccato con deviazioni su Destra Piave o strada della Vena d&#8217;Oro. Si sono formate lunghe code. Sul posto Polizia locale, vigili del fuoco e SUEM 118. I pompieri arrivati dalla centrale, hanno messo in sicurezza i mezzi, mentre i due conducenti rimasti feriti sono stati assistiti dal personale sanitario del Suem per poi essere trasferiti in ospedale. Le forze dell\u2019ordine hanno deviato il traffico ed eseguito i rilievi del sinistro. Le operazioni di soccorso dei vigili del fuoco sono terminate dopo circa due ore.<\/p>\n\n\t\t\t<style type='text\/css'>\n\t\t\t\t#gallery-1 {\n\t\t\t\t\tmargin: auto;\n\t\t\t\t}\n\t\t\t\t#gallery-1 .gallery-item {\n\t\t\t\t\tfloat: left;\n\t\t\t\t\tmargin-top: 10px;\n\t\t\t\t\ttext-align: center;\n\t\t\t\t\twidth: 50%;\n\t\t\t\t}\n\t\t\t\t#gallery-1 img {\n\t\t\t\t\tborder: 2px solid #cfcfcf;\n\t\t\t\t}\n\t\t\t\t#gallery-1 .gallery-caption {\n\t\t\t\t\tmargin-left: 0;\n\t\t\t\t}\n\t\t\t\t\/* see gallery_shortcode() in wp-includes\/media.php *\/\n\t\t\t<\/style>\n\t\t<div id='gallery-1' class='dt-gallery-container gallery galleryid-377678 gallery-columns-2 gallery-size-medium'><dl class='gallery-item'>\n\t\t\t\t<dt class='gallery-icon landscape'>\n\t\t\t\t\t<a class=\"rollover rollover-zoom dt-pswp-item\" title=\"3a719864-704a-47a4-9e4f-32e2da2f796a\" data-dt-img-description=\"\" data-large_image_width=\"972\" data-large_image_height=\"591\"href='https:\/\/www.radiopiu.net\/wordpress\/wp-content\/uploads\/2024\/03\/3a719864-704a-47a4-9e4f-32e2da2f796a.jpg'><img loading=\"lazy\" decoding=\"async\" width=\"300\" height=\"182\" src=\"https:\/\/www.radiopiu.net\/wordpress\/wp-content\/uploads\/2024\/03\/3a719864-704a-47a4-9e4f-32e2da2f796a-300x182.jpg\" class=\"attachment-medium size-medium\" alt=\"\" srcset=\"https:\/\/www.radiopiu.net\/wordpress\/wp-content\/uploads\/2024\/03\/3a719864-704a-47a4-9e4f-32e2da2f796a-300x182.jpg 300w, https:\/\/www.radiopiu.net\/wordpress\/wp-content\/uploads\/2024\/03\/3a719864-704a-47a4-9e4f-32e2da2f796a-768x467.jpg 768w, https:\/\/www.radiopiu.net\/wordpress\/wp-content\/uploads\/2024\/03\/3a719864-704a-47a4-9e4f-32e2da2f796a.jpg 972w\" sizes=\"auto, (max-width: 300px) 100vw, 300px\" \/><\/a>\n\t\t\t\t<\/dt><\/dl><dl class='gallery-item'>\n\t\t\t\t<dt class='gallery-icon landscape'>\n\t\t\t\t\t<a class=\"rollover rollover-zoom dt-pswp-item\" title=\"6a9fc0ea-3711-48d3-b2ab-9c8fa62b59d7\" data-dt-img-description=\"\" data-large_image_width=\"988\" data-large_image_height=\"591\"href='https:\/\/www.radiopiu.net\/wordpress\/wp-content\/uploads\/2024\/03\/6a9fc0ea-3711-48d3-b2ab-9c8fa62b59d7.jpg'><img loading=\"lazy\" decoding=\"async\" width=\"300\" height=\"179\" src=\"https:\/\/www.radiopiu.net\/wordpress\/wp-content\/uploads\/2024\/03\/6a9fc0ea-3711-48d3-b2ab-9c8fa62b59d7-300x179.jpg\" class=\"attachment-medium size-medium\" alt=\"\" srcset=\"https:\/\/www.radiopiu.net\/wordpress\/wp-content\/uploads\/2024\/03\/6a9fc0ea-3711-48d3-b2ab-9c8fa62b59d7-300x179.jpg 300w, https:\/\/www.radiopiu.net\/wordpress\/wp-content\/uploads\/2024\/03\/6a9fc0ea-3711-48d3-b2ab-9c8fa62b59d7-768x459.jpg 768w, https:\/\/www.radiopiu.net\/wordpress\/wp-content\/uploads\/2024\/03\/6a9fc0ea-3711-48d3-b2ab-9c8fa62b59d7.jpg 988w\" sizes=\"auto, (max-width: 300px) 100vw, 300px\" \/><\/a>\n\t\t\t\t<\/dt><\/dl><br style=\"clear: both\" \/>\n\t\t\t<\/div>\n\n<p>&nbsp;<\/p>\n<hr \/>\n<p>&nbsp;<\/p>\n<blockquote>\n<h2>&#8220;Residente Vigilante: Prevenzione Frane sulla Feltrina&#8221;<\/h2>\n<\/blockquote>\n<p><strong>FELTRE<\/strong> Un residente di Canal ha allertato i vigili del fuoco di Feltre riguardo al possibile distacco di sassi lungo la montagna sopra la Sr 348 Feltrina, evidenziando una situazione di rischio. La segnalazione ha permesso l&#8217;intervento dei rocciatori per rendere pi\u00f9 sicuro il versante stradale.<\/p>\n<p>&nbsp;<\/p>\n<hr \/>\n<p>&nbsp;<\/p>\n<blockquote>\n<h2>DOMANI L&#8217;ULTIMO SALUTO AL NOTAIO ENZO ROSSI<\/h2>\n<\/blockquote>\n<p><a class=\"dt-pswp-item\" href=\"https:\/\/www.radiopiu.net\/wordpress\/wp-content\/uploads\/2024\/03\/Senza-nome-27.png\" data-dt-img-description=\"\" data-large_image_width=\"610\" data-large_image_height=\"375\"><img loading=\"lazy\" decoding=\"async\" class=\"wp-image-377897 alignleft\" src=\"https:\/\/www.radiopiu.net\/wordpress\/wp-content\/uploads\/2024\/03\/Senza-nome-27-300x184.png\" alt=\"\" width=\"161\" height=\"99\" srcset=\"https:\/\/www.radiopiu.net\/wordpress\/wp-content\/uploads\/2024\/03\/Senza-nome-27-300x184.png 300w, https:\/\/www.radiopiu.net\/wordpress\/wp-content\/uploads\/2024\/03\/Senza-nome-27.png 610w\" sizes=\"auto, (max-width: 161px) 100vw, 161px\" \/><\/a><strong>FELTRE<\/strong> Si terranno domani alle 14.30 nella concattedrale i funerali del notaio Enzo Rossi, deceduto a 76 anni in seguito ad un malore. A Feltre ha operato per decenni come notaio, era conosciuto in tutta la provincia, Cavaliere al merito della Repubblica Italiana e per questo insignito del Leone d&#8217;Oro.<\/p>\n<p>&nbsp;<\/p>\n<p>&nbsp;<\/p>\n<hr \/>\n<p>&nbsp;<\/p>\n<blockquote>\n<h3>GDF BELLUNO: CONTROLLI A TAPPETO NEL SETTORE DELLA COLLABORAZIONE DOMESTICA &#8211; 152 SOGGETTI IRREGOLARI, DI CUI 128 EVASORI TOTALI<\/h3>\n<\/blockquote>\n<div class=\"flex-1 overflow-hidden\">\n<div class=\"react-scroll-to-bottom--css-amsub-79elbk h-full\">\n<div class=\"react-scroll-to-bottom--css-amsub-1n7m0yu\">\n<div class=\"flex flex-col text-sm pb-9\">\n<div class=\"w-full text-token-text-primary\" data-testid=\"conversation-turn-113\">\n<div class=\"px-4 py-2 justify-center text-base md:gap-6 m-auto\">\n<div class=\"flex flex-1 text-base mx-auto gap-3 md:px-5 lg:px-1 xl:px-5 md:max-w-3xl lg:max-w-[40rem] xl:max-w-[48rem] group final-completion\">\n<div class=\"relative flex w-full flex-col agent-turn\">\n<div class=\"flex-col gap-1 md:gap-3\">\n<div class=\"flex flex-grow flex-col max-w-full\">\n<div class=\"min-h-[20px] text-message flex flex-col items-start gap-3 whitespace-pre-wrap break-words [.text-message+&amp;]:mt-5 overflow-x-auto\" data-message-author-role=\"assistant\" data-message-id=\"40c422cd-ae01-4d7d-a60f-344aab503412\">\n<div class=\"markdown prose w-full break-words dark:prose-invert dark\">\n<p><strong><a class=\"dt-pswp-item\" href=\"https:\/\/www.radiopiu.net\/wordpress\/wp-content\/uploads\/2024\/03\/05032024_061422_foto2.jpg\" data-dt-img-description=\"\" data-large_image_width=\"848\" data-large_image_height=\"480\"><img loading=\"lazy\" decoding=\"async\" class=\"size-medium wp-image-377742 alignleft\" src=\"https:\/\/www.radiopiu.net\/wordpress\/wp-content\/uploads\/2024\/03\/05032024_061422_foto2-300x170.jpg\" alt=\"\" width=\"300\" height=\"170\" srcset=\"https:\/\/www.radiopiu.net\/wordpress\/wp-content\/uploads\/2024\/03\/05032024_061422_foto2-300x170.jpg 300w, https:\/\/www.radiopiu.net\/wordpress\/wp-content\/uploads\/2024\/03\/05032024_061422_foto2-768x435.jpg 768w, https:\/\/www.radiopiu.net\/wordpress\/wp-content\/uploads\/2024\/03\/05032024_061422_foto2.jpg 848w\" sizes=\"auto, (max-width: 300px) 100vw, 300px\" \/><\/a>BELLUNO<\/strong> Il Comando Provinciale della Guardia di Finanza di Belluno ha annunciato i risultati di una serie di controlli mirati nel settore della collaborazione domestica (colf\/badanti), che hanno portato all&#8217;individuazione di 152 soggetti irregolari. Di questi, ben 128 sono stati identificati come evasori fiscali totali, con un&#8217;evasione fiscale complessiva di oltre 5 milioni di euro. L&#8217;operazione, condotta in collaborazione con l&#8217;INPS, ha rivelato che molti lavoratori domestici, pur regolari sul fronte dei rapporti di collaborazione e delle ritenute previdenziali, sono risultati inadempienti nella presentazione delle dichiarazioni fiscali IRPEF per gli anni 2017-2021. Tale inadempimento riguarda lavoratori con redditi superiori alle soglie previste dalla normativa fiscale. Attraverso un monitoraggio accurato, sono state individuate circa 3.700 posizioni di lavoratori domestici nella provincia di Belluno, con l&#8217;avvio di controlli fiscali su quelli con maggiori profili di rischio. Dei 152 lavoratori controllati, l&#8217;84% ha omesso la presentazione della dichiarazione, rientrando nella categoria degli evasori totali. La Guardia di Finanza ha ricostruito il profilo reddituale dei lavoratori attraverso la documentazione dell&#8217;INPS, evidenziando una sottrazione complessiva di oltre 5 milioni di euro alla tassazione. L&#8217;attivit\u00e0 di contrasto all&#8217;evasione proseguir\u00e0 anche in futuro, in conformit\u00e0 alle linee guida dell&#8217;Autorit\u00e0 di governo, al fine di contrastare l&#8217;economia sommersa e garantire un fisco equo per tutti i cittadini. L&#8217;operato della Guardia di Finanza mira a tutelare gli interessi dello Stato e dei cittadini, promuovendo la collaborazione interistituzionale con l&#8217;INPS per assicurare il rispetto delle normative vigenti e contrastare le pratiche illegali nell&#8217;ambito della collaborazione domestica.<\/p>\n<p>&nbsp;<\/p>\n<hr \/>\n<p>&nbsp;<\/p>\n<blockquote>\n<h2>I LUPI TORNANO AD UCCIDERE<\/h2>\n<\/blockquote>\n<p><strong>BELLUNO<\/strong> Nonostante il recinto elettrificato, i lupi sono riusciti ad attaccare e uccidere due cavallini Falavella notte fra marted\u00ec e mercoled\u00ec. Solo una puledra \u00e8 sopravvissuta. I proprietari dell&#8217;agriturismo di Levego, Bakero, sono preoccupati poich\u00e9 i recinti non sembrano sufficienti a proteggere gli animali dall&#8217;avvicinamento dei lupi.<\/p>\n<p>&nbsp;<\/p>\n<hr \/>\n<\/div>\n<\/div>\n<\/div>\n<\/div>\n<\/div>\n<\/div>\n<\/div>\n<\/div>\n<\/div>\n<\/div>\n<\/div>\n<\/div>\n<div class=\"w-full pt-2 md:pt-0 dark:border-white\/20 md:border-transparent md:dark:border-transparent md:w-[calc(100%-.5rem)]\">\n<form class=\"stretch mx-2 flex flex-row gap-3 last:mb-2 md:mx-4 md:last:mb-6 lg:mx-auto lg:max-w-2xl xl:max-w-3xl\">\n<div class=\"relative flex h-full flex-1 flex-col\">\n<div class=\"flex w-full items-center\"><\/div>\n<div><\/div>\n<\/div>\n<\/form>\n<\/div>\n<blockquote>\n<h2>TAIBON: INSICUREZZA SULLE STRADE COMUNALI, DA MESI PERICOLO IN AGGUATO<\/h2>\n<\/blockquote>\n<p><strong><img loading=\"lazy\" decoding=\"async\" class=\"alignleft\" src=\"https:\/\/www.radiopiu.net\/wordpress\/wp-content\/uploads\/2024\/03\/SIL.png\" width=\"168\" height=\"96\" \/>REDAZIONE<\/strong>\u00a0 Perch\u00e9 il guard rail del tornate sulla strada che porta a Campedel &#8211; Soccol non \u00e8 mai pi\u00f9 stato sistemato? Se lo chiedono gli abitanti di Taibon, da diversi mesi. Era novembre 2023 quando \u00e8 &#8220;scomparso&#8221;, gli stessi abitanti erano certi che in pochi giorni sarebbe stato sistemato e rimesso al suo posto per la sicurezza degli automobilisti, ma non \u00e8 successo.<\/p>\n<p>&nbsp;<\/p>\n<p>&nbsp;<\/p>\n<hr \/>\n<p>&nbsp;<\/p>\n<blockquote>\n<h2>LA PROVINCIA SULLA FRANA PER LARZONEI, LAVORI DI SOMMA URGENZA<\/h2>\n<\/blockquote>\n<p><a class=\"dt-pswp-item\" href=\"https:\/\/www.radiopiu.net\/wordpress\/wp-content\/uploads\/2024\/03\/0970aa8a-367b-43bb-ac65-ea8669ba5c45-225x300-1.jpg\" data-dt-img-description=\"\" data-large_image_width=\"225\" data-large_image_height=\"300\"><img loading=\"lazy\" decoding=\"async\" class=\" wp-image-377765 alignleft\" src=\"https:\/\/www.radiopiu.net\/wordpress\/wp-content\/uploads\/2024\/03\/0970aa8a-367b-43bb-ac65-ea8669ba5c45-225x300-1.jpg\" alt=\"\" width=\"175\" height=\"233\" \/><\/a>La Provincia di Belluno ha attivato una somma urgenza per una frana a Livinallongo, in localit\u00e0 Larzonei.\u00a0 \u00c8 stato deciso di attivare una somma urgenza per la messa in sicurezza del pendio. L\u2019intervento verr\u00e0 realizzato tramite l\u2019installazione di una rete metallica e chiodature. Al momento la stima dell\u2019investimento previsto si aggira sui 100mila euro.<\/p>\n<p>&nbsp;<\/p>\n<p><span style=\"color: #ff0000;\"><strong>archivio radiopiu 1 marzo 2024<\/strong><\/span><\/p>\n<p><strong>LIVINALLONGO\u00a0<\/strong> <em>Un distacco importante di roccia ha interessato la strada comunale per la frazione di Larzonei, quindi\u00a0 isolata completamente. Fortunatamente, il materiale formato da enormi massi si \u00e8 arrestato sulla strada comunale, senza coinvolgere la sottostante strada regionale. La rimozione del materiale \u00e8 stata completata nella mattinata\u00a0 dopo la demolizione di un grosso masso, ma la strada rimarr\u00e0 chiusa in attesa dell&#8217;intervento dei geologi provinciali per le necessarie valutazioni e la messa in sicurezza del versante. Il distacco si \u00e8 verificato in momenti in cui lungo la strada comunale non stava transitando nessuno.\u00a0<\/em><\/p>\n<p>&nbsp;<\/p>\n<blockquote>\n<h2>\u00a0ALTRE SEGNALAZIONI DAL TERRITORIO<\/h2>\n<\/blockquote>\n<p><strong>\u00a0EDICO\u00a0<\/strong> Smottamento a valle di una casa a Bolago (Sedico), per la quale i tecnici forniranno indicazioni di intervento direttamente al proprietario dell\u2019immobile.\u00a0 <strong>PEDAVENA<\/strong> smottamento di un argine sul torrente Colmeda, non di competenza provinciale. <strong>VAL SCHIEVENIN<\/strong> colata detritica,\u00a0 pendio all\u2019interno di una propriet\u00e0 privata.<\/p>\n<p>&nbsp;<\/p>\n<hr \/>\n<p>&nbsp;<\/p>\n<p><strong>OGGI LA GIUDIZIARIA, SUL CORRIERE DELLE ALPI<\/strong><br \/>\n<strong>DI GIGI SOSSO\u00a0<\/strong><\/p>\n<p><strong><a class=\"dt-pswp-item\" href=\"https:\/\/www.radiopiu.net\/wordpress\/wp-content\/uploads\/2024\/03\/Senza-nome-26.png\" data-dt-img-description=\"\" data-large_image_width=\"290\" data-large_image_height=\"269\"><img loading=\"lazy\" decoding=\"async\" class=\"wp-image-377896 alignleft\" src=\"https:\/\/www.radiopiu.net\/wordpress\/wp-content\/uploads\/2024\/03\/Senza-nome-26.png\" alt=\"\" width=\"106\" height=\"98\" \/><\/a>BELLUNO<\/strong> La Procura di Belluno ha archiviato il caso riguardante il video dell&#8217;incidente mortale di Salvatore Stefani (foto), non identificando il responsabile della registrazione. I genitori del giovane rugbysta moglianese, deceduto nell&#8217;impatto, non hanno opposto resistenza all&#8217;archiviazione. L&#8217;incidente, avvenuto il 16 novembre 2022 sulla Feltrina, \u00e8 stato devastante, ma il video non ha portato a ulteriori indagini. Le immagini mostrano dettagli agghiaccianti, inclusa la scia di sangue sull&#8217;asfalto, e l&#8217;audio registra esclamazioni di soccorso. Nonostante ci\u00f2, l&#8217;identit\u00e0 del registratore rimane sconosciuta. I genitori, ancora provati, non hanno potuto assistere alla partita di rugby tra il Mogliano e il Feltre, evidenziando la mancanza di chiusura nel caso.<\/p>\n<p>&nbsp;<\/p>\n<p>&nbsp;<\/p>\n<hr \/>\n<p>&nbsp;<\/p>\n<blockquote>\n<h3>15 STUDENTI COSTRETTI A SALTARE LA SCUOLA, POCHI CENTIMETRI DI NEVE E IL BUS NON SI PRESENTA<\/h3>\n<\/blockquote>\n<p><strong><img loading=\"lazy\" decoding=\"async\" class=\"alignleft\" src=\"https:\/\/www.radiopiu.net\/wordpress\/wp-content\/uploads\/2020\/06\/80c303ed-9a2e-49f0-8b20-3dd5e061bbf3.jpg\" width=\"176\" height=\"132\" \/>REDAZIONE<\/strong> Tra il silenzio generale della politica, ad iniziare dalla Provincia socio di Dolomitibus (tutti concentrati sulle elezioni e sulle prossime cariche), anche ieri le terre alte sono state bastonate dalla societ\u00e0 di trasporti del bellunese da mesi &#8220;<em>pubblicizzata&#8221;<\/em> sugli organi di informazione, almeno loro non tacciono. Ieri l&#8217;ultima incredibile vicenda a Livinallongo con le risposta del call center che dovrebbero diventare palestra di studio sul come non trattare i <em>&#8220;sudditi&#8221;<\/em> che a fine mese pagano gli abbonamenti e subiscono ingiustificati aumenti visto il pessimo servizio riservatogli, e quello di ieri ne \u00e8 un esempio. Dalla politica, dagli amministratori per ora solo silenzio<\/p>\n<p><strong>di LORENZO SORATROI<\/strong><\/p>\n<audio class=\"wp-audio-shortcode\" id=\"audio-377678-6\" preload=\"none\" style=\"width: 100%;\" controls=\"controls\"><source type=\"audio\/mpeg\" src=\"https:\/\/www.radiopiu.net\/wordpress\/wp-content\/uploads\/2024\/03\/lorenzo-dolomitibus.mp3?_=6\" \/><a href=\"https:\/\/www.radiopiu.net\/wordpress\/wp-content\/uploads\/2024\/03\/lorenzo-dolomitibus.mp3\">https:\/\/www.radiopiu.net\/wordpress\/wp-content\/uploads\/2024\/03\/lorenzo-dolomitibus.mp3<\/a><\/audio>\n<p>&nbsp;<\/p>\n<h1><span style=\"color: #ff0000;\">\u00a0Il Comune di Longarone stanzia 27mila euro per il trasporto a chiamata.\u00a0<\/span><\/h1>\n<p><strong>LONGARONE<\/strong>\u00a0 Ancora una volta la ditta vincitrice \u00e8 locale, ovvero la Sab servizi autonoleggio bellunesi di Ettore De Bon di Castellavazzo.<\/p>\n<p>&nbsp;<\/p>\n<blockquote>\n<h2>DILLO A RADIO PIU &#8230; ARRIVA LA NEVE! TUTTI A PIEDI. GRAZIE DOLOMITIBUS!<\/h2>\n<\/blockquote>\n<blockquote><p><strong>Riceviamo e pubblichiamo 1<\/strong><\/p><\/blockquote>\n<p>Volevo segnalare l \u2018ennesimo disservizio di Dolomiti bus avvenuto a Livinallongo. Oggi nonostante la nevicata notturna le strade erano percorribili, visto che nell\u2019 attesa del bus che doveva passare alle ore 6:33 ad\u00a0 Andraz sono transitate due <img loading=\"lazy\" decoding=\"async\" class=\"alignleft\" src=\"https:\/\/www.radiopiu.net\/wordpress\/wp-content\/uploads\/2020\/06\/97384eec-d2d4-4e19-bdc9-7845fa51b71c.jpg\" width=\"309\" height=\"232\" \/>corriere turistiche ma del pullman di linea non si \u00e8 avuta traccia\u2026\u2026alla fine ho dovuto chiamare un taxi e farmi portare a Caprile per poter prendere il pullman delle 8:18 grazie Dolomiti bus<\/p>\n<p>&nbsp;<\/p>\n<p><strong>Riceviamo e pubblichiamo 2<\/strong><\/p>\n<p>e anche oggi come la settimana scorsa, con un p\u00f2 di neve caduta di notte la Dolomitibus non parte&#8230;.e sulla giustificazione per la scuola la solita frase &#8220;problemi di trasporto&#8221;. Grazie Dolomtibus, grazie Provincia socio della Dolomitibus<\/p>\n<p>&nbsp;<\/p>\n<p>&nbsp;<\/p>\n<hr \/>\n<p>&nbsp;<\/p>\n<blockquote>\n<h3>GLI IMPUNITI DELLA 203 AGORDINA, PRIMA DELL&#8217;AUTOVELOX DI CANDATEN<\/h3>\n<\/blockquote>\n<p><span style=\"color: #ff0000;\"><strong>203 AGORDINA\u00a0 IN PROSSIMITA&#8217;\u00a0 DELLA CURVA DEL PERON, A GOMITO. GIA&#8217; TEATRO DI GRAVI E MORTALI INCIDENTI STRADALI<\/strong><\/span><\/p>\n<p>Dillo a RADIOPIU\u00a0 \u00a0<em>&#8220;per colpa di questi disgraziati tu rischi di non tornare a casa dai tuoi figli. Colonna continua e sorpasso da delinquente&#8221;.<\/em><\/p>\n<p>&nbsp;<\/p>\n<p>Vi assicuro che il pensiero originale era molto pi\u00f9 &#8220;pepato&#8221; e meritato. D&#8217;altronde lo sanno gli spericolati al volante, lungo la 203 agordina puoi fare di tutto, ci sono solo due punti di controllo da evitare, Candaten (autovelox Comune di Sedico) e La Muda (autovelox quando acceso in presenza dell&#8217;agente di Polizia Locale). Se su questi due tratti \u00e8 noia, altrove \u00e8 un circuito, da potenti scariche di adrenalina. I sorpassi nei video, con linea continua sono\u00a0 da folli.<\/p>\n<p>Nel secondo video la sfida. C&#8217;\u00e8 chi infatti dell&#8217;autovelox in Comune di La Valle a La Muda se ne fa un baffo e nonostante il limite e la linea continua sfreccia via in sorpasso. Kamikaze? Assolutamente no, il nostro sa benissimo che se non si vede in lontananza divisa e auto del vigile di Polizia Locale si pu\u00f2 fare&#8230; di pi\u00f9.<\/p>\n<p>Nel terzo video difronte al ristorante La Stanga dove spesso la gente attraversa la strada per raggiungere l&#8217;auto parcheggiata a lato sulla destra, o al parcheggio distante decine di metri dal ristorante,\u00a0 in assenza di marciapiede cio\u00e8 a bordo strada e non sempre in fila indiana come i ciclisti&#8230;<\/p>\n<p>&nbsp;<\/p>\n<p><strong>PERON ULTIMA FRONTIERA, PRIMA DELL&#8217;AUTOVELOX DI CANDATEN<\/strong><\/p>\n<p><iframe loading=\"lazy\" title=\"IMG 4921\" width=\"1200\" height=\"675\" src=\"https:\/\/www.youtube.com\/embed\/oEAaML5ByWY?feature=oembed\" frameborder=\"0\" allow=\"accelerometer; autoplay; clipboard-write; encrypted-media; gyroscope; picture-in-picture; web-share\" allowfullscreen><\/iframe><\/p>\n<p><strong>LA MUDA DAVANTI ALL&#8217;AUTOVELOX <span style=\"color: #ff0000;\">NON<\/span> PRESIDIATO DALL&#8217;AGENTE DI POLIZIA LOCALE\u00a0<\/strong><\/p>\n<p><iframe loading=\"lazy\" title=\"video6001517399390556689\" width=\"1200\" height=\"900\" src=\"https:\/\/www.youtube.com\/embed\/U0YDJdqjuIw?feature=oembed\" frameborder=\"0\" allow=\"accelerometer; autoplay; clipboard-write; encrypted-media; gyroscope; picture-in-picture; web-share\" allowfullscreen><\/iframe><\/p>\n<p>&nbsp;<\/p>\n<p><strong>LA STANGA, ULTIMA FRONTIERA PRIMA DELL&#8217;AUTOVELOX\u00a0<\/strong><\/p>\n<p><iframe loading=\"lazy\" title=\"video6001517399390556690\" width=\"1200\" height=\"900\" src=\"https:\/\/www.youtube.com\/embed\/sx3rbdEpm3E?feature=oembed\" frameborder=\"0\" allow=\"accelerometer; autoplay; clipboard-write; encrypted-media; gyroscope; picture-in-picture; web-share\" allowfullscreen><\/iframe><\/p>\n<p>&nbsp;<\/p>\n<p>&nbsp;<\/p>\n<hr \/>\n<p>&nbsp;<\/p>\n<blockquote>\n<h3>IN ATTESA DEL DISGELO, IN ASSENZA DI PARCOMETRO<\/h3>\n<\/blockquote>\n<p><em>&#8220;Quando il sole ritorner\u00e0 nel cielo<\/em><br \/>\n<em>nei boschi ci sar\u00e0 il disgelo.<\/em><br \/>\n<em>Tu mi sveglierai e fuori correremo<\/em><br \/>\n<em>a respirare il canto del disgelo&#8221;.<\/em><\/p>\n<p>Cos\u00ec cantava Francesco Guccini in attesa di quel disgelo che arriver\u00e0 anche al tornante sulla strada di Passo San Pellegrino dove dal 26 febbraio (dieci giorni fa) \u00e8 parcheggiata in modo fantasioso. Per ora nessuno ordine di sgombero e fortuna vuole che in quel parcheggio improvvisato il parcometro non &#8220;gira&#8221;<\/p>\n\n\t\t\t<style type='text\/css'>\n\t\t\t\t#gallery-2 {\n\t\t\t\t\tmargin: auto;\n\t\t\t\t}\n\t\t\t\t#gallery-2 .gallery-item {\n\t\t\t\t\tfloat: left;\n\t\t\t\t\tmargin-top: 10px;\n\t\t\t\t\ttext-align: center;\n\t\t\t\t\twidth: 33%;\n\t\t\t\t}\n\t\t\t\t#gallery-2 img {\n\t\t\t\t\tborder: 2px solid #cfcfcf;\n\t\t\t\t}\n\t\t\t\t#gallery-2 .gallery-caption {\n\t\t\t\t\tmargin-left: 0;\n\t\t\t\t}\n\t\t\t\t\/* see gallery_shortcode() in wp-includes\/media.php *\/\n\t\t\t<\/style>\n\t\t<div id='gallery-2' class='dt-gallery-container gallery galleryid-377678 gallery-columns-3 gallery-size-thumbnail'><dl class='gallery-item'>\n\t\t\t\t<dt class='gallery-icon portrait'>\n\t\t\t\t\t<a class=\"rollover rollover-zoom dt-pswp-item\" title=\"bf2ff14f-7990-4484-8089-b66e89271e82-225x300\" data-dt-img-description=\"\" data-large_image_width=\"225\" data-large_image_height=\"300\"href='https:\/\/www.radiopiu.net\/wordpress\/wp-content\/uploads\/2024\/03\/bf2ff14f-7990-4484-8089-b66e89271e82-225x300-1.jpg'><img loading=\"lazy\" decoding=\"async\" width=\"150\" height=\"150\" src=\"https:\/\/www.radiopiu.net\/wordpress\/wp-content\/uploads\/2024\/03\/bf2ff14f-7990-4484-8089-b66e89271e82-225x300-1-150x150.jpg\" class=\"attachment-thumbnail size-thumbnail\" alt=\"\" aria-describedby=\"gallery-2-377843\" \/><\/a>\n\t\t\t\t<\/dt>\n\t\t\t\t\t<dd class='wp-caption-text gallery-caption' id='gallery-2-377843'>\n\t\t\t\t\t26 febbraio\n\t\t\t\t\t<\/dd><\/dl><dl class='gallery-item'>\n\t\t\t\t<dt class='gallery-icon portrait'>\n\t\t\t\t\t<a class=\"rollover rollover-zoom dt-pswp-item\" title=\"02f2eabd-fdeb-4c47-b6f3-76b8716444fa\" data-dt-img-description=\"\" data-large_image_width=\"1536\" data-large_image_height=\"2048\"href='https:\/\/www.radiopiu.net\/wordpress\/wp-content\/uploads\/2024\/03\/02f2eabd-fdeb-4c47-b6f3-76b8716444fa.jpg'><img loading=\"lazy\" decoding=\"async\" width=\"150\" height=\"150\" src=\"https:\/\/www.radiopiu.net\/wordpress\/wp-content\/uploads\/2024\/03\/02f2eabd-fdeb-4c47-b6f3-76b8716444fa-150x150.jpg\" class=\"attachment-thumbnail size-thumbnail\" alt=\"\" aria-describedby=\"gallery-2-377846\" \/><\/a>\n\t\t\t\t<\/dt>\n\t\t\t\t\t<dd class='wp-caption-text gallery-caption' id='gallery-2-377846'>\n\t\t\t\t\t6 marzo\n\t\t\t\t\t<\/dd><\/dl><dl class='gallery-item'>\n\t\t\t\t<dt class='gallery-icon portrait'>\n\t\t\t\t\t<a class=\"rollover rollover-zoom dt-pswp-item\" title=\"2233387b-faa3-4783-810c-7f45e1305f17\" data-dt-img-description=\"\" data-large_image_width=\"1536\" data-large_image_height=\"2048\"href='https:\/\/www.radiopiu.net\/wordpress\/wp-content\/uploads\/2024\/03\/2233387b-faa3-4783-810c-7f45e1305f17.jpg'><img loading=\"lazy\" decoding=\"async\" width=\"150\" height=\"150\" src=\"https:\/\/www.radiopiu.net\/wordpress\/wp-content\/uploads\/2024\/03\/2233387b-faa3-4783-810c-7f45e1305f17-150x150.jpg\" class=\"attachment-thumbnail size-thumbnail\" alt=\"\" aria-describedby=\"gallery-2-377847\" \/><\/a>\n\t\t\t\t<\/dt>\n\t\t\t\t\t<dd class='wp-caption-text gallery-caption' id='gallery-2-377847'>\n\t\t\t\t\t6 marzo\n\t\t\t\t\t<\/dd><\/dl><br style=\"clear: both\" \/>\n\t\t\t<\/div>\n\n<p>&nbsp;<\/p>\n<hr \/>\n<p>&nbsp;<\/p>\n<blockquote>\n<h2>3,8 MILIONI PER UN TURISMO CHE VOLTA PAGINA<\/h2>\n<\/blockquote>\n<blockquote><p><em><img loading=\"lazy\" decoding=\"async\" class=\"alignleft\" src=\"https:\/\/www.radiopiu.net\/wordpress\/wp-content\/uploads\/2021\/05\/Arabba_Fodom_Turismo_photo-credit.RobertoDePellegrin-scaled.jpg\" width=\"168\" height=\"112\" \/>Destagionalizzazione, inclusivit\u00e0, accessibilit\u00e0. Per un turismo nuovo ecco Dolomiti 4all.it.<\/em><\/p><\/blockquote>\n<p><strong>LIVINALLONGO<\/strong><\/p>\n<p>&nbsp;<\/p>\n<p><strong>DI LORENZO SORATROI<\/strong><\/p>\n<audio class=\"wp-audio-shortcode\" id=\"audio-377678-7\" preload=\"none\" style=\"width: 100%;\" controls=\"controls\"><source type=\"audio\/mpeg\" src=\"https:\/\/www.radiopiu.net\/wordpress\/wp-content\/uploads\/2024\/03\/destagionalizzaione-lorenzo.mp3?_=7\" \/><a href=\"https:\/\/www.radiopiu.net\/wordpress\/wp-content\/uploads\/2024\/03\/destagionalizzaione-lorenzo.mp3\">https:\/\/www.radiopiu.net\/wordpress\/wp-content\/uploads\/2024\/03\/destagionalizzaione-lorenzo.mp3<\/a><\/audio>\n<p>&nbsp;<\/p>\n<audio class=\"wp-audio-shortcode\" id=\"audio-377678-8\" preload=\"none\" style=\"width: 100%;\" controls=\"controls\"><source type=\"audio\/mpeg\" src=\"https:\/\/www.radiopiu.net\/wordpress\/wp-content\/uploads\/2024\/03\/lorenzo-dolomti-f4-all.mp3?_=8\" \/><a href=\"https:\/\/www.radiopiu.net\/wordpress\/wp-content\/uploads\/2024\/03\/lorenzo-dolomti-f4-all.mp3\">https:\/\/www.radiopiu.net\/wordpress\/wp-content\/uploads\/2024\/03\/lorenzo-dolomti-f4-all.mp3<\/a><\/audio>\n<p>&nbsp;<\/p>\n<p>&nbsp;<\/p>\n<hr \/>\n<p>&nbsp;<\/p>\n<p>&nbsp;<\/p>\n<blockquote>\n<h3>LAVORI DI MESSA IN SICUREZZA DELLA STRADA DI DON A GOSALDO<\/h3>\n<\/blockquote>\n<p><strong><a class=\"dt-pswp-item\" href=\"https:\/\/www.radiopiu.net\/wordpress\/wp-content\/uploads\/2022\/01\/280px-DBGosaldoPala3.jpg\" data-dt-img-description=\"\" data-large_image_width=\"280\" data-large_image_height=\"181\"><img loading=\"lazy\" decoding=\"async\" class=\" wp-image-255077 alignleft\" src=\"https:\/\/www.radiopiu.net\/wordpress\/wp-content\/uploads\/2022\/01\/280px-DBGosaldoPala3.jpg\" alt=\"\" width=\"187\" height=\"121\" \/><\/a>GOSALDO<\/strong><\/p>\n<p>DI GIANNI SANTOMASO<\/p>\n<audio class=\"wp-audio-shortcode\" id=\"audio-377678-9\" preload=\"none\" style=\"width: 100%;\" controls=\"controls\"><source type=\"audio\/mpeg\" src=\"https:\/\/www.radiopiu.net\/wordpress\/wp-content\/uploads\/2024\/03\/GIANNI-LAVORI-DI-MESSA-IN-SICUREZZA-DELLA-STRADA-DI-DON-A-GOSALDO.mp3?_=9\" \/><a href=\"https:\/\/www.radiopiu.net\/wordpress\/wp-content\/uploads\/2024\/03\/GIANNI-LAVORI-DI-MESSA-IN-SICUREZZA-DELLA-STRADA-DI-DON-A-GOSALDO.mp3\">https:\/\/www.radiopiu.net\/wordpress\/wp-content\/uploads\/2024\/03\/GIANNI-LAVORI-DI-MESSA-IN-SICUREZZA-DELLA-STRADA-DI-DON-A-GOSALDO.mp3<\/a><\/audio>\n<p>&nbsp;<\/p>\n<p>&nbsp;<\/p>\n<hr \/>\n<p>&nbsp;<\/p>\n<blockquote>\n<h3>I CIVICI ALLE ELEZIONI PROVINCIALI<\/h3>\n<\/blockquote>\n<p><strong><a class=\"dt-pswp-item\" href=\"https:\/\/www.radiopiu.net\/wordpress\/wp-content\/uploads\/2021\/06\/6bda7d20-2bca-46b1-9c47-7864eeb8da9e.jpg\" data-dt-img-description=\"\" data-large_image_width=\"1920\" data-large_image_height=\"1080\"><img loading=\"lazy\" decoding=\"async\" class=\" wp-image-213612 alignleft\" src=\"https:\/\/www.radiopiu.net\/wordpress\/wp-content\/uploads\/2021\/06\/6bda7d20-2bca-46b1-9c47-7864eeb8da9e-300x169.jpg\" alt=\"\" width=\"156\" height=\"88\" srcset=\"https:\/\/www.radiopiu.net\/wordpress\/wp-content\/uploads\/2021\/06\/6bda7d20-2bca-46b1-9c47-7864eeb8da9e-300x169.jpg 300w, https:\/\/www.radiopiu.net\/wordpress\/wp-content\/uploads\/2021\/06\/6bda7d20-2bca-46b1-9c47-7864eeb8da9e-1024x576.jpg 1024w, https:\/\/www.radiopiu.net\/wordpress\/wp-content\/uploads\/2021\/06\/6bda7d20-2bca-46b1-9c47-7864eeb8da9e-768x432.jpg 768w, https:\/\/www.radiopiu.net\/wordpress\/wp-content\/uploads\/2021\/06\/6bda7d20-2bca-46b1-9c47-7864eeb8da9e-1536x864.jpg 1536w, https:\/\/www.radiopiu.net\/wordpress\/wp-content\/uploads\/2021\/06\/6bda7d20-2bca-46b1-9c47-7864eeb8da9e.jpg 1920w\" sizes=\"auto, (max-width: 156px) 100vw, 156px\" \/><\/a>BELLUNO<\/strong> Niente bandierine partitiche, ma collaborazione per il bene del territorio: la coalizione dei \u201ccivici\u201d impegnata nel rinnovo del consiglio provinciale illustra le sue priorit\u00e0.<\/p>\n<p><strong>DI DANIELE DALVIT<\/strong><\/p>\n<audio class=\"wp-audio-shortcode\" id=\"audio-377678-10\" preload=\"none\" style=\"width: 100%;\" controls=\"controls\"><source type=\"audio\/mpeg\" src=\"https:\/\/www.radiopiu.net\/wordpress\/wp-content\/uploads\/2024\/03\/Radio-Piu-Servizio-Civici-elezioni-provinciali.mp3?_=10\" \/><a href=\"https:\/\/www.radiopiu.net\/wordpress\/wp-content\/uploads\/2024\/03\/Radio-Piu-Servizio-Civici-elezioni-provinciali.mp3\">https:\/\/www.radiopiu.net\/wordpress\/wp-content\/uploads\/2024\/03\/Radio-Piu-Servizio-Civici-elezioni-provinciali.mp3<\/a><\/audio>\n<p>&nbsp;<\/p>\n<p>&nbsp;<\/p>\n<hr \/>\n<p>&nbsp;<\/p>\n<blockquote>\n<h3>IN APPALTO IL TRASPORTO SCOLASTICO E LA MENSA PER LA SCUOLA DELL&#8217;INFANZIA DI ALLEGHE<\/h3>\n<\/blockquote>\n<p><strong><a class=\"dt-pswp-item\" href=\"https:\/\/www.radiopiu.net\/wordpress\/wp-content\/uploads\/2023\/12\/MUNICIPIO-ALLEGHE.jpeg\" data-dt-img-description=\"\" data-large_image_width=\"1744\" data-large_image_height=\"1076\"><img loading=\"lazy\" decoding=\"async\" class=\" wp-image-364583 alignleft\" src=\"https:\/\/www.radiopiu.net\/wordpress\/wp-content\/uploads\/2023\/12\/MUNICIPIO-ALLEGHE-300x185.jpeg\" alt=\"\" width=\"195\" height=\"120\" srcset=\"https:\/\/www.radiopiu.net\/wordpress\/wp-content\/uploads\/2023\/12\/MUNICIPIO-ALLEGHE-300x185.jpeg 300w, https:\/\/www.radiopiu.net\/wordpress\/wp-content\/uploads\/2023\/12\/MUNICIPIO-ALLEGHE-1024x632.jpeg 1024w, https:\/\/www.radiopiu.net\/wordpress\/wp-content\/uploads\/2023\/12\/MUNICIPIO-ALLEGHE-768x474.jpeg 768w, https:\/\/www.radiopiu.net\/wordpress\/wp-content\/uploads\/2023\/12\/MUNICIPIO-ALLEGHE-1536x948.jpeg 1536w, https:\/\/www.radiopiu.net\/wordpress\/wp-content\/uploads\/2023\/12\/MUNICIPIO-ALLEGHE.jpeg 1744w\" sizes=\"auto, (max-width: 195px) 100vw, 195px\" \/><\/a>ALLEGHE<\/strong><\/p>\n<p>DI GIANNI SANTOMASO<\/p>\n<audio class=\"wp-audio-shortcode\" id=\"audio-377678-11\" preload=\"none\" style=\"width: 100%;\" controls=\"controls\"><source type=\"audio\/mpeg\" src=\"https:\/\/www.radiopiu.net\/wordpress\/wp-content\/uploads\/2024\/03\/GIANNI-IN-APPALTO-IL-TRASPORTO-SCOLASTICO-E-LA-MENSA-PER-LA-SCUOLA-DELLINFANZIA-DI-ALLEGHE.mp3?_=11\" \/><a href=\"https:\/\/www.radiopiu.net\/wordpress\/wp-content\/uploads\/2024\/03\/GIANNI-IN-APPALTO-IL-TRASPORTO-SCOLASTICO-E-LA-MENSA-PER-LA-SCUOLA-DELLINFANZIA-DI-ALLEGHE.mp3\">https:\/\/www.radiopiu.net\/wordpress\/wp-content\/uploads\/2024\/03\/GIANNI-IN-APPALTO-IL-TRASPORTO-SCOLASTICO-E-LA-MENSA-PER-LA-SCUOLA-DELLINFANZIA-DI-ALLEGHE.mp3<\/a><\/audio>\n<p>&nbsp;<\/p>\n<p>&nbsp;<\/p>\n<hr \/>\n<p>&nbsp;<\/p>\n<blockquote>\n<h3>SILVIA CALLIGARO NOMINATA VICEPRESIDENTE DEL GAL ALTO BELLUNESE<\/h3>\n<\/blockquote>\n<p><strong><a class=\"dt-pswp-item\" href=\"https:\/\/www.radiopiu.net\/wordpress\/wp-content\/uploads\/2024\/02\/SILVIA-CALLIGARO.jpg\" data-dt-img-description=\"\" data-large_image_width=\"2560\" data-large_image_height=\"1341\"><img loading=\"lazy\" decoding=\"async\" class=\" wp-image-376702 alignleft\" src=\"https:\/\/www.radiopiu.net\/wordpress\/wp-content\/uploads\/2024\/02\/SILVIA-CALLIGARO-300x157.jpg\" alt=\"\" width=\"197\" height=\"103\" srcset=\"https:\/\/www.radiopiu.net\/wordpress\/wp-content\/uploads\/2024\/02\/SILVIA-CALLIGARO-300x157.jpg 300w, https:\/\/www.radiopiu.net\/wordpress\/wp-content\/uploads\/2024\/02\/SILVIA-CALLIGARO-1024x536.jpg 1024w, https:\/\/www.radiopiu.net\/wordpress\/wp-content\/uploads\/2024\/02\/SILVIA-CALLIGARO-768x402.jpg 768w, https:\/\/www.radiopiu.net\/wordpress\/wp-content\/uploads\/2024\/02\/SILVIA-CALLIGARO-1536x805.jpg 1536w, https:\/\/www.radiopiu.net\/wordpress\/wp-content\/uploads\/2024\/02\/SILVIA-CALLIGARO-2048x1073.jpg 2048w\" sizes=\"auto, (max-width: 197px) 100vw, 197px\" \/><\/a>LOZZO DI CADORE\u00a0<\/strong>Il 27 febbraio 2024, il Presidente del GAL Alto Bellunese, Mauro Soppelsa, ha nominato Silvia Calligaro come Vicepresidente. Avvocato e Sindaco di Vigo di Cadore, Calligaro \u00e8 gi\u00e0 membro dell&#8217;Ufficio di Presidenza. In qualit\u00e0 di Vicepresidente, assume funzioni vicarie nella rappresentanza dell&#8217;Associazione e nella conduzione delle sedute in assenza del Presidente. Calligaro esprime gratitudine per la fiducia riposta dal Presidente e sottolinea l&#8217;importanza del GAL per il territorio. Contestualmente, \u00e8 stata definita la composizione della Commissione tecnica GAL-AVEPA, incaricata di valutare le richieste di contributo nell&#8217;ambito del Piano di Sviluppo Locale. La commissione include il Presidente, il direttore Marco Bassetto, la Vicepresidente e Michele Nenz come supplente.<\/p>\n<p>&nbsp;<\/p>\n<p>&nbsp;<\/p>\n<hr \/>\n<p><strong><a class=\"dt-pswp-item\" href=\"https:\/\/www.radiopiu.net\/wordpress\/wp-content\/uploads\/2024\/01\/Senza-nome-34.png\" data-dt-img-description=\"\" data-large_image_width=\"239\" data-large_image_height=\"153\"><img loading=\"lazy\" decoding=\"async\" class=\"wp-image-369478 alignleft\" src=\"https:\/\/www.radiopiu.net\/wordpress\/wp-content\/uploads\/2024\/01\/Senza-nome-34.png\" alt=\"\" width=\"128\" height=\"82\" \/><\/a><\/strong><\/p>\n<h1 class=\"_title post-title entry-title\"><\/h1>\n<p><strong>\u00a0\u00a0<\/strong><strong>dal TG BELLUNESE di\u00a0 ANTENNA 3 ogni sera alle 19.30 sul canale 10 del digitale terrestre e alle 19 le anticipazioni alla radio.\u00a0 \u00a0 \u00a0\u00a0<\/strong><\/p>\n<p>&nbsp;<\/p>\n<blockquote>\n<h1 class=\"_title post-title entry-title\">ANCHE A BELLUNO UN GIARDINO DEI GIUSTI<\/h1>\n<\/blockquote>\n<p>Intervistati RAFFAELE ADDAMIANO (ASSESSORE CULTURA COMUNE BELLUNO), FRANCESCA IACOBELLIS (INSEGNANTE) (Servizio di\u00a0<a href=\"https:\/\/antennatre.medianordest.it\/redazione\/Fabio-Fioravanzi\/\">Fabio Fioravanzi<\/a>)<\/p>\n<p><iframe loading=\"lazy\" title=\"ANCHE A BELLUNO UN GIARDINO DEI GIUSTI | 06\/03\/2024\" width=\"1200\" height=\"675\" src=\"https:\/\/www.youtube.com\/embed\/yr7nv36v9f0?feature=oembed\" frameborder=\"0\" allow=\"accelerometer; autoplay; clipboard-write; encrypted-media; gyroscope; picture-in-picture; web-share\" allowfullscreen><\/iframe><\/p>\n<p>&nbsp;<\/p>\n<hr \/>\n<p>&nbsp;<\/p>\n<blockquote>\n<h3>DONATO AL COMUNE DI FELTRE UN DIPINTO DI VALERIO BELLATI<\/h3>\n<\/blockquote>\n<p><strong><a class=\"dt-pswp-item\" href=\"https:\/\/www.radiopiu.net\/wordpress\/wp-content\/uploads\/2024\/03\/Donazione-Bellati.jpg\" data-dt-img-description=\"\" data-large_image_width=\"1920\" data-large_image_height=\"997\"><img loading=\"lazy\" decoding=\"async\" class=\" wp-image-377789 alignleft\" src=\"https:\/\/www.radiopiu.net\/wordpress\/wp-content\/uploads\/2024\/03\/Donazione-Bellati-300x156.jpg\" alt=\"\" width=\"192\" height=\"100\" srcset=\"https:\/\/www.radiopiu.net\/wordpress\/wp-content\/uploads\/2024\/03\/Donazione-Bellati-300x156.jpg 300w, https:\/\/www.radiopiu.net\/wordpress\/wp-content\/uploads\/2024\/03\/Donazione-Bellati-1024x532.jpg 1024w, https:\/\/www.radiopiu.net\/wordpress\/wp-content\/uploads\/2024\/03\/Donazione-Bellati-768x399.jpg 768w, https:\/\/www.radiopiu.net\/wordpress\/wp-content\/uploads\/2024\/03\/Donazione-Bellati-1536x798.jpg 1536w, https:\/\/www.radiopiu.net\/wordpress\/wp-content\/uploads\/2024\/03\/Donazione-Bellati.jpg 1920w\" sizes=\"auto, (max-width: 192px) 100vw, 192px\" \/><\/a>FELTRE<\/strong> La dotazione di opere pittoriche della Galleria d\u2019Arte Moderna \u201cCarlo Rizzarda\u201d di Feltre si arricchisce di un\u2019importante opera di Valerio Bellati, donata al Comune dal Figlio Massimiliano a ridosso della conclusione della mostra \u201cAlchimie cromatiche\u201d, ospitata nelle sale dello stesso palazzo nei mesi scorsi. Il dipinto donato al Comune di Feltre, \u201cSenza titolo\u201d del 1971, \u00e8 stato realizzato con tecnica mista su tela, ha dimensioni di cm. 75&#215;59 ed un valore stimato di circa 10 mila euro. Il signor Bellati ha allegato un expertise nel quale si ricorda che il dipinto \u00e8 stato esposto, oltre che nella Galleria d&#8217;arte moderna Carlo Rizzarda, anche alla Galleria d&#8217;arte di Villa Brandolini a Pieve di Soligo (TV) dal 29 settembre all&#8217;11 novembre 2013 in occasione della mostra Turbamenti della forma. Valerio Bellati \u2013 Yasmin Brandolini d&#8217;Adda curata dal prof. Corrado Castellani.<\/p>\n<p><strong>MASSIMILIANO BELLATI<\/strong><\/p>\n<audio class=\"wp-audio-shortcode\" id=\"audio-377678-12\" preload=\"none\" style=\"width: 100%;\" controls=\"controls\"><source type=\"audio\/mpeg\" src=\"https:\/\/www.radiopiu.net\/wordpress\/wp-content\/uploads\/2024\/03\/Audio-Massimiliano-Bellati.mp3?_=12\" \/><a href=\"https:\/\/www.radiopiu.net\/wordpress\/wp-content\/uploads\/2024\/03\/Audio-Massimiliano-Bellati.mp3\">https:\/\/www.radiopiu.net\/wordpress\/wp-content\/uploads\/2024\/03\/Audio-Massimiliano-Bellati.mp3<\/a><\/audio>\n<p>&nbsp;<\/p>\n<hr \/>\n<p>&nbsp;<\/p>\n<blockquote>\n<h3>IL CAMPIONATO PROVINCIALE STUDENTESCO DI SCACCHI<\/h3>\n<\/blockquote>\n<p><b><a class=\"dt-pswp-item\" href=\"https:\/\/www.radiopiu.net\/wordpress\/wp-content\/uploads\/2024\/03\/d0ebed11-25b5-4b51-a175-298f6f39f760.jpg\" data-dt-img-description=\"\" data-large_image_width=\"1600\" data-large_image_height=\"1200\"><img loading=\"lazy\" decoding=\"async\" class=\" wp-image-377772 alignleft\" src=\"https:\/\/www.radiopiu.net\/wordpress\/wp-content\/uploads\/2024\/03\/d0ebed11-25b5-4b51-a175-298f6f39f760-300x225.jpg\" alt=\"\" width=\"203\" height=\"152\" srcset=\"https:\/\/www.radiopiu.net\/wordpress\/wp-content\/uploads\/2024\/03\/d0ebed11-25b5-4b51-a175-298f6f39f760-300x225.jpg 300w, https:\/\/www.radiopiu.net\/wordpress\/wp-content\/uploads\/2024\/03\/d0ebed11-25b5-4b51-a175-298f6f39f760-1024x768.jpg 1024w, https:\/\/www.radiopiu.net\/wordpress\/wp-content\/uploads\/2024\/03\/d0ebed11-25b5-4b51-a175-298f6f39f760-768x576.jpg 768w, https:\/\/www.radiopiu.net\/wordpress\/wp-content\/uploads\/2024\/03\/d0ebed11-25b5-4b51-a175-298f6f39f760-1536x1152.jpg 1536w, https:\/\/www.radiopiu.net\/wordpress\/wp-content\/uploads\/2024\/03\/d0ebed11-25b5-4b51-a175-298f6f39f760.jpg 1600w\" sizes=\"auto, (max-width: 203px) 100vw, 203px\" \/><\/a>BELLUNO\u00a0<\/b>Pi\u00f9 di 150 studenti da tutta la provincia si sono sfidati questa mattina nel campionato provinciale studentesco di scacchi, organizzato dal Circolo Scacchistico Bellunese e dall&#8217;Ufficio Scolastico provinciale.<\/p>\n<p><strong>DI DANIELE DALVIT<\/strong><\/p>\n<audio class=\"wp-audio-shortcode\" id=\"audio-377678-13\" preload=\"none\" style=\"width: 100%;\" controls=\"controls\"><source type=\"audio\/mpeg\" src=\"https:\/\/www.radiopiu.net\/wordpress\/wp-content\/uploads\/2024\/03\/Radio-Piu-Servizio-Campionato-studenti-scacchi.mp3?_=13\" \/><a href=\"https:\/\/www.radiopiu.net\/wordpress\/wp-content\/uploads\/2024\/03\/Radio-Piu-Servizio-Campionato-studenti-scacchi.mp3\">https:\/\/www.radiopiu.net\/wordpress\/wp-content\/uploads\/2024\/03\/Radio-Piu-Servizio-Campionato-studenti-scacchi.mp3<\/a><\/audio>\n<p>&nbsp;<\/p>\n<hr \/>\n<p>&nbsp;<\/p>\n<blockquote>\n<h2><a class=\"dt-pswp-item\" href=\"https:\/\/www.radiopiu.net\/wordpress\/wp-content\/uploads\/2024\/03\/Senza-nome-24.png\" data-dt-img-description=\"\" data-large_image_width=\"368\" data-large_image_height=\"162\"><img loading=\"lazy\" decoding=\"async\" class=\"wp-image-377762 alignleft\" src=\"https:\/\/www.radiopiu.net\/wordpress\/wp-content\/uploads\/2024\/03\/Senza-nome-24-300x132.png\" alt=\"\" width=\"100\" height=\"44\" srcset=\"https:\/\/www.radiopiu.net\/wordpress\/wp-content\/uploads\/2024\/03\/Senza-nome-24-300x132.png 300w, https:\/\/www.radiopiu.net\/wordpress\/wp-content\/uploads\/2024\/03\/Senza-nome-24.png 368w\" sizes=\"auto, (max-width: 100px) 100vw, 100px\" \/><\/a>CONSEGNA DEI DIPLOMI AL FOLLADOR<\/h2>\n<\/blockquote>\n<p><strong>AGORDO<\/strong> Venerdi 15 marzo alle 19.30 al Palafalcade, consegna dei diplomi di Stato. I ragazzi saranno accolti con un buffet di benvenuto preparato dagli studenti dell&#8217;indirizzo enogastronomico<\/p>\n<p>&nbsp;<\/p>\n<blockquote>\n<h3><a class=\"dt-pswp-item\" href=\"https:\/\/www.radiopiu.net\/wordpress\/wp-content\/uploads\/2024\/03\/Senza-titolo.jpg\" data-dt-img-description=\"\" data-large_image_width=\"1573\" data-large_image_height=\"867\"><img loading=\"lazy\" decoding=\"async\" class=\"wp-image-377876 alignleft\" src=\"https:\/\/www.radiopiu.net\/wordpress\/wp-content\/uploads\/2024\/03\/Senza-titolo-300x165.jpg\" alt=\"\" width=\"191\" height=\"105\" srcset=\"https:\/\/www.radiopiu.net\/wordpress\/wp-content\/uploads\/2024\/03\/Senza-titolo-300x165.jpg 300w, https:\/\/www.radiopiu.net\/wordpress\/wp-content\/uploads\/2024\/03\/Senza-titolo-1024x564.jpg 1024w, https:\/\/www.radiopiu.net\/wordpress\/wp-content\/uploads\/2024\/03\/Senza-titolo-768x423.jpg 768w, https:\/\/www.radiopiu.net\/wordpress\/wp-content\/uploads\/2024\/03\/Senza-titolo-1536x847.jpg 1536w, https:\/\/www.radiopiu.net\/wordpress\/wp-content\/uploads\/2024\/03\/Senza-titolo.jpg 1573w\" sizes=\"auto, (max-width: 191px) 100vw, 191px\" \/><\/a>&#8220;Gioco &#8220;ECONAUTI&#8221; alla Scuola Primaria di Mugnai<\/h3>\n<\/blockquote>\n<p><strong>FELTRE<\/strong> Le classi 3^ e 4^ della scuola primaria di Mugnai partecipano al gioco &#8220;ECONAUTI&#8221; proposto da Cristian Campigotto, una caccia al tesoro che promuove la collaborazione tra i ragazzi. Divisi in gruppi, risolvono enigmi legati a temi come lo spreco del cibo e dell&#8217;acqua, il riciclo e il rispetto dell&#8217;ambiente e ricevono gadget come ricompensa.<\/p>\n<div class=\"w-full text-token-text-primary\" data-testid=\"conversation-turn-10\">\n<div class=\"px-4 py-2 justify-center text-base md:gap-6 m-auto\">\n<div class=\"flex flex-1 text-base mx-auto gap-3 md:px-5 lg:px-1 xl:px-5 md:max-w-3xl lg:max-w-[40rem] xl:max-w-[48rem] group\">\n<div class=\"relative flex w-full flex-col\">\n<div class=\"flex-col gap-1 md:gap-3\">\n<div class=\"mt-1 flex justify-start gap-3 empty:hidden\">\n<div class=\"text-gray-400 flex self-end lg:self-center justify-center lg:justify-start mt-0 -ml-1 h-7 visible\">\n<div class=\"flex items-center gap-1.5 text-xs\"><\/div>\n<\/div>\n<\/div>\n<\/div>\n<\/div>\n<\/div>\n<\/div>\n<\/div>\n<div class=\"w-full text-token-text-primary\" data-testid=\"conversation-turn-11\">\n<div class=\"px-4 py-2 justify-center text-base md:gap-6 m-auto\">\n<div class=\"flex flex-1 text-base mx-auto gap-3 md:px-5 lg:px-1 xl:px-5 md:max-w-3xl lg:max-w-[40rem] xl:max-w-[48rem] group final-completion\">\n<div class=\"flex-shrink-0 flex flex-col relative items-end\">\n<div>\n<div class=\"pt-0.5\">\n<div class=\"gizmo-shadow-stroke flex h-6 w-6 items-center justify-center overflow-hidden rounded-full\">\n<div class=\"relative p-1 rounded-sm h-9 w-9 text-white flex items-center justify-center\"><\/div>\n<\/div>\n<\/div>\n<\/div>\n<\/div>\n<\/div>\n<\/div>\n<\/div>\n<p>&nbsp;<\/p>\n<hr \/>\n<p>&nbsp;<\/p>\n<blockquote>\n<h3>GIORNATA NAZIONALE DEL FIOCCHETTO LILLA: LE INIZIATIVE IN ULSS DOLOMITI<\/h3>\n<\/blockquote>\n<p><strong><a class=\"dt-pswp-item\" href=\"https:\/\/www.radiopiu.net\/wordpress\/wp-content\/uploads\/2020\/03\/ULSS-1-DOLOMITI-LOGO.jpg\" data-dt-img-description=\"\" data-large_image_width=\"298\" data-large_image_height=\"219\"><img loading=\"lazy\" decoding=\"async\" class=\" wp-image-121256 alignleft\" src=\"https:\/\/www.radiopiu.net\/wordpress\/wp-content\/uploads\/2020\/03\/ULSS-1-DOLOMITI-LOGO.jpg\" alt=\"\" width=\"155\" height=\"114\" \/><\/a>BELLUNO<\/strong> In occasione della Giornata del Fiocchetto Lilla, l&#8217;Ulss Dolomiti, in collaborazione con l&#8217;Associazione Margherita Fenice, organizza due eventi dedicati ai disturbi della nutrizione e dell&#8217;alimentazione. Il primo, il 14 marzo a Belluno, presenta attivit\u00e0 delle \u00e9quipe e testimonianze. Il secondo, l&#8217;Open Day il 16 marzo a Feltre e Belluno, offre consulenze, informazioni e attivit\u00e0 esperienziali. Gruppi sopra i 10 partecipanti possono prenotarsi via e-mail. Chiunque pu\u00f2 fare domande telefonicamente o richiedere collegamenti virtuali per consultazioni. L&#8217;iniziativa mira a sensibilizzare sui disturbi alimentari e offrire supporto informativo.<\/p>\n<p><strong>PER LE TRE RADIO, BARBARA PAOLAZZI<\/strong><\/p>\n<audio class=\"wp-audio-shortcode\" id=\"audio-377678-14\" preload=\"none\" style=\"width: 100%;\" controls=\"controls\"><source type=\"audio\/mpeg\" src=\"https:\/\/www.radiopiu.net\/wordpress\/wp-content\/uploads\/2024\/03\/PAOLAZZI-FIOCCO-LILLA-ULSS.mp3?_=14\" \/><a href=\"https:\/\/www.radiopiu.net\/wordpress\/wp-content\/uploads\/2024\/03\/PAOLAZZI-FIOCCO-LILLA-ULSS.mp3\">https:\/\/www.radiopiu.net\/wordpress\/wp-content\/uploads\/2024\/03\/PAOLAZZI-FIOCCO-LILLA-ULSS.mp3<\/a><\/audio>\n<p>&nbsp;<\/p>\n<hr \/>\n<p>&nbsp;<\/p>\n<blockquote>\n<h3>IL PROGETTO GIOVANI ENERGIE<\/h3>\n<\/blockquote>\n<p><strong><a class=\"dt-pswp-item\" href=\"https:\/\/www.radiopiu.net\/wordpress\/wp-content\/uploads\/2024\/03\/Screenshot-2024-02-05-144921.png\" data-dt-img-description=\"\" data-large_image_width=\"1182\" data-large_image_height=\"775\"><img loading=\"lazy\" decoding=\"async\" class=\" wp-image-377819 alignleft\" src=\"https:\/\/www.radiopiu.net\/wordpress\/wp-content\/uploads\/2024\/03\/Screenshot-2024-02-05-144921-300x197.png\" alt=\"\" width=\"153\" height=\"100\" srcset=\"https:\/\/www.radiopiu.net\/wordpress\/wp-content\/uploads\/2024\/03\/Screenshot-2024-02-05-144921-300x197.png 300w, https:\/\/www.radiopiu.net\/wordpress\/wp-content\/uploads\/2024\/03\/Screenshot-2024-02-05-144921-1024x671.png 1024w, https:\/\/www.radiopiu.net\/wordpress\/wp-content\/uploads\/2024\/03\/Screenshot-2024-02-05-144921-768x504.png 768w, https:\/\/www.radiopiu.net\/wordpress\/wp-content\/uploads\/2024\/03\/Screenshot-2024-02-05-144921.png 1182w\" sizes=\"auto, (max-width: 153px) 100vw, 153px\" \/><\/a>BELLUNO<\/strong> Il progetto &#8220;Giovani Energie&#8221; \u00e8 finanziato dalla DGR 729\/2023 della Regione del Veneto, mirando a trasformare esperienze virtuali in opportunit\u00e0 reali per i giovani. Concentrandosi sull&#8217;inclusione e l&#8217;orientamento, la Segreteria Operativa gestir\u00e0 segnalazioni e offrir\u00e0 supporto personalizzato. I &#8220;Tavoli di condivisione delle buone pratiche&#8221; il 14 marzo all&#8217;UrbanHub Dolomiti coinvolgeranno istituzioni, scuole e partner per co-progettare attivit\u00e0 di orientamento. L&#8217;evento, sia in presenza che online, accoglie contributi per costruire un futuro migliore per i giovani della regione. Contattare Michele Verdolini per informazioni.<\/p>\n<p>&nbsp;<\/p>\n<p>&nbsp;<\/p>\n<hr \/>\n<p>&nbsp;<\/p>\n<blockquote>\n<h3><a class=\"dt-pswp-item\" href=\"https:\/\/www.radiopiu.net\/wordpress\/wp-content\/uploads\/2024\/03\/733af649-ea43-4a26-ab9f-7cbead9c8c00.jpg\" data-dt-img-description=\"\" data-large_image_width=\"1365\" data-large_image_height=\"1365\"><img loading=\"lazy\" decoding=\"async\" class=\" wp-image-377832 alignleft\" src=\"https:\/\/www.radiopiu.net\/wordpress\/wp-content\/uploads\/2024\/03\/733af649-ea43-4a26-ab9f-7cbead9c8c00-300x300.jpg\" alt=\"\" width=\"130\" height=\"130\" srcset=\"https:\/\/www.radiopiu.net\/wordpress\/wp-content\/uploads\/2024\/03\/733af649-ea43-4a26-ab9f-7cbead9c8c00-300x300.jpg 300w, https:\/\/www.radiopiu.net\/wordpress\/wp-content\/uploads\/2024\/03\/733af649-ea43-4a26-ab9f-7cbead9c8c00-1024x1024.jpg 1024w, https:\/\/www.radiopiu.net\/wordpress\/wp-content\/uploads\/2024\/03\/733af649-ea43-4a26-ab9f-7cbead9c8c00-150x150.jpg 150w, https:\/\/www.radiopiu.net\/wordpress\/wp-content\/uploads\/2024\/03\/733af649-ea43-4a26-ab9f-7cbead9c8c00-768x768.jpg 768w, https:\/\/www.radiopiu.net\/wordpress\/wp-content\/uploads\/2024\/03\/733af649-ea43-4a26-ab9f-7cbead9c8c00.jpg 1365w\" sizes=\"auto, (max-width: 130px) 100vw, 130px\" \/><\/a>UN WORKSHOP PER PARLARE DI OLIMPIADI<\/h3>\n<\/blockquote>\n<p><strong>PIEVE DI CADORE<\/strong><\/p>\n<p><strong>PER LE TRE RADIO, BARBARA PAOLAZZI<\/strong><\/p>\n<audio class=\"wp-audio-shortcode\" id=\"audio-377678-15\" preload=\"none\" style=\"width: 100%;\" controls=\"controls\"><source type=\"audio\/mpeg\" src=\"https:\/\/www.radiopiu.net\/wordpress\/wp-content\/uploads\/2024\/03\/PAOLAZZI-WORKSHOP-SULLE-OLIMPIADI.mp3?_=15\" \/><a href=\"https:\/\/www.radiopiu.net\/wordpress\/wp-content\/uploads\/2024\/03\/PAOLAZZI-WORKSHOP-SULLE-OLIMPIADI.mp3\">https:\/\/www.radiopiu.net\/wordpress\/wp-content\/uploads\/2024\/03\/PAOLAZZI-WORKSHOP-SULLE-OLIMPIADI.mp3<\/a><\/audio>\n<p>&nbsp;<\/p>\n<hr \/>\n<p>&nbsp;<\/p>\n<h2><span style=\"color: #ff0000;\">CONSIGLI COMUNALI<\/span><\/h2>\n<p><strong>AGORDO<\/strong> Consiglio comunale lunedi alle 19 convocato dal sindaco Roberto Chissal\u00e8. Quattro i punti all&#8217;ordine del giorno: il bialncio preventivo di ASCA, una variazione al DUP, la nomina dell&#8217;organo di revisione economico finanziaria e una modifica al sedime stradale in corrispondenza dell&#8217;attivit\u00e0 Costruzioni Elettromeccaniche.<\/p>\n<p>&nbsp;<\/p>\n<hr \/>\n<p>&nbsp;<\/p>\n<blockquote>\n<h3>SETTE NUOVI DONATORI PER ADMO BELLUNO<\/h3>\n<\/blockquote>\n<p><strong><a class=\"dt-pswp-item\" href=\"https:\/\/www.radiopiu.net\/wordpress\/wp-content\/uploads\/2023\/05\/admo-logo.jpg\" data-dt-img-description=\"\" data-large_image_width=\"1200\" data-large_image_height=\"848\"><img loading=\"lazy\" decoding=\"async\" class=\" wp-image-336938 alignleft\" src=\"https:\/\/www.radiopiu.net\/wordpress\/wp-content\/uploads\/2023\/05\/admo-logo-300x212.jpg\" alt=\"\" width=\"153\" height=\"108\" srcset=\"https:\/\/www.radiopiu.net\/wordpress\/wp-content\/uploads\/2023\/05\/admo-logo-300x212.jpg 300w, https:\/\/www.radiopiu.net\/wordpress\/wp-content\/uploads\/2023\/05\/admo-logo-1024x724.jpg 1024w, https:\/\/www.radiopiu.net\/wordpress\/wp-content\/uploads\/2023\/05\/admo-logo-768x543.jpg 768w, https:\/\/www.radiopiu.net\/wordpress\/wp-content\/uploads\/2023\/05\/admo-logo.jpg 1200w\" sizes=\"auto, (max-width: 153px) 100vw, 153px\" \/><\/a>BELLUNO<\/strong> Il 2024 inizia con successi per ADMO Belluno, con sette donatori effettivi nel 2023 e 270 nuove tipizzazioni. L&#8217;introduzione dell&#8217;iscrizione tramite esame salivare amplia la partecipazione. La sensibilizzazione nelle scuole e la collaborazione universitaria a Feltre proseguono, coinvolgendo giovani e docenti. L&#8217;iniziativa &#8220;Una colomba per la vita&#8221; parte l&#8217;9 marzo, coinvolgendo la Provincia. ADMO mobilita volontari e chiede supporto anche per giovani come Lorenzo, Riccardo, e Marco in attesa di trapianto. La campagna di donazione continua, invitando chi \u00e8 in salute ad iscriversi per offrire speranza.<\/p>\n<p>&nbsp;<\/p>\n<hr \/>\n<p>&nbsp;<\/p>\n<blockquote>\n<h2>In camper dal Cadore a Feltre: il filo dei diritti non si spezza, domani dalle 7:30 alle 12:30<\/h2>\n<\/blockquote>\n<div><strong>\u00a0BELLUNO<\/strong> Il tessuto della Conoscenza nelle Dolomiti resiste, nonostante le sfide morfologiche e le pressioni esterne. La FLC CGIL bellunese accoglie il camper &#8220;Stesso Paese, stessi diritti&#8221; l&#8217;8 marzo per esplorare le dinamiche del territorio, tra spopolamento e risorse drenate da Venezia e Roma.<\/div>\n<div><\/div>\n<div><\/div>\n<div><\/div>\n<div><\/div>\n<div>\n<hr \/>\n<\/div>\n<div><\/div>\n<blockquote>\n<h2>Penne nere agordine sempre in prima linea<\/h2>\n<\/blockquote>\n<div>\n<p align=\"CENTER\"><span style=\"font-family: Century Gothic, serif;\"><b>L\u2019ASSEMBLEA SEZIONALE ANNUALE DEGLI ALPINI<\/b><\/span><\/p>\n<p align=\"CENTER\">DI DINO BRIDDA<\/p>\n<p style=\"text-align: left;\" align=\"CENTER\"><strong><a class=\"dt-pswp-item\" href=\"https:\/\/www.radiopiu.net\/wordpress\/wp-content\/uploads\/2023\/12\/incontro-ringraziamento-alpini-belluno-scaled.jpg\" data-dt-img-description=\"\" data-large_image_width=\"2560\" data-large_image_height=\"1709\"><img loading=\"lazy\" decoding=\"async\" class=\"size-medium wp-image-365791 alignleft\" src=\"https:\/\/www.radiopiu.net\/wordpress\/wp-content\/uploads\/2023\/12\/incontro-ringraziamento-alpini-belluno-300x200.jpg\" alt=\"\" width=\"300\" height=\"200\" srcset=\"https:\/\/www.radiopiu.net\/wordpress\/wp-content\/uploads\/2023\/12\/incontro-ringraziamento-alpini-belluno-300x200.jpg 300w, https:\/\/www.radiopiu.net\/wordpress\/wp-content\/uploads\/2023\/12\/incontro-ringraziamento-alpini-belluno-1024x684.jpg 1024w, https:\/\/www.radiopiu.net\/wordpress\/wp-content\/uploads\/2023\/12\/incontro-ringraziamento-alpini-belluno-768x513.jpg 768w, https:\/\/www.radiopiu.net\/wordpress\/wp-content\/uploads\/2023\/12\/incontro-ringraziamento-alpini-belluno-1536x1025.jpg 1536w, https:\/\/www.radiopiu.net\/wordpress\/wp-content\/uploads\/2023\/12\/incontro-ringraziamento-alpini-belluno-2048x1367.jpg 2048w\" sizes=\"auto, (max-width: 300px) 100vw, 300px\" \/><\/a>BELLUNO <\/strong>Lo \u201czoccolo duro\u201d agordino della Sezione Alpini di Belluno ha trovato conferma anche nella recente assemblea annuale tenutasi nella sala polifunzionale della caserma \u201cSalsa\/D\u2019Angelo\u201d del capoluogo e sede del 7\u00b0 Reggimento della Brigata \u201cJulia\u201d. Guidati da uno dei quattro vice presidenti sezionali, Giovanni Da Pra di Agordo, i delegati delle vallate agordine hanno portato in assemblea la \u201cforza\u201d dei loro 18 Gruppi che, alla data del 31 dicembre 2023, rappresentano il 29% dei 44 nuclei locali della Sezione con un \u201cpeso\u201d di 1710 soci sul totale delle 5.963 penne nere presiedute da Lino De Pra. Si deve ricordare che gli agordini sono ben rappresentati anche negli organi sociali. Infatti nel Consiglio direttivo, <img loading=\"lazy\" decoding=\"async\" class=\"alignright\" src=\"https:\/\/www.radiopiu.net\/wordpress\/wp-content\/uploads\/2021\/05\/A-GLI-ALPINI.jpg\" width=\"288\" height=\"210\" \/>oltre a Giovanni Da Pra, siedono: Angelo Magro di Frassen\u00e8 (coach delle squadre sportive assieme all\u2019instancabile collega Pier Emilio Parissenti), Angelo Mezzacasa (La Valle Agordina), Ilario De Valier (Rocca Pietore \u201cMonte Marmolada\u201d), Guerrino \u201cTobia\u201d Bellenzier (Alleghe \u201cMonte Civetta\u201d) <img loading=\"lazy\" decoding=\"async\" class=\"alignleft\" src=\"https:\/\/www.radiopiu.net\/wordpress\/wp-content\/uploads\/2021\/01\/lino-de-pra-presidente-sezione-alpini-belluno-scaled.jpg\" width=\"133\" height=\"178\" \/>e Leandro Lorenzini (Selva di Cadore), mentre della Giunta di scrutinio fanno parte Sergio Valente (Alleghe \u201cMonte Civetta\u201d) e Thomas Valt (Falcade). Da segnalare pure che, alle recenti Alpiniadi invernali in Val Pusteria, gli atleti agordini hanno dato un notevole contributo all\u2019intero team bellunese che si \u00e8 classificato secondo dietro la \u201ccorazzata\u201d della Valtellina e, nel corso del 2023, si \u00e8 sempre comportato egregiamente nei vari campionati nazionali. Dalle presenze ai meriti. Durante i lavori assembleari sono stati consegnati attestati di benemerenza per l\u2019impegno e la lunga militanza ai soci alpini agordini Dante Valt e Lauro Caio Gavaz. Consegnata anche la targa e la medaglia d\u2019argento al socio alpino agordino Alfredo Govigli per raggiunti limiti d\u2019et\u00e0 nel Nucleo di Protezione civile della Sezione. Infine tra gli \u201cAmici degli Alpini\u201d la consegna del berretto norvegese ha visto premiata l\u2019adesione della rocchesana Francesca De Cassan ai valori ed agli ideali dell\u2019Associazione Nazionale Alpini.<\/p>\n<p align=\"CENTER\"><strong>FOTO ARCHIVIO<\/strong>, incontro-ringraziamento-alpini-belluno; alpini ad Alleghe in occasione del Giro del Lago; Lino De Pra.<\/p>\n<\/div>\n<div><\/div>\n<div><\/div>\n<div>\n<hr \/>\n<\/div>\n<div>\n<div class=\"flex flex-grow flex-col max-w-full\">\n<div class=\"min-h-[20px] text-message flex flex-col items-start gap-3 whitespace-pre-wrap break-words [.text-message+&amp;]:mt-5 overflow-x-auto\" data-message-author-role=\"assistant\" data-message-id=\"f07fa08d-c006-4261-9e0e-6b2d8cfba5c5\">\n<div class=\"markdown prose w-full break-words dark:prose-invert dark\">\n<blockquote>\n<h3>&#8220;Gianpaolo Bottacin, Nuovo Presidente di Aineva: Impegno per la Prevenzione delle Valanghe e la Tutela Ambientale nelle Regioni Alpine&#8221;<\/h3>\n<\/blockquote>\n<\/div>\n<\/div>\n<\/div>\n<div class=\"mt-1 flex justify-start gap-3 empty:hidden\">\n<div class=\"text-xs flex items-center justify-center gap-1 self-center visible\"><\/div>\n<\/div>\n<\/div>\n<div><strong><a class=\"dt-pswp-item\" href=\"https:\/\/www.radiopiu.net\/wordpress\/wp-content\/uploads\/2023\/11\/BOTTACIN.png\" data-dt-img-description=\"\" data-large_image_width=\"591\" data-large_image_height=\"400\"><img loading=\"lazy\" decoding=\"async\" class=\" wp-image-362309 alignleft\" src=\"https:\/\/www.radiopiu.net\/wordpress\/wp-content\/uploads\/2023\/11\/BOTTACIN-300x203.png\" alt=\"\" width=\"223\" height=\"151\" srcset=\"https:\/\/www.radiopiu.net\/wordpress\/wp-content\/uploads\/2023\/11\/BOTTACIN-300x203.png 300w, https:\/\/www.radiopiu.net\/wordpress\/wp-content\/uploads\/2023\/11\/BOTTACIN.png 591w\" sizes=\"auto, (max-width: 223px) 100vw, 223px\" \/><\/a>REDAZIONE<\/strong> Gianpaolo Bottacin, assessore all&#8217;ambiente del Veneto, \u00e8 il nuovo presidente di Aineva, associazione che riunisce le regioni alpine e si occupa di prevenzione delle valanghe e studio della neve. Aineva promuove lo scambio di informazioni, la standardizzazione dei mezzi di comunicazione e la formazione dei tecnici del settore. Con l&#8217;importanza crescente data ai cambiamenti climatici, Bottacin sottolinea l&#8217;importanza del ruolo dell&#8217;associazione e si impegna a collaborare con le Regioni per affrontare le sfide. Il suo mandato dura un anno rinnovabile, durante il quale si concentrer\u00e0 sul rinnovo delle convenzioni strategiche, con particolare attenzione alla Protezione Civile. Arpav, l&#8217;agenzia regionale per la prevenzione ambientale, organizza corsi di formazione per addetti ai lavori e appassionati di montagna, un&#8217;iniziativa che Bottacin intende supportare e promuovere.<\/div>\n<div><\/div>\n<div><\/div>\n<div>\n<hr \/>\n<\/div>\n<div><\/div>\n<div><a class=\"dt-pswp-item\" href=\"https:\/\/www.radiopiu.net\/wordpress\/wp-content\/uploads\/2019\/03\/festa-della-donna-mimosa-8-marzo-1024x768.jpg\" data-dt-img-description=\"\" data-large_image_width=\"1024\" data-large_image_height=\"768\"><img loading=\"lazy\" decoding=\"async\" class=\"size-medium wp-image-78308 aligncenter\" src=\"https:\/\/www.radiopiu.net\/wordpress\/wp-content\/uploads\/2019\/03\/festa-della-donna-mimosa-8-marzo-1024x768-300x225.jpg\" alt=\"\" width=\"300\" height=\"225\" srcset=\"https:\/\/www.radiopiu.net\/wordpress\/wp-content\/uploads\/2019\/03\/festa-della-donna-mimosa-8-marzo-1024x768-300x225.jpg 300w, https:\/\/www.radiopiu.net\/wordpress\/wp-content\/uploads\/2019\/03\/festa-della-donna-mimosa-8-marzo-1024x768-768x576.jpg 768w, https:\/\/www.radiopiu.net\/wordpress\/wp-content\/uploads\/2019\/03\/festa-della-donna-mimosa-8-marzo-1024x768.jpg 1024w\" sizes=\"auto, (max-width: 300px) 100vw, 300px\" \/><\/a><\/div>\n<div><\/div>\n<div><\/div>\n<div>\n<hr \/>\n<\/div>\n<div>\n<blockquote>\n<h2><strong>\u00a0<\/strong><\/h2>\n<h2><strong>L&#8217;8 marzo, Giornata Internazionale dei Diritti della Donna, a Feltre.<\/strong><\/h2>\n<\/blockquote>\n<p><strong>\u00a0FELTRE<\/strong> La Giornata Internazionale della Donna a Feltre,\u00a0 l&#8217;8 marzo, offre diverse iniziative grazie alla collaborazione con associazioni locali. Nel pomeriggio, una passeggiata culturale intitolata &#8220;Donne che parlano di donne&#8221; condotta da Isabella Pilo. In serata alle 20 presso la stessa galleria, la Polisportiva Feltrese e il Corto \u201cVoci Incanto\u201d presentano una serata di canti e letture tematiche curate da Rosa Lusa.<\/p>\n<\/div>\n<p>&nbsp;<\/p>\n<p>&nbsp;<\/p>\n<hr \/>\n<p>&nbsp;<\/p>\n<blockquote>\n<h3>L&#8217;8 MARZO CON LA CIGL<\/h3>\n<\/blockquote>\n<p><strong><a class=\"dt-pswp-item\" href=\"https:\/\/www.radiopiu.net\/wordpress\/wp-content\/uploads\/2020\/12\/CGIL.jpg\" data-dt-img-description=\"\" data-large_image_width=\"512\" data-large_image_height=\"285\"><img loading=\"lazy\" decoding=\"async\" class=\" wp-image-180372 alignleft\" src=\"https:\/\/www.radiopiu.net\/wordpress\/wp-content\/uploads\/2020\/12\/CGIL-300x167.jpg\" alt=\"\" width=\"153\" height=\"85\" srcset=\"https:\/\/www.radiopiu.net\/wordpress\/wp-content\/uploads\/2020\/12\/CGIL-300x167.jpg 300w, https:\/\/www.radiopiu.net\/wordpress\/wp-content\/uploads\/2020\/12\/CGIL.jpg 512w\" sizes=\"auto, (max-width: 153px) 100vw, 153px\" \/><\/a>BELLUNO <\/strong>Domani, la Flc Cgil Veneto sciopera per contrastare i femminicidi e la violenza di genere, promuovendo politiche concrete per sostenere il lavoro femminile e garantire salario, diritti e accesso dignitoso alla pensione. Marta Viotto, Segretaria Generale Flc Cgil Veneto, sottolinea che le condizioni precarie e i salari bassi colpiscono in particolare le donne nel mondo della scuola. A Belluno, in occasione dell&#8217;arrivo del &#8220;Camper dei diritti&#8221;, si terr\u00e0 una tavola rotonda intitolata &#8220;La forza delle donne&#8221;, con la partecipazione di studentesse, lavoratrici e pensionate, e la conclusione affidata a Gianna Fracassi, Segretaria Generale Nazionale Flc Cgil.<\/p>\n<p>&nbsp;<\/p>\n<p>&nbsp;<\/p>\n<hr \/>\n<p>&nbsp;<\/p>\n<blockquote>\n<h3>SABATO A PALAZZO FULCIS LO SPETTACOLO &#8220;GUERRIERA&#8221;<\/h3>\n<\/blockquote>\n<p><strong>BELLUNO<\/strong> La violenza psicologica sulle donne va in scena a Palazzo Fulcis, a Belluno: \u201cGuerriera\u201d \u00e8 il titolo dello spettacolo promosso per sabato 9 marzo dal Comune di Belluno in occasione della Giornata internazionale della donna.<\/p>\n<p><strong>DI DANIELE DALVIT<\/strong><\/p>\n<p>(Foto: Teatro Piteco)<\/p>\n<audio class=\"wp-audio-shortcode\" id=\"audio-377678-16\" preload=\"none\" style=\"width: 100%;\" controls=\"controls\"><source type=\"audio\/mpeg\" src=\"https:\/\/www.radiopiu.net\/wordpress\/wp-content\/uploads\/2024\/03\/Radio-Piu-Servizio-Guerriera-Teatro-donna.mp3?_=16\" \/><a href=\"https:\/\/www.radiopiu.net\/wordpress\/wp-content\/uploads\/2024\/03\/Radio-Piu-Servizio-Guerriera-Teatro-donna.mp3\">https:\/\/www.radiopiu.net\/wordpress\/wp-content\/uploads\/2024\/03\/Radio-Piu-Servizio-Guerriera-Teatro-donna.mp3<\/a><\/audio>\n<p>&nbsp;<\/p>\n\n\t\t\t<style type='text\/css'>\n\t\t\t\t#gallery-3 {\n\t\t\t\t\tmargin: auto;\n\t\t\t\t}\n\t\t\t\t#gallery-3 .gallery-item {\n\t\t\t\t\tfloat: left;\n\t\t\t\t\tmargin-top: 10px;\n\t\t\t\t\ttext-align: center;\n\t\t\t\t\twidth: 33%;\n\t\t\t\t}\n\t\t\t\t#gallery-3 img {\n\t\t\t\t\tborder: 2px solid #cfcfcf;\n\t\t\t\t}\n\t\t\t\t#gallery-3 .gallery-caption {\n\t\t\t\t\tmargin-left: 0;\n\t\t\t\t}\n\t\t\t\t\/* see gallery_shortcode() in wp-includes\/media.php *\/\n\t\t\t<\/style>\n\t\t<div id='gallery-3' class='dt-gallery-container gallery galleryid-377678 gallery-columns-3 gallery-size-medium'><dl class='gallery-item'>\n\t\t\t\t<dt class='gallery-icon landscape'>\n\t\t\t\t\t<a class=\"rollover rollover-zoom dt-pswp-item\" title=\"5e5a6443-1e27-4cb6-9de9-80846d772a78\" data-dt-img-description=\"\" data-large_image_width=\"1600\" data-large_image_height=\"1066\"href='https:\/\/www.radiopiu.net\/wordpress\/wp-content\/uploads\/2024\/03\/5e5a6443-1e27-4cb6-9de9-80846d772a78.jpg'><img loading=\"lazy\" decoding=\"async\" width=\"300\" height=\"200\" src=\"https:\/\/www.radiopiu.net\/wordpress\/wp-content\/uploads\/2024\/03\/5e5a6443-1e27-4cb6-9de9-80846d772a78-300x200.jpg\" class=\"attachment-medium size-medium\" alt=\"\" srcset=\"https:\/\/www.radiopiu.net\/wordpress\/wp-content\/uploads\/2024\/03\/5e5a6443-1e27-4cb6-9de9-80846d772a78-300x200.jpg 300w, https:\/\/www.radiopiu.net\/wordpress\/wp-content\/uploads\/2024\/03\/5e5a6443-1e27-4cb6-9de9-80846d772a78-1024x682.jpg 1024w, https:\/\/www.radiopiu.net\/wordpress\/wp-content\/uploads\/2024\/03\/5e5a6443-1e27-4cb6-9de9-80846d772a78-768x512.jpg 768w, https:\/\/www.radiopiu.net\/wordpress\/wp-content\/uploads\/2024\/03\/5e5a6443-1e27-4cb6-9de9-80846d772a78-1536x1023.jpg 1536w, https:\/\/www.radiopiu.net\/wordpress\/wp-content\/uploads\/2024\/03\/5e5a6443-1e27-4cb6-9de9-80846d772a78.jpg 1600w\" sizes=\"auto, (max-width: 300px) 100vw, 300px\" \/><\/a>\n\t\t\t\t<\/dt><\/dl><dl class='gallery-item'>\n\t\t\t\t<dt class='gallery-icon landscape'>\n\t\t\t\t\t<a class=\"rollover rollover-zoom dt-pswp-item\" title=\"296efec7-062a-4c23-b3c7-fd63475e53cc\" data-dt-img-description=\"\" data-large_image_width=\"1600\" data-large_image_height=\"1066\"href='https:\/\/www.radiopiu.net\/wordpress\/wp-content\/uploads\/2024\/03\/296efec7-062a-4c23-b3c7-fd63475e53cc.jpg'><img loading=\"lazy\" decoding=\"async\" width=\"300\" height=\"200\" src=\"https:\/\/www.radiopiu.net\/wordpress\/wp-content\/uploads\/2024\/03\/296efec7-062a-4c23-b3c7-fd63475e53cc-300x200.jpg\" class=\"attachment-medium size-medium\" alt=\"\" srcset=\"https:\/\/www.radiopiu.net\/wordpress\/wp-content\/uploads\/2024\/03\/296efec7-062a-4c23-b3c7-fd63475e53cc-300x200.jpg 300w, https:\/\/www.radiopiu.net\/wordpress\/wp-content\/uploads\/2024\/03\/296efec7-062a-4c23-b3c7-fd63475e53cc-1024x682.jpg 1024w, https:\/\/www.radiopiu.net\/wordpress\/wp-content\/uploads\/2024\/03\/296efec7-062a-4c23-b3c7-fd63475e53cc-768x512.jpg 768w, https:\/\/www.radiopiu.net\/wordpress\/wp-content\/uploads\/2024\/03\/296efec7-062a-4c23-b3c7-fd63475e53cc-1536x1023.jpg 1536w, https:\/\/www.radiopiu.net\/wordpress\/wp-content\/uploads\/2024\/03\/296efec7-062a-4c23-b3c7-fd63475e53cc.jpg 1600w\" sizes=\"auto, (max-width: 300px) 100vw, 300px\" \/><\/a>\n\t\t\t\t<\/dt><\/dl><dl class='gallery-item'>\n\t\t\t\t<dt class='gallery-icon landscape'>\n\t\t\t\t\t<a class=\"rollover rollover-zoom dt-pswp-item\" title=\"20254dcf-5082-4172-9553-de458a24850d\" data-dt-img-description=\"\" data-large_image_width=\"1600\" data-large_image_height=\"1066\"href='https:\/\/www.radiopiu.net\/wordpress\/wp-content\/uploads\/2024\/03\/20254dcf-5082-4172-9553-de458a24850d.jpg'><img loading=\"lazy\" decoding=\"async\" width=\"300\" height=\"200\" src=\"https:\/\/www.radiopiu.net\/wordpress\/wp-content\/uploads\/2024\/03\/20254dcf-5082-4172-9553-de458a24850d-300x200.jpg\" class=\"attachment-medium size-medium\" alt=\"\" srcset=\"https:\/\/www.radiopiu.net\/wordpress\/wp-content\/uploads\/2024\/03\/20254dcf-5082-4172-9553-de458a24850d-300x200.jpg 300w, https:\/\/www.radiopiu.net\/wordpress\/wp-content\/uploads\/2024\/03\/20254dcf-5082-4172-9553-de458a24850d-1024x682.jpg 1024w, https:\/\/www.radiopiu.net\/wordpress\/wp-content\/uploads\/2024\/03\/20254dcf-5082-4172-9553-de458a24850d-768x512.jpg 768w, https:\/\/www.radiopiu.net\/wordpress\/wp-content\/uploads\/2024\/03\/20254dcf-5082-4172-9553-de458a24850d-1536x1023.jpg 1536w, https:\/\/www.radiopiu.net\/wordpress\/wp-content\/uploads\/2024\/03\/20254dcf-5082-4172-9553-de458a24850d.jpg 1600w\" sizes=\"auto, (max-width: 300px) 100vw, 300px\" \/><\/a>\n\t\t\t\t<\/dt><\/dl><br style=\"clear: both\" \/>\n\t\t\t<\/div>\n\n<p>&nbsp;<\/p>\n<hr \/>\n<p>&nbsp;<\/p>\n<blockquote>\n<h2>DOMENICA 10 MARZO TORNA LA VECIA POPA AD AGORDO <span style=\"color: #ff0000;\"><strong>IN CASO DI MALTEMPO RINVIO ALLA DOMENICA SUCCESSIVA<\/strong><\/span><\/h2>\n<\/blockquote>\n<p><strong><a class=\"dt-pswp-item\" href=\"https:\/\/www.radiopiu.net\/wordpress\/wp-content\/uploads\/2024\/02\/VeciaPopa2014b.jpg\" data-dt-img-description=\"\" data-large_image_width=\"1500\" data-large_image_height=\"944\"><img loading=\"lazy\" decoding=\"async\" class=\" wp-image-376680 alignleft\" src=\"https:\/\/www.radiopiu.net\/wordpress\/wp-content\/uploads\/2024\/02\/VeciaPopa2014b-300x189.jpg\" alt=\"\" width=\"163\" height=\"103\" srcset=\"https:\/\/www.radiopiu.net\/wordpress\/wp-content\/uploads\/2024\/02\/VeciaPopa2014b-300x189.jpg 300w, https:\/\/www.radiopiu.net\/wordpress\/wp-content\/uploads\/2024\/02\/VeciaPopa2014b-1024x644.jpg 1024w, https:\/\/www.radiopiu.net\/wordpress\/wp-content\/uploads\/2024\/02\/VeciaPopa2014b-768x483.jpg 768w, https:\/\/www.radiopiu.net\/wordpress\/wp-content\/uploads\/2024\/02\/VeciaPopa2014b.jpg 1500w\" sizes=\"auto, (max-width: 163px) 100vw, 163px\" \/><\/a>DI MIRKO MEZZACASA<\/strong><\/p>\n<p>OSPITI: Thomas Manfroi e Valentina De Nardin<\/p>\n<audio class=\"wp-audio-shortcode\" id=\"audio-377678-17\" preload=\"none\" style=\"width: 100%;\" controls=\"controls\"><source type=\"audio\/mpeg\" src=\"https:\/\/www.radiopiu.net\/wordpress\/wp-content\/uploads\/2024\/02\/vecia-popa-2024.mp3?_=17\" \/><a href=\"https:\/\/www.radiopiu.net\/wordpress\/wp-content\/uploads\/2024\/02\/vecia-popa-2024.mp3\">https:\/\/www.radiopiu.net\/wordpress\/wp-content\/uploads\/2024\/02\/vecia-popa-2024.mp3<\/a><\/audio>\n<p>&nbsp;<\/p>\n<p>&nbsp;<\/p>\n<hr \/>\n<p>&nbsp;<\/p>\n<blockquote>\n<h2>Questura di Belluno &#8211; Ufficio Concorsi &#8211;<\/h2>\n<\/blockquote>\n<p><strong>BELLUNO<\/strong>\u00a0 Sul Portale unico del reclutamento www.inpa.gov.it e sul sito www.poliziadistato.it \u00e8 stato pubblicato il bando di concorso pubblico, per titoli, per l\u2019assunzione di 21 atleti da assegnare ai gruppi sportivi \u201cPolizia di Stato \u2013 Fiamme Oro\u201d, che<br \/>\nsaranno inquadrati nel ruolo degli agenti e assistenti della Polizia di Stato, indetto con decreto del 29\/02\/2024.<\/p>\n<p>&nbsp;<\/p>\n<p>&nbsp;<\/p>\n<hr \/>\n<p>&nbsp;<\/p>\n<blockquote>\n<h3><a class=\"dt-pswp-item\" href=\"https:\/\/www.radiopiu.net\/wordpress\/wp-content\/uploads\/2024\/02\/ef01c8d9-8946-44f1-bd64-5d0ea6c915c7.jpg\" data-dt-img-description=\"\" data-large_image_width=\"1050\" data-large_image_height=\"1485\"><img loading=\"lazy\" decoding=\"async\" class=\" wp-image-375927 alignleft\" src=\"https:\/\/www.radiopiu.net\/wordpress\/wp-content\/uploads\/2024\/02\/ef01c8d9-8946-44f1-bd64-5d0ea6c915c7-212x300.jpg\" alt=\"\" width=\"93\" height=\"132\" srcset=\"https:\/\/www.radiopiu.net\/wordpress\/wp-content\/uploads\/2024\/02\/ef01c8d9-8946-44f1-bd64-5d0ea6c915c7-212x300.jpg 212w, https:\/\/www.radiopiu.net\/wordpress\/wp-content\/uploads\/2024\/02\/ef01c8d9-8946-44f1-bd64-5d0ea6c915c7-724x1024.jpg 724w, https:\/\/www.radiopiu.net\/wordpress\/wp-content\/uploads\/2024\/02\/ef01c8d9-8946-44f1-bd64-5d0ea6c915c7-768x1086.jpg 768w, https:\/\/www.radiopiu.net\/wordpress\/wp-content\/uploads\/2024\/02\/ef01c8d9-8946-44f1-bd64-5d0ea6c915c7.jpg 1050w\" sizes=\"auto, (max-width: 93px) 100vw, 93px\" \/><\/a>VIE IN ROSA AL TEATRO SAN GAETANO<\/h3>\n<\/blockquote>\n<p><strong>BELLUNO<\/strong> Sono 4 gli appuntamenti in programma per la rassegna &#8220;Vie in rosa&#8221; al Teatro San Gaetano di Belluno. Il 10 marzo &#8220;le Fuori gioco&#8221; e a seguire un incontro con il sociologo Diego Cason. Il 24 marzo &#8220;Non Fare storia&#8221; con Paola Brolati e a seguire un incontro con Belluno Donna. Il 14 aprile &#8220;Rolandina Roncaglia&#8221; e il 28 aprile un incontro con Roberta Gallego. Gli spettacoli inizieranno alle 17:30.<\/p>\n<p>&nbsp;<\/p>\n<p>&nbsp;<\/p>\n<hr \/>\n<p>&nbsp;<\/p>\n<blockquote>\n<h3>DONNE IL CORAGGIO DI ANDARE CONTROCORRENTE<\/h3>\n<\/blockquote>\n<p><strong>BELLUNO<\/strong> Sabato 9 marzo al Teatro Dino Buzzati alle 20.30 &#8220;Donne il coraggio di andare contro corrente&#8221; Serata di beneficenza a favore dell&#8217;associazione Belluno Donna. Spettacolo concerto condotto dall&#8217;attore Riccardo Checchin e dalla cantante Jessica Re. Intervengono l&#8217;attrice Roberta Barbiero\u00a0 la cantante Jessica Lena e\u00a0 la cantautrice Giorgia Canton. Ospite il pianista compositore Gioni Barbera.<\/p>\n<p>&nbsp;<\/p>\n<p>&nbsp;<\/p>\n<hr \/>\n<p>&nbsp;<\/p>\n<p>&nbsp;<\/p>\n<blockquote>\n<h3>IL PRESIDIO LIBERA DI AGORDO PARTE CON IL TESSERAMENTO 2024<\/h3>\n<\/blockquote>\n<p><strong><a class=\"dt-pswp-item\" href=\"https:\/\/www.radiopiu.net\/wordpress\/wp-content\/uploads\/2023\/06\/LIBERA-AGORDINO.jpg\" data-dt-img-description=\"\" data-large_image_width=\"640\" data-large_image_height=\"640\"><img loading=\"lazy\" decoding=\"async\" class=\" wp-image-338852 alignleft\" src=\"https:\/\/www.radiopiu.net\/wordpress\/wp-content\/uploads\/2023\/06\/LIBERA-AGORDINO-300x300.jpg\" alt=\"\" width=\"144\" height=\"144\" srcset=\"https:\/\/www.radiopiu.net\/wordpress\/wp-content\/uploads\/2023\/06\/LIBERA-AGORDINO-300x300.jpg 300w, https:\/\/www.radiopiu.net\/wordpress\/wp-content\/uploads\/2023\/06\/LIBERA-AGORDINO-150x150.jpg 150w, https:\/\/www.radiopiu.net\/wordpress\/wp-content\/uploads\/2023\/06\/LIBERA-AGORDINO.jpg 640w\" sizes=\"auto, (max-width: 144px) 100vw, 144px\" \/><\/a>AGORDO<\/strong><\/p>\n<p>DI GIANNI SANTOMASO<\/p>\n<audio class=\"wp-audio-shortcode\" id=\"audio-377678-18\" preload=\"none\" style=\"width: 100%;\" controls=\"controls\"><source type=\"audio\/mpeg\" src=\"https:\/\/www.radiopiu.net\/wordpress\/wp-content\/uploads\/2024\/03\/GIANNI-IL-PRESIDIO-LIBERA-DI-AGORDO-PARTE-CON-IL-TESSERAMENTO-2024.mp3?_=18\" \/><a href=\"https:\/\/www.radiopiu.net\/wordpress\/wp-content\/uploads\/2024\/03\/GIANNI-IL-PRESIDIO-LIBERA-DI-AGORDO-PARTE-CON-IL-TESSERAMENTO-2024.mp3\">https:\/\/www.radiopiu.net\/wordpress\/wp-content\/uploads\/2024\/03\/GIANNI-IL-PRESIDIO-LIBERA-DI-AGORDO-PARTE-CON-IL-TESSERAMENTO-2024.mp3<\/a><\/audio>\n<p>&nbsp;<\/p>\n<p>&nbsp;<\/p>\n<p>&nbsp;<\/p>\n<hr \/>\n<p>&nbsp;<\/p>\n<p>&nbsp;<\/p>\n<blockquote class=\"wp-embedded-content\" data-secret=\"a80RZaZJm5\"><p><a href=\"https:\/\/www.radiopiu.net\/wordpress\/set3\/\">EL BAL DEL FIOR, DETTI E MODI DI DIRE settimana 3<\/a><\/p><\/blockquote>\n<p><iframe loading=\"lazy\" class=\"wp-embedded-content\" sandbox=\"allow-scripts\" security=\"restricted\" style=\"position: absolute; clip: rect(1px, 1px, 1px, 1px);\" title=\"&#8220;EL BAL DEL FIOR, DETTI E MODI DI DIRE settimana 3&#8221; &#8212; Radio Pi\u00f9\" src=\"https:\/\/www.radiopiu.net\/wordpress\/set3\/embed\/#?secret=BpCnXGQDT6#?secret=a80RZaZJm5\" data-secret=\"a80RZaZJm5\" width=\"600\" height=\"338\" frameborder=\"0\" marginwidth=\"0\" marginheight=\"0\" scrolling=\"no\"><\/iframe><\/p>\n<p>&nbsp;<\/p>\n<p>&nbsp;<\/p>\n<hr \/>\n<p>&nbsp;<\/p>\n<blockquote>\n<h2>A FINE MESE FESTA IN RIVA AL TE GNAS<\/h2>\n<\/blockquote>\n<p><em>SAGRA DE P\u00e0SCA, QUATTRO GIORNI DI FESTA A TAIBON DAL 28 AL 31 MARZO NEL GRANDE TENDONE RISCALDATO\u00a0 <\/em><\/p>\n<p><strong>GIOVEDI 28<\/strong> PASTA ALL&#8217;AMATRICIANA, ALLE 20.30 LA MONTAGNA, CON MANRICO DELL&#8217;AGNOLA A SEGUIRE LA PRESENTAZIONE DEL CAMPIONATO AGORDINO DI CALCIO CON RADIOPIU E IL CANTAUTORE MARCO V DAL FARRA <strong>VENERDI 29<\/strong> BACCALA&#8217; SEPPIE E DALLE 21 L&#8217;ORCHESTRA SPETTACOLO GIANMARCO BAGUTTI <strong>SABATO 30<\/strong> TRIPPE, POLLO ALLO SPIEDO E ALTRE SPECIALITA&#8217;, DALLE 14 GARA DI BRISCOLA, ALLE 17 DJ SET CON R DI J, DALLE 21 ORCHESTRA MARIANNA LANT\u00e8RI<strong> DOMENICA<\/strong> <strong>31<\/strong> DALLE 17 L&#8217;APERITIVO CON MORGAN E BATTAGLIA, DALLE 21 LA COVER BAND NUOVANTA E DALLE 21 L&#8217;ESTRAZIONE DELLA LOTTERIA SAGRA DE PASCA CON PROLOCO, GRUPPO SPORTIVO E DONATORI DEL SANGUE TAIBON<\/p>\n<p>&nbsp;<\/p>\n<p><a class=\"dt-pswp-item\" href=\"https:\/\/www.radiopiu.net\/wordpress\/wp-content\/uploads\/2024\/03\/Senza-nome-15.png\" data-dt-img-description=\"\" data-large_image_width=\"449\" data-large_image_height=\"628\"><img loading=\"lazy\" decoding=\"async\" class=\"size-medium wp-image-377554 aligncenter\" src=\"https:\/\/www.radiopiu.net\/wordpress\/wp-content\/uploads\/2024\/03\/Senza-nome-15-214x300.png\" alt=\"\" width=\"214\" height=\"300\" srcset=\"https:\/\/www.radiopiu.net\/wordpress\/wp-content\/uploads\/2024\/03\/Senza-nome-15-214x300.png 214w, https:\/\/www.radiopiu.net\/wordpress\/wp-content\/uploads\/2024\/03\/Senza-nome-15.png 449w\" sizes=\"auto, (max-width: 214px) 100vw, 214px\" \/><\/a><\/p>\n<p>28 marzo&#8230; a TAIBON AGORDINO RADIO PIU&#8217; PRESENTA IL CAMPIONATO AGORDINO DI CALCIO.<br \/>\nAL TENDONE DELLA SAGRA DE PASCA, DALLE 20.30. INTRODUZIONE ALLA SERATA CON L&#8217;ALPINISTA MANRICO DELL&#8217;AGNOLA, SI RACCONTER\u00e0 CON DUE DOCU FILM ALLE 21.45 IL CALCIO AGORDINO CON LA COLONNA SONORA DI MARVO VI DAL FARRA . a seguire dj set sagra de pasca a taibon, organizzazione gruppo sportivo, proloco e donatori del sangue<\/p>\n<p>&nbsp;<\/p>\n<hr \/>\n<p>&nbsp;<\/p>\n<blockquote>\n<h3>A LIMANA UN MESE DI MARZO RICCO DI APPUNTAMENTI CULTURALI<\/h3>\n<\/blockquote>\n<p><strong>DI ROBERTO BONA<\/strong><\/p>\n<audio class=\"wp-audio-shortcode\" id=\"audio-377678-19\" preload=\"none\" style=\"width: 100%;\" controls=\"controls\"><source type=\"audio\/mpeg\" src=\"https:\/\/www.radiopiu.net\/wordpress\/wp-content\/uploads\/2024\/03\/BONA-A-LIMANA-UN-MESE-DI-MARZO-RICCO-DI-APPUNTAMENTI-CULTURALI.mp3?_=19\" \/><a href=\"https:\/\/www.radiopiu.net\/wordpress\/wp-content\/uploads\/2024\/03\/BONA-A-LIMANA-UN-MESE-DI-MARZO-RICCO-DI-APPUNTAMENTI-CULTURALI.mp3\">https:\/\/www.radiopiu.net\/wordpress\/wp-content\/uploads\/2024\/03\/BONA-A-LIMANA-UN-MESE-DI-MARZO-RICCO-DI-APPUNTAMENTI-CULTURALI.mp3<\/a><\/audio>\n<p>&nbsp;<\/p>\n<hr \/>\n<p>&nbsp;<\/p>\n<blockquote>\n<h3>ANNULLATO IL DOLOMITES BEATS BY FERTAZZA CON FARGETTA<\/h3>\n<\/blockquote>\n<p><strong>REDAZIONE <\/strong>Annullato l&#8217;evento al Ristoro Belvedere Cima Fertazza con ospite Mario Fargetta. Le previsioni meteo avverse hanno costretto gli organizzatori a rinunciare all&#8217;evento in programma questo fine settimana.<\/p>\n<p>&nbsp;<\/p>\n<hr \/>\n<p>&nbsp;<\/p>\n<p>&nbsp;<\/p>\n<hr \/>\n<p>&nbsp;<\/p>\n<blockquote>\n<h3>LAVORI PER INTERRAMENTO DELLA CONDOTTA IDRICA<\/h3>\n<\/blockquote>\n<p><strong>LA VALLE<\/strong> Il Comune La Valle Agordina ordina la sospensione temporanea della circolazione veicolare sulla viabilit\u00e0 Silvo-pastorale di Fres, dall&#8217;11\/03\/2024 al 24\/06\/2024, dalle 7 alle 18 dal luned\u00ec al venerd\u00ec, esclusi sabato e domenica. Viene istituito il divieto di transito pedonale e con biciclette dalla localit\u00e0 Piaia fino a Pra de Val, con l&#8217;altro lato del divieto al ponte sul torrente Rova di Caleda. Analogamente, \u00e8 vietato il transito pedonale e con biciclette su parte del sentiero CAI n.551 (Strada Vicinale di Pepolade) dal 11\/03\/2024 al 24\/06\/2024 per l&#8217;intera durata delle 24 ore.<\/p>\n<p>&nbsp;<\/p>\n<hr \/>\n<p>&nbsp;<\/p>\n<blockquote>\n<h2><a class=\"dt-pswp-item\" href=\"https:\/\/www.radiopiu.net\/wordpress\/wp-content\/uploads\/2023\/10\/PRO-LOCO-PIEVE-CASTIONESE.png\" data-dt-img-description=\"\" data-large_image_width=\"847\" data-large_image_height=\"847\"><img loading=\"lazy\" decoding=\"async\" class=\"wp-image-356597 alignleft\" src=\"https:\/\/www.radiopiu.net\/wordpress\/wp-content\/uploads\/2023\/10\/PRO-LOCO-PIEVE-CASTIONESE-300x300.png\" alt=\"\" width=\"123\" height=\"123\" srcset=\"https:\/\/www.radiopiu.net\/wordpress\/wp-content\/uploads\/2023\/10\/PRO-LOCO-PIEVE-CASTIONESE-300x300.png 300w, https:\/\/www.radiopiu.net\/wordpress\/wp-content\/uploads\/2023\/10\/PRO-LOCO-PIEVE-CASTIONESE-150x150.png 150w, https:\/\/www.radiopiu.net\/wordpress\/wp-content\/uploads\/2023\/10\/PRO-LOCO-PIEVE-CASTIONESE-768x768.png 768w, https:\/\/www.radiopiu.net\/wordpress\/wp-content\/uploads\/2023\/10\/PRO-LOCO-PIEVE-CASTIONESE.png 847w\" sizes=\"auto, (max-width: 123px) 100vw, 123px\" \/><\/a>Emozione montagna &#8211; 4 serate di racconti e suggestioni<\/h2>\n<\/blockquote>\n<p><em>Organizza la Pro Loco Pieve Castionese in collaborazione con le frazioni di Castion<\/em><\/p>\n<p>Oggi alle ore 21:00, presso il Teatro San Gaetano di Castion, prende il via la nuova edizione di \u201cEmozione montagna, 4 serate di racconti e suggestioni. Il primo incontro vede ospite d\u2019eccezione l\u2019alpinista e scrittore Marco Berti, che presenta il suo ultimo libro \u201cLa montagna non ride e non piange\u201d edito da Solferino<\/p>\n<p>&nbsp;<\/p>\n<p>&nbsp;<\/p>\n<p>&nbsp;<\/p>\n<hr \/>\n<p>&nbsp;<\/p>\n<blockquote>\n<h3>GLI EVENTI PER LA LOTTA DI LIBERAZIONE<\/h3>\n<\/blockquote>\n<p><strong>DI ROBERTO BONA<\/strong><\/p>\n<audio class=\"wp-audio-shortcode\" id=\"audio-377678-20\" preload=\"none\" style=\"width: 100%;\" controls=\"controls\"><source type=\"audio\/mpeg\" src=\"https:\/\/www.radiopiu.net\/wordpress\/wp-content\/uploads\/2024\/03\/BONA-GLI-EVENTI-PER-LA-LOTTA-DI-LIBERAZIONE.mp3?_=20\" \/><a href=\"https:\/\/www.radiopiu.net\/wordpress\/wp-content\/uploads\/2024\/03\/BONA-GLI-EVENTI-PER-LA-LOTTA-DI-LIBERAZIONE.mp3\">https:\/\/www.radiopiu.net\/wordpress\/wp-content\/uploads\/2024\/03\/BONA-GLI-EVENTI-PER-LA-LOTTA-DI-LIBERAZIONE.mp3<\/a><\/audio>\n<p>&nbsp;<\/p>\n<hr \/>\n<p>&nbsp;<\/p>\n<h2><span style=\"color: #ff6600;\">IERI ALLA RADIO\u00a0\u00a0<\/span><\/h2>\n<p>&nbsp;<\/p>\n<p><iframe loading=\"lazy\" title=\"Epcenter - Quando la tecnologia si evolve... ma non invecchia.\" width=\"1200\" height=\"675\" src=\"https:\/\/www.youtube.com\/embed\/hDERniMRGaU?feature=oembed\" frameborder=\"0\" allow=\"accelerometer; autoplay; clipboard-write; encrypted-media; gyroscope; picture-in-picture; web-share\" allowfullscreen><\/iframe><\/p>\n<p>&nbsp;<\/p>\n<h2>LA RACCOLTA COMPLETA <span style=\"color: #0000ff;\"><strong><a style=\"color: #0000ff;\" href=\"https:\/\/www.youtube.com\/channel\/UCf9-X1lG2r4-xhdzt_0zNHg\/videos\">CLICCA QUI<\/a><\/strong><\/span><\/h2>\n<p>&nbsp;<\/p>\n<h2><span style=\"color: #008000;\">CISL E FEMCA CISL LA VOCE PER I LAVORATORI<\/span><\/h2>\n<p><a class=\"dt-pswp-item\" href=\"https:\/\/www.radiopiu.net\/wordpress\/wp-content\/uploads\/2023\/10\/Senza-nome-7.png\" data-dt-img-description=\"\" data-large_image_width=\"235\" data-large_image_height=\"378\"><img loading=\"lazy\" decoding=\"async\" class=\"wp-image-355326 alignleft\" src=\"https:\/\/www.radiopiu.net\/wordpress\/wp-content\/uploads\/2023\/10\/Senza-nome-7-187x300.png\" alt=\"\" width=\"92\" height=\"148\" srcset=\"https:\/\/www.radiopiu.net\/wordpress\/wp-content\/uploads\/2023\/10\/Senza-nome-7-187x300.png 187w, https:\/\/www.radiopiu.net\/wordpress\/wp-content\/uploads\/2023\/10\/Senza-nome-7.png 235w\" sizes=\"auto, (max-width: 92px) 100vw, 92px\" \/><\/a>6 marzo 2024<\/p>\n<p><strong>PUNTATA 63, ALESSIO PICCOLI<\/strong><\/p>\n<audio class=\"wp-audio-shortcode\" id=\"audio-377678-21\" preload=\"none\" style=\"width: 100%;\" controls=\"controls\"><source type=\"audio\/mpeg\" src=\"https:\/\/www.radiopiu.net\/wordpress\/wp-content\/uploads\/2024\/01\/FEMCA-CISL-6.mp3?_=21\" \/><a href=\"https:\/\/www.radiopiu.net\/wordpress\/wp-content\/uploads\/2024\/01\/FEMCA-CISL-6.mp3\">https:\/\/www.radiopiu.net\/wordpress\/wp-content\/uploads\/2024\/01\/FEMCA-CISL-6.mp3<\/a><\/audio>\n<p>&nbsp;<\/p>\n<h2>LA RACCOLTA COMPLETA <a href=\"https:\/\/www.radiopiu.net\/wordpress\/cisl-e-femca-cisl-la-vocef\/\">CLICCA QUI<\/a><\/h2>\n<p>&nbsp;<\/p>\n<hr \/>\n<p>&nbsp;<\/p>\n<h2><span style=\"color: #00ccff;\"><a class=\"dt-pswp-item\" href=\"https:\/\/www.radiopiu.net\/wordpress\/wp-content\/uploads\/2022\/11\/scuola-zaino.jpeg\" data-dt-img-description=\"\" data-large_image_width=\"626\" data-large_image_height=\"417\"><img loading=\"lazy\" decoding=\"async\" class=\" wp-image-306830 alignleft\" src=\"https:\/\/www.radiopiu.net\/wordpress\/wp-content\/uploads\/2022\/11\/scuola-zaino-300x200.jpeg\" alt=\"\" width=\"141\" height=\"94\" srcset=\"https:\/\/www.radiopiu.net\/wordpress\/wp-content\/uploads\/2022\/11\/scuola-zaino-300x200.jpeg 300w, https:\/\/www.radiopiu.net\/wordpress\/wp-content\/uploads\/2022\/11\/scuola-zaino.jpeg 626w\" sizes=\"auto, (max-width: 141px) 100vw, 141px\" \/><\/a>SE NON LA SMETTI TI MANDO DAL PRESIDE<\/span><\/h2>\n<p><strong>DI MIRKO MEZZACASA<\/strong><\/p>\n<p>CON MARIA ROSA SALMAZO<\/p>\n<audio class=\"wp-audio-shortcode\" id=\"audio-377678-22\" preload=\"none\" style=\"width: 100%;\" controls=\"controls\"><source type=\"audio\/mpeg\" src=\"https:\/\/www.radiopiu.net\/wordpress\/wp-content\/uploads\/2024\/03\/PRESIDE.mp3?_=22\" \/><a href=\"https:\/\/www.radiopiu.net\/wordpress\/wp-content\/uploads\/2024\/03\/PRESIDE.mp3\">https:\/\/www.radiopiu.net\/wordpress\/wp-content\/uploads\/2024\/03\/PRESIDE.mp3<\/a><\/audio>\n<p>&nbsp;<\/p>\n<hr \/>\n<p>&nbsp;<\/p>\n<h2><span style=\"color: #ff0000;\">SKI CIVETTA, DALLA COPPA DEL MONDO DI SKI CROSS AI PROSSIMI EVENTI<\/span><\/h2>\n<p><strong><a class=\"dt-pswp-item\" href=\"https:\/\/www.radiopiu.net\/wordpress\/wp-content\/uploads\/2019\/12\/SKICIVETTA-1-1.jpg\" data-dt-img-description=\"\" data-large_image_width=\"1772\" data-large_image_height=\"1179\"><img loading=\"lazy\" decoding=\"async\" class=\" wp-image-108969 alignleft\" src=\"https:\/\/www.radiopiu.net\/wordpress\/wp-content\/uploads\/2019\/12\/SKICIVETTA-1-1-300x200.jpg\" alt=\"\" width=\"161\" height=\"107\" srcset=\"https:\/\/www.radiopiu.net\/wordpress\/wp-content\/uploads\/2019\/12\/SKICIVETTA-1-1-300x200.jpg 300w, https:\/\/www.radiopiu.net\/wordpress\/wp-content\/uploads\/2019\/12\/SKICIVETTA-1-1-1024x681.jpg 1024w, https:\/\/www.radiopiu.net\/wordpress\/wp-content\/uploads\/2019\/12\/SKICIVETTA-1-1-768x511.jpg 768w, https:\/\/www.radiopiu.net\/wordpress\/wp-content\/uploads\/2019\/12\/SKICIVETTA-1-1-1536x1022.jpg 1536w, https:\/\/www.radiopiu.net\/wordpress\/wp-content\/uploads\/2019\/12\/SKICIVETTA-1-1.jpg 1772w\" sizes=\"auto, (max-width: 161px) 100vw, 161px\" \/><\/a>DI MIRKO MEZZACASA<\/strong><\/p>\n<p>OSPITI: Andrea Dal Farra e Cristian Moretti<\/p>\n<audio class=\"wp-audio-shortcode\" id=\"audio-377678-23\" preload=\"none\" style=\"width: 100%;\" controls=\"controls\"><source type=\"audio\/mpeg\" src=\"https:\/\/www.radiopiu.net\/wordpress\/wp-content\/uploads\/2024\/03\/alleghe-funivie-24-1.mp3?_=23\" \/><a href=\"https:\/\/www.radiopiu.net\/wordpress\/wp-content\/uploads\/2024\/03\/alleghe-funivie-24-1.mp3\">https:\/\/www.radiopiu.net\/wordpress\/wp-content\/uploads\/2024\/03\/alleghe-funivie-24-1.mp3<\/a><\/audio>\n<p>&nbsp;<\/p>\n<p>&nbsp;<\/p>\n<hr \/>\n<p>&nbsp;<\/p>\n<blockquote class=\"wp-embedded-content\" data-secret=\"ObgxzpBdc0\"><p><a href=\"https:\/\/www.radiopiu.net\/wordpress\/rimasti-piu-avanti-p24\/\">&#8220;RIMASTI PIU&#8217; AVANTI&#8221;, ALLA SCOPERTA DELLA MUSICA BELLUNESE CON MARCO V. DAL FARRA<\/a><\/p><\/blockquote>\n<p><iframe loading=\"lazy\" class=\"wp-embedded-content\" sandbox=\"allow-scripts\" security=\"restricted\" style=\"position: absolute; clip: rect(1px, 1px, 1px, 1px);\" title=\"&#8220;&#8220;RIMASTI PIU&#8217; AVANTI&#8221;, ALLA SCOPERTA DELLA MUSICA BELLUNESE CON MARCO V. DAL FARRA&#8221; &#8212; Radio Pi\u00f9\" src=\"https:\/\/www.radiopiu.net\/wordpress\/rimasti-piu-avanti-p24\/embed\/#?secret=LWi5Lnv5nj#?secret=ObgxzpBdc0\" data-secret=\"ObgxzpBdc0\" width=\"600\" height=\"338\" frameborder=\"0\" marginwidth=\"0\" marginheight=\"0\" scrolling=\"no\"><\/iframe><\/p>\n<p>&nbsp;<\/p>\n<h1><span style=\"color: #ff0000;\">L&#8217;OPINIONE\u00a0<\/span><\/h1>\n<div><strong>&#8220;Anziani non autosufficienti: voci inascoltate&#8221;<\/strong><\/div>\n<div><\/div>\n<div><a class=\"dt-pswp-item\" href=\"https:\/\/www.radiopiu.net\/wordpress\/wp-content\/uploads\/2023\/03\/hand-2906425__340.jpg\" data-dt-img-description=\"\" data-large_image_width=\"510\" data-large_image_height=\"340\"><img loading=\"lazy\" decoding=\"async\" class=\"size-medium wp-image-326940 alignleft\" src=\"https:\/\/www.radiopiu.net\/wordpress\/wp-content\/uploads\/2023\/03\/hand-2906425__340-300x200.jpg\" alt=\"\" width=\"300\" height=\"200\" srcset=\"https:\/\/www.radiopiu.net\/wordpress\/wp-content\/uploads\/2023\/03\/hand-2906425__340-300x200.jpg 300w, https:\/\/www.radiopiu.net\/wordpress\/wp-content\/uploads\/2023\/03\/hand-2906425__340.jpg 510w\" sizes=\"auto, (max-width: 300px) 100vw, 300px\" \/><\/a>Con notevole cognizione di causa, il Presidente Regionale URIPA periodicamente evidenzia, soprattutto alla Giunta Regionale, le preoccupanti situazioni organizzative (in particolare: carenza di personale e insufficienti posti letto) da anni presenti nei centri socio-assistenziali-sanitari (RSA &#8211; case di riposo) del Veneto. Recentemente, sulla base di una dettagliata ricerca dell&#8217; Istituto IRES, anche le tre Segreterie Regionali\u00a0dei Sindacati Pensionati CGIL CISL UIL, hanno richiamato l&#8217;attenzione della Regione Veneto sui notevoli problemi (assistenziali, organizzativi ed economici) che attanagliano le persone anziane non autosufficienti e le loro famiglie. Su queste emergenze sociali, molto limitate (insufficienti) sono le disponibilit\u00e0 della Regione. La Giunta Regionale, in raccordo con il Consiglio Regionale, urgentemente dovrebbe (deve) istituire &#8220;il tavolo permanente di concertazione&#8221;, coinvolgendo\u00a0tutti i portatori d&#8217;interesse. Un tavolo di soluzione concordata dei problemi, per definire obiettivi esigibili sulle seguenti priorit\u00e0: ampliare l&#8217;assistenza domiciliare; incrementare i posti letto RSA; incentivare le assunzioni del personale RSA; riforma ex IPAB, confermando nell&#8217;area pubblica tutta la rete delle case di riposo; cancellare o almeno ridurre la compartecipazione economica sulle\u00a0rette di ospitalit\u00e0. Se la Regione dovesse continuare ad essere assente sulle emergenze sociali delle persone non autosufficienti e\/o indifferente agli obiettivi sopra indicati, personalmente, ritengo che sarebbe molto opportuna una grande mobilitazione popolare.<\/div>\n<div><strong>Franco Piacentini, Feltre.<\/strong><\/div>\n<p>&nbsp;<\/p>\n<p>&nbsp;<\/p>\n<hr \/>\n<p>&nbsp;<\/p>\n<h2><span style=\"color: #ff0000;\">GLI APPUNTAMENTI DELLA SETTIMANA\u00a0\u00a0<\/span><\/h2>\n<p><strong>BELLUNO<\/strong> Sabato 9 marzo alle ore 17:30, presso la sala &#8220;TEATRO&#8221; del Centro Congressi in piazza Piloni a Belluno, si terr\u00e0 un incontro sul tema &#8220;GAZA E KIEV: L&#8217;EUROPA TRA I CONFLITTI&#8221;. Gli interventi saranno di Germano Dottori, Consigliere scientifico di Limes, e di Gian Micalessin, giornalista, scrittore e inviato di guerra. L&#8217;incontro sar\u00e0 condotto da Franco Tosolini, ricercatore storico.<\/p>\n<p><strong>PONTE NELLE ALPI<\/strong>\u00a0 Sabato al piccolo teatro Pierobon di Paiane commedia brillante in lingua veneta &#8220;le astuzione femminili&#8221; con la compagnia Theana Teatro. Entrata 25 euro.<\/p>\n<div>\n<div class=\"\" dir=\"auto\">\n<div id=\":r9h:\" class=\"x1iorvi4 x1pi30zi x1l90r2v x1swvt13\" data-ad-comet-preview=\"message\" data-ad-preview=\"message\">\n<div class=\"x78zum5 xdt5ytf xz62fqu x16ldp7u\">\n<div class=\"xu06os2 x1ok221b\">\n<blockquote>\n<h3 style=\"text-align: center;\">LE CAMPE: 9 marzo con la Combricola del Blasko<\/h3>\n<\/blockquote>\n<p><a class=\"dt-pswp-item\" href=\"https:\/\/www.radiopiu.net\/wordpress\/wp-content\/uploads\/2024\/02\/Senza-nome-52.png\" data-dt-img-description=\"\" data-large_image_width=\"268\" data-large_image_height=\"486\"><img loading=\"lazy\" decoding=\"async\" class=\" wp-image-375373 aligncenter\" src=\"https:\/\/www.radiopiu.net\/wordpress\/wp-content\/uploads\/2024\/02\/Senza-nome-52-165x300.png\" alt=\"\" width=\"148\" height=\"269\" srcset=\"https:\/\/www.radiopiu.net\/wordpress\/wp-content\/uploads\/2024\/02\/Senza-nome-52-165x300.png 165w, https:\/\/www.radiopiu.net\/wordpress\/wp-content\/uploads\/2024\/02\/Senza-nome-52.png 268w\" sizes=\"auto, (max-width: 148px) 100vw, 148px\" \/><\/a><\/p>\n<p>&nbsp;<\/p>\n<h2><span style=\"color: #ff0000;\">PROSSIMAMENTE&#8230;<\/span><\/h2>\n<p><strong>PEDAVENA<\/strong> Domenic 17 marzo a Pedavena la Pro Loco e il comune organizzano la Camminata di Primavera, 2\u00b0 Memorial Marco De Giacometti. Camminata ludico motoria di 8 o 6 km con ricavato in beneficenza all&#8217;Associazione Arcobaleno86<\/p>\n<\/div>\n<\/div>\n<\/div>\n<\/div>\n<\/div>\n<blockquote>\n<div>\n<div class=\"\" dir=\"auto\">\n<div id=\":r9h:\" class=\"x1iorvi4 x1pi30zi x1l90r2v x1swvt13\" data-ad-comet-preview=\"message\" data-ad-preview=\"message\">\n<div class=\"x78zum5 xdt5ytf xz62fqu x16ldp7u\">\n<div class=\"xu06os2 x1ok221b\">\n<h3 dir=\"auto\">7 APRILE, LARESEI! SAVE THE DATE FESTIVAL &#8220;ULTIMISSIME&#8221;<\/h3>\n<\/div>\n<\/div>\n<\/div>\n<\/div>\n<\/div>\n<\/blockquote>\n<div>\n<div class=\"\" dir=\"auto\">\n<div id=\":r9h:\" class=\"x1iorvi4 x1pi30zi x1l90r2v x1swvt13\" data-ad-comet-preview=\"message\" data-ad-preview=\"message\">\n<p>PROSSIMAMENTE&#8230;<br \/>\nQuest\u2019anno ne abbiamo per tutti e per tutti i gusti! Dai primi anni 2000 ad oggi le loro produzioni ed i loro remix partendo da Radio M2O fanno il giro del mondo grazie anche alla collaborazione con le pi\u00f9 prestigiose case discografiche. Al Save The Date Festival si \u201carrampicheranno\u201d anche gli ALIEN CUT!<\/p>\n<p>Dai palchi pi\u00f9 famosi d\u2019Italia in tour con l\u2019inseparabile Jovanotti, arriva al Save The Date Festival uno dei pi\u00f9 famosi bassisti italiani Saturnino Celani!<br \/>\nAl Rifugio Laresei ci sar\u00e0 il pi\u00f9 grande spettacolo dopo il Big Bang!<br \/>\n7 APRILE: \u00a0 CON CAROLINA MARQUEZ, MASSIMILIANO OSSINI, CAMILLA RONCHI, ICE MC,\u00a0\u00a0\u00a0 NATHALIE AARTS\u00a0 E SATURNINO Acquista il tuo biglietto d&#8217;ingresso al link: www.ciaotickets.com \u00a0 save-the-date-festival 7 APRILE RIFUGIO LARESEI<br \/>\nSKI AREA SAN PELLEGRINO-FALCADE<\/p>\n<p>&nbsp;<\/p>\n<p>SAVE THE DATE FESTIVAL<\/p>\n\n\t\t\t<style type='text\/css'>\n\t\t\t\t#gallery-4 {\n\t\t\t\t\tmargin: auto;\n\t\t\t\t}\n\t\t\t\t#gallery-4 .gallery-item {\n\t\t\t\t\tfloat: left;\n\t\t\t\t\tmargin-top: 10px;\n\t\t\t\t\ttext-align: center;\n\t\t\t\t\twidth: 20%;\n\t\t\t\t}\n\t\t\t\t#gallery-4 img {\n\t\t\t\t\tborder: 2px solid #cfcfcf;\n\t\t\t\t}\n\t\t\t\t#gallery-4 .gallery-caption {\n\t\t\t\t\tmargin-left: 0;\n\t\t\t\t}\n\t\t\t\t\/* see gallery_shortcode() in wp-includes\/media.php *\/\n\t\t\t<\/style>\n\t\t<div id='gallery-4' class='dt-gallery-container gallery galleryid-377678 gallery-columns-5 gallery-size-medium'><dl class='gallery-item'>\n\t\t\t\t<dt class='gallery-icon portrait'>\n\t\t\t\t\t<a class=\"rollover rollover-zoom dt-pswp-item\" title=\"SCR-20240306-qmql\" data-dt-img-description=\"\" data-large_image_width=\"1182\" data-large_image_height=\"1192\"href='https:\/\/www.radiopiu.net\/wordpress\/wp-content\/uploads\/2024\/03\/SCR-20240306-qmql.jpeg'><img loading=\"lazy\" decoding=\"async\" width=\"297\" height=\"300\" src=\"https:\/\/www.radiopiu.net\/wordpress\/wp-content\/uploads\/2024\/03\/SCR-20240306-qmql-297x300.jpeg\" class=\"attachment-medium size-medium\" alt=\"\" srcset=\"https:\/\/www.radiopiu.net\/wordpress\/wp-content\/uploads\/2024\/03\/SCR-20240306-qmql-297x300.jpeg 297w, https:\/\/www.radiopiu.net\/wordpress\/wp-content\/uploads\/2024\/03\/SCR-20240306-qmql-1015x1024.jpeg 1015w, https:\/\/www.radiopiu.net\/wordpress\/wp-content\/uploads\/2024\/03\/SCR-20240306-qmql-768x774.jpeg 768w, https:\/\/www.radiopiu.net\/wordpress\/wp-content\/uploads\/2024\/03\/SCR-20240306-qmql.jpeg 1182w\" sizes=\"auto, (max-width: 297px) 100vw, 297px\" \/><\/a>\n\t\t\t\t<\/dt><\/dl><dl class='gallery-item'>\n\t\t\t\t<dt class='gallery-icon landscape'>\n\t\t\t\t\t<a class=\"rollover rollover-zoom dt-pswp-item\" title=\"download\" data-dt-img-description=\"\" data-large_image_width=\"316\" data-large_image_height=\"315\"href='https:\/\/www.radiopiu.net\/wordpress\/wp-content\/uploads\/2024\/03\/download.jpg'><img loading=\"lazy\" decoding=\"async\" width=\"300\" height=\"300\" src=\"https:\/\/www.radiopiu.net\/wordpress\/wp-content\/uploads\/2024\/03\/download-300x300.jpg\" class=\"attachment-medium size-medium\" alt=\"\" srcset=\"https:\/\/www.radiopiu.net\/wordpress\/wp-content\/uploads\/2024\/03\/download-300x300.jpg 300w, https:\/\/www.radiopiu.net\/wordpress\/wp-content\/uploads\/2024\/03\/download-150x150.jpg 150w, https:\/\/www.radiopiu.net\/wordpress\/wp-content\/uploads\/2024\/03\/download.jpg 316w\" sizes=\"auto, (max-width: 300px) 100vw, 300px\" \/><\/a>\n\t\t\t\t<\/dt><\/dl><dl class='gallery-item'>\n\t\t\t\t<dt class='gallery-icon landscape'>\n\t\t\t\t\t<a class=\"rollover rollover-zoom dt-pswp-item\" title=\"download\" data-dt-img-description=\"\" data-large_image_width=\"640\" data-large_image_height=\"639\"href='https:\/\/www.radiopiu.net\/wordpress\/wp-content\/uploads\/2024\/02\/download-6.jpg'><img loading=\"lazy\" decoding=\"async\" width=\"300\" height=\"300\" src=\"https:\/\/www.radiopiu.net\/wordpress\/wp-content\/uploads\/2024\/02\/download-6-300x300.jpg\" class=\"attachment-medium size-medium\" alt=\"\" srcset=\"https:\/\/www.radiopiu.net\/wordpress\/wp-content\/uploads\/2024\/02\/download-6-300x300.jpg 300w, https:\/\/www.radiopiu.net\/wordpress\/wp-content\/uploads\/2024\/02\/download-6-150x150.jpg 150w, https:\/\/www.radiopiu.net\/wordpress\/wp-content\/uploads\/2024\/02\/download-6.jpg 640w\" sizes=\"auto, (max-width: 300px) 100vw, 300px\" \/><\/a>\n\t\t\t\t<\/dt><\/dl><dl class='gallery-item'>\n\t\t\t\t<dt class='gallery-icon landscape'>\n\t\t\t\t\t<a class=\"rollover rollover-zoom dt-pswp-item\" title=\"Senza nome\" data-dt-img-description=\"\" data-large_image_width=\"566\" data-large_image_height=\"463\"href='https:\/\/www.radiopiu.net\/wordpress\/wp-content\/uploads\/2024\/03\/Senza-nome-4.png'><img loading=\"lazy\" decoding=\"async\" width=\"300\" height=\"245\" src=\"https:\/\/www.radiopiu.net\/wordpress\/wp-content\/uploads\/2024\/03\/Senza-nome-4-300x245.png\" class=\"attachment-medium size-medium\" alt=\"\" srcset=\"https:\/\/www.radiopiu.net\/wordpress\/wp-content\/uploads\/2024\/03\/Senza-nome-4-300x245.png 300w, https:\/\/www.radiopiu.net\/wordpress\/wp-content\/uploads\/2024\/03\/Senza-nome-4.png 566w\" sizes=\"auto, (max-width: 300px) 100vw, 300px\" \/><\/a>\n\t\t\t\t<\/dt><\/dl><dl class='gallery-item'>\n\t\t\t\t<dt class='gallery-icon landscape'>\n\t\t\t\t\t<a class=\"rollover rollover-zoom dt-pswp-item\" title=\"download\" data-dt-img-description=\"\" data-large_image_width=\"640\" data-large_image_height=\"639\"href='https:\/\/www.radiopiu.net\/wordpress\/wp-content\/uploads\/2024\/02\/download-5.jpg'><img loading=\"lazy\" decoding=\"async\" width=\"300\" height=\"300\" src=\"https:\/\/www.radiopiu.net\/wordpress\/wp-content\/uploads\/2024\/02\/download-5-300x300.jpg\" class=\"attachment-medium size-medium\" alt=\"\" srcset=\"https:\/\/www.radiopiu.net\/wordpress\/wp-content\/uploads\/2024\/02\/download-5-300x300.jpg 300w, https:\/\/www.radiopiu.net\/wordpress\/wp-content\/uploads\/2024\/02\/download-5-150x150.jpg 150w, https:\/\/www.radiopiu.net\/wordpress\/wp-content\/uploads\/2024\/02\/download-5.jpg 640w\" sizes=\"auto, (max-width: 300px) 100vw, 300px\" \/><\/a>\n\t\t\t\t<\/dt><\/dl><br style=\"clear: both\" \/><dl class='gallery-item'>\n\t\t\t\t<dt class='gallery-icon landscape'>\n\t\t\t\t\t<a class=\"rollover rollover-zoom dt-pswp-item\" title=\"Senza nome\" data-dt-img-description=\"\" data-large_image_width=\"415\" data-large_image_height=\"390\"href='https:\/\/www.radiopiu.net\/wordpress\/wp-content\/uploads\/2024\/03\/Senza-nome-10.png'><img loading=\"lazy\" decoding=\"async\" width=\"300\" height=\"282\" src=\"https:\/\/www.radiopiu.net\/wordpress\/wp-content\/uploads\/2024\/03\/Senza-nome-10-300x282.png\" class=\"attachment-medium size-medium\" alt=\"\" srcset=\"https:\/\/www.radiopiu.net\/wordpress\/wp-content\/uploads\/2024\/03\/Senza-nome-10-300x282.png 300w, https:\/\/www.radiopiu.net\/wordpress\/wp-content\/uploads\/2024\/03\/Senza-nome-10.png 415w\" sizes=\"auto, (max-width: 300px) 100vw, 300px\" \/><\/a>\n\t\t\t\t<\/dt><\/dl><dl class='gallery-item'>\n\t\t\t\t<dt class='gallery-icon landscape'>\n\t\t\t\t\t<a class=\"rollover rollover-zoom dt-pswp-item\" title=\"19c21029-a0ef-4986-8081-9facbbbce065\" data-dt-img-description=\"\" data-large_image_width=\"1080\" data-large_image_height=\"1080\"href='https:\/\/www.radiopiu.net\/wordpress\/wp-content\/uploads\/2024\/02\/19c21029-a0ef-4986-8081-9facbbbce065.jpg'><img loading=\"lazy\" decoding=\"async\" width=\"300\" height=\"300\" src=\"https:\/\/www.radiopiu.net\/wordpress\/wp-content\/uploads\/2024\/02\/19c21029-a0ef-4986-8081-9facbbbce065-300x300.jpg\" class=\"attachment-medium size-medium\" alt=\"\" srcset=\"https:\/\/www.radiopiu.net\/wordpress\/wp-content\/uploads\/2024\/02\/19c21029-a0ef-4986-8081-9facbbbce065-300x300.jpg 300w, https:\/\/www.radiopiu.net\/wordpress\/wp-content\/uploads\/2024\/02\/19c21029-a0ef-4986-8081-9facbbbce065-1024x1024.jpg 1024w, https:\/\/www.radiopiu.net\/wordpress\/wp-content\/uploads\/2024\/02\/19c21029-a0ef-4986-8081-9facbbbce065-150x150.jpg 150w, https:\/\/www.radiopiu.net\/wordpress\/wp-content\/uploads\/2024\/02\/19c21029-a0ef-4986-8081-9facbbbce065-768x768.jpg 768w, https:\/\/www.radiopiu.net\/wordpress\/wp-content\/uploads\/2024\/02\/19c21029-a0ef-4986-8081-9facbbbce065.jpg 1080w\" sizes=\"auto, (max-width: 300px) 100vw, 300px\" \/><\/a>\n\t\t\t\t<\/dt><\/dl><dl class='gallery-item'>\n\t\t\t\t<dt class='gallery-icon landscape'>\n\t\t\t\t\t<a class=\"rollover rollover-zoom dt-pswp-item\" title=\"428458808_122124610286160269_8403615925720421881_n\" data-dt-img-description=\"\" data-large_image_width=\"526\" data-large_image_height=\"526\"href='https:\/\/www.radiopiu.net\/wordpress\/wp-content\/uploads\/2024\/02\/428458808_122124610286160269_8403615925720421881_n.jpg'><img loading=\"lazy\" decoding=\"async\" width=\"300\" height=\"300\" src=\"https:\/\/www.radiopiu.net\/wordpress\/wp-content\/uploads\/2024\/02\/428458808_122124610286160269_8403615925720421881_n-300x300.jpg\" class=\"attachment-medium size-medium\" alt=\"\" srcset=\"https:\/\/www.radiopiu.net\/wordpress\/wp-content\/uploads\/2024\/02\/428458808_122124610286160269_8403615925720421881_n-300x300.jpg 300w, https:\/\/www.radiopiu.net\/wordpress\/wp-content\/uploads\/2024\/02\/428458808_122124610286160269_8403615925720421881_n-150x150.jpg 150w, https:\/\/www.radiopiu.net\/wordpress\/wp-content\/uploads\/2024\/02\/428458808_122124610286160269_8403615925720421881_n.jpg 526w\" sizes=\"auto, (max-width: 300px) 100vw, 300px\" \/><\/a>\n\t\t\t\t<\/dt><\/dl><dl class='gallery-item'>\n\t\t\t\t<dt class='gallery-icon portrait'>\n\t\t\t\t\t<a class=\"rollover rollover-zoom dt-pswp-item\" title=\"424589697_17849558076141395_6233705988191667367_n\" data-dt-img-description=\"\" data-large_image_width=\"512\" data-large_image_height=\"640\"href='https:\/\/www.radiopiu.net\/wordpress\/wp-content\/uploads\/2024\/02\/424589697_17849558076141395_6233705988191667367_n.jpg'><img loading=\"lazy\" decoding=\"async\" width=\"240\" height=\"300\" src=\"https:\/\/www.radiopiu.net\/wordpress\/wp-content\/uploads\/2024\/02\/424589697_17849558076141395_6233705988191667367_n-240x300.jpg\" class=\"attachment-medium size-medium\" alt=\"\" srcset=\"https:\/\/www.radiopiu.net\/wordpress\/wp-content\/uploads\/2024\/02\/424589697_17849558076141395_6233705988191667367_n-240x300.jpg 240w, https:\/\/www.radiopiu.net\/wordpress\/wp-content\/uploads\/2024\/02\/424589697_17849558076141395_6233705988191667367_n.jpg 512w\" sizes=\"auto, (max-width: 240px) 100vw, 240px\" \/><\/a>\n\t\t\t\t<\/dt><\/dl>\n\t\t\t\t<br style='clear: both' \/>\n\t\t\t<\/div>\n\n<\/div>\n<\/div>\n<\/div>\n<blockquote>\n<div>\n<div class=\"\" dir=\"auto\">\n<div id=\":r9h:\" class=\"x1iorvi4 x1pi30zi x1l90r2v x1swvt13\" data-ad-comet-preview=\"message\" data-ad-preview=\"message\">\n<div class=\"x78zum5 xdt5ytf xz62fqu x16ldp7u\">\n<div class=\"xu06os2 x1ok221b\">\n<div dir=\"auto\"><\/div>\n<\/div>\n<\/div>\n<\/div>\n<\/div>\n<\/div>\n<\/blockquote>\n<p>&nbsp;<\/p>\n<p>&nbsp;<\/p>\n<hr \/>\n<p>&nbsp;<\/p>\n<p><a class=\"dt-pswp-item\" href=\"https:\/\/www.radiopiu.net\/wordpress\/wp-content\/uploads\/2018\/09\/viabilita.jpeg\" data-dt-img-description=\"\" data-large_image_width=\"800\" data-large_image_height=\"100\"><img loading=\"lazy\" decoding=\"async\" class=\"aligncenter wp-image-61954 size-full\" src=\"https:\/\/www.radiopiu.net\/wordpress\/wp-content\/uploads\/2018\/09\/viabilita.jpeg\" alt=\"\" width=\"800\" height=\"100\" srcset=\"https:\/\/www.radiopiu.net\/wordpress\/wp-content\/uploads\/2018\/09\/viabilita.jpeg 800w, https:\/\/www.radiopiu.net\/wordpress\/wp-content\/uploads\/2018\/09\/viabilita-300x38.jpeg 300w, https:\/\/www.radiopiu.net\/wordpress\/wp-content\/uploads\/2018\/09\/viabilita-768x96.jpeg 768w\" sizes=\"auto, (max-width: 800px) 100vw, 800px\" \/><\/a><\/p>\n<p>&nbsp;<\/p>\n<p><a class=\"dt-pswp-item\" href=\"https:\/\/www.radiopiu.net\/wordpress\/wp-content\/uploads\/2023\/12\/botol-car-service.jpg\" data-dt-img-description=\"\" data-large_image_width=\"600\" data-large_image_height=\"600\"><img loading=\"lazy\" decoding=\"async\" class=\"size-medium wp-image-367044 aligncenter\" src=\"https:\/\/www.radiopiu.net\/wordpress\/wp-content\/uploads\/2023\/12\/botol-car-service-300x300.jpg\" alt=\"\" width=\"300\" height=\"300\" srcset=\"https:\/\/www.radiopiu.net\/wordpress\/wp-content\/uploads\/2023\/12\/botol-car-service-300x300.jpg 300w, https:\/\/www.radiopiu.net\/wordpress\/wp-content\/uploads\/2023\/12\/botol-car-service-150x150.jpg 150w, https:\/\/www.radiopiu.net\/wordpress\/wp-content\/uploads\/2023\/12\/botol-car-service.jpg 600w\" sizes=\"auto, (max-width: 300px) 100vw, 300px\" \/><\/a><\/p>\n<p>&nbsp;<\/p>\n<blockquote class=\"wp-embedded-content\" data-secret=\"w3uUPrHyNE\"><p><a href=\"https:\/\/www.radiopiu.net\/wordpress\/viabilita\/\">viabilita<\/a><\/p><\/blockquote>\n<p><iframe loading=\"lazy\" class=\"wp-embedded-content\" sandbox=\"allow-scripts\" security=\"restricted\" style=\"position: absolute; clip: rect(1px, 1px, 1px, 1px);\" title=\"&#8220;viabilita&#8221; &#8212; Radio Pi\u00f9\" src=\"https:\/\/www.radiopiu.net\/wordpress\/viabilita\/embed\/#?secret=l8wwKTQ4zx#?secret=w3uUPrHyNE\" data-secret=\"w3uUPrHyNE\" width=\"600\" height=\"338\" frameborder=\"0\" marginwidth=\"0\" marginheight=\"0\" scrolling=\"no\"><\/iframe><\/p>\n<p>&nbsp;<\/p>\n<hr \/>\n<p>&nbsp;<\/p>\n<p><a class=\"dt-pswp-item\" href=\"https:\/\/www.radiopiu.net\/wordpress\/wp-content\/uploads\/2018\/09\/WhatsApp-Image-2018-09-20-at-16.04.06.jpeg\" data-dt-img-description=\"\" data-large_image_width=\"800\" data-large_image_height=\"100\"><img loading=\"lazy\" decoding=\"async\" class=\"wp-image-61378 size-full aligncenter\" src=\"https:\/\/www.radiopiu.net\/wordpress\/wp-content\/uploads\/2018\/09\/WhatsApp-Image-2018-09-20-at-16.04.06.jpeg\" alt=\"\" width=\"800\" height=\"100\" srcset=\"https:\/\/www.radiopiu.net\/wordpress\/wp-content\/uploads\/2018\/09\/WhatsApp-Image-2018-09-20-at-16.04.06.jpeg 800w, https:\/\/www.radiopiu.net\/wordpress\/wp-content\/uploads\/2018\/09\/WhatsApp-Image-2018-09-20-at-16.04.06-300x38.jpeg 300w, https:\/\/www.radiopiu.net\/wordpress\/wp-content\/uploads\/2018\/09\/WhatsApp-Image-2018-09-20-at-16.04.06-768x96.jpeg 768w\" sizes=\"auto, (max-width: 800px) 100vw, 800px\" \/><\/a><\/p>\n<p><center><\/center>&nbsp;<\/p>\n<p><center><\/center><center><\/center><center><\/center><b>OGGI: <\/b>Nella notte e fino al primo mattino residua nuvolosit\u00e0 su Prealpi e schiarite ampie su Dolomiti. In mattinata cielo poco nuvoloso su Dolomiti, a tratti parzialmente nuvoloso su Prealpi. Dal mezzogiorno addensamenti via via pi\u00f9 intensi su Prealpi e solo in parte su Dolomiti con cielo da parzialmente nuvoloso a nuvoloso. In serata nuvolosit\u00e0 in aumento ovunque.<br \/>\n<b>Precipitazioni: <\/b>Nella notte residue deboli sparse su Prealpi (30-50%) con neve fin sui 1200-1300 m, in mattinata generalmente assenti. Nel pomeriggio\/sera aumento della probabilit\u00e0 (40-60%) di piovaschi o rovesci sparsi su Prealpi, generalmente assenti anche se non del tutto esclusi su alcuni settori Dolomitici specie meridionali (10-20%). Limite neve oltre i 1200\/1500 m, in calo in serata.<br \/>\n<b>\u00a0<\/b><\/p>\n<hr \/>\n<p><center><\/center><b>DOMANI: <\/b>Nuvolosit\u00e0 medio-bassa estesa con cielo molto nuvoloso o coperto per buona parte della giornata specie su Prealpi e Dolomiti meridionali, qualche irregolare schiarita pi\u00f9 probabile in quota e su Dolomiti settentrionali. Dalla sera ulteriore generale aumento della nuvolosit\u00e0 ovunque. <b>Precipitazioni: <\/b>Pioviggine o molto deboli sparse e discontinue ma possibili durante tutta la giornata (40\/60%), con qualche fiocco oltre i 1000\/1200 m.<\/p>\n<p>&nbsp;<\/p>\n<hr \/>\n<p><center><\/center><strong>SABATO<\/strong> Cielo molto nuvoloso o coperto con qualche eventuale irregolare e breve schiarita nel pomeriggio. Precipitazioni: tra notte e mattino possibili deboli sparse con limite neve a 800-1000 m, in risalita in giornata. Temperature massime in lieve aumento.<\/p>\n<hr \/>\n<p><center><\/center><strong>DOMENICA<\/strong> Molto nuvoloso o coperto con precipitazioni diffuse a tratti moderate su Prealpi anche con rovesci. Limite neve a 1000-1300 m. Temperature in lieve aumento.<\/p>\n<p>&nbsp;<\/p>\n<blockquote class=\"wp-embedded-content\" data-secret=\"BlbxSCaQr7\"><p><a href=\"https:\/\/www.radiopiu.net\/wordpress\/monti-di-ornella-193-cm-di-neve-30-di-fresca\/\">MONTI DI ORNELLA 193 CM DI NEVE, 30 DI FRESCA<\/a><\/p><\/blockquote>\n<p><iframe loading=\"lazy\" class=\"wp-embedded-content\" sandbox=\"allow-scripts\" security=\"restricted\" style=\"position: absolute; clip: rect(1px, 1px, 1px, 1px);\" title=\"&#8220;MONTI DI ORNELLA 193 CM DI NEVE, 30 DI FRESCA&#8221; &#8212; Radio Pi\u00f9\" src=\"https:\/\/www.radiopiu.net\/wordpress\/monti-di-ornella-193-cm-di-neve-30-di-fresca\/embed\/#?secret=FoEqh2FJYk#?secret=BlbxSCaQr7\" data-secret=\"BlbxSCaQr7\" width=\"600\" height=\"338\" frameborder=\"0\" marginwidth=\"0\" marginheight=\"0\" scrolling=\"no\"><\/iframe><\/p>\n<p>&nbsp;<\/p>\n<hr \/>\n<p>&nbsp;<\/p>\n<p><img loading=\"lazy\" decoding=\"async\" class=\"wp-image-60761 size-full aligncenter\" src=\"https:\/\/www.radiopiu.net\/wordpress\/wp-content\/uploads\/2018\/09\/sport.jpg\" alt=\"\" width=\"800\" height=\"100\" srcset=\"https:\/\/www.radiopiu.net\/wordpress\/wp-content\/uploads\/2018\/09\/sport.jpg 800w, https:\/\/www.radiopiu.net\/wordpress\/wp-content\/uploads\/2018\/09\/sport-300x38.jpg 300w, https:\/\/www.radiopiu.net\/wordpress\/wp-content\/uploads\/2018\/09\/sport-768x96.jpg 768w\" sizes=\"auto, (max-width: 800px) 100vw, 800px\" \/><\/p>\n<p>&nbsp;<\/p>\n<p><span style=\"color: #0000ff;\"><strong>HOCKEY SU GHIACCIO<\/strong><\/span><\/p>\n<blockquote>\n<h3>ALLEGHE DI NUOVO IN CAMPO CON L\u2019APPIANO PER GARA 3 DEI QUARTI DI FINALE<\/h3>\n<\/blockquote>\n<p><strong><a class=\"dt-pswp-item\" href=\"https:\/\/www.radiopiu.net\/wordpress\/wp-content\/uploads\/2024\/03\/c95bd891-b991-4d64-888b-bf145487a8e2.jpeg\" data-dt-img-description=\"\" data-large_image_width=\"828\" data-large_image_height=\"414\"><img loading=\"lazy\" decoding=\"async\" class=\"size-medium wp-image-377758 alignleft\" src=\"https:\/\/www.radiopiu.net\/wordpress\/wp-content\/uploads\/2024\/03\/c95bd891-b991-4d64-888b-bf145487a8e2-300x150.jpeg\" alt=\"\" width=\"300\" height=\"150\" srcset=\"https:\/\/www.radiopiu.net\/wordpress\/wp-content\/uploads\/2024\/03\/c95bd891-b991-4d64-888b-bf145487a8e2-300x150.jpeg 300w, https:\/\/www.radiopiu.net\/wordpress\/wp-content\/uploads\/2024\/03\/c95bd891-b991-4d64-888b-bf145487a8e2-768x384.jpeg 768w, https:\/\/www.radiopiu.net\/wordpress\/wp-content\/uploads\/2024\/03\/c95bd891-b991-4d64-888b-bf145487a8e2.jpeg 828w\" sizes=\"auto, (max-width: 300px) 100vw, 300px\" \/><\/a>DI ROBERTO MIANA, PORTAVOCE DELL\u2019ALLEGHE HOCKEY<\/strong><\/p>\n<p>Brusco risveglio per i Biancorossi che, dopo la convincente vittoria casalinga di gara 1 davanti al proprio pubblico, devono inchinarsi in casa dei Pirati, che rimettono in equilibrio la serie, grazie ad un netto 4-9 che non ammette repliche. Un Alleghe troppo brutto per essere vero, incappato nella peggiore prestazione stagionale, dando fin da subito l\u2019impressione di non essere sceso sul ghiaccio con la giusta concentrazione, al cospetto di un avversario che al contrario ha sfoderato un ottima performance. Emblematiche le parole del vicepresidente agordino Matthias Levis al termine della gara: \u201cDopo la prestazione di questa sera non sono deluso ma arrabbiato, ci \u00e8 mancato tutto, ma credo fermamente nella squadra e in questi giocatori, sono certo che sapremo fare un reset totale ed essere pronti per gioved\u00ec\u201d. Adesso la contesa torner\u00e0 ai piedi del Civetta per gara 3, dove i ragazzi di coach Scapinello dovranno dimenticare in fretta questa sconfitta ma non gli errori commessi, ritrovando testa e motivazioni per riportare la serie dalla propria parte. Anche le altre gare 2 di questi quarti di finale playoff non ha fatto mancare emozioni e sorprese: fatta eccezione per la seconda vittoria netta del Caldaro sul Valdifiemme, anche il Feltre ha nuovamente battuto i campioni in carica del Varese portandosi 2-0 nella serie. La pi\u00f9 grande sorpresa \u00e8 per\u00f2 arrivata da Como, dove i Lariani hanno vinto, pareggiando la serie con il Pergine, ribaltando il risultato che a met\u00e0 gara li vedeva sotto di quattro reti.<\/p>\n<p><strong>ALLEGHE HOCKEY &#8211; HC EPPAN APPIANO<\/strong><br \/>\nGioved\u00ec 7 Marzo ore 20:30 &#8211; Palaghiaccio \u201cAlvise De Toni\u201d di Alleghe (BL)<br \/>\nArbitri: Alessio Bedana e Antonio Piras con giudici di linea Federico Fecchio e Andrea Carrito<\/p>\n<p>Collegamenti in\u00a0DIRETTA RADIOFONICA\u00a0su Radio Pi\u00f9 (www.radiopiu.net) con \u201cHockey al punto giusto\u201d, in studio Marco Gaz e da Alleghe interventi di Federico Paganin<\/p>\n<p>&nbsp;<\/p>\n<blockquote>\n<h3>IL FELTRE A VARESE PER CHIUDERE LA SERIE<\/h3>\n<\/blockquote>\n<p><strong>FELTRE<\/strong> Anche il Feltre in campo stasera alle 20:30 per la trasferta in terra lombarda contro il Varese. I picchi proveranno a chiudere la serie dei quarti di finale contro i campioni in carica. Feltrini avanti 2 a 0 nella serie e stasera avranno a disposizione il primo match point. Non sar\u00e0 sicuramente una passeggiata per il Feltre che l&#8217;altra sera tra le mura amiche ha vinto tirando fuori le unghie.<\/p>\n<p>&nbsp;<\/p>\n<p>&nbsp;<\/p>\n<hr \/>\n<p>&nbsp;<\/p>\n<blockquote>\n<h1>\u00a0IL RITORNO IN PISTA DI GIADA<\/h1>\n<\/blockquote>\n<p><strong>ROCCA PIETORE <\/strong>E dopo vari infortuni che l&#8217;hanno vista protagonista negli ultimi mesi, domani Giada Bellenzier, portacolori dello Sci Club Marmolada parteciper\u00e0 ai Campionati Italiani Ragazzi a Piancavallo. Convocazione meritatissima dopo una stagione sfortunata. A Giada in bocca al lupo anche dal sindaco, Andrea De Bernardin.<\/p>\n<p>&nbsp;<\/p>\n<p><a class=\"dt-pswp-item\" href=\"https:\/\/www.radiopiu.net\/wordpress\/wp-content\/uploads\/2024\/03\/3b0f7da6-78ba-445d-89bd-0f3639326fdb.jpg\" data-dt-img-description=\"\" data-large_image_width=\"768\" data-large_image_height=\"768\"><img loading=\"lazy\" decoding=\"async\" class=\"size-medium wp-image-377870 aligncenter\" src=\"https:\/\/www.radiopiu.net\/wordpress\/wp-content\/uploads\/2024\/03\/3b0f7da6-78ba-445d-89bd-0f3639326fdb-300x300.jpg\" alt=\"\" width=\"300\" height=\"300\" srcset=\"https:\/\/www.radiopiu.net\/wordpress\/wp-content\/uploads\/2024\/03\/3b0f7da6-78ba-445d-89bd-0f3639326fdb-300x300.jpg 300w, https:\/\/www.radiopiu.net\/wordpress\/wp-content\/uploads\/2024\/03\/3b0f7da6-78ba-445d-89bd-0f3639326fdb-150x150.jpg 150w, https:\/\/www.radiopiu.net\/wordpress\/wp-content\/uploads\/2024\/03\/3b0f7da6-78ba-445d-89bd-0f3639326fdb.jpg 768w\" sizes=\"auto, (max-width: 300px) 100vw, 300px\" \/><\/a><\/p>\n<p><span style=\"color: #0000ff;\"><strong>\u00a0<\/strong><\/span><\/p>\n<p>&nbsp;<\/p>\n<hr \/>\n<p>&nbsp;<\/p>\n<p><span style=\"color: #0000ff;\"><strong>MOTORI<\/strong><\/span><\/p>\n<blockquote>\n<h3>INIZIANO I PREPARATIVI PER LA CINQUANTESIMA ALPE DEL NEVEGAL<\/h3>\n<\/blockquote>\n<p><strong>DI ROBERTO BONA<\/strong><\/p>\n<audio class=\"wp-audio-shortcode\" id=\"audio-377678-24\" preload=\"none\" style=\"width: 100%;\" controls=\"controls\"><source type=\"audio\/mpeg\" src=\"https:\/\/www.radiopiu.net\/wordpress\/wp-content\/uploads\/2024\/03\/BONA-ALPE-DEL-NEVEGAL.mp3?_=24\" \/><a href=\"https:\/\/www.radiopiu.net\/wordpress\/wp-content\/uploads\/2024\/03\/BONA-ALPE-DEL-NEVEGAL.mp3\">https:\/\/www.radiopiu.net\/wordpress\/wp-content\/uploads\/2024\/03\/BONA-ALPE-DEL-NEVEGAL.mp3<\/a><\/audio>\n<p>&nbsp;<\/p>\n\n\t\t\t<style type='text\/css'>\n\t\t\t\t#gallery-5 {\n\t\t\t\t\tmargin: auto;\n\t\t\t\t}\n\t\t\t\t#gallery-5 .gallery-item {\n\t\t\t\t\tfloat: left;\n\t\t\t\t\tmargin-top: 10px;\n\t\t\t\t\ttext-align: center;\n\t\t\t\t\twidth: 50%;\n\t\t\t\t}\n\t\t\t\t#gallery-5 img {\n\t\t\t\t\tborder: 2px solid #cfcfcf;\n\t\t\t\t}\n\t\t\t\t#gallery-5 .gallery-caption {\n\t\t\t\t\tmargin-left: 0;\n\t\t\t\t}\n\t\t\t\t\/* see gallery_shortcode() in wp-includes\/media.php *\/\n\t\t\t<\/style>\n\t\t<div id='gallery-5' class='dt-gallery-container gallery galleryid-377678 gallery-columns-2 gallery-size-medium'><dl class='gallery-item'>\n\t\t\t\t<dt class='gallery-icon landscape'>\n\t\t\t\t\t<a class=\"rollover rollover-zoom dt-pswp-item\" title=\"53b884dc-643e-4fb3-8b60-25411627bf69\" data-dt-img-description=\"\" data-large_image_width=\"1579\" data-large_image_height=\"1002\"href='https:\/\/www.radiopiu.net\/wordpress\/wp-content\/uploads\/2024\/03\/53b884dc-643e-4fb3-8b60-25411627bf69.jpg'><img loading=\"lazy\" decoding=\"async\" width=\"300\" height=\"190\" src=\"https:\/\/www.radiopiu.net\/wordpress\/wp-content\/uploads\/2024\/03\/53b884dc-643e-4fb3-8b60-25411627bf69-300x190.jpg\" class=\"attachment-medium size-medium\" alt=\"\" srcset=\"https:\/\/www.radiopiu.net\/wordpress\/wp-content\/uploads\/2024\/03\/53b884dc-643e-4fb3-8b60-25411627bf69-300x190.jpg 300w, https:\/\/www.radiopiu.net\/wordpress\/wp-content\/uploads\/2024\/03\/53b884dc-643e-4fb3-8b60-25411627bf69-1024x650.jpg 1024w, https:\/\/www.radiopiu.net\/wordpress\/wp-content\/uploads\/2024\/03\/53b884dc-643e-4fb3-8b60-25411627bf69-768x487.jpg 768w, https:\/\/www.radiopiu.net\/wordpress\/wp-content\/uploads\/2024\/03\/53b884dc-643e-4fb3-8b60-25411627bf69-1536x975.jpg 1536w, https:\/\/www.radiopiu.net\/wordpress\/wp-content\/uploads\/2024\/03\/53b884dc-643e-4fb3-8b60-25411627bf69.jpg 1579w\" sizes=\"auto, (max-width: 300px) 100vw, 300px\" \/><\/a>\n\t\t\t\t<\/dt><\/dl><dl class='gallery-item'>\n\t\t\t\t<dt class='gallery-icon landscape'>\n\t\t\t\t\t<a class=\"rollover rollover-zoom dt-pswp-item\" title=\"750ac4ec-6e40-4c80-9727-a389bd72c1f0\" data-dt-img-description=\"\" data-large_image_width=\"1124\" data-large_image_height=\"680\"href='https:\/\/www.radiopiu.net\/wordpress\/wp-content\/uploads\/2024\/03\/750ac4ec-6e40-4c80-9727-a389bd72c1f0.jpg'><img loading=\"lazy\" decoding=\"async\" width=\"300\" height=\"181\" src=\"https:\/\/www.radiopiu.net\/wordpress\/wp-content\/uploads\/2024\/03\/750ac4ec-6e40-4c80-9727-a389bd72c1f0-300x181.jpg\" class=\"attachment-medium size-medium\" alt=\"\" srcset=\"https:\/\/www.radiopiu.net\/wordpress\/wp-content\/uploads\/2024\/03\/750ac4ec-6e40-4c80-9727-a389bd72c1f0-300x181.jpg 300w, https:\/\/www.radiopiu.net\/wordpress\/wp-content\/uploads\/2024\/03\/750ac4ec-6e40-4c80-9727-a389bd72c1f0-1024x620.jpg 1024w, https:\/\/www.radiopiu.net\/wordpress\/wp-content\/uploads\/2024\/03\/750ac4ec-6e40-4c80-9727-a389bd72c1f0-768x465.jpg 768w, https:\/\/www.radiopiu.net\/wordpress\/wp-content\/uploads\/2024\/03\/750ac4ec-6e40-4c80-9727-a389bd72c1f0.jpg 1124w\" sizes=\"auto, (max-width: 300px) 100vw, 300px\" \/><\/a>\n\t\t\t\t<\/dt><\/dl><br style=\"clear: both\" \/>\n\t\t\t<\/div>\n\n<p>&nbsp;<\/p>\n<hr \/>\n<p>&nbsp;<\/p>\n<blockquote>\n<h1>\u00a0&#8220;La Valle Agordina: Il PR Dolomiti Volteggio Presente con 11 Atleti in Apertura Stagionale a Portogruaro&#8221;<\/h1>\n<\/blockquote>\n<p><strong><a class=\"dt-pswp-item\" href=\"https:\/\/www.radiopiu.net\/wordpress\/wp-content\/uploads\/2024\/03\/424952834_401590475726874_3523503604221229343_n.jpg\" data-dt-img-description=\"\" data-large_image_width=\"600\" data-large_image_height=\"450\"><img loading=\"lazy\" decoding=\"async\" class=\" wp-image-377887 alignleft\" src=\"https:\/\/www.radiopiu.net\/wordpress\/wp-content\/uploads\/2024\/03\/424952834_401590475726874_3523503604221229343_n-300x225.jpg\" alt=\"\" width=\"251\" height=\"188\" srcset=\"https:\/\/www.radiopiu.net\/wordpress\/wp-content\/uploads\/2024\/03\/424952834_401590475726874_3523503604221229343_n-300x225.jpg 300w, https:\/\/www.radiopiu.net\/wordpress\/wp-content\/uploads\/2024\/03\/424952834_401590475726874_3523503604221229343_n.jpg 600w\" sizes=\"auto, (max-width: 251px) 100vw, 251px\" \/><\/a>LA VALLE AGORDINA<\/strong> Domenica\u00a0 prende il via la stagione agonistica federale di Volteggio Accademico, il PR DOLOMITI VOLTEGGIO sar\u00e0 presente con 11 atleti dai 7 ai 16 anni divisi in 4 categorie. La prima gara a Portogruaro dove scenderanno in campo una squadra in categoria L under 12 composta da:\u00a0 Margherita Stieven Alice Donata Stieven e Nicol Bernardini che volteggeranno sulle note di una coinvolgente musica rock e saranno le uniche portacolori del PR per il Ludico. Le\u00a0 ragazze della categoria E:\u00a0 Eliana Bellenzier e Giulia Bessegato\u00a0 non potranno esserci.<br \/>\nPer le categoria\u00a0 Agonistiche\u00a0 pronti a volteggiare:\u00a0 Irene De Toni, Alessandro Oldrati e Mattia Giora che si esibiranno in categoria D individuale. Per la categoria una stella: Cecilia Caldart,\u00a0 garegger\u00e0 in una stella \u00a0junior,\u00a0 \u00a0Aurora Zuanel e Diletta Caldart\u00a0 sono attese nelle prove della categoria\u00a0 una stella \u00a0children. Per Aurora,\u00a0 Cecilia e Diletta, sar\u00e0 una a gara importante perch\u00e9 varr\u00e0 come qualifica agli Internazionali che si terranno nel weekend di Pasqua\u00a0 a Portogruaro.<\/p>\n<p>&nbsp;<\/p>\n<hr \/>\n<p>&nbsp;<\/p>\n<p><span style=\"color: #0000ff;\"><strong>PALLAVOLO<\/strong><\/span><\/p>\n<blockquote>\n<h3>IL BELLUNO VOLLEY PRONTO PER UN MARZO DI FUOCO<\/h3>\n<\/blockquote>\n<p><a class=\"dt-pswp-item\" href=\"https:\/\/www.radiopiu.net\/wordpress\/wp-content\/uploads\/2024\/03\/Antonaci_attende_la_capolista_Mantova.jpg\" data-dt-img-description=\"\" data-large_image_width=\"1280\" data-large_image_height=\"853\"><img loading=\"lazy\" decoding=\"async\" class=\" wp-image-377780 alignleft\" src=\"https:\/\/www.radiopiu.net\/wordpress\/wp-content\/uploads\/2024\/03\/Antonaci_attende_la_capolista_Mantova-300x200.jpg\" alt=\"\" width=\"179\" height=\"119\" srcset=\"https:\/\/www.radiopiu.net\/wordpress\/wp-content\/uploads\/2024\/03\/Antonaci_attende_la_capolista_Mantova-300x200.jpg 300w, https:\/\/www.radiopiu.net\/wordpress\/wp-content\/uploads\/2024\/03\/Antonaci_attende_la_capolista_Mantova-1024x682.jpg 1024w, https:\/\/www.radiopiu.net\/wordpress\/wp-content\/uploads\/2024\/03\/Antonaci_attende_la_capolista_Mantova-768x512.jpg 768w, https:\/\/www.radiopiu.net\/wordpress\/wp-content\/uploads\/2024\/03\/Antonaci_attende_la_capolista_Mantova.jpg 1280w\" sizes=\"auto, (max-width: 179px) 100vw, 179px\" \/><\/a>Il Belluno Volley affronta la fase finale del campionato di Serie A3 Credem Banca con l&#8217;obiettivo di conservare il terzo posto e garantirsi il fattore campo nei playoff. Il collettivo di Gian Luca Colussi \u00e8 in fiducia, testimoniato dalle cinque vittorie consecutive. Il prossimo sfidante, il Gabbiano Mantova, rappresenta una prova cruciale. Il centrale Piergiorgio Antonaci sottolinea il consolidamento del sistema di gioco e l&#8217;importanza dell&#8217;assetto tattico. Il calore del pubblico alla Spes Arena \u00e8 un elemento galvanizzante. Marzo si preannuncia come un mese decisivo, con l&#8217;attenzione concentrata sui playoff.<\/p>\n<p>&nbsp;<\/p>\n<hr \/>\n<p>&nbsp;<\/p>\n<h2><span style=\"color: #00ccff;\">GOODBYE BY BICICLE&#8230;UN VIAGGIO DALL&#8217;INDIA A SEREN DEL GRAPPA IN BICICLETTA<\/span><\/h2>\n<p><strong>PUNTATA 03 &#8211; DALLE CASE SULL&#8217;ALBERO A MUMBAI<\/strong><\/p>\n<audio class=\"wp-audio-shortcode\" id=\"audio-377678-25\" preload=\"none\" style=\"width: 100%;\" controls=\"controls\"><source type=\"audio\/mpeg\" src=\"https:\/\/www.radiopiu.net\/wordpress\/wp-content\/uploads\/2024\/02\/INDIA-PUNTATA-03.mp3?_=25\" \/><a href=\"https:\/\/www.radiopiu.net\/wordpress\/wp-content\/uploads\/2024\/02\/INDIA-PUNTATA-03.mp3\">https:\/\/www.radiopiu.net\/wordpress\/wp-content\/uploads\/2024\/02\/INDIA-PUNTATA-03.mp3<\/a><\/audio>\n<p>&nbsp;<\/p>\n\n\t\t\t<style type='text\/css'>\n\t\t\t\t#gallery-6 {\n\t\t\t\t\tmargin: auto;\n\t\t\t\t}\n\t\t\t\t#gallery-6 .gallery-item {\n\t\t\t\t\tfloat: left;\n\t\t\t\t\tmargin-top: 10px;\n\t\t\t\t\ttext-align: center;\n\t\t\t\t\twidth: 14%;\n\t\t\t\t}\n\t\t\t\t#gallery-6 img {\n\t\t\t\t\tborder: 2px solid #cfcfcf;\n\t\t\t\t}\n\t\t\t\t#gallery-6 .gallery-caption {\n\t\t\t\t\tmargin-left: 0;\n\t\t\t\t}\n\t\t\t\t\/* see gallery_shortcode() in wp-includes\/media.php *\/\n\t\t\t<\/style>\n\t\t<div id='gallery-6' class='dt-gallery-container gallery galleryid-377678 gallery-columns-7 gallery-size-thumbnail'><dl class='gallery-item'>\n\t\t\t\t<dt class='gallery-icon landscape'>\n\t\t\t\t\t<a class=\"rollover rollover-zoom dt-pswp-item\" title=\"731ca5b9-5c16-46e9-befa-e1b7cd138ec9\" data-dt-img-description=\"\" data-large_image_width=\"1600\" data-large_image_height=\"1200\"href='https:\/\/www.radiopiu.net\/wordpress\/wp-content\/uploads\/2024\/02\/731ca5b9-5c16-46e9-befa-e1b7cd138ec9.jpg'><img loading=\"lazy\" decoding=\"async\" width=\"150\" height=\"150\" src=\"https:\/\/www.radiopiu.net\/wordpress\/wp-content\/uploads\/2024\/02\/731ca5b9-5c16-46e9-befa-e1b7cd138ec9-150x150.jpg\" class=\"attachment-thumbnail size-thumbnail\" alt=\"\" \/><\/a>\n\t\t\t\t<\/dt><\/dl><dl class='gallery-item'>\n\t\t\t\t<dt class='gallery-icon landscape'>\n\t\t\t\t\t<a class=\"rollover rollover-zoom dt-pswp-item\" title=\"c3330ec7-f9d5-45d8-ad71-89e6e21e0042\" data-dt-img-description=\"\" data-large_image_width=\"1600\" data-large_image_height=\"1200\"href='https:\/\/www.radiopiu.net\/wordpress\/wp-content\/uploads\/2024\/02\/c3330ec7-f9d5-45d8-ad71-89e6e21e0042.jpg'><img loading=\"lazy\" decoding=\"async\" width=\"150\" height=\"150\" src=\"https:\/\/www.radiopiu.net\/wordpress\/wp-content\/uploads\/2024\/02\/c3330ec7-f9d5-45d8-ad71-89e6e21e0042-150x150.jpg\" class=\"attachment-thumbnail size-thumbnail\" alt=\"\" \/><\/a>\n\t\t\t\t<\/dt><\/dl><dl class='gallery-item'>\n\t\t\t\t<dt class='gallery-icon landscape'>\n\t\t\t\t\t<a class=\"rollover rollover-zoom dt-pswp-item\" title=\"075d5b1c-2889-4896-9c0e-4d19f4fabd70\" data-dt-img-description=\"\" data-large_image_width=\"1600\" data-large_image_height=\"1200\"href='https:\/\/www.radiopiu.net\/wordpress\/wp-content\/uploads\/2024\/02\/075d5b1c-2889-4896-9c0e-4d19f4fabd70.jpg'><img loading=\"lazy\" decoding=\"async\" width=\"150\" height=\"150\" src=\"https:\/\/www.radiopiu.net\/wordpress\/wp-content\/uploads\/2024\/02\/075d5b1c-2889-4896-9c0e-4d19f4fabd70-150x150.jpg\" class=\"attachment-thumbnail size-thumbnail\" alt=\"\" \/><\/a>\n\t\t\t\t<\/dt><\/dl><dl class='gallery-item'>\n\t\t\t\t<dt class='gallery-icon landscape'>\n\t\t\t\t\t<a class=\"rollover rollover-zoom dt-pswp-item\" title=\"56936d73-6750-4025-9eb4-3041cc1363e5\" data-dt-img-description=\"\" data-large_image_width=\"1496\" data-large_image_height=\"1496\"href='https:\/\/www.radiopiu.net\/wordpress\/wp-content\/uploads\/2024\/02\/56936d73-6750-4025-9eb4-3041cc1363e5.jpg'><img loading=\"lazy\" decoding=\"async\" width=\"150\" height=\"150\" src=\"https:\/\/www.radiopiu.net\/wordpress\/wp-content\/uploads\/2024\/02\/56936d73-6750-4025-9eb4-3041cc1363e5-150x150.jpg\" class=\"attachment-thumbnail size-thumbnail\" alt=\"\" srcset=\"https:\/\/www.radiopiu.net\/wordpress\/wp-content\/uploads\/2024\/02\/56936d73-6750-4025-9eb4-3041cc1363e5-150x150.jpg 150w, https:\/\/www.radiopiu.net\/wordpress\/wp-content\/uploads\/2024\/02\/56936d73-6750-4025-9eb4-3041cc1363e5-300x300.jpg 300w, https:\/\/www.radiopiu.net\/wordpress\/wp-content\/uploads\/2024\/02\/56936d73-6750-4025-9eb4-3041cc1363e5-1024x1024.jpg 1024w, https:\/\/www.radiopiu.net\/wordpress\/wp-content\/uploads\/2024\/02\/56936d73-6750-4025-9eb4-3041cc1363e5-768x768.jpg 768w, https:\/\/www.radiopiu.net\/wordpress\/wp-content\/uploads\/2024\/02\/56936d73-6750-4025-9eb4-3041cc1363e5.jpg 1496w\" sizes=\"auto, (max-width: 150px) 100vw, 150px\" \/><\/a>\n\t\t\t\t<\/dt><\/dl><dl class='gallery-item'>\n\t\t\t\t<dt class='gallery-icon landscape'>\n\t\t\t\t\t<a class=\"rollover rollover-zoom dt-pswp-item\" title=\"02542fb0-8bba-4264-b844-e832b209ed06\" data-dt-img-description=\"\" data-large_image_width=\"1280\" data-large_image_height=\"963\"href='https:\/\/www.radiopiu.net\/wordpress\/wp-content\/uploads\/2024\/02\/02542fb0-8bba-4264-b844-e832b209ed06.jpg'><img loading=\"lazy\" decoding=\"async\" width=\"150\" height=\"150\" src=\"https:\/\/www.radiopiu.net\/wordpress\/wp-content\/uploads\/2024\/02\/02542fb0-8bba-4264-b844-e832b209ed06-150x150.jpg\" class=\"attachment-thumbnail size-thumbnail\" alt=\"\" \/><\/a>\n\t\t\t\t<\/dt><\/dl><dl class='gallery-item'>\n\t\t\t\t<dt class='gallery-icon landscape'>\n\t\t\t\t\t<a class=\"rollover rollover-zoom dt-pswp-item\" title=\"ccbf7e99-56c4-4c45-9e3e-8d4825d1b5cf\" data-dt-img-description=\"\" data-large_image_width=\"1280\" data-large_image_height=\"963\"href='https:\/\/www.radiopiu.net\/wordpress\/wp-content\/uploads\/2024\/02\/ccbf7e99-56c4-4c45-9e3e-8d4825d1b5cf.jpg'><img loading=\"lazy\" decoding=\"async\" width=\"150\" height=\"150\" src=\"https:\/\/www.radiopiu.net\/wordpress\/wp-content\/uploads\/2024\/02\/ccbf7e99-56c4-4c45-9e3e-8d4825d1b5cf-150x150.jpg\" class=\"attachment-thumbnail size-thumbnail\" alt=\"\" \/><\/a>\n\t\t\t\t<\/dt><\/dl><dl class='gallery-item'>\n\t\t\t\t<dt class='gallery-icon landscape'>\n\t\t\t\t\t<a class=\"rollover rollover-zoom dt-pswp-item\" title=\"40e4da33-db99-41b1-9a34-b6d5c569fcdb\" data-dt-img-description=\"\" data-large_image_width=\"1496\" data-large_image_height=\"1496\"href='https:\/\/www.radiopiu.net\/wordpress\/wp-content\/uploads\/2024\/02\/40e4da33-db99-41b1-9a34-b6d5c569fcdb.jpg'><img loading=\"lazy\" decoding=\"async\" width=\"150\" height=\"150\" src=\"https:\/\/www.radiopiu.net\/wordpress\/wp-content\/uploads\/2024\/02\/40e4da33-db99-41b1-9a34-b6d5c569fcdb-150x150.jpg\" class=\"attachment-thumbnail size-thumbnail\" alt=\"\" srcset=\"https:\/\/www.radiopiu.net\/wordpress\/wp-content\/uploads\/2024\/02\/40e4da33-db99-41b1-9a34-b6d5c569fcdb-150x150.jpg 150w, https:\/\/www.radiopiu.net\/wordpress\/wp-content\/uploads\/2024\/02\/40e4da33-db99-41b1-9a34-b6d5c569fcdb-300x300.jpg 300w, https:\/\/www.radiopiu.net\/wordpress\/wp-content\/uploads\/2024\/02\/40e4da33-db99-41b1-9a34-b6d5c569fcdb-1024x1024.jpg 1024w, https:\/\/www.radiopiu.net\/wordpress\/wp-content\/uploads\/2024\/02\/40e4da33-db99-41b1-9a34-b6d5c569fcdb-768x768.jpg 768w, https:\/\/www.radiopiu.net\/wordpress\/wp-content\/uploads\/2024\/02\/40e4da33-db99-41b1-9a34-b6d5c569fcdb.jpg 1496w\" sizes=\"auto, (max-width: 150px) 100vw, 150px\" \/><\/a>\n\t\t\t\t<\/dt><\/dl><br style=\"clear: both\" \/>\n\t\t\t<\/div>\n\n<h2>LA RACCOLTA COMPLETA <a href=\"https:\/\/www.radiopiu.net\/wordpress\/goodbye-by-bicicle-un-viaggio-dallindia-a-seren-del-grappa-in-bicicletta-03\/\">CLICCA QUI<\/a><\/h2>\n<p>&nbsp;<\/p>\n<p>&nbsp;<\/p>\n","protected":false},"excerpt":{"rendered":"<p>***** &nbsp; ULTIM&#8217;ORA, SEI DEL MATTINO &nbsp; SELVA DI CADORE DI MIRKO MEZZACASA NOTIZIARIO EDIZIONE STRAORDINARIA DELLE NOVE DEL MATTINO &nbsp; &nbsp; &nbsp; &nbsp; FONTE: www.chiesabellunofeltre.it Aveva 93 anni e quasi 70 di sacerdozio\u00c8 morto don Lorenzo Dell\u2019Andrea Resta il ricordo di un prete pienamente inserito nel mondo delle comunicazioni, per le quali seppe intuire&hellip;<\/p>\n","protected":false},"author":4,"featured_media":377823,"comment_status":"closed","ping_status":"closed","sticky":false,"template":"","format":"standard","meta":{"_monsterinsights_skip_tracking":false,"_monsterinsights_sitenote_active":false,"_monsterinsights_sitenote_note":"","_monsterinsights_sitenote_category":0,"footnotes":""},"categories":[51,86,49],"tags":[],"class_list":["post-377678","post","type-post","status-publish","format-standard","has-post-thumbnail","hentry","category-evidenza-top","category-gr","category-news-18","category-51","category-86","category-49","description-off"],"img_url":"https:\/\/www.radiopiu.net\/wordpress\/wp-content\/uploads\/2024\/03\/6a9fc0ea-3711-48d3-b2ab-9c8fa62b59d7.jpg","_links":{"self":[{"href":"https:\/\/www.radiopiu.net\/wordpress\/wp-json\/wp\/v2\/posts\/377678","targetHints":{"allow":["GET"]}}],"collection":[{"href":"https:\/\/www.radiopiu.net\/wordpress\/wp-json\/wp\/v2\/posts"}],"about":[{"href":"https:\/\/www.radiopiu.net\/wordpress\/wp-json\/wp\/v2\/types\/post"}],"author":[{"embeddable":true,"href":"https:\/\/www.radiopiu.net\/wordpress\/wp-json\/wp\/v2\/users\/4"}],"replies":[{"embeddable":true,"href":"https:\/\/www.radiopiu.net\/wordpress\/wp-json\/wp\/v2\/comments?post=377678"}],"version-history":[{"count":0,"href":"https:\/\/www.radiopiu.net\/wordpress\/wp-json\/wp\/v2\/posts\/377678\/revisions"}],"wp:featuredmedia":[{"embeddable":true,"href":"https:\/\/www.radiopiu.net\/wordpress\/wp-json\/wp\/v2\/media\/377823"}],"wp:attachment":[{"href":"https:\/\/www.radiopiu.net\/wordpress\/wp-json\/wp\/v2\/media?parent=377678"}],"wp:term":[{"taxonomy":"category","embeddable":true,"href":"https:\/\/www.radiopiu.net\/wordpress\/wp-json\/wp\/v2\/categories?post=377678"},{"taxonomy":"post_tag","embeddable":true,"href":"https:\/\/www.radiopiu.net\/wordpress\/wp-json\/wp\/v2\/tags?post=377678"}],"curies":[{"name":"wp","href":"https:\/\/api.w.org\/{rel}","templated":true}]}}