{"id":377693,"date":"2024-03-06T05:37:09","date_gmt":"2024-03-06T04:37:09","guid":{"rendered":"https:\/\/www.radiopiu.net\/wordpress\/?p=377693"},"modified":"2024-03-06T05:53:01","modified_gmt":"2024-03-06T04:53:01","slug":"dillo-a-radio-piu-a-proposito-di-sicurezza-sul-lavoro","status":"publish","type":"post","link":"https:\/\/www.radiopiu.net\/wordpress\/dillo-a-radio-piu-a-proposito-di-sicurezza-sul-lavoro\/","title":{"rendered":"DILLO A RADIO PIU&#8230;.  a proposito di sicurezza sul lavoro"},"content":{"rendered":"<p>***<\/p>\n<p>&nbsp;<\/p>\n<p><strong>AGORDO<\/strong> Ieri mattina in Viale Sommariva i lavori\u00a0 per la demolizione dell&#8217;immenso fabbricato erano regolarmente iniziati. A mezzogiorno tutto fermo, in zona si sono visti uomini della vicina stazione della Guardia di Finanza e altri uomini entrati in cantiere per controllare. A Radio Pi\u00f9 \u00e8 stata segnalata questa foto con un commento preciso: <em>&#8220;Ma questa \u00e8 sicurezza sul lavoro? Nessuna impalcatura, nessun casco di protezione e imbragatura per i lavori i quota. E intanto continuano a morire sui cantieri&#8221;<\/em><\/p>\n<p><a class=\"dt-pswp-item\" href=\"https:\/\/www.radiopiu.net\/wordpress\/wp-content\/uploads\/2024\/03\/2cca5470-fae9-414e-a903-2a394faa234c.jpg\" data-dt-img-description=\"\" data-large_image_width=\"1512\" data-large_image_height=\"2016\"><img loading=\"lazy\" decoding=\"async\" class=\"size-medium wp-image-377695 aligncenter\" src=\"https:\/\/www.radiopiu.net\/wordpress\/wp-content\/uploads\/2024\/03\/2cca5470-fae9-414e-a903-2a394faa234c-225x300.jpg\" alt=\"\" width=\"225\" height=\"300\" srcset=\"https:\/\/www.radiopiu.net\/wordpress\/wp-content\/uploads\/2024\/03\/2cca5470-fae9-414e-a903-2a394faa234c-225x300.jpg 225w, https:\/\/www.radiopiu.net\/wordpress\/wp-content\/uploads\/2024\/03\/2cca5470-fae9-414e-a903-2a394faa234c-768x1024.jpg 768w, https:\/\/www.radiopiu.net\/wordpress\/wp-content\/uploads\/2024\/03\/2cca5470-fae9-414e-a903-2a394faa234c-1152x1536.jpg 1152w, https:\/\/www.radiopiu.net\/wordpress\/wp-content\/uploads\/2024\/03\/2cca5470-fae9-414e-a903-2a394faa234c.jpg 1512w\" sizes=\"auto, (max-width: 225px) 100vw, 225px\" \/><\/a><\/p>\n<p>&nbsp;<\/p>\n<p>___<\/p>\n","protected":false},"excerpt":{"rendered":"<p>*** &nbsp; AGORDO Ieri mattina in Viale Sommariva i lavori\u00a0 per la demolizione dell&#8217;immenso fabbricato erano regolarmente iniziati. A mezzogiorno tutto fermo, in zona si sono visti uomini della vicina stazione della Guardia di Finanza e altri uomini entrati in cantiere per controllare. A Radio Pi\u00f9 \u00e8 stata segnalata questa foto con un commento preciso:&hellip;<\/p>\n","protected":false},"author":4,"featured_media":377694,"comment_status":"closed","ping_status":"closed","sticky":false,"template":"","format":"standard","meta":{"_monsterinsights_skip_tracking":false,"_monsterinsights_sitenote_active":false,"_monsterinsights_sitenote_note":"","_monsterinsights_sitenote_category":0,"footnotes":""},"categories":[51,49],"tags":[],"class_list":["post-377693","post","type-post","status-publish","format-standard","has-post-thumbnail","hentry","category-evidenza-top","category-news-18","category-51","category-49","description-off"],"img_url":"https:\/\/www.radiopiu.net\/wordpress\/wp-content\/uploads\/2024\/03\/Senza-nome-23.png","_links":{"self":[{"href":"https:\/\/www.radiopiu.net\/wordpress\/wp-json\/wp\/v2\/posts\/377693","targetHints":{"allow":["GET"]}}],"collection":[{"href":"https:\/\/www.radiopiu.net\/wordpress\/wp-json\/wp\/v2\/posts"}],"about":[{"href":"https:\/\/www.radiopiu.net\/wordpress\/wp-json\/wp\/v2\/types\/post"}],"author":[{"embeddable":true,"href":"https:\/\/www.radiopiu.net\/wordpress\/wp-json\/wp\/v2\/users\/4"}],"replies":[{"embeddable":true,"href":"https:\/\/www.radiopiu.net\/wordpress\/wp-json\/wp\/v2\/comments?post=377693"}],"version-history":[{"count":0,"href":"https:\/\/www.radiopiu.net\/wordpress\/wp-json\/wp\/v2\/posts\/377693\/revisions"}],"wp:featuredmedia":[{"embeddable":true,"href":"https:\/\/www.radiopiu.net\/wordpress\/wp-json\/wp\/v2\/media\/377694"}],"wp:attachment":[{"href":"https:\/\/www.radiopiu.net\/wordpress\/wp-json\/wp\/v2\/media?parent=377693"}],"wp:term":[{"taxonomy":"category","embeddable":true,"href":"https:\/\/www.radiopiu.net\/wordpress\/wp-json\/wp\/v2\/categories?post=377693"},{"taxonomy":"post_tag","embeddable":true,"href":"https:\/\/www.radiopiu.net\/wordpress\/wp-json\/wp\/v2\/tags?post=377693"}],"curies":[{"name":"wp","href":"https:\/\/api.w.org\/{rel}","templated":true}]}}