{"id":377749,"date":"2024-03-07T05:35:21","date_gmt":"2024-03-07T04:35:21","guid":{"rendered":"https:\/\/www.radiopiu.net\/wordpress\/?p=377749"},"modified":"2024-03-07T05:57:10","modified_gmt":"2024-03-07T04:57:10","slug":"taibon-insicurezza-sulle-strade-comunali-da-mesi-pericolo-in-agguato","status":"publish","type":"post","link":"https:\/\/www.radiopiu.net\/wordpress\/taibon-insicurezza-sulle-strade-comunali-da-mesi-pericolo-in-agguato\/","title":{"rendered":"TAIBON:  INSICUREZZA SULLE STRADE COMUNALI, DA MESI PERICOLO IN AGGUATO"},"content":{"rendered":"<p>***<\/p>\n<p><strong><img loading=\"lazy\" decoding=\"async\" class=\"alignleft\" src=\"https:\/\/www.radiopiu.net\/wordpress\/wp-content\/uploads\/2024\/03\/SIL.png\" width=\"168\" height=\"96\" \/>REDAZIONE<\/strong>\u00a0 Perch\u00e9 il guard rail del tornate sulla strada che porta a Campedel &#8211; Soccol non \u00e8 mai pi\u00f9 stato sistemato? Se lo chiedono gli abitanti di Taibon, da diversi mesi. Era novembre 2023 quando \u00e8 &#8220;scomparso&#8221;, gli stessi abitanti erano certi che in pochi giorni sarebbe stato sistemato e rimesso al suo posto per la sicurezza degli automobilisti, ma non \u00e8 successo. Forse prima delle prossime elezioni&#8230;o dopo se ci penseranno gli altri, sindaco o commissario prefettizio.<\/p>\n<p>&nbsp;<\/p>\n<p>___<\/p>\n","protected":false},"excerpt":{"rendered":"<p>*** REDAZIONE\u00a0 Perch\u00e9 il guard rail del tornate sulla strada che porta a Campedel &#8211; Soccol non \u00e8 mai pi\u00f9 stato sistemato? Se lo chiedono gli abitanti di Taibon, da diversi mesi. Era novembre 2023 quando \u00e8 &#8220;scomparso&#8221;, gli stessi abitanti erano certi che in pochi giorni sarebbe stato sistemato e rimesso al suo posto&hellip;<\/p>\n","protected":false},"author":4,"featured_media":377750,"comment_status":"closed","ping_status":"closed","sticky":false,"template":"","format":"standard","meta":{"_monsterinsights_skip_tracking":false,"_monsterinsights_sitenote_active":false,"_monsterinsights_sitenote_note":"","_monsterinsights_sitenote_category":0,"footnotes":""},"categories":[51,49],"tags":[],"class_list":["post-377749","post","type-post","status-publish","format-standard","has-post-thumbnail","hentry","category-evidenza-top","category-news-18","category-51","category-49","description-off"],"img_url":"https:\/\/www.radiopiu.net\/wordpress\/wp-content\/uploads\/2024\/03\/SIL.png","_links":{"self":[{"href":"https:\/\/www.radiopiu.net\/wordpress\/wp-json\/wp\/v2\/posts\/377749","targetHints":{"allow":["GET"]}}],"collection":[{"href":"https:\/\/www.radiopiu.net\/wordpress\/wp-json\/wp\/v2\/posts"}],"about":[{"href":"https:\/\/www.radiopiu.net\/wordpress\/wp-json\/wp\/v2\/types\/post"}],"author":[{"embeddable":true,"href":"https:\/\/www.radiopiu.net\/wordpress\/wp-json\/wp\/v2\/users\/4"}],"replies":[{"embeddable":true,"href":"https:\/\/www.radiopiu.net\/wordpress\/wp-json\/wp\/v2\/comments?post=377749"}],"version-history":[{"count":0,"href":"https:\/\/www.radiopiu.net\/wordpress\/wp-json\/wp\/v2\/posts\/377749\/revisions"}],"wp:featuredmedia":[{"embeddable":true,"href":"https:\/\/www.radiopiu.net\/wordpress\/wp-json\/wp\/v2\/media\/377750"}],"wp:attachment":[{"href":"https:\/\/www.radiopiu.net\/wordpress\/wp-json\/wp\/v2\/media?parent=377749"}],"wp:term":[{"taxonomy":"category","embeddable":true,"href":"https:\/\/www.radiopiu.net\/wordpress\/wp-json\/wp\/v2\/categories?post=377749"},{"taxonomy":"post_tag","embeddable":true,"href":"https:\/\/www.radiopiu.net\/wordpress\/wp-json\/wp\/v2\/tags?post=377749"}],"curies":[{"name":"wp","href":"https:\/\/api.w.org\/{rel}","templated":true}]}}