{"id":377842,"date":"2024-03-07T05:37:12","date_gmt":"2024-03-07T04:37:12","guid":{"rendered":"https:\/\/www.radiopiu.net\/wordpress\/?p=377842"},"modified":"2024-03-07T05:56:30","modified_gmt":"2024-03-07T04:56:30","slug":"in-attesa-del-disgelo-in-assenza-di-parcometro","status":"publish","type":"post","link":"https:\/\/www.radiopiu.net\/wordpress\/in-attesa-del-disgelo-in-assenza-di-parcometro\/","title":{"rendered":"IN ATTESA DEL DISGELO, IN ASSENZA DI PARCOMETRO"},"content":{"rendered":"<p>***<\/p>\n<p><em>&#8220;Quando il sole ritorner\u00e0 nel cielo<\/em><br \/>\n<em>nei boschi ci sar\u00e0 il disgelo.<\/em><br \/>\n<em>Tu mi sveglierai e fuori correremo<\/em><br \/>\n<em>a respirare il canto del disgelo&#8221;.<\/em><\/p>\n<p>Cos\u00ec cantava Francesco Guccini in attesa di quel disgelo che arriver\u00e0 anche al tornante sulla strada di Passo San Pellegrino dove dal 26 febbraio (dieci giorni fa) \u00e8 parcheggiata in modo fantasioso. Per ora nessuno ordine di sgombero e fortuna vuole che in quel parcheggio improvvisato il parcometro non &#8220;gira&#8221;<\/p>\n\n\t\t\t<style type='text\/css'>\n\t\t\t\t#gallery-1 {\n\t\t\t\t\tmargin: auto;\n\t\t\t\t}\n\t\t\t\t#gallery-1 .gallery-item {\n\t\t\t\t\tfloat: left;\n\t\t\t\t\tmargin-top: 10px;\n\t\t\t\t\ttext-align: center;\n\t\t\t\t\twidth: 33%;\n\t\t\t\t}\n\t\t\t\t#gallery-1 img {\n\t\t\t\t\tborder: 2px solid #cfcfcf;\n\t\t\t\t}\n\t\t\t\t#gallery-1 .gallery-caption {\n\t\t\t\t\tmargin-left: 0;\n\t\t\t\t}\n\t\t\t\t\/* see gallery_shortcode() in wp-includes\/media.php *\/\n\t\t\t<\/style>\n\t\t<div id='gallery-1' class='dt-gallery-container gallery galleryid-377842 gallery-columns-3 gallery-size-thumbnail'><dl class='gallery-item'>\n\t\t\t\t<dt class='gallery-icon portrait'>\n\t\t\t\t\t<a class=\"rollover rollover-zoom dt-pswp-item\" title=\"bf2ff14f-7990-4484-8089-b66e89271e82-225x300\" data-dt-img-description=\"\" data-large_image_width=\"225\" data-large_image_height=\"300\"href='https:\/\/www.radiopiu.net\/wordpress\/wp-content\/uploads\/2024\/03\/bf2ff14f-7990-4484-8089-b66e89271e82-225x300-1.jpg'><img loading=\"lazy\" decoding=\"async\" width=\"150\" height=\"150\" src=\"https:\/\/www.radiopiu.net\/wordpress\/wp-content\/uploads\/2024\/03\/bf2ff14f-7990-4484-8089-b66e89271e82-225x300-1-150x150.jpg\" class=\"attachment-thumbnail size-thumbnail\" alt=\"\" aria-describedby=\"gallery-1-377843\" \/><\/a>\n\t\t\t\t<\/dt>\n\t\t\t\t\t<dd class='wp-caption-text gallery-caption' id='gallery-1-377843'>\n\t\t\t\t\t26 febbraio\n\t\t\t\t\t<\/dd><\/dl><dl class='gallery-item'>\n\t\t\t\t<dt class='gallery-icon portrait'>\n\t\t\t\t\t<a class=\"rollover rollover-zoom dt-pswp-item\" title=\"02f2eabd-fdeb-4c47-b6f3-76b8716444fa\" data-dt-img-description=\"\" data-large_image_width=\"1536\" data-large_image_height=\"2048\"href='https:\/\/www.radiopiu.net\/wordpress\/wp-content\/uploads\/2024\/03\/02f2eabd-fdeb-4c47-b6f3-76b8716444fa.jpg'><img loading=\"lazy\" decoding=\"async\" width=\"150\" height=\"150\" src=\"https:\/\/www.radiopiu.net\/wordpress\/wp-content\/uploads\/2024\/03\/02f2eabd-fdeb-4c47-b6f3-76b8716444fa-150x150.jpg\" class=\"attachment-thumbnail size-thumbnail\" alt=\"\" aria-describedby=\"gallery-1-377846\" \/><\/a>\n\t\t\t\t<\/dt>\n\t\t\t\t\t<dd class='wp-caption-text gallery-caption' id='gallery-1-377846'>\n\t\t\t\t\t6 marzo\n\t\t\t\t\t<\/dd><\/dl><dl class='gallery-item'>\n\t\t\t\t<dt class='gallery-icon portrait'>\n\t\t\t\t\t<a class=\"rollover rollover-zoom dt-pswp-item\" title=\"2233387b-faa3-4783-810c-7f45e1305f17\" data-dt-img-description=\"\" data-large_image_width=\"1536\" data-large_image_height=\"2048\"href='https:\/\/www.radiopiu.net\/wordpress\/wp-content\/uploads\/2024\/03\/2233387b-faa3-4783-810c-7f45e1305f17.jpg'><img loading=\"lazy\" decoding=\"async\" width=\"150\" height=\"150\" src=\"https:\/\/www.radiopiu.net\/wordpress\/wp-content\/uploads\/2024\/03\/2233387b-faa3-4783-810c-7f45e1305f17-150x150.jpg\" class=\"attachment-thumbnail size-thumbnail\" alt=\"\" aria-describedby=\"gallery-1-377847\" \/><\/a>\n\t\t\t\t<\/dt>\n\t\t\t\t\t<dd class='wp-caption-text gallery-caption' id='gallery-1-377847'>\n\t\t\t\t\t6 marzo\n\t\t\t\t\t<\/dd><\/dl><br style=\"clear: both\" \/>\n\t\t\t<\/div>\n\n<p>&nbsp;<\/p>\n<p>&nbsp;<\/p>\n<p>__<\/p>\n","protected":false},"excerpt":{"rendered":"<p>*** &#8220;Quando il sole ritorner\u00e0 nel cielo nei boschi ci sar\u00e0 il disgelo. Tu mi sveglierai e fuori correremo a respirare il canto del disgelo&#8221;. Cos\u00ec cantava Francesco Guccini in attesa di quel disgelo che arriver\u00e0 anche al tornante sulla strada di Passo San Pellegrino dove dal 26 febbraio (dieci giorni fa) \u00e8 parcheggiata in&hellip;<\/p>\n","protected":false},"author":4,"featured_media":377847,"comment_status":"closed","ping_status":"closed","sticky":false,"template":"","format":"standard","meta":{"_monsterinsights_skip_tracking":false,"_monsterinsights_sitenote_active":false,"_monsterinsights_sitenote_note":"","_monsterinsights_sitenote_category":0,"footnotes":""},"categories":[51,49],"tags":[],"class_list":["post-377842","post","type-post","status-publish","format-standard","has-post-thumbnail","hentry","category-evidenza-top","category-news-18","category-51","category-49","description-off"],"img_url":"https:\/\/www.radiopiu.net\/wordpress\/wp-content\/uploads\/2024\/03\/2233387b-faa3-4783-810c-7f45e1305f17.jpg","_links":{"self":[{"href":"https:\/\/www.radiopiu.net\/wordpress\/wp-json\/wp\/v2\/posts\/377842","targetHints":{"allow":["GET"]}}],"collection":[{"href":"https:\/\/www.radiopiu.net\/wordpress\/wp-json\/wp\/v2\/posts"}],"about":[{"href":"https:\/\/www.radiopiu.net\/wordpress\/wp-json\/wp\/v2\/types\/post"}],"author":[{"embeddable":true,"href":"https:\/\/www.radiopiu.net\/wordpress\/wp-json\/wp\/v2\/users\/4"}],"replies":[{"embeddable":true,"href":"https:\/\/www.radiopiu.net\/wordpress\/wp-json\/wp\/v2\/comments?post=377842"}],"version-history":[{"count":0,"href":"https:\/\/www.radiopiu.net\/wordpress\/wp-json\/wp\/v2\/posts\/377842\/revisions"}],"wp:featuredmedia":[{"embeddable":true,"href":"https:\/\/www.radiopiu.net\/wordpress\/wp-json\/wp\/v2\/media\/377847"}],"wp:attachment":[{"href":"https:\/\/www.radiopiu.net\/wordpress\/wp-json\/wp\/v2\/media?parent=377842"}],"wp:term":[{"taxonomy":"category","embeddable":true,"href":"https:\/\/www.radiopiu.net\/wordpress\/wp-json\/wp\/v2\/categories?post=377842"},{"taxonomy":"post_tag","embeddable":true,"href":"https:\/\/www.radiopiu.net\/wordpress\/wp-json\/wp\/v2\/tags?post=377842"}],"curies":[{"name":"wp","href":"https:\/\/api.w.org\/{rel}","templated":true}]}}