{"id":377845,"date":"2024-03-08T05:56:33","date_gmt":"2024-03-08T04:56:33","guid":{"rendered":"https:\/\/www.radiopiu.net\/wordpress\/?p=377845"},"modified":"2024-03-08T09:50:14","modified_gmt":"2024-03-08T08:50:14","slug":"giornale-radiopiu-08-marzo-2024-direttore-mirko-mezzacasada-40-anni-25-giugno-1983-25-giugno-2023","status":"publish","type":"post","link":"https:\/\/www.radiopiu.net\/wordpress\/giornale-radiopiu-08-marzo-2024-direttore-mirko-mezzacasada-40-anni-25-giugno-1983-25-giugno-2023\/","title":{"rendered":"GIORNALE RADIOPIU 08 MARZO 2024 DIRETTORE MIRKO MEZZACASA\u2026DA 40 ANNI 25 GIUGNO 1983-25 GIUGNO 2023"},"content":{"rendered":"<p>******<\/p>\n<h3><a href=\"https:\/\/www.radiopiu.net\/wordpress\/giornale-radiopiu-24-gennaio-2021-direttore-mirko-mezzacasa\/141433770_171616291414874_2957460898102012198_n\/\" rel=\"attachment wp-att-186566\"><img loading=\"lazy\" decoding=\"async\" class=\"wp-image-186566 alignleft\" src=\"https:\/\/www.radiopiu.net\/wordpress\/wp-content\/uploads\/2021\/01\/141433770_171616291414874_2957460898102012198_n-300x300.jpg\" alt=\"\" width=\"144\" height=\"144\" srcset=\"https:\/\/www.radiopiu.net\/wordpress\/wp-content\/uploads\/2021\/01\/141433770_171616291414874_2957460898102012198_n-300x300.jpg 300w, https:\/\/www.radiopiu.net\/wordpress\/wp-content\/uploads\/2021\/01\/141433770_171616291414874_2957460898102012198_n-150x150.jpg 150w, https:\/\/www.radiopiu.net\/wordpress\/wp-content\/uploads\/2021\/01\/141433770_171616291414874_2957460898102012198_n-768x768.jpg 768w, https:\/\/www.radiopiu.net\/wordpress\/wp-content\/uploads\/2021\/01\/141433770_171616291414874_2957460898102012198_n.jpg 800w\" sizes=\"auto, (max-width: 144px) 100vw, 144px\" \/><\/a>PER<strong> RICEVERE QUESTO NOTIZIARIO DIRETTAMENTE SUL TUO CELLULARE ISCRIVITI AL CANALE TELEGRAM <\/strong><strong>\u201cRADIO PIU\u00a0 INFORMAZIONE&#8221;\u00a0<\/strong><\/h3>\n<h3>\u00a0il CANALE TELEGRAM&#8230; UNISCITI A: RADIO PIU INFORMAZIONE<\/h3>\n<p>&nbsp;<\/p>\n<p>&nbsp;<\/p>\n<p><em><a href=\"https:\/\/www.radiopiu.net\/wordpress\/giornale-radiopiu-24-gennaio-2021-direttore-mirko-mezzacasa\/79216601_126817312416448_708980208774483089_n\/\" rel=\"attachment wp-att-186567\"><img loading=\"lazy\" decoding=\"async\" class=\"size-medium wp-image-186567 alignright\" src=\"https:\/\/www.radiopiu.net\/wordpress\/wp-content\/uploads\/2021\/01\/79216601_126817312416448_708980208774483089_n-300x114.jpg\" alt=\"\" width=\"300\" height=\"114\" srcset=\"https:\/\/www.radiopiu.net\/wordpress\/wp-content\/uploads\/2021\/01\/79216601_126817312416448_708980208774483089_n-300x114.jpg 300w, https:\/\/www.radiopiu.net\/wordpress\/wp-content\/uploads\/2021\/01\/79216601_126817312416448_708980208774483089_n-768x292.jpg 768w, https:\/\/www.radiopiu.net\/wordpress\/wp-content\/uploads\/2021\/01\/79216601_126817312416448_708980208774483089_n.jpg 820w\" sizes=\"auto, (max-width: 300px) 100vw, 300px\" \/><\/a><span style=\"color: #ff0000;\">ATTENZIONE: LA NUOVA APP PER IOS-IPHONE di Nicola Vettorello <\/span><\/em><a href=\"https:\/\/apps.apple.com\/it\/app\/radio-pi%C3%B9-emittente-agordina\/id1515939845\">https:\/\/apps.apple.com\/it\/app\/radio-pi%C3%B9-emittente-agordina\/id1515939845<\/a><\/p>\n<p><em style=\"color: #ff0000;\">ATTENZIONE: LA NUOVA APP RADIO\u00a0 PER ANDROID di Nicola Vettorello<\/em><\/p>\n<p><a href=\"https:\/\/play.google.com\/store\/apps\/details?id=net.radiopiu.iniko\" target=\"_blank\" rel=\"noopener noreferrer\">https:\/\/play.google.com\/store\/apps\/details?id=net.radiopiu.iniko\u00a0\u00a0<\/a><\/p>\n<p>&nbsp;<\/p>\n<h3 class=\"kvgmc6g5 cxmmr5t8 oygrvhab hcukyx3x c1et5uql\"><span style=\"color: #0000ff;\">***<\/span><\/h3>\n<p>&nbsp;<\/p>\n<p><a class=\"dt-pswp-item\" href=\"https:\/\/www.radiopiu.net\/wordpress\/wp-content\/uploads\/2023\/03\/ea5bfe77-1a9e-496b-8c07-8d1164a69597-300x225-1.jpg\" data-dt-img-description=\"\" data-large_image_width=\"300\" data-large_image_height=\"225\"><img loading=\"lazy\" decoding=\"async\" class=\"size-full wp-image-325408 aligncenter\" src=\"https:\/\/www.radiopiu.net\/wordpress\/wp-content\/uploads\/2023\/03\/ea5bfe77-1a9e-496b-8c07-8d1164a69597-300x225-1.jpg\" alt=\"\" width=\"300\" height=\"225\" \/><\/a><\/p>\n<p>&nbsp;<\/p>\n<h2><span style=\"color: #ff0000;\">ISCRIVITI AL NOSTRO CANALE\u00a0\u00a0YOUTUBE PER SEGUIRE IN DIRETTA I PRINCIPALI PROGRAMMI DI RADIO PIU\u2019 E LE FUTURE DIRETTE IN ESTERNA. PER ISCRIVERTI <a style=\"color: #ff0000;\" href=\"https:\/\/youtube.com\/@radiopiu1527\">CLICCA QUI\u00a0<\/a>E PREMI\u00a0 \u201cIscriviti\u201d\u00a0 \u00a0<\/span><\/h2>\n<div data-block=\"true\" data-editor=\"avj4u\" data-offset-key=\"d3i0j-0-0\"><\/div>\n<div data-block=\"true\" data-editor=\"avj4u\" data-offset-key=\"d3i0j-0-0\"><\/div>\n<div data-block=\"true\" data-editor=\"avj4u\" data-offset-key=\"d3i0j-0-0\"><img loading=\"lazy\" decoding=\"async\" class=\"alignleft\" src=\"https:\/\/www.radiopiu.net\/wordpress\/wp-content\/uploads\/2022\/05\/download-2.jpg\" width=\"74\" height=\"74\" \/>SAN TOMASO AGORDINO nelle localit\u00e0 PIANEZZE, VALLATA, VAL, MEZZAVALLE, COSTA DI MEZZO E PIAN MOLIN l\u2019acqua erogata dall\u2019acquedotto non \u00e8 potabile e non pu\u00f2 essere usata per scopi alimentari. Verr\u00e0 effettuato servizio sostitutivo con cisterna in localit\u00e0 PIAN MOLIN presso Ecocentro.<\/div>\n<div data-block=\"true\" data-editor=\"avj4u\" data-offset-key=\"d3i0j-0-0\"><\/div>\n<div data-block=\"true\" data-editor=\"avj4u\" data-offset-key=\"d3i0j-0-0\"><\/div>\n<div class=\"x11i5rnm xat24cr x1mh8g0r x1vvkbs xtlvy1s x126k92a\">\n<div dir=\"auto\">\n<p><a class=\"dt-pswp-item\" href=\"https:\/\/www.radiopiu.net\/wordpress\/wp-content\/uploads\/2023\/10\/34f4cfc6-e863-46e9-9695-8df44be63421.jpg\" data-dt-img-description=\"\" data-large_image_width=\"1200\" data-large_image_height=\"1200\"><img loading=\"lazy\" decoding=\"async\" class=\"wp-image-357393 alignleft\" src=\"https:\/\/www.radiopiu.net\/wordpress\/wp-content\/uploads\/2023\/10\/34f4cfc6-e863-46e9-9695-8df44be63421-300x300.jpg\" alt=\"\" width=\"81\" height=\"81\" srcset=\"https:\/\/www.radiopiu.net\/wordpress\/wp-content\/uploads\/2023\/10\/34f4cfc6-e863-46e9-9695-8df44be63421-300x300.jpg 300w, https:\/\/www.radiopiu.net\/wordpress\/wp-content\/uploads\/2023\/10\/34f4cfc6-e863-46e9-9695-8df44be63421-1024x1024.jpg 1024w, https:\/\/www.radiopiu.net\/wordpress\/wp-content\/uploads\/2023\/10\/34f4cfc6-e863-46e9-9695-8df44be63421-150x150.jpg 150w, https:\/\/www.radiopiu.net\/wordpress\/wp-content\/uploads\/2023\/10\/34f4cfc6-e863-46e9-9695-8df44be63421-768x768.jpg 768w, https:\/\/www.radiopiu.net\/wordpress\/wp-content\/uploads\/2023\/10\/34f4cfc6-e863-46e9-9695-8df44be63421.jpg 1200w\" sizes=\"auto, (max-width: 81px) 100vw, 81px\" \/><\/a>OGGI ALLA RADIO: <strong>ALLE 7<\/strong> LA RASSEGNA STAMPA LOCALE FLASH, PER CHI COME NOI ALLE SETTE DEL MATTINO VA DI FRETTA, TANTE NOTIZIE IN POCHE CHIACCHIERE. <strong>ALLE OTTO<\/strong> L&#8217;APPROFONDIMENTO NELLA STORICA RASSEGNA STAMPA LOCALE.\u00a0 DALLE 6 ALLE 21, OGNI ORA, L&#8217;INFORMAZIONE NAZIONALE, l&#8217;informazione locale,\u00a0 OGNI ORA IN CODA AL GR NAZIONALE, ALLE 14 VIABILITA 15 METEOROLOGIA 19 I TITOLI DAL TG DI ANTENNA 3 A CURA DI TIZIANA BOLOGNANI<\/p>\n<p>&nbsp;<\/p>\n<p>&nbsp;<\/p>\n<div dir=\"auto\"><\/div>\n<p><strong><a class=\"dt-pswp-item\" href=\"https:\/\/www.radiopiu.net\/wordpress\/wp-content\/uploads\/2024\/02\/2d44e751-d8a8-461b-8e22-d8e4e853b032.jpg\" data-dt-img-description=\"\" data-large_image_width=\"1600\" data-large_image_height=\"1200\"><img loading=\"lazy\" decoding=\"async\" class=\"wp-image-373307 alignleft\" src=\"https:\/\/www.radiopiu.net\/wordpress\/wp-content\/uploads\/2024\/02\/2d44e751-d8a8-461b-8e22-d8e4e853b032-300x225.jpg\" alt=\"\" width=\"105\" height=\"79\" srcset=\"https:\/\/www.radiopiu.net\/wordpress\/wp-content\/uploads\/2024\/02\/2d44e751-d8a8-461b-8e22-d8e4e853b032-300x225.jpg 300w, https:\/\/www.radiopiu.net\/wordpress\/wp-content\/uploads\/2024\/02\/2d44e751-d8a8-461b-8e22-d8e4e853b032-1024x768.jpg 1024w, https:\/\/www.radiopiu.net\/wordpress\/wp-content\/uploads\/2024\/02\/2d44e751-d8a8-461b-8e22-d8e4e853b032-768x576.jpg 768w, https:\/\/www.radiopiu.net\/wordpress\/wp-content\/uploads\/2024\/02\/2d44e751-d8a8-461b-8e22-d8e4e853b032-1536x1152.jpg 1536w, https:\/\/www.radiopiu.net\/wordpress\/wp-content\/uploads\/2024\/02\/2d44e751-d8a8-461b-8e22-d8e4e853b032.jpg 1600w\" sizes=\"auto, (max-width: 105px) 100vw, 105px\" \/><\/a>EL BAL DEL FIOR, DI GIULIANA DA RONCH, 08 MARZO 2024<\/strong><\/p>\n<\/div>\n<\/div>\n<p>&nbsp;<\/p>\n<audio class=\"wp-audio-shortcode\" id=\"audio-377845-1\" preload=\"none\" style=\"width: 100%;\" controls=\"controls\"><source type=\"audio\/mpeg\" src=\"https:\/\/www.radiopiu.net\/wordpress\/wp-content\/uploads\/2024\/03\/GVE.m4a?_=1\" \/><a href=\"https:\/\/www.radiopiu.net\/wordpress\/wp-content\/uploads\/2024\/03\/GVE.m4a\">https:\/\/www.radiopiu.net\/wordpress\/wp-content\/uploads\/2024\/03\/GVE.m4a<\/a><\/audio>\n<p>&nbsp;<\/p>\n<div class=\"x11i5rnm xat24cr x1mh8g0r x1vvkbs xtlvy1s x126k92a\">\n<div dir=\"auto\">\n<hr \/>\n<hr \/>\n<hr \/>\n<hr \/>\n<p>&nbsp;<\/p>\n<p><span style=\"color: #ff0000;\"><strong>OGGI ALLA RADIO<\/strong><\/span>: <strong>ALLE 7.20<\/strong> EL BAR DEL FIOR, DETTI E TRADIZIONI DI GIULIANA DA RONCH ALLE 8.30 PIU&#8217; SIAMO CON MARINA DONA&#8217;\u00a0 <strong>ALLE 9.00<\/strong>\u00a0 PREMIERE LE NOVITA&#8217; DI MARCO GAZ,\u00a0 il nuovo singolo di VASCO ROSSI OTTANTA CON MONICA FONTANIVE\u00a0 <strong>ALLE 10.10\u00a0 <\/strong>\u00a0MUSLA LE NOVE IN LADIN CON BEATRICE COLCUC \u00a0<strong>ALLE 10.30<\/strong>\u00a0 120-80 LE INTERVISTE AL POLIAMBULATORIO AGORDINO,\u00a0 CON IL DOTTOR ROBERTO AGNOLET, FISIOTERAPISTA <strong>\u00a0<\/strong>\u00a0<strong>ALLE 14.00<\/strong>\u00a0 GOLDEN CLASSIC CON MARCO EDELVAIS, LA MUSICA SETTANTA OTTANTA\u00a0 <strong>ALLE 15 VENERDI ALLE TRE, MARINA C&#8217;E&#8217;\u00a0<\/strong> IL NUOVO PROGRAMMA PER IL FINE SETTIMANA DI MARINA DONA&#8217;<\/p>\n<p>&nbsp;<\/p>\n<p>&nbsp;<\/p>\n<hr \/>\n<\/div>\n<\/div>\n<blockquote>\n<blockquote>\n<h1><span style=\"color: #ff0000;\">\u00a0<\/span><\/h1>\n<h1><span style=\"color: #ff0000;\">I podcast informativi del mattino &#8211; audio &#8211;\u00a0<\/span><\/h1>\n<\/blockquote>\n<p><strong><a class=\"dt-pswp-item\" href=\"https:\/\/www.radiopiu.net\/wordpress\/wp-content\/uploads\/2023\/11\/th-10.jpg\" data-dt-img-description=\"\" data-large_image_width=\"320\" data-large_image_height=\"180\"><img loading=\"lazy\" decoding=\"async\" class=\"wp-image-362866 alignleft\" src=\"https:\/\/www.radiopiu.net\/wordpress\/wp-content\/uploads\/2023\/11\/th-10-300x169.jpg\" alt=\"\" width=\"185\" height=\"104\" srcset=\"https:\/\/www.radiopiu.net\/wordpress\/wp-content\/uploads\/2023\/11\/th-10-300x169.jpg 300w, https:\/\/www.radiopiu.net\/wordpress\/wp-content\/uploads\/2023\/11\/th-10.jpg 320w\" sizes=\"auto, (max-width: 185px) 100vw, 185px\" \/><\/a>LA RASSEGNA STAMPA NAZIONALE ALLA RADIO, OGNI GIORNO ALLE 5 E ALLE 6 DEL MATTINO <span style=\"color: #0000ff;\">viene pubblicata alle 6.00 <span style=\"color: #ff0000;\">DIRETTA RADIO\u00a0\u00a0<\/span><\/span><\/strong><\/p>\n<p>&nbsp;<\/p><\/blockquote>\n<p>&nbsp;<\/p>\n<p><strong>DI STEFANO FAMA&#8217;<\/strong><\/p>\n<p><strong>Politica<\/strong> Il caso dosseraggio, numeri inquietanti.\u00a0 <strong>Economia<\/strong> La Bce taglia la crescita della Ue. <strong>Svezia<\/strong> entra a far parte della Nato, l&#8217;<strong>Italia<\/strong> aderisce alla proposta di un corridoio marittimo per <strong>Gaza<\/strong>.\u00a0 Otto anni per aver torturato un minorenne in carcere.<strong> Belluno<\/strong> droga per i vip a Cortina, il blitz a Roma dei Carabinieri\u00a0<strong> Brescia<\/strong> furto d&#8217;arte da 1 milione di euro <strong>Sport<\/strong> ciclismo, laTirreno Adriatico<\/p>\n<h2>AUDIO dalle 7 del mattino<\/h2>\n<audio class=\"wp-audio-shortcode\" id=\"audio-377845-2\" preload=\"none\" style=\"width: 100%;\" controls=\"controls\"><source type=\"audio\/mpeg\" src=\"https:\/\/www.radiopiu.net\/wordpress\/wp-content\/uploads\/2024\/03\/GIORNALEDELLESEI-6.mp3?_=2\" \/><a href=\"https:\/\/www.radiopiu.net\/wordpress\/wp-content\/uploads\/2024\/03\/GIORNALEDELLESEI-6.mp3\">https:\/\/www.radiopiu.net\/wordpress\/wp-content\/uploads\/2024\/03\/GIORNALEDELLESEI-6.mp3<\/a><\/audio>\n<p>&nbsp;<\/p>\n<p>&nbsp;<\/p>\n<hr \/>\n<p>&nbsp;<\/p>\n<h1 style=\"text-align: center;\"><span style=\"color: #ff0000;\">I podcast informativi del mattino &#8211; audio &#8211;\u00a0<\/span><\/h1>\n<p><strong><a class=\"dt-pswp-item\" href=\"https:\/\/www.radiopiu.net\/wordpress\/wp-content\/uploads\/2023\/12\/images.png\" data-dt-img-description=\"\" data-large_image_width=\"316\" data-large_image_height=\"160\"><img loading=\"lazy\" decoding=\"async\" class=\"wp-image-367008 alignleft\" src=\"https:\/\/www.radiopiu.net\/wordpress\/wp-content\/uploads\/2023\/12\/images-300x152.png\" alt=\"\" width=\"235\" height=\"119\" srcset=\"https:\/\/www.radiopiu.net\/wordpress\/wp-content\/uploads\/2023\/12\/images-300x152.png 300w, https:\/\/www.radiopiu.net\/wordpress\/wp-content\/uploads\/2023\/12\/images.png 316w\" sizes=\"auto, (max-width: 235px) 100vw, 235px\" \/><\/a>OGNI GIORNO ALLE SETTE DEL MATTINO, LA RASSEGNA STAMPA LOCALE FLASH&#8230; PER CHI VA IN FRETTA. I TITOLI DAI GIORNALI E DAL SITO WWW.RADIOPIU.NET <span style=\"color: #0000ff;\">viene pubblicato alle 7.00<\/span> <span style=\"color: #ff0000;\">DIRETTA RADIO\u00a0<\/span><\/strong><\/p>\n<p><em><span style=\"color: #ff0000;\">per chi va in fretta&#8230; tante notizie in pochi minuti. L&#8217;informazione locale alla radio, ogni ora dalle 7 del mattino alle 19 della sera.\u00a0 \u00a0\u00a0<\/span><\/em><\/p>\n<p>di mirko mezzacasa<\/p>\n<p><strong>QUERO<\/strong> a comunit\u00e0 di Quero \u00e8 preoccupata per la scomparsa di Paola Collavo, residente locale. La donna \u00e8 sparita mercoled\u00ec pomeriggio, e la sua Fiat Panda blu \u00e8 stata avvistata vicino al Monte Grappa, ma da allora non ci sono pi\u00f9 notizie. La famiglia ha lanciato un appello sui social per trovarla, e i carabinieri hanno iniziato le ricerche.<br \/>\n<strong>PONTE NELLE ALPI<\/strong> La tranquilla serata di ieri \u00e8 stata interrotta da un evento, intorno alle 23, un incendio\u00a0 ha divorato un capannone e un&#8217;ex fabbrica d&#8217;acqua minerale presso l&#8217;area che oggi ospita l&#8217;ingrosso carni Boito e una ditta di surgelati. Fortunatamente, al momento dell&#8217;incendio non erano presenti persone all&#8217;interno delle strutture, evitando cos\u00ec il rischio di feriti o vittime.<br \/>\n<strong>E&#8217; MORTO DON LORENZO DELL&#8217;ANDREA<\/strong> DI SELVA DI CADORE Aveva 93 anni e quasi 70 di sacerdozio Resta il ricordo di un prete pienamente inserito nel mondo delle comunicazioni, per le quali seppe intuire e anticipare le novit\u00e0 emergenti<br \/>\n<strong>SMANTELLATA LA PIAZZA DI SPACCIO DI CORTINA D\u2019AMPEZZO \u00a0<\/strong> I Carabinieri della Compagnia di Cortina d\u2019Ampezzo, sotto la guida della Procura della Repubblica di Belluno, hanno eseguito un&#8217;operazione di polizia a Roma, arrestando un individuo del 1989 e altri 8 sospettati provenienti da diverse regioni, accusati di organizzare un sistema di spaccio di droga a Cortina d\u2019Ampezzo dal 2021<br \/>\n<strong>AGORDINO<\/strong> Fanatismo religioso e atti persecutori: Storia di una relazione tormentata<br \/>\nUna coppia, trasferitasi nell&#8217;Agordino con due figli, si trova al centro di un dramma di fanatismo religioso e atti persecutori. La donna denuncia che il marito l&#8217;ha tormentata con ossessioni religiose, accusandola di essere &#8220;figlia di Satana&#8221; e cercando di imporre decisioni unilaterali sulla gestione dei figli<\/p>\n<h2>AUDIO dalle 7 del mattino<\/h2>\n<audio class=\"wp-audio-shortcode\" id=\"audio-377845-3\" preload=\"none\" style=\"width: 100%;\" controls=\"controls\"><source type=\"audio\/mpeg\" src=\"https:\/\/www.radiopiu.net\/wordpress\/wp-content\/uploads\/2024\/03\/GF07-6.mp3?_=3\" \/><a href=\"https:\/\/www.radiopiu.net\/wordpress\/wp-content\/uploads\/2024\/03\/GF07-6.mp3\">https:\/\/www.radiopiu.net\/wordpress\/wp-content\/uploads\/2024\/03\/GF07-6.mp3<\/a><\/audio>\n<p>&nbsp;<\/p>\n<p>&nbsp;<\/p>\n<p>&nbsp;<\/p>\n<hr \/>\n<p>&nbsp;<\/p>\n<h1><\/h1>\n<h1 style=\"text-align: center;\"><span style=\"color: #ff0000;\"><a class=\"dt-pswp-item\" href=\"https:\/\/www.radiopiu.net\/wordpress\/wp-content\/uploads\/2022\/01\/026c3f9d-dae9-4040-a3c1-a6530231bcc3.jpg\" data-dt-img-description=\"\" data-large_image_width=\"1152\" data-large_image_height=\"2048\"><img loading=\"lazy\" decoding=\"async\" class=\"wp-image-251839 alignleft\" src=\"https:\/\/www.radiopiu.net\/wordpress\/wp-content\/uploads\/2022\/01\/026c3f9d-dae9-4040-a3c1-a6530231bcc3-169x300.jpg\" alt=\"\" width=\"100\" height=\"177\" srcset=\"https:\/\/www.radiopiu.net\/wordpress\/wp-content\/uploads\/2022\/01\/026c3f9d-dae9-4040-a3c1-a6530231bcc3-169x300.jpg 169w, https:\/\/www.radiopiu.net\/wordpress\/wp-content\/uploads\/2022\/01\/026c3f9d-dae9-4040-a3c1-a6530231bcc3-576x1024.jpg 576w, https:\/\/www.radiopiu.net\/wordpress\/wp-content\/uploads\/2022\/01\/026c3f9d-dae9-4040-a3c1-a6530231bcc3-768x1365.jpg 768w, https:\/\/www.radiopiu.net\/wordpress\/wp-content\/uploads\/2022\/01\/026c3f9d-dae9-4040-a3c1-a6530231bcc3-864x1536.jpg 864w, https:\/\/www.radiopiu.net\/wordpress\/wp-content\/uploads\/2022\/01\/026c3f9d-dae9-4040-a3c1-a6530231bcc3.jpg 1152w\" sizes=\"auto, (max-width: 100px) 100vw, 100px\" \/><\/a>I podcast informativi del mattino &#8211; audio &#8211;\u00a0<\/span><\/h1>\n<blockquote><p><strong>GIORNALE RADIO NAZIONALE, EDIZIONE DELLE SETTE <span style=\"color: #0000ff;\">viene pubblicato alle 7.05 <span style=\"color: #ff0000;\">DIRETTA RADIO\u00a0<\/span><\/span><\/strong><\/p><\/blockquote>\n<p><strong>il giornale radionazionale e&#8217; in onda ogni ora, dalle sette del mattino alle venti della sera\u00a0\u00a0<\/strong><\/p>\n<p>&nbsp;<\/p>\n<p>&nbsp;<\/p>\n<p><strong>Guerra in Medioriente<\/strong>, 154 giorni, chiesta la tregua e il rilascio degli ostaggi, nessun accordo raggiunto con gli USA. <strong>Ucraina<\/strong> 744 giorni di guerra, attacco ad Odessa. <strong>Putin<\/strong> vuole annettere l&#8217;Ucraina. <strong>Eredit\u00e0 famiglia Agnelli<\/strong>, contestata la truffa di Stato. <strong>Oggi sciopero<\/strong>, mobilitazione nel giorno della festa della donna, dalla mezzanotte disagi anche in treno, scioperano anche i Vigili del Fuoco. <strong>Ex\u00a0 centrale nucleare<\/strong> a Montalto di Castro, da smantellare, la sentenza del Tar del Lazio,<strong> l&#8217;Enel<\/strong> ricorrer\u00e0 al consiglio di Stato.<\/p>\n<h2>AUDIO dalle sette del mattino, ogni ora alla radio<\/h2>\n<audio class=\"wp-audio-shortcode\" id=\"audio-377845-4\" preload=\"none\" style=\"width: 100%;\" controls=\"controls\"><source type=\"audio\/mpeg\" src=\"https:\/\/www.radiopiu.net\/wordpress\/wp-content\/uploads\/2024\/03\/giornale07-6.mp3?_=4\" \/><a href=\"https:\/\/www.radiopiu.net\/wordpress\/wp-content\/uploads\/2024\/03\/giornale07-6.mp3\">https:\/\/www.radiopiu.net\/wordpress\/wp-content\/uploads\/2024\/03\/giornale07-6.mp3<\/a><\/audio>\n<p>&nbsp;<\/p>\n<h2><\/h2>\n<hr \/>\n<p>&nbsp;<\/p>\n<p>&nbsp;<\/p>\n<h1><span style=\"color: #ff0000;\">I podcast informativi del mattino &#8211; video &#8211;\u00a0<\/span><\/h1>\n<h2><strong><a class=\"dt-pswp-item\" href=\"https:\/\/www.radiopiu.net\/wordpress\/wp-content\/uploads\/2023\/12\/th-10.jpg\" data-dt-img-description=\"\" data-large_image_width=\"245\" data-large_image_height=\"180\"><img loading=\"lazy\" decoding=\"async\" class=\" wp-image-367395 alignleft\" src=\"https:\/\/www.radiopiu.net\/wordpress\/wp-content\/uploads\/2023\/12\/th-10.jpg\" alt=\"\" width=\"166\" height=\"122\" \/><\/a>RASSEGNA STAMPA LOCALE, ORE OTTO 05<\/strong><\/h2>\n<h2><strong> <span style=\"color: #0000ff;\">viene\u00a0 <\/span><\/strong><strong><span style=\"color: #0000ff;\">pubblicata alle 8.05 <span style=\"color: #ff0000;\">DIRETTA RADIO\u00a0\u00a0<\/span><\/span><\/strong><\/h2>\n<p>&nbsp;<\/p>\n<p><strong>DI MIRKO MEZZACASA\u00a0 \u00a0<\/strong><\/p>\n<p><strong>LIMANA<\/strong> Gli amici e conoscenti di Fabio Viel, soprannominato il &#8220;Toro&#8221;, si riuniranno domenica alle 16.30 nell&#8217;area polifunzionale delle scuole elementari di Limana per commemorare il suo ricordo. Non ci saranno cerimonie funebri, ma verranno condivisi ricordi dell&#8217;amico e rilasciati palloncini rossoneri in onore della sua squadra del cuore, il Milan.<br \/>\n<strong>DOLOMITIBUS:<\/strong> GRONES CHIAMA PADRIN &#8220;IRRITAZIONE E MALCONENTO&#8221; Il silenzio degli innocenti REDAZIONE Tanto tuon\u00f2&#8230;che piovve. Era ora per la verit\u00e0 che qualche amministratore dell&#8217;Agordino alzasse la voce con Dolomitibus, con la Provincia (socio) con chi dovrebbe a sua volta alzare la voce ma non lo fa anche perch\u00e9 sono giorni importanti, ci sono le elezioni, il rinnovo dei vertici in Provincia.<br \/>\n<strong>ESSILORLUXOTTICA<\/strong> E DOLCE &amp; GABBANA RINNOVANO L&#8217;ACCORDO DI LICENZA PER I PROSSIMI 16 ANNI<br \/>\n<strong>MORENO DE VAL<\/strong> NON VUOLE RICANDIDARSI A SINDACO DI SAN TOMASO<br \/>\n<strong>BELLUNO<\/strong> Nel 2023, il Soccorso Alpino e Speleologico Veneto ha registrato 1219 persone soccorse in 1095 interventi. Nonostante una lieve diminuzione rispetto al 2022, l&#8217;incremento \u00e8 dovuto all&#8217;aumento dei frequentatori di montagna, ma anche all&#8217;incapacit\u00e0 e alla superficialit\u00e0 di coloro che affrontano l&#8217;ambiente senza preparazione.<br \/>\nVento in alta quota: rischi ed effetti su neve e ghiaccio<br \/>\n<strong>LONGARONE<\/strong> MARCOLIN OTTIENE LA CERTIFICAZIONE SULLA PARITA&#8217; DI GENERE<br \/>\nDIFFICOLTA\u2019 RICEZIONE SEGNALE RAI<strong>. ZAIA<\/strong>, \u201cIN VENETO NECESSARIA SOLUZIONE DEFINITIVA.<\/p>\n<h2><strong>VIDEO\u00a0 \u00a0in diretta dalle 8 del mattino\u00a0\u00a0<\/strong><\/h2>\n<p>&nbsp;<\/p>\n<p><iframe loading=\"lazy\" title=\"DAL 1983 LA RASSEGNA STAMPA LOCALE di mirko mezzacasa. L&#039;ORIGINALE\" width=\"1200\" height=\"675\" src=\"https:\/\/www.youtube.com\/embed\/8gkuJncY0WM?feature=oembed\" frameborder=\"0\" allow=\"accelerometer; autoplay; clipboard-write; encrypted-media; gyroscope; picture-in-picture; web-share\" allowfullscreen><\/iframe><\/p>\n<p>&nbsp;<\/p>\n<hr \/>\n<p>&nbsp;<\/p>\n<blockquote>\n<h2>QUERO IN ANSIA PER PAOLA, MANCA DALLO SCORSO MERCOLEDI<\/h2>\n<\/blockquote>\n<p><strong><img loading=\"lazy\" decoding=\"async\" class=\"alignleft\" src=\"https:\/\/www.radiopiu.net\/wordpress\/wp-content\/uploads\/2024\/03\/Senza-nome-34.png\" width=\"243\" height=\"139\" \/>QUERO<\/strong> a comunit\u00e0 di Quero \u00e8 preoccupata per la scomparsa di Paola Collavo, residente locale. La donna \u00e8 sparita mercoled\u00ec pomeriggio, e la sua Fiat Panda blu \u00e8 stata avvistata vicino al Monte Grappa, ma da allora non ci sono pi\u00f9 notizie. La famiglia ha lanciato un appello sui social per trovarla, e i carabinieri hanno iniziato le ricerche. La zia di Paola, Fulvia Collavo, ha descritto il momento della scomparsa e ha evidenziato i problemi di salute della nipote. Paola \u00e8 una collaboratrice scolastica a Quero e di solito non si allontana cos\u00ec a lungo senza avvisare. Le ricerche si concentrano ora nella zona del Monte Grappa, e si spera che l&#8217;uso delle telecamere possa aiutare. Il padre, Luigi Collavo, \u00e8 preoccupato e spera che la situazione si risolva positivamente.<\/p>\n<p>FOTO CORRIERE ALPI<\/p>\n<p>&nbsp;<\/p>\n<p>&nbsp;<\/p>\n<hr \/>\n<p>&nbsp;<\/p>\n<p>&nbsp;<\/p>\n<blockquote>\n<h2>ultim&#8217;ora NELLA NOTTE BRUCIA LA EX VENA D&#8217;ORO<\/h2>\n<\/blockquote>\n<p><strong><img loading=\"lazy\" decoding=\"async\" class=\"alignleft\" src=\"https:\/\/www.radiopiu.net\/wordpress\/wp-content\/uploads\/2024\/03\/Senza-nome-35.png\" width=\"189\" height=\"154\" \/><\/strong><b>BELLUNO <\/b>La tranquilla serata di ieri \u00e8 stata interrotta da un evento, intorno alle 23, un incendio\u00a0 ha divorato un capannone e un&#8217;ex fabbrica d&#8217;acqua minerale presso l&#8217;area che oggi ospita l&#8217;ingrosso carni Boito e una ditta di surgelati. Fortunatamente, al momento dell&#8217;incendio non erano presenti persone all&#8217;interno delle strutture, evitando cos\u00ec il rischio di feriti o vittime. Le fiamme hanno avvolto rapidamente il capannone e l&#8217;ex fabbrica, trasformando la notte in un inferno di fuoco e fumo. Sul posto sono immediatamente intervenuti i vigili del fuoco, che hanno lavorato instancabilmente per circoscrivere l&#8217;incendio e impedirne la propagazione ad altre strutture circostanti. Le cause dell&#8217;incendio non sono ancora state determinate e sono oggetto di indagine da parte delle autorit\u00e0 competenti. Tuttavia, la rapida diffusione delle fiamme ha suscitato preoccupazione tra i residenti e gli operatori delle attivit\u00e0 circostanti. L&#8217;ex fabbrica d&#8217;acqua minerale &#8220;La Vena d&#8217;Oro&#8221; rappresentava un punto di riferimento nella zona prima di essere riconvertita per ospitare altre attivit\u00e0 commerciali. L&#8217;incendio ha causato ingenti danni materiali.<\/p>\n<p>&nbsp;<\/p>\n<hr \/>\n<blockquote>\n<h2><\/h2>\n<h2>E&#8217; MORTO DON LORENZO DELL&#8217;ANDREA DI SELVA DI CADORE<\/h2>\n<div class=\"content_container\">\n<section class=\"content_wrap grid-container row\" role=\"document\">\n<div class=\"grid-x grid-padding-x\">\n<div id=\"content\" class=\"small-12 large-12 columns cell\" role=\"main\">\n<article id=\"post-34209\" class=\"post-34209 post type-post status-publish format-standard has-post-thumbnail hentry category-news\">\n<header class=\"entry-header\">\n<h4 class=\"seed_wp_starter_so_occhiello\"><a title=\"\u00c8 morto don Lorenzo Dell\u2019Andrea\" href=\"https:\/\/www.chiesabellunofeltre.it\/e-morto-don-lorenzo-dellandrea\/\"><img loading=\"lazy\" decoding=\"async\" class=\"attachment-post-thumbnail wp-post-image alignright\" src=\"https:\/\/www.chiesabellunofeltre.it\/wp-content\/uploads\/sites\/3\/2024\/03\/07\/don-Lorenzo-DellAndrea23.jpg\" sizes=\"auto, (max-width: 672px) 100vw, 672px\" srcset=\"https:\/\/www.chiesabellunofeltre.it\/wp-content\/uploads\/sites\/3\/2024\/03\/07\/don-Lorenzo-DellAndrea23.jpg 672w, https:\/\/www.chiesabellunofeltre.it\/wp-content\/uploads\/sites\/3\/2024\/03\/07\/don-Lorenzo-DellAndrea23-300x294.jpg 300w, https:\/\/www.chiesabellunofeltre.it\/wp-content\/uploads\/sites\/3\/2024\/03\/07\/don-Lorenzo-DellAndrea23-600x588.jpg 600w\" alt=\"\" width=\"207\" height=\"203\" \/><\/a>Aveva 93 anni e quasi 70 di sacerdozio<\/h4>\n<h2 class=\"seed_wp_starter_so_sottotitolo\">Resta il ricordo di un prete pienamente inserito nel mondo delle comunicazioni, per le quali seppe intuire e anticipare le novit\u00e0 emergenti<\/h2>\n<\/header>\n<div class=\"entry-content-post\">\n<p>\u00c8 morto mercoled\u00ec sera don Lorenzo Dell\u2019Andrea, di anni 93. Ricoverato marted\u00ec sera a seguito di una caduta in casa, era stato dimesso e portato in Casa Padre Kolbe a Pedavena, nella speranza che potesse rimettersi. Invece, poco prima delle 23.00, si \u00e8 conclusa la sua intraprendente vicenda terrena. Era nato a Selva di Cadore il 15 dicembre 1930 da Grazioso e Rachele Zampolli. Intrapreso il percorso seminaristico, venne ordinato presbitero a Santa Giustina il 2 luglio 1954: era quindi prossimo al suo 70\u00b0 anniversario di sacerdozio.<\/p>\n<\/div>\n<p>Don Lorenzo Dell&#8217;Andrea, sacerdote, giornalista e figura di spicco nella comunit\u00e0 bellunese, \u00e8 stato ricordato con profondo affetto e stima da diverse personalit\u00e0 del territorio. Il presidente della Regione Veneto, Luca Zaia, ha espresso cordoglio per la perdita di un uomo innamorato della sua terra, mentre il presidente della provincia, Roberto Padrin, ha sottolineato il suo impegno nella tutela delle tradizioni locali. Oscar De Bona, presidente dell&#8217;Associazione Bellunesi nel Mondo, ha lodato la sua straordinaria opera di comunicatore e il suo sostegno agli emigranti. Anche Gioacchino Bratti, presidente onorario dell&#8217;associazione, e Assostampa Bellunese hanno ricordato il contributo di Dell&#8217;Andrea al giornalismo locale. Infine, l&#8217;ex deputato Maurizio Paniz ha evidenziato la capacit\u00e0 di Don Lorenzo di unire tradizione e modernit\u00e0, sottolineando la sua importanza come figura umana oltre che religiosa.<\/p>\n<\/article>\n<\/div>\n<\/div>\n<\/section>\n<\/div>\n<\/blockquote>\n<div class=\"content_container\">\n<section class=\"content_wrap grid-container row\" role=\"document\"><strong>PER LE TRE RADIO, BARBARA PAOLAZZI<\/strong><\/section>\n<\/div>\n<div class=\"content_container\">\n<section class=\"content_wrap grid-container row\" role=\"document\">\n<div class=\"grid-x grid-padding-x\">\n<div id=\"content\" class=\"small-12 large-12 columns cell\" role=\"main\">\n<audio class=\"wp-audio-shortcode\" id=\"audio-377845-5\" preload=\"none\" style=\"width: 100%;\" controls=\"controls\"><source type=\"audio\/mpeg\" src=\"https:\/\/www.radiopiu.net\/wordpress\/wp-content\/uploads\/2024\/03\/PAOLAZZI-DON-LORENZO.mp3?_=5\" \/><a href=\"https:\/\/www.radiopiu.net\/wordpress\/wp-content\/uploads\/2024\/03\/PAOLAZZI-DON-LORENZO.mp3\">https:\/\/www.radiopiu.net\/wordpress\/wp-content\/uploads\/2024\/03\/PAOLAZZI-DON-LORENZO.mp3<\/a><\/audio>\n<p>&nbsp;<\/p>\n<p><strong>I MESSAGGI DI CORDOGLIO\u00a0<\/strong><\/p>\n<blockquote class=\"wp-embedded-content\" data-secret=\"GtidXIML7B\"><p><a href=\"https:\/\/www.radiopiu.net\/wordpress\/e-morto-don-lorenzo-dellandrea-di-selva-di-cadore\/\">E&#8217; MORTO DON LORENZO DELL&#8217;ANDREA DI SELVA DI CADORE<\/a><\/p><\/blockquote>\n<p><iframe loading=\"lazy\" class=\"wp-embedded-content\" sandbox=\"allow-scripts\" security=\"restricted\" style=\"position: absolute; clip: rect(1px, 1px, 1px, 1px);\" title=\"&#8220;E&#8217; MORTO DON LORENZO DELL&#8217;ANDREA DI SELVA DI CADORE&#8221; &#8212; Radio Pi\u00f9\" src=\"https:\/\/www.radiopiu.net\/wordpress\/e-morto-don-lorenzo-dellandrea-di-selva-di-cadore\/embed\/#?secret=WcXBFEWG5j#?secret=GtidXIML7B\" data-secret=\"GtidXIML7B\" width=\"600\" height=\"338\" frameborder=\"0\" marginwidth=\"0\" marginheight=\"0\" scrolling=\"no\"><\/iframe><\/p>\n<\/div>\n<\/div>\n<\/section>\n<\/div>\n<p>&nbsp;<\/p>\n<h2>RICORDO DI UN MAESTRO DI GIORNALISMO. GRAZIE DON LORENZO E\u2026 BUON VIAGGIO!<\/h2>\n<p>&nbsp;<\/p>\n<p><strong><a class=\"dt-pswp-item\" href=\"https:\/\/www.radiopiu.net\/wordpress\/wp-content\/uploads\/2024\/03\/DON-Lorenzo-DellAndrea.jpg\" data-dt-img-description=\"\" data-large_image_width=\"768\" data-large_image_height=\"411\"><img loading=\"lazy\" decoding=\"async\" class=\" wp-image-378066 alignleft\" src=\"https:\/\/www.radiopiu.net\/wordpress\/wp-content\/uploads\/2024\/03\/DON-Lorenzo-DellAndrea-300x161.jpg\" alt=\"\" width=\"227\" height=\"122\" srcset=\"https:\/\/www.radiopiu.net\/wordpress\/wp-content\/uploads\/2024\/03\/DON-Lorenzo-DellAndrea-300x161.jpg 300w, https:\/\/www.radiopiu.net\/wordpress\/wp-content\/uploads\/2024\/03\/DON-Lorenzo-DellAndrea.jpg 768w\" sizes=\"auto, (max-width: 227px) 100vw, 227px\" \/><\/a>DI DINO BRIDDA<\/strong><\/p>\n<p>Con la scomparsa di don Lorenzo Dell\u2019Andrea se ne va non solo un illustre cittadino di Selva di Cadore, ma anche un altrettanto illustre protagonista della scena ecclesiastica, culturale e mediatica dell\u2019intera provincia di Belluno. Di don Lorenzo ho conosciuto l\u2019apprezzato mio insegnante di religione alle superiori, l\u2019animatore di tante iniziative per i giovani bellunesi dagli anni 50 in avanti, ma soprattutto il valente maestro di giornalismo al quale intere generazioni debbono un ringraziamento particolare per quanto appreso alla Sua scuola. La Sua direzione del giornale \u201cL\u2019Amico del Popolo\u201d lo proiett\u00f2 anche nel panorama della stampa cattolica dei settimanali diocesani, dove fu dirigente ascoltato e ammirato. Sino alla met\u00e0 degli anni 70 quelli furono anni difficili in una provincia come la nostra dove esistevano solo \u201cL\u2019Amico del Popolo\u201d e il \u201cGazzettino\u201d e, pertanto, non era operante un movimento mediatico in grado di occupare il suo giusto ruolo nel dibattito sociale, culturale e politico dell\u2019intero Bellunese. Alla scuola di don Lorenzo mi formai come giornalista posto, da Lui stesso, ad operare nelle varie fasi della confezione di un giornale. Fu un\u2019occasione preziosa e riservata a pochi colleghi che non hanno conosciuto il lavoro del giornalista dalla macchina per scrivere sino alla composizione del prodotto tipografico dopo le puntuali e meticolose correzioni del mitico correttore di bozze dell\u2019\u201dAmico\u201d cavalier Piero Secco. Poi arrivarono altri quotidiani, le radio e le televisioni: un mondo che don Lorenzo attravers\u00f2 lasciando la Sua impronta, dalla primogenita Radio Piave a Telebelluno, mentre cresceva di numero e di valore una scuola giornalistica bellunese oggi finalmente aperta anche alle pi\u00f9 giovani generazioni. Il Suo insegnamento \u00e8 presto riassunto: ampia conoscenza della realt\u00e0 storica del territorio, necessaria preparazione culturale, rigore deontologico, responsabile reperimento e vaglio della fonte di notizie, rispetto delle idee altrui, alto senso civico. E fu tutto ci\u00f2 che Gli valse, fra l\u2019altro, il Premio \u201cSan Martino\u201d. Ora, accanto all\u2019intensa attivit\u00e0 giornalistica esercitata sino in tarda et\u00e0, ci restano i Suoi scritti dedicati al mondo ladino ed a storia e cultura della nat\u00eca Selva di Cadore, ovvero un bagaglio corposo di conoscenza e sapienza che dovrebbe appartenere a chiunque intenda applicarsi nel mondo dell\u2019informazione ed della produzione pubblicistica in genere. Non \u00e8 lieve l\u2019eredit\u00e0 per chi, come noi formati alla scuola di don Lorenzo, siamo chiamati a tenere sempre ben presente la raccomandazione di essere documentati, chiari, obiettivi e propositivi.<\/p>\n<p>(foto: Amico Del Popolo)<\/p>\n<p>&nbsp;<\/p>\n<hr \/>\n<p>&nbsp;<\/p>\n<p>&nbsp;<\/p>\n<blockquote>\n<h2>SMANTELLATA LA PIAZZA DI SPACCIO DI CORTINA D\u2019AMPEZZO<\/h2>\n<\/blockquote>\n<p><strong><a class=\"dt-pswp-item\" href=\"https:\/\/www.radiopiu.net\/wordpress\/wp-content\/uploads\/2024\/03\/5ccdab66-2801-48a5-bb33-0344aaafd66e.jpg\" data-dt-img-description=\"\" data-large_image_width=\"1600\" data-large_image_height=\"1200\"><img loading=\"lazy\" decoding=\"async\" class=\"size-medium wp-image-378005 alignleft\" src=\"https:\/\/www.radiopiu.net\/wordpress\/wp-content\/uploads\/2024\/03\/5ccdab66-2801-48a5-bb33-0344aaafd66e-300x225.jpg\" alt=\"\" width=\"300\" height=\"225\" srcset=\"https:\/\/www.radiopiu.net\/wordpress\/wp-content\/uploads\/2024\/03\/5ccdab66-2801-48a5-bb33-0344aaafd66e-300x225.jpg 300w, https:\/\/www.radiopiu.net\/wordpress\/wp-content\/uploads\/2024\/03\/5ccdab66-2801-48a5-bb33-0344aaafd66e-1024x768.jpg 1024w, https:\/\/www.radiopiu.net\/wordpress\/wp-content\/uploads\/2024\/03\/5ccdab66-2801-48a5-bb33-0344aaafd66e-768x576.jpg 768w, https:\/\/www.radiopiu.net\/wordpress\/wp-content\/uploads\/2024\/03\/5ccdab66-2801-48a5-bb33-0344aaafd66e-1536x1152.jpg 1536w, https:\/\/www.radiopiu.net\/wordpress\/wp-content\/uploads\/2024\/03\/5ccdab66-2801-48a5-bb33-0344aaafd66e.jpg 1600w\" sizes=\"auto, (max-width: 300px) 100vw, 300px\" \/><\/a>CORTINA<\/strong>\u00a0 I Carabinieri della Compagnia di Cortina d\u2019Ampezzo, sotto la guida della Procura della Repubblica di Belluno, hanno eseguito un&#8217;operazione di polizia a Roma, arrestando un individuo del 1989 e altri 8 sospettati provenienti da diverse regioni, accusati di organizzare un sistema di spaccio di droga a Cortina d\u2019Ampezzo dal 2021. Le indagini hanno confermato la pericolosit\u00e0 dell&#8217;organizzazione criminale, il <em><a class=\"dt-pswp-item\" href=\"https:\/\/www.radiopiu.net\/wordpress\/wp-content\/uploads\/2023\/02\/pigozzo.jpg\" data-dt-img-description=\"\" data-large_image_width=\"361\" data-large_image_height=\"274\"><img loading=\"lazy\" decoding=\"async\" class=\"size-medium wp-image-323390 alignright\" src=\"https:\/\/www.radiopiu.net\/wordpress\/wp-content\/uploads\/2023\/02\/pigozzo-300x228.jpg\" alt=\"\" width=\"300\" height=\"228\" srcset=\"https:\/\/www.radiopiu.net\/wordpress\/wp-content\/uploads\/2023\/02\/pigozzo-300x228.jpg 300w, https:\/\/www.radiopiu.net\/wordpress\/wp-content\/uploads\/2023\/02\/pigozzo.jpg 361w\" sizes=\"auto, (max-width: 300px) 100vw, 300px\" \/><\/a><\/em>cui leader avrebbe utilizzato minacce e aggressioni, anche con armi da fuoco, per controllare il mercato locale dello spaccio. Durante l&#8217;operazione, durata due anni, sono stati sequestrati oltre 400 grammi di cocaina, oltre 800 grammi di hashish e altre sostanze stupefacenti, sottraendo guadagni all&#8217;organizzazione criminale che avrebbe potuto ottenere oltre 70.000 euro dalla vendita di droga. Inoltre, sono stati confiscati quasi 50.000 euro in contanti, considerati il frutto dell&#8217;attivit\u00e0 di spaccio.<\/p>\n<blockquote>\n<div class=\"flex-1 overflow-hidden\">\n<div class=\"react-scroll-to-bottom--css-nkyqb-79elbk h-full\">\n<div class=\"react-scroll-to-bottom--css-nkyqb-1n7m0yu\">\n<div class=\"flex flex-col text-sm pb-9\">\n<div class=\"w-full text-token-text-primary\" data-testid=\"conversation-turn-57\">\n<div class=\"px-4 py-2 justify-center text-base md:gap-6 m-auto\">\n<div class=\"flex flex-1 text-base mx-auto gap-3 md:px-5 lg:px-1 xl:px-5 md:max-w-3xl lg:max-w-[40rem] xl:max-w-[48rem] group final-completion\">\n<div class=\"relative flex w-full flex-col agent-turn\">\n<div class=\"flex-col gap-1 md:gap-3\">\n<div class=\"flex flex-grow flex-col max-w-full\">\n<div class=\"min-h-[20px] text-message flex flex-col items-start gap-3 whitespace-pre-wrap break-words [.text-message+&amp;]:mt-5 overflow-x-auto\" data-message-author-role=\"assistant\" data-message-id=\"d8d26eb3-f8ca-41b1-b325-f061ecf1b813\">\n<div class=\"markdown prose w-full break-words dark:prose-invert dark\">\n<p><em>Il Colonnello Pigozzo ha sottolineato l&#8217;importanza dell&#8217;operazione che ha smantellato un traffico di stupefacenti nel territorio, grazie all&#8217;impegno prolungato dei Carabinieri di Cortina. Ha ribadito la necessit\u00e0 di intensificare l&#8217;attivit\u00e0 di contrasto alla droga, poich\u00e9 alimenta l&#8217;economia illegale della criminalit\u00e0 e genera insicurezza. Ha evidenziato la dimensione globale del circuito della droga, con organizzazioni nazionali ed estere che operano con estrema virulenza, sostenendo altre forme di criminalit\u00e0. Ha sottolineato il danno alla salute pubblica e gli effetti mortali delle droghe sugli assuntori, sottolineando l&#8217;impegno nel prevenire il coinvolgimento dei giovani e contrastare l&#8217;espansione delle attivit\u00e0 criminali sul territorio.\u00a0<\/em><\/p>\n<\/div>\n<\/div>\n<\/div>\n<\/div>\n<\/div>\n<\/div>\n<\/div>\n<\/div>\n<\/div>\n<\/div>\n<\/div>\n<\/div>\n<\/blockquote>\n<div class=\"flex-1 overflow-hidden\">\n<div class=\"react-scroll-to-bottom--css-nkyqb-79elbk h-full\">\n<div class=\"react-scroll-to-bottom--css-nkyqb-1n7m0yu\">\n<div class=\"flex flex-col text-sm pb-9\">\n<div class=\"w-full text-token-text-primary\" data-testid=\"conversation-turn-57\">\n<div class=\"px-4 py-2 justify-center text-base md:gap-6 m-auto\">\n<div class=\"flex flex-1 text-base mx-auto gap-3 md:px-5 lg:px-1 xl:px-5 md:max-w-3xl lg:max-w-[40rem] xl:max-w-[48rem] group final-completion\">\n<div class=\"relative flex w-full flex-col agent-turn\">\n<div class=\"flex-col gap-1 md:gap-3\">\n<div class=\"flex flex-grow flex-col max-w-full\">\n<div class=\"min-h-[20px] text-message flex flex-col items-start gap-3 whitespace-pre-wrap break-words [.text-message+&amp;]:mt-5 overflow-x-auto\" data-message-author-role=\"assistant\" data-message-id=\"d8d26eb3-f8ca-41b1-b325-f061ecf1b813\">\n<div class=\"markdown prose w-full break-words dark:prose-invert dark\">\n<p><strong>PER LE TRE RADIO, BARBARA PAOLAZZI<\/strong><\/p>\n<audio class=\"wp-audio-shortcode\" id=\"audio-377845-6\" preload=\"none\" style=\"width: 100%;\" controls=\"controls\"><source type=\"audio\/mpeg\" src=\"https:\/\/www.radiopiu.net\/wordpress\/wp-content\/uploads\/2024\/03\/PAOLAZZI-DROGA-CORTINA.mp3?_=6\" \/><a href=\"https:\/\/www.radiopiu.net\/wordpress\/wp-content\/uploads\/2024\/03\/PAOLAZZI-DROGA-CORTINA.mp3\">https:\/\/www.radiopiu.net\/wordpress\/wp-content\/uploads\/2024\/03\/PAOLAZZI-DROGA-CORTINA.mp3<\/a><\/audio>\n<p>&nbsp;<\/p>\n<p>&nbsp;<\/p>\n<hr \/>\n<p>&nbsp;<\/p>\n<h3>OGGI, LA GIUDIZIARIA SUL CORRIERE DELLE ALPI, SINTESI<\/h3>\n<p><strong>GIGI SOSSO\u00a0 \u00a0\u00a0<\/strong><\/p>\n<p><strong>Fanatismo religioso e atti persecutori: Storia di una relazione tormentata\u00a0<\/strong><\/p>\n<p><strong>AGORDINO <\/strong>Una coppia, trasferitasi nell&#8217;Agordino con due figli, si trova al centro di un dramma di fanatismo religioso e atti persecutori. La donna denuncia che il marito l&#8217;ha tormentata con ossessioni religiose, accusandola di essere &#8220;figlia di Satana&#8221; e cercando di imporre decisioni unilaterali sulla gestione dei figli. L&#8217;uomo \u00e8 accusato di mancata esecuzione di provvedimenti giudiziari e atti persecutori, mentre la donna si \u00e8 costituita parte civile. Il processo \u00e8 in corso, con l&#8217;imputato che respinge le accuse, sostenendo che la moglie ha perso la via dei valori.<\/p>\n<p><strong>\u00a0<\/strong><strong>Dominguez resta in carcere mentre il processo continua<\/strong><\/p>\n<p><strong>QUERO VAS <\/strong>Il giudice per le udienze preliminari, Elisabetta Scolozzi, ha respinto l&#8217;ennesima richiesta di scarcerazione per Pedro Livert Dominguez, accusato dell&#8217;omicidio di Antonio Costa. I difensori avevano anche chiesto la cessazione della custodia cautelare, ma la richiesta \u00e8 stata respinta. Dominguez, detenuto dal maggio dell&#8217;anno scorso, affronter\u00e0 la prima udienza della Corte d&#8217;Assise di Belluno il prossimo 26 giugno. L&#8217;altro indagato, Junior Cedano Sanchez, \u00e8 stato solo rinviato a giudizio e rimane libero.<\/p>\n<p><strong>Tentato incendio di Mercedes: Coppia davanti al giudice<\/strong><\/p>\n<p><strong>SANTA GIUSTINA<\/strong>\u00a0 Si trova ora al centro di un caso giudiziario dopo il tentativo di incendio di una Mercedes da 60 mila euro, parcheggiata fuori dalla residenza a Santa Giustina. Sostiene che si trattasse di un gesto dimostrativo o uno scherzo rivolto alla sua convivente, cointestataria del veicolo. Tuttavia, \u00e8 stato portato in tribunale non solo per questo reato, ma anche per minaccia aggravata nei confronti del padre, intervenuto durante il tentativo di incendio. I Carabinieri di Santa Giustina sono stati chiamati e hanno raccolto la denuncia che ha portato al processo. Giordano \u00e8 accusato di tentato incendio e minaccia aggravata, con l&#8217;udienza di primo grado fissata per il 20 giugno.<\/p>\n<p><strong>Dieci anni dopo, processo ancora in corso per dichiarazione fraudolenta<\/strong><\/p>\n<p><strong>FONZASO<\/strong> Titolare dell&#8217;azienda omonima di Fonzaso, \u00e8 accusato di dichiarazione fraudolenta mediante uso di documenti falsi, risalente al 30 settembre 2014. Nonostante la prescrizione prevista dopo otto anni, il processo si protrae a causa di atti interruttivi. La Procura contesta due fatture per un totale di oltre 28 mila euro, riguardanti forniture di ferro.<\/p>\n<p><strong>Banda di ladri condannata per due anni di razzie\u00a0<\/strong><\/p>\n<p><strong>LIMANA <\/strong>Alessio Caris e Massimo Carris, membri di una banda di ladri che ha operato per oltre due anni tra le province di Udine, Pordenone e Belluno, sono stati condannati a 4 anni e 2 mesi e 3 anni e 8 mesi di reclusione rispettivamente. La banda ha rubato soprattutto monili in oro e argento, oltre a contanti e orologi, prima di essere individuata e arrestata grazie a un Gps installato sulla loro auto. Il loro avvocato ha annunciato ricorso in appello, mentre altre due posizioni verranno definite davanti al tribunale di Pordenone.<\/p>\n<\/div>\n<\/div>\n<\/div>\n<\/div>\n<\/div>\n<\/div>\n<\/div>\n<\/div>\n<\/div>\n<\/div>\n<\/div>\n<\/div>\n<div class=\"flex-1 overflow-hidden\">\n<div class=\"react-scroll-to-bottom--css-nkyqb-79elbk h-full\">\n<div class=\"react-scroll-to-bottom--css-nkyqb-1n7m0yu\">\n<div class=\"flex flex-col text-sm pb-9\">\n<div class=\"w-full text-token-text-primary\" data-testid=\"conversation-turn-57\">\n<div class=\"px-4 py-2 justify-center text-base md:gap-6 m-auto\">\n<div class=\"flex flex-1 text-base mx-auto gap-3 md:px-5 lg:px-1 xl:px-5 md:max-w-3xl lg:max-w-[40rem] xl:max-w-[48rem] group final-completion\">\n<div class=\"relative flex w-full flex-col agent-turn\">\n<div class=\"flex-col gap-1 md:gap-3\">\n<div class=\"flex flex-grow flex-col max-w-full\">\n<div class=\"min-h-[20px] text-message flex flex-col items-start gap-3 whitespace-pre-wrap break-words [.text-message+&amp;]:mt-5 overflow-x-auto\" data-message-author-role=\"assistant\" data-message-id=\"d8d26eb3-f8ca-41b1-b325-f061ecf1b813\">\n<div class=\"markdown prose w-full break-words dark:prose-invert dark\"><\/div>\n<div><\/div>\n<div>\n<hr \/>\n<\/div>\n<\/div>\n<div>\n<blockquote>\n<h1><\/h1>\n<h1><\/h1>\n<h1><strong><a class=\"dt-pswp-item\" href=\"https:\/\/www.radiopiu.net\/wordpress\/wp-content\/uploads\/2024\/03\/431064518_7030172573774787_4581901754687693822_n.jpg\" data-dt-img-description=\"\" data-large_image_width=\"526\" data-large_image_height=\"526\"><img loading=\"lazy\" decoding=\"async\" class=\" wp-image-378152 alignleft\" src=\"https:\/\/www.radiopiu.net\/wordpress\/wp-content\/uploads\/2024\/03\/431064518_7030172573774787_4581901754687693822_n-300x300.jpg\" alt=\"\" width=\"142\" height=\"142\" srcset=\"https:\/\/www.radiopiu.net\/wordpress\/wp-content\/uploads\/2024\/03\/431064518_7030172573774787_4581901754687693822_n-300x300.jpg 300w, https:\/\/www.radiopiu.net\/wordpress\/wp-content\/uploads\/2024\/03\/431064518_7030172573774787_4581901754687693822_n-150x150.jpg 150w, https:\/\/www.radiopiu.net\/wordpress\/wp-content\/uploads\/2024\/03\/431064518_7030172573774787_4581901754687693822_n.jpg 526w\" sizes=\"auto, (max-width: 142px) 100vw, 142px\" \/><\/a><\/strong><\/h1>\n<h1><strong>Ricordo speciale per Fabio Viel a Limana<\/strong><\/h1>\n<\/blockquote>\n<\/div>\n<h1><span style=\"font-size: 14px; font-weight: normal;\"><strong>LIMANA<\/strong> Gli amici e conoscenti di Fabio Viel, soprannominato il &#8220;Toro&#8221;, si riuniranno domenica alle 16.30 nell&#8217;area polifunzionale delle scuole elementari di Limana per commemorare il suo ricordo. Non ci saranno cerimonie funebri, ma verranno condivisi ricordi dell&#8217;amico e rilasciati palloncini rossoneri in onore della sua squadra del cuore, il Milan. Il tam tam sui social ha gi\u00e0 coinvolto molte persone, invitando chiunque abbia conosciuto e apprezzato Fabio per il suo carattere allegro e amichevole. Oltre al suo coinvolgimento nel calcio locale, Viel era noto per la sua attivit\u00e0 professionale di pittore edile e cartongessista. La sua salute si era deteriorata negli ultimi anni, culminando nel suo recente decesso sabato scorso.\u00a0<\/span><\/h1>\n<p>&nbsp;<\/p>\n<p>&nbsp;<\/p>\n<hr \/>\n<p>&nbsp;<\/p>\n<blockquote>\n<h3>DOLOMITIBUS: GRONES CHIAMA PADRIN &#8220;IRRITAZIONE E MALCONENTO&#8221;<\/h3>\n<\/blockquote>\n<\/div>\n<p><span style=\"color: #ff0000;\">Il silenzio degli innocenti<\/span><\/p>\n<p>di mirko mezzacasa<\/p>\n<p><strong><img loading=\"lazy\" decoding=\"async\" class=\"alignleft\" src=\"https:\/\/www.radiopiu.net\/wordpress\/wp-content\/uploads\/2021\/10\/9396bbfc-2818-4225-b55d-9a56c39206f1.jpg\" width=\"205\" height=\"115\" \/>REDAZIONE<\/strong> Tanto tuon\u00f2&#8230;che piovve. Era ora per la verit\u00e0 che qualche amministratore dell&#8217;Agordino alzasse la voce con Dolomitibus, con la Provincia (socio) con chi dovrebbe a sua volta alzare la voce ma non lo fa anche perch\u00e9 sono giorni importanti, ci sono le elezioni, il rinnovo dei vertici in Provincia.<\/p>\n<p>Intanto elezioni o no, i\u00a0 servizi pubblici lasciano sempre pi\u00f9 a desiderare, soprattutto nelle terre alte con il rischio che oltre al gi\u00e0 costoso abbonamento le famiglie o i Comuni (vedi Longarone),\u00a0 siano costretti ad aprire il portafogli (25-30mila euro) per garantire il trasporto a chiamata. E allora a che serve in montagna (non in pianura) la Dolomitibus? A quando i risarcimenti ai danneggiati lasciati a piedi? A quando i contributi regionali e statali ai montanari anzich\u00e8 a chi dovrebbe fare il servizio senza garantirlo?\u00a0 Sar\u00e0 necessario il ricorso agli avvocati? Che sia il caso di dare vita ad una class action ad hoc? In questo caso a spese di chi?<\/p>\n<p>&nbsp;<\/p>\n<p><strong><a class=\"dt-pswp-item\" href=\"https:\/\/www.radiopiu.net\/wordpress\/wp-content\/uploads\/2024\/03\/file.jpg\" data-dt-img-description=\"\" data-large_image_width=\"578\" data-large_image_height=\"577\"><img loading=\"lazy\" decoding=\"async\" class=\"wp-image-378158 alignleft\" src=\"https:\/\/www.radiopiu.net\/wordpress\/wp-content\/uploads\/2024\/03\/file-300x300.jpg\" alt=\"\" width=\"92\" height=\"92\" srcset=\"https:\/\/www.radiopiu.net\/wordpress\/wp-content\/uploads\/2024\/03\/file-300x300.jpg 300w, https:\/\/www.radiopiu.net\/wordpress\/wp-content\/uploads\/2024\/03\/file-150x150.jpg 150w, https:\/\/www.radiopiu.net\/wordpress\/wp-content\/uploads\/2024\/03\/file.jpg 578w\" sizes=\"auto, (max-width: 92px) 100vw, 92px\" \/><\/a>LIVINALLONGO<\/strong><br \/>\n<strong>DI LORENZO SORATROI<\/strong><\/p>\n<audio class=\"wp-audio-shortcode\" id=\"audio-377845-7\" preload=\"none\" style=\"width: 100%;\" controls=\"controls\"><source type=\"audio\/mpeg\" src=\"https:\/\/www.radiopiu.net\/wordpress\/wp-content\/uploads\/2024\/03\/LORENZO.mp3?_=7\" \/><a href=\"https:\/\/www.radiopiu.net\/wordpress\/wp-content\/uploads\/2024\/03\/LORENZO.mp3\">https:\/\/www.radiopiu.net\/wordpress\/wp-content\/uploads\/2024\/03\/LORENZO.mp3<\/a><\/audio>\n<p>&nbsp;<\/p>\n<div class=\"flex flex-grow flex-col max-w-full\">\n<p>&nbsp;<\/p>\n<\/div>\n<\/div>\n<\/div>\n<\/div>\n<\/div>\n<\/div>\n<\/div>\n<\/div>\n<\/div>\n<\/div>\n<hr \/>\n<p>&nbsp;<\/p>\n<blockquote>\n<h3>ESSILORLUXOTTICA E DOLCE &amp; GABBANA RINNOVANO L&#8217;ACCORDO DI LICENZA PER I PROSSIMI 16 ANNI<\/h3>\n<\/blockquote>\n<p><strong><a class=\"dt-pswp-item\" href=\"https:\/\/www.radiopiu.net\/wordpress\/wp-content\/uploads\/2024\/03\/SCR-20240307-qfsz.jpeg\" data-dt-img-description=\"\" data-large_image_width=\"1146\" data-large_image_height=\"572\"><img loading=\"lazy\" decoding=\"async\" class=\"size-medium wp-image-378080 alignleft\" src=\"https:\/\/www.radiopiu.net\/wordpress\/wp-content\/uploads\/2024\/03\/SCR-20240307-qfsz-300x150.jpeg\" alt=\"\" width=\"300\" height=\"150\" srcset=\"https:\/\/www.radiopiu.net\/wordpress\/wp-content\/uploads\/2024\/03\/SCR-20240307-qfsz-300x150.jpeg 300w, https:\/\/www.radiopiu.net\/wordpress\/wp-content\/uploads\/2024\/03\/SCR-20240307-qfsz-1024x511.jpeg 1024w, https:\/\/www.radiopiu.net\/wordpress\/wp-content\/uploads\/2024\/03\/SCR-20240307-qfsz-768x383.jpeg 768w, https:\/\/www.radiopiu.net\/wordpress\/wp-content\/uploads\/2024\/03\/SCR-20240307-qfsz.jpeg 1146w\" sizes=\"auto, (max-width: 300px) 100vw, 300px\" \/><\/a>CHARENTON-LE-PONT (FRANCIA), MILANO <\/strong>EssilorLuxottica e Dolce&amp;Gabbana hanno rinnovato anticipatamente l&#8217;accordo di licenza per occhiali, estendendo la collaborazione fino al 2039. L&#8217;iniziale accordo del 2020-2029 \u00e8 stato sostituito da un nuovo contratto di 16 anni. Questa partnership, nata nel 2005, \u00e8 celebrata per la creazione di montature iconiche. Il CEO di EssilorLuxottica, Francesco Milleri, sottolinea la fiducia e il rispetto reciproci, mentre Alfonso Dolce, CEO di Dolce&amp;Gabbana, esprime la soddisfazione per la solida collaborazione sia a livello commerciale che creativo. Il rinnovo anticipato testimonia la forza del legame e la visione a lungo termine.<\/p>\n<p>&nbsp;<\/p>\n<p>&nbsp;<\/p>\n<hr \/>\n<p>&nbsp;<\/p>\n<blockquote>\n<h3>MORENO DE VAL NON VUOLE RICANDIDARSI A SINDACO DI SAN TOMASO<\/h3>\n<\/blockquote>\n<p><strong><a class=\"dt-pswp-item\" href=\"https:\/\/www.radiopiu.net\/wordpress\/wp-content\/uploads\/2023\/06\/moreno-de-val-ok.jpg\" data-dt-img-description=\"\" data-large_image_width=\"1313\" data-large_image_height=\"1065\"><img loading=\"lazy\" decoding=\"async\" class=\" wp-image-340941 alignleft\" src=\"https:\/\/www.radiopiu.net\/wordpress\/wp-content\/uploads\/2023\/06\/moreno-de-val-ok-300x243.jpg\" alt=\"\" width=\"177\" height=\"143\" srcset=\"https:\/\/www.radiopiu.net\/wordpress\/wp-content\/uploads\/2023\/06\/moreno-de-val-ok-300x243.jpg 300w, https:\/\/www.radiopiu.net\/wordpress\/wp-content\/uploads\/2023\/06\/moreno-de-val-ok-1024x831.jpg 1024w, https:\/\/www.radiopiu.net\/wordpress\/wp-content\/uploads\/2023\/06\/moreno-de-val-ok-768x623.jpg 768w, https:\/\/www.radiopiu.net\/wordpress\/wp-content\/uploads\/2023\/06\/moreno-de-val-ok.jpg 1313w\" sizes=\"auto, (max-width: 177px) 100vw, 177px\" \/><\/a>SAN TOMASO<\/strong><\/p>\n<p>DI GIANNI SANTOMASO<\/p>\n<audio class=\"wp-audio-shortcode\" id=\"audio-377845-8\" preload=\"none\" style=\"width: 100%;\" controls=\"controls\"><source type=\"audio\/mpeg\" src=\"https:\/\/www.radiopiu.net\/wordpress\/wp-content\/uploads\/2024\/03\/GIANNI-MORENO-DE-VAL-NON-VUOLE-RICANDIDARSI-A-SINDACO.mp3?_=8\" \/><a href=\"https:\/\/www.radiopiu.net\/wordpress\/wp-content\/uploads\/2024\/03\/GIANNI-MORENO-DE-VAL-NON-VUOLE-RICANDIDARSI-A-SINDACO.mp3\">https:\/\/www.radiopiu.net\/wordpress\/wp-content\/uploads\/2024\/03\/GIANNI-MORENO-DE-VAL-NON-VUOLE-RICANDIDARSI-A-SINDACO.mp3<\/a><\/audio>\n<p>&nbsp;<\/p>\n<hr \/>\n<p>&nbsp;<\/p>\n<blockquote>\n<h3>NEL 2023 SONO CALATI GLI INTERVENTI DEL SOCCORSO ALPINO<\/h3>\n<\/blockquote>\n<p><strong><a class=\"dt-pswp-item\" href=\"https:\/\/www.radiopiu.net\/wordpress\/wp-content\/uploads\/2019\/08\/SOCCORSO-ALPINO-2019.jpg\" data-dt-img-description=\"\" data-large_image_width=\"1600\" data-large_image_height=\"1200\"><img loading=\"lazy\" decoding=\"async\" class=\" wp-image-96479 alignleft\" src=\"https:\/\/www.radiopiu.net\/wordpress\/wp-content\/uploads\/2019\/08\/SOCCORSO-ALPINO-2019-300x225.jpg\" alt=\"\" width=\"144\" height=\"108\" srcset=\"https:\/\/www.radiopiu.net\/wordpress\/wp-content\/uploads\/2019\/08\/SOCCORSO-ALPINO-2019-300x225.jpg 300w, https:\/\/www.radiopiu.net\/wordpress\/wp-content\/uploads\/2019\/08\/SOCCORSO-ALPINO-2019-768x576.jpg 768w, https:\/\/www.radiopiu.net\/wordpress\/wp-content\/uploads\/2019\/08\/SOCCORSO-ALPINO-2019-1024x768.jpg 1024w, https:\/\/www.radiopiu.net\/wordpress\/wp-content\/uploads\/2019\/08\/SOCCORSO-ALPINO-2019.jpg 1600w\" sizes=\"auto, (max-width: 144px) 100vw, 144px\" \/><\/a>BELLUNO <\/strong>Nel 2023, il Soccorso Alpino e Speleologico Veneto ha registrato 1219 persone soccorse in 1095 interventi. Nonostante una lieve diminuzione rispetto al 2022, l&#8217;incremento \u00e8 dovuto all&#8217;aumento dei frequentatori di montagna, ma anche all&#8217;incapacit\u00e0 e alla superficialit\u00e0 di coloro che affrontano l&#8217;ambiente senza preparazione. Di essi, il 43.7% \u00e8 rappresentato da illesi tratti in salvo, mentre gli incidenti in pista sono saliti a 98, in parte a causa dell&#8217;afflusso turistico. Le persone decedute sono diminuite del 15.71%, attestandosi a 59. L&#8217;escursionismo costituisce il 46.30% dei soccorsi, con un aumento delle cause legate alla mancata preparazione rispetto al 2022.<\/p>\n<blockquote>\n<h3 class=\"_title post-title entry-title\"><\/h3>\n<p><strong><a class=\"dt-pswp-item\" href=\"https:\/\/www.radiopiu.net\/wordpress\/wp-content\/uploads\/2024\/01\/Senza-nome-34.png\" data-dt-img-description=\"\" data-large_image_width=\"239\" data-large_image_height=\"153\"><img loading=\"lazy\" decoding=\"async\" class=\"wp-image-369478 alignleft\" src=\"https:\/\/www.radiopiu.net\/wordpress\/wp-content\/uploads\/2024\/01\/Senza-nome-34.png\" alt=\"\" width=\"128\" height=\"82\" \/><\/a><\/strong><\/p>\n<h1 class=\"_title post-title entry-title\"><\/h1>\n<p><strong>\u00a0\u00a0<\/strong><strong>dal TG BELLUNESE di\u00a0 ANTENNA 3 ogni sera alle 19.30 sul canale 10 del digitale terrestre e alle 19 le anticipazioni alla radio.\u00a0 \u00a0 \u00a0\u00a0<\/strong><\/p>\n<h3 class=\"_title post-title entry-title\">MONITO DEL SOCCORSO ALPINO: \u00abELICOTTERO COME TAXI, NON DEVE PIU\u2019 ACCADERE\u00bb<\/h3>\n<\/blockquote>\n<p>Intervistati ALEX BARATTIN (CAPO DELEGAZIONE CNSAS DOLOMITI BELLUNESI) (Servizio di\u00a0<a href=\"https:\/\/antennatre.medianordest.it\/redazione\/Tiziana-Bolognani\/\">Tiziana Bolognani<\/a>)<\/p>\n<p><iframe loading=\"lazy\" title=\"MONITO DEL SOCCORSO ALPINO: \u00abELICOTTERO COME TAXI, NON DEVE PIU&#039; ACCADERE\u00bb | 07\/03\/2024\" width=\"1200\" height=\"675\" src=\"https:\/\/www.youtube.com\/embed\/aTL8AMrSaqg?feature=oembed\" frameborder=\"0\" allow=\"accelerometer; autoplay; clipboard-write; encrypted-media; gyroscope; picture-in-picture; web-share\" allowfullscreen><\/iframe><\/p>\n<p>&nbsp;<\/p>\n<p>&nbsp;<\/p>\n<p>&nbsp;<\/p>\n<hr \/>\n<p>&nbsp;<\/p>\n<blockquote>\n<h2>Vento in alta quota: rischi ed effetti su neve e ghiaccio<\/h2>\n<\/blockquote>\n<p><strong><a class=\"dt-pswp-item\" href=\"https:\/\/www.radiopiu.net\/wordpress\/wp-content\/uploads\/2024\/03\/f74593a7-8252-2607-8e0e-3211eddff4d9.jpeg\" data-dt-img-description=\"\" data-large_image_width=\"2016\" data-large_image_height=\"1512\"><img loading=\"lazy\" decoding=\"async\" class=\"wp-image-377956 alignleft\" src=\"https:\/\/www.radiopiu.net\/wordpress\/wp-content\/uploads\/2024\/03\/f74593a7-8252-2607-8e0e-3211eddff4d9-300x225.jpeg\" alt=\"\" width=\"197\" height=\"148\" srcset=\"https:\/\/www.radiopiu.net\/wordpress\/wp-content\/uploads\/2024\/03\/f74593a7-8252-2607-8e0e-3211eddff4d9-300x225.jpeg 300w, https:\/\/www.radiopiu.net\/wordpress\/wp-content\/uploads\/2024\/03\/f74593a7-8252-2607-8e0e-3211eddff4d9-1024x768.jpeg 1024w, https:\/\/www.radiopiu.net\/wordpress\/wp-content\/uploads\/2024\/03\/f74593a7-8252-2607-8e0e-3211eddff4d9-768x576.jpeg 768w, https:\/\/www.radiopiu.net\/wordpress\/wp-content\/uploads\/2024\/03\/f74593a7-8252-2607-8e0e-3211eddff4d9-1536x1152.jpeg 1536w, https:\/\/www.radiopiu.net\/wordpress\/wp-content\/uploads\/2024\/03\/f74593a7-8252-2607-8e0e-3211eddff4d9.jpeg 2016w\" sizes=\"auto, (max-width: 197px) 100vw, 197px\" \/><\/a>REDAZIONE<\/strong> L&#8217;ingegnere ambientale Giacomo Poletti, esperto di meteorologia, illustra l&#8217;impatto del vento sulle condizioni montane. Il vento pu\u00f2 asportare neve creando <a class=\"dt-pswp-item\" href=\"https:\/\/www.radiopiu.net\/wordpress\/wp-content\/uploads\/2024\/03\/Senza-nome-30.png\" data-dt-img-description=\"\" data-large_image_width=\"286\" data-large_image_height=\"120\"><img loading=\"lazy\" decoding=\"async\" class=\"size-full wp-image-377954 alignright\" src=\"https:\/\/www.radiopiu.net\/wordpress\/wp-content\/uploads\/2024\/03\/Senza-nome-30.png\" alt=\"\" width=\"286\" height=\"120\" \/><\/a>situazioni pericolose come cornici e accumuli, mentre in condizioni sopra lo zero pu\u00f2 accelerare il processo di fusione e formazione di strati alterati, aumentando il rischio valanghe. Il trasporto di calore influisce sulle cascate di ghiaccio, accelerando o ostacolando la formazione di ghiaccio. Il wind-chill, o indice di raffreddamento, amplifica gli effetti del vento sul corpo, rendendo fondamentale monitorare le previsioni meteorologiche per prevenire rischi durante le escursioni. Fenomeni come il white-out e il pericolo di crolli devono essere tenuti in considerazione, cos\u00ec come i segnali di arrivo del vento in quota, come l&#8217;osservazione di nubi lenticolari. Il vento pu\u00f2 anche influenzare la qualit\u00e0 dell&#8217;aria, spazzando via l&#8217;inquinamento. Sulla montagna, i venti in quota sono prevedibili e possono essere intensi, con fenomeni come il f\u04e7hn e lo stau che comportano rischi specifici per chi si trova in alta quota.<\/p>\n<p>&nbsp;<\/p>\n<p>&nbsp;<\/p>\n<hr \/>\n<p>&nbsp;<\/p>\n<blockquote>\n<h3 class=\"titolonews\"><a class=\"dt-pswp-item\" href=\"https:\/\/www.radiopiu.net\/wordpress\/wp-content\/uploads\/2020\/09\/d326aa93-6e19-4b3f-89d4-4ef5a84ec353.jpg\" data-dt-img-description=\"\" data-large_image_width=\"799\" data-large_image_height=\"1599\"><img loading=\"lazy\" decoding=\"async\" class=\"wp-image-160212 alignleft\" src=\"https:\/\/www.radiopiu.net\/wordpress\/wp-content\/uploads\/2020\/09\/d326aa93-6e19-4b3f-89d4-4ef5a84ec353-150x300.jpg\" alt=\"\" width=\"76\" height=\"152\" srcset=\"https:\/\/www.radiopiu.net\/wordpress\/wp-content\/uploads\/2020\/09\/d326aa93-6e19-4b3f-89d4-4ef5a84ec353-150x300.jpg 150w, https:\/\/www.radiopiu.net\/wordpress\/wp-content\/uploads\/2020\/09\/d326aa93-6e19-4b3f-89d4-4ef5a84ec353-512x1024.jpg 512w, https:\/\/www.radiopiu.net\/wordpress\/wp-content\/uploads\/2020\/09\/d326aa93-6e19-4b3f-89d4-4ef5a84ec353-768x1536.jpg 768w, https:\/\/www.radiopiu.net\/wordpress\/wp-content\/uploads\/2020\/09\/d326aa93-6e19-4b3f-89d4-4ef5a84ec353-240x480.jpg 240w, https:\/\/www.radiopiu.net\/wordpress\/wp-content\/uploads\/2020\/09\/d326aa93-6e19-4b3f-89d4-4ef5a84ec353.jpg 799w\" sizes=\"auto, (max-width: 76px) 100vw, 76px\" \/><\/a>DIFFICOLTA\u2019 RICEZIONE SEGNALE RAI. ZAIA, \u201cIN VENETO NECESSARIA SOLUZIONE DEFINITIVA.<\/h3>\n<\/blockquote>\n<p><strong>VENEZIA<\/strong> Il presidente della Regione del Veneto, Luca Zaia, esprime preoccupazione per le frequenti interruzioni del segnale Rai nel territorio, sottolineando il diritto di tutti i cittadini all&#8217;accesso alla programmazione televisiva. Invita a una soluzione definitiva del problema, confermando la disponibilit\u00e0 della Regione a collaborare. Zaia ribadisce l&#8217;importanza dell&#8217;informazione e della libert\u00e0 di informarsi, criticando il fatto che le difficolt\u00e0 tecniche compromettano tali diritti. Sottolinea che non solo il lavoro dei professionisti della Rai \u00e8 penalizzato, ma anche i cittadini che pagano il canone non possono usufruire del servizio. Incoraggia a proseguire gli sforzi per garantire un accesso completo alla programmazione televisiva, soprattutto in un periodo di difficolt\u00e0 economica per molti.<\/p>\n<p>&nbsp;<\/p>\n<p>&nbsp;<\/p>\n<hr \/>\n<p>&nbsp;<\/p>\n<blockquote>\n<h2><a class=\"dt-pswp-item\" href=\"https:\/\/www.radiopiu.net\/wordpress\/wp-content\/uploads\/2024\/03\/Senza-nome-24.png\" data-dt-img-description=\"\" data-large_image_width=\"368\" data-large_image_height=\"162\"><img loading=\"lazy\" decoding=\"async\" class=\"wp-image-377762 alignleft\" src=\"https:\/\/www.radiopiu.net\/wordpress\/wp-content\/uploads\/2024\/03\/Senza-nome-24-300x132.png\" alt=\"\" width=\"100\" height=\"44\" srcset=\"https:\/\/www.radiopiu.net\/wordpress\/wp-content\/uploads\/2024\/03\/Senza-nome-24-300x132.png 300w, https:\/\/www.radiopiu.net\/wordpress\/wp-content\/uploads\/2024\/03\/Senza-nome-24.png 368w\" sizes=\"auto, (max-width: 100px) 100vw, 100px\" \/><\/a>CONSEGNA DEI DIPLOMI AL FOLLADOR<\/h2>\n<\/blockquote>\n<p><strong>AGORDO<\/strong> Venerdi 15 marzo alle 19.30 al Palafalcade, consegna dei diplomi di Stato. I ragazzi saranno accolti con un buffet di benvenuto preparato dagli studenti dell&#8217;indirizzo enogastronomico<\/p>\n<p>&nbsp;<\/p>\n<p>&nbsp;<\/p>\n<hr \/>\n<p>&nbsp;<\/p>\n<h2><span style=\"color: #ff0000;\">CONSIGLIO COMUNALE IN DIRETTA SUI CANALI SOCIAL DI RADIOPIU&#8217;, FACEBOOK E TELEGRAM.<\/span><\/h2>\n<p><strong>AGORDO<\/strong> Consiglio comunale lunedi alle 19 convocato dal sindaco Roberto Chissal\u00e8. Quattro i punti all&#8217;ordine del giorno: il bialncio preventivo di ASCA, una variazione al DUP, la nomina dell&#8217;organo di revisione economico finanziaria e una modifica al sedime stradale in corrispondenza dell&#8217;attivit\u00e0 Costruzioni Elettromeccaniche.<\/p>\n<p>&nbsp;<\/p>\n<hr \/>\n<h2><\/h2>\n<h2><a class=\"dt-pswp-item\" href=\"https:\/\/www.radiopiu.net\/wordpress\/wp-content\/uploads\/2024\/03\/borgo-valbelluna.png\" data-dt-img-description=\"\" data-large_image_width=\"267\" data-large_image_height=\"171\"><img loading=\"lazy\" decoding=\"async\" class=\" wp-image-377983 alignleft\" src=\"https:\/\/www.radiopiu.net\/wordpress\/wp-content\/uploads\/2024\/03\/borgo-valbelluna.png\" alt=\"\" width=\"205\" height=\"131\" \/><\/a>L&#8217;INCONTRO in vista delle imminenti elezioni<\/h2>\n<p><strong>BORGO VALBELLUNA<\/strong> I consiglieri comunali di minoranza, Oliviero Dall\u2019Asen, Milva Tremea, Dario Dal Magro e Gianluca Franco, hanno organizzato un incontro con i rappresentanti delle attivit\u00e0 produttive per martedi 19 marzo alle 20,15\u00a0 in sala delle conferenze del Palazzo delle Contesse a Mel.\u00a0 L\u2019obiettivo della riunione \u00e8 raccogliere necessit\u00e0, idee e suggerimenti per una migliore programmazione delle future attivit\u00e0 amministrative.<\/p>\n<p>&nbsp;<\/p>\n<p>&nbsp;<\/p>\n<hr \/>\n<p>&nbsp;<\/p>\n<div><\/div>\n<div>\n<blockquote>\n<h2><b><a class=\"dt-pswp-item\" href=\"https:\/\/www.radiopiu.net\/wordpress\/wp-content\/uploads\/2024\/03\/Ciclabile.jpg\" data-dt-img-description=\"\" data-large_image_width=\"1330\" data-large_image_height=\"715\"><img loading=\"lazy\" decoding=\"async\" class=\" wp-image-377962 alignleft\" src=\"https:\/\/www.radiopiu.net\/wordpress\/wp-content\/uploads\/2024\/03\/Ciclabile-300x161.jpg\" alt=\"\" width=\"278\" height=\"149\" srcset=\"https:\/\/www.radiopiu.net\/wordpress\/wp-content\/uploads\/2024\/03\/Ciclabile-300x161.jpg 300w, https:\/\/www.radiopiu.net\/wordpress\/wp-content\/uploads\/2024\/03\/Ciclabile-1024x550.jpg 1024w, https:\/\/www.radiopiu.net\/wordpress\/wp-content\/uploads\/2024\/03\/Ciclabile-768x413.jpg 768w, https:\/\/www.radiopiu.net\/wordpress\/wp-content\/uploads\/2024\/03\/Ciclabile.jpg 1330w\" sizes=\"auto, (max-width: 278px) 100vw, 278px\" \/><\/a>Ciclabile Soverzene-Soccher: via libera al progetto esecutivo di miglioramento<\/b><\/h2>\n<\/blockquote>\n<\/div>\n<p><strong>PONTE NELLE ALPI<\/strong> Il progetto di miglioramento della pista ciclabile Soverzene-Soccher \u00e8 stato approvato con un finanziamento regionale di 335mila euro, confermando il suo ruolo chiave nella promozione della ciclabilit\u00e0 e della mobilit\u00e0 sostenibile in provincia di Belluno. La pista, frequentata da oltre 50mila ciclisti, \u00e8 parte integrante del turismo locale, con la creazione di strutture di accoglienza lungo il percorso. L&#8217;amministrazione comunale di Ponte nelle Alpi ha dato il via libera al secondo stralcio per la sistemazione della ciclabile &#8220;Le risorgive&#8221;, contribuendo alla valorizzazione dell&#8217;area ambientale lungo il fiume Piave e consolidando il ruolo del comune come destinazione ciclabile di rilievo nazionale.<\/p>\n<p>&nbsp;<\/p>\n<hr \/>\n<blockquote>\n<h2><\/h2>\n<h2>In camper dal Cadore a Feltre: il filo dei diritti non si spezza, oggi dalle 7:30 alle 12:30<\/h2>\n<\/blockquote>\n<p><strong>\u00a0BELLUNO<\/strong> Il tessuto della Conoscenza nelle Dolomiti resiste, nonostante le sfide morfologiche e le pressioni esterne. La FLC CGIL bellunese accoglie il camper &#8220;Stesso Paese, stessi diritti&#8221; l&#8217;8 marzo per esplorare le dinamiche del territorio, tra spopolamento e risorse drenate da Venezia e Roma.<\/p>\n<p>&nbsp;<\/p>\n<hr \/>\n<p>&nbsp;<\/p>\n<p>&nbsp;<\/p>\n<blockquote>\n<h2>Maratona di Lettura 2024, Comune di Feltre e Parco Nazionale delle Dolomiti Bellunesi insieme per far conoscere il\u00a0 territorio<\/h2>\n<\/blockquote>\n<p><strong><a class=\"dt-pswp-item\" href=\"https:\/\/www.radiopiu.net\/wordpress\/wp-content\/uploads\/2021\/07\/PARCO-DOLOMITI-BELLUNESI.jpg\" data-dt-img-description=\"\" data-large_image_width=\"259\" data-large_image_height=\"440\"><img loading=\"lazy\" decoding=\"async\" class=\"wp-image-223150 alignleft\" src=\"https:\/\/www.radiopiu.net\/wordpress\/wp-content\/uploads\/2021\/07\/PARCO-DOLOMITI-BELLUNESI-177x300.jpg\" alt=\"\" width=\"83\" height=\"141\" srcset=\"https:\/\/www.radiopiu.net\/wordpress\/wp-content\/uploads\/2021\/07\/PARCO-DOLOMITI-BELLUNESI-177x300.jpg 177w, https:\/\/www.radiopiu.net\/wordpress\/wp-content\/uploads\/2021\/07\/PARCO-DOLOMITI-BELLUNESI.jpg 259w\" sizes=\"auto, (max-width: 83px) 100vw, 83px\" \/><\/a>FELTRE<\/strong> L&#8217;edizione 2024 della Maratona di Lettura, che negli anni \u00e8 andata sempre pi\u00f9 configurandosi come un festival culturale, quest&#8217;anno \u00e8 dedicata\u00a0 a Mario Tozzi, ricercatore\u00a0 e divulgatore scientifico, e si pone l&#8217;obiettivo di riflettere e far riflettere su alcuni temi ambientali di maggior interesse quali l&#8217;acqua, la biodiversit\u00e0, i cambiamenti climatici. Da qui l&#8217;avvio del dialogo e il successivo accordo siglato tra il Comune di Feltre e il Parco Nazionale Dolomiti Bellunesi per promuovere, all&#8217;interno della manifestazione, la realt\u00e0 ambientale che lo contraddistingue, con iniziative dirette a farne conoscere il territorio, la diversit\u00e0 biologica e la variet\u00e0 floro-faunistica. <em>\u201cE&#8217; stato per noi naturale accogliere l&#8217;invito del Comune di Feltre, splendida citt\u00e0 d&#8217;arte che ospita, tra l&#8217;altro, la sede del nostro Ente\u201d, commenta il presidente del Parco Nazionale delle Dolomiti Bellunesi Ennio Vigne, che aggiunge: \u201cl&#8217;acqua, tema centrale della prossima Maratona di Lettura, ben rappresenta la straordinaria ricchezza dell&#8217;ambiente che ci ospita e che il Parco \u00e8 impegnato a valorizzare\u201d. <\/em>L&#8217;Ente Parco sosterr\u00e0 il programma della manifestazione e alcune iniziative specifiche con un contributo economico di 5 mila euro.<\/p>\n<p>&nbsp;<\/p>\n<p>&nbsp;<\/p>\n<hr \/>\n<p>&nbsp;<\/p>\n<blockquote>\n<h2><a class=\"dt-pswp-item\" href=\"https:\/\/www.radiopiu.net\/wordpress\/wp-content\/uploads\/2024\/03\/20240307-presentazione-Agrimont_palazzo_Piloni_02.jpg\" data-dt-img-description=\"\" data-large_image_width=\"2200\" data-large_image_height=\"1255\"><img loading=\"lazy\" decoding=\"async\" class=\"size-medium wp-image-378022 alignleft\" src=\"https:\/\/www.radiopiu.net\/wordpress\/wp-content\/uploads\/2024\/03\/20240307-presentazione-Agrimont_palazzo_Piloni_02-300x171.jpg\" alt=\"\" width=\"300\" height=\"171\" srcset=\"https:\/\/www.radiopiu.net\/wordpress\/wp-content\/uploads\/2024\/03\/20240307-presentazione-Agrimont_palazzo_Piloni_02-300x171.jpg 300w, https:\/\/www.radiopiu.net\/wordpress\/wp-content\/uploads\/2024\/03\/20240307-presentazione-Agrimont_palazzo_Piloni_02-1024x584.jpg 1024w, https:\/\/www.radiopiu.net\/wordpress\/wp-content\/uploads\/2024\/03\/20240307-presentazione-Agrimont_palazzo_Piloni_02-768x438.jpg 768w, https:\/\/www.radiopiu.net\/wordpress\/wp-content\/uploads\/2024\/03\/20240307-presentazione-Agrimont_palazzo_Piloni_02-1536x876.jpg 1536w, https:\/\/www.radiopiu.net\/wordpress\/wp-content\/uploads\/2024\/03\/20240307-presentazione-Agrimont_palazzo_Piloni_02-2048x1168.jpg 2048w\" sizes=\"auto, (max-width: 300px) 100vw, 300px\" \/><\/a>Prodotti tipici, sapori e saperi, approfondimenti protagonisti ad Agrimont 2024<\/h2>\n<\/blockquote>\n<p><strong>LONGARONE<\/strong> Agrimont 2024 si preannuncia come un evento di grande successo, con tutti gli spazi di Longarone Fiere Dolomiti gi\u00e0 occupati a meno di dieci giorni dall&#8217;inaugurazione. La fiera dell&#8217;agricoltura di montagna, in programma dal 16 al 24 marzo, accoglier\u00e0 238 marchi aziendali, di cui 195 provenienti da 13 regioni italiane e 43 da 12 Paesi esteri. Il programma include eventi di approfondimento tecnico per i professionisti e momenti pi\u00f9 accessibili al grande pubblico, come il percorso sensoriale dei diversi mieli e la degustazione di vini abbinati ai formaggi. Saranno presenti anche momenti dedicati alla sicurezza sul lavoro, con un simulatore di ribaltamento di un trattore, e spazi interattivi per i bambini, come una piccola fattoria con animali tipici della zootecnia. La fiera celebrer\u00e0 anche la Giornata Europea del Gelato Artigianale il 24 marzo, con una degustazione del gusto dell&#8217;anno, Gaufre de Li\u00e8ge, e la premiazione degli agriturismi che producono gelato in casa. INFO Agrimont sar\u00e0 inaugurata sabato 16 marzo alle 11.30. Nelle giornate di apertura sar\u00e0 attiva tutto il giorno (il venerd\u00ec dalle 14.30 alle 19, il sabato e la domenica dalle 9 alle 19).<\/p>\n<p>&nbsp;<\/p>\n<hr \/>\n<p>&nbsp;<\/p>\n<blockquote>\n<h3>BRUSA LA VECIA A VOLPEZ DI SOSPIROLO<\/h3>\n<\/blockquote>\n<p><strong>SOSPIROLO\u00a0<\/strong>Tempo di fal\u00f2 in Veneto e anche in provincia di Belluno. A Volpez di Sospirolo il tradizionale Brusa La Vecia con relativo testamento prima dell&#8217;accensione del fuoco. E Radio Pi\u00f9 nominata dalla &#8220;vecia&#8221;.<\/p>\n\n\t\t\t<style type='text\/css'>\n\t\t\t\t#gallery-1 {\n\t\t\t\t\tmargin: auto;\n\t\t\t\t}\n\t\t\t\t#gallery-1 .gallery-item {\n\t\t\t\t\tfloat: left;\n\t\t\t\t\tmargin-top: 10px;\n\t\t\t\t\ttext-align: center;\n\t\t\t\t\twidth: 33%;\n\t\t\t\t}\n\t\t\t\t#gallery-1 img {\n\t\t\t\t\tborder: 2px solid #cfcfcf;\n\t\t\t\t}\n\t\t\t\t#gallery-1 .gallery-caption {\n\t\t\t\t\tmargin-left: 0;\n\t\t\t\t}\n\t\t\t\t\/* see gallery_shortcode() in wp-includes\/media.php *\/\n\t\t\t<\/style>\n\t\t<div id='gallery-1' class='dt-gallery-container gallery galleryid-377845 gallery-columns-3 gallery-size-thumbnail'><dl class='gallery-item'>\n\t\t\t\t<dt class='gallery-icon portrait'>\n\t\t\t\t\t<a class=\"rollover rollover-zoom dt-pswp-item\" title=\"92ed1d21-295d-4661-b32a-dc7d68769a9c\" data-dt-img-description=\"\" data-large_image_width=\"1200\" data-large_image_height=\"1600\"href='https:\/\/www.radiopiu.net\/wordpress\/wp-content\/uploads\/2024\/03\/92ed1d21-295d-4661-b32a-dc7d68769a9c.jpg'><img loading=\"lazy\" decoding=\"async\" width=\"150\" height=\"150\" src=\"https:\/\/www.radiopiu.net\/wordpress\/wp-content\/uploads\/2024\/03\/92ed1d21-295d-4661-b32a-dc7d68769a9c-150x150.jpg\" class=\"attachment-thumbnail size-thumbnail\" alt=\"\" \/><\/a>\n\t\t\t\t<\/dt><\/dl><dl class='gallery-item'>\n\t\t\t\t<dt class='gallery-icon portrait'>\n\t\t\t\t\t<a class=\"rollover rollover-zoom dt-pswp-item\" title=\"e3132e7a-2d94-4b3e-a37d-74c0ce3df56d\" data-dt-img-description=\"\" data-large_image_width=\"1530\" data-large_image_height=\"2040\"href='https:\/\/www.radiopiu.net\/wordpress\/wp-content\/uploads\/2024\/03\/e3132e7a-2d94-4b3e-a37d-74c0ce3df56d.jpg'><img loading=\"lazy\" decoding=\"async\" width=\"150\" height=\"150\" src=\"https:\/\/www.radiopiu.net\/wordpress\/wp-content\/uploads\/2024\/03\/e3132e7a-2d94-4b3e-a37d-74c0ce3df56d-150x150.jpg\" class=\"attachment-thumbnail size-thumbnail\" alt=\"\" \/><\/a>\n\t\t\t\t<\/dt><\/dl><dl class='gallery-item'>\n\t\t\t\t<dt class='gallery-icon portrait'>\n\t\t\t\t\t<a class=\"rollover rollover-zoom dt-pswp-item\" title=\"abe2e771-2d88-45a1-b52c-86862fdbe54f\" data-dt-img-description=\"\" data-large_image_width=\"1530\" data-large_image_height=\"2040\"href='https:\/\/www.radiopiu.net\/wordpress\/wp-content\/uploads\/2024\/03\/abe2e771-2d88-45a1-b52c-86862fdbe54f.jpg'><img loading=\"lazy\" decoding=\"async\" width=\"150\" height=\"150\" src=\"https:\/\/www.radiopiu.net\/wordpress\/wp-content\/uploads\/2024\/03\/abe2e771-2d88-45a1-b52c-86862fdbe54f-150x150.jpg\" class=\"attachment-thumbnail size-thumbnail\" alt=\"\" \/><\/a>\n\t\t\t\t<\/dt><\/dl><br style=\"clear: both\" \/><dl class='gallery-item'>\n\t\t\t\t<dt class='gallery-icon portrait'>\n\t\t\t\t\t<a class=\"rollover rollover-zoom dt-pswp-item\" title=\"d8088f0e-4358-49d9-a960-7bb1eb75df2e\" data-dt-img-description=\"\" data-large_image_width=\"1530\" data-large_image_height=\"2040\"href='https:\/\/www.radiopiu.net\/wordpress\/wp-content\/uploads\/2024\/03\/d8088f0e-4358-49d9-a960-7bb1eb75df2e.jpg'><img loading=\"lazy\" decoding=\"async\" width=\"150\" height=\"150\" src=\"https:\/\/www.radiopiu.net\/wordpress\/wp-content\/uploads\/2024\/03\/d8088f0e-4358-49d9-a960-7bb1eb75df2e-150x150.jpg\" class=\"attachment-thumbnail size-thumbnail\" alt=\"\" \/><\/a>\n\t\t\t\t<\/dt><\/dl><dl class='gallery-item'>\n\t\t\t\t<dt class='gallery-icon portrait'>\n\t\t\t\t\t<a class=\"rollover rollover-zoom dt-pswp-item\" title=\"a7b5d85d-c3e4-4316-8e64-b23044973575\" data-dt-img-description=\"\" data-large_image_width=\"1080\" data-large_image_height=\"1920\"href='https:\/\/www.radiopiu.net\/wordpress\/wp-content\/uploads\/2024\/03\/a7b5d85d-c3e4-4316-8e64-b23044973575.jpg'><img loading=\"lazy\" decoding=\"async\" width=\"150\" height=\"150\" src=\"https:\/\/www.radiopiu.net\/wordpress\/wp-content\/uploads\/2024\/03\/a7b5d85d-c3e4-4316-8e64-b23044973575-150x150.jpg\" class=\"attachment-thumbnail size-thumbnail\" alt=\"\" \/><\/a>\n\t\t\t\t<\/dt><\/dl><dl class='gallery-item'>\n\t\t\t\t<dt class='gallery-icon portrait'>\n\t\t\t\t\t<a class=\"rollover rollover-zoom dt-pswp-item\" title=\"43c6c78f-68df-46ab-bacb-27db75237cf0\" data-dt-img-description=\"\" data-large_image_width=\"1080\" data-large_image_height=\"1920\"href='https:\/\/www.radiopiu.net\/wordpress\/wp-content\/uploads\/2024\/03\/43c6c78f-68df-46ab-bacb-27db75237cf0.jpg'><img loading=\"lazy\" decoding=\"async\" width=\"150\" height=\"150\" src=\"https:\/\/www.radiopiu.net\/wordpress\/wp-content\/uploads\/2024\/03\/43c6c78f-68df-46ab-bacb-27db75237cf0-150x150.jpg\" class=\"attachment-thumbnail size-thumbnail\" alt=\"\" \/><\/a>\n\t\t\t\t<\/dt><\/dl><br style=\"clear: both\" \/>\n\t\t\t<\/div>\n\n<p>&nbsp;<\/p>\n<hr \/>\n<div><\/div>\n<div>\n<p><span style=\"color: #ff0000;\">I VERSI D&#8217;ARCHIVIO, DI JOHN FRANCIS DELLA PIETRA <strong>NELLA RACCOLTA INTERNA<\/strong><\/span><\/p>\n<blockquote class=\"wp-embedded-content\" data-secret=\"q6yjyYdFPj\"><p><a href=\"https:\/\/www.radiopiu.net\/wordpress\/377958-2\/\">8 MARZO, Oggi sugli scudi siete voi amate donne&#8230;<\/a><\/p><\/blockquote>\n<p><iframe loading=\"lazy\" class=\"wp-embedded-content\" sandbox=\"allow-scripts\" security=\"restricted\" style=\"position: absolute; clip: rect(1px, 1px, 1px, 1px);\" title=\"&#8220;8 MARZO, Oggi sugli scudi siete voi amate donne&#8230;&#8221; &#8212; Radio Pi\u00f9\" src=\"https:\/\/www.radiopiu.net\/wordpress\/377958-2\/embed\/#?secret=dg70XH2UL0#?secret=q6yjyYdFPj\" data-secret=\"q6yjyYdFPj\" width=\"600\" height=\"338\" frameborder=\"0\" marginwidth=\"0\" marginheight=\"0\" scrolling=\"no\"><\/iframe><\/p>\n<p><strong>\u00a0<\/strong><\/p>\n<p><strong>LA NOSTRA&#8230;. MIMOSA<\/strong><\/p>\n\n\t\t\t<style type='text\/css'>\n\t\t\t\t#gallery-2 {\n\t\t\t\t\tmargin: auto;\n\t\t\t\t}\n\t\t\t\t#gallery-2 .gallery-item {\n\t\t\t\t\tfloat: left;\n\t\t\t\t\tmargin-top: 10px;\n\t\t\t\t\ttext-align: center;\n\t\t\t\t\twidth: 33%;\n\t\t\t\t}\n\t\t\t\t#gallery-2 img {\n\t\t\t\t\tborder: 2px solid #cfcfcf;\n\t\t\t\t}\n\t\t\t\t#gallery-2 .gallery-caption {\n\t\t\t\t\tmargin-left: 0;\n\t\t\t\t}\n\t\t\t\t\/* see gallery_shortcode() in wp-includes\/media.php *\/\n\t\t\t<\/style>\n\t\t<div id='gallery-2' class='dt-gallery-container gallery galleryid-377845 gallery-columns-3 gallery-size-thumbnail'><dl class='gallery-item'>\n\t\t\t\t<dt class='gallery-icon landscape'>\n\t\t\t\t\t<a class=\"rollover rollover-zoom dt-pswp-item\" title=\"bf3df771-ffc5-4c46-a9a2-c14a4e7ec126\" data-dt-img-description=\"\" data-large_image_width=\"1600\" data-large_image_height=\"1200\"href='https:\/\/www.radiopiu.net\/wordpress\/wp-content\/uploads\/2023\/03\/bf3df771-ffc5-4c46-a9a2-c14a4e7ec126.jpg'><img loading=\"lazy\" decoding=\"async\" width=\"150\" height=\"150\" src=\"https:\/\/www.radiopiu.net\/wordpress\/wp-content\/uploads\/2023\/03\/bf3df771-ffc5-4c46-a9a2-c14a4e7ec126-150x150.jpg\" class=\"attachment-thumbnail size-thumbnail\" alt=\"\" \/><\/a>\n\t\t\t\t<\/dt><\/dl><dl class='gallery-item'>\n\t\t\t\t<dt class='gallery-icon landscape'>\n\t\t\t\t\t<a class=\"rollover rollover-zoom dt-pswp-item\" title=\"35467315-e1e1-4424-9df1-a12bc25ac87c\" data-dt-img-description=\"\" data-large_image_width=\"2000\" data-large_image_height=\"1500\"href='https:\/\/www.radiopiu.net\/wordpress\/wp-content\/uploads\/2023\/03\/35467315-e1e1-4424-9df1-a12bc25ac87c.jpg'><img loading=\"lazy\" decoding=\"async\" width=\"150\" height=\"150\" src=\"https:\/\/www.radiopiu.net\/wordpress\/wp-content\/uploads\/2023\/03\/35467315-e1e1-4424-9df1-a12bc25ac87c-150x150.jpg\" class=\"attachment-thumbnail size-thumbnail\" alt=\"\" \/><\/a>\n\t\t\t\t<\/dt><\/dl><dl class='gallery-item'>\n\t\t\t\t<dt class='gallery-icon landscape'>\n\t\t\t\t\t<a class=\"rollover rollover-zoom dt-pswp-item\" title=\"80ed3264-677b-4d31-af54-5301996b594a\" data-dt-img-description=\"\" data-large_image_width=\"2000\" data-large_image_height=\"1500\"href='https:\/\/www.radiopiu.net\/wordpress\/wp-content\/uploads\/2023\/03\/80ed3264-677b-4d31-af54-5301996b594a.jpg'><img loading=\"lazy\" decoding=\"async\" width=\"150\" height=\"150\" src=\"https:\/\/www.radiopiu.net\/wordpress\/wp-content\/uploads\/2023\/03\/80ed3264-677b-4d31-af54-5301996b594a-150x150.jpg\" class=\"attachment-thumbnail size-thumbnail\" alt=\"\" \/><\/a>\n\t\t\t\t<\/dt><\/dl><br style=\"clear: both\" \/>\n\t\t\t<\/div>\n\n<p>&nbsp;<\/p>\n<\/div>\n<div><\/div>\n<div>\n<hr \/>\n<\/div>\n<p>&nbsp;<\/p>\n<blockquote>\n<h3>L\u2019ATTENZIONE DI APPIA CNA BELLUNO ALLE IMPRESE FEMMINILI BELLUNESI<\/h3>\n<\/blockquote>\n<p><strong><a class=\"dt-pswp-item\" href=\"https:\/\/www.radiopiu.net\/wordpress\/wp-content\/uploads\/2024\/03\/Fontana-Moira-Presidente-Comitato-Impresa-Donna.jpg\" data-dt-img-description=\"\" data-large_image_width=\"2133\" data-large_image_height=\"1938\"><img loading=\"lazy\" decoding=\"async\" class=\" wp-image-378029 alignleft\" src=\"https:\/\/www.radiopiu.net\/wordpress\/wp-content\/uploads\/2024\/03\/Fontana-Moira-Presidente-Comitato-Impresa-Donna-300x273.jpg\" alt=\"\" width=\"141\" height=\"128\" srcset=\"https:\/\/www.radiopiu.net\/wordpress\/wp-content\/uploads\/2024\/03\/Fontana-Moira-Presidente-Comitato-Impresa-Donna-300x273.jpg 300w, https:\/\/www.radiopiu.net\/wordpress\/wp-content\/uploads\/2024\/03\/Fontana-Moira-Presidente-Comitato-Impresa-Donna-1024x930.jpg 1024w, https:\/\/www.radiopiu.net\/wordpress\/wp-content\/uploads\/2024\/03\/Fontana-Moira-Presidente-Comitato-Impresa-Donna-768x698.jpg 768w, https:\/\/www.radiopiu.net\/wordpress\/wp-content\/uploads\/2024\/03\/Fontana-Moira-Presidente-Comitato-Impresa-Donna-1536x1396.jpg 1536w, https:\/\/www.radiopiu.net\/wordpress\/wp-content\/uploads\/2024\/03\/Fontana-Moira-Presidente-Comitato-Impresa-Donna-2048x1861.jpg 2048w\" sizes=\"auto, (max-width: 141px) 100vw, 141px\" \/><\/a>BELLUNO <\/strong>In occasione della Giornata Internazionale della Donna, Appia CNA Belluno, tramite il Comitato Imprenditoria Femminile, dedica una newsletter speciale alle imprese bellunesi gestite da donne. La pubblicazione approfondisce i profili valoriali e gli stili di leadership di donne imprenditrici di successo, con testimonianze significative. Si evidenziano le storie di Francesca Bona e Marta De Gasperin. La newsletter include anche un approfondimento nazionale sulla storia di Marisa Bellisario e il discorso del presidente Mattarella. Appia CNA Belluno sostiene strumenti come la Certificazione di Parit\u00e0 e promuove azioni a livello nazionale per ottenere diritti e pari opportunit\u00e0, accogliendo con favore leggi regionali e direttive europee a favore della parit\u00e0 retributiva di genere. La Legge Regionale n. 3 del 15 febbraio 2022, ad esempio, introduce misure contro la differenza salariale di genere e sostiene una cultura antidiscriminatoria e la conciliazione dei tempi di vita e lavoro delle donne.<\/p>\n<p>&nbsp;<\/p>\n<p>&nbsp;<\/p>\n<hr \/>\n<p>&nbsp;<\/p>\n<div>\n<blockquote>\n<h3 class=\"titolonews\"><a class=\"dt-pswp-item\" href=\"https:\/\/www.radiopiu.net\/wordpress\/wp-content\/uploads\/2021\/03\/ELENA-DONAZZAN.png\" data-dt-img-description=\"\" data-large_image_width=\"1266\" data-large_image_height=\"1146\"><img loading=\"lazy\" decoding=\"async\" class=\"wp-image-195881 alignright\" src=\"https:\/\/www.radiopiu.net\/wordpress\/wp-content\/uploads\/2021\/03\/ELENA-DONAZZAN-300x272.png\" alt=\"\" width=\"114\" height=\"103\" srcset=\"https:\/\/www.radiopiu.net\/wordpress\/wp-content\/uploads\/2021\/03\/ELENA-DONAZZAN-300x272.png 300w, https:\/\/www.radiopiu.net\/wordpress\/wp-content\/uploads\/2021\/03\/ELENA-DONAZZAN-1024x927.png 1024w, https:\/\/www.radiopiu.net\/wordpress\/wp-content\/uploads\/2021\/03\/ELENA-DONAZZAN-768x695.png 768w, https:\/\/www.radiopiu.net\/wordpress\/wp-content\/uploads\/2021\/03\/ELENA-DONAZZAN.png 1266w\" sizes=\"auto, (max-width: 114px) 100vw, 114px\" \/><\/a>8 MARZO. DONAZZAN, \u201c40 MILIONI DI EURO FINO AL 2030 PER PROGETTI VOLTI ALL&#8217;AFFERMAZIONE DEL RUOLO DELLE DONNE NELLA SOCIET\u00c0\u201d<\/h3>\n<\/blockquote>\n<p><strong>\u00a0VENEZIA<\/strong> La Regione Veneto presenta un sostanzioso programma per promuovere la piena realizzazione della donna nel lavoro,\u00a0 sociale e culturale, evidenziando il persistente divario di genere nonostante il forte tasso di partecipazione femminile al mercato del lavoro. Il nuovo programma regionale, finanziato dal FSE+, prevede oltre 40 milioni di euro per colmare i divari di genere, con progetti mirati alla lotta agli stereotipi, alla conciliazione vita-lavoro e alla partecipazione femminile nei processi decisionali. Una campagna informativa, convegni territoriali e formazione mirata nelle scuole sono tra le iniziative promosse per sensibilizzare alla cultura della non discriminazione. La Regione si impegna anche nell&#8217;applicazione della Legge per la promozione della parit\u00e0 retributiva e il sostegno all&#8217;occupazione femminile stabile e di qualit\u00e0. <em>\u201cPer contribuire a colmare i divari di genere nel mondo del lavoro &#8211; ha detto l&#8217;assessore Elena Donazzan (foto)-\u00a0 \u00a0sono state individuate tre dimensioni d\u2019azione: culturale di lotta contro gli stereotipi e la discriminazione basati sul genere; di conciliazione vita-lavoro attraverso formule di lavoro flessibile, welfare innovativo, voucher di conciliazione; di partecipazione delle donne anche nei processi decisionali, sostenendo percorsi di autoimprenditorialit\u00e0&#8221;.<\/em><\/p>\n<\/div>\n<div><\/div>\n<div><\/div>\n<div>\n<hr \/>\n<\/div>\n<div>\n<p><strong>\u00a0<\/strong><\/p>\n<blockquote>\n<h3><a class=\"dt-pswp-item\" href=\"https:\/\/www.radiopiu.net\/wordpress\/wp-content\/uploads\/2022\/10\/MARCOLIN-LONGARONE.jpg\" data-dt-img-description=\"\" data-large_image_width=\"570\" data-large_image_height=\"400\"><img loading=\"lazy\" decoding=\"async\" class=\" wp-image-301678 alignleft\" src=\"https:\/\/www.radiopiu.net\/wordpress\/wp-content\/uploads\/2022\/10\/MARCOLIN-LONGARONE-300x211.jpg\" alt=\"\" width=\"191\" height=\"134\" srcset=\"https:\/\/www.radiopiu.net\/wordpress\/wp-content\/uploads\/2022\/10\/MARCOLIN-LONGARONE-300x211.jpg 300w, https:\/\/www.radiopiu.net\/wordpress\/wp-content\/uploads\/2022\/10\/MARCOLIN-LONGARONE.jpg 570w\" sizes=\"auto, (max-width: 191px) 100vw, 191px\" \/><\/a>MARCOLIN OTTIENE LA CERTIFICAZIONE SULLA PARITA&#8217; DI GENERE<\/h3>\n<\/blockquote>\n<p><strong>LONGARONE<\/strong><\/p>\n<p>DI ROBERTO BONA<\/p>\n<audio class=\"wp-audio-shortcode\" id=\"audio-377845-9\" preload=\"none\" style=\"width: 100%;\" controls=\"controls\"><source type=\"audio\/mpeg\" src=\"https:\/\/www.radiopiu.net\/wordpress\/wp-content\/uploads\/2024\/03\/BONA-MARCOLIN-OTTIENE-LA-CERTIFICAZIONE-SULLA-PARITA-DI-GENERE.mp3?_=9\" \/><a href=\"https:\/\/www.radiopiu.net\/wordpress\/wp-content\/uploads\/2024\/03\/BONA-MARCOLIN-OTTIENE-LA-CERTIFICAZIONE-SULLA-PARITA-DI-GENERE.mp3\">https:\/\/www.radiopiu.net\/wordpress\/wp-content\/uploads\/2024\/03\/BONA-MARCOLIN-OTTIENE-LA-CERTIFICAZIONE-SULLA-PARITA-DI-GENERE.mp3<\/a><\/audio>\n<p>&nbsp;<\/p>\n<hr \/>\n<p>&nbsp;<\/p>\n<blockquote>\n<h2><strong>L&#8217;8 marzo, Giornata Internazionale dei Diritti della Donna, a Feltre.<\/strong><\/h2>\n<\/blockquote>\n<p><strong>\u00a0FELTRE<\/strong> La Giornata Internazionale della Donna a Feltre,\u00a0 l&#8217;8 marzo, offre diverse iniziative grazie alla collaborazione con associazioni locali. Nel pomeriggio, una passeggiata culturale intitolata &#8220;Donne che parlano di donne&#8221; condotta da Isabella Pilo. In serata alle 20 presso la stessa galleria, la Polisportiva Feltrese e il Corto \u201cVoci Incanto\u201d presentano una serata di canti e letture tematiche curate da Rosa Lusa.<\/p>\n<\/div>\n<p>&nbsp;<\/p>\n<p>&nbsp;<\/p>\n<hr \/>\n<p>&nbsp;<\/p>\n<blockquote>\n<h3>L&#8217;8 MARZO CON LA CIGL<\/h3>\n<\/blockquote>\n<p><strong><a class=\"dt-pswp-item\" href=\"https:\/\/www.radiopiu.net\/wordpress\/wp-content\/uploads\/2020\/12\/CGIL.jpg\" data-dt-img-description=\"\" data-large_image_width=\"512\" data-large_image_height=\"285\"><img loading=\"lazy\" decoding=\"async\" class=\" wp-image-180372 alignleft\" src=\"https:\/\/www.radiopiu.net\/wordpress\/wp-content\/uploads\/2020\/12\/CGIL-300x167.jpg\" alt=\"\" width=\"153\" height=\"85\" srcset=\"https:\/\/www.radiopiu.net\/wordpress\/wp-content\/uploads\/2020\/12\/CGIL-300x167.jpg 300w, https:\/\/www.radiopiu.net\/wordpress\/wp-content\/uploads\/2020\/12\/CGIL.jpg 512w\" sizes=\"auto, (max-width: 153px) 100vw, 153px\" \/><\/a>BELLUNO <\/strong>Oggi, la Flc Cgil Veneto sciopera per contrastare i femminicidi e la violenza di genere, promuovendo politiche concrete per sostenere il lavoro femminile e garantire salario, diritti e accesso dignitoso alla pensione. Marta Viotto, Segretaria Generale Flc Cgil Veneto, sottolinea che le condizioni precarie e i salari bassi colpiscono in particolare le donne nel mondo della scuola. A Belluno, in occasione dell&#8217;arrivo del &#8220;Camper dei diritti&#8221;, si terr\u00e0 una tavola rotonda intitolata &#8220;La forza delle donne&#8221;, con la partecipazione di studentesse, lavoratrici e pensionate, e la conclusione affidata a Gianna Fracassi, Segretaria Generale Nazionale Flc Cgil.<\/p>\n<p>&nbsp;<\/p>\n<p>&nbsp;<\/p>\n<hr \/>\n<p>&nbsp;<\/p>\n<p>&nbsp;<\/p>\n<blockquote>\n<h3><strong><a class=\"dt-pswp-item\" href=\"https:\/\/www.radiopiu.net\/wordpress\/wp-content\/uploads\/2024\/03\/Senza-nome-33.png\" data-dt-img-description=\"\" data-large_image_width=\"294\" data-large_image_height=\"160\"><img loading=\"lazy\" decoding=\"async\" class=\"size-full wp-image-378011 alignleft\" src=\"https:\/\/www.radiopiu.net\/wordpress\/wp-content\/uploads\/2024\/03\/Senza-nome-33.png\" alt=\"\" width=\"294\" height=\"160\" \/><\/a>Promozione della Parit\u00e0 di Genere da Confartigianato Belluno: Un Passo Verso l&#8217;Equit\u00e0 nel Lavoro<\/strong><\/h3>\n<\/blockquote>\n<p><strong>BELLUNO <\/strong>Confartigianato Belluno ha ottenuto nel 2023 la Certificazione di Parit\u00e0 di Genere, promuovendo un cambiamento culturale nel mondo del lavoro e dell&#8217;equit\u00e0. Claudia Scarzanella, Presidente di Confartigianato Imprese Belluno, sottolinea l&#8217;importanza dell&#8217;impegno delle donne come portatrici di valori di equit\u00e0. L&#8217;Associazione rende omaggio alle donne artigiane, fondamentali per l&#8217;artigianato bellunese, contando 625 imprese artigiane femminili, il 13,6% del totale. Roberta De Salvador, Presidente del Gruppo Donne di Confartigianato Belluno, sottolinea che il 8 marzo \u00e8 l&#8217;occasione per celebrare l&#8217;importanza della collaborazione tra uomini e donne. La Giornata Internazionale dei Diritti della Donna sottolinea le conquiste ottenute nella lotta per la parit\u00e0 dei diritti, celebrando il lavoro femminile come componente fondamentale dello sviluppo occupazionale. Tuttavia, persistono squilibri di genere nelle posizioni apicali aziendali, dovuti a discriminazioni e ostacoli legati alla maternit\u00e0 e alla discontinuit\u00e0 lavorativa.<\/p>\n<div class=\"w-full pt-2 md:pt-0 dark:border-white\/20 md:border-transparent md:dark:border-transparent md:w-[calc(100%-.5rem)]\">\n<form class=\"stretch mx-2 flex flex-row gap-3 last:mb-2 md:mx-4 md:last:mb-6 lg:mx-auto lg:max-w-2xl xl:max-w-3xl\">\n<div class=\"relative flex h-full flex-1 flex-col\">\n<div class=\"flex w-full items-center\"><\/div>\n<div><\/div>\n<div>\n<hr \/>\n<\/div>\n<blockquote>\n<h3><strong>\u00a0<\/strong><\/h3>\n<h3><strong>BERTON (CONFINDUSTRIA BELLUNO DOLOMITI): \u201cAZIENDE MOBILITATE PER L&#8217;EQUIT\u00c0 DI GENERE,\u00a0 LA POLITICA FACCIA LA SUA PARTE. IN MONTAGNA SERVE POTENZIARE LA RETE DEI SERVIZI\u201d<\/strong><\/h3>\n<\/blockquote>\n<div><strong>\u00a0BELLUNO<\/strong> Lorraine Berton, presidente di Confindustria Belluno Dolomiti, sottolinea che per raggiungere una vera equit\u00e0 di genere sono necessari servizi a sostegno delle persone e delle famiglie, come asili, case, e sgravi per colf e badanti. Anche la politica deve intervenire con azioni concrete. Numerose aziende stanno avviando l&#8217;iter per la certificazione di genere, introdotta nel 2021 nell&#8217;ambito degli obiettivi del PNRR. Flavio Mares, consigliere con delega al Sociale di Confindustria Belluno Dolomiti, spiega che la certificazione permette di intraprendere un percorso virtuoso in materia di retribuzione, formazione e conciliazione vita-lavoro. In occasione della Giornata internazionale della donna, Confindustria Belluno Dolomiti ricorda le donne vittime di violenza, sottolineando che contrastare questa piaga \u00e8 essenziale per una vera inclusione e parit\u00e0.<\/div>\n<div><\/div>\n<div><\/div>\n<div><\/div>\n<div>\n<hr \/>\n<\/div>\n<div><\/div>\n<blockquote>\n<h3><a class=\"dt-pswp-item\" href=\"https:\/\/www.radiopiu.net\/wordpress\/wp-content\/uploads\/2024\/03\/ee5a0546-b1cd-4c75-be00-58435b134846.jpg\" data-dt-img-description=\"\" data-large_image_width=\"1600\" data-large_image_height=\"531\"><img loading=\"lazy\" decoding=\"async\" class=\"size-medium wp-image-377589 alignleft\" src=\"https:\/\/www.radiopiu.net\/wordpress\/wp-content\/uploads\/2024\/03\/ee5a0546-b1cd-4c75-be00-58435b134846-300x100.jpg\" alt=\"\" width=\"300\" height=\"100\" srcset=\"https:\/\/www.radiopiu.net\/wordpress\/wp-content\/uploads\/2024\/03\/ee5a0546-b1cd-4c75-be00-58435b134846-300x100.jpg 300w, https:\/\/www.radiopiu.net\/wordpress\/wp-content\/uploads\/2024\/03\/ee5a0546-b1cd-4c75-be00-58435b134846-1024x340.jpg 1024w, https:\/\/www.radiopiu.net\/wordpress\/wp-content\/uploads\/2024\/03\/ee5a0546-b1cd-4c75-be00-58435b134846-768x255.jpg 768w, https:\/\/www.radiopiu.net\/wordpress\/wp-content\/uploads\/2024\/03\/ee5a0546-b1cd-4c75-be00-58435b134846-1536x510.jpg 1536w, https:\/\/www.radiopiu.net\/wordpress\/wp-content\/uploads\/2024\/03\/ee5a0546-b1cd-4c75-be00-58435b134846.jpg 1600w\" sizes=\"auto, (max-width: 300px) 100vw, 300px\" \/><\/a>IN CAMERA DI COMMERCIO IL COMITATO PER L&#8217;IMPRENDITORIA FEMMINILE UN DIALOGO CONTINUO PER FARE IMPRESA IN UN\u2019OTTICA DI GENERE<\/h3>\n<\/blockquote>\n<div><strong>\u00a0TREVISO-BELLUNO<\/strong> Il Comitato per l&#8217;Imprenditoria Femminile presso la Camera di Commercio di Treviso-Belluno \u00e8 un&#8217;importante istituzione che promuove e valorizza il ruolo delle donne nel mondo imprenditoriale. Fondato secondo un protocollo d&#8217;intesa, ha l&#8217;obiettivo di sviluppare e qualificare la presenza femminile nel mondo del lavoro e dell&#8217;imprenditoria. Attraverso iniziative di formazione, informazione e assistenza, il Comitato favorisce l&#8217;accesso al credito, la divulgazione delle attivit\u00e0 di ricerca e lo sviluppo locale. Ogni anno organizza il Premio Imprenditoria Femminile, che nel 2023 ha premiato imprese femminili impegnate nell&#8217;innovazione e nella sostenibilit\u00e0. La composizione del Comitato riflette una rappresentanza diversificata dei settori economici, con Barbara Barbon come presidente e un gruppo di vicepresidenti e membri provenienti da vari settori, dall&#8217;artigianato all&#8217;industria, al commercio-servizi e all&#8217;agricoltura.<\/div>\n<div><\/div>\n<div><\/div>\n<div>\n<hr \/>\n<\/div>\n<div><\/div>\n<div><\/div>\n<\/div>\n<blockquote>\n<h1>BRUSA LA VECIA BRIBANO<\/h1>\n<p><strong>SEDICO Brusa la Vecia A Bribano, grazie a Lorenzo De Barba<\/strong><\/p>\n<p><strong>FOTO<\/strong><\/p>\n\n\t\t\t<style type='text\/css'>\n\t\t\t\t#gallery-3 {\n\t\t\t\t\tmargin: auto;\n\t\t\t\t}\n\t\t\t\t#gallery-3 .gallery-item {\n\t\t\t\t\tfloat: left;\n\t\t\t\t\tmargin-top: 10px;\n\t\t\t\t\ttext-align: center;\n\t\t\t\t\twidth: 33%;\n\t\t\t\t}\n\t\t\t\t#gallery-3 img {\n\t\t\t\t\tborder: 2px solid #cfcfcf;\n\t\t\t\t}\n\t\t\t\t#gallery-3 .gallery-caption {\n\t\t\t\t\tmargin-left: 0;\n\t\t\t\t}\n\t\t\t\t\/* see gallery_shortcode() in wp-includes\/media.php *\/\n\t\t\t<\/style>\n\t\t<div id='gallery-3' class='dt-gallery-container gallery galleryid-377845 gallery-columns-3 gallery-size-thumbnail'><dl class='gallery-item'>\n\t\t\t\t<dt class='gallery-icon landscape'>\n\t\t\t\t\t<a class=\"rollover\" href='https:\/\/www.radiopiu.net\/wordpress\/brusa-la-vecia-de-burban\/1549e89e-5cec-46c8-874c-1454bb71afd5\/'><img loading=\"lazy\" decoding=\"async\" width=\"150\" height=\"150\" src=\"https:\/\/www.radiopiu.net\/wordpress\/wp-content\/uploads\/2024\/03\/1549e89e-5cec-46c8-874c-1454bb71afd5-150x150.jpg\" class=\"attachment-thumbnail size-thumbnail\" alt=\"\" \/><\/a>\n\t\t\t\t<\/dt><\/dl><dl class='gallery-item'>\n\t\t\t\t<dt class='gallery-icon portrait'>\n\t\t\t\t\t<a class=\"rollover\" href='https:\/\/www.radiopiu.net\/wordpress\/brusa-la-vecia-de-burban\/c6034e59-dad2-4c8c-9242-dc75bfbf93f6\/'><img loading=\"lazy\" decoding=\"async\" width=\"150\" height=\"150\" src=\"https:\/\/www.radiopiu.net\/wordpress\/wp-content\/uploads\/2024\/03\/c6034e59-dad2-4c8c-9242-dc75bfbf93f6-150x150.jpg\" class=\"attachment-thumbnail size-thumbnail\" alt=\"\" \/><\/a>\n\t\t\t\t<\/dt><\/dl><dl class='gallery-item'>\n\t\t\t\t<dt class='gallery-icon portrait'>\n\t\t\t\t\t<a class=\"rollover\" href='https:\/\/www.radiopiu.net\/wordpress\/brusa-la-vecia-de-burban\/da2d9595-b8bd-4031-9680-2c52cddfa422\/'><img loading=\"lazy\" decoding=\"async\" width=\"150\" height=\"150\" src=\"https:\/\/www.radiopiu.net\/wordpress\/wp-content\/uploads\/2024\/03\/da2d9595-b8bd-4031-9680-2c52cddfa422-150x150.jpg\" class=\"attachment-thumbnail size-thumbnail\" alt=\"\" \/><\/a>\n\t\t\t\t<\/dt><\/dl><br style=\"clear: both\" \/><dl class='gallery-item'>\n\t\t\t\t<dt class='gallery-icon portrait'>\n\t\t\t\t\t<a class=\"rollover\" href='https:\/\/www.radiopiu.net\/wordpress\/brusa-la-vecia-de-burban\/a7bf2f83-f0af-4b87-8373-d3843665a84a\/'><img loading=\"lazy\" decoding=\"async\" width=\"150\" height=\"150\" src=\"https:\/\/www.radiopiu.net\/wordpress\/wp-content\/uploads\/2024\/03\/a7bf2f83-f0af-4b87-8373-d3843665a84a-150x150.jpg\" class=\"attachment-thumbnail size-thumbnail\" alt=\"\" \/><\/a>\n\t\t\t\t<\/dt><\/dl><dl class='gallery-item'>\n\t\t\t\t<dt class='gallery-icon portrait'>\n\t\t\t\t\t<a class=\"rollover\" href='https:\/\/www.radiopiu.net\/wordpress\/brusa-la-vecia-de-burban\/9f34d2f2-8fad-4397-a6dc-991757b084cb\/'><img loading=\"lazy\" decoding=\"async\" width=\"150\" height=\"150\" src=\"https:\/\/www.radiopiu.net\/wordpress\/wp-content\/uploads\/2024\/03\/9f34d2f2-8fad-4397-a6dc-991757b084cb-150x150.jpg\" class=\"attachment-thumbnail size-thumbnail\" alt=\"\" \/><\/a>\n\t\t\t\t<\/dt><\/dl><dl class='gallery-item'>\n\t\t\t\t<dt class='gallery-icon landscape'>\n\t\t\t\t\t<a class=\"rollover\" href='https:\/\/www.radiopiu.net\/wordpress\/brusa-la-vecia-de-burban\/b16447bc-4924-4ff5-98d7-2ceac45a25df\/'><img loading=\"lazy\" decoding=\"async\" width=\"150\" height=\"150\" src=\"https:\/\/www.radiopiu.net\/wordpress\/wp-content\/uploads\/2024\/03\/b16447bc-4924-4ff5-98d7-2ceac45a25df-150x150.jpg\" class=\"attachment-thumbnail size-thumbnail\" alt=\"\" \/><\/a>\n\t\t\t\t<\/dt><\/dl><br style=\"clear: both\" \/>\n\t\t\t<\/div>\n\n<p><strong>VIDEO E TESTAMENTO NELLA RACCOLTA INTERNA<\/strong><\/p><\/blockquote>\n<div class=\"relative flex h-full flex-1 flex-col\">\n<blockquote class=\"wp-embedded-content\" data-secret=\"ijnOs7cweS\"><p><a href=\"https:\/\/www.radiopiu.net\/wordpress\/brusa-la-vecia-de-burban\/\">Brusa la vecia de Burban<\/a><\/p><\/blockquote>\n<p><iframe loading=\"lazy\" class=\"wp-embedded-content\" sandbox=\"allow-scripts\" security=\"restricted\" style=\"position: absolute; clip: rect(1px, 1px, 1px, 1px);\" title=\"&#8220;Brusa la vecia de Burban&#8221; &#8212; Radio Pi\u00f9\" src=\"https:\/\/www.radiopiu.net\/wordpress\/brusa-la-vecia-de-burban\/embed\/#?secret=NSSs2C7LAh#?secret=ijnOs7cweS\" data-secret=\"ijnOs7cweS\" width=\"600\" height=\"338\" frameborder=\"0\" marginwidth=\"0\" marginheight=\"0\" scrolling=\"no\"><\/iframe><\/p>\n<p>&nbsp;<\/p>\n<h1>BRUSA LA VECIA VOLPEZ<\/h1>\n<p><strong>SOSPIROLO\u00a0<\/strong>Tempo di fal\u00f2 in Veneto e anche in provincia di Belluno. A Volpez di Sospirolo il tradizionale Brusa La Vecia con relativo testamento prima dell&#8217;accensione del fuoco. E Radio Pi\u00f9 nominata dalla &#8220;vecia&#8221;.<\/p>\n\n\t\t\t<style type='text\/css'>\n\t\t\t\t#gallery-4 {\n\t\t\t\t\tmargin: auto;\n\t\t\t\t}\n\t\t\t\t#gallery-4 .gallery-item {\n\t\t\t\t\tfloat: left;\n\t\t\t\t\tmargin-top: 10px;\n\t\t\t\t\ttext-align: center;\n\t\t\t\t\twidth: 33%;\n\t\t\t\t}\n\t\t\t\t#gallery-4 img {\n\t\t\t\t\tborder: 2px solid #cfcfcf;\n\t\t\t\t}\n\t\t\t\t#gallery-4 .gallery-caption {\n\t\t\t\t\tmargin-left: 0;\n\t\t\t\t}\n\t\t\t\t\/* see gallery_shortcode() in wp-includes\/media.php *\/\n\t\t\t<\/style>\n\t\t<div id='gallery-4' class='dt-gallery-container gallery galleryid-377845 gallery-columns-3 gallery-size-thumbnail'><dl class='gallery-item'>\n\t\t\t\t<dt class='gallery-icon portrait'>\n\t\t\t\t\t<a class=\"rollover rollover-zoom dt-pswp-item\" title=\"92ed1d21-295d-4661-b32a-dc7d68769a9c\" data-dt-img-description=\"\" data-large_image_width=\"1200\" data-large_image_height=\"1600\"href='https:\/\/www.radiopiu.net\/wordpress\/wp-content\/uploads\/2024\/03\/92ed1d21-295d-4661-b32a-dc7d68769a9c.jpg'><img loading=\"lazy\" decoding=\"async\" width=\"150\" height=\"150\" src=\"https:\/\/www.radiopiu.net\/wordpress\/wp-content\/uploads\/2024\/03\/92ed1d21-295d-4661-b32a-dc7d68769a9c-150x150.jpg\" class=\"attachment-thumbnail size-thumbnail\" alt=\"\" \/><\/a>\n\t\t\t\t<\/dt><\/dl><dl class='gallery-item'>\n\t\t\t\t<dt class='gallery-icon portrait'>\n\t\t\t\t\t<a class=\"rollover rollover-zoom dt-pswp-item\" title=\"e3132e7a-2d94-4b3e-a37d-74c0ce3df56d\" data-dt-img-description=\"\" data-large_image_width=\"1530\" data-large_image_height=\"2040\"href='https:\/\/www.radiopiu.net\/wordpress\/wp-content\/uploads\/2024\/03\/e3132e7a-2d94-4b3e-a37d-74c0ce3df56d.jpg'><img loading=\"lazy\" decoding=\"async\" width=\"150\" height=\"150\" src=\"https:\/\/www.radiopiu.net\/wordpress\/wp-content\/uploads\/2024\/03\/e3132e7a-2d94-4b3e-a37d-74c0ce3df56d-150x150.jpg\" class=\"attachment-thumbnail size-thumbnail\" alt=\"\" \/><\/a>\n\t\t\t\t<\/dt><\/dl><dl class='gallery-item'>\n\t\t\t\t<dt class='gallery-icon portrait'>\n\t\t\t\t\t<a class=\"rollover rollover-zoom dt-pswp-item\" title=\"abe2e771-2d88-45a1-b52c-86862fdbe54f\" data-dt-img-description=\"\" data-large_image_width=\"1530\" data-large_image_height=\"2040\"href='https:\/\/www.radiopiu.net\/wordpress\/wp-content\/uploads\/2024\/03\/abe2e771-2d88-45a1-b52c-86862fdbe54f.jpg'><img loading=\"lazy\" decoding=\"async\" width=\"150\" height=\"150\" src=\"https:\/\/www.radiopiu.net\/wordpress\/wp-content\/uploads\/2024\/03\/abe2e771-2d88-45a1-b52c-86862fdbe54f-150x150.jpg\" class=\"attachment-thumbnail size-thumbnail\" alt=\"\" \/><\/a>\n\t\t\t\t<\/dt><\/dl><br style=\"clear: both\" \/><dl class='gallery-item'>\n\t\t\t\t<dt class='gallery-icon portrait'>\n\t\t\t\t\t<a class=\"rollover rollover-zoom dt-pswp-item\" title=\"d8088f0e-4358-49d9-a960-7bb1eb75df2e\" data-dt-img-description=\"\" data-large_image_width=\"1530\" data-large_image_height=\"2040\"href='https:\/\/www.radiopiu.net\/wordpress\/wp-content\/uploads\/2024\/03\/d8088f0e-4358-49d9-a960-7bb1eb75df2e.jpg'><img loading=\"lazy\" decoding=\"async\" width=\"150\" height=\"150\" src=\"https:\/\/www.radiopiu.net\/wordpress\/wp-content\/uploads\/2024\/03\/d8088f0e-4358-49d9-a960-7bb1eb75df2e-150x150.jpg\" class=\"attachment-thumbnail size-thumbnail\" alt=\"\" \/><\/a>\n\t\t\t\t<\/dt><\/dl><dl class='gallery-item'>\n\t\t\t\t<dt class='gallery-icon portrait'>\n\t\t\t\t\t<a class=\"rollover rollover-zoom dt-pswp-item\" title=\"a7b5d85d-c3e4-4316-8e64-b23044973575\" data-dt-img-description=\"\" data-large_image_width=\"1080\" data-large_image_height=\"1920\"href='https:\/\/www.radiopiu.net\/wordpress\/wp-content\/uploads\/2024\/03\/a7b5d85d-c3e4-4316-8e64-b23044973575.jpg'><img loading=\"lazy\" decoding=\"async\" width=\"150\" height=\"150\" src=\"https:\/\/www.radiopiu.net\/wordpress\/wp-content\/uploads\/2024\/03\/a7b5d85d-c3e4-4316-8e64-b23044973575-150x150.jpg\" class=\"attachment-thumbnail size-thumbnail\" alt=\"\" \/><\/a>\n\t\t\t\t<\/dt><\/dl><dl class='gallery-item'>\n\t\t\t\t<dt class='gallery-icon portrait'>\n\t\t\t\t\t<a class=\"rollover rollover-zoom dt-pswp-item\" title=\"43c6c78f-68df-46ab-bacb-27db75237cf0\" data-dt-img-description=\"\" data-large_image_width=\"1080\" data-large_image_height=\"1920\"href='https:\/\/www.radiopiu.net\/wordpress\/wp-content\/uploads\/2024\/03\/43c6c78f-68df-46ab-bacb-27db75237cf0.jpg'><img loading=\"lazy\" decoding=\"async\" width=\"150\" height=\"150\" src=\"https:\/\/www.radiopiu.net\/wordpress\/wp-content\/uploads\/2024\/03\/43c6c78f-68df-46ab-bacb-27db75237cf0-150x150.jpg\" class=\"attachment-thumbnail size-thumbnail\" alt=\"\" \/><\/a>\n\t\t\t\t<\/dt><\/dl><br style=\"clear: both\" \/>\n\t\t\t<\/div>\n\n<p>&nbsp;<\/p>\n<\/div>\n<\/form>\n<\/div>\n<p>&nbsp;<\/p>\n<hr \/>\n<p>&nbsp;<\/p>\n<blockquote>\n<h2><span style=\"color: #ff0000;\">MALTEMPO: VECIA POPA RINVIATA A DOMENICA 17 MARZO<\/span><\/h2>\n<\/blockquote>\n<p><strong>REDAZIONE<\/strong> Le previsioni del tempo consigliano di rinviare gli eventi all&#8217;aperto. La sfilata per le vie di Agordo de la Vecia Popa, con arrivo sul Broi per la lettura del testamento e il rogo \u00e8 rinviata di sette giorni a domenica 17 marzo, con lo stesso programma<\/p>\n<p>&nbsp;<\/p>\n<p><strong><a class=\"dt-pswp-item\" href=\"https:\/\/www.radiopiu.net\/wordpress\/wp-content\/uploads\/2024\/02\/VeciaPopa2014b.jpg\" data-dt-img-description=\"\" data-large_image_width=\"1500\" data-large_image_height=\"944\"><img loading=\"lazy\" decoding=\"async\" class=\" wp-image-376680 alignleft\" src=\"https:\/\/www.radiopiu.net\/wordpress\/wp-content\/uploads\/2024\/02\/VeciaPopa2014b-300x189.jpg\" alt=\"\" width=\"163\" height=\"103\" srcset=\"https:\/\/www.radiopiu.net\/wordpress\/wp-content\/uploads\/2024\/02\/VeciaPopa2014b-300x189.jpg 300w, https:\/\/www.radiopiu.net\/wordpress\/wp-content\/uploads\/2024\/02\/VeciaPopa2014b-1024x644.jpg 1024w, https:\/\/www.radiopiu.net\/wordpress\/wp-content\/uploads\/2024\/02\/VeciaPopa2014b-768x483.jpg 768w, https:\/\/www.radiopiu.net\/wordpress\/wp-content\/uploads\/2024\/02\/VeciaPopa2014b.jpg 1500w\" sizes=\"auto, (max-width: 163px) 100vw, 163px\" \/><\/a>DI MIRKO MEZZACASA<\/strong><\/p>\n<p>OSPITI: Thomas Manfroi e Valentina De Nardin<\/p>\n<audio class=\"wp-audio-shortcode\" id=\"audio-377845-10\" preload=\"none\" style=\"width: 100%;\" controls=\"controls\"><source type=\"audio\/mpeg\" src=\"https:\/\/www.radiopiu.net\/wordpress\/wp-content\/uploads\/2024\/02\/vecia-popa-2024.mp3?_=10\" \/><a href=\"https:\/\/www.radiopiu.net\/wordpress\/wp-content\/uploads\/2024\/02\/vecia-popa-2024.mp3\">https:\/\/www.radiopiu.net\/wordpress\/wp-content\/uploads\/2024\/02\/vecia-popa-2024.mp3<\/a><\/audio>\n<p>&nbsp;<\/p>\n<p>&nbsp;<\/p>\n<hr \/>\n<p>&nbsp;<\/p>\n<blockquote>\n<h3>API AMBIENTE IN UN INCONTRO A BELLUNO<\/h3>\n<\/blockquote>\n<p><strong><a class=\"dt-pswp-item\" href=\"https:\/\/www.radiopiu.net\/wordpress\/wp-content\/uploads\/2023\/10\/APE-SU-SETTEMBRIINI.jpg\" data-dt-img-description=\"\" data-large_image_width=\"1200\" data-large_image_height=\"800\"><img loading=\"lazy\" decoding=\"async\" class=\" wp-image-356358 alignleft\" src=\"https:\/\/www.radiopiu.net\/wordpress\/wp-content\/uploads\/2023\/10\/APE-SU-SETTEMBRIINI-300x200.jpg\" alt=\"\" width=\"167\" height=\"111\" srcset=\"https:\/\/www.radiopiu.net\/wordpress\/wp-content\/uploads\/2023\/10\/APE-SU-SETTEMBRIINI-300x200.jpg 300w, https:\/\/www.radiopiu.net\/wordpress\/wp-content\/uploads\/2023\/10\/APE-SU-SETTEMBRIINI-1024x683.jpg 1024w, https:\/\/www.radiopiu.net\/wordpress\/wp-content\/uploads\/2023\/10\/APE-SU-SETTEMBRIINI-768x512.jpg 768w, https:\/\/www.radiopiu.net\/wordpress\/wp-content\/uploads\/2023\/10\/APE-SU-SETTEMBRIINI.jpg 1200w\" sizes=\"auto, (max-width: 167px) 100vw, 167px\" \/><\/a>BELLUNO<\/strong><\/p>\n<p>DI ALESSIA DALL&#8217;O&#8217;<\/p>\n<audio class=\"wp-audio-shortcode\" id=\"audio-377845-11\" preload=\"none\" style=\"width: 100%;\" controls=\"controls\"><source type=\"audio\/mpeg\" src=\"https:\/\/www.radiopiu.net\/wordpress\/wp-content\/uploads\/2024\/03\/ALESSIA-API-AMBIENTE.mp3?_=11\" \/><a href=\"https:\/\/www.radiopiu.net\/wordpress\/wp-content\/uploads\/2024\/03\/ALESSIA-API-AMBIENTE.mp3\">https:\/\/www.radiopiu.net\/wordpress\/wp-content\/uploads\/2024\/03\/ALESSIA-API-AMBIENTE.mp3<\/a><\/audio>\n<p>&nbsp;<\/p>\n<hr \/>\n<p>&nbsp;<\/p>\n<blockquote>\n<h2>Questura di Belluno &#8211; Ufficio Concorsi &#8211;<\/h2>\n<\/blockquote>\n<p><strong>BELLUNO<\/strong>\u00a0 Sul Portale unico del reclutamento www.inpa.gov.it e sul sito www.poliziadistato.it \u00e8 stato pubblicato il bando di concorso pubblico, per titoli, per l\u2019assunzione di 21 atleti da assegnare ai gruppi sportivi \u201cPolizia di Stato \u2013 Fiamme Oro\u201d, che<br \/>\nsaranno inquadrati nel ruolo degli agenti e assistenti della Polizia di Stato, indetto con decreto del 29\/02\/2024.<\/p>\n<p>&nbsp;<\/p>\n<p>&nbsp;<\/p>\n<hr \/>\n<p>&nbsp;<\/p>\n<blockquote>\n<h3><a class=\"dt-pswp-item\" href=\"https:\/\/www.radiopiu.net\/wordpress\/wp-content\/uploads\/2024\/02\/ef01c8d9-8946-44f1-bd64-5d0ea6c915c7.jpg\" data-dt-img-description=\"\" data-large_image_width=\"1050\" data-large_image_height=\"1485\"><img loading=\"lazy\" decoding=\"async\" class=\" wp-image-375927 alignleft\" src=\"https:\/\/www.radiopiu.net\/wordpress\/wp-content\/uploads\/2024\/02\/ef01c8d9-8946-44f1-bd64-5d0ea6c915c7-212x300.jpg\" alt=\"\" width=\"93\" height=\"132\" srcset=\"https:\/\/www.radiopiu.net\/wordpress\/wp-content\/uploads\/2024\/02\/ef01c8d9-8946-44f1-bd64-5d0ea6c915c7-212x300.jpg 212w, https:\/\/www.radiopiu.net\/wordpress\/wp-content\/uploads\/2024\/02\/ef01c8d9-8946-44f1-bd64-5d0ea6c915c7-724x1024.jpg 724w, https:\/\/www.radiopiu.net\/wordpress\/wp-content\/uploads\/2024\/02\/ef01c8d9-8946-44f1-bd64-5d0ea6c915c7-768x1086.jpg 768w, https:\/\/www.radiopiu.net\/wordpress\/wp-content\/uploads\/2024\/02\/ef01c8d9-8946-44f1-bd64-5d0ea6c915c7.jpg 1050w\" sizes=\"auto, (max-width: 93px) 100vw, 93px\" \/><\/a>VIE IN ROSA AL TEATRO SAN GAETANO<\/h3>\n<\/blockquote>\n<p><strong>BELLUNO<\/strong> Sono 4 gli appuntamenti in programma per la rassegna &#8220;Vie in rosa&#8221; al Teatro San Gaetano di Belluno. Il 10 marzo &#8220;le Fuori gioco&#8221; e a seguire un incontro con il sociologo Diego Cason. Il 24 marzo &#8220;Non Fare storia&#8221; con Paola Brolati e a seguire un incontro con Belluno Donna. Il 14 aprile &#8220;Rolandina Roncaglia&#8221; e il 28 aprile un incontro con Roberta Gallego. Gli spettacoli inizieranno alle 17:30.<\/p>\n<p>&nbsp;<\/p>\n<p>&nbsp;<\/p>\n<hr \/>\n<p>&nbsp;<\/p>\n<blockquote>\n<h3>DONNE IL CORAGGIO DI ANDARE CONTROCORRENTE<\/h3>\n<\/blockquote>\n<p><strong>BELLUNO<\/strong> Domani al Teatro Dino Buzzati alle 20.30 &#8220;Donne il coraggio di andare contro corrente&#8221; Serata di beneficenza a favore dell&#8217;associazione Belluno Donna. Spettacolo concerto condotto dall&#8217;attore Riccardo Checchin e dalla cantante Jessica Re. Intervengono l&#8217;attrice Roberta Barbiero\u00a0 la cantante Jessica Lena e\u00a0 la cantautrice Giorgia Canton. Ospite il pianista compositore Gioni Barbera.<\/p>\n<p>&nbsp;<\/p>\n<p>&nbsp;<\/p>\n<hr \/>\n<p>&nbsp;<\/p>\n<p>&nbsp;<\/p>\n<blockquote>\n<h3>IL PRESIDIO LIBERA DI AGORDO PARTE CON IL TESSERAMENTO 2024<\/h3>\n<\/blockquote>\n<p><strong><a class=\"dt-pswp-item\" href=\"https:\/\/www.radiopiu.net\/wordpress\/wp-content\/uploads\/2023\/06\/LIBERA-AGORDINO.jpg\" data-dt-img-description=\"\" data-large_image_width=\"640\" data-large_image_height=\"640\"><img loading=\"lazy\" decoding=\"async\" class=\" wp-image-338852 alignleft\" src=\"https:\/\/www.radiopiu.net\/wordpress\/wp-content\/uploads\/2023\/06\/LIBERA-AGORDINO-300x300.jpg\" alt=\"\" width=\"144\" height=\"144\" srcset=\"https:\/\/www.radiopiu.net\/wordpress\/wp-content\/uploads\/2023\/06\/LIBERA-AGORDINO-300x300.jpg 300w, https:\/\/www.radiopiu.net\/wordpress\/wp-content\/uploads\/2023\/06\/LIBERA-AGORDINO-150x150.jpg 150w, https:\/\/www.radiopiu.net\/wordpress\/wp-content\/uploads\/2023\/06\/LIBERA-AGORDINO.jpg 640w\" sizes=\"auto, (max-width: 144px) 100vw, 144px\" \/><\/a>AGORDO<\/strong><\/p>\n<p>DI GIANNI SANTOMASO<\/p>\n<audio class=\"wp-audio-shortcode\" id=\"audio-377845-12\" preload=\"none\" style=\"width: 100%;\" controls=\"controls\"><source type=\"audio\/mpeg\" src=\"https:\/\/www.radiopiu.net\/wordpress\/wp-content\/uploads\/2024\/03\/GIANNI-IL-PRESIDIO-LIBERA-DI-AGORDO-PARTE-CON-IL-TESSERAMENTO-2024.mp3?_=12\" \/><a href=\"https:\/\/www.radiopiu.net\/wordpress\/wp-content\/uploads\/2024\/03\/GIANNI-IL-PRESIDIO-LIBERA-DI-AGORDO-PARTE-CON-IL-TESSERAMENTO-2024.mp3\">https:\/\/www.radiopiu.net\/wordpress\/wp-content\/uploads\/2024\/03\/GIANNI-IL-PRESIDIO-LIBERA-DI-AGORDO-PARTE-CON-IL-TESSERAMENTO-2024.mp3<\/a><\/audio>\n<p>&nbsp;<\/p>\n<p>&nbsp;<\/p>\n<p>&nbsp;<\/p>\n<hr \/>\n<p>&nbsp;<\/p>\n<blockquote>\n<h2>A FINE MESE FESTA IN RIVA AL TE GNAS<\/h2>\n<\/blockquote>\n<p><em>SAGRA DE P\u00e0SCA, QUATTRO GIORNI DI FESTA A TAIBON DAL 28 AL 31 MARZO NEL GRANDE TENDONE RISCALDATO\u00a0 <\/em><\/p>\n<p><strong>GIOVEDI 28<\/strong> PASTA ALL&#8217;AMATRICIANA, ALLE 20.30 LA MONTAGNA, CON MANRICO DELL&#8217;AGNOLA A SEGUIRE LA PRESENTAZIONE DEL CAMPIONATO AGORDINO DI CALCIO CON RADIOPIU E IL CANTAUTORE MARCO V DAL FARRA <strong>VENERDI 29<\/strong> BACCALA&#8217; SEPPIE E DALLE 21 L&#8217;ORCHESTRA SPETTACOLO GIANMARCO BAGUTTI <strong>SABATO 30<\/strong> TRIPPE, POLLO ALLO SPIEDO E ALTRE SPECIALITA&#8217;, DALLE 14 GARA DI BRISCOLA, ALLE 17 DJ SET CON R DI J, DALLE 21 ORCHESTRA MARIANNA LANT\u00e8RI<strong> DOMENICA<\/strong> <strong>31<\/strong> DALLE 17 L&#8217;APERITIVO CON MORGAN E BATTAGLIA, DALLE 21 LA COVER BAND NUOVANTA E DALLE 21 L&#8217;ESTRAZIONE DELLA LOTTERIA SAGRA DE PASCA CON PROLOCO, GRUPPO SPORTIVO E DONATORI DEL SANGUE TAIBON<\/p>\n<p>&nbsp;<\/p>\n<p><a class=\"dt-pswp-item\" href=\"https:\/\/www.radiopiu.net\/wordpress\/wp-content\/uploads\/2024\/03\/Senza-nome-15.png\" data-dt-img-description=\"\" data-large_image_width=\"449\" data-large_image_height=\"628\"><img loading=\"lazy\" decoding=\"async\" class=\"size-medium wp-image-377554 aligncenter\" src=\"https:\/\/www.radiopiu.net\/wordpress\/wp-content\/uploads\/2024\/03\/Senza-nome-15-214x300.png\" alt=\"\" width=\"214\" height=\"300\" srcset=\"https:\/\/www.radiopiu.net\/wordpress\/wp-content\/uploads\/2024\/03\/Senza-nome-15-214x300.png 214w, https:\/\/www.radiopiu.net\/wordpress\/wp-content\/uploads\/2024\/03\/Senza-nome-15.png 449w\" sizes=\"auto, (max-width: 214px) 100vw, 214px\" \/><\/a><\/p>\n<p>&nbsp;<\/p>\n<p>28 marzo&#8230; a TAIBON AGORDINO RADIO PIU&#8217; PRESENTA IL CAMPIONATO AGORDINO DI CALCIO.<br \/>\nAL TENDONE DELLA SAGRA DE PASCA, DALLE 20.30. INTRODUZIONE ALLA SERATA CON L&#8217;ALPINISTA MANRICO DELL&#8217;AGNOLA, SI RACCONTER\u00e0 CON DUE DOCU FILM ALLE 21.45 IL CALCIO AGORDINO CON LA COLONNA SONORA DI MARVO VI DAL FARRA . a seguire dj set sagra de pasca a taibon, organizzazione gruppo sportivo, proloco e donatori del sangue<\/p>\n<p>&nbsp;<\/p>\n<hr \/>\n<p>&nbsp;<\/p>\n<blockquote>\n<h3>A LIMANA UN MESE DI MARZO RICCO DI APPUNTAMENTI CULTURALI<\/h3>\n<\/blockquote>\n<p><strong>DI ROBERTO BONA<\/strong><\/p>\n<audio class=\"wp-audio-shortcode\" id=\"audio-377845-13\" preload=\"none\" style=\"width: 100%;\" controls=\"controls\"><source type=\"audio\/mpeg\" src=\"https:\/\/www.radiopiu.net\/wordpress\/wp-content\/uploads\/2024\/03\/BONA-A-LIMANA-UN-MESE-DI-MARZO-RICCO-DI-APPUNTAMENTI-CULTURALI.mp3?_=13\" \/><a href=\"https:\/\/www.radiopiu.net\/wordpress\/wp-content\/uploads\/2024\/03\/BONA-A-LIMANA-UN-MESE-DI-MARZO-RICCO-DI-APPUNTAMENTI-CULTURALI.mp3\">https:\/\/www.radiopiu.net\/wordpress\/wp-content\/uploads\/2024\/03\/BONA-A-LIMANA-UN-MESE-DI-MARZO-RICCO-DI-APPUNTAMENTI-CULTURALI.mp3<\/a><\/audio>\n<p>&nbsp;<\/p>\n<hr \/>\n<p>&nbsp;<\/p>\n<blockquote>\n<h3>ANNULLATO IL DOLOMITES BEATS BY FERTAZZA CON FARGETTA<\/h3>\n<\/blockquote>\n<p><strong>REDAZIONE <\/strong>Annullato l&#8217;evento al Ristoro Belvedere Cima Fertazza con ospite Mario Fargetta. Le previsioni meteo avverse hanno costretto gli organizzatori a rinunciare all&#8217;evento in programma questo fine settimana.<\/p>\n<p>&nbsp;<\/p>\n<p>&nbsp;<\/p>\n<p>&nbsp;<\/p>\n<hr \/>\n<p>&nbsp;<\/p>\n<blockquote>\n<h3>LAVORI PER INTERRAMENTO DELLA CONDOTTA IDRICA<\/h3>\n<\/blockquote>\n<p><strong>LA VALLE<\/strong> Il Comune La Valle Agordina ordina la sospensione temporanea della circolazione veicolare sulla viabilit\u00e0 Silvo-pastorale di Fres, dall&#8217;11\/03\/2024 al 24\/06\/2024, dalle 7 alle 18 dal luned\u00ec al venerd\u00ec, esclusi sabato e domenica. Viene istituito il divieto di transito pedonale e con biciclette dalla localit\u00e0 Piaia fino a Pra de Val, con l&#8217;altro lato del divieto al ponte sul torrente Rova di Caleda. Analogamente, \u00e8 vietato il transito pedonale e con biciclette su parte del sentiero CAI n.551 (Strada Vicinale di Pepolade) dal 11\/03\/2024 al 24\/06\/2024 per l&#8217;intera durata delle 24 ore.<\/p>\n<p>&nbsp;<\/p>\n<p>&nbsp;<\/p>\n<hr \/>\n<p>&nbsp;<\/p>\n<blockquote>\n<h3>GLI EVENTI PER LA LOTTA DI LIBERAZIONE<\/h3>\n<\/blockquote>\n<p><strong>DI ROBERTO BONA<\/strong><\/p>\n<audio class=\"wp-audio-shortcode\" id=\"audio-377845-14\" preload=\"none\" style=\"width: 100%;\" controls=\"controls\"><source type=\"audio\/mpeg\" src=\"https:\/\/www.radiopiu.net\/wordpress\/wp-content\/uploads\/2024\/03\/BONA-GLI-EVENTI-PER-LA-LOTTA-DI-LIBERAZIONE.mp3?_=14\" \/><a href=\"https:\/\/www.radiopiu.net\/wordpress\/wp-content\/uploads\/2024\/03\/BONA-GLI-EVENTI-PER-LA-LOTTA-DI-LIBERAZIONE.mp3\">https:\/\/www.radiopiu.net\/wordpress\/wp-content\/uploads\/2024\/03\/BONA-GLI-EVENTI-PER-LA-LOTTA-DI-LIBERAZIONE.mp3<\/a><\/audio>\n<p>&nbsp;<\/p>\n<hr \/>\n<p>&nbsp;<\/p>\n<blockquote>\n<h3>DALL&#8217;11 AL 17 MARZO IL PROGETTO FAME DI VITA<\/h3>\n<\/blockquote>\n<p><strong><a class=\"dt-pswp-item\" href=\"https:\/\/www.radiopiu.net\/wordpress\/wp-content\/uploads\/2024\/03\/Fiocchetto-lilla-15-Marzo-768x432-1.jpg\" data-dt-img-description=\"\" data-large_image_width=\"768\" data-large_image_height=\"432\"><img loading=\"lazy\" decoding=\"async\" class=\" wp-image-378061 alignleft\" src=\"https:\/\/www.radiopiu.net\/wordpress\/wp-content\/uploads\/2024\/03\/Fiocchetto-lilla-15-Marzo-768x432-1-300x169.jpg\" alt=\"\" width=\"186\" height=\"105\" srcset=\"https:\/\/www.radiopiu.net\/wordpress\/wp-content\/uploads\/2024\/03\/Fiocchetto-lilla-15-Marzo-768x432-1-300x169.jpg 300w, https:\/\/www.radiopiu.net\/wordpress\/wp-content\/uploads\/2024\/03\/Fiocchetto-lilla-15-Marzo-768x432-1.jpg 768w\" sizes=\"auto, (max-width: 186px) 100vw, 186px\" \/><\/a>SANTA GIUSTINA<\/strong><\/p>\n<p>DI ALESSIA DALL&#8217;O&#8217;<\/p>\n<audio class=\"wp-audio-shortcode\" id=\"audio-377845-15\" preload=\"none\" style=\"width: 100%;\" controls=\"controls\"><source type=\"audio\/mpeg\" src=\"https:\/\/www.radiopiu.net\/wordpress\/wp-content\/uploads\/2024\/03\/ALESSIA-DALL11-AL-17-MARZO-IL-PROGETTO-FAME-DI-VITA.mp3?_=15\" \/><a href=\"https:\/\/www.radiopiu.net\/wordpress\/wp-content\/uploads\/2024\/03\/ALESSIA-DALL11-AL-17-MARZO-IL-PROGETTO-FAME-DI-VITA.mp3\">https:\/\/www.radiopiu.net\/wordpress\/wp-content\/uploads\/2024\/03\/ALESSIA-DALL11-AL-17-MARZO-IL-PROGETTO-FAME-DI-VITA.mp3<\/a><\/audio>\n<p>&nbsp;<\/p>\n<hr \/>\n<p>&nbsp;<\/p>\n<blockquote>\n<h2>LIBER, DI LIANA CAVALLET, IL MERCOLEDI ALLE NOVE ALLA RADIO. ALLA RADIO PIU&#8217;.<\/h2>\n<\/blockquote>\n<p><strong>PUNTATA 26\u00a0 \u00a007 MARZO\u00a0 2024 &#8211; FAME D&#8217;ARIA &#8220;DANIELE MENCARELLI&#8221;<\/strong><\/p>\n\n\t\t\t<style type='text\/css'>\n\t\t\t\t#gallery-5 {\n\t\t\t\t\tmargin: auto;\n\t\t\t\t}\n\t\t\t\t#gallery-5 .gallery-item {\n\t\t\t\t\tfloat: left;\n\t\t\t\t\tmargin-top: 10px;\n\t\t\t\t\ttext-align: center;\n\t\t\t\t\twidth: 100%;\n\t\t\t\t}\n\t\t\t\t#gallery-5 img {\n\t\t\t\t\tborder: 2px solid #cfcfcf;\n\t\t\t\t}\n\t\t\t\t#gallery-5 .gallery-caption {\n\t\t\t\t\tmargin-left: 0;\n\t\t\t\t}\n\t\t\t\t\/* see gallery_shortcode() in wp-includes\/media.php *\/\n\t\t\t<\/style>\n\t\t<div id='gallery-5' class='dt-gallery-container gallery galleryid-377845 gallery-columns-1 gallery-size-thumbnail'><dl class='gallery-item'>\n\t\t\t\t<dt class='gallery-icon portrait'>\n\t\t\t\t\t<a class=\"rollover rollover-zoom dt-pswp-item\" title=\"538f6f99-f268-42cc-813b-b1742dd18d15\" data-dt-img-description=\"\" data-large_image_width=\"576\" data-large_image_height=\"886\"href='https:\/\/www.radiopiu.net\/wordpress\/wp-content\/uploads\/2024\/02\/538f6f99-f268-42cc-813b-b1742dd18d15.jpg'><img loading=\"lazy\" decoding=\"async\" width=\"150\" height=\"150\" src=\"https:\/\/www.radiopiu.net\/wordpress\/wp-content\/uploads\/2024\/02\/538f6f99-f268-42cc-813b-b1742dd18d15-150x150.jpg\" class=\"attachment-thumbnail size-thumbnail\" alt=\"\" \/><\/a>\n\t\t\t\t<\/dt><\/dl><br style=\"clear: both\" \/>\n\t\t\t<\/div>\n\n<p>AUDIO<\/p>\n<audio class=\"wp-audio-shortcode\" id=\"audio-377845-16\" preload=\"none\" style=\"width: 100%;\" controls=\"controls\"><source type=\"audio\/mpeg\" src=\"https:\/\/www.radiopiu.net\/wordpress\/wp-content\/uploads\/2024\/02\/LIANA-4.mp3?_=16\" \/><a href=\"https:\/\/www.radiopiu.net\/wordpress\/wp-content\/uploads\/2024\/02\/LIANA-4.mp3\">https:\/\/www.radiopiu.net\/wordpress\/wp-content\/uploads\/2024\/02\/LIANA-4.mp3<\/a><\/audio>\n<h2><\/h2>\n<h2>LA RACCOLTA COMPLETA <span style=\"color: #0000ff;\"><strong><a style=\"color: #0000ff;\" href=\"https:\/\/www.radiopiu.net\/wordpress\/liber-di-liana-cavallet-la-raccolta\/\">CLICCA QUI<\/a><\/strong><\/span><\/h2>\n<p>&nbsp;<\/p>\n<p>&nbsp;<\/p>\n<hr \/>\n<p>&nbsp;<\/p>\n<blockquote>\n<h2>Dolomiti: la (non) provincia italiana che sta scomparendo &#8211; VIDEO &#8211;<\/h2>\n<p>&nbsp;<\/p><\/blockquote>\n<p><iframe loading=\"lazy\" title=\"Dolomiti: la (non) provincia italiana che sta scomparendo\" width=\"1200\" height=\"675\" src=\"https:\/\/www.youtube.com\/embed\/vqKdppCGFAg?feature=oembed\" frameborder=\"0\" allow=\"accelerometer; autoplay; clipboard-write; encrypted-media; gyroscope; picture-in-picture; web-share\" allowfullscreen><\/iframe><\/p>\n<p>&nbsp;<\/p>\n<p>&nbsp;<\/p>\n<hr \/>\n<p>&nbsp;<\/p>\n<p>&nbsp;<\/p>\n<blockquote class=\"wp-embedded-content\" data-secret=\"tOPCbFwaXP\"><p><a href=\"https:\/\/www.radiopiu.net\/wordpress\/la-boa-di-conaggia-quando-il-nome-di-una-localita-deriva-da-una-serie-di-eventi-idrogeologici-disastrosi-prima-parte\/\">LA BOA DI CONAGGIA \u2013 QUANDO IL NOME DI UNA LOCALIT\u00c0 DERIVA DA UNA SERIE DI EVENTI IDROGEOLOGICI DISASTROSI \u2013  PRIMA  PARTE<\/a><\/p><\/blockquote>\n<p><iframe loading=\"lazy\" class=\"wp-embedded-content\" sandbox=\"allow-scripts\" security=\"restricted\" style=\"position: absolute; clip: rect(1px, 1px, 1px, 1px);\" title=\"&#8220;LA BOA DI CONAGGIA \u2013 QUANDO IL NOME DI UNA LOCALIT\u00c0 DERIVA DA UNA SERIE DI EVENTI IDROGEOLOGICI DISASTROSI \u2013  PRIMA  PARTE&#8221; &#8212; Radio Pi\u00f9\" src=\"https:\/\/www.radiopiu.net\/wordpress\/la-boa-di-conaggia-quando-il-nome-di-una-localita-deriva-da-una-serie-di-eventi-idrogeologici-disastrosi-prima-parte\/embed\/#?secret=zbN5jQfI99#?secret=tOPCbFwaXP\" data-secret=\"tOPCbFwaXP\" width=\"600\" height=\"338\" frameborder=\"0\" marginwidth=\"0\" marginheight=\"0\" scrolling=\"no\"><\/iframe><\/p>\n<p>&nbsp;<\/p>\n<hr \/>\n<p>&nbsp;<\/p>\n<h2><span style=\"color: #ff6600;\">IERI ALLA RADIO\u00a0<\/span><\/h2>\n<blockquote>\n<h2>SPI CGIL, QUINDICINALE APPUNTAMENTO CON MARIA RITA GENTILIN<\/h2>\n<\/blockquote>\n<p><img loading=\"lazy\" decoding=\"async\" class=\"alignleft\" src=\"https:\/\/www.radiopiu.net\/wordpress\/wp-content\/uploads\/2023\/02\/SPI-CGIL.png\" width=\"103\" height=\"90\" \/><\/p>\n<p><strong>audio, di MIRKO MEZZACASA\u00a0<\/strong><\/p>\n<audio class=\"wp-audio-shortcode\" id=\"audio-377845-17\" preload=\"none\" style=\"width: 100%;\" controls=\"controls\"><source type=\"audio\/mpeg\" src=\"https:\/\/www.radiopiu.net\/wordpress\/wp-content\/uploads\/2024\/03\/maria-rita-gentilin-06-marzo-2024.mp3?_=17\" \/><a href=\"https:\/\/www.radiopiu.net\/wordpress\/wp-content\/uploads\/2024\/03\/maria-rita-gentilin-06-marzo-2024.mp3\">https:\/\/www.radiopiu.net\/wordpress\/wp-content\/uploads\/2024\/03\/maria-rita-gentilin-06-marzo-2024.mp3<\/a><\/audio>\n<p>&nbsp;<\/p>\n<p>&nbsp;<\/p>\n<hr \/>\n<p>&nbsp;<\/p>\n<blockquote>\n<h2>CIAK SI GIRA, IL PROGRAMMA DI PAOLA LANCIATO &#8211; LA RACCOLTA<\/h2>\n<\/blockquote>\n<p><strong><a class=\"dt-pswp-item\" href=\"https:\/\/www.radiopiu.net\/wordpress\/wp-content\/uploads\/2024\/03\/th-3.jpg\" data-dt-img-description=\"\" data-large_image_width=\"122\" data-large_image_height=\"180\"><img loading=\"lazy\" decoding=\"async\" class=\"size-full wp-image-377972 alignleft\" src=\"https:\/\/www.radiopiu.net\/wordpress\/wp-content\/uploads\/2024\/03\/th-3.jpg\" alt=\"\" width=\"122\" height=\"180\" \/><\/a>PUNTATA 10, LA FEBBRE DEL SABATO SERA\u00a0<\/strong><\/p>\n<audio class=\"wp-audio-shortcode\" id=\"audio-377845-18\" preload=\"none\" style=\"width: 100%;\" controls=\"controls\"><source type=\"audio\/mpeg\" src=\"https:\/\/www.radiopiu.net\/wordpress\/wp-content\/uploads\/2024\/03\/10-La-febbre-del-sabato-sera.mp3?_=18\" \/><a href=\"https:\/\/www.radiopiu.net\/wordpress\/wp-content\/uploads\/2024\/03\/10-La-febbre-del-sabato-sera.mp3\">https:\/\/www.radiopiu.net\/wordpress\/wp-content\/uploads\/2024\/03\/10-La-febbre-del-sabato-sera.mp3<\/a><\/audio>\n<p>&nbsp;<\/p>\n<h2>LA RACCOLTA COMPLETA<span style=\"color: #0000ff;\"><strong> <a style=\"color: #0000ff;\" href=\"https:\/\/www.radiopiu.net\/wordpress\/ciak24\/\">CLICCA QUI\u00a0<\/a><\/strong><\/span><\/h2>\n<p>&nbsp;<\/p>\n<p>&nbsp;<\/p>\n<hr \/>\n<p>&nbsp;<\/p>\n<p>&nbsp;<\/p>\n<blockquote>\n<h2>ARIA D&#8217;INVERN, IL CONCORSO FOTOGRAFICO A CENCENIGHE<\/h2>\n<p><strong><img loading=\"lazy\" decoding=\"async\" class=\"alignleft\" src=\"https:\/\/www.radiopiu.net\/wordpress\/wp-content\/uploads\/2024\/01\/Senza-nome-41.png\" width=\"375\" height=\"201\" \/>CENCENIGHE<\/strong> La Pro Loco di Cencenighe ha organizzato un concorso fotografico dal titolo &#8220;Aria D&#8217;Invern&#8221;. Chi volesse partecipare pu\u00f2 inviare gli scatti fino al 31 marzo alla mail ariadinvern@gmail.com seguiranno le premiazioni e, nel mese di luglio, l&#8217;esposizione delle foto al Nof Fil\u00f2. Regolamento completo sul sito www.prolococencenighe.it<\/p>\n<p><strong>\u00a0<\/strong><\/p>\n<p><strong>L&#8217;INTERVISTA ALLA RADIO CON ORIETTA SCARDANZAN, MILENA SOPPELSA, FRANCESCA TRENTIN\u00a0 <\/strong><\/p>\n<audio class=\"wp-audio-shortcode\" id=\"audio-377845-19\" preload=\"none\" style=\"width: 100%;\" controls=\"controls\"><source type=\"audio\/mpeg\" src=\"https:\/\/www.radiopiu.net\/wordpress\/wp-content\/uploads\/2024\/03\/ARIA-DINVERN-CONCORSO-FOTO-SECONDA.mp3?_=19\" \/><a href=\"https:\/\/www.radiopiu.net\/wordpress\/wp-content\/uploads\/2024\/03\/ARIA-DINVERN-CONCORSO-FOTO-SECONDA.mp3\">https:\/\/www.radiopiu.net\/wordpress\/wp-content\/uploads\/2024\/03\/ARIA-DINVERN-CONCORSO-FOTO-SECONDA.mp3<\/a><\/audio>\n<p>&nbsp;<\/p>\n<p>&nbsp;<\/p><\/blockquote>\n<hr \/>\n<p>&nbsp;<\/p>\n<h2><span style=\"color: #ff0000;\">GLI APPUNTAMENTI DELLA SETTIMANA\u00a0\u00a0<\/span><\/h2>\n<p><strong>ALPAGO <\/strong>Domani in Municipio a Pieve d\u2019Alpago verr\u00e0 inaugurata la mostra Ernesto Da Sois, artista alpagoto con la passione per il legno, che ha realizzato la riproduzione della Basilica di San Marco e della Basilica della Madonna della Salute di Venezia e della Cattedrale di San Basilio di Mosca. L\u2019inaugurazione della mostra, a cura del critico d\u2019arte Erminio Mazzucco, avr\u00e0 inizio alle 16.30, sar\u00e0 aperta fino al 7 aprile (foto)<\/p>\n<p><strong>BELLUNO<\/strong> Domani alle ore 17:30, presso la sala &#8220;TEATRO&#8221; del Centro Congressi in piazza Piloni a Belluno, si terr\u00e0 un incontro sul tema &#8220;GAZA E KIEV: L&#8217;EUROPA TRA I CONFLITTI&#8221;. Gli interventi saranno di Germano Dottori, Consigliere scientifico di Limes, e di Gian Micalessin, giornalista, scrittore e inviato di guerra. L&#8217;incontro sar\u00e0 condotto da Franco Tosolini, ricercatore storico.<\/p>\n<p><strong>PONTE NELLE ALPI<\/strong>\u00a0 Domani al piccolo teatro Pierobon di Paiane commedia brillante in lingua veneta &#8220;le astuzione femminili&#8221; con la compagnia Theana Teatro. Entrata 25 euro.<\/p>\n<div>\n<div class=\"\" dir=\"auto\">\n<div id=\":r9h:\" class=\"x1iorvi4 x1pi30zi x1l90r2v x1swvt13\" data-ad-comet-preview=\"message\" data-ad-preview=\"message\">\n<div class=\"x78zum5 xdt5ytf xz62fqu x16ldp7u\">\n<div class=\"xu06os2 x1ok221b\">\n<blockquote>\n<h3 style=\"text-align: center;\"><\/h3>\n<h3 style=\"text-align: center;\"><\/h3>\n<h3 style=\"text-align: center;\"><\/h3>\n<h3 style=\"text-align: center;\">LE CAMPE: 9 marzo con la Combricola del Blasko<\/h3>\n<\/blockquote>\n<p><a class=\"dt-pswp-item\" href=\"https:\/\/www.radiopiu.net\/wordpress\/wp-content\/uploads\/2024\/02\/Senza-nome-52.png\" data-dt-img-description=\"\" data-large_image_width=\"268\" data-large_image_height=\"486\"><img loading=\"lazy\" decoding=\"async\" class=\" wp-image-375373 aligncenter\" src=\"https:\/\/www.radiopiu.net\/wordpress\/wp-content\/uploads\/2024\/02\/Senza-nome-52-165x300.png\" alt=\"\" width=\"148\" height=\"269\" srcset=\"https:\/\/www.radiopiu.net\/wordpress\/wp-content\/uploads\/2024\/02\/Senza-nome-52-165x300.png 165w, https:\/\/www.radiopiu.net\/wordpress\/wp-content\/uploads\/2024\/02\/Senza-nome-52.png 268w\" sizes=\"auto, (max-width: 148px) 100vw, 148px\" \/><\/a><\/p>\n<p>&nbsp;<\/p>\n<h2><\/h2>\n<\/div>\n<\/div>\n<\/div>\n<\/div>\n<\/div>\n<blockquote>\n<div>\n<div class=\"\" dir=\"auto\">\n<div id=\":r9h:\" class=\"x1iorvi4 x1pi30zi x1l90r2v x1swvt13\" data-ad-comet-preview=\"message\" data-ad-preview=\"message\">\n<div class=\"x78zum5 xdt5ytf xz62fqu x16ldp7u\">\n<div class=\"xu06os2 x1ok221b\">\n<h3 dir=\"auto\"><a class=\"dt-pswp-item\" href=\"https:\/\/www.radiopiu.net\/wordpress\/wp-content\/uploads\/2024\/03\/431799071_3701462953469797_3407377256265811588_n.jpg\" data-dt-img-description=\"\" data-large_image_width=\"512\" data-large_image_height=\"640\"><img loading=\"lazy\" decoding=\"async\" class=\"size-medium wp-image-378141 alignleft\" src=\"https:\/\/www.radiopiu.net\/wordpress\/wp-content\/uploads\/2024\/03\/431799071_3701462953469797_3407377256265811588_n-240x300.jpg\" alt=\"\" width=\"240\" height=\"300\" srcset=\"https:\/\/www.radiopiu.net\/wordpress\/wp-content\/uploads\/2024\/03\/431799071_3701462953469797_3407377256265811588_n-240x300.jpg 240w, https:\/\/www.radiopiu.net\/wordpress\/wp-content\/uploads\/2024\/03\/431799071_3701462953469797_3407377256265811588_n.jpg 512w\" sizes=\"auto, (max-width: 240px) 100vw, 240px\" \/><\/a>7 APRILE, LARESEI! SAVE THE DATE FESTIVAL &#8220;ULTIMISSIME&#8221;<\/h3>\n<\/div>\n<\/div>\n<\/div>\n<\/div>\n<\/div>\n<\/blockquote>\n<div>\n<div class=\"\" dir=\"auto\">\n<div id=\":r9h:\" class=\"x1iorvi4 x1pi30zi x1l90r2v x1swvt13\" data-ad-comet-preview=\"message\" data-ad-preview=\"message\">\n<p>PROSSIMAMENTE&#8230;<br \/>\nQuest\u2019anno ne abbiamo per tutti e per tutti i gusti! Dai primi anni 2000 ad oggi le loro produzioni ed i loro remix partendo da Radio M2O fanno il giro del mondo grazie anche alla collaborazione con le pi\u00f9 prestigiose case discografiche. Al Save The Date Festival si \u201carrampicheranno\u201d anche gli ALIEN CUT!<\/p>\n<p>Dai palchi pi\u00f9 famosi d\u2019Italia in tour con l\u2019inseparabile Jovanotti, arriva al Save The Date Festival uno dei pi\u00f9 famosi bassisti italiani Saturnino Celani!<br \/>\nAl Rifugio Laresei ci sar\u00e0 il pi\u00f9 grande spettacolo dopo il Big Bang!<br \/>\n7 APRILE: \u00a0 CON CAROLINA MARQUEZ, MASSIMILIANO OSSINI, CAMILLA RONCHI, ICE MC,\u00a0\u00a0\u00a0 NATHALIE AARTS\u00a0 E SATURNINO Acquista il tuo biglietto d&#8217;ingresso al link: www.ciaotickets.com \u00a0 save-the-date-festival 7 APRILE RIFUGIO LARESEI<br \/>\nSKI AREA SAN PELLEGRINO-FALCADE<\/p>\n<p>&nbsp;<\/p>\n<p><strong>SAVE THE DATE FESTIVAL<\/strong><\/p>\n\n\t\t\t<style type='text\/css'>\n\t\t\t\t#gallery-6 {\n\t\t\t\t\tmargin: auto;\n\t\t\t\t}\n\t\t\t\t#gallery-6 .gallery-item {\n\t\t\t\t\tfloat: left;\n\t\t\t\t\tmargin-top: 10px;\n\t\t\t\t\ttext-align: center;\n\t\t\t\t\twidth: 25%;\n\t\t\t\t}\n\t\t\t\t#gallery-6 img {\n\t\t\t\t\tborder: 2px solid #cfcfcf;\n\t\t\t\t}\n\t\t\t\t#gallery-6 .gallery-caption {\n\t\t\t\t\tmargin-left: 0;\n\t\t\t\t}\n\t\t\t\t\/* see gallery_shortcode() in wp-includes\/media.php *\/\n\t\t\t<\/style>\n\t\t<div id='gallery-6' class='dt-gallery-container gallery galleryid-377845 gallery-columns-4 gallery-size-medium'><dl class='gallery-item'>\n\t\t\t\t<dt class='gallery-icon portrait'>\n\t\t\t\t\t<a class=\"rollover rollover-zoom dt-pswp-item\" title=\"SCR-20240306-qmql\" data-dt-img-description=\"\" data-large_image_width=\"1182\" data-large_image_height=\"1192\"href='https:\/\/www.radiopiu.net\/wordpress\/wp-content\/uploads\/2024\/03\/SCR-20240306-qmql.jpeg'><img loading=\"lazy\" decoding=\"async\" width=\"297\" height=\"300\" src=\"https:\/\/www.radiopiu.net\/wordpress\/wp-content\/uploads\/2024\/03\/SCR-20240306-qmql-297x300.jpeg\" class=\"attachment-medium size-medium\" alt=\"\" srcset=\"https:\/\/www.radiopiu.net\/wordpress\/wp-content\/uploads\/2024\/03\/SCR-20240306-qmql-297x300.jpeg 297w, https:\/\/www.radiopiu.net\/wordpress\/wp-content\/uploads\/2024\/03\/SCR-20240306-qmql-1015x1024.jpeg 1015w, https:\/\/www.radiopiu.net\/wordpress\/wp-content\/uploads\/2024\/03\/SCR-20240306-qmql-768x774.jpeg 768w, https:\/\/www.radiopiu.net\/wordpress\/wp-content\/uploads\/2024\/03\/SCR-20240306-qmql.jpeg 1182w\" sizes=\"auto, (max-width: 297px) 100vw, 297px\" \/><\/a>\n\t\t\t\t<\/dt><\/dl><dl class='gallery-item'>\n\t\t\t\t<dt class='gallery-icon landscape'>\n\t\t\t\t\t<a class=\"rollover rollover-zoom dt-pswp-item\" title=\"download\" data-dt-img-description=\"\" data-large_image_width=\"316\" data-large_image_height=\"315\"href='https:\/\/www.radiopiu.net\/wordpress\/wp-content\/uploads\/2024\/03\/download.jpg'><img loading=\"lazy\" decoding=\"async\" width=\"300\" height=\"300\" src=\"https:\/\/www.radiopiu.net\/wordpress\/wp-content\/uploads\/2024\/03\/download-300x300.jpg\" class=\"attachment-medium size-medium\" alt=\"\" srcset=\"https:\/\/www.radiopiu.net\/wordpress\/wp-content\/uploads\/2024\/03\/download-300x300.jpg 300w, https:\/\/www.radiopiu.net\/wordpress\/wp-content\/uploads\/2024\/03\/download-150x150.jpg 150w, https:\/\/www.radiopiu.net\/wordpress\/wp-content\/uploads\/2024\/03\/download.jpg 316w\" sizes=\"auto, (max-width: 300px) 100vw, 300px\" \/><\/a>\n\t\t\t\t<\/dt><\/dl><dl class='gallery-item'>\n\t\t\t\t<dt class='gallery-icon landscape'>\n\t\t\t\t\t<a class=\"rollover rollover-zoom dt-pswp-item\" title=\"download\" data-dt-img-description=\"\" data-large_image_width=\"640\" data-large_image_height=\"639\"href='https:\/\/www.radiopiu.net\/wordpress\/wp-content\/uploads\/2024\/02\/download-6.jpg'><img loading=\"lazy\" decoding=\"async\" width=\"300\" height=\"300\" src=\"https:\/\/www.radiopiu.net\/wordpress\/wp-content\/uploads\/2024\/02\/download-6-300x300.jpg\" class=\"attachment-medium size-medium\" alt=\"\" srcset=\"https:\/\/www.radiopiu.net\/wordpress\/wp-content\/uploads\/2024\/02\/download-6-300x300.jpg 300w, https:\/\/www.radiopiu.net\/wordpress\/wp-content\/uploads\/2024\/02\/download-6-150x150.jpg 150w, https:\/\/www.radiopiu.net\/wordpress\/wp-content\/uploads\/2024\/02\/download-6.jpg 640w\" sizes=\"auto, (max-width: 300px) 100vw, 300px\" \/><\/a>\n\t\t\t\t<\/dt><\/dl><dl class='gallery-item'>\n\t\t\t\t<dt class='gallery-icon landscape'>\n\t\t\t\t\t<a class=\"rollover rollover-zoom dt-pswp-item\" title=\"Senza nome\" data-dt-img-description=\"\" data-large_image_width=\"566\" data-large_image_height=\"463\"href='https:\/\/www.radiopiu.net\/wordpress\/wp-content\/uploads\/2024\/03\/Senza-nome-4.png'><img loading=\"lazy\" decoding=\"async\" width=\"300\" height=\"245\" src=\"https:\/\/www.radiopiu.net\/wordpress\/wp-content\/uploads\/2024\/03\/Senza-nome-4-300x245.png\" class=\"attachment-medium size-medium\" alt=\"\" srcset=\"https:\/\/www.radiopiu.net\/wordpress\/wp-content\/uploads\/2024\/03\/Senza-nome-4-300x245.png 300w, https:\/\/www.radiopiu.net\/wordpress\/wp-content\/uploads\/2024\/03\/Senza-nome-4.png 566w\" sizes=\"auto, (max-width: 300px) 100vw, 300px\" \/><\/a>\n\t\t\t\t<\/dt><\/dl><br style=\"clear: both\" \/><dl class='gallery-item'>\n\t\t\t\t<dt class='gallery-icon landscape'>\n\t\t\t\t\t<a class=\"rollover rollover-zoom dt-pswp-item\" title=\"download\" data-dt-img-description=\"\" data-large_image_width=\"640\" data-large_image_height=\"639\"href='https:\/\/www.radiopiu.net\/wordpress\/wp-content\/uploads\/2024\/02\/download-5.jpg'><img loading=\"lazy\" decoding=\"async\" width=\"300\" height=\"300\" src=\"https:\/\/www.radiopiu.net\/wordpress\/wp-content\/uploads\/2024\/02\/download-5-300x300.jpg\" class=\"attachment-medium size-medium\" alt=\"\" srcset=\"https:\/\/www.radiopiu.net\/wordpress\/wp-content\/uploads\/2024\/02\/download-5-300x300.jpg 300w, https:\/\/www.radiopiu.net\/wordpress\/wp-content\/uploads\/2024\/02\/download-5-150x150.jpg 150w, https:\/\/www.radiopiu.net\/wordpress\/wp-content\/uploads\/2024\/02\/download-5.jpg 640w\" sizes=\"auto, (max-width: 300px) 100vw, 300px\" \/><\/a>\n\t\t\t\t<\/dt><\/dl><dl class='gallery-item'>\n\t\t\t\t<dt class='gallery-icon landscape'>\n\t\t\t\t\t<a class=\"rollover rollover-zoom dt-pswp-item\" title=\"Senza nome\" data-dt-img-description=\"\" data-large_image_width=\"415\" data-large_image_height=\"390\"href='https:\/\/www.radiopiu.net\/wordpress\/wp-content\/uploads\/2024\/03\/Senza-nome-10.png'><img loading=\"lazy\" decoding=\"async\" width=\"300\" height=\"282\" src=\"https:\/\/www.radiopiu.net\/wordpress\/wp-content\/uploads\/2024\/03\/Senza-nome-10-300x282.png\" class=\"attachment-medium size-medium\" alt=\"\" srcset=\"https:\/\/www.radiopiu.net\/wordpress\/wp-content\/uploads\/2024\/03\/Senza-nome-10-300x282.png 300w, https:\/\/www.radiopiu.net\/wordpress\/wp-content\/uploads\/2024\/03\/Senza-nome-10.png 415w\" sizes=\"auto, (max-width: 300px) 100vw, 300px\" \/><\/a>\n\t\t\t\t<\/dt><\/dl><dl class='gallery-item'>\n\t\t\t\t<dt class='gallery-icon landscape'>\n\t\t\t\t\t<a class=\"rollover rollover-zoom dt-pswp-item\" title=\"19c21029-a0ef-4986-8081-9facbbbce065\" data-dt-img-description=\"\" data-large_image_width=\"1080\" data-large_image_height=\"1080\"href='https:\/\/www.radiopiu.net\/wordpress\/wp-content\/uploads\/2024\/02\/19c21029-a0ef-4986-8081-9facbbbce065.jpg'><img loading=\"lazy\" decoding=\"async\" width=\"300\" height=\"300\" src=\"https:\/\/www.radiopiu.net\/wordpress\/wp-content\/uploads\/2024\/02\/19c21029-a0ef-4986-8081-9facbbbce065-300x300.jpg\" class=\"attachment-medium size-medium\" alt=\"\" srcset=\"https:\/\/www.radiopiu.net\/wordpress\/wp-content\/uploads\/2024\/02\/19c21029-a0ef-4986-8081-9facbbbce065-300x300.jpg 300w, https:\/\/www.radiopiu.net\/wordpress\/wp-content\/uploads\/2024\/02\/19c21029-a0ef-4986-8081-9facbbbce065-1024x1024.jpg 1024w, https:\/\/www.radiopiu.net\/wordpress\/wp-content\/uploads\/2024\/02\/19c21029-a0ef-4986-8081-9facbbbce065-150x150.jpg 150w, https:\/\/www.radiopiu.net\/wordpress\/wp-content\/uploads\/2024\/02\/19c21029-a0ef-4986-8081-9facbbbce065-768x768.jpg 768w, https:\/\/www.radiopiu.net\/wordpress\/wp-content\/uploads\/2024\/02\/19c21029-a0ef-4986-8081-9facbbbce065.jpg 1080w\" sizes=\"auto, (max-width: 300px) 100vw, 300px\" \/><\/a>\n\t\t\t\t<\/dt><\/dl><dl class='gallery-item'>\n\t\t\t\t<dt class='gallery-icon landscape'>\n\t\t\t\t\t<a class=\"rollover rollover-zoom dt-pswp-item\" title=\"428458808_122124610286160269_8403615925720421881_n\" data-dt-img-description=\"\" data-large_image_width=\"526\" data-large_image_height=\"526\"href='https:\/\/www.radiopiu.net\/wordpress\/wp-content\/uploads\/2024\/02\/428458808_122124610286160269_8403615925720421881_n.jpg'><img loading=\"lazy\" decoding=\"async\" width=\"300\" height=\"300\" src=\"https:\/\/www.radiopiu.net\/wordpress\/wp-content\/uploads\/2024\/02\/428458808_122124610286160269_8403615925720421881_n-300x300.jpg\" class=\"attachment-medium size-medium\" alt=\"\" srcset=\"https:\/\/www.radiopiu.net\/wordpress\/wp-content\/uploads\/2024\/02\/428458808_122124610286160269_8403615925720421881_n-300x300.jpg 300w, https:\/\/www.radiopiu.net\/wordpress\/wp-content\/uploads\/2024\/02\/428458808_122124610286160269_8403615925720421881_n-150x150.jpg 150w, https:\/\/www.radiopiu.net\/wordpress\/wp-content\/uploads\/2024\/02\/428458808_122124610286160269_8403615925720421881_n.jpg 526w\" sizes=\"auto, (max-width: 300px) 100vw, 300px\" \/><\/a>\n\t\t\t\t<\/dt><\/dl><br style=\"clear: both\" \/>\n\t\t\t<\/div>\n\n<\/div>\n<\/div>\n<\/div>\n<blockquote>\n<div>\n<div class=\"\" dir=\"auto\">\n<div id=\":r9h:\" class=\"x1iorvi4 x1pi30zi x1l90r2v x1swvt13\" data-ad-comet-preview=\"message\" data-ad-preview=\"message\">\n<div class=\"x78zum5 xdt5ytf xz62fqu x16ldp7u\">\n<div class=\"xu06os2 x1ok221b\">\n<div dir=\"auto\"><\/div>\n<\/div>\n<\/div>\n<\/div>\n<\/div>\n<\/div>\n<\/blockquote>\n<p>&nbsp;<\/p>\n<p>&nbsp;<\/p>\n<p>&nbsp;<\/p>\n<hr \/>\n<p>&nbsp;<\/p>\n<p><a class=\"dt-pswp-item\" href=\"https:\/\/www.radiopiu.net\/wordpress\/wp-content\/uploads\/2018\/09\/viabilita.jpeg\" data-dt-img-description=\"\" data-large_image_width=\"800\" data-large_image_height=\"100\"><img loading=\"lazy\" decoding=\"async\" class=\"aligncenter wp-image-61954 size-full\" src=\"https:\/\/www.radiopiu.net\/wordpress\/wp-content\/uploads\/2018\/09\/viabilita.jpeg\" alt=\"\" width=\"800\" height=\"100\" srcset=\"https:\/\/www.radiopiu.net\/wordpress\/wp-content\/uploads\/2018\/09\/viabilita.jpeg 800w, https:\/\/www.radiopiu.net\/wordpress\/wp-content\/uploads\/2018\/09\/viabilita-300x38.jpeg 300w, https:\/\/www.radiopiu.net\/wordpress\/wp-content\/uploads\/2018\/09\/viabilita-768x96.jpeg 768w\" sizes=\"auto, (max-width: 800px) 100vw, 800px\" \/><\/a><\/p>\n<p>&nbsp;<\/p>\n<p><a class=\"dt-pswp-item\" href=\"https:\/\/www.radiopiu.net\/wordpress\/wp-content\/uploads\/2023\/12\/botol-car-service.jpg\" data-dt-img-description=\"\" data-large_image_width=\"600\" data-large_image_height=\"600\"><img loading=\"lazy\" decoding=\"async\" class=\"size-medium wp-image-367044 aligncenter\" src=\"https:\/\/www.radiopiu.net\/wordpress\/wp-content\/uploads\/2023\/12\/botol-car-service-300x300.jpg\" alt=\"\" width=\"300\" height=\"300\" srcset=\"https:\/\/www.radiopiu.net\/wordpress\/wp-content\/uploads\/2023\/12\/botol-car-service-300x300.jpg 300w, https:\/\/www.radiopiu.net\/wordpress\/wp-content\/uploads\/2023\/12\/botol-car-service-150x150.jpg 150w, https:\/\/www.radiopiu.net\/wordpress\/wp-content\/uploads\/2023\/12\/botol-car-service.jpg 600w\" sizes=\"auto, (max-width: 300px) 100vw, 300px\" \/><\/a><\/p>\n<p>&nbsp;<\/p>\n<blockquote class=\"wp-embedded-content\" data-secret=\"w1pZdwT0kY\"><p><a href=\"https:\/\/www.radiopiu.net\/wordpress\/viabilita\/\">viabilita<\/a><\/p><\/blockquote>\n<p><iframe loading=\"lazy\" class=\"wp-embedded-content\" sandbox=\"allow-scripts\" security=\"restricted\" style=\"position: absolute; clip: rect(1px, 1px, 1px, 1px);\" title=\"&#8220;viabilita&#8221; &#8212; Radio Pi\u00f9\" src=\"https:\/\/www.radiopiu.net\/wordpress\/viabilita\/embed\/#?secret=Hc0QXPEQdQ#?secret=w1pZdwT0kY\" data-secret=\"w1pZdwT0kY\" width=\"600\" height=\"338\" frameborder=\"0\" marginwidth=\"0\" marginheight=\"0\" scrolling=\"no\"><\/iframe><\/p>\n<p>&nbsp;<\/p>\n<hr \/>\n<p>&nbsp;<\/p>\n<p><a class=\"dt-pswp-item\" href=\"https:\/\/www.radiopiu.net\/wordpress\/wp-content\/uploads\/2018\/09\/WhatsApp-Image-2018-09-20-at-16.04.06.jpeg\" data-dt-img-description=\"\" data-large_image_width=\"800\" data-large_image_height=\"100\"><img loading=\"lazy\" decoding=\"async\" class=\"wp-image-61378 size-full aligncenter\" src=\"https:\/\/www.radiopiu.net\/wordpress\/wp-content\/uploads\/2018\/09\/WhatsApp-Image-2018-09-20-at-16.04.06.jpeg\" alt=\"\" width=\"800\" height=\"100\" srcset=\"https:\/\/www.radiopiu.net\/wordpress\/wp-content\/uploads\/2018\/09\/WhatsApp-Image-2018-09-20-at-16.04.06.jpeg 800w, https:\/\/www.radiopiu.net\/wordpress\/wp-content\/uploads\/2018\/09\/WhatsApp-Image-2018-09-20-at-16.04.06-300x38.jpeg 300w, https:\/\/www.radiopiu.net\/wordpress\/wp-content\/uploads\/2018\/09\/WhatsApp-Image-2018-09-20-at-16.04.06-768x96.jpeg 768w\" sizes=\"auto, (max-width: 800px) 100vw, 800px\" \/><\/a><\/p>\n<p><center><\/center>&nbsp;<\/p>\n<p><center><\/center><center><\/center><center><\/center><center><\/center><b>OGGI: <\/b>Cielo molto nuvoloso o coperto per buona parte della giornata specie su Prealpi e Dolomiti meridionali, qualche irregolare schiarita pi\u00f9 probabile in quota e su Dolomiti settentrionali fino al primo mattino. Dalla sera ulteriore generale aumento della nuvolosit\u00e0 ovunque. <b>Precipitazioni: <\/b>Molto deboli o debolissime, sparse ed intermittenti possibili durante tutta la giornata, con qualche fiocco oltre i 1000\/1200 m, a tratti a 800-900 m al primo mattino. <b>Temperature: <\/b>Temperature in generale calo.<\/p>\n<p>&nbsp;<\/p>\n<hr \/>\n<p><center><\/center><b>DOMANI: <\/b>Cielo molto nuvoloso o coperto con qualche eventuale irregolare e breve schiarita nel pomeriggio. <b>Precipitazioni: <\/b>Tra notte e mattino probabili deboli sparse con limite neve a 800-1000 m, in risalita. Nel pomeriggio generalmente assenti o poco probabile qualche fiocco sulle cime. Attesi accumuli di 1-5 mm, localmente fino a 10 mm su Prealpi con altrettanti cm di neve fresca oltre i 1200\/1300 m. <b>Temperature: <\/b>Temperature minime stazionarie e massime in lieve aumento.<\/p>\n<p>&nbsp;<\/p>\n<hr \/>\n<p><center><\/center><strong>DOMENICA<\/strong> Molto nuvoloso o coperto con precipitazioni diffuse, moderate o a tratti forti specie su Prealpi e Dolomiti meridionali, anche con rovesci. Limite neve a 1100-1400 m. Ad oggi sono attesi accumuli consistenti, anche abbondanti su settori prealpini. Temperature in lieve aumento.<\/p>\n<p>&nbsp;<\/p>\n<hr \/>\n<p><center><\/center><strong>LUNEDI<\/strong> Nuvolosit\u00e0 variabile con qualche schiarita su Dolomiti al mattino seguita da un irregolare aumento delle nubi nel pomeriggio quando saranno possibili piovaschi o rovesci sparsi specie su Prealpi con neve oltre i 1200\/1400 m Temperature minime stazionarie o in calo nelle valli, massime in aumento.<\/p>\n<p>&nbsp;<\/p>\n<hr \/>\n<p>&nbsp;<\/p>\n<p><img loading=\"lazy\" decoding=\"async\" class=\"wp-image-60761 size-full aligncenter\" src=\"https:\/\/www.radiopiu.net\/wordpress\/wp-content\/uploads\/2018\/09\/sport.jpg\" alt=\"\" width=\"800\" height=\"100\" srcset=\"https:\/\/www.radiopiu.net\/wordpress\/wp-content\/uploads\/2018\/09\/sport.jpg 800w, https:\/\/www.radiopiu.net\/wordpress\/wp-content\/uploads\/2018\/09\/sport-300x38.jpg 300w, https:\/\/www.radiopiu.net\/wordpress\/wp-content\/uploads\/2018\/09\/sport-768x96.jpg 768w\" sizes=\"auto, (max-width: 800px) 100vw, 800px\" \/><\/p>\n<p>&nbsp;<\/p>\n<p><span style=\"color: #0000ff;\"><strong>HOCKEY SU GHIACCIO\u00a0\u00a0<\/strong><\/span><\/p>\n<blockquote>\n<h3>L&#8217;APPIANO ESPUGNA IL DE TONI, IL FELTRE PERDE CON IL VARESE<\/h3>\n<\/blockquote>\n<p><strong>di Marco Gaz<\/strong><\/p>\n<p><span style=\"color: #ff0000;\"><strong>QUARTI DI FINALE IHL \u2013 GARA 3<\/strong><\/span><\/p>\n<p><strong>ALLEGHE \u2013 APPIANO 0-3<\/strong><\/p>\n<p>PARZIALI: 0-0, 0-1, 0-2<\/p>\n<p>GOL: St. 17\u201924\u201d Pardatscher. Tt. 17\u201926\u201d Raisanen, 18\u201954\u201d Graf<\/p>\n<p>Dopo una sfida in bilico dall\u2019inizio alla fine, l\u2019Appiano espugna l\u2019Alvise De Toni di Alleghe e porta la serie dei quarti di finale sul 2 a 1 per gli altoatesini. La squadra di Scapinello paga caro una doppia disattenzione difensiva e perde in casa una partita che valeva una stagione. Gli agordini giocano e bene e crano delle buone conclusioni ma il portiere avversario ha fatto la differenza. Tra poche ore di nuovo in campo per gara 4. Si giocher\u00e0 in terra altoatesina sabato alle 18 e i pirati avranno il primo match point della serie. Primi minuti con l\u2019Appiano che si fa pericoloso. Alla prima superiorit\u00e0 della partita, le civette si avvicinano alla porta avversaria senza per\u00f2 riuscire a sbloccare il punteggio. Le squadre tengono un ritmo di gioco alto anche perch\u00e9 la posta in palio \u00e8 alta. Le difese sono attente e le conclusioni stentano ad arrivare tanto che si va al primo riposo a reti inviolate. Nel secondo drittel i pirati sembrano indiavolati. Scola \u00e8 costretto agli straordinari per salvare il risultato. Gli agordini provano a reagire alla prima penalit\u00e0 a favore. Vinatzer e De Biasio ci provano ma non centrano i pali. Si continua a lottare e a fare la differenza sono i portieri. Zherdev si divora il gol e lo stesso fa anche Makela. Nel momento migliore dei biancorossi, l\u2019Appiano sfrutta un errore difensivo per portarsi in vantaggio. A sbloccare la gara ci pensa Pardatscher che ruba il disco e lo infila alle spalle di Scola. Le civette si svegliano ad inizio terzo tempo anche grazie all\u2019ennesimo powerplay a favore ma il golie altoatesino fa la differenza. Raisanen approfitta di una disattenzione difensiva per raddoppiare per i pirati. Nel finale arriva anche l\u2019empty net gol a firma di Graf.<\/p>\n<p><strong>LE FOTO DI MATTEO FLORIDIA<\/strong><\/p>\n\n\t\t\t<style type='text\/css'>\n\t\t\t\t#gallery-7 {\n\t\t\t\t\tmargin: auto;\n\t\t\t\t}\n\t\t\t\t#gallery-7 .gallery-item {\n\t\t\t\t\tfloat: left;\n\t\t\t\t\tmargin-top: 10px;\n\t\t\t\t\ttext-align: center;\n\t\t\t\t\twidth: 33%;\n\t\t\t\t}\n\t\t\t\t#gallery-7 img {\n\t\t\t\t\tborder: 2px solid #cfcfcf;\n\t\t\t\t}\n\t\t\t\t#gallery-7 .gallery-caption {\n\t\t\t\t\tmargin-left: 0;\n\t\t\t\t}\n\t\t\t\t\/* see gallery_shortcode() in wp-includes\/media.php *\/\n\t\t\t<\/style>\n\t\t<div id='gallery-7' class='dt-gallery-container gallery galleryid-377845 gallery-columns-3 gallery-size-medium'><dl class='gallery-item'>\n\t\t\t\t<dt class='gallery-icon landscape'>\n\t\t\t\t\t<a class=\"rollover rollover-zoom dt-pswp-item\" title=\"d9aec0fa-c934-413e-bc86-e9ae0e05cd83\" data-dt-img-description=\"\" data-large_image_width=\"1231\" data-large_image_height=\"811\"href='https:\/\/www.radiopiu.net\/wordpress\/wp-content\/uploads\/2024\/03\/d9aec0fa-c934-413e-bc86-e9ae0e05cd83.jpg'><img loading=\"lazy\" decoding=\"async\" width=\"300\" height=\"198\" src=\"https:\/\/www.radiopiu.net\/wordpress\/wp-content\/uploads\/2024\/03\/d9aec0fa-c934-413e-bc86-e9ae0e05cd83-300x198.jpg\" class=\"attachment-medium size-medium\" alt=\"\" srcset=\"https:\/\/www.radiopiu.net\/wordpress\/wp-content\/uploads\/2024\/03\/d9aec0fa-c934-413e-bc86-e9ae0e05cd83-300x198.jpg 300w, https:\/\/www.radiopiu.net\/wordpress\/wp-content\/uploads\/2024\/03\/d9aec0fa-c934-413e-bc86-e9ae0e05cd83-1024x675.jpg 1024w, https:\/\/www.radiopiu.net\/wordpress\/wp-content\/uploads\/2024\/03\/d9aec0fa-c934-413e-bc86-e9ae0e05cd83-768x506.jpg 768w, https:\/\/www.radiopiu.net\/wordpress\/wp-content\/uploads\/2024\/03\/d9aec0fa-c934-413e-bc86-e9ae0e05cd83.jpg 1231w\" sizes=\"auto, (max-width: 300px) 100vw, 300px\" \/><\/a>\n\t\t\t\t<\/dt><\/dl><dl class='gallery-item'>\n\t\t\t\t<dt class='gallery-icon landscape'>\n\t\t\t\t\t<a class=\"rollover rollover-zoom dt-pswp-item\" title=\"26b83543-5af8-4c1a-834c-b7dabec8f5c2\" data-dt-img-description=\"\" data-large_image_width=\"1600\" data-large_image_height=\"1126\"href='https:\/\/www.radiopiu.net\/wordpress\/wp-content\/uploads\/2024\/03\/26b83543-5af8-4c1a-834c-b7dabec8f5c2.jpg'><img loading=\"lazy\" decoding=\"async\" width=\"300\" height=\"211\" src=\"https:\/\/www.radiopiu.net\/wordpress\/wp-content\/uploads\/2024\/03\/26b83543-5af8-4c1a-834c-b7dabec8f5c2-300x211.jpg\" class=\"attachment-medium size-medium\" alt=\"\" srcset=\"https:\/\/www.radiopiu.net\/wordpress\/wp-content\/uploads\/2024\/03\/26b83543-5af8-4c1a-834c-b7dabec8f5c2-300x211.jpg 300w, https:\/\/www.radiopiu.net\/wordpress\/wp-content\/uploads\/2024\/03\/26b83543-5af8-4c1a-834c-b7dabec8f5c2-1024x721.jpg 1024w, https:\/\/www.radiopiu.net\/wordpress\/wp-content\/uploads\/2024\/03\/26b83543-5af8-4c1a-834c-b7dabec8f5c2-768x540.jpg 768w, https:\/\/www.radiopiu.net\/wordpress\/wp-content\/uploads\/2024\/03\/26b83543-5af8-4c1a-834c-b7dabec8f5c2-1536x1081.jpg 1536w, https:\/\/www.radiopiu.net\/wordpress\/wp-content\/uploads\/2024\/03\/26b83543-5af8-4c1a-834c-b7dabec8f5c2.jpg 1600w\" sizes=\"auto, (max-width: 300px) 100vw, 300px\" \/><\/a>\n\t\t\t\t<\/dt><\/dl><dl class='gallery-item'>\n\t\t\t\t<dt class='gallery-icon landscape'>\n\t\t\t\t\t<a class=\"rollover rollover-zoom dt-pswp-item\" title=\"2c5bc2bb-5e8b-4e4b-b2d3-4c7b668ac9e3\" data-dt-img-description=\"\" data-large_image_width=\"1049\" data-large_image_height=\"753\"href='https:\/\/www.radiopiu.net\/wordpress\/wp-content\/uploads\/2024\/03\/2c5bc2bb-5e8b-4e4b-b2d3-4c7b668ac9e3.jpg'><img loading=\"lazy\" decoding=\"async\" width=\"300\" height=\"215\" src=\"https:\/\/www.radiopiu.net\/wordpress\/wp-content\/uploads\/2024\/03\/2c5bc2bb-5e8b-4e4b-b2d3-4c7b668ac9e3-300x215.jpg\" class=\"attachment-medium size-medium\" alt=\"\" srcset=\"https:\/\/www.radiopiu.net\/wordpress\/wp-content\/uploads\/2024\/03\/2c5bc2bb-5e8b-4e4b-b2d3-4c7b668ac9e3-300x215.jpg 300w, https:\/\/www.radiopiu.net\/wordpress\/wp-content\/uploads\/2024\/03\/2c5bc2bb-5e8b-4e4b-b2d3-4c7b668ac9e3-1024x735.jpg 1024w, https:\/\/www.radiopiu.net\/wordpress\/wp-content\/uploads\/2024\/03\/2c5bc2bb-5e8b-4e4b-b2d3-4c7b668ac9e3-768x551.jpg 768w, https:\/\/www.radiopiu.net\/wordpress\/wp-content\/uploads\/2024\/03\/2c5bc2bb-5e8b-4e4b-b2d3-4c7b668ac9e3.jpg 1049w\" sizes=\"auto, (max-width: 300px) 100vw, 300px\" \/><\/a>\n\t\t\t\t<\/dt><\/dl><br style=\"clear: both\" \/><dl class='gallery-item'>\n\t\t\t\t<dt class='gallery-icon landscape'>\n\t\t\t\t\t<a class=\"rollover rollover-zoom dt-pswp-item\" title=\"f880fc38-4bb7-4d9d-a244-4fbf853ecd51\" data-dt-img-description=\"\" data-large_image_width=\"1000\" data-large_image_height=\"718\"href='https:\/\/www.radiopiu.net\/wordpress\/wp-content\/uploads\/2024\/03\/f880fc38-4bb7-4d9d-a244-4fbf853ecd51.jpg'><img loading=\"lazy\" decoding=\"async\" width=\"300\" height=\"215\" src=\"https:\/\/www.radiopiu.net\/wordpress\/wp-content\/uploads\/2024\/03\/f880fc38-4bb7-4d9d-a244-4fbf853ecd51-300x215.jpg\" class=\"attachment-medium size-medium\" alt=\"\" srcset=\"https:\/\/www.radiopiu.net\/wordpress\/wp-content\/uploads\/2024\/03\/f880fc38-4bb7-4d9d-a244-4fbf853ecd51-300x215.jpg 300w, https:\/\/www.radiopiu.net\/wordpress\/wp-content\/uploads\/2024\/03\/f880fc38-4bb7-4d9d-a244-4fbf853ecd51-768x551.jpg 768w, https:\/\/www.radiopiu.net\/wordpress\/wp-content\/uploads\/2024\/03\/f880fc38-4bb7-4d9d-a244-4fbf853ecd51.jpg 1000w\" sizes=\"auto, (max-width: 300px) 100vw, 300px\" \/><\/a>\n\t\t\t\t<\/dt><\/dl><dl class='gallery-item'>\n\t\t\t\t<dt class='gallery-icon landscape'>\n\t\t\t\t\t<a class=\"rollover rollover-zoom dt-pswp-item\" title=\"fce9c6d5-8e36-4b65-b3c1-d81ba26668f5\" data-dt-img-description=\"\" data-large_image_width=\"1304\" data-large_image_height=\"829\"href='https:\/\/www.radiopiu.net\/wordpress\/wp-content\/uploads\/2024\/03\/fce9c6d5-8e36-4b65-b3c1-d81ba26668f5.jpg'><img loading=\"lazy\" decoding=\"async\" width=\"300\" height=\"191\" src=\"https:\/\/www.radiopiu.net\/wordpress\/wp-content\/uploads\/2024\/03\/fce9c6d5-8e36-4b65-b3c1-d81ba26668f5-300x191.jpg\" class=\"attachment-medium size-medium\" alt=\"\" srcset=\"https:\/\/www.radiopiu.net\/wordpress\/wp-content\/uploads\/2024\/03\/fce9c6d5-8e36-4b65-b3c1-d81ba26668f5-300x191.jpg 300w, https:\/\/www.radiopiu.net\/wordpress\/wp-content\/uploads\/2024\/03\/fce9c6d5-8e36-4b65-b3c1-d81ba26668f5-1024x651.jpg 1024w, https:\/\/www.radiopiu.net\/wordpress\/wp-content\/uploads\/2024\/03\/fce9c6d5-8e36-4b65-b3c1-d81ba26668f5-768x488.jpg 768w, https:\/\/www.radiopiu.net\/wordpress\/wp-content\/uploads\/2024\/03\/fce9c6d5-8e36-4b65-b3c1-d81ba26668f5.jpg 1304w\" sizes=\"auto, (max-width: 300px) 100vw, 300px\" \/><\/a>\n\t\t\t\t<\/dt><\/dl><dl class='gallery-item'>\n\t\t\t\t<dt class='gallery-icon landscape'>\n\t\t\t\t\t<a class=\"rollover rollover-zoom dt-pswp-item\" title=\"72c7b5a8-f440-43fc-ae4e-34cd87c214ff\" data-dt-img-description=\"\" data-large_image_width=\"1109\" data-large_image_height=\"793\"href='https:\/\/www.radiopiu.net\/wordpress\/wp-content\/uploads\/2024\/03\/72c7b5a8-f440-43fc-ae4e-34cd87c214ff.jpg'><img loading=\"lazy\" decoding=\"async\" width=\"300\" height=\"215\" src=\"https:\/\/www.radiopiu.net\/wordpress\/wp-content\/uploads\/2024\/03\/72c7b5a8-f440-43fc-ae4e-34cd87c214ff-300x215.jpg\" class=\"attachment-medium size-medium\" alt=\"\" srcset=\"https:\/\/www.radiopiu.net\/wordpress\/wp-content\/uploads\/2024\/03\/72c7b5a8-f440-43fc-ae4e-34cd87c214ff-300x215.jpg 300w, https:\/\/www.radiopiu.net\/wordpress\/wp-content\/uploads\/2024\/03\/72c7b5a8-f440-43fc-ae4e-34cd87c214ff-1024x732.jpg 1024w, https:\/\/www.radiopiu.net\/wordpress\/wp-content\/uploads\/2024\/03\/72c7b5a8-f440-43fc-ae4e-34cd87c214ff-768x549.jpg 768w, https:\/\/www.radiopiu.net\/wordpress\/wp-content\/uploads\/2024\/03\/72c7b5a8-f440-43fc-ae4e-34cd87c214ff.jpg 1109w\" sizes=\"auto, (max-width: 300px) 100vw, 300px\" \/><\/a>\n\t\t\t\t<\/dt><\/dl><br style=\"clear: both\" \/>\n\t\t\t<\/div>\n\n<p>&nbsp;<\/p>\n<p><strong>VARESE \u2013 FELTRE 4-2<\/strong><\/p>\n<p>PARZIALI: 1-0, 0-1, 3-1<\/p>\n<p>GOL: Pt. 9\u201946\u201d Majul. St. 16\u201932\u201d Blaha. Tt. 4\u201924\u201d M. Dall\u2019Agnol, 7\u201946\u201d Tilaro, 12\u201928\u201d e 19&#8217;55&#8221; Piroso<\/p>\n<p>Il Feltre deve rinviare l\u2019appuntamento con il passaggio in semifinale. A Varese i picchi non riescono a chiudere la serie e dovranno giocare anche sabato tra le mura amiche. I feltrini si sono impegnati. Dopo aver subito il gol nella prima frazione, si portano in vantaggio nel terzo drittel ma non basta. I mastini ingranano la marcia giusta per allungare la serie dei quarti di finale. Il Varese \u00e8 agguerrito e lo si capisce fin dai primi istanti di gara. Il Feltre risponde ma non come vorrebbe. I mastini spigono e si portano in vantaggio con Majul. Non si fanno impensierire i picchi che per\u00f2 non riescono a rispondere a si va al primo riposo con i padroni di casa in vantaggio. Nel secondo drittel il Varese continua a prendere di mira la porta avversaria ma i giocatori feltrini si difendono bene. Alla prima disattenzione dei lombardi, i picchi colpiscono e pareggiano i conti con Blaha. Nella terza frazione il Feltre passa in vantaggio con Matteo Dall\u2019Agnol ma Tilaro pareggia subito i conti. Ad avere una marcia in pi\u00f9 per\u00f2 sono i campioni in carica che tornano in vantaggio con Piroso. Nel finale di gara i mastini calano il poker con il secondo gol di Piroso<\/p>\n<p><strong>LE PARTITE DEI QUARTI DI FINALE GARA 3:<\/strong> Alleghe \u2013 Appiano\u00a0 0-3 (2-1 Appiano nella serie), Pergine \u2013 Como 5-6 dot (2-1 Como) , Caldaro \u2013 Fiemme 4-1 (3-0 Caldaro in semifinale), Varese \u2013 Feltre 4-2 (2-1 Feltre)<\/p>\n<p>&nbsp;<\/p>\n<p><span style=\"color: #0000ff;\"><strong>CALCIO<\/strong><\/span><\/p>\n<blockquote>\n<h3>DUE NUOVI DIRETTORI PER LA DOLOMITI BELLUNESI. CONFERMATO ANCHE MISTER ZANINI<\/h3>\n<\/blockquote>\n<p><strong><a class=\"dt-pswp-item\" href=\"https:\/\/www.radiopiu.net\/wordpress\/wp-content\/uploads\/2024\/03\/b1175f32-a32e-4e0b-8cb1-46e698777ad9.jpg\" data-dt-img-description=\"\" data-large_image_width=\"2048\" data-large_image_height=\"1536\"><img loading=\"lazy\" decoding=\"async\" class=\" wp-image-378043 alignleft\" src=\"https:\/\/www.radiopiu.net\/wordpress\/wp-content\/uploads\/2024\/03\/b1175f32-a32e-4e0b-8cb1-46e698777ad9-300x225.jpg\" alt=\"\" width=\"193\" height=\"145\" srcset=\"https:\/\/www.radiopiu.net\/wordpress\/wp-content\/uploads\/2024\/03\/b1175f32-a32e-4e0b-8cb1-46e698777ad9-300x225.jpg 300w, https:\/\/www.radiopiu.net\/wordpress\/wp-content\/uploads\/2024\/03\/b1175f32-a32e-4e0b-8cb1-46e698777ad9-1024x768.jpg 1024w, https:\/\/www.radiopiu.net\/wordpress\/wp-content\/uploads\/2024\/03\/b1175f32-a32e-4e0b-8cb1-46e698777ad9-768x576.jpg 768w, https:\/\/www.radiopiu.net\/wordpress\/wp-content\/uploads\/2024\/03\/b1175f32-a32e-4e0b-8cb1-46e698777ad9-1536x1152.jpg 1536w, https:\/\/www.radiopiu.net\/wordpress\/wp-content\/uploads\/2024\/03\/b1175f32-a32e-4e0b-8cb1-46e698777ad9.jpg 2048w\" sizes=\"auto, (max-width: 193px) 100vw, 193px\" \/><\/a>BELLUNO<\/strong> La Dolomiti Bellunesi, al secondo posto in Serie D e lanciatissima nella corsa playoff, guarda gi\u00e0 anche alla prossima stagione, con la conferma di mister Zanini e due nuovi direttori.<\/p>\n<p><strong>DI DANIELE DALVIT<\/strong><\/p>\n<audio class=\"wp-audio-shortcode\" id=\"audio-377845-20\" preload=\"none\" style=\"width: 100%;\" controls=\"controls\"><source type=\"audio\/mpeg\" src=\"https:\/\/www.radiopiu.net\/wordpress\/wp-content\/uploads\/2024\/03\/Radio-Piu-Servizio-Dolomiti-Bellunesi-calcio-mister-e-direttori.mp3?_=20\" \/><a href=\"https:\/\/www.radiopiu.net\/wordpress\/wp-content\/uploads\/2024\/03\/Radio-Piu-Servizio-Dolomiti-Bellunesi-calcio-mister-e-direttori.mp3\">https:\/\/www.radiopiu.net\/wordpress\/wp-content\/uploads\/2024\/03\/Radio-Piu-Servizio-Dolomiti-Bellunesi-calcio-mister-e-direttori.mp3<\/a><\/audio>\n<p>&nbsp;<\/p>\n<p><span style=\"color: #0000ff;\"><strong>SCI ALPINISMO 1\u00a0<\/strong><\/span><\/p>\n<blockquote>\n<h2><a class=\"dt-pswp-item\" href=\"https:\/\/www.radiopiu.net\/wordpress\/wp-content\/uploads\/2024\/03\/230401_skimo_\u00a9Zenoni-110-scaled.jpg\" data-dt-img-description=\"\" data-large_image_width=\"2560\" data-large_image_height=\"1707\"><img loading=\"lazy\" decoding=\"async\" class=\" wp-image-377985 alignleft\" src=\"https:\/\/www.radiopiu.net\/wordpress\/wp-content\/uploads\/2024\/03\/230401_skimo_\u00a9Zenoni-110-300x200.jpg\" alt=\"\" width=\"188\" height=\"125\" srcset=\"https:\/\/www.radiopiu.net\/wordpress\/wp-content\/uploads\/2024\/03\/230401_skimo_\u00a9Zenoni-110-300x200.jpg 300w, https:\/\/www.radiopiu.net\/wordpress\/wp-content\/uploads\/2024\/03\/230401_skimo_\u00a9Zenoni-110-1024x683.jpg 1024w, https:\/\/www.radiopiu.net\/wordpress\/wp-content\/uploads\/2024\/03\/230401_skimo_\u00a9Zenoni-110-768x512.jpg 768w, https:\/\/www.radiopiu.net\/wordpress\/wp-content\/uploads\/2024\/03\/230401_skimo_\u00a9Zenoni-110-1536x1024.jpg 1536w, https:\/\/www.radiopiu.net\/wordpress\/wp-content\/uploads\/2024\/03\/230401_skimo_\u00a9Zenoni-110-2048x1365.jpg 2048w\" sizes=\"auto, (max-width: 188px) 100vw, 188px\" \/><\/a>&#8220;Finali della Coppa del Mondo di Scialpinismo a Cortina d&#8217;Ampezzo: Neve Abbondante e Attesa per gli Atleti Italiani&#8221;<\/h2>\n<\/blockquote>\n<p><strong>CORTINA<\/strong><\/p>\n<p><strong>DI ROBERTO BONA<\/strong><\/p>\n<audio class=\"wp-audio-shortcode\" id=\"audio-377845-21\" preload=\"none\" style=\"width: 100%;\" controls=\"controls\"><source type=\"audio\/mpeg\" src=\"https:\/\/www.radiopiu.net\/wordpress\/wp-content\/uploads\/2024\/03\/gr-08-sport-sci-alpinismo-cortina-BONA.mp3?_=21\" \/><a href=\"https:\/\/www.radiopiu.net\/wordpress\/wp-content\/uploads\/2024\/03\/gr-08-sport-sci-alpinismo-cortina-BONA.mp3\">https:\/\/www.radiopiu.net\/wordpress\/wp-content\/uploads\/2024\/03\/gr-08-sport-sci-alpinismo-cortina-BONA.mp3<\/a><\/audio>\n<p>&nbsp;<\/p>\n<hr \/>\n<p>&nbsp;<\/p>\n<p>&nbsp;<\/p>\n<p><span style=\"color: #0000ff;\"><strong> SCI ALPINISMO 2<\/strong><\/span><\/p>\n<blockquote>\n<h2><a class=\"dt-pswp-item\" href=\"https:\/\/www.radiopiu.net\/wordpress\/wp-content\/uploads\/2024\/03\/Senza-nome-31.png\" data-dt-img-description=\"\" data-large_image_width=\"385\" data-large_image_height=\"155\"><img loading=\"lazy\" decoding=\"async\" class=\" wp-image-377979 alignleft\" src=\"https:\/\/www.radiopiu.net\/wordpress\/wp-content\/uploads\/2024\/03\/Senza-nome-31-300x121.png\" alt=\"\" width=\"196\" height=\"79\" srcset=\"https:\/\/www.radiopiu.net\/wordpress\/wp-content\/uploads\/2024\/03\/Senza-nome-31-300x121.png 300w, https:\/\/www.radiopiu.net\/wordpress\/wp-content\/uploads\/2024\/03\/Senza-nome-31.png 385w\" sizes=\"auto, (max-width: 196px) 100vw, 196px\" \/><\/a>Sellaronda Skimarathon. Gi\u00e0 500 i team iscritti alla classicissima<\/h2>\n<\/blockquote>\n<p>La Sellaronda Skimarathon registra un aumento di iscritti, avvicinandosi a quota 500 coppie provenienti da 20 nazioni diverse, con numerose donne e squadre miste. La manifestazione, in programma il 22 marzo a Canazei, Val di Fassa, conferma il suo fascino unico nel panorama dello sci alpinismo. L&#8217;elenco degli iscritti include grandi nomi come gli atleti della squadra austriaca e italiani come Matteo Eydallin e Davide Magnini. Il tracciato di 42 chilometri e 2700 metri di dislivello positivo attraversa Passo Sella, Gardena, Campolongo e Pordoi, con transiti nei centri abitati di Selva Val Gardena, Corvara, Arabba e Canazei,<\/p>\n<p><span style=\"color: #0000ff;\"><strong>\u00a0 \u00a0\u00a0<\/strong><\/span><\/p>\n<p>&nbsp;<\/p>\n<hr \/>\n<p>&nbsp;<\/p>\n<p>&nbsp;<\/p>\n<p><span style=\"color: #0000ff;\"><strong>MOTORI<\/strong><\/span><\/p>\n<blockquote>\n<h3>INIZIANO I PREPARATIVI PER LA CINQUANTESIMA ALPE DEL NEVEGAL<\/h3>\n<\/blockquote>\n<p><strong>DI ROBERTO BONA<\/strong><\/p>\n<audio class=\"wp-audio-shortcode\" id=\"audio-377845-22\" preload=\"none\" style=\"width: 100%;\" controls=\"controls\"><source type=\"audio\/mpeg\" src=\"https:\/\/www.radiopiu.net\/wordpress\/wp-content\/uploads\/2024\/03\/BONA-ALPE-DEL-NEVEGAL.mp3?_=22\" \/><a href=\"https:\/\/www.radiopiu.net\/wordpress\/wp-content\/uploads\/2024\/03\/BONA-ALPE-DEL-NEVEGAL.mp3\">https:\/\/www.radiopiu.net\/wordpress\/wp-content\/uploads\/2024\/03\/BONA-ALPE-DEL-NEVEGAL.mp3<\/a><\/audio>\n<p>&nbsp;<\/p>\n\n\t\t\t<style type='text\/css'>\n\t\t\t\t#gallery-8 {\n\t\t\t\t\tmargin: auto;\n\t\t\t\t}\n\t\t\t\t#gallery-8 .gallery-item {\n\t\t\t\t\tfloat: left;\n\t\t\t\t\tmargin-top: 10px;\n\t\t\t\t\ttext-align: center;\n\t\t\t\t\twidth: 50%;\n\t\t\t\t}\n\t\t\t\t#gallery-8 img {\n\t\t\t\t\tborder: 2px solid #cfcfcf;\n\t\t\t\t}\n\t\t\t\t#gallery-8 .gallery-caption {\n\t\t\t\t\tmargin-left: 0;\n\t\t\t\t}\n\t\t\t\t\/* see gallery_shortcode() in wp-includes\/media.php *\/\n\t\t\t<\/style>\n\t\t<div id='gallery-8' class='dt-gallery-container gallery galleryid-377845 gallery-columns-2 gallery-size-medium'><dl class='gallery-item'>\n\t\t\t\t<dt class='gallery-icon landscape'>\n\t\t\t\t\t<a class=\"rollover rollover-zoom dt-pswp-item\" title=\"53b884dc-643e-4fb3-8b60-25411627bf69\" data-dt-img-description=\"\" data-large_image_width=\"1579\" data-large_image_height=\"1002\"href='https:\/\/www.radiopiu.net\/wordpress\/wp-content\/uploads\/2024\/03\/53b884dc-643e-4fb3-8b60-25411627bf69.jpg'><img loading=\"lazy\" decoding=\"async\" width=\"300\" height=\"190\" src=\"https:\/\/www.radiopiu.net\/wordpress\/wp-content\/uploads\/2024\/03\/53b884dc-643e-4fb3-8b60-25411627bf69-300x190.jpg\" class=\"attachment-medium size-medium\" alt=\"\" srcset=\"https:\/\/www.radiopiu.net\/wordpress\/wp-content\/uploads\/2024\/03\/53b884dc-643e-4fb3-8b60-25411627bf69-300x190.jpg 300w, https:\/\/www.radiopiu.net\/wordpress\/wp-content\/uploads\/2024\/03\/53b884dc-643e-4fb3-8b60-25411627bf69-1024x650.jpg 1024w, https:\/\/www.radiopiu.net\/wordpress\/wp-content\/uploads\/2024\/03\/53b884dc-643e-4fb3-8b60-25411627bf69-768x487.jpg 768w, https:\/\/www.radiopiu.net\/wordpress\/wp-content\/uploads\/2024\/03\/53b884dc-643e-4fb3-8b60-25411627bf69-1536x975.jpg 1536w, https:\/\/www.radiopiu.net\/wordpress\/wp-content\/uploads\/2024\/03\/53b884dc-643e-4fb3-8b60-25411627bf69.jpg 1579w\" sizes=\"auto, (max-width: 300px) 100vw, 300px\" \/><\/a>\n\t\t\t\t<\/dt><\/dl><dl class='gallery-item'>\n\t\t\t\t<dt class='gallery-icon landscape'>\n\t\t\t\t\t<a class=\"rollover rollover-zoom dt-pswp-item\" title=\"750ac4ec-6e40-4c80-9727-a389bd72c1f0\" data-dt-img-description=\"\" data-large_image_width=\"1124\" data-large_image_height=\"680\"href='https:\/\/www.radiopiu.net\/wordpress\/wp-content\/uploads\/2024\/03\/750ac4ec-6e40-4c80-9727-a389bd72c1f0.jpg'><img loading=\"lazy\" decoding=\"async\" width=\"300\" height=\"181\" src=\"https:\/\/www.radiopiu.net\/wordpress\/wp-content\/uploads\/2024\/03\/750ac4ec-6e40-4c80-9727-a389bd72c1f0-300x181.jpg\" class=\"attachment-medium size-medium\" alt=\"\" srcset=\"https:\/\/www.radiopiu.net\/wordpress\/wp-content\/uploads\/2024\/03\/750ac4ec-6e40-4c80-9727-a389bd72c1f0-300x181.jpg 300w, https:\/\/www.radiopiu.net\/wordpress\/wp-content\/uploads\/2024\/03\/750ac4ec-6e40-4c80-9727-a389bd72c1f0-1024x620.jpg 1024w, https:\/\/www.radiopiu.net\/wordpress\/wp-content\/uploads\/2024\/03\/750ac4ec-6e40-4c80-9727-a389bd72c1f0-768x465.jpg 768w, https:\/\/www.radiopiu.net\/wordpress\/wp-content\/uploads\/2024\/03\/750ac4ec-6e40-4c80-9727-a389bd72c1f0.jpg 1124w\" sizes=\"auto, (max-width: 300px) 100vw, 300px\" \/><\/a>\n\t\t\t\t<\/dt><\/dl><br style=\"clear: both\" \/>\n\t\t\t<\/div>\n\n<p>&nbsp;<\/p>\n<p>&nbsp;<\/p>\n<hr \/>\n<p>&nbsp;<\/p>\n<p><span style=\"color: #0000ff;\"><strong>VOLTEGGIO A CAVALLO\u00a0<\/strong><\/span><\/p>\n<p>&nbsp;<\/p>\n<blockquote>\n<h1>CISCO E ARTU&#8217;&#8230; FATELE VOLTEGGIARE CON GIOIA!<\/h1>\n<\/blockquote>\n<blockquote><p>&nbsp;<\/p>\n\n\t\t\t<style type='text\/css'>\n\t\t\t\t#gallery-9 {\n\t\t\t\t\tmargin: auto;\n\t\t\t\t}\n\t\t\t\t#gallery-9 .gallery-item {\n\t\t\t\t\tfloat: left;\n\t\t\t\t\tmargin-top: 10px;\n\t\t\t\t\ttext-align: center;\n\t\t\t\t\twidth: 33%;\n\t\t\t\t}\n\t\t\t\t#gallery-9 img {\n\t\t\t\t\tborder: 2px solid #cfcfcf;\n\t\t\t\t}\n\t\t\t\t#gallery-9 .gallery-caption {\n\t\t\t\t\tmargin-left: 0;\n\t\t\t\t}\n\t\t\t\t\/* see gallery_shortcode() in wp-includes\/media.php *\/\n\t\t\t<\/style>\n\t\t<div id='gallery-9' class='dt-gallery-container gallery galleryid-377845 gallery-columns-3 gallery-size-thumbnail'><dl class='gallery-item'>\n\t\t\t\t<dt class='gallery-icon portrait'>\n\t\t\t\t\t<a class=\"rollover rollover-zoom dt-pswp-item\" title=\"6dfb2a87-f40b-4ab5-99ab-12823e1b2ef4\" data-dt-img-description=\"\" data-large_image_width=\"996\" data-large_image_height=\"2048\"href='https:\/\/www.radiopiu.net\/wordpress\/wp-content\/uploads\/2024\/03\/6dfb2a87-f40b-4ab5-99ab-12823e1b2ef4.jpg'><img loading=\"lazy\" decoding=\"async\" width=\"150\" height=\"150\" src=\"https:\/\/www.radiopiu.net\/wordpress\/wp-content\/uploads\/2024\/03\/6dfb2a87-f40b-4ab5-99ab-12823e1b2ef4-150x150.jpg\" class=\"attachment-thumbnail size-thumbnail\" alt=\"\" \/><\/a>\n\t\t\t\t<\/dt><\/dl><dl class='gallery-item'>\n\t\t\t\t<dt class='gallery-icon landscape'>\n\t\t\t\t\t<a class=\"rollover rollover-zoom dt-pswp-item\" title=\"c633bdbc-ef9c-4c02-a4a7-aac66977f8f4\" data-dt-img-description=\"\" data-large_image_width=\"1600\" data-large_image_height=\"720\"href='https:\/\/www.radiopiu.net\/wordpress\/wp-content\/uploads\/2024\/03\/c633bdbc-ef9c-4c02-a4a7-aac66977f8f4.jpg'><img loading=\"lazy\" decoding=\"async\" width=\"150\" height=\"150\" src=\"https:\/\/www.radiopiu.net\/wordpress\/wp-content\/uploads\/2024\/03\/c633bdbc-ef9c-4c02-a4a7-aac66977f8f4-150x150.jpg\" class=\"attachment-thumbnail size-thumbnail\" alt=\"\" \/><\/a>\n\t\t\t\t<\/dt><\/dl><dl class='gallery-item'>\n\t\t\t\t<dt class='gallery-icon landscape'>\n\t\t\t\t\t<a class=\"rollover rollover-zoom dt-pswp-item\" title=\"2a5de4ac-6bd9-41df-8598-0fd1b8716228\" data-dt-img-description=\"\" data-large_image_width=\"1600\" data-large_image_height=\"720\"href='https:\/\/www.radiopiu.net\/wordpress\/wp-content\/uploads\/2024\/03\/2a5de4ac-6bd9-41df-8598-0fd1b8716228.jpg'><img loading=\"lazy\" decoding=\"async\" width=\"150\" height=\"150\" src=\"https:\/\/www.radiopiu.net\/wordpress\/wp-content\/uploads\/2024\/03\/2a5de4ac-6bd9-41df-8598-0fd1b8716228-150x150.jpg\" class=\"attachment-thumbnail size-thumbnail\" alt=\"\" \/><\/a>\n\t\t\t\t<\/dt><\/dl><br style=\"clear: both\" \/><dl class='gallery-item'>\n\t\t\t\t<dt class='gallery-icon landscape'>\n\t\t\t\t\t<a class=\"rollover rollover-zoom dt-pswp-item\" title=\"ab6f1c21-7edc-479b-a332-bb34b7243ede\" data-dt-img-description=\"\" data-large_image_width=\"1600\" data-large_image_height=\"720\"href='https:\/\/www.radiopiu.net\/wordpress\/wp-content\/uploads\/2024\/03\/ab6f1c21-7edc-479b-a332-bb34b7243ede.jpg'><img loading=\"lazy\" decoding=\"async\" width=\"150\" height=\"150\" src=\"https:\/\/www.radiopiu.net\/wordpress\/wp-content\/uploads\/2024\/03\/ab6f1c21-7edc-479b-a332-bb34b7243ede-150x150.jpg\" class=\"attachment-thumbnail size-thumbnail\" alt=\"\" \/><\/a>\n\t\t\t\t<\/dt><\/dl><dl class='gallery-item'>\n\t\t\t\t<dt class='gallery-icon landscape'>\n\t\t\t\t\t<a class=\"rollover rollover-zoom dt-pswp-item\" title=\"a99f8f2f-3a82-4ee5-ae2b-16fa3e08c82c\" data-dt-img-description=\"\" data-large_image_width=\"1600\" data-large_image_height=\"720\"href='https:\/\/www.radiopiu.net\/wordpress\/wp-content\/uploads\/2024\/03\/a99f8f2f-3a82-4ee5-ae2b-16fa3e08c82c.jpg'><img loading=\"lazy\" decoding=\"async\" width=\"150\" height=\"150\" src=\"https:\/\/www.radiopiu.net\/wordpress\/wp-content\/uploads\/2024\/03\/a99f8f2f-3a82-4ee5-ae2b-16fa3e08c82c-150x150.jpg\" class=\"attachment-thumbnail size-thumbnail\" alt=\"\" \/><\/a>\n\t\t\t\t<\/dt><\/dl><dl class='gallery-item'>\n\t\t\t\t<dt class='gallery-icon landscape'>\n\t\t\t\t\t<a class=\"rollover rollover-zoom dt-pswp-item\" title=\"1df174bc-ace4-42c4-930b-f717a28c1489\" data-dt-img-description=\"\" data-large_image_width=\"1600\" data-large_image_height=\"720\"href='https:\/\/www.radiopiu.net\/wordpress\/wp-content\/uploads\/2024\/03\/1df174bc-ace4-42c4-930b-f717a28c1489.jpg'><img loading=\"lazy\" decoding=\"async\" width=\"150\" height=\"150\" src=\"https:\/\/www.radiopiu.net\/wordpress\/wp-content\/uploads\/2024\/03\/1df174bc-ace4-42c4-930b-f717a28c1489-150x150.jpg\" class=\"attachment-thumbnail size-thumbnail\" alt=\"\" \/><\/a>\n\t\t\t\t<\/dt><\/dl><br style=\"clear: both\" \/>\n\t\t\t<\/div>\n\n<p><strong>LA VALLE<\/strong>\u00a0 Eccoli i principali protagonisti con gli atleti del PR RANCH di La Valle Agordina: Entrambi iscritti in FISE nazionale e Art\u00f9 anche in FEI (federazione equestre internazionale). Il grigione \u00e8 Art\u00f9 170cm e il biondino \u00e8 Cisco 160 cm.<br \/>\n<strong>CISCO E ART\u00d9<\/strong> si stanno preparando per questa stagione come dei veri atleti quali sono. Tutto lo staff del PR RANCH \u00e8 in gran fermento per questo inizio stagione che di sicuro ci far\u00e0 battere il cuore!<\/p>\n<p>&nbsp;<\/p>\n<p>&nbsp;<\/p>\n<p><strong><a class=\"dt-pswp-item\" href=\"https:\/\/www.radiopiu.net\/wordpress\/wp-content\/uploads\/2024\/03\/424952834_401590475726874_3523503604221229343_n.jpg\" data-dt-img-description=\"\" data-large_image_width=\"600\" data-large_image_height=\"450\"><img loading=\"lazy\" decoding=\"async\" class=\" wp-image-377887 alignleft\" src=\"https:\/\/www.radiopiu.net\/wordpress\/wp-content\/uploads\/2024\/03\/424952834_401590475726874_3523503604221229343_n-300x225.jpg\" alt=\"\" width=\"207\" height=\"155\" srcset=\"https:\/\/www.radiopiu.net\/wordpress\/wp-content\/uploads\/2024\/03\/424952834_401590475726874_3523503604221229343_n-300x225.jpg 300w, https:\/\/www.radiopiu.net\/wordpress\/wp-content\/uploads\/2024\/03\/424952834_401590475726874_3523503604221229343_n.jpg 600w\" sizes=\"auto, (max-width: 207px) 100vw, 207px\" \/><\/a>LA VALLE AGORDINA<\/strong> Domenica\u00a0 prende il via la stagione agonistica federale di Volteggio Accademico, il PR DOLOMITI VOLTEGGIO sar\u00e0 presente con 11 atleti dai 7 ai 16 anni divisi in 4 categorie. La prima gara a Portogruaro dove scenderanno in campo una squadra in categoria L under 12 composta da:\u00a0 Margherita Stieven Alice Donata Stieven e Nicol Bernardini che volteggeranno sulle note di una coinvolgente musica rock e saranno le uniche portacolori del PR per il Ludico. Le\u00a0 ragazze della categoria E:\u00a0 Eliana Bellenzier e Giulia Bessegato\u00a0 non potranno esserci.<br \/>\nPer le categoria\u00a0 Agonistiche\u00a0 pronti a volteggiare:\u00a0 Irene De Toni, Alessandro Oldrati e Mattia Giora che si esibiranno in categoria D individuale. Per la categoria una stella: Cecilia Caldart,\u00a0 garegger\u00e0 in una stella \u00a0junior,\u00a0 \u00a0Aurora Zuanel e Diletta Caldart\u00a0 sono attese nelle prove della categoria\u00a0 una stella \u00a0children. Per Aurora,\u00a0 Cecilia e Diletta, sar\u00e0 una a gara importante perch\u00e9 varr\u00e0 come qualifica agli Internazionali che si terranno nel weekend di Pasqua\u00a0 a Portogruaro.<\/p>\n<p>&nbsp;<\/p>\n<p>&nbsp;<\/p><\/blockquote>\n<p><span style=\"color: #0000ff;\"><b>KARATE<\/b><\/span><\/p>\n<blockquote>\n<h2>Il Tsks Belluno colleziona 9 medaglie all\u2019Heart Cup di Treviso<\/h2>\n<\/blockquote>\n<p>I bellunesi hanno saputo ritagliarsi molte soddisfazioni. Sui tatami si sono sfidati 1300 atleti. Cinque le \u00a0medaglie nel kata e 4 nel kumite: medaglia d&#8217;oro per Gabriele Lam (categoria Cadetti cinture nere), argento per Matilde Antinucci (Giovani cinture marroni) e bronzo per Giada Gaspari (Giovani cinture nere), Noemi Bogo (Juniores cinture marroni) e Greta De Pauli (Cadette cinture nere). Nella specialit\u00e0 del kumite, invece, primo posto assoluto per Sinisa Brocilovic (Seniores cinture nere -75 kg su 50 atleti in categoria) e anche per Giulia Da Pra nella prova a squadre. Terza posizione, infine, per Sinisa Brocilovic e Pietro Cerri nella prova a squadre. A Roma invece gareggiato nella categoria Cadetti Samuele Pinzon, Raffaele Fattor, Letizia Zanetto e Giada Gaspari. Si sono ben comportati e hanno fatto una splendida esperienza.\u00a0<em> &#8220;Faccio i complimenti ai ragazzi per il livello tecnico dimostrato &#8211; spiega il maestro e<\/em><br \/>\n<em>direttore tecnico del Tsks, Roberto Bacchilega &#8211; e per l&#8217;impegno&#8221;\u00a0<\/em><\/p>\n<p><span style=\"color: #ff0000;\"><strong>IL PODIO<\/strong><\/span><\/p>\n\n\t\t\t<style type='text\/css'>\n\t\t\t\t#gallery-10 {\n\t\t\t\t\tmargin: auto;\n\t\t\t\t}\n\t\t\t\t#gallery-10 .gallery-item {\n\t\t\t\t\tfloat: left;\n\t\t\t\t\tmargin-top: 10px;\n\t\t\t\t\ttext-align: center;\n\t\t\t\t\twidth: 50%;\n\t\t\t\t}\n\t\t\t\t#gallery-10 img {\n\t\t\t\t\tborder: 2px solid #cfcfcf;\n\t\t\t\t}\n\t\t\t\t#gallery-10 .gallery-caption {\n\t\t\t\t\tmargin-left: 0;\n\t\t\t\t}\n\t\t\t\t\/* see gallery_shortcode() in wp-includes\/media.php *\/\n\t\t\t<\/style>\n\t\t<div id='gallery-10' class='dt-gallery-container gallery galleryid-377845 gallery-columns-2 gallery-size-medium'><dl class='gallery-item'>\n\t\t\t\t<dt class='gallery-icon landscape'>\n\t\t\t\t\t<a class=\"rollover rollover-zoom dt-pswp-item\" title=\"Podio Sinisa Brocilovic\" data-dt-img-description=\"\" data-large_image_width=\"1536\" data-large_image_height=\"1122\"href='https:\/\/www.radiopiu.net\/wordpress\/wp-content\/uploads\/2024\/03\/Podio-Sinisa-Brocilovic.jpg'><img loading=\"lazy\" decoding=\"async\" width=\"300\" height=\"219\" src=\"https:\/\/www.radiopiu.net\/wordpress\/wp-content\/uploads\/2024\/03\/Podio-Sinisa-Brocilovic-300x219.jpg\" class=\"attachment-medium size-medium\" alt=\"\" srcset=\"https:\/\/www.radiopiu.net\/wordpress\/wp-content\/uploads\/2024\/03\/Podio-Sinisa-Brocilovic-300x219.jpg 300w, https:\/\/www.radiopiu.net\/wordpress\/wp-content\/uploads\/2024\/03\/Podio-Sinisa-Brocilovic-1024x748.jpg 1024w, https:\/\/www.radiopiu.net\/wordpress\/wp-content\/uploads\/2024\/03\/Podio-Sinisa-Brocilovic-768x561.jpg 768w, https:\/\/www.radiopiu.net\/wordpress\/wp-content\/uploads\/2024\/03\/Podio-Sinisa-Brocilovic.jpg 1536w\" sizes=\"auto, (max-width: 300px) 100vw, 300px\" \/><\/a>\n\t\t\t\t<\/dt><\/dl><dl class='gallery-item'>\n\t\t\t\t<dt class='gallery-icon landscape'>\n\t\t\t\t\t<a class=\"rollover rollover-zoom dt-pswp-item\" title=\"Podio Gabriele Lam\" data-dt-img-description=\"\" data-large_image_width=\"2048\" data-large_image_height=\"1536\"href='https:\/\/www.radiopiu.net\/wordpress\/wp-content\/uploads\/2024\/03\/Podio-Gabriele-Lam.jpg'><img loading=\"lazy\" decoding=\"async\" width=\"300\" height=\"225\" src=\"https:\/\/www.radiopiu.net\/wordpress\/wp-content\/uploads\/2024\/03\/Podio-Gabriele-Lam-300x225.jpg\" class=\"attachment-medium size-medium\" alt=\"\" srcset=\"https:\/\/www.radiopiu.net\/wordpress\/wp-content\/uploads\/2024\/03\/Podio-Gabriele-Lam-300x225.jpg 300w, https:\/\/www.radiopiu.net\/wordpress\/wp-content\/uploads\/2024\/03\/Podio-Gabriele-Lam-1024x768.jpg 1024w, https:\/\/www.radiopiu.net\/wordpress\/wp-content\/uploads\/2024\/03\/Podio-Gabriele-Lam-768x576.jpg 768w, https:\/\/www.radiopiu.net\/wordpress\/wp-content\/uploads\/2024\/03\/Podio-Gabriele-Lam-1536x1152.jpg 1536w, https:\/\/www.radiopiu.net\/wordpress\/wp-content\/uploads\/2024\/03\/Podio-Gabriele-Lam.jpg 2048w\" sizes=\"auto, (max-width: 300px) 100vw, 300px\" \/><\/a>\n\t\t\t\t<\/dt><\/dl><br style=\"clear: both\" \/>\n\t\t\t<\/div>\n\n<p>&nbsp;<\/p>\n<p>&nbsp;<\/p>\n<hr \/>\n<p>&nbsp;<\/p>\n<h2><span style=\"color: #00ccff;\">GOODBYE BY BICICLE&#8230;UN VIAGGIO DALL&#8217;INDIA A SEREN DEL GRAPPA IN BICICLETTA<\/span><\/h2>\n<p><strong>PUNTATA 03 &#8211; DALLE CASE SULL&#8217;ALBERO A MUMBAI<\/strong><\/p>\n<audio class=\"wp-audio-shortcode\" id=\"audio-377845-23\" preload=\"none\" style=\"width: 100%;\" controls=\"controls\"><source type=\"audio\/mpeg\" src=\"https:\/\/www.radiopiu.net\/wordpress\/wp-content\/uploads\/2024\/02\/INDIA-PUNTATA-03.mp3?_=23\" \/><a href=\"https:\/\/www.radiopiu.net\/wordpress\/wp-content\/uploads\/2024\/02\/INDIA-PUNTATA-03.mp3\">https:\/\/www.radiopiu.net\/wordpress\/wp-content\/uploads\/2024\/02\/INDIA-PUNTATA-03.mp3<\/a><\/audio>\n<p>&nbsp;<\/p>\n\n\t\t\t<style type='text\/css'>\n\t\t\t\t#gallery-11 {\n\t\t\t\t\tmargin: auto;\n\t\t\t\t}\n\t\t\t\t#gallery-11 .gallery-item {\n\t\t\t\t\tfloat: left;\n\t\t\t\t\tmargin-top: 10px;\n\t\t\t\t\ttext-align: center;\n\t\t\t\t\twidth: 14%;\n\t\t\t\t}\n\t\t\t\t#gallery-11 img {\n\t\t\t\t\tborder: 2px solid #cfcfcf;\n\t\t\t\t}\n\t\t\t\t#gallery-11 .gallery-caption {\n\t\t\t\t\tmargin-left: 0;\n\t\t\t\t}\n\t\t\t\t\/* see gallery_shortcode() in wp-includes\/media.php *\/\n\t\t\t<\/style>\n\t\t<div id='gallery-11' class='dt-gallery-container gallery galleryid-377845 gallery-columns-7 gallery-size-thumbnail'><dl class='gallery-item'>\n\t\t\t\t<dt class='gallery-icon landscape'>\n\t\t\t\t\t<a class=\"rollover rollover-zoom dt-pswp-item\" title=\"731ca5b9-5c16-46e9-befa-e1b7cd138ec9\" data-dt-img-description=\"\" data-large_image_width=\"1600\" data-large_image_height=\"1200\"href='https:\/\/www.radiopiu.net\/wordpress\/wp-content\/uploads\/2024\/02\/731ca5b9-5c16-46e9-befa-e1b7cd138ec9.jpg'><img loading=\"lazy\" decoding=\"async\" width=\"150\" height=\"150\" src=\"https:\/\/www.radiopiu.net\/wordpress\/wp-content\/uploads\/2024\/02\/731ca5b9-5c16-46e9-befa-e1b7cd138ec9-150x150.jpg\" class=\"attachment-thumbnail size-thumbnail\" alt=\"\" \/><\/a>\n\t\t\t\t<\/dt><\/dl><dl class='gallery-item'>\n\t\t\t\t<dt class='gallery-icon landscape'>\n\t\t\t\t\t<a class=\"rollover rollover-zoom dt-pswp-item\" title=\"c3330ec7-f9d5-45d8-ad71-89e6e21e0042\" data-dt-img-description=\"\" data-large_image_width=\"1600\" data-large_image_height=\"1200\"href='https:\/\/www.radiopiu.net\/wordpress\/wp-content\/uploads\/2024\/02\/c3330ec7-f9d5-45d8-ad71-89e6e21e0042.jpg'><img loading=\"lazy\" decoding=\"async\" width=\"150\" height=\"150\" src=\"https:\/\/www.radiopiu.net\/wordpress\/wp-content\/uploads\/2024\/02\/c3330ec7-f9d5-45d8-ad71-89e6e21e0042-150x150.jpg\" class=\"attachment-thumbnail size-thumbnail\" alt=\"\" \/><\/a>\n\t\t\t\t<\/dt><\/dl><dl class='gallery-item'>\n\t\t\t\t<dt class='gallery-icon landscape'>\n\t\t\t\t\t<a class=\"rollover rollover-zoom dt-pswp-item\" title=\"075d5b1c-2889-4896-9c0e-4d19f4fabd70\" data-dt-img-description=\"\" data-large_image_width=\"1600\" data-large_image_height=\"1200\"href='https:\/\/www.radiopiu.net\/wordpress\/wp-content\/uploads\/2024\/02\/075d5b1c-2889-4896-9c0e-4d19f4fabd70.jpg'><img loading=\"lazy\" decoding=\"async\" width=\"150\" height=\"150\" src=\"https:\/\/www.radiopiu.net\/wordpress\/wp-content\/uploads\/2024\/02\/075d5b1c-2889-4896-9c0e-4d19f4fabd70-150x150.jpg\" class=\"attachment-thumbnail size-thumbnail\" alt=\"\" \/><\/a>\n\t\t\t\t<\/dt><\/dl><dl class='gallery-item'>\n\t\t\t\t<dt class='gallery-icon landscape'>\n\t\t\t\t\t<a class=\"rollover rollover-zoom dt-pswp-item\" title=\"56936d73-6750-4025-9eb4-3041cc1363e5\" data-dt-img-description=\"\" data-large_image_width=\"1496\" data-large_image_height=\"1496\"href='https:\/\/www.radiopiu.net\/wordpress\/wp-content\/uploads\/2024\/02\/56936d73-6750-4025-9eb4-3041cc1363e5.jpg'><img loading=\"lazy\" decoding=\"async\" width=\"150\" height=\"150\" src=\"https:\/\/www.radiopiu.net\/wordpress\/wp-content\/uploads\/2024\/02\/56936d73-6750-4025-9eb4-3041cc1363e5-150x150.jpg\" class=\"attachment-thumbnail size-thumbnail\" alt=\"\" srcset=\"https:\/\/www.radiopiu.net\/wordpress\/wp-content\/uploads\/2024\/02\/56936d73-6750-4025-9eb4-3041cc1363e5-150x150.jpg 150w, https:\/\/www.radiopiu.net\/wordpress\/wp-content\/uploads\/2024\/02\/56936d73-6750-4025-9eb4-3041cc1363e5-300x300.jpg 300w, https:\/\/www.radiopiu.net\/wordpress\/wp-content\/uploads\/2024\/02\/56936d73-6750-4025-9eb4-3041cc1363e5-1024x1024.jpg 1024w, https:\/\/www.radiopiu.net\/wordpress\/wp-content\/uploads\/2024\/02\/56936d73-6750-4025-9eb4-3041cc1363e5-768x768.jpg 768w, https:\/\/www.radiopiu.net\/wordpress\/wp-content\/uploads\/2024\/02\/56936d73-6750-4025-9eb4-3041cc1363e5.jpg 1496w\" sizes=\"auto, (max-width: 150px) 100vw, 150px\" \/><\/a>\n\t\t\t\t<\/dt><\/dl><dl class='gallery-item'>\n\t\t\t\t<dt class='gallery-icon landscape'>\n\t\t\t\t\t<a class=\"rollover rollover-zoom dt-pswp-item\" title=\"02542fb0-8bba-4264-b844-e832b209ed06\" data-dt-img-description=\"\" data-large_image_width=\"1280\" data-large_image_height=\"963\"href='https:\/\/www.radiopiu.net\/wordpress\/wp-content\/uploads\/2024\/02\/02542fb0-8bba-4264-b844-e832b209ed06.jpg'><img loading=\"lazy\" decoding=\"async\" width=\"150\" height=\"150\" src=\"https:\/\/www.radiopiu.net\/wordpress\/wp-content\/uploads\/2024\/02\/02542fb0-8bba-4264-b844-e832b209ed06-150x150.jpg\" class=\"attachment-thumbnail size-thumbnail\" alt=\"\" \/><\/a>\n\t\t\t\t<\/dt><\/dl><dl class='gallery-item'>\n\t\t\t\t<dt class='gallery-icon landscape'>\n\t\t\t\t\t<a class=\"rollover rollover-zoom dt-pswp-item\" title=\"ccbf7e99-56c4-4c45-9e3e-8d4825d1b5cf\" data-dt-img-description=\"\" data-large_image_width=\"1280\" data-large_image_height=\"963\"href='https:\/\/www.radiopiu.net\/wordpress\/wp-content\/uploads\/2024\/02\/ccbf7e99-56c4-4c45-9e3e-8d4825d1b5cf.jpg'><img loading=\"lazy\" decoding=\"async\" width=\"150\" height=\"150\" src=\"https:\/\/www.radiopiu.net\/wordpress\/wp-content\/uploads\/2024\/02\/ccbf7e99-56c4-4c45-9e3e-8d4825d1b5cf-150x150.jpg\" class=\"attachment-thumbnail size-thumbnail\" alt=\"\" \/><\/a>\n\t\t\t\t<\/dt><\/dl><dl class='gallery-item'>\n\t\t\t\t<dt class='gallery-icon landscape'>\n\t\t\t\t\t<a class=\"rollover rollover-zoom dt-pswp-item\" title=\"40e4da33-db99-41b1-9a34-b6d5c569fcdb\" data-dt-img-description=\"\" data-large_image_width=\"1496\" data-large_image_height=\"1496\"href='https:\/\/www.radiopiu.net\/wordpress\/wp-content\/uploads\/2024\/02\/40e4da33-db99-41b1-9a34-b6d5c569fcdb.jpg'><img loading=\"lazy\" decoding=\"async\" width=\"150\" height=\"150\" src=\"https:\/\/www.radiopiu.net\/wordpress\/wp-content\/uploads\/2024\/02\/40e4da33-db99-41b1-9a34-b6d5c569fcdb-150x150.jpg\" class=\"attachment-thumbnail size-thumbnail\" alt=\"\" srcset=\"https:\/\/www.radiopiu.net\/wordpress\/wp-content\/uploads\/2024\/02\/40e4da33-db99-41b1-9a34-b6d5c569fcdb-150x150.jpg 150w, https:\/\/www.radiopiu.net\/wordpress\/wp-content\/uploads\/2024\/02\/40e4da33-db99-41b1-9a34-b6d5c569fcdb-300x300.jpg 300w, https:\/\/www.radiopiu.net\/wordpress\/wp-content\/uploads\/2024\/02\/40e4da33-db99-41b1-9a34-b6d5c569fcdb-1024x1024.jpg 1024w, https:\/\/www.radiopiu.net\/wordpress\/wp-content\/uploads\/2024\/02\/40e4da33-db99-41b1-9a34-b6d5c569fcdb-768x768.jpg 768w, https:\/\/www.radiopiu.net\/wordpress\/wp-content\/uploads\/2024\/02\/40e4da33-db99-41b1-9a34-b6d5c569fcdb.jpg 1496w\" sizes=\"auto, (max-width: 150px) 100vw, 150px\" \/><\/a>\n\t\t\t\t<\/dt><\/dl><br style=\"clear: both\" \/>\n\t\t\t<\/div>\n\n<p>&nbsp;<\/p>\n<h2>LA RACCOLTA COMPLETA <a href=\"https:\/\/www.radiopiu.net\/wordpress\/goodbye-by-bicicle-un-viaggio-dallindia-a-seren-del-grappa-in-bicicletta-03\/\">CLICCA QUI<\/a><\/h2>\n<p>&nbsp;<\/p>\n","protected":false},"excerpt":{"rendered":"<p>****** PER RICEVERE QUESTO NOTIZIARIO DIRETTAMENTE SUL TUO CELLULARE ISCRIVITI AL CANALE TELEGRAM \u201cRADIO PIU\u00a0 INFORMAZIONE&#8221;\u00a0 \u00a0il CANALE TELEGRAM&#8230; UNISCITI A: RADIO PIU INFORMAZIONE &nbsp; &nbsp; ATTENZIONE: LA NUOVA APP PER IOS-IPHONE di Nicola Vettorello https:\/\/apps.apple.com\/it\/app\/radio-pi%C3%B9-emittente-agordina\/id1515939845 ATTENZIONE: LA NUOVA APP RADIO\u00a0 PER ANDROID di Nicola Vettorello https:\/\/play.google.com\/store\/apps\/details?id=net.radiopiu.iniko\u00a0\u00a0 &nbsp; *** &nbsp; &nbsp; ISCRIVITI AL NOSTRO CANALE\u00a0\u00a0YOUTUBE&hellip;<\/p>\n","protected":false},"author":4,"featured_media":378160,"comment_status":"closed","ping_status":"closed","sticky":false,"template":"","format":"standard","meta":{"_monsterinsights_skip_tracking":false,"_monsterinsights_sitenote_active":false,"_monsterinsights_sitenote_note":"","_monsterinsights_sitenote_category":0,"footnotes":""},"categories":[51,86,49],"tags":[],"class_list":["post-377845","post","type-post","status-publish","format-standard","has-post-thumbnail","hentry","category-evidenza-top","category-gr","category-news-18","category-51","category-86","category-49","description-off"],"img_url":"https:\/\/www.radiopiu.net\/wordpress\/wp-content\/uploads\/2024\/03\/Senza-nome-37.png","_links":{"self":[{"href":"https:\/\/www.radiopiu.net\/wordpress\/wp-json\/wp\/v2\/posts\/377845","targetHints":{"allow":["GET"]}}],"collection":[{"href":"https:\/\/www.radiopiu.net\/wordpress\/wp-json\/wp\/v2\/posts"}],"about":[{"href":"https:\/\/www.radiopiu.net\/wordpress\/wp-json\/wp\/v2\/types\/post"}],"author":[{"embeddable":true,"href":"https:\/\/www.radiopiu.net\/wordpress\/wp-json\/wp\/v2\/users\/4"}],"replies":[{"embeddable":true,"href":"https:\/\/www.radiopiu.net\/wordpress\/wp-json\/wp\/v2\/comments?post=377845"}],"version-history":[{"count":0,"href":"https:\/\/www.radiopiu.net\/wordpress\/wp-json\/wp\/v2\/posts\/377845\/revisions"}],"wp:featuredmedia":[{"embeddable":true,"href":"https:\/\/www.radiopiu.net\/wordpress\/wp-json\/wp\/v2\/media\/378160"}],"wp:attachment":[{"href":"https:\/\/www.radiopiu.net\/wordpress\/wp-json\/wp\/v2\/media?parent=377845"}],"wp:term":[{"taxonomy":"category","embeddable":true,"href":"https:\/\/www.radiopiu.net\/wordpress\/wp-json\/wp\/v2\/categories?post=377845"},{"taxonomy":"post_tag","embeddable":true,"href":"https:\/\/www.radiopiu.net\/wordpress\/wp-json\/wp\/v2\/tags?post=377845"}],"curies":[{"name":"wp","href":"https:\/\/api.w.org\/{rel}","templated":true}]}}