{"id":377886,"date":"2024-03-06T23:58:08","date_gmt":"2024-03-06T22:58:08","guid":{"rendered":"https:\/\/www.radiopiu.net\/wordpress\/?p=377886"},"modified":"2024-03-07T05:59:13","modified_gmt":"2024-03-07T04:59:13","slug":"na-il-pr-dolomiti-volteggio-presente-con-11-atleti-in-apertura-stagionale-a-portogruaro","status":"publish","type":"post","link":"https:\/\/www.radiopiu.net\/wordpress\/na-il-pr-dolomiti-volteggio-presente-con-11-atleti-in-apertura-stagionale-a-portogruaro\/","title":{"rendered":"&#8220;La Valle Agordina: Il PR Dolomiti Volteggio Presente con 11 Atleti in Apertura Stagionale a Portogruaro&#8221;"},"content":{"rendered":"<p>***<\/p>\n<p><strong><a class=\"dt-pswp-item\" href=\"https:\/\/www.radiopiu.net\/wordpress\/wp-content\/uploads\/2024\/03\/424952834_401590475726874_3523503604221229343_n.jpg\" data-dt-img-description=\"\" data-large_image_width=\"600\" data-large_image_height=\"450\"><img loading=\"lazy\" decoding=\"async\" class=\" wp-image-377887 alignleft\" src=\"https:\/\/www.radiopiu.net\/wordpress\/wp-content\/uploads\/2024\/03\/424952834_401590475726874_3523503604221229343_n-300x225.jpg\" alt=\"\" width=\"251\" height=\"188\" srcset=\"https:\/\/www.radiopiu.net\/wordpress\/wp-content\/uploads\/2024\/03\/424952834_401590475726874_3523503604221229343_n-300x225.jpg 300w, https:\/\/www.radiopiu.net\/wordpress\/wp-content\/uploads\/2024\/03\/424952834_401590475726874_3523503604221229343_n.jpg 600w\" sizes=\"auto, (max-width: 251px) 100vw, 251px\" \/><\/a>LA VALLE AGORDINA<\/strong> Domenica\u00a0 prende il via la stagione agonistica federale di Volteggio Accademico, il PR DOLOMITI VOLTEGGIO sar\u00e0 presente con 11 atleti dai 7 ai 16 anni divisi in 4 categorie. La prima gara a Portogruaro dove scenderanno in campo una squadra in categoria L under 12 composta da:\u00a0 Margherita Stieven Alice Donata Stieven e Nicol Bernardini che volteggeranno sulle note di una coinvolgente musica rock e saranno le uniche portacolori del PR per il Ludico. Le\u00a0 ragazze della categoria E:\u00a0 Eliana Bellenzier e Giulia Bessegato\u00a0 non potranno esserci.<br \/>\nPer le categoria\u00a0 Agonistiche\u00a0 pronti a volteggiare:\u00a0 Irene De Toni, Alessandro Oldrati e Mattia Giora che si esibiranno in categoria D individuale. Per la categoria una stella: Cecilia Caldart,\u00a0 garegger\u00e0 in una stella \u00a0junior,\u00a0 \u00a0Aurora Zuanel e Diletta Caldart\u00a0 sono attese nelle prove della categoria\u00a0 una stella \u00a0children. Per Aurora,\u00a0 Cecilia e Diletta, sar\u00e0 una a gara importante perch\u00e9 varr\u00e0 come qualifica agli Internazionali che si terranno nel weekend di Pasqua\u00a0 a Portogruaro.<\/p>\n<table>\n<thead>\n<tr>\n<th>Categoria<\/th>\n<th>Atleti<\/th>\n<th>Et\u00e0<\/th>\n<th>Prova<\/th>\n<th>Evento<\/th>\n<\/tr>\n<\/thead>\n<tbody>\n<tr>\n<td>Ludico<\/td>\n<td>Margherita Stieven<\/td>\n<td>12<\/td>\n<td>Volteggio<\/td>\n<td>Portogruaro<\/td>\n<\/tr>\n<tr>\n<td>Ludico<\/td>\n<td>Alice Donata Stieven<\/td>\n<td>10<\/td>\n<td>Volteggio<\/td>\n<td>Portogruaro<\/td>\n<\/tr>\n<tr>\n<td>Ludico<\/td>\n<td>Nicol Bernardini<\/td>\n<td>9<\/td>\n<td>Volteggio<\/td>\n<td>Portogruaro<\/td>\n<\/tr>\n<tr>\n<td>Agonistica<\/td>\n<td>Irene De Toni<\/td>\n<td>N\/D<\/td>\n<td>Volteggio individuale<\/td>\n<td>Portogruaro<\/td>\n<\/tr>\n<tr>\n<td>Agonistica<\/td>\n<td>Alessandro Oldrati<\/td>\n<td>N\/D<\/td>\n<td>Volteggio individuale<\/td>\n<td>Portogruaro<\/td>\n<\/tr>\n<tr>\n<td>Agonistica<\/td>\n<td>Mattia Giora<\/td>\n<td>N\/D<\/td>\n<td>Volteggio individuale<\/td>\n<td>Portogruaro<\/td>\n<\/tr>\n<tr>\n<td>Una Stella<\/td>\n<td>Cecilia Caldart<\/td>\n<td>N\/D<\/td>\n<td>Volteggio<\/td>\n<td>Portogruaro (Junior)<\/td>\n<\/tr>\n<tr>\n<td>Una Stella<\/td>\n<td>Aurora Zuanel<\/td>\n<td>N\/D<\/td>\n<td>Volteggio<\/td>\n<td>Portogruaro (Children)<\/td>\n<\/tr>\n<tr>\n<td>Una Stella<\/td>\n<td>Diletta Caldart<\/td>\n<td>N\/D<\/td>\n<td>Volteggio<\/td>\n<td>Portogruaro (Children)<\/td>\n<\/tr>\n<\/tbody>\n<\/table>\n<p>&nbsp;<\/p>\n<hr \/>\n<p>&nbsp;<\/p>\n","protected":false},"excerpt":{"rendered":"<p>*** LA VALLE AGORDINA Domenica\u00a0 prende il via la stagione agonistica federale di Volteggio Accademico, il PR DOLOMITI VOLTEGGIO sar\u00e0 presente con 11 atleti dai 7 ai 16 anni divisi in 4 categorie. La prima gara a Portogruaro dove scenderanno in campo una squadra in categoria L under 12 composta da:\u00a0 Margherita Stieven Alice Donata&hellip;<\/p>\n","protected":false},"author":4,"featured_media":377888,"comment_status":"closed","ping_status":"closed","sticky":false,"template":"","format":"standard","meta":{"_monsterinsights_skip_tracking":false,"_monsterinsights_sitenote_active":false,"_monsterinsights_sitenote_note":"","_monsterinsights_sitenote_category":0,"footnotes":""},"categories":[104,49],"tags":[],"class_list":["post-377886","post","type-post","status-publish","format-standard","has-post-thumbnail","hentry","category-evidenza_3","category-news-18","category-104","category-49","description-off"],"img_url":"https:\/\/www.radiopiu.net\/wordpress\/wp-content\/uploads\/2024\/03\/424778812_401590289060226_4812373127449048840_n.jpg","_links":{"self":[{"href":"https:\/\/www.radiopiu.net\/wordpress\/wp-json\/wp\/v2\/posts\/377886","targetHints":{"allow":["GET"]}}],"collection":[{"href":"https:\/\/www.radiopiu.net\/wordpress\/wp-json\/wp\/v2\/posts"}],"about":[{"href":"https:\/\/www.radiopiu.net\/wordpress\/wp-json\/wp\/v2\/types\/post"}],"author":[{"embeddable":true,"href":"https:\/\/www.radiopiu.net\/wordpress\/wp-json\/wp\/v2\/users\/4"}],"replies":[{"embeddable":true,"href":"https:\/\/www.radiopiu.net\/wordpress\/wp-json\/wp\/v2\/comments?post=377886"}],"version-history":[{"count":0,"href":"https:\/\/www.radiopiu.net\/wordpress\/wp-json\/wp\/v2\/posts\/377886\/revisions"}],"wp:featuredmedia":[{"embeddable":true,"href":"https:\/\/www.radiopiu.net\/wordpress\/wp-json\/wp\/v2\/media\/377888"}],"wp:attachment":[{"href":"https:\/\/www.radiopiu.net\/wordpress\/wp-json\/wp\/v2\/media?parent=377886"}],"wp:term":[{"taxonomy":"category","embeddable":true,"href":"https:\/\/www.radiopiu.net\/wordpress\/wp-json\/wp\/v2\/categories?post=377886"},{"taxonomy":"post_tag","embeddable":true,"href":"https:\/\/www.radiopiu.net\/wordpress\/wp-json\/wp\/v2\/tags?post=377886"}],"curies":[{"name":"wp","href":"https:\/\/api.w.org\/{rel}","templated":true}]}}