{"id":377910,"date":"2024-03-07T07:55:33","date_gmt":"2024-03-07T06:55:33","guid":{"rendered":"https:\/\/www.radiopiu.net\/wordpress\/?p=377910"},"modified":"2024-03-07T10:15:33","modified_gmt":"2024-03-07T09:15:33","slug":"dal-1983-la-rassegna-stampa-locale-di-mirko-mezzacasa-23","status":"publish","type":"post","link":"https:\/\/www.radiopiu.net\/wordpress\/dal-1983-la-rassegna-stampa-locale-di-mirko-mezzacasa-23\/","title":{"rendered":"DAL 1983 LA RASSEGNA STAMPA LOCALE&#8230;. DI MIRKO MEZZACASA"},"content":{"rendered":"<p>**<\/p>\n<p><iframe loading=\"lazy\" title=\"DAL 1983 LA RASSEGNA STAMPA LOCALE di mirko mezzacasa. L&#039;ORIGINALE\" width=\"1200\" height=\"675\" src=\"https:\/\/www.youtube.com\/embed\/Igl3CYv-k8E?feature=oembed\" frameborder=\"0\" allow=\"accelerometer; autoplay; clipboard-write; encrypted-media; gyroscope; picture-in-picture; web-share\" allowfullscreen><\/iframe><\/p>\n<p><a class=\"dt-pswp-item\" href=\"https:\/\/www.radiopiu.net\/wordpress\/wp-content\/uploads\/2024\/03\/Senza-nome-28.png\" data-dt-img-description=\"\" data-large_image_width=\"243\" data-large_image_height=\"115\"><img loading=\"lazy\" decoding=\"async\" class=\"size-full wp-image-377911 alignleft\" src=\"https:\/\/www.radiopiu.net\/wordpress\/wp-content\/uploads\/2024\/03\/Senza-nome-28.png\" alt=\"\" width=\"243\" height=\"115\" \/><\/a><strong>BELLUNO<\/strong> Incidente frontale sulla strada provinciale 1 della Sinistra Piave tra Levego e Sagrogna ieri alle 15:00. Coinvolte un\u2019Alfa Mito e una Kia. Due feriti, un 56enne locale e un 31enne di Ponte nelle Alpi, trasportati al Pronto soccorso. Cause dell\u2019incidente in fase di accertamento. Traffico bloccato con deviazioni su Destra Piave o strada della Vena d\u2019Oro.<br \/>\n<strong>FELTRE<\/strong> Un residente di Canal ha allertato i vigili del fuoco di Feltre riguardo al possibile distacco di sassi lungo la montagna sopra la Sr 348 Feltrina, evidenziando una situazione di rischio. La segnalazione ha permesso l\u2019intervento dei rocciatori per rendere pi\u00f9 sicuro il versante stradale.<br \/>\n<strong>FELTRE<\/strong> Si terranno domani alle 14.30 nella concattedrale i funerali del notaio Enzo Rossi, deceduto a 76 anni in seguito ad un malore<br \/>\n<strong>BELLUNO<\/strong> Il Comando Provinciale della Guardia di Finanza di Belluno ha annunciato i risultati di una serie di controlli mirati nel settore della collaborazione domestica (colf\/badanti), che hanno portato all\u2019individuazione di 152 soggetti irregolari. Di questi, ben 128 sono stati identificati come evasori fiscali totali<br \/>\n<strong>BELLUNO<\/strong> Nonostante il recinto elettrificato, i lupi sono riusciti ad attaccare e uccidere due cavallini Falavella notte fra marted\u00ec e mercoled\u00ec. Solo una puledra \u00e8 sopravvissuta. I proprietari dell\u2019agriturismo di Levego, Bakero, sono preoccupati poich\u00e9 i recinti non sembrano sufficienti a proteggere gli animali dall\u2019avvicinamento dei lupi.<br \/>\n<strong>TAIBON<\/strong> Perch\u00e9 il guard rail del tornate sulla strada che porta a Campedel \u2013 Soccol non \u00e8 mai pi\u00f9 stato sistemato? Se lo chiedono gli abitanti di Taibon, da diversi mesi. Era novembre 2023 quando \u00e8 \u201cscomparso&#8221;<br \/>\n<a class=\"dt-pswp-item\" href=\"https:\/\/www.radiopiu.net\/wordpress\/wp-content\/uploads\/2024\/03\/COPERTINA-4.png\" data-dt-img-description=\"\" data-large_image_width=\"576\" data-large_image_height=\"327\"><img loading=\"lazy\" decoding=\"async\" class=\"size-medium wp-image-377912 alignright\" src=\"https:\/\/www.radiopiu.net\/wordpress\/wp-content\/uploads\/2024\/03\/COPERTINA-4-300x170.png\" alt=\"\" width=\"300\" height=\"170\" srcset=\"https:\/\/www.radiopiu.net\/wordpress\/wp-content\/uploads\/2024\/03\/COPERTINA-4-300x170.png 300w, https:\/\/www.radiopiu.net\/wordpress\/wp-content\/uploads\/2024\/03\/COPERTINA-4.png 576w\" sizes=\"auto, (max-width: 300px) 100vw, 300px\" \/><\/a><strong>LIVINALLONGO<\/strong> La Provincia di Belluno ha attivato una somma urgenza per una frana a Livinallongo, in localit\u00e0 Larzonei. \u00c8 stato deciso di attivare una somma urgenza per la messa in sicurezza del pendio. L\u2019intervento verr\u00e0 realizzato tramite l\u2019installazione di una rete metallica e chiodature.<br \/>\n<strong>BELLUNO<\/strong> La Procura di Belluno ha archiviato il caso riguardante il video dell\u2019incidente mortale di Salvatore Stefani (foto), non identificando il responsabile della registrazione. I genitori del giovane rugbysta moglianese, deceduto nell\u2019impatto, non hanno opposto resistenza all\u2019archiviazione.<br \/>\n<strong>REDAZIONE<\/strong> Tra il silenzio generale della politica, ad iniziare dalla Provincia socio di Dolomitibus (tutti concentrati sulle elezioni e sulle prossime cariche), anche ieri le terre alte sono state bastonate dalla societ\u00e0 di trasporti del bellunese da mesi \u201cpubblicizzata\u201d sugli organi di informazione, almeno loro non tacciono.<br \/>\n<strong>GLI IMPUNITI DELLA 203 AGORDINA,<\/strong> PRIMA DELL\u2019AUTOVELOX DI CANDATEN tre video shock sul sito di RADIOPIU, sorpassi con doppia linea continua, sorpassi multipli in prossimit\u00e0 della curva del Peron, Ristorante La Stanga, La Muda, la mancanza di controlli \u00e8 il via libera per i nuovi Niki Lauda lungo il circuito 203 agordina Belluno-Agordo.<br \/>\n<strong>LIVINALLONGO<\/strong> 3,8 MILIONI PER UN TURISMO CHE VOLTA PAGINA Destagionalizzazione, inclusivit\u00e0, accessibilit\u00e0. Per un turismo nuovo ecco Dolomiti 4all.it.<\/p>\n<p><strong>GOSALDO<\/strong> LAVORI DI MESSA IN SICUREZZA DELLA STRADA DI DON<br \/>\n<strong>ALLEGHE<\/strong> IN APPALTO IL TRASPORTO SCOLASTICO E LA MENSA PER LA SCUOLA DELL\u2019INFANZIA DI ALLEGHE<br \/>\n<strong>LOZZO DI CADORE<\/strong> SILVIA CALLIGARO NOMINATA VICEPRESIDENTE DEL GAL ALTO BELLUNESE<br \/>\nDONATO AL COMUNE DI<strong> FELTRE<\/strong> UN DIPINTO DI VALERIO BELLATI<br \/>\n<a class=\"dt-pswp-item\" href=\"https:\/\/www.radiopiu.net\/wordpress\/wp-content\/uploads\/2024\/03\/Senza-nome-29.png\" data-dt-img-description=\"\" data-large_image_width=\"527\" data-large_image_height=\"179\"><img loading=\"lazy\" decoding=\"async\" class=\"size-medium wp-image-377913 alignleft\" src=\"https:\/\/www.radiopiu.net\/wordpress\/wp-content\/uploads\/2024\/03\/Senza-nome-29-300x102.png\" alt=\"\" width=\"300\" height=\"102\" srcset=\"https:\/\/www.radiopiu.net\/wordpress\/wp-content\/uploads\/2024\/03\/Senza-nome-29-300x102.png 300w, https:\/\/www.radiopiu.net\/wordpress\/wp-content\/uploads\/2024\/03\/Senza-nome-29.png 527w\" sizes=\"auto, (max-width: 300px) 100vw, 300px\" \/><\/a>AGORDO Venerdi 15 marzo alle 19.30 al Palafalcade, consegna dei diplomi di Stato. I ragazzi saranno accolti con un buffet di benvenuto preparato dagli studenti dell\u2019indirizzo enogastronomico<br \/>\n<strong>BELLUNO<\/strong> In occasione della Giornata del Fiocchetto Lilla, l\u2019Ulss Dolomiti, in collaborazione con l\u2019Associazione Margherita Fenice, organizza due eventi dedicati ai disturbi della nutrizione e dell\u2019alimentazione. Il primo, il 14 marzo a Belluno<br \/>\n<strong>AGORDO<\/strong> Consiglio comunale lunedi alle 19 convocato dal sindaco Roberto Chissal\u00e8. Quattro i punti all\u2019ordine del giorno: il bialncio preventivo di ASCA, una variazione al DUP, la nomina dell\u2019organo di revisione economico finanziaria e una modifica al sedime stradale in corrispondenza dell\u2019attivit\u00e0 Costruzioni Elettromeccaniche.<br \/>\n<strong>BELLUNO<\/strong> Penne nere agordine sempre in prima linea L\u2019ASSEMBLEA SEZIONALE ANNUALE DEGLI ALPINI<br \/>\n\u201cGianpaolo Bottacin, Nuovo Presidente di Aineva: Impegno per la Prevenzione delle Valanghe e la Tutela Ambientale nelle Regioni Alpine\u201d<br \/>\n<strong>BELLUNO<\/strong> La violenza psicologica sulle donne va in scena a Palazzo Fulcis, a Belluno: \u201cGuerriera\u201d \u00e8 il titolo dello spettacolo promosso per sabato 9 marzo dal Comune di Belluno in occasione della Giornata internazionale della donna.<br \/>\n<strong>REDAZIONE<\/strong> Annullato l\u2019evento al Ristoro Belvedere Cima Fertazza con ospite Mario Fargetta. Le previsioni meteo avverse hanno costretto gli organizzatori a rinunciare all\u2019evento in programma questo fine settimana.<\/p>\n<blockquote><p>&nbsp;<\/p>\n<p>HOCKEY SU GHIACCIO ALLEGHE DI NUOVO IN CAMPO CON L\u2019APPIANO PER GARA 3 DEI QUARTI DI FINALE, IL FELTRE A VARESE PER CHIUDERE LA SERIE<br \/>\nROCCA PIETORE E dopo vari infortuni che l\u2019hanno vista protagonista negli ultimi mesi, domani Giada Bellenzier, portacolori dello Sci Club Marmolada parteciper\u00e0 ai Campionati Italiani Ragazzi a Piancavallo. Convocazione meritatissima dopo una stagione sfortunata. A Giada in bocca al lupo anche dal sindaco, Andrea De Bernardin.<br \/>\nMOTORI INIZIANO I PREPARATIVI PER LA CINQUANTESIMA ALPE DEL NEVEGAL<br \/>\n\u201cLa Valle Agordina: Il PR Dolomiti Volteggio Presente con 11 Atleti in Apertura Stagionale a Portogruaro\u201d<br \/>\nPALLAVOLO IL BELLUNO VOLLEY PRONTO PER UN MARZO DI FUOCO<br \/>\nGOODBYE BY BICICLE\u2026UN VIAGGIO DALL\u2019INDIA A SEREN DEL GRAPPA IN BICICLETTA<br \/>\nPUNTATA 03 \u2013 DALLE CASE SULL\u2019ALBERO A MUMBAI, SUL SITO DI RADIOPIU<\/p>\n<p>___<\/p><\/blockquote>\n<p>&nbsp;<\/p>\n<p>&nbsp;<\/p>\n<p>&nbsp;<\/p>\n<p>&nbsp;<\/p>\n<p>&nbsp;<\/p>\n<p>&nbsp;<\/p>\n<p>&nbsp;<\/p>\n<p>&nbsp;<\/p>\n<p>&nbsp;<\/p>\n<p>&nbsp;<\/p>\n<p>&nbsp;<\/p>\n<p>&nbsp;<\/p>\n<p>&nbsp;<\/p>\n<p>&nbsp;<\/p>\n<p>&nbsp;<\/p>\n<p>&nbsp;<\/p>\n<p>&nbsp;<\/p>\n<p>&nbsp;<\/p>\n<p>&nbsp;<\/p>\n<p>&nbsp;<\/p>\n","protected":false},"excerpt":{"rendered":"<p>** BELLUNO Incidente frontale sulla strada provinciale 1 della Sinistra Piave tra Levego e Sagrogna ieri alle 15:00. Coinvolte un\u2019Alfa Mito e una Kia. Due feriti, un 56enne locale e un 31enne di Ponte nelle Alpi, trasportati al Pronto soccorso. Cause dell\u2019incidente in fase di accertamento. Traffico bloccato con deviazioni su Destra Piave o strada&hellip;<\/p>\n","protected":false},"author":4,"featured_media":377912,"comment_status":"closed","ping_status":"closed","sticky":false,"template":"","format":"standard","meta":{"_monsterinsights_skip_tracking":false,"_monsterinsights_sitenote_active":false,"_monsterinsights_sitenote_note":"","_monsterinsights_sitenote_category":0,"footnotes":""},"categories":[104,49,142],"tags":[],"class_list":["post-377910","post","type-post","status-publish","format-standard","has-post-thumbnail","hentry","category-evidenza_3","category-news-18","category-rassegna-stampa","category-104","category-49","category-142","description-off"],"img_url":"https:\/\/www.radiopiu.net\/wordpress\/wp-content\/uploads\/2024\/03\/COPERTINA-4.png","_links":{"self":[{"href":"https:\/\/www.radiopiu.net\/wordpress\/wp-json\/wp\/v2\/posts\/377910","targetHints":{"allow":["GET"]}}],"collection":[{"href":"https:\/\/www.radiopiu.net\/wordpress\/wp-json\/wp\/v2\/posts"}],"about":[{"href":"https:\/\/www.radiopiu.net\/wordpress\/wp-json\/wp\/v2\/types\/post"}],"author":[{"embeddable":true,"href":"https:\/\/www.radiopiu.net\/wordpress\/wp-json\/wp\/v2\/users\/4"}],"replies":[{"embeddable":true,"href":"https:\/\/www.radiopiu.net\/wordpress\/wp-json\/wp\/v2\/comments?post=377910"}],"version-history":[{"count":0,"href":"https:\/\/www.radiopiu.net\/wordpress\/wp-json\/wp\/v2\/posts\/377910\/revisions"}],"wp:featuredmedia":[{"embeddable":true,"href":"https:\/\/www.radiopiu.net\/wordpress\/wp-json\/wp\/v2\/media\/377912"}],"wp:attachment":[{"href":"https:\/\/www.radiopiu.net\/wordpress\/wp-json\/wp\/v2\/media?parent=377910"}],"wp:term":[{"taxonomy":"category","embeddable":true,"href":"https:\/\/www.radiopiu.net\/wordpress\/wp-json\/wp\/v2\/categories?post=377910"},{"taxonomy":"post_tag","embeddable":true,"href":"https:\/\/www.radiopiu.net\/wordpress\/wp-json\/wp\/v2\/tags?post=377910"}],"curies":[{"name":"wp","href":"https:\/\/api.w.org\/{rel}","templated":true}]}}