{"id":377936,"date":"2024-03-07T09:12:01","date_gmt":"2024-03-07T08:12:01","guid":{"rendered":"https:\/\/www.radiopiu.net\/wordpress\/?p=377936"},"modified":"2024-03-07T16:40:03","modified_gmt":"2024-03-07T15:40:03","slug":"e-morto-don-lorenzo-dellandrea-di-selva-di-cadore","status":"publish","type":"post","link":"https:\/\/www.radiopiu.net\/wordpress\/e-morto-don-lorenzo-dellandrea-di-selva-di-cadore\/","title":{"rendered":"E&#8217; MORTO DON LORENZO DELL&#8217;ANDREA DI SELVA DI CADORE"},"content":{"rendered":"<p>&nbsp;<\/p>\n<p><img decoding=\"async\" class=\"alignleft\" src=\"https:\/\/www.radiopiu.net\/wordpress\/wp-content\/uploads\/2024\/03\/download-1.jpg\" \/><strong>SELVA DI CADORE<\/strong><\/p>\n<p><strong>DI MIRKO MEZZACASA<\/strong><\/p>\n<p><strong>NOTIZIARIO EDIZIONE STRAORDINARIA DELLE NOVE DEL MATTINO<\/strong><\/p>\n<p>&nbsp;<\/p>\n<p>&nbsp;<\/p>\n<p>&nbsp;<\/p>\n<p>&nbsp;<\/p>\n<p><strong>IL CONSIGLIERE REGIONALE SILVIA CESTARO<\/strong><\/p>\n<audio class=\"wp-audio-shortcode\" id=\"audio-377936-1\" preload=\"none\" style=\"width: 100%;\" controls=\"controls\"><source type=\"audio\/mpeg\" src=\"https:\/\/www.radiopiu.net\/wordpress\/wp-content\/uploads\/2024\/03\/silvia.mp3?_=1\" \/><a href=\"https:\/\/www.radiopiu.net\/wordpress\/wp-content\/uploads\/2024\/03\/silvia.mp3\">https:\/\/www.radiopiu.net\/wordpress\/wp-content\/uploads\/2024\/03\/silvia.mp3<\/a><\/audio>\n<p>&nbsp;<\/p>\n<p><strong>DALLA DIOCESI\u00a0 MONSIGNOR GIORGIO LISE\u00a0<\/strong><\/p>\n<audio class=\"wp-audio-shortcode\" id=\"audio-377936-2\" preload=\"none\" style=\"width: 100%;\" controls=\"controls\"><source type=\"audio\/mpeg\" src=\"https:\/\/www.radiopiu.net\/wordpress\/wp-content\/uploads\/2024\/03\/giorgio-lise.mp3?_=2\" \/><a href=\"https:\/\/www.radiopiu.net\/wordpress\/wp-content\/uploads\/2024\/03\/giorgio-lise.mp3\">https:\/\/www.radiopiu.net\/wordpress\/wp-content\/uploads\/2024\/03\/giorgio-lise.mp3<\/a><\/audio>\n<p>&nbsp;<\/p>\n<p><strong>PRESIDENTE FONDI COMUNI CONFINANTI DARIO BOND\u00a0<\/strong><\/p>\n<audio class=\"wp-audio-shortcode\" id=\"audio-377936-3\" preload=\"none\" style=\"width: 100%;\" controls=\"controls\"><source type=\"audio\/mpeg\" src=\"https:\/\/www.radiopiu.net\/wordpress\/wp-content\/uploads\/2024\/03\/bond.mp3?_=3\" \/><a href=\"https:\/\/www.radiopiu.net\/wordpress\/wp-content\/uploads\/2024\/03\/bond.mp3\">https:\/\/www.radiopiu.net\/wordpress\/wp-content\/uploads\/2024\/03\/bond.mp3<\/a><\/audio>\n<p>&nbsp;<\/p>\n<p><strong>IL PRESIDENTE DELLA REGIONE LUCA ZAIA<\/strong> \u201cIn don Lorenzo Dell\u2019Andrea, il carattere del sacerdote, dell\u2019insegnante e del giornalista si sono fusi nella missione di un uomo di chiesa, innamorato della sua terra. Riunite insieme tutte le iniziative e i progetti di valore religioso, editoriale e sociale che lo hanno visto protagonista in una lunga vita, di lui rimarr\u00e0 questo ricordo. Ora che \u00e8 mancato, esprimo il cordoglio della Regione del Veneto e la mia vicinanza a quelli, tanti, che gli hanno voluto bene\u201d.<\/p>\n<p><strong>IL PRESIDENTE DELLA PROVINCIA, ROBERTO PADRIN<\/strong> &#8220;Pastore attento al territorio, giornalista e informatore equilibrato, grande appassionato delle tradizioni locali. Il Bellunese perde una figura importante che ha dato tanto alle nostre comunit\u00e0. Ha segnato profondamente il mondo dell\u2019informazione locale e si \u00e8 impegnato a lungo nella tutela e nella trasmissione delle tradizioni ladine.<\/p>\n<p><strong>PRESIDENTE DI CONFINDUSTRIA, LORRAINE BERTON<\/strong> \u201cCon Don Lorenzo Dell&#8217;Andrea se ne va un punto di riferimento per il Bellunese, autorevole e appassionato. Ha dato voce a un territorio spesso inascoltato: gli dobbiamo essere grati per tutto quello che \u00e8 riuscito a fare. Ci mancher\u00e0 moltissimo. Ha sempre dato voce alle tante anime del Bellunese, raccontando il grande cuore delle sue vallate e delle sue terre alte&#8221;.<\/p>\n<p><strong>OSCAR DE BONA, PRESIDENTE ASSOCIAZIONE BELLUNESI NEL MONDO<\/strong> \u00abSiamo addolorati per la morte di don Lorenzo Dell\u2019Andrea \u00e8 stata una figura importante non solo per la Chiesa locale, ma anche per l\u2019intero territorio bellunese attraverso la sua straordinaria opera di comunicatore con Telebelluno, L\u2019Amico del Popolo e Radiopiave. Da sempre vicino all\u2019Associazione Bellunesi nel Mondo, sia a titolo personale che professionale, ha dato spazio e voce ai nostri emigranti di ieri e di oggi. Gli siamo grati per quanto ha fatto in oltre mezzo secolo di attivit\u00e0 e non mancheremo di ricordarlo.<\/p>\n<p><strong>GIOACCHINO BRATTI, PRESIDENTE ONORARIO ASSOCIAZIONE BELLUNESI NEL MONDO &#8220;<\/strong>Lo avevo conosciuto per la prima volta da cappellano a Longarone, ma gli sar\u00f2 sempre grato per lo spazio e l\u2019approfondimento che riservava alla nostra Associazione. Era una persona aperta, capace e moderna con un forte attaccamento alla sua terra natia, Selva di Cadore&#8221;<\/p>\n<p><strong>ASSOSTAMPA BELLUNESE<\/strong> &#8220;Con don Lorenzo Dell\u2019Andrea il giornalismo bellunese perde una delle sue figure di riferimento, ha saputo leggere e interpretare in maniera puntuale le dinamiche e i cambiamenti del mondo dell\u2019informazione. E della comunicazione in generale.\u00a0 Ha contribuito anche a fondare la Federazione Italiana Settimanali Cattolici, mentre nel 1995 ridiede slancio a Telebelluno. Componente di Assostampa per lunghi anni, ha sempre saputo dare il suo contributo al mondo dell&#8217;informazione bellunese&#8221;.<\/p>\n<p><strong>L&#8217;EX DEPUTATO MAURIZIO PANIZ<\/strong> \u201cDon Lorenzo ha caratterizzato un\u2019epoca, riuscendo ad unire il profondo rispetto per i valori pi\u00f9 autentici del cristianesimo ed una visione moderna dei rapporti sia sotto il profilo imprenditoriale sia sotto il profilo delle relazioni umane: Belluno perde un grande sacerdote ma soprattutto una grande persona.\u201d<\/p>\n<p><strong>IL ROTARY CLUB BELLUNO<\/strong> l Rotary Club Belluno piange la morte del suo past president e presidente dell\u2019annata 1984-1985, don Lorenzo Dell\u2019Andrea, avvenuta questa notte all\u2019et\u00e0 di 93 anni. \u00abDon Lorenzo \u00e8 stato per il Rotary Belluno una delle colonne portanti e figura di riferimento per tutti noi soci, oltre che per la comunit\u00e0 tutta nei vari ambiti in cui ha operato &#8211; le parole del presidente Davide Piol &#8211; in quest&#8217;anno da Presidente del Club ho avuto l&#8217;onore di poterlo premiare per il suo cinquantesimo anno di affiliazione al nostro sodalizio. Mi porter\u00f2 sempre il ricordo dei suoi occhi azzurri vivaci e del suo pensiero lucido e lungimirante che in vari messaggi mi ha sempre trasmesso. Riposa in pace don Lorenzo e continua ad illuminarci da lass\u00f9!\u00bb.<\/p>\n<p><strong>IL CENTRO SPORTIVO ITALIANO DI BELLUNO <\/strong>Comitato che don Lorenzo aveva fondato a met\u00e0 degli anni Cinquanta e di cui era poi stato consulente ecclesiastico fino ai primi anni Sessanta. Persona caratterizzata da grande intelligenza e profonda cultura, don Lorenzo era attento al territorio e a tutto ci\u00f2 che in esso accadeva. Con discrezione, anche in questi ultimi anni ha continuato a seguire il mondo del Centro sportivo italiano, non mancando di far avere consigli, suggerimenti e incoraggiamenti. Il consiglio direttivo di Csi Belluno esprime le pi\u00f9 sincere condoglianze ai familiari.<\/p>\n<p>____<\/p>\n<p>&nbsp;<\/p>\n<p>FONTE: <span style=\"color: #0000ff;\"><strong>www.chiesabellunofeltre.it<\/strong><\/span><\/p>\n<p>&nbsp;<\/p>\n<div class=\"content_container\">\n<section class=\"content_wrap grid-container row\" role=\"document\">\n<div class=\"grid-x grid-padding-x\">\n<div id=\"content\" class=\"small-12 large-12 columns cell\" role=\"main\">\n<article id=\"post-34209\" class=\"post-34209 post type-post status-publish format-standard has-post-thumbnail hentry category-news\">\n<header class=\"entry-header\">\n<h4 class=\"seed_wp_starter_so_occhiello\"><a title=\"\u00c8 morto don Lorenzo Dell\u2019Andrea\" href=\"https:\/\/www.chiesabellunofeltre.it\/e-morto-don-lorenzo-dellandrea\/\"><img loading=\"lazy\" decoding=\"async\" class=\"attachment-post-thumbnail wp-post-image alignright\" src=\"https:\/\/www.chiesabellunofeltre.it\/wp-content\/uploads\/sites\/3\/2024\/03\/07\/don-Lorenzo-DellAndrea23.jpg\" sizes=\"auto, (max-width: 672px) 100vw, 672px\" srcset=\"https:\/\/www.chiesabellunofeltre.it\/wp-content\/uploads\/sites\/3\/2024\/03\/07\/don-Lorenzo-DellAndrea23.jpg 672w, https:\/\/www.chiesabellunofeltre.it\/wp-content\/uploads\/sites\/3\/2024\/03\/07\/don-Lorenzo-DellAndrea23-300x294.jpg 300w, https:\/\/www.chiesabellunofeltre.it\/wp-content\/uploads\/sites\/3\/2024\/03\/07\/don-Lorenzo-DellAndrea23-600x588.jpg 600w\" alt=\"\" width=\"207\" height=\"203\" \/><\/a>Aveva 93 anni e quasi 70 di sacerdozio<\/h4>\n<h1 class=\"entry-title-post\">\u00c8 morto don Lorenzo Dell\u2019Andrea<\/h1>\n<h2 class=\"seed_wp_starter_so_sottotitolo\">Resta il ricordo di un prete pienamente inserito nel mondo delle comunicazioni, per le quali seppe intuire e anticipare le novit\u00e0 emergenti<\/h2>\n<\/header>\n<div class=\"entry-content-post\">\n<p>\u00c8 morto ieri sera (mercoled\u00ec 6 marzo) don Lorenzo Dell\u2019Andrea, di anni 93. Ricoverato marted\u00ec sera a seguito di una caduta in casa, era stato dimesso e portato in Casa Padre Kolbe a Pedavena, nella speranza che potesse rimettersi. Invece ieri sera, poco prima delle 23.00, si \u00e8 conclusa la sua intraprendente vicenda terrena. Era nato a Selva di Cadore il 15 dicembre 1930 da Grazioso e Rachele Zampolli. Intrapreso il percorso seminaristico, venne ordinato presbitero a Santa Giustina il 2 luglio 1954: era quindi prossimo al suo 70\u00b0 anniversario di sacerdozio. Avviato agli studi classici, si era laureato in lettere antiche (1954-1959). Divenne poi amministratore del Seminario (1959-1962) e mansionario della Cattedrale (1962-1973). Dal 1973 al 1985 fu canonico della Cattedrale; nel contempo \u00e8 stato apprezzato ed esigente insegnante di latino al Liceo Lollino (1954-1987) e dal 1954 fin quasi alla fine del secolo scorso, iniziatore degli studenti di teologia alle tecniche della comunicazione sociale. Rimane l\u2019immagine di un grande \u201ccondottiero\u201d: fu presidente dell\u2019Unitalsi e dell\u2019Opera diocesana Pellegrinaggi (1962-1986), consulente ecclesiastico del CTG (1962-1974); guid\u00f2 innumerevoli pellegrinaggi in Terra Santa e a Lourdes. Fu artefice della ristrutturazione del Centro Giovanni XXIII e guida dall\u2019Opera diocesana San Martino Vescovo (2001-2014); per trent\u2019anni diresse\u00a0<em>L\u2019Amico del Popolo<\/em> (1962-1992); fu responsabile e poi amministratore delegato della Tipografia Piave dal 1962 al 2013 e amministratore unico della Plavis viaggi (1981-2013). Nel 1995 rilev\u00f2 le quote di Telebelluno e ridiede vita a un\u2019emittente locale, di cui ai convegni nazionali degli addetti alla comunicazione sociale nella Chiesa, si parla tutt\u2019ora come di un successo bellunese. Ne viene il ritratto di un prete che amava indossare la cravatta, perch\u00e9 voleva portare la sua convinzione di fede in ogni ambiente, anche laddove l\u2019abito clericale poteva erigere un muro di diffidenza. Seppe tenersi a lungo aggiornato, intuendo le novit\u00e0 che portavano i media dai caratteri mobili alle possibilit\u00e0 del web. Lascia di s\u00e9 un grande ricordo. La Chiesa di Belluno-Feltre lo affida al Signore con riconoscenza. Appena possibile, saranno comunicati il giorno e il luogo dei funerali.<\/p>\n<\/div>\n<\/article>\n<div class=\"entry-meta-footer\">\n<hr \/>\n<\/div>\n<div id=\"comments\" class=\"comments-area\"><\/div>\n<\/div>\n<\/div>\n<\/section>\n<\/div>\n<div class=\"footer_container\">\n<footer id=\"footer\" class=\"footer_wrap grid-container\" role=\"contentinfo\">\n<div class=\"grid-x\">\n<div class=\"medium-12 large-12 cell columns\"><\/div>\n<div id=\"ftxt\" class=\"site-info medium-12 large-12 cell columns text-center\">\n<p>&nbsp;<\/p>\n<\/div>\n<\/div>\n<\/footer>\n<\/div>\n<hr \/>\n<p>&nbsp;<\/p>\n<p>&nbsp;<\/p>\n<p>&nbsp;<\/p>\n","protected":false},"excerpt":{"rendered":"<p>&nbsp; SELVA DI CADORE DI MIRKO MEZZACASA NOTIZIARIO EDIZIONE STRAORDINARIA DELLE NOVE DEL MATTINO &nbsp; &nbsp; &nbsp; &nbsp; IL CONSIGLIERE REGIONALE SILVIA CESTARO &nbsp; DALLA DIOCESI\u00a0 MONSIGNOR GIORGIO LISE\u00a0 &nbsp; PRESIDENTE FONDI COMUNI CONFINANTI DARIO BOND\u00a0 &nbsp; IL PRESIDENTE DELLA REGIONE LUCA ZAIA \u201cIn don Lorenzo Dell\u2019Andrea, il carattere del sacerdote, dell\u2019insegnante e del giornalista&hellip;<\/p>\n","protected":false},"author":4,"featured_media":377937,"comment_status":"closed","ping_status":"closed","sticky":false,"template":"","format":"standard","meta":{"_monsterinsights_skip_tracking":false,"_monsterinsights_sitenote_active":false,"_monsterinsights_sitenote_note":"","_monsterinsights_sitenote_category":0,"footnotes":""},"categories":[51,49],"tags":[],"class_list":["post-377936","post","type-post","status-publish","format-standard","has-post-thumbnail","hentry","category-evidenza-top","category-news-18","category-51","category-49","description-off"],"img_url":"https:\/\/www.radiopiu.net\/wordpress\/wp-content\/uploads\/2024\/03\/download-1.jpg","_links":{"self":[{"href":"https:\/\/www.radiopiu.net\/wordpress\/wp-json\/wp\/v2\/posts\/377936","targetHints":{"allow":["GET"]}}],"collection":[{"href":"https:\/\/www.radiopiu.net\/wordpress\/wp-json\/wp\/v2\/posts"}],"about":[{"href":"https:\/\/www.radiopiu.net\/wordpress\/wp-json\/wp\/v2\/types\/post"}],"author":[{"embeddable":true,"href":"https:\/\/www.radiopiu.net\/wordpress\/wp-json\/wp\/v2\/users\/4"}],"replies":[{"embeddable":true,"href":"https:\/\/www.radiopiu.net\/wordpress\/wp-json\/wp\/v2\/comments?post=377936"}],"version-history":[{"count":0,"href":"https:\/\/www.radiopiu.net\/wordpress\/wp-json\/wp\/v2\/posts\/377936\/revisions"}],"wp:featuredmedia":[{"embeddable":true,"href":"https:\/\/www.radiopiu.net\/wordpress\/wp-json\/wp\/v2\/media\/377937"}],"wp:attachment":[{"href":"https:\/\/www.radiopiu.net\/wordpress\/wp-json\/wp\/v2\/media?parent=377936"}],"wp:term":[{"taxonomy":"category","embeddable":true,"href":"https:\/\/www.radiopiu.net\/wordpress\/wp-json\/wp\/v2\/categories?post=377936"},{"taxonomy":"post_tag","embeddable":true,"href":"https:\/\/www.radiopiu.net\/wordpress\/wp-json\/wp\/v2\/tags?post=377936"}],"curies":[{"name":"wp","href":"https:\/\/api.w.org\/{rel}","templated":true}]}}