{"id":378065,"date":"2024-03-07T17:54:30","date_gmt":"2024-03-07T16:54:30","guid":{"rendered":"https:\/\/www.radiopiu.net\/wordpress\/?p=378065"},"modified":"2024-03-07T17:54:30","modified_gmt":"2024-03-07T16:54:30","slug":"ricordo-di-un-maestro-di-giornalismo-grazie-don-lorenzo-e-buon-viaggio","status":"publish","type":"post","link":"https:\/\/www.radiopiu.net\/wordpress\/ricordo-di-un-maestro-di-giornalismo-grazie-don-lorenzo-e-buon-viaggio\/","title":{"rendered":"RICORDO DI UN MAESTRO DI GIORNALISMO. GRAZIE DON LORENZO E\u2026 BUON VIAGGIO!"},"content":{"rendered":"<p>*****<\/p>\n<p>&nbsp;<\/p>\n<p><strong><a class=\"dt-pswp-item\" href=\"https:\/\/www.radiopiu.net\/wordpress\/wp-content\/uploads\/2024\/03\/DON-Lorenzo-DellAndrea.jpg\" data-dt-img-description=\"\" data-large_image_width=\"768\" data-large_image_height=\"411\"><img loading=\"lazy\" decoding=\"async\" class=\" wp-image-378066 alignleft\" src=\"https:\/\/www.radiopiu.net\/wordpress\/wp-content\/uploads\/2024\/03\/DON-Lorenzo-DellAndrea-300x161.jpg\" alt=\"\" width=\"227\" height=\"122\" srcset=\"https:\/\/www.radiopiu.net\/wordpress\/wp-content\/uploads\/2024\/03\/DON-Lorenzo-DellAndrea-300x161.jpg 300w, https:\/\/www.radiopiu.net\/wordpress\/wp-content\/uploads\/2024\/03\/DON-Lorenzo-DellAndrea.jpg 768w\" sizes=\"auto, (max-width: 227px) 100vw, 227px\" \/><\/a>DI DINO BRIDDA<\/strong><\/p>\n<p>Con la scomparsa di don Lorenzo Dell\u2019Andrea se ne va non solo un illustre cittadino di Selva di Cadore, ma anche un altrettanto illustre protagonista della scena ecclesiastica, culturale e mediatica dell\u2019intera provincia di Belluno. Di don Lorenzo ho conosciuto l\u2019apprezzato mio insegnante di religione alle superiori, l\u2019animatore di tante iniziative per i giovani bellunesi dagli anni 50 in avanti, ma soprattutto il valente maestro di giornalismo al quale intere generazioni debbono un ringraziamento particolare per quanto appreso alla Sua scuola. La Sua direzione del giornale \u201cL\u2019Amico del Popolo\u201d lo proiett\u00f2 anche nel panorama della stampa cattolica dei settimanali diocesani, dove fu dirigente ascoltato e ammirato. Sino alla met\u00e0 degli anni 70 quelli furono anni difficili in una provincia come la nostra dove esistevano solo \u201cL\u2019Amico del Popolo\u201d e il \u201cGazzettino\u201d e, pertanto, non era operante un movimento mediatico in grado di occupare il suo giusto ruolo nel dibattito sociale, culturale e politico dell\u2019intero Bellunese. Alla scuola di don Lorenzo mi formai come giornalista posto, da Lui stesso, ad operare nelle varie fasi della confezione di un giornale. Fu un\u2019occasione preziosa e riservata a pochi colleghi che non hanno conosciuto il lavoro del giornalista dalla macchina per scrivere sino alla composizione del prodotto tipografico dopo le puntuali e meticolose correzioni del mitico correttore di bozze dell\u2019\u201dAmico\u201d cavalier Piero Secco. Poi arrivarono altri quotidiani, le radio e le televisioni: un mondo che don Lorenzo attravers\u00f2 lasciando la Sua impronta, dalla primogenita Radio Piave a Telebelluno, mentre cresceva di numero e di valore una scuola giornalistica bellunese oggi finalmente aperta anche alle pi\u00f9 giovani generazioni. Il Suo insegnamento \u00e8 presto riassunto: ampia conoscenza della realt\u00e0 storica del territorio, necessaria preparazione culturale, rigore deontologico, responsabile reperimento e vaglio della fonte di notizie, rispetto delle idee altrui, alto senso civico. E fu tutto ci\u00f2 che Gli valse, fra l\u2019altro, il Premio \u201cSan Martino\u201d. Ora, accanto all\u2019intensa attivit\u00e0 giornalistica esercitata sino in tarda et\u00e0, ci restano i Suoi scritti dedicati al mondo ladino ed a storia e cultura della nat\u00eca Selva di Cadore, ovvero un bagaglio corposo di conoscenza e sapienza che dovrebbe appartenere a chiunque intenda applicarsi nel mondo dell\u2019informazione ed della produzione pubblicistica in genere. Non \u00e8 lieve l\u2019eredit\u00e0 per chi, come noi formati alla scuola di don Lorenzo, siamo chiamati a tenere sempre ben presente la raccomandazione di essere documentati, chiari, obiettivi e propositivi.<\/p>\n<p>(foto: Amico Del Popolo)<\/p>\n<p>&nbsp;<\/p>\n<p>&nbsp;<\/p>\n<p>*******<\/p>\n","protected":false},"excerpt":{"rendered":"<p>***** &nbsp; DI DINO BRIDDA Con la scomparsa di don Lorenzo Dell\u2019Andrea se ne va non solo un illustre cittadino di Selva di Cadore, ma anche un altrettanto illustre protagonista della scena ecclesiastica, culturale e mediatica dell\u2019intera provincia di Belluno. Di don Lorenzo ho conosciuto l\u2019apprezzato mio insegnante di religione alle superiori, l\u2019animatore di tante&hellip;<\/p>\n","protected":false},"author":4,"featured_media":378066,"comment_status":"closed","ping_status":"closed","sticky":false,"template":"","format":"standard","meta":{"_monsterinsights_skip_tracking":false,"_monsterinsights_sitenote_active":false,"_monsterinsights_sitenote_note":"","_monsterinsights_sitenote_category":0,"footnotes":""},"categories":[49],"tags":[],"class_list":["post-378065","post","type-post","status-publish","format-standard","has-post-thumbnail","hentry","category-news-18","category-49","description-off"],"img_url":"https:\/\/www.radiopiu.net\/wordpress\/wp-content\/uploads\/2024\/03\/DON-Lorenzo-DellAndrea.jpg","_links":{"self":[{"href":"https:\/\/www.radiopiu.net\/wordpress\/wp-json\/wp\/v2\/posts\/378065","targetHints":{"allow":["GET"]}}],"collection":[{"href":"https:\/\/www.radiopiu.net\/wordpress\/wp-json\/wp\/v2\/posts"}],"about":[{"href":"https:\/\/www.radiopiu.net\/wordpress\/wp-json\/wp\/v2\/types\/post"}],"author":[{"embeddable":true,"href":"https:\/\/www.radiopiu.net\/wordpress\/wp-json\/wp\/v2\/users\/4"}],"replies":[{"embeddable":true,"href":"https:\/\/www.radiopiu.net\/wordpress\/wp-json\/wp\/v2\/comments?post=378065"}],"version-history":[{"count":0,"href":"https:\/\/www.radiopiu.net\/wordpress\/wp-json\/wp\/v2\/posts\/378065\/revisions"}],"wp:featuredmedia":[{"embeddable":true,"href":"https:\/\/www.radiopiu.net\/wordpress\/wp-json\/wp\/v2\/media\/378066"}],"wp:attachment":[{"href":"https:\/\/www.radiopiu.net\/wordpress\/wp-json\/wp\/v2\/media?parent=378065"}],"wp:term":[{"taxonomy":"category","embeddable":true,"href":"https:\/\/www.radiopiu.net\/wordpress\/wp-json\/wp\/v2\/categories?post=378065"},{"taxonomy":"post_tag","embeddable":true,"href":"https:\/\/www.radiopiu.net\/wordpress\/wp-json\/wp\/v2\/tags?post=378065"}],"curies":[{"name":"wp","href":"https:\/\/api.w.org\/{rel}","templated":true}]}}