{"id":378086,"date":"2024-03-08T05:50:57","date_gmt":"2024-03-08T04:50:57","guid":{"rendered":"https:\/\/www.radiopiu.net\/wordpress\/?p=378086"},"modified":"2024-03-08T06:16:12","modified_gmt":"2024-03-08T05:16:12","slug":"la-boa-di-conaggia-quando-il-nome-di-una-localita-deriva-da-una-serie-di-eventi-idrogeologici-disastrosi-prima-parte","status":"publish","type":"post","link":"https:\/\/www.radiopiu.net\/wordpress\/la-boa-di-conaggia-quando-il-nome-di-una-localita-deriva-da-una-serie-di-eventi-idrogeologici-disastrosi-prima-parte\/","title":{"rendered":"LA BOA DI CONAGGIA \u2013 QUANDO IL NOME DI UNA LOCALIT\u00c0 DERIVA DA UNA SERIE DI EVENTI IDROGEOLOGICI DISASTROSI \u2013  PRIMA  PARTE"},"content":{"rendered":"<p>*****<\/p>\n<p>&nbsp;<\/p>\n<p><strong>DI TIZIANO DE COL<\/strong><\/p>\n<p>Prima di procedere con la lettura di questo articolo, consigliamo di leggere altri tre articoli qui precedentemente pubblicati e che si riferiscono all\u2019evento del 1888, ad un richiamo di un evento del 1748 (che per\u00f2 non siamo ancora riusciti a documentare) ed infine la descrizione di un incendio che distrusse quasi completamente la frazione di Conaggia nel 1914: <a href=\"http:\/\/-\thttps:\/\/www.radiopiu.net\/wordpress\/la-boa-di-conaggia-del-23-27-aprile-1888-parte-prima\/\">PRIMA PARTE<\/a>\u00a0 <a href=\"http:\/\/-\thttps:\/\/www.radiopiu.net\/wordpress\/boa-di-conaggia-23-27-aprile-1888-parte-seconda\/\">SECONDA PARTE<\/a>\u00a0 <a href=\"http:\/\/-\thttps:\/\/www.radiopiu.net\/wordpress\/boa-di-conaggia-23-27-aprile-1888-parte-terza-incendio-di-conaggia-del-1914\/\">TERZA PARTE<\/a><\/p>\n<p>Non \u00e8 che con l\u2019incendio del 1914 fossero terminati i guai per la frazione di Conaggia. Durante l\u2019inverno 1951-1952 cadde moltissima neve ed una grossa valanga scesa dalla cima del Monte Celo lungo il \u201cValin de la Sana\u201d, ostru\u00ec completamente l\u2019alveo del torrente Bordina rischiando di deviare il torrente direttamente verso la frazione di Conaggia. Le famiglie che abitavano nelle case pi\u00f9 a monte della frazione, in parte g\u00ec\u00e0 alluvionate dalla Boa del 1888 e delle quali era rimasto interrato il pianterreno completo, si erano gi\u00e0 preparate per abbandonare le case e trovare rifugio da parenti in luoghi pi\u00f9 sicuri. Il timore era che la valanga, oltre che deviare il corso del torrente, creasse un invaso il quale, cedendo di colpo lo sbarramento della valanga, provocasse una improvvisa onda di piena sulla frazione di Conaggia. Fortuna volle che l\u2019acqua si creasse un varco, in tempi abbastanza ridotti, nella base del corpo centrale della valanga e cos\u00ec l\u2019acqua stessa riusc\u00ec a defluire nell\u2019alveo normale. Nel 1966, durante la grande alluvione del 4 novembre, cedettero dei notevoli accumuli di detrito di falda in localit\u00e0 Giaon e localit\u00e0 Ru, in prossimit\u00e0 di Malga Foca. Queste colate detritiche, unitamente alle melme e detriti di falda provenienti dalla valle di Buscaresem (Buscarese in lingua locale) si incontrarono in localit\u00e0 Campiouna\u00a0 creando un accumulo notevole che poi si incanal\u00f2 lungo la strettissima e ripida Val delle Pontesie (costellata di ripide balze rocciose con alla base delle marmitte di erosione chiamate \u201cC\u00e0udiere\u201d nella lingua locale). La massa con forte velocit\u00e0 percorse la ripida valle e arrivata nel falsopiano dove ora esiste il parcheggio auto ai piedi della ripida salita a Malga Foca, perse di colpo energia creando un sovralluvionamento che devi\u00f2 il torrente Bordina in piena direttamente verso il nucleo storico della Frazione di Conaggia, gi\u00e0 alluvionato nel 1888 e creando il disastro al quale la frazione era fortunatamente scampata con la valanga sopra descritta. A seguito di queste \u201cB\u00f2e\u201d, ossia ondate di piena provocate dalla creazione con successiva rottura di invasi a monte della frazione di Conaggia, tutta la zona alluvionata dal 1888 in poi prese il nome di B\u00f2a ed andarono in parte persi quasi completamente gli antichi prati e con loro gli antichi toponimi che li descrivevano. Nel 1888 e nel 1966 la geografia della zona venne ripetutamente sconvolta, mentre non abbiamo notizie dei danni occorsi nel 1748 avendo solo notizia dell\u2019evento alluvionale. La sorte volle che le prime tavolette IGM Agordo e Cime di San Sebastiano del 1888 venissero rilevate dopo l\u2019evento calamitoso, per cui vi troviamo riportate le esondazioni (a fonovalle) e le frane (a monte) appena successe qualche mese prima. Nel 1989-1990 i Servizi Forestali Regionali rettificarono l\u2019alveo del torrente Bordina a monte e di fianco alla Frazione di Conaggia, allontanandolo dalla frazione e portandolo verso il Monte Celo, al posto del vecchio campo di calcio, realizzando lunghe scogliere di protezione. Il nuovo campo di calcio e la zona degli impianti sportivi di Conaggia, ora insistono, in parte, sul vecchio alveo del Bordina. Ma dello spostamento dell\u2019alveo del Bordina del 1989-1990 e dei vincoli idraulici ed idrogeologici (Piano di Assetto Stralcio Idrogeologico-P.A.I e Piano Gestione Rischi Alluvioni -P.G.R.A.) che a tutt\u2019oggi gravano sulla zona, parleremo in un successivo articolo.<\/p>\n\n\t\t\t<style type='text\/css'>\n\t\t\t\t#gallery-1 {\n\t\t\t\t\tmargin: auto;\n\t\t\t\t}\n\t\t\t\t#gallery-1 .gallery-item {\n\t\t\t\t\tfloat: left;\n\t\t\t\t\tmargin-top: 10px;\n\t\t\t\t\ttext-align: center;\n\t\t\t\t\twidth: 33%;\n\t\t\t\t}\n\t\t\t\t#gallery-1 img {\n\t\t\t\t\tborder: 2px solid #cfcfcf;\n\t\t\t\t}\n\t\t\t\t#gallery-1 .gallery-caption {\n\t\t\t\t\tmargin-left: 0;\n\t\t\t\t}\n\t\t\t\t\/* see gallery_shortcode() in wp-includes\/media.php *\/\n\t\t\t<\/style>\n\t\t<div id='gallery-1' class='dt-gallery-container gallery galleryid-378086 gallery-columns-3 gallery-size-medium'><dl class='gallery-item'>\n\t\t\t\t<dt class='gallery-icon portrait'>\n\t\t\t\t\t<a class=\"rollover rollover-zoom dt-pswp-item\" title=\"add41374-c30c-4797-81d4-360ec7b24dbe\" data-dt-img-description=\"\" data-large_image_width=\"1202\" data-large_image_height=\"1600\"href='https:\/\/www.radiopiu.net\/wordpress\/wp-content\/uploads\/2024\/03\/add41374-c30c-4797-81d4-360ec7b24dbe.jpg'><img loading=\"lazy\" decoding=\"async\" width=\"225\" height=\"300\" src=\"https:\/\/www.radiopiu.net\/wordpress\/wp-content\/uploads\/2024\/03\/add41374-c30c-4797-81d4-360ec7b24dbe-225x300.jpg\" class=\"attachment-medium size-medium\" alt=\"\" aria-describedby=\"gallery-1-378087\" srcset=\"https:\/\/www.radiopiu.net\/wordpress\/wp-content\/uploads\/2024\/03\/add41374-c30c-4797-81d4-360ec7b24dbe-225x300.jpg 225w, https:\/\/www.radiopiu.net\/wordpress\/wp-content\/uploads\/2024\/03\/add41374-c30c-4797-81d4-360ec7b24dbe-769x1024.jpg 769w, https:\/\/www.radiopiu.net\/wordpress\/wp-content\/uploads\/2024\/03\/add41374-c30c-4797-81d4-360ec7b24dbe-768x1022.jpg 768w, https:\/\/www.radiopiu.net\/wordpress\/wp-content\/uploads\/2024\/03\/add41374-c30c-4797-81d4-360ec7b24dbe-1154x1536.jpg 1154w, https:\/\/www.radiopiu.net\/wordpress\/wp-content\/uploads\/2024\/03\/add41374-c30c-4797-81d4-360ec7b24dbe.jpg 1202w\" sizes=\"auto, (max-width: 225px) 100vw, 225px\" \/><\/a>\n\t\t\t\t<\/dt>\n\t\t\t\t\t<dd class='wp-caption-text gallery-caption' id='gallery-1-378087'>\n\t\t\t\t\tSbocco a valle della Forra di Val delle Pontesie\n\t\t\t\t\t<\/dd><\/dl><dl class='gallery-item'>\n\t\t\t\t<dt class='gallery-icon portrait'>\n\t\t\t\t\t<a class=\"rollover rollover-zoom dt-pswp-item\" title=\"826dfb8a-2da6-4598-84d7-70d38bcc3866\" data-dt-img-description=\"\" data-large_image_width=\"1234\" data-large_image_height=\"1600\"href='https:\/\/www.radiopiu.net\/wordpress\/wp-content\/uploads\/2024\/03\/826dfb8a-2da6-4598-84d7-70d38bcc3866.jpg'><img loading=\"lazy\" decoding=\"async\" width=\"231\" height=\"300\" src=\"https:\/\/www.radiopiu.net\/wordpress\/wp-content\/uploads\/2024\/03\/826dfb8a-2da6-4598-84d7-70d38bcc3866-231x300.jpg\" class=\"attachment-medium size-medium\" alt=\"\" aria-describedby=\"gallery-1-378088\" srcset=\"https:\/\/www.radiopiu.net\/wordpress\/wp-content\/uploads\/2024\/03\/826dfb8a-2da6-4598-84d7-70d38bcc3866-231x300.jpg 231w, https:\/\/www.radiopiu.net\/wordpress\/wp-content\/uploads\/2024\/03\/826dfb8a-2da6-4598-84d7-70d38bcc3866-790x1024.jpg 790w, https:\/\/www.radiopiu.net\/wordpress\/wp-content\/uploads\/2024\/03\/826dfb8a-2da6-4598-84d7-70d38bcc3866-768x996.jpg 768w, https:\/\/www.radiopiu.net\/wordpress\/wp-content\/uploads\/2024\/03\/826dfb8a-2da6-4598-84d7-70d38bcc3866-1185x1536.jpg 1185w, https:\/\/www.radiopiu.net\/wordpress\/wp-content\/uploads\/2024\/03\/826dfb8a-2da6-4598-84d7-70d38bcc3866.jpg 1234w\" sizes=\"auto, (max-width: 231px) 100vw, 231px\" \/><\/a>\n\t\t\t\t<\/dt>\n\t\t\t\t\t<dd class='wp-caption-text gallery-caption' id='gallery-1-378088'>\n\t\t\t\t\tValanga della Sana del 1952_A destra il &#8220;Bait del Sordo&#8221; che esisteva su un piccolo terrazzamento distante dal torrente. Sullo sfondo, contro i Colli di Lantrago, si intravede la sagoma del Campanile della Chiesa di San Michele di La Valle. La frazione di Conaggia \u00e8 situata nella zona in ombra. Fotografia Da Roit Romeo\n\t\t\t\t\t<\/dd><\/dl><dl class='gallery-item'>\n\t\t\t\t<dt class='gallery-icon landscape'>\n\t\t\t\t\t<a class=\"rollover rollover-zoom dt-pswp-item\" title=\"ca4d5b89-b5db-469d-b5a1-04dea17127c7\" data-dt-img-description=\"\" data-large_image_width=\"1370\" data-large_image_height=\"893\"href='https:\/\/www.radiopiu.net\/wordpress\/wp-content\/uploads\/2024\/03\/ca4d5b89-b5db-469d-b5a1-04dea17127c7.jpg'><img loading=\"lazy\" decoding=\"async\" width=\"300\" height=\"196\" src=\"https:\/\/www.radiopiu.net\/wordpress\/wp-content\/uploads\/2024\/03\/ca4d5b89-b5db-469d-b5a1-04dea17127c7-300x196.jpg\" class=\"attachment-medium size-medium\" alt=\"\" aria-describedby=\"gallery-1-378089\" srcset=\"https:\/\/www.radiopiu.net\/wordpress\/wp-content\/uploads\/2024\/03\/ca4d5b89-b5db-469d-b5a1-04dea17127c7-300x196.jpg 300w, https:\/\/www.radiopiu.net\/wordpress\/wp-content\/uploads\/2024\/03\/ca4d5b89-b5db-469d-b5a1-04dea17127c7-1024x667.jpg 1024w, https:\/\/www.radiopiu.net\/wordpress\/wp-content\/uploads\/2024\/03\/ca4d5b89-b5db-469d-b5a1-04dea17127c7-768x501.jpg 768w, https:\/\/www.radiopiu.net\/wordpress\/wp-content\/uploads\/2024\/03\/ca4d5b89-b5db-469d-b5a1-04dea17127c7.jpg 1370w\" sizes=\"auto, (max-width: 300px) 100vw, 300px\" \/><\/a>\n\t\t\t\t<\/dt>\n\t\t\t\t\t<dd class='wp-caption-text gallery-caption' id='gallery-1-378089'>\n\t\t\t\t\tImmagine del 1959 con la B\u00f2a e a destra la parte pi\u00f9 antica del villaggio di Conaggia. A centro foto si vedono gli argini appena realizzati e a sinistra si intravede il vecchio campo sportivo per raggiungere il quale bisognava &#8220;guadare&#8221; il Bordina. Il nuovo campo sportivo realizzato a partire dal 1990 si trova proprio al centro-basso di questa foto ed i prati che si vedono in foto nel 1959 vennero distrutti dall&#8217;alluvione del 1966\n\t\t\t\t\t<\/dd><\/dl><br style=\"clear: both\" \/>\n\t\t\t<\/div>\n\n<p>&nbsp;<\/p>\n<p>&nbsp;<\/p>\n<p>******<\/p>\n<p>&nbsp;<\/p>\n","protected":false},"excerpt":{"rendered":"<p>***** &nbsp; DI TIZIANO DE COL Prima di procedere con la lettura di questo articolo, consigliamo di leggere altri tre articoli qui precedentemente pubblicati e che si riferiscono all\u2019evento del 1888, ad un richiamo di un evento del 1748 (che per\u00f2 non siamo ancora riusciti a documentare) ed infine la descrizione di un incendio che&hellip;<\/p>\n","protected":false},"author":4,"featured_media":378088,"comment_status":"closed","ping_status":"closed","sticky":false,"template":"","format":"standard","meta":{"_monsterinsights_skip_tracking":false,"_monsterinsights_sitenote_active":false,"_monsterinsights_sitenote_note":"","_monsterinsights_sitenote_category":0,"footnotes":""},"categories":[49],"tags":[],"class_list":["post-378086","post","type-post","status-publish","format-standard","has-post-thumbnail","hentry","category-news-18","category-49","description-off"],"img_url":"https:\/\/www.radiopiu.net\/wordpress\/wp-content\/uploads\/2024\/03\/826dfb8a-2da6-4598-84d7-70d38bcc3866.jpg","_links":{"self":[{"href":"https:\/\/www.radiopiu.net\/wordpress\/wp-json\/wp\/v2\/posts\/378086","targetHints":{"allow":["GET"]}}],"collection":[{"href":"https:\/\/www.radiopiu.net\/wordpress\/wp-json\/wp\/v2\/posts"}],"about":[{"href":"https:\/\/www.radiopiu.net\/wordpress\/wp-json\/wp\/v2\/types\/post"}],"author":[{"embeddable":true,"href":"https:\/\/www.radiopiu.net\/wordpress\/wp-json\/wp\/v2\/users\/4"}],"replies":[{"embeddable":true,"href":"https:\/\/www.radiopiu.net\/wordpress\/wp-json\/wp\/v2\/comments?post=378086"}],"version-history":[{"count":0,"href":"https:\/\/www.radiopiu.net\/wordpress\/wp-json\/wp\/v2\/posts\/378086\/revisions"}],"wp:featuredmedia":[{"embeddable":true,"href":"https:\/\/www.radiopiu.net\/wordpress\/wp-json\/wp\/v2\/media\/378088"}],"wp:attachment":[{"href":"https:\/\/www.radiopiu.net\/wordpress\/wp-json\/wp\/v2\/media?parent=378086"}],"wp:term":[{"taxonomy":"category","embeddable":true,"href":"https:\/\/www.radiopiu.net\/wordpress\/wp-json\/wp\/v2\/categories?post=378086"},{"taxonomy":"post_tag","embeddable":true,"href":"https:\/\/www.radiopiu.net\/wordpress\/wp-json\/wp\/v2\/tags?post=378086"}],"curies":[{"name":"wp","href":"https:\/\/api.w.org\/{rel}","templated":true}]}}