{"id":378117,"date":"2024-03-09T05:47:31","date_gmt":"2024-03-09T04:47:31","guid":{"rendered":"https:\/\/www.radiopiu.net\/wordpress\/?p=378117"},"modified":"2024-03-09T08:26:38","modified_gmt":"2024-03-09T07:26:38","slug":"giornale-radiopiu-09-marzo-2024-direttore-mirko-mezzacasada-40-anni-25-giugno-1983-25-giugno-2023","status":"publish","type":"post","link":"https:\/\/www.radiopiu.net\/wordpress\/giornale-radiopiu-09-marzo-2024-direttore-mirko-mezzacasada-40-anni-25-giugno-1983-25-giugno-2023\/","title":{"rendered":"GIORNALE RADIOPIU 09 MARZO 2024 DIRETTORE MIRKO MEZZACASA\u2026DA 40 ANNI 25 GIUGNO 1983-25 GIUGNO 2023"},"content":{"rendered":"<p>&nbsp;<\/p>\n<p>***<\/p>\n<p>&nbsp;<\/p>\n<blockquote>\n<h1>PASSO SAN PELLEGRINO, OGGI ORE 7.00<\/h1>\n<\/blockquote>\n<h3><a class=\"dt-pswp-item\" href=\"https:\/\/www.radiopiu.net\/wordpress\/wp-content\/uploads\/2024\/03\/50ebf309-4172-4af0-892f-1e900e376fed.jpg\" data-dt-img-description=\"\" data-large_image_width=\"1280\" data-large_image_height=\"720\"><img loading=\"lazy\" decoding=\"async\" class=\"alignnone wp-image-378321 size-large\" src=\"https:\/\/www.radiopiu.net\/wordpress\/wp-content\/uploads\/2024\/03\/50ebf309-4172-4af0-892f-1e900e376fed-1024x576.jpg\" alt=\"\" width=\"1024\" height=\"576\" srcset=\"https:\/\/www.radiopiu.net\/wordpress\/wp-content\/uploads\/2024\/03\/50ebf309-4172-4af0-892f-1e900e376fed-1024x576.jpg 1024w, https:\/\/www.radiopiu.net\/wordpress\/wp-content\/uploads\/2024\/03\/50ebf309-4172-4af0-892f-1e900e376fed-300x169.jpg 300w, https:\/\/www.radiopiu.net\/wordpress\/wp-content\/uploads\/2024\/03\/50ebf309-4172-4af0-892f-1e900e376fed-768x432.jpg 768w, https:\/\/www.radiopiu.net\/wordpress\/wp-content\/uploads\/2024\/03\/50ebf309-4172-4af0-892f-1e900e376fed.jpg 1280w\" sizes=\"auto, (max-width: 1024px) 100vw, 1024px\" \/><\/a><\/h3>\n<p>&nbsp;<\/p>\n<p>&nbsp;<\/p>\n<hr \/>\n<p>&nbsp;<\/p>\n<p>&nbsp;<\/p>\n<h3><a href=\"https:\/\/www.radiopiu.net\/wordpress\/giornale-radiopiu-24-gennaio-2021-direttore-mirko-mezzacasa\/141433770_171616291414874_2957460898102012198_n\/\" rel=\"attachment wp-att-186566\"><img loading=\"lazy\" decoding=\"async\" class=\"wp-image-186566 alignleft\" src=\"https:\/\/www.radiopiu.net\/wordpress\/wp-content\/uploads\/2021\/01\/141433770_171616291414874_2957460898102012198_n-300x300.jpg\" alt=\"\" width=\"144\" height=\"144\" srcset=\"https:\/\/www.radiopiu.net\/wordpress\/wp-content\/uploads\/2021\/01\/141433770_171616291414874_2957460898102012198_n-300x300.jpg 300w, https:\/\/www.radiopiu.net\/wordpress\/wp-content\/uploads\/2021\/01\/141433770_171616291414874_2957460898102012198_n-150x150.jpg 150w, https:\/\/www.radiopiu.net\/wordpress\/wp-content\/uploads\/2021\/01\/141433770_171616291414874_2957460898102012198_n-768x768.jpg 768w, https:\/\/www.radiopiu.net\/wordpress\/wp-content\/uploads\/2021\/01\/141433770_171616291414874_2957460898102012198_n.jpg 800w\" sizes=\"auto, (max-width: 144px) 100vw, 144px\" \/><\/a>PER<strong> RICEVERE QUESTO NOTIZIARIO DIRETTAMENTE SUL TUO CELLULARE ISCRIVITI AL CANALE TELEGRAM <\/strong><strong>\u201cRADIO PIU\u00a0 INFORMAZIONE&#8221;\u00a0<\/strong><\/h3>\n<h3>\u00a0il CANALE TELEGRAM&#8230; UNISCITI A: RADIO PIU INFORMAZIONE<\/h3>\n<p>&nbsp;<\/p>\n<p>&nbsp;<\/p>\n<p><em><a href=\"https:\/\/www.radiopiu.net\/wordpress\/giornale-radiopiu-24-gennaio-2021-direttore-mirko-mezzacasa\/79216601_126817312416448_708980208774483089_n\/\" rel=\"attachment wp-att-186567\"><img loading=\"lazy\" decoding=\"async\" class=\"size-medium wp-image-186567 alignright\" src=\"https:\/\/www.radiopiu.net\/wordpress\/wp-content\/uploads\/2021\/01\/79216601_126817312416448_708980208774483089_n-300x114.jpg\" alt=\"\" width=\"300\" height=\"114\" srcset=\"https:\/\/www.radiopiu.net\/wordpress\/wp-content\/uploads\/2021\/01\/79216601_126817312416448_708980208774483089_n-300x114.jpg 300w, https:\/\/www.radiopiu.net\/wordpress\/wp-content\/uploads\/2021\/01\/79216601_126817312416448_708980208774483089_n-768x292.jpg 768w, https:\/\/www.radiopiu.net\/wordpress\/wp-content\/uploads\/2021\/01\/79216601_126817312416448_708980208774483089_n.jpg 820w\" sizes=\"auto, (max-width: 300px) 100vw, 300px\" \/><\/a><span style=\"color: #ff0000;\">ATTENZIONE: LA NUOVA APP PER IOS-IPHONE di Nicola Vettorello <\/span><\/em><a href=\"https:\/\/apps.apple.com\/it\/app\/radio-pi%C3%B9-emittente-agordina\/id1515939845\">https:\/\/apps.apple.com\/it\/app\/radio-pi%C3%B9-emittente-agordina\/id1515939845<\/a><\/p>\n<p><em style=\"color: #ff0000;\">ATTENZIONE: LA NUOVA APP RADIO\u00a0 PER ANDROID di Nicola Vettorello<\/em><\/p>\n<p><a href=\"https:\/\/play.google.com\/store\/apps\/details?id=net.radiopiu.iniko\" target=\"_blank\" rel=\"noopener noreferrer\">https:\/\/play.google.com\/store\/apps\/details?id=net.radiopiu.iniko\u00a0\u00a0<\/a><\/p>\n<p>&nbsp;<\/p>\n<h3 class=\"kvgmc6g5 cxmmr5t8 oygrvhab hcukyx3x c1et5uql\"><span style=\"color: #0000ff;\">***<\/span><\/h3>\n<h2><span style=\"color: #ff0000;\">ISCRIVITI AL NOSTRO CANALE\u00a0\u00a0YOUTUBE PER SEGUIRE IN DIRETTA I PRINCIPALI PROGRAMMI DI RADIO PIU\u2019 E LE FUTURE DIRETTE IN ESTERNA. PER ISCRIVERTI <a style=\"color: #ff0000;\" href=\"https:\/\/youtube.com\/@radiopiu1527\">CLICCA QUI\u00a0<\/a>E PREMI\u00a0 \u201cIscriviti\u201d\u00a0 \u00a0<\/span><\/h2>\n<div data-block=\"true\" data-editor=\"avj4u\" data-offset-key=\"d3i0j-0-0\"><\/div>\n<div data-block=\"true\" data-editor=\"avj4u\" data-offset-key=\"d3i0j-0-0\"><\/div>\n<div class=\"x11i5rnm xat24cr x1mh8g0r x1vvkbs xtlvy1s x126k92a\">\n<div dir=\"auto\">\n<p><a class=\"dt-pswp-item\" href=\"https:\/\/www.radiopiu.net\/wordpress\/wp-content\/uploads\/2023\/10\/34f4cfc6-e863-46e9-9695-8df44be63421.jpg\" data-dt-img-description=\"\" data-large_image_width=\"1200\" data-large_image_height=\"1200\"><img loading=\"lazy\" decoding=\"async\" class=\"wp-image-357393 alignleft\" src=\"https:\/\/www.radiopiu.net\/wordpress\/wp-content\/uploads\/2023\/10\/34f4cfc6-e863-46e9-9695-8df44be63421-300x300.jpg\" alt=\"\" width=\"81\" height=\"81\" srcset=\"https:\/\/www.radiopiu.net\/wordpress\/wp-content\/uploads\/2023\/10\/34f4cfc6-e863-46e9-9695-8df44be63421-300x300.jpg 300w, https:\/\/www.radiopiu.net\/wordpress\/wp-content\/uploads\/2023\/10\/34f4cfc6-e863-46e9-9695-8df44be63421-1024x1024.jpg 1024w, https:\/\/www.radiopiu.net\/wordpress\/wp-content\/uploads\/2023\/10\/34f4cfc6-e863-46e9-9695-8df44be63421-150x150.jpg 150w, https:\/\/www.radiopiu.net\/wordpress\/wp-content\/uploads\/2023\/10\/34f4cfc6-e863-46e9-9695-8df44be63421-768x768.jpg 768w, https:\/\/www.radiopiu.net\/wordpress\/wp-content\/uploads\/2023\/10\/34f4cfc6-e863-46e9-9695-8df44be63421.jpg 1200w\" sizes=\"auto, (max-width: 81px) 100vw, 81px\" \/><\/a>OGGI ALLA RADIO: <strong>ALLE 7<\/strong> LA RASSEGNA STAMPA LOCALE FLASH, PER CHI COME NOI ALLE SETTE DEL MATTINO VA DI FRETTA, TANTE NOTIZIE IN POCHE CHIACCHIERE. <strong>ALLE OTTO<\/strong> L&#8217;APPROFONDIMENTO NELLA STORICA RASSEGNA STAMPA LOCALE.\u00a0 DALLE 6 ALLE 21, OGNI ORA, L&#8217;INFORMAZIONE NAZIONALE, l&#8217;informazione locale,\u00a0 OGNI ORA IN CODA AL GR NAZIONALE, ALLE 14 VIABILITA 15 METEOROLOGIA 19 I TITOLI DAL TG DI ANTENNA 3 A CURA DI TIZIANA BOLOGNANI<\/p>\n<p>&nbsp;<\/p>\n<p>&nbsp;<\/p>\n<hr \/>\n<p>&nbsp;<\/p>\n<p><strong>MESSAGGIO ALLA DOLOMITIBUS E ALLA POLITICA: &#8220;OCCHIO LA MISURA E&#8217; COLMA&#8221;<\/strong><\/p>\n<blockquote>\n<h1>DALLA TERRA DELLE &#8220;DUE COMUNITA&#8217; DIVERSE&#8221;<\/h1>\n<\/blockquote>\n<p><span style=\"color: #ff0000;\"><strong>PER NON DIMENTICARE! ieri alla radio&#8230;.\u00a0 DOLOMITIBUS NELLE TERRE ALTE NON NE POSSONO PIU&#8217;, E&#8217; IL MOMENTO DI RICORRERE ALLE CLASS ACTION? E&#8217; ORA PASSATA CHE QUALCUNO RISARCISCA PER I CONTINUI DISAGI.\u00a0 <\/strong>POCHI CENTIMETRI DI NEVE E GLI STUDENTI RIMANGONO A PIEDI. AL CALL CENTER LE RISPOSTE IRRITANO IL SINDACO DI LIVINALLONGO LEANDRO GRONES<\/span><\/p>\n<div class=\"flex flex-grow flex-col max-w-full\">\n<blockquote>\n<h3>DOLOMITIBUS: GRONES CHIAMA PADRIN &#8220;IRRITAZIONE E MALCONENTO&#8221;<\/h3>\n<\/blockquote>\n<\/div>\n<p><strong><span style=\"color: #ff0000;\">Il silenzio degli innocenti<\/span><\/strong><\/p>\n<p>di mirko mezzacasa<\/p>\n<p><strong><img loading=\"lazy\" decoding=\"async\" class=\"alignleft\" src=\"https:\/\/www.radiopiu.net\/wordpress\/wp-content\/uploads\/2021\/10\/9396bbfc-2818-4225-b55d-9a56c39206f1.jpg\" width=\"205\" height=\"115\" \/>REDAZIONE<\/strong> Tanto tuon\u00f2&#8230;che piovve. Era ora per la verit\u00e0 che qualche amministratore dell&#8217;Agordino alzasse la voce con Dolomitibus, con la Provincia (socio) con chi dovrebbe a sua volta alzare la voce ma non lo fa anche perch\u00e9 sono giorni importanti, ci sono le elezioni, il rinnovo dei vertici in Provincia.<\/p>\n<p><em>I bellunesi delle terre alte non ne possono pi\u00f9 vogliono una riposta, dall&#8217;Azienda, dalla politica, dalle istituzioni,\u00a0 da chi ha le &#8220;mani in pasta&#8221;\u00a0 ma da fuori pare che lo sport preferito sia\u00a0 girarsi dall&#8217;altra parte e ogni tanto, quando si tocca il fondo, inonda gli organi di informazione con comunicati patetici, dallo stampo pre-elettorale che non portano proprio a nulla se non a\u00a0 far &#8220;incazzare&#8221; ulteriormente\u00a0 chi paga regolarmente un costoso abbonamento.\u00a0 \u00a0Attenzione per\u00f2\u00a0 la protesta sta montando e non va sottovalutata. Come si trovano decine di pullman per il trasferimento dei dipendenti i della grande industria (un gran bell&#8217;affare), come si trovano decine di pullman per i grandi eventi di Cortina, come si trovano decine di pullman (anche privati) per le feste aziendali, si faccia altrettanto per gli studenti e gli altri lavoratori che non indossano il camice blu, a proposito delle &#8220;due comunit\u00e0 diverse&#8221;. Quello che abbiamo visto nell&#8217;ultimo anno \u00e8 una vergogna, agli occhi dei bellunesi, delle nuove generazioni, del turista.\u00a0\u00a0<\/em><\/p>\n<p>&nbsp;<\/p>\n<p><span style=\"color: #ff0000;\"><strong>IERI ALLA RADIO<\/strong><\/span><\/p>\n<p><strong><a class=\"dt-pswp-item\" href=\"https:\/\/www.radiopiu.net\/wordpress\/wp-content\/uploads\/2024\/03\/file.jpg\" data-dt-img-description=\"\" data-large_image_width=\"578\" data-large_image_height=\"577\"><img loading=\"lazy\" decoding=\"async\" class=\"wp-image-378158 alignleft\" src=\"https:\/\/www.radiopiu.net\/wordpress\/wp-content\/uploads\/2024\/03\/file-300x300.jpg\" alt=\"\" width=\"92\" height=\"92\" srcset=\"https:\/\/www.radiopiu.net\/wordpress\/wp-content\/uploads\/2024\/03\/file-300x300.jpg 300w, https:\/\/www.radiopiu.net\/wordpress\/wp-content\/uploads\/2024\/03\/file-150x150.jpg 150w, https:\/\/www.radiopiu.net\/wordpress\/wp-content\/uploads\/2024\/03\/file.jpg 578w\" sizes=\"auto, (max-width: 92px) 100vw, 92px\" \/><\/a>LIVINALLONGO<\/strong><br \/>\n<strong>DI LORENZO SORATROI<\/strong><\/p>\n<audio class=\"wp-audio-shortcode\" id=\"audio-378117-1\" preload=\"none\" style=\"width: 100%;\" controls=\"controls\"><source type=\"audio\/mpeg\" src=\"https:\/\/www.radiopiu.net\/wordpress\/wp-content\/uploads\/2024\/03\/LORENZO.mp3?_=1\" \/><a href=\"https:\/\/www.radiopiu.net\/wordpress\/wp-content\/uploads\/2024\/03\/LORENZO.mp3\">https:\/\/www.radiopiu.net\/wordpress\/wp-content\/uploads\/2024\/03\/LORENZO.mp3<\/a><\/audio>\n<p>&nbsp;<\/p>\n<p>&nbsp;<\/p>\n<blockquote>\n<h2>Dolomiti: la (non) provincia italiana che sta scomparendo &#8211; VIDEO &#8211;<\/h2>\n<\/blockquote>\n<p><iframe loading=\"lazy\" title=\"Dolomiti: la (non) provincia italiana che sta scomparendo\" width=\"1200\" height=\"675\" src=\"https:\/\/www.youtube.com\/embed\/vqKdppCGFAg?feature=oembed\" frameborder=\"0\" allow=\"accelerometer; autoplay; clipboard-write; encrypted-media; gyroscope; picture-in-picture; web-share\" allowfullscreen><\/iframe><\/p>\n<p>&nbsp;<\/p>\n<hr \/>\n<p>&nbsp;<\/p>\n<p>&nbsp;<\/p>\n<blockquote>\n<h2>ACQUA NON POTABILE<\/h2>\n<\/blockquote>\n<div data-block=\"true\" data-editor=\"avj4u\" data-offset-key=\"d3i0j-0-0\"><img loading=\"lazy\" decoding=\"async\" class=\"alignleft\" src=\"https:\/\/www.radiopiu.net\/wordpress\/wp-content\/uploads\/2022\/05\/download-2.jpg\" width=\"74\" height=\"74\" \/><strong>SAN TOMASO AGORDINO<\/strong> nelle localit\u00e0 PIANEZZE, VALLATA, VAL, MEZZAVALLE, COSTA DI MEZZO E PIAN MOLIN l\u2019acqua erogata dall\u2019acquedotto non \u00e8 potabile e non pu\u00f2 essere usata per scopi alimentari. Verr\u00e0 effettuato servizio sostitutivo con cisterna in localit\u00e0 PIAN MOLIN presso Ecocentro.<\/div>\n<div data-block=\"true\" data-editor=\"avj4u\" data-offset-key=\"d3i0j-0-0\"><\/div>\n<div data-block=\"true\" data-editor=\"avj4u\" data-offset-key=\"d3i0j-0-0\"><\/div>\n<div data-block=\"true\" data-editor=\"avj4u\" data-offset-key=\"d3i0j-0-0\"><\/div>\n<div data-block=\"true\" data-editor=\"avj4u\" data-offset-key=\"d3i0j-0-0\"><\/div>\n<div data-block=\"true\" data-editor=\"avj4u\" data-offset-key=\"d3i0j-0-0\">\n<hr \/>\n<\/div>\n<div data-block=\"true\" data-editor=\"avj4u\" data-offset-key=\"d3i0j-0-0\"><\/div>\n<div dir=\"auto\"><\/div>\n<p><strong><a class=\"dt-pswp-item\" href=\"https:\/\/www.radiopiu.net\/wordpress\/wp-content\/uploads\/2024\/02\/2d44e751-d8a8-461b-8e22-d8e4e853b032.jpg\" data-dt-img-description=\"\" data-large_image_width=\"1600\" data-large_image_height=\"1200\"><img loading=\"lazy\" decoding=\"async\" class=\"wp-image-373307 alignleft\" src=\"https:\/\/www.radiopiu.net\/wordpress\/wp-content\/uploads\/2024\/02\/2d44e751-d8a8-461b-8e22-d8e4e853b032-300x225.jpg\" alt=\"\" width=\"105\" height=\"79\" srcset=\"https:\/\/www.radiopiu.net\/wordpress\/wp-content\/uploads\/2024\/02\/2d44e751-d8a8-461b-8e22-d8e4e853b032-300x225.jpg 300w, https:\/\/www.radiopiu.net\/wordpress\/wp-content\/uploads\/2024\/02\/2d44e751-d8a8-461b-8e22-d8e4e853b032-1024x768.jpg 1024w, https:\/\/www.radiopiu.net\/wordpress\/wp-content\/uploads\/2024\/02\/2d44e751-d8a8-461b-8e22-d8e4e853b032-768x576.jpg 768w, https:\/\/www.radiopiu.net\/wordpress\/wp-content\/uploads\/2024\/02\/2d44e751-d8a8-461b-8e22-d8e4e853b032-1536x1152.jpg 1536w, https:\/\/www.radiopiu.net\/wordpress\/wp-content\/uploads\/2024\/02\/2d44e751-d8a8-461b-8e22-d8e4e853b032.jpg 1600w\" sizes=\"auto, (max-width: 105px) 100vw, 105px\" \/><\/a>EL BAL DEL FIOR, DI GIULIANA DA RONCH, 09 MARZO 2024<\/strong><\/p>\n<audio class=\"wp-audio-shortcode\" id=\"audio-378117-2\" preload=\"none\" style=\"width: 100%;\" controls=\"controls\"><source type=\"audio\/mpeg\" src=\"https:\/\/www.radiopiu.net\/wordpress\/wp-content\/uploads\/2024\/03\/GSA-1.m4a?_=2\" \/><a href=\"https:\/\/www.radiopiu.net\/wordpress\/wp-content\/uploads\/2024\/03\/GSA-1.m4a\">https:\/\/www.radiopiu.net\/wordpress\/wp-content\/uploads\/2024\/03\/GSA-1.m4a<\/a><\/audio>\n<\/div>\n<\/div>\n<p>&nbsp;<\/p>\n<p>&nbsp;<\/p>\n<div class=\"x11i5rnm xat24cr x1mh8g0r x1vvkbs xtlvy1s x126k92a\">\n<div dir=\"auto\">\n<hr \/>\n<hr \/>\n<hr \/>\n<hr \/>\n<p>&nbsp;<\/p>\n<p><span style=\"color: #ff0000;\"><strong>OGGI ALLA RADIO<\/strong><\/span>: <strong>ALLE 7.20<\/strong> EL BAR DEL FIOR, DETTI E TRADIZIONI DI GIULIANA DA RONCH; <strong>ALLE 8.20<\/strong> MARINA DONA <strong>ALLE 10.30<\/strong> LA RASSEGNA STAMPA DA L&#8217;AMICO DEL POPOLO, DI GIANNI SANTOMASO<strong>. ALLE 14.00<\/strong> ELETTROSCHOCK CON DJ JACK JACOPO DEL TEDESCO <strong>ALLE 15.00<\/strong> LA CLASSIFICA UFFICIALE DI MARCO GAZ <strong>ALLE 18.00<\/strong> HOCKEY AL PUNTO GIUSTO, GARA 3 PLAY OFF, APPIANO ALLEGHE<\/p>\n<p>&nbsp;<\/p>\n<p>&nbsp;<\/p>\n<hr \/>\n<\/div>\n<\/div>\n<blockquote>\n<blockquote>\n<h1><span style=\"color: #ff0000;\">I podcast informativi del mattino &#8211; audio &#8211;\u00a0<\/span><\/h1>\n<\/blockquote>\n<p><strong><a class=\"dt-pswp-item\" href=\"https:\/\/www.radiopiu.net\/wordpress\/wp-content\/uploads\/2023\/11\/th-10.jpg\" data-dt-img-description=\"\" data-large_image_width=\"320\" data-large_image_height=\"180\"><img loading=\"lazy\" decoding=\"async\" class=\"wp-image-362866 alignleft\" src=\"https:\/\/www.radiopiu.net\/wordpress\/wp-content\/uploads\/2023\/11\/th-10-300x169.jpg\" alt=\"\" width=\"185\" height=\"104\" srcset=\"https:\/\/www.radiopiu.net\/wordpress\/wp-content\/uploads\/2023\/11\/th-10-300x169.jpg 300w, https:\/\/www.radiopiu.net\/wordpress\/wp-content\/uploads\/2023\/11\/th-10.jpg 320w\" sizes=\"auto, (max-width: 185px) 100vw, 185px\" \/><\/a>LA RASSEGNA STAMPA NAZIONALE ALLA RADIO, OGNI GIORNO ALLE 5 E ALLE 6 DEL MATTINO <span style=\"color: #0000ff;\">viene pubblicata alle 6.00 <span style=\"color: #ff0000;\">DIRETTA RADIO\u00a0\u00a0<\/span><\/span><\/strong><\/p>\n<p>&nbsp;<\/p><\/blockquote>\n<p>&nbsp;<\/p>\n<p><strong>di PAOLO FRANZA\u00a0<\/strong><\/p>\n<p><strong>Contestazione<\/strong> alla sapienza di Roma, collettivi scatenati. Ritirata degli <strong>Stati Uniti<\/strong> dal Mediterraneo, fake news e psicosi da caduta dell&#8217;impero. Zelensky incontra Erdogan.\u00a0 Mattarella per le donne con un pensiero a <strong>Giulia.<\/strong><\/p>\n<h2>AUDIO dalle 7 del mattino<\/h2>\n<audio class=\"wp-audio-shortcode\" id=\"audio-378117-3\" preload=\"none\" style=\"width: 100%;\" controls=\"controls\"><source type=\"audio\/mpeg\" src=\"https:\/\/www.radiopiu.net\/wordpress\/wp-content\/uploads\/2024\/03\/GIORNALEDELLESEI-7.mp3?_=3\" \/><a href=\"https:\/\/www.radiopiu.net\/wordpress\/wp-content\/uploads\/2024\/03\/GIORNALEDELLESEI-7.mp3\">https:\/\/www.radiopiu.net\/wordpress\/wp-content\/uploads\/2024\/03\/GIORNALEDELLESEI-7.mp3<\/a><\/audio>\n<p>&nbsp;<\/p>\n<p>&nbsp;<\/p>\n<hr \/>\n<p>&nbsp;<\/p>\n<h1 style=\"text-align: center;\"><span style=\"color: #ff0000;\">I podcast informativi del mattino &#8211; audio &#8211;\u00a0<\/span><\/h1>\n<p><strong><a class=\"dt-pswp-item\" href=\"https:\/\/www.radiopiu.net\/wordpress\/wp-content\/uploads\/2023\/12\/images.png\" data-dt-img-description=\"\" data-large_image_width=\"316\" data-large_image_height=\"160\"><img loading=\"lazy\" decoding=\"async\" class=\"wp-image-367008 alignleft\" src=\"https:\/\/www.radiopiu.net\/wordpress\/wp-content\/uploads\/2023\/12\/images-300x152.png\" alt=\"\" width=\"235\" height=\"119\" srcset=\"https:\/\/www.radiopiu.net\/wordpress\/wp-content\/uploads\/2023\/12\/images-300x152.png 300w, https:\/\/www.radiopiu.net\/wordpress\/wp-content\/uploads\/2023\/12\/images.png 316w\" sizes=\"auto, (max-width: 235px) 100vw, 235px\" \/><\/a>OGNI GIORNO ALLE SETTE DEL MATTINO, LA RASSEGNA STAMPA LOCALE FLASH&#8230; PER CHI VA IN FRETTA. I TITOLI DAI GIORNALI E DAL SITO WWW.RADIOPIU.NET <span style=\"color: #0000ff;\">viene pubblicato alle 7.00<\/span> <span style=\"color: #ff0000;\">DIRETTA RADIO\u00a0<\/span><\/strong><\/p>\n<p><em><span style=\"color: #ff0000;\">per chi va in fretta&#8230; tante notizie in pochi minuti. L&#8217;informazione locale alla radio, ogni ora dalle 7 del mattino alle 19 della sera.\u00a0 \u00a0\u00a0<\/span><\/em><\/p>\n<p>di mirko mezzacasa<\/p>\n<p><strong>SAN TOMASO AGORDINO<\/strong> nelle localit\u00e0 PIANEZZE, VALLATA, VAL, MEZZAVALLE, COSTA DI MEZZO E PIAN MOLIN l\u2019acqua erogata dall\u2019acquedotto non \u00e8 potabile e non pu\u00f2 essere usata per scopi alimentari. Verr\u00e0 effettuato servizio sostitutivo con cisterna in localit\u00e0 PIAN MOLIN presso Ecocentro.<br \/>\n<strong>SEREN DEL GRAPPA<\/strong>\u00a0Paola, la cinquantenne di Quero Vas scomparsa mercoled\u00ec, \u00e8 stata ritrovata in buone condizioni ma confusa. La sua auto abbandonata vicino al Monte Grappa ha portato a ricerche. Un&#8217;unit\u00e0 cinofila della Guardia di Finanza ha seguito il cane fino a una casera vicino al Rifugio Bocchette, dove la donna si era rifugiata.<br \/>\n<strong>LIMANA<\/strong> L&#8217;azienda Sest di Limana piange la scomparsa di Lucio Da Ronche, avvenuta all&#8217;et\u00e0 di 71 anni a causa di un malore improvviso. Da Ronche, uno dei pilastri fondamentali dell&#8217;azienda, ha trascorso oltre 50 anni di servizio, scalando tutti i gradini aziendali fino a diventare responsabile delle Operations dello stabilimento bellunese e supervisando la creazione dei due stabilimenti esteri del gruppo.\u00a0I funerali avranno luogo oggi alle\u00a0 11 nella Chiesa Arcipretale di Limana<br \/>\n<strong>LUNEDI<\/strong> I FUNERALI DI DON LORENZO, OGGI ALLA RADIO ALLE 10.30 E 1900 NELLA RASSEGNA STAMPA DI GIANI SAN TOMASO, DALL&#8217;AMICO DEL POPOLO, IL RICORDO CON LORIS SANTOMASO.<br \/>\n<strong>L&#8217;ALTRA NOTTE<\/strong> ALL&#8217;EX VENA D&#8217;ORO, bruciati 500 quintali di carni. Possibile un corto circuito. PONTE NELLE ALPI Sono proseguite per tutta la giornata le operazioni di bonifica dei vigili del fuoco. Avviate le indagini per capire quale possa essere stata la causa del rogo e fare una prima stima dei danni. Erano da poco passate le 23 giovedi sera , i vigili del fuoco sono stati chiamati per l&#8217;incendio generalizzato di un\u2019azienda di lavorazione carni in Via Vena d\u2019Oro. Nessuna persona \u00e8 rimasta ferita<\/p>\n<h2>AUDIO dalle 7 del mattino<\/h2>\n<audio class=\"wp-audio-shortcode\" id=\"audio-378117-4\" preload=\"none\" style=\"width: 100%;\" controls=\"controls\"><source type=\"audio\/mpeg\" src=\"https:\/\/www.radiopiu.net\/wordpress\/wp-content\/uploads\/2024\/03\/GF07-7.mp3?_=4\" \/><a href=\"https:\/\/www.radiopiu.net\/wordpress\/wp-content\/uploads\/2024\/03\/GF07-7.mp3\">https:\/\/www.radiopiu.net\/wordpress\/wp-content\/uploads\/2024\/03\/GF07-7.mp3<\/a><\/audio>\n<p>&nbsp;<\/p>\n<p>&nbsp;<\/p>\n<p>&nbsp;<\/p>\n<hr \/>\n<p>&nbsp;<\/p>\n<h1><\/h1>\n<h1 style=\"text-align: center;\"><span style=\"color: #ff0000;\"><a class=\"dt-pswp-item\" href=\"https:\/\/www.radiopiu.net\/wordpress\/wp-content\/uploads\/2022\/01\/026c3f9d-dae9-4040-a3c1-a6530231bcc3.jpg\" data-dt-img-description=\"\" data-large_image_width=\"1152\" data-large_image_height=\"2048\"><img loading=\"lazy\" decoding=\"async\" class=\"wp-image-251839 alignleft\" src=\"https:\/\/www.radiopiu.net\/wordpress\/wp-content\/uploads\/2022\/01\/026c3f9d-dae9-4040-a3c1-a6530231bcc3-169x300.jpg\" alt=\"\" width=\"100\" height=\"177\" srcset=\"https:\/\/www.radiopiu.net\/wordpress\/wp-content\/uploads\/2022\/01\/026c3f9d-dae9-4040-a3c1-a6530231bcc3-169x300.jpg 169w, https:\/\/www.radiopiu.net\/wordpress\/wp-content\/uploads\/2022\/01\/026c3f9d-dae9-4040-a3c1-a6530231bcc3-576x1024.jpg 576w, https:\/\/www.radiopiu.net\/wordpress\/wp-content\/uploads\/2022\/01\/026c3f9d-dae9-4040-a3c1-a6530231bcc3-768x1365.jpg 768w, https:\/\/www.radiopiu.net\/wordpress\/wp-content\/uploads\/2022\/01\/026c3f9d-dae9-4040-a3c1-a6530231bcc3-864x1536.jpg 864w, https:\/\/www.radiopiu.net\/wordpress\/wp-content\/uploads\/2022\/01\/026c3f9d-dae9-4040-a3c1-a6530231bcc3.jpg 1152w\" sizes=\"auto, (max-width: 100px) 100vw, 100px\" \/><\/a>I podcast informativi del mattino &#8211; audio &#8211;\u00a0<\/span><\/h1>\n<blockquote><p><strong>GIORNALE RADIO NAZIONALE, EDIZIONE DELLE SETTE <span style=\"color: #0000ff;\">viene pubblicato alle 7.05 <span style=\"color: #ff0000;\">DIRETTA RADIO\u00a0<\/span><\/span><\/strong><\/p><\/blockquote>\n<p><strong>il giornale radionazionale e&#8217; in onda ogni ora, dalle sette del mattino alle venti della sera\u00a0\u00a0<\/strong><\/p>\n<p>&nbsp;<\/p>\n<p>&nbsp;<\/p>\n<p>&nbsp;<\/p>\n<p>Non si fermano le polemiche a Perugia sul dosseragio. <strong>Carlo Nordio,<\/strong> Minsistro della Giustizia invita alla riflessione e si rivolge ad una commissione parlamentare d&#8217;inchiesta. Non ce l&#8217;ha fatta la 13enne colpita da un calcio di cavallo a <strong>Reggio Emilia<\/strong>, \u00e8 morta in ospedale per un trauma cranico. <strong>Ucraina- Turchia<\/strong>, firmati gli accordi commerciali. <strong>Epidemia Deng<\/strong>, stato di allerta in Guatemala. <strong>Biden<\/strong> contro tik tok sui dispositivi governativi, contro lo spionaggio.<\/p>\n<h2>AUDIO dalle sette del mattino, ogni ora alla radio<\/h2>\n<audio class=\"wp-audio-shortcode\" id=\"audio-378117-5\" preload=\"none\" style=\"width: 100%;\" controls=\"controls\"><source type=\"audio\/mpeg\" src=\"https:\/\/www.radiopiu.net\/wordpress\/wp-content\/uploads\/2024\/03\/giornale07-7.mp3?_=5\" \/><a href=\"https:\/\/www.radiopiu.net\/wordpress\/wp-content\/uploads\/2024\/03\/giornale07-7.mp3\">https:\/\/www.radiopiu.net\/wordpress\/wp-content\/uploads\/2024\/03\/giornale07-7.mp3<\/a><\/audio>\n<p>&nbsp;<\/p>\n<h2><\/h2>\n<hr \/>\n<p>&nbsp;<\/p>\n<p>&nbsp;<\/p>\n<h1><span style=\"color: #ff0000;\">I podcast informativi del mattino &#8211; video &#8211;\u00a0<\/span><\/h1>\n<h2><strong><a class=\"dt-pswp-item\" href=\"https:\/\/www.radiopiu.net\/wordpress\/wp-content\/uploads\/2023\/12\/th-10.jpg\" data-dt-img-description=\"\" data-large_image_width=\"245\" data-large_image_height=\"180\"><img loading=\"lazy\" decoding=\"async\" class=\" wp-image-367395 alignleft\" src=\"https:\/\/www.radiopiu.net\/wordpress\/wp-content\/uploads\/2023\/12\/th-10.jpg\" alt=\"\" width=\"166\" height=\"122\" \/><\/a>RASSEGNA STAMPA LOCALE, ORE OTTO 05<\/strong><\/h2>\n<h2><strong> <span style=\"color: #0000ff;\">viene\u00a0 <\/span><\/strong><strong><span style=\"color: #0000ff;\">pubblicata alle 8.05 <span style=\"color: #ff0000;\">DIRETTA RADIO\u00a0\u00a0<\/span><\/span><\/strong><\/h2>\n<p>&nbsp;<\/p>\n<p><strong>DI MIRKO MEZZACASA\u00a0 \u00a0<\/strong><\/p>\n<p><strong>VENEZIA<\/strong> Gioved\u00ec Anas ha effettuato un sopralluogo tecnico per monitorare il progresso delle opere relative al piano Olimpiadi Milano Cortina 2026. Le opere coinvolgono le varianti di &#8220;Tai di Cadore&#8221;, &#8220;Valle di Cadore&#8221; e &#8220;San Vito di Cadore&#8221;, migliorando il tracciato della statale 51 di Alemagna. La variante di Tai di Cadore presenta una nuova galleria di circa 1.000 metri<br \/>\n<strong>PIEVE DI CADORE<\/strong> La sigla sindacale RLS SLC-CGIL Belluno,\u00a0 dopo un sopralluogo presso il Centro di Distribuzione (CD) di Pieve di Cadore il 04\/03\/23, denuncia una situazione critica e persistente riguardante la sicurezza dei portalettere e del personale &#8220;accollatario&#8221;<br \/>\n<strong>AGORDO<\/strong> E\u2019 di quasi un milione di euro (per la precisione 961 mila) il contributo che arriver\u00e0 al Comune di Agordo dal Fondo Comuni Confinanti a valere su un articolato progetto di area vasta che ha l\u2019obiettivo di ammodernare, adeguare e potenziare alcune strutture a servizio della comunit\u00e0 locale. Nello specifico, il progetto prevede il riutilizzo di un fabbricato sito in localit\u00e0 \u201cMolin dei Cot\u201d<br \/>\n<strong>FELTRE\u00a0<\/strong> nel suo piccolo ha voluto dare un segnale nel giorno dello sciopero dei lavoratori dell&#8217;Enel con uno striscione posizionato in via Montelungo, dove la societ\u00e0 ha degli uffici.<br \/>\n<strong>BELLUNO<\/strong> In piazza dei Martiri si \u00e8 svolto uno sciopero transfemminista. Durante la manifestazione, sono state avanzate proposte pratiche, come l&#8217;installazione di distributori automatici di assorbenti igienici nelle scuole<br \/>\n<strong>SEDICO<\/strong> Una lavoratrice bellunese guadagna circa 6mila euro in meno all&#8217;anno rispetto ad un collega maschio: questo il \u201cgender pay gap\u201d, ossia la differenza di stipendio tra donne e uomini, in provincia, dato emerso nel corso del convegno Equamente al Lavoro promosso a Villa Patt di Sedico da Veneto Lavoro<br \/>\n<strong>FELTRE<\/strong> Il Ministro dell&#8217;Ambiente, Gilberto Pichetto Fratin, ha recentemente nominato due nuovi consiglieri per il Parco Nazionale Dolomiti Bellunesi, sostituendo i membri dimissionario e decaduto. Il dottor Sebastiano Slongo e l&#8217;architetto Elena De Bona, entrambi rappresentanti della Comunit\u00e0 del Parco<\/p>\n<h2><strong>VIDEO\u00a0 \u00a0in diretta dalle 8 del mattino\u00a0\u00a0<\/strong><\/h2>\n<p>https:\/\/www.facebook.com\/100008183854281\/videos\/1565013937623834\/<\/p>\n<hr \/>\n<p>&nbsp;<\/p>\n<blockquote>\n<h3><a class=\"dt-pswp-item\" href=\"https:\/\/www.radiopiu.net\/wordpress\/wp-content\/uploads\/2024\/03\/Senza-nome-34-1.png\" data-dt-img-description=\"\" data-large_image_width=\"524\" data-large_image_height=\"300\"><img loading=\"lazy\" decoding=\"async\" class=\"wp-image-378216 alignleft\" src=\"https:\/\/www.radiopiu.net\/wordpress\/wp-content\/uploads\/2024\/03\/Senza-nome-34-1-300x172.png\" alt=\"\" width=\"190\" height=\"109\" srcset=\"https:\/\/www.radiopiu.net\/wordpress\/wp-content\/uploads\/2024\/03\/Senza-nome-34-1-300x172.png 300w, https:\/\/www.radiopiu.net\/wordpress\/wp-content\/uploads\/2024\/03\/Senza-nome-34-1.png 524w\" sizes=\"auto, (max-width: 190px) 100vw, 190px\" \/><\/a>MONTE GRAPPA, TROVATA VIVA LA DONNA SCOMPARSA DA MERCOLEDI&#8217;, era in una casera al riparo.<\/h3>\n<\/blockquote>\n<p><strong>SEREN DEL GRAPPA\u00a0<\/strong>Paola, la cinquantenne di Quero Vas scomparsa mercoled\u00ec, \u00e8 stata ritrovata in buone condizioni ma confusa. La sua auto abbandonata vicino al Monte Grappa ha portato a ricerche. Un&#8217;unit\u00e0 cinofila della Guardia di Finanza ha seguito il cane fino a una casera vicino al Rifugio Bocchette, dove la donna si era rifugiata. Soccorso alpino e Vigili del fuoco sono intervenuti, trasportandola poi all&#8217;ospedale di Feltre per accertamenti.<\/p>\n<p>&nbsp;<\/p>\n<hr \/>\n<p>&nbsp;<\/p>\n<blockquote>\n<h2><a class=\"dt-pswp-item\" href=\"https:\/\/www.radiopiu.net\/wordpress\/wp-content\/uploads\/2024\/03\/3101076_339.jpg\" data-dt-img-description=\"\" data-large_image_width=\"228\" data-large_image_height=\"304\"><img loading=\"lazy\" decoding=\"async\" class=\" wp-image-378294 alignleft\" src=\"https:\/\/www.radiopiu.net\/wordpress\/wp-content\/uploads\/2024\/03\/3101076_339-225x300.jpg\" alt=\"\" width=\"133\" height=\"177\" srcset=\"https:\/\/www.radiopiu.net\/wordpress\/wp-content\/uploads\/2024\/03\/3101076_339-225x300.jpg 225w, https:\/\/www.radiopiu.net\/wordpress\/wp-content\/uploads\/2024\/03\/3101076_339.jpg 228w\" sizes=\"auto, (max-width: 133px) 100vw, 133px\" \/><\/a>Addio a Lucio Da Ronche, Icona dell&#8217;Azienda Sest di Limana<\/h2>\n<\/blockquote>\n<p><strong>LIMANA<\/strong>L&#8217;azienda Sest di Limana piange la scomparsa di Lucio Da Ronche, avvenuta all&#8217;et\u00e0 di 71 anni a causa di un malore improvviso. Da Ronche, uno dei pilastri fondamentali dell&#8217;azienda, ha trascorso oltre 50 anni di servizio, scalando tutti i gradini aziendali fino a diventare responsabile delle Operations dello stabilimento bellunese e supervisando la creazione dei due stabilimenti esteri del gruppo. Prima del pensionamento, ha guidato lo sviluppo tecnologico degli stabilimenti con passione e dedizione. Lascia \u00a0la moglie Ivana, i figli Roberta con Erwin e Nicola con Anna, gli adorati nipoti Greta, Noemi, Tommaso, Syria e Sophie, la suocera Gemma, il fratello, le sorelle, i cognati, la cognata ed i parenti tutti.\u00a0I funerali avranno luogo oggi alle\u00a0 11 nella Chiesa Arcipretale di Limana<\/p>\n<blockquote><p><em><strong>non fiori ma opere di bene, eventuali offerte saranno devolute all\u2019 Associazione \u201cMedici senza frontiere\u201d.<\/strong><\/em><\/p><\/blockquote>\n<p>&nbsp;<\/p>\n<p>&nbsp;<\/p>\n<hr \/>\n<p>&nbsp;<\/p>\n<p>&nbsp;<\/p>\n<p><a class=\"dt-pswp-item\" href=\"https:\/\/www.radiopiu.net\/wordpress\/wp-content\/uploads\/2024\/03\/DON-Lorenzo-DellAndrea.jpg\" data-dt-img-description=\"\" data-large_image_width=\"768\" data-large_image_height=\"411\"><img loading=\"lazy\" decoding=\"async\" class=\" wp-image-378066 alignleft\" src=\"https:\/\/www.radiopiu.net\/wordpress\/wp-content\/uploads\/2024\/03\/DON-Lorenzo-DellAndrea-300x161.jpg\" alt=\"\" width=\"186\" height=\"100\" srcset=\"https:\/\/www.radiopiu.net\/wordpress\/wp-content\/uploads\/2024\/03\/DON-Lorenzo-DellAndrea-300x161.jpg 300w, https:\/\/www.radiopiu.net\/wordpress\/wp-content\/uploads\/2024\/03\/DON-Lorenzo-DellAndrea.jpg 768w\" sizes=\"auto, (max-width: 186px) 100vw, 186px\" \/><\/a><strong>LUNEDI I FUNERALI DI DON LORENZO, OGGI ALLA RADIO ALLE 10.30 E 1900 NELLA RASSEGNA STAMPA DI GIANI SAN TOMASO, DALL&#8217;AMICO DEL POPOLO, IL RICORDO CON LORIS SANTOMASO.\u00a0<\/strong><\/p>\n<div class=\"articlePlainText\">Il funerale si svolger\u00e0 luned\u00ec alle 10.30 nella basilica cattedrale di Belluno, per poi proseguire verso il cimitero di Prade. Il feretro sar\u00e0 presente domani dalle 15 alle 18 nella chiesa di San Pietro.\u00a0\u2014<\/div>\n<p>&nbsp;<\/p>\n<p>&nbsp;<\/p>\n<hr \/>\n<p>&nbsp;<\/p>\n<blockquote>\n<h2>L&#8217;ALTRA NOTTE ALL&#8217;EX VENA D&#8217;ORO, bruciati 500 quintali di carni. Possibile un corto circuito.<\/h2>\n<\/blockquote>\n<p><strong>PONTE NELLE ALPI<\/strong> Sono proseguite per tutta la giornata le operazioni di bonifica dei vigili del fuoco. Avviate le indagini per capire quale possa essere stata la causa del rogo e fare una prima stima dei danni. Erano da poco passate le 23 giovedi sera , i vigili del fuoco sono stati chiamati per l&#8217;incendio generalizzato di un\u2019azienda di lavorazione carni in Via Vena d\u2019Oro. Nessuna persona \u00e8 rimasta ferita. I vigili del fuoco accorsi dalla centrale, da Feltre, Pieve di Cadore e con i volontari dell\u2019Alpago e Longarone. Le operazioni di soccorso sono state coordinate dal funzionario di guardia e dal comandante dei vigili del fuoco di Belluno Matteo Carretto. Le fiamme hanno interessato un capannone di oltre 2000 mq.<\/p>\n<p>FOTO DALLA PAGINA FACEBOOK IL <strong><span style=\"color: #0000ff;\"><a style=\"color: #0000ff;\" href=\"https:\/\/www.facebook.com\/murodibelluno\">MURO DI BELLUNO\u00a0<\/a><\/span><\/strong><\/p>\n\n\t\t\t<style type='text\/css'>\n\t\t\t\t#gallery-1 {\n\t\t\t\t\tmargin: auto;\n\t\t\t\t}\n\t\t\t\t#gallery-1 .gallery-item {\n\t\t\t\t\tfloat: left;\n\t\t\t\t\tmargin-top: 10px;\n\t\t\t\t\ttext-align: center;\n\t\t\t\t\twidth: 50%;\n\t\t\t\t}\n\t\t\t\t#gallery-1 img {\n\t\t\t\t\tborder: 2px solid #cfcfcf;\n\t\t\t\t}\n\t\t\t\t#gallery-1 .gallery-caption {\n\t\t\t\t\tmargin-left: 0;\n\t\t\t\t}\n\t\t\t\t\/* see gallery_shortcode() in wp-includes\/media.php *\/\n\t\t\t<\/style>\n\t\t<div id='gallery-1' class='dt-gallery-container gallery galleryid-378117 gallery-columns-2 gallery-size-medium'><dl class='gallery-item'>\n\t\t\t\t<dt class='gallery-icon landscape'>\n\t\t\t\t\t<a class=\"rollover rollover-zoom dt-pswp-item\" title=\"429974266_820218113479026_3382904970235524989_n\" data-dt-img-description=\"\" data-large_image_width=\"600\" data-large_image_height=\"450\"href='https:\/\/www.radiopiu.net\/wordpress\/wp-content\/uploads\/2024\/03\/429974266_820218113479026_3382904970235524989_n-1.jpg'><img loading=\"lazy\" decoding=\"async\" width=\"300\" height=\"225\" src=\"https:\/\/www.radiopiu.net\/wordpress\/wp-content\/uploads\/2024\/03\/429974266_820218113479026_3382904970235524989_n-1-300x225.jpg\" class=\"attachment-medium size-medium\" alt=\"\" srcset=\"https:\/\/www.radiopiu.net\/wordpress\/wp-content\/uploads\/2024\/03\/429974266_820218113479026_3382904970235524989_n-1-300x225.jpg 300w, https:\/\/www.radiopiu.net\/wordpress\/wp-content\/uploads\/2024\/03\/429974266_820218113479026_3382904970235524989_n-1.jpg 600w\" sizes=\"auto, (max-width: 300px) 100vw, 300px\" \/><\/a>\n\t\t\t\t<\/dt><\/dl><dl class='gallery-item'>\n\t\t\t\t<dt class='gallery-icon landscape'>\n\t\t\t\t\t<a class=\"rollover rollover-zoom dt-pswp-item\" title=\"430096680_820218100145694_5468621206164177072_n\" data-dt-img-description=\"\" data-large_image_width=\"600\" data-large_image_height=\"450\"href='https:\/\/www.radiopiu.net\/wordpress\/wp-content\/uploads\/2024\/03\/430096680_820218100145694_5468621206164177072_n-1.jpg'><img loading=\"lazy\" decoding=\"async\" width=\"300\" height=\"225\" src=\"https:\/\/www.radiopiu.net\/wordpress\/wp-content\/uploads\/2024\/03\/430096680_820218100145694_5468621206164177072_n-1-300x225.jpg\" class=\"attachment-medium size-medium\" alt=\"\" srcset=\"https:\/\/www.radiopiu.net\/wordpress\/wp-content\/uploads\/2024\/03\/430096680_820218100145694_5468621206164177072_n-1-300x225.jpg 300w, https:\/\/www.radiopiu.net\/wordpress\/wp-content\/uploads\/2024\/03\/430096680_820218100145694_5468621206164177072_n-1.jpg 600w\" sizes=\"auto, (max-width: 300px) 100vw, 300px\" \/><\/a>\n\t\t\t\t<\/dt><\/dl><br style=\"clear: both\" \/>\n\t\t\t<\/div>\n\n\n\t\t\t<style type='text\/css'>\n\t\t\t\t#gallery-2 {\n\t\t\t\t\tmargin: auto;\n\t\t\t\t}\n\t\t\t\t#gallery-2 .gallery-item {\n\t\t\t\t\tfloat: left;\n\t\t\t\t\tmargin-top: 10px;\n\t\t\t\t\ttext-align: center;\n\t\t\t\t\twidth: 33%;\n\t\t\t\t}\n\t\t\t\t#gallery-2 img {\n\t\t\t\t\tborder: 2px solid #cfcfcf;\n\t\t\t\t}\n\t\t\t\t#gallery-2 .gallery-caption {\n\t\t\t\t\tmargin-left: 0;\n\t\t\t\t}\n\t\t\t\t\/* see gallery_shortcode() in wp-includes\/media.php *\/\n\t\t\t<\/style>\n\t\t<div id='gallery-2' class='dt-gallery-container gallery galleryid-378117 gallery-columns-3 gallery-size-thumbnail'><dl class='gallery-item'>\n\t\t\t\t<dt class='gallery-icon landscape'>\n\t\t\t\t\t<a class=\"rollover rollover-zoom dt-pswp-item\" title=\"309a0f02-59f2-4848-965c-5464454d7c94\" data-dt-img-description=\"\" data-large_image_width=\"1280\" data-large_image_height=\"921\"href='https:\/\/www.radiopiu.net\/wordpress\/wp-content\/uploads\/2024\/03\/309a0f02-59f2-4848-965c-5464454d7c94.jpg'><img loading=\"lazy\" decoding=\"async\" width=\"150\" height=\"150\" src=\"https:\/\/www.radiopiu.net\/wordpress\/wp-content\/uploads\/2024\/03\/309a0f02-59f2-4848-965c-5464454d7c94-150x150.jpg\" class=\"attachment-thumbnail size-thumbnail\" alt=\"\" \/><\/a>\n\t\t\t\t<\/dt><\/dl><dl class='gallery-item'>\n\t\t\t\t<dt class='gallery-icon landscape'>\n\t\t\t\t\t<a class=\"rollover rollover-zoom dt-pswp-item\" title=\"a500c7ee-c6fa-4d53-af11-41427ae2438e\" data-dt-img-description=\"\" data-large_image_width=\"1280\" data-large_image_height=\"960\"href='https:\/\/www.radiopiu.net\/wordpress\/wp-content\/uploads\/2024\/03\/a500c7ee-c6fa-4d53-af11-41427ae2438e.jpg'><img loading=\"lazy\" decoding=\"async\" width=\"150\" height=\"150\" src=\"https:\/\/www.radiopiu.net\/wordpress\/wp-content\/uploads\/2024\/03\/a500c7ee-c6fa-4d53-af11-41427ae2438e-150x150.jpg\" class=\"attachment-thumbnail size-thumbnail\" alt=\"\" \/><\/a>\n\t\t\t\t<\/dt><\/dl><dl class='gallery-item'>\n\t\t\t\t<dt class='gallery-icon landscape'>\n\t\t\t\t\t<a class=\"rollover rollover-zoom dt-pswp-item\" title=\"5f9be815-05d3-453e-8a4a-a7dc724069ec\" data-dt-img-description=\"\" data-large_image_width=\"1070\" data-large_image_height=\"591\"href='https:\/\/www.radiopiu.net\/wordpress\/wp-content\/uploads\/2024\/03\/5f9be815-05d3-453e-8a4a-a7dc724069ec.jpg'><img loading=\"lazy\" decoding=\"async\" width=\"150\" height=\"150\" src=\"https:\/\/www.radiopiu.net\/wordpress\/wp-content\/uploads\/2024\/03\/5f9be815-05d3-453e-8a4a-a7dc724069ec-150x150.jpg\" class=\"attachment-thumbnail size-thumbnail\" alt=\"\" \/><\/a>\n\t\t\t\t<\/dt><\/dl><br style=\"clear: both\" \/>\n\t\t\t<\/div>\n\n<p>&nbsp;<\/p>\n<p>&nbsp;<\/p>\n<p>&nbsp;<\/p>\n<hr \/>\n<p>&nbsp;<\/p>\n<blockquote>\n<h3>ANAS: SOPRALLUOGO TECNICO NEI CANTIERI DELLE VARIANTI ALLA SS 51 DI &#8220;ALEMAGNA&#8221; IN CADORE<\/h3>\n<\/blockquote>\n<p><strong>VENEZIA<\/strong> Gioved\u00ec Anas ha effettuato un sopralluogo tecnico per monitorare il progresso delle opere relative al piano Olimpiadi Milano Cortina 2026. Le opere coinvolgono le varianti di &#8220;Tai di Cadore&#8221;, &#8220;Valle di Cadore&#8221; e &#8220;San Vito di Cadore&#8221;, migliorando il tracciato della statale 51 di Alemagna. La variante di Tai di Cadore presenta una nuova galleria di circa 1.000 metri, svincoli, rimodulazione della pista ciclabile e sistemazione del reticolo idrografico. Per la variante di Valle di Cadore, si sta scavando una galleria di circa 600 metri per bypassare un tratto critico dell&#8217;abitato. Entrambe le varianti sono in fase di progresso con attenzione a vincoli archeologici.<\/p>\n<p><strong>PER LE TRE RADIO BARBARA PAOLAZZI<\/strong><\/p>\n<audio class=\"wp-audio-shortcode\" id=\"audio-378117-6\" preload=\"none\" style=\"width: 100%;\" controls=\"controls\"><source type=\"audio\/mpeg\" src=\"https:\/\/www.radiopiu.net\/wordpress\/wp-content\/uploads\/2024\/03\/PAOLAZZI-SOPRALLUOGO-ANAS-IN-CADORE.mp3?_=6\" \/><a href=\"https:\/\/www.radiopiu.net\/wordpress\/wp-content\/uploads\/2024\/03\/PAOLAZZI-SOPRALLUOGO-ANAS-IN-CADORE.mp3\">https:\/\/www.radiopiu.net\/wordpress\/wp-content\/uploads\/2024\/03\/PAOLAZZI-SOPRALLUOGO-ANAS-IN-CADORE.mp3<\/a><\/audio>\n<p>&nbsp;<\/p>\n\n\t\t\t<style type='text\/css'>\n\t\t\t\t#gallery-3 {\n\t\t\t\t\tmargin: auto;\n\t\t\t\t}\n\t\t\t\t#gallery-3 .gallery-item {\n\t\t\t\t\tfloat: left;\n\t\t\t\t\tmargin-top: 10px;\n\t\t\t\t\ttext-align: center;\n\t\t\t\t\twidth: 50%;\n\t\t\t\t}\n\t\t\t\t#gallery-3 img {\n\t\t\t\t\tborder: 2px solid #cfcfcf;\n\t\t\t\t}\n\t\t\t\t#gallery-3 .gallery-caption {\n\t\t\t\t\tmargin-left: 0;\n\t\t\t\t}\n\t\t\t\t\/* see gallery_shortcode() in wp-includes\/media.php *\/\n\t\t\t<\/style>\n\t\t<div id='gallery-3' class='dt-gallery-container gallery galleryid-378117 gallery-columns-2 gallery-size-medium'><dl class='gallery-item'>\n\t\t\t\t<dt class='gallery-icon landscape'>\n\t\t\t\t\t<a class=\"rollover rollover-zoom dt-pswp-item\" title=\"Anas Veneto- cantiere varianti Cortina SS 51\" data-dt-img-description=\"\" data-large_image_width=\"1600\" data-large_image_height=\"1068\"href='https:\/\/www.radiopiu.net\/wordpress\/wp-content\/uploads\/2024\/03\/Anas-Veneto-cantiere-varianti-Cortina-SS-51.jpeg'><img loading=\"lazy\" decoding=\"async\" width=\"300\" height=\"200\" src=\"https:\/\/www.radiopiu.net\/wordpress\/wp-content\/uploads\/2024\/03\/Anas-Veneto-cantiere-varianti-Cortina-SS-51-300x200.jpeg\" class=\"attachment-medium size-medium\" alt=\"\" srcset=\"https:\/\/www.radiopiu.net\/wordpress\/wp-content\/uploads\/2024\/03\/Anas-Veneto-cantiere-varianti-Cortina-SS-51-300x200.jpeg 300w, https:\/\/www.radiopiu.net\/wordpress\/wp-content\/uploads\/2024\/03\/Anas-Veneto-cantiere-varianti-Cortina-SS-51-1024x684.jpeg 1024w, https:\/\/www.radiopiu.net\/wordpress\/wp-content\/uploads\/2024\/03\/Anas-Veneto-cantiere-varianti-Cortina-SS-51-768x513.jpeg 768w, https:\/\/www.radiopiu.net\/wordpress\/wp-content\/uploads\/2024\/03\/Anas-Veneto-cantiere-varianti-Cortina-SS-51-1536x1025.jpeg 1536w, https:\/\/www.radiopiu.net\/wordpress\/wp-content\/uploads\/2024\/03\/Anas-Veneto-cantiere-varianti-Cortina-SS-51.jpeg 1600w\" sizes=\"auto, (max-width: 300px) 100vw, 300px\" \/><\/a>\n\t\t\t\t<\/dt><\/dl><dl class='gallery-item'>\n\t\t\t\t<dt class='gallery-icon landscape'>\n\t\t\t\t\t<a class=\"rollover rollover-zoom dt-pswp-item\" title=\"Anas Veneto- Sopralluogo tecnico Isi e Valente su varianti Cortina\" data-dt-img-description=\"\" data-large_image_width=\"1600\" data-large_image_height=\"1068\"href='https:\/\/www.radiopiu.net\/wordpress\/wp-content\/uploads\/2024\/03\/Anas-Veneto-Sopralluogo-tecnico-Isi-e-Valente-su-varianti-Cortina.jpeg'><img loading=\"lazy\" decoding=\"async\" width=\"300\" height=\"200\" src=\"https:\/\/www.radiopiu.net\/wordpress\/wp-content\/uploads\/2024\/03\/Anas-Veneto-Sopralluogo-tecnico-Isi-e-Valente-su-varianti-Cortina-300x200.jpeg\" class=\"attachment-medium size-medium\" alt=\"\" srcset=\"https:\/\/www.radiopiu.net\/wordpress\/wp-content\/uploads\/2024\/03\/Anas-Veneto-Sopralluogo-tecnico-Isi-e-Valente-su-varianti-Cortina-300x200.jpeg 300w, https:\/\/www.radiopiu.net\/wordpress\/wp-content\/uploads\/2024\/03\/Anas-Veneto-Sopralluogo-tecnico-Isi-e-Valente-su-varianti-Cortina-1024x684.jpeg 1024w, https:\/\/www.radiopiu.net\/wordpress\/wp-content\/uploads\/2024\/03\/Anas-Veneto-Sopralluogo-tecnico-Isi-e-Valente-su-varianti-Cortina-768x513.jpeg 768w, https:\/\/www.radiopiu.net\/wordpress\/wp-content\/uploads\/2024\/03\/Anas-Veneto-Sopralluogo-tecnico-Isi-e-Valente-su-varianti-Cortina-1536x1025.jpeg 1536w, https:\/\/www.radiopiu.net\/wordpress\/wp-content\/uploads\/2024\/03\/Anas-Veneto-Sopralluogo-tecnico-Isi-e-Valente-su-varianti-Cortina.jpeg 1600w\" sizes=\"auto, (max-width: 300px) 100vw, 300px\" \/><\/a>\n\t\t\t\t<\/dt><\/dl><br style=\"clear: both\" \/>\n\t\t\t<\/div>\n\n<p>&nbsp;<\/p>\n<hr \/>\n<p>&nbsp;<\/p>\n<blockquote>\n<h1>&#8220;Sicurezza Lavorativa a Rischio: Denuncia Sindacale per Condizioni Pericolose al Centro di Distribuzione di Pieve di Cadore&#8221;<\/h1>\n<\/blockquote>\n<p><strong><img loading=\"lazy\" decoding=\"async\" class=\"alignleft\" src=\"https:\/\/www.radiopiu.net\/wordpress\/wp-content\/uploads\/2023\/06\/Poste-Italiane-ufficio-postale-POLIS-giugno-2023-4.jpg\" width=\"255\" height=\"191\" \/>PIEVE DI CADORE <\/strong>La sigla sindacale SLC CGIL di Belluno, (gli RLS sono i Responsabili dei Lavorativi per la Sicurezza e sono eletti dal parco dipendenti Belluno),\u00a0 dopo un sopralluogo presso il Centro di Distribuzione (CD) di Pieve di Cadore il 04\/03\/23, denuncia una situazione critica e persistente riguardante la sicurezza dei portalettere e del personale &#8220;accollatario&#8221;. Questi lavoratori affrontano rischi significativi durante le operazioni di carico e scarico del materiale postale, includendo il pericolo di attraversamento stradale senza segnaletica orizzontale e l&#8217;utilizzo di mezzi motorizzati che non sono previsti per la loro mansione. Inoltre, la mancanza di segnaletica orizzontale e di un&#8217;area di sosta adeguata aumenta ulteriormente i rischi per la sicurezza dei lavoratori. Nonostante le molteplici segnalazioni e le promesse di risoluzione, la situazione persiste, mettendo in pericolo la vita e la salute dei dipendenti. Si sottolinea la necessit\u00e0 di un intervento urgente e di un trasferimento del sito lavorativo per garantire la sicurezza dei lavoratori, come previsto dalle normative vigenti. Si evidenzia l&#8217;importanza del ruolo dei Responsabili della Salute e Sicurezza sul Lavoro (RAM 3) nell&#8217;adottare misure adeguate per la sicurezza dei dipendenti. La mancanza di azione pu\u00f2 comportare responsabilit\u00e0 penali, come dimostrato da precedenti sentenze giudiziarie. In assenza di una risoluzione immediata, si proceder\u00e0 con ulteriori denunce agli organi competenti.<\/p>\n<p>&nbsp;<\/p>\n<p>&nbsp;<\/p>\n<hr \/>\n<p>&nbsp;<\/p>\n<blockquote>\n<h2><img decoding=\"async\" class=\"alignleft\" src=\"https:\/\/www.radiopiu.net\/wordpress\/wp-content\/uploads\/2020\/05\/AGORDO-CONGENIATORI.jpg\" \/>DAI FONDI DI CONFINE QUASI 1 MILIONE DI EURO PER &#8220;MOLIN DEI COT&#8221;<\/h2>\n<\/blockquote>\n<p><strong>AGORDO <\/strong>E\u2019 di quasi un milione di euro (per la precisione 961 mila) il contributo che arriver\u00e0 al Comune di Agordo dal Fondo Comuni Confinanti a valere su un articolato progetto di area vasta che ha l\u2019obiettivo di ammodernare, adeguare e potenziare alcune strutture a servizio della comunit\u00e0 locale. Nello specifico, il progetto prevede il riutilizzo di un fabbricato sito in localit\u00e0 \u201cMolin dei Cot\u201d, ex sede della \u201cScuola Congegnatori Meccanici\u201d, dove saranno ospitati: la nuova sede del C.O.M., il centro operativo misto, con la relativa dotazione di arredi, apparecchiature informatiche e strumentazioni; la sede della stazione del Corpo Nazionale di Soccorso Alpino e Speleologico e\u00a0 la sede della Protezione Civile. A tal fine nei locali dello stabile sar\u00e0 realizzato anche un piccolo magazzino per il ricovero delle attrezzature. Nello stesso progetto \u00e8 poi ricompresa anche la realizzazione della copertura dello stadio \u201cIvano Dorigo\u201d. In questi giorni \u00e8 stata firmata la convenzione gi\u00e0 sottoscritta dal Comune di Agordo che render\u00e0 pienamente esecutiva l\u2019intesa\u201d, conclude il presidente del Comitato di <strong><a class=\"dt-pswp-item\" href=\"https:\/\/www.radiopiu.net\/wordpress\/wp-content\/uploads\/2019\/07\/Dario-Bond.jpg\" data-dt-img-description=\"\" data-large_image_width=\"2449\" data-large_image_height=\"1633\"><img loading=\"lazy\" decoding=\"async\" class=\"wp-image-93051 alignright\" src=\"https:\/\/www.radiopiu.net\/wordpress\/wp-content\/uploads\/2019\/07\/Dario-Bond-300x200.jpg\" alt=\"\" width=\"122\" height=\"81\" srcset=\"https:\/\/www.radiopiu.net\/wordpress\/wp-content\/uploads\/2019\/07\/Dario-Bond-300x200.jpg 300w, https:\/\/www.radiopiu.net\/wordpress\/wp-content\/uploads\/2019\/07\/Dario-Bond-768x512.jpg 768w, https:\/\/www.radiopiu.net\/wordpress\/wp-content\/uploads\/2019\/07\/Dario-Bond-1024x683.jpg 1024w\" sizes=\"auto, (max-width: 122px) 100vw, 122px\" \/><\/a><\/strong>Gestione del Fondo Comuni Confinanti.<\/p>\n<p><strong>IL PRESIDENTE DEL FONDO DARIO BOND<\/strong><\/p>\n<audio class=\"wp-audio-shortcode\" id=\"audio-378117-7\" preload=\"none\" style=\"width: 100%;\" controls=\"controls\"><source type=\"audio\/mpeg\" src=\"https:\/\/www.radiopiu.net\/wordpress\/wp-content\/uploads\/2024\/03\/Audio-Bond-08.03.24.mp3?_=7\" \/><a href=\"https:\/\/www.radiopiu.net\/wordpress\/wp-content\/uploads\/2024\/03\/Audio-Bond-08.03.24.mp3\">https:\/\/www.radiopiu.net\/wordpress\/wp-content\/uploads\/2024\/03\/Audio-Bond-08.03.24.mp3<\/a><\/audio>\n<p>&nbsp;<\/p>\n<p><strong>DAL CORRIERE DELLE ALPI, GIANNI SANTOMASO\u00a0<\/strong><\/p>\n<audio class=\"wp-audio-shortcode\" id=\"audio-378117-8\" preload=\"none\" style=\"width: 100%;\" controls=\"controls\"><source type=\"audio\/mpeg\" src=\"https:\/\/www.radiopiu.net\/wordpress\/wp-content\/uploads\/2024\/03\/GIANNI-COT.mp3?_=8\" \/><a href=\"https:\/\/www.radiopiu.net\/wordpress\/wp-content\/uploads\/2024\/03\/GIANNI-COT.mp3\">https:\/\/www.radiopiu.net\/wordpress\/wp-content\/uploads\/2024\/03\/GIANNI-COT.mp3<\/a><\/audio>\n<p>&nbsp;<\/p>\n<hr \/>\n<p>sss<\/p>\n<div class=\"flex-1 overflow-hidden\">\n<div class=\"react-scroll-to-bottom--css-lzvfb-79elbk h-full\">\n<div class=\"react-scroll-to-bottom--css-lzvfb-1n7m0yu\">\n<div class=\"flex flex-col text-sm pb-9\">\n<div class=\"w-full text-token-text-primary\" data-testid=\"conversation-turn-7\">\n<div class=\"px-4 py-2 justify-center text-base md:gap-6 m-auto\">\n<div class=\"flex flex-1 text-base mx-auto gap-3 md:px-5 lg:px-1 xl:px-5 md:max-w-3xl lg:max-w-[40rem] xl:max-w-[48rem] group final-completion\">\n<div class=\"relative flex w-full flex-col agent-turn\">\n<div class=\"flex-col gap-1 md:gap-3\">\n<div class=\"flex flex-grow flex-col max-w-full\">\n<div class=\"min-h-[20px] text-message flex flex-col items-start gap-3 whitespace-pre-wrap break-words [.text-message+&amp;]:mt-5 overflow-x-auto\" data-message-author-role=\"assistant\" data-message-id=\"e132eec6-794f-48cb-a998-0ec36e066883\">\n<div class=\"markdown prose w-full break-words dark:prose-invert dark\">\n<blockquote><p><em><a class=\"dt-pswp-item\" href=\"https:\/\/www.radiopiu.net\/wordpress\/wp-content\/uploads\/2024\/03\/7a1c4666-a70f-4e0f-8657-c2f8fa421aea.jpg\" data-dt-img-description=\"\" data-large_image_width=\"1536\" data-large_image_height=\"2048\"><img loading=\"lazy\" decoding=\"async\" class=\"wp-image-378286 alignleft\" src=\"https:\/\/www.radiopiu.net\/wordpress\/wp-content\/uploads\/2024\/03\/7a1c4666-a70f-4e0f-8657-c2f8fa421aea-225x300.jpg\" alt=\"\" width=\"144\" height=\"192\" srcset=\"https:\/\/www.radiopiu.net\/wordpress\/wp-content\/uploads\/2024\/03\/7a1c4666-a70f-4e0f-8657-c2f8fa421aea-225x300.jpg 225w, https:\/\/www.radiopiu.net\/wordpress\/wp-content\/uploads\/2024\/03\/7a1c4666-a70f-4e0f-8657-c2f8fa421aea-768x1024.jpg 768w, https:\/\/www.radiopiu.net\/wordpress\/wp-content\/uploads\/2024\/03\/7a1c4666-a70f-4e0f-8657-c2f8fa421aea-1152x1536.jpg 1152w, https:\/\/www.radiopiu.net\/wordpress\/wp-content\/uploads\/2024\/03\/7a1c4666-a70f-4e0f-8657-c2f8fa421aea.jpg 1536w\" sizes=\"auto, (max-width: 144px) 100vw, 144px\" \/><\/a>&#8220;Essere donna oggi \u00e8 come essere una gemma preziosa, risplendente e libera di brillare, nel cielo di opportunit\u00e0 che oggi ci offre<\/em><\/p><\/blockquote>\n<\/div>\n<\/div>\n<\/div>\n<div class=\"pr-2 lg:pr-0\"><\/div>\n<\/div>\n<\/div>\n<\/div>\n<\/div>\n<\/div>\n<\/div>\n<\/div>\n<\/div>\n<\/div>\n<div class=\"w-full pt-2 md:pt-0 dark:border-white\/20 md:border-transparent md:dark:border-transparent md:w-[calc(100%-.5rem)]\">\n<form class=\"stretch mx-2 flex flex-row gap-3 last:mb-2 md:mx-4 md:last:mb-6 lg:mx-auto lg:max-w-2xl xl:max-w-3xl\">\n<div class=\"relative flex h-full flex-1 flex-col\">\n<div class=\"flex w-full items-center\"><\/div>\n<\/div>\n<\/form>\n<\/div>\n<p><strong>ARABBA.<\/strong>&#8230; &#8220;perch\u00e8 essere donna \u00e8 meglio di qualche decennio fa&#8221;<\/p>\n<p>&nbsp;<\/p>\n<p>&nbsp;<\/p>\n<p>&nbsp;<\/p>\n<p>&nbsp;<\/p>\n<blockquote>\n<h3>ESSILORLUXOTTICA E IL PENSIERO ALLE DONNE<\/h3>\n<\/blockquote>\n<p><strong><a class=\"dt-pswp-item\" href=\"https:\/\/www.radiopiu.net\/wordpress\/wp-content\/uploads\/2022\/10\/6c6e8841-fa5f-4394-b3a6-3b87d31aaee5.jpg\" data-dt-img-description=\"\" data-large_image_width=\"1920\" data-large_image_height=\"1080\"><img loading=\"lazy\" decoding=\"async\" class=\" wp-image-303657 alignleft\" src=\"https:\/\/www.radiopiu.net\/wordpress\/wp-content\/uploads\/2022\/10\/6c6e8841-fa5f-4394-b3a6-3b87d31aaee5-300x169.jpg\" alt=\"\" width=\"186\" height=\"105\" srcset=\"https:\/\/www.radiopiu.net\/wordpress\/wp-content\/uploads\/2022\/10\/6c6e8841-fa5f-4394-b3a6-3b87d31aaee5-300x169.jpg 300w, https:\/\/www.radiopiu.net\/wordpress\/wp-content\/uploads\/2022\/10\/6c6e8841-fa5f-4394-b3a6-3b87d31aaee5-1024x576.jpg 1024w, https:\/\/www.radiopiu.net\/wordpress\/wp-content\/uploads\/2022\/10\/6c6e8841-fa5f-4394-b3a6-3b87d31aaee5-768x432.jpg 768w, https:\/\/www.radiopiu.net\/wordpress\/wp-content\/uploads\/2022\/10\/6c6e8841-fa5f-4394-b3a6-3b87d31aaee5-1536x864.jpg 1536w, https:\/\/www.radiopiu.net\/wordpress\/wp-content\/uploads\/2022\/10\/6c6e8841-fa5f-4394-b3a6-3b87d31aaee5.jpg 1920w\" sizes=\"auto, (max-width: 186px) 100vw, 186px\" \/><\/a>AGORDO<\/strong> Anche EssilorLuxottica ha voluto festeggiare la Festa della Donna. E come sempre lo ha fatto in maniera originale. Ieri, tutte le donne che sono state in sala mensa la sorpresa. Alla fine del pass per il ritiro del pranzo erano presenti i cioccolatini di una nota marca svizzera. Un pensiero a tutte le donne del mondo, aumentando la consapevolezza per promuovere la parit\u00e0 di genere.<\/p>\n<p>&nbsp;<\/p>\n<hr \/>\n<p><strong>\u00a0<\/strong><\/p>\n<p><strong>\u00a0IL GIORMALE RADIO DI MARCO DAL FARRA SPECIALE FESTA DELLE DONNE<\/strong><\/p>\n<audio class=\"wp-audio-shortcode\" id=\"audio-378117-9\" preload=\"none\" style=\"width: 100%;\" controls=\"controls\"><source type=\"audio\/mpeg\" src=\"https:\/\/www.radiopiu.net\/wordpress\/wp-content\/uploads\/2024\/03\/Giormale-radio-festa-della-donna.mp3?_=9\" \/><a href=\"https:\/\/www.radiopiu.net\/wordpress\/wp-content\/uploads\/2024\/03\/Giormale-radio-festa-della-donna.mp3\">https:\/\/www.radiopiu.net\/wordpress\/wp-content\/uploads\/2024\/03\/Giormale-radio-festa-della-donna.mp3<\/a><\/audio>\n<p>&nbsp;<\/p>\n<hr \/>\n<div class=\"flex-1 overflow-hidden\">\n<div class=\"react-scroll-to-bottom--css-lzvfb-79elbk h-full\">\n<div class=\"react-scroll-to-bottom--css-lzvfb-1n7m0yu\">\n<div class=\"flex flex-col text-sm pb-9\">\n<div class=\"w-full text-token-text-primary\" data-testid=\"conversation-turn-7\">\n<div class=\"px-4 py-2 justify-center text-base md:gap-6 m-auto\">\n<div class=\"flex flex-1 text-base mx-auto gap-3 md:px-5 lg:px-1 xl:px-5 md:max-w-3xl lg:max-w-[40rem] xl:max-w-[48rem] group final-completion\">\n<div class=\"relative flex w-full flex-col agent-turn\">\n<div class=\"flex-col gap-1 md:gap-3\">\n<div class=\"flex flex-grow flex-col max-w-full\">\n<div class=\"min-h-[20px] text-message flex flex-col items-start gap-3 whitespace-pre-wrap break-words [.text-message+&amp;]:mt-5 overflow-x-auto\" data-message-author-role=\"assistant\" data-message-id=\"e132eec6-794f-48cb-a998-0ec36e066883\">\n<div class=\"markdown prose w-full break-words dark:prose-invert dark\">\n<p>&nbsp;<\/p>\n<p>&nbsp;<\/p>\n<p><strong><a class=\"dt-pswp-item\" href=\"https:\/\/www.radiopiu.net\/wordpress\/wp-content\/uploads\/2024\/01\/Senza-nome-34.png\" data-dt-img-description=\"\" data-large_image_width=\"239\" data-large_image_height=\"153\"><img loading=\"lazy\" decoding=\"async\" class=\"wp-image-369478 alignleft\" src=\"https:\/\/www.radiopiu.net\/wordpress\/wp-content\/uploads\/2024\/01\/Senza-nome-34.png\" alt=\"\" width=\"128\" height=\"82\" \/><\/a><\/strong><\/p>\n<h1 class=\"_title post-title entry-title\"><\/h1>\n<p><strong>\u00a0\u00a0<\/strong><strong>dal TG BELLUNESE di\u00a0 ANTENNA 3 ogni sera alle 19.30 sul canale 10 del digitale terrestre e alle 19 le anticipazioni alla radio.\u00a0 \u00a0<\/strong><\/p>\n<p>&nbsp;<\/p>\n<blockquote>\n<h2 class=\"_title post-title entry-title\">8 MARZO, PARITA\u2019 RETRIBUTIVA: NUMERI ED ESPERIENZE DAL BELLUNESE<\/h2>\n<\/blockquote>\n<p>Intervistati DENISE CASANOVA (SEGRETARIA GENERALE CGIL BELLUNO), ROBERTO PADRIN (PRESIDENTE PROVINCIA DI BELLUNO), FLAVIA MONEGO (CONSIGLIERA DI PARITA\u2019 PROVINCIA DI BELLUNO) (Servizio di\u00a0<a href=\"https:\/\/antennatre.medianordest.it\/redazione\/Tiziana-Bolognani\/\">Tiziana Bolognani<\/a>)<\/p>\n<p>&nbsp;<\/p>\n<p><iframe loading=\"lazy\" title=\"8 MARZO, PARITA&#039; RETRIBUTIVA: NUMERI ED ESPERIENZE DAL BELLUNESE | 08\/03\/2024\" width=\"1200\" height=\"675\" src=\"https:\/\/www.youtube.com\/embed\/ky7wFnH4iOQ?feature=oembed\" frameborder=\"0\" allow=\"accelerometer; autoplay; clipboard-write; encrypted-media; gyroscope; picture-in-picture; web-share\" allowfullscreen><\/iframe><\/p>\n<p>&nbsp;<\/p>\n<p>&nbsp;<\/p>\n<hr \/>\n<\/div>\n<\/div>\n<\/div>\n<blockquote>\n<h3 class=\"mt-1 flex justify-start gap-3 empty:hidden\"><\/h3>\n<h3 class=\"mt-1 flex justify-start gap-3 empty:hidden\">Un Esempio di Rispetto e Solidariet\u00e0: L&#8217;Omaggio delle Civettine alle Ragazze delle Giovanili U8\/10<\/h3>\n<\/blockquote>\n<\/div>\n<\/div>\n<\/div>\n<\/div>\n<\/div>\n<\/div>\n<\/div>\n<\/div>\n<\/div>\n<div class=\"w-full pt-2 md:pt-0 dark:border-white\/20 md:border-transparent md:dark:border-transparent md:w-[calc(100%-.5rem)]\">\n<form class=\"stretch mx-2 flex flex-row gap-3 last:mb-2 md:mx-4 md:last:mb-6 lg:mx-auto lg:max-w-2xl xl:max-w-3xl\">\n<div class=\"relative flex h-full flex-1 flex-col\">\n<div class=\"flex w-full items-center\">\n<p><strong>di Annalisa Dal Mas<\/strong><\/p>\n<p><strong>REDAZIONE<\/strong> Nell&#8217;ambito dello sport giovanile, il rispetto reciproco e la solidariet\u00e0 sono valori fondamentali che vanno ben oltre le semplici celebrazioni di date convenzionali. In un gesto che va aldil\u00e0 delle consuete formalit\u00e0, le Civettine dell&#8217;Alleghe hanno offerto un omaggio speciale alle ragazze delle giovanili U8\/10, evidenziando un&#8217;iniziativa significativa in occasione dell&#8217;8 marzo. Questo gesto di rispetto e sostegno reciproco \u00e8 stato reso possibile grazie all&#8217;impegno di Alberto Fontanive, Cristian De Toni, Dino De Dea, Ugo Da Rech, Alice Pramaor, Marco Lorenzini, Michele Pramaor, Paolo De Biasio e Marco Vrba. Il loro lavoro instancabile e il loro impegno nel promuovere un ambiente inclusivo e di crescita positiva per i giovani atleti sono stati chiaramente evidenziati in questo toccante gesto di solidariet\u00e0. In un mondo spesso dominato da divisioni e discordie, \u00e8 rinfrescante vedere come lo sport possa unire le persone e trasmettere importanti lezioni di rispetto e sostegno reciproco. L&#8217;omaggio delle Civettine alle ragazze delle giovanili U8\/10 \u00e8 un esempio luminoso di come la comunit\u00e0 sportiva possa essere un faro di speranza e ispirazione per tutti noi.<\/p>\n<p>&nbsp;<\/p>\n<div style=\"width: 848px;\" class=\"wp-video\"><video class=\"wp-video-shortcode\" id=\"video-378117-1\" width=\"848\" height=\"480\" preload=\"metadata\" controls=\"controls\"><source type=\"video\/mp4\" src=\"https:\/\/www.radiopiu.net\/wordpress\/wp-content\/uploads\/2024\/03\/WhatsApp-Video-2024-03-09-at-02.26.32.mp4?_=1\" \/><a href=\"https:\/\/www.radiopiu.net\/wordpress\/wp-content\/uploads\/2024\/03\/WhatsApp-Video-2024-03-09-at-02.26.32.mp4\">https:\/\/www.radiopiu.net\/wordpress\/wp-content\/uploads\/2024\/03\/WhatsApp-Video-2024-03-09-at-02.26.32.mp4<\/a><\/video><\/div>\n<\/div>\n<\/div>\n<\/form>\n<\/div>\n<p>&nbsp;<\/p>\n<p>&nbsp;<\/p>\n<hr \/>\n<div class=\"articlePlainSubHead\"><\/div>\n<div><\/div>\n<blockquote>\n<h3 class=\"articlePlainSubHead\"><a class=\"dt-pswp-item\" href=\"https:\/\/www.radiopiu.net\/wordpress\/wp-content\/uploads\/2024\/03\/Senza-nome-38.png\" data-dt-img-description=\"\" data-large_image_width=\"80\" data-large_image_height=\"58\"><img loading=\"lazy\" decoding=\"async\" class=\" wp-image-378289 alignleft\" src=\"https:\/\/www.radiopiu.net\/wordpress\/wp-content\/uploads\/2024\/03\/Senza-nome-38.png\" alt=\"\" width=\"108\" height=\"78\" \/><\/a>ENEL, LO STRISCIONE\u00a0 DI PROTESTA<\/h3>\n<\/blockquote>\n<div class=\"articlePlainSubHead\">\n<div class=\"articlePlainSubHead\">\u00a0<em>&#8220;Enel taglia il futuro ai dipendenti e servizio ai clienti&#8221;.<\/em><\/div>\n<p>&nbsp;<\/p>\n<p><strong>FELTRE<\/strong>\u00a0 nel suo piccolo ha voluto dare un segnale nel giorno dello sciopero dei lavoratori dell&#8217;Enel con uno striscione posizionato in via Montelungo, dove la societ\u00e0 ha degli uffici.<\/p>\n<\/div>\n<p>&nbsp;<\/p>\n<p>&nbsp;<\/p>\n<hr \/>\n<p>&nbsp;<\/p>\n<blockquote>\n<h3><a class=\"dt-pswp-item\" href=\"https:\/\/www.radiopiu.net\/wordpress\/wp-content\/uploads\/2024\/03\/Senza-nome-40.png\" data-dt-img-description=\"\" data-large_image_width=\"131\" data-large_image_height=\"86\"><img loading=\"lazy\" decoding=\"async\" class=\"size-medium wp-image-378291 alignleft\" src=\"https:\/\/www.radiopiu.net\/wordpress\/wp-content\/uploads\/2024\/03\/Senza-nome-40.png\" alt=\"\" width=\"131\" height=\"86\" \/><\/a>SCIOPERO TRANSFEMMINISTA\u00a0 &#8220;vogliamo i distrIbutori automatici di assorbenti&#8221;<\/h3>\n<p><strong>\u00a0<\/strong><\/p><\/blockquote>\n<p><strong>BELLUNO<\/strong> In piazza dei Martiri si \u00e8 svolto uno sciopero transfemminista organizzato da gruppi come Non una di meno e la Rete degli Studenti medi. Denominato &#8220;Lotto marzo&#8221;, l&#8217;evento ha coinvolto oltre un centinaio di persone che hanno espresso una forte opposizione alle disuguaglianze del sistema capitalistico e patriarcale. Durante la manifestazione, sono state avanzate proposte pratiche, come l&#8217;installazione di distributori automatici di assorbenti igienici nelle scuole<\/p>\n<p>&nbsp;<\/p>\n<hr \/>\n<p>&nbsp;<\/p>\n<blockquote>\n<h3>SANITA&#8217; IN ROSA: I NUMERI IN ULSS 1 DOLOMITI<\/h3>\n<\/blockquote>\n<p><strong><a class=\"dt-pswp-item\" href=\"https:\/\/www.radiopiu.net\/wordpress\/wp-content\/uploads\/2021\/03\/ULSS-1.jpg\" data-dt-img-description=\"\" data-large_image_width=\"776\" data-large_image_height=\"408\"><img loading=\"lazy\" decoding=\"async\" class=\" wp-image-198838 alignleft\" src=\"https:\/\/www.radiopiu.net\/wordpress\/wp-content\/uploads\/2021\/03\/ULSS-1-300x158.jpg\" alt=\"\" width=\"163\" height=\"86\" srcset=\"https:\/\/www.radiopiu.net\/wordpress\/wp-content\/uploads\/2021\/03\/ULSS-1-300x158.jpg 300w, https:\/\/www.radiopiu.net\/wordpress\/wp-content\/uploads\/2021\/03\/ULSS-1-768x404.jpg 768w, https:\/\/www.radiopiu.net\/wordpress\/wp-content\/uploads\/2021\/03\/ULSS-1.jpg 776w\" sizes=\"auto, (max-width: 163px) 100vw, 163px\" \/><\/a>BELLUNO<\/strong> L&#8217;Ulss Dolomiti celebra la festa della donna evidenziando la sua organizzazione sempre pi\u00f9 rosa, con il 75% di dipendenti donne. Queste rappresentano il 50% dei medici, l&#8217;82% degli infermieri, l&#8217;85% degli OSS e il 79% del personale amministrativo. Il 36% delle posizioni apicali \u00e8 occupato da donne, superando la media nazionale del 17%. Il commissario Dal Ben ha ringraziato le professioniste dell&#8217;Ulss Dolomiti, sottolineando il loro lavoro che si concilia spesso con gli impegni familiari. In occasione della festa della donna, sono stati presentati diversi servizi dedicati alle donne nelle diverse fasi della vita, offerti negli ospedali e sul territorio.<\/p>\n<p>&nbsp;<\/p>\n<p>&nbsp;<\/p>\n<hr \/>\n<p>&nbsp;<\/p>\n<blockquote>\n<h3>IL CONVEGNO DI VENETO LAVORO A VILLA PATT<\/h3>\n<\/blockquote>\n<p><strong><a class=\"dt-pswp-item\" href=\"https:\/\/www.radiopiu.net\/wordpress\/wp-content\/uploads\/2024\/03\/2119f950-abc3-4bb8-8cb4-5afbaa35f280.jpg\" data-dt-img-description=\"\" data-large_image_width=\"2048\" data-large_image_height=\"1536\"><img loading=\"lazy\" decoding=\"async\" class=\" wp-image-378263 alignleft\" src=\"https:\/\/www.radiopiu.net\/wordpress\/wp-content\/uploads\/2024\/03\/2119f950-abc3-4bb8-8cb4-5afbaa35f280-300x225.jpg\" alt=\"\" width=\"157\" height=\"118\" srcset=\"https:\/\/www.radiopiu.net\/wordpress\/wp-content\/uploads\/2024\/03\/2119f950-abc3-4bb8-8cb4-5afbaa35f280-300x225.jpg 300w, https:\/\/www.radiopiu.net\/wordpress\/wp-content\/uploads\/2024\/03\/2119f950-abc3-4bb8-8cb4-5afbaa35f280-1024x768.jpg 1024w, https:\/\/www.radiopiu.net\/wordpress\/wp-content\/uploads\/2024\/03\/2119f950-abc3-4bb8-8cb4-5afbaa35f280-768x576.jpg 768w, https:\/\/www.radiopiu.net\/wordpress\/wp-content\/uploads\/2024\/03\/2119f950-abc3-4bb8-8cb4-5afbaa35f280-1536x1152.jpg 1536w, https:\/\/www.radiopiu.net\/wordpress\/wp-content\/uploads\/2024\/03\/2119f950-abc3-4bb8-8cb4-5afbaa35f280.jpg 2048w\" sizes=\"auto, (max-width: 157px) 100vw, 157px\" \/><\/a>SEDICO<\/strong> Una lavoratrice bellunese guadagna circa 6mila euro in meno all&#8217;anno rispetto ad un collega maschio: questo il \u201cgender pay gap\u201d, ossia la differenza di stipendio tra donne e uomini, in provincia, dato emerso nel corso del convegno Equamente al Lavoro promosso a Villa Patt di Sedico da Veneto Lavoro e dalla Consigliera di Parit\u00e0 della Provincia di Belluno.<\/p>\n<p><strong>DI DANIELE DALVIT<\/strong><\/p>\n<audio class=\"wp-audio-shortcode\" id=\"audio-378117-10\" preload=\"none\" style=\"width: 100%;\" controls=\"controls\"><source type=\"audio\/mpeg\" src=\"https:\/\/www.radiopiu.net\/wordpress\/wp-content\/uploads\/2024\/03\/Radio-Piu-Servizio-Convegno-parita-salari-donne.mp3?_=10\" \/><a href=\"https:\/\/www.radiopiu.net\/wordpress\/wp-content\/uploads\/2024\/03\/Radio-Piu-Servizio-Convegno-parita-salari-donne.mp3\">https:\/\/www.radiopiu.net\/wordpress\/wp-content\/uploads\/2024\/03\/Radio-Piu-Servizio-Convegno-parita-salari-donne.mp3<\/a><\/audio>\n<p>&nbsp;<\/p>\n<hr \/>\n<p>&nbsp;<\/p>\n<blockquote>\n<h1><strong>Nomina dei Nuovi Consiglieri del Parco Nazionale Dolomiti Bellunesi<\/strong><\/h1>\n<\/blockquote>\n<p>&nbsp;<\/p>\n<p><strong>FELTRE<\/strong> Il Ministro dell&#8217;Ambiente, Gilberto Pichetto Fratin, ha recentemente nominato due nuovi consiglieri per il Parco Nazionale Dolomiti Bellunesi, sostituendo i membri dimissionario e decaduto. Il dottor Sebastiano Slongo e l&#8217;architetto Elena De Bona, entrambi rappresentanti della Comunit\u00e0 del Parco, sono stati selezionati per il loro impegno e competenze. Il Presidente del Parco, Ennio Vigne, ha accolto con favore le nuove nomine, augurando ai nuovi consiglieri un proficuo mandato. Elena De Bona e Sebastiano Slongo hanno espresso gratitudine e determinazione nel contribuire allo sviluppo sostenibile e alla conservazione del patrimonio naturale e culturale del Parco.<\/p>\n<p>&nbsp;<\/p>\n<hr \/>\n<p>&nbsp;<\/p>\n<blockquote>\n<h2><\/h2>\n<h2><strong><a class=\"dt-pswp-item\" href=\"https:\/\/www.radiopiu.net\/wordpress\/wp-content\/uploads\/2024\/03\/11-marzo-incontro-Confartigianato-Belluno.png\" data-dt-img-description=\"\" data-large_image_width=\"602\" data-large_image_height=\"395\"><img loading=\"lazy\" decoding=\"async\" class=\"wp-image-378194 alignleft\" src=\"https:\/\/www.radiopiu.net\/wordpress\/wp-content\/uploads\/2024\/03\/11-marzo-incontro-Confartigianato-Belluno-300x197.png\" alt=\"\" width=\"183\" height=\"120\" srcset=\"https:\/\/www.radiopiu.net\/wordpress\/wp-content\/uploads\/2024\/03\/11-marzo-incontro-Confartigianato-Belluno-300x197.png 300w, https:\/\/www.radiopiu.net\/wordpress\/wp-content\/uploads\/2024\/03\/11-marzo-incontro-Confartigianato-Belluno.png 602w\" sizes=\"auto, (max-width: 183px) 100vw, 183px\" \/><\/a>Incontro: &#8220;Operatori del Benessere contro la violenza&#8221;<\/strong><\/h2>\n<\/blockquote>\n<p><strong>BELLUNO<\/strong> Confartigianato, ULSS 1 Dolomiti e Questura di Belluno, organizza un incontro sulla violenza domestica e di genere. L&#8217;evento, intitolato &#8220;Operatori del Benessere sentinelle contro la violenza&#8221;, si terr\u00e0 luned\u00ec 11 marzo 2024 alle ore 17:30 presso la sede di Confartigianato Imprese Belluno in Piazzale Resistenza. L&#8217;iniziativa si propone di informare i professionisti della bellezza sulla rete di supporto attiva nell&#8217;ULSS 1 per le vittime di abusi, con la partecipazione della Dr.ssa Erika Leone, Medico Legale presso AULSS 1 Dolomiti.<\/p>\n<p>&nbsp;<\/p>\n<p>&nbsp;<\/p>\n<hr \/>\n<p>&nbsp;<\/p>\n<p>&nbsp;<\/p>\n<h2><span style=\"color: #000000;\"> TAIBON ADOTTA LA VARIANTE PER LA ROTATORIA A STRAPONT, INTERSEZIONE CON LA REGIONALE 203 AGORDINA<\/span><\/h2>\n<p><strong><a class=\"dt-pswp-item\" href=\"https:\/\/www.radiopiu.net\/wordpress\/wp-content\/uploads\/2020\/05\/TAIBON-DRONE-scaled.jpg\" data-dt-img-description=\"DCIM100MEDIADJI_0046.JPG\" data-large_image_width=\"2560\" data-large_image_height=\"1440\"><img loading=\"lazy\" decoding=\"async\" class=\"size-medium wp-image-136470 alignleft\" src=\"https:\/\/www.radiopiu.net\/wordpress\/wp-content\/uploads\/2020\/05\/TAIBON-DRONE-300x169.jpg\" alt=\"\" width=\"300\" height=\"169\" srcset=\"https:\/\/www.radiopiu.net\/wordpress\/wp-content\/uploads\/2020\/05\/TAIBON-DRONE-300x169.jpg 300w, https:\/\/www.radiopiu.net\/wordpress\/wp-content\/uploads\/2020\/05\/TAIBON-DRONE-1024x576.jpg 1024w, https:\/\/www.radiopiu.net\/wordpress\/wp-content\/uploads\/2020\/05\/TAIBON-DRONE-768x432.jpg 768w, https:\/\/www.radiopiu.net\/wordpress\/wp-content\/uploads\/2020\/05\/TAIBON-DRONE-1536x864.jpg 1536w, https:\/\/www.radiopiu.net\/wordpress\/wp-content\/uploads\/2020\/05\/TAIBON-DRONE-2048x1152.jpg 2048w\" sizes=\"auto, (max-width: 300px) 100vw, 300px\" \/><\/a><\/strong><\/p>\n<div class=\"flex-1 overflow-hidden\">\n<div class=\"react-scroll-to-bottom--css-mykiq-79elbk h-full\">\n<div class=\"react-scroll-to-bottom--css-mykiq-1n7m0yu\">\n<div class=\"flex flex-col text-sm pb-9\">\n<div class=\"w-full text-token-text-primary\" data-testid=\"conversation-turn-27\">\n<div class=\"px-4 py-2 justify-center text-base md:gap-6 m-auto\">\n<div class=\"flex flex-1 text-base mx-auto gap-3 md:px-5 lg:px-1 xl:px-5 md:max-w-3xl lg:max-w-[40rem] xl:max-w-[48rem] group final-completion\">\n<div class=\"relative flex w-full flex-col agent-turn\">\n<div class=\"flex-col gap-1 md:gap-3\">\n<div class=\"flex flex-grow flex-col max-w-full\">\n<div class=\"min-h-[20px] text-message flex flex-col items-start gap-3 whitespace-pre-wrap break-words [.text-message+&amp;]:mt-5 overflow-x-auto\" data-message-author-role=\"assistant\" data-message-id=\"c8e33371-25f5-411a-8299-b4d0f3a33dc7\">\n<div class=\"markdown prose w-full break-words dark:prose-invert dark\">\n<p><strong>Consiglio Comunale a Taibon: Bilancio e Progetti in Discussione<\/strong><\/p>\n<p>Il sindaco Silvia Tormen ha convocato il Consiglio Comunale per mercoled\u00ec alle 19 presso la sede municipale di Taibon. Tra i punti all&#8217;ordine del giorno, spiccano la discussione sul bilancio di previsione e variazioni al bilancio comunale. In particolare, verr\u00e0 affrontata la questione della riduzione del verde privato vincolato su terreni situati in localit\u00e0 Peden, insieme alla riduzione del verde su terreni in localit\u00e0 al Forte. Un altro argomento di interesse sar\u00e0 il miglioramento della rotatoria di via Strapont, con un intervento previsto utilizzando i fondi di confine del 2019. Si prevede una discussione approfondita su questi temi cruciali per lo sviluppo e il benessere della comunit\u00e0 locale.<\/p>\n<\/div>\n<\/div>\n<\/div>\n<div class=\"mt-1 flex justify-start gap-3 empty:hidden\">\n<div class=\"flex items-center gap-1.5 text-xs\"><\/div>\n<\/div>\n<\/div>\n<\/div>\n<\/div>\n<\/div>\n<\/div>\n<\/div>\n<\/div>\n<\/div>\n<\/div>\n<p>&nbsp;<\/p>\n<h2><span style=\"color: #ff0000;\"><a class=\"dt-pswp-item\" href=\"https:\/\/www.radiopiu.net\/wordpress\/wp-content\/uploads\/2024\/03\/agordo.png\" data-dt-img-description=\"\" data-large_image_width=\"615\" data-large_image_height=\"379\"><img loading=\"lazy\" decoding=\"async\" class=\"wp-image-378175 alignleft\" src=\"https:\/\/www.radiopiu.net\/wordpress\/wp-content\/uploads\/2024\/03\/agordo-300x185.png\" alt=\"\" width=\"219\" height=\"135\" srcset=\"https:\/\/www.radiopiu.net\/wordpress\/wp-content\/uploads\/2024\/03\/agordo-300x185.png 300w, https:\/\/www.radiopiu.net\/wordpress\/wp-content\/uploads\/2024\/03\/agordo.png 615w\" sizes=\"auto, (max-width: 219px) 100vw, 219px\" \/><\/a>CONSIGLIO COMUNALE IN DIRETTA SUI CANALI SOCIAL DI RADIOPIU&#8217;, FACEBOOK E TELEGRAM.<\/span><\/h2>\n<p>Il sindaco Roberto Chissal\u00e8 ha convocato il Consiglio Comunale per luned\u00ec alle 19 presso la sede municipale di Agordo. Quattro sono i punti all&#8217;ordine del giorno. Si discuter\u00e0 innanzitutto del bilancio preventivo di ASCA, seguito da una variazione al Documento Unico di Programmazione (DUP). Un&#8217;altra importante delibera riguarder\u00e0 la nomina dell&#8217;organo di revisione economico-finanziaria, fondamentale per garantire la trasparenza e la corretta gestione delle risorse comunali. Infine, si affronter\u00e0 una modifica al sedime stradale in corrispondenza dell&#8217;attivit\u00e0 delle Costruzioni Elettromeccaniche, una decisione che potrebbe influenzare il tessuto urbanistico e commerciale del territorio. Si prevede un dibattito costruttivo e partecipativo su questi temi di interesse pubblico.<\/p>\n<p>&nbsp;<\/p>\n<hr \/>\n<p>&nbsp;<\/p>\n<blockquote>\n<h3>UNA NUOVA SEDE PER GLI ALPINI DI CAVARZANO<\/h3>\n<\/blockquote>\n<p><strong><a class=\"dt-pswp-item\" href=\"https:\/\/www.radiopiu.net\/wordpress\/wp-content\/uploads\/2024\/03\/sede-alpini-cavarzano-oltrardo.jpg\" data-dt-img-description=\"\" data-large_image_width=\"1504\" data-large_image_height=\"1004\"><img loading=\"lazy\" decoding=\"async\" class=\" wp-image-378268 alignleft\" src=\"https:\/\/www.radiopiu.net\/wordpress\/wp-content\/uploads\/2024\/03\/sede-alpini-cavarzano-oltrardo-300x200.jpg\" alt=\"\" width=\"152\" height=\"101\" srcset=\"https:\/\/www.radiopiu.net\/wordpress\/wp-content\/uploads\/2024\/03\/sede-alpini-cavarzano-oltrardo-300x200.jpg 300w, https:\/\/www.radiopiu.net\/wordpress\/wp-content\/uploads\/2024\/03\/sede-alpini-cavarzano-oltrardo-1024x684.jpg 1024w, https:\/\/www.radiopiu.net\/wordpress\/wp-content\/uploads\/2024\/03\/sede-alpini-cavarzano-oltrardo-768x513.jpg 768w, https:\/\/www.radiopiu.net\/wordpress\/wp-content\/uploads\/2024\/03\/sede-alpini-cavarzano-oltrardo.jpg 1504w\" sizes=\"auto, (max-width: 152px) 100vw, 152px\" \/><\/a>BELLUNO<\/strong> Il Gruppo Alpini Cavarzano-Oltrardo inaugura una nuova sede in via Bortolo Castellani. Intitolata a un eroe caduto nella Seconda Guerra Mondiale, la celebrazione del 59\u00b0 anniversario inizia alle 10 con un ritrovo in piazzetta De Col Tana, seguito dalla deposizione di una corona d&#8217;alloro e dalla Santa Messa. La Banca Prealpi ha sostenuto il restauro dell&#8217;edificio. La nuova sede, dotata di spazi ampi e cucina, servir\u00e0 come punto di riferimento per mantenere vive le tradizioni alpine, accogliendo iscritti e il nucleo di Protezione Civile, e fungendo da luogo di incontro per altre associazioni locali.<\/p>\n<p>&nbsp;<\/p>\n<p>&nbsp;<\/p>\n<hr \/>\n<p>&nbsp;<\/p>\n<blockquote>\n<h3>LA SETTIMANA MONDIALE DEL GLAUCOMA<\/h3>\n<\/blockquote>\n<p><strong><a class=\"dt-pswp-item\" href=\"https:\/\/www.radiopiu.net\/wordpress\/wp-content\/uploads\/2023\/01\/OCCHIO.jpg\" data-dt-img-description=\"\" data-large_image_width=\"1280\" data-large_image_height=\"720\"><img loading=\"lazy\" decoding=\"async\" class=\" wp-image-316407 alignleft\" src=\"https:\/\/www.radiopiu.net\/wordpress\/wp-content\/uploads\/2023\/01\/OCCHIO-300x169.jpg\" alt=\"\" width=\"154\" height=\"87\" srcset=\"https:\/\/www.radiopiu.net\/wordpress\/wp-content\/uploads\/2023\/01\/OCCHIO-300x169.jpg 300w, https:\/\/www.radiopiu.net\/wordpress\/wp-content\/uploads\/2023\/01\/OCCHIO-1024x576.jpg 1024w, https:\/\/www.radiopiu.net\/wordpress\/wp-content\/uploads\/2023\/01\/OCCHIO-768x432.jpg 768w, https:\/\/www.radiopiu.net\/wordpress\/wp-content\/uploads\/2023\/01\/OCCHIO.jpg 1280w\" sizes=\"auto, (max-width: 154px) 100vw, 154px\" \/><\/a>BELLUNO<\/strong> Dal 10 al 16 marzo si celebra la \u201cSettimana mondiale del glaucoma\u201d. La patologia colpisce milioni di persone, ma la prevenzione e la diagnosi precoce sono fondamentali. Nel mondo, circa 76 milioni di persone sono affette da glaucoma, 1 milione in Italia, ma la met\u00e0 \u00e8 inconsapevole. La popolazione spesso ignora la malattia e il grave rischio di perdita della vista. La sezione UICI di Belluno aderisce alla campagna di prevenzione e organizza una giornata informativa il 12 marzo 2024 in Piazza dei Martiri, distribuendo opuscoli per sensibilizzare la cittadinanza sulla tematica del glaucoma.<\/p>\n<p>&nbsp;<\/p>\n<p>&nbsp;<\/p>\n<hr \/>\n<p>&nbsp;<\/p>\n<blockquote>\n<blockquote>\n<h2><span style=\"color: #ff0000;\">MALTEMPO: VECIA POPA RINVIATA A DOMENICA 17 MARZO<\/span><\/h2>\n<\/blockquote>\n<p><strong>REDAZIONE<\/strong> Le previsioni del tempo consigliano di rinviare gli eventi all&#8217;aperto. La sfilata per le vie di Agordo de la Vecia Popa, con arrivo sul Broi per la lettura del testamento e il rogo \u00e8 rinviata di sette giorni a domenica 17 marzo, con lo stesso programma<\/p>\n<p>&nbsp;<\/p>\n<p><strong><a class=\"dt-pswp-item\" href=\"https:\/\/www.radiopiu.net\/wordpress\/wp-content\/uploads\/2024\/02\/VeciaPopa2014b.jpg\" data-dt-img-description=\"\" data-large_image_width=\"1500\" data-large_image_height=\"944\"><img loading=\"lazy\" decoding=\"async\" class=\" wp-image-376680 alignleft\" src=\"https:\/\/www.radiopiu.net\/wordpress\/wp-content\/uploads\/2024\/02\/VeciaPopa2014b-300x189.jpg\" alt=\"\" width=\"163\" height=\"103\" srcset=\"https:\/\/www.radiopiu.net\/wordpress\/wp-content\/uploads\/2024\/02\/VeciaPopa2014b-300x189.jpg 300w, https:\/\/www.radiopiu.net\/wordpress\/wp-content\/uploads\/2024\/02\/VeciaPopa2014b-1024x644.jpg 1024w, https:\/\/www.radiopiu.net\/wordpress\/wp-content\/uploads\/2024\/02\/VeciaPopa2014b-768x483.jpg 768w, https:\/\/www.radiopiu.net\/wordpress\/wp-content\/uploads\/2024\/02\/VeciaPopa2014b.jpg 1500w\" sizes=\"auto, (max-width: 163px) 100vw, 163px\" \/><\/a>DI MIRKO MEZZACASA<\/strong><\/p>\n<p>OSPITI: Thomas Manfroi e Valentina De Nardin<\/p>\n<audio class=\"wp-audio-shortcode\" id=\"audio-378117-11\" preload=\"none\" style=\"width: 100%;\" controls=\"controls\"><source type=\"audio\/mpeg\" src=\"https:\/\/www.radiopiu.net\/wordpress\/wp-content\/uploads\/2024\/02\/vecia-popa-2024.mp3?_=11\" \/><a href=\"https:\/\/www.radiopiu.net\/wordpress\/wp-content\/uploads\/2024\/02\/vecia-popa-2024.mp3\">https:\/\/www.radiopiu.net\/wordpress\/wp-content\/uploads\/2024\/02\/vecia-popa-2024.mp3<\/a><\/audio>\n<p>&nbsp;<\/p>\n<p>&nbsp;<\/p><\/blockquote>\n<p>&nbsp;<\/p>\n<hr \/>\n<p>&nbsp;<\/p>\n<blockquote>\n<h3>API AMBIENTE IN UN INCONTRO A BELLUNO<\/h3>\n<\/blockquote>\n<p><strong><a class=\"dt-pswp-item\" href=\"https:\/\/www.radiopiu.net\/wordpress\/wp-content\/uploads\/2024\/03\/Api_marzo_24.jpg\" data-dt-img-description=\"\" data-large_image_width=\"1240\" data-large_image_height=\"1754\"><img loading=\"lazy\" decoding=\"async\" class=\"size-medium wp-image-378230 aligncenter\" src=\"https:\/\/www.radiopiu.net\/wordpress\/wp-content\/uploads\/2024\/03\/Api_marzo_24-212x300.jpg\" alt=\"\" width=\"212\" height=\"300\" srcset=\"https:\/\/www.radiopiu.net\/wordpress\/wp-content\/uploads\/2024\/03\/Api_marzo_24-212x300.jpg 212w, https:\/\/www.radiopiu.net\/wordpress\/wp-content\/uploads\/2024\/03\/Api_marzo_24-724x1024.jpg 724w, https:\/\/www.radiopiu.net\/wordpress\/wp-content\/uploads\/2024\/03\/Api_marzo_24-768x1086.jpg 768w, https:\/\/www.radiopiu.net\/wordpress\/wp-content\/uploads\/2024\/03\/Api_marzo_24-1086x1536.jpg 1086w, https:\/\/www.radiopiu.net\/wordpress\/wp-content\/uploads\/2024\/03\/Api_marzo_24.jpg 1240w\" sizes=\"auto, (max-width: 212px) 100vw, 212px\" \/><\/a><\/strong><\/p>\n<p><strong>BELLUNO<\/strong><\/p>\n<p>DI ALESSIA DALL&#8217;O&#8217;<\/p>\n<audio class=\"wp-audio-shortcode\" id=\"audio-378117-12\" preload=\"none\" style=\"width: 100%;\" controls=\"controls\"><source type=\"audio\/mpeg\" src=\"https:\/\/www.radiopiu.net\/wordpress\/wp-content\/uploads\/2024\/03\/ALESSIA-API-AMBIENTE.mp3?_=12\" \/><a href=\"https:\/\/www.radiopiu.net\/wordpress\/wp-content\/uploads\/2024\/03\/ALESSIA-API-AMBIENTE.mp3\">https:\/\/www.radiopiu.net\/wordpress\/wp-content\/uploads\/2024\/03\/ALESSIA-API-AMBIENTE.mp3<\/a><\/audio>\n<p>&nbsp;<\/p>\n<hr \/>\n<p>&nbsp;<\/p>\n<p>&nbsp;<\/p>\n<blockquote>\n<h2><a class=\"dt-pswp-item\" href=\"https:\/\/www.radiopiu.net\/wordpress\/wp-content\/uploads\/2018\/10\/Volante-Questura-2-1.jpg\" data-dt-img-description=\"\" data-large_image_width=\"200\" data-large_image_height=\"200\"><img loading=\"lazy\" decoding=\"async\" class=\"wp-image-64854 alignleft\" src=\"https:\/\/www.radiopiu.net\/wordpress\/wp-content\/uploads\/2018\/10\/Volante-Questura-2-1.jpg\" alt=\"\" width=\"110\" height=\"110\" srcset=\"https:\/\/www.radiopiu.net\/wordpress\/wp-content\/uploads\/2018\/10\/Volante-Questura-2-1.jpg 200w, https:\/\/www.radiopiu.net\/wordpress\/wp-content\/uploads\/2018\/10\/Volante-Questura-2-1-150x150.jpg 150w\" sizes=\"auto, (max-width: 110px) 100vw, 110px\" \/><\/a>Questura di Belluno &#8211; Ufficio Concorsi &#8211;<\/h2>\n<\/blockquote>\n<p><strong>BELLUNO<\/strong>\u00a0 Sul Portale unico del reclutamento www.inpa.gov.it e sul sito www.poliziadistato.it \u00e8 stato pubblicato il bando di concorso pubblico, per titoli, per l\u2019assunzione di 21 atleti da assegnare ai gruppi sportivi \u201cPolizia di Stato \u2013 Fiamme Oro\u201d, che<br \/>\nsaranno inquadrati nel ruolo degli agenti e assistenti della Polizia di Stato, indetto con decreto del 29\/02\/2024.<\/p>\n<p>&nbsp;<\/p>\n<p>&nbsp;<\/p>\n<hr \/>\n<p>&nbsp;<\/p>\n<blockquote>\n<h3><a class=\"dt-pswp-item\" href=\"https:\/\/www.radiopiu.net\/wordpress\/wp-content\/uploads\/2024\/02\/ef01c8d9-8946-44f1-bd64-5d0ea6c915c7.jpg\" data-dt-img-description=\"\" data-large_image_width=\"1050\" data-large_image_height=\"1485\"><img loading=\"lazy\" decoding=\"async\" class=\" wp-image-375927 alignleft\" src=\"https:\/\/www.radiopiu.net\/wordpress\/wp-content\/uploads\/2024\/02\/ef01c8d9-8946-44f1-bd64-5d0ea6c915c7-212x300.jpg\" alt=\"\" width=\"93\" height=\"132\" srcset=\"https:\/\/www.radiopiu.net\/wordpress\/wp-content\/uploads\/2024\/02\/ef01c8d9-8946-44f1-bd64-5d0ea6c915c7-212x300.jpg 212w, https:\/\/www.radiopiu.net\/wordpress\/wp-content\/uploads\/2024\/02\/ef01c8d9-8946-44f1-bd64-5d0ea6c915c7-724x1024.jpg 724w, https:\/\/www.radiopiu.net\/wordpress\/wp-content\/uploads\/2024\/02\/ef01c8d9-8946-44f1-bd64-5d0ea6c915c7-768x1086.jpg 768w, https:\/\/www.radiopiu.net\/wordpress\/wp-content\/uploads\/2024\/02\/ef01c8d9-8946-44f1-bd64-5d0ea6c915c7.jpg 1050w\" sizes=\"auto, (max-width: 93px) 100vw, 93px\" \/><\/a>VIE IN ROSA AL TEATRO SAN GAETANO<\/h3>\n<\/blockquote>\n<p><strong>BELLUNO<\/strong> Sono 4 gli appuntamenti in programma per la rassegna &#8220;Vie in rosa&#8221; al Teatro San Gaetano di Belluno. Il 10 marzo &#8220;le Fuori gioco&#8221; e a seguire un incontro con il sociologo Diego Cason. Il 24 marzo &#8220;Non Fare storia&#8221; con Paola Brolati e a seguire un incontro con Belluno Donna. Il 14 aprile &#8220;Rolandina Roncaglia&#8221; e il 28 aprile un incontro con Roberta Gallego. Gli spettacoli inizieranno alle 17:30.<\/p>\n<p>&nbsp;<\/p>\n<p>&nbsp;<\/p>\n<hr \/>\n<p>&nbsp;<\/p>\n<blockquote>\n<h3><a class=\"dt-pswp-item\" href=\"https:\/\/www.radiopiu.net\/wordpress\/wp-content\/uploads\/2022\/02\/610219_pckg_2501411782791317011-20140927.jpg\" data-dt-img-description=\"TEATRO COMUNALE\" data-large_image_width=\"620\" data-large_image_height=\"340\"><img loading=\"lazy\" decoding=\"async\" class=\"wp-image-258957 alignleft\" src=\"https:\/\/www.radiopiu.net\/wordpress\/wp-content\/uploads\/2022\/02\/610219_pckg_2501411782791317011-20140927-300x165.jpg\" alt=\"\" width=\"164\" height=\"90\" srcset=\"https:\/\/www.radiopiu.net\/wordpress\/wp-content\/uploads\/2022\/02\/610219_pckg_2501411782791317011-20140927-300x165.jpg 300w, https:\/\/www.radiopiu.net\/wordpress\/wp-content\/uploads\/2022\/02\/610219_pckg_2501411782791317011-20140927.jpg 620w\" sizes=\"auto, (max-width: 164px) 100vw, 164px\" \/><\/a>DONNE IL CORAGGIO DI ANDARE CONTROCORRENTE<\/h3>\n<\/blockquote>\n<p><strong>BELLUNO<\/strong> Oggi al Teatro Dino Buzzati alle 20.30 &#8220;Donne il coraggio di andare contro corrente&#8221; Serata di beneficenza a favore dell&#8217;associazione Belluno Donna. Spettacolo concerto condotto dall&#8217;attore Riccardo Checchin e dalla cantante Jessica Re. Intervengono l&#8217;attrice Roberta Barbiero\u00a0 la cantante Jessica Lena e\u00a0 la cantautrice Giorgia Canton. Ospite il pianista compositore Gioni Barbera.<\/p>\n<p>&nbsp;<\/p>\n<p>&nbsp;<\/p>\n<hr \/>\n<p>&nbsp;<\/p>\n<p>&nbsp;<\/p>\n<blockquote>\n<h3>IL PRESIDIO LIBERA DI AGORDO PARTE CON IL TESSERAMENTO 2024<\/h3>\n<\/blockquote>\n<p><strong><a class=\"dt-pswp-item\" href=\"https:\/\/www.radiopiu.net\/wordpress\/wp-content\/uploads\/2023\/06\/LIBERA-AGORDINO.jpg\" data-dt-img-description=\"\" data-large_image_width=\"640\" data-large_image_height=\"640\"><img loading=\"lazy\" decoding=\"async\" class=\" wp-image-338852 alignleft\" src=\"https:\/\/www.radiopiu.net\/wordpress\/wp-content\/uploads\/2023\/06\/LIBERA-AGORDINO-300x300.jpg\" alt=\"\" width=\"144\" height=\"144\" srcset=\"https:\/\/www.radiopiu.net\/wordpress\/wp-content\/uploads\/2023\/06\/LIBERA-AGORDINO-300x300.jpg 300w, https:\/\/www.radiopiu.net\/wordpress\/wp-content\/uploads\/2023\/06\/LIBERA-AGORDINO-150x150.jpg 150w, https:\/\/www.radiopiu.net\/wordpress\/wp-content\/uploads\/2023\/06\/LIBERA-AGORDINO.jpg 640w\" sizes=\"auto, (max-width: 144px) 100vw, 144px\" \/><\/a>AGORDO<\/strong><\/p>\n<p>DI GIANNI SANTOMASO<\/p>\n<audio class=\"wp-audio-shortcode\" id=\"audio-378117-13\" preload=\"none\" style=\"width: 100%;\" controls=\"controls\"><source type=\"audio\/mpeg\" src=\"https:\/\/www.radiopiu.net\/wordpress\/wp-content\/uploads\/2024\/03\/GIANNI-IL-PRESIDIO-LIBERA-DI-AGORDO-PARTE-CON-IL-TESSERAMENTO-2024.mp3?_=13\" \/><a href=\"https:\/\/www.radiopiu.net\/wordpress\/wp-content\/uploads\/2024\/03\/GIANNI-IL-PRESIDIO-LIBERA-DI-AGORDO-PARTE-CON-IL-TESSERAMENTO-2024.mp3\">https:\/\/www.radiopiu.net\/wordpress\/wp-content\/uploads\/2024\/03\/GIANNI-IL-PRESIDIO-LIBERA-DI-AGORDO-PARTE-CON-IL-TESSERAMENTO-2024.mp3<\/a><\/audio>\n<p>&nbsp;<\/p>\n<p>&nbsp;<\/p>\n<hr \/>\n<p>&nbsp;<\/p>\n<p>&nbsp;<\/p>\n<blockquote>\n<h1 class=\"articlePlainTitle\"><a class=\"dt-pswp-item\" href=\"https:\/\/www.radiopiu.net\/wordpress\/wp-content\/uploads\/2024\/03\/10dd4646-dc67-4951-bc8e-7bb66ce6f57a.jpg\" data-dt-img-description=\"\" data-large_image_width=\"1134\" data-large_image_height=\"1600\"><img loading=\"lazy\" decoding=\"async\" class=\"wp-image-378292 alignleft\" src=\"https:\/\/www.radiopiu.net\/wordpress\/wp-content\/uploads\/2024\/03\/10dd4646-dc67-4951-bc8e-7bb66ce6f57a-213x300.jpg\" alt=\"\" width=\"126\" height=\"177\" srcset=\"https:\/\/www.radiopiu.net\/wordpress\/wp-content\/uploads\/2024\/03\/10dd4646-dc67-4951-bc8e-7bb66ce6f57a-213x300.jpg 213w, https:\/\/www.radiopiu.net\/wordpress\/wp-content\/uploads\/2024\/03\/10dd4646-dc67-4951-bc8e-7bb66ce6f57a-726x1024.jpg 726w, https:\/\/www.radiopiu.net\/wordpress\/wp-content\/uploads\/2024\/03\/10dd4646-dc67-4951-bc8e-7bb66ce6f57a-768x1084.jpg 768w, https:\/\/www.radiopiu.net\/wordpress\/wp-content\/uploads\/2024\/03\/10dd4646-dc67-4951-bc8e-7bb66ce6f57a-1089x1536.jpg 1089w, https:\/\/www.radiopiu.net\/wordpress\/wp-content\/uploads\/2024\/03\/10dd4646-dc67-4951-bc8e-7bb66ce6f57a.jpg 1134w\" sizes=\"auto, (max-width: 126px) 100vw, 126px\" \/><\/a>Famiglia ex emigranti, il prossimo sabato\u00a0 la festa di primavera<\/h1>\n<\/blockquote>\n<div class=\"addthis_sharing_toolbox\" data-url=\"http:\/\/sfoglio.corrierealpi.gelocal.it\/share_article.php?article_id=13781411\" data-title=\"Giostre al palasport: tra i lavoratori Luxottica \u00e8 protesta per i parcheggiFamiglia ex emigranti c'\u00e8...\"><\/div>\n<div data-url=\"http:\/\/sfoglio.corrierealpi.gelocal.it\/share_article.php?article_id=13781411\" data-title=\"Giostre al palasport: tra i lavoratori Luxottica \u00e8 protesta per i parcheggiFamiglia ex emigranti c'\u00e8...\"><strong>CENCENIGHE<\/strong> Sabato 16 marzo a partire dalle 21 al Nof Fil\u00f2 di Cencenighe, dove gli emigranti agordini dell&#8217;Associazione bellunesi nel mondo si ritroveranno per passare una serata in allegria all&#8217;insegna della musica e del ballo con il gruppo Note storte. Per festeggiare l&#8217;arrivo della primavera, l&#8217;invito della Famiglia ex emigranti \u00e8 quello di indossare abiti colorati o floreali.<\/div>\n<p>&nbsp;<\/p>\n<p>&nbsp;<\/p>\n<hr \/>\n<p>&nbsp;<\/p>\n<blockquote>\n<h2>A FINE MESE FESTA IN RIVA AL TE GNAS<\/h2>\n<\/blockquote>\n<p><em>SAGRA DE P\u00e0SCA, QUATTRO GIORNI DI FESTA A TAIBON DAL 28 AL 31 MARZO NEL GRANDE TENDONE RISCALDATO\u00a0 <\/em><\/p>\n<p><strong>GIOVEDI 28<\/strong> PASTA ALL&#8217;AMATRICIANA, ALLE 20.30 LA MONTAGNA, CON MANRICO DELL&#8217;AGNOLA A SEGUIRE LA PRESENTAZIONE DEL CAMPIONATO AGORDINO DI CALCIO CON RADIOPIU E IL CANTAUTORE MARCO V DAL FARRA <strong>VENERDI 29<\/strong> BACCALA&#8217; SEPPIE E DALLE 21 L&#8217;ORCHESTRA SPETTACOLO GIANMARCO BAGUTTI <strong>SABATO 30<\/strong> TRIPPE, POLLO ALLO SPIEDO E ALTRE SPECIALITA&#8217;, DALLE 14 GARA DI BRISCOLA, ALLE 17 DJ SET CON R DI J, DALLE 21 ORCHESTRA MARIANNA LANT\u00e8RI<strong> DOMENICA<\/strong> <strong>31<\/strong> DALLE 17 L&#8217;APERITIVO CON MORGAN E BATTAGLIA, DALLE 21 LA COVER BAND NUOVANTA E DALLE 21 L&#8217;ESTRAZIONE DELLA LOTTERIA SAGRA DE PASCA CON PROLOCO, GRUPPO SPORTIVO E DONATORI DEL SANGUE TAIBON<\/p>\n<p>&nbsp;<\/p>\n<p><a class=\"dt-pswp-item\" href=\"https:\/\/www.radiopiu.net\/wordpress\/wp-content\/uploads\/2024\/03\/Senza-nome-15.png\" data-dt-img-description=\"\" data-large_image_width=\"449\" data-large_image_height=\"628\"><img loading=\"lazy\" decoding=\"async\" class=\"size-medium wp-image-377554 aligncenter\" src=\"https:\/\/www.radiopiu.net\/wordpress\/wp-content\/uploads\/2024\/03\/Senza-nome-15-214x300.png\" alt=\"\" width=\"214\" height=\"300\" srcset=\"https:\/\/www.radiopiu.net\/wordpress\/wp-content\/uploads\/2024\/03\/Senza-nome-15-214x300.png 214w, https:\/\/www.radiopiu.net\/wordpress\/wp-content\/uploads\/2024\/03\/Senza-nome-15.png 449w\" sizes=\"auto, (max-width: 214px) 100vw, 214px\" \/><\/a><\/p>\n<p>&nbsp;<\/p>\n<p>28 marzo&#8230; a TAIBON AGORDINO RADIO PIU&#8217; PRESENTA IL CAMPIONATO AGORDINO DI CALCIO.<br \/>\nAL TENDONE DELLA SAGRA DE PASCA, DALLE 20.30. INTRODUZIONE ALLA SERATA CON L&#8217;ALPINISTA MANRICO DELL&#8217;AGNOLA, SI RACCONTER\u00e0 CON DUE DOCU FILM ALLE 21.45 IL CALCIO AGORDINO CON LA COLONNA SONORA DI MARVO VI DAL FARRA . a seguire dj set sagra de pasca a taibon, organizzazione gruppo sportivo, proloco e donatori del sangue<\/p>\n<p>&nbsp;<\/p>\n<hr \/>\n<p>&nbsp;<\/p>\n<blockquote>\n<h3><a class=\"dt-pswp-item\" href=\"https:\/\/www.radiopiu.net\/wordpress\/wp-content\/uploads\/2023\/01\/MUNICIPIO-LIMANA.png\" data-dt-img-description=\"\" data-large_image_width=\"1940\" data-large_image_height=\"1032\"><img loading=\"lazy\" decoding=\"async\" class=\"wp-image-318876 alignleft\" src=\"https:\/\/www.radiopiu.net\/wordpress\/wp-content\/uploads\/2023\/01\/MUNICIPIO-LIMANA-300x160.png\" alt=\"\" width=\"182\" height=\"97\" srcset=\"https:\/\/www.radiopiu.net\/wordpress\/wp-content\/uploads\/2023\/01\/MUNICIPIO-LIMANA-300x160.png 300w, https:\/\/www.radiopiu.net\/wordpress\/wp-content\/uploads\/2023\/01\/MUNICIPIO-LIMANA-1024x545.png 1024w, https:\/\/www.radiopiu.net\/wordpress\/wp-content\/uploads\/2023\/01\/MUNICIPIO-LIMANA-768x409.png 768w, https:\/\/www.radiopiu.net\/wordpress\/wp-content\/uploads\/2023\/01\/MUNICIPIO-LIMANA-1536x817.png 1536w, https:\/\/www.radiopiu.net\/wordpress\/wp-content\/uploads\/2023\/01\/MUNICIPIO-LIMANA.png 1940w\" sizes=\"auto, (max-width: 182px) 100vw, 182px\" \/><\/a>A LIMANA UN MESE DI MARZO RICCO DI APPUNTAMENTI CULTURALI<\/h3>\n<\/blockquote>\n<p><strong>DI ROBERTO BONA<\/strong><\/p>\n<audio class=\"wp-audio-shortcode\" id=\"audio-378117-14\" preload=\"none\" style=\"width: 100%;\" controls=\"controls\"><source type=\"audio\/mpeg\" src=\"https:\/\/www.radiopiu.net\/wordpress\/wp-content\/uploads\/2024\/03\/BONA-A-LIMANA-UN-MESE-DI-MARZO-RICCO-DI-APPUNTAMENTI-CULTURALI.mp3?_=14\" \/><a href=\"https:\/\/www.radiopiu.net\/wordpress\/wp-content\/uploads\/2024\/03\/BONA-A-LIMANA-UN-MESE-DI-MARZO-RICCO-DI-APPUNTAMENTI-CULTURALI.mp3\">https:\/\/www.radiopiu.net\/wordpress\/wp-content\/uploads\/2024\/03\/BONA-A-LIMANA-UN-MESE-DI-MARZO-RICCO-DI-APPUNTAMENTI-CULTURALI.mp3<\/a><\/audio>\n<p>&nbsp;<\/p>\n<p>&nbsp;<\/p>\n<hr \/>\n<h3><\/h3>\n<p>&nbsp;<\/p>\n<h3><a class=\"dt-pswp-item\" href=\"https:\/\/www.radiopiu.net\/wordpress\/wp-content\/uploads\/2024\/03\/4cd9fd3a-d573-4747-a626-ddf698459768.jpg\" data-dt-img-description=\"\" data-large_image_width=\"720\" data-large_image_height=\"1600\"><img loading=\"lazy\" decoding=\"async\" class=\"wp-image-378195 alignleft\" src=\"https:\/\/www.radiopiu.net\/wordpress\/wp-content\/uploads\/2024\/03\/4cd9fd3a-d573-4747-a626-ddf698459768-135x300.jpg\" alt=\"\" width=\"87\" height=\"193\" srcset=\"https:\/\/www.radiopiu.net\/wordpress\/wp-content\/uploads\/2024\/03\/4cd9fd3a-d573-4747-a626-ddf698459768-135x300.jpg 135w, https:\/\/www.radiopiu.net\/wordpress\/wp-content\/uploads\/2024\/03\/4cd9fd3a-d573-4747-a626-ddf698459768-461x1024.jpg 461w, https:\/\/www.radiopiu.net\/wordpress\/wp-content\/uploads\/2024\/03\/4cd9fd3a-d573-4747-a626-ddf698459768-691x1536.jpg 691w, https:\/\/www.radiopiu.net\/wordpress\/wp-content\/uploads\/2024\/03\/4cd9fd3a-d573-4747-a626-ddf698459768.jpg 720w\" sizes=\"auto, (max-width: 87px) 100vw, 87px\" \/><\/a><\/h3>\n<p>&nbsp;<\/p>\n<blockquote>\n<h3>ANNULLATO IL DOLOMITES BEATS BY FERTAZZA CON FARGETTA<\/h3>\n<\/blockquote>\n<p><strong>REDAZIONE <\/strong>Annullato l&#8217;evento al Ristoro Belvedere Cima Fertazza con ospite Mario Fargetta. Le previsioni meteo avverse hanno costretto gli organizzatori a rinunciare all&#8217;evento in programma questo fine settimana.<\/p>\n<p>&nbsp;<\/p>\n<p>&nbsp;<\/p>\n<p>&nbsp;<\/p>\n<p>&nbsp;<\/p>\n<p>&nbsp;<\/p>\n<hr \/>\n<p>&nbsp;<\/p>\n<blockquote>\n<h3><\/h3>\n<h3><a class=\"dt-pswp-item\" href=\"https:\/\/www.radiopiu.net\/wordpress\/wp-content\/uploads\/2023\/08\/862c8c0d-fb55-49e7-875a-930f514a02a7.jpg\" data-dt-img-description=\"\" data-large_image_width=\"2048\" data-large_image_height=\"1536\"><img loading=\"lazy\" decoding=\"async\" class=\"wp-image-349786 alignleft\" src=\"https:\/\/www.radiopiu.net\/wordpress\/wp-content\/uploads\/2023\/08\/862c8c0d-fb55-49e7-875a-930f514a02a7-300x225.jpg\" alt=\"\" width=\"136\" height=\"102\" srcset=\"https:\/\/www.radiopiu.net\/wordpress\/wp-content\/uploads\/2023\/08\/862c8c0d-fb55-49e7-875a-930f514a02a7-300x225.jpg 300w, https:\/\/www.radiopiu.net\/wordpress\/wp-content\/uploads\/2023\/08\/862c8c0d-fb55-49e7-875a-930f514a02a7-1024x768.jpg 1024w, https:\/\/www.radiopiu.net\/wordpress\/wp-content\/uploads\/2023\/08\/862c8c0d-fb55-49e7-875a-930f514a02a7-768x576.jpg 768w, https:\/\/www.radiopiu.net\/wordpress\/wp-content\/uploads\/2023\/08\/862c8c0d-fb55-49e7-875a-930f514a02a7-1536x1152.jpg 1536w, https:\/\/www.radiopiu.net\/wordpress\/wp-content\/uploads\/2023\/08\/862c8c0d-fb55-49e7-875a-930f514a02a7.jpg 2048w\" sizes=\"auto, (max-width: 136px) 100vw, 136px\" \/><\/a>LAVORI PER INTERRAMENTO DELLA CONDOTTA IDRICA<\/h3>\n<\/blockquote>\n<p><strong>LA VALLE<\/strong> Il Comune La Valle Agordina ordina la sospensione temporanea della circolazione veicolare sulla viabilit\u00e0 Silvo-pastorale di Fres, dall&#8217;11\/03\/2024 al 24\/06\/2024, dalle 7 alle 18 dal luned\u00ec al venerd\u00ec, esclusi sabato e domenica. Viene istituito il divieto di transito pedonale e con biciclette dalla localit\u00e0 Piaia fino a Pra de Val, con l&#8217;altro lato del divieto al ponte sul torrente Rova di Caleda. Analogamente, \u00e8 vietato il transito pedonale e con biciclette su parte del sentiero CAI n.551 (Strada Vicinale di Pepolade) dal 11\/03\/2024 al 24\/06\/2024 per l&#8217;intera durata delle 24 ore.<\/p>\n<p>&nbsp;<\/p>\n<p>&nbsp;<\/p>\n<hr \/>\n<p>&nbsp;<\/p>\n<p>&nbsp;<\/p>\n<blockquote>\n<h3><a class=\"dt-pswp-item\" href=\"https:\/\/www.radiopiu.net\/wordpress\/wp-content\/uploads\/2021\/04\/Cerimonia-25-aprile-2021-7-scaled.jpg\" data-dt-img-description=\"\" data-large_image_width=\"2560\" data-large_image_height=\"1707\"><img loading=\"lazy\" decoding=\"async\" class=\"wp-image-205659 alignleft\" src=\"https:\/\/www.radiopiu.net\/wordpress\/wp-content\/uploads\/2021\/04\/Cerimonia-25-aprile-2021-7-300x200.jpg\" alt=\"\" width=\"162\" height=\"108\" srcset=\"https:\/\/www.radiopiu.net\/wordpress\/wp-content\/uploads\/2021\/04\/Cerimonia-25-aprile-2021-7-300x200.jpg 300w, https:\/\/www.radiopiu.net\/wordpress\/wp-content\/uploads\/2021\/04\/Cerimonia-25-aprile-2021-7-1024x683.jpg 1024w, https:\/\/www.radiopiu.net\/wordpress\/wp-content\/uploads\/2021\/04\/Cerimonia-25-aprile-2021-7-768x512.jpg 768w, https:\/\/www.radiopiu.net\/wordpress\/wp-content\/uploads\/2021\/04\/Cerimonia-25-aprile-2021-7-1536x1024.jpg 1536w, https:\/\/www.radiopiu.net\/wordpress\/wp-content\/uploads\/2021\/04\/Cerimonia-25-aprile-2021-7-2048x1365.jpg 2048w\" sizes=\"auto, (max-width: 162px) 100vw, 162px\" \/><\/a>GLI EVENTI PER LA LOTTA DI LIBERAZIONE<\/h3>\n<\/blockquote>\n<p><strong>DI ROBERTO BONA<\/strong><\/p>\n<audio class=\"wp-audio-shortcode\" id=\"audio-378117-15\" preload=\"none\" style=\"width: 100%;\" controls=\"controls\"><source type=\"audio\/mpeg\" src=\"https:\/\/www.radiopiu.net\/wordpress\/wp-content\/uploads\/2024\/03\/BONA-GLI-EVENTI-PER-LA-LOTTA-DI-LIBERAZIONE.mp3?_=15\" \/><a href=\"https:\/\/www.radiopiu.net\/wordpress\/wp-content\/uploads\/2024\/03\/BONA-GLI-EVENTI-PER-LA-LOTTA-DI-LIBERAZIONE.mp3\">https:\/\/www.radiopiu.net\/wordpress\/wp-content\/uploads\/2024\/03\/BONA-GLI-EVENTI-PER-LA-LOTTA-DI-LIBERAZIONE.mp3<\/a><\/audio>\n<p>&nbsp;<\/p>\n<p>&nbsp;<\/p>\n<hr \/>\n<p>&nbsp;<\/p>\n<blockquote>\n<h3>DALL&#8217;11 AL 17 MARZO IL PROGETTO FAME DI VITA<\/h3>\n<\/blockquote>\n<p><strong><a class=\"dt-pswp-item\" href=\"https:\/\/www.radiopiu.net\/wordpress\/wp-content\/uploads\/2024\/03\/Fiocchetto-lilla-15-Marzo-768x432-1.jpg\" data-dt-img-description=\"\" data-large_image_width=\"768\" data-large_image_height=\"432\"><img loading=\"lazy\" decoding=\"async\" class=\" wp-image-378061 alignleft\" src=\"https:\/\/www.radiopiu.net\/wordpress\/wp-content\/uploads\/2024\/03\/Fiocchetto-lilla-15-Marzo-768x432-1-300x169.jpg\" alt=\"\" width=\"186\" height=\"105\" srcset=\"https:\/\/www.radiopiu.net\/wordpress\/wp-content\/uploads\/2024\/03\/Fiocchetto-lilla-15-Marzo-768x432-1-300x169.jpg 300w, https:\/\/www.radiopiu.net\/wordpress\/wp-content\/uploads\/2024\/03\/Fiocchetto-lilla-15-Marzo-768x432-1.jpg 768w\" sizes=\"auto, (max-width: 186px) 100vw, 186px\" \/><\/a>SANTA GIUSTINA<\/strong><\/p>\n<p>DI ALESSIA DALL&#8217;O&#8217;<\/p>\n<audio class=\"wp-audio-shortcode\" id=\"audio-378117-16\" preload=\"none\" style=\"width: 100%;\" controls=\"controls\"><source type=\"audio\/mpeg\" src=\"https:\/\/www.radiopiu.net\/wordpress\/wp-content\/uploads\/2024\/03\/ALESSIA-DALL11-AL-17-MARZO-IL-PROGETTO-FAME-DI-VITA.mp3?_=16\" \/><a href=\"https:\/\/www.radiopiu.net\/wordpress\/wp-content\/uploads\/2024\/03\/ALESSIA-DALL11-AL-17-MARZO-IL-PROGETTO-FAME-DI-VITA.mp3\">https:\/\/www.radiopiu.net\/wordpress\/wp-content\/uploads\/2024\/03\/ALESSIA-DALL11-AL-17-MARZO-IL-PROGETTO-FAME-DI-VITA.mp3<\/a><\/audio>\n<p>&nbsp;<\/p>\n<hr \/>\n<p>&nbsp;<\/p>\n<h2><span style=\"color: #ff6600;\">IERI ALLA RADIO\u00a0\u00a0<\/span><\/h2>\n<blockquote>\n<h2>I PROFESSIONISTI DEL POLIAMBULATORIO AGORDINO le interviste STAGIONE 2024<\/h2>\n<\/blockquote>\n<p><strong>PUNTATA DEL 08 MARZO 2024 &#8211; IL FISIOTERAPISTA ROBERTO AGNOLET\u00a0\u00a0<\/strong><\/p>\n<p><strong><img loading=\"lazy\" decoding=\"async\" class=\"alignleft\" src=\"https:\/\/www.radiopiu.net\/wordpress\/wp-content\/uploads\/2023\/03\/agnolet.png\" width=\"209\" height=\"146\" \/><\/strong><strong>ROBERTO AGNOLET<\/strong>\u00a0 Fisioterapista e Dottore Magistrale in Scienze Motorie per la Prevenzione e la Salute, tratta i principali disturbi a carico del sistema muscoloscheletrico (cervicalgie, lombalgie, distorsioni, lesioni muscolari) e nervoso (lesioni midollari, esiti di ictus, esiti di traumi cranici, lesioni del sistema nervoso periferico, Parkinson). Data la mia formazione e la mia passione, mi occupo nello specifico dell&#8217;ambito sportivo a tutto tondo, prendendo in carico la persona dall&#8217;accesso al trattamento fisioterapico fino al suo ritorno in campo\/gara.<\/p>\n<audio class=\"wp-audio-shortcode\" id=\"audio-378117-17\" preload=\"none\" style=\"width: 100%;\" controls=\"controls\"><source type=\"audio\/mpeg\" src=\"https:\/\/www.radiopiu.net\/wordpress\/wp-content\/uploads\/2024\/03\/ROBERTO-AGNOLET-MARZO-2024.mp3?_=17\" \/><a href=\"https:\/\/www.radiopiu.net\/wordpress\/wp-content\/uploads\/2024\/03\/ROBERTO-AGNOLET-MARZO-2024.mp3\">https:\/\/www.radiopiu.net\/wordpress\/wp-content\/uploads\/2024\/03\/ROBERTO-AGNOLET-MARZO-2024.mp3<\/a><\/audio>\n<p>&nbsp;<\/p>\n<h2>LA RACCOLTA COMPLETA <a href=\"https:\/\/www.radiopiu.net\/wordpress\/i-professionisti-del-poliambulatorio-agordino-le-interviste-stagione-2023\/\">CLICCA QUI<\/a><\/h2>\n<p>&nbsp;<\/p>\n<p>&nbsp;<\/p>\n<hr \/>\n<p>&nbsp;<\/p>\n<h2><span style=\"color: #ff00ff;\">&#8220;DINTORN E FORA VIA&#8221;\u00a0 IL PROGRAMMA\u00a0 A CURA DEL MUSLA<\/span><\/h2>\n<p><strong><a class=\"dt-pswp-item\" href=\"https:\/\/www.radiopiu.net\/wordpress\/wp-content\/uploads\/2023\/04\/286468059_10225543269835880_1681823351224487741_n.jpg\" data-dt-img-description=\"\" data-large_image_width=\"958\" data-large_image_height=\"960\"><img loading=\"lazy\" decoding=\"async\" class=\"wp-image-331970 alignleft\" src=\"https:\/\/www.radiopiu.net\/wordpress\/wp-content\/uploads\/2023\/04\/286468059_10225543269835880_1681823351224487741_n-300x300.jpg\" alt=\"\" width=\"128\" height=\"128\" srcset=\"https:\/\/www.radiopiu.net\/wordpress\/wp-content\/uploads\/2023\/04\/286468059_10225543269835880_1681823351224487741_n-300x300.jpg 300w, https:\/\/www.radiopiu.net\/wordpress\/wp-content\/uploads\/2023\/04\/286468059_10225543269835880_1681823351224487741_n-150x150.jpg 150w, https:\/\/www.radiopiu.net\/wordpress\/wp-content\/uploads\/2023\/04\/286468059_10225543269835880_1681823351224487741_n-768x770.jpg 768w, https:\/\/www.radiopiu.net\/wordpress\/wp-content\/uploads\/2023\/04\/286468059_10225543269835880_1681823351224487741_n.jpg 958w\" sizes=\"auto, (max-width: 128px) 100vw, 128px\" \/><\/a>PUNTATA DEL 8 MARZO, BEATRICE COLCUC<\/strong><\/p>\n<audio class=\"wp-audio-shortcode\" id=\"audio-378117-18\" preload=\"none\" style=\"width: 100%;\" controls=\"controls\"><source type=\"audio\/mpeg\" src=\"https:\/\/www.radiopiu.net\/wordpress\/wp-content\/uploads\/2024\/03\/MUSLA-2.mp3?_=18\" \/><a href=\"https:\/\/www.radiopiu.net\/wordpress\/wp-content\/uploads\/2024\/03\/MUSLA-2.mp3\">https:\/\/www.radiopiu.net\/wordpress\/wp-content\/uploads\/2024\/03\/MUSLA-2.mp3<\/a><\/audio>\n<p>&nbsp;<\/p>\n<h2>LA RACCOLTA COMPLETA <a href=\"https:\/\/www.radiopiu.net\/wordpress\/musla\/\">CLICCA QUI<\/a><\/h2>\n<p>&nbsp;<\/p>\n<hr \/>\n<p>&nbsp;<\/p>\n<blockquote>\n<h2>Dolomiti: la (non) provincia italiana che sta scomparendo &#8211; VIDEO &#8211;<\/h2>\n<\/blockquote>\n<p><iframe loading=\"lazy\" title=\"Dolomiti: la (non) provincia italiana che sta scomparendo\" width=\"1200\" height=\"675\" src=\"https:\/\/www.youtube.com\/embed\/vqKdppCGFAg?feature=oembed\" frameborder=\"0\" allow=\"accelerometer; autoplay; clipboard-write; encrypted-media; gyroscope; picture-in-picture; web-share\" allowfullscreen><\/iframe><\/p>\n<p>&nbsp;<\/p>\n<p>&nbsp;<\/p>\n<p>&nbsp;<\/p>\n<hr \/>\n<p>&nbsp;<\/p>\n<p>&nbsp;<\/p>\n<h2><span style=\"color: #ff0000;\"><a class=\"dt-pswp-item\" href=\"https:\/\/www.radiopiu.net\/wordpress\/wp-content\/uploads\/2018\/09\/appuntamenti.jpeg\" data-dt-img-description=\"\" data-large_image_width=\"800\" data-large_image_height=\"100\"><img loading=\"lazy\" decoding=\"async\" class=\"alignnone wp-image-61958 size-full\" src=\"https:\/\/www.radiopiu.net\/wordpress\/wp-content\/uploads\/2018\/09\/appuntamenti.jpeg\" alt=\"\" width=\"800\" height=\"100\" srcset=\"https:\/\/www.radiopiu.net\/wordpress\/wp-content\/uploads\/2018\/09\/appuntamenti.jpeg 800w, https:\/\/www.radiopiu.net\/wordpress\/wp-content\/uploads\/2018\/09\/appuntamenti-300x38.jpeg 300w, https:\/\/www.radiopiu.net\/wordpress\/wp-content\/uploads\/2018\/09\/appuntamenti-768x96.jpeg 768w\" sizes=\"auto, (max-width: 800px) 100vw, 800px\" \/><\/a><\/span><\/h2>\n<p><strong>ALPAGO <\/strong>Oggi in Municipio a Pieve d\u2019Alpago verr\u00e0 inaugurata la mostra Ernesto Da Sois, artista alpagoto con la passione per il legno, che ha realizzato la riproduzione della Basilica di San Marco e della Basilica della Madonna della Salute di Venezia e della Cattedrale di San Basilio di Mosca. L\u2019inaugurazione della mostra, a cura del critico d\u2019arte Erminio Mazzucco, avr\u00e0 inizio alle 16.30, sar\u00e0 aperta fino al 7 aprile<\/p>\n<p><strong>BELLUNO<\/strong> Oggi alle ore 17:30, presso la sala &#8220;TEATRO&#8221; del Centro Congressi in piazza Piloni a Belluno, si terr\u00e0 un incontro sul tema &#8220;GAZA E KIEV: L&#8217;EUROPA TRA I CONFLITTI&#8221;. Gli interventi saranno di Germano Dottori, Consigliere scientifico di Limes, e di Gian Micalessin, giornalista, scrittore e inviato di guerra. L&#8217;incontro sar\u00e0 condotto da Franco Tosolini, ricercatore storico.<\/p>\n<p><strong>PONTE NELLE ALPI<\/strong>\u00a0 Oggi al piccolo teatro Pierobon di Paiane commedia brillante in lingua veneta &#8220;le astuzione femminili&#8221; con la compagnia Theana Teatro. Entrata 25 euro.<\/p>\n<div>\n<div class=\"\" dir=\"auto\">\n<div id=\":r9h:\" class=\"x1iorvi4 x1pi30zi x1l90r2v x1swvt13\" data-ad-comet-preview=\"message\" data-ad-preview=\"message\">\n<div class=\"x78zum5 xdt5ytf xz62fqu x16ldp7u\">\n<div class=\"xu06os2 x1ok221b\">\n<blockquote>\n<h3 style=\"text-align: center;\">LE CAMPE: questa sera<\/h3>\n<\/blockquote>\n<p><a class=\"dt-pswp-item\" href=\"https:\/\/www.radiopiu.net\/wordpress\/wp-content\/uploads\/2024\/02\/Senza-nome-52.png\" data-dt-img-description=\"\" data-large_image_width=\"268\" data-large_image_height=\"486\"><img loading=\"lazy\" decoding=\"async\" class=\" wp-image-375373 aligncenter\" src=\"https:\/\/www.radiopiu.net\/wordpress\/wp-content\/uploads\/2024\/02\/Senza-nome-52-165x300.png\" alt=\"\" width=\"148\" height=\"269\" srcset=\"https:\/\/www.radiopiu.net\/wordpress\/wp-content\/uploads\/2024\/02\/Senza-nome-52-165x300.png 165w, https:\/\/www.radiopiu.net\/wordpress\/wp-content\/uploads\/2024\/02\/Senza-nome-52.png 268w\" sizes=\"auto, (max-width: 148px) 100vw, 148px\" \/><\/a><\/p>\n<p>&nbsp;<\/p>\n<h2><span style=\"color: #ff0000;\">PROSSIMAMENTE&#8230;<\/span><\/h2>\n<\/div>\n<\/div>\n<\/div>\n<\/div>\n<\/div>\n<blockquote>\n<div class=\"\" dir=\"auto\">\n<div id=\":r9h:\" class=\"x1iorvi4 x1pi30zi x1l90r2v x1swvt13\" data-ad-comet-preview=\"message\" data-ad-preview=\"message\">\n<div class=\"x78zum5 xdt5ytf xz62fqu x16ldp7u\">\n<p>&nbsp;<\/p>\n<\/div>\n<\/div>\n<\/div>\n<\/blockquote>\n<div>\n<div class=\"\" dir=\"auto\">\n<div id=\":r9h:\" class=\"x1iorvi4 x1pi30zi x1l90r2v x1swvt13\" data-ad-comet-preview=\"message\" data-ad-preview=\"message\">\n<div class=\"flex-1 overflow-hidden\">\n<div class=\"react-scroll-to-bottom--css-mykiq-79elbk h-full\">\n<div class=\"react-scroll-to-bottom--css-mykiq-1n7m0yu\">\n<div class=\"flex flex-col text-sm pb-9\">\n<div class=\"w-full text-token-text-primary\" data-testid=\"conversation-turn-23\">\n<div class=\"px-4 py-2 justify-center text-base md:gap-6 m-auto\">\n<div class=\"flex flex-1 text-base mx-auto gap-3 md:px-5 lg:px-1 xl:px-5 md:max-w-3xl lg:max-w-[40rem] xl:max-w-[48rem] group final-completion\">\n<div class=\"relative flex w-full flex-col agent-turn\">\n<div class=\"flex-col gap-1 md:gap-3\">\n<div class=\"flex flex-grow flex-col max-w-full\">\n<div class=\"min-h-[20px] text-message flex flex-col items-start gap-3 whitespace-pre-wrap break-words [.text-message+&amp;]:mt-5 overflow-x-auto\" data-message-author-role=\"assistant\" data-message-id=\"2e770563-ae40-4ae8-8277-5ae3497f04a3\">\n<div class=\"markdown prose w-full break-words dark:prose-invert dark\">\n<p><strong>SABATO 16 MARZO Appuntamenti presso il Centro Astronomico di Arson<\/strong><strong style=\"font-size: 14px;\">: Luna alta risoluzione<\/strong><span style=\"font-size: 14px; font-weight: normal;\"> L&#8217;evento offre un&#8217;opportunit\u00e0 per osservare la Luna in dettaglio, con la possibilit\u00e0 di ammirare crateri, mari e altri dettagli attraverso telescopi e una camera planetaria. In caso di maltempo, verranno mostrati video e immagini delle regioni lunari. <\/span><span style=\"color: #000000;\">Ingresso 5 \u20ac, gratuito per soci e bambini fino a 11 anni. La prenotazione non \u00e8 necessaria.<\/span><\/p>\n<\/div>\n<\/div>\n<\/div>\n<\/div>\n<\/div>\n<\/div>\n<\/div>\n<\/div>\n<\/div>\n<\/div>\n<\/div>\n<\/div>\n<\/div>\n<\/div>\n<\/div>\n<blockquote>\n<div class=\"\" dir=\"auto\">\n<div id=\":r9h:\" class=\"x1iorvi4 x1pi30zi x1l90r2v x1swvt13\" data-ad-comet-preview=\"message\" data-ad-preview=\"message\">\n<div class=\"x78zum5 xdt5ytf xz62fqu x16ldp7u\">\n<div class=\"xu06os2 x1ok221b\">\n<h3 dir=\"auto\"><\/h3>\n<h3 dir=\"auto\"><a class=\"dt-pswp-item\" href=\"https:\/\/www.radiopiu.net\/wordpress\/wp-content\/uploads\/2024\/03\/431799071_3701462953469797_3407377256265811588_n.jpg\" data-dt-img-description=\"\" data-large_image_width=\"512\" data-large_image_height=\"640\"><img loading=\"lazy\" decoding=\"async\" class=\"size-medium wp-image-378141 alignleft\" src=\"https:\/\/www.radiopiu.net\/wordpress\/wp-content\/uploads\/2024\/03\/431799071_3701462953469797_3407377256265811588_n-240x300.jpg\" alt=\"\" width=\"240\" height=\"300\" srcset=\"https:\/\/www.radiopiu.net\/wordpress\/wp-content\/uploads\/2024\/03\/431799071_3701462953469797_3407377256265811588_n-240x300.jpg 240w, https:\/\/www.radiopiu.net\/wordpress\/wp-content\/uploads\/2024\/03\/431799071_3701462953469797_3407377256265811588_n.jpg 512w\" sizes=\"auto, (max-width: 240px) 100vw, 240px\" \/><\/a>7 APRILE, LARESEI! SAVE THE DATE FESTIVAL &#8220;ULTIMISSIME&#8221;<\/h3>\n<\/div>\n<\/div>\n<\/div>\n<\/div>\n<\/blockquote>\n<div>\n<div class=\"\" dir=\"auto\">\n<div id=\":r9h:\" class=\"x1iorvi4 x1pi30zi x1l90r2v x1swvt13\" data-ad-comet-preview=\"message\" data-ad-preview=\"message\">\n<p>CON CAROLINA MARQUEZ, MASSIMILIANO OSSINI, CAMILLA RONCHI, ICE MC,\u00a0\u00a0\u00a0 NATHALIE AARTS, ALIEN CUT\u00a0 E SATURNINO<\/p>\n<p>Acquista il tuo biglietto d&#8217;ingresso al link: www.ciaotickets.com \u00a0 save-the-date-festival 7 APRILE RIFUGIO LARESEI<br \/>\nSKI AREA SAN PELLEGRINO-FALCADE<\/p>\n<p>&nbsp;<\/p>\n\n\t\t\t<style type='text\/css'>\n\t\t\t\t#gallery-4 {\n\t\t\t\t\tmargin: auto;\n\t\t\t\t}\n\t\t\t\t#gallery-4 .gallery-item {\n\t\t\t\t\tfloat: left;\n\t\t\t\t\tmargin-top: 10px;\n\t\t\t\t\ttext-align: center;\n\t\t\t\t\twidth: 25%;\n\t\t\t\t}\n\t\t\t\t#gallery-4 img {\n\t\t\t\t\tborder: 2px solid #cfcfcf;\n\t\t\t\t}\n\t\t\t\t#gallery-4 .gallery-caption {\n\t\t\t\t\tmargin-left: 0;\n\t\t\t\t}\n\t\t\t\t\/* see gallery_shortcode() in wp-includes\/media.php *\/\n\t\t\t<\/style>\n\t\t<div id='gallery-4' class='dt-gallery-container gallery galleryid-378117 gallery-columns-4 gallery-size-medium'><dl class='gallery-item'>\n\t\t\t\t<dt class='gallery-icon portrait'>\n\t\t\t\t\t<a class=\"rollover rollover-zoom dt-pswp-item\" title=\"SCR-20240306-qmql\" data-dt-img-description=\"\" data-large_image_width=\"1182\" data-large_image_height=\"1192\"href='https:\/\/www.radiopiu.net\/wordpress\/wp-content\/uploads\/2024\/03\/SCR-20240306-qmql.jpeg'><img loading=\"lazy\" decoding=\"async\" width=\"297\" height=\"300\" src=\"https:\/\/www.radiopiu.net\/wordpress\/wp-content\/uploads\/2024\/03\/SCR-20240306-qmql-297x300.jpeg\" class=\"attachment-medium size-medium\" alt=\"\" srcset=\"https:\/\/www.radiopiu.net\/wordpress\/wp-content\/uploads\/2024\/03\/SCR-20240306-qmql-297x300.jpeg 297w, https:\/\/www.radiopiu.net\/wordpress\/wp-content\/uploads\/2024\/03\/SCR-20240306-qmql-1015x1024.jpeg 1015w, https:\/\/www.radiopiu.net\/wordpress\/wp-content\/uploads\/2024\/03\/SCR-20240306-qmql-768x774.jpeg 768w, https:\/\/www.radiopiu.net\/wordpress\/wp-content\/uploads\/2024\/03\/SCR-20240306-qmql.jpeg 1182w\" sizes=\"auto, (max-width: 297px) 100vw, 297px\" \/><\/a>\n\t\t\t\t<\/dt><\/dl><dl class='gallery-item'>\n\t\t\t\t<dt class='gallery-icon landscape'>\n\t\t\t\t\t<a class=\"rollover rollover-zoom dt-pswp-item\" title=\"download\" data-dt-img-description=\"\" data-large_image_width=\"316\" data-large_image_height=\"315\"href='https:\/\/www.radiopiu.net\/wordpress\/wp-content\/uploads\/2024\/03\/download.jpg'><img loading=\"lazy\" decoding=\"async\" width=\"300\" height=\"300\" src=\"https:\/\/www.radiopiu.net\/wordpress\/wp-content\/uploads\/2024\/03\/download-300x300.jpg\" class=\"attachment-medium size-medium\" alt=\"\" srcset=\"https:\/\/www.radiopiu.net\/wordpress\/wp-content\/uploads\/2024\/03\/download-300x300.jpg 300w, https:\/\/www.radiopiu.net\/wordpress\/wp-content\/uploads\/2024\/03\/download-150x150.jpg 150w, https:\/\/www.radiopiu.net\/wordpress\/wp-content\/uploads\/2024\/03\/download.jpg 316w\" sizes=\"auto, (max-width: 300px) 100vw, 300px\" \/><\/a>\n\t\t\t\t<\/dt><\/dl><dl class='gallery-item'>\n\t\t\t\t<dt class='gallery-icon landscape'>\n\t\t\t\t\t<a class=\"rollover rollover-zoom dt-pswp-item\" title=\"download\" data-dt-img-description=\"\" data-large_image_width=\"640\" data-large_image_height=\"639\"href='https:\/\/www.radiopiu.net\/wordpress\/wp-content\/uploads\/2024\/02\/download-6.jpg'><img loading=\"lazy\" decoding=\"async\" width=\"300\" height=\"300\" src=\"https:\/\/www.radiopiu.net\/wordpress\/wp-content\/uploads\/2024\/02\/download-6-300x300.jpg\" class=\"attachment-medium size-medium\" alt=\"\" srcset=\"https:\/\/www.radiopiu.net\/wordpress\/wp-content\/uploads\/2024\/02\/download-6-300x300.jpg 300w, https:\/\/www.radiopiu.net\/wordpress\/wp-content\/uploads\/2024\/02\/download-6-150x150.jpg 150w, https:\/\/www.radiopiu.net\/wordpress\/wp-content\/uploads\/2024\/02\/download-6.jpg 640w\" sizes=\"auto, (max-width: 300px) 100vw, 300px\" \/><\/a>\n\t\t\t\t<\/dt><\/dl><dl class='gallery-item'>\n\t\t\t\t<dt class='gallery-icon landscape'>\n\t\t\t\t\t<a class=\"rollover rollover-zoom dt-pswp-item\" title=\"Senza nome\" data-dt-img-description=\"\" data-large_image_width=\"566\" data-large_image_height=\"463\"href='https:\/\/www.radiopiu.net\/wordpress\/wp-content\/uploads\/2024\/03\/Senza-nome-4.png'><img loading=\"lazy\" decoding=\"async\" width=\"300\" height=\"245\" src=\"https:\/\/www.radiopiu.net\/wordpress\/wp-content\/uploads\/2024\/03\/Senza-nome-4-300x245.png\" class=\"attachment-medium size-medium\" alt=\"\" srcset=\"https:\/\/www.radiopiu.net\/wordpress\/wp-content\/uploads\/2024\/03\/Senza-nome-4-300x245.png 300w, https:\/\/www.radiopiu.net\/wordpress\/wp-content\/uploads\/2024\/03\/Senza-nome-4.png 566w\" sizes=\"auto, (max-width: 300px) 100vw, 300px\" \/><\/a>\n\t\t\t\t<\/dt><\/dl><br style=\"clear: both\" \/><dl class='gallery-item'>\n\t\t\t\t<dt class='gallery-icon landscape'>\n\t\t\t\t\t<a class=\"rollover rollover-zoom dt-pswp-item\" title=\"download\" data-dt-img-description=\"\" data-large_image_width=\"640\" data-large_image_height=\"639\"href='https:\/\/www.radiopiu.net\/wordpress\/wp-content\/uploads\/2024\/02\/download-5.jpg'><img loading=\"lazy\" decoding=\"async\" width=\"300\" height=\"300\" src=\"https:\/\/www.radiopiu.net\/wordpress\/wp-content\/uploads\/2024\/02\/download-5-300x300.jpg\" class=\"attachment-medium size-medium\" alt=\"\" srcset=\"https:\/\/www.radiopiu.net\/wordpress\/wp-content\/uploads\/2024\/02\/download-5-300x300.jpg 300w, https:\/\/www.radiopiu.net\/wordpress\/wp-content\/uploads\/2024\/02\/download-5-150x150.jpg 150w, https:\/\/www.radiopiu.net\/wordpress\/wp-content\/uploads\/2024\/02\/download-5.jpg 640w\" sizes=\"auto, (max-width: 300px) 100vw, 300px\" \/><\/a>\n\t\t\t\t<\/dt><\/dl><dl class='gallery-item'>\n\t\t\t\t<dt class='gallery-icon landscape'>\n\t\t\t\t\t<a class=\"rollover rollover-zoom dt-pswp-item\" title=\"Senza nome\" data-dt-img-description=\"\" data-large_image_width=\"415\" data-large_image_height=\"390\"href='https:\/\/www.radiopiu.net\/wordpress\/wp-content\/uploads\/2024\/03\/Senza-nome-10.png'><img loading=\"lazy\" decoding=\"async\" width=\"300\" height=\"282\" src=\"https:\/\/www.radiopiu.net\/wordpress\/wp-content\/uploads\/2024\/03\/Senza-nome-10-300x282.png\" class=\"attachment-medium size-medium\" alt=\"\" srcset=\"https:\/\/www.radiopiu.net\/wordpress\/wp-content\/uploads\/2024\/03\/Senza-nome-10-300x282.png 300w, https:\/\/www.radiopiu.net\/wordpress\/wp-content\/uploads\/2024\/03\/Senza-nome-10.png 415w\" sizes=\"auto, (max-width: 300px) 100vw, 300px\" \/><\/a>\n\t\t\t\t<\/dt><\/dl><dl class='gallery-item'>\n\t\t\t\t<dt class='gallery-icon landscape'>\n\t\t\t\t\t<a class=\"rollover rollover-zoom dt-pswp-item\" title=\"19c21029-a0ef-4986-8081-9facbbbce065\" data-dt-img-description=\"\" data-large_image_width=\"1080\" data-large_image_height=\"1080\"href='https:\/\/www.radiopiu.net\/wordpress\/wp-content\/uploads\/2024\/02\/19c21029-a0ef-4986-8081-9facbbbce065.jpg'><img loading=\"lazy\" decoding=\"async\" width=\"300\" height=\"300\" src=\"https:\/\/www.radiopiu.net\/wordpress\/wp-content\/uploads\/2024\/02\/19c21029-a0ef-4986-8081-9facbbbce065-300x300.jpg\" class=\"attachment-medium size-medium\" alt=\"\" srcset=\"https:\/\/www.radiopiu.net\/wordpress\/wp-content\/uploads\/2024\/02\/19c21029-a0ef-4986-8081-9facbbbce065-300x300.jpg 300w, https:\/\/www.radiopiu.net\/wordpress\/wp-content\/uploads\/2024\/02\/19c21029-a0ef-4986-8081-9facbbbce065-1024x1024.jpg 1024w, https:\/\/www.radiopiu.net\/wordpress\/wp-content\/uploads\/2024\/02\/19c21029-a0ef-4986-8081-9facbbbce065-150x150.jpg 150w, https:\/\/www.radiopiu.net\/wordpress\/wp-content\/uploads\/2024\/02\/19c21029-a0ef-4986-8081-9facbbbce065-768x768.jpg 768w, https:\/\/www.radiopiu.net\/wordpress\/wp-content\/uploads\/2024\/02\/19c21029-a0ef-4986-8081-9facbbbce065.jpg 1080w\" sizes=\"auto, (max-width: 300px) 100vw, 300px\" \/><\/a>\n\t\t\t\t<\/dt><\/dl><dl class='gallery-item'>\n\t\t\t\t<dt class='gallery-icon landscape'>\n\t\t\t\t\t<a class=\"rollover rollover-zoom dt-pswp-item\" title=\"428458808_122124610286160269_8403615925720421881_n\" data-dt-img-description=\"\" data-large_image_width=\"526\" data-large_image_height=\"526\"href='https:\/\/www.radiopiu.net\/wordpress\/wp-content\/uploads\/2024\/02\/428458808_122124610286160269_8403615925720421881_n.jpg'><img loading=\"lazy\" decoding=\"async\" width=\"300\" height=\"300\" src=\"https:\/\/www.radiopiu.net\/wordpress\/wp-content\/uploads\/2024\/02\/428458808_122124610286160269_8403615925720421881_n-300x300.jpg\" class=\"attachment-medium size-medium\" alt=\"\" srcset=\"https:\/\/www.radiopiu.net\/wordpress\/wp-content\/uploads\/2024\/02\/428458808_122124610286160269_8403615925720421881_n-300x300.jpg 300w, https:\/\/www.radiopiu.net\/wordpress\/wp-content\/uploads\/2024\/02\/428458808_122124610286160269_8403615925720421881_n-150x150.jpg 150w, https:\/\/www.radiopiu.net\/wordpress\/wp-content\/uploads\/2024\/02\/428458808_122124610286160269_8403615925720421881_n.jpg 526w\" sizes=\"auto, (max-width: 300px) 100vw, 300px\" \/><\/a>\n\t\t\t\t<\/dt><\/dl><br style=\"clear: both\" \/>\n\t\t\t<\/div>\n\n<\/div>\n<\/div>\n<\/div>\n<blockquote>\n<div>\n<div class=\"\" dir=\"auto\">\n<div id=\":r9h:\" class=\"x1iorvi4 x1pi30zi x1l90r2v x1swvt13\" data-ad-comet-preview=\"message\" data-ad-preview=\"message\">\n<div class=\"x78zum5 xdt5ytf xz62fqu x16ldp7u\">\n<div class=\"xu06os2 x1ok221b\">\n<div dir=\"auto\"><\/div>\n<\/div>\n<\/div>\n<\/div>\n<\/div>\n<\/div>\n<\/blockquote>\n<p>&nbsp;<\/p>\n<p>&nbsp;<\/p>\n<hr \/>\n<p>&nbsp;<\/p>\n<blockquote class=\"wp-embedded-content\" data-secret=\"Mk7ZXMGn9d\"><p><a href=\"https:\/\/www.radiopiu.net\/wordpress\/la-boa-di-conaggia-quando-il-nome-di-una-localita-deriva-da-una-serie-di-eventi-idrogeologici-disastrosi-prima-parte\/\">LA BOA DI CONAGGIA \u2013 QUANDO IL NOME DI UNA LOCALIT\u00c0 DERIVA DA UNA SERIE DI EVENTI IDROGEOLOGICI DISASTROSI \u2013  PRIMA  PARTE<\/a><\/p><\/blockquote>\n<p><iframe loading=\"lazy\" class=\"wp-embedded-content\" sandbox=\"allow-scripts\" security=\"restricted\" style=\"position: absolute; clip: rect(1px, 1px, 1px, 1px);\" title=\"&#8220;LA BOA DI CONAGGIA \u2013 QUANDO IL NOME DI UNA LOCALIT\u00c0 DERIVA DA UNA SERIE DI EVENTI IDROGEOLOGICI DISASTROSI \u2013  PRIMA  PARTE&#8221; &#8212; Radio Pi\u00f9\" src=\"https:\/\/www.radiopiu.net\/wordpress\/la-boa-di-conaggia-quando-il-nome-di-una-localita-deriva-da-una-serie-di-eventi-idrogeologici-disastrosi-prima-parte\/embed\/#?secret=LHvXkEJb50#?secret=Mk7ZXMGn9d\" data-secret=\"Mk7ZXMGn9d\" width=\"600\" height=\"338\" frameborder=\"0\" marginwidth=\"0\" marginheight=\"0\" scrolling=\"no\"><\/iframe><\/p>\n<p>&nbsp;<\/p>\n<hr \/>\n<p>&nbsp;<\/p>\n<p><a class=\"dt-pswp-item\" href=\"https:\/\/www.radiopiu.net\/wordpress\/wp-content\/uploads\/2018\/09\/viabilita.jpeg\" data-dt-img-description=\"\" data-large_image_width=\"800\" data-large_image_height=\"100\"><img loading=\"lazy\" decoding=\"async\" class=\"aligncenter wp-image-61954 size-full\" src=\"https:\/\/www.radiopiu.net\/wordpress\/wp-content\/uploads\/2018\/09\/viabilita.jpeg\" alt=\"\" width=\"800\" height=\"100\" srcset=\"https:\/\/www.radiopiu.net\/wordpress\/wp-content\/uploads\/2018\/09\/viabilita.jpeg 800w, https:\/\/www.radiopiu.net\/wordpress\/wp-content\/uploads\/2018\/09\/viabilita-300x38.jpeg 300w, https:\/\/www.radiopiu.net\/wordpress\/wp-content\/uploads\/2018\/09\/viabilita-768x96.jpeg 768w\" sizes=\"auto, (max-width: 800px) 100vw, 800px\" \/><\/a><\/p>\n<p>&nbsp;<\/p>\n<p><a class=\"dt-pswp-item\" href=\"https:\/\/www.radiopiu.net\/wordpress\/wp-content\/uploads\/2023\/12\/botol-car-service.jpg\" data-dt-img-description=\"\" data-large_image_width=\"600\" data-large_image_height=\"600\"><img loading=\"lazy\" decoding=\"async\" class=\"size-medium wp-image-367044 aligncenter\" src=\"https:\/\/www.radiopiu.net\/wordpress\/wp-content\/uploads\/2023\/12\/botol-car-service-300x300.jpg\" alt=\"\" width=\"300\" height=\"300\" srcset=\"https:\/\/www.radiopiu.net\/wordpress\/wp-content\/uploads\/2023\/12\/botol-car-service-300x300.jpg 300w, https:\/\/www.radiopiu.net\/wordpress\/wp-content\/uploads\/2023\/12\/botol-car-service-150x150.jpg 150w, https:\/\/www.radiopiu.net\/wordpress\/wp-content\/uploads\/2023\/12\/botol-car-service.jpg 600w\" sizes=\"auto, (max-width: 300px) 100vw, 300px\" \/><\/a><\/p>\n<p>&nbsp;<\/p>\n<blockquote class=\"wp-embedded-content\" data-secret=\"UR3iFoZpVb\"><p><a href=\"https:\/\/www.radiopiu.net\/wordpress\/viabilita\/\">viabilita<\/a><\/p><\/blockquote>\n<p><iframe loading=\"lazy\" class=\"wp-embedded-content\" sandbox=\"allow-scripts\" security=\"restricted\" style=\"position: absolute; clip: rect(1px, 1px, 1px, 1px);\" title=\"&#8220;viabilita&#8221; &#8212; Radio Pi\u00f9\" src=\"https:\/\/www.radiopiu.net\/wordpress\/viabilita\/embed\/#?secret=O8goJE0GAZ#?secret=UR3iFoZpVb\" data-secret=\"UR3iFoZpVb\" width=\"600\" height=\"338\" frameborder=\"0\" marginwidth=\"0\" marginheight=\"0\" scrolling=\"no\"><\/iframe><\/p>\n<p>&nbsp;<\/p>\n<hr \/>\n<p>&nbsp;<\/p>\n<p><a class=\"dt-pswp-item\" href=\"https:\/\/www.radiopiu.net\/wordpress\/wp-content\/uploads\/2018\/09\/WhatsApp-Image-2018-09-20-at-16.04.06.jpeg\" data-dt-img-description=\"\" data-large_image_width=\"800\" data-large_image_height=\"100\"><img loading=\"lazy\" decoding=\"async\" class=\"wp-image-61378 size-full aligncenter\" src=\"https:\/\/www.radiopiu.net\/wordpress\/wp-content\/uploads\/2018\/09\/WhatsApp-Image-2018-09-20-at-16.04.06.jpeg\" alt=\"\" width=\"800\" height=\"100\" srcset=\"https:\/\/www.radiopiu.net\/wordpress\/wp-content\/uploads\/2018\/09\/WhatsApp-Image-2018-09-20-at-16.04.06.jpeg 800w, https:\/\/www.radiopiu.net\/wordpress\/wp-content\/uploads\/2018\/09\/WhatsApp-Image-2018-09-20-at-16.04.06-300x38.jpeg 300w, https:\/\/www.radiopiu.net\/wordpress\/wp-content\/uploads\/2018\/09\/WhatsApp-Image-2018-09-20-at-16.04.06-768x96.jpeg 768w\" sizes=\"auto, (max-width: 800px) 100vw, 800px\" \/><\/a><\/p>\n<p><center><\/center>&nbsp;<\/p>\n<p><center><\/center><center><\/center><center><\/center><center><\/center>&nbsp;<\/p>\n<p><center><\/center><b>OGGI: <\/b>Cielo molto nuvoloso o coperto con qualche eventuale irregolare e breve schiarita nel pomeriggio. <b>Precipitazioni: <\/b>Tra notte e mattino probabili deboli diffuse (80-100%) con limite neve a 800-1000 m, in risalita in mattinata. Nel pomeriggio generalmente assenti o poco probabile qualche fiocco sulle cime. Attesi accumuli di 1-5 mm, localmente fino a 10-15 mm su Prealpi con altrettanti cm di neve fresca oltre i 1100\/1300 m. <b>Temperature: <\/b>Temperature minime stazionarie e massime in aumento.<\/p>\n<p>&nbsp;<\/p>\n<hr \/>\n<p><center><\/center><b>DOMENICA: <\/b>Cielo molto nuvoloso o coperto. <b>Precipitazioni: <\/b>Diffuse moderate o a tratti forti su Prealpi e Dolomiti meridionali, anche con rovesci (100%), in estensione ed intensificazione dal mattino a partire da Prealpi occidentali a Dolomiti nel pomeriggio. In attenuazione dal tardo pomeriggio a partire da Prealpi occidentali, pi\u00f9 tardi anche su Dolomiti. Limite neve a 1100-1400 m in rialzo specie su Prealpi a 1400-1700 m. Sono attesi mediamente 25-40 mm su Dolomiti e 40-70 mm su Prealpi ma con possibili locali massimi attorno a 100 mm. Altrettanti cm di neve fresca oltre i 1600-1800 m. <b>Temperature: <\/b>Temperature in lieve aumento. Prealpi &#8211; a 1500 m: min -1 max 0, a 2000 m: min -3 max -1 Dolomiti &#8211; a 2000 m: min -4 max -1, a 3000 m: min -8 max -5<br \/>\n<b>\u00a0<\/b><\/p>\n<p>&nbsp;<\/p>\n<hr \/>\n<p><center><\/center><strong>LUNEDI<\/strong> Nuvolosit\u00e0 variabile con qualche schiarita su Dolomiti al mattino seguita da un irregolare aumento delle nubi nel pomeriggio quando saranno possibili piovaschi o rovesci sparsi specie su Prealpi, con neve oltre i 1200\/1400 m Temperature minime stazionarie o in calo nelle valli, massime in aumento.<\/p>\n<hr \/>\n<p><center><\/center><strong>MARTEDI<\/strong> Nuvolosit\u00e0 variabile pi\u00f9 presente al mattino seguita da schiarite ampie da met\u00e0 giornata. Precipitazioni generalmente assenti su Dolomiti, non escluso qualche piovasco o rovescio su Prealpi Temperature in lieve aumento.<\/p>\n<p>&nbsp;<\/p>\n<hr \/>\n<p>&nbsp;<\/p>\n<p><img loading=\"lazy\" decoding=\"async\" class=\"wp-image-60761 size-full aligncenter\" src=\"https:\/\/www.radiopiu.net\/wordpress\/wp-content\/uploads\/2018\/09\/sport.jpg\" alt=\"\" width=\"800\" height=\"100\" srcset=\"https:\/\/www.radiopiu.net\/wordpress\/wp-content\/uploads\/2018\/09\/sport.jpg 800w, https:\/\/www.radiopiu.net\/wordpress\/wp-content\/uploads\/2018\/09\/sport-300x38.jpg 300w, https:\/\/www.radiopiu.net\/wordpress\/wp-content\/uploads\/2018\/09\/sport-768x96.jpg 768w\" sizes=\"auto, (max-width: 800px) 100vw, 800px\" \/><\/p>\n<p>&nbsp;<\/p>\n<p><span style=\"color: #0000ff;\"><strong>HOCKEY SU GHIACCIO\u00a0 \u00a0<\/strong><\/span><\/p>\n<p>&nbsp;<\/p>\n<p><a class=\"dt-pswp-item\" href=\"https:\/\/www.radiopiu.net\/wordpress\/wp-content\/uploads\/2024\/03\/7898201144259162305.jpg\" data-dt-img-description=\"\" data-large_image_width=\"500\" data-large_image_height=\"261\"><img loading=\"lazy\" decoding=\"async\" class=\"wp-image-378299 size-full aligncenter\" src=\"https:\/\/www.radiopiu.net\/wordpress\/wp-content\/uploads\/2024\/03\/7898201144259162305.jpg\" alt=\"\" width=\"500\" height=\"261\" srcset=\"https:\/\/www.radiopiu.net\/wordpress\/wp-content\/uploads\/2024\/03\/7898201144259162305.jpg 500w, https:\/\/www.radiopiu.net\/wordpress\/wp-content\/uploads\/2024\/03\/7898201144259162305-300x157.jpg 300w\" sizes=\"auto, (max-width: 500px) 100vw, 500px\" \/><\/a><\/p>\n<p>&nbsp;<\/p>\n<blockquote>\n<h3>L\u2019ALLEGHE SI GIOCA LA STAGIONE AD APPIANO<\/h3>\n<\/blockquote>\n<p><strong><a class=\"dt-pswp-item\" href=\"https:\/\/www.radiopiu.net\/wordpress\/wp-content\/uploads\/2024\/03\/1e68fa59-5bf1-440c-972b-1ccf4c1542ba.jpeg\" data-dt-img-description=\"\" data-large_image_width=\"1600\" data-large_image_height=\"1226\"><img loading=\"lazy\" decoding=\"async\" class=\"size-medium wp-image-378219 alignleft\" src=\"https:\/\/www.radiopiu.net\/wordpress\/wp-content\/uploads\/2024\/03\/1e68fa59-5bf1-440c-972b-1ccf4c1542ba-300x230.jpeg\" alt=\"\" width=\"300\" height=\"230\" srcset=\"https:\/\/www.radiopiu.net\/wordpress\/wp-content\/uploads\/2024\/03\/1e68fa59-5bf1-440c-972b-1ccf4c1542ba-300x230.jpeg 300w, https:\/\/www.radiopiu.net\/wordpress\/wp-content\/uploads\/2024\/03\/1e68fa59-5bf1-440c-972b-1ccf4c1542ba-1024x785.jpeg 1024w, https:\/\/www.radiopiu.net\/wordpress\/wp-content\/uploads\/2024\/03\/1e68fa59-5bf1-440c-972b-1ccf4c1542ba-768x588.jpeg 768w, https:\/\/www.radiopiu.net\/wordpress\/wp-content\/uploads\/2024\/03\/1e68fa59-5bf1-440c-972b-1ccf4c1542ba-1536x1177.jpeg 1536w, https:\/\/www.radiopiu.net\/wordpress\/wp-content\/uploads\/2024\/03\/1e68fa59-5bf1-440c-972b-1ccf4c1542ba.jpeg 1600w\" sizes=\"auto, (max-width: 300px) 100vw, 300px\" \/><\/a>di Roberto Miana, portavoce dell\u2019Alleghe Hockey<\/strong><\/p>\n<p>Gioved\u00ec sera, in gara 3, l\u2019Appiano ha espugnato 3-0 il \u201cDe Toni\u201d ribaltando cos\u00ec la serie, che vede ora i Pirati condurre 2-1 sulle Civette. A questo punto, gli Agordini, sabato ad Appiano saranno costretti a vincere per pareggiare i conti e portare la contesa a gara 5 marted\u00ec sotto al Civetta. Da parte Alleghese servir\u00e0 ben altra prestazione rispetto alle ultime gare, con i ragazzi di coach Scapinello chiamati ad una prova d\u2019orgoglio, perch\u00e9 un ulteriore vittoria Giallobl\u00f9 sancirebbe la fine anzitempo della stagione dei Biancorossi e l\u2019approdo in semifinale dei Basso Atesini, convinti pi\u00f9 che mai di sfruttare il match point. Nelle altre sfide di gara 3 dei quarti di finale, il Caldaro si \u00e8 gi\u00e0 guadagnato la semifinale battendo nettamente per la terza volta il Valdifiemme, il Varese \u00e8 tornato in corsa per la qualificazione battendo il Feltre (con i Feltrini avanti 2-1 nel computo delle gare), mentre la grande sorpresa di giornata \u00e8 arrivata da Pergine, dove il Como ha vinto all\u2019overtime contro le Linci, portandosi avanti 2-1 nella serie.<\/p>\n<p><strong>HC EPPAN APPIANO &#8211; ALLEGHE HOCKEY<\/strong><br \/>\nSabato 9 Marzo ore 18:00 &#8211; Palaghiaccio di Appiano (BZ). Arbitri: Andrea Moschen e Fabio Tirelli con giudici di linea Luca Grisenti e Martin Mair. Collegamenti in DIRETTA RADIOFONICA su Radio Pi\u00f9 (www.radiopiu.net) con \u201cHockey al punto giusto\u201d, in studio Marco Gaz e da Appiano interventi di Federico Paganin<\/p>\n<p>&nbsp;<\/p>\n<blockquote>\n<h3>SECONDO MATCH POINT PER IL FELTRE<\/h3>\n<\/blockquote>\n<p><strong>FELTRE<\/strong> Dopo la sconfitta in gara 3 dei quarti di finale, il Feltre torna in campo stasera per il quarto incontro consecutivo contro i campioni in carica del Varese. I picchi hanno a disposizione il secondo match point per poter strappare il pass alle semifinali del campionato. Ci si aspetta una partita combattuta di fronte ad un pubblico delle grandi occasioni. Si gioca al PalaFeltre con ingaggio alle 19:30.<\/p>\n<p>&nbsp;<\/p>\n<p><span style=\"color: #0000ff;\"><strong>CALCIO<\/strong><\/span><\/p>\n<blockquote>\n<h3>AGORDINA IN CASA CON L&#8217;ALPES CESIO, PIAVE IN TRASFERTA COL TAMBRE<\/h3>\n<\/blockquote>\n<p><strong><a class=\"dt-pswp-item\" href=\"https:\/\/www.radiopiu.net\/wordpress\/wp-content\/uploads\/2020\/05\/CALCIO-2020.jpg\" data-dt-img-description=\"\" data-large_image_width=\"1920\" data-large_image_height=\"1059\"><img loading=\"lazy\" decoding=\"async\" class=\" wp-image-135669 alignleft\" src=\"https:\/\/www.radiopiu.net\/wordpress\/wp-content\/uploads\/2020\/05\/CALCIO-2020-300x165.jpg\" alt=\"\" width=\"158\" height=\"87\" srcset=\"https:\/\/www.radiopiu.net\/wordpress\/wp-content\/uploads\/2020\/05\/CALCIO-2020-300x165.jpg 300w, https:\/\/www.radiopiu.net\/wordpress\/wp-content\/uploads\/2020\/05\/CALCIO-2020-1024x565.jpg 1024w, https:\/\/www.radiopiu.net\/wordpress\/wp-content\/uploads\/2020\/05\/CALCIO-2020-768x424.jpg 768w, https:\/\/www.radiopiu.net\/wordpress\/wp-content\/uploads\/2020\/05\/CALCIO-2020-1536x847.jpg 1536w, https:\/\/www.radiopiu.net\/wordpress\/wp-content\/uploads\/2020\/05\/CALCIO-2020.jpg 1920w\" sizes=\"auto, (max-width: 158px) 100vw, 158px\" \/><\/a>di Marco Gaz<\/strong><\/p>\n<p><strong>REDAZIONE<\/strong> Dopo lo stop della settimana scorsa per il maltempo, le squadre del campionato di Terza Categoria tornano in campo domani per giocare la 17esima giornata. L&#8217;Agordina arriva da un pareggio e una sconfitta e per raggiungere l&#8217;obbiettivo playoff da ora in poi non pu\u00f2 pi\u00f9 concedersi errori. La squadra di Chiea giocher\u00e0 ad Agordo domani alle 15:30 dove arriver\u00e0 un Alpes Cesio che sta lottando tutt&#8217;ora per raggiungere i playoff. Non sar\u00e0 una partita facile per gli agordini che dovranno tirare fuori le unghie e far vedere di che pasta sono fatti. Anche il Piave in campo domani pomeriggio alle 14:30. La squadra d Belluno sembra la favorita nella sfida in trasferta contro il Tambre terzultimo della classe.<\/p>\n<p><strong>LA CLASSIFICA DELLA TERZA CATEGORIA:<\/strong> Gemelle 35, Fortogna 31, Domegge 30, Auronzo e San Vittore 29, Alpes Cesio 25, Valzoldana 20, Agordina e Piave 19, Dynamo Vellai 16, Cortina 15, Tambre 12, Lamonese 9, Cadore 3<\/p>\n<p>&nbsp;<\/p>\n<p><span style=\"color: #0000ff;\"><b>CORSA CAMPESTRE<\/b><\/span><\/p>\n<blockquote>\n<h2><strong><a class=\"dt-pswp-item\" href=\"https:\/\/www.radiopiu.net\/wordpress\/wp-content\/uploads\/2024\/03\/Da-Via_ph.-Torres.jpeg\" data-dt-img-description=\"\" data-large_image_width=\"1330\" data-large_image_height=\"1218\"><img loading=\"lazy\" decoding=\"async\" class=\" wp-image-378229 alignleft\" src=\"https:\/\/www.radiopiu.net\/wordpress\/wp-content\/uploads\/2024\/03\/Da-Via_ph.-Torres-300x275.jpeg\" alt=\"\" width=\"240\" height=\"220\" srcset=\"https:\/\/www.radiopiu.net\/wordpress\/wp-content\/uploads\/2024\/03\/Da-Via_ph.-Torres-300x275.jpeg 300w, https:\/\/www.radiopiu.net\/wordpress\/wp-content\/uploads\/2024\/03\/Da-Via_ph.-Torres-1024x938.jpeg 1024w, https:\/\/www.radiopiu.net\/wordpress\/wp-content\/uploads\/2024\/03\/Da-Via_ph.-Torres-768x703.jpeg 768w, https:\/\/www.radiopiu.net\/wordpress\/wp-content\/uploads\/2024\/03\/Da-Via_ph.-Torres.jpeg 1330w\" sizes=\"auto, (max-width: 240px) 100vw, 240px\" \/><\/a>Gs La Piave 2000 ai Campionati Italiani di Corsa Campestre<\/strong><\/h2>\n<\/blockquote>\n<p><strong>BORGO VALBELLUNA<\/strong> Spedizione da record per il Gs La Piave 2000 ai campionati italiani di corsa campestre: saranno ben 12 gli atleti della societ\u00e0 bellunese impegnati oggi e domani a Cassino (Frosinone), nell\u2019evento (2700 iscritti) che assegner\u00e0 le maglie tricolori, sia individuali che di societ\u00e0. Sui prati laziali, il Gs La Piave 2000 schierer\u00e0 le due squadre assolute. Gli uomini, impegnati sui 10 km, presenteranno l\u2019azzurrino <strong>Francesco Da Vi\u00e0<\/strong>, al primo impegno tricolore da senior dopo il quarto posto ottenuto l\u2019anno scorso a Gubbio tra gli under 23, l\u2019intramontabile <strong>Said Boudalia<\/strong>, classe 1968, e <strong>Christian Vergerio<\/strong>. La formazione femminile, alla seconda partecipazione consecutiva nella gara sugli 8 km, sar\u00e0 invece costituita da <strong>Francesca Comiotto<\/strong>, <strong>Nicole De Salvador<\/strong>, <strong>Marta Lorenzet<\/strong>, <strong>Arianna Marcer<\/strong> e <strong>Andreina Piscitelli<\/strong>. Il Gs La Piave 2000 prender\u00e0 parte anche alla staffetta maschile 4&#215;1 giro, presentando lo junior <strong>Hisham Boudalia<\/strong>, figlio di Said, gli allievi <strong>Davide Maccagnan<\/strong> e <strong>Ivan Somacal<\/strong> e il gi\u00e0 citato <strong>Vergerio<\/strong>. Il giovanissimo <strong>Mario Burigo<\/strong>, infine, sar\u00e0 impegnato a titolo individuale nella gara cadetti, categoria in cui la rappresentativa veneta cercher\u00e0 di onorare al meglio lo storico titolo tricolore vinto nel 2023 a Gubbio.\u00a0 \u00a0 \u00a0 \u00a0(foto Da Vi\u00e0, ph Torres).<\/p>\n<p>&nbsp;<\/p>\n<p>&nbsp;<\/p>\n<hr \/>\n<p>&nbsp;<\/p>\n<h2><span style=\"color: #00ccff;\">GOODBYE BY BICICLE&#8230;UN VIAGGIO DALL&#8217;INDIA A SEREN DEL GRAPPA IN BICICLETTA<\/span><\/h2>\n<p><strong>PUNTATA 03 &#8211; DALLE CASE SULL&#8217;ALBERO A MUMBAI<\/strong><\/p>\n<audio class=\"wp-audio-shortcode\" id=\"audio-378117-19\" preload=\"none\" style=\"width: 100%;\" controls=\"controls\"><source type=\"audio\/mpeg\" src=\"https:\/\/www.radiopiu.net\/wordpress\/wp-content\/uploads\/2024\/02\/INDIA-PUNTATA-03.mp3?_=19\" \/><a href=\"https:\/\/www.radiopiu.net\/wordpress\/wp-content\/uploads\/2024\/02\/INDIA-PUNTATA-03.mp3\">https:\/\/www.radiopiu.net\/wordpress\/wp-content\/uploads\/2024\/02\/INDIA-PUNTATA-03.mp3<\/a><\/audio>\n<p>&nbsp;<\/p>\n\n\t\t\t<style type='text\/css'>\n\t\t\t\t#gallery-5 {\n\t\t\t\t\tmargin: auto;\n\t\t\t\t}\n\t\t\t\t#gallery-5 .gallery-item {\n\t\t\t\t\tfloat: left;\n\t\t\t\t\tmargin-top: 10px;\n\t\t\t\t\ttext-align: center;\n\t\t\t\t\twidth: 14%;\n\t\t\t\t}\n\t\t\t\t#gallery-5 img {\n\t\t\t\t\tborder: 2px solid #cfcfcf;\n\t\t\t\t}\n\t\t\t\t#gallery-5 .gallery-caption {\n\t\t\t\t\tmargin-left: 0;\n\t\t\t\t}\n\t\t\t\t\/* see gallery_shortcode() in wp-includes\/media.php *\/\n\t\t\t<\/style>\n\t\t<div id='gallery-5' class='dt-gallery-container gallery galleryid-378117 gallery-columns-7 gallery-size-thumbnail'><dl class='gallery-item'>\n\t\t\t\t<dt class='gallery-icon landscape'>\n\t\t\t\t\t<a class=\"rollover rollover-zoom dt-pswp-item\" title=\"731ca5b9-5c16-46e9-befa-e1b7cd138ec9\" data-dt-img-description=\"\" data-large_image_width=\"1600\" data-large_image_height=\"1200\"href='https:\/\/www.radiopiu.net\/wordpress\/wp-content\/uploads\/2024\/02\/731ca5b9-5c16-46e9-befa-e1b7cd138ec9.jpg'><img loading=\"lazy\" decoding=\"async\" width=\"150\" height=\"150\" src=\"https:\/\/www.radiopiu.net\/wordpress\/wp-content\/uploads\/2024\/02\/731ca5b9-5c16-46e9-befa-e1b7cd138ec9-150x150.jpg\" class=\"attachment-thumbnail size-thumbnail\" alt=\"\" \/><\/a>\n\t\t\t\t<\/dt><\/dl><dl class='gallery-item'>\n\t\t\t\t<dt class='gallery-icon landscape'>\n\t\t\t\t\t<a class=\"rollover rollover-zoom dt-pswp-item\" title=\"c3330ec7-f9d5-45d8-ad71-89e6e21e0042\" data-dt-img-description=\"\" data-large_image_width=\"1600\" data-large_image_height=\"1200\"href='https:\/\/www.radiopiu.net\/wordpress\/wp-content\/uploads\/2024\/02\/c3330ec7-f9d5-45d8-ad71-89e6e21e0042.jpg'><img loading=\"lazy\" decoding=\"async\" width=\"150\" height=\"150\" src=\"https:\/\/www.radiopiu.net\/wordpress\/wp-content\/uploads\/2024\/02\/c3330ec7-f9d5-45d8-ad71-89e6e21e0042-150x150.jpg\" class=\"attachment-thumbnail size-thumbnail\" alt=\"\" \/><\/a>\n\t\t\t\t<\/dt><\/dl><dl class='gallery-item'>\n\t\t\t\t<dt class='gallery-icon landscape'>\n\t\t\t\t\t<a class=\"rollover rollover-zoom dt-pswp-item\" title=\"075d5b1c-2889-4896-9c0e-4d19f4fabd70\" data-dt-img-description=\"\" data-large_image_width=\"1600\" data-large_image_height=\"1200\"href='https:\/\/www.radiopiu.net\/wordpress\/wp-content\/uploads\/2024\/02\/075d5b1c-2889-4896-9c0e-4d19f4fabd70.jpg'><img loading=\"lazy\" decoding=\"async\" width=\"150\" height=\"150\" src=\"https:\/\/www.radiopiu.net\/wordpress\/wp-content\/uploads\/2024\/02\/075d5b1c-2889-4896-9c0e-4d19f4fabd70-150x150.jpg\" class=\"attachment-thumbnail size-thumbnail\" alt=\"\" \/><\/a>\n\t\t\t\t<\/dt><\/dl><dl class='gallery-item'>\n\t\t\t\t<dt class='gallery-icon landscape'>\n\t\t\t\t\t<a class=\"rollover rollover-zoom dt-pswp-item\" title=\"56936d73-6750-4025-9eb4-3041cc1363e5\" data-dt-img-description=\"\" data-large_image_width=\"1496\" data-large_image_height=\"1496\"href='https:\/\/www.radiopiu.net\/wordpress\/wp-content\/uploads\/2024\/02\/56936d73-6750-4025-9eb4-3041cc1363e5.jpg'><img loading=\"lazy\" decoding=\"async\" width=\"150\" height=\"150\" src=\"https:\/\/www.radiopiu.net\/wordpress\/wp-content\/uploads\/2024\/02\/56936d73-6750-4025-9eb4-3041cc1363e5-150x150.jpg\" class=\"attachment-thumbnail size-thumbnail\" alt=\"\" srcset=\"https:\/\/www.radiopiu.net\/wordpress\/wp-content\/uploads\/2024\/02\/56936d73-6750-4025-9eb4-3041cc1363e5-150x150.jpg 150w, https:\/\/www.radiopiu.net\/wordpress\/wp-content\/uploads\/2024\/02\/56936d73-6750-4025-9eb4-3041cc1363e5-300x300.jpg 300w, https:\/\/www.radiopiu.net\/wordpress\/wp-content\/uploads\/2024\/02\/56936d73-6750-4025-9eb4-3041cc1363e5-1024x1024.jpg 1024w, https:\/\/www.radiopiu.net\/wordpress\/wp-content\/uploads\/2024\/02\/56936d73-6750-4025-9eb4-3041cc1363e5-768x768.jpg 768w, https:\/\/www.radiopiu.net\/wordpress\/wp-content\/uploads\/2024\/02\/56936d73-6750-4025-9eb4-3041cc1363e5.jpg 1496w\" sizes=\"auto, (max-width: 150px) 100vw, 150px\" \/><\/a>\n\t\t\t\t<\/dt><\/dl><dl class='gallery-item'>\n\t\t\t\t<dt class='gallery-icon landscape'>\n\t\t\t\t\t<a class=\"rollover rollover-zoom dt-pswp-item\" title=\"02542fb0-8bba-4264-b844-e832b209ed06\" data-dt-img-description=\"\" data-large_image_width=\"1280\" data-large_image_height=\"963\"href='https:\/\/www.radiopiu.net\/wordpress\/wp-content\/uploads\/2024\/02\/02542fb0-8bba-4264-b844-e832b209ed06.jpg'><img loading=\"lazy\" decoding=\"async\" width=\"150\" height=\"150\" src=\"https:\/\/www.radiopiu.net\/wordpress\/wp-content\/uploads\/2024\/02\/02542fb0-8bba-4264-b844-e832b209ed06-150x150.jpg\" class=\"attachment-thumbnail size-thumbnail\" alt=\"\" \/><\/a>\n\t\t\t\t<\/dt><\/dl><dl class='gallery-item'>\n\t\t\t\t<dt class='gallery-icon landscape'>\n\t\t\t\t\t<a class=\"rollover rollover-zoom dt-pswp-item\" title=\"ccbf7e99-56c4-4c45-9e3e-8d4825d1b5cf\" data-dt-img-description=\"\" data-large_image_width=\"1280\" data-large_image_height=\"963\"href='https:\/\/www.radiopiu.net\/wordpress\/wp-content\/uploads\/2024\/02\/ccbf7e99-56c4-4c45-9e3e-8d4825d1b5cf.jpg'><img loading=\"lazy\" decoding=\"async\" width=\"150\" height=\"150\" src=\"https:\/\/www.radiopiu.net\/wordpress\/wp-content\/uploads\/2024\/02\/ccbf7e99-56c4-4c45-9e3e-8d4825d1b5cf-150x150.jpg\" class=\"attachment-thumbnail size-thumbnail\" alt=\"\" \/><\/a>\n\t\t\t\t<\/dt><\/dl><dl class='gallery-item'>\n\t\t\t\t<dt class='gallery-icon landscape'>\n\t\t\t\t\t<a class=\"rollover rollover-zoom dt-pswp-item\" title=\"40e4da33-db99-41b1-9a34-b6d5c569fcdb\" data-dt-img-description=\"\" data-large_image_width=\"1496\" data-large_image_height=\"1496\"href='https:\/\/www.radiopiu.net\/wordpress\/wp-content\/uploads\/2024\/02\/40e4da33-db99-41b1-9a34-b6d5c569fcdb.jpg'><img loading=\"lazy\" decoding=\"async\" width=\"150\" height=\"150\" src=\"https:\/\/www.radiopiu.net\/wordpress\/wp-content\/uploads\/2024\/02\/40e4da33-db99-41b1-9a34-b6d5c569fcdb-150x150.jpg\" class=\"attachment-thumbnail size-thumbnail\" alt=\"\" srcset=\"https:\/\/www.radiopiu.net\/wordpress\/wp-content\/uploads\/2024\/02\/40e4da33-db99-41b1-9a34-b6d5c569fcdb-150x150.jpg 150w, https:\/\/www.radiopiu.net\/wordpress\/wp-content\/uploads\/2024\/02\/40e4da33-db99-41b1-9a34-b6d5c569fcdb-300x300.jpg 300w, https:\/\/www.radiopiu.net\/wordpress\/wp-content\/uploads\/2024\/02\/40e4da33-db99-41b1-9a34-b6d5c569fcdb-1024x1024.jpg 1024w, https:\/\/www.radiopiu.net\/wordpress\/wp-content\/uploads\/2024\/02\/40e4da33-db99-41b1-9a34-b6d5c569fcdb-768x768.jpg 768w, https:\/\/www.radiopiu.net\/wordpress\/wp-content\/uploads\/2024\/02\/40e4da33-db99-41b1-9a34-b6d5c569fcdb.jpg 1496w\" sizes=\"auto, (max-width: 150px) 100vw, 150px\" \/><\/a>\n\t\t\t\t<\/dt><\/dl><br style=\"clear: both\" \/>\n\t\t\t<\/div>\n\n<p>&nbsp;<\/p>\n<h2>LA RACCOLTA COMPLETA <a href=\"https:\/\/www.radiopiu.net\/wordpress\/goodbye-by-bicicle-un-viaggio-dallindia-a-seren-del-grappa-in-bicicletta-03\/\">CLICCA QUI\u00a0<\/a><\/h2>\n<p>&nbsp;<\/p>\n<p>&nbsp;<\/p>\n","protected":false},"excerpt":{"rendered":"<p>&nbsp; *** &nbsp; PASSO SAN PELLEGRINO, OGGI ORE 7.00 &nbsp; &nbsp; &nbsp; &nbsp; PER RICEVERE QUESTO NOTIZIARIO DIRETTAMENTE SUL TUO CELLULARE ISCRIVITI AL CANALE TELEGRAM \u201cRADIO PIU\u00a0 INFORMAZIONE&#8221;\u00a0 \u00a0il CANALE TELEGRAM&#8230; UNISCITI A: RADIO PIU INFORMAZIONE &nbsp; &nbsp; ATTENZIONE: LA NUOVA APP PER IOS-IPHONE di Nicola Vettorello https:\/\/apps.apple.com\/it\/app\/radio-pi%C3%B9-emittente-agordina\/id1515939845 ATTENZIONE: LA NUOVA APP RADIO\u00a0 PER ANDROID&hellip;<\/p>\n","protected":false},"author":4,"featured_media":378224,"comment_status":"closed","ping_status":"closed","sticky":false,"template":"","format":"standard","meta":{"_monsterinsights_skip_tracking":false,"_monsterinsights_sitenote_active":false,"_monsterinsights_sitenote_note":"","_monsterinsights_sitenote_category":0,"footnotes":""},"categories":[51,86,49],"tags":[],"class_list":["post-378117","post","type-post","status-publish","format-standard","has-post-thumbnail","hentry","category-evidenza-top","category-gr","category-news-18","category-51","category-86","category-49","description-off"],"img_url":"https:\/\/www.radiopiu.net\/wordpress\/wp-content\/uploads\/2024\/03\/430096680_820218100145694_5468621206164177072_n-1.jpg","_links":{"self":[{"href":"https:\/\/www.radiopiu.net\/wordpress\/wp-json\/wp\/v2\/posts\/378117","targetHints":{"allow":["GET"]}}],"collection":[{"href":"https:\/\/www.radiopiu.net\/wordpress\/wp-json\/wp\/v2\/posts"}],"about":[{"href":"https:\/\/www.radiopiu.net\/wordpress\/wp-json\/wp\/v2\/types\/post"}],"author":[{"embeddable":true,"href":"https:\/\/www.radiopiu.net\/wordpress\/wp-json\/wp\/v2\/users\/4"}],"replies":[{"embeddable":true,"href":"https:\/\/www.radiopiu.net\/wordpress\/wp-json\/wp\/v2\/comments?post=378117"}],"version-history":[{"count":0,"href":"https:\/\/www.radiopiu.net\/wordpress\/wp-json\/wp\/v2\/posts\/378117\/revisions"}],"wp:featuredmedia":[{"embeddable":true,"href":"https:\/\/www.radiopiu.net\/wordpress\/wp-json\/wp\/v2\/media\/378224"}],"wp:attachment":[{"href":"https:\/\/www.radiopiu.net\/wordpress\/wp-json\/wp\/v2\/media?parent=378117"}],"wp:term":[{"taxonomy":"category","embeddable":true,"href":"https:\/\/www.radiopiu.net\/wordpress\/wp-json\/wp\/v2\/categories?post=378117"},{"taxonomy":"post_tag","embeddable":true,"href":"https:\/\/www.radiopiu.net\/wordpress\/wp-json\/wp\/v2\/tags?post=378117"}],"curies":[{"name":"wp","href":"https:\/\/api.w.org\/{rel}","templated":true}]}}