{"id":378131,"date":"2024-03-07T19:57:02","date_gmt":"2024-03-07T18:57:02","guid":{"rendered":"https:\/\/www.radiopiu.net\/wordpress\/?p=378131"},"modified":"2024-03-08T06:18:01","modified_gmt":"2024-03-08T05:18:01","slug":"cisco-e-artu-fatele-volteggiare-con-gioia","status":"publish","type":"post","link":"https:\/\/www.radiopiu.net\/wordpress\/cisco-e-artu-fatele-volteggiare-con-gioia\/","title":{"rendered":"CISCO E ARTU&#8217;&#8230; FATELE VOLTEGGIARE CON GIOIA!"},"content":{"rendered":"<p>***<\/p>\n<p>&nbsp;<\/p>\n\n\t\t\t<style type='text\/css'>\n\t\t\t\t#gallery-1 {\n\t\t\t\t\tmargin: auto;\n\t\t\t\t}\n\t\t\t\t#gallery-1 .gallery-item {\n\t\t\t\t\tfloat: left;\n\t\t\t\t\tmargin-top: 10px;\n\t\t\t\t\ttext-align: center;\n\t\t\t\t\twidth: 33%;\n\t\t\t\t}\n\t\t\t\t#gallery-1 img {\n\t\t\t\t\tborder: 2px solid #cfcfcf;\n\t\t\t\t}\n\t\t\t\t#gallery-1 .gallery-caption {\n\t\t\t\t\tmargin-left: 0;\n\t\t\t\t}\n\t\t\t\t\/* see gallery_shortcode() in wp-includes\/media.php *\/\n\t\t\t<\/style>\n\t\t<div id='gallery-1' class='dt-gallery-container gallery galleryid-378131 gallery-columns-3 gallery-size-thumbnail'><dl class='gallery-item'>\n\t\t\t\t<dt class='gallery-icon portrait'>\n\t\t\t\t\t<a class=\"rollover rollover-zoom dt-pswp-item\" title=\"6dfb2a87-f40b-4ab5-99ab-12823e1b2ef4\" data-dt-img-description=\"\" data-large_image_width=\"996\" data-large_image_height=\"2048\"href='https:\/\/www.radiopiu.net\/wordpress\/wp-content\/uploads\/2024\/03\/6dfb2a87-f40b-4ab5-99ab-12823e1b2ef4.jpg'><img loading=\"lazy\" decoding=\"async\" width=\"150\" height=\"150\" src=\"https:\/\/www.radiopiu.net\/wordpress\/wp-content\/uploads\/2024\/03\/6dfb2a87-f40b-4ab5-99ab-12823e1b2ef4-150x150.jpg\" class=\"attachment-thumbnail size-thumbnail\" alt=\"\" \/><\/a>\n\t\t\t\t<\/dt><\/dl><dl class='gallery-item'>\n\t\t\t\t<dt class='gallery-icon landscape'>\n\t\t\t\t\t<a class=\"rollover rollover-zoom dt-pswp-item\" title=\"c633bdbc-ef9c-4c02-a4a7-aac66977f8f4\" data-dt-img-description=\"\" data-large_image_width=\"1600\" data-large_image_height=\"720\"href='https:\/\/www.radiopiu.net\/wordpress\/wp-content\/uploads\/2024\/03\/c633bdbc-ef9c-4c02-a4a7-aac66977f8f4.jpg'><img loading=\"lazy\" decoding=\"async\" width=\"150\" height=\"150\" src=\"https:\/\/www.radiopiu.net\/wordpress\/wp-content\/uploads\/2024\/03\/c633bdbc-ef9c-4c02-a4a7-aac66977f8f4-150x150.jpg\" class=\"attachment-thumbnail size-thumbnail\" alt=\"\" \/><\/a>\n\t\t\t\t<\/dt><\/dl><dl class='gallery-item'>\n\t\t\t\t<dt class='gallery-icon landscape'>\n\t\t\t\t\t<a class=\"rollover rollover-zoom dt-pswp-item\" title=\"2a5de4ac-6bd9-41df-8598-0fd1b8716228\" data-dt-img-description=\"\" data-large_image_width=\"1600\" data-large_image_height=\"720\"href='https:\/\/www.radiopiu.net\/wordpress\/wp-content\/uploads\/2024\/03\/2a5de4ac-6bd9-41df-8598-0fd1b8716228.jpg'><img loading=\"lazy\" decoding=\"async\" width=\"150\" height=\"150\" src=\"https:\/\/www.radiopiu.net\/wordpress\/wp-content\/uploads\/2024\/03\/2a5de4ac-6bd9-41df-8598-0fd1b8716228-150x150.jpg\" class=\"attachment-thumbnail size-thumbnail\" alt=\"\" \/><\/a>\n\t\t\t\t<\/dt><\/dl><br style=\"clear: both\" \/><dl class='gallery-item'>\n\t\t\t\t<dt class='gallery-icon landscape'>\n\t\t\t\t\t<a class=\"rollover rollover-zoom dt-pswp-item\" title=\"ab6f1c21-7edc-479b-a332-bb34b7243ede\" data-dt-img-description=\"\" data-large_image_width=\"1600\" data-large_image_height=\"720\"href='https:\/\/www.radiopiu.net\/wordpress\/wp-content\/uploads\/2024\/03\/ab6f1c21-7edc-479b-a332-bb34b7243ede.jpg'><img loading=\"lazy\" decoding=\"async\" width=\"150\" height=\"150\" src=\"https:\/\/www.radiopiu.net\/wordpress\/wp-content\/uploads\/2024\/03\/ab6f1c21-7edc-479b-a332-bb34b7243ede-150x150.jpg\" class=\"attachment-thumbnail size-thumbnail\" alt=\"\" \/><\/a>\n\t\t\t\t<\/dt><\/dl><dl class='gallery-item'>\n\t\t\t\t<dt class='gallery-icon landscape'>\n\t\t\t\t\t<a class=\"rollover rollover-zoom dt-pswp-item\" title=\"a99f8f2f-3a82-4ee5-ae2b-16fa3e08c82c\" data-dt-img-description=\"\" data-large_image_width=\"1600\" data-large_image_height=\"720\"href='https:\/\/www.radiopiu.net\/wordpress\/wp-content\/uploads\/2024\/03\/a99f8f2f-3a82-4ee5-ae2b-16fa3e08c82c.jpg'><img loading=\"lazy\" decoding=\"async\" width=\"150\" height=\"150\" src=\"https:\/\/www.radiopiu.net\/wordpress\/wp-content\/uploads\/2024\/03\/a99f8f2f-3a82-4ee5-ae2b-16fa3e08c82c-150x150.jpg\" class=\"attachment-thumbnail size-thumbnail\" alt=\"\" \/><\/a>\n\t\t\t\t<\/dt><\/dl><dl class='gallery-item'>\n\t\t\t\t<dt class='gallery-icon landscape'>\n\t\t\t\t\t<a class=\"rollover rollover-zoom dt-pswp-item\" title=\"1df174bc-ace4-42c4-930b-f717a28c1489\" data-dt-img-description=\"\" data-large_image_width=\"1600\" data-large_image_height=\"720\"href='https:\/\/www.radiopiu.net\/wordpress\/wp-content\/uploads\/2024\/03\/1df174bc-ace4-42c4-930b-f717a28c1489.jpg'><img loading=\"lazy\" decoding=\"async\" width=\"150\" height=\"150\" src=\"https:\/\/www.radiopiu.net\/wordpress\/wp-content\/uploads\/2024\/03\/1df174bc-ace4-42c4-930b-f717a28c1489-150x150.jpg\" class=\"attachment-thumbnail size-thumbnail\" alt=\"\" \/><\/a>\n\t\t\t\t<\/dt><\/dl><br style=\"clear: both\" \/>\n\t\t\t<\/div>\n\n<p><strong>LA VALLE<\/strong>\u00a0 Eccoli i principali protagonisti con gli atleti del PR RANCH di La Valle Agordina: Entrambi iscritti in FISE nazionale e Art\u00f9 anche in FEI (federazione equestre internazionale). Il grigione \u00e8 Art\u00f9 170cm e il biondino \u00e8 Cisco 160 cm.<br \/>\n<strong>CISCO E ART\u00d9<\/strong> si stanno preparando per questa stagione come dei veri atleti quali sono. Tutto lo staff del PR RANCH \u00e8 in gran fermento per questo inizio stagione che di sicuro ci far\u00e0 battere il cuore!<\/p>\n<p>&nbsp;<\/p>\n<p>&nbsp;<\/p>\n<p><strong><a class=\"dt-pswp-item\" href=\"https:\/\/www.radiopiu.net\/wordpress\/wp-content\/uploads\/2024\/03\/424952834_401590475726874_3523503604221229343_n.jpg\" data-dt-img-description=\"\" data-large_image_width=\"600\" data-large_image_height=\"450\"><img loading=\"lazy\" decoding=\"async\" class=\" wp-image-377887 alignleft\" src=\"https:\/\/www.radiopiu.net\/wordpress\/wp-content\/uploads\/2024\/03\/424952834_401590475726874_3523503604221229343_n-300x225.jpg\" alt=\"\" width=\"207\" height=\"155\" srcset=\"https:\/\/www.radiopiu.net\/wordpress\/wp-content\/uploads\/2024\/03\/424952834_401590475726874_3523503604221229343_n-300x225.jpg 300w, https:\/\/www.radiopiu.net\/wordpress\/wp-content\/uploads\/2024\/03\/424952834_401590475726874_3523503604221229343_n.jpg 600w\" sizes=\"auto, (max-width: 207px) 100vw, 207px\" \/><\/a>LA VALLE AGORDINA<\/strong> Domenica\u00a0 prende il via la stagione agonistica federale di Volteggio Accademico, il PR DOLOMITI VOLTEGGIO sar\u00e0 presente con 11 atleti dai 7 ai 16 anni divisi in 4 categorie. La prima gara a Portogruaro dove scenderanno in campo una squadra in categoria L under 12 composta da:\u00a0 Margherita Stieven Alice Donata Stieven e Nicol Bernardini che volteggeranno sulle note di una coinvolgente musica rock e saranno le uniche portacolori del PR per il Ludico. Le\u00a0 ragazze della categoria E:\u00a0 Eliana Bellenzier e Giulia Bessegato\u00a0 non potranno esserci.<br \/>\nPer le categoria\u00a0 Agonistiche\u00a0 pronti a volteggiare:\u00a0 Irene De Toni, Alessandro Oldrati e Mattia Giora che si esibiranno in categoria D individuale. Per la categoria una stella: Cecilia Caldart,\u00a0 garegger\u00e0 in una stella \u00a0junior,\u00a0 \u00a0Aurora Zuanel e Diletta Caldart\u00a0 sono attese nelle prove della categoria\u00a0 una stella \u00a0children. Per Aurora,\u00a0 Cecilia e Diletta, sar\u00e0 una a gara importante perch\u00e9 varr\u00e0 come qualifica agli Internazionali che si terranno nel weekend di Pasqua\u00a0 a Portogruaro.<\/p>\n<p>___<\/p>\n","protected":false},"excerpt":{"rendered":"<p>*** &nbsp; LA VALLE\u00a0 Eccoli i principali protagonisti con gli atleti del PR RANCH di La Valle Agordina: Entrambi iscritti in FISE nazionale e Art\u00f9 anche in FEI (federazione equestre internazionale). Il grigione \u00e8 Art\u00f9 170cm e il biondino \u00e8 Cisco 160 cm. CISCO E ART\u00d9 si stanno preparando per questa stagione come dei veri&hellip;<\/p>\n","protected":false},"author":4,"featured_media":378134,"comment_status":"closed","ping_status":"closed","sticky":false,"template":"","format":"standard","meta":{"_monsterinsights_skip_tracking":false,"_monsterinsights_sitenote_active":false,"_monsterinsights_sitenote_note":"","_monsterinsights_sitenote_category":0,"footnotes":""},"categories":[49],"tags":[],"class_list":["post-378131","post","type-post","status-publish","format-standard","has-post-thumbnail","hentry","category-news-18","category-49","description-off"],"img_url":"https:\/\/www.radiopiu.net\/wordpress\/wp-content\/uploads\/2024\/03\/c633bdbc-ef9c-4c02-a4a7-aac66977f8f4.jpg","_links":{"self":[{"href":"https:\/\/www.radiopiu.net\/wordpress\/wp-json\/wp\/v2\/posts\/378131","targetHints":{"allow":["GET"]}}],"collection":[{"href":"https:\/\/www.radiopiu.net\/wordpress\/wp-json\/wp\/v2\/posts"}],"about":[{"href":"https:\/\/www.radiopiu.net\/wordpress\/wp-json\/wp\/v2\/types\/post"}],"author":[{"embeddable":true,"href":"https:\/\/www.radiopiu.net\/wordpress\/wp-json\/wp\/v2\/users\/4"}],"replies":[{"embeddable":true,"href":"https:\/\/www.radiopiu.net\/wordpress\/wp-json\/wp\/v2\/comments?post=378131"}],"version-history":[{"count":0,"href":"https:\/\/www.radiopiu.net\/wordpress\/wp-json\/wp\/v2\/posts\/378131\/revisions"}],"wp:featuredmedia":[{"embeddable":true,"href":"https:\/\/www.radiopiu.net\/wordpress\/wp-json\/wp\/v2\/media\/378134"}],"wp:attachment":[{"href":"https:\/\/www.radiopiu.net\/wordpress\/wp-json\/wp\/v2\/media?parent=378131"}],"wp:term":[{"taxonomy":"category","embeddable":true,"href":"https:\/\/www.radiopiu.net\/wordpress\/wp-json\/wp\/v2\/categories?post=378131"},{"taxonomy":"post_tag","embeddable":true,"href":"https:\/\/www.radiopiu.net\/wordpress\/wp-json\/wp\/v2\/tags?post=378131"}],"curies":[{"name":"wp","href":"https:\/\/api.w.org\/{rel}","templated":true}]}}