{"id":378142,"date":"2024-03-08T05:55:02","date_gmt":"2024-03-08T04:55:02","guid":{"rendered":"https:\/\/www.radiopiu.net\/wordpress\/?p=378142"},"modified":"2024-03-08T08:08:15","modified_gmt":"2024-03-08T07:08:15","slug":"quero-in-ansia-per-paola-manca-dallo-scorso-mercoledi","status":"publish","type":"post","link":"https:\/\/www.radiopiu.net\/wordpress\/quero-in-ansia-per-paola-manca-dallo-scorso-mercoledi\/","title":{"rendered":"QUERO IN ANSIA PER PAOLA, MANCA DALLO SCORSO MERCOLEDI"},"content":{"rendered":"<p>**<\/p>\n<p><strong><img loading=\"lazy\" decoding=\"async\" class=\"alignleft\" src=\"https:\/\/www.radiopiu.net\/wordpress\/wp-content\/uploads\/2024\/03\/Senza-nome-34.png\" alt=\"\" width=\"549\" height=\"314\" \/>QUERO<\/strong> a comunit\u00e0 di Quero \u00e8 preoccupata per la scomparsa di Paola Collavo, residente locale. La donna \u00e8 sparita mercoled\u00ec pomeriggio, e la sua Fiat Panda blu \u00e8 stata avvistata vicino al Monte Grappa, ma da allora non ci sono pi\u00f9 notizie. La famiglia ha lanciato un appello sui social per trovarla, e i carabinieri hanno iniziato le ricerche. La zia di Paola, Fulvia Collavo, ha descritto il momento della scomparsa e ha evidenziato i problemi di salute della nipote. Paola \u00e8 una collaboratrice scolastica a Quero e di solito non si allontana cos\u00ec a lungo senza avvisare. Le ricerche si concentrano ora nella zona del Monte Grappa, e si spera che l&#8217;uso delle telecamere possa aiutare. Il padre, Luigi Collavo, \u00e8 preoccupato e spera che la situazione si risolva positivamente.<\/p>\n<p>FOTO CORRIERE ALPI<\/p>\n<p>&nbsp;<\/p>\n<hr \/>\n<p>&nbsp;<\/p>\n","protected":false},"excerpt":{"rendered":"<p>** QUERO a comunit\u00e0 di Quero \u00e8 preoccupata per la scomparsa di Paola Collavo, residente locale. La donna \u00e8 sparita mercoled\u00ec pomeriggio, e la sua Fiat Panda blu \u00e8 stata avvistata vicino al Monte Grappa, ma da allora non ci sono pi\u00f9 notizie. La famiglia ha lanciato un appello sui social per trovarla, e i&hellip;<\/p>\n","protected":false},"author":4,"featured_media":378144,"comment_status":"closed","ping_status":"closed","sticky":false,"template":"","format":"standard","meta":{"_monsterinsights_skip_tracking":false,"_monsterinsights_sitenote_active":false,"_monsterinsights_sitenote_note":"","_monsterinsights_sitenote_category":0,"footnotes":""},"categories":[51,49],"tags":[],"class_list":["post-378142","post","type-post","status-publish","format-standard","has-post-thumbnail","hentry","category-evidenza-top","category-news-18","category-51","category-49","description-off"],"img_url":"https:\/\/www.radiopiu.net\/wordpress\/wp-content\/uploads\/2024\/03\/Senza-nome-34.png","_links":{"self":[{"href":"https:\/\/www.radiopiu.net\/wordpress\/wp-json\/wp\/v2\/posts\/378142","targetHints":{"allow":["GET"]}}],"collection":[{"href":"https:\/\/www.radiopiu.net\/wordpress\/wp-json\/wp\/v2\/posts"}],"about":[{"href":"https:\/\/www.radiopiu.net\/wordpress\/wp-json\/wp\/v2\/types\/post"}],"author":[{"embeddable":true,"href":"https:\/\/www.radiopiu.net\/wordpress\/wp-json\/wp\/v2\/users\/4"}],"replies":[{"embeddable":true,"href":"https:\/\/www.radiopiu.net\/wordpress\/wp-json\/wp\/v2\/comments?post=378142"}],"version-history":[{"count":0,"href":"https:\/\/www.radiopiu.net\/wordpress\/wp-json\/wp\/v2\/posts\/378142\/revisions"}],"wp:featuredmedia":[{"embeddable":true,"href":"https:\/\/www.radiopiu.net\/wordpress\/wp-json\/wp\/v2\/media\/378144"}],"wp:attachment":[{"href":"https:\/\/www.radiopiu.net\/wordpress\/wp-json\/wp\/v2\/media?parent=378142"}],"wp:term":[{"taxonomy":"category","embeddable":true,"href":"https:\/\/www.radiopiu.net\/wordpress\/wp-json\/wp\/v2\/categories?post=378142"},{"taxonomy":"post_tag","embeddable":true,"href":"https:\/\/www.radiopiu.net\/wordpress\/wp-json\/wp\/v2\/tags?post=378142"}],"curies":[{"name":"wp","href":"https:\/\/api.w.org\/{rel}","templated":true}]}}