{"id":378170,"date":"2024-03-08T07:55:37","date_gmt":"2024-03-08T06:55:37","guid":{"rendered":"https:\/\/www.radiopiu.net\/wordpress\/?p=378170"},"modified":"2024-03-08T08:00:28","modified_gmt":"2024-03-08T07:00:28","slug":"rasst0803","status":"publish","type":"post","link":"https:\/\/www.radiopiu.net\/wordpress\/rasst0803\/","title":{"rendered":"dal 1983 LA RASSEGNA DELLA STAMPA LOCALE di mirko mezzacasa"},"content":{"rendered":"<p>***<\/p>\n<p>&nbsp;<\/p>\n<p><iframe loading=\"lazy\" title=\"DAL 1983 LA RASSEGNA STAMPA LOCALE di mirko mezzacasa. L&#039;ORIGINALE\" width=\"1200\" height=\"675\" src=\"https:\/\/www.youtube.com\/embed\/8gkuJncY0WM?feature=oembed\" frameborder=\"0\" allow=\"accelerometer; autoplay; clipboard-write; encrypted-media; gyroscope; picture-in-picture; web-share\" allowfullscreen><\/iframe><\/p>\n<p>&nbsp;<\/p>\n<p><img loading=\"lazy\" decoding=\"async\" class=\"alignleft\" src=\"https:\/\/www.radiopiu.net\/wordpress\/wp-content\/uploads\/2024\/03\/COPERTINA-5.png\" width=\"328\" height=\"154\" \/>QUERO a comunit\u00e0 di Quero \u00e8 preoccupata per la scomparsa di Paola Collavo, residente locale. La donna \u00e8 sparita mercoled\u00ec pomeriggio, e la sua Fiat Panda blu \u00e8 stata avvistata vicino al Monte Grappa, ma da allora non ci sono pi\u00f9 notizie. La famiglia ha lanciato un appello sui social per trovarla, e i carabinieri hanno iniziato le ricerche.<br \/>\nPONTE NELLE ALPI La tranquilla serata di ieri \u00e8 stata interrotta da un evento, intorno alle 23, un incendio\u00a0 ha divorato un capannone e un&#8217;ex fabbrica d&#8217;acqua minerale presso l&#8217;area che oggi ospita l&#8217;ingrosso carni Boito e una ditta di surgelati. Fortunatamente, al momento dell&#8217;incendio non erano presenti persone all&#8217;interno delle strutture, evitando cos\u00ec il rischio di feriti o vittime.<br \/>\nE&#8217; MORTO DON LORENZO DELL&#8217;ANDREA DI SELVA DI CADORE Aveva 93 anni e quasi 70 di sacerdozio Resta il ricordo di un prete pienamente inserito nel mondo delle comunicazioni, per le quali seppe intuire e anticipare le novit\u00e0 emergenti<br \/>\nSMANTELLATA LA PIAZZA DI SPACCIO DI CORTINA D\u2019AMPEZZO \u00a0 I Carabinieri della Compagnia di Cortina d\u2019Ampezzo, sotto la guida della Procura della Repubblica di Belluno, hanno eseguito un&#8217;operazione di polizia a Roma, arrestando un individuo del 1989 e altri 8 sospettati provenienti da diverse regioni, accusati di organizzare un sistema di spaccio di droga a Cortina d\u2019Ampezzo dal 2021<br \/>\nAGORDINO Fanatismo religioso e atti persecutori: Storia di una relazione tormentata<br \/>\nUna coppia, trasferitasi nell&#8217;Agordino con due figli, si trova al centro di un dramma di fanatismo religioso e atti persecutori. La donna denuncia che il marito l&#8217;ha tormentata con ossessioni religiose, accusandola di essere &#8220;figlia di Satana&#8221; e cercando di imporre decisioni unilaterali sulla gestione dei figli<br \/>\nLIMANA Gli amici e conoscenti di Fabio Viel, soprannominato il &#8220;Toro&#8221;, si riuniranno domenica alle 16.30 nell&#8217;area polifunzionale delle scuole elementari di Limana per commemorare il suo ricordo. Non ci saranno cerimonie funebri, ma verranno condivisi ricordi dell&#8217;amico e rilasciati palloncini rossoneri in onore della sua squadra del cuore, il Milan.<br \/>\nDOLOMITIBUS: GRONES CHIAMA PADRIN &#8220;IRRITAZIONE E MALCONENTO&#8221; Il silenzio degli innocenti REDAZIONE Tanto tuon\u00f2&#8230;che piovve. Era ora per la verit\u00e0 che qualche amministratore dell&#8217;Agordino alzasse la voce con Dolomitibus, con la Provincia (socio) con chi dovrebbe a sua volta alzare la voce ma non lo fa anche perch\u00e9 sono giorni importanti, ci sono le elezioni, il rinnovo dei vertici in Provincia.<br \/>\nESSILORLUXOTTICA E DOLCE &amp; GABBANA RINNOVANO L&#8217;ACCORDO DI LICENZA PER I PROSSIMI 16 ANNI<br \/>\nMORENO DE VAL NON VUOLE RICANDIDARSI A SINDACO DI SAN TOMASO<br \/>\nBELLUNO Nel 2023, il Soccorso Alpino e Speleologico Veneto ha registrato 1219 persone soccorse in 1095 interventi. Nonostante una lieve diminuzione rispetto al 2022, l&#8217;incremento \u00e8 dovuto all&#8217;aumento dei frequentatori di montagna, ma anche all&#8217;incapacit\u00e0 e alla superficialit\u00e0 di coloro che affrontano l&#8217;ambiente senza preparazione.<br \/>\nVento in alta quota: rischi ed effetti su neve e ghiaccio<br \/>\nLONGARONE MARCOLIN OTTIENE LA CERTIFICAZIONE SULLA PARITA&#8217; DI GENERE<br \/>\nDIFFICOLTA\u2019 RICEZIONE SEGNALE RAI. ZAIA, \u201cIN VENETO NECESSARIA SOLUZIONE DEFINITIVA.<br \/>\nPONTE NELLE ALPI Ciclabile Soverzene-Soccher: via libera al progetto esecutivo di miglioramento<br \/>\nFELTRE Maratona di Lettura 2024, Comune di Feltre e Parco Nazionale delle Dolomiti Bellunesi insieme per far conoscere il\u00a0 territorio<br \/>\nLONGARONE Prodotti tipici, sapori e saperi, approfondimenti protagonisti ad Agrimont 2024<br \/>\nSOSPIROLO\u00a0Tempo di fal\u00f2 in Veneto e anche in provincia di Belluno. A Volpez di Sospirolo il tradizionale Brusa La Vecia con relativo testamento prima dell&#8217;accensione del fuoco. E Radio Pi\u00f9 nominata dalla &#8220;vecia&#8221;.<br \/>\nSEDICO Brusa la Vecia A Bribano FOTO E VIDEO SUL SITO DI RADIOPIU<br \/>\nSANTA GIUSTINA DALL&#8217;11 AL 17 MARZO IL PROGETTO FAME DI VITA<\/p>\n<p>HOCKEY SU GHIACCIOL&#8217;APPIANO ESPUGNA IL DE TONI, IL FELTRE PERDE CON IL VARESE. QUARTI DI FINALE IHL \u2013 GARA 3: ALLEGHE \u2013 APPIANO 0-3; VARESE \u2013 FELTRE 4-2<br \/>\nCALCIO DUE NUOVI DIRETTORI PER LA DOLOMITI BELLUNESI. CONFERMATO ANCHE MISTER ZANINI<br \/>\nSCI ALPINISMO 1\u00a0&#8220;Finali della Coppa del Mondo di Scialpinismo a Cortina d&#8217;Ampezzo: Neve Abbondante e Attesa per gli Atleti Italiani&#8221;<br \/>\nSCI ALPINISMO 2 Sellaronda Skimarathon. Gi\u00e0 500 i team iscritti alla classicissima<br \/>\nMOTORI INIZIANO I PREPARATIVI PER LA CINQUANTESIMA ALPE DEL NEVEGAL<br \/>\nKARATE Il Tsks Belluno colleziona 9 medaglie all\u2019Heart Cup di Treviso<\/p>\n","protected":false},"excerpt":{"rendered":"<p>*** &nbsp; &nbsp; QUERO a comunit\u00e0 di Quero \u00e8 preoccupata per la scomparsa di Paola Collavo, residente locale. La donna \u00e8 sparita mercoled\u00ec pomeriggio, e la sua Fiat Panda blu \u00e8 stata avvistata vicino al Monte Grappa, ma da allora non ci sono pi\u00f9 notizie. La famiglia ha lanciato un appello sui social per trovarla,&hellip;<\/p>\n","protected":false},"author":4,"featured_media":378171,"comment_status":"closed","ping_status":"closed","sticky":false,"template":"","format":"standard","meta":{"_monsterinsights_skip_tracking":false,"_monsterinsights_sitenote_active":false,"_monsterinsights_sitenote_note":"","_monsterinsights_sitenote_category":0,"footnotes":""},"categories":[104,49,142],"tags":[],"class_list":["post-378170","post","type-post","status-publish","format-standard","has-post-thumbnail","hentry","category-evidenza_3","category-news-18","category-rassegna-stampa","category-104","category-49","category-142","description-off"],"img_url":"https:\/\/www.radiopiu.net\/wordpress\/wp-content\/uploads\/2024\/03\/COPERTINA-5.png","_links":{"self":[{"href":"https:\/\/www.radiopiu.net\/wordpress\/wp-json\/wp\/v2\/posts\/378170","targetHints":{"allow":["GET"]}}],"collection":[{"href":"https:\/\/www.radiopiu.net\/wordpress\/wp-json\/wp\/v2\/posts"}],"about":[{"href":"https:\/\/www.radiopiu.net\/wordpress\/wp-json\/wp\/v2\/types\/post"}],"author":[{"embeddable":true,"href":"https:\/\/www.radiopiu.net\/wordpress\/wp-json\/wp\/v2\/users\/4"}],"replies":[{"embeddable":true,"href":"https:\/\/www.radiopiu.net\/wordpress\/wp-json\/wp\/v2\/comments?post=378170"}],"version-history":[{"count":0,"href":"https:\/\/www.radiopiu.net\/wordpress\/wp-json\/wp\/v2\/posts\/378170\/revisions"}],"wp:featuredmedia":[{"embeddable":true,"href":"https:\/\/www.radiopiu.net\/wordpress\/wp-json\/wp\/v2\/media\/378171"}],"wp:attachment":[{"href":"https:\/\/www.radiopiu.net\/wordpress\/wp-json\/wp\/v2\/media?parent=378170"}],"wp:term":[{"taxonomy":"category","embeddable":true,"href":"https:\/\/www.radiopiu.net\/wordpress\/wp-json\/wp\/v2\/categories?post=378170"},{"taxonomy":"post_tag","embeddable":true,"href":"https:\/\/www.radiopiu.net\/wordpress\/wp-json\/wp\/v2\/tags?post=378170"}],"curies":[{"name":"wp","href":"https:\/\/api.w.org\/{rel}","templated":true}]}}