{"id":378209,"date":"2024-03-08T05:46:05","date_gmt":"2024-03-08T04:46:05","guid":{"rendered":"https:\/\/www.radiopiu.net\/wordpress\/?p=378209"},"modified":"2024-03-09T05:48:21","modified_gmt":"2024-03-09T04:48:21","slug":"monte-grappa-trovata-viva-la-donna-scomparsa-di-quero-vas","status":"publish","type":"post","link":"https:\/\/www.radiopiu.net\/wordpress\/monte-grappa-trovata-viva-la-donna-scomparsa-di-quero-vas\/","title":{"rendered":"MONTE GRAPPA, TROVATA VIVA LA DONNA SCOMPARSA"},"content":{"rendered":"<p>****<\/p>\n\n\t\t\t<style type='text\/css'>\n\t\t\t\t#gallery-1 {\n\t\t\t\t\tmargin: auto;\n\t\t\t\t}\n\t\t\t\t#gallery-1 .gallery-item {\n\t\t\t\t\tfloat: left;\n\t\t\t\t\tmargin-top: 10px;\n\t\t\t\t\ttext-align: center;\n\t\t\t\t\twidth: 25%;\n\t\t\t\t}\n\t\t\t\t#gallery-1 img {\n\t\t\t\t\tborder: 2px solid #cfcfcf;\n\t\t\t\t}\n\t\t\t\t#gallery-1 .gallery-caption {\n\t\t\t\t\tmargin-left: 0;\n\t\t\t\t}\n\t\t\t\t\/* see gallery_shortcode() in wp-includes\/media.php *\/\n\t\t\t<\/style>\n\t\t<div id='gallery-1' class='dt-gallery-container gallery galleryid-378209 gallery-columns-4 gallery-size-thumbnail'><dl class='gallery-item'>\n\t\t\t\t<dt class='gallery-icon landscape'>\n\t\t\t\t\t<a class=\"rollover rollover-zoom dt-pswp-item\" title=\"vigili inverno (4)\" data-dt-img-description=\"\" data-large_image_width=\"1190\" data-large_image_height=\"676\"href='https:\/\/www.radiopiu.net\/wordpress\/wp-content\/uploads\/2024\/03\/vigili-inverno-4.jpg'><img loading=\"lazy\" decoding=\"async\" width=\"150\" height=\"150\" src=\"https:\/\/www.radiopiu.net\/wordpress\/wp-content\/uploads\/2024\/03\/vigili-inverno-4-150x150.jpg\" class=\"attachment-thumbnail size-thumbnail\" alt=\"\" \/><\/a>\n\t\t\t\t<\/dt><\/dl><dl class='gallery-item'>\n\t\t\t\t<dt class='gallery-icon landscape'>\n\t\t\t\t\t<a class=\"rollover rollover-zoom dt-pswp-item\" title=\"vigili inverno (1)\" data-dt-img-description=\"\" data-large_image_width=\"1423\" data-large_image_height=\"900\"href='https:\/\/www.radiopiu.net\/wordpress\/wp-content\/uploads\/2024\/03\/vigili-inverno-1.jpg'><img loading=\"lazy\" decoding=\"async\" width=\"150\" height=\"150\" src=\"https:\/\/www.radiopiu.net\/wordpress\/wp-content\/uploads\/2024\/03\/vigili-inverno-1-150x150.jpg\" class=\"attachment-thumbnail size-thumbnail\" alt=\"\" \/><\/a>\n\t\t\t\t<\/dt><\/dl><dl class='gallery-item'>\n\t\t\t\t<dt class='gallery-icon landscape'>\n\t\t\t\t\t<a class=\"rollover rollover-zoom dt-pswp-item\" title=\"vigili inverno (2)\" data-dt-img-description=\"\" data-large_image_width=\"1420\" data-large_image_height=\"864\"href='https:\/\/www.radiopiu.net\/wordpress\/wp-content\/uploads\/2024\/03\/vigili-inverno-2.jpg'><img loading=\"lazy\" decoding=\"async\" width=\"150\" height=\"150\" src=\"https:\/\/www.radiopiu.net\/wordpress\/wp-content\/uploads\/2024\/03\/vigili-inverno-2-150x150.jpg\" class=\"attachment-thumbnail size-thumbnail\" alt=\"\" \/><\/a>\n\t\t\t\t<\/dt><\/dl><dl class='gallery-item'>\n\t\t\t\t<dt class='gallery-icon landscape'>\n\t\t\t\t\t<a class=\"rollover rollover-zoom dt-pswp-item\" title=\"vigili inverno (3)\" data-dt-img-description=\"\" data-large_image_width=\"1600\" data-large_image_height=\"1028\"href='https:\/\/www.radiopiu.net\/wordpress\/wp-content\/uploads\/2024\/03\/vigili-inverno-3.jpg'><img loading=\"lazy\" decoding=\"async\" width=\"150\" height=\"150\" src=\"https:\/\/www.radiopiu.net\/wordpress\/wp-content\/uploads\/2024\/03\/vigili-inverno-3-150x150.jpg\" class=\"attachment-thumbnail size-thumbnail\" alt=\"\" \/><\/a>\n\t\t\t\t<\/dt><\/dl><br style=\"clear: both\" \/>\n\t\t\t<\/div>\n\n<blockquote>\n<p dir=\"auto\"><strong>QUERO VAS<\/strong> La donna di Quero Vas di cui non si avevano pi\u00f9 notizie da mercoled\u00ec \u00e8 stata trovata dai soccorritori dopo le 15:00 nei pressi di malga Bocchette sul versante trevigiano del Monte Grappa nel territorio del comune di Seren del Grappa. La donna \u00e8 stata presa in cura dal personale del Suem e portata in ospedale. Le ricerche dei vigili del fuoco oggi congiuntamente al personale del soccorso alpino, erano iniziate ieri con l\u2019attivazione del piano persone scomparse della prefettura di Vicenza.<\/p>\n<\/blockquote>\n<p dir=\"auto\">\n<p dir=\"auto\"><span style=\"color: #ff0000;\"><strong>DAL SOCCORSO ALPINO<\/strong><\/span><\/p>\n<p dir=\"auto\">\u00c8 stata ritrovata in buone condizioni, seppur in stato confusionale, Paola, la cinquantenne di Quero Vas (BL), di cui non si avevano pi\u00f9 notizie da mercoled\u00ec pomeriggio, quando si era allontanata dalla propria abitazione. Nell&#8217;ambito dei controlli agli edifici del Monte Grappa, dopo che la sua auto era stata rinvenuta parcheggiata sul ciglio della provinciale 148, \u00e8 stata l&#8217;indicazione del cane di un&#8217;unit\u00e0 cinofila a far ritrovare la donna durante una perlustrazione. Una squadra composta da un soccorritore di Feltre e dall&#8217;unit\u00e0 cinofila della Guardia di finanza di Cortina \u00e8 stata infatti guidata fino al ricovero di una casera privata non distante dal Rifugio Bocchette. Paola si era riparata l\u00ec, a quattro chilometri circa da dove aveva lasciato la macchina. \u00c8 stata quindi fatta arrivare un&#8217;altra squadra a bordo del quad, che la ha trasportata fino a Rifugio Forcelletto, dove \u00e8 stata trasferita sull&#8217;ambulanza, partita in direzione dell&#8217;ospedale di Feltre per i dovuti accertamenti. Alla ricerca hanno preso parte il Soccorso alpino di Feltre e Pedemontana del Grappa, il Soccorso alpino della Guardia di finanza di Cortina e Auronzo, con le proprie unit\u00e0 cinofile, i Vigili del fuoco.<\/p>\n<p dir=\"auto\">\n<div><strong>questa mattina<\/strong><\/div>\n<p>&nbsp;<\/p>\n<blockquote><p><em><strong><a class=\"dt-pswp-item\" href=\"https:\/\/www.radiopiu.net\/wordpress\/wp-content\/uploads\/2024\/03\/Senza-nome-34-1.png\" data-dt-img-description=\"\" data-large_image_width=\"524\" data-large_image_height=\"300\"><img loading=\"lazy\" decoding=\"async\" class=\"size-medium wp-image-378216 alignleft\" src=\"https:\/\/www.radiopiu.net\/wordpress\/wp-content\/uploads\/2024\/03\/Senza-nome-34-1-300x172.png\" alt=\"\" width=\"300\" height=\"172\" srcset=\"https:\/\/www.radiopiu.net\/wordpress\/wp-content\/uploads\/2024\/03\/Senza-nome-34-1-300x172.png 300w, https:\/\/www.radiopiu.net\/wordpress\/wp-content\/uploads\/2024\/03\/Senza-nome-34-1.png 524w\" sizes=\"auto, (max-width: 300px) 100vw, 300px\" \/><\/a>Intensa ricerca sul Monte Grappa per una donna scomparsa<\/strong><\/em><\/p><\/blockquote>\n<p>Le operazioni di ricerca sono in corso sul Monte Grappa, nel versante vicentino, per ritrovare una donna di 50 anni di Quero Vas, di cui non si hanno notizie da mercoled\u00ec. Le ricerche sono scattate dopo il ritrovamento della sua auto lungo la SP 148, nelle vicinanze del rifugio Scarpon. Il personale dei vigili del fuoco, con il supporto di operatori specializzati, \u00e8 sul posto per affrontare le sfide di una zona colpita da un&#8217;abbondante nevicata sopra i 1500 metri di quota. Anche il soccorso alpino \u00e8 stato attivato per esaminare una piccola slavina nella zona.<\/p>\n<hr \/>\n<p>&nbsp;<\/p>\n","protected":false},"excerpt":{"rendered":"<p>**** QUERO VAS La donna di Quero Vas di cui non si avevano pi\u00f9 notizie da mercoled\u00ec \u00e8 stata trovata dai soccorritori dopo le 15:00 nei pressi di malga Bocchette sul versante trevigiano del Monte Grappa nel territorio del comune di Seren del Grappa. La donna \u00e8 stata presa in cura dal personale del Suem&hellip;<\/p>\n","protected":false},"author":4,"featured_media":378213,"comment_status":"closed","ping_status":"closed","sticky":false,"template":"","format":"standard","meta":{"_monsterinsights_skip_tracking":false,"_monsterinsights_sitenote_active":false,"_monsterinsights_sitenote_note":"","_monsterinsights_sitenote_category":0,"footnotes":""},"categories":[51,49],"tags":[],"class_list":["post-378209","post","type-post","status-publish","format-standard","has-post-thumbnail","hentry","category-evidenza-top","category-news-18","category-51","category-49","description-off"],"img_url":"https:\/\/www.radiopiu.net\/wordpress\/wp-content\/uploads\/2024\/03\/vigili-inverno-3.jpg","_links":{"self":[{"href":"https:\/\/www.radiopiu.net\/wordpress\/wp-json\/wp\/v2\/posts\/378209","targetHints":{"allow":["GET"]}}],"collection":[{"href":"https:\/\/www.radiopiu.net\/wordpress\/wp-json\/wp\/v2\/posts"}],"about":[{"href":"https:\/\/www.radiopiu.net\/wordpress\/wp-json\/wp\/v2\/types\/post"}],"author":[{"embeddable":true,"href":"https:\/\/www.radiopiu.net\/wordpress\/wp-json\/wp\/v2\/users\/4"}],"replies":[{"embeddable":true,"href":"https:\/\/www.radiopiu.net\/wordpress\/wp-json\/wp\/v2\/comments?post=378209"}],"version-history":[{"count":0,"href":"https:\/\/www.radiopiu.net\/wordpress\/wp-json\/wp\/v2\/posts\/378209\/revisions"}],"wp:featuredmedia":[{"embeddable":true,"href":"https:\/\/www.radiopiu.net\/wordpress\/wp-json\/wp\/v2\/media\/378213"}],"wp:attachment":[{"href":"https:\/\/www.radiopiu.net\/wordpress\/wp-json\/wp\/v2\/media?parent=378209"}],"wp:term":[{"taxonomy":"category","embeddable":true,"href":"https:\/\/www.radiopiu.net\/wordpress\/wp-json\/wp\/v2\/categories?post=378209"},{"taxonomy":"post_tag","embeddable":true,"href":"https:\/\/www.radiopiu.net\/wordpress\/wp-json\/wp\/v2\/tags?post=378209"}],"curies":[{"name":"wp","href":"https:\/\/api.w.org\/{rel}","templated":true}]}}