{"id":378227,"date":"2024-03-09T05:43:39","date_gmt":"2024-03-09T04:43:39","guid":{"rendered":"https:\/\/www.radiopiu.net\/wordpress\/?p=378227"},"modified":"2024-03-09T05:50:40","modified_gmt":"2024-03-09T04:50:40","slug":"taibon-adotta-la-variante-per-la-rotatoria-a-strapont-intersezione-con-la-regionale-203-agordina","status":"publish","type":"post","link":"https:\/\/www.radiopiu.net\/wordpress\/taibon-adotta-la-variante-per-la-rotatoria-a-strapont-intersezione-con-la-regionale-203-agordina\/","title":{"rendered":"TAIBON ADOTTA LA VARIANTE PER LA ROTATORIA A STRAPONT, INTERSEZIONE CON LA REGIONALE 203 AGORDINA"},"content":{"rendered":"<p>^^^<\/p>\n<p><strong><a class=\"dt-pswp-item\" href=\"https:\/\/www.radiopiu.net\/wordpress\/wp-content\/uploads\/2020\/05\/TAIBON-DRONE-scaled.jpg\" data-dt-img-description=\"DCIM100MEDIADJI_0046.JPG\" data-large_image_width=\"2560\" data-large_image_height=\"1440\"><img loading=\"lazy\" decoding=\"async\" class=\"size-medium wp-image-136470 alignleft\" src=\"https:\/\/www.radiopiu.net\/wordpress\/wp-content\/uploads\/2020\/05\/TAIBON-DRONE-300x169.jpg\" alt=\"\" width=\"300\" height=\"169\" srcset=\"https:\/\/www.radiopiu.net\/wordpress\/wp-content\/uploads\/2020\/05\/TAIBON-DRONE-300x169.jpg 300w, https:\/\/www.radiopiu.net\/wordpress\/wp-content\/uploads\/2020\/05\/TAIBON-DRONE-1024x576.jpg 1024w, https:\/\/www.radiopiu.net\/wordpress\/wp-content\/uploads\/2020\/05\/TAIBON-DRONE-768x432.jpg 768w, https:\/\/www.radiopiu.net\/wordpress\/wp-content\/uploads\/2020\/05\/TAIBON-DRONE-1536x864.jpg 1536w, https:\/\/www.radiopiu.net\/wordpress\/wp-content\/uploads\/2020\/05\/TAIBON-DRONE-2048x1152.jpg 2048w\" sizes=\"auto, (max-width: 300px) 100vw, 300px\" \/><\/a><\/strong><\/p>\n<div class=\"flex-1 overflow-hidden\">\n<div class=\"react-scroll-to-bottom--css-mykiq-79elbk h-full\">\n<div class=\"react-scroll-to-bottom--css-mykiq-1n7m0yu\">\n<div class=\"flex flex-col text-sm pb-9\">\n<div class=\"w-full text-token-text-primary\" data-testid=\"conversation-turn-27\">\n<div class=\"px-4 py-2 justify-center text-base md:gap-6 m-auto\">\n<div class=\"flex flex-1 text-base mx-auto gap-3 md:px-5 lg:px-1 xl:px-5 md:max-w-3xl lg:max-w-[40rem] xl:max-w-[48rem] group final-completion\">\n<div class=\"relative flex w-full flex-col agent-turn\">\n<div class=\"flex-col gap-1 md:gap-3\">\n<div class=\"flex flex-grow flex-col max-w-full\">\n<div class=\"min-h-[20px] text-message flex flex-col items-start gap-3 whitespace-pre-wrap break-words [.text-message+&amp;]:mt-5 overflow-x-auto\" data-message-author-role=\"assistant\" data-message-id=\"c8e33371-25f5-411a-8299-b4d0f3a33dc7\">\n<div class=\"markdown prose w-full break-words dark:prose-invert dark\">\n<p><strong>Consiglio Comunale a Taibon: Bilancio e Progetti in Discussione<\/strong><\/p>\n<p>Il sindaco Silvia Tormen ha convocato il Consiglio Comunale per mercoled\u00ec alle 19 presso la sede municipale di Taibon. Tra i punti all&#8217;ordine del giorno, spiccano la discussione sul bilancio di previsione e variazioni al bilancio comunale. In particolare, verr\u00e0 affrontata la questione della riduzione del verde privato vincolato su terreni situati in localit\u00e0 Peden, insieme alla riduzione del verde su terreni in localit\u00e0 al Forte. Un altro argomento di interesse sar\u00e0 il miglioramento della rotatoria di via Strapont, con un intervento previsto utilizzando i fondi di confine del 2019. Si prevede una discussione approfondita su questi temi cruciali per lo sviluppo e il benessere della comunit\u00e0 locale.<\/p>\n<\/div>\n<\/div>\n<\/div>\n<div class=\"mt-1 flex justify-start gap-3 empty:hidden\">\n<div class=\"flex items-center gap-1.5 text-xs\"><\/div>\n<\/div>\n<\/div>\n<\/div>\n<\/div>\n<\/div>\n<\/div>\n<\/div>\n<\/div>\n<\/div>\n<\/div>\n<p>&nbsp;<\/p>\n<h2><span style=\"color: #ff0000;\"><a class=\"dt-pswp-item\" href=\"https:\/\/www.radiopiu.net\/wordpress\/wp-content\/uploads\/2024\/03\/agordo.png\" data-dt-img-description=\"\" data-large_image_width=\"615\" data-large_image_height=\"379\"><img loading=\"lazy\" decoding=\"async\" class=\"wp-image-378175 alignleft\" src=\"https:\/\/www.radiopiu.net\/wordpress\/wp-content\/uploads\/2024\/03\/agordo-300x185.png\" alt=\"\" width=\"219\" height=\"135\" srcset=\"https:\/\/www.radiopiu.net\/wordpress\/wp-content\/uploads\/2024\/03\/agordo-300x185.png 300w, https:\/\/www.radiopiu.net\/wordpress\/wp-content\/uploads\/2024\/03\/agordo.png 615w\" sizes=\"auto, (max-width: 219px) 100vw, 219px\" \/><\/a>CONSIGLIO COMUNALE IN DIRETTA SUI CANALI SOCIAL DI RADIOPIU&#8217;, FACEBOOK E TELEGRAM.<\/span><\/h2>\n<p>Il sindaco Roberto Chissal\u00e8 ha convocato il Consiglio Comunale per luned\u00ec alle 19 presso la sede municipale di Agordo. Quattro sono i punti all&#8217;ordine del giorno. Si discuter\u00e0 innanzitutto del bilancio preventivo di ASCA, seguito da una variazione al Documento Unico di Programmazione (DUP). Un&#8217;altra importante delibera riguarder\u00e0 la nomina dell&#8217;organo di revisione economico-finanziaria, fondamentale per garantire la trasparenza e la corretta gestione delle risorse comunali. Infine, si affronter\u00e0 una modifica al sedime stradale in corrispondenza dell&#8217;attivit\u00e0 delle Costruzioni Elettromeccaniche, una decisione che potrebbe influenzare il tessuto urbanistico e commerciale del territorio. Si prevede un dibattito costruttivo e partecipativo su questi temi di interesse pubblico.<\/p>\n<p>&nbsp;<\/p>\n<p>&nbsp;<\/p>\n<hr \/>\n<p>&nbsp;<\/p>\n<p>&nbsp;<\/p>\n<p>&nbsp;<\/p>\n<p>&nbsp;<\/p>\n","protected":false},"excerpt":{"rendered":"<p>^^^ Consiglio Comunale a Taibon: Bilancio e Progetti in Discussione Il sindaco Silvia Tormen ha convocato il Consiglio Comunale per mercoled\u00ec alle 19 presso la sede municipale di Taibon. Tra i punti all&#8217;ordine del giorno, spiccano la discussione sul bilancio di previsione e variazioni al bilancio comunale. In particolare, verr\u00e0 affrontata la questione della riduzione&hellip;<\/p>\n","protected":false},"author":4,"featured_media":143064,"comment_status":"closed","ping_status":"closed","sticky":false,"template":"","format":"standard","meta":{"_monsterinsights_skip_tracking":false,"_monsterinsights_sitenote_active":false,"_monsterinsights_sitenote_note":"","_monsterinsights_sitenote_category":0,"footnotes":""},"categories":[51,49],"tags":[],"class_list":["post-378227","post","type-post","status-publish","format-standard","has-post-thumbnail","hentry","category-evidenza-top","category-news-18","category-51","category-49","description-off"],"img_url":"https:\/\/www.radiopiu.net\/wordpress\/wp-content\/uploads\/2020\/06\/TAIBON-4.jpg","_links":{"self":[{"href":"https:\/\/www.radiopiu.net\/wordpress\/wp-json\/wp\/v2\/posts\/378227","targetHints":{"allow":["GET"]}}],"collection":[{"href":"https:\/\/www.radiopiu.net\/wordpress\/wp-json\/wp\/v2\/posts"}],"about":[{"href":"https:\/\/www.radiopiu.net\/wordpress\/wp-json\/wp\/v2\/types\/post"}],"author":[{"embeddable":true,"href":"https:\/\/www.radiopiu.net\/wordpress\/wp-json\/wp\/v2\/users\/4"}],"replies":[{"embeddable":true,"href":"https:\/\/www.radiopiu.net\/wordpress\/wp-json\/wp\/v2\/comments?post=378227"}],"version-history":[{"count":0,"href":"https:\/\/www.radiopiu.net\/wordpress\/wp-json\/wp\/v2\/posts\/378227\/revisions"}],"wp:featuredmedia":[{"embeddable":true,"href":"https:\/\/www.radiopiu.net\/wordpress\/wp-json\/wp\/v2\/media\/143064"}],"wp:attachment":[{"href":"https:\/\/www.radiopiu.net\/wordpress\/wp-json\/wp\/v2\/media?parent=378227"}],"wp:term":[{"taxonomy":"category","embeddable":true,"href":"https:\/\/www.radiopiu.net\/wordpress\/wp-json\/wp\/v2\/categories?post=378227"},{"taxonomy":"post_tag","embeddable":true,"href":"https:\/\/www.radiopiu.net\/wordpress\/wp-json\/wp\/v2\/tags?post=378227"}],"curies":[{"name":"wp","href":"https:\/\/api.w.org\/{rel}","templated":true}]}}