{"id":378309,"date":"2024-03-09T06:12:35","date_gmt":"2024-03-09T05:12:35","guid":{"rendered":"https:\/\/www.radiopiu.net\/wordpress\/?p=378309"},"modified":"2024-03-09T08:25:30","modified_gmt":"2024-03-09T07:25:30","slug":"sicurezza-lavorativa-a-rischio-denuncia-sindacale-per-condizioni-pericolose-al-centro-di-distribuzione-di-pieve-di-cadore","status":"publish","type":"post","link":"https:\/\/www.radiopiu.net\/wordpress\/sicurezza-lavorativa-a-rischio-denuncia-sindacale-per-condizioni-pericolose-al-centro-di-distribuzione-di-pieve-di-cadore\/","title":{"rendered":"&#8220;Sicurezza Lavorativa a Rischio: Denuncia Sindacale per Condizioni Pericolose al Centro di Distribuzione di Pieve di Cadore&#8221;"},"content":{"rendered":"<p>***<\/p>\n<p>&nbsp;<\/p>\n<p><strong><img loading=\"lazy\" decoding=\"async\" class=\"alignleft\" src=\"https:\/\/www.radiopiu.net\/wordpress\/wp-content\/uploads\/2023\/06\/Poste-Italiane-ufficio-postale-POLIS-giugno-2023-4.jpg\" width=\"255\" height=\"191\" \/>PIEVE DI CADORE<\/strong> La sigla sindacale SLC CGIL di Belluno, (gli RLS sono i Responsabili dei Lavorativi per la Sicurezza e sono eletti dal parco dipendenti Belluno),\u00a0 dopo un sopralluogo presso il Centro di Distribuzione (CD) di Pieve di Cadore il 04\/03\/23, denuncia una situazione critica e persistente riguardante la sicurezza dei portalettere e del personale &#8220;accollatario&#8221;. Questi lavoratori affrontano rischi significativi durante le operazioni di carico e scarico del materiale postale, includendo il pericolo di attraversamento stradale senza segnaletica orizzontale e l&#8217;utilizzo di mezzi motorizzati che non sono previsti per la loro mansione. Inoltre, la mancanza di segnaletica orizzontale e di un&#8217;area di sosta adeguata aumenta ulteriormente i rischi per la sicurezza dei lavoratori. Nonostante le molteplici segnalazioni e le promesse di risoluzione, la situazione persiste, mettendo in pericolo la vita e la salute dei dipendenti. Si sottolinea la necessit\u00e0 di un intervento urgente e di un trasferimento del sito lavorativo per garantire la sicurezza dei lavoratori, come previsto dalle normative vigenti. Si evidenzia l&#8217;importanza del ruolo dei Responsabili della Salute e Sicurezza sul Lavoro (RAM 3) nell&#8217;adottare misure adeguate per la sicurezza dei dipendenti. La mancanza di azione pu\u00f2 comportare responsabilit\u00e0 penali, come dimostrato da precedenti sentenze giudiziarie. In assenza di una risoluzione immediata, si proceder\u00e0 con ulteriori denunce agli organi competenti.<\/p>\n<p><strong>IL DOCUMENTO COMPLETO di\u00a0 Gianluca Franceschilli Componente O.P.R. Veneto SLC-CGIL;\u00a0Luca Bof RLS SLC-CGIL Belluno<\/strong><\/p>\n<a href=\"https:\/\/www.radiopiu.net\/wordpress\/wp-content\/uploads\/2024\/03\/comunicato-CGIL-soprallugo-04-03-Cd-Pieve-di-Cadore-2.pdf\" class=\"pdfemb-viewer\" style=\"\" data-width=\"max\" data-height=\"max\" data-toolbar=\"top\" data-toolbar-fixed=\"on\">comunicato-CGIL-soprallugo-04-03-Cd-Pieve-di-Cadore (2)<\/a>\n<p>&nbsp;<\/p>\n<p>&nbsp;<\/p>\n<hr \/>\n<p>&nbsp;<\/p>\n","protected":false},"excerpt":{"rendered":"<p>*** &nbsp; PIEVE DI CADORE La sigla sindacale SLC CGIL di Belluno, (gli RLS sono i Responsabili dei Lavorativi per la Sicurezza e sono eletti dal parco dipendenti Belluno),\u00a0 dopo un sopralluogo presso il Centro di Distribuzione (CD) di Pieve di Cadore il 04\/03\/23, denuncia una situazione critica e persistente riguardante la sicurezza dei portalettere&hellip;<\/p>\n","protected":false},"author":4,"featured_media":341896,"comment_status":"closed","ping_status":"closed","sticky":false,"template":"","format":"standard","meta":{"_monsterinsights_skip_tracking":false,"_monsterinsights_sitenote_active":false,"_monsterinsights_sitenote_note":"","_monsterinsights_sitenote_category":0,"footnotes":""},"categories":[49],"tags":[],"class_list":["post-378309","post","type-post","status-publish","format-standard","has-post-thumbnail","hentry","category-news-18","category-49","description-off"],"img_url":"https:\/\/www.radiopiu.net\/wordpress\/wp-content\/uploads\/2023\/06\/Poste-Italiane-ufficio-postale-POLIS-giugno-2023-4.jpg","_links":{"self":[{"href":"https:\/\/www.radiopiu.net\/wordpress\/wp-json\/wp\/v2\/posts\/378309","targetHints":{"allow":["GET"]}}],"collection":[{"href":"https:\/\/www.radiopiu.net\/wordpress\/wp-json\/wp\/v2\/posts"}],"about":[{"href":"https:\/\/www.radiopiu.net\/wordpress\/wp-json\/wp\/v2\/types\/post"}],"author":[{"embeddable":true,"href":"https:\/\/www.radiopiu.net\/wordpress\/wp-json\/wp\/v2\/users\/4"}],"replies":[{"embeddable":true,"href":"https:\/\/www.radiopiu.net\/wordpress\/wp-json\/wp\/v2\/comments?post=378309"}],"version-history":[{"count":0,"href":"https:\/\/www.radiopiu.net\/wordpress\/wp-json\/wp\/v2\/posts\/378309\/revisions"}],"wp:featuredmedia":[{"embeddable":true,"href":"https:\/\/www.radiopiu.net\/wordpress\/wp-json\/wp\/v2\/media\/341896"}],"wp:attachment":[{"href":"https:\/\/www.radiopiu.net\/wordpress\/wp-json\/wp\/v2\/media?parent=378309"}],"wp:term":[{"taxonomy":"category","embeddable":true,"href":"https:\/\/www.radiopiu.net\/wordpress\/wp-json\/wp\/v2\/categories?post=378309"},{"taxonomy":"post_tag","embeddable":true,"href":"https:\/\/www.radiopiu.net\/wordpress\/wp-json\/wp\/v2\/tags?post=378309"}],"curies":[{"name":"wp","href":"https:\/\/api.w.org\/{rel}","templated":true}]}}