{"id":378313,"date":"2024-03-09T07:55:59","date_gmt":"2024-03-09T06:55:59","guid":{"rendered":"https:\/\/www.radiopiu.net\/wordpress\/?p=378313"},"modified":"2024-03-09T08:35:41","modified_gmt":"2024-03-09T07:35:41","slug":"dal-1983-loriginale-la-rassegna-stampa-locale-di-mirko-mezzacasa-9","status":"publish","type":"post","link":"https:\/\/www.radiopiu.net\/wordpress\/dal-1983-loriginale-la-rassegna-stampa-locale-di-mirko-mezzacasa-9\/","title":{"rendered":"DAL 1983 L&#8217;ORIGINALE! LA RASSEGNA STAMPA LOCALE DI MIRKO MEZZACASA"},"content":{"rendered":"<p>***<\/p>\n<p>https:\/\/www.facebook.com\/100008183854281\/videos\/1565013937623834\/<\/p>\n<p><img loading=\"lazy\" decoding=\"async\" class=\"alignleft\" src=\"https:\/\/www.radiopiu.net\/wordpress\/wp-content\/uploads\/2024\/03\/copertina-7.png\" width=\"228\" height=\"131\" \/><strong>SAN TOMASO AGORDINO<\/strong> nelle localit\u00e0 PIANEZZE, VALLATA, VAL, MEZZAVALLE, COSTA DI MEZZO E PIAN MOLIN l\u2019acqua erogata dall\u2019acquedotto non \u00e8 potabile e non pu\u00f2 essere usata per scopi alimentari. Verr\u00e0 effettuato servizio sostitutivo con cisterna in localit\u00e0 PIAN MOLIN presso Ecocentro.<br \/>\n<strong>SEREN DEL GRAPPA\u00a0<\/strong>Paola, la cinquantenne di Quero Vas scomparsa mercoled\u00ec, \u00e8 stata ritrovata in buone condizioni ma confusa. La sua auto abbandonata vicino al Monte Grappa ha portato a ricerche. Un&#8217;unit\u00e0 cinofila della Guardia di Finanza ha seguito il cane fino a una casera vicino al Rifugio Bocchette, dove la donna si era rifugiata.<br \/>\n<strong>LIMANA<\/strong> L&#8217;azienda Sest di Limana piange la scomparsa di Lucio Da Ronche, avvenuta all&#8217;et\u00e0 di 71 anni a causa di un malore improvviso. Da Ronche, uno dei pilastri fondamentali dell&#8217;azienda, ha trascorso oltre 50 anni di servizio, scalando tutti i gradini aziendali fino a diventare responsabile delle Operations dello stabilimento bellunese e supervisando la creazione dei due stabilimenti esteri del gruppo.\u00a0I funerali avranno luogo oggi alle\u00a0 11 nella Chiesa Arcipretale di Limana<br \/>\n<strong>LUNEDI<\/strong> I FUNERALI DI DON LORENZO, OGGI ALLA RADIO ALLE 10.30 E 1900 NELLA RASSEGNA STAMPA DI GIANI SAN TOMASO, DALL&#8217;AMICO DEL POPOLO, IL RICORDO CON LORIS SANTOMASO.<br \/>\n<strong>L&#8217;ALTRA NOTTE<\/strong> ALL&#8217;EX VENA D&#8217;ORO, bruciati 500 quintali di carni. Possibile un corto circuito. PONTE NELLE ALPI Sono proseguite per tutta la giornata le operazioni di bonifica dei vigili del fuoco. Avviate le indagini per capire quale possa essere stata la causa del rogo e fare una prima stima dei danni. Erano da poco passate le 23 giovedi sera , i vigili del fuoco sono stati chiamati per l&#8217;incendio generalizzato di un\u2019azienda di lavorazione carni in Via Vena d\u2019Oro. Nessuna persona \u00e8 rimasta ferita<br \/>\n<strong>VENEZIA<\/strong> Gioved\u00ec Anas ha effettuato un sopralluogo tecnico per monitorare il progresso delle opere relative al piano Olimpiadi Milano Cortina 2026. Le opere coinvolgono le varianti di &#8220;Tai di Cadore&#8221;, &#8220;Valle di Cadore&#8221; e &#8220;San Vito di Cadore&#8221;, migliorando il tracciato della statale 51 di Alemagna. La variante di Tai di Cadore presenta una nuova galleria di circa 1.000 metri<br \/>\n<strong>PIEVE DI CADORE<\/strong> La sigla sindacale SLC-CGIL Belluno,\u00a0 dopo un sopralluogo presso il Centro di Distribuzione (CD) di Pieve di Cadore il 04\/03\/23, denuncia una situazione critica e persistente riguardante la sicurezza dei portalettere e del personale &#8220;accollatario&#8221;<br \/>\n<strong>AGORDO<\/strong> E\u2019 di quasi un milione di euro (per la precisione 961 mila) il contributo che arriver\u00e0 al Comune di Agordo dal Fondo Comuni Confinanti a valere su un articolato progetto di area vasta che ha l\u2019obiettivo di ammodernare, adeguare e potenziare alcune strutture a servizio della comunit\u00e0 locale. Nello specifico, il progetto prevede il riutilizzo di un fabbricato sito in localit\u00e0 \u201cMolin dei Cot\u201d<br \/>\n<strong>FELTRE\u00a0<\/strong> nel suo piccolo ha voluto dare un segnale nel giorno dello sciopero dei lavoratori dell&#8217;Enel con uno striscione posizionato in via Montelungo, dove la societ\u00e0 ha degli uffici.<br \/>\n<strong>BELLUNO<\/strong> In piazza dei Martiri si \u00e8 svolto uno sciopero transfemminista. Durante la manifestazione, sono state avanzate proposte pratiche, come l&#8217;installazione di distributori automatici di assorbenti igienici nelle scuole<br \/>\n<strong>SEDICO<\/strong> Una lavoratrice bellunese guadagna circa 6mila euro in meno all&#8217;anno rispetto ad un collega maschio: questo il \u201cgender pay gap\u201d, ossia la differenza di stipendio tra donne e uomini, in provincia, dato emerso nel corso del convegno Equamente al Lavoro promosso a Villa Patt di Sedico da Veneto Lavoro<br \/>\n<strong>FELTRE<\/strong> Il Ministro dell&#8217;Ambiente, Gilberto Pichetto Fratin, ha recentemente nominato due nuovi consiglieri per il Parco Nazionale Dolomiti Bellunesi, sostituendo i membri dimissionario e decaduto. Il dottor Sebastiano Slongo e l&#8217;architetto Elena De Bona, entrambi rappresentanti della Comunit\u00e0 del Parco<br \/>\n<strong>TAIBON<\/strong> ADOTTA LA VARIANTE PER LA ROTATORIA A STRAPONT, INTERSEZIONE CON LA REGIONALE 203 AGORDINA nel Consiglio Comunale della prossima settimana.<br \/>\n<strong>REDAZIONE<\/strong> Le previsioni del tempo consigliano di rinviare gli eventi all&#8217;aperto. La sfilata per le vie di Agordo de la Vecia Popa, con arrivo sul Broi per la lettura del testamento e il rogo \u00e8 rinviata di sette giorni a domenica 17 marzo, con lo stesso programma<br \/>\nANNULLATO IL DOLOMITES BEATS BY FERTAZZA CON FARGETTA<br \/>\nBELLUNO Oggi al Teatro Dino Buzzati alle 20.30 &#8220;Donne il coraggio di andare contro corrente&#8221; Serata di beneficenza a favore dell&#8217;associazione Belluno Donna. Spettacolo concerto condotto dall&#8217;attore Riccardo Checchin e dalla cantante Jessica Re.<\/p>\n<p>HOCKEY L\u2019ALLEGHE SI GIOCA LA STAGIONE AD APPIANO . Collegamenti in DIRETTA RADIOFONICA su Radio Pi\u00f9 (www.radiopiu.net) con \u201cHockey al punto giusto\u201d, in studio Marco Gaz e da Appiano interventi di Federico Paganin<br \/>\nCALCIO AGORDINA IN CASA CON L&#8217;ALPES CESIO, PIAVE IN TRASFERTA COL TAMBRE<br \/>\nCORSA CAMPESTRE Gs La Piave 2000 ai Campionati Italiani di Corsa Campestre<\/p>\n<p>&nbsp;<\/p>\n<p>&nbsp;<\/p>\n<p>&nbsp;<\/p>\n<p>&nbsp;<\/p>\n<p>&nbsp;<\/p>\n<p>&nbsp;<\/p>\n","protected":false},"excerpt":{"rendered":"<p>*** https:\/\/www.facebook.com\/100008183854281\/videos\/1565013937623834\/ SAN TOMASO AGORDINO nelle localit\u00e0 PIANEZZE, VALLATA, VAL, MEZZAVALLE, COSTA DI MEZZO E PIAN MOLIN l\u2019acqua erogata dall\u2019acquedotto non \u00e8 potabile e non pu\u00f2 essere usata per scopi alimentari. Verr\u00e0 effettuato servizio sostitutivo con cisterna in localit\u00e0 PIAN MOLIN presso Ecocentro. SEREN DEL GRAPPA\u00a0Paola, la cinquantenne di Quero Vas scomparsa mercoled\u00ec, \u00e8 stata&hellip;<\/p>\n","protected":false},"author":4,"featured_media":378314,"comment_status":"closed","ping_status":"closed","sticky":false,"template":"","format":"standard","meta":{"_monsterinsights_skip_tracking":false,"_monsterinsights_sitenote_active":false,"_monsterinsights_sitenote_note":"","_monsterinsights_sitenote_category":0,"footnotes":""},"categories":[104,49,142],"tags":[],"class_list":["post-378313","post","type-post","status-publish","format-standard","has-post-thumbnail","hentry","category-evidenza_3","category-news-18","category-rassegna-stampa","category-104","category-49","category-142","description-off"],"img_url":"https:\/\/www.radiopiu.net\/wordpress\/wp-content\/uploads\/2024\/03\/copertina-7.png","_links":{"self":[{"href":"https:\/\/www.radiopiu.net\/wordpress\/wp-json\/wp\/v2\/posts\/378313","targetHints":{"allow":["GET"]}}],"collection":[{"href":"https:\/\/www.radiopiu.net\/wordpress\/wp-json\/wp\/v2\/posts"}],"about":[{"href":"https:\/\/www.radiopiu.net\/wordpress\/wp-json\/wp\/v2\/types\/post"}],"author":[{"embeddable":true,"href":"https:\/\/www.radiopiu.net\/wordpress\/wp-json\/wp\/v2\/users\/4"}],"replies":[{"embeddable":true,"href":"https:\/\/www.radiopiu.net\/wordpress\/wp-json\/wp\/v2\/comments?post=378313"}],"version-history":[{"count":0,"href":"https:\/\/www.radiopiu.net\/wordpress\/wp-json\/wp\/v2\/posts\/378313\/revisions"}],"wp:featuredmedia":[{"embeddable":true,"href":"https:\/\/www.radiopiu.net\/wordpress\/wp-json\/wp\/v2\/media\/378314"}],"wp:attachment":[{"href":"https:\/\/www.radiopiu.net\/wordpress\/wp-json\/wp\/v2\/media?parent=378313"}],"wp:term":[{"taxonomy":"category","embeddable":true,"href":"https:\/\/www.radiopiu.net\/wordpress\/wp-json\/wp\/v2\/categories?post=378313"},{"taxonomy":"post_tag","embeddable":true,"href":"https:\/\/www.radiopiu.net\/wordpress\/wp-json\/wp\/v2\/tags?post=378313"}],"curies":[{"name":"wp","href":"https:\/\/api.w.org\/{rel}","templated":true}]}}