{"id":378332,"date":"2024-03-11T05:19:39","date_gmt":"2024-03-11T04:19:39","guid":{"rendered":"https:\/\/www.radiopiu.net\/wordpress\/?p=378332"},"modified":"2024-03-11T09:25:44","modified_gmt":"2024-03-11T08:25:44","slug":"giornale-radiopiu-11-marzo-2024-direttore-mirko-mezzacasada-40-anni-25-giugno-1983-25-giugno-2023","status":"publish","type":"post","link":"https:\/\/www.radiopiu.net\/wordpress\/giornale-radiopiu-11-marzo-2024-direttore-mirko-mezzacasada-40-anni-25-giugno-1983-25-giugno-2023\/","title":{"rendered":"GIORNALE RADIOPIU 11 MARZO 2024 DIRETTORE MIRKO MEZZACASA\u2026DA 40 ANNI 25 GIUGNO 1983-25 GIUGNO 2023"},"content":{"rendered":"<p>******<\/p>\n<p><span style=\"color: #ff0000;\"><strong>aggiornamento ore sette<\/strong><\/span><\/p>\n<div>\n<div class=\"x1cy8zhl x78zum5 x1q0g3np xod5an3 x1pi30zi x1swvt13 xz9dl7a\">\n<div class=\"x1iyjqo2\">\n<div class=\"x78zum5 xdt5ytf xz62fqu x16ldp7u\">\n<div class=\"xu06os2 x1ok221b\">\n<h2 id=\":r5jp:\" class=\"x1heor9g x1qlqyl8 x1pd3egz x1a2a7pz x1gslohp x1yc453h\"><span class=\"xt0psk2\"><a class=\"x1i10hfl xjbqb8w x1ejq31n xd10rxx x1sy0etr x17r0tee x972fbf xcfux6l x1qhh985 xm0m39n x9f619 x1ypdohk xt0psk2 xe8uvvx xdj266r x11i5rnm xat24cr x1mh8g0r xexx8yu x4uap5 x18d9i69 xkhd6sd x16tdsg8 x1hl2dhg xggy1nq x1a2a7pz xt0b8zv xzsf02u x1s688f\" tabindex=\"0\" role=\"link\" href=\"https:\/\/www.facebook.com\/venetostrade?__cft__[0]=AZVwjJFmKU2ReN_YcHA2gt1r5n87vsDjkVSIrXvy2wqSnreC7_iYtBPn_zMnrriq0k4xuOpDaNDBS9XP5FoVwpLnJOWKLBKE34OfOxuq1TE8f4ktYn7q6Se2xHpNUr3GFD2Nrchtt9H7Oo1-N7fpLQGDoJKHJr9TUoekor3RUMbIiVXSku6OLfFsJz3PFvrVXUY&amp;__tn__=-UC%2CP-R\"><strong>Veneto Strade Spa<\/strong><\/a> <\/span><img loading=\"lazy\" decoding=\"async\" class=\"xz74otr\" src=\"https:\/\/static.xx.fbcdn.net\/images\/emoji.php\/v9\/tbd\/1\/16\/26d4.png\" alt=\"&#x26d4;&#xfe0f;\" width=\"16\" height=\"16\" \/><span style=\"font-size: 14px; font-weight: normal;\">ATTENZIONE<\/span><span class=\"x3nfvp2 x1j61x8r x1fcty0u xdj266r xhhsvwb xat24cr xgzva0m xxymvpz xlup9mm x1kky2od\" style=\"font-size: 14px; font-weight: normal;\"><img loading=\"lazy\" decoding=\"async\" class=\"xz74otr\" src=\"https:\/\/static.xx.fbcdn.net\/images\/emoji.php\/v9\/tbd\/1\/16\/26d4.png\" alt=\"&#x26d4;&#xfe0f;\" width=\"16\" height=\"16\" \/><\/span><span style=\"font-size: 14px; font-weight: normal;\">\u00a0 per gli accumuli nevosi, si rende necessaria la chiusura dei seguenti tratti stradali:<\/span><\/h2>\n<\/div>\n<\/div>\n<\/div>\n<\/div>\n<\/div>\n<div>\n<div class=\"\" dir=\"auto\">\n<div id=\":r5jr:\" class=\"x1iorvi4 x1pi30zi x1l90r2v x1swvt13\" data-ad-comet-preview=\"message\" data-ad-preview=\"message\">\n<div class=\"x78zum5 xdt5ytf xz62fqu x16ldp7u\">\n<div class=\"xu06os2 x1ok221b\">\n<div class=\"xdj266r x11i5rnm xat24cr x1mh8g0r x1vvkbs x126k92a\">\n<div dir=\"auto\"><strong>&#8211; S.P. 619<\/strong> \u201cdi Vigo di Cadore\u201d dal km 12+000 (loc. Antoia) al km 23+550 (confine Provincia di Udine);<\/div>\n<div dir=\"auto\"><strong>&#8211; S.R. 48<\/strong> \u201cdelle Dolomiti\u201d dal km 76+280 (Passo Pordoi) al km 82+100 (loc. ponte Vauz-Arabba);<\/div>\n<div dir=\"auto\"><strong>&#8211; S.R. 48<\/strong> \u201cdelle Dolomiti\u201d dal km 104 +000 (Piani di Falzarego) al 106+150 (Passo Falzarego);<\/div>\n<div dir=\"auto\"><strong>&#8211; S.P. 638<\/strong> \u201cdel Passo Giau\u201d dal km 0+000 (loc. Pocol) al km 18+900 (bivio Posalf):<\/div>\n<div dir=\"auto\"><strong>&#8211; S.R. 49<\/strong> \u201cdi Misurina\u201d dal km 2+500 (loc. Misurina) al km 7+800 (loc Carbonin);<\/div>\n<div dir=\"auto\"><strong>&#8211; S.P. 641<\/strong> \u201cdel passo Fedaia\u201d dal km 18+200 (loc. Malga Ciapela) al km 14+210 (confine con Provincia di Trento).<\/div>\n<div dir=\"auto\"><\/div>\n<\/div>\n<\/div>\n<\/div>\n<\/div>\n<\/div>\n<\/div>\n<h3><a class=\"dt-pswp-item\" href=\"https:\/\/www.radiopiu.net\/wordpress\/wp-content\/uploads\/2024\/03\/Senza-nome-42.png\" data-dt-img-description=\"\" data-large_image_width=\"304\" data-large_image_height=\"427\"><img loading=\"lazy\" decoding=\"async\" class=\"size-medium wp-image-378600 aligncenter\" src=\"https:\/\/www.radiopiu.net\/wordpress\/wp-content\/uploads\/2024\/03\/Senza-nome-42-214x300.png\" alt=\"\" width=\"214\" height=\"300\" srcset=\"https:\/\/www.radiopiu.net\/wordpress\/wp-content\/uploads\/2024\/03\/Senza-nome-42-214x300.png 214w, https:\/\/www.radiopiu.net\/wordpress\/wp-content\/uploads\/2024\/03\/Senza-nome-42.png 304w\" sizes=\"auto, (max-width: 214px) 100vw, 214px\" \/>\u00a0<\/a><\/h3>\n<div>\n<div class=\"x1cy8zhl x78zum5 x1q0g3np xod5an3 x1pi30zi x1swvt13 xz9dl7a\">\n<div class=\"x1iyjqo2\">\n<div class=\"x78zum5 xdt5ytf xz62fqu x16ldp7u\">\n<blockquote>\n<h4 class=\"xu06os2 x1ok221b\">DILLO A RADIO PIU&#8217;&#8230; CORRIERE IN ANTICIPO, STUDENTI APPIEDATI<\/h4>\n<\/blockquote>\n<\/div>\n<\/div>\n<\/div>\n<\/div>\n<div>\n<div class=\"\" dir=\"auto\">\n<div id=\":r5jr:\" class=\"x1iorvi4 x1pi30zi x1l90r2v x1swvt13\" data-ad-comet-preview=\"message\" data-ad-preview=\"message\">\n<div class=\"x78zum5 xdt5ytf xz62fqu x16ldp7u\">\n<div class=\"xu06os2 x1ok221b\">\n<div class=\"xdj266r x11i5rnm xat24cr x1mh8g0r x1vvkbs x126k92a\">\n<div dir=\"auto\">\n<p><strong>RICEVIAMO A E PUBBLICHIAMO\u00a0<\/strong><\/p>\n<p><strong><img loading=\"lazy\" decoding=\"async\" class=\"alignleft\" src=\"https:\/\/www.radiopiu.net\/wordpress\/wp-content\/uploads\/2020\/06\/97384eec-d2d4-4e19-bdc9-7845fa51b71c.jpg\" width=\"162\" height=\"122\" \/>RICEVIAMO A E PUBBLICHIAMO\u00a0<\/strong>Vogliamo segnalare l\u2019ennesimo disservizio di Dolomitibus per cominciare bene la settimana. La corriera dovrebbe passare alle 7.18 da Voltago come sempre, ma se l\u2019autista passa prima come oggi e non aspetta i ragazzi che devono ancora uscire di casa,\u00a0 perch\u00e9 troppo presto\u00a0 e i nostri figli rimangono a piedi. Quindi regolare gli orologi e attendere l\u2019orario di partenza,\u00a0 grazie, tutto ci\u00f2 accade perch\u00e9 non c\u2019\u00e8 concorrenza esiste solo Dolomitibus e quindi ci dobbiamo rassegnare.<\/p>\n<\/div>\n<div dir=\"auto\"><strong>DA LIVINALLONGO, ORE 9.00<\/strong> .vorrei consolare i ragazzi di Voltago dicendo che a Livinallongo la corriera delle 6.30 non si \u00e8 proprio vista &#8230;<\/div>\n<div dir=\"auto\"><\/div>\n<div dir=\"auto\"><\/div>\n<\/div>\n<\/div>\n<\/div>\n<\/div>\n<\/div>\n<\/div>\n<hr \/>\n<h3><a href=\"https:\/\/www.radiopiu.net\/wordpress\/giornale-radiopiu-24-gennaio-2021-direttore-mirko-mezzacasa\/141433770_171616291414874_2957460898102012198_n\/\" rel=\"attachment wp-att-186566\"><img loading=\"lazy\" decoding=\"async\" class=\"wp-image-186566 alignleft\" src=\"https:\/\/www.radiopiu.net\/wordpress\/wp-content\/uploads\/2021\/01\/141433770_171616291414874_2957460898102012198_n-300x300.jpg\" alt=\"\" width=\"144\" height=\"144\" srcset=\"https:\/\/www.radiopiu.net\/wordpress\/wp-content\/uploads\/2021\/01\/141433770_171616291414874_2957460898102012198_n-300x300.jpg 300w, https:\/\/www.radiopiu.net\/wordpress\/wp-content\/uploads\/2021\/01\/141433770_171616291414874_2957460898102012198_n-150x150.jpg 150w, https:\/\/www.radiopiu.net\/wordpress\/wp-content\/uploads\/2021\/01\/141433770_171616291414874_2957460898102012198_n-768x768.jpg 768w, https:\/\/www.radiopiu.net\/wordpress\/wp-content\/uploads\/2021\/01\/141433770_171616291414874_2957460898102012198_n.jpg 800w\" sizes=\"auto, (max-width: 144px) 100vw, 144px\" \/><\/a>PER<strong> RICEVERE QUESTO NOTIZIARIO DIRETTAMENTE SUL TUO CELLULARE ISCRIVITI AL CANALE TELEGRAM <\/strong><strong>\u201cRADIO PIU\u00a0 INFORMAZIONE&#8221;\u00a0<\/strong><\/h3>\n<h3>\u00a0il CANALE TELEGRAM&#8230; UNISCITI A: RADIO PIU INFORMAZIONE<\/h3>\n<p>&nbsp;<\/p>\n<p>&nbsp;<\/p>\n<p><em><a href=\"https:\/\/www.radiopiu.net\/wordpress\/giornale-radiopiu-24-gennaio-2021-direttore-mirko-mezzacasa\/79216601_126817312416448_708980208774483089_n\/\" rel=\"attachment wp-att-186567\"><img loading=\"lazy\" decoding=\"async\" class=\"size-medium wp-image-186567 alignright\" src=\"https:\/\/www.radiopiu.net\/wordpress\/wp-content\/uploads\/2021\/01\/79216601_126817312416448_708980208774483089_n-300x114.jpg\" alt=\"\" width=\"300\" height=\"114\" srcset=\"https:\/\/www.radiopiu.net\/wordpress\/wp-content\/uploads\/2021\/01\/79216601_126817312416448_708980208774483089_n-300x114.jpg 300w, https:\/\/www.radiopiu.net\/wordpress\/wp-content\/uploads\/2021\/01\/79216601_126817312416448_708980208774483089_n-768x292.jpg 768w, https:\/\/www.radiopiu.net\/wordpress\/wp-content\/uploads\/2021\/01\/79216601_126817312416448_708980208774483089_n.jpg 820w\" sizes=\"auto, (max-width: 300px) 100vw, 300px\" \/><\/a><span style=\"color: #ff0000;\">ATTENZIONE: LA NUOVA APP PER IOS-IPHONE di Nicola Vettorello <\/span><\/em><a href=\"https:\/\/apps.apple.com\/it\/app\/radio-pi%C3%B9-emittente-agordina\/id1515939845\">https:\/\/apps.apple.com\/it\/app\/radio-pi%C3%B9-emittente-agordina\/id1515939845<\/a><\/p>\n<p><em style=\"color: #ff0000;\">ATTENZIONE: LA NUOVA APP RADIO\u00a0 PER ANDROID di Nicola Vettorello<\/em><\/p>\n<p><a href=\"https:\/\/play.google.com\/store\/apps\/details?id=net.radiopiu.iniko\" target=\"_blank\" rel=\"noopener noreferrer\">https:\/\/play.google.com\/store\/apps\/details?id=net.radiopiu.iniko\u00a0\u00a0<\/a><\/p>\n<p>&nbsp;<\/p>\n<h3 class=\"kvgmc6g5 cxmmr5t8 oygrvhab hcukyx3x c1et5uql\"><span style=\"color: #0000ff;\">***<\/span><\/h3>\n<h2><span style=\"color: #ff0000;\">ISCRIVITI AL NOSTRO CANALE\u00a0\u00a0YOUTUBE PER SEGUIRE IN DIRETTA I PRINCIPALI PROGRAMMI DI RADIO PIU\u2019 E LE FUTURE DIRETTE IN ESTERNA. PER ISCRIVERTI <a style=\"color: #ff0000;\" href=\"https:\/\/youtube.com\/@radiopiu1527\">CLICCA QUI\u00a0<\/a>E PREMI\u00a0 \u201cIscriviti\u201d\u00a0 \u00a0<\/span><\/h2>\n<div data-block=\"true\" data-editor=\"avj4u\" data-offset-key=\"d3i0j-0-0\"><\/div>\n<div data-block=\"true\" data-editor=\"avj4u\" data-offset-key=\"d3i0j-0-0\">\n<hr \/>\n<\/div>\n<div data-block=\"true\" data-editor=\"avj4u\" data-offset-key=\"d3i0j-0-0\"><\/div>\n<div class=\"x11i5rnm xat24cr x1mh8g0r x1vvkbs xtlvy1s x126k92a\">\n<div dir=\"auto\">\n<p><a class=\"dt-pswp-item\" href=\"https:\/\/www.radiopiu.net\/wordpress\/wp-content\/uploads\/2023\/10\/34f4cfc6-e863-46e9-9695-8df44be63421.jpg\" data-dt-img-description=\"\" data-large_image_width=\"1200\" data-large_image_height=\"1200\"><img loading=\"lazy\" decoding=\"async\" class=\"wp-image-357393 alignleft\" src=\"https:\/\/www.radiopiu.net\/wordpress\/wp-content\/uploads\/2023\/10\/34f4cfc6-e863-46e9-9695-8df44be63421-300x300.jpg\" alt=\"\" width=\"81\" height=\"81\" srcset=\"https:\/\/www.radiopiu.net\/wordpress\/wp-content\/uploads\/2023\/10\/34f4cfc6-e863-46e9-9695-8df44be63421-300x300.jpg 300w, https:\/\/www.radiopiu.net\/wordpress\/wp-content\/uploads\/2023\/10\/34f4cfc6-e863-46e9-9695-8df44be63421-1024x1024.jpg 1024w, https:\/\/www.radiopiu.net\/wordpress\/wp-content\/uploads\/2023\/10\/34f4cfc6-e863-46e9-9695-8df44be63421-150x150.jpg 150w, https:\/\/www.radiopiu.net\/wordpress\/wp-content\/uploads\/2023\/10\/34f4cfc6-e863-46e9-9695-8df44be63421-768x768.jpg 768w, https:\/\/www.radiopiu.net\/wordpress\/wp-content\/uploads\/2023\/10\/34f4cfc6-e863-46e9-9695-8df44be63421.jpg 1200w\" sizes=\"auto, (max-width: 81px) 100vw, 81px\" \/><\/a>OGGI ALLA RADIO: <strong>ALLE 7<\/strong> LA RASSEGNA STAMPA LOCALE FLASH, PER CHI COME NOI ALLE SETTE DEL MATTINO VA DI FRETTA, TANTE NOTIZIE IN POCHE CHIACCHIERE. <strong>ALLE OTTO<\/strong> L&#8217;APPROFONDIMENTO NELLA STORICA RASSEGNA STAMPA LOCALE.\u00a0 DALLE 6 ALLE 21, OGNI ORA, L&#8217;INFORMAZIONE NAZIONALE, l&#8217;informazione locale,\u00a0 OGNI ORA IN CODA AL GR NAZIONALE, ALLE 14 VIABILITA 15 METEOROLOGIA 19 I TITOLI DAL TG DI ANTENNA 3 A CURA DI TIZIANA BOLOGNANI<\/p>\n<p><span style=\"color: #ff0000;\">La Settimana della memoria e dell&#8217;impegno, Agordo come Roma: citt\u00e0 Libera i 100 passi verso il 21 marzo, giornata in ricordo della vittime innocenti delle mafie a cura del PRESIDIO AGORDINO DI LIBERA &#8220;LUCIA PRECENZANO E SALVATORE AVERSA da lunedi 18 a sabato 23 marzo, alle 9.45 e 18.45 &#8230; su radio pi\u00f9<\/span><\/p>\n<p>&nbsp;<\/p>\n<hr \/>\n<p>&nbsp;<\/p>\n<p>&nbsp;<\/p>\n<blockquote>\n<h2>ACQUA NON POTABILE<\/h2>\n<\/blockquote>\n<div data-block=\"true\" data-editor=\"avj4u\" data-offset-key=\"d3i0j-0-0\"><img loading=\"lazy\" decoding=\"async\" class=\"alignleft\" src=\"https:\/\/www.radiopiu.net\/wordpress\/wp-content\/uploads\/2022\/05\/download-2.jpg\" width=\"74\" height=\"74\" \/><strong>SAN TOMASO AGORDINO<\/strong> nelle localit\u00e0 PIANEZZE, VALLATA, VAL, MEZZAVALLE, COSTA DI MEZZO E PIAN MOLIN l\u2019acqua erogata dall\u2019acquedotto non \u00e8 potabile e non pu\u00f2 essere usata per scopi alimentari. Verr\u00e0 effettuato servizio sostitutivo con cisterna in localit\u00e0 PIAN MOLIN presso Ecocentro.<\/div>\n<div data-block=\"true\" data-editor=\"avj4u\" data-offset-key=\"d3i0j-0-0\"><\/div>\n<div data-block=\"true\" data-editor=\"avj4u\" data-offset-key=\"d3i0j-0-0\"><\/div>\n<div data-block=\"true\" data-editor=\"avj4u\" data-offset-key=\"d3i0j-0-0\"><\/div>\n<div data-block=\"true\" data-editor=\"avj4u\" data-offset-key=\"d3i0j-0-0\"><\/div>\n<div data-block=\"true\" data-editor=\"avj4u\" data-offset-key=\"d3i0j-0-0\">\n<hr \/>\n<\/div>\n<div data-block=\"true\" data-editor=\"avj4u\" data-offset-key=\"d3i0j-0-0\"><\/div>\n<div dir=\"auto\"><\/div>\n<p><strong><a class=\"dt-pswp-item\" href=\"https:\/\/www.radiopiu.net\/wordpress\/wp-content\/uploads\/2024\/02\/2d44e751-d8a8-461b-8e22-d8e4e853b032.jpg\" data-dt-img-description=\"\" data-large_image_width=\"1600\" data-large_image_height=\"1200\"><img loading=\"lazy\" decoding=\"async\" class=\"wp-image-373307 alignleft\" src=\"https:\/\/www.radiopiu.net\/wordpress\/wp-content\/uploads\/2024\/02\/2d44e751-d8a8-461b-8e22-d8e4e853b032-300x225.jpg\" alt=\"\" width=\"105\" height=\"79\" srcset=\"https:\/\/www.radiopiu.net\/wordpress\/wp-content\/uploads\/2024\/02\/2d44e751-d8a8-461b-8e22-d8e4e853b032-300x225.jpg 300w, https:\/\/www.radiopiu.net\/wordpress\/wp-content\/uploads\/2024\/02\/2d44e751-d8a8-461b-8e22-d8e4e853b032-1024x768.jpg 1024w, https:\/\/www.radiopiu.net\/wordpress\/wp-content\/uploads\/2024\/02\/2d44e751-d8a8-461b-8e22-d8e4e853b032-768x576.jpg 768w, https:\/\/www.radiopiu.net\/wordpress\/wp-content\/uploads\/2024\/02\/2d44e751-d8a8-461b-8e22-d8e4e853b032-1536x1152.jpg 1536w, https:\/\/www.radiopiu.net\/wordpress\/wp-content\/uploads\/2024\/02\/2d44e751-d8a8-461b-8e22-d8e4e853b032.jpg 1600w\" sizes=\"auto, (max-width: 105px) 100vw, 105px\" \/><\/a>EL BAL DEL FIOR, DI GIULIANA DA RONCH, 11 MARZO 2024<\/strong><\/p>\n<\/div>\n<\/div>\n<p>&nbsp;<\/p>\n<div class=\"x11i5rnm xat24cr x1mh8g0r x1vvkbs xtlvy1s x126k92a\">\n<div dir=\"auto\">\n<audio class=\"wp-audio-shortcode\" id=\"audio-378332-1\" preload=\"none\" style=\"width: 100%;\" controls=\"controls\"><source type=\"audio\/mpeg\" src=\"https:\/\/www.radiopiu.net\/wordpress\/wp-content\/uploads\/2024\/03\/GLU.mp3?_=1\" \/><a href=\"https:\/\/www.radiopiu.net\/wordpress\/wp-content\/uploads\/2024\/03\/GLU.mp3\">https:\/\/www.radiopiu.net\/wordpress\/wp-content\/uploads\/2024\/03\/GLU.mp3<\/a><\/audio>\n<p>&nbsp;<\/p>\n<p>&nbsp;<\/p>\n<hr \/>\n<hr \/>\n<hr \/>\n<hr \/>\n<p>&nbsp;<\/p>\n<p><span style=\"color: #ff0000;\"><strong>OGGI ALLA RADIO<\/strong><\/span>: <strong>ALLE 7.20<\/strong> EL BAR DEL FIOR, DETTI E TRADIZIONI DI GIULIANA DA RONCH; <strong>ALLE 8.20<\/strong> MARINA DONA <strong>ALLE 9.10<\/strong> OGGI COME IERI CON SILVIA BALDO <strong>ALLE 10.10<\/strong> CIAK SI GIRA, IL GOSSIP CON PAOLA LANCIATO<strong> ALLE 10.30<\/strong> PERITI MINERARI NEL MONDO- APIM <strong>ALLE 11<\/strong> IL NUOVO PROGRAMMA DI ALDO BRIGADOI, CON L&#8217;ALDONE CINE HIT\u00a0 <strong>ALLE 13.10<\/strong> SALUTE E SOCIETA&#8217; DOTTOR MARCO CARACCIOLO\u00a0 <strong>ALLE 16<\/strong> IL ROCK DI MARCO COSTANTINI <strong>ALLE 1645<\/strong> MIRCO BENCIVENNI, LE HIT D&#8217;ANNATA<\/p>\n<p>&nbsp;<\/p>\n<p>&nbsp;<\/p>\n<hr \/>\n<\/div>\n<\/div>\n<blockquote>\n<blockquote>\n<h1><span style=\"color: #ff0000;\">I podcast informativi del mattino &#8211; audio &#8211;\u00a0<\/span><\/h1>\n<\/blockquote>\n<p><strong><a class=\"dt-pswp-item\" href=\"https:\/\/www.radiopiu.net\/wordpress\/wp-content\/uploads\/2023\/11\/th-10.jpg\" data-dt-img-description=\"\" data-large_image_width=\"320\" data-large_image_height=\"180\"><img loading=\"lazy\" decoding=\"async\" class=\"wp-image-362866 alignleft\" src=\"https:\/\/www.radiopiu.net\/wordpress\/wp-content\/uploads\/2023\/11\/th-10-300x169.jpg\" alt=\"\" width=\"185\" height=\"104\" srcset=\"https:\/\/www.radiopiu.net\/wordpress\/wp-content\/uploads\/2023\/11\/th-10-300x169.jpg 300w, https:\/\/www.radiopiu.net\/wordpress\/wp-content\/uploads\/2023\/11\/th-10.jpg 320w\" sizes=\"auto, (max-width: 185px) 100vw, 185px\" \/><\/a>LA RASSEGNA STAMPA NAZIONALE ALLA RADIO, OGNI GIORNO ALLE 5 E ALLE 6 DEL MATTINO <span style=\"color: #0000ff;\">viene pubblicata alle 6.00 <span style=\"color: #ff0000;\">DIRETTA RADIO\u00a0 \u00a0<\/span><\/span><\/strong><\/p><\/blockquote>\n<p><strong>di STEFANO FAMA&#8217;\u00a0<\/strong><\/p>\n<p><strong>Politica<\/strong> regionali in Abruzzo, Marsiglio: violato il silenzio elettorale, calunniato da Travaglio. <strong>Economia<\/strong> per Pasqua stangata sui voli per Sardegna e Sicilia. <strong>Usa<\/strong> evacuato il personale dell&#8217;ambasciata ad Haiti <strong>Guerra<\/strong> a Gaza. <strong>Maltempo<\/strong> da nord a sud.<strong> Imperia<\/strong> valanga travolge 4 escursionisti, raffiche di vento sull&#8217;aeroporto di <strong>Bari<\/strong>. E<strong>tna<\/strong> protesta degli agricoltori, autostrada bloccata. <strong>Sport<\/strong> calcio, Lecce-Verona con rissa finale.<\/p>\n<h2>AUDIO dalle 7 del mattino<\/h2>\n<audio class=\"wp-audio-shortcode\" id=\"audio-378332-2\" preload=\"none\" style=\"width: 100%;\" controls=\"controls\"><source type=\"audio\/mpeg\" src=\"https:\/\/www.radiopiu.net\/wordpress\/wp-content\/uploads\/2024\/03\/GIORNALEDELLESEI-8.mp3?_=2\" \/><a href=\"https:\/\/www.radiopiu.net\/wordpress\/wp-content\/uploads\/2024\/03\/GIORNALEDELLESEI-8.mp3\">https:\/\/www.radiopiu.net\/wordpress\/wp-content\/uploads\/2024\/03\/GIORNALEDELLESEI-8.mp3<\/a><\/audio>\n<p>&nbsp;<\/p>\n<p>&nbsp;<\/p>\n<hr \/>\n<p>&nbsp;<\/p>\n<h1 style=\"text-align: center;\"><span style=\"color: #ff0000;\">I podcast informativi del mattino &#8211; audio &#8211;\u00a0<\/span><\/h1>\n<p><strong><a class=\"dt-pswp-item\" href=\"https:\/\/www.radiopiu.net\/wordpress\/wp-content\/uploads\/2023\/12\/images.png\" data-dt-img-description=\"\" data-large_image_width=\"316\" data-large_image_height=\"160\"><img loading=\"lazy\" decoding=\"async\" class=\"wp-image-367008 alignleft\" src=\"https:\/\/www.radiopiu.net\/wordpress\/wp-content\/uploads\/2023\/12\/images-300x152.png\" alt=\"\" width=\"235\" height=\"119\" srcset=\"https:\/\/www.radiopiu.net\/wordpress\/wp-content\/uploads\/2023\/12\/images-300x152.png 300w, https:\/\/www.radiopiu.net\/wordpress\/wp-content\/uploads\/2023\/12\/images.png 316w\" sizes=\"auto, (max-width: 235px) 100vw, 235px\" \/><\/a>OGNI GIORNO ALLE SETTE DEL MATTINO, LA RASSEGNA STAMPA LOCALE FLASH&#8230; PER CHI VA IN FRETTA. I TITOLI DAI GIORNALI E DAL SITO WWW.RADIOPIU.NET <span style=\"color: #0000ff;\">viene pubblicato alle 7.00<\/span> <span style=\"color: #ff0000;\">DIRETTA RADIO\u00a0<\/span><\/strong><\/p>\n<p><em><span style=\"color: #ff0000;\">per chi va in fretta&#8230; tante notizie in pochi minuti. L&#8217;informazione locale alla radio, ogni ora dalle 7 del mattino alle 19 della sera.\u00a0 \u00a0\u00a0<\/span><\/em><\/p>\n<p>di mirko mezzacasa<\/p>\n<p><strong>SAN TOMASO AGORDINO<\/strong> nelle localit\u00e0 PIANEZZE, VALLATA, VAL, MEZZAVALLE, COSTA DI MEZZO E PIAN MOLIN l\u2019acqua erogata dall\u2019acquedotto non \u00e8 potabile.<br \/>\n<strong>VENEZIA<\/strong> Il maltempo che sta interessando il Veneto ha indotto il Centro Funzionale Decentrato della Protezione Civile della Regione Veneto a emettere un nuovo avviso di criticit\u00e0. L\u2019avviso ha valore fino alle 14 di oggi<br \/>\n<strong>Sono 26<\/strong> gli interventi dei vigili del fuoco di Belluno alle ore 20:00, nella giornata di ieri\u00a0 principalmente dovuti alle ampie precipitazioni nevose<br \/>\n<strong>GOSALDO<\/strong> i vigili del fuoco sono intervenuti per una frana che ha bloccato la strada comunale per l\u2019abitato di Selle. Constatata la pericolosit\u00e0 della frana con un fronte di 30&#215;30 metri, si \u00e8 provveduto a far transennare la strada e vietare il transito sia ai mezzi che ai pedoni.<br \/>\n<strong>LAMON<\/strong> La SP 212 della Roa, collegamento tra la SP40 di Lamon e Castel Tesino, \u00e8 chiusa a causa di una frana.<br \/>\n<strong>BELLUNO<\/strong> Silvia Bisconti, nota stilista italiana, ci ha lasciato ieri mattina all&#8217;et\u00e0 di 61 anni dopo una lunga battaglia contro la malattia. Originaria di Milano ma da molti anni radicata nel cuore di Belluno, Silvia era una figura di spicco nel mondo della moda<br \/>\n<strong>BELLUNO<\/strong> Incidente in ausostrda a 27 Coinvolto un veicolo, non risultano persone ferite. L&#8217;incidente si \u00e8 verificato poco dopo le 17 nella seconda galleria<br \/>\n<strong>FELTRE<\/strong> La ragazza,\u00a0 lavoratrice della Luxottica investita venerd\u00ec sera in via Bagnols\u00a0 rimane in prognosi riservata, ma c&#8217;\u00e8 ottimismo tra familiari, amici e colleghi. La ragazza, 24 anni, stava attraversando sulle strisce pedonali con il fratello quando \u00e8 stata investita da una Peugeot 206.<\/p>\n<h2>AUDIO dalle 7 del mattino<\/h2>\n<audio class=\"wp-audio-shortcode\" id=\"audio-378332-3\" preload=\"none\" style=\"width: 100%;\" controls=\"controls\"><source type=\"audio\/mpeg\" src=\"https:\/\/www.radiopiu.net\/wordpress\/wp-content\/uploads\/2024\/03\/GF07-8.mp3?_=3\" \/><a href=\"https:\/\/www.radiopiu.net\/wordpress\/wp-content\/uploads\/2024\/03\/GF07-8.mp3\">https:\/\/www.radiopiu.net\/wordpress\/wp-content\/uploads\/2024\/03\/GF07-8.mp3<\/a><\/audio>\n<p>&nbsp;<\/p>\n<p>&nbsp;<\/p>\n<p>&nbsp;<\/p>\n<hr \/>\n<p>&nbsp;<\/p>\n<h1><\/h1>\n<h1 style=\"text-align: center;\"><span style=\"color: #ff0000;\"><a class=\"dt-pswp-item\" href=\"https:\/\/www.radiopiu.net\/wordpress\/wp-content\/uploads\/2022\/01\/026c3f9d-dae9-4040-a3c1-a6530231bcc3.jpg\" data-dt-img-description=\"\" data-large_image_width=\"1152\" data-large_image_height=\"2048\"><img loading=\"lazy\" decoding=\"async\" class=\"wp-image-251839 alignleft\" src=\"https:\/\/www.radiopiu.net\/wordpress\/wp-content\/uploads\/2022\/01\/026c3f9d-dae9-4040-a3c1-a6530231bcc3-169x300.jpg\" alt=\"\" width=\"100\" height=\"177\" srcset=\"https:\/\/www.radiopiu.net\/wordpress\/wp-content\/uploads\/2022\/01\/026c3f9d-dae9-4040-a3c1-a6530231bcc3-169x300.jpg 169w, https:\/\/www.radiopiu.net\/wordpress\/wp-content\/uploads\/2022\/01\/026c3f9d-dae9-4040-a3c1-a6530231bcc3-576x1024.jpg 576w, https:\/\/www.radiopiu.net\/wordpress\/wp-content\/uploads\/2022\/01\/026c3f9d-dae9-4040-a3c1-a6530231bcc3-768x1365.jpg 768w, https:\/\/www.radiopiu.net\/wordpress\/wp-content\/uploads\/2022\/01\/026c3f9d-dae9-4040-a3c1-a6530231bcc3-864x1536.jpg 864w, https:\/\/www.radiopiu.net\/wordpress\/wp-content\/uploads\/2022\/01\/026c3f9d-dae9-4040-a3c1-a6530231bcc3.jpg 1152w\" sizes=\"auto, (max-width: 100px) 100vw, 100px\" \/><\/a>I podcast informativi del mattino &#8211; audio &#8211;\u00a0<\/span><\/h1>\n<blockquote><p><strong>GIORNALE RADIO NAZIONALE, EDIZIONE DELLE SETTE <span style=\"color: #0000ff;\">viene pubblicato alle 7.05 <span style=\"color: #ff0000;\">DIRETTA RADIO\u00a0<\/span><\/span><\/strong><\/p><\/blockquote>\n<p><strong>il giornale radionazionale e&#8217; in onda ogni ora, dalle sette del mattino alle venti della sera\u00a0\u00a0<\/strong><\/p>\n<p>&nbsp;<\/p>\n<h2>AUDIO dalle sette del mattino, ogni ora alla radio<\/h2>\n<p>&nbsp;<\/p>\n<p><strong>Vantaggio<\/strong> di 10 punti per Marsiglio, vicino alla riconferma della Presidenza dell&#8217;Abruzzo. <strong>Calo<\/strong> del&#8217;affluenza alle urne poco pi\u00f9 del 52 per cento. <strong>Maltempo in Francia<\/strong>, morte e distruzione. <strong>Sei sci alpinist<\/strong>i dispersi sulle alpi Svizzere. <strong>Valanga<\/strong> in Liguria, muore un 44enne.\u00a0 <strong>Neve in montagna<\/strong> in Piemonte e Lombardia tanti black out. <strong>Atterrato a Ciampino<\/strong> un C130 con 45 civili bisgnosi di cure, in arrivo da Gaza.<\/p>\n<audio class=\"wp-audio-shortcode\" id=\"audio-378332-4\" preload=\"none\" style=\"width: 100%;\" controls=\"controls\"><source type=\"audio\/mpeg\" src=\"https:\/\/www.radiopiu.net\/wordpress\/wp-content\/uploads\/2024\/03\/giornale07-8.mp3?_=4\" \/><a href=\"https:\/\/www.radiopiu.net\/wordpress\/wp-content\/uploads\/2024\/03\/giornale07-8.mp3\">https:\/\/www.radiopiu.net\/wordpress\/wp-content\/uploads\/2024\/03\/giornale07-8.mp3<\/a><\/audio>\n<p>&nbsp;<\/p>\n<p>&nbsp;<\/p>\n<h2><\/h2>\n<hr \/>\n<p>&nbsp;<\/p>\n<p>&nbsp;<\/p>\n<h1><span style=\"color: #ff0000;\">I podcast informativi del mattino &#8211; video &#8211;\u00a0<\/span><\/h1>\n<h2><strong><a class=\"dt-pswp-item\" href=\"https:\/\/www.radiopiu.net\/wordpress\/wp-content\/uploads\/2023\/12\/th-10.jpg\" data-dt-img-description=\"\" data-large_image_width=\"245\" data-large_image_height=\"180\"><img loading=\"lazy\" decoding=\"async\" class=\" wp-image-367395 alignleft\" src=\"https:\/\/www.radiopiu.net\/wordpress\/wp-content\/uploads\/2023\/12\/th-10.jpg\" alt=\"\" width=\"166\" height=\"122\" \/><\/a>RASSEGNA STAMPA LOCALE, ORE OTTO 05<\/strong><\/h2>\n<h2><strong> <span style=\"color: #0000ff;\">viene\u00a0 <\/span><\/strong><strong><span style=\"color: #0000ff;\">pubblicata alle 8.05 <span style=\"color: #ff0000;\">DIRETTA RADIO\u00a0\u00a0<\/span><\/span><\/strong><\/h2>\n<p><strong>DI MIRKO MEZZACASA\u00a0 \u00a0\u00a0<\/strong><\/p>\n<p><strong>CHIES D&#8217;ALPAGO<\/strong> Recentemente, la Pro Loco di Chies d\u2019Alpago ha eletto il nuovo direttivo con la presenza del Presidente dell\u2019Unpli bellunese, sindaco e amministrazione comunale. La presidente uscente, Marika Pedol, ha passato il testimone a Luca Zanon.<br \/>\n<strong>TAIBON<\/strong> ADOTTA LA VARIANTE PER LA ROTATORIA A STRAPONT, INTERSEZIONE CON LA REGIONALE 203 AGORDINA Consiglio Comunale a Taibon: Bilancio e Progetti in Discussione Il sindaco Silvia Tormen ha convocato il Consiglio Comunale per mercoled\u00ec alle 19 presso la sede municipale di Taibon.<br \/>\n<strong>AGORDO<\/strong> CONSIGLIO COMUNALE IN DIRETTA SUI CANALI SOCIAL DI RADIOPIU&#8217;, FACEBOOK E TELEGRAM. l sindaco Roberto Chissal\u00e8 ha convocato il Consiglio Comunale per luned\u00ec alle 19 presso la sede municipale di Agordo. Quattro sono i punti all&#8217;ordine del giorno. Si discuter\u00e0 innanzitutto del bilancio preventivo di ASCA<br \/>\n<strong>AGORDO<\/strong> MALTEMPO: VECIA POPA RINVIATA A DOMENICA 17 MARZO<\/p>\n<h2><strong>VIDEO\u00a0 \u00a0in diretta dalle 8 del mattino<\/strong><\/h2>\n<p>&nbsp;<\/p>\n<p>https:\/\/www.facebook.com\/Mirkomezziano\/videos\/2327420544129399<\/p>\n<hr \/>\n<p>&nbsp;<\/p>\n<blockquote>\n<h3>MALTEMPO, ALLERTA GIALLA IN VENETO<\/h3>\n<\/blockquote>\n<p><strong>VENEZIA <\/strong>Il maltempo che sta interessando il Veneto ha indotto il Centro Funzionale Decentrato della Protezione Civile della Regione Veneto a emettere un nuovo avviso di criticit\u00e0, dichiarando lo Stato di Attenzione (allerta gialla) per criticit\u00e0 idraulica e idrogeologica su alcuni bacini idrografici del territorio. L\u2019avviso ha valore fino alle 14 di oggi.<\/p>\n<p>&nbsp;<\/p>\n<p>&nbsp;<\/p>\n<p>&nbsp;<\/p>\n<hr \/>\n<p>&nbsp;<\/p>\n<blockquote>\n<h3>ISOLATA LA FRAZIONE DI SELLE, PULLMAN IMPATANATI NELLA NEVE<\/h3>\n<\/blockquote>\n<p>Sono 26 gli interventi dei vigili del fuoco di Belluno alle ore 20:00, nella giornata di ieri\u00a0 principalmente dovuti alle ampie precipitazioni nevose in diverse zone della provincia. Le squadre dei vigili del fuoco, permanenti e volontari, sono intervenuti maggiormente per il recupero di mezzi rimasti impantanati o finiti fuoristrada per le abbondanti nevicate. Interventi di recupero auto a: Auronzo di Cadore, Forni di Zoldo, Cortina d\u2019Ampezzo, San Vito di Cadore, Livinallongo del Col di Lana. Intervento dei vigili del fuoco anche con l\u2019autogr\u00f9 per il recupero di un bus finito fuori dal sedime lungo la strada per le Tre Cime di Lavaredo. Il mezzo \u00e8 stato recuperato e poi trainato fino al lago di Misurina. Recupero di altri due pullman rimasti bloccati per la neve a Forno di Zoldo.<\/p>\n\n\t\t\t<style type='text\/css'>\n\t\t\t\t#gallery-1 {\n\t\t\t\t\tmargin: auto;\n\t\t\t\t}\n\t\t\t\t#gallery-1 .gallery-item {\n\t\t\t\t\tfloat: left;\n\t\t\t\t\tmargin-top: 10px;\n\t\t\t\t\ttext-align: center;\n\t\t\t\t\twidth: 33%;\n\t\t\t\t}\n\t\t\t\t#gallery-1 img {\n\t\t\t\t\tborder: 2px solid #cfcfcf;\n\t\t\t\t}\n\t\t\t\t#gallery-1 .gallery-caption {\n\t\t\t\t\tmargin-left: 0;\n\t\t\t\t}\n\t\t\t\t\/* see gallery_shortcode() in wp-includes\/media.php *\/\n\t\t\t<\/style>\n\t\t<div id='gallery-1' class='dt-gallery-container gallery galleryid-378332 gallery-columns-3 gallery-size-thumbnail'><dl class='gallery-item'>\n\t\t\t\t<dt class='gallery-icon landscape'>\n\t\t\t\t\t<a class=\"rollover rollover-zoom dt-pswp-item\" title=\"a83e931d-dea3-4db9-a1a8-50844ebc484e\" data-dt-img-description=\"\" data-large_image_width=\"1280\" data-large_image_height=\"960\"href='https:\/\/www.radiopiu.net\/wordpress\/wp-content\/uploads\/2024\/03\/a83e931d-dea3-4db9-a1a8-50844ebc484e.jpg'><img loading=\"lazy\" decoding=\"async\" width=\"150\" height=\"150\" src=\"https:\/\/www.radiopiu.net\/wordpress\/wp-content\/uploads\/2024\/03\/a83e931d-dea3-4db9-a1a8-50844ebc484e-150x150.jpg\" class=\"attachment-thumbnail size-thumbnail\" alt=\"\" \/><\/a>\n\t\t\t\t<\/dt><\/dl><dl class='gallery-item'>\n\t\t\t\t<dt class='gallery-icon landscape'>\n\t\t\t\t\t<a class=\"rollover rollover-zoom dt-pswp-item\" title=\"aabb3df2-8fac-4784-be97-1309ecaeaa1d\" data-dt-img-description=\"\" data-large_image_width=\"1280\" data-large_image_height=\"960\"href='https:\/\/www.radiopiu.net\/wordpress\/wp-content\/uploads\/2024\/03\/aabb3df2-8fac-4784-be97-1309ecaeaa1d.jpg'><img loading=\"lazy\" decoding=\"async\" width=\"150\" height=\"150\" src=\"https:\/\/www.radiopiu.net\/wordpress\/wp-content\/uploads\/2024\/03\/aabb3df2-8fac-4784-be97-1309ecaeaa1d-150x150.jpg\" class=\"attachment-thumbnail size-thumbnail\" alt=\"\" \/><\/a>\n\t\t\t\t<\/dt><\/dl><dl class='gallery-item'>\n\t\t\t\t<dt class='gallery-icon landscape'>\n\t\t\t\t\t<a class=\"rollover rollover-zoom dt-pswp-item\" title=\"6ebee4df-36b4-48c8-bdc5-119d1761f509\" data-dt-img-description=\"\" data-large_image_width=\"964\" data-large_image_height=\"650\"href='https:\/\/www.radiopiu.net\/wordpress\/wp-content\/uploads\/2024\/03\/6ebee4df-36b4-48c8-bdc5-119d1761f509.jpg'><img loading=\"lazy\" decoding=\"async\" width=\"150\" height=\"150\" src=\"https:\/\/www.radiopiu.net\/wordpress\/wp-content\/uploads\/2024\/03\/6ebee4df-36b4-48c8-bdc5-119d1761f509-150x150.jpg\" class=\"attachment-thumbnail size-thumbnail\" alt=\"\" \/><\/a>\n\t\t\t\t<\/dt><\/dl><br style=\"clear: both\" \/>\n\t\t\t<\/div>\n\n<p>&nbsp;<\/p>\n<p>Poco prima delle 16:00 i vigili del fuoco sono intervenuti nel comune di Gosaldo per una frana che ha bloccato la strada comunale per l\u2019abitato di Selle. Constatata la pericolosit\u00e0 della frana con un fronte di 30&#215;30 metri, si \u00e8 provveduto a far transennare la strada e vietare il transito sia ai mezzi che ai pedoni. Cinque persone attualmente residenti nella frazione di Selle, rimangono isolati. Sul posto il sindaco del comune oltre la squadra dei vigili del fuoco di Gosaldo che stanno monitorando la situazione.<\/p>\n\n\t\t\t<style type='text\/css'>\n\t\t\t\t#gallery-2 {\n\t\t\t\t\tmargin: auto;\n\t\t\t\t}\n\t\t\t\t#gallery-2 .gallery-item {\n\t\t\t\t\tfloat: left;\n\t\t\t\t\tmargin-top: 10px;\n\t\t\t\t\ttext-align: center;\n\t\t\t\t\twidth: 33%;\n\t\t\t\t}\n\t\t\t\t#gallery-2 img {\n\t\t\t\t\tborder: 2px solid #cfcfcf;\n\t\t\t\t}\n\t\t\t\t#gallery-2 .gallery-caption {\n\t\t\t\t\tmargin-left: 0;\n\t\t\t\t}\n\t\t\t\t\/* see gallery_shortcode() in wp-includes\/media.php *\/\n\t\t\t<\/style>\n\t\t<div id='gallery-2' class='dt-gallery-container gallery galleryid-378332 gallery-columns-3 gallery-size-thumbnail'><dl class='gallery-item'>\n\t\t\t\t<dt class='gallery-icon landscape'>\n\t\t\t\t\t<a class=\"rollover rollover-zoom dt-pswp-item\" title=\"c83ff27c-f5c8-4165-b6e5-7c69413c6dcc\" data-dt-img-description=\"\" data-large_image_width=\"1156\" data-large_image_height=\"720\"href='https:\/\/www.radiopiu.net\/wordpress\/wp-content\/uploads\/2024\/03\/c83ff27c-f5c8-4165-b6e5-7c69413c6dcc.jpg'><img loading=\"lazy\" decoding=\"async\" width=\"150\" height=\"150\" src=\"https:\/\/www.radiopiu.net\/wordpress\/wp-content\/uploads\/2024\/03\/c83ff27c-f5c8-4165-b6e5-7c69413c6dcc-150x150.jpg\" class=\"attachment-thumbnail size-thumbnail\" alt=\"\" \/><\/a>\n\t\t\t\t<\/dt><\/dl><dl class='gallery-item'>\n\t\t\t\t<dt class='gallery-icon landscape'>\n\t\t\t\t\t<a class=\"rollover rollover-zoom dt-pswp-item\" title=\"2b5c9362-b69e-4a82-b53d-2f0ef51185fe\" data-dt-img-description=\"\" data-large_image_width=\"1158\" data-large_image_height=\"720\"href='https:\/\/www.radiopiu.net\/wordpress\/wp-content\/uploads\/2024\/03\/2b5c9362-b69e-4a82-b53d-2f0ef51185fe.jpg'><img loading=\"lazy\" decoding=\"async\" width=\"150\" height=\"150\" src=\"https:\/\/www.radiopiu.net\/wordpress\/wp-content\/uploads\/2024\/03\/2b5c9362-b69e-4a82-b53d-2f0ef51185fe-150x150.jpg\" class=\"attachment-thumbnail size-thumbnail\" alt=\"\" \/><\/a>\n\t\t\t\t<\/dt><\/dl><dl class='gallery-item'>\n\t\t\t\t<dt class='gallery-icon landscape'>\n\t\t\t\t\t<a class=\"rollover rollover-zoom dt-pswp-item\" title=\"5ed00353-d5bb-4927-86f4-00f06320d1c6\" data-dt-img-description=\"\" data-large_image_width=\"1050\" data-large_image_height=\"658\"href='https:\/\/www.radiopiu.net\/wordpress\/wp-content\/uploads\/2024\/03\/5ed00353-d5bb-4927-86f4-00f06320d1c6.jpg'><img loading=\"lazy\" decoding=\"async\" width=\"150\" height=\"150\" src=\"https:\/\/www.radiopiu.net\/wordpress\/wp-content\/uploads\/2024\/03\/5ed00353-d5bb-4927-86f4-00f06320d1c6-150x150.jpg\" class=\"attachment-thumbnail size-thumbnail\" alt=\"\" \/><\/a>\n\t\t\t\t<\/dt><\/dl><br style=\"clear: both\" \/>\n\t\t\t<\/div>\n\n<p>&nbsp;<\/p>\n<hr \/>\n<p>&nbsp;<\/p>\n<div class=\"page-title-head hgroup\">\n<blockquote>\n<h2 class=\"entry-title\">FRANA SULLA SP 212 DELLA ROA<\/h2>\n<h2 class=\"entry-title\">interdetta al traffico in entrambe le direzioni.<\/h2>\n<\/blockquote>\n<\/div>\n<p><strong>LAMON<\/strong>\u00a0La SP 212 della Roa, collegamento tra la SP40 di Lamon e Castel Tesino, \u00e8 chiusa a causa di una frana.\u00a0 Per ora, il traffico \u00e8 vietato sulla strada interessata. (foto: Facebook \u2013 Comune Lamon<\/p>\n<p>&nbsp;<\/p>\n<p><img loading=\"lazy\" decoding=\"async\" class=\"aligncenter\" src=\"https:\/\/www.radiopiu.net\/wordpress\/wp-content\/uploads\/2024\/03\/430040860_804968565005070_6220310046903652439_n.jpg\" width=\"203\" height=\"212\" \/><\/p>\n<p>&nbsp;<\/p>\n<p>&nbsp;<\/p>\n<hr \/>\n<p>&nbsp;<\/p>\n<blockquote>\n<h3>ALLEGHE SOTTO LA NEVE&#8230;UNO SPETTACOLO<\/h3>\n<\/blockquote>\n<p><strong>REDAZIONE<\/strong> Riceviamo e pubblichiamo alcune foto arrivate in redazione che ci ha inviato Mara Mezzacasa. La nevicata di ieri che ha reso Alleghe uno spettacolo incantevole<\/p>\n\n\t\t\t<style type='text\/css'>\n\t\t\t\t#gallery-3 {\n\t\t\t\t\tmargin: auto;\n\t\t\t\t}\n\t\t\t\t#gallery-3 .gallery-item {\n\t\t\t\t\tfloat: left;\n\t\t\t\t\tmargin-top: 10px;\n\t\t\t\t\ttext-align: center;\n\t\t\t\t\twidth: 20%;\n\t\t\t\t}\n\t\t\t\t#gallery-3 img {\n\t\t\t\t\tborder: 2px solid #cfcfcf;\n\t\t\t\t}\n\t\t\t\t#gallery-3 .gallery-caption {\n\t\t\t\t\tmargin-left: 0;\n\t\t\t\t}\n\t\t\t\t\/* see gallery_shortcode() in wp-includes\/media.php *\/\n\t\t\t<\/style>\n\t\t<div id='gallery-3' class='dt-gallery-container gallery galleryid-378332 gallery-columns-5 gallery-size-medium'><dl class='gallery-item'>\n\t\t\t\t<dt class='gallery-icon landscape'>\n\t\t\t\t\t<a class=\"rollover rollover-zoom dt-pswp-item\" title=\"2f0e0d5d-7919-45b5-801d-340dae54a068\" data-dt-img-description=\"\" data-large_image_width=\"1600\" data-large_image_height=\"900\"href='https:\/\/www.radiopiu.net\/wordpress\/wp-content\/uploads\/2024\/03\/2f0e0d5d-7919-45b5-801d-340dae54a068.jpg'><img loading=\"lazy\" decoding=\"async\" width=\"300\" height=\"169\" src=\"https:\/\/www.radiopiu.net\/wordpress\/wp-content\/uploads\/2024\/03\/2f0e0d5d-7919-45b5-801d-340dae54a068-300x169.jpg\" class=\"attachment-medium size-medium\" alt=\"\" srcset=\"https:\/\/www.radiopiu.net\/wordpress\/wp-content\/uploads\/2024\/03\/2f0e0d5d-7919-45b5-801d-340dae54a068-300x169.jpg 300w, https:\/\/www.radiopiu.net\/wordpress\/wp-content\/uploads\/2024\/03\/2f0e0d5d-7919-45b5-801d-340dae54a068-1024x576.jpg 1024w, https:\/\/www.radiopiu.net\/wordpress\/wp-content\/uploads\/2024\/03\/2f0e0d5d-7919-45b5-801d-340dae54a068-768x432.jpg 768w, https:\/\/www.radiopiu.net\/wordpress\/wp-content\/uploads\/2024\/03\/2f0e0d5d-7919-45b5-801d-340dae54a068-1536x864.jpg 1536w, https:\/\/www.radiopiu.net\/wordpress\/wp-content\/uploads\/2024\/03\/2f0e0d5d-7919-45b5-801d-340dae54a068.jpg 1600w\" sizes=\"auto, (max-width: 300px) 100vw, 300px\" \/><\/a>\n\t\t\t\t<\/dt><\/dl><dl class='gallery-item'>\n\t\t\t\t<dt class='gallery-icon landscape'>\n\t\t\t\t\t<a class=\"rollover rollover-zoom dt-pswp-item\" title=\"eae60051-f6aa-488d-9f13-f7fff499eb85\" data-dt-img-description=\"\" data-large_image_width=\"1600\" data-large_image_height=\"900\"href='https:\/\/www.radiopiu.net\/wordpress\/wp-content\/uploads\/2024\/03\/eae60051-f6aa-488d-9f13-f7fff499eb85.jpg'><img loading=\"lazy\" decoding=\"async\" width=\"300\" height=\"169\" src=\"https:\/\/www.radiopiu.net\/wordpress\/wp-content\/uploads\/2024\/03\/eae60051-f6aa-488d-9f13-f7fff499eb85-300x169.jpg\" class=\"attachment-medium size-medium\" alt=\"\" srcset=\"https:\/\/www.radiopiu.net\/wordpress\/wp-content\/uploads\/2024\/03\/eae60051-f6aa-488d-9f13-f7fff499eb85-300x169.jpg 300w, https:\/\/www.radiopiu.net\/wordpress\/wp-content\/uploads\/2024\/03\/eae60051-f6aa-488d-9f13-f7fff499eb85-1024x576.jpg 1024w, https:\/\/www.radiopiu.net\/wordpress\/wp-content\/uploads\/2024\/03\/eae60051-f6aa-488d-9f13-f7fff499eb85-768x432.jpg 768w, https:\/\/www.radiopiu.net\/wordpress\/wp-content\/uploads\/2024\/03\/eae60051-f6aa-488d-9f13-f7fff499eb85-1536x864.jpg 1536w, https:\/\/www.radiopiu.net\/wordpress\/wp-content\/uploads\/2024\/03\/eae60051-f6aa-488d-9f13-f7fff499eb85.jpg 1600w\" sizes=\"auto, (max-width: 300px) 100vw, 300px\" \/><\/a>\n\t\t\t\t<\/dt><\/dl><dl class='gallery-item'>\n\t\t\t\t<dt class='gallery-icon landscape'>\n\t\t\t\t\t<a class=\"rollover rollover-zoom dt-pswp-item\" title=\"ac72c290-9c6f-4c43-b4c0-3daa36a74749\" data-dt-img-description=\"\" data-large_image_width=\"1600\" data-large_image_height=\"900\"href='https:\/\/www.radiopiu.net\/wordpress\/wp-content\/uploads\/2024\/03\/ac72c290-9c6f-4c43-b4c0-3daa36a74749.jpg'><img loading=\"lazy\" decoding=\"async\" width=\"300\" height=\"169\" src=\"https:\/\/www.radiopiu.net\/wordpress\/wp-content\/uploads\/2024\/03\/ac72c290-9c6f-4c43-b4c0-3daa36a74749-300x169.jpg\" class=\"attachment-medium size-medium\" alt=\"\" srcset=\"https:\/\/www.radiopiu.net\/wordpress\/wp-content\/uploads\/2024\/03\/ac72c290-9c6f-4c43-b4c0-3daa36a74749-300x169.jpg 300w, https:\/\/www.radiopiu.net\/wordpress\/wp-content\/uploads\/2024\/03\/ac72c290-9c6f-4c43-b4c0-3daa36a74749-1024x576.jpg 1024w, https:\/\/www.radiopiu.net\/wordpress\/wp-content\/uploads\/2024\/03\/ac72c290-9c6f-4c43-b4c0-3daa36a74749-768x432.jpg 768w, https:\/\/www.radiopiu.net\/wordpress\/wp-content\/uploads\/2024\/03\/ac72c290-9c6f-4c43-b4c0-3daa36a74749-1536x864.jpg 1536w, https:\/\/www.radiopiu.net\/wordpress\/wp-content\/uploads\/2024\/03\/ac72c290-9c6f-4c43-b4c0-3daa36a74749.jpg 1600w\" sizes=\"auto, (max-width: 300px) 100vw, 300px\" \/><\/a>\n\t\t\t\t<\/dt><\/dl><dl class='gallery-item'>\n\t\t\t\t<dt class='gallery-icon landscape'>\n\t\t\t\t\t<a class=\"rollover rollover-zoom dt-pswp-item\" title=\"9ff88179-075b-4447-b2d0-8b8fb640b74a\" data-dt-img-description=\"\" data-large_image_width=\"1600\" data-large_image_height=\"900\"href='https:\/\/www.radiopiu.net\/wordpress\/wp-content\/uploads\/2024\/03\/9ff88179-075b-4447-b2d0-8b8fb640b74a.jpg'><img loading=\"lazy\" decoding=\"async\" width=\"300\" height=\"169\" src=\"https:\/\/www.radiopiu.net\/wordpress\/wp-content\/uploads\/2024\/03\/9ff88179-075b-4447-b2d0-8b8fb640b74a-300x169.jpg\" class=\"attachment-medium size-medium\" alt=\"\" srcset=\"https:\/\/www.radiopiu.net\/wordpress\/wp-content\/uploads\/2024\/03\/9ff88179-075b-4447-b2d0-8b8fb640b74a-300x169.jpg 300w, https:\/\/www.radiopiu.net\/wordpress\/wp-content\/uploads\/2024\/03\/9ff88179-075b-4447-b2d0-8b8fb640b74a-1024x576.jpg 1024w, https:\/\/www.radiopiu.net\/wordpress\/wp-content\/uploads\/2024\/03\/9ff88179-075b-4447-b2d0-8b8fb640b74a-768x432.jpg 768w, https:\/\/www.radiopiu.net\/wordpress\/wp-content\/uploads\/2024\/03\/9ff88179-075b-4447-b2d0-8b8fb640b74a-1536x864.jpg 1536w, https:\/\/www.radiopiu.net\/wordpress\/wp-content\/uploads\/2024\/03\/9ff88179-075b-4447-b2d0-8b8fb640b74a.jpg 1600w\" sizes=\"auto, (max-width: 300px) 100vw, 300px\" \/><\/a>\n\t\t\t\t<\/dt><\/dl><dl class='gallery-item'>\n\t\t\t\t<dt class='gallery-icon landscape'>\n\t\t\t\t\t<a class=\"rollover rollover-zoom dt-pswp-item\" title=\"50fbb722-fb12-4b38-8e71-731794d1a224\" data-dt-img-description=\"\" data-large_image_width=\"1600\" data-large_image_height=\"900\"href='https:\/\/www.radiopiu.net\/wordpress\/wp-content\/uploads\/2024\/03\/50fbb722-fb12-4b38-8e71-731794d1a224.jpg'><img loading=\"lazy\" decoding=\"async\" width=\"300\" height=\"169\" src=\"https:\/\/www.radiopiu.net\/wordpress\/wp-content\/uploads\/2024\/03\/50fbb722-fb12-4b38-8e71-731794d1a224-300x169.jpg\" class=\"attachment-medium size-medium\" alt=\"\" srcset=\"https:\/\/www.radiopiu.net\/wordpress\/wp-content\/uploads\/2024\/03\/50fbb722-fb12-4b38-8e71-731794d1a224-300x169.jpg 300w, https:\/\/www.radiopiu.net\/wordpress\/wp-content\/uploads\/2024\/03\/50fbb722-fb12-4b38-8e71-731794d1a224-1024x576.jpg 1024w, https:\/\/www.radiopiu.net\/wordpress\/wp-content\/uploads\/2024\/03\/50fbb722-fb12-4b38-8e71-731794d1a224-768x432.jpg 768w, https:\/\/www.radiopiu.net\/wordpress\/wp-content\/uploads\/2024\/03\/50fbb722-fb12-4b38-8e71-731794d1a224-1536x864.jpg 1536w, https:\/\/www.radiopiu.net\/wordpress\/wp-content\/uploads\/2024\/03\/50fbb722-fb12-4b38-8e71-731794d1a224.jpg 1600w\" sizes=\"auto, (max-width: 300px) 100vw, 300px\" \/><\/a>\n\t\t\t\t<\/dt><\/dl><br style=\"clear: both\" \/>\n\t\t\t<\/div>\n\n<p>&nbsp;<\/p>\n<hr \/>\n<p>&nbsp;<\/p>\n<blockquote>\n<h2>DALLA CHAT &#8220;VIABILITA&#8217; PROVINCIA DI BELLUNO&#8221;&#8230;.NEVE E CICLISTI<\/h2>\n<\/blockquote>\n<p><img loading=\"lazy\" decoding=\"async\" class=\"aligncenter\" src=\"https:\/\/www.radiopiu.net\/wordpress\/wp-content\/uploads\/2024\/03\/2749cf4f-e461-41f0-96ae-868d158a6251.jpg\" width=\"420\" height=\"461\" \/><\/p>\n\n\t\t\t<style type='text\/css'>\n\t\t\t\t#gallery-4 {\n\t\t\t\t\tmargin: auto;\n\t\t\t\t}\n\t\t\t\t#gallery-4 .gallery-item {\n\t\t\t\t\tfloat: left;\n\t\t\t\t\tmargin-top: 10px;\n\t\t\t\t\ttext-align: center;\n\t\t\t\t\twidth: 16%;\n\t\t\t\t}\n\t\t\t\t#gallery-4 img {\n\t\t\t\t\tborder: 2px solid #cfcfcf;\n\t\t\t\t}\n\t\t\t\t#gallery-4 .gallery-caption {\n\t\t\t\t\tmargin-left: 0;\n\t\t\t\t}\n\t\t\t\t\/* see gallery_shortcode() in wp-includes\/media.php *\/\n\t\t\t<\/style>\n\t\t<div id='gallery-4' class='dt-gallery-container gallery galleryid-378332 gallery-columns-6 gallery-size-thumbnail'><dl class='gallery-item'>\n\t\t\t\t<dt class='gallery-icon landscape'>\n\t\t\t\t\t<a class=\"rollover rollover-zoom dt-pswp-item\" title=\"62d171e7-239c-4c16-a566-8baf6e07de99\" data-dt-img-description=\"\" data-large_image_width=\"800\" data-large_image_height=\"624\"href='https:\/\/www.radiopiu.net\/wordpress\/wp-content\/uploads\/2024\/03\/62d171e7-239c-4c16-a566-8baf6e07de99.jpg'><img loading=\"lazy\" decoding=\"async\" width=\"150\" height=\"150\" src=\"https:\/\/www.radiopiu.net\/wordpress\/wp-content\/uploads\/2024\/03\/62d171e7-239c-4c16-a566-8baf6e07de99-150x150.jpg\" class=\"attachment-thumbnail size-thumbnail\" alt=\"\" \/><\/a>\n\t\t\t\t<\/dt><\/dl><dl class='gallery-item'>\n\t\t\t\t<dt class='gallery-icon portrait'>\n\t\t\t\t\t<a class=\"rollover rollover-zoom dt-pswp-item\" title=\"msg-1001478820725-45964\" data-dt-img-description=\"\" data-large_image_width=\"640\" data-large_image_height=\"753\"href='https:\/\/www.radiopiu.net\/wordpress\/wp-content\/uploads\/2024\/03\/msg-1001478820725-45964.jpg'><img loading=\"lazy\" decoding=\"async\" width=\"150\" height=\"150\" src=\"https:\/\/www.radiopiu.net\/wordpress\/wp-content\/uploads\/2024\/03\/msg-1001478820725-45964-150x150.jpg\" class=\"attachment-thumbnail size-thumbnail\" alt=\"\" \/><\/a>\n\t\t\t\t<\/dt><\/dl><dl class='gallery-item'>\n\t\t\t\t<dt class='gallery-icon landscape'>\n\t\t\t\t\t<a class=\"rollover rollover-zoom dt-pswp-item\" title=\"ecd236dd-2efd-410b-bfa8-d9f615628d0b\" data-dt-img-description=\"\" data-large_image_width=\"720\" data-large_image_height=\"498\"href='https:\/\/www.radiopiu.net\/wordpress\/wp-content\/uploads\/2024\/03\/ecd236dd-2efd-410b-bfa8-d9f615628d0b.jpg'><img loading=\"lazy\" decoding=\"async\" width=\"150\" height=\"150\" src=\"https:\/\/www.radiopiu.net\/wordpress\/wp-content\/uploads\/2024\/03\/ecd236dd-2efd-410b-bfa8-d9f615628d0b-150x150.jpg\" class=\"attachment-thumbnail size-thumbnail\" alt=\"\" \/><\/a>\n\t\t\t\t<\/dt><\/dl><dl class='gallery-item'>\n\t\t\t\t<dt class='gallery-icon portrait'>\n\t\t\t\t\t<a class=\"rollover rollover-zoom dt-pswp-item\" title=\"e0ee8d71-3818-437d-b234-369d1fd610df\" data-dt-img-description=\"\" data-large_image_width=\"960\" data-large_image_height=\"1280\"href='https:\/\/www.radiopiu.net\/wordpress\/wp-content\/uploads\/2024\/03\/e0ee8d71-3818-437d-b234-369d1fd610df.jpg'><img loading=\"lazy\" decoding=\"async\" width=\"150\" height=\"150\" src=\"https:\/\/www.radiopiu.net\/wordpress\/wp-content\/uploads\/2024\/03\/e0ee8d71-3818-437d-b234-369d1fd610df-150x150.jpg\" class=\"attachment-thumbnail size-thumbnail\" alt=\"\" \/><\/a>\n\t\t\t\t<\/dt><\/dl><dl class='gallery-item'>\n\t\t\t\t<dt class='gallery-icon portrait'>\n\t\t\t\t\t<a class=\"rollover rollover-zoom dt-pswp-item\" title=\"e2b3a7bc-18c5-42c7-ae24-a993077b48c4\" data-dt-img-description=\"\" data-large_image_width=\"1200\" data-large_image_height=\"1600\"href='https:\/\/www.radiopiu.net\/wordpress\/wp-content\/uploads\/2024\/03\/e2b3a7bc-18c5-42c7-ae24-a993077b48c4.jpg'><img loading=\"lazy\" decoding=\"async\" width=\"150\" height=\"150\" src=\"https:\/\/www.radiopiu.net\/wordpress\/wp-content\/uploads\/2024\/03\/e2b3a7bc-18c5-42c7-ae24-a993077b48c4-150x150.jpg\" class=\"attachment-thumbnail size-thumbnail\" alt=\"\" \/><\/a>\n\t\t\t\t<\/dt><\/dl><dl class='gallery-item'>\n\t\t\t\t<dt class='gallery-icon portrait'>\n\t\t\t\t\t<a class=\"rollover rollover-zoom dt-pswp-item\" title=\"e03aa17a-c1aa-4a06-9d3a-c84f2481f5c0\" data-dt-img-description=\"\" data-large_image_width=\"960\" data-large_image_height=\"1280\"href='https:\/\/www.radiopiu.net\/wordpress\/wp-content\/uploads\/2024\/03\/e03aa17a-c1aa-4a06-9d3a-c84f2481f5c0.jpg'><img loading=\"lazy\" decoding=\"async\" width=\"150\" height=\"150\" src=\"https:\/\/www.radiopiu.net\/wordpress\/wp-content\/uploads\/2024\/03\/e03aa17a-c1aa-4a06-9d3a-c84f2481f5c0-150x150.jpg\" class=\"attachment-thumbnail size-thumbnail\" alt=\"\" \/><\/a>\n\t\t\t\t<\/dt><\/dl><br style=\"clear: both\" \/><dl class='gallery-item'>\n\t\t\t\t<dt class='gallery-icon portrait'>\n\t\t\t\t\t<a class=\"rollover rollover-zoom dt-pswp-item\" title=\"e2219dbc-4f45-4855-8058-d8195716f198\" data-dt-img-description=\"\" data-large_image_width=\"960\" data-large_image_height=\"1280\"href='https:\/\/www.radiopiu.net\/wordpress\/wp-content\/uploads\/2024\/03\/e2219dbc-4f45-4855-8058-d8195716f198.jpg'><img loading=\"lazy\" decoding=\"async\" width=\"150\" height=\"150\" src=\"https:\/\/www.radiopiu.net\/wordpress\/wp-content\/uploads\/2024\/03\/e2219dbc-4f45-4855-8058-d8195716f198-150x150.jpg\" class=\"attachment-thumbnail size-thumbnail\" alt=\"\" \/><\/a>\n\t\t\t\t<\/dt><\/dl><dl class='gallery-item'>\n\t\t\t\t<dt class='gallery-icon portrait'>\n\t\t\t\t\t<a class=\"rollover rollover-zoom dt-pswp-item\" title=\"fbb075de-9f3f-485a-91b4-4a6024247e5f\" data-dt-img-description=\"\" data-large_image_width=\"622\" data-large_image_height=\"1280\"href='https:\/\/www.radiopiu.net\/wordpress\/wp-content\/uploads\/2024\/03\/fbb075de-9f3f-485a-91b4-4a6024247e5f.jpg'><img loading=\"lazy\" decoding=\"async\" width=\"150\" height=\"150\" src=\"https:\/\/www.radiopiu.net\/wordpress\/wp-content\/uploads\/2024\/03\/fbb075de-9f3f-485a-91b4-4a6024247e5f-150x150.jpg\" class=\"attachment-thumbnail size-thumbnail\" alt=\"\" \/><\/a>\n\t\t\t\t<\/dt><\/dl><dl class='gallery-item'>\n\t\t\t\t<dt class='gallery-icon landscape'>\n\t\t\t\t\t<a class=\"rollover rollover-zoom dt-pswp-item\" title=\"1c75ca73-a7c3-4829-8fea-fa8df89e66b1\" data-dt-img-description=\"\" data-large_image_width=\"1079\" data-large_image_height=\"604\"href='https:\/\/www.radiopiu.net\/wordpress\/wp-content\/uploads\/2024\/03\/1c75ca73-a7c3-4829-8fea-fa8df89e66b1.jpg'><img loading=\"lazy\" decoding=\"async\" width=\"150\" height=\"150\" src=\"https:\/\/www.radiopiu.net\/wordpress\/wp-content\/uploads\/2024\/03\/1c75ca73-a7c3-4829-8fea-fa8df89e66b1-150x150.jpg\" class=\"attachment-thumbnail size-thumbnail\" alt=\"\" \/><\/a>\n\t\t\t\t<\/dt><\/dl><dl class='gallery-item'>\n\t\t\t\t<dt class='gallery-icon portrait'>\n\t\t\t\t\t<a class=\"rollover rollover-zoom dt-pswp-item\" title=\"7b71b193-1b12-4809-bc8e-87b6c461423a\" data-dt-img-description=\"\" data-large_image_width=\"960\" data-large_image_height=\"1280\"href='https:\/\/www.radiopiu.net\/wordpress\/wp-content\/uploads\/2024\/03\/7b71b193-1b12-4809-bc8e-87b6c461423a.jpg'><img loading=\"lazy\" decoding=\"async\" width=\"150\" height=\"150\" src=\"https:\/\/www.radiopiu.net\/wordpress\/wp-content\/uploads\/2024\/03\/7b71b193-1b12-4809-bc8e-87b6c461423a-150x150.jpg\" class=\"attachment-thumbnail size-thumbnail\" alt=\"\" \/><\/a>\n\t\t\t\t<\/dt><\/dl><dl class='gallery-item'>\n\t\t\t\t<dt class='gallery-icon landscape'>\n\t\t\t\t\t<a class=\"rollover rollover-zoom dt-pswp-item\" title=\"61b77a72-d5de-4bb2-97ff-dd1b142efd60\" data-dt-img-description=\"\" data-large_image_width=\"1280\" data-large_image_height=\"463\"href='https:\/\/www.radiopiu.net\/wordpress\/wp-content\/uploads\/2024\/03\/61b77a72-d5de-4bb2-97ff-dd1b142efd60.jpg'><img loading=\"lazy\" decoding=\"async\" width=\"150\" height=\"150\" src=\"https:\/\/www.radiopiu.net\/wordpress\/wp-content\/uploads\/2024\/03\/61b77a72-d5de-4bb2-97ff-dd1b142efd60-150x150.jpg\" class=\"attachment-thumbnail size-thumbnail\" alt=\"\" \/><\/a>\n\t\t\t\t<\/dt><\/dl><dl class='gallery-item'>\n\t\t\t\t<dt class='gallery-icon portrait'>\n\t\t\t\t\t<a class=\"rollover rollover-zoom dt-pswp-item\" title=\"88c698d5-a2eb-4114-93d2-caaaab803791\" data-dt-img-description=\"\" data-large_image_width=\"960\" data-large_image_height=\"1280\"href='https:\/\/www.radiopiu.net\/wordpress\/wp-content\/uploads\/2024\/03\/88c698d5-a2eb-4114-93d2-caaaab803791.jpg'><img loading=\"lazy\" decoding=\"async\" width=\"150\" height=\"150\" src=\"https:\/\/www.radiopiu.net\/wordpress\/wp-content\/uploads\/2024\/03\/88c698d5-a2eb-4114-93d2-caaaab803791-150x150.jpg\" class=\"attachment-thumbnail size-thumbnail\" alt=\"\" \/><\/a>\n\t\t\t\t<\/dt><\/dl><br style=\"clear: both\" \/><dl class='gallery-item'>\n\t\t\t\t<dt class='gallery-icon portrait'>\n\t\t\t\t\t<a class=\"rollover rollover-zoom dt-pswp-item\" title=\"7334a63a-2d90-4ce2-bc9c-dff720e5f201\" data-dt-img-description=\"\" data-large_image_width=\"960\" data-large_image_height=\"1280\"href='https:\/\/www.radiopiu.net\/wordpress\/wp-content\/uploads\/2024\/03\/7334a63a-2d90-4ce2-bc9c-dff720e5f201.jpg'><img loading=\"lazy\" decoding=\"async\" width=\"150\" height=\"150\" src=\"https:\/\/www.radiopiu.net\/wordpress\/wp-content\/uploads\/2024\/03\/7334a63a-2d90-4ce2-bc9c-dff720e5f201-150x150.jpg\" class=\"attachment-thumbnail size-thumbnail\" alt=\"\" \/><\/a>\n\t\t\t\t<\/dt><\/dl><dl class='gallery-item'>\n\t\t\t\t<dt class='gallery-icon landscape'>\n\t\t\t\t\t<a class=\"rollover rollover-zoom dt-pswp-item\" title=\"8382f46f-66a4-4bc6-8d1f-ce1f4ccc1cd8\" data-dt-img-description=\"\" data-large_image_width=\"1280\" data-large_image_height=\"720\"href='https:\/\/www.radiopiu.net\/wordpress\/wp-content\/uploads\/2024\/03\/8382f46f-66a4-4bc6-8d1f-ce1f4ccc1cd8.jpg'><img loading=\"lazy\" decoding=\"async\" width=\"150\" height=\"150\" src=\"https:\/\/www.radiopiu.net\/wordpress\/wp-content\/uploads\/2024\/03\/8382f46f-66a4-4bc6-8d1f-ce1f4ccc1cd8-150x150.jpg\" class=\"attachment-thumbnail size-thumbnail\" alt=\"\" \/><\/a>\n\t\t\t\t<\/dt><\/dl><dl class='gallery-item'>\n\t\t\t\t<dt class='gallery-icon portrait'>\n\t\t\t\t\t<a class=\"rollover rollover-zoom dt-pswp-item\" title=\"43735995-d2a4-479e-b0cb-783d4637b9f2\" data-dt-img-description=\"\" data-large_image_width=\"720\" data-large_image_height=\"1280\"href='https:\/\/www.radiopiu.net\/wordpress\/wp-content\/uploads\/2024\/03\/43735995-d2a4-479e-b0cb-783d4637b9f2.jpg'><img loading=\"lazy\" decoding=\"async\" width=\"150\" height=\"150\" src=\"https:\/\/www.radiopiu.net\/wordpress\/wp-content\/uploads\/2024\/03\/43735995-d2a4-479e-b0cb-783d4637b9f2-150x150.jpg\" class=\"attachment-thumbnail size-thumbnail\" alt=\"\" \/><\/a>\n\t\t\t\t<\/dt><\/dl><dl class='gallery-item'>\n\t\t\t\t<dt class='gallery-icon portrait'>\n\t\t\t\t\t<a class=\"rollover rollover-zoom dt-pswp-item\" title=\"a4ef66c0-35ec-47db-898e-180f59597280\" data-dt-img-description=\"\" data-large_image_width=\"1132\" data-large_image_height=\"1280\"href='https:\/\/www.radiopiu.net\/wordpress\/wp-content\/uploads\/2024\/03\/a4ef66c0-35ec-47db-898e-180f59597280.jpg'><img loading=\"lazy\" decoding=\"async\" width=\"150\" height=\"150\" src=\"https:\/\/www.radiopiu.net\/wordpress\/wp-content\/uploads\/2024\/03\/a4ef66c0-35ec-47db-898e-180f59597280-150x150.jpg\" class=\"attachment-thumbnail size-thumbnail\" alt=\"\" \/><\/a>\n\t\t\t\t<\/dt><\/dl><dl class='gallery-item'>\n\t\t\t\t<dt class='gallery-icon landscape'>\n\t\t\t\t\t<a class=\"rollover rollover-zoom dt-pswp-item\" title=\"dcc4cb7e-64f4-469a-96f6-b94e38a62d36\" data-dt-img-description=\"\" data-large_image_width=\"1280\" data-large_image_height=\"720\"href='https:\/\/www.radiopiu.net\/wordpress\/wp-content\/uploads\/2024\/03\/dcc4cb7e-64f4-469a-96f6-b94e38a62d36.jpg'><img loading=\"lazy\" decoding=\"async\" width=\"150\" height=\"150\" src=\"https:\/\/www.radiopiu.net\/wordpress\/wp-content\/uploads\/2024\/03\/dcc4cb7e-64f4-469a-96f6-b94e38a62d36-150x150.jpg\" class=\"attachment-thumbnail size-thumbnail\" alt=\"\" aria-describedby=\"gallery-4-378516\" \/><\/a>\n\t\t\t\t<\/dt>\n\t\t\t\t\t<dd class='wp-caption-text gallery-caption' id='gallery-4-378516'>\n\t\t\t\t\tCORTINA TRE CROCI\n\t\t\t\t\t<\/dd><\/dl>\n\t\t\t\t<br style='clear: both' \/>\n\t\t\t<\/div>\n\n<p>&nbsp;<\/p>\n<hr \/>\n<p>&nbsp;<\/p>\n<blockquote>\n<h2>Addio a Silvia Bisconti, Icona della Moda<\/h2>\n<\/blockquote>\n<p><img decoding=\"async\" class=\"alignleft\" src=\"https:\/\/www.radiopiu.net\/wordpress\/wp-content\/uploads\/2024\/03\/Senza-nome-41.png\" \/><strong>BELLUNO<\/strong> Silvia Bisconti, nota stilista italiana, ci ha lasciato ieri mattina all&#8217;et\u00e0 di 61 anni dopo una lunga battaglia contro la malattia. Originaria di Milano ma da molti anni radicata nel cuore di Belluno, Silvia era una figura di spicco nel mondo della moda, ammirata per la sua capacit\u00e0 di rompere gli stereotipi e celebrare l&#8217;unicit\u00e0 di ogni donna con colori e linee originali. Fashion designer di grande talento, costumista teatrale e direttrice creativa di Maliparmi per 13 anni, Silvia ha poi fondato il suo marchio, Raptus&amp;Rose, che ha sede proprio a Belluno lungo le rive del Piave a Lambioi, dove ha creato modelli unici e su misura. La sua passione per la moda non si limitava alle passerelle, ma si estendeva anche alla solidariet\u00e0: ha avuto il coraggio di portare le malate oncologiche in passerella nel Defil\u00e9 della Rinascita, dimostrando il suo impegno per l&#8217;empowerment femminile e la diversit\u00e0. La notizia della sua scomparsa \u00e8 stata annunciata dal suo team su Instagram, lasciando un vuoto nel mondo della moda e dell&#8217;arte. La sua eredit\u00e0 creativa e il suo spirito pionieristico continueranno a ispirare e influenzare generazioni future. Silvia Bisconti sar\u00e0 per sempre ricordata come un&#8217;icona della moda italiana e un&#8217;artista straordinari<\/p>\n<p>&nbsp;<\/p>\n<hr \/>\n<div><\/div>\n<p>&nbsp;<\/p>\n<hr \/>\n<p>&nbsp;<\/p>\n<blockquote>\n<h3>DON LORENZO DELL\u2019ANDREA, PADRE E FARO DEL CTG<\/h3>\n<\/blockquote>\n<p><strong><a class=\"dt-pswp-item\" href=\"https:\/\/www.radiopiu.net\/wordpress\/wp-content\/uploads\/2024\/03\/don-lorenzo-con-grp-CTG-Pelmo-lug-1961.jpg\" data-dt-img-description=\"\" data-large_image_width=\"1204\" data-large_image_height=\"852\"><img loading=\"lazy\" decoding=\"async\" class=\" wp-image-378549 alignleft\" src=\"https:\/\/www.radiopiu.net\/wordpress\/wp-content\/uploads\/2024\/03\/don-lorenzo-con-grp-CTG-Pelmo-lug-1961-300x212.jpg\" alt=\"\" width=\"173\" height=\"122\" srcset=\"https:\/\/www.radiopiu.net\/wordpress\/wp-content\/uploads\/2024\/03\/don-lorenzo-con-grp-CTG-Pelmo-lug-1961-300x212.jpg 300w, https:\/\/www.radiopiu.net\/wordpress\/wp-content\/uploads\/2024\/03\/don-lorenzo-con-grp-CTG-Pelmo-lug-1961-1024x725.jpg 1024w, https:\/\/www.radiopiu.net\/wordpress\/wp-content\/uploads\/2024\/03\/don-lorenzo-con-grp-CTG-Pelmo-lug-1961-768x543.jpg 768w, https:\/\/www.radiopiu.net\/wordpress\/wp-content\/uploads\/2024\/03\/don-lorenzo-con-grp-CTG-Pelmo-lug-1961.jpg 1204w\" sizes=\"auto, (max-width: 173px) 100vw, 173px\" \/><\/a>BELLUNO\u00a0<\/strong>Il CTG di Belluno piange don Lorenzo Dell&#8217;Andrea, legato all&#8217;associazione per 65 anni. Nel 1959, come giovane docente, propose l&#8217;idea di creare il CTG, dedicato a turismo, cultura, ambiente e tempo libero. Diciotto studenti aderirono, avviando la lunga storia dell&#8217;associazione. Sotto la guida di don Lorenzo, il CTG cresce come struttura organizzata, con una passione per la montagna. Con presidenti come Dodo Crespan e Anacleto Boranga, l&#8217;associazione si espanse in Val Belluna e oltre, coinvolgendo migliaia di persone. Le attivit\u00e0 turistiche fecero scoprire il mondo e l&#8217;Italia ai bellunesi. L&#8217;eredit\u00e0 di don Lorenzo \u00e8 un patrimonio per i &#8220;citigini&#8221; e i cittadini bellunesi.<\/p>\n<p>&nbsp;<\/p>\n<h2><span style=\"color: #ff0000;\">il ricordo di gianni e loris<\/span><\/h2>\n<h2><span style=\"color: #00ccff;\">LA RASSEGNA STAMPA DA L&#8217;AMICO DEL POPOLO<\/span><\/h2>\n<p><strong><a class=\"dt-pswp-item\" href=\"https:\/\/www.radiopiu.net\/wordpress\/wp-content\/uploads\/2022\/12\/loris-santomaso.jpg\" data-dt-img-description=\"\" data-large_image_width=\"720\" data-large_image_height=\"806\"><img loading=\"lazy\" decoding=\"async\" class=\" wp-image-310786 alignleft\" src=\"https:\/\/www.radiopiu.net\/wordpress\/wp-content\/uploads\/2022\/12\/loris-santomaso-268x300.jpg\" alt=\"\" width=\"139\" height=\"156\" srcset=\"https:\/\/www.radiopiu.net\/wordpress\/wp-content\/uploads\/2022\/12\/loris-santomaso-268x300.jpg 268w, https:\/\/www.radiopiu.net\/wordpress\/wp-content\/uploads\/2022\/12\/loris-santomaso.jpg 720w\" sizes=\"auto, (max-width: 139px) 100vw, 139px\" \/><\/a>DI GIANNI SANTOMASO<\/strong><\/p>\n<p>OSPITE: Loris Santomaso<\/p>\n<audio class=\"wp-audio-shortcode\" id=\"audio-378332-5\" preload=\"none\" style=\"width: 100%;\" controls=\"controls\"><source type=\"audio\/mpeg\" src=\"https:\/\/www.radiopiu.net\/wordpress\/wp-content\/uploads\/2024\/03\/RASSEGNA-GIANNI-3.mp3?_=5\" \/><a href=\"https:\/\/www.radiopiu.net\/wordpress\/wp-content\/uploads\/2024\/03\/RASSEGNA-GIANNI-3.mp3\">https:\/\/www.radiopiu.net\/wordpress\/wp-content\/uploads\/2024\/03\/RASSEGNA-GIANNI-3.mp3<\/a><\/audio>\n<p>&nbsp;<\/p>\n<p>&nbsp;<\/p>\n<p>&nbsp;<\/p>\n<hr \/>\n<p>&nbsp;<\/p>\n<p>&nbsp;<\/p>\n<blockquote>\n<h2>Incidente in galleria sull&#8217;A27<\/h2>\n<\/blockquote>\n<div id=\"articleContent\" class=\"mercuryWrapper\">\n<div class=\"mercuryScroller\">\n<div class=\"mercuryElement\">\n<div class=\"mercuryBox\">\n<div id=\"articlePlain\">\n<div class=\"articlePlainText\"><strong>BELLUNO<\/strong>\u00a0 Coinvolto un veicolo, non risultano persone ferite. L&#8217;incidente si \u00e8 verificato poco dopo le 17 nella seconda galleria che si affronta viaggiando in direzione sud, fra la barriera di Belluno e Faldalto-Lago di Santa Croce. Sul posto i vigili del fuoco di Belluno e Vittorio Veneto, i volontari di Alpago<\/div>\n<\/div>\n<\/div>\n<\/div>\n<\/div>\n<\/div>\n<div id=\"articlePrev\"><\/div>\n<div><\/div>\n<div><\/div>\n<div>\n<hr \/>\n<\/div>\n<div>\n<div class=\"flex-1 overflow-hidden\">\n<div class=\"react-scroll-to-bottom--css-bomsi-79elbk h-full\">\n<div class=\"react-scroll-to-bottom--css-bomsi-1n7m0yu\">\n<div class=\"flex flex-col text-sm pb-9\">\n<div class=\"w-full text-token-text-primary\" data-testid=\"conversation-turn-31\">\n<div class=\"px-4 py-2 justify-center text-base md:gap-6 m-auto\">\n<div class=\"flex flex-1 text-base mx-auto gap-3 md:px-5 lg:px-1 xl:px-5 md:max-w-3xl lg:max-w-[40rem] xl:max-w-[48rem] group final-completion\">\n<div class=\"relative flex w-full flex-col agent-turn\">\n<div class=\"flex-col gap-1 md:gap-3\">\n<div class=\"flex flex-grow flex-col max-w-full\">\n<div class=\"min-h-[20px] text-message flex flex-col items-start gap-3 whitespace-pre-wrap break-words [.text-message+&amp;]:mt-5 overflow-x-auto\" data-message-author-role=\"assistant\" data-message-id=\"6febf9c3-5abf-4ccf-9b94-931d2ce9f7da\">\n<div class=\"markdown prose w-full break-words dark:prose-invert dark\">\n<blockquote>\n<h3><\/h3>\n<h3>&#8220;Prognosi riservata per giovane lavoratrice Luxottica investita: ottimismo e speranza nell&#8217;evolversi della situazione&#8221;<\/h3>\n<\/blockquote>\n<h3><span style=\"font-size: 14px; font-weight: normal;\"><strong>FELTRE<\/strong> La ragazza,\u00a0 lavoratrice della Luxottica investita venerd\u00ec sera in via Bagnols\u00a0 rimane in prognosi riservata, ma c&#8217;\u00e8 ottimismo tra familiari, amici e colleghi. La ragazza, 24 anni, stava attraversando sulle strisce pedonali con il fratello quando \u00e8 stata investita da una Peugeot 206. Gli agenti della polizia stradale di Feltre stanno indagando sull&#8217;incidente. La ragazza \u00e8 stata trasferita al Ca&#8217; Foncello, dove \u00e8 stata operata per un versamento di sangue al bacino. Nonostante la gravit\u00e0 delle lesioni, i medici sono ottimisti e potrebbero ridurre la sedazione oggi.\u00a0<\/span><\/h3>\n<\/div>\n<\/div>\n<\/div>\n<\/div>\n<\/div>\n<\/div>\n<\/div>\n<\/div>\n<\/div>\n<\/div>\n<\/div>\n<\/div>\n<\/div>\n<div><\/div>\n<p>&nbsp;<\/p>\n<hr \/>\n<p>&nbsp;<\/p>\n<blockquote>\n<h3>LIONS CLUB BELLUNO E ULSS 1 DOLOMITI INSIEME PER L&#8217;AFFIDO FAMIGLIARE<\/h3>\n<\/blockquote>\n<p><strong>BELLUNO<\/strong> Il Lions Club Belluno collabora attivamente con il Centro per l&#8217;Affido e la Solidariet\u00e0 Familiare dell&#8217;AULSS 1 Dolomiti, focalizzandosi sul Distretto di Belluno. Recentemente, \u00e8 stato presentato il libro &#8220;Figlia del cuore&#8221; di Rita Charbonnier con una lettura animata da Michele Firpo e il coinvolgimento di membri del Centro per l&#8217;Affido di Belluno. La presidente del Lions Club, Mariateresa Busatta, ha sottolineato l&#8217;impegno del club nel sostenere l&#8217;affido familiare. Prossimamente, verr\u00e0 pubblicata una guida sul tema, comprendente aspetti giuridici e testimonianze. Il Centro per l&#8217;Affido di Belluno ha anche annunciato un corso di formazione sull&#8217;affido familiare dal 14 al 21 marzo presso il Consultorio Familiare di Feltre.<\/p>\n\n\t\t\t<style type='text\/css'>\n\t\t\t\t#gallery-5 {\n\t\t\t\t\tmargin: auto;\n\t\t\t\t}\n\t\t\t\t#gallery-5 .gallery-item {\n\t\t\t\t\tfloat: left;\n\t\t\t\t\tmargin-top: 10px;\n\t\t\t\t\ttext-align: center;\n\t\t\t\t\twidth: 33%;\n\t\t\t\t}\n\t\t\t\t#gallery-5 img {\n\t\t\t\t\tborder: 2px solid #cfcfcf;\n\t\t\t\t}\n\t\t\t\t#gallery-5 .gallery-caption {\n\t\t\t\t\tmargin-left: 0;\n\t\t\t\t}\n\t\t\t\t\/* see gallery_shortcode() in wp-includes\/media.php *\/\n\t\t\t<\/style>\n\t\t<div id='gallery-5' class='dt-gallery-container gallery galleryid-378332 gallery-columns-3 gallery-size-thumbnail'><dl class='gallery-item'>\n\t\t\t\t<dt class='gallery-icon landscape'>\n\t\t\t\t\t<a class=\"rollover rollover-zoom dt-pswp-item\" title=\"Intervento Pres. Busatta\" data-dt-img-description=\"\" data-large_image_width=\"1920\" data-large_image_height=\"1080\"href='https:\/\/www.radiopiu.net\/wordpress\/wp-content\/uploads\/2024\/03\/Intervento-Pres.-Busatta.jpg'><img loading=\"lazy\" decoding=\"async\" width=\"150\" height=\"150\" src=\"https:\/\/www.radiopiu.net\/wordpress\/wp-content\/uploads\/2024\/03\/Intervento-Pres.-Busatta-150x150.jpg\" class=\"attachment-thumbnail size-thumbnail\" alt=\"\" \/><\/a>\n\t\t\t\t<\/dt><\/dl><dl class='gallery-item'>\n\t\t\t\t<dt class='gallery-icon landscape'>\n\t\t\t\t\t<a class=\"rollover rollover-zoom dt-pswp-item\" title=\"Lettura brani\" data-dt-img-description=\"\" data-large_image_width=\"2560\" data-large_image_height=\"2560\"href='https:\/\/www.radiopiu.net\/wordpress\/wp-content\/uploads\/2024\/03\/Lettura-brani-scaled.jpg'><img loading=\"lazy\" decoding=\"async\" width=\"150\" height=\"150\" src=\"https:\/\/www.radiopiu.net\/wordpress\/wp-content\/uploads\/2024\/03\/Lettura-brani-150x150.jpg\" class=\"attachment-thumbnail size-thumbnail\" alt=\"\" srcset=\"https:\/\/www.radiopiu.net\/wordpress\/wp-content\/uploads\/2024\/03\/Lettura-brani-150x150.jpg 150w, https:\/\/www.radiopiu.net\/wordpress\/wp-content\/uploads\/2024\/03\/Lettura-brani-300x300.jpg 300w, https:\/\/www.radiopiu.net\/wordpress\/wp-content\/uploads\/2024\/03\/Lettura-brani-1024x1024.jpg 1024w, https:\/\/www.radiopiu.net\/wordpress\/wp-content\/uploads\/2024\/03\/Lettura-brani-768x768.jpg 768w, https:\/\/www.radiopiu.net\/wordpress\/wp-content\/uploads\/2024\/03\/Lettura-brani-1536x1536.jpg 1536w, https:\/\/www.radiopiu.net\/wordpress\/wp-content\/uploads\/2024\/03\/Lettura-brani-2048x2048.jpg 2048w\" sizes=\"auto, (max-width: 150px) 100vw, 150px\" \/><\/a>\n\t\t\t\t<\/dt><\/dl><dl class='gallery-item'>\n\t\t\t\t<dt class='gallery-icon landscape'>\n\t\t\t\t\t<a class=\"rollover rollover-zoom dt-pswp-item\" title=\"Affido\" data-dt-img-description=\"\" data-large_image_width=\"2560\" data-large_image_height=\"2560\"href='https:\/\/www.radiopiu.net\/wordpress\/wp-content\/uploads\/2024\/03\/Affido-scaled.jpg'><img loading=\"lazy\" decoding=\"async\" width=\"150\" height=\"150\" src=\"https:\/\/www.radiopiu.net\/wordpress\/wp-content\/uploads\/2024\/03\/Affido-150x150.jpg\" class=\"attachment-thumbnail size-thumbnail\" alt=\"\" srcset=\"https:\/\/www.radiopiu.net\/wordpress\/wp-content\/uploads\/2024\/03\/Affido-150x150.jpg 150w, https:\/\/www.radiopiu.net\/wordpress\/wp-content\/uploads\/2024\/03\/Affido-300x300.jpg 300w, https:\/\/www.radiopiu.net\/wordpress\/wp-content\/uploads\/2024\/03\/Affido-1024x1024.jpg 1024w, https:\/\/www.radiopiu.net\/wordpress\/wp-content\/uploads\/2024\/03\/Affido-768x768.jpg 768w, https:\/\/www.radiopiu.net\/wordpress\/wp-content\/uploads\/2024\/03\/Affido-1536x1536.jpg 1536w, https:\/\/www.radiopiu.net\/wordpress\/wp-content\/uploads\/2024\/03\/Affido-2048x2048.jpg 2048w\" sizes=\"auto, (max-width: 150px) 100vw, 150px\" \/><\/a>\n\t\t\t\t<\/dt><\/dl><br style=\"clear: both\" \/>\n\t\t\t<\/div>\n\n<p>&nbsp;<\/p>\n<hr \/>\n<p>&nbsp;<\/p>\n<blockquote>\n<h3>LUCA ZANOL IL NUOVO PRESIDENTE DELLA PRO LOCO DI CHIES D&#8217;ALPAGO<\/h3>\n<\/blockquote>\n<p><strong><a class=\"dt-pswp-item\" href=\"https:\/\/www.radiopiu.net\/wordpress\/wp-content\/uploads\/2024\/03\/IMG-20240308-WA0001.jpg\" data-dt-img-description=\"\" data-large_image_width=\"1600\" data-large_image_height=\"1200\"><img loading=\"lazy\" decoding=\"async\" class=\" wp-image-378356 alignleft\" src=\"https:\/\/www.radiopiu.net\/wordpress\/wp-content\/uploads\/2024\/03\/IMG-20240308-WA0001-300x225.jpg\" alt=\"\" width=\"171\" height=\"128\" srcset=\"https:\/\/www.radiopiu.net\/wordpress\/wp-content\/uploads\/2024\/03\/IMG-20240308-WA0001-300x225.jpg 300w, https:\/\/www.radiopiu.net\/wordpress\/wp-content\/uploads\/2024\/03\/IMG-20240308-WA0001-1024x768.jpg 1024w, https:\/\/www.radiopiu.net\/wordpress\/wp-content\/uploads\/2024\/03\/IMG-20240308-WA0001-768x576.jpg 768w, https:\/\/www.radiopiu.net\/wordpress\/wp-content\/uploads\/2024\/03\/IMG-20240308-WA0001-1536x1152.jpg 1536w, https:\/\/www.radiopiu.net\/wordpress\/wp-content\/uploads\/2024\/03\/IMG-20240308-WA0001.jpg 1600w\" sizes=\"auto, (max-width: 171px) 100vw, 171px\" \/><\/a>CHIES D&#8217;ALPAGO<\/strong> Recentemente, la Pro Loco di Chies d\u2019Alpago ha eletto il nuovo direttivo con la presenza del Presidente dell\u2019Unpli bellunese, sindaco e amministrazione comunale. La presidente uscente, Marika Pedol, ha passato il testimone a Luca Zanon. Nonostante le sfide della pandemia, l&#8217;associazione ha svolto un ruolo burocratico cruciale. Davide Praloran ha ringraziato per il passaggio a APS e l&#8217;iscrizione al Runts tramite l&#8217;UNPLI. La Pro Loco \u00e8 ora un mix di giovani e volontari over 60, contribuendo a valorizzare il territorio con iniziative come il Museo di Storia Naturale di Chies d\u2019Alpago. L&#8217;assemblea ha concluso con ringraziamenti ai volontari e all&#8217;impegno continuativo.<\/p>\n<p>&nbsp;<\/p>\n<p>&nbsp;<\/p>\n<hr \/>\n<p>&nbsp;<\/p>\n<blockquote>\n<h2><strong><a class=\"dt-pswp-item\" href=\"https:\/\/www.radiopiu.net\/wordpress\/wp-content\/uploads\/2024\/03\/11-marzo-incontro-Confartigianato-Belluno.png\" data-dt-img-description=\"\" data-large_image_width=\"602\" data-large_image_height=\"395\"><img loading=\"lazy\" decoding=\"async\" class=\"wp-image-378194 alignleft\" src=\"https:\/\/www.radiopiu.net\/wordpress\/wp-content\/uploads\/2024\/03\/11-marzo-incontro-Confartigianato-Belluno-300x197.png\" alt=\"\" width=\"183\" height=\"120\" srcset=\"https:\/\/www.radiopiu.net\/wordpress\/wp-content\/uploads\/2024\/03\/11-marzo-incontro-Confartigianato-Belluno-300x197.png 300w, https:\/\/www.radiopiu.net\/wordpress\/wp-content\/uploads\/2024\/03\/11-marzo-incontro-Confartigianato-Belluno.png 602w\" sizes=\"auto, (max-width: 183px) 100vw, 183px\" \/><\/a>Incontro: &#8220;Operatori del Benessere contro la violenza&#8221;<\/strong><\/h2>\n<\/blockquote>\n<p><strong>BELLUNO<\/strong> Confartigianato, ULSS 1 Dolomiti e Questura di Belluno, organizza un incontro sulla violenza domestica e di genere. L&#8217;evento, intitolato &#8220;Operatori del Benessere sentinelle contro la violenza&#8221;, si terr\u00e0 oggi alle ore 17:30 presso la sede di Confartigianato Imprese Belluno in Piazzale Resistenza. L&#8217;iniziativa si propone di informare i professionisti della bellezza sulla rete di supporto attiva nell&#8217;ULSS 1 per le vittime di abusi, con la partecipazione della Dr.ssa Erika Leone, Medico Legale presso AULSS 1 Dolomiti.<\/p>\n<p>&nbsp;<\/p>\n<p>&nbsp;<\/p>\n<hr \/>\n<p>&nbsp;<\/p>\n<h2><span style=\"color: #000000;\">TAIBON ADOTTA LA VARIANTE PER LA ROTATORIA A STRAPONT, INTERSEZIONE CON LA REGIONALE 203 AGORDINA<\/span><\/h2>\n<p><strong><a class=\"dt-pswp-item\" href=\"https:\/\/www.radiopiu.net\/wordpress\/wp-content\/uploads\/2020\/05\/TAIBON-DRONE-scaled.jpg\" data-dt-img-description=\"DCIM100MEDIADJI_0046.JPG\" data-large_image_width=\"2560\" data-large_image_height=\"1440\"><img loading=\"lazy\" decoding=\"async\" class=\"size-medium wp-image-136470 alignleft\" src=\"https:\/\/www.radiopiu.net\/wordpress\/wp-content\/uploads\/2020\/05\/TAIBON-DRONE-300x169.jpg\" alt=\"\" width=\"300\" height=\"169\" srcset=\"https:\/\/www.radiopiu.net\/wordpress\/wp-content\/uploads\/2020\/05\/TAIBON-DRONE-300x169.jpg 300w, https:\/\/www.radiopiu.net\/wordpress\/wp-content\/uploads\/2020\/05\/TAIBON-DRONE-1024x576.jpg 1024w, https:\/\/www.radiopiu.net\/wordpress\/wp-content\/uploads\/2020\/05\/TAIBON-DRONE-768x432.jpg 768w, https:\/\/www.radiopiu.net\/wordpress\/wp-content\/uploads\/2020\/05\/TAIBON-DRONE-1536x864.jpg 1536w, https:\/\/www.radiopiu.net\/wordpress\/wp-content\/uploads\/2020\/05\/TAIBON-DRONE-2048x1152.jpg 2048w\" sizes=\"auto, (max-width: 300px) 100vw, 300px\" \/><\/a><\/strong><\/p>\n<div class=\"flex-1 overflow-hidden\">\n<div class=\"react-scroll-to-bottom--css-mykiq-79elbk h-full\">\n<div class=\"react-scroll-to-bottom--css-mykiq-1n7m0yu\">\n<div class=\"flex flex-col text-sm pb-9\">\n<div class=\"w-full text-token-text-primary\" data-testid=\"conversation-turn-27\">\n<div class=\"px-4 py-2 justify-center text-base md:gap-6 m-auto\">\n<div class=\"flex flex-1 text-base mx-auto gap-3 md:px-5 lg:px-1 xl:px-5 md:max-w-3xl lg:max-w-[40rem] xl:max-w-[48rem] group final-completion\">\n<div class=\"relative flex w-full flex-col agent-turn\">\n<div class=\"flex-col gap-1 md:gap-3\">\n<div class=\"flex flex-grow flex-col max-w-full\">\n<div class=\"min-h-[20px] text-message flex flex-col items-start gap-3 whitespace-pre-wrap break-words [.text-message+&amp;]:mt-5 overflow-x-auto\" data-message-author-role=\"assistant\" data-message-id=\"c8e33371-25f5-411a-8299-b4d0f3a33dc7\">\n<div class=\"markdown prose w-full break-words dark:prose-invert dark\">\n<p><strong>Consiglio Comunale a Taibon: Bilancio e Progetti in Discussione<\/strong><\/p>\n<p>Il sindaco Silvia Tormen ha convocato il Consiglio Comunale per mercoled\u00ec alle 19 presso la sede municipale di Taibon. Tra i punti all&#8217;ordine del giorno, spiccano la discussione sul bilancio di previsione e variazioni al bilancio comunale. In particolare, verr\u00e0 affrontata la questione della riduzione del verde privato vincolato su terreni situati in localit\u00e0 Peden, insieme alla riduzione del verde su terreni in localit\u00e0 al Forte. Un altro argomento di interesse sar\u00e0 il miglioramento della rotatoria di via Strapont, con un intervento previsto utilizzando i fondi di confine del 2019. Si prevede una discussione approfondita su questi temi cruciali per lo sviluppo e il benessere della comunit\u00e0 locale.<\/p>\n<\/div>\n<\/div>\n<\/div>\n<div class=\"mt-1 flex justify-start gap-3 empty:hidden\">\n<div class=\"flex items-center gap-1.5 text-xs\"><\/div>\n<\/div>\n<\/div>\n<\/div>\n<\/div>\n<\/div>\n<\/div>\n<\/div>\n<\/div>\n<\/div>\n<\/div>\n<p>&nbsp;<\/p>\n<h2><span style=\"color: #ff0000;\"><a class=\"dt-pswp-item\" href=\"https:\/\/www.radiopiu.net\/wordpress\/wp-content\/uploads\/2024\/03\/agordo.png\" data-dt-img-description=\"\" data-large_image_width=\"615\" data-large_image_height=\"379\"><img loading=\"lazy\" decoding=\"async\" class=\"wp-image-378175 alignleft\" src=\"https:\/\/www.radiopiu.net\/wordpress\/wp-content\/uploads\/2024\/03\/agordo-300x185.png\" alt=\"\" width=\"219\" height=\"135\" srcset=\"https:\/\/www.radiopiu.net\/wordpress\/wp-content\/uploads\/2024\/03\/agordo-300x185.png 300w, https:\/\/www.radiopiu.net\/wordpress\/wp-content\/uploads\/2024\/03\/agordo.png 615w\" sizes=\"auto, (max-width: 219px) 100vw, 219px\" \/><\/a>CONSIGLIO COMUNALE IN DIRETTA SUI CANALI SOCIAL DI RADIOPIU&#8217;, FACEBOOK E TELEGRAM.<\/span><\/h2>\n<p>Il sindaco Roberto Chissal\u00e8 ha convocato il Consiglio Comunale per luned\u00ec alle 19 presso la sede municipale di Agordo. Quattro sono i punti all&#8217;ordine del giorno. Si discuter\u00e0 innanzitutto del bilancio preventivo di ASCA, seguito da una variazione al Documento Unico di Programmazione (DUP). Un&#8217;altra importante delibera riguarder\u00e0 la nomina dell&#8217;organo di revisione economico-finanziaria, fondamentale per garantire la trasparenza e la corretta gestione delle risorse comunali. Infine, si affronter\u00e0 una modifica al sedime stradale in corrispondenza dell&#8217;attivit\u00e0 delle Costruzioni Elettromeccaniche, una decisione che potrebbe influenzare il tessuto urbanistico e commerciale del territorio.<\/p>\n<p>&nbsp;<\/p>\n<p>&nbsp;<\/p>\n<hr \/>\n<p>&nbsp;<\/p>\n<blockquote>\n<h3>MAR ROSSO: LA CRISI NON SI E\u2019 (ANCORA) FATTA SENTIRE. POTREBBERO ESSERE A RISCHIO LE IMPORTAZIONI DEL VENETO<\/h3>\n<\/blockquote>\n<p><strong><a class=\"dt-pswp-item\" href=\"https:\/\/www.radiopiu.net\/wordpress\/wp-content\/uploads\/2024\/03\/Schermata-2024-03-09-alle-09.49.41.png\" data-dt-img-description=\"\" data-large_image_width=\"1126\" data-large_image_height=\"816\"><img loading=\"lazy\" decoding=\"async\" class=\"size-medium wp-image-378337 alignleft\" src=\"https:\/\/www.radiopiu.net\/wordpress\/wp-content\/uploads\/2024\/03\/Schermata-2024-03-09-alle-09.49.41-300x217.png\" alt=\"\" width=\"300\" height=\"217\" srcset=\"https:\/\/www.radiopiu.net\/wordpress\/wp-content\/uploads\/2024\/03\/Schermata-2024-03-09-alle-09.49.41-300x217.png 300w, https:\/\/www.radiopiu.net\/wordpress\/wp-content\/uploads\/2024\/03\/Schermata-2024-03-09-alle-09.49.41-1024x742.png 1024w, https:\/\/www.radiopiu.net\/wordpress\/wp-content\/uploads\/2024\/03\/Schermata-2024-03-09-alle-09.49.41-768x557.png 768w, https:\/\/www.radiopiu.net\/wordpress\/wp-content\/uploads\/2024\/03\/Schermata-2024-03-09-alle-09.49.41.png 1126w\" sizes=\"auto, (max-width: 300px) 100vw, 300px\" \/><\/a>Il commercio estero del Veneto<\/strong><br \/>\nIl commercio estero del Veneto con i paesi che direttamente o indirettamente sono influenzati dalla crisi del Mar Rosso ammontava, nel 2022, a 22,7 miliardi di euro, di cui 16,9 di importazioni e 5,7 di esportazioni. Sul commercio estero complessivo in capo alla nostra regione, i traffici interessati dal passaggio marittimo nell\u2019area mediorientale incidevano per il 14,8 per cento.<\/p>\n<p><strong>Gli effetti della crisi sui porti italiani<\/strong><br \/>\nTra il primo bimestre del 2023 e lo stesso periodo di quest\u2019anno il numero delle navi mercantili (cargo e cisterna) in arrivo nei porti italiani ha subito una riduzione di 169 unit\u00e0 (-3,6 per cento del totale). Un risultato, in massima parte, riconducibile alla crisi scoppiata ad inizio ottobre nell\u2019area mediorientale che in questi ultimi mesi ha visto crollare i transiti delle navi mercantili lungo il Canale di Suez. Tra i principali sistemi portuali presenti nel Paese, la contrazione pi\u00f9 importante in termini assoluti ha riguardato Genova che ha visto diminuire gli attracchi di 61 unit\u00e0 (-10,7 per cento). Seguono Livorno con -43 (-9,8 per cento) e Venezia con -34 (-6,4 per cento). A Trieste la variazione \u00e8 stata pari a -9 unit\u00e0 (-2,6 per cento). In controtendenza, invece, i risultati conseguiti dal porto di Augusta che ha registrato un aumento degli approdi di 30 unit\u00e0 (+12,2 per cento), da quello di Napoli con +35 unit\u00e0 (+18,2 per cento) e da quello di Sarroch-Cagliari con +39 unit\u00e0 (+18,7 per cento) (vedi Tab. 1). A dirlo \u00e8 l\u2019Ufficio studi della CGIA.<\/p>\n<p><strong><a class=\"dt-pswp-item\" href=\"https:\/\/www.radiopiu.net\/wordpress\/wp-content\/uploads\/2024\/03\/Schermata-2024-03-09-alle-09.54.24.png\" data-dt-img-description=\"\" data-large_image_width=\"1286\" data-large_image_height=\"1630\"><img loading=\"lazy\" decoding=\"async\" class=\"size-medium wp-image-378336 alignleft\" src=\"https:\/\/www.radiopiu.net\/wordpress\/wp-content\/uploads\/2024\/03\/Schermata-2024-03-09-alle-09.54.24-237x300.png\" alt=\"\" width=\"237\" height=\"300\" srcset=\"https:\/\/www.radiopiu.net\/wordpress\/wp-content\/uploads\/2024\/03\/Schermata-2024-03-09-alle-09.54.24-237x300.png 237w, https:\/\/www.radiopiu.net\/wordpress\/wp-content\/uploads\/2024\/03\/Schermata-2024-03-09-alle-09.54.24-808x1024.png 808w, https:\/\/www.radiopiu.net\/wordpress\/wp-content\/uploads\/2024\/03\/Schermata-2024-03-09-alle-09.54.24-768x973.png 768w, https:\/\/www.radiopiu.net\/wordpress\/wp-content\/uploads\/2024\/03\/Schermata-2024-03-09-alle-09.54.24-1212x1536.png 1212w, https:\/\/www.radiopiu.net\/wordpress\/wp-content\/uploads\/2024\/03\/Schermata-2024-03-09-alle-09.54.24.png 1286w\" sizes=\"auto, (max-width: 237px) 100vw, 237px\" \/><\/a>A rischio le importazioni<\/strong><br \/>\nIn riferimento agli ultimi dati statistici disponibili, il commercio estero italiano (import + export) che \u201cviaggia\u201d su nave con i paesi influenzati direttamente o indirettamente dalla crisi del Mar Rosso ammonta a 161,7 miliardi di euro. Questo importo incide sull\u2019intero commercio estero del nostro Paese per il 12,6 per cento. Di questi 161,7 miliardi, 110 (pari al 68 per cento) riguardano le importazioni e \u201csolo\u201d 51,7 miliardi di euro (pari al 32 per cento) le esportazioni. Alla luce di queste cifre, se la situazione nell\u2019area Mediorientale dovesse precipitare ulteriormente, l\u2019impatto negativo si potrebbe far sentire maggiormente sulle importazioni di merci. A livello regionale, Lombardia e Veneto sono le realt\u00e0 che potrebbero essere le pi\u00f9 a rischio: se la prima cuba nei paesi interessati 30,4 miliardi di importazioni, la seconda quasi 17. Di seguito l\u2019Emilia Romagna con 9,3 miliardi e il Lazio con 7,4 miliardi. Sul fronte delle esportazioni, invece, la pi\u00f9 in \u201cpericolo\u201d rimane ancora una volta la Lombardia che registra 12,5 miliardi di vendite in queste aree. Seguono l\u2019Emilia Romagna con 8,7 e il Veneto con 5,7 miliardi di euro (vedi Tab. 2).<\/p>\n<p><strong>Transiti gi\u00f9 nel Canale di Suez<\/strong><br \/>\nLa guerra tra Israele e Hamas e gli effetti che la stessa sta provocando nell\u2019area del Mar Rosso non si sono ancora fatti sentire in misura importante. Certo, il crollo dei passaggi delle navi mercantili nei primi due mesi del 2024 negli stretti di Bab el-Mandeb Strait (-50,5 per cento) e del Canale di Suez (-39,3 per cento) \u00e8 stato significativo e, conseguentemente, i transiti lungo il capo di Buona Speranza hanno subito un\u2019impennata dell\u201984,5 per cento (vedi Tab. 3).<\/p>\n<p><strong>Costo noli in aumento, ma non \u00e8 ancora boom<\/strong><br \/>\nQuesto vuol dire che, almeno fino adesso, le navi mercantili provenienti dal Sud Est Asiatico sono approdate quasi tutte nel Mediterraneo e successivamente nei nostri porti. Ovviamente i tempi di percorrenza si sono allungati, provocando un deciso aumento del costo dei noli. Per un container di 40 piedi che a met\u00e0 di gennaio ha percorso la rotta Cina-Asia Orientale ed \u00e8 arrivato fino al Mediterraneo, il prezzo ha toccato il picco di 6.673 dollari. Nulla a che vedere, comunque, con le tariffe che venivano praticate nell\u2019estate del 2021, quando si aggiravano attorno ai 12.000 dollari. Va altres\u00ec segnalato che rispetto a un paio di mesi fa i costi sono in discesa. Lo scorso 1 marzo, infatti, il prezzo \u00e8 sceso a 4.972 dollari per container, contro i 3.300 dollari registrati dall\u2019indice mondiale noli <a class=\"dt-pswp-item\" href=\"https:\/\/www.radiopiu.net\/wordpress\/wp-content\/uploads\/2024\/03\/Schermata-2024-03-09-alle-09.54.43.png\" data-dt-img-description=\"\" data-large_image_width=\"1286\" data-large_image_height=\"1266\"><img loading=\"lazy\" decoding=\"async\" class=\"size-medium wp-image-378335 alignleft\" src=\"https:\/\/www.radiopiu.net\/wordpress\/wp-content\/uploads\/2024\/03\/Schermata-2024-03-09-alle-09.54.43-300x295.png\" alt=\"\" width=\"300\" height=\"295\" srcset=\"https:\/\/www.radiopiu.net\/wordpress\/wp-content\/uploads\/2024\/03\/Schermata-2024-03-09-alle-09.54.43-300x295.png 300w, https:\/\/www.radiopiu.net\/wordpress\/wp-content\/uploads\/2024\/03\/Schermata-2024-03-09-alle-09.54.43-1024x1008.png 1024w, https:\/\/www.radiopiu.net\/wordpress\/wp-content\/uploads\/2024\/03\/Schermata-2024-03-09-alle-09.54.43-768x756.png 768w, https:\/\/www.radiopiu.net\/wordpress\/wp-content\/uploads\/2024\/03\/Schermata-2024-03-09-alle-09.54.43.png 1286w\" sizes=\"auto, (max-width: 300px) 100vw, 300px\" \/><\/a>calcolato da Freightos Baltic Index (vedi Graf. 1).<img loading=\"lazy\" decoding=\"async\" class=\"aligncenter size-medium wp-image-378334\" src=\"https:\/\/www.radiopiu.net\/wordpress\/wp-content\/uploads\/2024\/03\/Schermata-2024-03-09-alle-09.54.54-300x278.png\" alt=\"\" width=\"300\" height=\"278\" srcset=\"https:\/\/www.radiopiu.net\/wordpress\/wp-content\/uploads\/2024\/03\/Schermata-2024-03-09-alle-09.54.54-300x278.png 300w, https:\/\/www.radiopiu.net\/wordpress\/wp-content\/uploads\/2024\/03\/Schermata-2024-03-09-alle-09.54.54-1024x948.png 1024w, https:\/\/www.radiopiu.net\/wordpress\/wp-content\/uploads\/2024\/03\/Schermata-2024-03-09-alle-09.54.54-768x711.png 768w, https:\/\/www.radiopiu.net\/wordpress\/wp-content\/uploads\/2024\/03\/Schermata-2024-03-09-alle-09.54.54.png 1286w\" sizes=\"auto, (max-width: 300px) 100vw, 300px\" \/>,.<\/p>\n<p>&nbsp;<\/p>\n<p>&nbsp;<\/p>\n<hr \/>\n<p>&nbsp;<\/p>\n<blockquote>\n<h3>LA SETTIMANA MONDIALE DEL GLAUCOMA<\/h3>\n<\/blockquote>\n<p><strong><a class=\"dt-pswp-item\" href=\"https:\/\/www.radiopiu.net\/wordpress\/wp-content\/uploads\/2023\/01\/OCCHIO.jpg\" data-dt-img-description=\"\" data-large_image_width=\"1280\" data-large_image_height=\"720\"><img loading=\"lazy\" decoding=\"async\" class=\" wp-image-316407 alignleft\" src=\"https:\/\/www.radiopiu.net\/wordpress\/wp-content\/uploads\/2023\/01\/OCCHIO-300x169.jpg\" alt=\"\" width=\"154\" height=\"87\" srcset=\"https:\/\/www.radiopiu.net\/wordpress\/wp-content\/uploads\/2023\/01\/OCCHIO-300x169.jpg 300w, https:\/\/www.radiopiu.net\/wordpress\/wp-content\/uploads\/2023\/01\/OCCHIO-1024x576.jpg 1024w, https:\/\/www.radiopiu.net\/wordpress\/wp-content\/uploads\/2023\/01\/OCCHIO-768x432.jpg 768w, https:\/\/www.radiopiu.net\/wordpress\/wp-content\/uploads\/2023\/01\/OCCHIO.jpg 1280w\" sizes=\"auto, (max-width: 154px) 100vw, 154px\" \/><\/a>BELLUNO<\/strong> Dal 10 al 16 marzo si celebra la \u201cSettimana mondiale del glaucoma\u201d. La patologia colpisce milioni di persone, ma la prevenzione e la diagnosi precoce sono fondamentali. Nel mondo, circa 76 milioni di persone sono affette da glaucoma, 1 milione in Italia, ma la met\u00e0 \u00e8 inconsapevole. La popolazione spesso ignora la malattia e il grave rischio di perdita della vista. La sezione UICI di Belluno aderisce alla campagna di prevenzione e organizza una giornata informativa il 12 marzo 2024 in Piazza dei Martiri, distribuendo opuscoli per sensibilizzare la cittadinanza sulla tematica del glaucoma.<\/p>\n<p>&nbsp;<\/p>\n<p>&nbsp;<\/p>\n<hr \/>\n<p>&nbsp;<\/p>\n<blockquote>\n<blockquote>\n<h2><span style=\"color: #ff0000;\">MALTEMPO: VECIA POPA RINVIATA A DOMENICA 17 MARZO<\/span><\/h2>\n<\/blockquote>\n<p>&nbsp;<\/p>\n<p><strong><a class=\"dt-pswp-item\" href=\"https:\/\/www.radiopiu.net\/wordpress\/wp-content\/uploads\/2024\/02\/VeciaPopa2014b.jpg\" data-dt-img-description=\"\" data-large_image_width=\"1500\" data-large_image_height=\"944\"><img loading=\"lazy\" decoding=\"async\" class=\" wp-image-376680 alignleft\" src=\"https:\/\/www.radiopiu.net\/wordpress\/wp-content\/uploads\/2024\/02\/VeciaPopa2014b-300x189.jpg\" alt=\"\" width=\"163\" height=\"103\" srcset=\"https:\/\/www.radiopiu.net\/wordpress\/wp-content\/uploads\/2024\/02\/VeciaPopa2014b-300x189.jpg 300w, https:\/\/www.radiopiu.net\/wordpress\/wp-content\/uploads\/2024\/02\/VeciaPopa2014b-1024x644.jpg 1024w, https:\/\/www.radiopiu.net\/wordpress\/wp-content\/uploads\/2024\/02\/VeciaPopa2014b-768x483.jpg 768w, https:\/\/www.radiopiu.net\/wordpress\/wp-content\/uploads\/2024\/02\/VeciaPopa2014b.jpg 1500w\" sizes=\"auto, (max-width: 163px) 100vw, 163px\" \/><\/a>DI MIRKO MEZZACASA<\/strong><\/p>\n<p>OSPITI: Thomas Manfroi e Valentina De Nardin<\/p><\/blockquote>\n<p>&nbsp;<\/p>\n<audio class=\"wp-audio-shortcode\" id=\"audio-378332-6\" preload=\"none\" style=\"width: 100%;\" controls=\"controls\"><source type=\"audio\/mpeg\" src=\"https:\/\/www.radiopiu.net\/wordpress\/wp-content\/uploads\/2024\/02\/vecia-popa-2024.mp3?_=6\" \/><a href=\"https:\/\/www.radiopiu.net\/wordpress\/wp-content\/uploads\/2024\/02\/vecia-popa-2024.mp3\">https:\/\/www.radiopiu.net\/wordpress\/wp-content\/uploads\/2024\/02\/vecia-popa-2024.mp3<\/a><\/audio>\n<p>&nbsp;<\/p>\n<hr \/>\n<p>&nbsp;<\/p>\n<h3><\/h3>\n<h3><a class=\"dt-pswp-item\" href=\"https:\/\/www.radiopiu.net\/wordpress\/wp-content\/uploads\/2024\/03\/PXL_20231125_140849924.jpg\" data-dt-img-description=\"\" data-large_image_width=\"1920\" data-large_image_height=\"1080\"><img loading=\"lazy\" decoding=\"async\" class=\" wp-image-378358 alignleft\" src=\"https:\/\/www.radiopiu.net\/wordpress\/wp-content\/uploads\/2024\/03\/PXL_20231125_140849924-300x169.jpg\" alt=\"\" width=\"172\" height=\"97\" srcset=\"https:\/\/www.radiopiu.net\/wordpress\/wp-content\/uploads\/2024\/03\/PXL_20231125_140849924-300x169.jpg 300w, https:\/\/www.radiopiu.net\/wordpress\/wp-content\/uploads\/2024\/03\/PXL_20231125_140849924-1024x576.jpg 1024w, https:\/\/www.radiopiu.net\/wordpress\/wp-content\/uploads\/2024\/03\/PXL_20231125_140849924-768x432.jpg 768w, https:\/\/www.radiopiu.net\/wordpress\/wp-content\/uploads\/2024\/03\/PXL_20231125_140849924-1536x864.jpg 1536w, https:\/\/www.radiopiu.net\/wordpress\/wp-content\/uploads\/2024\/03\/PXL_20231125_140849924.jpg 1920w\" sizes=\"auto, (max-width: 172px) 100vw, 172px\" \/><\/a>UN CODERDOJO SULLE TECNOLOGIE<\/h3>\n<p><strong>BELLUNO<\/strong> Il 23 marzo, dalle 14:30 alle 17:00 all&#8217;UrbanHub Dolomiti, si terr\u00e0 il CoderDojo &#8220;Le Segrete del Castello, Dungeons&#8221;. Questo evento magico offre ai giovani la possibilit\u00e0 di imparare a programmare, creare siti web e sviluppare app straordinarie. Aperto a tutti i giovani esploratori, senza esperienza richiesta, l&#8217;evento \u00e8 organizzato con amore dal Fablab Belluno e guidato dal Prof. Gianni Bua Corona. I partecipanti affronteranno sfide tecniche in un ambiente collaborativo, guidati da volontari esperti.<\/p>\n<p>&nbsp;<\/p>\n<p>&nbsp;<\/p>\n<hr \/>\n<blockquote>\n<h3><strong><a class=\"dt-pswp-item\" href=\"https:\/\/www.radiopiu.net\/wordpress\/wp-content\/uploads\/2024\/03\/Api_marzo_24.jpg\" data-dt-img-description=\"\" data-large_image_width=\"1240\" data-large_image_height=\"1754\"><img loading=\"lazy\" decoding=\"async\" class=\"wp-image-378230 alignleft\" src=\"https:\/\/www.radiopiu.net\/wordpress\/wp-content\/uploads\/2024\/03\/Api_marzo_24-212x300.jpg\" alt=\"\" width=\"95\" height=\"134\" srcset=\"https:\/\/www.radiopiu.net\/wordpress\/wp-content\/uploads\/2024\/03\/Api_marzo_24-212x300.jpg 212w, https:\/\/www.radiopiu.net\/wordpress\/wp-content\/uploads\/2024\/03\/Api_marzo_24-724x1024.jpg 724w, https:\/\/www.radiopiu.net\/wordpress\/wp-content\/uploads\/2024\/03\/Api_marzo_24-768x1086.jpg 768w, https:\/\/www.radiopiu.net\/wordpress\/wp-content\/uploads\/2024\/03\/Api_marzo_24-1086x1536.jpg 1086w, https:\/\/www.radiopiu.net\/wordpress\/wp-content\/uploads\/2024\/03\/Api_marzo_24.jpg 1240w\" sizes=\"auto, (max-width: 95px) 100vw, 95px\" \/><\/a><\/strong>API AMBIENTE IN UN INCONTRO A BELLUNO<\/h3>\n<\/blockquote>\n<p>&nbsp;<\/p>\n<p><strong>BELLUNO<\/strong><\/p>\n<p>DI ALESSIA DALL&#8217;O&#8217;<\/p>\n<audio class=\"wp-audio-shortcode\" id=\"audio-378332-7\" preload=\"none\" style=\"width: 100%;\" controls=\"controls\"><source type=\"audio\/mpeg\" src=\"https:\/\/www.radiopiu.net\/wordpress\/wp-content\/uploads\/2024\/03\/ALESSIA-API-AMBIENTE.mp3?_=7\" \/><a href=\"https:\/\/www.radiopiu.net\/wordpress\/wp-content\/uploads\/2024\/03\/ALESSIA-API-AMBIENTE.mp3\">https:\/\/www.radiopiu.net\/wordpress\/wp-content\/uploads\/2024\/03\/ALESSIA-API-AMBIENTE.mp3<\/a><\/audio>\n<p>&nbsp;<\/p>\n<hr \/>\n<p>&nbsp;<\/p>\n<blockquote>\n<h3>IL SUCCESSO DEL FILM &#8220;NON ANDARE VIA&#8221;<\/h3>\n<\/blockquote>\n<p><strong>BELLUNO<\/strong> Il film &#8220;Non andare via&#8221;, prodotto dalla neonata &#8220;La Compagnia del Piave&#8221;, continua ad ottenere successo nel territorio provinciale, affrontando il tema dell&#8217;emigrazione bellunese in Svizzera nel secondo dopoguerra e dei &#8220;bambini nascosti&#8221;. Dopo le prime due proiezioni a Belluno, la forte domanda ha portato a una terza proiezione il 21 marzo, gi\u00e0 esaurita. Le future proiezioni includono eventi a Longarone il 14 marzo, Agordo il 6 aprile e Feltre il 13 aprile. L&#8217;interesse per il film evidenzia la rilevanza della storia locale e suscita partecipazione da diverse localit\u00e0.<\/p>\n<p>&nbsp;<\/p>\n<p>&nbsp;<\/p>\n<hr \/>\n<p>&nbsp;<\/p>\n<blockquote>\n<h2><a class=\"dt-pswp-item\" href=\"https:\/\/www.radiopiu.net\/wordpress\/wp-content\/uploads\/2018\/10\/Volante-Questura-2-1.jpg\" data-dt-img-description=\"\" data-large_image_width=\"200\" data-large_image_height=\"200\"><img loading=\"lazy\" decoding=\"async\" class=\"wp-image-64854 alignleft\" src=\"https:\/\/www.radiopiu.net\/wordpress\/wp-content\/uploads\/2018\/10\/Volante-Questura-2-1.jpg\" alt=\"\" width=\"110\" height=\"110\" srcset=\"https:\/\/www.radiopiu.net\/wordpress\/wp-content\/uploads\/2018\/10\/Volante-Questura-2-1.jpg 200w, https:\/\/www.radiopiu.net\/wordpress\/wp-content\/uploads\/2018\/10\/Volante-Questura-2-1-150x150.jpg 150w\" sizes=\"auto, (max-width: 110px) 100vw, 110px\" \/><\/a>Questura di Belluno &#8211; Ufficio Concorsi &#8211;<\/h2>\n<\/blockquote>\n<p><strong>BELLUNO<\/strong>\u00a0 Sul Portale unico del reclutamento www.inpa.gov.it e sul sito www.poliziadistato.it \u00e8 stato pubblicato il bando di concorso pubblico, per titoli, per l\u2019assunzione di 21 atleti da assegnare ai gruppi sportivi \u201cPolizia di Stato \u2013 Fiamme Oro\u201d, che<br \/>\nsaranno inquadrati nel ruolo degli agenti e assistenti della Polizia di Stato, indetto con decreto del 29\/02\/2024.<\/p>\n<p>&nbsp;<\/p>\n<p>&nbsp;<\/p>\n<hr \/>\n<p>&nbsp;<\/p>\n<blockquote>\n<h3><a class=\"dt-pswp-item\" href=\"https:\/\/www.radiopiu.net\/wordpress\/wp-content\/uploads\/2024\/02\/ef01c8d9-8946-44f1-bd64-5d0ea6c915c7.jpg\" data-dt-img-description=\"\" data-large_image_width=\"1050\" data-large_image_height=\"1485\"><img loading=\"lazy\" decoding=\"async\" class=\" wp-image-375927 alignleft\" src=\"https:\/\/www.radiopiu.net\/wordpress\/wp-content\/uploads\/2024\/02\/ef01c8d9-8946-44f1-bd64-5d0ea6c915c7-212x300.jpg\" alt=\"\" width=\"93\" height=\"132\" srcset=\"https:\/\/www.radiopiu.net\/wordpress\/wp-content\/uploads\/2024\/02\/ef01c8d9-8946-44f1-bd64-5d0ea6c915c7-212x300.jpg 212w, https:\/\/www.radiopiu.net\/wordpress\/wp-content\/uploads\/2024\/02\/ef01c8d9-8946-44f1-bd64-5d0ea6c915c7-724x1024.jpg 724w, https:\/\/www.radiopiu.net\/wordpress\/wp-content\/uploads\/2024\/02\/ef01c8d9-8946-44f1-bd64-5d0ea6c915c7-768x1086.jpg 768w, https:\/\/www.radiopiu.net\/wordpress\/wp-content\/uploads\/2024\/02\/ef01c8d9-8946-44f1-bd64-5d0ea6c915c7.jpg 1050w\" sizes=\"auto, (max-width: 93px) 100vw, 93px\" \/><\/a>VIE IN ROSA AL TEATRO SAN GAETANO<\/h3>\n<\/blockquote>\n<p><strong>BELLUNO<\/strong> Sono 4 gli appuntamenti in programma per la rassegna &#8220;Vie in rosa&#8221; al Teatro San Gaetano di Belluno. Prossimo appuntamento il 24 marzo &#8220;Non Fare storia&#8221; con Paola Brolati e a seguire un incontro con Belluno Donna. Il 14 aprile &#8220;Rolandina Roncaglia&#8221; e il 28 aprile un incontro con Roberta Gallego. Gli spettacoli inizieranno alle 17:30.<\/p>\n<p>&nbsp;<\/p>\n<p>&nbsp;<\/p>\n<hr \/>\n<p>&nbsp;<\/p>\n<blockquote>\n<h3>IL PRESIDIO LIBERA DI AGORDO PARTE CON IL TESSERAMENTO 2024<\/h3>\n<\/blockquote>\n<p><strong><a class=\"dt-pswp-item\" href=\"https:\/\/www.radiopiu.net\/wordpress\/wp-content\/uploads\/2023\/06\/LIBERA-AGORDINO.jpg\" data-dt-img-description=\"\" data-large_image_width=\"640\" data-large_image_height=\"640\"><img loading=\"lazy\" decoding=\"async\" class=\" wp-image-338852 alignleft\" src=\"https:\/\/www.radiopiu.net\/wordpress\/wp-content\/uploads\/2023\/06\/LIBERA-AGORDINO-300x300.jpg\" alt=\"\" width=\"144\" height=\"144\" srcset=\"https:\/\/www.radiopiu.net\/wordpress\/wp-content\/uploads\/2023\/06\/LIBERA-AGORDINO-300x300.jpg 300w, https:\/\/www.radiopiu.net\/wordpress\/wp-content\/uploads\/2023\/06\/LIBERA-AGORDINO-150x150.jpg 150w, https:\/\/www.radiopiu.net\/wordpress\/wp-content\/uploads\/2023\/06\/LIBERA-AGORDINO.jpg 640w\" sizes=\"auto, (max-width: 144px) 100vw, 144px\" \/><\/a>AGORDO<\/strong><\/p>\n<p>DI GIANNI SANTOMASO<\/p>\n<audio class=\"wp-audio-shortcode\" id=\"audio-378332-8\" preload=\"none\" style=\"width: 100%;\" controls=\"controls\"><source type=\"audio\/mpeg\" src=\"https:\/\/www.radiopiu.net\/wordpress\/wp-content\/uploads\/2024\/03\/GIANNI-IL-PRESIDIO-LIBERA-DI-AGORDO-PARTE-CON-IL-TESSERAMENTO-2024.mp3?_=8\" \/><a href=\"https:\/\/www.radiopiu.net\/wordpress\/wp-content\/uploads\/2024\/03\/GIANNI-IL-PRESIDIO-LIBERA-DI-AGORDO-PARTE-CON-IL-TESSERAMENTO-2024.mp3\">https:\/\/www.radiopiu.net\/wordpress\/wp-content\/uploads\/2024\/03\/GIANNI-IL-PRESIDIO-LIBERA-DI-AGORDO-PARTE-CON-IL-TESSERAMENTO-2024.mp3<\/a><\/audio>\n<p>&nbsp;<\/p>\n<blockquote>\n<h3>LA 29ESIMA GIORNATA DELLA MEMORIA CONTRO LE MAFIE<\/h3>\n<\/blockquote>\n<p><strong>AGORDO<\/strong> In occasione della 29^ Giornata della Memoria e dell\u2019impegno in<br \/>\nricordo delle vittime innocenti di tutte le Mafie, il presidio Agordino di Libera \u201cL. Precenzano e S. Aversa\u201d vi invita, SABATO 16 MARZO alle 20.30 presso il centro parrocchiale \u201cMons. Vincenzo Savio\u201d di Agordo. FILIPPO TORRIGIANI, consulente da tre legislature della commissione parlamentare antimafia e consulente nazionale del C.N.C.A. (Coordinamento Nazionale delle Comunit\u00e0 di Accoglienza)<br \/>\npresenter\u00e0 il libro \u201cSILENZI E DISTRAZIONI. 10 COSE DI CUI NON SI PARLA\u201d. Dialogher\u00e0 con l\u2019autore Marco Rossato. Nel libro, Torrigiani affronta con voce \u201cforte e chiara\u201d, come scrive nella prefazione Rosy Bindi, tematiche scomode e di<br \/>\ncruciale importanza quali le condizioni del lavoro, le problematiche ambientali, le diseguaglianze sociali, la sanit\u00e0 pubblica e privata, ecc. Non ultimo, un importante riferimento anche al mondo dell\u2019informazione, che, se non \u00e8 responsabile, \u00e8 a<br \/>\ntutti gli effetti compartecipe di questi \u201csilenzi e distrazioni\u201d di massa. La\u00a0 cittadinanza \u00e8 invitata a partecipare all\u2019evento<\/p>\n<p>&nbsp;<\/p>\n<p>&nbsp;<\/p>\n<hr \/>\n<p>&nbsp;<\/p>\n<blockquote>\n<h2>A FINE MESE FESTA IN RIVA AL TE GNAS<\/h2>\n<\/blockquote>\n<p><em>SAGRA DE P\u00e0SCA, QUATTRO GIORNI DI FESTA A TAIBON DAL 28 AL 31 MARZO NEL GRANDE TENDONE RISCALDATO\u00a0 <\/em><\/p>\n<p><strong>GIOVEDI 28<\/strong> PASTA ALL&#8217;AMATRICIANA, ALLE 20.30 LA MONTAGNA, CON MANRICO DELL&#8217;AGNOLA A SEGUIRE LA PRESENTAZIONE DEL CAMPIONATO AGORDINO DI CALCIO CON RADIOPIU E IL CANTAUTORE MARCO V DAL FARRA <strong>VENERDI 29<\/strong> BACCALA&#8217; SEPPIE E DALLE 21 L&#8217;ORCHESTRA SPETTACOLO GIANMARCO BAGUTTI <strong>SABATO 30<\/strong> TRIPPE, POLLO ALLO SPIEDO E ALTRE SPECIALITA&#8217;, DALLE 14 GARA DI BRISCOLA, ALLE 17 DJ SET CON R DI J, DALLE 21 ORCHESTRA MARIANNA LANT\u00e8RI<strong> DOMENICA<\/strong> <strong>31<\/strong> DALLE 17 L&#8217;APERITIVO CON MORGAN E BATTAGLIA, DALLE 21 LA COVER BAND NUOVANTA E DALLE 21 L&#8217;ESTRAZIONE DELLA LOTTERIA SAGRA DE PASCA CON PROLOCO, GRUPPO SPORTIVO E DONATORI DEL SANGUE TAIBON<\/p>\n<p>&nbsp;<\/p>\n<p><a class=\"dt-pswp-item\" href=\"https:\/\/www.radiopiu.net\/wordpress\/wp-content\/uploads\/2024\/03\/Senza-nome-15.png\" data-dt-img-description=\"\" data-large_image_width=\"449\" data-large_image_height=\"628\"><img loading=\"lazy\" decoding=\"async\" class=\"size-medium wp-image-377554 aligncenter\" src=\"https:\/\/www.radiopiu.net\/wordpress\/wp-content\/uploads\/2024\/03\/Senza-nome-15-214x300.png\" alt=\"\" width=\"214\" height=\"300\" srcset=\"https:\/\/www.radiopiu.net\/wordpress\/wp-content\/uploads\/2024\/03\/Senza-nome-15-214x300.png 214w, https:\/\/www.radiopiu.net\/wordpress\/wp-content\/uploads\/2024\/03\/Senza-nome-15.png 449w\" sizes=\"auto, (max-width: 214px) 100vw, 214px\" \/><\/a><\/p>\n<p>&nbsp;<\/p>\n<p>28 marzo&#8230; a TAIBON AGORDINO RADIO PIU&#8217; PRESENTA IL CAMPIONATO AGORDINO DI CALCIO.<br \/>\nAL TENDONE DELLA SAGRA DE PASCA, DALLE 20.30. INTRODUZIONE ALLA SERATA CON L&#8217;ALPINISTA MANRICO DELL&#8217;AGNOLA, SI RACCONTER\u00e0 CON DUE DOCU FILM ALLE 21.45 IL CALCIO AGORDINO CON LA COLONNA SONORA DI MARVO VI DAL FARRA . a seguire dj set sagra de pasca a taibon, organizzazione gruppo sportivo, proloco e donatori del sangue<\/p>\n<p>&nbsp;<\/p>\n<hr \/>\n<p>&nbsp;<\/p>\n<blockquote>\n<h3><a class=\"dt-pswp-item\" href=\"https:\/\/www.radiopiu.net\/wordpress\/wp-content\/uploads\/2023\/01\/MUNICIPIO-LIMANA.png\" data-dt-img-description=\"\" data-large_image_width=\"1940\" data-large_image_height=\"1032\"><img loading=\"lazy\" decoding=\"async\" class=\"wp-image-318876 alignleft\" src=\"https:\/\/www.radiopiu.net\/wordpress\/wp-content\/uploads\/2023\/01\/MUNICIPIO-LIMANA-300x160.png\" alt=\"\" width=\"182\" height=\"97\" srcset=\"https:\/\/www.radiopiu.net\/wordpress\/wp-content\/uploads\/2023\/01\/MUNICIPIO-LIMANA-300x160.png 300w, https:\/\/www.radiopiu.net\/wordpress\/wp-content\/uploads\/2023\/01\/MUNICIPIO-LIMANA-1024x545.png 1024w, https:\/\/www.radiopiu.net\/wordpress\/wp-content\/uploads\/2023\/01\/MUNICIPIO-LIMANA-768x409.png 768w, https:\/\/www.radiopiu.net\/wordpress\/wp-content\/uploads\/2023\/01\/MUNICIPIO-LIMANA-1536x817.png 1536w, https:\/\/www.radiopiu.net\/wordpress\/wp-content\/uploads\/2023\/01\/MUNICIPIO-LIMANA.png 1940w\" sizes=\"auto, (max-width: 182px) 100vw, 182px\" \/><\/a>A LIMANA UN MESE DI MARZO RICCO DI APPUNTAMENTI CULTURALI<\/h3>\n<\/blockquote>\n<p><strong>DI ROBERTO BONA<\/strong><\/p>\n<audio class=\"wp-audio-shortcode\" id=\"audio-378332-9\" preload=\"none\" style=\"width: 100%;\" controls=\"controls\"><source type=\"audio\/mpeg\" src=\"https:\/\/www.radiopiu.net\/wordpress\/wp-content\/uploads\/2024\/03\/BONA-A-LIMANA-UN-MESE-DI-MARZO-RICCO-DI-APPUNTAMENTI-CULTURALI.mp3?_=9\" \/><a href=\"https:\/\/www.radiopiu.net\/wordpress\/wp-content\/uploads\/2024\/03\/BONA-A-LIMANA-UN-MESE-DI-MARZO-RICCO-DI-APPUNTAMENTI-CULTURALI.mp3\">https:\/\/www.radiopiu.net\/wordpress\/wp-content\/uploads\/2024\/03\/BONA-A-LIMANA-UN-MESE-DI-MARZO-RICCO-DI-APPUNTAMENTI-CULTURALI.mp3<\/a><\/audio>\n<p>&nbsp;<\/p>\n<hr \/>\n<p>&nbsp;<\/p>\n<h3><a class=\"dt-pswp-item\" href=\"https:\/\/www.radiopiu.net\/wordpress\/wp-content\/uploads\/2023\/08\/862c8c0d-fb55-49e7-875a-930f514a02a7.jpg\" data-dt-img-description=\"\" data-large_image_width=\"2048\" data-large_image_height=\"1536\"><img loading=\"lazy\" decoding=\"async\" class=\"wp-image-349786 alignleft\" src=\"https:\/\/www.radiopiu.net\/wordpress\/wp-content\/uploads\/2023\/08\/862c8c0d-fb55-49e7-875a-930f514a02a7-300x225.jpg\" alt=\"\" width=\"136\" height=\"102\" srcset=\"https:\/\/www.radiopiu.net\/wordpress\/wp-content\/uploads\/2023\/08\/862c8c0d-fb55-49e7-875a-930f514a02a7-300x225.jpg 300w, https:\/\/www.radiopiu.net\/wordpress\/wp-content\/uploads\/2023\/08\/862c8c0d-fb55-49e7-875a-930f514a02a7-1024x768.jpg 1024w, https:\/\/www.radiopiu.net\/wordpress\/wp-content\/uploads\/2023\/08\/862c8c0d-fb55-49e7-875a-930f514a02a7-768x576.jpg 768w, https:\/\/www.radiopiu.net\/wordpress\/wp-content\/uploads\/2023\/08\/862c8c0d-fb55-49e7-875a-930f514a02a7-1536x1152.jpg 1536w, https:\/\/www.radiopiu.net\/wordpress\/wp-content\/uploads\/2023\/08\/862c8c0d-fb55-49e7-875a-930f514a02a7.jpg 2048w\" sizes=\"auto, (max-width: 136px) 100vw, 136px\" \/><\/a>LAVORI PER INTERRAMENTO DELLA CONDOTTA IDRICA<\/h3>\n<p><strong>LA VALLE<\/strong> Il Comune La Valle Agordina ordina la sospensione temporanea della circolazione veicolare sulla viabilit\u00e0 Silvo-pastorale di Fres, dall&#8217;11\/03\/2024 al 24\/06\/2024, dalle 7 alle 18 dal luned\u00ec al venerd\u00ec, esclusi sabato e domenica. Viene istituito il divieto di transito pedonale e con biciclette dalla localit\u00e0 Piaia fino a Pra de Val, con l&#8217;altro lato del divieto al ponte sul torrente Rova di Caleda. Analogamente, \u00e8 vietato il transito pedonale e con biciclette su parte del sentiero CAI n.551 (Strada Vicinale di Pepolade) dal 11\/03\/2024 al 24\/06\/2024 per l&#8217;intera durata delle 24 ore.<\/p>\n<p>&nbsp;<\/p>\n<hr \/>\n<p>&nbsp;<\/p>\n<blockquote>\n<h3>DALL&#8217;11 AL 17 MARZO IL PROGETTO FAME DI VITA<\/h3>\n<\/blockquote>\n<p><strong><a class=\"dt-pswp-item\" href=\"https:\/\/www.radiopiu.net\/wordpress\/wp-content\/uploads\/2024\/03\/Fiocchetto-lilla-15-Marzo-768x432-1.jpg\" data-dt-img-description=\"\" data-large_image_width=\"768\" data-large_image_height=\"432\"><img loading=\"lazy\" decoding=\"async\" class=\" wp-image-378061 alignleft\" src=\"https:\/\/www.radiopiu.net\/wordpress\/wp-content\/uploads\/2024\/03\/Fiocchetto-lilla-15-Marzo-768x432-1-300x169.jpg\" alt=\"\" width=\"186\" height=\"105\" srcset=\"https:\/\/www.radiopiu.net\/wordpress\/wp-content\/uploads\/2024\/03\/Fiocchetto-lilla-15-Marzo-768x432-1-300x169.jpg 300w, https:\/\/www.radiopiu.net\/wordpress\/wp-content\/uploads\/2024\/03\/Fiocchetto-lilla-15-Marzo-768x432-1.jpg 768w\" sizes=\"auto, (max-width: 186px) 100vw, 186px\" \/><\/a>SANTA GIUSTINA<\/strong><\/p>\n<p>DI ALESSIA DALL&#8217;O&#8217;<\/p>\n<audio class=\"wp-audio-shortcode\" id=\"audio-378332-10\" preload=\"none\" style=\"width: 100%;\" controls=\"controls\"><source type=\"audio\/mpeg\" src=\"https:\/\/www.radiopiu.net\/wordpress\/wp-content\/uploads\/2024\/03\/ALESSIA-DALL11-AL-17-MARZO-IL-PROGETTO-FAME-DI-VITA.mp3?_=10\" \/><a href=\"https:\/\/www.radiopiu.net\/wordpress\/wp-content\/uploads\/2024\/03\/ALESSIA-DALL11-AL-17-MARZO-IL-PROGETTO-FAME-DI-VITA.mp3\">https:\/\/www.radiopiu.net\/wordpress\/wp-content\/uploads\/2024\/03\/ALESSIA-DALL11-AL-17-MARZO-IL-PROGETTO-FAME-DI-VITA.mp3<\/a><\/audio>\n<p>&nbsp;<\/p>\n<hr \/>\n<p>&nbsp;<\/p>\n<h2><span style=\"color: #ff6600;\">IERI ALLA RADIO\u00a0\u00a0<\/span><\/h2>\n<h2><span style=\"color: #808000;\">DUE MINUTI PER TE<\/span><\/h2>\n<p><strong><a class=\"dt-pswp-item\" href=\"https:\/\/www.radiopiu.net\/wordpress\/wp-content\/uploads\/2020\/12\/DON-GIORGIO-LISE.jpg\" data-dt-img-description=\"\" data-large_image_width=\"1600\" data-large_image_height=\"901\"><img loading=\"lazy\" decoding=\"async\" class=\" wp-image-177420 alignleft\" src=\"https:\/\/www.radiopiu.net\/wordpress\/wp-content\/uploads\/2020\/12\/DON-GIORGIO-LISE-300x169.jpg\" alt=\"\" width=\"224\" height=\"126\" srcset=\"https:\/\/www.radiopiu.net\/wordpress\/wp-content\/uploads\/2020\/12\/DON-GIORGIO-LISE-300x169.jpg 300w, https:\/\/www.radiopiu.net\/wordpress\/wp-content\/uploads\/2020\/12\/DON-GIORGIO-LISE-1024x577.jpg 1024w, https:\/\/www.radiopiu.net\/wordpress\/wp-content\/uploads\/2020\/12\/DON-GIORGIO-LISE-768x432.jpg 768w, https:\/\/www.radiopiu.net\/wordpress\/wp-content\/uploads\/2020\/12\/DON-GIORGIO-LISE-1536x865.jpg 1536w, https:\/\/www.radiopiu.net\/wordpress\/wp-content\/uploads\/2020\/12\/DON-GIORGIO-LISE.jpg 1600w\" sizes=\"auto, (max-width: 224px) 100vw, 224px\" \/><\/a>APPUNTAMENTO DOMENICALE CON IL PENSIERO DI MONSIGNOR GIORGIO LISE<\/strong><\/p>\n<audio class=\"wp-audio-shortcode\" id=\"audio-378332-11\" preload=\"none\" style=\"width: 100%;\" controls=\"controls\"><source type=\"audio\/mpeg\" src=\"https:\/\/www.radiopiu.net\/wordpress\/wp-content\/uploads\/2024\/03\/DON-GIORGIO-1.mp3?_=11\" \/><a href=\"https:\/\/www.radiopiu.net\/wordpress\/wp-content\/uploads\/2024\/03\/DON-GIORGIO-1.mp3\">https:\/\/www.radiopiu.net\/wordpress\/wp-content\/uploads\/2024\/03\/DON-GIORGIO-1.mp3<\/a><\/audio>\n<p>&nbsp;<\/p>\n<p>&nbsp;<\/p>\n<hr \/>\n<p>&nbsp;<\/p>\n<h2><span style=\"color: #99cc00;\">GOODBYE BY BICICLE&#8230;UN VIAGGIO DALL&#8217;INDIA A SEREN DEL GRAPPA IN BICICLETTA<\/span><\/h2>\n<p><span style=\"color: #ff0000;\"><strong>PUNTATA 04 &#8211; IL RINNOVO DEL VISTO TURISTICO<\/strong><\/span><\/p>\n<audio class=\"wp-audio-shortcode\" id=\"audio-378332-12\" preload=\"none\" style=\"width: 100%;\" controls=\"controls\"><source type=\"audio\/mpeg\" src=\"https:\/\/www.radiopiu.net\/wordpress\/wp-content\/uploads\/2024\/03\/INDIA-AIRE-PUNTATA-04.mp3?_=12\" \/><a href=\"https:\/\/www.radiopiu.net\/wordpress\/wp-content\/uploads\/2024\/03\/INDIA-AIRE-PUNTATA-04.mp3\">https:\/\/www.radiopiu.net\/wordpress\/wp-content\/uploads\/2024\/03\/INDIA-AIRE-PUNTATA-04.mp3<\/a><\/audio>\n<p>&nbsp;<\/p>\n<p><strong>PER VISITARE I SITI DEI LUOGHI VISITATI, CLICCA SULLE SEGUENTI SCRITTE: <a href=\"https:\/\/www.djed.in\/our-story\">DJED FOUNDATION<\/a>\u00a0 \u00a0<a href=\"https:\/\/www.carbonfootprint.com\/calculator.aspx\">CARBON FOOTPRINT<\/a><\/strong><\/p>\n\n\t\t\t<style type='text\/css'>\n\t\t\t\t#gallery-6 {\n\t\t\t\t\tmargin: auto;\n\t\t\t\t}\n\t\t\t\t#gallery-6 .gallery-item {\n\t\t\t\t\tfloat: left;\n\t\t\t\t\tmargin-top: 10px;\n\t\t\t\t\ttext-align: center;\n\t\t\t\t\twidth: 25%;\n\t\t\t\t}\n\t\t\t\t#gallery-6 img {\n\t\t\t\t\tborder: 2px solid #cfcfcf;\n\t\t\t\t}\n\t\t\t\t#gallery-6 .gallery-caption {\n\t\t\t\t\tmargin-left: 0;\n\t\t\t\t}\n\t\t\t\t\/* see gallery_shortcode() in wp-includes\/media.php *\/\n\t\t\t<\/style>\n\t\t<div id='gallery-6' class='dt-gallery-container gallery galleryid-378332 gallery-columns-4 gallery-size-thumbnail'><dl class='gallery-item'>\n\t\t\t\t<dt class='gallery-icon landscape'>\n\t\t\t\t\t<a class=\"rollover rollover-zoom dt-pswp-item\" title=\"b80b518c-a87e-4889-b09b-6bc14395f384\" data-dt-img-description=\"\" data-large_image_width=\"1600\" data-large_image_height=\"1200\"href='https:\/\/www.radiopiu.net\/wordpress\/wp-content\/uploads\/2024\/03\/b80b518c-a87e-4889-b09b-6bc14395f384.jpg'><img loading=\"lazy\" decoding=\"async\" width=\"150\" height=\"150\" src=\"https:\/\/www.radiopiu.net\/wordpress\/wp-content\/uploads\/2024\/03\/b80b518c-a87e-4889-b09b-6bc14395f384-150x150.jpg\" class=\"attachment-thumbnail size-thumbnail\" alt=\"\" \/><\/a>\n\t\t\t\t<\/dt><\/dl><dl class='gallery-item'>\n\t\t\t\t<dt class='gallery-icon landscape'>\n\t\t\t\t\t<a class=\"rollover rollover-zoom dt-pswp-item\" title=\"33f283fe-a3ef-4f69-a98a-b3e42eaf32e7\" data-dt-img-description=\"\" data-large_image_width=\"1600\" data-large_image_height=\"1200\"href='https:\/\/www.radiopiu.net\/wordpress\/wp-content\/uploads\/2024\/03\/33f283fe-a3ef-4f69-a98a-b3e42eaf32e7.jpg'><img loading=\"lazy\" decoding=\"async\" width=\"150\" height=\"150\" src=\"https:\/\/www.radiopiu.net\/wordpress\/wp-content\/uploads\/2024\/03\/33f283fe-a3ef-4f69-a98a-b3e42eaf32e7-150x150.jpg\" class=\"attachment-thumbnail size-thumbnail\" alt=\"\" \/><\/a>\n\t\t\t\t<\/dt><\/dl><dl class='gallery-item'>\n\t\t\t\t<dt class='gallery-icon landscape'>\n\t\t\t\t\t<a class=\"rollover rollover-zoom dt-pswp-item\" title=\"2a4f034b-f4d5-47ac-8574-f38f29780f55\" data-dt-img-description=\"\" data-large_image_width=\"1600\" data-large_image_height=\"1200\"href='https:\/\/www.radiopiu.net\/wordpress\/wp-content\/uploads\/2024\/03\/2a4f034b-f4d5-47ac-8574-f38f29780f55.jpg'><img loading=\"lazy\" decoding=\"async\" width=\"150\" height=\"150\" src=\"https:\/\/www.radiopiu.net\/wordpress\/wp-content\/uploads\/2024\/03\/2a4f034b-f4d5-47ac-8574-f38f29780f55-150x150.jpg\" class=\"attachment-thumbnail size-thumbnail\" alt=\"\" \/><\/a>\n\t\t\t\t<\/dt><\/dl><dl class='gallery-item'>\n\t\t\t\t<dt class='gallery-icon landscape'>\n\t\t\t\t\t<a class=\"rollover rollover-zoom dt-pswp-item\" title=\"b314e6ad-70bc-4e5e-b616-ab2462ff857f\" data-dt-img-description=\"\" data-large_image_width=\"1600\" data-large_image_height=\"1200\"href='https:\/\/www.radiopiu.net\/wordpress\/wp-content\/uploads\/2024\/03\/b314e6ad-70bc-4e5e-b616-ab2462ff857f.jpg'><img loading=\"lazy\" decoding=\"async\" width=\"150\" height=\"150\" src=\"https:\/\/www.radiopiu.net\/wordpress\/wp-content\/uploads\/2024\/03\/b314e6ad-70bc-4e5e-b616-ab2462ff857f-150x150.jpg\" class=\"attachment-thumbnail size-thumbnail\" alt=\"\" \/><\/a>\n\t\t\t\t<\/dt><\/dl><br style=\"clear: both\" \/>\n\t\t\t<\/div>\n\n<p>&nbsp;<\/p>\n<h2>LA RACCOLTA COMPLETA <a href=\"https:\/\/www.radiopiu.net\/wordpress\/goodbye-by-bicicle-un-viaggio-dallindia-a-seren-del-grappa-in-bicicletta-04\/\">CLICCA QUI<\/a><\/h2>\n<p>&nbsp;<\/p>\n<p>&nbsp;<\/p>\n<hr \/>\n<p>&nbsp;<\/p>\n<h2><span style=\"color: #ff0000;\"><a class=\"dt-pswp-item\" href=\"https:\/\/www.radiopiu.net\/wordpress\/wp-content\/uploads\/2018\/09\/appuntamenti.jpeg\" data-dt-img-description=\"\" data-large_image_width=\"800\" data-large_image_height=\"100\"><img loading=\"lazy\" decoding=\"async\" class=\"wp-image-61958 size-full aligncenter\" src=\"https:\/\/www.radiopiu.net\/wordpress\/wp-content\/uploads\/2018\/09\/appuntamenti.jpeg\" alt=\"\" width=\"800\" height=\"100\" srcset=\"https:\/\/www.radiopiu.net\/wordpress\/wp-content\/uploads\/2018\/09\/appuntamenti.jpeg 800w, https:\/\/www.radiopiu.net\/wordpress\/wp-content\/uploads\/2018\/09\/appuntamenti-300x38.jpeg 300w, https:\/\/www.radiopiu.net\/wordpress\/wp-content\/uploads\/2018\/09\/appuntamenti-768x96.jpeg 768w\" sizes=\"auto, (max-width: 800px) 100vw, 800px\" \/><\/a><\/span><\/h2>\n<p><strong>SABATO 16 MARZO Appuntamenti presso il Centro Astronomico di Arson<\/strong><strong style=\"font-size: 14px;\">: Luna alta risoluzione<\/strong><span style=\"font-size: 14px; font-weight: normal;\"> L&#8217;evento offre un&#8217;opportunit\u00e0 per osservare la Luna in dettaglio, con la possibilit\u00e0 di ammirare crateri, mari e altri dettagli attraverso telescopi e una camera planetaria. In caso di maltempo, verranno mostrati video e immagini delle regioni lunari. <\/span><span style=\"color: #000000;\">Ingresso 5 \u20ac, gratuito per soci e bambini fino a 11 anni. La prenotazione non \u00e8 necessaria.<\/span><\/p>\n<div>\n<div class=\"\" dir=\"auto\">\n<div id=\":r9h:\" class=\"x1iorvi4 x1pi30zi x1l90r2v x1swvt13\" data-ad-comet-preview=\"message\" data-ad-preview=\"message\">\n<div class=\"x78zum5 xdt5ytf xz62fqu x16ldp7u\">\n<div class=\"xu06os2 x1ok221b\">\n<p><strong>BELLUNO\u00a0<\/strong>Sabato con inizio alle 20 si terr\u00e0 nella Sala del Centro Congressi Giovanni XXIII\u00b0 di Belluno la conferenza organizzata dalla Associazione ContiamoCi!, coordinamento provinciale di Belluno dal titolo &#8220;Oltre il buio dell&#8217;ipocrisia&#8230;.&#8221;.<\/p>\n<h2><span style=\"color: #ff0000;\">PROSSIMAMENTE&#8230;<\/span><\/h2>\n<\/div>\n<\/div>\n<\/div>\n<\/div>\n<\/div>\n<blockquote>\n<div class=\"\" dir=\"auto\">\n<div id=\":r9h:\" class=\"x1iorvi4 x1pi30zi x1l90r2v x1swvt13\" data-ad-comet-preview=\"message\" data-ad-preview=\"message\">\n<div class=\"x78zum5 xdt5ytf xz62fqu x16ldp7u\">\n<p>&nbsp;<\/p>\n<\/div>\n<\/div>\n<\/div>\n<\/blockquote>\n<blockquote>\n<div class=\"\" dir=\"auto\">\n<div id=\":r9h:\" class=\"x1iorvi4 x1pi30zi x1l90r2v x1swvt13\" data-ad-comet-preview=\"message\" data-ad-preview=\"message\">\n<div class=\"x78zum5 xdt5ytf xz62fqu x16ldp7u\">\n<div class=\"xu06os2 x1ok221b\">\n<h3 dir=\"auto\"><\/h3>\n<h3 dir=\"auto\"><a class=\"dt-pswp-item\" href=\"https:\/\/www.radiopiu.net\/wordpress\/wp-content\/uploads\/2024\/03\/431799071_3701462953469797_3407377256265811588_n.jpg\" data-dt-img-description=\"\" data-large_image_width=\"512\" data-large_image_height=\"640\"><img loading=\"lazy\" decoding=\"async\" class=\"size-medium wp-image-378141 alignleft\" src=\"https:\/\/www.radiopiu.net\/wordpress\/wp-content\/uploads\/2024\/03\/431799071_3701462953469797_3407377256265811588_n-240x300.jpg\" alt=\"\" width=\"240\" height=\"300\" srcset=\"https:\/\/www.radiopiu.net\/wordpress\/wp-content\/uploads\/2024\/03\/431799071_3701462953469797_3407377256265811588_n-240x300.jpg 240w, https:\/\/www.radiopiu.net\/wordpress\/wp-content\/uploads\/2024\/03\/431799071_3701462953469797_3407377256265811588_n.jpg 512w\" sizes=\"auto, (max-width: 240px) 100vw, 240px\" \/><\/a>7 APRILE, LARESEI! SAVE THE DATE FESTIVAL &#8220;ULTIMISSIME&#8221;<\/h3>\n<\/div>\n<\/div>\n<\/div>\n<\/div>\n<\/blockquote>\n<div>\n<div class=\"\" dir=\"auto\">\n<div id=\":r9h:\" class=\"x1iorvi4 x1pi30zi x1l90r2v x1swvt13\" data-ad-comet-preview=\"message\" data-ad-preview=\"message\">\n<p>CON CAROLINA MARQUEZ, MASSIMILIANO OSSINI, CAMILLA RONCHI, ICE MC,\u00a0\u00a0\u00a0 NATHALIE AARTS, ALIEN CUT\u00a0 E SATURNINO<\/p>\n<p>Acquista il tuo biglietto d&#8217;ingresso al link: www.ciaotickets.com \u00a0 save-the-date-festival 7 APRILE RIFUGIO LARESEI<br \/>\nSKI AREA SAN PELLEGRINO-FALCADE<\/p>\n<p>&nbsp;<\/p>\n\n\t\t\t<style type='text\/css'>\n\t\t\t\t#gallery-7 {\n\t\t\t\t\tmargin: auto;\n\t\t\t\t}\n\t\t\t\t#gallery-7 .gallery-item {\n\t\t\t\t\tfloat: left;\n\t\t\t\t\tmargin-top: 10px;\n\t\t\t\t\ttext-align: center;\n\t\t\t\t\twidth: 25%;\n\t\t\t\t}\n\t\t\t\t#gallery-7 img {\n\t\t\t\t\tborder: 2px solid #cfcfcf;\n\t\t\t\t}\n\t\t\t\t#gallery-7 .gallery-caption {\n\t\t\t\t\tmargin-left: 0;\n\t\t\t\t}\n\t\t\t\t\/* see gallery_shortcode() in wp-includes\/media.php *\/\n\t\t\t<\/style>\n\t\t<div id='gallery-7' class='dt-gallery-container gallery galleryid-378332 gallery-columns-4 gallery-size-medium'><dl class='gallery-item'>\n\t\t\t\t<dt class='gallery-icon portrait'>\n\t\t\t\t\t<a class=\"rollover rollover-zoom dt-pswp-item\" title=\"SCR-20240306-qmql\" data-dt-img-description=\"\" data-large_image_width=\"1182\" data-large_image_height=\"1192\"href='https:\/\/www.radiopiu.net\/wordpress\/wp-content\/uploads\/2024\/03\/SCR-20240306-qmql.jpeg'><img loading=\"lazy\" decoding=\"async\" width=\"297\" height=\"300\" src=\"https:\/\/www.radiopiu.net\/wordpress\/wp-content\/uploads\/2024\/03\/SCR-20240306-qmql-297x300.jpeg\" class=\"attachment-medium size-medium\" alt=\"\" srcset=\"https:\/\/www.radiopiu.net\/wordpress\/wp-content\/uploads\/2024\/03\/SCR-20240306-qmql-297x300.jpeg 297w, https:\/\/www.radiopiu.net\/wordpress\/wp-content\/uploads\/2024\/03\/SCR-20240306-qmql-1015x1024.jpeg 1015w, https:\/\/www.radiopiu.net\/wordpress\/wp-content\/uploads\/2024\/03\/SCR-20240306-qmql-768x774.jpeg 768w, https:\/\/www.radiopiu.net\/wordpress\/wp-content\/uploads\/2024\/03\/SCR-20240306-qmql.jpeg 1182w\" sizes=\"auto, (max-width: 297px) 100vw, 297px\" \/><\/a>\n\t\t\t\t<\/dt><\/dl><dl class='gallery-item'>\n\t\t\t\t<dt class='gallery-icon landscape'>\n\t\t\t\t\t<a class=\"rollover rollover-zoom dt-pswp-item\" title=\"download\" data-dt-img-description=\"\" data-large_image_width=\"316\" data-large_image_height=\"315\"href='https:\/\/www.radiopiu.net\/wordpress\/wp-content\/uploads\/2024\/03\/download.jpg'><img loading=\"lazy\" decoding=\"async\" width=\"300\" height=\"300\" src=\"https:\/\/www.radiopiu.net\/wordpress\/wp-content\/uploads\/2024\/03\/download-300x300.jpg\" class=\"attachment-medium size-medium\" alt=\"\" srcset=\"https:\/\/www.radiopiu.net\/wordpress\/wp-content\/uploads\/2024\/03\/download-300x300.jpg 300w, https:\/\/www.radiopiu.net\/wordpress\/wp-content\/uploads\/2024\/03\/download-150x150.jpg 150w, https:\/\/www.radiopiu.net\/wordpress\/wp-content\/uploads\/2024\/03\/download.jpg 316w\" sizes=\"auto, (max-width: 300px) 100vw, 300px\" \/><\/a>\n\t\t\t\t<\/dt><\/dl><dl class='gallery-item'>\n\t\t\t\t<dt class='gallery-icon landscape'>\n\t\t\t\t\t<a class=\"rollover rollover-zoom dt-pswp-item\" title=\"download\" data-dt-img-description=\"\" data-large_image_width=\"640\" data-large_image_height=\"639\"href='https:\/\/www.radiopiu.net\/wordpress\/wp-content\/uploads\/2024\/02\/download-6.jpg'><img loading=\"lazy\" decoding=\"async\" width=\"300\" height=\"300\" src=\"https:\/\/www.radiopiu.net\/wordpress\/wp-content\/uploads\/2024\/02\/download-6-300x300.jpg\" class=\"attachment-medium size-medium\" alt=\"\" srcset=\"https:\/\/www.radiopiu.net\/wordpress\/wp-content\/uploads\/2024\/02\/download-6-300x300.jpg 300w, https:\/\/www.radiopiu.net\/wordpress\/wp-content\/uploads\/2024\/02\/download-6-150x150.jpg 150w, https:\/\/www.radiopiu.net\/wordpress\/wp-content\/uploads\/2024\/02\/download-6.jpg 640w\" sizes=\"auto, (max-width: 300px) 100vw, 300px\" \/><\/a>\n\t\t\t\t<\/dt><\/dl><dl class='gallery-item'>\n\t\t\t\t<dt class='gallery-icon landscape'>\n\t\t\t\t\t<a class=\"rollover rollover-zoom dt-pswp-item\" title=\"Senza nome\" data-dt-img-description=\"\" data-large_image_width=\"566\" data-large_image_height=\"463\"href='https:\/\/www.radiopiu.net\/wordpress\/wp-content\/uploads\/2024\/03\/Senza-nome-4.png'><img loading=\"lazy\" decoding=\"async\" width=\"300\" height=\"245\" src=\"https:\/\/www.radiopiu.net\/wordpress\/wp-content\/uploads\/2024\/03\/Senza-nome-4-300x245.png\" class=\"attachment-medium size-medium\" alt=\"\" srcset=\"https:\/\/www.radiopiu.net\/wordpress\/wp-content\/uploads\/2024\/03\/Senza-nome-4-300x245.png 300w, https:\/\/www.radiopiu.net\/wordpress\/wp-content\/uploads\/2024\/03\/Senza-nome-4.png 566w\" sizes=\"auto, (max-width: 300px) 100vw, 300px\" \/><\/a>\n\t\t\t\t<\/dt><\/dl><br style=\"clear: both\" \/><dl class='gallery-item'>\n\t\t\t\t<dt class='gallery-icon landscape'>\n\t\t\t\t\t<a class=\"rollover rollover-zoom dt-pswp-item\" title=\"download\" data-dt-img-description=\"\" data-large_image_width=\"640\" data-large_image_height=\"639\"href='https:\/\/www.radiopiu.net\/wordpress\/wp-content\/uploads\/2024\/02\/download-5.jpg'><img loading=\"lazy\" decoding=\"async\" width=\"300\" height=\"300\" src=\"https:\/\/www.radiopiu.net\/wordpress\/wp-content\/uploads\/2024\/02\/download-5-300x300.jpg\" class=\"attachment-medium size-medium\" alt=\"\" srcset=\"https:\/\/www.radiopiu.net\/wordpress\/wp-content\/uploads\/2024\/02\/download-5-300x300.jpg 300w, https:\/\/www.radiopiu.net\/wordpress\/wp-content\/uploads\/2024\/02\/download-5-150x150.jpg 150w, https:\/\/www.radiopiu.net\/wordpress\/wp-content\/uploads\/2024\/02\/download-5.jpg 640w\" sizes=\"auto, (max-width: 300px) 100vw, 300px\" \/><\/a>\n\t\t\t\t<\/dt><\/dl><dl class='gallery-item'>\n\t\t\t\t<dt class='gallery-icon landscape'>\n\t\t\t\t\t<a class=\"rollover rollover-zoom dt-pswp-item\" title=\"Senza nome\" data-dt-img-description=\"\" data-large_image_width=\"415\" data-large_image_height=\"390\"href='https:\/\/www.radiopiu.net\/wordpress\/wp-content\/uploads\/2024\/03\/Senza-nome-10.png'><img loading=\"lazy\" decoding=\"async\" width=\"300\" height=\"282\" src=\"https:\/\/www.radiopiu.net\/wordpress\/wp-content\/uploads\/2024\/03\/Senza-nome-10-300x282.png\" class=\"attachment-medium size-medium\" alt=\"\" srcset=\"https:\/\/www.radiopiu.net\/wordpress\/wp-content\/uploads\/2024\/03\/Senza-nome-10-300x282.png 300w, https:\/\/www.radiopiu.net\/wordpress\/wp-content\/uploads\/2024\/03\/Senza-nome-10.png 415w\" sizes=\"auto, (max-width: 300px) 100vw, 300px\" \/><\/a>\n\t\t\t\t<\/dt><\/dl><dl class='gallery-item'>\n\t\t\t\t<dt class='gallery-icon landscape'>\n\t\t\t\t\t<a class=\"rollover rollover-zoom dt-pswp-item\" title=\"19c21029-a0ef-4986-8081-9facbbbce065\" data-dt-img-description=\"\" data-large_image_width=\"1080\" data-large_image_height=\"1080\"href='https:\/\/www.radiopiu.net\/wordpress\/wp-content\/uploads\/2024\/02\/19c21029-a0ef-4986-8081-9facbbbce065.jpg'><img loading=\"lazy\" decoding=\"async\" width=\"300\" height=\"300\" src=\"https:\/\/www.radiopiu.net\/wordpress\/wp-content\/uploads\/2024\/02\/19c21029-a0ef-4986-8081-9facbbbce065-300x300.jpg\" class=\"attachment-medium size-medium\" alt=\"\" srcset=\"https:\/\/www.radiopiu.net\/wordpress\/wp-content\/uploads\/2024\/02\/19c21029-a0ef-4986-8081-9facbbbce065-300x300.jpg 300w, https:\/\/www.radiopiu.net\/wordpress\/wp-content\/uploads\/2024\/02\/19c21029-a0ef-4986-8081-9facbbbce065-1024x1024.jpg 1024w, https:\/\/www.radiopiu.net\/wordpress\/wp-content\/uploads\/2024\/02\/19c21029-a0ef-4986-8081-9facbbbce065-150x150.jpg 150w, https:\/\/www.radiopiu.net\/wordpress\/wp-content\/uploads\/2024\/02\/19c21029-a0ef-4986-8081-9facbbbce065-768x768.jpg 768w, https:\/\/www.radiopiu.net\/wordpress\/wp-content\/uploads\/2024\/02\/19c21029-a0ef-4986-8081-9facbbbce065.jpg 1080w\" sizes=\"auto, (max-width: 300px) 100vw, 300px\" \/><\/a>\n\t\t\t\t<\/dt><\/dl><dl class='gallery-item'>\n\t\t\t\t<dt class='gallery-icon landscape'>\n\t\t\t\t\t<a class=\"rollover rollover-zoom dt-pswp-item\" title=\"428458808_122124610286160269_8403615925720421881_n\" data-dt-img-description=\"\" data-large_image_width=\"526\" data-large_image_height=\"526\"href='https:\/\/www.radiopiu.net\/wordpress\/wp-content\/uploads\/2024\/02\/428458808_122124610286160269_8403615925720421881_n.jpg'><img loading=\"lazy\" decoding=\"async\" width=\"300\" height=\"300\" src=\"https:\/\/www.radiopiu.net\/wordpress\/wp-content\/uploads\/2024\/02\/428458808_122124610286160269_8403615925720421881_n-300x300.jpg\" class=\"attachment-medium size-medium\" alt=\"\" srcset=\"https:\/\/www.radiopiu.net\/wordpress\/wp-content\/uploads\/2024\/02\/428458808_122124610286160269_8403615925720421881_n-300x300.jpg 300w, https:\/\/www.radiopiu.net\/wordpress\/wp-content\/uploads\/2024\/02\/428458808_122124610286160269_8403615925720421881_n-150x150.jpg 150w, https:\/\/www.radiopiu.net\/wordpress\/wp-content\/uploads\/2024\/02\/428458808_122124610286160269_8403615925720421881_n.jpg 526w\" sizes=\"auto, (max-width: 300px) 100vw, 300px\" \/><\/a>\n\t\t\t\t<\/dt><\/dl><br style=\"clear: both\" \/>\n\t\t\t<\/div>\n\n<\/div>\n<\/div>\n<\/div>\n<blockquote>\n<div>\n<div class=\"\" dir=\"auto\">\n<div id=\":r9h:\" class=\"x1iorvi4 x1pi30zi x1l90r2v x1swvt13\" data-ad-comet-preview=\"message\" data-ad-preview=\"message\">\n<div class=\"x78zum5 xdt5ytf xz62fqu x16ldp7u\">\n<div class=\"xu06os2 x1ok221b\">\n<div dir=\"auto\"><\/div>\n<\/div>\n<\/div>\n<\/div>\n<\/div>\n<\/div>\n<\/blockquote>\n<p>&nbsp;<\/p>\n<p>&nbsp;<\/p>\n<hr \/>\n<p>&nbsp;<\/p>\n<p><a class=\"dt-pswp-item\" href=\"https:\/\/www.radiopiu.net\/wordpress\/wp-content\/uploads\/2018\/09\/viabilita.jpeg\" data-dt-img-description=\"\" data-large_image_width=\"800\" data-large_image_height=\"100\"><img loading=\"lazy\" decoding=\"async\" class=\"aligncenter wp-image-61954 size-full\" src=\"https:\/\/www.radiopiu.net\/wordpress\/wp-content\/uploads\/2018\/09\/viabilita.jpeg\" alt=\"\" width=\"800\" height=\"100\" srcset=\"https:\/\/www.radiopiu.net\/wordpress\/wp-content\/uploads\/2018\/09\/viabilita.jpeg 800w, https:\/\/www.radiopiu.net\/wordpress\/wp-content\/uploads\/2018\/09\/viabilita-300x38.jpeg 300w, https:\/\/www.radiopiu.net\/wordpress\/wp-content\/uploads\/2018\/09\/viabilita-768x96.jpeg 768w\" sizes=\"auto, (max-width: 800px) 100vw, 800px\" \/><\/a><\/p>\n<p>&nbsp;<\/p>\n<p><a class=\"dt-pswp-item\" href=\"https:\/\/www.radiopiu.net\/wordpress\/wp-content\/uploads\/2023\/12\/botol-car-service.jpg\" data-dt-img-description=\"\" data-large_image_width=\"600\" data-large_image_height=\"600\"><img loading=\"lazy\" decoding=\"async\" class=\"size-medium wp-image-367044 aligncenter\" src=\"https:\/\/www.radiopiu.net\/wordpress\/wp-content\/uploads\/2023\/12\/botol-car-service-300x300.jpg\" alt=\"\" width=\"300\" height=\"300\" srcset=\"https:\/\/www.radiopiu.net\/wordpress\/wp-content\/uploads\/2023\/12\/botol-car-service-300x300.jpg 300w, https:\/\/www.radiopiu.net\/wordpress\/wp-content\/uploads\/2023\/12\/botol-car-service-150x150.jpg 150w, https:\/\/www.radiopiu.net\/wordpress\/wp-content\/uploads\/2023\/12\/botol-car-service.jpg 600w\" sizes=\"auto, (max-width: 300px) 100vw, 300px\" \/><\/a><\/p>\n<p>&nbsp;<\/p>\n<blockquote class=\"wp-embedded-content\" data-secret=\"w9RkEgdeIE\"><p><a href=\"https:\/\/www.radiopiu.net\/wordpress\/viabilita\/\">viabilita<\/a><\/p><\/blockquote>\n<p><iframe loading=\"lazy\" class=\"wp-embedded-content\" sandbox=\"allow-scripts\" security=\"restricted\" style=\"position: absolute; clip: rect(1px, 1px, 1px, 1px);\" title=\"&#8220;viabilita&#8221; &#8212; Radio Pi\u00f9\" src=\"https:\/\/www.radiopiu.net\/wordpress\/viabilita\/embed\/#?secret=fziJmVyWxh#?secret=w9RkEgdeIE\" data-secret=\"w9RkEgdeIE\" width=\"600\" height=\"338\" frameborder=\"0\" marginwidth=\"0\" marginheight=\"0\" scrolling=\"no\"><\/iframe><\/p>\n<p>&nbsp;<\/p>\n<hr \/>\n<p>&nbsp;<\/p>\n<p><a class=\"dt-pswp-item\" href=\"https:\/\/www.radiopiu.net\/wordpress\/wp-content\/uploads\/2018\/09\/WhatsApp-Image-2018-09-20-at-16.04.06.jpeg\" data-dt-img-description=\"\" data-large_image_width=\"800\" data-large_image_height=\"100\"><img loading=\"lazy\" decoding=\"async\" class=\"wp-image-61378 size-full aligncenter\" src=\"https:\/\/www.radiopiu.net\/wordpress\/wp-content\/uploads\/2018\/09\/WhatsApp-Image-2018-09-20-at-16.04.06.jpeg\" alt=\"\" width=\"800\" height=\"100\" srcset=\"https:\/\/www.radiopiu.net\/wordpress\/wp-content\/uploads\/2018\/09\/WhatsApp-Image-2018-09-20-at-16.04.06.jpeg 800w, https:\/\/www.radiopiu.net\/wordpress\/wp-content\/uploads\/2018\/09\/WhatsApp-Image-2018-09-20-at-16.04.06-300x38.jpeg 300w, https:\/\/www.radiopiu.net\/wordpress\/wp-content\/uploads\/2018\/09\/WhatsApp-Image-2018-09-20-at-16.04.06-768x96.jpeg 768w\" sizes=\"auto, (max-width: 800px) 100vw, 800px\" \/><\/a><\/p>\n<p><center><\/center><center><\/center><center><\/center><center><\/center><center><\/center><center><\/center>&nbsp;<\/p>\n<p><center><b>OGGI<\/b><\/center>Fino al primo mattino residua nuvolosit\u00e0 specie su Dolomiti anche per nubi basse, in mattinata schiarite fino a sereno o poco nuvoloso su Prealpi centro-occidentali, velato su bellunese; nel pomeriggio da poco a parzialmente nuvoloso per annuvolamenti irregolari pi\u00f9 probabili su Prealpi. Verso sera nubi medio-alte su Prealpi.<br \/>\n<b>Precipitazioni: <\/b>Nel pomeriggio non del tutto escluso qualche isolato piovasco o rovescio su Prealpi con qualche eventuale fiocco oltre i 1500\/1600 m<br \/>\n<b>Temperature: <\/b>Temperature minime in calo nelle valli, massime in aumento anche marcato.<\/p>\n<hr \/>\n<p><center><b>DOMANI<\/b><\/center>Al mattino sereno o poco nuvoloso, nel pomeriggio parzialmente nuvoloso per nubi medio-alte e qualche irregolare addensamento.<br \/>\n<b>Precipitazioni: <\/b>Generalmente assenti<br \/>\n<b>Temperature: <\/b>Temperature minime stazionarie o in lieve calo a fondovalle, stazionarie o in lieve aumento le massime<\/p>\n<hr \/>\n<p><center><b>MERCOLEDI<\/b><\/center>Cielo generalmente poco nuvoloso con qualche addensamento su Prealpi nel pomeriggio. Precipitazioni generalmente assenti. Temperature in calo in quota.<\/p>\n<hr \/>\n<p><center><b>GIOVEDI<\/b><\/center>Cielo sereno o poco nuvoloso. Temperature in marcato aumento.<\/p>\n<p>&nbsp;<\/p>\n<p>&nbsp;<\/p>\n<hr \/>\n<p>&nbsp;<\/p>\n<p><img loading=\"lazy\" decoding=\"async\" class=\"wp-image-60761 size-full aligncenter\" src=\"https:\/\/www.radiopiu.net\/wordpress\/wp-content\/uploads\/2018\/09\/sport.jpg\" alt=\"\" width=\"800\" height=\"100\" srcset=\"https:\/\/www.radiopiu.net\/wordpress\/wp-content\/uploads\/2018\/09\/sport.jpg 800w, https:\/\/www.radiopiu.net\/wordpress\/wp-content\/uploads\/2018\/09\/sport-300x38.jpg 300w, https:\/\/www.radiopiu.net\/wordpress\/wp-content\/uploads\/2018\/09\/sport-768x96.jpg 768w\" sizes=\"auto, (max-width: 800px) 100vw, 800px\" \/><\/p>\n<p>&nbsp;<\/p>\n<p><span style=\"color: #0000ff;\"><strong>HOCKEY SU GHIACCIO\u00a0\u00a0<\/strong><\/span><\/p>\n<blockquote>\n<h3>L&#8217;ALLEGHE ESCE AI QUARTI DI FINALE CON L&#8217;APPIANO, MA A TESTA ALTA<\/h3>\n<\/blockquote>\n<p><strong>DI MARCO GAZ<\/strong><\/p>\n<p><span style=\"color: #ff0000;\"><strong>QUARTI DI FINALE IHL &#8211; GARA 4<\/strong><\/span><\/p>\n<p><strong>APPIANO \u2013 ALLEGHE 6-4<\/strong><\/p>\n<p>PARZIALI: 1-3, 2-0, 3-1<\/p>\n<p>GOL: Pt. 2\u201955\u201d Martini, 5\u201906\u201d Maekinen, 11\u201913\u201d Makela, 11\u201934\u201d G. Vinatzer. St. 8\u201949\u201d Maekinen, 11\u201936\u201d Raisanen. Tt. 9\u201903\u201d Graf, 11\u201949\u201d A. Vinatzer, 14\u201938\u201d Erlacher, 19\u201959\u201d Critelli<\/p>\n<p>Con il cuore e con le unghie l\u2019Alleghe ci ha provato in tutti i modi ma non ce l\u2019ha fatta a portare a gara 5 la serie dei quarti di finale della IHL. Il sogno di giocarsi la bella al De Toni \u00e8 durato poco pi\u00f9 di 30\u2019 poi l\u2019Appiano ha inserito la marcia giusta pareggiando i conti grazie a due superiorit\u00e0 numeriche e chiudendo la sfida nella terza frazione quando le civette erano stanche. La squadra di Scapinello saluta a testa altissima la IHL dopo un quarto di finale in cui ha lottato. Una stagione della rinascita con un gruppo affiatato che \u00e8 sempre rimasto unito anche nei momenti difficili, come quando gli agordini si sono trovati decimati dagli infortuni. I pirati strappano il pass per la semifinale ma i biancorossi hanno fatto sudare le famose sette camice agli altoatesini.\u00a0 Partono bene le civette che dopo 3\u2019 trovano la rete del vantaggio con Martini. Loris De Val ruba disco in balaustra, serve il compagno di squadra che non sbaglia. Appiano che risponde subito. Errore delle civette in fase difensiva e lesto Maekinen si fa trovare pronto all\u2019appuntamento con il gol. Gli agordini prendono in mano la partita e nel giro di pochi secondi portano a due le reti a favore. Prima Makela trova il pertugio per battere il portiere e subito dopo ci riesce anche Gabriel Vinatzer. Il match diventa nervoso, il coach dei pirati opta per cambiare il portiere ma i biancorossi continuano a spingere. Secondo tempo che inizia con gli agordini che si fanno subito pericolosi con Zherdev. Padroni di casa che provano a rialzare la testa impegnando Scola in pi\u00f9 occasioni. Alla prima penalit\u00e0 a favore l\u2019Appiano accorcia le distanze con un tiro dalla blu di Maekinen. L\u2019Alleghe si innervosisce e viene punito di nuovo. I pirati trovano la rete del pareggio con Raisanen. \u00a0Le squadre se la giocano e lo spettacolo non manca. Graf si divora il gol del vantaggio per gli altoatesini. Tensione alta nel terzo tempo con le squadre attente a non concedere nulla. Alleghe che non sfrutta un powerplay di 5\u2019 e padroni di casa che approfittano di un momento di stanchezza per portarsi in vantaggio con Graf. Agordini che sfruttano una penalit\u00e0 a favore per pareggiare i conti con Andreas Vinatzer. I pirati sembrano essere pi\u00f9 in forma ed Erlacher batte Scola su ribattuta. Ultimi minuti al cardiopalma con la squadra di Scapinello alla ricerca del pareggio rischiando qualcosa. L\u2019allenatore degli agordini opta per giocare gli ultimi minuti con l\u2019uomo in pi\u00f9 ma la scelta non da i frutti sperati e l\u2019Appiano strappa il pass per le semifinali con il gol a porta vuota di Critelli.<\/p>\n<p><strong>LE FOTO DI ROBERTO MIANA<\/strong><\/p>\n\n\t\t\t<style type='text\/css'>\n\t\t\t\t#gallery-8 {\n\t\t\t\t\tmargin: auto;\n\t\t\t\t}\n\t\t\t\t#gallery-8 .gallery-item {\n\t\t\t\t\tfloat: left;\n\t\t\t\t\tmargin-top: 10px;\n\t\t\t\t\ttext-align: center;\n\t\t\t\t\twidth: 14%;\n\t\t\t\t}\n\t\t\t\t#gallery-8 img {\n\t\t\t\t\tborder: 2px solid #cfcfcf;\n\t\t\t\t}\n\t\t\t\t#gallery-8 .gallery-caption {\n\t\t\t\t\tmargin-left: 0;\n\t\t\t\t}\n\t\t\t\t\/* see gallery_shortcode() in wp-includes\/media.php *\/\n\t\t\t<\/style>\n\t\t<div id='gallery-8' class='dt-gallery-container gallery galleryid-378332 gallery-columns-7 gallery-size-thumbnail'><dl class='gallery-item'>\n\t\t\t\t<dt class='gallery-icon landscape'>\n\t\t\t\t\t<a class=\"rollover rollover-zoom dt-pswp-item\" title=\"ac5d3b57-293c-4e07-8721-cc686763a886\" data-dt-img-description=\"\" data-large_image_width=\"1600\" data-large_image_height=\"1200\"href='https:\/\/www.radiopiu.net\/wordpress\/wp-content\/uploads\/2024\/03\/ac5d3b57-293c-4e07-8721-cc686763a886.jpg'><img loading=\"lazy\" decoding=\"async\" width=\"150\" height=\"150\" src=\"https:\/\/www.radiopiu.net\/wordpress\/wp-content\/uploads\/2024\/03\/ac5d3b57-293c-4e07-8721-cc686763a886-150x150.jpg\" class=\"attachment-thumbnail size-thumbnail\" alt=\"\" \/><\/a>\n\t\t\t\t<\/dt><\/dl><dl class='gallery-item'>\n\t\t\t\t<dt class='gallery-icon landscape'>\n\t\t\t\t\t<a class=\"rollover rollover-zoom dt-pswp-item\" title=\"d4b93588-a101-4975-8d39-46572afd6d97\" data-dt-img-description=\"\" data-large_image_width=\"1600\" data-large_image_height=\"1200\"href='https:\/\/www.radiopiu.net\/wordpress\/wp-content\/uploads\/2024\/03\/d4b93588-a101-4975-8d39-46572afd6d97.jpg'><img loading=\"lazy\" decoding=\"async\" width=\"150\" height=\"150\" src=\"https:\/\/www.radiopiu.net\/wordpress\/wp-content\/uploads\/2024\/03\/d4b93588-a101-4975-8d39-46572afd6d97-150x150.jpg\" class=\"attachment-thumbnail size-thumbnail\" alt=\"\" \/><\/a>\n\t\t\t\t<\/dt><\/dl><dl class='gallery-item'>\n\t\t\t\t<dt class='gallery-icon landscape'>\n\t\t\t\t\t<a class=\"rollover rollover-zoom dt-pswp-item\" title=\"414caf6f-5da4-4f3a-8495-2d4f60efc49c\" data-dt-img-description=\"\" data-large_image_width=\"1600\" data-large_image_height=\"1200\"href='https:\/\/www.radiopiu.net\/wordpress\/wp-content\/uploads\/2024\/03\/414caf6f-5da4-4f3a-8495-2d4f60efc49c.jpg'><img loading=\"lazy\" decoding=\"async\" width=\"150\" height=\"150\" src=\"https:\/\/www.radiopiu.net\/wordpress\/wp-content\/uploads\/2024\/03\/414caf6f-5da4-4f3a-8495-2d4f60efc49c-150x150.jpg\" class=\"attachment-thumbnail size-thumbnail\" alt=\"\" \/><\/a>\n\t\t\t\t<\/dt><\/dl><dl class='gallery-item'>\n\t\t\t\t<dt class='gallery-icon landscape'>\n\t\t\t\t\t<a class=\"rollover rollover-zoom dt-pswp-item\" title=\"8192739f-0059-44bf-8dc8-7eb3a25548f7\" data-dt-img-description=\"\" data-large_image_width=\"1600\" data-large_image_height=\"1200\"href='https:\/\/www.radiopiu.net\/wordpress\/wp-content\/uploads\/2024\/03\/8192739f-0059-44bf-8dc8-7eb3a25548f7.jpg'><img loading=\"lazy\" decoding=\"async\" width=\"150\" height=\"150\" src=\"https:\/\/www.radiopiu.net\/wordpress\/wp-content\/uploads\/2024\/03\/8192739f-0059-44bf-8dc8-7eb3a25548f7-150x150.jpg\" class=\"attachment-thumbnail size-thumbnail\" alt=\"\" \/><\/a>\n\t\t\t\t<\/dt><\/dl><dl class='gallery-item'>\n\t\t\t\t<dt class='gallery-icon landscape'>\n\t\t\t\t\t<a class=\"rollover rollover-zoom dt-pswp-item\" title=\"1593cc61-5c37-48f4-ae81-5ee232efacaa\" data-dt-img-description=\"\" data-large_image_width=\"1600\" data-large_image_height=\"1200\"href='https:\/\/www.radiopiu.net\/wordpress\/wp-content\/uploads\/2024\/03\/1593cc61-5c37-48f4-ae81-5ee232efacaa.jpg'><img loading=\"lazy\" decoding=\"async\" width=\"150\" height=\"150\" src=\"https:\/\/www.radiopiu.net\/wordpress\/wp-content\/uploads\/2024\/03\/1593cc61-5c37-48f4-ae81-5ee232efacaa-150x150.jpg\" class=\"attachment-thumbnail size-thumbnail\" alt=\"\" \/><\/a>\n\t\t\t\t<\/dt><\/dl><dl class='gallery-item'>\n\t\t\t\t<dt class='gallery-icon landscape'>\n\t\t\t\t\t<a class=\"rollover rollover-zoom dt-pswp-item\" title=\"c79aac81-4cfe-4e0f-9014-17c479b33818\" data-dt-img-description=\"\" data-large_image_width=\"1600\" data-large_image_height=\"1200\"href='https:\/\/www.radiopiu.net\/wordpress\/wp-content\/uploads\/2024\/03\/c79aac81-4cfe-4e0f-9014-17c479b33818.jpg'><img loading=\"lazy\" decoding=\"async\" width=\"150\" height=\"150\" src=\"https:\/\/www.radiopiu.net\/wordpress\/wp-content\/uploads\/2024\/03\/c79aac81-4cfe-4e0f-9014-17c479b33818-150x150.jpg\" class=\"attachment-thumbnail size-thumbnail\" alt=\"\" \/><\/a>\n\t\t\t\t<\/dt><\/dl><dl class='gallery-item'>\n\t\t\t\t<dt class='gallery-icon landscape'>\n\t\t\t\t\t<a class=\"rollover rollover-zoom dt-pswp-item\" title=\"031fe814-6d92-4bb4-9367-ad0233da9e73\" data-dt-img-description=\"\" data-large_image_width=\"1600\" data-large_image_height=\"1200\"href='https:\/\/www.radiopiu.net\/wordpress\/wp-content\/uploads\/2024\/03\/031fe814-6d92-4bb4-9367-ad0233da9e73.jpg'><img loading=\"lazy\" decoding=\"async\" width=\"150\" height=\"150\" src=\"https:\/\/www.radiopiu.net\/wordpress\/wp-content\/uploads\/2024\/03\/031fe814-6d92-4bb4-9367-ad0233da9e73-150x150.jpg\" class=\"attachment-thumbnail size-thumbnail\" alt=\"\" \/><\/a>\n\t\t\t\t<\/dt><\/dl><br style=\"clear: both\" \/>\n\t\t\t<\/div>\n\n<p>&nbsp;<\/p>\n<blockquote>\n<h3>LA LETTERA DI RINGRAZIAMENTO DI ADRIANO LEVIS, PRESIDENTE DELL&#8217;ALLEGHE HOCKEY<\/h3>\n<\/blockquote>\n<p><strong><a class=\"dt-pswp-item\" href=\"https:\/\/www.radiopiu.net\/wordpress\/wp-content\/uploads\/2023\/05\/ADRIANO-LEVIS-PRIMO-PIANO.jpg\" data-dt-img-description=\"\" data-large_image_width=\"1876\" data-large_image_height=\"1235\"><img loading=\"lazy\" decoding=\"async\" class=\" wp-image-338181 alignleft\" src=\"https:\/\/www.radiopiu.net\/wordpress\/wp-content\/uploads\/2023\/05\/ADRIANO-LEVIS-PRIMO-PIANO-300x197.jpg\" alt=\"\" width=\"178\" height=\"117\" srcset=\"https:\/\/www.radiopiu.net\/wordpress\/wp-content\/uploads\/2023\/05\/ADRIANO-LEVIS-PRIMO-PIANO-300x197.jpg 300w, https:\/\/www.radiopiu.net\/wordpress\/wp-content\/uploads\/2023\/05\/ADRIANO-LEVIS-PRIMO-PIANO-1024x674.jpg 1024w, https:\/\/www.radiopiu.net\/wordpress\/wp-content\/uploads\/2023\/05\/ADRIANO-LEVIS-PRIMO-PIANO-768x506.jpg 768w, https:\/\/www.radiopiu.net\/wordpress\/wp-content\/uploads\/2023\/05\/ADRIANO-LEVIS-PRIMO-PIANO-1536x1011.jpg 1536w, https:\/\/www.radiopiu.net\/wordpress\/wp-content\/uploads\/2023\/05\/ADRIANO-LEVIS-PRIMO-PIANO.jpg 1876w\" sizes=\"auto, (max-width: 178px) 100vw, 178px\" \/><\/a>DI ADRIANO LEVIS, PRESIDENTE DELL&#8217;ALLEGHE HOCKEY<\/strong><\/p>\n<p>\u00c8 stata una grande Stagione. Siamo riusciti piano piano nel ricostruire attorno alla Squadra quel antico amore che per tanti anni ha accompagnato il nostro cammino che dura da 90 anni. L\u2019uscita ai quarti di finale ci fa male, perch\u00e9 Noi ci credevamo fino alla fine, per\u00f2 il responso del ghiaccio \u00e8 stato questo e dobbiamo accettarlo: accettarlo e ripartire consci che siamo L\u2019Alleghe Hockey. Un grazie particolare a tutti i miei collaboratori, a tutti quelli che poco o tanto hanno aiutato nel creare questa atmosfera fantastica. Un grazie particolare Matthias Levis e Manuel Da Tos che si sono prodigati nel costruire e seguire questa Squadra. Un grazie particolare si numerosi tifosi che sempre hanno riempito le gradinate dell&#8217;Alvise De Toni. Un grazie a tutta la Squadra che ha lottato fino alla fine , anche contro la sfortuna che nei momenti \u201c caldi \u201c ci ha accompagnato con accanimento. Un GRAZIE particolare al gruppo dei \u201c Warriors \u201c, ragazzi fantastici, che per tutta la stagione hanno accompagnato la Squadra in casa e nelle trasferte, con la neve, con la pioggia, con il ghiaccio, ma loro c\u2019erano e quindi GRAZIE DI CUORE. Grazie a tutto lo staff di Radio Pi\u00f9 che ci ha aiutato e seguiti nel costruire questa nuova atmosfera positiva attorno al De Toni, attorno a L\u2019Alleghe Hockey. Il nostro cammino non finisce qua perch\u00e9 abbiamo tutto il settore giovanile ancora impegnato e ci sta dando delle ottime soddisfazioni, dai pi\u00f9 piccoli ai pi\u00f9 grandi e questo ci fa bene sperare per futuro positivo. Grazie a TUTTI<\/p>\n<p>&nbsp;<\/p>\n<blockquote>\n<h3>IL VARESE ESPUGNA IL PALAFELTRE PORTANDO A GARA 5 LA SFIDA CON I PICCHI<\/h3>\n<\/blockquote>\n<p><strong><a class=\"dt-pswp-item\" href=\"https:\/\/www.radiopiu.net\/wordpress\/wp-content\/uploads\/2024\/01\/feltre-ghiaccio.jpg\" data-dt-img-description=\"\" data-large_image_width=\"2048\" data-large_image_height=\"1185\"><img loading=\"lazy\" decoding=\"async\" class=\" wp-image-369865 alignleft\" src=\"https:\/\/www.radiopiu.net\/wordpress\/wp-content\/uploads\/2024\/01\/feltre-ghiaccio-300x174.jpg\" alt=\"\" width=\"188\" height=\"109\" srcset=\"https:\/\/www.radiopiu.net\/wordpress\/wp-content\/uploads\/2024\/01\/feltre-ghiaccio-300x174.jpg 300w, https:\/\/www.radiopiu.net\/wordpress\/wp-content\/uploads\/2024\/01\/feltre-ghiaccio-1024x593.jpg 1024w, https:\/\/www.radiopiu.net\/wordpress\/wp-content\/uploads\/2024\/01\/feltre-ghiaccio-768x444.jpg 768w, https:\/\/www.radiopiu.net\/wordpress\/wp-content\/uploads\/2024\/01\/feltre-ghiaccio-1536x889.jpg 1536w, https:\/\/www.radiopiu.net\/wordpress\/wp-content\/uploads\/2024\/01\/feltre-ghiaccio.jpg 2048w\" sizes=\"auto, (max-width: 188px) 100vw, 188px\" \/><\/a>DI MARCO GAZ<\/strong><\/p>\n<p><span style=\"color: #ff0000;\"><strong>QUARTI DI FINALE IHL &#8211; GARA 4<\/strong><\/span><\/p>\n<p><strong>FELTRE \u2013 VARESE 0-5<\/strong><\/p>\n<p>PARZIALI: 0-0, 0-2, 0-3<\/p>\n<p>GOL: St. 1\u201937\u201d Tilaro, 3\u201935 Pietroniro. Tt. 4\u201921 Pietroniro, 11\u201946\u201d Naslund, 14\u201943 Majul<\/p>\n<p>Il Feltre spreca anche il secondo match point della serie e marted\u00ec sar\u00e0 costretto ad una lunga trasferta per giocarsi la \u201cbella\u201d in quel di Varese. Al PalaFeltre l\u2019imbattibilit\u00e0 dei padroni di casa dura solo un tempo poi i campioni in carica prendono coraggio chiudendo la partita nel terzo tempo assicurandosi cos\u00ec la possibilit\u00e0 di passare il turno. I picchi crollano tra le mura amiche mettendo cos\u00ec in discussione una serie che li ha visti in vantaggio per 2 a 0. Primi minuti di gara con le squadre che si studiano. Il Feltre ingrana la marcia giusta e mette in difficolt\u00e0 i lombardi in pi\u00f9 occasioni. Si va al primo riposo con le squadre in perfetta parit\u00e0. Nel secondo tempo il Varese passa subito avanti con Tilaro. Doccia fredda per i picchi che poco dopo subiscono la seconda rete dai mastini. Nonostante tutto la squadra bellunese ci mette impegno provando anche ad accorciare le distanze ma senza riuscirci. Ultima frazione con il Varese che chiude la partita. Prima Pietroniro sigla la doppietta personale e poi Naslund cala il poker per i varesotti. Majul chiude definitivamente la sfida assicurando al Varese una gara 5 che si prospetta combattuta.<\/p>\n<p>&nbsp;<\/p>\n<blockquote>\n<h3>DUE VITTORIE E UNA SCONFITTA PER LE GIOVANILI DELL&#8217;ALLEGHE HOCKEY<\/h3>\n<\/blockquote>\n<p><strong><a class=\"dt-pswp-item\" href=\"https:\/\/www.radiopiu.net\/wordpress\/wp-content\/uploads\/2021\/03\/hockey-2744905_1920.jpg\" data-dt-img-description=\"\" data-large_image_width=\"1920\" data-large_image_height=\"1279\"><img loading=\"lazy\" decoding=\"async\" class=\" wp-image-197447 alignleft\" src=\"https:\/\/www.radiopiu.net\/wordpress\/wp-content\/uploads\/2021\/03\/hockey-2744905_1920-300x200.jpg\" alt=\"\" width=\"191\" height=\"127\" srcset=\"https:\/\/www.radiopiu.net\/wordpress\/wp-content\/uploads\/2021\/03\/hockey-2744905_1920-300x200.jpg 300w, https:\/\/www.radiopiu.net\/wordpress\/wp-content\/uploads\/2021\/03\/hockey-2744905_1920-1024x682.jpg 1024w, https:\/\/www.radiopiu.net\/wordpress\/wp-content\/uploads\/2021\/03\/hockey-2744905_1920-768x512.jpg 768w, https:\/\/www.radiopiu.net\/wordpress\/wp-content\/uploads\/2021\/03\/hockey-2744905_1920-1536x1023.jpg 1536w, https:\/\/www.radiopiu.net\/wordpress\/wp-content\/uploads\/2021\/03\/hockey-2744905_1920.jpg 1920w\" sizes=\"auto, (max-width: 191px) 100vw, 191px\" \/><\/a>di Marco Gaz<\/strong><\/p>\n<p><span style=\"color: #ff0000;\"><strong>UNDER 19<\/strong><\/span><\/p>\n<p><strong>CORTINA\/ALLEGHE \u2013 AOSTA 4-1<\/strong><\/p>\n<p>GOL CORTINA\/ALLEGHE: Viel, 2 Talamini, Constantini<\/p>\n<p>Vittoria in rimonta per la formazione bellunese under 19. Aosta che passa subito in vantaggio e riesce a mantenerlo per pi\u00f9 di mezz\u2019ora. Il Cortina\/Alleghe si sveglia nella seconda met\u00e0 della gara trovando due gol in rapida successione con Viel e Talamini. La squadra mista bellunese ingrana la marcia giusta e chiude la sfida con altre due marcature a firma di Constantini e Talamini.<\/p>\n<p><span style=\"color: #ff0000;\"><strong>UNDER 16<\/strong><\/span><\/p>\n<p><strong>CORTINA\/ALLEGHE \u2013 CALDARO 3-2<\/strong><\/p>\n<p>GOL CORTINA\/ALLEGHE: Alver\u00e0, Talamini, Fontanive<\/p>\n<p>Vittoria di misura per la squadra mista bellunese under 16 che all\u2019Olimpico di Cortina supera il Caldaro con un gol di scarto. Cortina\/Alleghe che subisce il gol ma subito risponde con Alver\u00e0. Nel secondo drittel arriva la rete di Talamini. Nella terza frazione gli altoatesini pareggiano i conti ma la reazione dei padroni di casa viene premiata con il gol di Fontanive a 10\u2019 dal termine.<\/p>\n<p><span style=\"color: #ff0000;\"><strong>UNDER 14 <\/strong><\/span><\/p>\n<p><strong>CALDARO \u2013 ALLEGHE\/CORTINA 6-3<\/strong><\/p>\n<p>Le giovani civette under 14 tornano dalla trasferta in terra altoatesina a mani vuote. Sconfitta per la squadra mista bellunese con il Caldaro che termina la contesa con un punteggio tennistico.<\/p>\n<p>&nbsp;<\/p>\n<p><span style=\"color: #0000ff;\"><strong>CALCIO<\/strong><\/span><\/p>\n<blockquote>\n<h3>AGORDINA E PIAVE AI BOX. PARTITE RINVIATE PER IL MALTEMPO<\/h3>\n<\/blockquote>\n<p><strong><a class=\"dt-pswp-item\" href=\"https:\/\/www.radiopiu.net\/wordpress\/wp-content\/uploads\/2018\/10\/CALCIO-PIOGGIA.jpg\" data-dt-img-description=\"\" data-large_image_width=\"900\" data-large_image_height=\"523\"><img loading=\"lazy\" decoding=\"async\" class=\" wp-image-65385 alignleft\" src=\"https:\/\/www.radiopiu.net\/wordpress\/wp-content\/uploads\/2018\/10\/CALCIO-PIOGGIA-300x174.jpg\" alt=\"\" width=\"188\" height=\"109\" srcset=\"https:\/\/www.radiopiu.net\/wordpress\/wp-content\/uploads\/2018\/10\/CALCIO-PIOGGIA-300x174.jpg 300w, https:\/\/www.radiopiu.net\/wordpress\/wp-content\/uploads\/2018\/10\/CALCIO-PIOGGIA-768x446.jpg 768w, https:\/\/www.radiopiu.net\/wordpress\/wp-content\/uploads\/2018\/10\/CALCIO-PIOGGIA.jpg 900w\" sizes=\"auto, (max-width: 188px) 100vw, 188px\" \/><\/a>DI MARCO GAZ<\/strong><\/p>\n<p><span style=\"color: #ff0000;\"><strong>TERZA CATEGORIA<\/strong><\/span><\/p>\n<p><strong>AGORDINA \u2013 ALPES CESIO RINVIATA<\/strong><\/p>\n<p><strong>TAMBRE \u2013 PIAVE RINVIATA<\/strong><\/p>\n<p>Anche questa volta il maltempo ha vinto sul calcio. Nella Terza Categoria della provincia di Belluno si sono giocate solo 3 partite su 7. Le altre sono state rinviate a data da destinarsi a causa del maltempo. Tra i rinvii anche le sfide di Agordina e Piave che per la seconda settimana consecutiva hanno dovuto alzare bandiera bianca con i giocatori che sono tornati a casa.<\/p>\n<p><strong>LA CLASSIFICA DELLA TERZA CATEGORIA:<\/strong> Gemelle 38, San Vittore 32, Fortogna 31, Domegge 30, Auronzo 29, Alpes Cesio 25, Valzoldana 20, Agordina e Piave e Dynamo Vellai 19, Cortina 16, Tambre 12, Lamonese 9, Cadore 3<\/p>\n<p><span style=\"color: #008000;\"><strong>GIOVANILI AGORDINA<\/strong><\/span><\/p>\n<p><span style=\"color: #ff0000;\"><strong>JUNIORES<\/strong><\/span><\/p>\n<p><strong>AGORDINA \u2013 ORSAGO 1-2<\/strong><\/p>\n<p>GOL AGORDINA: V. Marcon<\/p>\n<p>Lascia per strada tre punti fondamentali l&#8217;Agordina che scende in campo con poca determinazione e va sotto 2-0 tra la fine del primo tempo e l&#8217;inizio del secondo. Prova a riaprirla Valentino Marcon dal dischetto ma durante l&#8217;assalto finale l&#8217;Agordina non riesce mai a trovare lo spiraglio giusto per bucare la difesa avversaria. Testa ora alla sfida al vertice di sabato prossimo a Barbisano dove ci si gioca il tutto per tutto<\/p>\n<p><span style=\"color: #ff0000;\"><strong>ALLIEVI <\/strong><\/span><\/p>\n<p><strong>AGORDINA \u2013 CADORE 0-5<\/strong><\/p>\n<p>Gli Allievi dell\u2019Agordina tornano da Celarda con una sconfitta sonante contro il Cadore. Agordini che subiscono 5 reti dai cadorini in una partita a senso unico. Le occasioni per la squadra di Agordo ci sono state ma non sono state concretizzate.<\/p>\n<p><span style=\"color: #ff0000;\"><strong>GIOVANISSIMI<\/strong><\/span><\/p>\n<p><strong>AGORDINA sq. A \u2013 PEDAVENA 5-0<\/strong><\/p>\n<p>Appuntamento con i tre punti grazie al 5-0 con cui la squadra ha regolato il Pedavena.<\/p>\n<p>Francesco Campedel mette la firma sui primi tre gol, mentre nella ripresa un rigore di Matteo Da Ronch e il gol di Giacomo Rudatis chiudono il conto.<\/p>\n<p><strong>VALBELLUNA \u2013 AGORDINA sq. B 8-0<\/strong><\/p>\n<p>Trasferta amara per i ragazzi agordini che scendono a Lentiai decimati fra influenza e impegni famigliari inderogabili e imbottiti con ben 5 esordienti. Nonostante un ottimo primo tempo, sotto solo di 2 goal e con una ghiotta occasione sprecata dal giovanissimo Emre Chenet, crollano nel secondo tempo rifilati per altre 6 volte dalla squadra locale.<\/p>\n<p>&nbsp;<\/p>\n<p><span style=\"color: #0000ff;\"><strong>SNOWBOARD<\/strong><\/span><\/p>\n<blockquote>\n<h3>UN FINE SETTIMANA DA INCORNICIARE PER LUCIA DALMASSO<\/h3>\n<\/blockquote>\n<p><strong><a class=\"dt-pswp-item\" href=\"https:\/\/www.radiopiu.net\/wordpress\/wp-content\/uploads\/2024\/03\/431133868_17856384651117730_8263079381286953981_n.jpg\" data-dt-img-description=\"\" data-large_image_width=\"1235\" data-large_image_height=\"951\"><img loading=\"lazy\" decoding=\"async\" class=\" wp-image-378493 alignleft\" src=\"https:\/\/www.radiopiu.net\/wordpress\/wp-content\/uploads\/2024\/03\/431133868_17856384651117730_8263079381286953981_n-300x231.jpg\" alt=\"\" width=\"162\" height=\"125\" srcset=\"https:\/\/www.radiopiu.net\/wordpress\/wp-content\/uploads\/2024\/03\/431133868_17856384651117730_8263079381286953981_n-300x231.jpg 300w, https:\/\/www.radiopiu.net\/wordpress\/wp-content\/uploads\/2024\/03\/431133868_17856384651117730_8263079381286953981_n-1024x789.jpg 1024w, https:\/\/www.radiopiu.net\/wordpress\/wp-content\/uploads\/2024\/03\/431133868_17856384651117730_8263079381286953981_n-768x591.jpg 768w, https:\/\/www.radiopiu.net\/wordpress\/wp-content\/uploads\/2024\/03\/431133868_17856384651117730_8263079381286953981_n.jpg 1235w\" sizes=\"auto, (max-width: 162px) 100vw, 162px\" \/><\/a>REDAZIONE <\/strong>Lucia Dalmasso sorride con il terzo posto nell&#8217;ultima prova della Coppa del Mondo di snowboard, ottenendo il settimo podio della sua carriera e il quinto della stagione. Dopo superare avversarie agli ottavi e quarti, ha vinto la finalina contro Cheyenne Loch. Nel parallelo misto a squadre, Italia 2 (Daniele Bagozza e Lucia Dalmasso) ha trionfato, battendo la Slovenia 1 nella Big Final per soli 6 centesimi. Italia 1 (Maurizio Bormolini ed Elisa Caffont) ha ottenuto il terzo posto nella small final contro la Germania 2. La coppia italiana chiude la stagione con successo, celebrando la vittoria e dimostrando il talento nello snowboard alpino.<\/p>\n<p>&nbsp;<\/p>\n<p><span style=\"color: #0000ff;\"><strong>BIATHLON<\/strong><\/span><\/p>\n<blockquote>\n<h3>FRANCESCA OLIVIER NELLA TOP TEN AI CAMPIONATI ITALIANI DI BIATHLON<\/h3>\n<\/blockquote>\n<p><strong><a class=\"dt-pswp-item\" href=\"https:\/\/www.radiopiu.net\/wordpress\/wp-content\/uploads\/2024\/03\/francesca-olivier-Copia.jpg\" data-dt-img-description=\"\" data-large_image_width=\"1193\" data-large_image_height=\"795\"><img loading=\"lazy\" decoding=\"async\" class=\" wp-image-378416 alignleft\" src=\"https:\/\/www.radiopiu.net\/wordpress\/wp-content\/uploads\/2024\/03\/francesca-olivier-Copia-300x200.jpg\" alt=\"\" width=\"152\" height=\"101\" srcset=\"https:\/\/www.radiopiu.net\/wordpress\/wp-content\/uploads\/2024\/03\/francesca-olivier-Copia-300x200.jpg 300w, https:\/\/www.radiopiu.net\/wordpress\/wp-content\/uploads\/2024\/03\/francesca-olivier-Copia-1024x682.jpg 1024w, https:\/\/www.radiopiu.net\/wordpress\/wp-content\/uploads\/2024\/03\/francesca-olivier-Copia-768x512.jpg 768w, https:\/\/www.radiopiu.net\/wordpress\/wp-content\/uploads\/2024\/03\/francesca-olivier-Copia.jpg 1193w\" sizes=\"auto, (max-width: 152px) 100vw, 152px\" \/><\/a>REDAZIONE<\/strong> Nella prima giornata dei Campionati italiani giovanili di biathlon a Val Ridanna, Bolzano, Francesca Olivier dello Sci Club Val Biois si \u00e8 piazzata nella top ten nella categoria Aspiranti, conquistando la decima posizione. Un risultato positivo per la giovane atleta durante la competizione.<\/p>\n<p>(foto: Fisi Veneto)<\/p>\n<p>&nbsp;<\/p>\n<p>&nbsp;<\/p>\n<blockquote>\n<h1>Il PR Dolomiti Volteggio brilla nella sua prima trasferta di gara<\/h1>\n<\/blockquote>\n<p><strong>LA VALLE AGORDINA<\/strong> Il team del PR Dolomiti Volteggio ha affrontato la sua prima trasferta di gara con determinazione e spirito sportivo. Complici i fantastici Art\u00f9 e Cisco, i nostri 9 atleti hanno ottenuto risultati straordinari che li rendono fieri. Le\u00a0 giovani promesse, Alice Donata Stieven (8 anni), Margherita Stieven (7 anni) e Nicole Bernardini (9 anni), hanno fatto il loro debutto in categoria L portando a casa un meraviglioso secondo posto in prima fascia e un quarto posto assoluto di categoria. Al loro primo approccio agonistico nella categoria D Oro, Irene De Toni ha conquistato un meritato primo posto. Anche Alessandro Oldrati e Mattia Giora hanno brillato, ottenendo l&#8217;oro nelle rispettive fasce e categoria D maschile. Cecilia Caldart si \u00e8 classificata al quinto posto nella categoria 1 stella juniores, mentre Aurora Zuanel ha conquistato l&#8217;argento nella categoria 1 stella children. Diletta Caldart ha raggiunto l&#8217;oro nella stessa categoria, garantendo a tutte e tre la qualifica per l&#8217;INTERNAZIONALE, in programma dal 26 al 30 Marzo a Portogruaro, dove affronteranno il miglior volteggio europeo. Lo staff del PR Dolomiti Volteggio \u00e8 entusiasta dei risultati straordinari ottenuti da tutti i suoi atleti e soprattutto della gioia e del divertimento che i ragazzi e i bambini hanno vissuto praticando questo magnifico sport. Nonostante le difficolt\u00e0 causate dalla pioggia incessante che ha accompagnato l&#8217;intera giornata, il team ha dimostrato grande determinazione e impegno. \u00a0STELLINE in azione a fine Marzo, quando cercheranno di difendere i colori del PR Dolomiti Volteggio con orgoglio e passione!<br \/>\n<strong>quattro medaglie d&#8217;oro!<\/strong><\/p>\n<table>\n<thead>\n<tr>\n<th>Atleta<\/th>\n<th>Categoria<\/th>\n<th>Risultato<\/th>\n<\/tr>\n<\/thead>\n<tbody>\n<tr>\n<td>Alice Donata Stieven<\/td>\n<td>Prima Fascia<\/td>\n<td>2\u00b0 posto<\/td>\n<\/tr>\n<tr>\n<td>Margherita Stieven<\/td>\n<td>Prima Fascia<\/td>\n<td>4\u00b0 posto<\/td>\n<\/tr>\n<tr>\n<td>Nicole Bernardini<\/td>\n<td>Categoria L<\/td>\n<td>4\u00b0 posto<\/td>\n<\/tr>\n<tr>\n<td>Irene De Toni<\/td>\n<td>Categoria D Oro<\/td>\n<td>1\u00b0 posto<\/td>\n<\/tr>\n<tr>\n<td>Alessandro Oldrati<\/td>\n<td>Categoria D Maschile<\/td>\n<td>1\u00b0 posto<\/td>\n<\/tr>\n<tr>\n<td>Mattia Giora<\/td>\n<td>Categoria D Maschile<\/td>\n<td>1\u00b0 posto<\/td>\n<\/tr>\n<tr>\n<td>Cecilia Caldart<\/td>\n<td>Categoria 1 Stella Juniores<\/td>\n<td>5\u00b0 posto<\/td>\n<\/tr>\n<tr>\n<td>Aurora Zuanel<\/td>\n<td>Categoria 1 Stella Children<\/td>\n<td>2\u00b0 posto<\/td>\n<\/tr>\n<tr>\n<td>Diletta Caldart<\/td>\n<td>Categoria 1 Stella Children<\/td>\n<td>1\u00b0 posto<\/td>\n<\/tr>\n<\/tbody>\n<\/table>\n<p>&nbsp;<\/p>\n\n\t\t\t<style type='text\/css'>\n\t\t\t\t#gallery-9 {\n\t\t\t\t\tmargin: auto;\n\t\t\t\t}\n\t\t\t\t#gallery-9 .gallery-item {\n\t\t\t\t\tfloat: left;\n\t\t\t\t\tmargin-top: 10px;\n\t\t\t\t\ttext-align: center;\n\t\t\t\t\twidth: 25%;\n\t\t\t\t}\n\t\t\t\t#gallery-9 img {\n\t\t\t\t\tborder: 2px solid #cfcfcf;\n\t\t\t\t}\n\t\t\t\t#gallery-9 .gallery-caption {\n\t\t\t\t\tmargin-left: 0;\n\t\t\t\t}\n\t\t\t\t\/* see gallery_shortcode() in wp-includes\/media.php *\/\n\t\t\t<\/style>\n\t\t<div id='gallery-9' class='dt-gallery-container gallery galleryid-378332 gallery-columns-4 gallery-size-thumbnail'><dl class='gallery-item'>\n\t\t\t\t<dt class='gallery-icon portrait'>\n\t\t\t\t\t<a class=\"rollover rollover-zoom dt-pswp-item\" title=\"9f4a2a38-c3d8-4347-9685-dd4677bbca4b\" data-dt-img-description=\"\" data-large_image_width=\"1204\" data-large_image_height=\"1600\"href='https:\/\/www.radiopiu.net\/wordpress\/wp-content\/uploads\/2024\/03\/9f4a2a38-c3d8-4347-9685-dd4677bbca4b.jpg'><img loading=\"lazy\" decoding=\"async\" width=\"150\" height=\"150\" src=\"https:\/\/www.radiopiu.net\/wordpress\/wp-content\/uploads\/2024\/03\/9f4a2a38-c3d8-4347-9685-dd4677bbca4b-150x150.jpg\" class=\"attachment-thumbnail size-thumbnail\" alt=\"\" \/><\/a>\n\t\t\t\t<\/dt><\/dl><dl class='gallery-item'>\n\t\t\t\t<dt class='gallery-icon landscape'>\n\t\t\t\t\t<a class=\"rollover rollover-zoom dt-pswp-item\" title=\"fc29e3cb-a8bd-4aea-a0dc-862e8343db36\" data-dt-img-description=\"\" data-large_image_width=\"1600\" data-large_image_height=\"1066\"href='https:\/\/www.radiopiu.net\/wordpress\/wp-content\/uploads\/2024\/03\/fc29e3cb-a8bd-4aea-a0dc-862e8343db36.jpg'><img loading=\"lazy\" decoding=\"async\" width=\"150\" height=\"150\" src=\"https:\/\/www.radiopiu.net\/wordpress\/wp-content\/uploads\/2024\/03\/fc29e3cb-a8bd-4aea-a0dc-862e8343db36-150x150.jpg\" class=\"attachment-thumbnail size-thumbnail\" alt=\"\" \/><\/a>\n\t\t\t\t<\/dt><\/dl><dl class='gallery-item'>\n\t\t\t\t<dt class='gallery-icon landscape'>\n\t\t\t\t\t<a class=\"rollover rollover-zoom dt-pswp-item\" title=\"64598405-77da-4677-a4d3-597c94d8dd59\" data-dt-img-description=\"\" data-large_image_width=\"1824\" data-large_image_height=\"1216\"href='https:\/\/www.radiopiu.net\/wordpress\/wp-content\/uploads\/2024\/03\/64598405-77da-4677-a4d3-597c94d8dd59.jpg'><img loading=\"lazy\" decoding=\"async\" width=\"150\" height=\"150\" src=\"https:\/\/www.radiopiu.net\/wordpress\/wp-content\/uploads\/2024\/03\/64598405-77da-4677-a4d3-597c94d8dd59-150x150.jpg\" class=\"attachment-thumbnail size-thumbnail\" alt=\"\" \/><\/a>\n\t\t\t\t<\/dt><\/dl><dl class='gallery-item'>\n\t\t\t\t<dt class='gallery-icon landscape'>\n\t\t\t\t\t<a class=\"rollover rollover-zoom dt-pswp-item\" title=\"07d5f777-7225-4c44-86a1-9a4b24c3b038\" data-dt-img-description=\"\" data-large_image_width=\"1600\" data-large_image_height=\"1066\"href='https:\/\/www.radiopiu.net\/wordpress\/wp-content\/uploads\/2024\/03\/07d5f777-7225-4c44-86a1-9a4b24c3b038.jpg'><img loading=\"lazy\" decoding=\"async\" width=\"150\" height=\"150\" src=\"https:\/\/www.radiopiu.net\/wordpress\/wp-content\/uploads\/2024\/03\/07d5f777-7225-4c44-86a1-9a4b24c3b038-150x150.jpg\" class=\"attachment-thumbnail size-thumbnail\" alt=\"\" \/><\/a>\n\t\t\t\t<\/dt><\/dl><br style=\"clear: both\" \/><dl class='gallery-item'>\n\t\t\t\t<dt class='gallery-icon landscape'>\n\t\t\t\t\t<a class=\"rollover rollover-zoom dt-pswp-item\" title=\"424f5b9b-06d5-4ea0-9db3-0ff3a6563d26\" data-dt-img-description=\"\" data-large_image_width=\"1600\" data-large_image_height=\"1066\"href='https:\/\/www.radiopiu.net\/wordpress\/wp-content\/uploads\/2024\/03\/424f5b9b-06d5-4ea0-9db3-0ff3a6563d26.jpg'><img loading=\"lazy\" decoding=\"async\" width=\"150\" height=\"150\" src=\"https:\/\/www.radiopiu.net\/wordpress\/wp-content\/uploads\/2024\/03\/424f5b9b-06d5-4ea0-9db3-0ff3a6563d26-150x150.jpg\" class=\"attachment-thumbnail size-thumbnail\" alt=\"\" \/><\/a>\n\t\t\t\t<\/dt><\/dl><dl class='gallery-item'>\n\t\t\t\t<dt class='gallery-icon portrait'>\n\t\t\t\t\t<a class=\"rollover rollover-zoom dt-pswp-item\" title=\"7a66507a-444c-40dd-9946-0c62f9638e9a\" data-dt-img-description=\"\" data-large_image_width=\"1512\" data-large_image_height=\"2016\"href='https:\/\/www.radiopiu.net\/wordpress\/wp-content\/uploads\/2024\/03\/7a66507a-444c-40dd-9946-0c62f9638e9a.jpg'><img loading=\"lazy\" decoding=\"async\" width=\"150\" height=\"150\" src=\"https:\/\/www.radiopiu.net\/wordpress\/wp-content\/uploads\/2024\/03\/7a66507a-444c-40dd-9946-0c62f9638e9a-150x150.jpg\" class=\"attachment-thumbnail size-thumbnail\" alt=\"\" \/><\/a>\n\t\t\t\t<\/dt><\/dl><dl class='gallery-item'>\n\t\t\t\t<dt class='gallery-icon landscape'>\n\t\t\t\t\t<a class=\"rollover rollover-zoom dt-pswp-item\" title=\"1df37c71-0ff9-476d-95fe-4fb931849080\" data-dt-img-description=\"\" data-large_image_width=\"1600\" data-large_image_height=\"910\"href='https:\/\/www.radiopiu.net\/wordpress\/wp-content\/uploads\/2024\/03\/1df37c71-0ff9-476d-95fe-4fb931849080.jpg'><img loading=\"lazy\" decoding=\"async\" width=\"150\" height=\"150\" src=\"https:\/\/www.radiopiu.net\/wordpress\/wp-content\/uploads\/2024\/03\/1df37c71-0ff9-476d-95fe-4fb931849080-150x150.jpg\" class=\"attachment-thumbnail size-thumbnail\" alt=\"\" \/><\/a>\n\t\t\t\t<\/dt><\/dl><dl class='gallery-item'>\n\t\t\t\t<dt class='gallery-icon landscape'>\n\t\t\t\t\t<a class=\"rollover rollover-zoom dt-pswp-item\" title=\"86f24c26-3aef-4e6a-940d-fb56a5e673b8\" data-dt-img-description=\"\" data-large_image_width=\"1600\" data-large_image_height=\"871\"href='https:\/\/www.radiopiu.net\/wordpress\/wp-content\/uploads\/2024\/03\/86f24c26-3aef-4e6a-940d-fb56a5e673b8.jpg'><img loading=\"lazy\" decoding=\"async\" width=\"150\" height=\"150\" src=\"https:\/\/www.radiopiu.net\/wordpress\/wp-content\/uploads\/2024\/03\/86f24c26-3aef-4e6a-940d-fb56a5e673b8-150x150.jpg\" class=\"attachment-thumbnail size-thumbnail\" alt=\"\" \/><\/a>\n\t\t\t\t<\/dt><\/dl><br style=\"clear: both\" \/>\n\t\t\t<\/div>\n\n<p>__<\/p>\n<p>&nbsp;<\/p>\n<p><span style=\"color: #0000ff;\"><strong>PALLAVOLO\u00a0<\/strong><\/span><\/p>\n<blockquote>\n<h2><b>La capoclassifica sbanca la Spes Arena\u00a0\u00a0<\/b><\/h2>\n<\/blockquote>\n<p><b><a class=\"dt-pswp-item\" href=\"https:\/\/www.radiopiu.net\/wordpress\/wp-content\/uploads\/2024\/03\/Il_rammarico_di_Orto.jpg\" data-dt-img-description=\"\" data-large_image_width=\"993\" data-large_image_height=\"770\"><img loading=\"lazy\" decoding=\"async\" class=\"size-medium wp-image-378595 alignleft\" src=\"https:\/\/www.radiopiu.net\/wordpress\/wp-content\/uploads\/2024\/03\/Il_rammarico_di_Orto-300x233.jpg\" alt=\"\" width=\"300\" height=\"233\" srcset=\"https:\/\/www.radiopiu.net\/wordpress\/wp-content\/uploads\/2024\/03\/Il_rammarico_di_Orto-300x233.jpg 300w, https:\/\/www.radiopiu.net\/wordpress\/wp-content\/uploads\/2024\/03\/Il_rammarico_di_Orto-768x596.jpg 768w, https:\/\/www.radiopiu.net\/wordpress\/wp-content\/uploads\/2024\/03\/Il_rammarico_di_Orto.jpg 993w\" sizes=\"auto, (max-width: 300px) 100vw, 300px\" \/><\/a>BELLUNO VOLLEY-GABBIANO MANTOVA 0-3<\/b><\/p>\n<p><b>PARZIALI: <\/b>26-28, 20-25, 31-33.<span class=\"gmail-Apple-converted-space\"> \u00a0<\/span><b>BELLUNO VOLLEY:<\/b> Ferrato 3, Bisi 14, Bucko 13, Reyes 7, Mozzato 5, Antonaci 5; Orto (L), Schiro 8, I. Martinez, Stufano 1, Guolla, De Col, G. Martinez, Fraccaro (L). Allenatore: G. Colussi.<\/p>\n<p>La spunta <b>Mantova<\/b>\u00a0, il <b>Gabbiano<\/b> vola alto e spezza la striscia positiva dei rinoceronti: una striscia che durava da sei partite. Una fotocopia dell\u2019andata. Tanto equilibrio, due set su tre chiusi ai vantaggi, ma a sorridere \u00e8 sempre la formazione virgiliana, pi\u00f9 solida e continua nei momenti topici dell\u2019incontro.\u00a0 I bellunesi\u00a0 pagano a caro prezzo i troppi errori al servizio (19) e, dopo il secondo passivo casalingo di questo campionato, scivolano dal podio: ora sono quarti, dietro a Motta di Livenza.<span class=\"gmail-Apple-converted-space\">\u00a0<\/span><\/p>\n<p>&nbsp;<\/p>\n<hr \/>\n<p>&nbsp;<\/p>\n<blockquote>\n<h3>UN FINE SETTIMANA DA INCORNICIARE PER LA PALLAVOLO FEMMINILE BELLUNO<\/h3>\n<\/blockquote>\n<p><span style=\"color: #ff0000;\"><strong><a class=\"dt-pswp-item\" href=\"https:\/\/www.radiopiu.net\/wordpress\/wp-content\/uploads\/2024\/03\/Serie_C_vittoriosa_a_Castelfranco.jpg\" data-dt-img-description=\"\" data-large_image_width=\"679\" data-large_image_height=\"412\"><img loading=\"lazy\" decoding=\"async\" class=\" wp-image-378439 alignleft\" src=\"https:\/\/www.radiopiu.net\/wordpress\/wp-content\/uploads\/2024\/03\/Serie_C_vittoriosa_a_Castelfranco-300x182.jpg\" alt=\"\" width=\"186\" height=\"113\" srcset=\"https:\/\/www.radiopiu.net\/wordpress\/wp-content\/uploads\/2024\/03\/Serie_C_vittoriosa_a_Castelfranco-300x182.jpg 300w, https:\/\/www.radiopiu.net\/wordpress\/wp-content\/uploads\/2024\/03\/Serie_C_vittoriosa_a_Castelfranco.jpg 679w\" sizes=\"auto, (max-width: 186px) 100vw, 186px\" \/><\/a>SERIE C<\/strong><\/span><\/p>\n<p><b>GIORGIONE-HOMECLICK SB VOLLEY 0-3 (<\/b><b>2<\/b><strong>2-25, 21-25, 17-25)<\/strong><\/p>\n<p>Seconda vittoria consecutiva per la Homeclick di serie C. Dopo aver superato la capolista, tra le mura amiche del De Mas, la squadra di Josh De Salvador fa la voce grossa anche in trasferta: a Castelfranco Veneto, non sottovaluta l\u2019impegno e, al cospetto del Giorgione, chiude ogni discorso in tre set. In pi\u00f9, approfittando dello scontro diretto tra Asolo e Gs Volpe (3-2 per le trevigiane il risultato), riacciuffa la seconda posizione, in tandem con le rodigine. Questo significa che, in chiave playoff, la SB Volley torna a essere padrona del proprio destino.<span class=\"gmail-Apple-converted-space\">\u00a0<\/span><\/p>\n<p><span style=\"color: #ff0000;\"><strong><a class=\"dt-pswp-item\" href=\"https:\/\/www.radiopiu.net\/wordpress\/wp-content\/uploads\/2024\/03\/Il_gruppo_di_serie_D_supera_Costabissara.jpg\" data-dt-img-description=\"\" data-large_image_width=\"800\" data-large_image_height=\"400\"><img loading=\"lazy\" decoding=\"async\" class=\" wp-image-378440 alignright\" src=\"https:\/\/www.radiopiu.net\/wordpress\/wp-content\/uploads\/2024\/03\/Il_gruppo_di_serie_D_supera_Costabissara-300x150.jpg\" alt=\"\" width=\"228\" height=\"114\" srcset=\"https:\/\/www.radiopiu.net\/wordpress\/wp-content\/uploads\/2024\/03\/Il_gruppo_di_serie_D_supera_Costabissara-300x150.jpg 300w, https:\/\/www.radiopiu.net\/wordpress\/wp-content\/uploads\/2024\/03\/Il_gruppo_di_serie_D_supera_Costabissara-768x384.jpg 768w, https:\/\/www.radiopiu.net\/wordpress\/wp-content\/uploads\/2024\/03\/Il_gruppo_di_serie_D_supera_Costabissara.jpg 800w\" sizes=\"auto, (max-width: 228px) 100vw, 228px\" \/><\/a>SERIE D<\/strong><\/span><\/p>\n<p><b>HOMECLICK SB VOLLEY-ELTE COSTABISSARA 3-1 (<\/b><strong>25-20, 25-22, 23-25, 25-14)<\/strong><\/p>\n<p>La Homeclick di serie D perfeziona un autentico colpaccio. E conquista l\u2019intera posta in palio contro una big del girone: l\u2019Elte Costabissara, terza della classe. Per superare il sestetto vicentino, era necessaria una prova di altissimo profilo. E la SB Volley l\u2019ha sfoderata: continuo in attacco, efficace al servizio, \u201caspira-tutto\u201d in difesa, il collettivo di coach Pezzei ha interpretato al meglio un po\u2019 tutti i fondamentali e letto come un libro aperto i vari momenti della partita.<span class=\"gmail-Apple-converted-space\"> \u00a0<\/span>L\u2019unico momento di leggero calo? Nel terzo set. Anche se le padrone di casa, spinte dal pubblico di Mur di Cadola, hanno avuto il merito di risalire da uno svantaggio di 7 lunghezze e di operare l\u2019aggancio a quota 23, salvo poi cedere nel rush conclusivo.<span class=\"gmail-Apple-converted-space\">\u00a0<\/span><\/p>\n<p>&nbsp;<\/p>\n<blockquote>\n<h3>ANCORA UN FINE SETTIMANA NERO PER IL VOLLEY CLUB AGORDINO<\/h3>\n<\/blockquote>\n<p><strong><a class=\"dt-pswp-item\" href=\"https:\/\/www.radiopiu.net\/wordpress\/wp-content\/uploads\/2022\/04\/VOLLEY-CLUB-AGORDINO.jpg\" data-dt-img-description=\"\" data-large_image_width=\"500\" data-large_image_height=\"512\"><img loading=\"lazy\" decoding=\"async\" class=\" wp-image-268787 alignleft\" src=\"https:\/\/www.radiopiu.net\/wordpress\/wp-content\/uploads\/2022\/04\/VOLLEY-CLUB-AGORDINO-293x300.jpg\" alt=\"\" width=\"156\" height=\"160\" srcset=\"https:\/\/www.radiopiu.net\/wordpress\/wp-content\/uploads\/2022\/04\/VOLLEY-CLUB-AGORDINO-293x300.jpg 293w, https:\/\/www.radiopiu.net\/wordpress\/wp-content\/uploads\/2022\/04\/VOLLEY-CLUB-AGORDINO.jpg 500w\" sizes=\"auto, (max-width: 156px) 100vw, 156px\" \/><\/a>di Marco Gaz<\/strong><\/p>\n<p><span style=\"color: #ff0000;\"><strong>PRIMA DIVISIONE<\/strong><\/span><\/p>\n<p><strong>VOLLEY CLUB AGORDINO \u2013 ZERO BRANCO 1-3 (21-25, 23-25, 25-17, 19-25)<\/strong><\/p>\n<p>Ennesima sconfitta per il Volley Club Agordino di Prima Divisione che al PalaRova di Agordo crolla con il Zero Branco. Nonostante la sconfitta le agordine giocano una buona partita e a fare la differenza sono degli episodi. Primo e secondo set con le trevigiane che passano in doppio vantaggio. Squadra di Agordo che prova a reagire portando al quarto set la sfida dove il Zero Branco riesce a portare a casa i 3 punti in palio.<\/p>\n<p><span style=\"color: #ff0000;\"><strong>UNDER 14 <\/strong><\/span><\/p>\n<p><strong>DOLOMITI \u2013 VOLLEY CLUB AGORDINO 3-0 (25-11, 25-17, 25-14)<\/strong><\/p>\n<p>Inizia con il piede sbagliato il campionato per l\u2019under 14 del Volley Club Agordino che torna dalla trasferta di Belluno con una sconfitta. Il Dolomiti rifila un secco 3 a 0 alle agordine dopo una sfida mai stata in discussione.<\/p>\n<p>&nbsp;<\/p>\n<p><span style=\"color: #0000ff;\"><strong>NUOTO<\/strong><\/span><\/p>\n<blockquote>\n<h3>IL CIRCUITO PROPAGANDA HA FATTO TAPPA AD AGORDO<\/h3>\n<\/blockquote>\n<p><strong>AGORDO<\/strong> Nella mattinata di ieri si \u00e8 svolta presso la piscina Comprensoriale di Agordo, la quarta giornata del Circuito Propaganda, che ha visto gareggiare circa una settantina di atleti. Presenti i gruppi sportivi Ondablu, Polisportiva Mondo Sport, Dolomiti Nuoto, Sportivamente Belluno, Sporting Club Lessinia e naturalmente Attivamente Agordino. Ottimi risultati nelle competizioni, tanto divertimento, spirito di squadra e tifo da parte del pubblico presente. Prossimo appuntamento domenica 21 aprile ospiti della piscina di Longarone.<\/p>\n\n\t\t\t<style type='text\/css'>\n\t\t\t\t#gallery-10 {\n\t\t\t\t\tmargin: auto;\n\t\t\t\t}\n\t\t\t\t#gallery-10 .gallery-item {\n\t\t\t\t\tfloat: left;\n\t\t\t\t\tmargin-top: 10px;\n\t\t\t\t\ttext-align: center;\n\t\t\t\t\twidth: 50%;\n\t\t\t\t}\n\t\t\t\t#gallery-10 img {\n\t\t\t\t\tborder: 2px solid #cfcfcf;\n\t\t\t\t}\n\t\t\t\t#gallery-10 .gallery-caption {\n\t\t\t\t\tmargin-left: 0;\n\t\t\t\t}\n\t\t\t\t\/* see gallery_shortcode() in wp-includes\/media.php *\/\n\t\t\t<\/style>\n\t\t<div id='gallery-10' class='dt-gallery-container gallery galleryid-378332 gallery-columns-2 gallery-size-medium'><dl class='gallery-item'>\n\t\t\t\t<dt class='gallery-icon landscape'>\n\t\t\t\t\t<a class=\"rollover rollover-zoom dt-pswp-item\" title=\"df33ecf0-658a-4807-b3c5-58a24f0c9d1d\" data-dt-img-description=\"\" data-large_image_width=\"1600\" data-large_image_height=\"1200\"href='https:\/\/www.radiopiu.net\/wordpress\/wp-content\/uploads\/2024\/03\/df33ecf0-658a-4807-b3c5-58a24f0c9d1d.jpg'><img loading=\"lazy\" decoding=\"async\" width=\"300\" height=\"225\" src=\"https:\/\/www.radiopiu.net\/wordpress\/wp-content\/uploads\/2024\/03\/df33ecf0-658a-4807-b3c5-58a24f0c9d1d-300x225.jpg\" class=\"attachment-medium size-medium\" alt=\"\" srcset=\"https:\/\/www.radiopiu.net\/wordpress\/wp-content\/uploads\/2024\/03\/df33ecf0-658a-4807-b3c5-58a24f0c9d1d-300x225.jpg 300w, https:\/\/www.radiopiu.net\/wordpress\/wp-content\/uploads\/2024\/03\/df33ecf0-658a-4807-b3c5-58a24f0c9d1d-1024x768.jpg 1024w, https:\/\/www.radiopiu.net\/wordpress\/wp-content\/uploads\/2024\/03\/df33ecf0-658a-4807-b3c5-58a24f0c9d1d-768x576.jpg 768w, https:\/\/www.radiopiu.net\/wordpress\/wp-content\/uploads\/2024\/03\/df33ecf0-658a-4807-b3c5-58a24f0c9d1d-1536x1152.jpg 1536w, https:\/\/www.radiopiu.net\/wordpress\/wp-content\/uploads\/2024\/03\/df33ecf0-658a-4807-b3c5-58a24f0c9d1d.jpg 1600w\" sizes=\"auto, (max-width: 300px) 100vw, 300px\" \/><\/a>\n\t\t\t\t<\/dt><\/dl><dl class='gallery-item'>\n\t\t\t\t<dt class='gallery-icon landscape'>\n\t\t\t\t\t<a class=\"rollover rollover-zoom dt-pswp-item\" title=\"929c2549-0933-42c1-b297-209894793517\" data-dt-img-description=\"\" data-large_image_width=\"1536\" data-large_image_height=\"1145\"href='https:\/\/www.radiopiu.net\/wordpress\/wp-content\/uploads\/2024\/03\/929c2549-0933-42c1-b297-209894793517.jpg'><img loading=\"lazy\" decoding=\"async\" width=\"300\" height=\"224\" src=\"https:\/\/www.radiopiu.net\/wordpress\/wp-content\/uploads\/2024\/03\/929c2549-0933-42c1-b297-209894793517-300x224.jpg\" class=\"attachment-medium size-medium\" alt=\"\" srcset=\"https:\/\/www.radiopiu.net\/wordpress\/wp-content\/uploads\/2024\/03\/929c2549-0933-42c1-b297-209894793517-300x224.jpg 300w, https:\/\/www.radiopiu.net\/wordpress\/wp-content\/uploads\/2024\/03\/929c2549-0933-42c1-b297-209894793517-1024x763.jpg 1024w, https:\/\/www.radiopiu.net\/wordpress\/wp-content\/uploads\/2024\/03\/929c2549-0933-42c1-b297-209894793517-768x573.jpg 768w, https:\/\/www.radiopiu.net\/wordpress\/wp-content\/uploads\/2024\/03\/929c2549-0933-42c1-b297-209894793517.jpg 1536w\" sizes=\"auto, (max-width: 300px) 100vw, 300px\" \/><\/a>\n\t\t\t\t<\/dt><\/dl><br style=\"clear: both\" \/>\n\t\t\t<\/div>\n\n<p>&nbsp;<\/p>\n<p><span style=\"color: #0000ff;\"><strong>KARATE<\/strong><\/span><\/p>\n<blockquote>\n<h3>MASOCH, FUSO E REVEANE CONVOCATE AL SEMINARIO DELLA NAZIONALE GIOVANILE FIJLKAM<\/h3>\n<\/blockquote>\n<p><strong><a class=\"dt-pswp-item\" href=\"https:\/\/www.radiopiu.net\/wordpress\/wp-content\/uploads\/2024\/03\/IMG-20240308-WA0109-scaled.jpg\" data-dt-img-description=\"\" data-large_image_width=\"2560\" data-large_image_height=\"1667\"><img loading=\"lazy\" decoding=\"async\" class=\" wp-image-378397 alignleft\" src=\"https:\/\/www.radiopiu.net\/wordpress\/wp-content\/uploads\/2024\/03\/IMG-20240308-WA0109-300x195.jpg\" alt=\"\" width=\"208\" height=\"135\" srcset=\"https:\/\/www.radiopiu.net\/wordpress\/wp-content\/uploads\/2024\/03\/IMG-20240308-WA0109-300x195.jpg 300w, https:\/\/www.radiopiu.net\/wordpress\/wp-content\/uploads\/2024\/03\/IMG-20240308-WA0109-1024x667.jpg 1024w, https:\/\/www.radiopiu.net\/wordpress\/wp-content\/uploads\/2024\/03\/IMG-20240308-WA0109-768x500.jpg 768w, https:\/\/www.radiopiu.net\/wordpress\/wp-content\/uploads\/2024\/03\/IMG-20240308-WA0109-1536x1000.jpg 1536w, https:\/\/www.radiopiu.net\/wordpress\/wp-content\/uploads\/2024\/03\/IMG-20240308-WA0109-2048x1334.jpg 2048w\" sizes=\"auto, (max-width: 208px) 100vw, 208px\" \/><\/a>BELLUNO<\/strong> Le &#8220;Fight Girls&#8221; del Karate Team Dolomiti 1970, Masoch, Fuso, e Reveane, sono state convocate al Fijlkam Symposium della Nazionale Italiana Giovanile. Un prestigioso invito che le vedr\u00e0 confrontarsi con talenti nazionali e internazionali, sotto la direzione della Commissione Nazionale, con il M\u00b0 Vittorio Moreno come allenatore. Tre giorni di allenamenti a Lignano Sabbiadoro, dal 15 al 17 marzo, includono sessioni Master Class con Luigi Bus\u00e0 e il DT CNAG Gennaro Talarico. Successivamente, Reveane e Tormen parteciperanno alla fase regionale del Campionato Italiano Juniores. Prossimi appuntamenti: Open League di Riccione (12-14 aprile) e Campionato Italiano U21 a Ostia (26-28 aprile).<\/p>\n<p>(IN FOTO: Lara Tormen, Martina Fuso, Moreno Vittorio, Mariachiara Masoch e Nataly Reveane)<\/p>\n<p>&nbsp;<\/p>\n<p>&nbsp;<\/p>\n<p>&nbsp;<\/p>\n<p>&nbsp;<\/p>\n<p>&nbsp;<\/p>\n<p>&nbsp;<\/p>\n<p>&nbsp;<\/p>\n","protected":false},"excerpt":{"rendered":"<p>****** aggiornamento ore sette Veneto Strade Spa ATTENZIONE\u00a0 per gli accumuli nevosi, si rende necessaria la chiusura dei seguenti tratti stradali: &#8211; S.P. 619 \u201cdi Vigo di Cadore\u201d dal km 12+000 (loc. Antoia) al km 23+550 (confine Provincia di Udine); &#8211; S.R. 48 \u201cdelle Dolomiti\u201d dal km 76+280 (Passo Pordoi) al km 82+100 (loc. ponte&hellip;<\/p>\n","protected":false},"author":4,"featured_media":378603,"comment_status":"closed","ping_status":"closed","sticky":false,"template":"","format":"standard","meta":{"_monsterinsights_skip_tracking":false,"_monsterinsights_sitenote_active":false,"_monsterinsights_sitenote_note":"","_monsterinsights_sitenote_category":0,"footnotes":""},"categories":[51,86,49],"tags":[],"class_list":["post-378332","post","type-post","status-publish","format-standard","has-post-thumbnail","hentry","category-evidenza-top","category-gr","category-news-18","category-51","category-86","category-49","description-off"],"img_url":"https:\/\/www.radiopiu.net\/wordpress\/wp-content\/uploads\/2024\/03\/Senza-nome-43.png","_links":{"self":[{"href":"https:\/\/www.radiopiu.net\/wordpress\/wp-json\/wp\/v2\/posts\/378332","targetHints":{"allow":["GET"]}}],"collection":[{"href":"https:\/\/www.radiopiu.net\/wordpress\/wp-json\/wp\/v2\/posts"}],"about":[{"href":"https:\/\/www.radiopiu.net\/wordpress\/wp-json\/wp\/v2\/types\/post"}],"author":[{"embeddable":true,"href":"https:\/\/www.radiopiu.net\/wordpress\/wp-json\/wp\/v2\/users\/4"}],"replies":[{"embeddable":true,"href":"https:\/\/www.radiopiu.net\/wordpress\/wp-json\/wp\/v2\/comments?post=378332"}],"version-history":[{"count":0,"href":"https:\/\/www.radiopiu.net\/wordpress\/wp-json\/wp\/v2\/posts\/378332\/revisions"}],"wp:featuredmedia":[{"embeddable":true,"href":"https:\/\/www.radiopiu.net\/wordpress\/wp-json\/wp\/v2\/media\/378603"}],"wp:attachment":[{"href":"https:\/\/www.radiopiu.net\/wordpress\/wp-json\/wp\/v2\/media?parent=378332"}],"wp:term":[{"taxonomy":"category","embeddable":true,"href":"https:\/\/www.radiopiu.net\/wordpress\/wp-json\/wp\/v2\/categories?post=378332"},{"taxonomy":"post_tag","embeddable":true,"href":"https:\/\/www.radiopiu.net\/wordpress\/wp-json\/wp\/v2\/tags?post=378332"}],"curies":[{"name":"wp","href":"https:\/\/api.w.org\/{rel}","templated":true}]}}