{"id":378333,"date":"2024-03-09T09:58:37","date_gmt":"2024-03-09T08:58:37","guid":{"rendered":"https:\/\/www.radiopiu.net\/wordpress\/?p=378333"},"modified":"2024-03-09T09:58:37","modified_gmt":"2024-03-09T08:58:37","slug":"mar-rosso-la-crisi-non-si-e-ancora-fatta-sentire-potrebbero-essere-a-rischio-le-importazioni-del-veneto","status":"publish","type":"post","link":"https:\/\/www.radiopiu.net\/wordpress\/mar-rosso-la-crisi-non-si-e-ancora-fatta-sentire-potrebbero-essere-a-rischio-le-importazioni-del-veneto\/","title":{"rendered":"MAR ROSSO: LA CRISI NON SI E\u2019 (ANCORA) FATTA SENTIRE. POTREBBERO ESSERE A RISCHIO LE IMPORTAZIONI DEL VENETO"},"content":{"rendered":"<p><strong><a class=\"dt-pswp-item\" href=\"https:\/\/www.radiopiu.net\/wordpress\/wp-content\/uploads\/2024\/03\/Schermata-2024-03-09-alle-09.49.41.png\" data-dt-img-description=\"\" data-large_image_width=\"1126\" data-large_image_height=\"816\"><img loading=\"lazy\" decoding=\"async\" class=\"size-medium wp-image-378337 alignleft\" src=\"https:\/\/www.radiopiu.net\/wordpress\/wp-content\/uploads\/2024\/03\/Schermata-2024-03-09-alle-09.49.41-300x217.png\" alt=\"\" width=\"300\" height=\"217\" srcset=\"https:\/\/www.radiopiu.net\/wordpress\/wp-content\/uploads\/2024\/03\/Schermata-2024-03-09-alle-09.49.41-300x217.png 300w, https:\/\/www.radiopiu.net\/wordpress\/wp-content\/uploads\/2024\/03\/Schermata-2024-03-09-alle-09.49.41-1024x742.png 1024w, https:\/\/www.radiopiu.net\/wordpress\/wp-content\/uploads\/2024\/03\/Schermata-2024-03-09-alle-09.49.41-768x557.png 768w, https:\/\/www.radiopiu.net\/wordpress\/wp-content\/uploads\/2024\/03\/Schermata-2024-03-09-alle-09.49.41.png 1126w\" sizes=\"auto, (max-width: 300px) 100vw, 300px\" \/><\/a>Il commercio estero del Veneto<\/strong><br \/>\nIl commercio estero del Veneto con i paesi che direttamente o indirettamente sono influenzati dalla crisi del Mar Rosso ammontava, nel 2022, a 22,7 miliardi di euro, di cui 16,9 di importazioni e 5,7 di esportazioni. Sul commercio estero complessivo in capo alla nostra regione, i traffici interessati dal passaggio marittimo nell\u2019area mediorientale incidevano per il 14,8 per cento.<\/p>\n<p><strong>Gli effetti della crisi sui porti italiani<\/strong><br \/>\nTra il primo bimestre del 2023 e lo stesso periodo di quest\u2019anno il numero delle navi mercantili (cargo e cisterna) in arrivo nei porti italiani ha subito una riduzione di 169 unit\u00e0 (-3,6 per cento del totale). Un risultato, in massima parte, riconducibile alla crisi scoppiata ad inizio ottobre nell\u2019area mediorientale che in questi ultimi mesi ha visto crollare i transiti delle navi mercantili lungo il Canale di Suez. Tra i principali sistemi portuali presenti nel Paese, la contrazione pi\u00f9 importante in termini assoluti ha riguardato Genova che ha visto diminuire gli attracchi di 61 unit\u00e0 (-10,7 per cento). Seguono Livorno con -43 (-9,8 per cento) e Venezia con -34 (-6,4 per cento). A Trieste la variazione \u00e8 stata pari a -9 unit\u00e0 (-2,6 per cento). In controtendenza, invece, i risultati conseguiti dal porto di Augusta che ha registrato un aumento degli approdi di 30 unit\u00e0 (+12,2 per cento), da quello di Napoli con +35 unit\u00e0 (+18,2 per cento) e da quello di Sarroch-Cagliari con +39 unit\u00e0 (+18,7 per cento) (vedi Tab. 1). A dirlo \u00e8 l\u2019Ufficio studi della CGIA.<\/p>\n<p><strong><a class=\"dt-pswp-item\" href=\"https:\/\/www.radiopiu.net\/wordpress\/wp-content\/uploads\/2024\/03\/Schermata-2024-03-09-alle-09.54.24.png\" data-dt-img-description=\"\" data-large_image_width=\"1286\" data-large_image_height=\"1630\"><img loading=\"lazy\" decoding=\"async\" class=\"size-medium wp-image-378336 alignleft\" src=\"https:\/\/www.radiopiu.net\/wordpress\/wp-content\/uploads\/2024\/03\/Schermata-2024-03-09-alle-09.54.24-237x300.png\" alt=\"\" width=\"237\" height=\"300\" srcset=\"https:\/\/www.radiopiu.net\/wordpress\/wp-content\/uploads\/2024\/03\/Schermata-2024-03-09-alle-09.54.24-237x300.png 237w, https:\/\/www.radiopiu.net\/wordpress\/wp-content\/uploads\/2024\/03\/Schermata-2024-03-09-alle-09.54.24-808x1024.png 808w, https:\/\/www.radiopiu.net\/wordpress\/wp-content\/uploads\/2024\/03\/Schermata-2024-03-09-alle-09.54.24-768x973.png 768w, https:\/\/www.radiopiu.net\/wordpress\/wp-content\/uploads\/2024\/03\/Schermata-2024-03-09-alle-09.54.24-1212x1536.png 1212w, https:\/\/www.radiopiu.net\/wordpress\/wp-content\/uploads\/2024\/03\/Schermata-2024-03-09-alle-09.54.24.png 1286w\" sizes=\"auto, (max-width: 237px) 100vw, 237px\" \/><\/a>A rischio le importazioni<\/strong><br \/>\nIn riferimento agli ultimi dati statistici disponibili, il commercio estero italiano (import + export) che \u201cviaggia\u201d su nave con i paesi influenzati direttamente o indirettamente dalla crisi del Mar Rosso ammonta a 161,7 miliardi di euro. Questo importo incide sull\u2019intero commercio estero del nostro Paese per il 12,6 per cento. Di questi 161,7 miliardi, 110 (pari al 68 per cento) riguardano le importazioni e \u201csolo\u201d 51,7 miliardi di euro (pari al 32 per cento) le esportazioni. Alla luce di queste cifre, se la situazione nell\u2019area Mediorientale dovesse precipitare ulteriormente, l\u2019impatto negativo si potrebbe far sentire maggiormente sulle importazioni di merci. A livello regionale, Lombardia e Veneto sono le realt\u00e0 che potrebbero essere le pi\u00f9 a rischio: se la prima cuba nei paesi interessati 30,4 miliardi di importazioni, la seconda quasi 17. Di seguito l\u2019Emilia Romagna con 9,3 miliardi e il Lazio con 7,4 miliardi. Sul fronte delle esportazioni, invece, la pi\u00f9 in \u201cpericolo\u201d rimane ancora una volta la Lombardia che registra 12,5 miliardi di vendite in queste aree. Seguono l\u2019Emilia Romagna con 8,7 e il Veneto con 5,7 miliardi di euro (vedi Tab. 2).<\/p>\n<p><strong>Transiti gi\u00f9 nel Canale di Suez<\/strong><br \/>\nLa guerra tra Israele e Hamas e gli effetti che la stessa sta provocando nell\u2019area del Mar Rosso non si sono ancora fatti sentire in misura importante. Certo, il crollo dei passaggi delle navi mercantili nei primi due mesi del 2024 negli stretti di Bab el-Mandeb Strait (-50,5 per cento) e del Canale di Suez (-39,3 per cento) \u00e8 stato significativo e, conseguentemente, i transiti lungo il capo di Buona Speranza hanno subito un\u2019impennata dell\u201984,5 per cento (vedi Tab. 3).<\/p>\n<p><strong>Costo noli in aumento, ma non \u00e8 ancora boom<\/strong><br \/>\nQuesto vuol dire che, almeno fino adesso, le navi mercantili provenienti dal Sud Est Asiatico sono approdate quasi tutte nel Mediterraneo e successivamente nei nostri porti. Ovviamente i tempi di percorrenza si sono allungati, provocando un deciso aumento del costo dei noli. Per un container di 40 piedi che a met\u00e0 di gennaio ha percorso la rotta Cina-Asia Orientale ed \u00e8 arrivato fino al Mediterraneo, il prezzo ha toccato il picco di 6.673 dollari. Nulla a che vedere, comunque, con le tariffe che venivano praticate nell\u2019estate del 2021, quando si aggiravano attorno ai 12.000 dollari. Va altres\u00ec segnalato che rispetto a un paio di mesi fa i costi sono in discesa. Lo scorso 1 marzo, infatti, il prezzo \u00e8 sceso a 4.972 dollari per container, contro i 3.300 dollari registrati dall\u2019indice mondiale noli <a class=\"dt-pswp-item\" href=\"https:\/\/www.radiopiu.net\/wordpress\/wp-content\/uploads\/2024\/03\/Schermata-2024-03-09-alle-09.54.43.png\" data-dt-img-description=\"\" data-large_image_width=\"1286\" data-large_image_height=\"1266\"><img loading=\"lazy\" decoding=\"async\" class=\"size-medium wp-image-378335 alignleft\" src=\"https:\/\/www.radiopiu.net\/wordpress\/wp-content\/uploads\/2024\/03\/Schermata-2024-03-09-alle-09.54.43-300x295.png\" alt=\"\" width=\"300\" height=\"295\" srcset=\"https:\/\/www.radiopiu.net\/wordpress\/wp-content\/uploads\/2024\/03\/Schermata-2024-03-09-alle-09.54.43-300x295.png 300w, https:\/\/www.radiopiu.net\/wordpress\/wp-content\/uploads\/2024\/03\/Schermata-2024-03-09-alle-09.54.43-1024x1008.png 1024w, https:\/\/www.radiopiu.net\/wordpress\/wp-content\/uploads\/2024\/03\/Schermata-2024-03-09-alle-09.54.43-768x756.png 768w, https:\/\/www.radiopiu.net\/wordpress\/wp-content\/uploads\/2024\/03\/Schermata-2024-03-09-alle-09.54.43.png 1286w\" sizes=\"auto, (max-width: 300px) 100vw, 300px\" \/><\/a>calcolato da Freightos Baltic Index (vedi Graf. 1).<img loading=\"lazy\" decoding=\"async\" class=\"aligncenter size-medium wp-image-378334\" src=\"https:\/\/www.radiopiu.net\/wordpress\/wp-content\/uploads\/2024\/03\/Schermata-2024-03-09-alle-09.54.54-300x278.png\" alt=\"\" width=\"300\" height=\"278\" srcset=\"https:\/\/www.radiopiu.net\/wordpress\/wp-content\/uploads\/2024\/03\/Schermata-2024-03-09-alle-09.54.54-300x278.png 300w, https:\/\/www.radiopiu.net\/wordpress\/wp-content\/uploads\/2024\/03\/Schermata-2024-03-09-alle-09.54.54-1024x948.png 1024w, https:\/\/www.radiopiu.net\/wordpress\/wp-content\/uploads\/2024\/03\/Schermata-2024-03-09-alle-09.54.54-768x711.png 768w, https:\/\/www.radiopiu.net\/wordpress\/wp-content\/uploads\/2024\/03\/Schermata-2024-03-09-alle-09.54.54.png 1286w\" sizes=\"auto, (max-width: 300px) 100vw, 300px\" \/>,.<\/p>\n","protected":false},"excerpt":{"rendered":"<p>Il commercio estero del Veneto Il commercio estero del Veneto con i paesi che direttamente o indirettamente sono influenzati dalla crisi del Mar Rosso ammontava, nel 2022, a 22,7 miliardi di euro, di cui 16,9 di importazioni e 5,7 di esportazioni. Sul commercio estero complessivo in capo alla nostra regione, i traffici interessati dal passaggio&hellip;<\/p>\n","protected":false},"author":2,"featured_media":378338,"comment_status":"closed","ping_status":"closed","sticky":false,"template":"","format":"standard","meta":{"_monsterinsights_skip_tracking":false,"_monsterinsights_sitenote_active":false,"_monsterinsights_sitenote_note":"","_monsterinsights_sitenote_category":0,"footnotes":""},"categories":[49],"tags":[],"class_list":["post-378333","post","type-post","status-publish","format-standard","has-post-thumbnail","hentry","category-news-18","category-49","description-off"],"img_url":"https:\/\/www.radiopiu.net\/wordpress\/wp-content\/uploads\/2024\/03\/19962541_6194750-scaled.jpg","_links":{"self":[{"href":"https:\/\/www.radiopiu.net\/wordpress\/wp-json\/wp\/v2\/posts\/378333","targetHints":{"allow":["GET"]}}],"collection":[{"href":"https:\/\/www.radiopiu.net\/wordpress\/wp-json\/wp\/v2\/posts"}],"about":[{"href":"https:\/\/www.radiopiu.net\/wordpress\/wp-json\/wp\/v2\/types\/post"}],"author":[{"embeddable":true,"href":"https:\/\/www.radiopiu.net\/wordpress\/wp-json\/wp\/v2\/users\/2"}],"replies":[{"embeddable":true,"href":"https:\/\/www.radiopiu.net\/wordpress\/wp-json\/wp\/v2\/comments?post=378333"}],"version-history":[{"count":0,"href":"https:\/\/www.radiopiu.net\/wordpress\/wp-json\/wp\/v2\/posts\/378333\/revisions"}],"wp:featuredmedia":[{"embeddable":true,"href":"https:\/\/www.radiopiu.net\/wordpress\/wp-json\/wp\/v2\/media\/378338"}],"wp:attachment":[{"href":"https:\/\/www.radiopiu.net\/wordpress\/wp-json\/wp\/v2\/media?parent=378333"}],"wp:term":[{"taxonomy":"category","embeddable":true,"href":"https:\/\/www.radiopiu.net\/wordpress\/wp-json\/wp\/v2\/categories?post=378333"},{"taxonomy":"post_tag","embeddable":true,"href":"https:\/\/www.radiopiu.net\/wordpress\/wp-json\/wp\/v2\/tags?post=378333"}],"curies":[{"name":"wp","href":"https:\/\/api.w.org\/{rel}","templated":true}]}}