{"id":378395,"date":"2024-03-09T14:04:05","date_gmt":"2024-03-09T13:04:05","guid":{"rendered":"https:\/\/www.radiopiu.net\/wordpress\/?p=378395"},"modified":"2024-03-09T14:04:05","modified_gmt":"2024-03-09T13:04:05","slug":"masoch-fuso-e-reveane-convocate-al-seminario-della-nazionale-giovanile-fijlkam","status":"publish","type":"post","link":"https:\/\/www.radiopiu.net\/wordpress\/masoch-fuso-e-reveane-convocate-al-seminario-della-nazionale-giovanile-fijlkam\/","title":{"rendered":"MASOCH, FUSO E REVEANE CONVOCATE AL SEMINARIO DELLA NAZIONALE GIOVANILE FIJLKAM"},"content":{"rendered":"<p>****<\/p>\n<p>&nbsp;<\/p>\n<p><strong><a class=\"dt-pswp-item\" href=\"https:\/\/www.radiopiu.net\/wordpress\/wp-content\/uploads\/2024\/03\/IMG-20240308-WA0109-scaled.jpg\" data-dt-img-description=\"\" data-large_image_width=\"2560\" data-large_image_height=\"1667\"><img loading=\"lazy\" decoding=\"async\" class=\" wp-image-378397 alignleft\" src=\"https:\/\/www.radiopiu.net\/wordpress\/wp-content\/uploads\/2024\/03\/IMG-20240308-WA0109-300x195.jpg\" alt=\"\" width=\"208\" height=\"135\" srcset=\"https:\/\/www.radiopiu.net\/wordpress\/wp-content\/uploads\/2024\/03\/IMG-20240308-WA0109-300x195.jpg 300w, https:\/\/www.radiopiu.net\/wordpress\/wp-content\/uploads\/2024\/03\/IMG-20240308-WA0109-1024x667.jpg 1024w, https:\/\/www.radiopiu.net\/wordpress\/wp-content\/uploads\/2024\/03\/IMG-20240308-WA0109-768x500.jpg 768w, https:\/\/www.radiopiu.net\/wordpress\/wp-content\/uploads\/2024\/03\/IMG-20240308-WA0109-1536x1000.jpg 1536w, https:\/\/www.radiopiu.net\/wordpress\/wp-content\/uploads\/2024\/03\/IMG-20240308-WA0109-2048x1334.jpg 2048w\" sizes=\"auto, (max-width: 208px) 100vw, 208px\" \/><\/a>BELLUNO\u00a0 <\/strong>Ottime notizie per le \u201cFight Girls\u201d del Karate Team Dolomiti 1970. Le agordine Mariachiara Masoch, Martina Fuso e la pontalpina Nataly Reveane sono state convocate, in quota al Centro Tecnico Regionale, al Fijlkam Symposium e Seminario della Nazionale Italiana Giovanile. Prestigioso invito che permetter\u00e0 loro di confrontarsi con le pari et\u00e0 pi\u00f9 titolate a livello nazionale ed internazionale. Tre giorni di allenamenti, dal 15 al 17 marzo, a Lignano Sabbiadoro presso il Bella Italia EFA Village, sotto la direzione della Commissione Nazionale della quale fa parte anche il loro tecnico, il M\u00b0 Vittorio Moreno, in qualit\u00e0 di allenatore della classe Under 14. Ulteriori sessioni di allenamento Master Class sono previste con il campione olimpico Luigi Bus\u00e0 e con il DT CNAG Gennaro Talarico. Sar\u00e0 un fine settimana decisamente impegnativo per loro come lo sar\u00e0 il prossimo che porter\u00e0 la Reveane e la compagna di squadra Lara Tormen a combattere in quel di Vedelago (TV) per la fase regionale del Campionato Italiano Juniores rispettivamente al limite dei 48 e dei 59 kg. In gioco l\u2019accesso alle finali nazionali di Ostia (RM) dal 5 al 7 aprile. Prossimi impellenti impegni per gli atleti e le atlete del dinamico club bellunese sono l\u2019Open League di Riccione dal 12 al 14 aprile ed il Campionato Italiano U21 al Lido di Ostia dal 26 al 28 aprile.<\/p>\n<p>(IN FOTO: Lara Tormen, Martina Fuso, Moreno Vittorio, Mariachiara Masoch e Nataly Reveane)<\/p>\n<p>&nbsp;<\/p>\n<p>&nbsp;<\/p>\n<p>******<\/p>\n","protected":false},"excerpt":{"rendered":"<p>**** &nbsp; BELLUNO\u00a0 Ottime notizie per le \u201cFight Girls\u201d del Karate Team Dolomiti 1970. Le agordine Mariachiara Masoch, Martina Fuso e la pontalpina Nataly Reveane sono state convocate, in quota al Centro Tecnico Regionale, al Fijlkam Symposium e Seminario della Nazionale Italiana Giovanile. Prestigioso invito che permetter\u00e0 loro di confrontarsi con le pari et\u00e0 pi\u00f9&hellip;<\/p>\n","protected":false},"author":4,"featured_media":378397,"comment_status":"closed","ping_status":"closed","sticky":false,"template":"","format":"standard","meta":{"_monsterinsights_skip_tracking":false,"_monsterinsights_sitenote_active":false,"_monsterinsights_sitenote_note":"","_monsterinsights_sitenote_category":0,"footnotes":""},"categories":[49],"tags":[],"class_list":["post-378395","post","type-post","status-publish","format-standard","has-post-thumbnail","hentry","category-news-18","category-49","description-off"],"img_url":"https:\/\/www.radiopiu.net\/wordpress\/wp-content\/uploads\/2024\/03\/IMG-20240308-WA0109-scaled.jpg","_links":{"self":[{"href":"https:\/\/www.radiopiu.net\/wordpress\/wp-json\/wp\/v2\/posts\/378395","targetHints":{"allow":["GET"]}}],"collection":[{"href":"https:\/\/www.radiopiu.net\/wordpress\/wp-json\/wp\/v2\/posts"}],"about":[{"href":"https:\/\/www.radiopiu.net\/wordpress\/wp-json\/wp\/v2\/types\/post"}],"author":[{"embeddable":true,"href":"https:\/\/www.radiopiu.net\/wordpress\/wp-json\/wp\/v2\/users\/4"}],"replies":[{"embeddable":true,"href":"https:\/\/www.radiopiu.net\/wordpress\/wp-json\/wp\/v2\/comments?post=378395"}],"version-history":[{"count":0,"href":"https:\/\/www.radiopiu.net\/wordpress\/wp-json\/wp\/v2\/posts\/378395\/revisions"}],"wp:featuredmedia":[{"embeddable":true,"href":"https:\/\/www.radiopiu.net\/wordpress\/wp-json\/wp\/v2\/media\/378397"}],"wp:attachment":[{"href":"https:\/\/www.radiopiu.net\/wordpress\/wp-json\/wp\/v2\/media?parent=378395"}],"wp:term":[{"taxonomy":"category","embeddable":true,"href":"https:\/\/www.radiopiu.net\/wordpress\/wp-json\/wp\/v2\/categories?post=378395"},{"taxonomy":"post_tag","embeddable":true,"href":"https:\/\/www.radiopiu.net\/wordpress\/wp-json\/wp\/v2\/tags?post=378395"}],"curies":[{"name":"wp","href":"https:\/\/api.w.org\/{rel}","templated":true}]}}