{"id":378596,"date":"2024-03-11T05:03:19","date_gmt":"2024-03-11T04:03:19","guid":{"rendered":"https:\/\/www.radiopiu.net\/wordpress\/?p=378596"},"modified":"2024-03-11T05:03:19","modified_gmt":"2024-03-11T04:03:19","slug":"addio-a-silvia-bisconti-icona-della-moda","status":"publish","type":"post","link":"https:\/\/www.radiopiu.net\/wordpress\/addio-a-silvia-bisconti-icona-della-moda\/","title":{"rendered":"Addio a Silvia Bisconti, Icona della Moda"},"content":{"rendered":"<p>**<\/p>\n<p>&nbsp;<\/p>\n<p><img decoding=\"async\" class=\"alignleft\" src=\"https:\/\/www.radiopiu.net\/wordpress\/wp-content\/uploads\/2024\/03\/Senza-nome-41.png\" \/><strong>BELLUNO<\/strong> Silvia Bisconti, nota stilista italiana, ci ha lasciato ieri mattina all&#8217;et\u00e0 di 61 anni dopo una lunga battaglia contro la malattia. Originaria di Milano ma da molti anni radicata nel cuore di Belluno, Silvia era una figura di spicco nel mondo della moda, ammirata per la sua capacit\u00e0 di rompere gli stereotipi e celebrare l&#8217;unicit\u00e0 di ogni donna con colori e linee originali. Fashion designer di grande talento, costumista teatrale e direttrice creativa di Maliparmi per 13 anni, Silvia ha poi fondato il suo marchio, Raptus&amp;Rose, che ha sede proprio a Belluno lungo le rive del Piave a Lambioi, dove ha creato modelli unici e su misura. La sua passione per la moda non si limitava alle passerelle, ma si estendeva anche alla solidariet\u00e0: ha avuto il coraggio di portare le malate oncologiche in passerella nel Defil\u00e9 della Rinascita, dimostrando il suo impegno per l&#8217;empowerment femminile e la diversit\u00e0. La notizia della sua scomparsa \u00e8 stata annunciata dal suo team su Instagram, lasciando un vuoto nel mondo della moda e dell&#8217;arte. La sua eredit\u00e0 creativa e il suo spirito pionieristico continueranno a ispirare e influenzare generazioni future. Silvia Bisconti sar\u00e0 per sempre ricordata come un&#8217;icona della moda italiana e un&#8217;artista straordinaria.<\/p>\n<p>___<\/p>\n<div class=\"flex-1 overflow-hidden\">\n<div class=\"react-scroll-to-bottom--css-bomsi-79elbk h-full\">\n<div class=\"react-scroll-to-bottom--css-bomsi-1n7m0yu\">\n<div class=\"flex flex-col text-sm pb-9\">\n<div class=\"w-full text-token-text-primary\" data-testid=\"conversation-turn-27\">\n<div class=\"px-4 py-2 justify-center text-base md:gap-6 m-auto\">\n<div class=\"flex flex-1 text-base mx-auto gap-3 md:px-5 lg:px-1 xl:px-5 md:max-w-3xl lg:max-w-[40rem] xl:max-w-[48rem] group final-completion\">\n<div class=\"relative flex w-full flex-col agent-turn\">\n<div class=\"flex-col gap-1 md:gap-3\">\n<div class=\"pr-2 lg:pr-0\"><\/div>\n<\/div>\n<\/div>\n<\/div>\n<\/div>\n<\/div>\n<\/div>\n<\/div>\n<\/div>\n<\/div>\n<div class=\"w-full pt-2 md:pt-0 dark:border-white\/20 md:border-transparent md:dark:border-transparent md:w-[calc(100%-.5rem)]\">\n<form class=\"stretch mx-2 flex flex-row gap-3 last:mb-2 md:mx-4 md:last:mb-6 lg:mx-auto lg:max-w-2xl xl:max-w-3xl\">\n<div class=\"relative flex h-full flex-1 flex-col\">\n<div class=\"flex w-full items-center\"><\/div>\n<\/div>\n<\/form>\n<\/div>\n","protected":false},"excerpt":{"rendered":"<p>** &nbsp; BELLUNO Silvia Bisconti, nota stilista italiana, ci ha lasciato ieri mattina all&#8217;et\u00e0 di 61 anni dopo una lunga battaglia contro la malattia. Originaria di Milano ma da molti anni radicata nel cuore di Belluno, Silvia era una figura di spicco nel mondo della moda, ammirata per la sua capacit\u00e0 di rompere gli stereotipi&hellip;<\/p>\n","protected":false},"author":4,"featured_media":378597,"comment_status":"closed","ping_status":"closed","sticky":false,"template":"","format":"standard","meta":{"_monsterinsights_skip_tracking":false,"_monsterinsights_sitenote_active":false,"_monsterinsights_sitenote_note":"","_monsterinsights_sitenote_category":0,"footnotes":""},"categories":[51,49],"tags":[],"class_list":["post-378596","post","type-post","status-publish","format-standard","has-post-thumbnail","hentry","category-evidenza-top","category-news-18","category-51","category-49","description-off"],"img_url":"https:\/\/www.radiopiu.net\/wordpress\/wp-content\/uploads\/2024\/03\/Senza-nome-41.png","_links":{"self":[{"href":"https:\/\/www.radiopiu.net\/wordpress\/wp-json\/wp\/v2\/posts\/378596","targetHints":{"allow":["GET"]}}],"collection":[{"href":"https:\/\/www.radiopiu.net\/wordpress\/wp-json\/wp\/v2\/posts"}],"about":[{"href":"https:\/\/www.radiopiu.net\/wordpress\/wp-json\/wp\/v2\/types\/post"}],"author":[{"embeddable":true,"href":"https:\/\/www.radiopiu.net\/wordpress\/wp-json\/wp\/v2\/users\/4"}],"replies":[{"embeddable":true,"href":"https:\/\/www.radiopiu.net\/wordpress\/wp-json\/wp\/v2\/comments?post=378596"}],"version-history":[{"count":0,"href":"https:\/\/www.radiopiu.net\/wordpress\/wp-json\/wp\/v2\/posts\/378596\/revisions"}],"wp:featuredmedia":[{"embeddable":true,"href":"https:\/\/www.radiopiu.net\/wordpress\/wp-json\/wp\/v2\/media\/378597"}],"wp:attachment":[{"href":"https:\/\/www.radiopiu.net\/wordpress\/wp-json\/wp\/v2\/media?parent=378596"}],"wp:term":[{"taxonomy":"category","embeddable":true,"href":"https:\/\/www.radiopiu.net\/wordpress\/wp-json\/wp\/v2\/categories?post=378596"},{"taxonomy":"post_tag","embeddable":true,"href":"https:\/\/www.radiopiu.net\/wordpress\/wp-json\/wp\/v2\/tags?post=378596"}],"curies":[{"name":"wp","href":"https:\/\/api.w.org\/{rel}","templated":true}]}}