{"id":378632,"date":"2024-03-11T07:55:46","date_gmt":"2024-03-11T06:55:46","guid":{"rendered":"https:\/\/www.radiopiu.net\/wordpress\/?p=378632"},"modified":"2024-03-11T07:59:41","modified_gmt":"2024-03-11T06:59:41","slug":"dal-1983-loriginale-rassegna-stampa-locale-di-mirko-mezzacasa-2","status":"publish","type":"post","link":"https:\/\/www.radiopiu.net\/wordpress\/dal-1983-loriginale-rassegna-stampa-locale-di-mirko-mezzacasa-2\/","title":{"rendered":"dal 1983 l&#8217;originale rassegna stampa locale di mirko mezzacasa"},"content":{"rendered":"<p>https:\/\/www.facebook.com\/Mirkomezziano\/videos\/2327420544129399<\/p>\n<p>&nbsp;<\/p>\n<p>SAN TOMASO AGORDINO nelle localit\u00e0 PIANEZZE, VALLATA, VAL, MEZZAVALLE, COSTA DI MEZZO E PIAN MOLIN l\u2019acqua erogata dall\u2019acquedotto non \u00e8 potabile e non pu\u00f2 essere usata per scopi alimentari. Verr\u00e0 effettuato servizio sostitutivo con cisterna in localit\u00e0 PIAN MOLIN presso Ecocentro.<br \/>\nVENEZIA Il maltempo che sta interessando il Veneto ha indotto il Centro Funzionale Decentrato della Protezione Civile della Regione Veneto a emettere un nuovo avviso di criticit\u00e0, dichiarando lo Stato di Attenzione (allerta gialla) per criticit\u00e0 idraulica e idrogeologica su alcuni bacini idrografici del territorio. L\u2019avviso ha valore fino alle 14 di oggi<br \/>\nSono 26 gli interventi dei vigili del fuoco di Belluno alle ore 20:00, nella giornata di ieri\u00a0 principalmente dovuti alle ampie precipitazioni nevose in diverse zone della provincia. Le squadre dei vigili del fuoco, permanenti e volontari, sono intervenuti maggiormente per il recupero di mezzi rimasti impantanati o finiti fuoristrada per le abbondanti nevicate.<br \/>\nGOSALDO i vigili del fuoco sono intervenuti per una frana che ha bloccato la strada comunale per l\u2019abitato di Selle. Constatata la pericolosit\u00e0 della frana con un fronte di 30&#215;30 metri, si \u00e8 provveduto a far transennare la strada e vietare il transito sia ai mezzi che ai pedoni.<br \/>\nLAMON\u00a0La SP 212 della Roa, collegamento tra la SP40 di Lamon e Castel Tesino, \u00e8 chiusa a causa di una frana.\u00a0 Per ora, il traffico \u00e8 vietato sulla strada interessata. (foto: Facebook \u2013 Comune Lamon<br \/>\nBELLUNO Silvia Bisconti, nota stilista italiana, ci ha lasciato ieri mattina all&#8217;et\u00e0 di 61 anni dopo una lunga battaglia contro la malattia. Originaria di Milano ma da molti anni radicata nel cuore di Belluno, Silvia era una figura di spicco nel mondo della moda<br \/>\nBELLUNO Incidente in ausostrda a 27 Coinvolto un veicolo, non risultano persone ferite. L&#8217;incidente si \u00e8 verificato poco dopo le 17 nella seconda galleria che si affronta viaggiando in direzione sud, fra la barriera di Belluno e Faldalto-Lago di Santa Croce. Sul posto i vigili del fuoco di Belluno e Vittorio Veneto, i volontari di Alpago<br \/>\nFELTRE La ragazza,\u00a0 lavoratrice della Luxottica investita venerd\u00ec sera in via Bagnols\u00a0 rimane in prognosi riservata, ma c&#8217;\u00e8 ottimismo tra familiari, amici e colleghi. La ragazza, 24 anni, stava attraversando sulle strisce pedonali con il fratello quando \u00e8 stata investita da una Peugeot 206. Gli agenti della polizia stradale di Feltre stanno indagando sull&#8217;incidente. La ragazza \u00e8 stata trasferita al Ca&#8217; Foncello, dove \u00e8 stata operata per un versamento di sangue al bacino.<\/p>\n<p><strong>CHIES D&#8217;ALPAGO<\/strong> Recentemente, la Pro Loco di Chies d\u2019Alpago ha eletto il nuovo direttivo con la presenza del Presidente dell\u2019Unpli bellunese, sindaco e amministrazione comunale. La presidente uscente, Marika Pedol, ha passato il testimone a Luca Zanon.<br \/>\n<strong>TAIBON<\/strong> ADOTTA LA VARIANTE PER LA ROTATORIA A STRAPONT, INTERSEZIONE CON LA REGIONALE 203 AGORDINA Consiglio Comunale a Taibon: Bilancio e Progetti in Discussione Il sindaco Silvia Tormen ha convocato il Consiglio Comunale per mercoled\u00ec alle 19 presso la sede municipale di Taibon.<br \/>\n<strong>AGORDO<\/strong> CONSIGLIO COMUNALE IN DIRETTA SUI CANALI SOCIAL DI RADIOPIU&#8217;, FACEBOOK E TELEGRAM. l sindaco Roberto Chissal\u00e8 ha convocato il Consiglio Comunale per luned\u00ec alle 19 presso la sede municipale di Agordo. Quattro sono i punti all&#8217;ordine del giorno. Si discuter\u00e0 innanzitutto del bilancio preventivo di ASCA<br \/>\n<strong>AGORDO<\/strong> MALTEMPO: VECIA POPA RINVIATA A DOMENICA 17 MARZO<\/p>\n<p>HOCKEY SU GHIACCIO\u00a0\u00a0 L&#8217;ALLEGHE ESCE AI QUARTI DI FINALE CON L&#8217;APPIANO, MA A TESTA ALTA<br \/>\nIL VARESE ESPUGNA IL PALAFELTRE PORTANDO A GARA 5 LA SFIDA CON I PICCHI<br \/>\nDUE VITTORIE E UNA SCONFITTA PER LE GIOVANILI DELL&#8217;ALLEGHE HOCKEY<br \/>\nCALCIO AGORDINA E PIAVE AI BOX. PARTITE RINVIATE PER IL MALTEMPO<br \/>\nSNOWBOARD UN FINE SETTIMANA DA INCORNICIARE PER LUCIA DALMASSO<br \/>\nBIATHLON FRANCESCA OLIVIER NELLA TOP TEN AI CAMPIONATI ITALIANI DI BIATHLON<br \/>\nIl PR Dolomiti Volteggio brilla nella sua prima trasferta di gara LA VALLE AGORDINA Il team del PR Dolomiti Volteggio ha affrontato la sua prima trasferta di gara con determinazione e spirito sportivo. Complici i fantastici Art\u00f9 e Cisco, i nostri 9 atleti hanno ottenuto risultati straordinari che li rendono fieri. Conquistate 4 medaglie d&#8217;oro.<br \/>\nPALLAVOLO\u00a0 La capoclassifica sbanca la Spes Arena<br \/>\nUN FINE SETTIMANA DA INCORNICIARE PER LA PALLAVOLO FEMMINILE BELLUNO<br \/>\nANCORA UN FINE SETTIMANA NERO PER IL VOLLEY CLUB AGORDINO<br \/>\nNUOTO IL CIRCUITO PROPAGANDA HA FATTO TAPPA AD AGORDO<br \/>\nKARATE MASOCH, FUSO E REVEANE CONVOCATE AL SEMINARIO DELLA NAZIONALE GIOVANILE FIJLKAM<\/p>\n<p>&nbsp;<\/p>\n<p>&nbsp;<\/p>\n","protected":false},"excerpt":{"rendered":"<p>https:\/\/www.facebook.com\/Mirkomezziano\/videos\/2327420544129399 &nbsp; SAN TOMASO AGORDINO nelle localit\u00e0 PIANEZZE, VALLATA, VAL, MEZZAVALLE, COSTA DI MEZZO E PIAN MOLIN l\u2019acqua erogata dall\u2019acquedotto non \u00e8 potabile e non pu\u00f2 essere usata per scopi alimentari. Verr\u00e0 effettuato servizio sostitutivo con cisterna in localit\u00e0 PIAN MOLIN presso Ecocentro. VENEZIA Il maltempo che sta interessando il Veneto ha indotto il Centro&hellip;<\/p>\n","protected":false},"author":4,"featured_media":378633,"comment_status":"closed","ping_status":"closed","sticky":false,"template":"","format":"standard","meta":{"_monsterinsights_skip_tracking":false,"_monsterinsights_sitenote_active":false,"_monsterinsights_sitenote_note":"","_monsterinsights_sitenote_category":0,"footnotes":""},"categories":[104,49,142],"tags":[],"class_list":["post-378632","post","type-post","status-publish","format-standard","has-post-thumbnail","hentry","category-evidenza_3","category-news-18","category-rassegna-stampa","category-104","category-49","category-142","description-off"],"img_url":"https:\/\/www.radiopiu.net\/wordpress\/wp-content\/uploads\/2024\/03\/Senza-nome-44.png","_links":{"self":[{"href":"https:\/\/www.radiopiu.net\/wordpress\/wp-json\/wp\/v2\/posts\/378632","targetHints":{"allow":["GET"]}}],"collection":[{"href":"https:\/\/www.radiopiu.net\/wordpress\/wp-json\/wp\/v2\/posts"}],"about":[{"href":"https:\/\/www.radiopiu.net\/wordpress\/wp-json\/wp\/v2\/types\/post"}],"author":[{"embeddable":true,"href":"https:\/\/www.radiopiu.net\/wordpress\/wp-json\/wp\/v2\/users\/4"}],"replies":[{"embeddable":true,"href":"https:\/\/www.radiopiu.net\/wordpress\/wp-json\/wp\/v2\/comments?post=378632"}],"version-history":[{"count":0,"href":"https:\/\/www.radiopiu.net\/wordpress\/wp-json\/wp\/v2\/posts\/378632\/revisions"}],"wp:featuredmedia":[{"embeddable":true,"href":"https:\/\/www.radiopiu.net\/wordpress\/wp-json\/wp\/v2\/media\/378633"}],"wp:attachment":[{"href":"https:\/\/www.radiopiu.net\/wordpress\/wp-json\/wp\/v2\/media?parent=378632"}],"wp:term":[{"taxonomy":"category","embeddable":true,"href":"https:\/\/www.radiopiu.net\/wordpress\/wp-json\/wp\/v2\/categories?post=378632"},{"taxonomy":"post_tag","embeddable":true,"href":"https:\/\/www.radiopiu.net\/wordpress\/wp-json\/wp\/v2\/tags?post=378632"}],"curies":[{"name":"wp","href":"https:\/\/api.w.org\/{rel}","templated":true}]}}