{"id":378654,"date":"2024-03-12T05:54:49","date_gmt":"2024-03-12T04:54:49","guid":{"rendered":"https:\/\/www.radiopiu.net\/wordpress\/?p=378654"},"modified":"2024-03-12T08:44:20","modified_gmt":"2024-03-12T07:44:20","slug":"giornale-radiopiu-12-marzo-2024-direttore-mirko-mezzacasada-40-anni-25-giugno-1983-25-giugno-2023","status":"publish","type":"post","link":"https:\/\/www.radiopiu.net\/wordpress\/giornale-radiopiu-12-marzo-2024-direttore-mirko-mezzacasada-40-anni-25-giugno-1983-25-giugno-2023\/","title":{"rendered":"GIORNALE RADIOPIU 12 MARZO 2024 DIRETTORE MIRKO MEZZACASA\u2026DA 40 ANNI 25 GIUGNO 1983-25 GIUGNO 2023"},"content":{"rendered":"<p>*****<\/p>\n<blockquote>\n<h1><span style=\"color: #ff0000;\">VIABILITA&#8217;: PASSI FALZAREGO, GIAU E FEDAIA APERTI. VAL PAROLA CHIUSO\u00a0<\/span><\/h1>\n<p>&nbsp;<\/p>\n<p>&nbsp;<\/p>\n<hr \/>\n<h1><\/h1>\n<h1>ULTIM&#8217;ORA, nella notte principio d&#8217;incendio a La Valle Agordina<\/h1>\n<\/blockquote>\n<p><strong>LA VALLE AGORDINA<\/strong> I Vigili del Fuoco di Agordo ieri sera alle 22 sono stati chiamati in frazione Le Campe per l&#8217;incendio di un camino di un edificio. Nessuna persona \u00e8 rimasta ferita. Le operazioni sono terminate alle 23:50.<\/p>\n<p><img loading=\"lazy\" decoding=\"async\" class=\"aligncenter\" src=\"https:\/\/www.radiopiu.net\/wordpress\/wp-content\/uploads\/2023\/11\/vigili-fuoco-agordo-13-scaled.jpg\" width=\"220\" height=\"122\" \/><\/p>\n<p>&nbsp;<\/p>\n<p>&nbsp;<\/p>\n<hr \/>\n<h3><a href=\"https:\/\/www.radiopiu.net\/wordpress\/giornale-radiopiu-24-gennaio-2021-direttore-mirko-mezzacasa\/141433770_171616291414874_2957460898102012198_n\/\" rel=\"attachment wp-att-186566\"><img loading=\"lazy\" decoding=\"async\" class=\"wp-image-186566 alignleft\" src=\"https:\/\/www.radiopiu.net\/wordpress\/wp-content\/uploads\/2021\/01\/141433770_171616291414874_2957460898102012198_n-300x300.jpg\" alt=\"\" width=\"144\" height=\"144\" srcset=\"https:\/\/www.radiopiu.net\/wordpress\/wp-content\/uploads\/2021\/01\/141433770_171616291414874_2957460898102012198_n-300x300.jpg 300w, https:\/\/www.radiopiu.net\/wordpress\/wp-content\/uploads\/2021\/01\/141433770_171616291414874_2957460898102012198_n-150x150.jpg 150w, https:\/\/www.radiopiu.net\/wordpress\/wp-content\/uploads\/2021\/01\/141433770_171616291414874_2957460898102012198_n-768x768.jpg 768w, https:\/\/www.radiopiu.net\/wordpress\/wp-content\/uploads\/2021\/01\/141433770_171616291414874_2957460898102012198_n.jpg 800w\" sizes=\"auto, (max-width: 144px) 100vw, 144px\" \/><\/a>PER<strong> RICEVERE QUESTO NOTIZIARIO DIRETTAMENTE SUL TUO CELLULARE ISCRIVITI AL CANALE TELEGRAM <\/strong><strong>\u201cRADIO PIU\u00a0 INFORMAZIONE&#8221;\u00a0<\/strong><\/h3>\n<h3>\u00a0il CANALE TELEGRAM&#8230; UNISCITI A: RADIO PIU INFORMAZIONE<\/h3>\n<p>&nbsp;<\/p>\n<p>&nbsp;<\/p>\n<p><em><a href=\"https:\/\/www.radiopiu.net\/wordpress\/giornale-radiopiu-24-gennaio-2021-direttore-mirko-mezzacasa\/79216601_126817312416448_708980208774483089_n\/\" rel=\"attachment wp-att-186567\"><img loading=\"lazy\" decoding=\"async\" class=\"size-medium wp-image-186567 alignright\" src=\"https:\/\/www.radiopiu.net\/wordpress\/wp-content\/uploads\/2021\/01\/79216601_126817312416448_708980208774483089_n-300x114.jpg\" alt=\"\" width=\"300\" height=\"114\" srcset=\"https:\/\/www.radiopiu.net\/wordpress\/wp-content\/uploads\/2021\/01\/79216601_126817312416448_708980208774483089_n-300x114.jpg 300w, https:\/\/www.radiopiu.net\/wordpress\/wp-content\/uploads\/2021\/01\/79216601_126817312416448_708980208774483089_n-768x292.jpg 768w, https:\/\/www.radiopiu.net\/wordpress\/wp-content\/uploads\/2021\/01\/79216601_126817312416448_708980208774483089_n.jpg 820w\" sizes=\"auto, (max-width: 300px) 100vw, 300px\" \/><\/a><span style=\"color: #ff0000;\">ATTENZIONE: LA NUOVA APP PER IOS-IPHONE di Nicola Vettorello <\/span><\/em><a href=\"https:\/\/apps.apple.com\/it\/app\/radio-pi%C3%B9-emittente-agordina\/id1515939845\">https:\/\/apps.apple.com\/it\/app\/radio-pi%C3%B9-emittente-agordina\/id1515939845<\/a><\/p>\n<p><em style=\"color: #ff0000;\">ATTENZIONE: LA NUOVA APP RADIO\u00a0 PER ANDROID di Nicola Vettorello<\/em><\/p>\n<p><a href=\"https:\/\/play.google.com\/store\/apps\/details?id=net.radiopiu.iniko\" target=\"_blank\" rel=\"noopener noreferrer\">https:\/\/play.google.com\/store\/apps\/details?id=net.radiopiu.iniko\u00a0\u00a0<\/a><\/p>\n<p>&nbsp;<\/p>\n<h3 class=\"kvgmc6g5 cxmmr5t8 oygrvhab hcukyx3x c1et5uql\"><span style=\"color: #0000ff;\">***<\/span><\/h3>\n<h2><span style=\"color: #000000;\">ISCRIVITI AL NOSTRO CANALE\u00a0\u00a0YOUTUBE PER SEGUIRE IN DIRETTA I PRINCIPALI PROGRAMMI DI RADIO PIU\u2019 E LE FUTURE DIRETTE IN ESTERNA. PER ISCRIVERTI <a style=\"color: #000000;\" href=\"https:\/\/youtube.com\/@radiopiu1527\">CLICCA QUI\u00a0<\/a>E PREMI\u00a0 \u201cIscriviti\u201d\u00a0 \u00a0<\/span><\/h2>\n<div data-block=\"true\" data-editor=\"avj4u\" data-offset-key=\"d3i0j-0-0\"><\/div>\n<div data-block=\"true\" data-editor=\"avj4u\" data-offset-key=\"d3i0j-0-0\">\n<hr \/>\n<\/div>\n<div data-block=\"true\" data-editor=\"avj4u\" data-offset-key=\"d3i0j-0-0\"><\/div>\n<div class=\"x11i5rnm xat24cr x1mh8g0r x1vvkbs xtlvy1s x126k92a\">\n<div dir=\"auto\">\n<p><a class=\"dt-pswp-item\" href=\"https:\/\/www.radiopiu.net\/wordpress\/wp-content\/uploads\/2023\/10\/34f4cfc6-e863-46e9-9695-8df44be63421.jpg\" data-dt-img-description=\"\" data-large_image_width=\"1200\" data-large_image_height=\"1200\"><img loading=\"lazy\" decoding=\"async\" class=\"wp-image-357393 alignleft\" src=\"https:\/\/www.radiopiu.net\/wordpress\/wp-content\/uploads\/2023\/10\/34f4cfc6-e863-46e9-9695-8df44be63421-300x300.jpg\" alt=\"\" width=\"81\" height=\"81\" srcset=\"https:\/\/www.radiopiu.net\/wordpress\/wp-content\/uploads\/2023\/10\/34f4cfc6-e863-46e9-9695-8df44be63421-300x300.jpg 300w, https:\/\/www.radiopiu.net\/wordpress\/wp-content\/uploads\/2023\/10\/34f4cfc6-e863-46e9-9695-8df44be63421-1024x1024.jpg 1024w, https:\/\/www.radiopiu.net\/wordpress\/wp-content\/uploads\/2023\/10\/34f4cfc6-e863-46e9-9695-8df44be63421-150x150.jpg 150w, https:\/\/www.radiopiu.net\/wordpress\/wp-content\/uploads\/2023\/10\/34f4cfc6-e863-46e9-9695-8df44be63421-768x768.jpg 768w, https:\/\/www.radiopiu.net\/wordpress\/wp-content\/uploads\/2023\/10\/34f4cfc6-e863-46e9-9695-8df44be63421.jpg 1200w\" sizes=\"auto, (max-width: 81px) 100vw, 81px\" \/><\/a>OGGI ALLA RADIO: <strong>ALLE 7<\/strong> LA RASSEGNA STAMPA LOCALE FLASH, PER CHI COME NOI ALLE SETTE DEL MATTINO VA DI FRETTA, TANTE NOTIZIE IN POCHE CHIACCHIERE. <strong>ALLE OTTO<\/strong> L&#8217;APPROFONDIMENTO NELLA STORICA RASSEGNA STAMPA LOCALE.\u00a0 DALLE 6 ALLE 21, OGNI ORA, L&#8217;INFORMAZIONE NAZIONALE, l&#8217;informazione locale,\u00a0 OGNI ORA IN CODA AL GR NAZIONALE, ALLE 14 VIABILITA 15 METEOROLOGIA 19 I TITOLI DAL TG DI ANTENNA 3 A CURA DI TIZIANA BOLOGNANI<\/p>\n<p><span style=\"color: #ff0000;\">La Settimana della memoria e dell&#8217;impegno, Agordo come Roma: citt\u00e0 Libera i 100 passi verso il 21 marzo, giornata in ricordo della vittime innocenti delle mafie a cura del PRESIDIO AGORDINO DI LIBERA &#8220;LUCIA PRECENZANO E SALVATORE AVERSA da lunedi 18 a sabato 23 marzo, alle 9.45 e 18.45 &#8230; su radio pi\u00f9<\/span><\/p>\n<p>&nbsp;<\/p>\n<hr \/>\n<p>&nbsp;<\/p>\n<p>&nbsp;<\/p>\n<blockquote>\n<h2>ACQUA NON POTABILE<\/h2>\n<\/blockquote>\n<div data-block=\"true\" data-editor=\"avj4u\" data-offset-key=\"d3i0j-0-0\"><img loading=\"lazy\" decoding=\"async\" class=\"alignleft\" src=\"https:\/\/www.radiopiu.net\/wordpress\/wp-content\/uploads\/2022\/05\/download-2.jpg\" width=\"74\" height=\"74\" \/><strong>SAN TOMASO AGORDINO<\/strong> nelle localit\u00e0 PIANEZZE, VALLATA, VAL, MEZZAVALLE, COSTA DI MEZZO E PIAN MOLIN l\u2019acqua erogata dall\u2019acquedotto non \u00e8 potabile e non pu\u00f2 essere usata per scopi alimentari. Verr\u00e0 effettuato servizio sostitutivo con cisterna in localit\u00e0 PIAN MOLIN presso Ecocentro.<\/div>\n<div data-block=\"true\" data-editor=\"avj4u\" data-offset-key=\"d3i0j-0-0\"><\/div>\n<div data-block=\"true\" data-editor=\"avj4u\" data-offset-key=\"d3i0j-0-0\"><\/div>\n<blockquote>\n<h3 data-block=\"true\" data-editor=\"avj4u\" data-offset-key=\"d3i0j-0-0\">LAVORI PROGRAMMATI GSP<\/h3>\n<\/blockquote>\n<div data-block=\"true\" data-editor=\"avj4u\" data-offset-key=\"d3i0j-0-0\">Gestione Servizi Pubblici informa che, per lavori alla rete idrica comunale,GIOVEDI dalle 8:00 a FINE LAVORI verr\u00e0 sospesa l\u2019erogazione dell\u2019acqua ad AGORDO nelle vie CAL DELLE MULE e TOCCOL. Il personale addetto operer\u00e0 per limitare il pi\u00f9 possibile i disagi alla popolazione.<\/div>\n<div data-block=\"true\" data-editor=\"avj4u\" data-offset-key=\"d3i0j-0-0\"><\/div>\n<div data-block=\"true\" data-editor=\"avj4u\" data-offset-key=\"d3i0j-0-0\"><\/div>\n<div data-block=\"true\" data-editor=\"avj4u\" data-offset-key=\"d3i0j-0-0\">\n<hr \/>\n<\/div>\n<div data-block=\"true\" data-editor=\"avj4u\" data-offset-key=\"d3i0j-0-0\"><\/div>\n<div dir=\"auto\"><\/div>\n<p><strong><a class=\"dt-pswp-item\" href=\"https:\/\/www.radiopiu.net\/wordpress\/wp-content\/uploads\/2024\/02\/2d44e751-d8a8-461b-8e22-d8e4e853b032.jpg\" data-dt-img-description=\"\" data-large_image_width=\"1600\" data-large_image_height=\"1200\"><img loading=\"lazy\" decoding=\"async\" class=\"wp-image-373307 alignleft\" src=\"https:\/\/www.radiopiu.net\/wordpress\/wp-content\/uploads\/2024\/02\/2d44e751-d8a8-461b-8e22-d8e4e853b032-300x225.jpg\" alt=\"\" width=\"105\" height=\"79\" srcset=\"https:\/\/www.radiopiu.net\/wordpress\/wp-content\/uploads\/2024\/02\/2d44e751-d8a8-461b-8e22-d8e4e853b032-300x225.jpg 300w, https:\/\/www.radiopiu.net\/wordpress\/wp-content\/uploads\/2024\/02\/2d44e751-d8a8-461b-8e22-d8e4e853b032-1024x768.jpg 1024w, https:\/\/www.radiopiu.net\/wordpress\/wp-content\/uploads\/2024\/02\/2d44e751-d8a8-461b-8e22-d8e4e853b032-768x576.jpg 768w, https:\/\/www.radiopiu.net\/wordpress\/wp-content\/uploads\/2024\/02\/2d44e751-d8a8-461b-8e22-d8e4e853b032-1536x1152.jpg 1536w, https:\/\/www.radiopiu.net\/wordpress\/wp-content\/uploads\/2024\/02\/2d44e751-d8a8-461b-8e22-d8e4e853b032.jpg 1600w\" sizes=\"auto, (max-width: 105px) 100vw, 105px\" \/><\/a>EL BAL DEL FIOR, DI GIULIANA DA RONCH, 12 MARZO 2024<\/strong><\/p>\n<\/div>\n<\/div>\n<p>&nbsp;<\/p>\n<p>&nbsp;<\/p>\n<p>&nbsp;<\/p>\n<div class=\"x11i5rnm xat24cr x1mh8g0r x1vvkbs xtlvy1s x126k92a\">\n<div dir=\"auto\">\n<audio class=\"wp-audio-shortcode\" id=\"audio-378654-1\" preload=\"none\" style=\"width: 100%;\" controls=\"controls\"><source type=\"audio\/mpeg\" src=\"https:\/\/www.radiopiu.net\/wordpress\/wp-content\/uploads\/2024\/03\/GMA-2.m4a?_=1\" \/><a href=\"https:\/\/www.radiopiu.net\/wordpress\/wp-content\/uploads\/2024\/03\/GMA-2.m4a\">https:\/\/www.radiopiu.net\/wordpress\/wp-content\/uploads\/2024\/03\/GMA-2.m4a<\/a><\/audio>\n<hr \/>\n<hr \/>\n<hr \/>\n<hr \/>\n<p>&nbsp;<\/p>\n<p><span style=\"color: #ff0000;\"><strong><a class=\"dt-pswp-item\" href=\"https:\/\/www.radiopiu.net\/wordpress\/wp-content\/uploads\/2024\/03\/432084376_10219334597475393_4709516723349567296_n.jpg\" data-dt-img-description=\"\" data-large_image_width=\"517\" data-large_image_height=\"640\"><img loading=\"lazy\" decoding=\"async\" class=\"wp-image-378828 alignleft\" src=\"https:\/\/www.radiopiu.net\/wordpress\/wp-content\/uploads\/2024\/03\/432084376_10219334597475393_4709516723349567296_n-242x300.jpg\" alt=\"\" width=\"123\" height=\"152\" srcset=\"https:\/\/www.radiopiu.net\/wordpress\/wp-content\/uploads\/2024\/03\/432084376_10219334597475393_4709516723349567296_n-242x300.jpg 242w, https:\/\/www.radiopiu.net\/wordpress\/wp-content\/uploads\/2024\/03\/432084376_10219334597475393_4709516723349567296_n.jpg 517w\" sizes=\"auto, (max-width: 123px) 100vw, 123px\" \/><\/a> <\/strong><\/span><\/p>\n<p><span style=\"color: #ff0000;\"><strong>\u00a0<\/strong><\/span><\/p>\n<p><span style=\"color: #ff0000;\"><strong>OGGI ALLA RADIO<\/strong><\/span>: <strong>ALLE 7.20<\/strong> EL BAR DEL FIOR, DETTI E TRADIZIONI DI GIULIANA DA RONCH; <strong>ALLE 8.20<\/strong> MARINA DONA <strong>ALLE 9.10 <\/strong>la musica country di Alex Nascinben <strong>ALLE 10.30<\/strong> MUSLA la nove in ladin<strong> ALLE 10.30 <\/strong>MY DOOLS, LA SARTORIA DI CENCENIGHE COMPIE 10 ANNI, L&#8217;INCONTRO CON CELESTINA BRUNO <strong>ALLE 15<\/strong> DOPO LA METEO EL DARLIN DI LUISA ALCHINI, OSPITE FELICE PAOLIN DI CANALE D&#8217;AGORDO (foto)<strong>\u00a0 ALLE 16.00<\/strong> IL ROCK DI MARCO COSTANTINI <strong>ALLE 16<\/strong> MIRCO BENCIVENNI, LE CLASSIFICHE D&#8217;ANNATA<\/p>\n<p>&nbsp;<\/p>\n<\/div>\n<p>&nbsp;<\/p>\n<div dir=\"auto\">\n<p>&nbsp;<\/p>\n<hr \/>\n<\/div>\n<\/div>\n<blockquote>\n<blockquote>\n<h1><span style=\"color: #ff0000;\">I podcast informativi del mattino &#8211; audio &#8211;\u00a0<\/span><\/h1>\n<\/blockquote>\n<p><strong><a class=\"dt-pswp-item\" href=\"https:\/\/www.radiopiu.net\/wordpress\/wp-content\/uploads\/2023\/11\/th-10.jpg\" data-dt-img-description=\"\" data-large_image_width=\"320\" data-large_image_height=\"180\"><img loading=\"lazy\" decoding=\"async\" class=\"wp-image-362866 alignleft\" src=\"https:\/\/www.radiopiu.net\/wordpress\/wp-content\/uploads\/2023\/11\/th-10-300x169.jpg\" alt=\"\" width=\"185\" height=\"104\" srcset=\"https:\/\/www.radiopiu.net\/wordpress\/wp-content\/uploads\/2023\/11\/th-10-300x169.jpg 300w, https:\/\/www.radiopiu.net\/wordpress\/wp-content\/uploads\/2023\/11\/th-10.jpg 320w\" sizes=\"auto, (max-width: 185px) 100vw, 185px\" \/><\/a>LA RASSEGNA STAMPA NAZIONALE ALLA RADIO, OGNI GIORNO ALLE 5 E ALLE 6 DEL MATTINO <span style=\"color: #0000ff;\">viene pubblicata alle 6.00 <span style=\"color: #ff0000;\">DIRETTA RADIO\u00a0 \u00a0<\/span><\/span><\/strong><\/p><\/blockquote>\n<p>&nbsp;<\/p>\n<p>&nbsp;<\/p>\n<p><strong>di SISSY MARTINELLI<\/strong><\/p>\n<p><strong>Roma<\/strong> il nuovo tassello della riforma fiscale, una bozza trapelata parla di come cambiano le modalit\u00e0 di riscossione, fino a 120 rate, 10 anni. <strong>Sentenza<\/strong> di primo grado, processo Consi, implicato il padre di Renzi e altri uomini politici, tutti assolti.<strong> Allarme<\/strong> maltempo in molte regioni italiane, soprattutto il versante tirrenico.<strong> Val Senales<\/strong>, sfiorata la tragedia, soccorritori travolti dalla neve. <strong>Calcio<\/strong> ieri nel posticipo la Lazio commette un passo falso con l&#8217;Udinese, quarta sconfitta conscutiva e allenatore a rischio<\/p>\n<h2>AUDIO dalle 7 del mattino<\/h2>\n<audio class=\"wp-audio-shortcode\" id=\"audio-378654-2\" preload=\"none\" style=\"width: 100%;\" controls=\"controls\"><source type=\"audio\/mpeg\" src=\"https:\/\/www.radiopiu.net\/wordpress\/wp-content\/uploads\/2024\/03\/GIORNALEDELLESEI-9.mp3?_=2\" \/><a href=\"https:\/\/www.radiopiu.net\/wordpress\/wp-content\/uploads\/2024\/03\/GIORNALEDELLESEI-9.mp3\">https:\/\/www.radiopiu.net\/wordpress\/wp-content\/uploads\/2024\/03\/GIORNALEDELLESEI-9.mp3<\/a><\/audio>\n<p>&nbsp;<\/p>\n<p>&nbsp;<\/p>\n<hr \/>\n<p>&nbsp;<\/p>\n<h1 style=\"text-align: center;\"><span style=\"color: #ff0000;\">I podcast informativi del mattino &#8211; audio &#8211;\u00a0<\/span><\/h1>\n<p><strong><a class=\"dt-pswp-item\" href=\"https:\/\/www.radiopiu.net\/wordpress\/wp-content\/uploads\/2023\/12\/images.png\" data-dt-img-description=\"\" data-large_image_width=\"316\" data-large_image_height=\"160\"><img loading=\"lazy\" decoding=\"async\" class=\"wp-image-367008 alignleft\" src=\"https:\/\/www.radiopiu.net\/wordpress\/wp-content\/uploads\/2023\/12\/images-300x152.png\" alt=\"\" width=\"235\" height=\"119\" srcset=\"https:\/\/www.radiopiu.net\/wordpress\/wp-content\/uploads\/2023\/12\/images-300x152.png 300w, https:\/\/www.radiopiu.net\/wordpress\/wp-content\/uploads\/2023\/12\/images.png 316w\" sizes=\"auto, (max-width: 235px) 100vw, 235px\" \/><\/a>OGNI GIORNO ALLE SETTE DEL MATTINO, LA RASSEGNA STAMPA LOCALE FLASH&#8230; PER CHI VA IN FRETTA. I TITOLI DAI GIORNALI E DAL SITO WWW.RADIOPIU.NET <span style=\"color: #0000ff;\">viene pubblicato alle 7.00<\/span> <span style=\"color: #ff0000;\">DIRETTA RADIO\u00a0<\/span><\/strong><\/p>\n<p><em><span style=\"color: #ff0000;\">per chi va in fretta&#8230; tante notizie in pochi minuti. L&#8217;informazione locale alla radio, ogni ora dalle 7 del mattino alle 19 della sera.\u00a0 \u00a0\u00a0<\/span><\/em><\/p>\n<p>di mirko mezzacasa<\/p>\n<p><strong>VIABILITA&#8217;<\/strong>: PASSI FALZAREGO, GIAU E FEDAIA APERTI. VAL PAROLA CHIUSO<br \/>\n<strong>LA VALLE AGORDINA<\/strong> I Vigili del Fuoco di Agordo ieri sera alle 22 sono stati chiamati in frazione Le Campe per l&#8217;incendio di un camino di un edificio. Nessuna persona \u00e8 rimasta ferita. Le operazioni sono terminate alle 23:50.<br \/>\n<strong>AGORDO<\/strong> La comunit\u00e0 di Agordo piange Gianni &#8220;Killy&#8221; Tormen. A darne il triste annuncio della scomparsa la figlia Silvia con Enza, Santiago e Renato. I funerali si svolgeranno oggi alle 14:30 nella chiesa arcidiaconale di Agordo<br \/>\n<strong>BELLUNO<\/strong> Incidente nel pomeriggio di ieri a Belluno sulla strada che porta a Ponte Nelle Alpi di fronte a Innerhofer. Tre le auto coinvolte nell&#8217;impatto. Sul posto il personale del SUEM 118 per soccorrere due persone che sono rimaste ferite in seguito allo scontro<br \/>\n<strong>LONGARONE<\/strong>\u00a0 Un anziano veneziano di 74 anni \u00e8 stato coinvolto in uno schianto alla rotatoria di Igne, Longarone. L&#8217;uomo \u00e8 uscito di strada con la sua utilitaria rossa e ha colpito il guardrail. Soccorso dall&#8217;ambulanza del 118, \u00e8 stato trasportato al Pronto Soccorso del San Martino di Belluno per accertamenti, ma le sue condizioni non sono gravi<br \/>\n<strong>BELLUNO<\/strong> Pneumatici squarciati da una coltellata causano disagio a un residente di via Agordo, Belluno. La macchina, parcheggiata nel cortile privato, ha subito danni notturni. L&#8217;incidente \u00e8 stato segnalato ai carabinieri e le indagini sono in corso, con l&#8217;analisi delle telecamere di sorveglianza.<br \/>\nIERI PER L&#8217;ENNESIMA VOLTA LA<strong> DOLOMITIBUS,<\/strong> PER UN PO&#8217; DI NEVE, LASCIA A PIEDE I RAGAZZI A LIVINALLONGO E IL SINDACO LEANDRO GRONES E&#8217; FINALMENTE PRONTO A FARE DENUNCIA. STUDENTI APPIEDATI ANCHE A VOLTAGO, QUI IERI IL PULLMAN E&#8217; PASSATO IN ANTICIPO CON TANTI SALUTI A CHI STAVA PER USCIRE DI CASA<br \/>\nIL SINDACO DI <strong>GOSALDO<\/strong> CHIEDE AIUTO PER LE FRANE CHE HANNO COLPITO IL PAESE<br \/>\nQUATTRO PUNTI NEL CONSIGLIO COMUNALE DI AGORDO IN PODCAST LA REGISTRAZIONE SUL SITO DI RADIOPIU<\/p>\n<h2>AUDIO dalle 7 del mattino<\/h2>\n<audio class=\"wp-audio-shortcode\" id=\"audio-378654-3\" preload=\"none\" style=\"width: 100%;\" controls=\"controls\"><source type=\"audio\/mpeg\" src=\"https:\/\/www.radiopiu.net\/wordpress\/wp-content\/uploads\/2024\/03\/GF07-9.mp3?_=3\" \/><a href=\"https:\/\/www.radiopiu.net\/wordpress\/wp-content\/uploads\/2024\/03\/GF07-9.mp3\">https:\/\/www.radiopiu.net\/wordpress\/wp-content\/uploads\/2024\/03\/GF07-9.mp3<\/a><\/audio>\n<p>&nbsp;<\/p>\n<hr \/>\n<p>&nbsp;<\/p>\n<h1><\/h1>\n<h1 style=\"text-align: center;\"><span style=\"color: #ff0000;\"><a class=\"dt-pswp-item\" href=\"https:\/\/www.radiopiu.net\/wordpress\/wp-content\/uploads\/2022\/01\/026c3f9d-dae9-4040-a3c1-a6530231bcc3.jpg\" data-dt-img-description=\"\" data-large_image_width=\"1152\" data-large_image_height=\"2048\"><img loading=\"lazy\" decoding=\"async\" class=\"wp-image-251839 alignleft\" src=\"https:\/\/www.radiopiu.net\/wordpress\/wp-content\/uploads\/2022\/01\/026c3f9d-dae9-4040-a3c1-a6530231bcc3-169x300.jpg\" alt=\"\" width=\"100\" height=\"177\" srcset=\"https:\/\/www.radiopiu.net\/wordpress\/wp-content\/uploads\/2022\/01\/026c3f9d-dae9-4040-a3c1-a6530231bcc3-169x300.jpg 169w, https:\/\/www.radiopiu.net\/wordpress\/wp-content\/uploads\/2022\/01\/026c3f9d-dae9-4040-a3c1-a6530231bcc3-576x1024.jpg 576w, https:\/\/www.radiopiu.net\/wordpress\/wp-content\/uploads\/2022\/01\/026c3f9d-dae9-4040-a3c1-a6530231bcc3-768x1365.jpg 768w, https:\/\/www.radiopiu.net\/wordpress\/wp-content\/uploads\/2022\/01\/026c3f9d-dae9-4040-a3c1-a6530231bcc3-864x1536.jpg 864w, https:\/\/www.radiopiu.net\/wordpress\/wp-content\/uploads\/2022\/01\/026c3f9d-dae9-4040-a3c1-a6530231bcc3.jpg 1152w\" sizes=\"auto, (max-width: 100px) 100vw, 100px\" \/><\/a>I podcast informativi del mattino &#8211; audio &#8211;\u00a0<\/span><\/h1>\n<blockquote><p><strong>GIORNALE RADIO NAZIONALE, EDIZIONE DELLE SETTE <span style=\"color: #0000ff;\">viene pubblicato alle 7.05 <span style=\"color: #ff0000;\">DIRETTA RADIO\u00a0<\/span><\/span><\/strong><\/p><\/blockquote>\n<p><strong>il giornale radionazionale e&#8217; in onda ogni ora, dalle sette del mattino alle venti della sera\u00a0\u00a0<\/strong><\/p>\n<p>&nbsp;<\/p>\n<p>Arrendersi alla <strong>Russia<\/strong> non porter\u00e0 alla pace, la risposta a Papa Francesco. <strong>Trump<\/strong> ammirava Hitler &#8220;il ritorno delle grandi potenze&#8221; Lascia i domiciliari, libero il figlio del Ministro delle Finanze<strong> Visco.<\/strong> Loredana Berte&#8217; ricoverata per un malore, posticipato il concerto di Roma. Un uomo \u00e8 morto in autostrada, con il furgone ha tamponato un camion fermo per avaria.<\/p>\n<h2>AUDIO dalle sette del mattino, ogni ora alla radio<\/h2>\n<audio class=\"wp-audio-shortcode\" id=\"audio-378654-4\" preload=\"none\" style=\"width: 100%;\" controls=\"controls\"><source type=\"audio\/mpeg\" src=\"https:\/\/www.radiopiu.net\/wordpress\/wp-content\/uploads\/2024\/03\/giornale07-9.mp3?_=4\" \/><a href=\"https:\/\/www.radiopiu.net\/wordpress\/wp-content\/uploads\/2024\/03\/giornale07-9.mp3\">https:\/\/www.radiopiu.net\/wordpress\/wp-content\/uploads\/2024\/03\/giornale07-9.mp3<\/a><\/audio>\n<p>&nbsp;<\/p>\n<p>&nbsp;<\/p>\n<h2><\/h2>\n<hr \/>\n<p>&nbsp;<\/p>\n<p>&nbsp;<\/p>\n<h1><span style=\"color: #ff0000;\">I podcast informativi del mattino &#8211; video &#8211;\u00a0<\/span><\/h1>\n<h2><strong><a class=\"dt-pswp-item\" href=\"https:\/\/www.radiopiu.net\/wordpress\/wp-content\/uploads\/2023\/12\/th-10.jpg\" data-dt-img-description=\"\" data-large_image_width=\"245\" data-large_image_height=\"180\"><img loading=\"lazy\" decoding=\"async\" class=\" wp-image-367395 alignleft\" src=\"https:\/\/www.radiopiu.net\/wordpress\/wp-content\/uploads\/2023\/12\/th-10.jpg\" alt=\"\" width=\"166\" height=\"122\" \/><\/a>RASSEGNA STAMPA LOCALE, ORE OTTO 05<\/strong><\/h2>\n<h2><strong> <span style=\"color: #0000ff;\">viene\u00a0 <\/span><\/strong><strong><span style=\"color: #0000ff;\">pubblicata alle 8.05 <span style=\"color: #ff0000;\">DIRETTA RADIO\u00a0\u00a0<\/span><\/span><\/strong><\/h2>\n<p><strong>DI MIRKO MEZZACASA\u00a0 \u00a0\u00a0<\/strong><\/p>\n<p>LONGARONE\u00a0 Un anziano veneziano di 74 anni \u00e8 stato coinvolto in uno schianto alla rotatoria di Igne, Longarone. L&#8217;uomo \u00e8 uscito di strada con la sua utilitaria rossa e ha colpito il guardrail. Soccorso dall&#8217;ambulanza del 118, \u00e8 stato trasportato al Pronto Soccorso del San Martino di Belluno per accertamenti, ma le sue condizioni non sono gravi<br \/>\nBELLUNO Pneumatici squarciati da una coltellata causano disagio a un residente di via Agordo, Belluno. La macchina, parcheggiata nel cortile privato, ha subito danni notturni. L&#8217;incidente \u00e8 stato segnalato ai carabinieri e le indagini sono in corso, con l&#8217;analisi delle telecamere di sorveglianza.<br \/>\nIERI PER L&#8217;ENNESIMA VOLTA LA DOLOMITIBUS, PER UN PO&#8217; DI NEVE, LASCIA A PIEDE I RAGAZZI A LIVINALLONGO E IL SINDACO LEANDRO GRONES E&#8217; FINALMENTE PRONTO A FARE DENUNCIA. STUDENTI APPIEDATI ANCHE A VOLTAGO, QUI IERI IL PULLMAN E&#8217; PASSATO IN ANTICIPO CON TANTI SALUTI A CHI STAVA PER USCIRE DI CASA<br \/>\nIL SINDACO DI GOSALDO CHIEDE AIUTO PER LE FRANE CHE HANNO COLPITO IL PAESE<br \/>\nQUATTRO PUNTI NEL CONSIGLIO COMUNALE DI AGORDO IN PODCAST LA REGISTRAZIONE SUL SITO DI RADIOPIU<br \/>\nAGORDO\u00a0 Medico anestesista all&#8217;ospedale Papa Luciani di Agordo sotto processo per accesso abusivo a dati sensibili di una donna nel sistema informatico dell&#8217;Ulss 1 Dolomiti, dopo una relazione finita male. Il processo \u00e8 in corso con ulteriori testimonianze previste per settembre.<br \/>\nVENEZIA Il presidente della Regione Veneto, Luca Zaia, condanna fermamente la violenza contro gli operatori sanitari, sottolineando la necessit\u00e0 di affrontare il problema con determinazione.<br \/>\nROMA Pro Loco Pieve Castionese nella capitale per la premiazione e la consegna della targa di \u201cSagra di qualit\u00e0\u201d Unpli 2023. Sul palco per la stretta di mano il presidente Maurizio Fontanelle, i consiglieri Lorenzo De Zaiacomo, Roy Godi, Elio De Bona, EDI De Barda, Nicola Balcon, l\u2019assessore Paolo Luciani e il presidente Unpli Veneto Davide Praloran. La cerimonia\u00a0 si \u00e8 tenuta all&#8217;\u2019Ergife Palace Hotel e nell&#8217;aula del Senato.<br \/>\nTORNA LA SAGRA DEI FISCIOT A BELLUNO<br \/>\nTUTTO PRONTO PER LA SAGRA DI SAN GIUSEPPE A CHIES D&#8217;ALPAGO<\/p>\n<p>PALLAVOLO SECONDA SCONFITTA DEL BELLUNO VOLLEY CONTRO LA CAPOLISTA MANTOVA<br \/>\nNUOTO TROFEO COPPA PRIMAVERA A SPRESIANO: SETTE MEDAGLIE PER GLI ESORDIENTI DELLA SPORTIVAMENTE BELLUNO<br \/>\nTELEMARK LA SCUFONEDA 2024 UN VERO SUCCESSO<\/p>\n<h2><strong>VIDEO\u00a0 \u00a0in diretta dalle 8 del mattino<\/strong><\/h2>\n<p>https:\/\/www.facebook.com\/Mirkomezziano\/videos\/673973264743524<\/p>\n<hr \/>\n<p>&nbsp;<\/p>\n<blockquote>\n<h3>METEO: MIGLIORANO LE PREVISIONI PER I PROSSIMI GIORNI<\/h3>\n<\/blockquote>\n<p><strong>VENEZIA <\/strong>Il meteo regionale segnala che per i prossimi giorni non sono previste precipitazioni significative. In pianura il cielo sar\u00e0 poco o parzialmente nuvoloso, con temperature leggermente superiori alla media. In montagna alternanza di nuvole e rasserenamenti. Sulla base di queste previsioni meteo, il Centro Funzionale Decentrato della Protezione Civile regionale ha emesso un bollettino che, fino alle 14 di oggi, dichiara lo stato di \u201cAttenzione\u201d (Giallo) per criticit\u00e0 idraulica in alcuni bacini. \u00a0\u00c8 stato inoltre dichiarato lo stato di \u201cAttenzione\u201d (Giallo) per criticit\u00e0 idrogeologica in alcune zone.<\/p>\n<p>&nbsp;<\/p>\n<p>&nbsp;<\/p>\n<p>&nbsp;<\/p>\n<hr \/>\n<p>&nbsp;<\/p>\n<blockquote>\n<h3><a class=\"dt-pswp-item\" href=\"https:\/\/www.radiopiu.net\/wordpress\/wp-content\/uploads\/2024\/03\/a77089a1-8f42-4671-ba39-4264aa645e17.jpg\" data-dt-img-description=\"\" data-large_image_width=\"1600\" data-large_image_height=\"1227\"><img loading=\"lazy\" decoding=\"async\" class=\" wp-image-378789 alignleft\" src=\"https:\/\/www.radiopiu.net\/wordpress\/wp-content\/uploads\/2024\/03\/a77089a1-8f42-4671-ba39-4264aa645e17-300x230.jpg\" alt=\"\" width=\"155\" height=\"119\" srcset=\"https:\/\/www.radiopiu.net\/wordpress\/wp-content\/uploads\/2024\/03\/a77089a1-8f42-4671-ba39-4264aa645e17-300x230.jpg 300w, https:\/\/www.radiopiu.net\/wordpress\/wp-content\/uploads\/2024\/03\/a77089a1-8f42-4671-ba39-4264aa645e17-1024x785.jpg 1024w, https:\/\/www.radiopiu.net\/wordpress\/wp-content\/uploads\/2024\/03\/a77089a1-8f42-4671-ba39-4264aa645e17-768x589.jpg 768w, https:\/\/www.radiopiu.net\/wordpress\/wp-content\/uploads\/2024\/03\/a77089a1-8f42-4671-ba39-4264aa645e17-1536x1178.jpg 1536w, https:\/\/www.radiopiu.net\/wordpress\/wp-content\/uploads\/2024\/03\/a77089a1-8f42-4671-ba39-4264aa645e17.jpg 1600w\" sizes=\"auto, (max-width: 155px) 100vw, 155px\" \/><\/a>OGGI L&#8217;ULTIMO SALUTO A GIANNI &#8220;KILLY&#8221; TORMEN<\/h3>\n<\/blockquote>\n<p><strong>AGORDO<\/strong> La comunit\u00e0 di Agordo piange Gianni &#8220;Killy&#8221; Tormen. A darne il triste annuncio della scomparsa la figlia Silvia con Enza, Santiago e Renato. I funerali si svolgeranno oggi alle 14:30 nella chiesa arcidiaconale di Agordo. La famiglia rinrazia quanti per ragioni affettive e professionali lo hanno accudito con sensibilit\u00e0 e rispetto per la sua dignit\u00e0 umana.<\/p>\n<p><strong>DI GIANNI SANTOMASO<\/strong><\/p>\n<audio class=\"wp-audio-shortcode\" id=\"audio-378654-5\" preload=\"none\" style=\"width: 100%;\" controls=\"controls\"><source type=\"audio\/mpeg\" src=\"https:\/\/www.radiopiu.net\/wordpress\/wp-content\/uploads\/2024\/03\/GIANNI-GIANNI-TORMEN.mp3?_=5\" \/><a href=\"https:\/\/www.radiopiu.net\/wordpress\/wp-content\/uploads\/2024\/03\/GIANNI-GIANNI-TORMEN.mp3\">https:\/\/www.radiopiu.net\/wordpress\/wp-content\/uploads\/2024\/03\/GIANNI-GIANNI-TORMEN.mp3<\/a><\/audio>\n<p>&nbsp;<\/p>\n<p><strong>GIANNI KILLY A RADIOPIU&#8217;&#8230; CON L&#8217;AMICO LUCKY SPORT&#8230;<\/strong><\/p>\n<audio class=\"wp-audio-shortcode\" id=\"audio-378654-6\" preload=\"none\" style=\"width: 100%;\" controls=\"controls\"><source type=\"audio\/mpeg\" src=\"https:\/\/www.radiopiu.net\/wordpress\/wp-content\/uploads\/2024\/03\/GIANNI-K.mp3?_=6\" \/><a href=\"https:\/\/www.radiopiu.net\/wordpress\/wp-content\/uploads\/2024\/03\/GIANNI-K.mp3\">https:\/\/www.radiopiu.net\/wordpress\/wp-content\/uploads\/2024\/03\/GIANNI-K.mp3<\/a><\/audio>\n<p>&nbsp;<\/p>\n<p>&nbsp;<\/p>\n<p>&nbsp;<\/p>\n<hr \/>\n<p>&nbsp;<\/p>\n<blockquote>\n<h3>INCIDENTE TRA BELLUNO E PONTE NELLE ALPI. DUE FERITI<\/h3>\n<\/blockquote>\n<p><strong>BELLUNO<\/strong> Incidente nel pomeriggio di ieri a Belluno sulla strada che porta a Ponte Nelle Alpi di fronte a Innerhofer. Tre le auto coinvolte nell&#8217;impatto. Sul posto il personale del SUEM 118 per soccorrere due persone che sono rimaste ferite in seguito allo scontro. Un uomo e una donna sono stati trasportati al Pronto Soccorso dell&#8217;ospedale San Martino di Belluno, un terzo coinvolto ha rifiutato l&#8217;aiuto dei sanitari.<\/p>\n\n\t\t\t<style type='text\/css'>\n\t\t\t\t#gallery-1 {\n\t\t\t\t\tmargin: auto;\n\t\t\t\t}\n\t\t\t\t#gallery-1 .gallery-item {\n\t\t\t\t\tfloat: left;\n\t\t\t\t\tmargin-top: 10px;\n\t\t\t\t\ttext-align: center;\n\t\t\t\t\twidth: 33%;\n\t\t\t\t}\n\t\t\t\t#gallery-1 img {\n\t\t\t\t\tborder: 2px solid #cfcfcf;\n\t\t\t\t}\n\t\t\t\t#gallery-1 .gallery-caption {\n\t\t\t\t\tmargin-left: 0;\n\t\t\t\t}\n\t\t\t\t\/* see gallery_shortcode() in wp-includes\/media.php *\/\n\t\t\t<\/style>\n\t\t<div id='gallery-1' class='dt-gallery-container gallery galleryid-378654 gallery-columns-3 gallery-size-medium'><dl class='gallery-item'>\n\t\t\t\t<dt class='gallery-icon landscape'>\n\t\t\t\t\t<a class=\"rollover rollover-zoom dt-pswp-item\" title=\"1edf2505-22c8-427a-9cb1-bfbc97675d54\" data-dt-img-description=\"\" data-large_image_width=\"1600\" data-large_image_height=\"900\"href='https:\/\/www.radiopiu.net\/wordpress\/wp-content\/uploads\/2024\/03\/1edf2505-22c8-427a-9cb1-bfbc97675d54.jpg'><img loading=\"lazy\" decoding=\"async\" width=\"300\" height=\"169\" src=\"https:\/\/www.radiopiu.net\/wordpress\/wp-content\/uploads\/2024\/03\/1edf2505-22c8-427a-9cb1-bfbc97675d54-300x169.jpg\" class=\"attachment-medium size-medium\" alt=\"\" srcset=\"https:\/\/www.radiopiu.net\/wordpress\/wp-content\/uploads\/2024\/03\/1edf2505-22c8-427a-9cb1-bfbc97675d54-300x169.jpg 300w, https:\/\/www.radiopiu.net\/wordpress\/wp-content\/uploads\/2024\/03\/1edf2505-22c8-427a-9cb1-bfbc97675d54-1024x576.jpg 1024w, https:\/\/www.radiopiu.net\/wordpress\/wp-content\/uploads\/2024\/03\/1edf2505-22c8-427a-9cb1-bfbc97675d54-768x432.jpg 768w, https:\/\/www.radiopiu.net\/wordpress\/wp-content\/uploads\/2024\/03\/1edf2505-22c8-427a-9cb1-bfbc97675d54-1536x864.jpg 1536w, https:\/\/www.radiopiu.net\/wordpress\/wp-content\/uploads\/2024\/03\/1edf2505-22c8-427a-9cb1-bfbc97675d54.jpg 1600w\" sizes=\"auto, (max-width: 300px) 100vw, 300px\" \/><\/a>\n\t\t\t\t<\/dt><\/dl><dl class='gallery-item'>\n\t\t\t\t<dt class='gallery-icon landscape'>\n\t\t\t\t\t<a class=\"rollover rollover-zoom dt-pswp-item\" title=\"95db6b03-4ac1-4c60-8a35-992eac8bca57\" data-dt-img-description=\"\" data-large_image_width=\"1600\" data-large_image_height=\"900\"href='https:\/\/www.radiopiu.net\/wordpress\/wp-content\/uploads\/2024\/03\/95db6b03-4ac1-4c60-8a35-992eac8bca57.jpg'><img loading=\"lazy\" decoding=\"async\" width=\"300\" height=\"169\" src=\"https:\/\/www.radiopiu.net\/wordpress\/wp-content\/uploads\/2024\/03\/95db6b03-4ac1-4c60-8a35-992eac8bca57-300x169.jpg\" class=\"attachment-medium size-medium\" alt=\"\" srcset=\"https:\/\/www.radiopiu.net\/wordpress\/wp-content\/uploads\/2024\/03\/95db6b03-4ac1-4c60-8a35-992eac8bca57-300x169.jpg 300w, https:\/\/www.radiopiu.net\/wordpress\/wp-content\/uploads\/2024\/03\/95db6b03-4ac1-4c60-8a35-992eac8bca57-1024x576.jpg 1024w, https:\/\/www.radiopiu.net\/wordpress\/wp-content\/uploads\/2024\/03\/95db6b03-4ac1-4c60-8a35-992eac8bca57-768x432.jpg 768w, https:\/\/www.radiopiu.net\/wordpress\/wp-content\/uploads\/2024\/03\/95db6b03-4ac1-4c60-8a35-992eac8bca57-1536x864.jpg 1536w, https:\/\/www.radiopiu.net\/wordpress\/wp-content\/uploads\/2024\/03\/95db6b03-4ac1-4c60-8a35-992eac8bca57.jpg 1600w\" sizes=\"auto, (max-width: 300px) 100vw, 300px\" \/><\/a>\n\t\t\t\t<\/dt><\/dl><dl class='gallery-item'>\n\t\t\t\t<dt class='gallery-icon landscape'>\n\t\t\t\t\t<a class=\"rollover rollover-zoom dt-pswp-item\" title=\"5603b9f7-419b-4b70-822f-da6148c39265\" data-dt-img-description=\"\" data-large_image_width=\"1517\" data-large_image_height=\"1071\"href='https:\/\/www.radiopiu.net\/wordpress\/wp-content\/uploads\/2024\/03\/5603b9f7-419b-4b70-822f-da6148c39265.jpg'><img loading=\"lazy\" decoding=\"async\" width=\"300\" height=\"212\" src=\"https:\/\/www.radiopiu.net\/wordpress\/wp-content\/uploads\/2024\/03\/5603b9f7-419b-4b70-822f-da6148c39265-300x212.jpg\" class=\"attachment-medium size-medium\" alt=\"\" srcset=\"https:\/\/www.radiopiu.net\/wordpress\/wp-content\/uploads\/2024\/03\/5603b9f7-419b-4b70-822f-da6148c39265-300x212.jpg 300w, https:\/\/www.radiopiu.net\/wordpress\/wp-content\/uploads\/2024\/03\/5603b9f7-419b-4b70-822f-da6148c39265-1024x723.jpg 1024w, https:\/\/www.radiopiu.net\/wordpress\/wp-content\/uploads\/2024\/03\/5603b9f7-419b-4b70-822f-da6148c39265-768x542.jpg 768w, https:\/\/www.radiopiu.net\/wordpress\/wp-content\/uploads\/2024\/03\/5603b9f7-419b-4b70-822f-da6148c39265.jpg 1517w\" sizes=\"auto, (max-width: 300px) 100vw, 300px\" \/><\/a>\n\t\t\t\t<\/dt><\/dl><br style=\"clear: both\" \/>\n\t\t\t<\/div>\n\n<p>&nbsp;<\/p>\n<p>&nbsp;<\/p>\n<hr \/>\n<p>&nbsp;<\/p>\n<blockquote>\n<h3 class=\"articlePlainTitle\">ANZIANO IN OSPEDALE, LO SCHIANTO ALLA ROTATORIA<\/h3>\n<\/blockquote>\n<div class=\"articlePlainTitle\"><strong>LONGARONE<\/strong>\u00a0 Un anziano veneziano di 74 anni \u00e8 stato coinvolto in uno schianto alla rotatoria di Igne, Longarone. L&#8217;uomo \u00e8 uscito di strada con la sua utilitaria rossa e ha colpito il guardrail. Soccorso dall&#8217;ambulanza del 118, \u00e8 stato trasportato al Pronto Soccorso del San Martino di Belluno per accertamenti, ma le sue condizioni non sono gravi. L&#8217;incidente non ha coinvolto altri veicoli o pedoni, e non ha causato particolari problemi al traffico. Sul posto sono intervenuti i sanitari del Suem e i vigili del fuoco per la messa in sicurezza del veicolo e la pulizia della strada<\/div>\n<div class=\"articlePlainText\"><\/div>\n<p>&nbsp;<\/p>\n<p>&nbsp;<\/p>\n<hr \/>\n<blockquote>\n<h3><\/h3>\n<h3>ATTI VANDALICI IN VIA AGORDO<\/h3>\n<\/blockquote>\n<p><strong>BELLUNO<\/strong> Pneumatici squarciati da una coltellata causano disagio a un residente di via Agordo, Belluno. La macchina, parcheggiata nel cortile privato, ha subito danni notturni. L&#8217;incidente \u00e8 stato segnalato ai carabinieri e le indagini sono in corso, con l&#8217;analisi delle telecamere di sorveglianza.<\/p>\n<p>&nbsp;<\/p>\n<p>&nbsp;<\/p>\n<hr \/>\n<p>&nbsp;<\/p>\n<p>&nbsp;<\/p>\n<blockquote>\n<h2>LA SALUTE MENTALE E&#8217; UN SERVIZIO IN AFFANNO<\/h2>\n<\/blockquote>\n<p><strong>AGORDO<\/strong><br \/>\nIl Veneto affronta una crescente emergenza di disagio mentale, evidenziata da un aumento del 57% nei giovani tra i 14 e i 24 anni e il pi\u00f9 alto tasso di suicidi nella regione. La sospensione delle degenze psichiatriche a Feltre nel 2021, nonostante la raccolta di 5000 firme senza risposta, ha portato a un accorpamento a Belluno con solo 16 posti letto. Il Comitato per il diritto alla salute e Covesap hanno organizzato un flash mob per sensibilizzare sulla questione, chiedendo pi\u00f9 personale, progetti innovativi e luoghi di cura adeguati. &lt;<\/p>\n<p><strong>Nella foto i cartelli esposti ieri ad Agordo sulla strada per l&#8217;ospedale Papa Luciani.<\/strong><\/p>\n\n\t\t\t<style type='text\/css'>\n\t\t\t\t#gallery-2 {\n\t\t\t\t\tmargin: auto;\n\t\t\t\t}\n\t\t\t\t#gallery-2 .gallery-item {\n\t\t\t\t\tfloat: left;\n\t\t\t\t\tmargin-top: 10px;\n\t\t\t\t\ttext-align: center;\n\t\t\t\t\twidth: 100%;\n\t\t\t\t}\n\t\t\t\t#gallery-2 img {\n\t\t\t\t\tborder: 2px solid #cfcfcf;\n\t\t\t\t}\n\t\t\t\t#gallery-2 .gallery-caption {\n\t\t\t\t\tmargin-left: 0;\n\t\t\t\t}\n\t\t\t\t\/* see gallery_shortcode() in wp-includes\/media.php *\/\n\t\t\t<\/style>\n\t\t<div id='gallery-2' class='dt-gallery-container gallery galleryid-378654 gallery-columns-1 gallery-size-medium'><dl class='gallery-item'>\n\t\t\t\t<dt class='gallery-icon landscape'>\n\t\t\t\t\t<a class=\"rollover rollover-zoom dt-pswp-item\" title=\"39d078b0-5d72-42c9-bce0-809875fda1fd\" data-dt-img-description=\"\" data-large_image_width=\"2000\" data-large_image_height=\"1500\"href='https:\/\/www.radiopiu.net\/wordpress\/wp-content\/uploads\/2024\/03\/39d078b0-5d72-42c9-bce0-809875fda1fd.jpg'><img loading=\"lazy\" decoding=\"async\" width=\"300\" height=\"225\" src=\"https:\/\/www.radiopiu.net\/wordpress\/wp-content\/uploads\/2024\/03\/39d078b0-5d72-42c9-bce0-809875fda1fd-300x225.jpg\" class=\"attachment-medium size-medium\" alt=\"\" srcset=\"https:\/\/www.radiopiu.net\/wordpress\/wp-content\/uploads\/2024\/03\/39d078b0-5d72-42c9-bce0-809875fda1fd-300x225.jpg 300w, https:\/\/www.radiopiu.net\/wordpress\/wp-content\/uploads\/2024\/03\/39d078b0-5d72-42c9-bce0-809875fda1fd-1024x768.jpg 1024w, https:\/\/www.radiopiu.net\/wordpress\/wp-content\/uploads\/2024\/03\/39d078b0-5d72-42c9-bce0-809875fda1fd-768x576.jpg 768w, https:\/\/www.radiopiu.net\/wordpress\/wp-content\/uploads\/2024\/03\/39d078b0-5d72-42c9-bce0-809875fda1fd-1536x1152.jpg 1536w, https:\/\/www.radiopiu.net\/wordpress\/wp-content\/uploads\/2024\/03\/39d078b0-5d72-42c9-bce0-809875fda1fd.jpg 2000w\" sizes=\"auto, (max-width: 300px) 100vw, 300px\" \/><\/a>\n\t\t\t\t<\/dt><\/dl><br style=\"clear: both\" \/>\n\t\t\t<\/div>\n\n<hr \/>\n<p>&nbsp;<\/p>\n<blockquote>\n<h1><span style=\"color: #ff0000;\"><b>DOLOMITIBUS, GRONES PRONTO\u00a0 A DENUNCIARE LE INTERRUZIONI DI PUBBLICO SERVIZIO<\/b><\/span><\/h1>\n<\/blockquote>\n<p>&nbsp;<\/p>\n<p><strong><a class=\"dt-pswp-item\" href=\"https:\/\/www.radiopiu.net\/wordpress\/wp-content\/uploads\/2020\/06\/f662441c-c6a1-40df-8978-3ff5202173f9.jpg\" data-dt-img-description=\"\" data-large_image_width=\"1280\" data-large_image_height=\"960\"><img loading=\"lazy\" decoding=\"async\" class=\"size-medium wp-image-145519 alignleft\" src=\"https:\/\/www.radiopiu.net\/wordpress\/wp-content\/uploads\/2020\/06\/f662441c-c6a1-40df-8978-3ff5202173f9-300x225.jpg\" alt=\"\" width=\"300\" height=\"225\" srcset=\"https:\/\/www.radiopiu.net\/wordpress\/wp-content\/uploads\/2020\/06\/f662441c-c6a1-40df-8978-3ff5202173f9-300x225.jpg 300w, https:\/\/www.radiopiu.net\/wordpress\/wp-content\/uploads\/2020\/06\/f662441c-c6a1-40df-8978-3ff5202173f9-1024x768.jpg 1024w, https:\/\/www.radiopiu.net\/wordpress\/wp-content\/uploads\/2020\/06\/f662441c-c6a1-40df-8978-3ff5202173f9-768x576.jpg 768w, https:\/\/www.radiopiu.net\/wordpress\/wp-content\/uploads\/2020\/06\/f662441c-c6a1-40df-8978-3ff5202173f9.jpg 1280w\" sizes=\"auto, (max-width: 300px) 100vw, 300px\" \/><\/a>LIVINALLONGO<\/strong>, Come una settimana fa: quindici studenti delle superiori sono rimasti ancora una volta a piedi, ieri mattina, e ad Arabba monta la protesta contro Dolomitibus. Con il sindaco di Livinallongo, Leandro Grones, che tuona: la prossima volta scatter\u00e0 una denuncia per interruzione di pubblico servizio. Ieri la prima corriera, quella che parte alle 5,30 del luned\u00ec portando a Belluno i ragazzi che poi trascorreranno la settimana nel capoluogo, \u00e8 partita regolarmente. I ragazzi che studiano ad Agordo o a Falcade e che partono pi\u00f9 tardi, con la corriera delle 6,20, hanno invece aspettato invano la partenza. Conseguenza: i genitori hanno dovuto prendere l&#8217;auto e portare i figli a scuola.<\/p>\n<blockquote><p><em><strong>GRONES<\/strong>: \u00abAvevo gi\u00e0 parlato con Padrin, il presidente della Provincia che \u00e8 socia di minoranza di Dolomitibus, e con il presidente dell&#8217;azienda, Biasiotto\u00bb, dice ancora Grones. \u00abAnche al direttore avevo suggerito di attrezzarsi accordandosi con taxi e servizi di noleggio con conducente, che da noi non mancano, per non lasciare a piedi i ragazzi in queste situazioni\u00bb. Proposte rimaste inascoltate, contesta Grones su tutte le furie: \u00abNon c&#8217;era nessuna emergenza neve, si transitava regolarmente. E se questa \u00e8 la situazione con Dolomitibus, allora o l&#8217;azienda prende provvedimenti seri e me li comunica, o la prossima volta faccio una segnalazione per interruzione di pubblico servizio. Ci si riempie la bocca di servizi necessari per permettere alla gente di restare a vivere in montagna ma qui sembra si faccia l&#8217;esatto opposto\u00bb.<\/em><\/p><\/blockquote>\n<p>&nbsp;<\/p>\n<p><strong>ieri alla radio\u00a0<\/strong><\/p>\n<p><strong><img loading=\"lazy\" decoding=\"async\" class=\"alignleft\" src=\"https:\/\/www.radiopiu.net\/wordpress\/wp-content\/uploads\/2020\/06\/97384eec-d2d4-4e19-bdc9-7845fa51b71c.jpg\" width=\"213\" height=\"160\" \/>RICEVIAMO A E PUBBLICHIAMO <\/strong>Vogliamo segnalare l&#8217;ennesimo disservizio di Dolomitibus per cominciare bene la settimana. La corriera dovrebbe passare alle 7.18 da Voltago come sempre, ma se l&#8217;autista passa prima come oggi e non aspetta i ragazzi che devono ancora uscire di casa,\u00a0 perch\u00e9 troppo presto, i nostri figli rimangono a piedi.<\/p>\n<p>Quindi\u00a0 sarebbe oppotuno regolare gli orologi e attendere l&#8217;orario di partenza,\u00a0 grazie, tutto ci\u00f2 accade perch\u00e9 non c&#8217;\u00e8 concorrenza esiste solo Dolomitibus e quindi ci dobbiamo rassegnare.<\/p>\n<p>r.<\/p>\n<p>&nbsp;<\/p>\n<p><strong>DA LIVINALLONGO, ORE 9.00<\/strong> .vorrei consolare i ragazzi di Voltago dicendo che a Livinallongo la corriera delle 6.30 non si \u00e8 proprio vista &#8230; Fa pensare che la prima corsa abbia effettuato regolarmente il servizio, mentre per quella delle 6.30 si \u00e8 ripetuto quanto gi\u00e0 accaduto una settimana fa.<\/p>\n<p>&nbsp;<\/p>\n<hr \/>\n<p>&nbsp;<\/p>\n<blockquote>\n<h3>IL SINDACO DI GOSALDO CHIEDE AIUTO PER LE FRANE CHE HANNO COLPITO IL PAESE<\/h3>\n<\/blockquote>\n<p><strong><a class=\"dt-pswp-item\" href=\"https:\/\/www.radiopiu.net\/wordpress\/wp-content\/uploads\/2024\/03\/c83ff27c-f5c8-4165-b6e5-7c69413c6dcc.jpg\" data-dt-img-description=\"\" data-large_image_width=\"1156\" data-large_image_height=\"720\"><img loading=\"lazy\" decoding=\"async\" class=\" wp-image-378558 alignleft\" src=\"https:\/\/www.radiopiu.net\/wordpress\/wp-content\/uploads\/2024\/03\/c83ff27c-f5c8-4165-b6e5-7c69413c6dcc-300x187.jpg\" alt=\"\" width=\"160\" height=\"100\" srcset=\"https:\/\/www.radiopiu.net\/wordpress\/wp-content\/uploads\/2024\/03\/c83ff27c-f5c8-4165-b6e5-7c69413c6dcc-300x187.jpg 300w, https:\/\/www.radiopiu.net\/wordpress\/wp-content\/uploads\/2024\/03\/c83ff27c-f5c8-4165-b6e5-7c69413c6dcc-1024x638.jpg 1024w, https:\/\/www.radiopiu.net\/wordpress\/wp-content\/uploads\/2024\/03\/c83ff27c-f5c8-4165-b6e5-7c69413c6dcc-768x478.jpg 768w, https:\/\/www.radiopiu.net\/wordpress\/wp-content\/uploads\/2024\/03\/c83ff27c-f5c8-4165-b6e5-7c69413c6dcc.jpg 1156w\" sizes=\"auto, (max-width: 160px) 100vw, 160px\" \/><\/a>GOSALDO<\/strong><\/p>\n<p>DI GIANNI SANTOMASO<\/p>\n<audio class=\"wp-audio-shortcode\" id=\"audio-378654-7\" preload=\"none\" style=\"width: 100%;\" controls=\"controls\"><source type=\"audio\/mpeg\" src=\"https:\/\/www.radiopiu.net\/wordpress\/wp-content\/uploads\/2024\/03\/GIANNI-IL-SINDACO-DI-GOSALDO-CHIEDE-AIUTO-PER-LE-FRANE-CHE-HANNO-COLPITO-IL-PAESE.mp3?_=7\" \/><a href=\"https:\/\/www.radiopiu.net\/wordpress\/wp-content\/uploads\/2024\/03\/GIANNI-IL-SINDACO-DI-GOSALDO-CHIEDE-AIUTO-PER-LE-FRANE-CHE-HANNO-COLPITO-IL-PAESE.mp3\">https:\/\/www.radiopiu.net\/wordpress\/wp-content\/uploads\/2024\/03\/GIANNI-IL-SINDACO-DI-GOSALDO-CHIEDE-AIUTO-PER-LE-FRANE-CHE-HANNO-COLPITO-IL-PAESE.mp3<\/a><\/audio>\n<p>&nbsp;<\/p>\n<hr \/>\n<h2><span style=\"color: #ff0000;\"><a class=\"dt-pswp-item\" href=\"https:\/\/www.radiopiu.net\/wordpress\/wp-content\/uploads\/2024\/03\/file-1.jpg\" data-dt-img-description=\"\" data-large_image_width=\"640\" data-large_image_height=\"640\"><img loading=\"lazy\" decoding=\"async\" class=\"wp-image-378841 alignleft\" src=\"https:\/\/www.radiopiu.net\/wordpress\/wp-content\/uploads\/2024\/03\/file-1-300x300.jpg\" alt=\"\" width=\"96\" height=\"96\" srcset=\"https:\/\/www.radiopiu.net\/wordpress\/wp-content\/uploads\/2024\/03\/file-1-300x300.jpg 300w, https:\/\/www.radiopiu.net\/wordpress\/wp-content\/uploads\/2024\/03\/file-1-150x150.jpg 150w, https:\/\/www.radiopiu.net\/wordpress\/wp-content\/uploads\/2024\/03\/file-1.jpg 640w\" sizes=\"auto, (max-width: 96px) 100vw, 96px\" \/><\/a>IL LATO IRONICO DELLA NOTIZIA, IL GIORmALE RADIO\u00a0<\/span><br \/>\n<span style=\"color: #ff0000;\">DI MARCO V DAL FARRA\u00a0<\/span><\/h2>\n<audio class=\"wp-audio-shortcode\" id=\"audio-378654-8\" preload=\"none\" style=\"width: 100%;\" controls=\"controls\"><source type=\"audio\/mpeg\" src=\"https:\/\/www.radiopiu.net\/wordpress\/wp-content\/uploads\/2024\/03\/marco-dal-farra-flash.mp3?_=8\" \/><a href=\"https:\/\/www.radiopiu.net\/wordpress\/wp-content\/uploads\/2024\/03\/marco-dal-farra-flash.mp3\">https:\/\/www.radiopiu.net\/wordpress\/wp-content\/uploads\/2024\/03\/marco-dal-farra-flash.mp3<\/a><\/audio>\n<p>&nbsp;<\/p>\n<p>&nbsp;<\/p>\n<hr \/>\n<p>&nbsp;<\/p>\n<p><strong><a class=\"dt-pswp-item\" href=\"https:\/\/www.radiopiu.net\/wordpress\/wp-content\/uploads\/2024\/01\/Senza-nome-34.png\" data-dt-img-description=\"\" data-large_image_width=\"239\" data-large_image_height=\"153\"><img loading=\"lazy\" decoding=\"async\" class=\"wp-image-369478 alignleft\" src=\"https:\/\/www.radiopiu.net\/wordpress\/wp-content\/uploads\/2024\/01\/Senza-nome-34.png\" alt=\"\" width=\"128\" height=\"82\" \/><\/a><\/strong><\/p>\n<h1 class=\"_title post-title entry-title\"><\/h1>\n<p><strong>\u00a0\u00a0<\/strong><strong>dal TG BELLUNESE di\u00a0 ANTENNA 3 ogni sera alle 19.30 sul canale 10 del digitale terrestre e alle 19 le anticipazioni alla radio.\u00a0 \u00a0<\/strong><\/p>\n<blockquote>\n<h2 class=\"_title post-title entry-title\">MALTEMPO, RIAPERTI I PASSI DOLOMITICI. FRANA ISOLA UNA FRAZIONE IN AGORDINO<\/h2>\n<\/blockquote>\n<blockquote>\n<h2>Intervistati ALEX BARATTIN (CAPO DELEGAZIONE CNSAS DOLOMITI BELLUNESI) (Servizio di\u00a0<a href=\"https:\/\/antennatre.medianordest.it\/redazione\/Tiziana-Bolognani\/\">Tiziana Bolognani<\/a>)<\/h2>\n<\/blockquote>\n<p>&nbsp;<\/p>\n<p><iframe loading=\"lazy\" title=\"MALTEMPO, RIAPERTI I PASSI DOLOMITICI. FRANA ISOLA UNA FRAZIONE IN AGORDINO | 11\/03\/2024\" width=\"1200\" height=\"675\" src=\"https:\/\/www.youtube.com\/embed\/HM_B0GwIHAU?feature=oembed\" frameborder=\"0\" allow=\"accelerometer; autoplay; clipboard-write; encrypted-media; gyroscope; picture-in-picture; web-share\" allowfullscreen><\/iframe><\/p>\n<p>&nbsp;<\/p>\n<p>&nbsp;<\/p>\n<hr \/>\n<p>&nbsp;<\/p>\n<blockquote>\n<h3>QUATTRO PUNTI NEL CONSIGLIO COMUNALE DI AGORDO<\/h3>\n<\/blockquote>\n<p><strong>AGORDO<\/strong> Il sindaco Roberto Chissal\u00e8 ha convocato il Consiglio Comunale\u00a0 presso la sede municipale di Agordo. Quattro sono i punti all\u2019ordine del giorno. Si discuter\u00e0 innanzitutto del bilancio preventivo di ASCA, seguito da una variazione al Documento Unico di Programmazione (DUP). Un\u2019altra importante delibera riguarder\u00e0 la nomina dell\u2019organo di revisione economico-finanziaria, fondamentale per garantire la trasparenza e la corretta gestione delle risorse comunali. Infine, si affronter\u00e0 una modifica al sedime stradale in corrispondenza dell\u2019attivit\u00e0 delle Costruzioni Elettromeccaniche, una decisione che potrebbe influenzare il tessuto urbanistico e commerciale del territorio.<\/p>\n<p><strong>LA DIRETTA\u00a0<\/strong><\/p>\n<p><strong>VIDEO 1<\/strong><\/p>\n<p>https:\/\/www.facebook.com\/marcobaghy\/videos\/1320070335279081<\/p>\n<p>&nbsp;<\/p>\n<p><strong>VIDEO 2<\/strong><\/p>\n<p>https:\/\/www.facebook.com\/marcobaghy\/videos\/394571919989973<\/p>\n<p><strong>\u00a0<\/strong><\/p>\n<p><strong>VIDEO 3<\/strong><\/p>\n<p><iframe loading=\"lazy\" title=\"Live streaming di Marco Gaz\" width=\"1200\" height=\"675\" src=\"https:\/\/www.youtube.com\/embed\/IPbfymQJtzg?feature=oembed\" frameborder=\"0\" allow=\"accelerometer; autoplay; clipboard-write; encrypted-media; gyroscope; picture-in-picture; web-share\" allowfullscreen><\/iframe><\/p>\n<p>&nbsp;<\/p>\n<p>&nbsp;<\/p>\n<hr \/>\n<p>&nbsp;<\/p>\n<p><strong>LA GIUDIZIARIA,\u00a0<\/strong><br \/>\n<strong>OGGI SUL CORRIERE DELLE ALPI<\/strong><\/p>\n<p><strong>DI GIGI SOSSO<\/strong><\/p>\n<p><strong>BELLUNO<\/strong> Violenze sessuali, anche di gruppo, sulla figlia minore della nuova compagna: 15 anni e 700 mila euro. La ragazza, che all&#8217;epoca era quattordicenne, ha raccontato alla magistratura di essere stata costretta, in diverse circostanze, ad avere rapporti con pi\u00f9 uomini contemporaneamente, mentre il patrigno avrebbe fatto da spettatore. I fatti sono avvenuti tra il Bellunese e l&#8217;Alto Adige, dall&#8217;estate 2019 fino al mese di settembre 2022. Ha presentato la querela insieme alla madre, quando \u00e8 diventata maggiorenne. Sentenza di primo grado, oltre la richiesta del pubblico ministero che si era fermata a dieci anni.\u00a0 Il 57enne camionista di Trento che potrebbe pagare qualcosa come 700 mila euro,\u00a0 far\u00e0\u00a0 appello.<\/p>\n<p><strong>BELLUNO<\/strong> Sotto processo per calunnia dopo aver denunciato il collega per violenza sessuale, molestie e stalking, senza fondamento. L&#8217;uomo si era costituito parte civile e ha ritirato la costituzione dopo un accordo per il risarcimento dei danni.\u00a0 La donna non era presente in aula. Le accuse sono state smentite dagli accertamenti dei carabinieri, che hanno rivelato un rapporto di confidenza reciproca tra i due. \u00c8 stato avviato un altro fascicolo per calunnia. La sentenza \u00e8 prevista per l&#8217;8 luglio, senza possibilit\u00e0 di rito abbreviato.<\/p>\n<p><strong>FELTRE <\/strong>Un uomo rischia quattro anni di reclusione e una multa di 10 mila euro per cinque reati contro la moglie, tra cui stalking, abbandono di minore, molestie e minacce. La separazione dei due, che hanno un figlio piccolo, ha portato a una richiesta di risarcimento danni da parte della donna. La sentenza \u00e8 attesa il 22 aprile dopo l&#8217;ascolto dell&#8217;ultimo testimone da parte del giudice Paolo Velo. Le accuse comprendono atti persecutori, abbandono del bambino durante una visita e mancata esecuzione di un provvedimento giudiziario, oltre a molestie e minacce, con un episodio di minaccia con un coltello nel 2016.<\/p>\n<p><strong>AGORDO\u00a0 <\/strong>Medico anestesista all&#8217;ospedale Papa Luciani di Agordo sotto processo per accesso abusivo a dati sensibili di una donna nel sistema informatico dell&#8217;Ulss 1 Dolomiti, dopo una relazione finita male. La vittima ha denunciato atti persecutori, inclusi messaggi pubblicati su Facebook, e sospetti di accesso ai suoi dati sanitari. I carabinieri hanno confermato quattro accessi illegali al sistema, mentre il coinvolgimento dei suoi familiari \u00e8 ancora oggetto di indagine. Il processo \u00e8 in corso con ulteriori testimonianze previste per settembre.<\/p>\n<div class=\"flex-1 overflow-hidden\">\n<div class=\"react-scroll-to-bottom--css-poeaq-79elbk h-full\">\n<div class=\"react-scroll-to-bottom--css-poeaq-1n7m0yu\">\n<div class=\"flex flex-col text-sm pb-9\">\n<div class=\"w-full text-token-text-primary\" data-testid=\"conversation-turn-16\">\n<div class=\"px-4 py-2 justify-center text-base md:gap-6 m-auto\">\n<div class=\"flex flex-1 text-base mx-auto gap-3 md:px-5 lg:px-1 xl:px-5 md:max-w-3xl lg:max-w-[40rem] xl:max-w-[48rem] group final-completion\">\n<div class=\"relative flex w-full flex-col agent-turn\">\n<div class=\"flex-col gap-1 md:gap-3\">\n<div class=\"mt-1 flex justify-start gap-3 empty:hidden\">\n<div class=\"text-gray-400 flex self-end lg:self-center items-center justify-center lg:justify-start mt-0 -ml-1 h-7 gap-[2px] visible\"><\/div>\n<\/div>\n<div class=\"pr-2 lg:pr-0\"><\/div>\n<\/div>\n<\/div>\n<\/div>\n<\/div>\n<\/div>\n<\/div>\n<\/div>\n<\/div>\n<\/div>\n<div class=\"w-full pt-2 md:pt-0 dark:border-white\/20 md:border-transparent md:dark:border-transparent md:w-[calc(100%-.5rem)]\">\n<form class=\"stretch mx-2 flex flex-row gap-3 last:mb-2 md:mx-4 md:last:mb-6 lg:mx-auto lg:max-w-2xl xl:max-w-3xl\">\n<div class=\"relative flex h-full flex-1 flex-col\">\n<div class=\"flex w-full items-center\"><\/div>\n<div>\n<hr \/>\n<\/div>\n<div>\n<p><strong><a class=\"dt-pswp-item\" href=\"https:\/\/www.radiopiu.net\/wordpress\/wp-content\/uploads\/2024\/01\/Senza-nome-34.png\" data-dt-img-description=\"\" data-large_image_width=\"239\" data-large_image_height=\"153\"><img loading=\"lazy\" decoding=\"async\" class=\"wp-image-369478 alignleft\" src=\"https:\/\/www.radiopiu.net\/wordpress\/wp-content\/uploads\/2024\/01\/Senza-nome-34.png\" alt=\"\" width=\"128\" height=\"82\" \/><\/a><\/strong><\/p>\n<h1 class=\"_title post-title entry-title\"><\/h1>\n<p><strong>\u00a0\u00a0<\/strong><strong>dal TG BELLUNESE di\u00a0 ANTENNA 3 ogni sera alle 19.30 sul canale 10 del digitale terrestre e alle 19 le anticipazioni alla radio.\u00a0 \u00a0\u00a0<\/strong><\/p>\n<p>&nbsp;<\/p>\n<\/div>\n<div>\n<blockquote>\n<h2 class=\"_title post-title entry-title\">ADDIO A SILVIA BISCONTI, LA STILISTA DELLA \u2018MODA LIBERATA\u2019 IN NOME DELLA BELLEZZA<\/h2>\n<\/blockquote>\n<\/div>\n<div>(Servizio di\u00a0<a href=\"https:\/\/antennatre.medianordest.it\/redazione\/Vanessa-Banzato\/\">Vanessa Banzato<\/a>)<\/div>\n<div><\/div>\n<div>\n<p><iframe loading=\"lazy\" title=\"ADDIO A SILVIA BISCONTI, LA STILISTA DELLA &#039;MODA LIBERATA&#039; IN NOME DELLA BELLEZZA | 11\/03\/2024\" width=\"1200\" height=\"675\" src=\"https:\/\/www.youtube.com\/embed\/_-PiKPee15c?feature=oembed\" frameborder=\"0\" allow=\"accelerometer; autoplay; clipboard-write; encrypted-media; gyroscope; picture-in-picture; web-share\" allowfullscreen><\/iframe><\/p>\n<p>&nbsp;<\/p>\n<p>&nbsp;<\/p>\n<\/div>\n<\/div>\n<\/form>\n<\/div>\n<p><strong><a class=\"dt-pswp-item\" href=\"https:\/\/www.radiopiu.net\/wordpress\/wp-content\/uploads\/2024\/01\/Senza-nome-34.png\" data-dt-img-description=\"\" data-large_image_width=\"239\" data-large_image_height=\"153\"><img loading=\"lazy\" decoding=\"async\" class=\"wp-image-369478 alignleft\" src=\"https:\/\/www.radiopiu.net\/wordpress\/wp-content\/uploads\/2024\/01\/Senza-nome-34.png\" alt=\"\" width=\"128\" height=\"82\" \/><\/a><\/strong><\/p>\n<h1 class=\"_title post-title entry-title\"><\/h1>\n<p><strong>\u00a0\u00a0<\/strong><strong>dal TG BELLUNESE di\u00a0 ANTENNA 3 ogni sera alle 19.30 sul canale 10 del digitale terrestre e alle 19 le anticipazioni alla radio.\u00a0 \u00a0<\/strong><\/p>\n<blockquote>\n<h3 class=\"_title post-title entry-title\">ADDIO A DON LORENZO DELL\u2019ANDREA, \u2018PIONIERE NEL MONDO DELLA COMUNICAZIONE\u2019<\/h3>\n<\/blockquote>\n<p>Intervistati MAURIZIO PANIZ (AVVOCATO), LUIGI GUGLIELMI (GIORNALISTA), MARCO PERALE (GIORNALISTA), MONS. RENATO MARANGONI (VESCOVO DI BELLUNO FELTRE) (Servizio di <a href=\"https:\/\/antennatre.medianordest.it\/redazione\/Tiziana-Bolognani\/\">Tiziana Bolognani<\/a>)<\/p>\n<p>&nbsp;<\/p>\n<p><iframe loading=\"lazy\" title=\"ADDIO A DON LORENZO DELL&#039;ANDREA, &#039;PIONIERE NEL MONDO DELLA COMUNICAZIONE&#039; | 11\/03\/2024\" width=\"1200\" height=\"675\" src=\"https:\/\/www.youtube.com\/embed\/34UXalDYCsw?feature=oembed\" frameborder=\"0\" allow=\"accelerometer; autoplay; clipboard-write; encrypted-media; gyroscope; picture-in-picture; web-share\" allowfullscreen><\/iframe><\/p>\n<p>&nbsp;<\/p>\n<p>&nbsp;<\/p>\n<blockquote>\n<h3>CIRCA DUE MILIONI IN PIU&#8217; NELLE CASSE COMUNALI DALL&#8217;AUMENTO DELL&#8217;IRPEF. SIAMO BELLUNO CHIEDE COME VERRANNO IMPIEGATI<\/h3>\n<\/blockquote>\n<p><strong><a class=\"dt-pswp-item\" href=\"https:\/\/www.radiopiu.net\/wordpress\/wp-content\/uploads\/2024\/03\/28b2320d-bea2-4a71-97ad-67b5ef60a7d9.jpg\" data-dt-img-description=\"\" data-large_image_width=\"650\" data-large_image_height=\"481\"><img loading=\"lazy\" decoding=\"async\" class=\" wp-image-378739 alignleft\" src=\"https:\/\/www.radiopiu.net\/wordpress\/wp-content\/uploads\/2024\/03\/28b2320d-bea2-4a71-97ad-67b5ef60a7d9-300x222.jpg\" alt=\"\" width=\"195\" height=\"144\" srcset=\"https:\/\/www.radiopiu.net\/wordpress\/wp-content\/uploads\/2024\/03\/28b2320d-bea2-4a71-97ad-67b5ef60a7d9-300x222.jpg 300w, https:\/\/www.radiopiu.net\/wordpress\/wp-content\/uploads\/2024\/03\/28b2320d-bea2-4a71-97ad-67b5ef60a7d9.jpg 650w\" sizes=\"auto, (max-width: 195px) 100vw, 195px\" \/><\/a>BELLUNO<\/strong> &#8220;SiAmo Belluno&#8221; esprime insoddisfazione per la gestione amministrativa. Le strade cittadine, non asfaltate da due anni, sono danneggiate dalla fibra ottica. L&#8217;aumento dell&#8217;IRPEF Comunale, oltre due milioni di euro, suscita domande sull&#8217;allocazione dei fondi, con richieste di attenzione alla manutenzione. Il centro storico soffre di mancanza di visite e eventi regolari, chiedendo una programmazione annuale di iniziative di qualit\u00e0. La carenza di eventi influisce negativamente sul turismo, sottolineando l&#8217;importanza di una pianificazione adeguata per migliorare la vita cittadina e attrarre visitatori.<\/p>\n<p><strong>BIAGIO GIANNONE, SIAMO BELLUNO<\/strong><\/p>\n<audio class=\"wp-audio-shortcode\" id=\"audio-378654-9\" preload=\"none\" style=\"width: 100%;\" controls=\"controls\"><source type=\"audio\/mpeg\" src=\"https:\/\/www.radiopiu.net\/wordpress\/wp-content\/uploads\/2024\/03\/2024.03.11-file-audio-2024.03.11-SiAmo-Belluno-circa-due-milioni-d.iegati.mp3?_=9\" \/><a href=\"https:\/\/www.radiopiu.net\/wordpress\/wp-content\/uploads\/2024\/03\/2024.03.11-file-audio-2024.03.11-SiAmo-Belluno-circa-due-milioni-d.iegati.mp3\">https:\/\/www.radiopiu.net\/wordpress\/wp-content\/uploads\/2024\/03\/2024.03.11-file-audio-2024.03.11-SiAmo-Belluno-circa-due-milioni-d.iegati.mp3<\/a><\/audio>\n<p>&nbsp;<\/p>\n<p><strong>PER LE TRE RADIO BARBARA PAOLAZZI<\/strong><\/p>\n<audio class=\"wp-audio-shortcode\" id=\"audio-378654-10\" preload=\"none\" style=\"width: 100%;\" controls=\"controls\"><source type=\"audio\/mpeg\" src=\"https:\/\/www.radiopiu.net\/wordpress\/wp-content\/uploads\/2024\/03\/PAOLAZZI-SIAMO-BELLUNO-GIANNONE.mp3?_=10\" \/><a href=\"https:\/\/www.radiopiu.net\/wordpress\/wp-content\/uploads\/2024\/03\/PAOLAZZI-SIAMO-BELLUNO-GIANNONE.mp3\">https:\/\/www.radiopiu.net\/wordpress\/wp-content\/uploads\/2024\/03\/PAOLAZZI-SIAMO-BELLUNO-GIANNONE.mp3<\/a><\/audio>\n<p>&nbsp;<\/p>\n<p>&nbsp;<\/p>\n<hr \/>\n<p>&nbsp;<\/p>\n<blockquote>\n<h3 class=\"titolonews\">GIORNATA CONTRO LA VIOLENZA VERSO GLI OPERATORI SANITARI<\/h3>\n<\/blockquote>\n<p><strong><a class=\"dt-pswp-item\" href=\"https:\/\/www.radiopiu.net\/wordpress\/wp-content\/uploads\/2022\/11\/ZAIA.jpg\" data-dt-img-description=\"\" data-large_image_width=\"1024\" data-large_image_height=\"761\"><img loading=\"lazy\" decoding=\"async\" class=\" wp-image-306973 alignleft\" src=\"https:\/\/www.radiopiu.net\/wordpress\/wp-content\/uploads\/2022\/11\/ZAIA-300x223.jpg\" alt=\"\" width=\"143\" height=\"106\" srcset=\"https:\/\/www.radiopiu.net\/wordpress\/wp-content\/uploads\/2022\/11\/ZAIA-300x223.jpg 300w, https:\/\/www.radiopiu.net\/wordpress\/wp-content\/uploads\/2022\/11\/ZAIA-768x571.jpg 768w, https:\/\/www.radiopiu.net\/wordpress\/wp-content\/uploads\/2022\/11\/ZAIA.jpg 1024w\" sizes=\"auto, (max-width: 143px) 100vw, 143px\" \/><\/a>VENEZIA<\/strong> Il presidente della Regione Veneto, Luca Zaia, condanna fermamente la violenza contro gli operatori sanitari, sottolineando la necessit\u00e0 di affrontare il problema con determinazione. Zaia propone l&#8217;istituzione di pene certe e proporzionate per chi commette atti di violenza contro il personale medico e socio-sanitario. Ricorda l&#8217;importanza del ruolo svolto dagli operatori durante la pandemia e ritiene inaccettabile che, nonostante il periodo difficile, si verifichino episodi di aggressivit\u00e0. Incoraggia un intervento normativo che tuteli la dignit\u00e0 professionale e la sicurezza degli operatori sanitari.<\/p>\n<p>&nbsp;<\/p>\n<p>&nbsp;<\/p>\n<p>&nbsp;<\/p>\n<hr \/>\n<p>&nbsp;<\/p>\n<blockquote>\n<h3>LA PROVINCIA INCONTRA LA RISERVA ALPINA DI CACCIA<\/h3>\n<\/blockquote>\n<p><strong><a class=\"dt-pswp-item\" href=\"https:\/\/www.radiopiu.net\/wordpress\/wp-content\/uploads\/2021\/02\/CERVO-IN-STRADA.jpg\" data-dt-img-description=\"\" data-large_image_width=\"1280\" data-large_image_height=\"853\"><img loading=\"lazy\" decoding=\"async\" class=\" wp-image-194101 alignleft\" src=\"https:\/\/www.radiopiu.net\/wordpress\/wp-content\/uploads\/2021\/02\/CERVO-IN-STRADA-300x200.jpg\" alt=\"\" width=\"183\" height=\"122\" srcset=\"https:\/\/www.radiopiu.net\/wordpress\/wp-content\/uploads\/2021\/02\/CERVO-IN-STRADA-300x200.jpg 300w, https:\/\/www.radiopiu.net\/wordpress\/wp-content\/uploads\/2021\/02\/CERVO-IN-STRADA-1024x682.jpg 1024w, https:\/\/www.radiopiu.net\/wordpress\/wp-content\/uploads\/2021\/02\/CERVO-IN-STRADA-768x512.jpg 768w, https:\/\/www.radiopiu.net\/wordpress\/wp-content\/uploads\/2021\/02\/CERVO-IN-STRADA.jpg 1280w\" sizes=\"auto, (max-width: 183px) 100vw, 183px\" \/><\/a>BELLUNO<\/strong> La collaborazione tra la Provincia di Belluno e le Riserve alpine di caccia \u00e8 sempre pi\u00f9 stretta. In un recente incontro a Villa Patt, presidenti e delegati delle Riserve bellunesi hanno discusso della stagione venatoria appena conclusa e ricevuto un aggiornamento sul monitoraggio dell&#8217;interazione camoscio-lupo sul Monte Grappa dal professor Marco Apollonio, esperto del settore. Le Riserve alpine di caccia svolgono un ruolo fondamentale nel censimento degli ungulati e nel piano di controllo del cinghiale, contribuendo significativamente alla gestione del territorio. I dati recenti indicano popolazioni di cervi, caprioli, camosci, mufloni, lepri e fagiani di monte. Il presidente della Provincia, Roberto Padrin, ha sottolineato l&#8217;importanza del lavoro di squadra e l&#8217;apporto cruciale del mondo venatorio specializzato nella gestione del territorio.<\/p>\n<p>&nbsp;<\/p>\n<p>&nbsp;<\/p>\n<hr \/>\n<blockquote>\n<h2>EL CAMPANOT, &#8220;SAGRA DI QUALITA'&#8221; IL RICONOSCIMENTO A ROMA &#8211; VIDEO<\/h2>\n<\/blockquote>\n<p><strong><a class=\"dt-pswp-item\" href=\"https:\/\/www.radiopiu.net\/wordpress\/wp-content\/uploads\/2024\/03\/download-2.jpg\" data-dt-img-description=\"\" data-large_image_width=\"380\" data-large_image_height=\"214\"><img loading=\"lazy\" decoding=\"async\" class=\"size-medium wp-image-378820 aligncenter\" src=\"https:\/\/www.radiopiu.net\/wordpress\/wp-content\/uploads\/2024\/03\/download-2-300x169.jpg\" alt=\"\" width=\"300\" height=\"169\" srcset=\"https:\/\/www.radiopiu.net\/wordpress\/wp-content\/uploads\/2024\/03\/download-2-300x169.jpg 300w, https:\/\/www.radiopiu.net\/wordpress\/wp-content\/uploads\/2024\/03\/download-2.jpg 380w\" sizes=\"auto, (max-width: 300px) 100vw, 300px\" \/><\/a><\/strong><\/p>\n<p>&nbsp;<\/p>\n<p><strong><br \/>\n<a class=\"dt-pswp-item\" href=\"https:\/\/www.radiopiu.net\/wordpress\/wp-content\/uploads\/2024\/03\/f2aaf7b6-59a1-4bcf-8339-2cb5ff1528c5.jpg\" data-dt-img-description=\"\" data-large_image_width=\"2000\" data-large_image_height=\"900\"><img loading=\"lazy\" decoding=\"async\" class=\" wp-image-378819 alignleft\" src=\"https:\/\/www.radiopiu.net\/wordpress\/wp-content\/uploads\/2024\/03\/f2aaf7b6-59a1-4bcf-8339-2cb5ff1528c5-300x135.jpg\" alt=\"\" width=\"338\" height=\"152\" srcset=\"https:\/\/www.radiopiu.net\/wordpress\/wp-content\/uploads\/2024\/03\/f2aaf7b6-59a1-4bcf-8339-2cb5ff1528c5-300x135.jpg 300w, https:\/\/www.radiopiu.net\/wordpress\/wp-content\/uploads\/2024\/03\/f2aaf7b6-59a1-4bcf-8339-2cb5ff1528c5-1024x461.jpg 1024w, https:\/\/www.radiopiu.net\/wordpress\/wp-content\/uploads\/2024\/03\/f2aaf7b6-59a1-4bcf-8339-2cb5ff1528c5-768x346.jpg 768w, https:\/\/www.radiopiu.net\/wordpress\/wp-content\/uploads\/2024\/03\/f2aaf7b6-59a1-4bcf-8339-2cb5ff1528c5-1536x691.jpg 1536w, https:\/\/www.radiopiu.net\/wordpress\/wp-content\/uploads\/2024\/03\/f2aaf7b6-59a1-4bcf-8339-2cb5ff1528c5.jpg 2000w\" sizes=\"auto, (max-width: 338px) 100vw, 338px\" \/><\/a>ROMA<\/strong> Pro Loco Pieve Castionese nella capitale per la premiazione e la consegna della targa di \u201cSagra di qualit\u00e0\u201d Unpli 2023. Sul palco per la stretta di mano il presidente Maurizio Fontanelle, i consiglieri Lorenzo De Zaiacomo, Roy Godi, Elio De Bona, EDI De Barda, Nicola Balcon, l\u2019assessore Paolo Luciani e il presidente Unpli Veneto Davide Praloran. La cerimonia\u00a0 si \u00e8 tenuta all&#8217;\u2019Ergife Palace Hotel e nell&#8217;aula del Senato.<\/p>\n<p>Sono 45 le sagre che, nella Sala Koch del Senato della Repubblica, sono state insignite del marchio \u201cSagra di Qualit\u00e0\u201d, 5 gli eventi speciali certificati e 3 le menzioni speciali assegnate dall\u2019UNPLI &#8211; Unione Nazionale Pro Loco d\u2019Italia, per un totale di 53 manifestazioni organizzate nel 2023 in tutta Italia dai volontari delle Pro Loco e dalle comunit\u00e0 locali. Una cerimonia da record quindi per la quarta edizione del progetto nato nel 2019 per volere dell\u2019UNPLI e che fino ad oggi ha certificato 117 eventi con il marchio \u201cSagra di Qualit\u00e0\u201d, un sigillo assegnato alle manifestazioni con pi\u00f9 di 5 anni di et\u00e0 e che rispettano i criteri di tipicit\u00e0 del prodotto, sostenibilit\u00e0, sicurezza e igiene alimentare.<\/p>\n<p>&nbsp;<\/p>\n<p>VIDEO<\/p>\n<div style=\"width: 848px;\" class=\"wp-video\"><video class=\"wp-video-shortcode\" id=\"video-378654-1\" width=\"848\" height=\"400\" preload=\"metadata\" controls=\"controls\"><source type=\"video\/mp4\" src=\"https:\/\/www.radiopiu.net\/wordpress\/wp-content\/uploads\/2024\/03\/WhatsApp-Video-2024-03-11-at-22.25.46.mp4?_=1\" \/><a href=\"https:\/\/www.radiopiu.net\/wordpress\/wp-content\/uploads\/2024\/03\/WhatsApp-Video-2024-03-11-at-22.25.46.mp4\">https:\/\/www.radiopiu.net\/wordpress\/wp-content\/uploads\/2024\/03\/WhatsApp-Video-2024-03-11-at-22.25.46.mp4<\/a><\/video><\/div>\n<p>&nbsp;<\/p>\n<p>&nbsp;<\/p>\n<p>&nbsp;<\/p>\n<hr \/>\n<p>&nbsp;<\/p>\n<blockquote>\n<h3>TORNA LA SAGRA DEI FISCIOT A BELLUNO<\/h3>\n<\/blockquote>\n<p><strong>BELLUNO<\/strong> Torna domenica 17 la tradizionale Festa della Madonna Addolorata a Belluno, la \u201csagra dei fis&#8217;ciot\u201d. Un appuntamento che questa volta vedr\u00e0 iniziative ed eventi animare il centro del capoluogo per l&#8217;intera settimana.<\/p>\n<p><strong>DI DANIELE DALVIT<\/strong><\/p>\n<audio class=\"wp-audio-shortcode\" id=\"audio-378654-11\" preload=\"none\" style=\"width: 100%;\" controls=\"controls\"><source type=\"audio\/mpeg\" src=\"https:\/\/www.radiopiu.net\/wordpress\/wp-content\/uploads\/2024\/03\/Radio-Piu-Servizio-Sagra-Fisciot-2024.mp3?_=11\" \/><a href=\"https:\/\/www.radiopiu.net\/wordpress\/wp-content\/uploads\/2024\/03\/Radio-Piu-Servizio-Sagra-Fisciot-2024.mp3\">https:\/\/www.radiopiu.net\/wordpress\/wp-content\/uploads\/2024\/03\/Radio-Piu-Servizio-Sagra-Fisciot-2024.mp3<\/a><\/audio>\n<p>&nbsp;<\/p>\n\n\t\t\t<style type='text\/css'>\n\t\t\t\t#gallery-3 {\n\t\t\t\t\tmargin: auto;\n\t\t\t\t}\n\t\t\t\t#gallery-3 .gallery-item {\n\t\t\t\t\tfloat: left;\n\t\t\t\t\tmargin-top: 10px;\n\t\t\t\t\ttext-align: center;\n\t\t\t\t\twidth: 50%;\n\t\t\t\t}\n\t\t\t\t#gallery-3 img {\n\t\t\t\t\tborder: 2px solid #cfcfcf;\n\t\t\t\t}\n\t\t\t\t#gallery-3 .gallery-caption {\n\t\t\t\t\tmargin-left: 0;\n\t\t\t\t}\n\t\t\t\t\/* see gallery_shortcode() in wp-includes\/media.php *\/\n\t\t\t<\/style>\n\t\t<div id='gallery-3' class='dt-gallery-container gallery galleryid-378654 gallery-columns-2 gallery-size-medium'><dl class='gallery-item'>\n\t\t\t\t<dt class='gallery-icon portrait'>\n\t\t\t\t\t<a class=\"rollover rollover-zoom dt-pswp-item\" title=\"58328ee4-de2d-410a-8485-c2903670dc4d\" data-dt-img-description=\"\" data-large_image_width=\"1120\" data-large_image_height=\"1600\"href='https:\/\/www.radiopiu.net\/wordpress\/wp-content\/uploads\/2024\/03\/58328ee4-de2d-410a-8485-c2903670dc4d.jpg'><img loading=\"lazy\" decoding=\"async\" width=\"210\" height=\"300\" src=\"https:\/\/www.radiopiu.net\/wordpress\/wp-content\/uploads\/2024\/03\/58328ee4-de2d-410a-8485-c2903670dc4d-210x300.jpg\" class=\"attachment-medium size-medium\" alt=\"\" srcset=\"https:\/\/www.radiopiu.net\/wordpress\/wp-content\/uploads\/2024\/03\/58328ee4-de2d-410a-8485-c2903670dc4d-210x300.jpg 210w, https:\/\/www.radiopiu.net\/wordpress\/wp-content\/uploads\/2024\/03\/58328ee4-de2d-410a-8485-c2903670dc4d-717x1024.jpg 717w, https:\/\/www.radiopiu.net\/wordpress\/wp-content\/uploads\/2024\/03\/58328ee4-de2d-410a-8485-c2903670dc4d-768x1097.jpg 768w, https:\/\/www.radiopiu.net\/wordpress\/wp-content\/uploads\/2024\/03\/58328ee4-de2d-410a-8485-c2903670dc4d-1075x1536.jpg 1075w, https:\/\/www.radiopiu.net\/wordpress\/wp-content\/uploads\/2024\/03\/58328ee4-de2d-410a-8485-c2903670dc4d.jpg 1120w\" sizes=\"auto, (max-width: 210px) 100vw, 210px\" \/><\/a>\n\t\t\t\t<\/dt><\/dl><dl class='gallery-item'>\n\t\t\t\t<dt class='gallery-icon portrait'>\n\t\t\t\t\t<a class=\"rollover rollover-zoom dt-pswp-item\" title=\"e82b569a-4420-4223-95b8-0a7dbd77b255\" data-dt-img-description=\"\" data-large_image_width=\"1131\" data-large_image_height=\"1600\"href='https:\/\/www.radiopiu.net\/wordpress\/wp-content\/uploads\/2024\/03\/e82b569a-4420-4223-95b8-0a7dbd77b255.jpg'><img loading=\"lazy\" decoding=\"async\" width=\"212\" height=\"300\" src=\"https:\/\/www.radiopiu.net\/wordpress\/wp-content\/uploads\/2024\/03\/e82b569a-4420-4223-95b8-0a7dbd77b255-212x300.jpg\" class=\"attachment-medium size-medium\" alt=\"\" srcset=\"https:\/\/www.radiopiu.net\/wordpress\/wp-content\/uploads\/2024\/03\/e82b569a-4420-4223-95b8-0a7dbd77b255-212x300.jpg 212w, https:\/\/www.radiopiu.net\/wordpress\/wp-content\/uploads\/2024\/03\/e82b569a-4420-4223-95b8-0a7dbd77b255-724x1024.jpg 724w, https:\/\/www.radiopiu.net\/wordpress\/wp-content\/uploads\/2024\/03\/e82b569a-4420-4223-95b8-0a7dbd77b255-768x1086.jpg 768w, https:\/\/www.radiopiu.net\/wordpress\/wp-content\/uploads\/2024\/03\/e82b569a-4420-4223-95b8-0a7dbd77b255-1086x1536.jpg 1086w, https:\/\/www.radiopiu.net\/wordpress\/wp-content\/uploads\/2024\/03\/e82b569a-4420-4223-95b8-0a7dbd77b255.jpg 1131w\" sizes=\"auto, (max-width: 212px) 100vw, 212px\" \/><\/a>\n\t\t\t\t<\/dt><\/dl><br style=\"clear: both\" \/>\n\t\t\t<\/div>\n\n<p>&nbsp;<\/p>\n<p>&nbsp;<\/p>\n<hr \/>\n<p>&nbsp;<\/p>\n<blockquote>\n<h3>CERTOTTICA CONTINUA L&#8217;IMPEGNO COSTANTE NEL SETTORE DELL&#8217;OCCHIALERIA<\/h3>\n<\/blockquote>\n<p><strong><a class=\"dt-pswp-item\" href=\"https:\/\/www.radiopiu.net\/wordpress\/wp-content\/uploads\/2024\/03\/SEDE-CERTOTTICA.png\" data-dt-img-description=\"\" data-large_image_width=\"1201\" data-large_image_height=\"799\"><img loading=\"lazy\" decoding=\"async\" class=\" wp-image-378694 alignleft\" src=\"https:\/\/www.radiopiu.net\/wordpress\/wp-content\/uploads\/2024\/03\/SEDE-CERTOTTICA-300x200.png\" alt=\"\" width=\"179\" height=\"119\" srcset=\"https:\/\/www.radiopiu.net\/wordpress\/wp-content\/uploads\/2024\/03\/SEDE-CERTOTTICA-300x200.png 300w, https:\/\/www.radiopiu.net\/wordpress\/wp-content\/uploads\/2024\/03\/SEDE-CERTOTTICA-1024x681.png 1024w, https:\/\/www.radiopiu.net\/wordpress\/wp-content\/uploads\/2024\/03\/SEDE-CERTOTTICA-768x511.png 768w, https:\/\/www.radiopiu.net\/wordpress\/wp-content\/uploads\/2024\/03\/SEDE-CERTOTTICA.png 1201w\" sizes=\"auto, (max-width: 179px) 100vw, 179px\" \/><\/a>LONGARONE<\/strong> Certottica, leader dell&#8217;occhialeria, si distingue per sostenibilit\u00e0 e innovazione, collaborando a progetti come InterWaste e OPTI-RAIL. InterWaste, con Certottica capofila, trasforma gli scarti dell&#8217;industria degli occhiali, mobili e legno in materie prime seconde, promuovendo il business circolare. OPTI-RAIL, finanziato dall&#8217;Interreg, preserva occhiali storici e una locomotiva diesel nelle Dolomiti Live. Certottica si occupa della caratterizzazione e restauro degli occhiali storici, con workshop per condividere risultati. Il CEO, Corrado Facco, enfatizza l&#8217;importanza di questi progetti per il futuro dell&#8217;occhialeria, evidenziando l&#8217;ambizione di Certottica nell&#8217;essere leader nelle evoluzioni digitali e green.<\/p>\n<p>&nbsp;<\/p>\n<p>&nbsp;<\/p>\n<p>&nbsp;<\/p>\n<hr \/>\n<p>&nbsp;<\/p>\n<blockquote>\n<h3>UNCEM SCRIVE AI PREFETTI<\/h3>\n<\/blockquote>\n<p><strong><a class=\"dt-pswp-item\" href=\"https:\/\/www.radiopiu.net\/wordpress\/wp-content\/uploads\/2020\/11\/logoUNCEM_no_scritta-wdtr.jpg\" data-dt-img-description=\"\" data-large_image_width=\"640\" data-large_image_height=\"640\"><img loading=\"lazy\" decoding=\"async\" class=\" wp-image-170846 alignleft\" src=\"https:\/\/www.radiopiu.net\/wordpress\/wp-content\/uploads\/2020\/11\/logoUNCEM_no_scritta-wdtr-300x300.jpg\" alt=\"\" width=\"94\" height=\"94\" srcset=\"https:\/\/www.radiopiu.net\/wordpress\/wp-content\/uploads\/2020\/11\/logoUNCEM_no_scritta-wdtr-300x300.jpg 300w, https:\/\/www.radiopiu.net\/wordpress\/wp-content\/uploads\/2020\/11\/logoUNCEM_no_scritta-wdtr-150x150.jpg 150w, https:\/\/www.radiopiu.net\/wordpress\/wp-content\/uploads\/2020\/11\/logoUNCEM_no_scritta-wdtr.jpg 640w\" sizes=\"auto, (max-width: 94px) 100vw, 94px\" \/><\/a>ROMA<\/strong> Il Presidente Uncem, Marco Bussone, ha inviato una lettera a tutti i Prefetti italiani, esortando a una programmazione efficace di interventi manutentivi e precauzionali sulle reti che trasportano dati ed energia nelle aree montane e rurali. Si sottolinea l&#8217;importanza di tavoli di concertazione per affrontare le criticit\u00e0, come la vegetazione crescente che richiede interventi di ampliamento delle fasce protettive. La proposta \u00e8 di istituire tavoli di programmazione e verifica dello stato delle reti e dei servizi nelle zone montane, al fine di ridurre le interruzioni e abbassare i costi di ripristino.<\/p>\n<p>&nbsp;<\/p>\n<p>&nbsp;<\/p>\n<hr \/>\n<p>&nbsp;<\/p>\n<h2><span style=\"color: #ff0000;\">CONSIGLI COMUNALI<\/span><\/h2>\n<h2><span style=\"color: #000000;\">TAIBON ADOTTA LA VARIANTE PER LA ROTATORIA A STRAPONT, INTERSEZIONE CON LA REGIONALE 203 AGORDINA<\/span><\/h2>\n<p><strong><a class=\"dt-pswp-item\" href=\"https:\/\/www.radiopiu.net\/wordpress\/wp-content\/uploads\/2020\/05\/TAIBON-DRONE-scaled.jpg\" data-dt-img-description=\"DCIM100MEDIADJI_0046.JPG\" data-large_image_width=\"2560\" data-large_image_height=\"1440\"><img loading=\"lazy\" decoding=\"async\" class=\"size-medium wp-image-136470 alignleft\" src=\"https:\/\/www.radiopiu.net\/wordpress\/wp-content\/uploads\/2020\/05\/TAIBON-DRONE-300x169.jpg\" alt=\"\" width=\"300\" height=\"169\" srcset=\"https:\/\/www.radiopiu.net\/wordpress\/wp-content\/uploads\/2020\/05\/TAIBON-DRONE-300x169.jpg 300w, https:\/\/www.radiopiu.net\/wordpress\/wp-content\/uploads\/2020\/05\/TAIBON-DRONE-1024x576.jpg 1024w, https:\/\/www.radiopiu.net\/wordpress\/wp-content\/uploads\/2020\/05\/TAIBON-DRONE-768x432.jpg 768w, https:\/\/www.radiopiu.net\/wordpress\/wp-content\/uploads\/2020\/05\/TAIBON-DRONE-1536x864.jpg 1536w, https:\/\/www.radiopiu.net\/wordpress\/wp-content\/uploads\/2020\/05\/TAIBON-DRONE-2048x1152.jpg 2048w\" sizes=\"auto, (max-width: 300px) 100vw, 300px\" \/><\/a><\/strong><\/p>\n<div class=\"flex-1 overflow-hidden\">\n<div class=\"react-scroll-to-bottom--css-mykiq-79elbk h-full\">\n<div class=\"react-scroll-to-bottom--css-mykiq-1n7m0yu\">\n<div class=\"flex flex-col text-sm pb-9\">\n<div class=\"w-full text-token-text-primary\" data-testid=\"conversation-turn-27\">\n<div class=\"px-4 py-2 justify-center text-base md:gap-6 m-auto\">\n<div class=\"flex flex-1 text-base mx-auto gap-3 md:px-5 lg:px-1 xl:px-5 md:max-w-3xl lg:max-w-[40rem] xl:max-w-[48rem] group final-completion\">\n<div class=\"relative flex w-full flex-col agent-turn\">\n<div class=\"flex-col gap-1 md:gap-3\">\n<div class=\"flex flex-grow flex-col max-w-full\">\n<div class=\"min-h-[20px] text-message flex flex-col items-start gap-3 whitespace-pre-wrap break-words [.text-message+&amp;]:mt-5 overflow-x-auto\" data-message-author-role=\"assistant\" data-message-id=\"c8e33371-25f5-411a-8299-b4d0f3a33dc7\">\n<div class=\"markdown prose w-full break-words dark:prose-invert dark\">\n<p><strong>Consiglio Comunale a Taibon: Bilancio e Progetti in Discussione<\/strong><\/p>\n<p>Il sindaco Silvia Tormen ha convocato il Consiglio Comunale per mercoled\u00ec alle 19 presso la sede municipale di Taibon. Tra i punti all&#8217;ordine del giorno, spiccano la discussione sul bilancio di previsione e variazioni al bilancio comunale. In particolare, verr\u00e0 affrontata la questione della riduzione del verde privato vincolato su terreni situati in localit\u00e0 Peden, insieme alla riduzione del verde su terreni in localit\u00e0 al Forte. Un altro argomento di interesse sar\u00e0 il miglioramento della rotatoria di via Strapont, con un intervento previsto utilizzando i fondi di confine del 2019. Si prevede una discussione approfondita su questi temi cruciali per lo sviluppo e il benessere della comunit\u00e0 locale.<\/p>\n<\/div>\n<\/div>\n<\/div>\n<div class=\"mt-1 flex justify-start gap-3 empty:hidden\">\n<div class=\"flex items-center gap-1.5 text-xs\"><\/div>\n<\/div>\n<\/div>\n<\/div>\n<\/div>\n<\/div>\n<\/div>\n<\/div>\n<\/div>\n<\/div>\n<\/div>\n<blockquote>\n<h3>A CENCENIGHE SONO 9 I PUNTI DA TRATTARE NEL CONSIGLIO COMUNALE<\/h3>\n<\/blockquote>\n<p><strong>CENCENIGHE<\/strong> Il sindaco Mauro Soppelsa ha convocato i consiglieri comunali per venerdi alle 20:30. Saranno 9 i punti da discutere tra cui il piano delle alienazioni, le imposte Imu e Irpef, l&#8217;approvazione del DUP, una modifica all&#8217;uso delle sale comunali, il regolamento per la circolazione sulle strade sivo-pastorali e una modifica al regolamento per la detenzione e uso dell&#8217;amamento della polizia locale.<\/p>\n<p>&nbsp;<\/p>\n<blockquote>\n<h3>CINQUE PUNTI NEL CONSIGLIO COMUNALE DI COLLE SANTA LUCIA<\/h3>\n<\/blockquote>\n<p><strong>COLLE SANTA LUCIA<\/strong> Il sindaco Paolo Frena ha convocato i consiglieri comunali per sabato alle 15. Saranno 5 i punti da discutere tra cui le proposte di accordo pubblico, il primo piano degli interventi, la costituzione della federazione dei ladins de Souramont e le comunicazioni del sindaco.<\/p>\n<p>&nbsp;<\/p>\n<p>&nbsp;<\/p>\n<hr \/>\n<p>&nbsp;<\/p>\n<blockquote>\n<h3>PARTE IL LABORATORIO DI CA\u2019 FOSCARI IN COLLABORAZIONE CON LA CAMERA DI COMMERCIO TREVISO<\/h3>\n<\/blockquote>\n<p><strong><a class=\"dt-pswp-item\" href=\"https:\/\/www.radiopiu.net\/wordpress\/wp-content\/uploads\/2024\/03\/ee5a0546-b1cd-4c75-be00-58435b134846.jpg\" data-dt-img-description=\"\" data-large_image_width=\"1600\" data-large_image_height=\"531\"><img loading=\"lazy\" decoding=\"async\" class=\" wp-image-377589 alignleft\" src=\"https:\/\/www.radiopiu.net\/wordpress\/wp-content\/uploads\/2024\/03\/ee5a0546-b1cd-4c75-be00-58435b134846-300x100.jpg\" alt=\"\" width=\"189\" height=\"63\" srcset=\"https:\/\/www.radiopiu.net\/wordpress\/wp-content\/uploads\/2024\/03\/ee5a0546-b1cd-4c75-be00-58435b134846-300x100.jpg 300w, https:\/\/www.radiopiu.net\/wordpress\/wp-content\/uploads\/2024\/03\/ee5a0546-b1cd-4c75-be00-58435b134846-1024x340.jpg 1024w, https:\/\/www.radiopiu.net\/wordpress\/wp-content\/uploads\/2024\/03\/ee5a0546-b1cd-4c75-be00-58435b134846-768x255.jpg 768w, https:\/\/www.radiopiu.net\/wordpress\/wp-content\/uploads\/2024\/03\/ee5a0546-b1cd-4c75-be00-58435b134846-1536x510.jpg 1536w, https:\/\/www.radiopiu.net\/wordpress\/wp-content\/uploads\/2024\/03\/ee5a0546-b1cd-4c75-be00-58435b134846.jpg 1600w\" sizes=\"auto, (max-width: 189px) 100vw, 189px\" \/><\/a>TREVISO<\/strong> Gioved\u00ec 14 marzo, presso l\u2019Aula Magna di Palazzo San Leonardo a Treviso, inizia il Clab InterESG su &#8220;ESG e sostenibilit\u00e0 nell\u2019internazionalizzazione d\u2019impresa&#8221;. Coinvolge 30 studenti in un ambiente multidisciplinare, promuovendo la collaborazione tra l&#8217;Universit\u00e0 Ca\u2019 Foscari Venezia e la Camera di Commercio Treviso Belluno. Il laboratorio si concentra sulla sostenibilit\u00e0 come valore chiave nell&#8217;approccio ai mercati esteri, analizzando l&#8217;integrazione dei criteri ESG nelle decisioni aziendali. Durante l&#8217;evento, esperti e aziende discuteranno delle sfide e opportunit\u00e0 legate alla sostenibilit\u00e0. Il laboratorio si svolger\u00e0 dal 14 marzo al 3 maggio.<\/p>\n<p>&nbsp;<\/p>\n<p>&nbsp;<\/p>\n<hr \/>\n<p>&nbsp;<\/p>\n<blockquote>\n<h3>TORNA LO SPLASH PARTY AD ALLEGHE<\/h3>\n<\/blockquote>\n<p><strong><a class=\"dt-pswp-item\" href=\"https:\/\/www.radiopiu.net\/wordpress\/wp-content\/uploads\/2018\/04\/impianti-alleghe-funivie.jpg\" data-dt-img-description=\"\" data-large_image_width=\"550\" data-large_image_height=\"309\"><img loading=\"lazy\" decoding=\"async\" class=\" wp-image-46376 alignleft\" src=\"https:\/\/www.radiopiu.net\/wordpress\/wp-content\/uploads\/2018\/04\/impianti-alleghe-funivie-300x169.jpg\" alt=\"\" width=\"183\" height=\"103\" srcset=\"https:\/\/www.radiopiu.net\/wordpress\/wp-content\/uploads\/2018\/04\/impianti-alleghe-funivie-300x169.jpg 300w, https:\/\/www.radiopiu.net\/wordpress\/wp-content\/uploads\/2018\/04\/impianti-alleghe-funivie.jpg 550w\" sizes=\"auto, (max-width: 183px) 100vw, 183px\" \/><\/a>ALLEGHE<\/strong><\/p>\n<p>DI GIANNI SANTOMASO<\/p>\n<audio class=\"wp-audio-shortcode\" id=\"audio-378654-12\" preload=\"none\" style=\"width: 100%;\" controls=\"controls\"><source type=\"audio\/mpeg\" src=\"https:\/\/www.radiopiu.net\/wordpress\/wp-content\/uploads\/2024\/03\/GIANNI-TORNA-LO-SPLASH-PARTY-AD-ALLEGHE.mp3?_=12\" \/><a href=\"https:\/\/www.radiopiu.net\/wordpress\/wp-content\/uploads\/2024\/03\/GIANNI-TORNA-LO-SPLASH-PARTY-AD-ALLEGHE.mp3\">https:\/\/www.radiopiu.net\/wordpress\/wp-content\/uploads\/2024\/03\/GIANNI-TORNA-LO-SPLASH-PARTY-AD-ALLEGHE.mp3<\/a><\/audio>\n<p>&nbsp;<\/p>\n<hr \/>\n<p>&nbsp;<\/p>\n<blockquote>\n<h3>LA SETTIMANA MONDIALE DEL GLAUCOMA<\/h3>\n<\/blockquote>\n<p><strong><a class=\"dt-pswp-item\" href=\"https:\/\/www.radiopiu.net\/wordpress\/wp-content\/uploads\/2023\/01\/OCCHIO.jpg\" data-dt-img-description=\"\" data-large_image_width=\"1280\" data-large_image_height=\"720\"><img loading=\"lazy\" decoding=\"async\" class=\" wp-image-316407 alignleft\" src=\"https:\/\/www.radiopiu.net\/wordpress\/wp-content\/uploads\/2023\/01\/OCCHIO-300x169.jpg\" alt=\"\" width=\"154\" height=\"87\" srcset=\"https:\/\/www.radiopiu.net\/wordpress\/wp-content\/uploads\/2023\/01\/OCCHIO-300x169.jpg 300w, https:\/\/www.radiopiu.net\/wordpress\/wp-content\/uploads\/2023\/01\/OCCHIO-1024x576.jpg 1024w, https:\/\/www.radiopiu.net\/wordpress\/wp-content\/uploads\/2023\/01\/OCCHIO-768x432.jpg 768w, https:\/\/www.radiopiu.net\/wordpress\/wp-content\/uploads\/2023\/01\/OCCHIO.jpg 1280w\" sizes=\"auto, (max-width: 154px) 100vw, 154px\" \/><\/a>BELLUNO<\/strong> Dal 10 al 16 marzo si celebra la \u201cSettimana mondiale del glaucoma\u201d. La patologia colpisce milioni di persone, ma la prevenzione e la diagnosi precoce sono fondamentali. Nel mondo, circa 76 milioni di persone sono affette da glaucoma, 1 milione in Italia, ma la met\u00e0 \u00e8 inconsapevole. La popolazione spesso ignora la malattia e il grave rischio di perdita della vista. La sezione UICI di Belluno aderisce alla campagna di prevenzione e organizza una giornata informativa oggi in Piazza dei Martiri, distribuendo opuscoli per sensibilizzare la cittadinanza sulla tematica del glaucoma.<\/p>\n<p><strong>PER LE TRE RADIO BARBARA PAOLAZZI<\/strong><\/p>\n<audio class=\"wp-audio-shortcode\" id=\"audio-378654-13\" preload=\"none\" style=\"width: 100%;\" controls=\"controls\"><source type=\"audio\/mpeg\" src=\"https:\/\/www.radiopiu.net\/wordpress\/wp-content\/uploads\/2024\/03\/PAOLAZZI-SETTIMANA-GLAUCOMA.mp3?_=13\" \/><a href=\"https:\/\/www.radiopiu.net\/wordpress\/wp-content\/uploads\/2024\/03\/PAOLAZZI-SETTIMANA-GLAUCOMA.mp3\">https:\/\/www.radiopiu.net\/wordpress\/wp-content\/uploads\/2024\/03\/PAOLAZZI-SETTIMANA-GLAUCOMA.mp3<\/a><\/audio>\n<p>&nbsp;<\/p>\n<p>&nbsp;<\/p>\n<hr \/>\n<p>&nbsp;<\/p>\n<blockquote>\n<h3>CORSI DI FORMAZIONE CON PROGETTO UOMO BELLUNO<\/h3>\n<\/blockquote>\n<p><strong><a class=\"dt-pswp-item\" href=\"https:\/\/www.radiopiu.net\/wordpress\/wp-content\/uploads\/2024\/03\/PROGETTO-UOMO.gif\" data-dt-img-description=\"\" data-large_image_width=\"90\" data-large_image_height=\"95\"><img loading=\"lazy\" decoding=\"async\" class=\"size-full wp-image-378746 alignleft\" src=\"https:\/\/www.radiopiu.net\/wordpress\/wp-content\/uploads\/2024\/03\/PROGETTO-UOMO.gif\" alt=\"\" width=\"90\" height=\"95\" \/><\/a>BELLUNO<\/strong> La 3\u00aa edizione del Corso di Alta Formazione &#8220;Supervisione professionale nei contesti terapeutici ed educativi&#8221; inizia il 14 marzo a Belluno, organizzato da Fondazione Progetto Uomo. Docenti: prof. Francesco Stoppa e prof. Moreno Blascovich. Il corso accreditato con 50 crediti ECM, svolto da marzo a dicembre, coinvolge 20 partecipanti provenienti da tutta Italia. L&#8217;innovativo percorso forma supervisori di \u00e9quipe terapeutiche ed educative, figura richiesta anche dal PNRR, finanziando interventi di supervisione per operatori socio-sanitari degli Ambiti Territoriali Sociali (ATS). Destinatari: Assistenti sociali, Psicologi, Educatori, Pedagogisti, Medici.<\/p>\n<p>&nbsp;<\/p>\n<p>&nbsp;<\/p>\n<hr \/>\n<p>&nbsp;<\/p>\n<blockquote>\n<h3>ERNESTO DA SOIS, QUANDO IL LEGNO DIVENTA ARTE<\/h3>\n<\/blockquote>\n<p><strong><a class=\"dt-pswp-item\" href=\"https:\/\/www.radiopiu.net\/wordpress\/wp-content\/uploads\/2024\/03\/\u00a9echidiAlessandroSogne-72-ERNESTO-DA-SOIS.jpg\" data-dt-img-description=\"\" data-large_image_width=\"1500\" data-large_image_height=\"1000\"><img loading=\"lazy\" decoding=\"async\" class=\" wp-image-378748 alignleft\" src=\"https:\/\/www.radiopiu.net\/wordpress\/wp-content\/uploads\/2024\/03\/\u00a9echidiAlessandroSogne-72-ERNESTO-DA-SOIS-300x200.jpg\" alt=\"\" width=\"164\" height=\"109\" srcset=\"https:\/\/www.radiopiu.net\/wordpress\/wp-content\/uploads\/2024\/03\/\u00a9echidiAlessandroSogne-72-ERNESTO-DA-SOIS-300x200.jpg 300w, https:\/\/www.radiopiu.net\/wordpress\/wp-content\/uploads\/2024\/03\/\u00a9echidiAlessandroSogne-72-ERNESTO-DA-SOIS-1024x683.jpg 1024w, https:\/\/www.radiopiu.net\/wordpress\/wp-content\/uploads\/2024\/03\/\u00a9echidiAlessandroSogne-72-ERNESTO-DA-SOIS-768x512.jpg 768w, https:\/\/www.radiopiu.net\/wordpress\/wp-content\/uploads\/2024\/03\/\u00a9echidiAlessandroSogne-72-ERNESTO-DA-SOIS.jpg 1500w\" sizes=\"auto, (max-width: 164px) 100vw, 164px\" \/><\/a>ALPAGO<\/strong> Ernesto Da Sois, artista di Pieve d&#8217;Alpago, ha inaugurato la mostra &#8220;Quando il legno diventa Arte&#8221; al Municipio di Pieve d\u2019Alpago. Le opere includono la riproduzione dettagliata di Basilica di San Marco e della Basilica della Madonna della Salute di Venezia, oltre alla Cattedrale di San Basilio di Mosca. Realizzate in cinque anni di passione per il legno, le opere di Da Sois sono lodate per la creativit\u00e0, l&#8217;intuito e la sensibilit\u00e0. La mostra, curata da Comune di Alpago, Comitato Alpago 2 Ruote &amp; Solidariet\u00e0 e Biblioteche Bellunesi, sar\u00e0 aperta fino al 7 aprile.<\/p>\n<p>&nbsp;<\/p>\n<p>&nbsp;<\/p>\n<hr \/>\n<p>&nbsp;<\/p>\n<blockquote>\n<blockquote>\n<h2><span style=\"color: #ff0000;\">MALTEMPO: VECIA POPA RINVIATA A DOMENICA 17 MARZO<\/span><\/h2>\n<\/blockquote>\n<p>&nbsp;<\/p>\n<p><strong><a class=\"dt-pswp-item\" href=\"https:\/\/www.radiopiu.net\/wordpress\/wp-content\/uploads\/2024\/02\/VeciaPopa2014b.jpg\" data-dt-img-description=\"\" data-large_image_width=\"1500\" data-large_image_height=\"944\"><img loading=\"lazy\" decoding=\"async\" class=\" wp-image-376680 alignleft\" src=\"https:\/\/www.radiopiu.net\/wordpress\/wp-content\/uploads\/2024\/02\/VeciaPopa2014b-300x189.jpg\" alt=\"\" width=\"163\" height=\"103\" srcset=\"https:\/\/www.radiopiu.net\/wordpress\/wp-content\/uploads\/2024\/02\/VeciaPopa2014b-300x189.jpg 300w, https:\/\/www.radiopiu.net\/wordpress\/wp-content\/uploads\/2024\/02\/VeciaPopa2014b-1024x644.jpg 1024w, https:\/\/www.radiopiu.net\/wordpress\/wp-content\/uploads\/2024\/02\/VeciaPopa2014b-768x483.jpg 768w, https:\/\/www.radiopiu.net\/wordpress\/wp-content\/uploads\/2024\/02\/VeciaPopa2014b.jpg 1500w\" sizes=\"auto, (max-width: 163px) 100vw, 163px\" \/><\/a>DI MIRKO MEZZACASA<\/strong><\/p>\n<p>OSPITI: Thomas Manfroi e Valentina De Nardin<\/p><\/blockquote>\n<p>&nbsp;<\/p>\n<audio class=\"wp-audio-shortcode\" id=\"audio-378654-14\" preload=\"none\" style=\"width: 100%;\" controls=\"controls\"><source type=\"audio\/mpeg\" src=\"https:\/\/www.radiopiu.net\/wordpress\/wp-content\/uploads\/2024\/02\/vecia-popa-2024.mp3?_=14\" \/><a href=\"https:\/\/www.radiopiu.net\/wordpress\/wp-content\/uploads\/2024\/02\/vecia-popa-2024.mp3\">https:\/\/www.radiopiu.net\/wordpress\/wp-content\/uploads\/2024\/02\/vecia-popa-2024.mp3<\/a><\/audio>\n<p>&nbsp;<\/p>\n<p>&nbsp;<\/p>\n<hr \/>\n<blockquote>\n<h3><strong><a class=\"dt-pswp-item\" href=\"https:\/\/www.radiopiu.net\/wordpress\/wp-content\/uploads\/2024\/03\/Api_marzo_24.jpg\" data-dt-img-description=\"\" data-large_image_width=\"1240\" data-large_image_height=\"1754\"><img loading=\"lazy\" decoding=\"async\" class=\"wp-image-378230 alignleft\" src=\"https:\/\/www.radiopiu.net\/wordpress\/wp-content\/uploads\/2024\/03\/Api_marzo_24-212x300.jpg\" alt=\"\" width=\"95\" height=\"134\" srcset=\"https:\/\/www.radiopiu.net\/wordpress\/wp-content\/uploads\/2024\/03\/Api_marzo_24-212x300.jpg 212w, https:\/\/www.radiopiu.net\/wordpress\/wp-content\/uploads\/2024\/03\/Api_marzo_24-724x1024.jpg 724w, https:\/\/www.radiopiu.net\/wordpress\/wp-content\/uploads\/2024\/03\/Api_marzo_24-768x1086.jpg 768w, https:\/\/www.radiopiu.net\/wordpress\/wp-content\/uploads\/2024\/03\/Api_marzo_24-1086x1536.jpg 1086w, https:\/\/www.radiopiu.net\/wordpress\/wp-content\/uploads\/2024\/03\/Api_marzo_24.jpg 1240w\" sizes=\"auto, (max-width: 95px) 100vw, 95px\" \/><\/a><\/strong>API AMBIENTE IN UN INCONTRO A BELLUNO<\/h3>\n<\/blockquote>\n<p>&nbsp;<\/p>\n<p><strong>BELLUNO<\/strong><\/p>\n<p>DI ALESSIA DALL&#8217;O&#8217;<\/p>\n<audio class=\"wp-audio-shortcode\" id=\"audio-378654-15\" preload=\"none\" style=\"width: 100%;\" controls=\"controls\"><source type=\"audio\/mpeg\" src=\"https:\/\/www.radiopiu.net\/wordpress\/wp-content\/uploads\/2024\/03\/ALESSIA-API-AMBIENTE.mp3?_=15\" \/><a href=\"https:\/\/www.radiopiu.net\/wordpress\/wp-content\/uploads\/2024\/03\/ALESSIA-API-AMBIENTE.mp3\">https:\/\/www.radiopiu.net\/wordpress\/wp-content\/uploads\/2024\/03\/ALESSIA-API-AMBIENTE.mp3<\/a><\/audio>\n<p>&nbsp;<\/p>\n<hr \/>\n<p>&nbsp;<\/p>\n<blockquote>\n<h3>TUTTO PRONTO PER LA SAGRA DI SAN GIUSEPPE A CHIES<\/h3>\n<\/blockquote>\n<p><strong><a class=\"dt-pswp-item\" href=\"https:\/\/www.radiopiu.net\/wordpress\/wp-content\/uploads\/2024\/03\/Sagra_Chies_11.jpg\" data-dt-img-description=\"\" data-large_image_width=\"1600\" data-large_image_height=\"1200\"><img loading=\"lazy\" decoding=\"async\" class=\" wp-image-378698 alignleft\" src=\"https:\/\/www.radiopiu.net\/wordpress\/wp-content\/uploads\/2024\/03\/Sagra_Chies_11-300x225.jpg\" alt=\"\" width=\"159\" height=\"119\" srcset=\"https:\/\/www.radiopiu.net\/wordpress\/wp-content\/uploads\/2024\/03\/Sagra_Chies_11-300x225.jpg 300w, https:\/\/www.radiopiu.net\/wordpress\/wp-content\/uploads\/2024\/03\/Sagra_Chies_11-1024x768.jpg 1024w, https:\/\/www.radiopiu.net\/wordpress\/wp-content\/uploads\/2024\/03\/Sagra_Chies_11-768x576.jpg 768w, https:\/\/www.radiopiu.net\/wordpress\/wp-content\/uploads\/2024\/03\/Sagra_Chies_11-1536x1152.jpg 1536w, https:\/\/www.radiopiu.net\/wordpress\/wp-content\/uploads\/2024\/03\/Sagra_Chies_11.jpg 1600w\" sizes=\"auto, (max-width: 159px) 100vw, 159px\" \/><\/a>CHIES D&#8217;ALPAGO <\/strong>La Sagra di San Giuseppe a Chies, organizzata da Amici di Met Aps, Pro Loco, Regola, Donatori del Sangue di Chies e Parrocchia di Chies e Lamosano, promette sei giorni di musica, iniziative culturali e offerte enogastronomiche. La Big Band di Debora Ongaro aprir\u00e0 con swing e blues. Il fine settimana avr\u00e0 pranzi a base di spiedo, stinco, wiener schnitzel, trippe e pollo, con una mostra artistica e letture animate per bambini. Sabato e domenica ci saranno divertimenti per i pi\u00f9 piccoli. La musica varier\u00e0 da Acusticore a Liscio Spritz e Mad Dark Lady. Luned\u00ec al Teatro Minimo, Nicola Pradel di Confartigianato Giovani racconter\u00e0 la sua esperienza imprenditoriale dopo un grave incidente. Marted\u00ec si concluder\u00e0 con la Santa Messa di San Giuseppe e un pranzo. Il Sindaco Gianluca Dal Borgo sottolinea l&#8217;importanza di tali eventi per la vitalit\u00e0 delle frazioni e la coesione della comunit\u00e0.<\/p>\n<p>&nbsp;<\/p>\n<p>&nbsp;<\/p>\n<hr \/>\n<p>&nbsp;<\/p>\n<blockquote>\n<h3>LE VISITE AL MANICOMIO DI FELTRE<\/h3>\n<\/blockquote>\n<p><strong><a class=\"dt-pswp-item\" href=\"https:\/\/www.radiopiu.net\/wordpress\/wp-content\/uploads\/2024\/03\/Porta-del-bagno-del-manicomio.jpg\" data-dt-img-description=\"\" data-large_image_width=\"600\" data-large_image_height=\"800\"><img loading=\"lazy\" decoding=\"async\" class=\"wp-image-378750 alignleft\" src=\"https:\/\/www.radiopiu.net\/wordpress\/wp-content\/uploads\/2024\/03\/Porta-del-bagno-del-manicomio-225x300.jpg\" alt=\"\" width=\"86\" height=\"115\" srcset=\"https:\/\/www.radiopiu.net\/wordpress\/wp-content\/uploads\/2024\/03\/Porta-del-bagno-del-manicomio-225x300.jpg 225w, https:\/\/www.radiopiu.net\/wordpress\/wp-content\/uploads\/2024\/03\/Porta-del-bagno-del-manicomio.jpg 600w\" sizes=\"auto, (max-width: 86px) 100vw, 86px\" \/><\/a>BELLUNO<\/strong> Iscrizioni aperte per le visite guidate all&#8217;ex Manicomio di Feltre. Sabato 16 marzo, in gruppi di massimo 30 persone, si esploreranno gli spazi esterni della struttura con un percorso storico-artistico, storico-psichiatrico e sociale. Guide saranno studenti dell\u2019ultimo anno del Liceo di Scienze Umane dell\u2019Istituto Canossiano di Feltre, formati tramite un corso coordinato dalla professoressa Marina Meneghin. Le visite, alle 10, 11, 12, 14, 15 e 16, richiedono iscrizione via e-mail (<a target=\"_new\" rel=\"noopener\">biblioteca@comune.belluno.it<\/a>) o chiamata telefonica (0437 948093) con indicazione dei nomi e di un numero di cellulare di riferimento.<\/p>\n<p>&nbsp;<\/p>\n<p>&nbsp;<\/p>\n<hr \/>\n<p>&nbsp;<\/p>\n<blockquote>\n<h3>IL SUCCESSO DEL FILM &#8220;NON ANDARE VIA&#8221;<\/h3>\n<\/blockquote>\n<p><strong>BELLUNO<\/strong> Il film &#8220;Non andare via&#8221;, prodotto dalla neonata &#8220;La Compagnia del Piave&#8221;, continua ad ottenere successo nel territorio provinciale, affrontando il tema dell&#8217;emigrazione bellunese in Svizzera nel secondo dopoguerra e dei &#8220;bambini nascosti&#8221;. Dopo le prime due proiezioni a Belluno, la forte domanda ha portato a una terza proiezione il 21 marzo, gi\u00e0 esaurita. Le future proiezioni includono eventi a Longarone il 14 marzo, Agordo il 6 aprile e Feltre il 13 aprile. L&#8217;interesse per il film evidenzia la rilevanza della storia locale e suscita partecipazione da diverse localit\u00e0.<\/p>\n<p>&nbsp;<\/p>\n<p>&nbsp;<\/p>\n<hr \/>\n<p>&nbsp;<\/p>\n<blockquote>\n<h2><a class=\"dt-pswp-item\" href=\"https:\/\/www.radiopiu.net\/wordpress\/wp-content\/uploads\/2018\/10\/Volante-Questura-2-1.jpg\" data-dt-img-description=\"\" data-large_image_width=\"200\" data-large_image_height=\"200\"><img loading=\"lazy\" decoding=\"async\" class=\"wp-image-64854 alignleft\" src=\"https:\/\/www.radiopiu.net\/wordpress\/wp-content\/uploads\/2018\/10\/Volante-Questura-2-1.jpg\" alt=\"\" width=\"110\" height=\"110\" srcset=\"https:\/\/www.radiopiu.net\/wordpress\/wp-content\/uploads\/2018\/10\/Volante-Questura-2-1.jpg 200w, https:\/\/www.radiopiu.net\/wordpress\/wp-content\/uploads\/2018\/10\/Volante-Questura-2-1-150x150.jpg 150w\" sizes=\"auto, (max-width: 110px) 100vw, 110px\" \/><\/a>Questura di Belluno &#8211; Ufficio Concorsi &#8211;<\/h2>\n<\/blockquote>\n<p><strong>BELLUNO<\/strong>\u00a0 Sul Portale unico del reclutamento www.inpa.gov.it e sul sito www.poliziadistato.it \u00e8 stato pubblicato il bando di concorso pubblico, per titoli, per l\u2019assunzione di 21 atleti da assegnare ai gruppi sportivi \u201cPolizia di Stato \u2013 Fiamme Oro\u201d, che<br \/>\nsaranno inquadrati nel ruolo degli agenti e assistenti della Polizia di Stato, indetto con decreto del 29\/02\/2024.<\/p>\n<p><strong>BELLUNO<\/strong> \u00c8 stato pubblicato il bando di concorso pubblico per l&#8217;assunzione di 18 commissari tecnici ingegneri del ruolo degli ingegneri della carriera dei funzionari tecnici della Polizia di Stato. Il concorso prevede selezioni basate su titoli ed esami. Ulteriori dettagli e informazioni sono disponibili sul Portale unico del reclutamento <a href=\"http:\/\/www.inpa.gov.it\/\" target=\"_new\" rel=\"noopener\">www.inpa.gov.it<\/a> e sul sito <a href=\"http:\/\/www.poliziadistato.it\/\" target=\"_new\" rel=\"noopener\">www.poliziadistato.it<\/a>.<\/p>\n<p>&nbsp;<\/p>\n<p>&nbsp;<\/p>\n<hr \/>\n<p>&nbsp;<\/p>\n<blockquote>\n<h3>BANDO PER 16 ALLIEVI UFFICIALI PER LA GUARDIA DI FINANZA<\/h3>\n<\/blockquote>\n<p><strong>BELLUNO<\/strong> sul portale Concorsi Online del Corpo, \u00e8 stato pubblicato il bando di concorso per n. 16 allievi ufficiali in ferma prefissata del Corpo della Guardia di Finanza. I posti sono destinati alle specialit\u00e0 telematica, infrastrutture e sanit\u00e0. Possono partecipare cittadini italiani con laurea specialistica o magistrale, nati non prima del 1\u00b0 gennaio 1992. La domanda, compilata telematicamente entro le 12:00 del 27 marzo 2024, richiede l&#8217;uso di SPID o &#8220;Entra con CIE&#8221;. Ulteriori dettagli sono disponibili sul portale &#8220;<a href=\"https:\/\/concorsi.gdf.gov.it\/\" target=\"_new\" rel=\"noopener\">https:\/\/concorsi.gdf.gov.it<\/a>&#8220;.<\/p>\n<p>&nbsp;<\/p>\n<p>&nbsp;<\/p>\n<hr \/>\n<p>&nbsp;<\/p>\n<blockquote>\n<h3>IL LIBRO SU MARCO POLO<\/h3>\n<\/blockquote>\n<p><strong>BELLUNO<\/strong> Sabato, alle 16, al Salone nobile di Palazzo Fulcis a Belluno, Francesco Jori presenter\u00e0 il libro &#8220;Marco Polo. La vita \u00e8 viaggio&#8221;. L&#8217;evento celebra i settecento anni dalla morte del famoso mercante e viaggiatore, offrendo un&#8217;opportunit\u00e0 unica in una location spettacolare grazie alla collaborazione con il Comune di Belluno. Ingresso libero.<\/p>\n<p>&nbsp;<\/p>\n<p>&nbsp;<\/p>\n<hr \/>\n<p>&nbsp;<\/p>\n<blockquote>\n<h3><a class=\"dt-pswp-item\" href=\"https:\/\/www.radiopiu.net\/wordpress\/wp-content\/uploads\/2024\/02\/ef01c8d9-8946-44f1-bd64-5d0ea6c915c7.jpg\" data-dt-img-description=\"\" data-large_image_width=\"1050\" data-large_image_height=\"1485\"><img loading=\"lazy\" decoding=\"async\" class=\" wp-image-375927 alignleft\" src=\"https:\/\/www.radiopiu.net\/wordpress\/wp-content\/uploads\/2024\/02\/ef01c8d9-8946-44f1-bd64-5d0ea6c915c7-212x300.jpg\" alt=\"\" width=\"93\" height=\"132\" srcset=\"https:\/\/www.radiopiu.net\/wordpress\/wp-content\/uploads\/2024\/02\/ef01c8d9-8946-44f1-bd64-5d0ea6c915c7-212x300.jpg 212w, https:\/\/www.radiopiu.net\/wordpress\/wp-content\/uploads\/2024\/02\/ef01c8d9-8946-44f1-bd64-5d0ea6c915c7-724x1024.jpg 724w, https:\/\/www.radiopiu.net\/wordpress\/wp-content\/uploads\/2024\/02\/ef01c8d9-8946-44f1-bd64-5d0ea6c915c7-768x1086.jpg 768w, https:\/\/www.radiopiu.net\/wordpress\/wp-content\/uploads\/2024\/02\/ef01c8d9-8946-44f1-bd64-5d0ea6c915c7.jpg 1050w\" sizes=\"auto, (max-width: 93px) 100vw, 93px\" \/><\/a>VIE IN ROSA AL TEATRO SAN GAETANO<\/h3>\n<\/blockquote>\n<p><strong>BELLUNO<\/strong> Sono 4 gli appuntamenti in programma per la rassegna &#8220;Vie in rosa&#8221; al Teatro San Gaetano di Belluno. Prossimo appuntamento il 24 marzo &#8220;Non Fare storia&#8221; con Paola Brolati e a seguire un incontro con Belluno Donna. Il 14 aprile &#8220;Rolandina Roncaglia&#8221; e il 28 aprile un incontro con Roberta Gallego. Gli spettacoli inizieranno alle 17:30.<\/p>\n<p>&nbsp;<\/p>\n<p>&nbsp;<\/p>\n<hr \/>\n<p>&nbsp;<\/p>\n<blockquote>\n<h3>IL PRESIDIO LIBERA DI AGORDO PARTE CON IL TESSERAMENTO 2024<\/h3>\n<\/blockquote>\n<p><strong><a class=\"dt-pswp-item\" href=\"https:\/\/www.radiopiu.net\/wordpress\/wp-content\/uploads\/2023\/06\/LIBERA-AGORDINO.jpg\" data-dt-img-description=\"\" data-large_image_width=\"640\" data-large_image_height=\"640\"><img loading=\"lazy\" decoding=\"async\" class=\" wp-image-338852 alignleft\" src=\"https:\/\/www.radiopiu.net\/wordpress\/wp-content\/uploads\/2023\/06\/LIBERA-AGORDINO-300x300.jpg\" alt=\"\" width=\"144\" height=\"144\" srcset=\"https:\/\/www.radiopiu.net\/wordpress\/wp-content\/uploads\/2023\/06\/LIBERA-AGORDINO-300x300.jpg 300w, https:\/\/www.radiopiu.net\/wordpress\/wp-content\/uploads\/2023\/06\/LIBERA-AGORDINO-150x150.jpg 150w, https:\/\/www.radiopiu.net\/wordpress\/wp-content\/uploads\/2023\/06\/LIBERA-AGORDINO.jpg 640w\" sizes=\"auto, (max-width: 144px) 100vw, 144px\" \/><\/a>AGORDO<\/strong><\/p>\n<p>DI GIANNI SANTOMASO<\/p>\n<audio class=\"wp-audio-shortcode\" id=\"audio-378654-16\" preload=\"none\" style=\"width: 100%;\" controls=\"controls\"><source type=\"audio\/mpeg\" src=\"https:\/\/www.radiopiu.net\/wordpress\/wp-content\/uploads\/2024\/03\/GIANNI-IL-PRESIDIO-LIBERA-DI-AGORDO-PARTE-CON-IL-TESSERAMENTO-2024.mp3?_=16\" \/><a href=\"https:\/\/www.radiopiu.net\/wordpress\/wp-content\/uploads\/2024\/03\/GIANNI-IL-PRESIDIO-LIBERA-DI-AGORDO-PARTE-CON-IL-TESSERAMENTO-2024.mp3\">https:\/\/www.radiopiu.net\/wordpress\/wp-content\/uploads\/2024\/03\/GIANNI-IL-PRESIDIO-LIBERA-DI-AGORDO-PARTE-CON-IL-TESSERAMENTO-2024.mp3<\/a><\/audio>\n<p>&nbsp;<\/p>\n<blockquote>\n<h3>LA 29ESIMA GIORNATA DELLA MEMORIA CONTRO LE MAFIE<\/h3>\n<\/blockquote>\n<p><strong>AGORDO<\/strong> In occasione della 29^ Giornata della Memoria e dell\u2019impegno in ricordo delle vittime innocenti di tutte le Mafie, il presidio Agordino di Libera \u201cL. Precenzano e S. Aversa\u201d vi invita, SABATO 16 MARZO alle 20.30 presso il centro parrocchiale \u201cMons. Vincenzo Savio\u201d di Agordo. FILIPPO TORRIGIANI, consulente da tre legislature della commissione parlamentare antimafia e consulente nazionale del C.N.C.A. (Coordinamento Nazionale delle Comunit\u00e0 di Accoglienza) presenter\u00e0 il libro \u201cSILENZI E DISTRAZIONI. 10 COSE DI CUI NON SI PARLA\u201d. Dialogher\u00e0 con l\u2019autore Marco Rossato. Nel libro, Torrigiani affronta con voce \u201cforte e chiara\u201d, come scrive nella prefazione Rosy Bindi, tematiche scomode e di cruciale importanza quali le condizioni del lavoro, le problematiche ambientali, le diseguaglianze sociali, la sanit\u00e0 pubblica e privata, ecc. Non ultimo, un importante riferimento anche al mondo dell\u2019informazione, che, se non \u00e8 responsabile, \u00e8 a tutti gli effetti compartecipe di questi \u201csilenzi e distrazioni\u201d di massa. La\u00a0 cittadinanza \u00e8 invitata a partecipare all\u2019evento<\/p>\n<p>&nbsp;<\/p>\n<p>&nbsp;<\/p>\n<hr \/>\n<p>&nbsp;<\/p>\n<blockquote>\n<h2>A FINE MESE FESTA IN RIVA AL TE GNAS<\/h2>\n<\/blockquote>\n<p><em>SAGRA DE P\u00e0SCA, QUATTRO GIORNI DI FESTA A TAIBON DAL 28 AL 31 MARZO NEL GRANDE TENDONE RISCALDATO\u00a0 <\/em><\/p>\n<p><strong>GIOVEDI 28<\/strong> PASTA ALL&#8217;AMATRICIANA, ALLE 20.30 LA MONTAGNA, CON MANRICO DELL&#8217;AGNOLA A SEGUIRE LA PRESENTAZIONE DEL CAMPIONATO AGORDINO DI CALCIO CON RADIOPIU E IL CANTAUTORE MARCO V DAL FARRA <strong>VENERDI 29<\/strong> BACCALA&#8217; SEPPIE E DALLE 21 L&#8217;ORCHESTRA SPETTACOLO GIANMARCO BAGUTTI <strong>SABATO 30<\/strong> TRIPPE, POLLO ALLO SPIEDO E ALTRE SPECIALITA&#8217;, DALLE 14 GARA DI BRISCOLA, ALLE 17 DJ SET CON R DI J, DALLE 21 ORCHESTRA MARIANNA LANT\u00e8RI<strong> DOMENICA<\/strong> <strong>31<\/strong> DALLE 17 L&#8217;APERITIVO CON MORGAN E BATTAGLIA, DALLE 21 LA COVER BAND NUOVANTA E DALLE 21 L&#8217;ESTRAZIONE DELLA LOTTERIA SAGRA DE PASCA CON PROLOCO, GRUPPO SPORTIVO E DONATORI DEL SANGUE TAIBON<\/p>\n<p>&nbsp;<\/p>\n<p><a class=\"dt-pswp-item\" href=\"https:\/\/www.radiopiu.net\/wordpress\/wp-content\/uploads\/2024\/03\/Senza-nome-15.png\" data-dt-img-description=\"\" data-large_image_width=\"449\" data-large_image_height=\"628\"><img loading=\"lazy\" decoding=\"async\" class=\"size-medium wp-image-377554 aligncenter\" src=\"https:\/\/www.radiopiu.net\/wordpress\/wp-content\/uploads\/2024\/03\/Senza-nome-15-214x300.png\" alt=\"\" width=\"214\" height=\"300\" srcset=\"https:\/\/www.radiopiu.net\/wordpress\/wp-content\/uploads\/2024\/03\/Senza-nome-15-214x300.png 214w, https:\/\/www.radiopiu.net\/wordpress\/wp-content\/uploads\/2024\/03\/Senza-nome-15.png 449w\" sizes=\"auto, (max-width: 214px) 100vw, 214px\" \/><\/a><\/p>\n<p>&nbsp;<\/p>\n<p>28 marzo&#8230; a TAIBON AGORDINO RADIO PIU&#8217; PRESENTA IL CAMPIONATO AGORDINO DI CALCIO.<br \/>\nAL TENDONE DELLA SAGRA DE PASCA, DALLE 20.30. INTRODUZIONE ALLA SERATA CON L&#8217;ALPINISTA MANRICO DELL&#8217;AGNOLA, SI RACCONTER\u00e0 CON DUE DOCU FILM ALLE 21.45 IL CALCIO AGORDINO CON LA COLONNA SONORA DI MARVO VI DAL FARRA . a seguire dj set sagra de pasca a taibon, organizzazione gruppo sportivo, proloco e donatori del sangue<\/p>\n<p>&nbsp;<\/p>\n<hr \/>\n<p>&nbsp;<\/p>\n<blockquote>\n<h3><a class=\"dt-pswp-item\" href=\"https:\/\/www.radiopiu.net\/wordpress\/wp-content\/uploads\/2023\/01\/MUNICIPIO-LIMANA.png\" data-dt-img-description=\"\" data-large_image_width=\"1940\" data-large_image_height=\"1032\"><img loading=\"lazy\" decoding=\"async\" class=\"wp-image-318876 alignleft\" src=\"https:\/\/www.radiopiu.net\/wordpress\/wp-content\/uploads\/2023\/01\/MUNICIPIO-LIMANA-300x160.png\" alt=\"\" width=\"182\" height=\"97\" srcset=\"https:\/\/www.radiopiu.net\/wordpress\/wp-content\/uploads\/2023\/01\/MUNICIPIO-LIMANA-300x160.png 300w, https:\/\/www.radiopiu.net\/wordpress\/wp-content\/uploads\/2023\/01\/MUNICIPIO-LIMANA-1024x545.png 1024w, https:\/\/www.radiopiu.net\/wordpress\/wp-content\/uploads\/2023\/01\/MUNICIPIO-LIMANA-768x409.png 768w, https:\/\/www.radiopiu.net\/wordpress\/wp-content\/uploads\/2023\/01\/MUNICIPIO-LIMANA-1536x817.png 1536w, https:\/\/www.radiopiu.net\/wordpress\/wp-content\/uploads\/2023\/01\/MUNICIPIO-LIMANA.png 1940w\" sizes=\"auto, (max-width: 182px) 100vw, 182px\" \/><\/a>A LIMANA UN MESE DI MARZO RICCO DI APPUNTAMENTI CULTURALI<\/h3>\n<\/blockquote>\n<p><strong>DI ROBERTO BONA<\/strong><\/p>\n<audio class=\"wp-audio-shortcode\" id=\"audio-378654-17\" preload=\"none\" style=\"width: 100%;\" controls=\"controls\"><source type=\"audio\/mpeg\" src=\"https:\/\/www.radiopiu.net\/wordpress\/wp-content\/uploads\/2024\/03\/BONA-A-LIMANA-UN-MESE-DI-MARZO-RICCO-DI-APPUNTAMENTI-CULTURALI.mp3?_=17\" \/><a href=\"https:\/\/www.radiopiu.net\/wordpress\/wp-content\/uploads\/2024\/03\/BONA-A-LIMANA-UN-MESE-DI-MARZO-RICCO-DI-APPUNTAMENTI-CULTURALI.mp3\">https:\/\/www.radiopiu.net\/wordpress\/wp-content\/uploads\/2024\/03\/BONA-A-LIMANA-UN-MESE-DI-MARZO-RICCO-DI-APPUNTAMENTI-CULTURALI.mp3<\/a><\/audio>\n<p>&nbsp;<\/p>\n<hr \/>\n<p>&nbsp;<\/p>\n<h3><a class=\"dt-pswp-item\" href=\"https:\/\/www.radiopiu.net\/wordpress\/wp-content\/uploads\/2023\/08\/862c8c0d-fb55-49e7-875a-930f514a02a7.jpg\" data-dt-img-description=\"\" data-large_image_width=\"2048\" data-large_image_height=\"1536\"><img loading=\"lazy\" decoding=\"async\" class=\"wp-image-349786 alignleft\" src=\"https:\/\/www.radiopiu.net\/wordpress\/wp-content\/uploads\/2023\/08\/862c8c0d-fb55-49e7-875a-930f514a02a7-300x225.jpg\" alt=\"\" width=\"136\" height=\"102\" srcset=\"https:\/\/www.radiopiu.net\/wordpress\/wp-content\/uploads\/2023\/08\/862c8c0d-fb55-49e7-875a-930f514a02a7-300x225.jpg 300w, https:\/\/www.radiopiu.net\/wordpress\/wp-content\/uploads\/2023\/08\/862c8c0d-fb55-49e7-875a-930f514a02a7-1024x768.jpg 1024w, https:\/\/www.radiopiu.net\/wordpress\/wp-content\/uploads\/2023\/08\/862c8c0d-fb55-49e7-875a-930f514a02a7-768x576.jpg 768w, https:\/\/www.radiopiu.net\/wordpress\/wp-content\/uploads\/2023\/08\/862c8c0d-fb55-49e7-875a-930f514a02a7-1536x1152.jpg 1536w, https:\/\/www.radiopiu.net\/wordpress\/wp-content\/uploads\/2023\/08\/862c8c0d-fb55-49e7-875a-930f514a02a7.jpg 2048w\" sizes=\"auto, (max-width: 136px) 100vw, 136px\" \/><\/a>LAVORI PER INTERRAMENTO DELLA CONDOTTA IDRICA<\/h3>\n<p><strong>LA VALLE<\/strong> Il Comune La Valle Agordina ordina la sospensione temporanea della circolazione veicolare sulla viabilit\u00e0 Silvo-pastorale di Fres, dall&#8217;11\/03\/2024 al 24\/06\/2024, dalle 7 alle 18 dal luned\u00ec al venerd\u00ec, esclusi sabato e domenica. Viene istituito il divieto di transito pedonale e con biciclette dalla localit\u00e0 Piaia fino a Pra de Val, con l&#8217;altro lato del divieto al ponte sul torrente Rova di Caleda. Analogamente, \u00e8 vietato il transito pedonale e con biciclette su parte del sentiero CAI n.551 (Strada Vicinale di Pepolade) dal 11\/03\/2024 al 24\/06\/2024 per l&#8217;intera durata delle 24 ore.<\/p>\n<p>&nbsp;<\/p>\n<hr \/>\n<p>&nbsp;<\/p>\n<blockquote>\n<h3>DALL&#8217;11 AL 17 MARZO IL PROGETTO FAME DI VITA<\/h3>\n<\/blockquote>\n<p><strong><a class=\"dt-pswp-item\" href=\"https:\/\/www.radiopiu.net\/wordpress\/wp-content\/uploads\/2024\/03\/Fiocchetto-lilla-15-Marzo-768x432-1.jpg\" data-dt-img-description=\"\" data-large_image_width=\"768\" data-large_image_height=\"432\"><img loading=\"lazy\" decoding=\"async\" class=\" wp-image-378061 alignleft\" src=\"https:\/\/www.radiopiu.net\/wordpress\/wp-content\/uploads\/2024\/03\/Fiocchetto-lilla-15-Marzo-768x432-1-300x169.jpg\" alt=\"\" width=\"186\" height=\"105\" srcset=\"https:\/\/www.radiopiu.net\/wordpress\/wp-content\/uploads\/2024\/03\/Fiocchetto-lilla-15-Marzo-768x432-1-300x169.jpg 300w, https:\/\/www.radiopiu.net\/wordpress\/wp-content\/uploads\/2024\/03\/Fiocchetto-lilla-15-Marzo-768x432-1.jpg 768w\" sizes=\"auto, (max-width: 186px) 100vw, 186px\" \/><\/a>SANTA GIUSTINA<\/strong><\/p>\n<p>DI ALESSIA DALL&#8217;O&#8217;<\/p>\n<audio class=\"wp-audio-shortcode\" id=\"audio-378654-18\" preload=\"none\" style=\"width: 100%;\" controls=\"controls\"><source type=\"audio\/mpeg\" src=\"https:\/\/www.radiopiu.net\/wordpress\/wp-content\/uploads\/2024\/03\/ALESSIA-DALL11-AL-17-MARZO-IL-PROGETTO-FAME-DI-VITA.mp3?_=18\" \/><a href=\"https:\/\/www.radiopiu.net\/wordpress\/wp-content\/uploads\/2024\/03\/ALESSIA-DALL11-AL-17-MARZO-IL-PROGETTO-FAME-DI-VITA.mp3\">https:\/\/www.radiopiu.net\/wordpress\/wp-content\/uploads\/2024\/03\/ALESSIA-DALL11-AL-17-MARZO-IL-PROGETTO-FAME-DI-VITA.mp3<\/a><\/audio>\n<p>&nbsp;<\/p>\n<hr \/>\n<p>&nbsp;<\/p>\n<h2><span style=\"color: #ff6600;\">IERI ALLA RADIO\u00a0\u00a0<\/span><\/h2>\n<h2><span style=\"color: #ff00ff;\">OGGI COME IERI di e con SILVIA BALDO<\/span><\/h2>\n<p><img decoding=\"async\" class=\"aligncenter\" src=\"https:\/\/www.radiopiu.net\/wordpress\/wp-content\/uploads\/2023\/09\/309000774_10222572118595513_7956305457803922499_n.jpg\" \/><\/p>\n<p>&nbsp;<\/p>\n<p><strong>PUNTATA 21 11 MARZO<\/strong><\/p>\n<audio class=\"wp-audio-shortcode\" id=\"audio-378654-19\" preload=\"none\" style=\"width: 100%;\" controls=\"controls\"><source type=\"audio\/mpeg\" src=\"https:\/\/www.radiopiu.net\/wordpress\/wp-content\/uploads\/2024\/01\/SIBI-4.mp3?_=19\" \/><a href=\"https:\/\/www.radiopiu.net\/wordpress\/wp-content\/uploads\/2024\/01\/SIBI-4.mp3\">https:\/\/www.radiopiu.net\/wordpress\/wp-content\/uploads\/2024\/01\/SIBI-4.mp3<\/a><\/audio>\n<p>&nbsp;<\/p>\n<h2>LA RACCOLTA COMPLETA <a href=\"https:\/\/www.radiopiu.net\/wordpress\/alle-nove-oggi-come-ieri-di-e-con-silvia-baldo\/\">CLICCA QUI<\/a><\/h2>\n<p>&nbsp;<\/p>\n<p>&nbsp;<\/p>\n<hr \/>\n<p>&nbsp;<\/p>\n<h2><span style=\"color: #808000;\">PERITI MINERARI DALL\u2019AGORDINO AL MONDO<\/span><\/h2>\n<p><strong>REDAZIONE<\/strong> Continua la serie di racconti con i periti minerari agordini. Nelle prossime due puntate la storia di Albino Romanel. I racconti dei periti minerari agordini che hanno lavorato nel mondo, ogni luned\u00ec alle 10:30 e alle 19 su Radio Pi\u00f9.<\/p>\n<p><iframe loading=\"lazy\" title=\"ALBINO ROMANEL\" width=\"1200\" height=\"675\" src=\"https:\/\/www.youtube.com\/embed\/vlkoA_kXuOE?list=PLTayghLuhCv6CeM8v3Bpv_mWeo1emp3wq\" frameborder=\"0\" allow=\"accelerometer; autoplay; clipboard-write; encrypted-media; gyroscope; picture-in-picture; web-share\" allowfullscreen><\/iframe><\/p>\n<p>&nbsp;<\/p>\n<h2><strong>LA RACCOLTA COMPLETA <a href=\"https:\/\/www.radiopiu.net\/wordpress\/periti-minerari-dallagordino-al-mondo\/\">CLICCA QUI<\/a><\/strong><\/h2>\n<p>&nbsp;<\/p>\n<p>&nbsp;<\/p>\n<hr \/>\n<p>&nbsp;<\/p>\n<h2><span style=\"color: #ff0000;\">CIAK SI GIRA, IL PROGRAMMA DI PAOLA LANCIATO<\/span><\/h2>\n<p><strong><a class=\"dt-pswp-item\" href=\"https:\/\/www.radiopiu.net\/wordpress\/wp-content\/uploads\/2024\/03\/immpg2.jpg\" data-dt-img-description=\"\" data-large_image_width=\"150\" data-large_image_height=\"219\"><img loading=\"lazy\" decoding=\"async\" class=\" wp-image-378680 alignleft\" src=\"https:\/\/www.radiopiu.net\/wordpress\/wp-content\/uploads\/2024\/03\/immpg2.jpg\" alt=\"\" width=\"101\" height=\"147\" \/><\/a>PUNTATA 11, TOP GUN<\/strong><\/p>\n<audio class=\"wp-audio-shortcode\" id=\"audio-378654-20\" preload=\"none\" style=\"width: 100%;\" controls=\"controls\"><source type=\"audio\/mpeg\" src=\"https:\/\/www.radiopiu.net\/wordpress\/wp-content\/uploads\/2024\/03\/CIAK1-2.mp3?_=20\" \/><a href=\"https:\/\/www.radiopiu.net\/wordpress\/wp-content\/uploads\/2024\/03\/CIAK1-2.mp3\">https:\/\/www.radiopiu.net\/wordpress\/wp-content\/uploads\/2024\/03\/CIAK1-2.mp3<\/a><\/audio>\n<p>&nbsp;<\/p>\n<h2>LA RACCOLTA COMPLETA <a href=\"https:\/\/www.radiopiu.net\/wordpress\/ciak24\/\">CLICCA QUI<\/a><\/h2>\n<p>&nbsp;<\/p>\n<p>&nbsp;<\/p>\n<hr \/>\n<p>&nbsp;<\/p>\n<h2><span style=\"color: #ff9900;\">CINE HITS, ALLA SCOPERTA DELLE COLONNE SONORE<\/span><\/h2>\n<p>Nuovo appuntamento su Radio Pi\u00f9. CINE HITS \u00e8 il nuovo programma di Aldo Brigadoi. Un appuntamento a cadenza bi settimanale per scoprire le pi\u00f9 belle colonne sonore dei film.<\/p>\n<p><strong><a class=\"dt-pswp-item\" href=\"https:\/\/www.radiopiu.net\/wordpress\/wp-content\/uploads\/2024\/03\/VACANZE-NATALE-1983.jpg\" data-dt-img-description=\"\" data-large_image_width=\"1066\" data-large_image_height=\"1600\"><img loading=\"lazy\" decoding=\"async\" class=\" wp-image-378690 alignleft\" src=\"https:\/\/www.radiopiu.net\/wordpress\/wp-content\/uploads\/2024\/03\/VACANZE-NATALE-1983-200x300.jpg\" alt=\"\" width=\"83\" height=\"125\" srcset=\"https:\/\/www.radiopiu.net\/wordpress\/wp-content\/uploads\/2024\/03\/VACANZE-NATALE-1983-200x300.jpg 200w, https:\/\/www.radiopiu.net\/wordpress\/wp-content\/uploads\/2024\/03\/VACANZE-NATALE-1983-682x1024.jpg 682w, https:\/\/www.radiopiu.net\/wordpress\/wp-content\/uploads\/2024\/03\/VACANZE-NATALE-1983-768x1153.jpg 768w, https:\/\/www.radiopiu.net\/wordpress\/wp-content\/uploads\/2024\/03\/VACANZE-NATALE-1983-1023x1536.jpg 1023w, https:\/\/www.radiopiu.net\/wordpress\/wp-content\/uploads\/2024\/03\/VACANZE-NATALE-1983.jpg 1066w\" sizes=\"auto, (max-width: 83px) 100vw, 83px\" \/><\/a>PUNTATA 01 &#8211; 11 MARZO 2024 &#8211; VACANZE DI NATALE 1983<\/strong><\/p>\n<audio class=\"wp-audio-shortcode\" id=\"audio-378654-21\" preload=\"none\" style=\"width: 100%;\" controls=\"controls\"><source type=\"audio\/mpeg\" src=\"https:\/\/www.radiopiu.net\/wordpress\/wp-content\/uploads\/2024\/03\/CINE1.mp3?_=21\" \/><a href=\"https:\/\/www.radiopiu.net\/wordpress\/wp-content\/uploads\/2024\/03\/CINE1.mp3\">https:\/\/www.radiopiu.net\/wordpress\/wp-content\/uploads\/2024\/03\/CINE1.mp3<\/a><\/audio>\n<p>&nbsp;<\/p>\n<hr \/>\n<p>&nbsp;<\/p>\n<h2><span style=\"color: #3366ff;\">SALUTE E SOCIETA&#8217;<\/span><\/h2>\n<p><strong><a class=\"dt-pswp-item\" href=\"https:\/\/www.radiopiu.net\/wordpress\/wp-content\/uploads\/2024\/03\/mast-24.png\" data-dt-img-description=\"\" data-large_image_width=\"800\" data-large_image_height=\"416\"><img loading=\"lazy\" decoding=\"async\" class=\" wp-image-378661 alignleft\" src=\"https:\/\/www.radiopiu.net\/wordpress\/wp-content\/uploads\/2024\/03\/mast-24-300x156.png\" alt=\"\" width=\"204\" height=\"106\" srcset=\"https:\/\/www.radiopiu.net\/wordpress\/wp-content\/uploads\/2024\/03\/mast-24-300x156.png 300w, https:\/\/www.radiopiu.net\/wordpress\/wp-content\/uploads\/2024\/03\/mast-24-768x399.png 768w, https:\/\/www.radiopiu.net\/wordpress\/wp-content\/uploads\/2024\/03\/mast-24.png 800w\" sizes=\"auto, (max-width: 204px) 100vw, 204px\" \/><\/a>PUNTATA DEL 11 MARZO 2024<\/strong><\/p>\n<p><strong>Mastocitosi sistemica <\/strong>Un cambio di traiettoria nel trattamento della mastocitosi sistemica, malattia rara, grave ed eterogenea, complessa da diagnosticare. Si \u00e8 svolto a Napoli l\u2019evento organizzato da Blueprint Medicines \u201cguidare il cambiamento per costruire il futuro della mastocitosi sistemica\u201d <strong>Rilevazione della glicemia<\/strong>\u00a0 Grazie allo sviluppo tecnologico, nell\u2019ultimo decennio si sono resi disponibili dispositivi che consentono di rilevare la glicemia 24 ore al giorno e 7 giorni alla settimana. \u00e8 fondamentale per il diabetologo saper scegliere quello pi\u00f9 adatto al proprio paziente<\/p>\n<audio class=\"wp-audio-shortcode\" id=\"audio-378654-22\" preload=\"none\" style=\"width: 100%;\" controls=\"controls\"><source type=\"audio\/mpeg\" src=\"https:\/\/www.radiopiu.net\/wordpress\/wp-content\/uploads\/2024\/03\/cs_240311.mp3?_=22\" \/><a href=\"https:\/\/www.radiopiu.net\/wordpress\/wp-content\/uploads\/2024\/03\/cs_240311.mp3\">https:\/\/www.radiopiu.net\/wordpress\/wp-content\/uploads\/2024\/03\/cs_240311.mp3<\/a><\/audio>\n<p>&nbsp;<\/p>\n<hr \/>\n<p>&nbsp;<\/p>\n<h2><span style=\"color: #800080;\">I RACCONTI DI PAOLO SOPPELSA<\/span><\/h2>\n<p><strong>LA SOLITUDINE DELLA CIMA<\/strong><\/p>\n<p><strong>AUDIO<\/strong><\/p>\n<audio class=\"wp-audio-shortcode\" id=\"audio-378654-23\" preload=\"none\" style=\"width: 100%;\" controls=\"controls\"><source type=\"audio\/mpeg\" src=\"https:\/\/www.radiopiu.net\/wordpress\/wp-content\/uploads\/2024\/03\/PAOLOS-1.mp3?_=23\" \/><a href=\"https:\/\/www.radiopiu.net\/wordpress\/wp-content\/uploads\/2024\/03\/PAOLOS-1.mp3\">https:\/\/www.radiopiu.net\/wordpress\/wp-content\/uploads\/2024\/03\/PAOLOS-1.mp3<\/a><\/audio>\n<p>&nbsp;<\/p>\n<p><a class=\"dt-pswp-item\" href=\"https:\/\/www.radiopiu.net\/wordpress\/wp-content\/uploads\/2024\/03\/04e5de67-f36c-4e38-abde-eb12e55925a1.jpg\" data-dt-img-description=\"\" data-large_image_width=\"1080\" data-large_image_height=\"810\"><img loading=\"lazy\" decoding=\"async\" class=\" wp-image-378452 alignleft\" src=\"https:\/\/www.radiopiu.net\/wordpress\/wp-content\/uploads\/2024\/03\/04e5de67-f36c-4e38-abde-eb12e55925a1-300x225.jpg\" alt=\"\" width=\"212\" height=\"159\" srcset=\"https:\/\/www.radiopiu.net\/wordpress\/wp-content\/uploads\/2024\/03\/04e5de67-f36c-4e38-abde-eb12e55925a1-300x225.jpg 300w, https:\/\/www.radiopiu.net\/wordpress\/wp-content\/uploads\/2024\/03\/04e5de67-f36c-4e38-abde-eb12e55925a1-1024x768.jpg 1024w, https:\/\/www.radiopiu.net\/wordpress\/wp-content\/uploads\/2024\/03\/04e5de67-f36c-4e38-abde-eb12e55925a1-768x576.jpg 768w, https:\/\/www.radiopiu.net\/wordpress\/wp-content\/uploads\/2024\/03\/04e5de67-f36c-4e38-abde-eb12e55925a1.jpg 1080w\" sizes=\"auto, (max-width: 212px) 100vw, 212px\" \/><\/a>Un anonimo giorno, di un secco inizio marzo avaro di sole e ricco di tinte grigie che coprivano il cielo e intristivano l&#8217;anima. Una montagna da salire come accaduto tante altre volte in passato, camminando da solo, come poche altre volte, accompagnato dall&#8217;atmosfera malinconica propria di quel tempo indecifrabile che sempre offre il mese volubile. Era erba secca, addormentata e scura, quella che trovai appena imboccato il sentiero che conduce sulla vetta del monte Serva. Terra arida, prati asciutti che attendevano la prima pioggia di una primavera che ancora appariva infinitamente lontana, e lass\u00f9, a circa met\u00e0 montagna, la neve. Il passo lento, il vento freddo che soffiava a raffiche, l&#8217;immobilit\u00e0 di un tempo sospeso fra due stagioni, una incapace di nascere e l&#8217;altra di morire. Il silenzio, l&#8217;erba ghiacciata e poi una sorta di perentoria riga tirata con precisione sul pendio del monte. Eccolo l&#8217;inverno, ecco la neve che tutto ricopre. Dapprima crostosa e tenace, invecchiata e rugosa, poi compatta e lucida, lavorata da gelo e disgelo. Un centinaio di metri di dislivello e poi la casera silente. Niente richiami del pastore che d&#8217;estate governa le greggi, niente belare allegro delle pecore che vagano negli immensi prati. Niente ragliare di asini e vociare di escursionisti, solamente il silenzio di cui \u00e8 capace la montagna. Un&#8217;ora circa per approdare in vetta, procedendo lentamente e a volte battendo i piedi per grandinare quella neve levigata e dura come il marmo. Non c&#8217;era nulla di eroico in tutto ci\u00f2, niente lotta con l&#8217;alpe, niente \u201cmontagna assassina\u201dche ti fa salire perch\u00e9 lo vuole lei; che poi le montagne non sono mai assassine, sono montagne e basta. Ad accogliermi lass\u00f9 dove termina il monte e si apre l\u2019austera visione dei dirupati versanti nord, una Croce scarna, essenziale, severa come dovrebbero essere tutte le Croci. In cima solo qualche raffica di vento, le spioventi cornici di neve, una Croce e tanta solitudine, laggi\u00f9, nel mondo di sotto, la piccola citt\u00e0 intenta a vivere una giornata come tante. Il cielo immutabilmente grigio, la Schiara muta come una sfinge incrostata di neve, al centro della Valbelluna il pennacchio di fumo bianco della cartiera di Santa Giustina. E poi ad est il Nevegal con le sue tre lingue di neve stanca e all&#8217;orizzonte la quasi impercettibile riga che segna il confine fra la terra e il mare. Una mezz&#8217;ora trascorsa accanto alla Croce vivendo appieno la solitudine della cima, scattando qualche foto e a volte parlando da solo per farmi compagnia mentre intorno regnava l&#8217;inverno. In quei momenti, le dita arrossate raccontavano di quella stagione dei silenzi che a quota 2133 non accennava a sfumare. Era ancora il tempo del gelo e di quel vento bastardo di marzo che mi aveva tenuto compagnia per tutte quelle ore, era il tempo di lasciare la cima e iniziare la discesa. Ad ogni passo guadagnavo calore, ad ogni passo guadagnavo uno spicchio di quasi primavera. Un&#8217;ora e mezza per ritornare alla normalit\u00e0 di ogni giorno, lasciando lass\u00f9 l&#8217;inverno con il suo vento d&#8217;inizio marzo che accarezzava la neve.<\/p>\n<p>&nbsp;<\/p>\n<hr \/>\n<p>&nbsp;<\/p>\n<p>&nbsp;<\/p>\n<h2><span style=\"color: #ff0000;\"><a class=\"dt-pswp-item\" href=\"https:\/\/www.radiopiu.net\/wordpress\/wp-content\/uploads\/2018\/09\/appuntamenti.jpeg\" data-dt-img-description=\"\" data-large_image_width=\"800\" data-large_image_height=\"100\"><img loading=\"lazy\" decoding=\"async\" class=\"wp-image-61958 size-full aligncenter\" src=\"https:\/\/www.radiopiu.net\/wordpress\/wp-content\/uploads\/2018\/09\/appuntamenti.jpeg\" alt=\"\" width=\"800\" height=\"100\" srcset=\"https:\/\/www.radiopiu.net\/wordpress\/wp-content\/uploads\/2018\/09\/appuntamenti.jpeg 800w, https:\/\/www.radiopiu.net\/wordpress\/wp-content\/uploads\/2018\/09\/appuntamenti-300x38.jpeg 300w, https:\/\/www.radiopiu.net\/wordpress\/wp-content\/uploads\/2018\/09\/appuntamenti-768x96.jpeg 768w\" sizes=\"auto, (max-width: 800px) 100vw, 800px\" \/><\/a><\/span><\/h2>\n<p><strong><a class=\"dt-pswp-item\" href=\"https:\/\/www.radiopiu.net\/wordpress\/wp-content\/uploads\/2024\/03\/88740779-c8c7-4177-a48e-ff9dd7086b4e.jpg\" data-dt-img-description=\"\" data-large_image_width=\"1066\" data-large_image_height=\"1600\"><img loading=\"lazy\" decoding=\"async\" class=\" wp-image-378714 alignleft\" src=\"https:\/\/www.radiopiu.net\/wordpress\/wp-content\/uploads\/2024\/03\/88740779-c8c7-4177-a48e-ff9dd7086b4e-200x300.jpg\" alt=\"\" width=\"84\" height=\"126\" srcset=\"https:\/\/www.radiopiu.net\/wordpress\/wp-content\/uploads\/2024\/03\/88740779-c8c7-4177-a48e-ff9dd7086b4e-200x300.jpg 200w, https:\/\/www.radiopiu.net\/wordpress\/wp-content\/uploads\/2024\/03\/88740779-c8c7-4177-a48e-ff9dd7086b4e-682x1024.jpg 682w, https:\/\/www.radiopiu.net\/wordpress\/wp-content\/uploads\/2024\/03\/88740779-c8c7-4177-a48e-ff9dd7086b4e-768x1153.jpg 768w, https:\/\/www.radiopiu.net\/wordpress\/wp-content\/uploads\/2024\/03\/88740779-c8c7-4177-a48e-ff9dd7086b4e-1023x1536.jpg 1023w, https:\/\/www.radiopiu.net\/wordpress\/wp-content\/uploads\/2024\/03\/88740779-c8c7-4177-a48e-ff9dd7086b4e.jpg 1066w\" sizes=\"auto, (max-width: 84px) 100vw, 84px\" \/><\/a>FELTRE<\/strong> Il primo appuntamento, &#8220;Il Piacere di Essere&#8221;, oggi alle 20:30, tratter\u00e0 l&#8217;ABC del benessere, il potere dell&#8217;inizio, piccole azioni quotidiane e fornir\u00e0 strumenti personalizzabili. L&#8217;ingresso \u00e8 gratuito su prenotazione, con regali per i partecipanti e posti limitati. Prenota il tuo posto Scrivendo in whatsapp Chiara 3491027960, Samanta 3476615722<\/p>\n<audio class=\"wp-audio-shortcode\" id=\"audio-378654-24\" preload=\"none\" style=\"width: 100%;\" controls=\"controls\"><source type=\"audio\/mpeg\" src=\"https:\/\/www.radiopiu.net\/wordpress\/wp-content\/uploads\/2024\/03\/piacere-di-essere.mp3?_=24\" \/><a href=\"https:\/\/www.radiopiu.net\/wordpress\/wp-content\/uploads\/2024\/03\/piacere-di-essere.mp3\">https:\/\/www.radiopiu.net\/wordpress\/wp-content\/uploads\/2024\/03\/piacere-di-essere.mp3<\/a><\/audio>\n<p>&nbsp;<\/p>\n<p><strong>LIMANA<\/strong> Secondo appuntamento alla biblioteca di Limana con la rassegna &#8220;Assaggi di libri&#8221;. Venerd\u00ec alle 20:30 la presentazione del libro &#8220;Echi Oltre Le Mura&#8221;.<\/p>\n<p><strong>SABATO 16 MARZO Appuntamenti presso il Centro Astronomico di Arson<\/strong><strong style=\"font-size: 14px;\">: Luna alta risoluzione<\/strong><span style=\"font-size: 14px; font-weight: normal;\"> L&#8217;evento offre un&#8217;opportunit\u00e0 per osservare la Luna in dettaglio, con la possibilit\u00e0 di ammirare crateri, mari e altri dettagli attraverso telescopi e una camera planetaria. In caso di maltempo, verranno mostrati video e immagini delle regioni lunari. <\/span><span style=\"color: #000000;\">Ingresso 5 \u20ac, gratuito per soci e bambini fino a 11 anni. La prenotazione non \u00e8 necessaria.<\/span><\/p>\n<div>\n<div class=\"\" dir=\"auto\">\n<div id=\":r9h:\" class=\"x1iorvi4 x1pi30zi x1l90r2v x1swvt13\" data-ad-comet-preview=\"message\" data-ad-preview=\"message\">\n<div class=\"x78zum5 xdt5ytf xz62fqu x16ldp7u\">\n<div class=\"xu06os2 x1ok221b\">\n<p><strong>BELLUNO\u00a0<\/strong>Sabato con inizio alle 20 si terr\u00e0 nella Sala del Centro Congressi Giovanni XXIII\u00b0 di Belluno la conferenza organizzata dalla Associazione ContiamoCi!, coordinamento provinciale di Belluno dal titolo &#8220;Oltre il buio dell&#8217;ipocrisia&#8230;.&#8221;.<\/p>\n<p><strong>BELLUNO<\/strong> Il CTG organizza la &#8220;Camminata di Primavera&#8221; domenica 17 marzo. Il percorso ad anello di circa 2 km e 100 metri di dislivello si svolger\u00e0 a Salce, localit\u00e0 di grande bellezza paesaggistica. Raccomandate calzature adatte. La passeggiata, limitata a 25 partecipanti, inizia alle 14:30 dal parcheggio pubblico vicino al Consorzio Agrario Provinciale. Al termine, alle 17:30, si terr\u00e0 una messa presso la chiesa di S. Pietro, seguita da un rinfresco. La prenotazione \u00e8 obbligatoria, contattando il CTG al numero 0437 950075<\/p>\n<h2><span style=\"color: #ff0000;\">PROSSIMAMENTE&#8230;<\/span><\/h2>\n<\/div>\n<\/div>\n<\/div>\n<\/div>\n<\/div>\n<blockquote>\n<div class=\"\" dir=\"auto\">\n<div id=\":r9h:\" class=\"x1iorvi4 x1pi30zi x1l90r2v x1swvt13\" data-ad-comet-preview=\"message\" data-ad-preview=\"message\">\n<div class=\"x78zum5 xdt5ytf xz62fqu x16ldp7u\">\n<p>&nbsp;<\/p>\n<\/div>\n<\/div>\n<\/div>\n<\/blockquote>\n<blockquote>\n<div class=\"\" dir=\"auto\">\n<div id=\":r9h:\" class=\"x1iorvi4 x1pi30zi x1l90r2v x1swvt13\" data-ad-comet-preview=\"message\" data-ad-preview=\"message\">\n<div class=\"x78zum5 xdt5ytf xz62fqu x16ldp7u\">\n<div class=\"xu06os2 x1ok221b\">\n<h3 dir=\"auto\"><\/h3>\n<h3 dir=\"auto\"><a class=\"dt-pswp-item\" href=\"https:\/\/www.radiopiu.net\/wordpress\/wp-content\/uploads\/2024\/03\/431799071_3701462953469797_3407377256265811588_n.jpg\" data-dt-img-description=\"\" data-large_image_width=\"512\" data-large_image_height=\"640\"><img loading=\"lazy\" decoding=\"async\" class=\"size-medium wp-image-378141 alignleft\" src=\"https:\/\/www.radiopiu.net\/wordpress\/wp-content\/uploads\/2024\/03\/431799071_3701462953469797_3407377256265811588_n-240x300.jpg\" alt=\"\" width=\"240\" height=\"300\" srcset=\"https:\/\/www.radiopiu.net\/wordpress\/wp-content\/uploads\/2024\/03\/431799071_3701462953469797_3407377256265811588_n-240x300.jpg 240w, https:\/\/www.radiopiu.net\/wordpress\/wp-content\/uploads\/2024\/03\/431799071_3701462953469797_3407377256265811588_n.jpg 512w\" sizes=\"auto, (max-width: 240px) 100vw, 240px\" \/><\/a>7 APRILE, LARESEI! SAVE THE DATE FESTIVAL &#8220;ULTIMISSIME&#8221;<\/h3>\n<\/div>\n<\/div>\n<\/div>\n<\/div>\n<\/blockquote>\n<div>\n<div class=\"\" dir=\"auto\">\n<div id=\":r9h:\" class=\"x1iorvi4 x1pi30zi x1l90r2v x1swvt13\" data-ad-comet-preview=\"message\" data-ad-preview=\"message\">\n<p>CON CAROLINA MARQUEZ, MASSIMILIANO OSSINI, CAMILLA RONCHI, ICE MC,\u00a0\u00a0\u00a0 NATHALIE AARTS, ALIEN CUT\u00a0 E SATURNINO<\/p>\n<p>Acquista il tuo biglietto d&#8217;ingresso al link: www.ciaotickets.com \u00a0 save-the-date-festival 7 APRILE RIFUGIO LARESEI<br \/>\nSKI AREA SAN PELLEGRINO-FALCADE<\/p>\n<p>&nbsp;<\/p>\n\n\t\t\t<style type='text\/css'>\n\t\t\t\t#gallery-4 {\n\t\t\t\t\tmargin: auto;\n\t\t\t\t}\n\t\t\t\t#gallery-4 .gallery-item {\n\t\t\t\t\tfloat: left;\n\t\t\t\t\tmargin-top: 10px;\n\t\t\t\t\ttext-align: center;\n\t\t\t\t\twidth: 25%;\n\t\t\t\t}\n\t\t\t\t#gallery-4 img {\n\t\t\t\t\tborder: 2px solid #cfcfcf;\n\t\t\t\t}\n\t\t\t\t#gallery-4 .gallery-caption {\n\t\t\t\t\tmargin-left: 0;\n\t\t\t\t}\n\t\t\t\t\/* see gallery_shortcode() in wp-includes\/media.php *\/\n\t\t\t<\/style>\n\t\t<div id='gallery-4' class='dt-gallery-container gallery galleryid-378654 gallery-columns-4 gallery-size-medium'><dl class='gallery-item'>\n\t\t\t\t<dt class='gallery-icon portrait'>\n\t\t\t\t\t<a class=\"rollover rollover-zoom dt-pswp-item\" title=\"SCR-20240306-qmql\" data-dt-img-description=\"\" data-large_image_width=\"1182\" data-large_image_height=\"1192\"href='https:\/\/www.radiopiu.net\/wordpress\/wp-content\/uploads\/2024\/03\/SCR-20240306-qmql.jpeg'><img loading=\"lazy\" decoding=\"async\" width=\"297\" height=\"300\" src=\"https:\/\/www.radiopiu.net\/wordpress\/wp-content\/uploads\/2024\/03\/SCR-20240306-qmql-297x300.jpeg\" class=\"attachment-medium size-medium\" alt=\"\" srcset=\"https:\/\/www.radiopiu.net\/wordpress\/wp-content\/uploads\/2024\/03\/SCR-20240306-qmql-297x300.jpeg 297w, https:\/\/www.radiopiu.net\/wordpress\/wp-content\/uploads\/2024\/03\/SCR-20240306-qmql-1015x1024.jpeg 1015w, https:\/\/www.radiopiu.net\/wordpress\/wp-content\/uploads\/2024\/03\/SCR-20240306-qmql-768x774.jpeg 768w, https:\/\/www.radiopiu.net\/wordpress\/wp-content\/uploads\/2024\/03\/SCR-20240306-qmql.jpeg 1182w\" sizes=\"auto, (max-width: 297px) 100vw, 297px\" \/><\/a>\n\t\t\t\t<\/dt><\/dl><dl class='gallery-item'>\n\t\t\t\t<dt class='gallery-icon landscape'>\n\t\t\t\t\t<a class=\"rollover rollover-zoom dt-pswp-item\" title=\"download\" data-dt-img-description=\"\" data-large_image_width=\"316\" data-large_image_height=\"315\"href='https:\/\/www.radiopiu.net\/wordpress\/wp-content\/uploads\/2024\/03\/download.jpg'><img loading=\"lazy\" decoding=\"async\" width=\"300\" height=\"300\" src=\"https:\/\/www.radiopiu.net\/wordpress\/wp-content\/uploads\/2024\/03\/download-300x300.jpg\" class=\"attachment-medium size-medium\" alt=\"\" srcset=\"https:\/\/www.radiopiu.net\/wordpress\/wp-content\/uploads\/2024\/03\/download-300x300.jpg 300w, https:\/\/www.radiopiu.net\/wordpress\/wp-content\/uploads\/2024\/03\/download-150x150.jpg 150w, https:\/\/www.radiopiu.net\/wordpress\/wp-content\/uploads\/2024\/03\/download.jpg 316w\" sizes=\"auto, (max-width: 300px) 100vw, 300px\" \/><\/a>\n\t\t\t\t<\/dt><\/dl><dl class='gallery-item'>\n\t\t\t\t<dt class='gallery-icon landscape'>\n\t\t\t\t\t<a class=\"rollover rollover-zoom dt-pswp-item\" title=\"download\" data-dt-img-description=\"\" data-large_image_width=\"640\" data-large_image_height=\"639\"href='https:\/\/www.radiopiu.net\/wordpress\/wp-content\/uploads\/2024\/02\/download-6.jpg'><img loading=\"lazy\" decoding=\"async\" width=\"300\" height=\"300\" src=\"https:\/\/www.radiopiu.net\/wordpress\/wp-content\/uploads\/2024\/02\/download-6-300x300.jpg\" class=\"attachment-medium size-medium\" alt=\"\" srcset=\"https:\/\/www.radiopiu.net\/wordpress\/wp-content\/uploads\/2024\/02\/download-6-300x300.jpg 300w, https:\/\/www.radiopiu.net\/wordpress\/wp-content\/uploads\/2024\/02\/download-6-150x150.jpg 150w, https:\/\/www.radiopiu.net\/wordpress\/wp-content\/uploads\/2024\/02\/download-6.jpg 640w\" sizes=\"auto, (max-width: 300px) 100vw, 300px\" \/><\/a>\n\t\t\t\t<\/dt><\/dl><dl class='gallery-item'>\n\t\t\t\t<dt class='gallery-icon landscape'>\n\t\t\t\t\t<a class=\"rollover rollover-zoom dt-pswp-item\" title=\"Senza nome\" data-dt-img-description=\"\" data-large_image_width=\"566\" data-large_image_height=\"463\"href='https:\/\/www.radiopiu.net\/wordpress\/wp-content\/uploads\/2024\/03\/Senza-nome-4.png'><img loading=\"lazy\" decoding=\"async\" width=\"300\" height=\"245\" src=\"https:\/\/www.radiopiu.net\/wordpress\/wp-content\/uploads\/2024\/03\/Senza-nome-4-300x245.png\" class=\"attachment-medium size-medium\" alt=\"\" srcset=\"https:\/\/www.radiopiu.net\/wordpress\/wp-content\/uploads\/2024\/03\/Senza-nome-4-300x245.png 300w, https:\/\/www.radiopiu.net\/wordpress\/wp-content\/uploads\/2024\/03\/Senza-nome-4.png 566w\" sizes=\"auto, (max-width: 300px) 100vw, 300px\" \/><\/a>\n\t\t\t\t<\/dt><\/dl><br style=\"clear: both\" \/><dl class='gallery-item'>\n\t\t\t\t<dt class='gallery-icon landscape'>\n\t\t\t\t\t<a class=\"rollover rollover-zoom dt-pswp-item\" title=\"download\" data-dt-img-description=\"\" data-large_image_width=\"640\" data-large_image_height=\"639\"href='https:\/\/www.radiopiu.net\/wordpress\/wp-content\/uploads\/2024\/02\/download-5.jpg'><img loading=\"lazy\" decoding=\"async\" width=\"300\" height=\"300\" src=\"https:\/\/www.radiopiu.net\/wordpress\/wp-content\/uploads\/2024\/02\/download-5-300x300.jpg\" class=\"attachment-medium size-medium\" alt=\"\" srcset=\"https:\/\/www.radiopiu.net\/wordpress\/wp-content\/uploads\/2024\/02\/download-5-300x300.jpg 300w, https:\/\/www.radiopiu.net\/wordpress\/wp-content\/uploads\/2024\/02\/download-5-150x150.jpg 150w, https:\/\/www.radiopiu.net\/wordpress\/wp-content\/uploads\/2024\/02\/download-5.jpg 640w\" sizes=\"auto, (max-width: 300px) 100vw, 300px\" \/><\/a>\n\t\t\t\t<\/dt><\/dl><dl class='gallery-item'>\n\t\t\t\t<dt class='gallery-icon landscape'>\n\t\t\t\t\t<a class=\"rollover rollover-zoom dt-pswp-item\" title=\"Senza nome\" data-dt-img-description=\"\" data-large_image_width=\"415\" data-large_image_height=\"390\"href='https:\/\/www.radiopiu.net\/wordpress\/wp-content\/uploads\/2024\/03\/Senza-nome-10.png'><img loading=\"lazy\" decoding=\"async\" width=\"300\" height=\"282\" src=\"https:\/\/www.radiopiu.net\/wordpress\/wp-content\/uploads\/2024\/03\/Senza-nome-10-300x282.png\" class=\"attachment-medium size-medium\" alt=\"\" srcset=\"https:\/\/www.radiopiu.net\/wordpress\/wp-content\/uploads\/2024\/03\/Senza-nome-10-300x282.png 300w, https:\/\/www.radiopiu.net\/wordpress\/wp-content\/uploads\/2024\/03\/Senza-nome-10.png 415w\" sizes=\"auto, (max-width: 300px) 100vw, 300px\" \/><\/a>\n\t\t\t\t<\/dt><\/dl><dl class='gallery-item'>\n\t\t\t\t<dt class='gallery-icon landscape'>\n\t\t\t\t\t<a class=\"rollover rollover-zoom dt-pswp-item\" title=\"19c21029-a0ef-4986-8081-9facbbbce065\" data-dt-img-description=\"\" data-large_image_width=\"1080\" data-large_image_height=\"1080\"href='https:\/\/www.radiopiu.net\/wordpress\/wp-content\/uploads\/2024\/02\/19c21029-a0ef-4986-8081-9facbbbce065.jpg'><img loading=\"lazy\" decoding=\"async\" width=\"300\" height=\"300\" src=\"https:\/\/www.radiopiu.net\/wordpress\/wp-content\/uploads\/2024\/02\/19c21029-a0ef-4986-8081-9facbbbce065-300x300.jpg\" class=\"attachment-medium size-medium\" alt=\"\" srcset=\"https:\/\/www.radiopiu.net\/wordpress\/wp-content\/uploads\/2024\/02\/19c21029-a0ef-4986-8081-9facbbbce065-300x300.jpg 300w, https:\/\/www.radiopiu.net\/wordpress\/wp-content\/uploads\/2024\/02\/19c21029-a0ef-4986-8081-9facbbbce065-1024x1024.jpg 1024w, https:\/\/www.radiopiu.net\/wordpress\/wp-content\/uploads\/2024\/02\/19c21029-a0ef-4986-8081-9facbbbce065-150x150.jpg 150w, https:\/\/www.radiopiu.net\/wordpress\/wp-content\/uploads\/2024\/02\/19c21029-a0ef-4986-8081-9facbbbce065-768x768.jpg 768w, https:\/\/www.radiopiu.net\/wordpress\/wp-content\/uploads\/2024\/02\/19c21029-a0ef-4986-8081-9facbbbce065.jpg 1080w\" sizes=\"auto, (max-width: 300px) 100vw, 300px\" \/><\/a>\n\t\t\t\t<\/dt><\/dl><dl class='gallery-item'>\n\t\t\t\t<dt class='gallery-icon landscape'>\n\t\t\t\t\t<a class=\"rollover rollover-zoom dt-pswp-item\" title=\"428458808_122124610286160269_8403615925720421881_n\" data-dt-img-description=\"\" data-large_image_width=\"526\" data-large_image_height=\"526\"href='https:\/\/www.radiopiu.net\/wordpress\/wp-content\/uploads\/2024\/02\/428458808_122124610286160269_8403615925720421881_n.jpg'><img loading=\"lazy\" decoding=\"async\" width=\"300\" height=\"300\" src=\"https:\/\/www.radiopiu.net\/wordpress\/wp-content\/uploads\/2024\/02\/428458808_122124610286160269_8403615925720421881_n-300x300.jpg\" class=\"attachment-medium size-medium\" alt=\"\" srcset=\"https:\/\/www.radiopiu.net\/wordpress\/wp-content\/uploads\/2024\/02\/428458808_122124610286160269_8403615925720421881_n-300x300.jpg 300w, https:\/\/www.radiopiu.net\/wordpress\/wp-content\/uploads\/2024\/02\/428458808_122124610286160269_8403615925720421881_n-150x150.jpg 150w, https:\/\/www.radiopiu.net\/wordpress\/wp-content\/uploads\/2024\/02\/428458808_122124610286160269_8403615925720421881_n.jpg 526w\" sizes=\"auto, (max-width: 300px) 100vw, 300px\" \/><\/a>\n\t\t\t\t<\/dt><\/dl><br style=\"clear: both\" \/>\n\t\t\t<\/div>\n\n<\/div>\n<\/div>\n<\/div>\n<blockquote>\n<div>\n<div class=\"\" dir=\"auto\">\n<div id=\":r9h:\" class=\"x1iorvi4 x1pi30zi x1l90r2v x1swvt13\" data-ad-comet-preview=\"message\" data-ad-preview=\"message\">\n<div class=\"x78zum5 xdt5ytf xz62fqu x16ldp7u\">\n<div class=\"xu06os2 x1ok221b\">\n<div dir=\"auto\"><\/div>\n<\/div>\n<\/div>\n<\/div>\n<\/div>\n<\/div>\n<\/blockquote>\n<p>&nbsp;<\/p>\n<p>&nbsp;<\/p>\n<hr \/>\n<p>&nbsp;<\/p>\n<p><a class=\"dt-pswp-item\" href=\"https:\/\/www.radiopiu.net\/wordpress\/wp-content\/uploads\/2018\/09\/viabilita.jpeg\" data-dt-img-description=\"\" data-large_image_width=\"800\" data-large_image_height=\"100\"><img loading=\"lazy\" decoding=\"async\" class=\"aligncenter wp-image-61954 size-full\" src=\"https:\/\/www.radiopiu.net\/wordpress\/wp-content\/uploads\/2018\/09\/viabilita.jpeg\" alt=\"\" width=\"800\" height=\"100\" srcset=\"https:\/\/www.radiopiu.net\/wordpress\/wp-content\/uploads\/2018\/09\/viabilita.jpeg 800w, https:\/\/www.radiopiu.net\/wordpress\/wp-content\/uploads\/2018\/09\/viabilita-300x38.jpeg 300w, https:\/\/www.radiopiu.net\/wordpress\/wp-content\/uploads\/2018\/09\/viabilita-768x96.jpeg 768w\" sizes=\"auto, (max-width: 800px) 100vw, 800px\" \/><\/a><\/p>\n<p>&nbsp;<\/p>\n<p><a class=\"dt-pswp-item\" href=\"https:\/\/www.radiopiu.net\/wordpress\/wp-content\/uploads\/2023\/12\/botol-car-service.jpg\" data-dt-img-description=\"\" data-large_image_width=\"600\" data-large_image_height=\"600\"><img loading=\"lazy\" decoding=\"async\" class=\"size-medium wp-image-367044 aligncenter\" src=\"https:\/\/www.radiopiu.net\/wordpress\/wp-content\/uploads\/2023\/12\/botol-car-service-300x300.jpg\" alt=\"\" width=\"300\" height=\"300\" srcset=\"https:\/\/www.radiopiu.net\/wordpress\/wp-content\/uploads\/2023\/12\/botol-car-service-300x300.jpg 300w, https:\/\/www.radiopiu.net\/wordpress\/wp-content\/uploads\/2023\/12\/botol-car-service-150x150.jpg 150w, https:\/\/www.radiopiu.net\/wordpress\/wp-content\/uploads\/2023\/12\/botol-car-service.jpg 600w\" sizes=\"auto, (max-width: 300px) 100vw, 300px\" \/><\/a><\/p>\n<p>&nbsp;<\/p>\n<blockquote class=\"wp-embedded-content\" data-secret=\"vueVeDN4fX\"><p><a href=\"https:\/\/www.radiopiu.net\/wordpress\/viabilita\/\">viabilita<\/a><\/p><\/blockquote>\n<p><iframe loading=\"lazy\" class=\"wp-embedded-content\" sandbox=\"allow-scripts\" security=\"restricted\" style=\"position: absolute; clip: rect(1px, 1px, 1px, 1px);\" title=\"&#8220;viabilita&#8221; &#8212; Radio Pi\u00f9\" src=\"https:\/\/www.radiopiu.net\/wordpress\/viabilita\/embed\/#?secret=5rIeQNMhSm#?secret=vueVeDN4fX\" data-secret=\"vueVeDN4fX\" width=\"600\" height=\"338\" frameborder=\"0\" marginwidth=\"0\" marginheight=\"0\" scrolling=\"no\"><\/iframe><\/p>\n<p>&nbsp;<\/p>\n<hr \/>\n<p>&nbsp;<\/p>\n<p><a class=\"dt-pswp-item\" href=\"https:\/\/www.radiopiu.net\/wordpress\/wp-content\/uploads\/2018\/09\/WhatsApp-Image-2018-09-20-at-16.04.06.jpeg\" data-dt-img-description=\"\" data-large_image_width=\"800\" data-large_image_height=\"100\"><img loading=\"lazy\" decoding=\"async\" class=\"wp-image-61378 size-full aligncenter\" src=\"https:\/\/www.radiopiu.net\/wordpress\/wp-content\/uploads\/2018\/09\/WhatsApp-Image-2018-09-20-at-16.04.06.jpeg\" alt=\"\" width=\"800\" height=\"100\" srcset=\"https:\/\/www.radiopiu.net\/wordpress\/wp-content\/uploads\/2018\/09\/WhatsApp-Image-2018-09-20-at-16.04.06.jpeg 800w, https:\/\/www.radiopiu.net\/wordpress\/wp-content\/uploads\/2018\/09\/WhatsApp-Image-2018-09-20-at-16.04.06-300x38.jpeg 300w, https:\/\/www.radiopiu.net\/wordpress\/wp-content\/uploads\/2018\/09\/WhatsApp-Image-2018-09-20-at-16.04.06-768x96.jpeg 768w\" sizes=\"auto, (max-width: 800px) 100vw, 800px\" \/><\/a><\/p>\n<p><center><\/center><center><\/center><center><\/center><center><\/center><center><\/center><center><\/center>&nbsp;<\/p>\n<p><center><b>OGGI<\/b><\/center>Al mattino sole e cielo sereno ovunque, salvo cirri mattutini sulle Dolomiti, in rapido allontanamento verso est. presenza di qualche nebbia nelle ore pi\u00f9 fredde tra la Valbelluna e l&#8217;altopiano del Cansiglio. Al pomeriggio inizialmente soleggiato, poi crescente nuvolosit\u00e0 alta e medio-alta fino a cielo coperto. Schiarite serali.<br \/>\n<b>Precipitazioni: <\/b>Assenti<br \/>\n<b>Temperature: <\/b>Senza notevoli variazioni, eccetto calo delle minime in alcune valli. L&#8217;effetto wind chill sar\u00e0 presente alle quote pi\u00f9 alte al mattino.<\/p>\n<hr \/>\n<p style=\"text-align: center;\"><b><\/b><strong>DOMANI<\/strong><\/p>\n<p>Tempo stupendo con sole e cielo sereno, aria tersa ed ottima visibilit\u00e0. Eventuali modesti cumuli pomeridioani su vette prealpine. Il freddo del primo mattino lascer\u00e0 posto a una giornata di nuovo meno fresca rispetto a quelle precedenti.<br \/>\n<b>Precipitazioni: <\/b>Assenti<br \/>\n<b>Temperature: <\/b>Minime in calo a tutte le quote, eccetto aumento delle stesse sulle cime prealpine; massime in ripresa, pi\u00f9 sensibile in quota.<\/p>\n<hr \/>\n<p><center><b>GIOVEDI<\/b><\/center>Tempo soleggiato con cielo perlopi\u00f9 sereno, aria tersa ed ottima visibilit\u00e0. Probabile lieve insidia per qualche banco di nebbia in Valbelluna durante le ore pi\u00f9 fredde. Temperature in generale aumento<\/p>\n<hr \/>\n<p><center><b>VENERDI<\/b><\/center>Tempo soleggiato con cielo sereno e visibilit\u00e0 ottima. Probabile lieve insidia per qualche banco di nebbia in Valbelluna durante le ore pi\u00f9 fredde. Al pomeriggio nubi basse potrebbero interessare alcuni settori prealpini a ridosso della pedemontana. Temperature in generale aumento, pi\u00f9 sensibile nelle valli e nei settori non innevati.<\/p>\n<p>&nbsp;<\/p>\n<hr \/>\n<p>&nbsp;<\/p>\n<p><img loading=\"lazy\" decoding=\"async\" class=\"wp-image-60761 size-full aligncenter\" src=\"https:\/\/www.radiopiu.net\/wordpress\/wp-content\/uploads\/2018\/09\/sport.jpg\" alt=\"\" width=\"800\" height=\"100\" srcset=\"https:\/\/www.radiopiu.net\/wordpress\/wp-content\/uploads\/2018\/09\/sport.jpg 800w, https:\/\/www.radiopiu.net\/wordpress\/wp-content\/uploads\/2018\/09\/sport-300x38.jpg 300w, https:\/\/www.radiopiu.net\/wordpress\/wp-content\/uploads\/2018\/09\/sport-768x96.jpg 768w\" sizes=\"auto, (max-width: 800px) 100vw, 800px\" \/><\/p>\n<p>&nbsp;<\/p>\n<p><span style=\"color: #0000ff;\"><strong>PALLAVOLO<\/strong><\/span><\/p>\n<blockquote>\n<h3>SECONDA SCONFITTA DEL BELLUNO VOLLEY CONTRO LA CAPOLISTA MANTOVA<\/h3>\n<\/blockquote>\n<p><a class=\"dt-pswp-item\" href=\"https:\/\/www.radiopiu.net\/wordpress\/wp-content\/uploads\/2024\/03\/Schiro_contro_Novello.jpg\" data-dt-img-description=\"\" data-large_image_width=\"2048\" data-large_image_height=\"1365\"><img loading=\"lazy\" decoding=\"async\" class=\" wp-image-378707 alignleft\" src=\"https:\/\/www.radiopiu.net\/wordpress\/wp-content\/uploads\/2024\/03\/Schiro_contro_Novello-300x200.jpg\" alt=\"\" width=\"143\" height=\"95\" srcset=\"https:\/\/www.radiopiu.net\/wordpress\/wp-content\/uploads\/2024\/03\/Schiro_contro_Novello-300x200.jpg 300w, https:\/\/www.radiopiu.net\/wordpress\/wp-content\/uploads\/2024\/03\/Schiro_contro_Novello-1024x683.jpg 1024w, https:\/\/www.radiopiu.net\/wordpress\/wp-content\/uploads\/2024\/03\/Schiro_contro_Novello-768x512.jpg 768w, https:\/\/www.radiopiu.net\/wordpress\/wp-content\/uploads\/2024\/03\/Schiro_contro_Novello-1536x1024.jpg 1536w, https:\/\/www.radiopiu.net\/wordpress\/wp-content\/uploads\/2024\/03\/Schiro_contro_Novello.jpg 2048w\" sizes=\"auto, (max-width: 143px) 100vw, 143px\" \/><\/a>Il Belluno Volley ha subito due sconfitte contro la capolista Mantova, ma i numeri indicano una competizione equilibrata. Nonostante sei parziali persi e nessun set vinto, il computo totale mostra una differenza di soli 17 punti a favore degli avversari. Andrea Schiro, uno dei protagonisti del match, esprime rammarico per la mancanza di incisivit\u00e0 nei momenti cruciali ma sottolinea la buona prova contro un avversario forte. Nonostante la delusione, il pubblico numeroso e appassionato ha contribuito a rendere l&#8217;atmosfera speciale. Il Belluno Volley ora si prepara alle ultime due giornate della regular season, cercando di conquistare un piazzamento in zona podio.<\/p>\n<p>&nbsp;<\/p>\n<p><span style=\"color: #0000ff;\"><strong>NUOTO<\/strong><\/span><\/p>\n<blockquote>\n<h3>TROFEO COPPA PRIMAVERA A SPRESIANO: SETTE MEDAGLIE PER GLI ESORDIENTI DELLA SPORTIVAMENTE BELLUNO<\/h3>\n<\/blockquote>\n<p><strong>BELLUNO<\/strong> Gli Esordienti della Sportivamente Belluno ottengono successi al Trofeo Coppa Primavera a Spresiano, piazzandosi dodicesimi su 19 squadre. Tra le vittorie spiccano l&#8217;oro di Nicola De Min nei 50 rana e il bronzo di Mattia Brianti nei 100 stile e 50 dorso. La staffetta 4&#215;50 mista maschile si distingue ottenendo due punti utili. Nei Esordienti A, Federico Nerviani e Alessandro Morra conquistano il bronzo nei 200 stile. La staffetta 4&#215;50 stile femminile-maschile si aggiudica il bronzo, e la 4&#215;50 mista maschile l&#8217;argento. Prossimo appuntamento: la sesta giornata interzona a Lambioi.<\/p>\n\n\t\t\t<style type='text\/css'>\n\t\t\t\t#gallery-5 {\n\t\t\t\t\tmargin: auto;\n\t\t\t\t}\n\t\t\t\t#gallery-5 .gallery-item {\n\t\t\t\t\tfloat: left;\n\t\t\t\t\tmargin-top: 10px;\n\t\t\t\t\ttext-align: center;\n\t\t\t\t\twidth: 50%;\n\t\t\t\t}\n\t\t\t\t#gallery-5 img {\n\t\t\t\t\tborder: 2px solid #cfcfcf;\n\t\t\t\t}\n\t\t\t\t#gallery-5 .gallery-caption {\n\t\t\t\t\tmargin-left: 0;\n\t\t\t\t}\n\t\t\t\t\/* see gallery_shortcode() in wp-includes\/media.php *\/\n\t\t\t<\/style>\n\t\t<div id='gallery-5' class='dt-gallery-container gallery galleryid-378654 gallery-columns-2 gallery-size-medium'><dl class='gallery-item'>\n\t\t\t\t<dt class='gallery-icon landscape'>\n\t\t\t\t\t<a class=\"rollover rollover-zoom dt-pswp-item\" title=\"Esordienti_A\" data-dt-img-description=\"\" data-large_image_width=\"1732\" data-large_image_height=\"1000\"href='https:\/\/www.radiopiu.net\/wordpress\/wp-content\/uploads\/2024\/03\/Esordienti_A.jpg'><img loading=\"lazy\" decoding=\"async\" width=\"300\" height=\"173\" src=\"https:\/\/www.radiopiu.net\/wordpress\/wp-content\/uploads\/2024\/03\/Esordienti_A-300x173.jpg\" class=\"attachment-medium size-medium\" alt=\"\" srcset=\"https:\/\/www.radiopiu.net\/wordpress\/wp-content\/uploads\/2024\/03\/Esordienti_A-300x173.jpg 300w, https:\/\/www.radiopiu.net\/wordpress\/wp-content\/uploads\/2024\/03\/Esordienti_A-1024x591.jpg 1024w, https:\/\/www.radiopiu.net\/wordpress\/wp-content\/uploads\/2024\/03\/Esordienti_A-768x443.jpg 768w, https:\/\/www.radiopiu.net\/wordpress\/wp-content\/uploads\/2024\/03\/Esordienti_A-1536x887.jpg 1536w, https:\/\/www.radiopiu.net\/wordpress\/wp-content\/uploads\/2024\/03\/Esordienti_A.jpg 1732w\" sizes=\"auto, (max-width: 300px) 100vw, 300px\" \/><\/a>\n\t\t\t\t<\/dt><\/dl><dl class='gallery-item'>\n\t\t\t\t<dt class='gallery-icon landscape'>\n\t\t\t\t\t<a class=\"rollover rollover-zoom dt-pswp-item\" title=\"Staffetta_Esordienti_B\" data-dt-img-description=\"\" data-large_image_width=\"1614\" data-large_image_height=\"1172\"href='https:\/\/www.radiopiu.net\/wordpress\/wp-content\/uploads\/2024\/03\/Staffetta_Esordienti_B.jpg'><img loading=\"lazy\" decoding=\"async\" width=\"300\" height=\"218\" src=\"https:\/\/www.radiopiu.net\/wordpress\/wp-content\/uploads\/2024\/03\/Staffetta_Esordienti_B-300x218.jpg\" class=\"attachment-medium size-medium\" alt=\"\" srcset=\"https:\/\/www.radiopiu.net\/wordpress\/wp-content\/uploads\/2024\/03\/Staffetta_Esordienti_B-300x218.jpg 300w, https:\/\/www.radiopiu.net\/wordpress\/wp-content\/uploads\/2024\/03\/Staffetta_Esordienti_B-1024x744.jpg 1024w, https:\/\/www.radiopiu.net\/wordpress\/wp-content\/uploads\/2024\/03\/Staffetta_Esordienti_B-768x558.jpg 768w, https:\/\/www.radiopiu.net\/wordpress\/wp-content\/uploads\/2024\/03\/Staffetta_Esordienti_B-1536x1115.jpg 1536w, https:\/\/www.radiopiu.net\/wordpress\/wp-content\/uploads\/2024\/03\/Staffetta_Esordienti_B.jpg 1614w\" sizes=\"auto, (max-width: 300px) 100vw, 300px\" \/><\/a>\n\t\t\t\t<\/dt><\/dl><br style=\"clear: both\" \/>\n\t\t\t<\/div>\n\n<p><span style=\"color: #0000ff;\"><strong>TELEMARK<\/strong><\/span><\/p>\n<blockquote>\n<h3>LA SCUFONEDA 2024 UN VERO SUCCESSO<\/h3>\n<\/blockquote>\n<p><strong>PASSO SAN PELLEGRINO<\/strong> La Scufoneda 2024 si \u00e8 conclusa sotto la neve nella Val di Fassa, con centinaia di telemarker entusiasti provenienti da tutta Europa. L&#8217;evento, che cresce di edizione in edizione, ha visto una partecipazione sempre pi\u00f9 numerosa. La manifestazione ha offerto diverse attivit\u00e0, tra cui telemark, escursioni fuori pista con le Guide Alpine e ciaspolate. Nonostante le avverse condizioni meteorologiche, quattro escursioni guidate sono partite dal passo San Pellegrino domenica. La Scufoneda ha confermato il suo successo grazie a una combinazione unica di telemark, divertimento, amicizia e eventi di contorno, consolidando la sua posizione come un evento unico e coinvolgente per gli amanti di questa tecnica dello sci.<\/p>\n<p>&nbsp;<\/p>\n<p><span style=\"color: #0000ff;\"><strong>CALCIO A 5<\/strong><\/span><\/p>\n<blockquote>\n<h3>GIESSE PER LO SPORT\u2026CON LA CANOTTIERI BELLUNO CALCIO A 5<\/h3>\n<\/blockquote>\n<div class=\"x11i5rnm xat24cr x1mh8g0r x1vvkbs xtlvy1s x126k92a\">\n<h4 class=\"photoswipe-wrapper\" dir=\"auto\"><a class=\"dt-pswp-item pspw-wrap-ready\" href=\"https:\/\/www.radiopiu.net\/wordpress\/wp-content\/uploads\/2023\/10\/Senza-nome-57.png\" data-dt-img-description=\"\" data-large_image_width=\"317\" data-large_image_height=\"322\"><img loading=\"lazy\" decoding=\"async\" class=\"size-medium wp-image-358116 aligncenter\" src=\"https:\/\/www.radiopiu.net\/wordpress\/wp-content\/uploads\/2023\/10\/Senza-nome-57-295x300.png\" sizes=\"auto, (max-width: 295px) 100vw, 295px\" srcset=\"https:\/\/www.radiopiu.net\/wordpress\/wp-content\/uploads\/2023\/10\/Senza-nome-57-295x300.png 295w, https:\/\/www.radiopiu.net\/wordpress\/wp-content\/uploads\/2023\/10\/Senza-nome-57.png 317w\" alt=\"\" width=\"295\" height=\"300\" \/><\/a><\/h4>\n<h4 dir=\"auto\"><\/h4>\n<h4 dir=\"auto\">GIESSE PER LO SPORT\u201d \u2026 con la Canottieri Belluno, calcio a 5. Tutto sul campionato di serie A2, girone A. Il programma alla RADIO che da ascolto ai talenti del calcio a 5 bellunese. IN COLLABORAZIONE CON GIESSE RISARCIMENTO DANNI A BELLUNO<\/h4>\n<\/div>\n<div class=\"x11i5rnm xat24cr x1mh8g0r x1vvkbs xtlvy1s x126k92a\">\n<h4 dir=\"auto\"><a class=\"x1i10hfl xjbqb8w x6umtig x1b1mbwd xaqea5y xav7gou x9f619 x1ypdohk xt0psk2 xe8uvvx xdj266r x11i5rnm xat24cr x1mh8g0r xexx8yu x4uap5 x18d9i69 xkhd6sd x16tdsg8 x1hl2dhg xggy1nq x1a2a7pz xt0b8zv x1qq9wsj xo1l8bm\" tabindex=\"0\" role=\"link\" href=\"https:\/\/www.facebook.com\/groups\/radiopiu\/?__cft__[0]=AZVtB3sskZBwGsu89zeRk9eNMGUFohz53TdYmXZyePAKPt8cBeKCqA03znGJk9wPaqHDXQ5yMBG_hrsUX03xH8fdmlMazTirW3KRFEY3Kr2cyBd_5Es2MvKnqyd6ZcahL6_M_zOo19o5N5tV8NHsHcfP&amp;__tn__=-UK-R\"><span class=\"xt0psk2\">RADIO PIU\u2019 EMITTENTE AGORDINA (Taibon_32027)<\/span><\/a>: IL LUNEDI ALLE 16.30, IL MARTEDI ALLE 13.05 RADIO CLUB 103 IL LUNEDI ALLE 16.20 E MARTEDI ALLE 13.40 <a class=\"x1i10hfl xjbqb8w x6umtig x1b1mbwd xaqea5y xav7gou x9f619 x1ypdohk xt0psk2 xe8uvvx xdj266r x11i5rnm xat24cr x1mh8g0r xexx8yu x4uap5 x18d9i69 xkhd6sd x16tdsg8 x1hl2dhg xggy1nq x1a2a7pz xt0b8zv x1qq9wsj xo1l8bm\" tabindex=\"0\" role=\"link\" href=\"https:\/\/www.facebook.com\/groups\/61488111720\/user\/100063652837062\/?__cft__[0]=AZVtB3sskZBwGsu89zeRk9eNMGUFohz53TdYmXZyePAKPt8cBeKCqA03znGJk9wPaqHDXQ5yMBG_hrsUX03xH8fdmlMazTirW3KRFEY3Kr2cyBd_5Es2MvKnqyd6ZcahL6_M_zOo19o5N5tV8NHsHcfP&amp;__tn__=-]K-R\"><span class=\"xt0psk2\">Radio Primiero<\/span><\/a>\u00a0IL LUNEDI ALLE 10.30 E MARTEDI ALLE 12.30<\/h4>\n<p>&nbsp;<\/p>\n<p><strong><a class=\"dt-pswp-item\" href=\"https:\/\/www.radiopiu.net\/wordpress\/wp-content\/uploads\/2023\/01\/51db45e6-b90b-4ebc-b51a-f9c9c1682f2c.jpg\" data-dt-img-description=\"\" data-large_image_width=\"2048\" data-large_image_height=\"1536\"><img loading=\"lazy\" decoding=\"async\" class=\" wp-image-378582 alignleft\" src=\"https:\/\/www.radiopiu.net\/wordpress\/wp-content\/uploads\/2023\/01\/51db45e6-b90b-4ebc-b51a-f9c9c1682f2c-300x225.jpg\" alt=\"\" width=\"183\" height=\"137\" srcset=\"https:\/\/www.radiopiu.net\/wordpress\/wp-content\/uploads\/2023\/01\/51db45e6-b90b-4ebc-b51a-f9c9c1682f2c-300x225.jpg 300w, https:\/\/www.radiopiu.net\/wordpress\/wp-content\/uploads\/2023\/01\/51db45e6-b90b-4ebc-b51a-f9c9c1682f2c-1024x768.jpg 1024w, https:\/\/www.radiopiu.net\/wordpress\/wp-content\/uploads\/2023\/01\/51db45e6-b90b-4ebc-b51a-f9c9c1682f2c-768x576.jpg 768w, https:\/\/www.radiopiu.net\/wordpress\/wp-content\/uploads\/2023\/01\/51db45e6-b90b-4ebc-b51a-f9c9c1682f2c-1536x1152.jpg 1536w, https:\/\/www.radiopiu.net\/wordpress\/wp-content\/uploads\/2023\/01\/51db45e6-b90b-4ebc-b51a-f9c9c1682f2c.jpg 2048w\" sizes=\"auto, (max-width: 183px) 100vw, 183px\" \/><\/a>PUNTATA 21 &#8211; 11 MARZO 2024<\/strong><\/p>\n<p><span style=\"color: #0000ff;\"><strong>DICIANNOVESIMA GIORNATA\u00a0<\/strong><\/span><\/p>\n<p><strong>CANOTTIERI BELLUNO &#8211; AOSTA 4-1<\/strong><\/p>\n<p>RETI: PT 3.38 Dos Santos, 5.18 Zatsuga (A), 6.10 Storti, 18.37 autogol Zatsuga; ST 14.02 Dall\u2019\u00d2.<\/p>\n<audio class=\"wp-audio-shortcode\" id=\"audio-378654-25\" preload=\"none\" style=\"width: 100%;\" controls=\"controls\"><source type=\"audio\/mpeg\" src=\"https:\/\/www.radiopiu.net\/wordpress\/wp-content\/uploads\/2023\/01\/GIESSECALCIO-7.mp3?_=25\" \/><a href=\"https:\/\/www.radiopiu.net\/wordpress\/wp-content\/uploads\/2023\/01\/GIESSECALCIO-7.mp3\">https:\/\/www.radiopiu.net\/wordpress\/wp-content\/uploads\/2023\/01\/GIESSECALCIO-7.mp3<\/a><\/audio>\n<p>&nbsp;<\/p>\n<h2><strong>LA RACCOLTA COMPLETA <a href=\"https:\/\/www.radiopiu.net\/wordpress\/giesse-per-lo-sport-con-la-canottieri-belluno-calcio-a-5\/\">CLICCA QUI<\/a><\/strong><\/h2>\n<\/div>\n<hr \/>\n<p>&nbsp;<\/p>\n<h2><span style=\"color: #99cc00;\">GOODBYE BY BICICLE&#8230;UN VIAGGIO DALL&#8217;INDIA A SEREN DEL GRAPPA IN BICICLETTA<\/span><\/h2>\n<p><span style=\"color: #ff0000;\"><strong>PUNTATA 04 &#8211; IL RINNOVO DEL VISTO TURISTICO<\/strong><\/span><\/p>\n<audio class=\"wp-audio-shortcode\" id=\"audio-378654-26\" preload=\"none\" style=\"width: 100%;\" controls=\"controls\"><source type=\"audio\/mpeg\" src=\"https:\/\/www.radiopiu.net\/wordpress\/wp-content\/uploads\/2024\/03\/INDIA-AIRE-PUNTATA-04.mp3?_=26\" \/><a href=\"https:\/\/www.radiopiu.net\/wordpress\/wp-content\/uploads\/2024\/03\/INDIA-AIRE-PUNTATA-04.mp3\">https:\/\/www.radiopiu.net\/wordpress\/wp-content\/uploads\/2024\/03\/INDIA-AIRE-PUNTATA-04.mp3<\/a><\/audio>\n<p>&nbsp;<\/p>\n<p><strong>PER VISITARE I SITI DEI LUOGHI VISITATI, CLICCA SULLE SEGUENTI SCRITTE: <a href=\"https:\/\/www.djed.in\/our-story\">DJED FOUNDATION<\/a>\u00a0 \u00a0<a href=\"https:\/\/www.carbonfootprint.com\/calculator.aspx\">CARBON FOOTPRINT<\/a><\/strong><\/p>\n\n\t\t\t<style type='text\/css'>\n\t\t\t\t#gallery-6 {\n\t\t\t\t\tmargin: auto;\n\t\t\t\t}\n\t\t\t\t#gallery-6 .gallery-item {\n\t\t\t\t\tfloat: left;\n\t\t\t\t\tmargin-top: 10px;\n\t\t\t\t\ttext-align: center;\n\t\t\t\t\twidth: 25%;\n\t\t\t\t}\n\t\t\t\t#gallery-6 img {\n\t\t\t\t\tborder: 2px solid #cfcfcf;\n\t\t\t\t}\n\t\t\t\t#gallery-6 .gallery-caption {\n\t\t\t\t\tmargin-left: 0;\n\t\t\t\t}\n\t\t\t\t\/* see gallery_shortcode() in wp-includes\/media.php *\/\n\t\t\t<\/style>\n\t\t<div id='gallery-6' class='dt-gallery-container gallery galleryid-378654 gallery-columns-4 gallery-size-thumbnail'><dl class='gallery-item'>\n\t\t\t\t<dt class='gallery-icon landscape'>\n\t\t\t\t\t<a class=\"rollover rollover-zoom dt-pswp-item\" title=\"b80b518c-a87e-4889-b09b-6bc14395f384\" data-dt-img-description=\"\" data-large_image_width=\"1600\" data-large_image_height=\"1200\"href='https:\/\/www.radiopiu.net\/wordpress\/wp-content\/uploads\/2024\/03\/b80b518c-a87e-4889-b09b-6bc14395f384.jpg'><img loading=\"lazy\" decoding=\"async\" width=\"150\" height=\"150\" src=\"https:\/\/www.radiopiu.net\/wordpress\/wp-content\/uploads\/2024\/03\/b80b518c-a87e-4889-b09b-6bc14395f384-150x150.jpg\" class=\"attachment-thumbnail size-thumbnail\" alt=\"\" \/><\/a>\n\t\t\t\t<\/dt><\/dl><dl class='gallery-item'>\n\t\t\t\t<dt class='gallery-icon landscape'>\n\t\t\t\t\t<a class=\"rollover rollover-zoom dt-pswp-item\" title=\"33f283fe-a3ef-4f69-a98a-b3e42eaf32e7\" data-dt-img-description=\"\" data-large_image_width=\"1600\" data-large_image_height=\"1200\"href='https:\/\/www.radiopiu.net\/wordpress\/wp-content\/uploads\/2024\/03\/33f283fe-a3ef-4f69-a98a-b3e42eaf32e7.jpg'><img loading=\"lazy\" decoding=\"async\" width=\"150\" height=\"150\" src=\"https:\/\/www.radiopiu.net\/wordpress\/wp-content\/uploads\/2024\/03\/33f283fe-a3ef-4f69-a98a-b3e42eaf32e7-150x150.jpg\" class=\"attachment-thumbnail size-thumbnail\" alt=\"\" \/><\/a>\n\t\t\t\t<\/dt><\/dl><dl class='gallery-item'>\n\t\t\t\t<dt class='gallery-icon landscape'>\n\t\t\t\t\t<a class=\"rollover rollover-zoom dt-pswp-item\" title=\"2a4f034b-f4d5-47ac-8574-f38f29780f55\" data-dt-img-description=\"\" data-large_image_width=\"1600\" data-large_image_height=\"1200\"href='https:\/\/www.radiopiu.net\/wordpress\/wp-content\/uploads\/2024\/03\/2a4f034b-f4d5-47ac-8574-f38f29780f55.jpg'><img loading=\"lazy\" decoding=\"async\" width=\"150\" height=\"150\" src=\"https:\/\/www.radiopiu.net\/wordpress\/wp-content\/uploads\/2024\/03\/2a4f034b-f4d5-47ac-8574-f38f29780f55-150x150.jpg\" class=\"attachment-thumbnail size-thumbnail\" alt=\"\" \/><\/a>\n\t\t\t\t<\/dt><\/dl><dl class='gallery-item'>\n\t\t\t\t<dt class='gallery-icon landscape'>\n\t\t\t\t\t<a class=\"rollover rollover-zoom dt-pswp-item\" title=\"b314e6ad-70bc-4e5e-b616-ab2462ff857f\" data-dt-img-description=\"\" data-large_image_width=\"1600\" data-large_image_height=\"1200\"href='https:\/\/www.radiopiu.net\/wordpress\/wp-content\/uploads\/2024\/03\/b314e6ad-70bc-4e5e-b616-ab2462ff857f.jpg'><img loading=\"lazy\" decoding=\"async\" width=\"150\" height=\"150\" src=\"https:\/\/www.radiopiu.net\/wordpress\/wp-content\/uploads\/2024\/03\/b314e6ad-70bc-4e5e-b616-ab2462ff857f-150x150.jpg\" class=\"attachment-thumbnail size-thumbnail\" alt=\"\" \/><\/a>\n\t\t\t\t<\/dt><\/dl><br style=\"clear: both\" \/>\n\t\t\t<\/div>\n\n<p>&nbsp;<\/p>\n<h2>LA RACCOLTA COMPLETA <a href=\"https:\/\/www.radiopiu.net\/wordpress\/goodbye-by-bicicle-un-viaggio-dallindia-a-seren-del-grappa-in-bicicletta-04\/\">CLICCA QUI<\/a><\/h2>\n<p>&nbsp;<\/p>\n<p>&nbsp;<\/p>\n<p>&nbsp;<\/p>\n","protected":false},"excerpt":{"rendered":"<p>***** VIABILITA&#8217;: PASSI FALZAREGO, GIAU E FEDAIA APERTI. VAL PAROLA CHIUSO\u00a0 &nbsp; &nbsp; ULTIM&#8217;ORA, nella notte principio d&#8217;incendio a La Valle Agordina LA VALLE AGORDINA I Vigili del Fuoco di Agordo ieri sera alle 22 sono stati chiamati in frazione Le Campe per l&#8217;incendio di un camino di un edificio. Nessuna persona \u00e8 rimasta ferita.&hellip;<\/p>\n","protected":false},"author":4,"featured_media":378768,"comment_status":"closed","ping_status":"closed","sticky":false,"template":"","format":"standard","meta":{"_monsterinsights_skip_tracking":false,"_monsterinsights_sitenote_active":false,"_monsterinsights_sitenote_note":"","_monsterinsights_sitenote_category":0,"footnotes":""},"categories":[51,86,49],"tags":[],"class_list":["post-378654","post","type-post","status-publish","format-standard","has-post-thumbnail","hentry","category-evidenza-top","category-gr","category-news-18","category-51","category-86","category-49","description-off"],"img_url":"https:\/\/www.radiopiu.net\/wordpress\/wp-content\/uploads\/2024\/03\/95db6b03-4ac1-4c60-8a35-992eac8bca57.jpg","_links":{"self":[{"href":"https:\/\/www.radiopiu.net\/wordpress\/wp-json\/wp\/v2\/posts\/378654","targetHints":{"allow":["GET"]}}],"collection":[{"href":"https:\/\/www.radiopiu.net\/wordpress\/wp-json\/wp\/v2\/posts"}],"about":[{"href":"https:\/\/www.radiopiu.net\/wordpress\/wp-json\/wp\/v2\/types\/post"}],"author":[{"embeddable":true,"href":"https:\/\/www.radiopiu.net\/wordpress\/wp-json\/wp\/v2\/users\/4"}],"replies":[{"embeddable":true,"href":"https:\/\/www.radiopiu.net\/wordpress\/wp-json\/wp\/v2\/comments?post=378654"}],"version-history":[{"count":0,"href":"https:\/\/www.radiopiu.net\/wordpress\/wp-json\/wp\/v2\/posts\/378654\/revisions"}],"wp:featuredmedia":[{"embeddable":true,"href":"https:\/\/www.radiopiu.net\/wordpress\/wp-json\/wp\/v2\/media\/378768"}],"wp:attachment":[{"href":"https:\/\/www.radiopiu.net\/wordpress\/wp-json\/wp\/v2\/media?parent=378654"}],"wp:term":[{"taxonomy":"category","embeddable":true,"href":"https:\/\/www.radiopiu.net\/wordpress\/wp-json\/wp\/v2\/categories?post=378654"},{"taxonomy":"post_tag","embeddable":true,"href":"https:\/\/www.radiopiu.net\/wordpress\/wp-json\/wp\/v2\/tags?post=378654"}],"curies":[{"name":"wp","href":"https:\/\/api.w.org\/{rel}","templated":true}]}}