{"id":378818,"date":"2024-03-12T05:48:49","date_gmt":"2024-03-12T04:48:49","guid":{"rendered":"https:\/\/www.radiopiu.net\/wordpress\/?p=378818"},"modified":"2024-03-12T06:25:27","modified_gmt":"2024-03-12T05:25:27","slug":"capw","status":"publish","type":"post","link":"https:\/\/www.radiopiu.net\/wordpress\/capw\/","title":{"rendered":"EL CAMPANOT, &#8220;SAGRA DI QUALITA'&#8221; IL RICONOSCIMENTO  A ROMA  &#8211; VIDEO"},"content":{"rendered":"<p>***<\/p>\n<p><strong><a class=\"dt-pswp-item\" href=\"https:\/\/www.radiopiu.net\/wordpress\/wp-content\/uploads\/2024\/03\/download-2.jpg\" data-dt-img-description=\"\" data-large_image_width=\"380\" data-large_image_height=\"214\"><img loading=\"lazy\" decoding=\"async\" class=\"size-medium wp-image-378820 aligncenter\" src=\"https:\/\/www.radiopiu.net\/wordpress\/wp-content\/uploads\/2024\/03\/download-2-300x169.jpg\" alt=\"\" width=\"300\" height=\"169\" srcset=\"https:\/\/www.radiopiu.net\/wordpress\/wp-content\/uploads\/2024\/03\/download-2-300x169.jpg 300w, https:\/\/www.radiopiu.net\/wordpress\/wp-content\/uploads\/2024\/03\/download-2.jpg 380w\" sizes=\"auto, (max-width: 300px) 100vw, 300px\" \/><\/a><\/strong><\/p>\n<p>&nbsp;<\/p>\n<p><strong><br \/>\n<a class=\"dt-pswp-item\" href=\"https:\/\/www.radiopiu.net\/wordpress\/wp-content\/uploads\/2024\/03\/f2aaf7b6-59a1-4bcf-8339-2cb5ff1528c5.jpg\" data-dt-img-description=\"\" data-large_image_width=\"2000\" data-large_image_height=\"900\"><img loading=\"lazy\" decoding=\"async\" class=\" wp-image-378819 alignleft\" src=\"https:\/\/www.radiopiu.net\/wordpress\/wp-content\/uploads\/2024\/03\/f2aaf7b6-59a1-4bcf-8339-2cb5ff1528c5-300x135.jpg\" alt=\"\" width=\"338\" height=\"152\" srcset=\"https:\/\/www.radiopiu.net\/wordpress\/wp-content\/uploads\/2024\/03\/f2aaf7b6-59a1-4bcf-8339-2cb5ff1528c5-300x135.jpg 300w, https:\/\/www.radiopiu.net\/wordpress\/wp-content\/uploads\/2024\/03\/f2aaf7b6-59a1-4bcf-8339-2cb5ff1528c5-1024x461.jpg 1024w, https:\/\/www.radiopiu.net\/wordpress\/wp-content\/uploads\/2024\/03\/f2aaf7b6-59a1-4bcf-8339-2cb5ff1528c5-768x346.jpg 768w, https:\/\/www.radiopiu.net\/wordpress\/wp-content\/uploads\/2024\/03\/f2aaf7b6-59a1-4bcf-8339-2cb5ff1528c5-1536x691.jpg 1536w, https:\/\/www.radiopiu.net\/wordpress\/wp-content\/uploads\/2024\/03\/f2aaf7b6-59a1-4bcf-8339-2cb5ff1528c5.jpg 2000w\" sizes=\"auto, (max-width: 338px) 100vw, 338px\" \/><\/a>ROMA<\/strong> Pro Loco Pieve Castionese nella capitale per la premiazione e la consegna della targa di \u201cSagra di qualit\u00e0\u201d Unpli 2023. Sul palco per la stretta di mano il presidente Maurizio Fontanelle, i consiglieri Lorenzo De Zaiacomo, Roy Godi, Elio De Bona, EDI De Barda, Nicola Balcon, l\u2019assessore Paolo Luciani e il presidente Unpli Veneto Davide Praloran. La cerimonia\u00a0 si \u00e8 tenuta all&#8217;\u2019Ergife Palace Hotel e nell&#8217;aula del Senato.<\/p>\n<p>Sono 45 le sagre che, nella Sala Koch del Senato della Repubblica, sono state insignite del marchio \u201cSagra di Qualit\u00e0\u201d, 5 gli eventi speciali certificati e 3 le menzioni speciali assegnate dall\u2019UNPLI &#8211; Unione Nazionale Pro Loco d\u2019Italia, per un totale di 53 manifestazioni organizzate nel 2023 in tutta Italia dai volontari delle Pro Loco e dalle comunit\u00e0 locali. Una cerimonia da record quindi per la quarta edizione del progetto nato nel 2019 per volere dell\u2019UNPLI e che fino ad oggi ha certificato 117 eventi con il marchio \u201cSagra di Qualit\u00e0\u201d, un sigillo assegnato alle manifestazioni con pi\u00f9 di 5 anni di et\u00e0 e che rispettano i criteri di tipicit\u00e0 del prodotto, sostenibilit\u00e0, sicurezza e igiene alimentare.<\/p>\n<p>&nbsp;<\/p>\n<p>VIDEO<\/p>\n<div style=\"width: 848px;\" class=\"wp-video\"><video class=\"wp-video-shortcode\" id=\"video-378818-1\" width=\"848\" height=\"400\" preload=\"metadata\" controls=\"controls\"><source type=\"video\/mp4\" src=\"https:\/\/www.radiopiu.net\/wordpress\/wp-content\/uploads\/2024\/03\/WhatsApp-Video-2024-03-11-at-22.25.46.mp4?_=1\" \/><a href=\"https:\/\/www.radiopiu.net\/wordpress\/wp-content\/uploads\/2024\/03\/WhatsApp-Video-2024-03-11-at-22.25.46.mp4\">https:\/\/www.radiopiu.net\/wordpress\/wp-content\/uploads\/2024\/03\/WhatsApp-Video-2024-03-11-at-22.25.46.mp4<\/a><\/video><\/div>\n<p>&nbsp;<\/p>\n<hr \/>\n<p>&nbsp;<\/p>\n","protected":false},"excerpt":{"rendered":"<p>*** &nbsp; ROMA Pro Loco Pieve Castionese nella capitale per la premiazione e la consegna della targa di \u201cSagra di qualit\u00e0\u201d Unpli 2023. Sul palco per la stretta di mano il presidente Maurizio Fontanelle, i consiglieri Lorenzo De Zaiacomo, Roy Godi, Elio De Bona, EDI De Barda, Nicola Balcon, l\u2019assessore Paolo Luciani e il presidente&hellip;<\/p>\n","protected":false},"author":4,"featured_media":378819,"comment_status":"closed","ping_status":"closed","sticky":false,"template":"","format":"standard","meta":{"_monsterinsights_skip_tracking":false,"_monsterinsights_sitenote_active":false,"_monsterinsights_sitenote_note":"","_monsterinsights_sitenote_category":0,"footnotes":""},"categories":[51,49],"tags":[],"class_list":["post-378818","post","type-post","status-publish","format-standard","has-post-thumbnail","hentry","category-evidenza-top","category-news-18","category-51","category-49","description-off"],"img_url":"https:\/\/www.radiopiu.net\/wordpress\/wp-content\/uploads\/2024\/03\/f2aaf7b6-59a1-4bcf-8339-2cb5ff1528c5.jpg","_links":{"self":[{"href":"https:\/\/www.radiopiu.net\/wordpress\/wp-json\/wp\/v2\/posts\/378818","targetHints":{"allow":["GET"]}}],"collection":[{"href":"https:\/\/www.radiopiu.net\/wordpress\/wp-json\/wp\/v2\/posts"}],"about":[{"href":"https:\/\/www.radiopiu.net\/wordpress\/wp-json\/wp\/v2\/types\/post"}],"author":[{"embeddable":true,"href":"https:\/\/www.radiopiu.net\/wordpress\/wp-json\/wp\/v2\/users\/4"}],"replies":[{"embeddable":true,"href":"https:\/\/www.radiopiu.net\/wordpress\/wp-json\/wp\/v2\/comments?post=378818"}],"version-history":[{"count":0,"href":"https:\/\/www.radiopiu.net\/wordpress\/wp-json\/wp\/v2\/posts\/378818\/revisions"}],"wp:featuredmedia":[{"embeddable":true,"href":"https:\/\/www.radiopiu.net\/wordpress\/wp-json\/wp\/v2\/media\/378819"}],"wp:attachment":[{"href":"https:\/\/www.radiopiu.net\/wordpress\/wp-json\/wp\/v2\/media?parent=378818"}],"wp:term":[{"taxonomy":"category","embeddable":true,"href":"https:\/\/www.radiopiu.net\/wordpress\/wp-json\/wp\/v2\/categories?post=378818"},{"taxonomy":"post_tag","embeddable":true,"href":"https:\/\/www.radiopiu.net\/wordpress\/wp-json\/wp\/v2\/tags?post=378818"}],"curies":[{"name":"wp","href":"https:\/\/api.w.org\/{rel}","templated":true}]}}