{"id":378855,"date":"2024-03-12T07:55:47","date_gmt":"2024-03-12T06:55:47","guid":{"rendered":"https:\/\/www.radiopiu.net\/wordpress\/?p=378855"},"modified":"2024-03-12T08:37:27","modified_gmt":"2024-03-12T07:37:27","slug":"dal-1983-la-rassegna-stampa-locale-di-mirko-mezzacasa-24","status":"publish","type":"post","link":"https:\/\/www.radiopiu.net\/wordpress\/dal-1983-la-rassegna-stampa-locale-di-mirko-mezzacasa-24\/","title":{"rendered":"DAL 1983 LA RASSEGNA STAMPA LOCALE, DI MIRKO MEZZACASA"},"content":{"rendered":"<p>***<\/p>\n<p>https:\/\/www.facebook.com\/Mirkomezziano\/videos\/673973264743524<\/p>\n<p><img decoding=\"async\" class=\"alignleft\" src=\"https:\/\/www.radiopiu.net\/wordpress\/wp-content\/uploads\/2024\/03\/COPERTINA-9.png\" \/>VIABILITA&#8217;: PASSI FALZAREGO, GIAU E FEDAIA APERTI. VAL PAROLA CHIUSO<br \/>\nLA VALLE AGORDINA I Vigili del Fuoco di Agordo ieri sera alle 22 sono stati chiamati in frazione Le Campe per l&#8217;incendio di un camino di un edificio. Nessuna persona \u00e8 rimasta ferita. Le operazioni sono terminate alle 23:50.<br \/>\nAGORDO La comunit\u00e0 di Agordo piange Gianni &#8220;Killy&#8221; Tormen. A darne il triste annuncio della scomparsa la figlia Silvia con Enza, Santiago e Renato. I funerali si svolgeranno oggi alle 14:30 nella chiesa arcidiaconale di Agordo<br \/>\nBELLUNO Incidente nel pomeriggio di ieri a Belluno sulla strada che porta a Ponte Nelle Alpi di fronte a Innerhofer. Tre le auto coinvolte nell&#8217;impatto. Sul posto il personale del SUEM 118 per soccorrere due persone che sono rimaste ferite in seguito allo scontro<br \/>\nLONGARONE\u00a0 Un anziano veneziano di 74 anni \u00e8 stato coinvolto in uno schianto alla rotatoria di Igne, Longarone. L&#8217;uomo \u00e8 uscito di strada con la sua utilitaria rossa e ha colpito il guardrail. Soccorso dall&#8217;ambulanza del 118, \u00e8 stato trasportato al Pronto Soccorso del San Martino di Belluno per accertamenti, ma le sue condizioni non sono gravi<br \/>\nBELLUNO Pneumatici squarciati da una coltellata causano disagio a un residente di via Agordo, Belluno. La macchina, parcheggiata nel cortile privato, ha subito danni notturni. L&#8217;incidente \u00e8 stato segnalato ai carabinieri e le indagini sono in corso, con l&#8217;analisi delle telecamere di sorveglianza.<br \/>\nIERI PER L&#8217;ENNESIMA VOLTA LA DOLOMITIBUS, PER UN PO&#8217; DI NEVE, LASCIA A PIEDi I RAGAZZI A LIVINALLONGO E IL SINDACO LEANDRO GRONES E&#8217; FINALMENTE PRONTO A FARE DENUNCIA. STUDENTI APPIEDATI ANCHE A VOLTAGO, QUI IERI IL PULLMAN E&#8217; PASSATO IN ANTICIPO CON TANTI SALUTI A CHI STAVA PER USCIRE DI CASA<br \/>\nIL SINDACO DI GOSALDO CHIEDE AIUTO PER LE FRANE CHE HANNO COLPITO IL PAESE<br \/>\nQUATTRO PUNTI NEL CONSIGLIO COMUNALE DI AGORDO IN PODCAST LA REGISTRAZIONE SUL SITO DI RADIOPIU<br \/>\nAGORDO\u00a0 Medico anestesista all&#8217;ospedale Papa Luciani di Agordo sotto processo per accesso abusivo a dati sensibili di una donna nel sistema informatico dell&#8217;Ulss 1 Dolomiti, dopo una relazione finita male. Il processo \u00e8 in corso con ulteriori testimonianze previste per settembre.<br \/>\nVENEZIA Il presidente della Regione Veneto, Luca Zaia, condanna fermamente la violenza contro gli operatori sanitari, sottolineando la necessit\u00e0 di affrontare il problema con determinazione.<br \/>\nROMA Pro Loco Pieve Castionese nella capitale per la premiazione e la consegna della targa di \u201cSagra di qualit\u00e0\u201d Unpli 2023. Sul palco per la stretta di mano il presidente Maurizio Fontanelle, i consiglieri Lorenzo De Zaiacomo, Roy Godi, Elio De Bona, EDI De Barda, Nicola Balcon, l\u2019assessore Paolo Luciani e il presidente Unpli Veneto Davide Praloran. La cerimonia\u00a0 si \u00e8 tenuta all&#8217;\u2019Ergife Palace Hotel e nell&#8217;aula del Senato.<br \/>\nTORNA LA SAGRA DEI FISCIOT A BELLUNO<br \/>\nTUTTO PRONTO PER LA SAGRA DI SAN GIUSEPPE A CHIES D&#8217;ALPAGO<\/p>\n<p>PALLAVOLO SECONDA SCONFITTA DEL BELLUNO VOLLEY CONTRO LA CAPOLISTA MANTOVA<br \/>\nNUOTO TROFEO COPPA PRIMAVERA A SPRESIANO: SETTE MEDAGLIE PER GLI ESORDIENTI DELLA SPORTIVAMENTE BELLUNO<br \/>\nTELEMARK LA SCUFONEDA 2024 UN VERO SUCCESSO<\/p>\n<p>&nbsp;<\/p>\n<hr \/>\n<p>&nbsp;<\/p>\n","protected":false},"excerpt":{"rendered":"<p>*** https:\/\/www.facebook.com\/Mirkomezziano\/videos\/673973264743524 VIABILITA&#8217;: PASSI FALZAREGO, GIAU E FEDAIA APERTI. VAL PAROLA CHIUSO LA VALLE AGORDINA I Vigili del Fuoco di Agordo ieri sera alle 22 sono stati chiamati in frazione Le Campe per l&#8217;incendio di un camino di un edificio. Nessuna persona \u00e8 rimasta ferita. Le operazioni sono terminate alle 23:50. AGORDO La comunit\u00e0 di&hellip;<\/p>\n","protected":false},"author":4,"featured_media":378854,"comment_status":"closed","ping_status":"closed","sticky":false,"template":"","format":"standard","meta":{"_monsterinsights_skip_tracking":false,"_monsterinsights_sitenote_active":false,"_monsterinsights_sitenote_note":"","_monsterinsights_sitenote_category":0,"footnotes":""},"categories":[104,49,142],"tags":[],"class_list":["post-378855","post","type-post","status-publish","format-standard","has-post-thumbnail","hentry","category-evidenza_3","category-news-18","category-rassegna-stampa","category-104","category-49","category-142","description-off"],"img_url":"https:\/\/www.radiopiu.net\/wordpress\/wp-content\/uploads\/2024\/03\/COPERTINA-9.png","_links":{"self":[{"href":"https:\/\/www.radiopiu.net\/wordpress\/wp-json\/wp\/v2\/posts\/378855","targetHints":{"allow":["GET"]}}],"collection":[{"href":"https:\/\/www.radiopiu.net\/wordpress\/wp-json\/wp\/v2\/posts"}],"about":[{"href":"https:\/\/www.radiopiu.net\/wordpress\/wp-json\/wp\/v2\/types\/post"}],"author":[{"embeddable":true,"href":"https:\/\/www.radiopiu.net\/wordpress\/wp-json\/wp\/v2\/users\/4"}],"replies":[{"embeddable":true,"href":"https:\/\/www.radiopiu.net\/wordpress\/wp-json\/wp\/v2\/comments?post=378855"}],"version-history":[{"count":0,"href":"https:\/\/www.radiopiu.net\/wordpress\/wp-json\/wp\/v2\/posts\/378855\/revisions"}],"wp:featuredmedia":[{"embeddable":true,"href":"https:\/\/www.radiopiu.net\/wordpress\/wp-json\/wp\/v2\/media\/378854"}],"wp:attachment":[{"href":"https:\/\/www.radiopiu.net\/wordpress\/wp-json\/wp\/v2\/media?parent=378855"}],"wp:term":[{"taxonomy":"category","embeddable":true,"href":"https:\/\/www.radiopiu.net\/wordpress\/wp-json\/wp\/v2\/categories?post=378855"},{"taxonomy":"post_tag","embeddable":true,"href":"https:\/\/www.radiopiu.net\/wordpress\/wp-json\/wp\/v2\/tags?post=378855"}],"curies":[{"name":"wp","href":"https:\/\/api.w.org\/{rel}","templated":true}]}}