{"id":378865,"date":"2024-03-13T05:41:18","date_gmt":"2024-03-13T04:41:18","guid":{"rendered":"https:\/\/www.radiopiu.net\/wordpress\/?p=378865"},"modified":"2024-03-13T07:57:36","modified_gmt":"2024-03-13T06:57:36","slug":"giornale-radiopiu-13-marzo-2024-direttore-mirko-mezzacasada-40-anni-25-giugno-1983-25-giugno-2023","status":"publish","type":"post","link":"https:\/\/www.radiopiu.net\/wordpress\/giornale-radiopiu-13-marzo-2024-direttore-mirko-mezzacasada-40-anni-25-giugno-1983-25-giugno-2023\/","title":{"rendered":"GIORNALE RADIOPIU 13 MARZO 2024 DIRETTORE MIRKO MEZZACASA\u2026DA 40 ANNI 25 GIUGNO 1983-25 GIUGNO 2023"},"content":{"rendered":"<p>******<\/p>\n<p>&nbsp;<\/p>\n<h3><a href=\"https:\/\/www.radiopiu.net\/wordpress\/giornale-radiopiu-24-gennaio-2021-direttore-mirko-mezzacasa\/141433770_171616291414874_2957460898102012198_n\/\" rel=\"attachment wp-att-186566\"><img loading=\"lazy\" decoding=\"async\" class=\"wp-image-186566 alignleft\" src=\"https:\/\/www.radiopiu.net\/wordpress\/wp-content\/uploads\/2021\/01\/141433770_171616291414874_2957460898102012198_n-300x300.jpg\" alt=\"\" width=\"144\" height=\"144\" srcset=\"https:\/\/www.radiopiu.net\/wordpress\/wp-content\/uploads\/2021\/01\/141433770_171616291414874_2957460898102012198_n-300x300.jpg 300w, https:\/\/www.radiopiu.net\/wordpress\/wp-content\/uploads\/2021\/01\/141433770_171616291414874_2957460898102012198_n-150x150.jpg 150w, https:\/\/www.radiopiu.net\/wordpress\/wp-content\/uploads\/2021\/01\/141433770_171616291414874_2957460898102012198_n-768x768.jpg 768w, https:\/\/www.radiopiu.net\/wordpress\/wp-content\/uploads\/2021\/01\/141433770_171616291414874_2957460898102012198_n.jpg 800w\" sizes=\"auto, (max-width: 144px) 100vw, 144px\" \/><\/a>PER<strong> RICEVERE QUESTO NOTIZIARIO DIRETTAMENTE SUL TUO CELLULARE ISCRIVITI AL CANALE TELEGRAM <\/strong><strong>\u201cRADIO PIU\u00a0 INFORMAZIONE&#8221;\u00a0<\/strong><\/h3>\n<h3>\u00a0il CANALE TELEGRAM&#8230; UNISCITI A: RADIO PIU INFORMAZIONE<\/h3>\n<p>&nbsp;<\/p>\n<p>&nbsp;<\/p>\n<p><em><a href=\"https:\/\/www.radiopiu.net\/wordpress\/giornale-radiopiu-24-gennaio-2021-direttore-mirko-mezzacasa\/79216601_126817312416448_708980208774483089_n\/\" rel=\"attachment wp-att-186567\"><img loading=\"lazy\" decoding=\"async\" class=\"size-medium wp-image-186567 alignright\" src=\"https:\/\/www.radiopiu.net\/wordpress\/wp-content\/uploads\/2021\/01\/79216601_126817312416448_708980208774483089_n-300x114.jpg\" alt=\"\" width=\"300\" height=\"114\" srcset=\"https:\/\/www.radiopiu.net\/wordpress\/wp-content\/uploads\/2021\/01\/79216601_126817312416448_708980208774483089_n-300x114.jpg 300w, https:\/\/www.radiopiu.net\/wordpress\/wp-content\/uploads\/2021\/01\/79216601_126817312416448_708980208774483089_n-768x292.jpg 768w, https:\/\/www.radiopiu.net\/wordpress\/wp-content\/uploads\/2021\/01\/79216601_126817312416448_708980208774483089_n.jpg 820w\" sizes=\"auto, (max-width: 300px) 100vw, 300px\" \/><\/a><span style=\"color: #ff0000;\">ATTENZIONE: LA NUOVA APP PER IOS-IPHONE di Nicola Vettorello <\/span><\/em><a href=\"https:\/\/apps.apple.com\/it\/app\/radio-pi%C3%B9-emittente-agordina\/id1515939845\">https:\/\/apps.apple.com\/it\/app\/radio-pi%C3%B9-emittente-agordina\/id1515939845<\/a><\/p>\n<p><em style=\"color: #ff0000;\">ATTENZIONE: LA NUOVA APP RADIO\u00a0 PER ANDROID di Nicola Vettorello<\/em><\/p>\n<p><a href=\"https:\/\/play.google.com\/store\/apps\/details?id=net.radiopiu.iniko\" target=\"_blank\" rel=\"noopener noreferrer\">https:\/\/play.google.com\/store\/apps\/details?id=net.radiopiu.iniko\u00a0\u00a0<\/a><\/p>\n<p>&nbsp;<\/p>\n<h3 class=\"kvgmc6g5 cxmmr5t8 oygrvhab hcukyx3x c1et5uql\"><span style=\"color: #0000ff;\">***<\/span><\/h3>\n<h2><span style=\"color: #000000;\">ISCRIVITI AL NOSTRO CANALE\u00a0\u00a0YOUTUBE PER SEGUIRE IN DIRETTA I PRINCIPALI PROGRAMMI DI RADIO PIU\u2019 E LE FUTURE DIRETTE IN ESTERNA. PER ISCRIVERTI <a style=\"color: #000000;\" href=\"https:\/\/youtube.com\/@radiopiu1527\">CLICCA QUI\u00a0<\/a>E PREMI\u00a0 \u201cIscriviti\u201d\u00a0 \u00a0<\/span><\/h2>\n<div data-block=\"true\" data-editor=\"avj4u\" data-offset-key=\"d3i0j-0-0\"><\/div>\n<div data-block=\"true\" data-editor=\"avj4u\" data-offset-key=\"d3i0j-0-0\">\n<hr \/>\n<\/div>\n<div data-block=\"true\" data-editor=\"avj4u\" data-offset-key=\"d3i0j-0-0\"><\/div>\n<div class=\"x11i5rnm xat24cr x1mh8g0r x1vvkbs xtlvy1s x126k92a\">\n<div dir=\"auto\">\n<p><a class=\"dt-pswp-item\" href=\"https:\/\/www.radiopiu.net\/wordpress\/wp-content\/uploads\/2023\/10\/34f4cfc6-e863-46e9-9695-8df44be63421.jpg\" data-dt-img-description=\"\" data-large_image_width=\"1200\" data-large_image_height=\"1200\"><img loading=\"lazy\" decoding=\"async\" class=\"wp-image-357393 alignleft\" src=\"https:\/\/www.radiopiu.net\/wordpress\/wp-content\/uploads\/2023\/10\/34f4cfc6-e863-46e9-9695-8df44be63421-300x300.jpg\" alt=\"\" width=\"81\" height=\"81\" srcset=\"https:\/\/www.radiopiu.net\/wordpress\/wp-content\/uploads\/2023\/10\/34f4cfc6-e863-46e9-9695-8df44be63421-300x300.jpg 300w, https:\/\/www.radiopiu.net\/wordpress\/wp-content\/uploads\/2023\/10\/34f4cfc6-e863-46e9-9695-8df44be63421-1024x1024.jpg 1024w, https:\/\/www.radiopiu.net\/wordpress\/wp-content\/uploads\/2023\/10\/34f4cfc6-e863-46e9-9695-8df44be63421-150x150.jpg 150w, https:\/\/www.radiopiu.net\/wordpress\/wp-content\/uploads\/2023\/10\/34f4cfc6-e863-46e9-9695-8df44be63421-768x768.jpg 768w, https:\/\/www.radiopiu.net\/wordpress\/wp-content\/uploads\/2023\/10\/34f4cfc6-e863-46e9-9695-8df44be63421.jpg 1200w\" sizes=\"auto, (max-width: 81px) 100vw, 81px\" \/><\/a>OGGI ALLA RADIO: <strong>ALLE 7<\/strong> LA RASSEGNA STAMPA LOCALE FLASH, PER CHI COME NOI ALLE SETTE DEL MATTINO VA DI FRETTA, TANTE NOTIZIE IN POCHE CHIACCHIERE. <strong>ALLE OTTO<\/strong> L&#8217;APPROFONDIMENTO NELLA STORICA RASSEGNA STAMPA LOCALE.\u00a0 DALLE 6 ALLE 21, OGNI ORA, L&#8217;INFORMAZIONE NAZIONALE, l&#8217;informazione locale,\u00a0 OGNI ORA IN CODA AL GR NAZIONALE, ALLE 14 VIABILITA 15 METEOROLOGIA 19 I TITOLI DAL TG DI ANTENNA 3 A CURA DI TIZIANA BOLOGNANI<\/p>\n<p><span style=\"color: #ff0000;\">La Settimana della memoria e dell&#8217;impegno, Agordo come Roma: citt\u00e0 Libera i 100 passi verso il 21 marzo, giornata in ricordo della vittime innocenti delle mafie a cura del PRESIDIO AGORDINO DI LIBERA &#8220;LUCIA PRECENZANO E SALVATORE AVERSA da lunedi 18 a sabato 23 marzo, alle 9.45 e 18.45 &#8230; su radio pi\u00f9<\/span><\/p>\n<p>&nbsp;<\/p>\n<hr \/>\n<p>&nbsp;<\/p>\n<blockquote>\n<h1><strong>\u00a0MACIGNO SULLA CAORERA, STRADA INTERDETTA A TUTTI I MEZZI<\/strong><\/h1>\n<\/blockquote>\n<p style=\"text-align: left;\"><strong><img loading=\"lazy\" decoding=\"async\" class=\"alignleft\" src=\"https:\/\/www.radiopiu.net\/wordpress\/wp-content\/uploads\/2020\/05\/VENETO-STRADE-300x300.png\" width=\"132\" height=\"132\" \/>SP1 MADONNA DEL PIAVE,<\/strong> localit\u00e0 Caorera, Comune Setteville. Fino a cessato pericolo caduta sassi interdizione totale al transitoLa strada provinciale 1 bis Madonna del Piave \u00e8 chiusa a causa della caduta di un grosso macigno, provocando una nuova emergenza per la viabilit\u00e0 feltrina. Veneto Strade ha emesso un&#8217;ordinanza di chiusura totale per la messa in sicurezza del versante montuoso. Una automobilista ha lanciato l&#8217;allarme dopo aver trovato il masso sulla carreggiata, senza conseguenze per veicoli o persone. I rocciatori lavoreranno per la bonifica, mantenendo la chiusura della strada fino a cessato pericolo.<\/p>\n<p>&nbsp;<\/p>\n\n\t\t\t<style type='text\/css'>\n\t\t\t\t#gallery-1 {\n\t\t\t\t\tmargin: auto;\n\t\t\t\t}\n\t\t\t\t#gallery-1 .gallery-item {\n\t\t\t\t\tfloat: left;\n\t\t\t\t\tmargin-top: 10px;\n\t\t\t\t\ttext-align: center;\n\t\t\t\t\twidth: 50%;\n\t\t\t\t}\n\t\t\t\t#gallery-1 img {\n\t\t\t\t\tborder: 2px solid #cfcfcf;\n\t\t\t\t}\n\t\t\t\t#gallery-1 .gallery-caption {\n\t\t\t\t\tmargin-left: 0;\n\t\t\t\t}\n\t\t\t\t\/* see gallery_shortcode() in wp-includes\/media.php *\/\n\t\t\t<\/style>\n\t\t<div id='gallery-1' class='dt-gallery-container gallery galleryid-378865 gallery-columns-2 gallery-size-medium'><dl class='gallery-item'>\n\t\t\t\t<dt class='gallery-icon landscape'>\n\t\t\t\t\t<a class=\"rollover rollover-zoom dt-pswp-item\" title=\"AAA\" data-dt-img-description=\"\" data-large_image_width=\"394\" data-large_image_height=\"199\"href='https:\/\/www.radiopiu.net\/wordpress\/wp-content\/uploads\/2024\/03\/AAA.png'><img loading=\"lazy\" decoding=\"async\" width=\"300\" height=\"152\" src=\"https:\/\/www.radiopiu.net\/wordpress\/wp-content\/uploads\/2024\/03\/AAA-300x152.png\" class=\"attachment-medium size-medium\" alt=\"\" srcset=\"https:\/\/www.radiopiu.net\/wordpress\/wp-content\/uploads\/2024\/03\/AAA-300x152.png 300w, https:\/\/www.radiopiu.net\/wordpress\/wp-content\/uploads\/2024\/03\/AAA.png 394w\" sizes=\"auto, (max-width: 300px) 100vw, 300px\" \/><\/a>\n\t\t\t\t<\/dt><\/dl><dl class='gallery-item'>\n\t\t\t\t<dt class='gallery-icon landscape'>\n\t\t\t\t\t<a class=\"rollover rollover-zoom dt-pswp-item\" title=\"333\" data-dt-img-description=\"\" data-large_image_width=\"358\" data-large_image_height=\"212\"href='https:\/\/www.radiopiu.net\/wordpress\/wp-content\/uploads\/2024\/03\/333.png'><img loading=\"lazy\" decoding=\"async\" width=\"300\" height=\"178\" src=\"https:\/\/www.radiopiu.net\/wordpress\/wp-content\/uploads\/2024\/03\/333-300x178.png\" class=\"attachment-medium size-medium\" alt=\"\" srcset=\"https:\/\/www.radiopiu.net\/wordpress\/wp-content\/uploads\/2024\/03\/333-300x178.png 300w, https:\/\/www.radiopiu.net\/wordpress\/wp-content\/uploads\/2024\/03\/333.png 358w\" sizes=\"auto, (max-width: 300px) 100vw, 300px\" \/><\/a>\n\t\t\t\t<\/dt><\/dl><br style=\"clear: both\" \/>\n\t\t\t<\/div>\n\n<h1><span style=\"color: #ff0000;\"><strong>REDAZIONE<\/strong> riaperte al traffico senza limitazioni\u00a0 la S.P. 638 \u201cdel Passo Giau\u201d\u00a0 e la \u00a0S.P. 619 \u201cdi Vigo di Cadore\u201d\u00a0<\/span><\/h1>\n<p>&nbsp;<\/p>\n<blockquote>\n<h1>LA PROVINCIA A SELLE DI GOSALDO, AL VAGLIO LE SOLUZIONI PER LA FRANA<\/h1>\n<\/blockquote>\n<\/div>\n<p>DI GIANNI SANTOMASO<\/p>\n<audio class=\"wp-audio-shortcode\" id=\"audio-378865-1\" preload=\"none\" style=\"width: 100%;\" controls=\"controls\"><source type=\"audio\/mpeg\" src=\"https:\/\/www.radiopiu.net\/wordpress\/wp-content\/uploads\/2024\/03\/gianni-selle.mp3?_=1\" \/><a href=\"https:\/\/www.radiopiu.net\/wordpress\/wp-content\/uploads\/2024\/03\/gianni-selle.mp3\">https:\/\/www.radiopiu.net\/wordpress\/wp-content\/uploads\/2024\/03\/gianni-selle.mp3<\/a><\/audio>\n<p>&nbsp;<\/p>\n<p><strong>GOSALDO<\/strong> Sopralluogo tecnico a Selle\u00a0 dove domenica pomeriggio, a seguito del maltempo, si \u00e8 verificata una frana che ha isolato per alcune ore la frazione. Il geologo incaricato dalla Provincia \u00e8 stato sul luogo della colata e ha verificato l\u2019entit\u00e0 del dissesto. Nel frattempo, il Comune di Gosaldo ha provveduto a realizzare una pista di passaggio temporaneo, per permettere ai residenti di muoversi. Il dissesto, infatti, si trova a monte della strada di collegamento con la frazione. Si tratta di un problema annoso che la Provincia ha segnalato anche ai tecnici del Dipartimento di Protezione Civile nazionale con priorit\u00e0 di finanziamento per uno studio di fattibilit\u00e0 di messa in sicurezza.\u00a0Anche a seguito dell\u2019ultimo sopralluogo, la Provincia conferma di essere a disposizione dell\u2019amministrazione comunale per trovare una possibile soluzione. Due le ipotesi sul tavolo, da approfondire: la messa in sicurezza del versante oppure la costruzione di una via d\u2019accesso alternativa alla frazione. Per entrambe servono ingenti risorse economiche, sia per la progettazione sia per la realizzazione.<\/p>\n\n\t\t\t<style type='text\/css'>\n\t\t\t\t#gallery-2 {\n\t\t\t\t\tmargin: auto;\n\t\t\t\t}\n\t\t\t\t#gallery-2 .gallery-item {\n\t\t\t\t\tfloat: left;\n\t\t\t\t\tmargin-top: 10px;\n\t\t\t\t\ttext-align: center;\n\t\t\t\t\twidth: 20%;\n\t\t\t\t}\n\t\t\t\t#gallery-2 img {\n\t\t\t\t\tborder: 2px solid #cfcfcf;\n\t\t\t\t}\n\t\t\t\t#gallery-2 .gallery-caption {\n\t\t\t\t\tmargin-left: 0;\n\t\t\t\t}\n\t\t\t\t\/* see gallery_shortcode() in wp-includes\/media.php *\/\n\t\t\t<\/style>\n\t\t<div id='gallery-2' class='dt-gallery-container gallery galleryid-378865 gallery-columns-5 gallery-size-thumbnail'><dl class='gallery-item'>\n\t\t\t\t<dt class='gallery-icon landscape'>\n\t\t\t\t\t<a class=\"rollover rollover-zoom dt-pswp-item\" title=\"20240311_152651 (FILEminimizer)\" data-dt-img-description=\"\" data-large_image_width=\"1024\" data-large_image_height=\"768\"href='https:\/\/www.radiopiu.net\/wordpress\/wp-content\/uploads\/2024\/03\/20240311_152651-FILEminimizer.jpg'><img loading=\"lazy\" decoding=\"async\" width=\"150\" height=\"150\" src=\"https:\/\/www.radiopiu.net\/wordpress\/wp-content\/uploads\/2024\/03\/20240311_152651-FILEminimizer-150x150.jpg\" class=\"attachment-thumbnail size-thumbnail\" alt=\"\" \/><\/a>\n\t\t\t\t<\/dt><\/dl><dl class='gallery-item'>\n\t\t\t\t<dt class='gallery-icon landscape'>\n\t\t\t\t\t<a class=\"rollover rollover-zoom dt-pswp-item\" title=\"20240311_152757 (FILEminimizer)\" data-dt-img-description=\"\" data-large_image_width=\"1024\" data-large_image_height=\"768\"href='https:\/\/www.radiopiu.net\/wordpress\/wp-content\/uploads\/2024\/03\/20240311_152757-FILEminimizer.jpg'><img loading=\"lazy\" decoding=\"async\" width=\"150\" height=\"150\" src=\"https:\/\/www.radiopiu.net\/wordpress\/wp-content\/uploads\/2024\/03\/20240311_152757-FILEminimizer-150x150.jpg\" class=\"attachment-thumbnail size-thumbnail\" alt=\"\" \/><\/a>\n\t\t\t\t<\/dt><\/dl><dl class='gallery-item'>\n\t\t\t\t<dt class='gallery-icon landscape'>\n\t\t\t\t\t<a class=\"rollover rollover-zoom dt-pswp-item\" title=\"foto 03\" data-dt-img-description=\"\" data-large_image_width=\"1369\" data-large_image_height=\"750\"href='https:\/\/www.radiopiu.net\/wordpress\/wp-content\/uploads\/2024\/03\/foto-03.jpg'><img loading=\"lazy\" decoding=\"async\" width=\"150\" height=\"150\" src=\"https:\/\/www.radiopiu.net\/wordpress\/wp-content\/uploads\/2024\/03\/foto-03-150x150.jpg\" class=\"attachment-thumbnail size-thumbnail\" alt=\"\" \/><\/a>\n\t\t\t\t<\/dt><\/dl><dl class='gallery-item'>\n\t\t\t\t<dt class='gallery-icon landscape'>\n\t\t\t\t\t<a class=\"rollover rollover-zoom dt-pswp-item\" title=\"foto 01\" data-dt-img-description=\"\" data-large_image_width=\"1850\" data-large_image_height=\"952\"href='https:\/\/www.radiopiu.net\/wordpress\/wp-content\/uploads\/2024\/03\/foto-01.jpg'><img loading=\"lazy\" decoding=\"async\" width=\"150\" height=\"150\" src=\"https:\/\/www.radiopiu.net\/wordpress\/wp-content\/uploads\/2024\/03\/foto-01-150x150.jpg\" class=\"attachment-thumbnail size-thumbnail\" alt=\"\" \/><\/a>\n\t\t\t\t<\/dt><\/dl><dl class='gallery-item'>\n\t\t\t\t<dt class='gallery-icon landscape'>\n\t\t\t\t\t<a class=\"rollover rollover-zoom dt-pswp-item\" title=\"foto 02\" data-dt-img-description=\"\" data-large_image_width=\"1505\" data-large_image_height=\"825\"href='https:\/\/www.radiopiu.net\/wordpress\/wp-content\/uploads\/2024\/03\/foto-02.jpg'><img loading=\"lazy\" decoding=\"async\" width=\"150\" height=\"150\" src=\"https:\/\/www.radiopiu.net\/wordpress\/wp-content\/uploads\/2024\/03\/foto-02-150x150.jpg\" class=\"attachment-thumbnail size-thumbnail\" alt=\"\" \/><\/a>\n\t\t\t\t<\/dt><\/dl><br style=\"clear: both\" \/>\n\t\t\t<\/div>\n\n<p><strong>INTERVENTI EFFETTUATI<\/strong><\/p>\n<p>Intanto hanno funzionato gli ultimi interventi effettuati dalla Provincia, a seguito dell\u2019alluvione di fine ottobre-inizio novembre 2023. In quell\u2019occasione si era verificato un ingente smottamento su cui era stata attivata una somma urgenza. Con un investimento da 83mila euro erano stati installati alcuni ombrelli a valle della strada, ed era stato ripristinato il drenaggio a monte. La frana di domenica scorsa \u00e8 caduta qualche centinaio di metri pi\u00f9 avanti rispetto al punto dell\u2019ultimo intervento.<\/p>\n<p>&nbsp;<\/p>\n<p>&nbsp;<\/p>\n<hr \/>\n<p>&nbsp;<\/p>\n<p>&nbsp;<\/p>\n<p><span style=\"color: #ff0000;\"><strong>SELLE DI GOSALDO<\/strong><\/span><\/p>\n<blockquote><p><strong><a class=\"dt-pswp-item\" href=\"https:\/\/www.radiopiu.net\/wordpress\/wp-content\/uploads\/2024\/03\/foto-02.jpg\" data-dt-img-description=\"\" data-large_image_width=\"1505\" data-large_image_height=\"825\"><img loading=\"lazy\" decoding=\"async\" class=\"wp-image-378942 alignleft\" src=\"https:\/\/www.radiopiu.net\/wordpress\/wp-content\/uploads\/2024\/03\/foto-02-300x164.jpg\" alt=\"\" width=\"145\" height=\"79\" srcset=\"https:\/\/www.radiopiu.net\/wordpress\/wp-content\/uploads\/2024\/03\/foto-02-300x164.jpg 300w, https:\/\/www.radiopiu.net\/wordpress\/wp-content\/uploads\/2024\/03\/foto-02-1024x561.jpg 1024w, https:\/\/www.radiopiu.net\/wordpress\/wp-content\/uploads\/2024\/03\/foto-02-768x421.jpg 768w, https:\/\/www.radiopiu.net\/wordpress\/wp-content\/uploads\/2024\/03\/foto-02.jpg 1505w\" sizes=\"auto, (max-width: 145px) 100vw, 145px\" \/><\/a>IL GIORmALE RADIO&#8230; IL LATO IRONICO DELLA NOTIZIA.<\/strong><br \/>\n<strong>DI MARCO V DAL FARRA\u00a0<\/strong><\/p><\/blockquote>\n<p>&nbsp;<\/p>\n<audio class=\"wp-audio-shortcode\" id=\"audio-378865-2\" preload=\"none\" style=\"width: 100%;\" controls=\"controls\"><source type=\"audio\/mpeg\" src=\"https:\/\/www.radiopiu.net\/wordpress\/wp-content\/uploads\/2024\/03\/marco-dal-farra-flash-2.mp3?_=2\" \/><a href=\"https:\/\/www.radiopiu.net\/wordpress\/wp-content\/uploads\/2024\/03\/marco-dal-farra-flash-2.mp3\">https:\/\/www.radiopiu.net\/wordpress\/wp-content\/uploads\/2024\/03\/marco-dal-farra-flash-2.mp3<\/a><\/audio>\n<p><span style=\"color: #800080;\"><a class=\"dt-pswp-item\" href=\"https:\/\/www.radiopiu.net\/wordpress\/wp-content\/uploads\/2024\/03\/file-1.jpg\" data-dt-img-description=\"\" data-large_image_width=\"640\" data-large_image_height=\"640\"><img loading=\"lazy\" decoding=\"async\" class=\"wp-image-378841 aligncenter\" src=\"https:\/\/www.radiopiu.net\/wordpress\/wp-content\/uploads\/2024\/03\/file-1-300x300.jpg\" alt=\"\" width=\"110\" height=\"110\" srcset=\"https:\/\/www.radiopiu.net\/wordpress\/wp-content\/uploads\/2024\/03\/file-1-300x300.jpg 300w, https:\/\/www.radiopiu.net\/wordpress\/wp-content\/uploads\/2024\/03\/file-1-150x150.jpg 150w, https:\/\/www.radiopiu.net\/wordpress\/wp-content\/uploads\/2024\/03\/file-1.jpg 640w\" sizes=\"auto, (max-width: 110px) 100vw, 110px\" \/><\/a><\/span><\/p>\n<p><span style=\"color: #ff0000;\"><strong>DISAGI DOLOMITIBUS<\/strong><\/span><\/p>\n<blockquote><p><strong><a class=\"dt-pswp-item\" href=\"https:\/\/www.radiopiu.net\/wordpress\/wp-content\/uploads\/2022\/10\/310122743_498244062313104_3169098356255353643_n.jpg\" data-dt-img-description=\"\" data-large_image_width=\"720\" data-large_image_height=\"540\"><img loading=\"lazy\" decoding=\"async\" class=\"wp-image-301505 alignleft\" src=\"https:\/\/www.radiopiu.net\/wordpress\/wp-content\/uploads\/2022\/10\/310122743_498244062313104_3169098356255353643_n-300x225.jpg\" alt=\"\" width=\"115\" height=\"86\" srcset=\"https:\/\/www.radiopiu.net\/wordpress\/wp-content\/uploads\/2022\/10\/310122743_498244062313104_3169098356255353643_n-300x225.jpg 300w, https:\/\/www.radiopiu.net\/wordpress\/wp-content\/uploads\/2022\/10\/310122743_498244062313104_3169098356255353643_n.jpg 720w\" sizes=\"auto, (max-width: 115px) 100vw, 115px\" \/><\/a>IL GIORmALE RADIO&#8230; IL LATO IRONICO DELLA NOTIZIA.<\/strong><br \/>\n<strong>DI MARCO V DAL FARRA\u00a0<\/strong><\/p><\/blockquote>\n<audio class=\"wp-audio-shortcode\" id=\"audio-378865-3\" preload=\"none\" style=\"width: 100%;\" controls=\"controls\"><source type=\"audio\/wav\" src=\"https:\/\/www.radiopiu.net\/wordpress\/wp-content\/uploads\/2024\/03\/GiorMale-radio-flash-trasporti-arabba.wav?_=3\" \/><a href=\"https:\/\/www.radiopiu.net\/wordpress\/wp-content\/uploads\/2024\/03\/GiorMale-radio-flash-trasporti-arabba.wav\">https:\/\/www.radiopiu.net\/wordpress\/wp-content\/uploads\/2024\/03\/GiorMale-radio-flash-trasporti-arabba.wav<\/a><\/audio>\n<p>&nbsp;<\/p>\n<p>&nbsp;<\/p>\n<div dir=\"auto\">\n<hr \/>\n<p>&nbsp;<\/p>\n<blockquote>\n<h2>ACQUA NON POTABILE<\/h2>\n<\/blockquote>\n<div data-block=\"true\" data-editor=\"avj4u\" data-offset-key=\"d3i0j-0-0\"><img loading=\"lazy\" decoding=\"async\" class=\"alignleft\" src=\"https:\/\/www.radiopiu.net\/wordpress\/wp-content\/uploads\/2022\/05\/download-2.jpg\" width=\"74\" height=\"74\" \/><strong>SAN TOMASO AGORDINO<\/strong> nelle localit\u00e0 PIANEZZE, VALLATA, VAL, MEZZAVALLE, COSTA DI MEZZO E PIAN MOLIN l\u2019acqua erogata dall\u2019acquedotto non \u00e8 potabile e non pu\u00f2 essere usata per scopi alimentari. Verr\u00e0 effettuato servizio sostitutivo con cisterna in localit\u00e0 PIAN MOLIN presso Ecocentro.<\/div>\n<div data-block=\"true\" data-editor=\"avj4u\" data-offset-key=\"d3i0j-0-0\"><\/div>\n<div data-block=\"true\" data-editor=\"avj4u\" data-offset-key=\"d3i0j-0-0\"><\/div>\n<div data-block=\"true\" data-editor=\"avj4u\" data-offset-key=\"d3i0j-0-0\"><\/div>\n<blockquote>\n<h3 data-block=\"true\" data-editor=\"avj4u\" data-offset-key=\"d3i0j-0-0\">LAVORI PROGRAMMATI GSP<\/h3>\n<\/blockquote>\n<div data-block=\"true\" data-editor=\"avj4u\" data-offset-key=\"d3i0j-0-0\">Gestione Servizi Pubblici informa che, per lavori alla rete idrica comunale,GIOVEDI dalle 8:00 a FINE LAVORI verr\u00e0 sospesa l\u2019erogazione dell\u2019acqua ad AGORDO nelle vie CAL DELLE MULE e TOCCOL. Il personale addetto operer\u00e0 per limitare il pi\u00f9 possibile i disagi alla popolazione.<\/div>\n<div data-block=\"true\" data-editor=\"avj4u\" data-offset-key=\"d3i0j-0-0\"><\/div>\n<div data-block=\"true\" data-editor=\"avj4u\" data-offset-key=\"d3i0j-0-0\"><\/div>\n<div data-block=\"true\" data-editor=\"avj4u\" data-offset-key=\"d3i0j-0-0\">\n<hr \/>\n<\/div>\n<div data-block=\"true\" data-editor=\"avj4u\" data-offset-key=\"d3i0j-0-0\"><\/div>\n<div dir=\"auto\">\n<hr \/>\n<hr \/>\n<hr \/>\n<hr \/>\n<hr \/>\n<hr \/>\n<hr \/>\n<hr \/>\n<hr \/>\n<hr \/>\n<hr \/>\n<hr \/>\n<hr \/>\n<hr \/>\n<hr \/>\n<hr \/>\n<hr \/>\n<hr \/>\n<hr \/>\n<hr \/>\n<hr \/>\n<hr \/>\n<hr \/>\n<hr \/>\n<hr \/>\n<hr \/>\n<hr \/>\n<hr \/>\n<hr \/>\n<\/div>\n<p><strong><a class=\"dt-pswp-item\" href=\"https:\/\/www.radiopiu.net\/wordpress\/wp-content\/uploads\/2024\/02\/2d44e751-d8a8-461b-8e22-d8e4e853b032.jpg\" data-dt-img-description=\"\" data-large_image_width=\"1600\" data-large_image_height=\"1200\"><img loading=\"lazy\" decoding=\"async\" class=\"wp-image-373307 alignleft\" src=\"https:\/\/www.radiopiu.net\/wordpress\/wp-content\/uploads\/2024\/02\/2d44e751-d8a8-461b-8e22-d8e4e853b032-300x225.jpg\" alt=\"\" width=\"105\" height=\"79\" srcset=\"https:\/\/www.radiopiu.net\/wordpress\/wp-content\/uploads\/2024\/02\/2d44e751-d8a8-461b-8e22-d8e4e853b032-300x225.jpg 300w, https:\/\/www.radiopiu.net\/wordpress\/wp-content\/uploads\/2024\/02\/2d44e751-d8a8-461b-8e22-d8e4e853b032-1024x768.jpg 1024w, https:\/\/www.radiopiu.net\/wordpress\/wp-content\/uploads\/2024\/02\/2d44e751-d8a8-461b-8e22-d8e4e853b032-768x576.jpg 768w, https:\/\/www.radiopiu.net\/wordpress\/wp-content\/uploads\/2024\/02\/2d44e751-d8a8-461b-8e22-d8e4e853b032-1536x1152.jpg 1536w, https:\/\/www.radiopiu.net\/wordpress\/wp-content\/uploads\/2024\/02\/2d44e751-d8a8-461b-8e22-d8e4e853b032.jpg 1600w\" sizes=\"auto, (max-width: 105px) 100vw, 105px\" \/><\/a>EL BAL DEL FIOR, DI GIULIANA DA RONCH, 13 MARZO 2024<\/strong><\/p>\n<\/div>\n<\/div>\n<p>&nbsp;<\/p>\n<audio class=\"wp-audio-shortcode\" id=\"audio-378865-4\" preload=\"none\" style=\"width: 100%;\" controls=\"controls\"><source type=\"audio\/mpeg\" src=\"https:\/\/www.radiopiu.net\/wordpress\/wp-content\/uploads\/2024\/03\/GME-2.m4a?_=4\" \/><a href=\"https:\/\/www.radiopiu.net\/wordpress\/wp-content\/uploads\/2024\/03\/GME-2.m4a\">https:\/\/www.radiopiu.net\/wordpress\/wp-content\/uploads\/2024\/03\/GME-2.m4a<\/a><\/audio>\n<div class=\"x11i5rnm xat24cr x1mh8g0r x1vvkbs xtlvy1s x126k92a\">\n<div dir=\"auto\">\n<hr \/>\n<hr \/>\n<hr \/>\n<hr \/>\n<p>&nbsp;<\/p>\n<hr \/>\n<hr \/>\n<hr \/>\n<hr \/>\n<hr \/>\n<hr \/>\n<hr \/>\n<hr \/>\n<hr \/>\n<hr \/>\n<hr \/>\n<hr \/>\n<hr \/>\n<hr \/>\n<hr \/>\n<hr \/>\n<hr \/>\n<hr \/>\n<p><span style=\"color: #ff0000;\"><strong>\u00a0<\/strong><\/span><\/p>\n<p><span style=\"color: #ff0000;\"><strong>OGGI ALLA RADIO<\/strong><\/span>: <strong>ALLE 7.20<\/strong> EL BAR DEL FIOR, DETTI E TRADIZIONI DI GIULIANA DA RONCH; <strong>ALLE 8.20<\/strong> MARINA DONA <strong>ALLE 9.10 <\/strong>LIBER il programma di LIANA CAVALLET<strong> ALLE 10.10 <\/strong>CISL LA VOCE PER I LAVORATORI<strong> 10.30 <\/strong>SE NON LA SMETTI DI MANDO DAL PRESIDE CON LA PROF MARIA ROSA SALMAZO ALLE <strong>12.30 <\/strong>MY DOOLS 10 ANNI DI SARTORIA A CENCENIGHE CON CELSTINA BRUNO<strong> ALLE 14.00<\/strong> RIMASTI PIU&#8217; AVANTI CON MARCO V DAL FARRA, OSPITE ARJA\u00a0 <strong>alle 15<\/strong> la classifica di marco gaz <strong>ALLE 16<\/strong> IL ROCK CON MARCO COSTANTINI E QUESTA SERA <strong>DALLE 20,30<\/strong> INTANTO ME LA CANTO CON LUISA A MARINA<\/p>\n<p>&nbsp;<\/p>\n<\/div>\n<p>&nbsp;<\/p>\n<div dir=\"auto\">\n<p>&nbsp;<\/p>\n<hr \/>\n<\/div>\n<\/div>\n<blockquote>\n<blockquote>\n<h1><span style=\"color: #ff0000;\">I podcast informativi del mattino &#8211; audio &#8211;\u00a0<\/span><\/h1>\n<\/blockquote>\n<p><strong><a class=\"dt-pswp-item\" href=\"https:\/\/www.radiopiu.net\/wordpress\/wp-content\/uploads\/2023\/11\/th-10.jpg\" data-dt-img-description=\"\" data-large_image_width=\"320\" data-large_image_height=\"180\"><img loading=\"lazy\" decoding=\"async\" class=\"wp-image-362866 alignleft\" src=\"https:\/\/www.radiopiu.net\/wordpress\/wp-content\/uploads\/2023\/11\/th-10-300x169.jpg\" alt=\"\" width=\"185\" height=\"104\" srcset=\"https:\/\/www.radiopiu.net\/wordpress\/wp-content\/uploads\/2023\/11\/th-10-300x169.jpg 300w, https:\/\/www.radiopiu.net\/wordpress\/wp-content\/uploads\/2023\/11\/th-10.jpg 320w\" sizes=\"auto, (max-width: 185px) 100vw, 185px\" \/><\/a>LA RASSEGNA STAMPA NAZIONALE ALLA RADIO, OGNI GIORNO ALLE 5 E ALLE 6 DEL MATTINO <span style=\"color: #0000ff;\">viene pubblicata alle 6.00 <span style=\"color: #ff0000;\">DIRETTA RADIO\u00a0 \u00a0<\/span><\/span><\/strong><\/p><\/blockquote>\n<p>&nbsp;<\/p>\n<p>&nbsp;<\/p>\n<p>DI SISSY MARTINELLI<\/p>\n<p><strong>Medio oriente<\/strong> la nave italiana ha abbattuto due droni sul Mar Rosso, lo conferma il Ministro Crosetto &#8220;gli attacchi sono sempre pi\u00f9 pericolosi&#8221;. <strong>Gaza l<\/strong>ieve spiraglio per una possibile tregua nella striscia di Gaza, accordi comunque faticosi anche per il rilascio dei detenuti. Ieri perquisizioni nella sede del <strong>Milan<\/strong> in corso le indagini sull&#8217;amministratore attuale e il precedente circa la vendita della societ\u00e0. Indagini in corso sul <strong>cardinale Becciu<\/strong> e anche del fratello, secondo l&#8217;accusa avrebbero fatto confuire illecitamente l&#8217;8per mille sui conti correnti della cooperativa. <strong>Luca Nardi<\/strong>, giovanissimo tennista, da prima pagina, vittoria inaspettata.<\/p>\n<h2>AUDIO dalle 7 del mattino<\/h2>\n<audio class=\"wp-audio-shortcode\" id=\"audio-378865-5\" preload=\"none\" style=\"width: 100%;\" controls=\"controls\"><source type=\"audio\/mpeg\" src=\"https:\/\/www.radiopiu.net\/wordpress\/wp-content\/uploads\/2024\/03\/GIORNALEDELLESEI-10.mp3?_=5\" \/><a href=\"https:\/\/www.radiopiu.net\/wordpress\/wp-content\/uploads\/2024\/03\/GIORNALEDELLESEI-10.mp3\">https:\/\/www.radiopiu.net\/wordpress\/wp-content\/uploads\/2024\/03\/GIORNALEDELLESEI-10.mp3<\/a><\/audio>\n<p>&nbsp;<\/p>\n<p>&nbsp;<\/p>\n<hr \/>\n<p>&nbsp;<\/p>\n<h1 style=\"text-align: center;\"><span style=\"color: #ff0000;\">I podcast informativi del mattino &#8211; audio &#8211;\u00a0<\/span><\/h1>\n<p><strong><a class=\"dt-pswp-item\" href=\"https:\/\/www.radiopiu.net\/wordpress\/wp-content\/uploads\/2023\/12\/images.png\" data-dt-img-description=\"\" data-large_image_width=\"316\" data-large_image_height=\"160\"><img loading=\"lazy\" decoding=\"async\" class=\"wp-image-367008 alignleft\" src=\"https:\/\/www.radiopiu.net\/wordpress\/wp-content\/uploads\/2023\/12\/images-300x152.png\" alt=\"\" width=\"235\" height=\"119\" srcset=\"https:\/\/www.radiopiu.net\/wordpress\/wp-content\/uploads\/2023\/12\/images-300x152.png 300w, https:\/\/www.radiopiu.net\/wordpress\/wp-content\/uploads\/2023\/12\/images.png 316w\" sizes=\"auto, (max-width: 235px) 100vw, 235px\" \/><\/a>OGNI GIORNO ALLE SETTE DEL MATTINO, LA RASSEGNA STAMPA LOCALE FLASH&#8230; PER CHI VA IN FRETTA. I TITOLI DAI GIORNALI E DAL SITO WWW.RADIOPIU.NET <span style=\"color: #0000ff;\">viene pubblicato alle 7.00<\/span> <span style=\"color: #ff0000;\">DIRETTA RADIO\u00a0<\/span><\/strong><\/p>\n<p><em><span style=\"color: #ff0000;\">per chi va in fretta&#8230; tante notizie in pochi minuti. L&#8217;informazione locale alla radio, ogni ora dalle 7 del mattino alle 19 della sera.\u00a0 \u00a0\u00a0<\/span><\/em><\/p>\n<p>di mirko mezzacasa<\/p>\n<p><strong>SP1 MADONNA DEL PIAVE,<\/strong>\u00a0localit\u00e0 Caorera, Comune Setteville. Fino a cessato pericolo caduta sassi interdizione totale al transitoLa strada provinciale 1 bis Madonna del Piave \u00e8 chiusa a causa della caduta di un grosso macigno, provocando una nuova emergenza per la viabilit\u00e0 feltrina. Veneto Strade ha emesso un\u2019ordinanza di chiusura totale per la messa in sicurezza del versante montuoso.<\/p>\n<p><strong>GOSALDO<\/strong>\u00a0Sopralluogo tecnico a Selle\u00a0 dove domenica pomeriggio, a seguito del maltempo, si \u00e8 verificata una frana che ha isolato per alcune ore la frazione. Il geologo incaricato dalla Provincia \u00e8 stato sul luogo della colata e ha verificato l\u2019entit\u00e0 del dissesto. Nel frattempo, il Comune di Gosaldo ha provveduto a realizzare una pista di passaggio temporaneo, per permettere ai residenti di muoversi<\/p>\n<p><strong>SANTA GIUSTINA <\/strong>SINDACI CORAGGIOSI dalla parte del cittadino IL SINDACO IVAN MINELLA SI DISSOCIA DALLE INIZIATIVE DELLA POLIZIA LOCALE, SPACCATURA TRA COMUNE E AGENTI, PRECEDENTE IMPORTANTE.<\/p>\n<p><strong class=\"photoswipe-wrapper\">VALLADA <\/strong>\u00a0Sono riaffiorati i ricordi a Vallada, i pi\u00f9 giovani hanno fatto ricorso ai libri di storia, la vicenda di Alvise Andrich \u00e8 di quelle che rimangono nel cuore. Nel paese della Valle del Biois Alvise sar\u00e0 ricordato anche dall\u2019amministrazione comunale come anticipato dal sindaco Fabio Luchetta<\/p>\n<p><strong>BELLUNO<\/strong>\u00a0Il Comune di Belluno lancia la seconda edizione della campagna \u201cNon farti ingannare\u201d per sensibilizzare contro le truffe, in collaborazione con la Prefettura e finanziata dal Fondo per la prevenzione delle truffe agli anziani. Il focus di quest\u2019anno sar\u00e0 sul contrasto alle truffe online, vista la crescita dei casi in remoto.<\/p>\n<p><strong class=\"photoswipe-wrapper\">PIEVE DI CADORE<\/strong>\u00a0Il workshop \u201cAccesso al credito per l\u2019azienda turistica\u201d a Pieve di Cadore ha discusso del progetto \u201cVerso Milano Cortina 2026\u201d, focalizzandosi sulla valorizzazione delle Dolomiti Bellunesi.<\/p>\n<p><strong>FELTRE<\/strong>\u00a0ventenne bellunese Giacomo Da Ponte \u00e8 stato individuato come l\u2019aggressore alla festa Press Play, dove ha inflitto una coltellata alla natica a Adelio Ilardo, causando 30 giorni di prognosi. La causa \u00e8 stata rinviata al 2 luglio, mentre le trattative per il risarcimento danni sono in corso.<\/p>\n<h2>AUDIO dalle 7 del mattino<\/h2>\n<audio class=\"wp-audio-shortcode\" id=\"audio-378865-6\" preload=\"none\" style=\"width: 100%;\" controls=\"controls\"><source type=\"audio\/mpeg\" src=\"https:\/\/www.radiopiu.net\/wordpress\/wp-content\/uploads\/2024\/03\/GF07-10.mp3?_=6\" \/><a href=\"https:\/\/www.radiopiu.net\/wordpress\/wp-content\/uploads\/2024\/03\/GF07-10.mp3\">https:\/\/www.radiopiu.net\/wordpress\/wp-content\/uploads\/2024\/03\/GF07-10.mp3<\/a><\/audio>\n<p>&nbsp;<\/p>\n<hr \/>\n<p>&nbsp;<\/p>\n<h1><\/h1>\n<h1 style=\"text-align: center;\"><span style=\"color: #ff0000;\"><a class=\"dt-pswp-item\" href=\"https:\/\/www.radiopiu.net\/wordpress\/wp-content\/uploads\/2022\/01\/026c3f9d-dae9-4040-a3c1-a6530231bcc3.jpg\" data-dt-img-description=\"\" data-large_image_width=\"1152\" data-large_image_height=\"2048\"><img loading=\"lazy\" decoding=\"async\" class=\"wp-image-251839 alignleft\" src=\"https:\/\/www.radiopiu.net\/wordpress\/wp-content\/uploads\/2022\/01\/026c3f9d-dae9-4040-a3c1-a6530231bcc3-169x300.jpg\" alt=\"\" width=\"100\" height=\"177\" srcset=\"https:\/\/www.radiopiu.net\/wordpress\/wp-content\/uploads\/2022\/01\/026c3f9d-dae9-4040-a3c1-a6530231bcc3-169x300.jpg 169w, https:\/\/www.radiopiu.net\/wordpress\/wp-content\/uploads\/2022\/01\/026c3f9d-dae9-4040-a3c1-a6530231bcc3-576x1024.jpg 576w, https:\/\/www.radiopiu.net\/wordpress\/wp-content\/uploads\/2022\/01\/026c3f9d-dae9-4040-a3c1-a6530231bcc3-768x1365.jpg 768w, https:\/\/www.radiopiu.net\/wordpress\/wp-content\/uploads\/2022\/01\/026c3f9d-dae9-4040-a3c1-a6530231bcc3-864x1536.jpg 864w, https:\/\/www.radiopiu.net\/wordpress\/wp-content\/uploads\/2022\/01\/026c3f9d-dae9-4040-a3c1-a6530231bcc3.jpg 1152w\" sizes=\"auto, (max-width: 100px) 100vw, 100px\" \/><\/a>I podcast informativi del mattino &#8211; audio &#8211;\u00a0<\/span><\/h1>\n<blockquote><p><strong>GIORNALE RADIO NAZIONALE, EDIZIONE DELLE SETTE <span style=\"color: #0000ff;\">viene pubblicato alle 7.05 <span style=\"color: #ff0000;\">DIRETTA RADIO\u00a0<\/span><\/span><\/strong><\/p><\/blockquote>\n<p><strong>il giornale radionazionale e&#8217; in onda ogni ora, dalle sette del mattino alle venti della sera\u00a0\u00a0<\/strong><\/p>\n<p>&nbsp;<\/p>\n<p><strong>Biden<\/strong> vince le primarie in alcuni stati, pronto per la Casa Bianca, elezioni novembre. <strong>Trunph<\/strong> fa altrettanto. Il braccio destro del dissidente russo aggredito a martellate in <strong>Lituania<\/strong>, preoccupazione tra gli oppositori di Putin. <strong>Accordi<\/strong> per il cessate il fuoco a Gaza. Fondo Eliot ha ancora il controllo del <strong>Milan<\/strong>.<\/p>\n<h2>AUDIO dalle sette del mattino, ogni ora alla radio<\/h2>\n<audio class=\"wp-audio-shortcode\" id=\"audio-378865-7\" preload=\"none\" style=\"width: 100%;\" controls=\"controls\"><source type=\"audio\/mpeg\" src=\"https:\/\/www.radiopiu.net\/wordpress\/wp-content\/uploads\/2024\/03\/giornale07-10.mp3?_=7\" \/><a href=\"https:\/\/www.radiopiu.net\/wordpress\/wp-content\/uploads\/2024\/03\/giornale07-10.mp3\">https:\/\/www.radiopiu.net\/wordpress\/wp-content\/uploads\/2024\/03\/giornale07-10.mp3<\/a><\/audio>\n<p>&nbsp;<\/p>\n<p>&nbsp;<\/p>\n<h2><\/h2>\n<hr \/>\n<p>&nbsp;<\/p>\n<p>&nbsp;<\/p>\n<h1><span style=\"color: #ff0000;\">I podcast informativi del mattino &#8211; video &#8211;\u00a0<\/span><\/h1>\n<h2><strong><a class=\"dt-pswp-item\" href=\"https:\/\/www.radiopiu.net\/wordpress\/wp-content\/uploads\/2023\/12\/th-10.jpg\" data-dt-img-description=\"\" data-large_image_width=\"245\" data-large_image_height=\"180\"><img loading=\"lazy\" decoding=\"async\" class=\" wp-image-367395 alignleft\" src=\"https:\/\/www.radiopiu.net\/wordpress\/wp-content\/uploads\/2023\/12\/th-10.jpg\" alt=\"\" width=\"166\" height=\"122\" \/><\/a>RASSEGNA STAMPA LOCALE, ORE OTTO 05<\/strong><\/h2>\n<h2><strong> <span style=\"color: #0000ff;\">viene\u00a0 <\/span><\/strong><strong><span style=\"color: #0000ff;\">pubblicata alle 8.05 <span style=\"color: #ff0000;\">DIRETTA RADIO\u00a0\u00a0<\/span><\/span><\/strong><\/h2>\n<p><strong>DI MIRKO MEZZACASA\u00a0 \u00a0\u00a0<\/strong><\/p>\n<p><strong>14 marzo 2024<\/strong>\u00a0\u2013\u00a0 dalle 18 alle 20 in Sala Bianchi a Belluno incontro dal titolo \u201cDisturbi della nutrizione e dell\u2019alimentazione\u201d, aperto a tutta la cittadinanza, le \u00e9quipe di Belluno e di Feltre presenteranno la loro attivit\u00e0, con una lettura di una testimonianza a cura dell\u2019Associazione Margherita Fenice.<\/p>\n<p><strong>LONGARONE<\/strong>La 43a edizione di Agrimont, la mostra nazionale dell\u2019agricoltura di montagna, si terr\u00e0 nei prossimi due weekend (16-17 e 22-23-24 marzo) a Longarone Fiere Dolomiti. L\u2019evento presenter\u00e0 stand con prodotti, attrezzature e macchinari per l\u2019agricoltura e la zootecnia di montagna, florovivaismo, giardinaggio, gestione dell\u2019ambiente e prodotti tipici locali.<\/p>\n<p><strong>BELLUNO<\/strong>\u00a0Lucio Piccolotto, figlio del famoso \u201cpittore della neve\u201d Toni Piccolotto, arricchisce il patrimonio della Biblioteca Civica di Belluno donando alcuni volumi del padre.<\/p>\n<p><strong class=\"photoswipe-wrapper\">BORGO VALBELLUNA<\/strong>\u00a0Il Coro Polifonico di Trichiana presenta il SAN GABRIEL ACADEMY, CHORALE AND ORCHESTRA, da Los Angeles. L\u2019evento si svolger\u00e0 il 24 marzo alle 20:30 nella Chiesa arcipretale di Trichiana, con ingresso libero.<\/p>\n<p><strong class=\"photoswipe-wrapper\">BELLUNO<\/strong> Il coordinamento Donne Spi CGIL di Feltre ha organizzato un evento in occasione della Giornata. L\u2019incontro si terr\u00e0 il 15 marzo 2024 presso il Museo Diocesano Belluno Feltre, con la partecipazione di Selena Peroly, Irene Piazza, Tatiana Munaro. Introduce Tiziana Turrin coordinamento donne Spi Feltre Intermezzo musicale Chiara Sandi Letture Denise Casanova.<\/p>\n<p><strong>AGORDO<\/strong>\u00a0In occasione della 29^ Giornata della Memoria e dell\u2019impegno in ricordo delle vittime innocenti di tutte le Mafie, il presidio Agordino di Libera \u201cL. Precenzano e S. Aversa\u201d vi invita, SABATO 16 MARZO alle 20.30 presso il centro parrocchiale \u201cMons. Vincenzo Savio\u201d di Agordo. FILIPPO TORRIGIANI, consulente da tre legislature della commissione parlamentare antimafia e consulente nazionale del C.N.C.A. (Coordinamento Nazionale delle Comunit\u00e0 di Accoglienza) presenter\u00e0 il libro \u201cSILENZI E DISTRAZIONI.<\/p>\n<h2><strong>VIDEO\u00a0 \u00a0in diretta dalle 8 del mattino<\/strong><\/h2>\n<p>https:\/\/www.facebook.com\/Mirkomezziano\/videos\/1105673513912025<\/p>\n<hr \/>\n<p>&nbsp;<\/p>\n<div><\/div>\n<blockquote>\n<h3>TAMPONAMENTO SUL PONTE<\/h3>\n<\/blockquote>\n<div><strong>BELLUNO<\/strong>\u00a0 Incidente al Ponte degli Alpini, due persone ferite nel tamponamento.\u00a0 Suem e vigili del fuoco sono intervenuti ieri alle 12. Due uomini, di 67 e 41 anni, sono stati portati in Pronto soccorso.<\/div>\n<p>&nbsp;<\/p>\n<p>&nbsp;<\/p>\n<hr \/>\n<p>&nbsp;<\/p>\n<p>&nbsp;<\/p>\n<p><span style=\"color: #ff0000;\">SINDACI CORAGGIOSI<\/span><br \/>\n<span style=\"color: #ff0000;\">dalla parte del cittadino<\/span><\/p>\n<blockquote>\n<h3>IL SINDACO IVAN MINELLA SI DISSOCIA DALLE INIZIATIVE DELLA POLIZIA LOCALE, SPACCATURA TRA COMUNE E AGENTI, PRECEDENTE IMPORTANTE.<\/h3>\n<\/blockquote>\n<p><a class=\"dt-pswp-item\" href=\"https:\/\/www.radiopiu.net\/wordpress\/wp-content\/uploads\/2021\/06\/th-7.jpg\" data-dt-img-description=\"\" data-large_image_width=\"290\" data-large_image_height=\"163\"><img loading=\"lazy\" decoding=\"async\" class=\" wp-image-215337 alignleft\" src=\"https:\/\/www.radiopiu.net\/wordpress\/wp-content\/uploads\/2021\/06\/th-7.jpg\" alt=\"\" width=\"244\" height=\"137\" \/><\/a><br \/>\n<strong>REDAZIONE<\/strong> Capita spesso di parlare con i sindaci circa l&#8217;operato degli agenti di Polizia locale, ma capita spesso di sentirsi rispondere<em> &#8220;siamo due parrocchie diverse, loro lavorano e noi assistiamo senza intervenire&#8221;<\/em>. Ma a Santa Giustina il sindaco Ivan Minella non ci sta. Con una decisione importante il primo cittadino ha deciso che con l&#8217;amministrazione non si costituir\u00e0 in giudizio davanti al giudice di pace a fianco della propria polizia locale, nel ricorso aperto dai cittadini che dallo scorso anno contestano tre multe elevate in via Moro. Quindi Ivan Minella manda a dire alla Polizia locale dalle colonne del giornale Corriere delle Alpi_\u00a0 <em>&#8220;Non siamo d&#8217;accordo con quelle sanzioni comminate su una via da sempre privata che non esiste nemmeno sulle carte quanto a uso pubblico\u00bb<\/em>. La scelta \u00e8 stata formalizzata dall&#8217;amministrazione del sindaco Ivan Minella con una delibera di giunta, i cittadini ringraziano perch\u00e9 questo comporter\u00e0 un risparmio per i cittadini. (MM)<\/p>\n<p>&nbsp;<\/p>\n<hr \/>\n<p>&nbsp;<\/p>\n<p>&nbsp;<\/p>\n<blockquote><p><strong><a class=\"dt-pswp-item\" href=\"https:\/\/www.radiopiu.net\/wordpress\/wp-content\/uploads\/2023\/07\/FABIO.png\" data-dt-img-description=\"\" data-large_image_width=\"334\" data-large_image_height=\"254\"><img loading=\"lazy\" decoding=\"async\" class=\"wp-image-344768 alignleft\" src=\"https:\/\/www.radiopiu.net\/wordpress\/wp-content\/uploads\/2023\/07\/FABIO-300x228.png\" alt=\"\" width=\"130\" height=\"99\" srcset=\"https:\/\/www.radiopiu.net\/wordpress\/wp-content\/uploads\/2023\/07\/FABIO-300x228.png 300w, https:\/\/www.radiopiu.net\/wordpress\/wp-content\/uploads\/2023\/07\/FABIO.png 334w\" sizes=\"auto, (max-width: 130px) 100vw, 130px\" \/><\/a>\u00a0VALLADA\u00a0<\/strong> Sono riaffiorati i ricordi a Vallada, i pi\u00f9 giovani hanno fatto ricorso ai libri di storia, la vicenda di Alvise Andrich \u00e8 di quelle che rimangono nel cuore. Nel paese della Valle del Biois Alvise sar\u00e0 ricordato anche dall&#8217;amministrazione comunale come anticipato dal sindaco Fabio Luchetta. Di seguito riproponiamo uno degli articoli di una decina di giorni fa. A Vallada gli appassionati della storia del\u00a0 gruppo alpini da tempo sono al lavoro per ricostruire le vicente di Alvise Andrich.<\/p><\/blockquote>\n<p>&nbsp;<\/p>\n<blockquote>\n<h1><span style=\"color: #ff0000;\">ARCHIVIO, 5 MARZO 2024<\/span><\/h1>\n<h1>Ritrovato\u00a0 Il Macchi C205 di Alvise Andrich, Asso dell&#8217;Aeronautica Militare<\/h1>\n<\/blockquote>\n<blockquote>\n<h1><a class=\"dt-pswp-item\" style=\"font-size: 14px; font-weight: normal;\" href=\"https:\/\/www.radiopiu.net\/wordpress\/wp-content\/uploads\/2024\/03\/Senza-nome-16.png\" data-dt-img-description=\"\" data-large_image_width=\"819\" data-large_image_height=\"471\"><img loading=\"lazy\" decoding=\"async\" class=\"size-medium wp-image-377556 alignleft\" src=\"https:\/\/www.radiopiu.net\/wordpress\/wp-content\/uploads\/2024\/03\/Senza-nome-16-300x173.png\" alt=\"\" width=\"300\" height=\"173\" srcset=\"https:\/\/www.radiopiu.net\/wordpress\/wp-content\/uploads\/2024\/03\/Senza-nome-16-300x173.png 300w, https:\/\/www.radiopiu.net\/wordpress\/wp-content\/uploads\/2024\/03\/Senza-nome-16-768x442.png 768w, https:\/\/www.radiopiu.net\/wordpress\/wp-content\/uploads\/2024\/03\/Senza-nome-16.png 819w\" sizes=\"auto, (max-width: 300px) 100vw, 300px\" \/><\/a><\/h1>\n<\/blockquote>\n<p>Dopo oltre 80 anni, un pezzo di storia dell&#8217;Aeronautica militare \u00e8 tornato alla luce: si tratta del Macchi C205 serie I, appartenuto al sergente maggiore pilota Alvise Andrich, asso dell&#8217;Aeronautica militare e pluridecorato al valore. Il relitto dell&#8217;aereo \u00e8 stato ritrovato nel mare di Pantelleria nel 2007 e recuperato l&#8217;anno scorso, grazie alla collaborazione tra varie autorit\u00e0. Il completo restauro del velivolo \u00e8 stato seguito dall&#8217;Aeronautica, che ha presentato il risultato a Roma, con la presenza del figlio dell&#8217;aviatore. Alvise Andrich, noto anche come alpinista, partecip\u00f2 alla difesa di Pantelleria nel giugno del 1943, dove venne abbattuto. Dopo la guerra, continu\u00f2 la carriera nell&#8217;Aeronautica e perse la vita nel 1951 durante una missione di trasferimento, ma il suo eroismo gli valse la medaglia d&#8217;argento alla memoria.<\/p>\n<p>&nbsp;<\/p>\n<hr \/>\n<blockquote>\n<h2><\/h2>\n<h2>Campagna &#8220;Non farti ingannare&#8221; contro le truffe: Comune di Belluno in azione<\/h2>\n<\/blockquote>\n<p><strong><img loading=\"lazy\" decoding=\"async\" class=\"alignleft\" src=\"https:\/\/www.radiopiu.net\/wordpress\/wp-content\/uploads\/2024\/03\/982a6c00-ae58-4cf3-ad76-7691ac2b35d2.jpg\" width=\"242\" height=\"182\" \/>BELLUNO<\/strong> Il Comune di Belluno lancia la seconda edizione della campagna &#8220;Non farti ingannare&#8221; per sensibilizzare contro le truffe, in collaborazione con la Prefettura e finanziata dal Fondo per la prevenzione delle truffe agli anziani. Il focus di quest&#8217;anno sar\u00e0 sul contrasto alle truffe online, vista la crescita dei casi in remoto. Gli incontri con la cittadinanza, che coinvolgeranno anche giovani e anziani, partiranno il 13 marzo e si estenderanno fino a luglio nelle frazioni di Loreto, Levego, Sagrogna, Mussoi, Nogar\u00e8 e Nevegal, con la partecipazione di polizia locale, personale di Sersa e uno spettacolo comico sulle modalit\u00e0 di truffa. La campagna includer\u00e0 spot televisivi e radiofonici per ampliare la consapevolezza sulla prevenzione delle truffe.<\/p>\n<p><strong>DI DANIELE DALVIT<\/strong><\/p>\n<audio class=\"wp-audio-shortcode\" id=\"audio-378865-8\" preload=\"none\" style=\"width: 100%;\" controls=\"controls\"><source type=\"audio\/mpeg\" src=\"https:\/\/www.radiopiu.net\/wordpress\/wp-content\/uploads\/2024\/03\/Radio-Piu-Servizio-Incontro-antitruffe-online.mp3?_=8\" \/><a href=\"https:\/\/www.radiopiu.net\/wordpress\/wp-content\/uploads\/2024\/03\/Radio-Piu-Servizio-Incontro-antitruffe-online.mp3\">https:\/\/www.radiopiu.net\/wordpress\/wp-content\/uploads\/2024\/03\/Radio-Piu-Servizio-Incontro-antitruffe-online.mp3<\/a><\/audio>\n<p>&nbsp;<\/p>\n<p><strong><a class=\"dt-pswp-item\" href=\"https:\/\/www.radiopiu.net\/wordpress\/wp-content\/uploads\/2024\/01\/Senza-nome-34.png\" data-dt-img-description=\"\" data-large_image_width=\"239\" data-large_image_height=\"153\"><img loading=\"lazy\" decoding=\"async\" class=\"wp-image-369478 alignleft\" src=\"https:\/\/www.radiopiu.net\/wordpress\/wp-content\/uploads\/2024\/01\/Senza-nome-34.png\" alt=\"\" width=\"128\" height=\"82\" \/><\/a><\/strong><\/p>\n<h1 class=\"_title post-title entry-title\"><\/h1>\n<p><strong>\u00a0\u00a0<\/strong><strong>dal TG BELLUNESE di\u00a0 ANTENNA 3 ogni sera alle 19.30 sul canale 10 del digitale terrestre e alle 19 le anticipazioni alla radio.\u00a0 \u00a0\u00a0<\/strong><\/p>\n<h3 class=\"_title post-title entry-title\">TRUFFATA E RAPINATA. IL RACCONTO DI EMMA RICCI, TESTIMONIAL DELLA CAMPAGNA ANTI TRUFFE<\/h3>\n<p>Intervistati EMMA RICCI (VITTIMA DI TRUFFA), MARIANO SAVASTANO (PREFETTO DI BELLUNO) (Servizio di\u00a0<a href=\"https:\/\/antennatre.medianordest.it\/redazione\/Tiziana-Bolognani\/\">Tiziana Bolognani<\/a>)<\/p>\n<p><iframe loading=\"lazy\" title=\"TRUFFATA E RAPINATA. IL RACCONTO DI EMMA RICCI, TESTIMONIAL DELLA CAMPAGNA ANTI TRUFFE | 12\/03\/2024\" width=\"1200\" height=\"675\" src=\"https:\/\/www.youtube.com\/embed\/JNz_5956OO4?feature=oembed\" frameborder=\"0\" allow=\"accelerometer; autoplay; clipboard-write; encrypted-media; gyroscope; picture-in-picture; web-share\" allowfullscreen><\/iframe><\/p>\n<p>&nbsp;<\/p>\n<hr \/>\n<p>&nbsp;<\/p>\n<blockquote>\n<h3>A PIEVE DI CADORE IL WORKSHOP IN VISTA DELLE OLIMPIADI<\/h3>\n<\/blockquote>\n<p><strong><a class=\"dt-pswp-item\" href=\"https:\/\/www.radiopiu.net\/wordpress\/wp-content\/uploads\/2024\/03\/IMG_8006-scaled.jpg\" data-dt-img-description=\"\" data-large_image_width=\"2560\" data-large_image_height=\"1920\"><img loading=\"lazy\" decoding=\"async\" class=\" wp-image-378895 alignleft\" src=\"https:\/\/www.radiopiu.net\/wordpress\/wp-content\/uploads\/2024\/03\/IMG_8006-300x225.jpg\" alt=\"\" width=\"151\" height=\"113\" srcset=\"https:\/\/www.radiopiu.net\/wordpress\/wp-content\/uploads\/2024\/03\/IMG_8006-300x225.jpg 300w, https:\/\/www.radiopiu.net\/wordpress\/wp-content\/uploads\/2024\/03\/IMG_8006-1024x768.jpg 1024w, https:\/\/www.radiopiu.net\/wordpress\/wp-content\/uploads\/2024\/03\/IMG_8006-768x576.jpg 768w, https:\/\/www.radiopiu.net\/wordpress\/wp-content\/uploads\/2024\/03\/IMG_8006-1536x1152.jpg 1536w, https:\/\/www.radiopiu.net\/wordpress\/wp-content\/uploads\/2024\/03\/IMG_8006-2048x1536.jpg 2048w\" sizes=\"auto, (max-width: 151px) 100vw, 151px\" \/><\/a>PIEVE DI CADORE<\/strong> Il workshop &#8220;Accesso al credito per l&#8217;azienda turistica&#8221; a Pieve di Cadore ha discusso del progetto &#8220;Verso Milano Cortina 2026&#8221;, focalizzandosi sulla valorizzazione delle Dolomiti Bellunesi. Gli esperti, tra cui Moreno Mancin e Andrea Ellero dell&#8217;Universit\u00e0 Ca\u2019 Foscari, hanno evidenziato la necessit\u00e0 di investimenti infrastrutturali e miglioramenti nell&#8217;offerta ricettiva. Le Olimpiadi offrono un&#8217;opportunit\u00e0 unica per il territorio, richiedendo un impegno progettuale e finanziario da parte di Regione Veneto e Provincia di Belluno per attrarre una domanda turistica di qualit\u00e0. Il potenziale delle Dolomiti e il patrimonio artistico, come Tiziano Vecellio, sono considerati risorse significative per la valorizzazione internazionale.<\/p>\n<p>&nbsp;<\/p>\n<p>&nbsp;<\/p>\n<hr \/>\n<p>&nbsp;<\/p>\n<h2><span style=\"color: #ff0000;\">CONSIGLI COMUNALI<\/span><\/h2>\n<h2><span style=\"color: #000000;\">TAIBON ADOTTA LA VARIANTE PER LA ROTATORIA A STRAPONT, INTERSEZIONE CON LA REGIONALE 203 AGORDINA<\/span><\/h2>\n<p><strong><a class=\"dt-pswp-item\" href=\"https:\/\/www.radiopiu.net\/wordpress\/wp-content\/uploads\/2020\/05\/TAIBON-DRONE-scaled.jpg\" data-dt-img-description=\"DCIM100MEDIADJI_0046.JPG\" data-large_image_width=\"2560\" data-large_image_height=\"1440\"><img loading=\"lazy\" decoding=\"async\" class=\"size-medium wp-image-136470 alignleft\" src=\"https:\/\/www.radiopiu.net\/wordpress\/wp-content\/uploads\/2020\/05\/TAIBON-DRONE-300x169.jpg\" alt=\"\" width=\"300\" height=\"169\" srcset=\"https:\/\/www.radiopiu.net\/wordpress\/wp-content\/uploads\/2020\/05\/TAIBON-DRONE-300x169.jpg 300w, https:\/\/www.radiopiu.net\/wordpress\/wp-content\/uploads\/2020\/05\/TAIBON-DRONE-1024x576.jpg 1024w, https:\/\/www.radiopiu.net\/wordpress\/wp-content\/uploads\/2020\/05\/TAIBON-DRONE-768x432.jpg 768w, https:\/\/www.radiopiu.net\/wordpress\/wp-content\/uploads\/2020\/05\/TAIBON-DRONE-1536x864.jpg 1536w, https:\/\/www.radiopiu.net\/wordpress\/wp-content\/uploads\/2020\/05\/TAIBON-DRONE-2048x1152.jpg 2048w\" sizes=\"auto, (max-width: 300px) 100vw, 300px\" \/><\/a><\/strong><\/p>\n<div class=\"flex-1 overflow-hidden\">\n<div class=\"react-scroll-to-bottom--css-mykiq-79elbk h-full\">\n<div class=\"react-scroll-to-bottom--css-mykiq-1n7m0yu\">\n<div class=\"flex flex-col text-sm pb-9\">\n<div class=\"w-full text-token-text-primary\" data-testid=\"conversation-turn-27\">\n<div class=\"px-4 py-2 justify-center text-base md:gap-6 m-auto\">\n<div class=\"flex flex-1 text-base mx-auto gap-3 md:px-5 lg:px-1 xl:px-5 md:max-w-3xl lg:max-w-[40rem] xl:max-w-[48rem] group final-completion\">\n<div class=\"relative flex w-full flex-col agent-turn\">\n<div class=\"flex-col gap-1 md:gap-3\">\n<div class=\"flex flex-grow flex-col max-w-full\">\n<div class=\"min-h-[20px] text-message flex flex-col items-start gap-3 whitespace-pre-wrap break-words [.text-message+&amp;]:mt-5 overflow-x-auto\" data-message-author-role=\"assistant\" data-message-id=\"c8e33371-25f5-411a-8299-b4d0f3a33dc7\">\n<div class=\"markdown prose w-full break-words dark:prose-invert dark\">\n<p><strong>Consiglio Comunale a Taibon: Bilancio e Progetti in Discussione<\/strong><\/p>\n<p>Il sindaco Silvia Tormen ha convocato il Consiglio Comunale per oggi alle 19 presso la sede municipale di Taibon. Tra i punti all&#8217;ordine del giorno, spiccano la discussione sul bilancio di previsione e variazioni al bilancio comunale. In particolare, verr\u00e0 affrontata la questione della riduzione del verde privato vincolato su terreni situati in localit\u00e0 Peden, insieme alla riduzione del verde su terreni in localit\u00e0 al Forte. Un altro argomento di interesse sar\u00e0 il miglioramento della rotatoria di via Strapont, con un intervento previsto utilizzando i fondi di confine del 2019. Si prevede una discussione approfondita su questi temi cruciali per lo sviluppo e il benessere della comunit\u00e0 locale.<\/p>\n<\/div>\n<\/div>\n<\/div>\n<div class=\"mt-1 flex justify-start gap-3 empty:hidden\">\n<div class=\"flex items-center gap-1.5 text-xs\"><\/div>\n<\/div>\n<\/div>\n<\/div>\n<\/div>\n<\/div>\n<\/div>\n<\/div>\n<\/div>\n<\/div>\n<\/div>\n<blockquote>\n<h3>A CENCENIGHE SONO 9 I PUNTI DA TRATTARE NEL CONSIGLIO COMUNALE<\/h3>\n<\/blockquote>\n<p><strong>CENCENIGHE<\/strong> Il sindaco Mauro Soppelsa ha convocato i consiglieri comunali per venerdi alle 20:30. Saranno 9 i punti da discutere tra cui il piano delle alienazioni, le imposte Imu e Irpef, l&#8217;approvazione del DUP, una modifica all&#8217;uso delle sale comunali, il regolamento per la circolazione sulle strade sivo-pastorali e una modifica al regolamento per la detenzione e uso dell&#8217;amamento della polizia locale.<\/p>\n<p>&nbsp;<\/p>\n<blockquote>\n<h3>CINQUE PUNTI NEL CONSIGLIO COMUNALE DI COLLE SANTA LUCIA<\/h3>\n<\/blockquote>\n<p><strong>COLLE SANTA LUCIA<\/strong> Il sindaco Paolo Frena ha convocato i consiglieri comunali per sabato alle 15. Saranno 5 i punti da discutere tra cui le proposte di accordo pubblico, il primo piano degli interventi, la costituzione della federazione dei ladins de Souramont e le comunicazioni del sindaco.<\/p>\n<p>&nbsp;<\/p>\n<p>&nbsp;<\/p>\n<hr \/>\n<p>&nbsp;<\/p>\n<blockquote>\n<h3>OGGI LA GIUDIZIARIA, SUL CORRIERE DELLE ALPI<br \/>\nDI GIGI SOSSO<\/h3>\n<\/blockquote>\n<p><strong>BELLUNO<\/strong> Falso nell&#8217;autocertificazione. Aveva scritto in una domanda di non avere precedenti penali, ma dopo un normale controllo risultava che fosse finito in tribunale per guida in stato di ebbrezza. Per questo, la Procura aveva chiesto la sua condanna, ma il processo \u00e8 finito con un&#8217; assoluzione.<\/p>\n<p><strong>BELLUNO\u00a0<\/strong> Insulta e minaccia i carabinieri, in un controllo: \u00abVi denuncio, vi rovino, siete delle m.\u00bb. Portato a processo per oltraggio,\u00a0 ha scelto l&#8217;abbreviato con il difensore Valentina Stefani. Il pm Gulli aveva chiesto sei mesi, ma il giudice Cittolin ha assolto perch\u00e9 il fatto non sussiste.<\/p>\n<p><strong>FELTRE<\/strong> ventenne bellunese Giacomo Da Ponte \u00e8 stato individuato come l&#8217;aggressore alla festa Press Play, dove ha inflitto una coltellata alla natica a Adelio Ilardo, causando 30 giorni di prognosi. La causa \u00e8 stata rinviata al 2 luglio, mentre le trattative per il risarcimento danni sono in corso.<\/p>\n<p><strong>SANTA GIUSTINA<\/strong>\u00a0 \u00a0Il campano Antonino Staiano avrebbe usato il telefono di un tunisino e un altro di un pakistano per farsi versare 1.200 euro, invece di spenderne 300 per l&#8217;acquisto di mobili di antiquariato su un sito. Raggirato un santagiustinese. L&#8217;imputato deve aver cominciato a restituire qualcosa: la querela \u00e8 stata ritirata.<\/p>\n<p><strong>\u00a0GOSALDO<\/strong> Martellata in testa alla sorella. Non \u00e8 stato un colpo forte,\u00a0 comunque da cinque giorni di prognosi. Sentite le parti il giudice Cittolin ha rinviato al 18 aprile, giorno entro il quale dovr\u00e0 essere presentata un&#8217;offerta reale in denaro.<\/p>\n<p>&nbsp;<\/p>\n<hr \/>\n<p>&nbsp;<\/p>\n<blockquote>\n<blockquote>\n<h2><span style=\"color: #ff0000;\">MALTEMPO: VECIA POPA RINVIATA A DOMENICA 17MARZO<\/span><\/h2>\n<\/blockquote>\n<p>&nbsp;<\/p>\n<p><strong><a class=\"dt-pswp-item\" href=\"https:\/\/www.radiopiu.net\/wordpress\/wp-content\/uploads\/2024\/02\/VeciaPopa2014b.jpg\" data-dt-img-description=\"\" data-large_image_width=\"1500\" data-large_image_height=\"944\"><img loading=\"lazy\" decoding=\"async\" class=\" wp-image-376680 alignleft\" src=\"https:\/\/www.radiopiu.net\/wordpress\/wp-content\/uploads\/2024\/02\/VeciaPopa2014b-300x189.jpg\" alt=\"\" width=\"163\" height=\"103\" srcset=\"https:\/\/www.radiopiu.net\/wordpress\/wp-content\/uploads\/2024\/02\/VeciaPopa2014b-300x189.jpg 300w, https:\/\/www.radiopiu.net\/wordpress\/wp-content\/uploads\/2024\/02\/VeciaPopa2014b-1024x644.jpg 1024w, https:\/\/www.radiopiu.net\/wordpress\/wp-content\/uploads\/2024\/02\/VeciaPopa2014b-768x483.jpg 768w, https:\/\/www.radiopiu.net\/wordpress\/wp-content\/uploads\/2024\/02\/VeciaPopa2014b.jpg 1500w\" sizes=\"auto, (max-width: 163px) 100vw, 163px\" \/><\/a>DI MIRKO MEZZACASA<\/strong><\/p>\n<p>OSPITI: Thomas Manfroi e Valentina De Nardin<\/p><\/blockquote>\n<p>&nbsp;<\/p>\n<audio class=\"wp-audio-shortcode\" id=\"audio-378865-9\" preload=\"none\" style=\"width: 100%;\" controls=\"controls\"><source type=\"audio\/mpeg\" src=\"https:\/\/www.radiopiu.net\/wordpress\/wp-content\/uploads\/2024\/02\/vecia-popa-2024.mp3?_=9\" \/><a href=\"https:\/\/www.radiopiu.net\/wordpress\/wp-content\/uploads\/2024\/02\/vecia-popa-2024.mp3\">https:\/\/www.radiopiu.net\/wordpress\/wp-content\/uploads\/2024\/02\/vecia-popa-2024.mp3<\/a><\/audio>\n<p>&nbsp;<\/p>\n<p>&nbsp;<\/p>\n<hr \/>\n<blockquote>\n<h3><strong><a class=\"dt-pswp-item\" href=\"https:\/\/www.radiopiu.net\/wordpress\/wp-content\/uploads\/2024\/03\/Api_marzo_24.jpg\" data-dt-img-description=\"\" data-large_image_width=\"1240\" data-large_image_height=\"1754\"><img loading=\"lazy\" decoding=\"async\" class=\"wp-image-378230 alignleft\" src=\"https:\/\/www.radiopiu.net\/wordpress\/wp-content\/uploads\/2024\/03\/Api_marzo_24-212x300.jpg\" alt=\"\" width=\"95\" height=\"134\" srcset=\"https:\/\/www.radiopiu.net\/wordpress\/wp-content\/uploads\/2024\/03\/Api_marzo_24-212x300.jpg 212w, https:\/\/www.radiopiu.net\/wordpress\/wp-content\/uploads\/2024\/03\/Api_marzo_24-724x1024.jpg 724w, https:\/\/www.radiopiu.net\/wordpress\/wp-content\/uploads\/2024\/03\/Api_marzo_24-768x1086.jpg 768w, https:\/\/www.radiopiu.net\/wordpress\/wp-content\/uploads\/2024\/03\/Api_marzo_24-1086x1536.jpg 1086w, https:\/\/www.radiopiu.net\/wordpress\/wp-content\/uploads\/2024\/03\/Api_marzo_24.jpg 1240w\" sizes=\"auto, (max-width: 95px) 100vw, 95px\" \/><\/a><\/strong>API AMBIENTE IN UN INCONTRO A BELLUNO<\/h3>\n<\/blockquote>\n<p>&nbsp;<\/p>\n<p><strong>BELLUNO<\/strong><\/p>\n<p>DI ALESSIA DALL&#8217;O&#8217;<\/p>\n<audio class=\"wp-audio-shortcode\" id=\"audio-378865-10\" preload=\"none\" style=\"width: 100%;\" controls=\"controls\"><source type=\"audio\/mpeg\" src=\"https:\/\/www.radiopiu.net\/wordpress\/wp-content\/uploads\/2024\/03\/ALESSIA-API-AMBIENTE.mp3?_=10\" \/><a href=\"https:\/\/www.radiopiu.net\/wordpress\/wp-content\/uploads\/2024\/03\/ALESSIA-API-AMBIENTE.mp3\">https:\/\/www.radiopiu.net\/wordpress\/wp-content\/uploads\/2024\/03\/ALESSIA-API-AMBIENTE.mp3<\/a><\/audio>\n<p>&nbsp;<\/p>\n<hr \/>\n<p>&nbsp;<\/p>\n<blockquote>\n<h3>ENERGIA: MERCATO TUTELATO O LIBERO? L&#8217;INCONTRO<\/h3>\n<\/blockquote>\n<p><strong>BELLUNO<\/strong> Confartigianato Belluno e ANAP Belluno hanno organizzato un incontro luned\u00ec alle 16 nella sede dell\u2019Associazione a Belluno, dedicato alle utenze domestiche di energia elettrica e gas metano. L&#8217;obiettivo \u00e8 promuovere l&#8217;importanza di unire le persone per trovare soluzioni pi\u00f9 efficaci. L&#8217;incontro si concentra sul recente aumento dei prezzi dell&#8217;energia per i clienti vulnerabili e sulle decisioni relative al servizio di tutela del gas per gli over 75 e i beneficiari del bonus sociale.<\/p>\n<p>&nbsp;<\/p>\n<p>&nbsp;<\/p>\n<hr \/>\n<p>&nbsp;<\/p>\n<blockquote>\n<h2><strong><a class=\"dt-pswp-item\" href=\"https:\/\/www.radiopiu.net\/wordpress\/wp-content\/uploads\/2024\/03\/Fiocchetto-lilla-15-Marzo-768x432-1.jpg\" data-dt-img-description=\"\" data-large_image_width=\"768\" data-large_image_height=\"432\"><img loading=\"lazy\" decoding=\"async\" class=\" wp-image-378061 alignleft\" src=\"https:\/\/www.radiopiu.net\/wordpress\/wp-content\/uploads\/2024\/03\/Fiocchetto-lilla-15-Marzo-768x432-1-300x169.jpg\" alt=\"\" width=\"117\" height=\"66\" srcset=\"https:\/\/www.radiopiu.net\/wordpress\/wp-content\/uploads\/2024\/03\/Fiocchetto-lilla-15-Marzo-768x432-1-300x169.jpg 300w, https:\/\/www.radiopiu.net\/wordpress\/wp-content\/uploads\/2024\/03\/Fiocchetto-lilla-15-Marzo-768x432-1.jpg 768w\" sizes=\"auto, (max-width: 117px) 100vw, 117px\" \/><\/a>Giornata nazionale del Fiocchetto Lilla: le iniziative in Ulss Dolomiti<\/strong><\/h2>\n<\/blockquote>\n<p><strong>14 marzo 2024<\/strong> \u2013\u00a0 dalle 18 alle 20 in Sala Bianchi a Belluno incontro dal titolo \u201cDisturbi della nutrizione e dell&#8217;alimentazione\u201d, aperto a tutta la cittadinanza, le \u00e9quipe di Belluno e di Feltre presenteranno la loro attivit\u00e0, con una lettura di una testimonianza a cura dell\u2019Associazione Margherita Fenice.<\/p>\n<p><strong>16 marzo 2024<\/strong> \u2013 OPEN DAY dedicato ai disturbi della nutrizione e dell\u2019alimentazione dalle 9 alle 130 nelle due sedi degli ospedali di Feltre e Belluno<\/p>\n<p>&nbsp;<\/p>\n<hr \/>\n<p>&nbsp;<\/p>\n<blockquote>\n<h2>L\u2019agricoltura in pendenza incontra il turismo<\/h2>\n<\/blockquote>\n<p><strong>LONGARONE<\/strong>La 43a edizione di Agrimont, la mostra nazionale dell&#8217;agricoltura di montagna, si terr\u00e0 nei prossimi due weekend (16-17 e 22-23-24 marzo) a Longarone Fiere Dolomiti. L&#8217;evento presenter\u00e0 stand con prodotti, attrezzature e macchinari per l&#8217;agricoltura e la zootecnia di montagna, florovivaismo, giardinaggio, gestione dell&#8217;ambiente e prodotti tipici locali. Sar\u00e0 anche approfondito il tema dell&#8217;agriturismo e del turismo rurale, considerati alleati fondamentali dell&#8217;agricoltura. Saranno presentate iniziative come &#8220;Digitour&#8221; e case history come &#8220;Ville Venete&#8221;. Le masterclass offriranno opportunit\u00e0 sia per professionisti che per appassionati, con focus sulla sicurezza e sull&#8217;uso corretto di attrezzature come la motosega. Agrimont si propone come tributo all&#8217;agricoltura di montagna e offre diverse occasioni per promuovere lavoro e passione nell&#8217;ambito del verde, dell&#8217;ambiente e della natura.<\/p>\n<blockquote><p><em>\u00abAgrimont \u00e8 il tributo a tutti coloro che a vario titolo si occupano di agricoltura, in particolare quell\u2019agricoltura \u201cin pendenza\u201d che diventa strumento per modellare il territorio\u00bb dice\u00a0 il presidente Michele Dal Farra. \u00abI visitatori da sabato 16 a domenica 24 marzo troveranno diverse occasioni per coltivare &#8211; \u00e8 proprio il caso di dirlo &#8211; lavoro e passioni in tema verde, ambiente e natura<\/em><\/p><\/blockquote>\n<p>&nbsp;<\/p>\n<p>&nbsp;<\/p>\n<blockquote>\n<h3>&#8220;Patrimonio forestale e crediti di carbonio&#8221;<\/h3>\n<\/blockquote>\n<div><span style=\"font-family: Arial;\"><strong>BELLUNO<\/strong>\u00a0 Il convegno &#8220;Patrimonio forestale e Crediti di Carbonio&#8221; si terr\u00e0 domenica\u00a0 alle\u00a0 10:45, organizzato da Confartigianato Imprese Belluno nell\u2019ambito della Fiera Agrimont 2024 a Longarone, Area incontri padiglione C.<\/span><\/div>\n<div>L\u2019incontro riguarda il Registro Pubblico dei Crediti di Carbonio e vedr\u00e0 le conclusioni del Senatore Luca De Carlo Presidente IX Commissione Industria, commercio, turismo, agricoltura e produzione agroalimentare.<\/div>\n<p>&nbsp;<\/p>\n<p>&nbsp;<\/p>\n<p>&nbsp;<\/p>\n<hr \/>\n<p>&nbsp;<\/p>\n<blockquote>\n<h2><\/h2>\n<h2><strong>Salvataggio d&#8217;impresa: Convegno su Workers Buyout a Belluno<\/strong><\/h2>\n<\/blockquote>\n<p><strong>BELLUNO<\/strong> Appia CNA\u00a0 e Legacoop Veneto organizzano il convegno &#8220;Passaggio generazionale, impresa e territorio&#8221;, focalizzato sui nuovi lavoratori come soluzione alla crisi aziendale o alla mancanza di successori. L&#8217;evento si terr\u00e0 venerdi\u00a0 15 marzo alle 11 a Castion, con focus sul contesto imprenditoriale locale e strumenti cooperativi per facilitare il processo. Interverranno esperti e rappresentanti sindacali per analizzare dati occupazionali. \u00c8 necessaria la prenotazione. La fotografia attuale sar\u00e0 a cura del sociologo Diego Cason, tra gli interventi anche\u00a0 del presidente\u00a0 di Appia CNA Belluno Massimo Sposato.<\/p>\n<p><strong>PER LE TRE RADIO BARBARA PAOLAZZI\u00a0<\/strong><\/p>\n<audio class=\"wp-audio-shortcode\" id=\"audio-378865-11\" preload=\"none\" style=\"width: 100%;\" controls=\"controls\"><source type=\"audio\/mpeg\" src=\"https:\/\/www.radiopiu.net\/wordpress\/wp-content\/uploads\/2024\/03\/barbara-appia.mp3?_=11\" \/><a href=\"https:\/\/www.radiopiu.net\/wordpress\/wp-content\/uploads\/2024\/03\/barbara-appia.mp3\">https:\/\/www.radiopiu.net\/wordpress\/wp-content\/uploads\/2024\/03\/barbara-appia.mp3<\/a><\/audio>\n<p>&nbsp;<\/p>\n<hr \/>\n<p>&nbsp;<\/p>\n<blockquote>\n<h2><strong><img loading=\"lazy\" decoding=\"async\" class=\"alignleft\" src=\"https:\/\/www.radiopiu.net\/wordpress\/wp-content\/uploads\/2024\/03\/Senza-nome-46.png\" width=\"232\" height=\"147\" \/><\/strong>Arricchimento del patrimonio della Biblioteca Civica di Belluno: Donati volumi di Toni Piccolotto<\/h2>\n<\/blockquote>\n<p><strong>BELLUNO<\/strong> Lucio Piccolotto, figlio del famoso &#8220;pittore della neve&#8221; Toni Piccolotto, arricchisce il patrimonio della Biblioteca Civica di Belluno donando alcuni volumi del padre. L&#8217;assessore alla cultura Raffaele Addamiano ha ricevuto la donazione durante una breve cerimonia.<\/p>\n<audio class=\"wp-audio-shortcode\" id=\"audio-378865-12\" preload=\"none\" style=\"width: 100%;\" controls=\"controls\"><source type=\"audio\/mpeg\" src=\"https:\/\/www.radiopiu.net\/wordpress\/wp-content\/uploads\/2024\/03\/Radio-Piu-Servizio-Donazione-Piccolotto-Biblioteca.mp3?_=12\" \/><a href=\"https:\/\/www.radiopiu.net\/wordpress\/wp-content\/uploads\/2024\/03\/Radio-Piu-Servizio-Donazione-Piccolotto-Biblioteca.mp3\">https:\/\/www.radiopiu.net\/wordpress\/wp-content\/uploads\/2024\/03\/Radio-Piu-Servizio-Donazione-Piccolotto-Biblioteca.mp3<\/a><\/audio>\n<p>&nbsp;<\/p>\n<p>&nbsp;<\/p>\n<hr \/>\n<p>&nbsp;<\/p>\n<blockquote>\n<h3>LA SAN GABRIEL ACADEMY A TRICHIANA<\/h3>\n<\/blockquote>\n<p><strong><a class=\"dt-pswp-item\" href=\"https:\/\/www.radiopiu.net\/wordpress\/wp-content\/uploads\/2024\/03\/Orchestra-San-Gabriel.jpg\" data-dt-img-description=\"\" data-large_image_width=\"1600\" data-large_image_height=\"925\"><img loading=\"lazy\" decoding=\"async\" class=\" wp-image-378890 alignleft\" src=\"https:\/\/www.radiopiu.net\/wordpress\/wp-content\/uploads\/2024\/03\/Orchestra-San-Gabriel-300x173.jpg\" alt=\"\" width=\"179\" height=\"103\" srcset=\"https:\/\/www.radiopiu.net\/wordpress\/wp-content\/uploads\/2024\/03\/Orchestra-San-Gabriel-300x173.jpg 300w, https:\/\/www.radiopiu.net\/wordpress\/wp-content\/uploads\/2024\/03\/Orchestra-San-Gabriel-1024x592.jpg 1024w, https:\/\/www.radiopiu.net\/wordpress\/wp-content\/uploads\/2024\/03\/Orchestra-San-Gabriel-768x444.jpg 768w, https:\/\/www.radiopiu.net\/wordpress\/wp-content\/uploads\/2024\/03\/Orchestra-San-Gabriel-1536x888.jpg 1536w, https:\/\/www.radiopiu.net\/wordpress\/wp-content\/uploads\/2024\/03\/Orchestra-San-Gabriel.jpg 1600w\" sizes=\"auto, (max-width: 179px) 100vw, 179px\" \/><\/a>BORGO VALBELLUNA<\/strong> Il Coro Polifonico di Trichiana presenta il SAN GABRIEL ACADEMY, CHORALE AND ORCHESTRA, da Los Angeles. L&#8217;evento si svolger\u00e0 il 24 marzo alle 20:30 nella Chiesa arcipretale di Trichiana, con ingresso libero. Paolo Gardenal, presidente del coro, sottolinea l&#8217;opportunit\u00e0 di promuovere scambi culturali e dialogo sociale attraverso la musica. La Corale San Gabriel Academy \u00e8 un coro da camera e un&#8217;orchestra di Los Angeles, impegnati in vari stili musicali e collaborazioni con artisti rinomati.<\/p>\n<p>&nbsp;<\/p>\n<p>&nbsp;<\/p>\n<hr \/>\n<p>&nbsp;<\/p>\n<blockquote>\n<h3>VISITE AL MANICOMIO DI FELTRE<\/h3>\n<\/blockquote>\n<p><strong><a class=\"dt-pswp-item\" href=\"https:\/\/www.radiopiu.net\/wordpress\/wp-content\/uploads\/2024\/03\/Porta-del-bagno-del-manicomio.jpg\" data-dt-img-description=\"\" data-large_image_width=\"600\" data-large_image_height=\"800\"><img loading=\"lazy\" decoding=\"async\" class=\"wp-image-378750 alignleft\" src=\"https:\/\/www.radiopiu.net\/wordpress\/wp-content\/uploads\/2024\/03\/Porta-del-bagno-del-manicomio-225x300.jpg\" alt=\"\" width=\"86\" height=\"115\" srcset=\"https:\/\/www.radiopiu.net\/wordpress\/wp-content\/uploads\/2024\/03\/Porta-del-bagno-del-manicomio-225x300.jpg 225w, https:\/\/www.radiopiu.net\/wordpress\/wp-content\/uploads\/2024\/03\/Porta-del-bagno-del-manicomio.jpg 600w\" sizes=\"auto, (max-width: 86px) 100vw, 86px\" \/><\/a>BELLUNO<\/strong> Iscrizioni aperte per le visite guidate all&#8217;ex Manicomio di Feltre. Sabato 16 marzo, in gruppi di massimo 30 persone, si esploreranno gli spazi esterni della struttura con un percorso storico-artistico, storico-psichiatrico e sociale. Guide saranno studenti dell\u2019ultimo anno del Liceo di Scienze Umane dell\u2019Istituto Canossiano di Feltre, formati tramite un corso coordinato dalla professoressa Marina Meneghin. Le visite, alle 10, 11, 12, 14, 15 e 16, richiedono iscrizione via e-mail (<a target=\"_new\" rel=\"noopener\">biblioteca@comune.belluno.it<\/a>) o chiamata telefonica (0437 948093) con indicazione dei nomi e di un numero di cellulare di riferimento.<\/p>\n<p>&nbsp;<\/p>\n<p>&nbsp;<\/p>\n<hr \/>\n<p>&nbsp;<\/p>\n<blockquote>\n<h2><a class=\"dt-pswp-item\" href=\"https:\/\/www.radiopiu.net\/wordpress\/wp-content\/uploads\/2018\/10\/Volante-Questura-2-1.jpg\" data-dt-img-description=\"\" data-large_image_width=\"200\" data-large_image_height=\"200\"><img loading=\"lazy\" decoding=\"async\" class=\"wp-image-64854 alignleft\" src=\"https:\/\/www.radiopiu.net\/wordpress\/wp-content\/uploads\/2018\/10\/Volante-Questura-2-1.jpg\" alt=\"\" width=\"110\" height=\"110\" srcset=\"https:\/\/www.radiopiu.net\/wordpress\/wp-content\/uploads\/2018\/10\/Volante-Questura-2-1.jpg 200w, https:\/\/www.radiopiu.net\/wordpress\/wp-content\/uploads\/2018\/10\/Volante-Questura-2-1-150x150.jpg 150w\" sizes=\"auto, (max-width: 110px) 100vw, 110px\" \/><\/a>Questura di Belluno &#8211; Ufficio Concorsi &#8211;<\/h2>\n<\/blockquote>\n<p><strong>BELLUNO<\/strong>\u00a0 Sul Portale unico del reclutamento www.inpa.gov.it e sul sito www.poliziadistato.it \u00e8 stato pubblicato il bando di concorso pubblico, per titoli, per l\u2019assunzione di 21 atleti da assegnare ai gruppi sportivi \u201cPolizia di Stato \u2013 Fiamme Oro\u201d, che saranno inquadrati nel ruolo degli agenti e assistenti della Polizia di Stato, indetto con decreto del 29\/02\/2024.<\/p>\n<p><strong>BELLUNO<\/strong> \u00c8 stato pubblicato il bando di concorso pubblico per l&#8217;assunzione di 18 commissari tecnici ingegneri del ruolo degli ingegneri della carriera dei funzionari tecnici della Polizia di Stato. Il concorso prevede selezioni basate su titoli ed esami. Ulteriori dettagli e informazioni sono disponibili sul Portale unico del reclutamento <a href=\"http:\/\/www.inpa.gov.it\/\" target=\"_new\" rel=\"noopener\">www.inpa.gov.it<\/a> e sul sito <a href=\"http:\/\/www.poliziadistato.it\/\" target=\"_new\" rel=\"noopener\">www.poliziadistato.it<\/a>.<\/p>\n<p>&nbsp;<\/p>\n<p>&nbsp;<\/p>\n<hr \/>\n<p>&nbsp;<\/p>\n<blockquote>\n<h3>BANDO PER 16 ALLIEVI UFFICIALI PER LA GUARDIA DI FINANZA<\/h3>\n<\/blockquote>\n<p><strong>BELLUNO<\/strong> sul portale Concorsi Online del Corpo, \u00e8 stato pubblicato il bando di concorso per n. 16 allievi ufficiali in ferma prefissata del Corpo della Guardia di Finanza. I posti sono destinati alle specialit\u00e0 telematica, infrastrutture e sanit\u00e0. Possono partecipare cittadini italiani con laurea specialistica o magistrale, nati non prima del 1\u00b0 gennaio 1992. La domanda, compilata telematicamente entro le 12:00 del 27 marzo 2024, richiede l&#8217;uso di SPID o &#8220;Entra con CIE&#8221;. Ulteriori dettagli sono disponibili sul portale &#8220;<a href=\"https:\/\/concorsi.gdf.gov.it\/\" target=\"_new\" rel=\"noopener\">https:\/\/concorsi.gdf.gov.it<\/a>&#8220;.<\/p>\n<p>&nbsp;<\/p>\n<p>&nbsp;<\/p>\n<hr \/>\n<p>&nbsp;<\/p>\n<blockquote>\n<h3>IL LIBRO SU MARCO POLO<\/h3>\n<\/blockquote>\n<p><strong>BELLUNO<\/strong> Sabato, alle 16, al Salone nobile di Palazzo Fulcis a Belluno, Francesco Jori presenter\u00e0 il libro &#8220;Marco Polo. La vita \u00e8 viaggio&#8221;. L&#8217;evento celebra i settecento anni dalla morte del famoso mercante e viaggiatore, offrendo un&#8217;opportunit\u00e0 unica in una location spettacolare grazie alla collaborazione con il Comune di Belluno. Ingresso libero.<\/p>\n<p>&nbsp;<\/p>\n<p>&nbsp;<\/p>\n<hr \/>\n<p>&nbsp;<\/p>\n<blockquote>\n<h3>LA CONOSCENZA CI FA PROTAGONISTE<\/h3>\n<\/blockquote>\n<p><strong><a class=\"dt-pswp-item\" href=\"https:\/\/www.radiopiu.net\/wordpress\/wp-content\/uploads\/2023\/02\/SPI-CGIL.png\" data-dt-img-description=\"\" data-large_image_width=\"278\" data-large_image_height=\"244\"><img loading=\"lazy\" decoding=\"async\" class=\"wp-image-322694 alignleft\" src=\"https:\/\/www.radiopiu.net\/wordpress\/wp-content\/uploads\/2023\/02\/SPI-CGIL.png\" alt=\"\" width=\"183\" height=\"161\" \/><\/a>BELLUNO<\/strong> Il coordinamento Donne Spi CGIL di Feltre ha organizzato un evento in occasione della Giornata Internazionale della Donna 2024, dando voce a giovani donne che hanno realizzato le proprie passioni con impegno e determinazione. Le storie raccontate includono esperienze di impegno sociale, provenienti da diverse aree geografiche e con interessi nelle arti musicali, unite dalla ricerca della perfezione nel loro lavoro. L&#8217;evento mira a evidenziare le sfide e le conquiste delle donne, come il divario retributivo e pensionistico, le violenze e le molestie, ma anche la determinazione nel combatterle. L&#8217;incontro si terr\u00e0 il 15 marzo 2024 presso il Museo Diocesano Belluno Feltre, con la partecipazione di Selena Peroly, Irene Piazza, Tatiana Munaro. Introduce Tiziana Turrin coordinamento donne Spi Feltre Intermezzo musicale Chiara Sandi Letture Denise Casanova.<\/p>\n<p>&nbsp;<\/p>\n<p>&nbsp;<\/p>\n<hr \/>\n<p>&nbsp;<\/p>\n<blockquote>\n<h3>LA 29ESIMA GIORNATA DELLA MEMORIA CONTRO LE MAFIE<\/h3>\n<p>Le Scuole in Rete, in collaborazione con Istituzioni e Associazioni, ospiteranno Filippo Torrigiani, Consulente della Commissione Parlamentare Antimafia, per una serie di incontri pubblici nella provincia. Torrigiani parler\u00e0 della sua esperienza nel contrasto alla criminalit\u00e0 organizzata e presenter\u00e0 il suo libro &#8220;Silenzi e distrazioni&#8221;. Affronter\u00e0 tematiche riguardanti l&#8217;illegalit\u00e0 mafiosa, inclusi usura, azzardo, droghe, e le sue conseguenze economiche e sociali. Gli appuntamenti si svolgeranno dal 14 al 16 marzo in diverse localit\u00e0, coinvolgendo studenti, cittadini e genitori per promuovere la partecipazione pubblica e la sensibilizzazione sulla legalit\u00e0.<\/p>\n<p>&nbsp;<\/p><\/blockquote>\n<p><strong>AGORDO<\/strong> In occasione della 29^ Giornata della Memoria e dell\u2019impegno in ricordo delle vittime innocenti di tutte le Mafie, il presidio Agordino di Libera \u201cL. Precenzano e S. Aversa\u201d vi invita, SABATO 16 MARZO alle 20.30 presso il centro parrocchiale \u201cMons. Vincenzo Savio\u201d di Agordo. FILIPPO TORRIGIANI, consulente da tre legislature della commissione parlamentare antimafia e consulente nazionale del C.N.C.A. (Coordinamento Nazionale delle Comunit\u00e0 di Accoglienza) presenter\u00e0 il libro \u201cSILENZI E DISTRAZIONI. 10 COSE DI CUI NON SI PARLA\u201d. Dialogher\u00e0 con l\u2019autore Marco Rossato. Nel libro, Torrigiani affronta con voce \u201cforte e chiara\u201d, come scrive nella prefazione Rosy Bindi, tematiche scomode e di cruciale importanza quali le condizioni del lavoro, le problematiche ambientali, le diseguaglianze sociali, la sanit\u00e0 pubblica e privata, ecc. Non ultimo, un importante riferimento anche al mondo dell\u2019informazione, che, se non \u00e8 responsabile, \u00e8 a tutti gli effetti compartecipe di questi \u201csilenzi e distrazioni\u201d di massa. La\u00a0 cittadinanza \u00e8 invitata a partecipare all\u2019evento<\/p>\n<p>&nbsp;<\/p>\n<blockquote>\n<h3>IL PRESIDIO LIBERA DI AGORDO PARTE CON IL TESSERAMENTO 2024<\/h3>\n<\/blockquote>\n<p><strong><a class=\"dt-pswp-item\" href=\"https:\/\/www.radiopiu.net\/wordpress\/wp-content\/uploads\/2023\/06\/LIBERA-AGORDINO.jpg\" data-dt-img-description=\"\" data-large_image_width=\"640\" data-large_image_height=\"640\"><img loading=\"lazy\" decoding=\"async\" class=\" wp-image-338852 alignleft\" src=\"https:\/\/www.radiopiu.net\/wordpress\/wp-content\/uploads\/2023\/06\/LIBERA-AGORDINO-300x300.jpg\" alt=\"\" width=\"144\" height=\"144\" srcset=\"https:\/\/www.radiopiu.net\/wordpress\/wp-content\/uploads\/2023\/06\/LIBERA-AGORDINO-300x300.jpg 300w, https:\/\/www.radiopiu.net\/wordpress\/wp-content\/uploads\/2023\/06\/LIBERA-AGORDINO-150x150.jpg 150w, https:\/\/www.radiopiu.net\/wordpress\/wp-content\/uploads\/2023\/06\/LIBERA-AGORDINO.jpg 640w\" sizes=\"auto, (max-width: 144px) 100vw, 144px\" \/><\/a>AGORDO<\/strong><\/p>\n<p>DI GIANNI SANTOMASO<\/p>\n<audio class=\"wp-audio-shortcode\" id=\"audio-378865-13\" preload=\"none\" style=\"width: 100%;\" controls=\"controls\"><source type=\"audio\/mpeg\" src=\"https:\/\/www.radiopiu.net\/wordpress\/wp-content\/uploads\/2024\/03\/GIANNI-IL-PRESIDIO-LIBERA-DI-AGORDO-PARTE-CON-IL-TESSERAMENTO-2024.mp3?_=13\" \/><a href=\"https:\/\/www.radiopiu.net\/wordpress\/wp-content\/uploads\/2024\/03\/GIANNI-IL-PRESIDIO-LIBERA-DI-AGORDO-PARTE-CON-IL-TESSERAMENTO-2024.mp3\">https:\/\/www.radiopiu.net\/wordpress\/wp-content\/uploads\/2024\/03\/GIANNI-IL-PRESIDIO-LIBERA-DI-AGORDO-PARTE-CON-IL-TESSERAMENTO-2024.mp3<\/a><\/audio>\n<p>&nbsp;<\/p>\n<div><\/div>\n<p>&nbsp;<\/p>\n<hr \/>\n<p>&nbsp;<\/p>\n<h2>Comelico: Confcommercio dal Prefetto per chiedere garanzie per il territorio<\/h2>\n<p><strong><a class=\"dt-pswp-item\" href=\"https:\/\/www.radiopiu.net\/wordpress\/wp-content\/uploads\/2024\/03\/240312-Doglioni-Prefetto-De-Bettin-Zandonella-Necca.jpg\" data-dt-img-description=\"\" data-large_image_width=\"1284\" data-large_image_height=\"1360\"><img loading=\"lazy\" decoding=\"async\" class=\" wp-image-378909 alignleft\" src=\"https:\/\/www.radiopiu.net\/wordpress\/wp-content\/uploads\/2024\/03\/240312-Doglioni-Prefetto-De-Bettin-Zandonella-Necca-283x300.jpg\" alt=\"\" width=\"182\" height=\"193\" srcset=\"https:\/\/www.radiopiu.net\/wordpress\/wp-content\/uploads\/2024\/03\/240312-Doglioni-Prefetto-De-Bettin-Zandonella-Necca-283x300.jpg 283w, https:\/\/www.radiopiu.net\/wordpress\/wp-content\/uploads\/2024\/03\/240312-Doglioni-Prefetto-De-Bettin-Zandonella-Necca-967x1024.jpg 967w, https:\/\/www.radiopiu.net\/wordpress\/wp-content\/uploads\/2024\/03\/240312-Doglioni-Prefetto-De-Bettin-Zandonella-Necca-768x813.jpg 768w, https:\/\/www.radiopiu.net\/wordpress\/wp-content\/uploads\/2024\/03\/240312-Doglioni-Prefetto-De-Bettin-Zandonella-Necca.jpg 1284w\" sizes=\"auto, (max-width: 182px) 100vw, 182px\" \/><\/a>BELLUNO<\/strong> Il presidente di Confcommercio Belluno, Paolo Doglioni, accompagnato dall&#8217;ing. Francesco De Bettin (presidente di DBA Group), e dal referente per il territorio comeliano e componente della Giunta associativa Davide<br \/>\nZandonella Necca, ha incontrato il prefetto di Belluno, dott. Mariano Savastano.<br \/>\nI rappresentanti di Confcommercio hanno esposto al Prefetto le proprie preoccupazioni relative allo stato dell&#8217;economia del Comelico anche alla luce del prossimo avvio dei lavori di manutenzione della galleria che rappresenta la principale via di collegamento con il sistema provinciale e le molteplici conseguenze che tale<br \/>\ncantiere porter\u00e0 inevitabilmente alla gi\u00e0 difficile situazione di quella zona della Provincia. Il Prefetto ha preso atto delle criticit\u00e0 esposte assicurando il proprio supporto per quanto afferente il ruolo istituzionale rivestito.<\/p>\n<p>&nbsp;<\/p>\n<hr \/>\n<p>&nbsp;<\/p>\n<blockquote>\n<h3>ANCHE IL PRESIDENTE LUCA ZAIA NELLA TECNOLOGIA DAB +<\/h3>\n<\/blockquote>\n<p><strong><a class=\"dt-pswp-item\" href=\"https:\/\/www.radiopiu.net\/wordpress\/wp-content\/uploads\/2024\/03\/Senza-nome-45.png\" data-dt-img-description=\"\" data-large_image_width=\"577\" data-large_image_height=\"360\"><img loading=\"lazy\" decoding=\"async\" class=\"size-medium wp-image-378900 alignleft\" src=\"https:\/\/www.radiopiu.net\/wordpress\/wp-content\/uploads\/2024\/03\/Senza-nome-45-300x187.png\" alt=\"\" width=\"300\" height=\"187\" srcset=\"https:\/\/www.radiopiu.net\/wordpress\/wp-content\/uploads\/2024\/03\/Senza-nome-45-300x187.png 300w, https:\/\/www.radiopiu.net\/wordpress\/wp-content\/uploads\/2024\/03\/Senza-nome-45.png 577w\" sizes=\"auto, (max-width: 300px) 100vw, 300px\" \/><\/a>REDAZIONE<\/strong> Una radio con la nuova tecnologia Dab+, nei giorni in cui in via sperimentale le radio del Veneto iniziano a farsi ascoltare con il consorzio <a href=\"https:\/\/www.fm-world.it\/frequenze\/go-dab-attivo-in-veneto-diciotto-nuove-radio-digitali-nel-padovano\/\">Go Dab .<\/a><br \/>\nNe fanno parte: Radio Clodia, Radio Cusano Campus, Radio News, VenetoUno News, Radio Anni 80, Radio Bruno Gold, Radio Gherdeina, Multiradio, Radio Sherwood, Radio Club 103, Radio Pi\u00f9, Radio We, Radio Gioconda, Radio Veneto Uno, Radio Onde Furlane, Radio Sportiva e Radio Voce della Speranza,Radio 906, Radio SunBeat<\/p>\n<p>In un amichevole incontro Mirko Mezzacasa di Radio Pi\u00f9 e Andrea Chicca di Radio Club 103, a nome del Presidente Vincenzo Dolce e di tutte le Radio venete, hanno consegnato al presidente una radio FM_DAB Tivoli,<\/p>\n<blockquote><p>Sig.Presidente ,<\/p>\n<p>Il 2024\u00a0 \u00e8 l\u2019anno nel quale radio compie 100 anni dalla sua prima trasmissione\u00a0 ed \u00e8 l\u2019anno nel quale la radio sviluppa le sue trasmissioni in digitale DAB+ . Gli\u00a0 editori radiofonici\u00a0 di questa\u00a0 generazione stanno contribuendo a questa evoluzione con notevoli investimenti di risorse per far si che la radio possa\u00a0 confermarsi che ci permette di dire che siamo il mezzo di comunicazione piu\u2019 longevo . A nome di tutti , le chiediamo di accettare che la radio digitale DAB+ entri a far parte dei suoi momenti di riflessione ascoltando\u00a0 quello che cerchiamo di fare per\u00a0 tutti ogni giorno<\/p>\n<p>&nbsp;<\/p>\n<p>&nbsp;<\/p><\/blockquote>\n<hr \/>\n<p>&nbsp;<\/p>\n<blockquote><p><strong><a class=\"dt-pswp-item\" href=\"https:\/\/www.radiopiu.net\/wordpress\/wp-content\/uploads\/2024\/01\/Senza-nome-34.png\" data-dt-img-description=\"\" data-large_image_width=\"239\" data-large_image_height=\"153\"><img loading=\"lazy\" decoding=\"async\" class=\"wp-image-369478 alignleft\" src=\"https:\/\/www.radiopiu.net\/wordpress\/wp-content\/uploads\/2024\/01\/Senza-nome-34.png\" alt=\"\" width=\"128\" height=\"82\" \/><\/a><\/strong><\/p>\n<h1 class=\"_title post-title entry-title\"><\/h1>\n<p><strong>dal TG BELLUNESE di\u00a0 ANTENNA 3 ogni sera alle 19.30 sul canale 10 del digitale terrestre e alle 19 le anticipazioni alla radio.\u00a0 <\/strong><\/p>\n<p>&nbsp;<\/p>\n<h3 class=\"_title post-title entry-title\">\u2018FIABAFOBIA\u2019 LA COMICITA\u2019 DI ARIANNA PORCELLI SAFONOV VENERDI\u2019 AL \u2018BUZZATI\u2019<\/h3>\n<p>\u2013 Intervistati ARIANNA PORCELLI SAFONOV (Servizio di\u00a0<a href=\"https:\/\/antennatre.medianordest.it\/redazione\/Tiziana-Bolognani\/\">Tiziana Bolognani<\/a>)<\/p><\/blockquote>\n<p><iframe loading=\"lazy\" title=\"&#039;FIABAFOBIA&#039; LA COMICITA&#039; DI ARIANNA PORCELLI SAFONOV VENERDI&#039; AL &#039;BUZZATI&#039; | 12\/03\/2024\" width=\"1200\" height=\"675\" src=\"https:\/\/www.youtube.com\/embed\/Mwnk8gHHGa0?feature=oembed\" frameborder=\"0\" allow=\"accelerometer; autoplay; clipboard-write; encrypted-media; gyroscope; picture-in-picture; web-share\" allowfullscreen><\/iframe><\/p>\n<p>&nbsp;<\/p>\n<p>&nbsp;<\/p>\n<hr \/>\n<p>&nbsp;<\/p>\n<blockquote>\n<h2>A FINE MESE FESTA IN RIVA AL TE GNAS<\/h2>\n<\/blockquote>\n<p><em>SAGRA DE P\u00e0SCA, QUATTRO GIORNI DI FESTA A TAIBON DAL 28 AL 31 MARZO NEL GRANDE TENDONE RISCALDATO\u00a0 <\/em><\/p>\n<p><strong>GIOVEDI 28<\/strong> PASTA ALL&#8217;AMATRICIANA, ALLE 20.30 LA MONTAGNA, CON MANRICO DELL&#8217;AGNOLA A SEGUIRE LA PRESENTAZIONE DEL CAMPIONATO AGORDINO DI CALCIO CON RADIOPIU E IL CANTAUTORE MARCO V DAL FARRA <strong>VENERDI 29<\/strong> BACCALA&#8217; SEPPIE E DALLE 21 L&#8217;ORCHESTRA SPETTACOLO GIANMARCO BAGUTTI <strong>SABATO 30<\/strong> TRIPPE, POLLO ALLO SPIEDO E ALTRE SPECIALITA&#8217;, DALLE 14 GARA DI BRISCOLA, ALLE 17 DJ SET CON R DI J, DALLE 21 ORCHESTRA MARIANNA LANT\u00e8RI<strong> DOMENICA<\/strong> <strong>31<\/strong> DALLE 17 L&#8217;APERITIVO CON MORGAN E BATTAGLIA, DALLE 21 LA COVER BAND NUOVANTA E DALLE 21 L&#8217;ESTRAZIONE DELLA LOTTERIA SAGRA DE PASCA CON PROLOCO, GRUPPO SPORTIVO E DONATORI DEL SANGUE TAIBON<\/p>\n<p>&nbsp;<\/p>\n<p><a class=\"dt-pswp-item\" href=\"https:\/\/www.radiopiu.net\/wordpress\/wp-content\/uploads\/2024\/03\/Senza-nome-15.png\" data-dt-img-description=\"\" data-large_image_width=\"449\" data-large_image_height=\"628\"><img loading=\"lazy\" decoding=\"async\" class=\"size-medium wp-image-377554 aligncenter\" src=\"https:\/\/www.radiopiu.net\/wordpress\/wp-content\/uploads\/2024\/03\/Senza-nome-15-214x300.png\" alt=\"\" width=\"214\" height=\"300\" srcset=\"https:\/\/www.radiopiu.net\/wordpress\/wp-content\/uploads\/2024\/03\/Senza-nome-15-214x300.png 214w, https:\/\/www.radiopiu.net\/wordpress\/wp-content\/uploads\/2024\/03\/Senza-nome-15.png 449w\" sizes=\"auto, (max-width: 214px) 100vw, 214px\" \/><\/a><\/p>\n<p>&nbsp;<\/p>\n<p>28 marzo&#8230; a TAIBON AGORDINO RADIO PIU&#8217; PRESENTA IL CAMPIONATO AGORDINO DI CALCIO.<br \/>\nAL TENDONE DELLA SAGRA DE PASCA, DALLE 20.30. INTRODUZIONE ALLA SERATA CON L&#8217;ALPINISTA MANRICO DELL&#8217;AGNOLA, SI RACCONTER\u00e0 CON DUE DOCU FILM ALLE 21.45 IL CALCIO AGORDINO CON LA COLONNA SONORA DI MARVO VI DAL FARRA . a seguire dj set sagra de pasca a taibon, organizzazione gruppo sportivo, proloco e donatori del sangue<\/p>\n<p>&nbsp;<\/p>\n<hr \/>\n<p>&nbsp;<\/p>\n<blockquote>\n<h3><a class=\"dt-pswp-item\" href=\"https:\/\/www.radiopiu.net\/wordpress\/wp-content\/uploads\/2023\/01\/MUNICIPIO-LIMANA.png\" data-dt-img-description=\"\" data-large_image_width=\"1940\" data-large_image_height=\"1032\"><img loading=\"lazy\" decoding=\"async\" class=\"wp-image-318876 alignleft\" src=\"https:\/\/www.radiopiu.net\/wordpress\/wp-content\/uploads\/2023\/01\/MUNICIPIO-LIMANA-300x160.png\" alt=\"\" width=\"182\" height=\"97\" srcset=\"https:\/\/www.radiopiu.net\/wordpress\/wp-content\/uploads\/2023\/01\/MUNICIPIO-LIMANA-300x160.png 300w, https:\/\/www.radiopiu.net\/wordpress\/wp-content\/uploads\/2023\/01\/MUNICIPIO-LIMANA-1024x545.png 1024w, https:\/\/www.radiopiu.net\/wordpress\/wp-content\/uploads\/2023\/01\/MUNICIPIO-LIMANA-768x409.png 768w, https:\/\/www.radiopiu.net\/wordpress\/wp-content\/uploads\/2023\/01\/MUNICIPIO-LIMANA-1536x817.png 1536w, https:\/\/www.radiopiu.net\/wordpress\/wp-content\/uploads\/2023\/01\/MUNICIPIO-LIMANA.png 1940w\" sizes=\"auto, (max-width: 182px) 100vw, 182px\" \/><\/a>A LIMANA UN MESE DI MARZO RICCO DI APPUNTAMENTI CULTURALI<\/h3>\n<\/blockquote>\n<p><strong>DI ROBERTO BONA<\/strong><\/p>\n<audio class=\"wp-audio-shortcode\" id=\"audio-378865-14\" preload=\"none\" style=\"width: 100%;\" controls=\"controls\"><source type=\"audio\/mpeg\" src=\"https:\/\/www.radiopiu.net\/wordpress\/wp-content\/uploads\/2024\/03\/BONA-A-LIMANA-UN-MESE-DI-MARZO-RICCO-DI-APPUNTAMENTI-CULTURALI.mp3?_=14\" \/><a href=\"https:\/\/www.radiopiu.net\/wordpress\/wp-content\/uploads\/2024\/03\/BONA-A-LIMANA-UN-MESE-DI-MARZO-RICCO-DI-APPUNTAMENTI-CULTURALI.mp3\">https:\/\/www.radiopiu.net\/wordpress\/wp-content\/uploads\/2024\/03\/BONA-A-LIMANA-UN-MESE-DI-MARZO-RICCO-DI-APPUNTAMENTI-CULTURALI.mp3<\/a><\/audio>\n<p>&nbsp;<\/p>\n<hr \/>\n<p>&nbsp;<\/p>\n<h3><a class=\"dt-pswp-item\" href=\"https:\/\/www.radiopiu.net\/wordpress\/wp-content\/uploads\/2023\/08\/862c8c0d-fb55-49e7-875a-930f514a02a7.jpg\" data-dt-img-description=\"\" data-large_image_width=\"2048\" data-large_image_height=\"1536\"><img loading=\"lazy\" decoding=\"async\" class=\"wp-image-349786 alignleft\" src=\"https:\/\/www.radiopiu.net\/wordpress\/wp-content\/uploads\/2023\/08\/862c8c0d-fb55-49e7-875a-930f514a02a7-300x225.jpg\" alt=\"\" width=\"136\" height=\"102\" srcset=\"https:\/\/www.radiopiu.net\/wordpress\/wp-content\/uploads\/2023\/08\/862c8c0d-fb55-49e7-875a-930f514a02a7-300x225.jpg 300w, https:\/\/www.radiopiu.net\/wordpress\/wp-content\/uploads\/2023\/08\/862c8c0d-fb55-49e7-875a-930f514a02a7-1024x768.jpg 1024w, https:\/\/www.radiopiu.net\/wordpress\/wp-content\/uploads\/2023\/08\/862c8c0d-fb55-49e7-875a-930f514a02a7-768x576.jpg 768w, https:\/\/www.radiopiu.net\/wordpress\/wp-content\/uploads\/2023\/08\/862c8c0d-fb55-49e7-875a-930f514a02a7-1536x1152.jpg 1536w, https:\/\/www.radiopiu.net\/wordpress\/wp-content\/uploads\/2023\/08\/862c8c0d-fb55-49e7-875a-930f514a02a7.jpg 2048w\" sizes=\"auto, (max-width: 136px) 100vw, 136px\" \/><\/a>LAVORI PER INTERRAMENTO DELLA CONDOTTA IDRICA<\/h3>\n<p><strong>LA VALLE<\/strong> Il Comune La Valle Agordina ordina la sospensione temporanea della circolazione veicolare sulla viabilit\u00e0 Silvo-pastorale di Fres, dall&#8217;11\/03\/2024 al 24\/06\/2024, dalle 7 alle 18 dal luned\u00ec al venerd\u00ec, esclusi sabato e domenica. Viene istituito il divieto di transito pedonale e con biciclette dalla localit\u00e0 Piaia fino a Pra de Val, con l&#8217;altro lato del divieto al ponte sul torrente Rova di Caleda. Analogamente, \u00e8 vietato il transito pedonale e con biciclette su parte del sentiero CAI n.551 (Strada Vicinale di Pepolade) dal 11\/03\/2024 al 24\/06\/2024 per l&#8217;intera durata delle 24 ore.<\/p>\n<p>&nbsp;<\/p>\n<hr \/>\n<p>&nbsp;<\/p>\n<blockquote>\n<h3>SABATO MISS ITALIA AL RIFUGIO LARESEI_FALCADE<\/h3>\n<\/blockquote>\n<p><strong><a class=\"dt-pswp-item\" href=\"https:\/\/www.radiopiu.net\/wordpress\/wp-content\/uploads\/2024\/03\/locandina-scaled.jpg\" data-dt-img-description=\"\" data-large_image_width=\"1760\" data-large_image_height=\"2560\"><img loading=\"lazy\" decoding=\"async\" class=\"size-medium wp-image-378912 alignleft\" src=\"https:\/\/www.radiopiu.net\/wordpress\/wp-content\/uploads\/2024\/03\/locandina-206x300.jpg\" alt=\"\" width=\"206\" height=\"300\" srcset=\"https:\/\/www.radiopiu.net\/wordpress\/wp-content\/uploads\/2024\/03\/locandina-206x300.jpg 206w, https:\/\/www.radiopiu.net\/wordpress\/wp-content\/uploads\/2024\/03\/locandina-704x1024.jpg 704w, https:\/\/www.radiopiu.net\/wordpress\/wp-content\/uploads\/2024\/03\/locandina-768x1117.jpg 768w, https:\/\/www.radiopiu.net\/wordpress\/wp-content\/uploads\/2024\/03\/locandina-1056x1536.jpg 1056w, https:\/\/www.radiopiu.net\/wordpress\/wp-content\/uploads\/2024\/03\/locandina-1408x2048.jpg 1408w, https:\/\/www.radiopiu.net\/wordpress\/wp-content\/uploads\/2024\/03\/locandina-scaled.jpg 1760w\" sizes=\"auto, (max-width: 206px) 100vw, 206px\" \/><\/a>REDAZIONE<\/strong> <span style=\"font-family: Arial, serif;\"><span style=\"font-size: medium;\">Per la seconda volta in pochi mesi Miss Italia torna a Falcade, ai\u00a0 2260 metri del Rifugio Laresei, dopo la serata in piazza del Municipio della scorsa estate. <\/span><\/span><span style=\"font-family: Arial, serif; color: #00000a;\">Due le sfilate delle concorrenti: la prima all\u2019interno del rifugio, la seconda all\u2019esterno don le Dolomiti sullo sfondo. La vincitrice acceder\u00e0 alle finali regionali in Veneto. L&#8217;organizzazione \u00e8 curata da\u00a0<\/span><span style=\"font-family: Arial, serif;\"><span style=\"font-size: medium;\"> da Massimo e Mara con lo staff del \u201cRifugio Laresei\u201d, in collaborazione con \u201cPromoFalcade Dolomiti\u201d. <\/span><\/span><span style=\"font-family: Arial, serif;\"><span style=\"font-size: medium;\">Al concorso possono partecipare ragazze di et\u00e0 compresa tra i 18<\/span><\/span><span style=\"font-family: Arial, serif;\"><span style=\"font-size: medium;\"> ed i 30 anni. <\/span><\/span><span style=\"font-family: Arial, serif;\"><span style=\"font-size: medium;\">Info <\/span><\/span><a href=\"http:\/\/www.missitalia.it\"><span style=\"color: #00000a;\"><span style=\"font-family: Arial, serif;\"><span style=\"font-size: medium;\"><i>www.missitalia.it\u00a0<\/i><\/span><\/span><\/span><\/a><\/p>\n<p>&nbsp;<\/p>\n<p>&nbsp;<\/p>\n<p>&nbsp;<\/p>\n<p>&nbsp;<\/p>\n<p>&nbsp;<\/p>\n<p>&nbsp;<\/p>\n<hr \/>\n<p>&nbsp;<\/p>\n<p>&nbsp;<\/p>\n<blockquote>\n<h2>DILLO A RADIOPIU&#8217;&#8230; MERAVIGLIE TURISTICHE<\/h2>\n<\/blockquote>\n<p><strong>RICEVIAMO E PUBBLICHIAMO\u00a0\u00a0<\/strong><\/p>\n<p><img loading=\"lazy\" decoding=\"async\" class=\"alignleft\" src=\"https:\/\/www.radiopiu.net\/wordpress\/wp-content\/uploads\/2024\/03\/Senza-nome-47.png\" width=\"283\" height=\"194\" \/>Siamo possessori di un camper e in quanto tali, amiamo viaggiare il pi\u00f9 possibile; ovviamente apparteniamo alla &#8220;razza&#8221; umana e quindi abbiamo determinate esigenze non prorogabili come tutti quanti. Perch\u00e9 questa precisazione? Perch\u00e9 anche se \u00e8 opinione comune che il camper abbia tutti i servizi necessari a bordo, qualche volta dobbiamo fermarci anche noi, scaricare le acque grigie e caricare le acque potabili, oltre a usufruire della corrente elettrica per caricare le batterie e i servizi elettrici di bordo. Generalmente, quando si viaggia in posti nuovi, ci si affida alla rete per trovare le piazzole attrezzate per queste necessit\u00e0, e qui nasce il problema. Arriviamo nella piazzola di Agordo in localit\u00e0 Valcozzena 32, trovata senza particolari difficolt\u00e0. La questione per\u00f2 \u00e8 il parcheggio e la manovra, resi pressoch\u00e9 impossibili dalla presenza massiccia di auto parcheggiate in qualsiasi posto asfaltato e non, davanti alle colonnine elettriche, ai servizi e agli scarichi. Avendo anche un disabile con CUDE a bordo la situazione ci \u00e8 sembrata al limite del paradossale, visto che online le recensioni della suddetta area erano tutte o quasi, molto positive. La nota dolente \u00e8 che da Belluno, salendo lungo la 203 Agordina verso Alleghe, il primo posto utile dove sostare risulta essere il distributore Beyfin di Caprile, area sicuramente funzionale e ben gestita ma a ridosso della statale, non proprio il posto &#8220;fuorivia&#8221; che magari offre la possibilit\u00e0 di fare &#8220;i turisti&#8221;. Il giorno successivo tentiamo invano di metterci in contatto con la Polizia Locale del comune, giusto per avere qualche chiarimento in merito, ma sembra che gli uffici suonino libero fino alle 13 e poi dalle 13.01 subentri una registrazione che da conoscenza degli orari d&#8217;ufficio. Mi chiedo a questo punto <strong>se non convenga cedere l&#8217;area a Luxottica*<\/strong> per creare un nuovo parcheggio e lasciar perdere la promozione turistica, visto che a quanto pare, parlando con la gente del posto e con altri camperisti amanti della zona, \u00e8 praticamente impossibile usufruire dei servizi dedicati a meno di non accedervi nell&#8217;weekend. Scriviamo con vero rammarico, perch\u00e9 il turismo ciclabile, pedonale e camperistico potrebbero essere un vero motore per i comuni che non dispongono, ad esempio, di impianti sciistici, visto che ci si creda o no, non tutti i turisti salgono per sciare, qualcuno preferisce arrivare in camper e passeggiare lungo le vie del comune cantato da Baglioni nella celebre canzone, senza chiedere nulla se non i servizi che il comune offre, pubblicizza e rende disponibili (a detta del cartello in ingresso almeno) per tutti.<\/p>\n<p>&nbsp;<\/p>\n<hr \/>\n<p>&nbsp;<\/p>\n<blockquote>\n<h2>ri DILLO A RADIOPIU&#8217;&#8230; ANCORA SULL&#8217;AREA CAMPER IN VALCOZZENA<\/h2>\n<\/blockquote>\n<p><strong>RICEVIAMO E PUBBLICHIAMO\u00a0<\/strong><\/p>\n<p><img loading=\"lazy\" decoding=\"async\" class=\"alignleft\" src=\"https:\/\/www.radiopiu.net\/wordpress\/wp-content\/uploads\/2024\/03\/f8ef780e-7ece-45b7-b092-4a57eb4e203d-300x225-1.jpg\" width=\"218\" height=\"164\" \/>Apprendo da Radiopi\u00f9 della piccola disavventura capitata al turista che ha trovato l&#8217;area sosta camper di Valcozzena occupata da numerose autovetture. I problemi di parcheggio in Valcozzena sono noti a chiunque, forse per\u00f2 non tutti ricordano che gi\u00e0 5 anni fa si ragionava dello spostamento area camper in altra zona (Tamonich) con il duplice risultato di rendere pi\u00f9 attrattiva la sosta ai camperisti, vista la vicinanza al centro del paese, e di poter ricavare nell&#8217;area dismessa in Valcozzena decine di preziosi parcheggi. Sono passati quasi cinque anni, sia pure con in mezzo un&#8217;epidemia e tante altre complicazioni, forse non ultima la burocrazia che in Italia regna sovrana. Considerato che l&#8217;area di sosta temporanea camper si limita in pratica ad un piazzale asfaltato con i servizi base (acqua potabile, scarico fognario, presa elettrica), si potrebbe anche dire che cinque anni sono sufficienti per passare dalla teoria alla pratica e spostare finalmente questa benedetta area camper. I camperisti ringrazierebbero sicuramente, chi lavora in Valcozzena anche.<\/p>\n<p><strong>Emilio Bez<\/strong><br \/>\n<strong>Coordinatore Uiltec-Uil<\/strong><\/p>\n<p>&nbsp;<\/p>\n<hr \/>\n<p>&nbsp;<\/p>\n<blockquote>\n<h2>A FRANCO&#8230; DI JOHN FRANCIS DELLA PIETRA<\/h2>\n<\/blockquote>\n<p><strong>CANALE D&#8217;AGORDO<\/strong><\/p>\n<p><strong>Franco Manfroi<\/strong><\/p>\n<p>Un inverno paupero di neve<br \/>\nDi pioggia ed umidit\u00e0 ne abbiamo fatto le spese<br \/>\nNon si son ancora della vasaloppet sopiti i clamori<br \/>\nAnche lass\u00f9 nel grande nord son stati dolori<br \/>\nOra che sulla tua pista v \u00e8 da gareggiare<br \/>\nTanta candida ne hai fatta arrivare<br \/>\nUna benedizione<br \/>\nChe ci genera subitanea emozione<br \/>\nVecio&#8230;come sempre dicevi<br \/>\nSei ancora tu l angelo che vola sopra le nevi<br \/>\nGrati te ne siamo<br \/>\nE sempre nel cuore ti portiamo<br \/>\nE nel veder piccoli e grandi nel tuo nome sciare<br \/>\nTi sappiamo qui con lo spirito sorridente a presenziare<\/p>\n\n\t\t\t<style type='text\/css'>\n\t\t\t\t#gallery-3 {\n\t\t\t\t\tmargin: auto;\n\t\t\t\t}\n\t\t\t\t#gallery-3 .gallery-item {\n\t\t\t\t\tfloat: left;\n\t\t\t\t\tmargin-top: 10px;\n\t\t\t\t\ttext-align: center;\n\t\t\t\t\twidth: 33%;\n\t\t\t\t}\n\t\t\t\t#gallery-3 img {\n\t\t\t\t\tborder: 2px solid #cfcfcf;\n\t\t\t\t}\n\t\t\t\t#gallery-3 .gallery-caption {\n\t\t\t\t\tmargin-left: 0;\n\t\t\t\t}\n\t\t\t\t\/* see gallery_shortcode() in wp-includes\/media.php *\/\n\t\t\t<\/style>\n\t\t<div id='gallery-3' class='dt-gallery-container gallery galleryid-378865 gallery-columns-3 gallery-size-thumbnail'><dl class='gallery-item'>\n\t\t\t\t<dt class='gallery-icon portrait'>\n\t\t\t\t\t<a class=\"rollover rollover-zoom dt-pswp-item\" title=\"d2a55a46-dc8a-4c90-a1ba-8738279d6bcd\" data-dt-img-description=\"\" data-large_image_width=\"720\" data-large_image_height=\"1600\"href='https:\/\/www.radiopiu.net\/wordpress\/wp-content\/uploads\/2024\/03\/d2a55a46-dc8a-4c90-a1ba-8738279d6bcd.jpg'><img loading=\"lazy\" decoding=\"async\" width=\"150\" height=\"150\" src=\"https:\/\/www.radiopiu.net\/wordpress\/wp-content\/uploads\/2024\/03\/d2a55a46-dc8a-4c90-a1ba-8738279d6bcd-150x150.jpg\" class=\"attachment-thumbnail size-thumbnail\" alt=\"\" \/><\/a>\n\t\t\t\t<\/dt><\/dl><dl class='gallery-item'>\n\t\t\t\t<dt class='gallery-icon landscape'>\n\t\t\t\t\t<a class=\"rollover rollover-zoom dt-pswp-item\" title=\"b64db6a0-8204-4bb5-b534-1cb70b685bb4\" data-dt-img-description=\"\" data-large_image_width=\"1600\" data-large_image_height=\"720\"href='https:\/\/www.radiopiu.net\/wordpress\/wp-content\/uploads\/2024\/03\/b64db6a0-8204-4bb5-b534-1cb70b685bb4-e1710268136958.jpg'><img loading=\"lazy\" decoding=\"async\" width=\"150\" height=\"150\" src=\"https:\/\/www.radiopiu.net\/wordpress\/wp-content\/uploads\/2024\/03\/b64db6a0-8204-4bb5-b534-1cb70b685bb4-e1710268136958-150x150.jpg\" class=\"attachment-thumbnail size-thumbnail\" alt=\"\" \/><\/a>\n\t\t\t\t<\/dt><\/dl><dl class='gallery-item'>\n\t\t\t\t<dt class='gallery-icon landscape'>\n\t\t\t\t\t<a class=\"rollover rollover-zoom dt-pswp-item\" title=\"ace2c25c-4515-43e8-bc7b-13531e44052a\" data-dt-img-description=\"\" data-large_image_width=\"1600\" data-large_image_height=\"720\"href='https:\/\/www.radiopiu.net\/wordpress\/wp-content\/uploads\/2024\/03\/ace2c25c-4515-43e8-bc7b-13531e44052a.jpg'><img loading=\"lazy\" decoding=\"async\" width=\"150\" height=\"150\" src=\"https:\/\/www.radiopiu.net\/wordpress\/wp-content\/uploads\/2024\/03\/ace2c25c-4515-43e8-bc7b-13531e44052a-150x150.jpg\" class=\"attachment-thumbnail size-thumbnail\" alt=\"\" \/><\/a>\n\t\t\t\t<\/dt><\/dl><br style=\"clear: both\" \/>\n\t\t\t<\/div>\n\n<p>&nbsp;<\/p>\n<p>&nbsp;<\/p>\n<p>&nbsp;<\/p>\n<hr \/>\n<p>&nbsp;<\/p>\n<h2><span style=\"color: #ff6600;\">IERI ALLA RADIO\u00a0\u00a0<\/span><\/h2>\n<h2><span style=\"color: #3366ff;\">EL DARLIN<\/span><\/h2>\n<p><span style=\"color: #ff0000;\"><strong>PUNTATA 07 FELICE PAOLIN<\/strong><\/span><\/p>\n\n\t\t\t<style type='text\/css'>\n\t\t\t\t#gallery-4 {\n\t\t\t\t\tmargin: auto;\n\t\t\t\t}\n\t\t\t\t#gallery-4 .gallery-item {\n\t\t\t\t\tfloat: left;\n\t\t\t\t\tmargin-top: 10px;\n\t\t\t\t\ttext-align: center;\n\t\t\t\t\twidth: 100%;\n\t\t\t\t}\n\t\t\t\t#gallery-4 img {\n\t\t\t\t\tborder: 2px solid #cfcfcf;\n\t\t\t\t}\n\t\t\t\t#gallery-4 .gallery-caption {\n\t\t\t\t\tmargin-left: 0;\n\t\t\t\t}\n\t\t\t\t\/* see gallery_shortcode() in wp-includes\/media.php *\/\n\t\t\t<\/style>\n\t\t<div id='gallery-4' class='dt-gallery-container gallery galleryid-378865 gallery-columns-1 gallery-size-medium'><dl class='gallery-item'>\n\t\t\t\t<dt class='gallery-icon portrait'>\n\t\t\t\t\t<a class=\"rollover rollover-zoom dt-pswp-item\" title=\"432084376_10219334597475393_4709516723349567296_n\" data-dt-img-description=\"\" data-large_image_width=\"517\" data-large_image_height=\"640\"href='https:\/\/www.radiopiu.net\/wordpress\/wp-content\/uploads\/2024\/03\/432084376_10219334597475393_4709516723349567296_n.jpg'><img loading=\"lazy\" decoding=\"async\" width=\"242\" height=\"300\" src=\"https:\/\/www.radiopiu.net\/wordpress\/wp-content\/uploads\/2024\/03\/432084376_10219334597475393_4709516723349567296_n-242x300.jpg\" class=\"attachment-medium size-medium\" alt=\"\" aria-describedby=\"gallery-4-378828\" srcset=\"https:\/\/www.radiopiu.net\/wordpress\/wp-content\/uploads\/2024\/03\/432084376_10219334597475393_4709516723349567296_n-242x300.jpg 242w, https:\/\/www.radiopiu.net\/wordpress\/wp-content\/uploads\/2024\/03\/432084376_10219334597475393_4709516723349567296_n.jpg 517w\" sizes=\"auto, (max-width: 242px) 100vw, 242px\" \/><\/a>\n\t\t\t\t<\/dt>\n\t\t\t\t\t<dd class='wp-caption-text gallery-caption' id='gallery-4-378828'>\n\t\t\t\t\tFELICE PAOLIN\n\t\t\t\t\t<\/dd><\/dl><br style=\"clear: both\" \/>\n\t\t\t<\/div>\n\n<p><strong>PARTE 1<\/strong><\/p>\n<audio class=\"wp-audio-shortcode\" id=\"audio-378865-15\" preload=\"none\" style=\"width: 100%;\" controls=\"controls\"><source type=\"audio\/mpeg\" src=\"https:\/\/www.radiopiu.net\/wordpress\/wp-content\/uploads\/2024\/03\/DA1-3.mp3?_=15\" \/><a href=\"https:\/\/www.radiopiu.net\/wordpress\/wp-content\/uploads\/2024\/03\/DA1-3.mp3\">https:\/\/www.radiopiu.net\/wordpress\/wp-content\/uploads\/2024\/03\/DA1-3.mp3<\/a><\/audio>\n<p><strong>\u00a0<\/strong><\/p>\n<p><strong>PARTE 2<\/strong><\/p>\n<audio class=\"wp-audio-shortcode\" id=\"audio-378865-16\" preload=\"none\" style=\"width: 100%;\" controls=\"controls\"><source type=\"audio\/mpeg\" src=\"https:\/\/www.radiopiu.net\/wordpress\/wp-content\/uploads\/2024\/03\/DA2-3.mp3?_=16\" \/><a href=\"https:\/\/www.radiopiu.net\/wordpress\/wp-content\/uploads\/2024\/03\/DA2-3.mp3\">https:\/\/www.radiopiu.net\/wordpress\/wp-content\/uploads\/2024\/03\/DA2-3.mp3<\/a><\/audio>\n<p><strong>\u00a0<\/strong><\/p>\n<p><strong>PARTE 3<\/strong><\/p>\n<audio class=\"wp-audio-shortcode\" id=\"audio-378865-17\" preload=\"none\" style=\"width: 100%;\" controls=\"controls\"><source type=\"audio\/mpeg\" src=\"https:\/\/www.radiopiu.net\/wordpress\/wp-content\/uploads\/2024\/03\/DA3-2.mp3?_=17\" \/><a href=\"https:\/\/www.radiopiu.net\/wordpress\/wp-content\/uploads\/2024\/03\/DA3-2.mp3\">https:\/\/www.radiopiu.net\/wordpress\/wp-content\/uploads\/2024\/03\/DA3-2.mp3<\/a><\/audio>\n<p>&nbsp;<\/p>\n<h2>LA RACCOLTA COMPLETA <a href=\"https:\/\/www.radiopiu.net\/wordpress\/da-daa07\/\">CLICCA QUI<\/a><\/h2>\n<p>&nbsp;<\/p>\n<p>&nbsp;<\/p>\n<hr \/>\n<p>&nbsp;<\/p>\n<h2><span style=\"color: #808000;\">LA SARTORIA MY DOOLS A CENCENIGHE COMPIE 10 ANNI<\/span><\/h2>\n<p><strong><a class=\"dt-pswp-item\" href=\"https:\/\/www.radiopiu.net\/wordpress\/wp-content\/uploads\/2024\/03\/372078558_897903285181190_5498283426380936473_n.jpg\" data-dt-img-description=\"\" data-large_image_width=\"1080\" data-large_image_height=\"969\"><img loading=\"lazy\" decoding=\"async\" class=\" wp-image-378874 alignleft\" src=\"https:\/\/www.radiopiu.net\/wordpress\/wp-content\/uploads\/2024\/03\/372078558_897903285181190_5498283426380936473_n-300x269.jpg\" alt=\"\" width=\"146\" height=\"131\" srcset=\"https:\/\/www.radiopiu.net\/wordpress\/wp-content\/uploads\/2024\/03\/372078558_897903285181190_5498283426380936473_n-300x269.jpg 300w, https:\/\/www.radiopiu.net\/wordpress\/wp-content\/uploads\/2024\/03\/372078558_897903285181190_5498283426380936473_n-1024x919.jpg 1024w, https:\/\/www.radiopiu.net\/wordpress\/wp-content\/uploads\/2024\/03\/372078558_897903285181190_5498283426380936473_n-768x689.jpg 768w, https:\/\/www.radiopiu.net\/wordpress\/wp-content\/uploads\/2024\/03\/372078558_897903285181190_5498283426380936473_n.jpg 1080w\" sizes=\"auto, (max-width: 146px) 100vw, 146px\" \/><\/a>DI MIRKO MEZZACASA<\/strong><\/p>\n<p>OSPITE: Celestina Bruno<\/p>\n<audio class=\"wp-audio-shortcode\" id=\"audio-378865-18\" preload=\"none\" style=\"width: 100%;\" controls=\"controls\"><source type=\"audio\/mpeg\" src=\"https:\/\/www.radiopiu.net\/wordpress\/wp-content\/uploads\/2024\/03\/celestina-bruno-my-dools.mp3?_=18\" \/><a href=\"https:\/\/www.radiopiu.net\/wordpress\/wp-content\/uploads\/2024\/03\/celestina-bruno-my-dools.mp3\">https:\/\/www.radiopiu.net\/wordpress\/wp-content\/uploads\/2024\/03\/celestina-bruno-my-dools.mp3<\/a><\/audio>\n<p>&nbsp;<\/p>\n<hr \/>\n<p>&nbsp;<\/p>\n<h2><span style=\"color: #008000;\">&#8220;DINTORN E FORA VIA&#8221;\u00a0 IL PROGRAMMA\u00a0 A CURA DEL MUSLA<\/span><\/h2>\n<p><strong><a class=\"dt-pswp-item\" href=\"https:\/\/www.radiopiu.net\/wordpress\/wp-content\/uploads\/2024\/03\/GIORNALE.jpg\" data-dt-img-description=\"\" data-large_image_width=\"1280\" data-large_image_height=\"853\"><img loading=\"lazy\" decoding=\"async\" class=\" wp-image-378880 alignleft\" src=\"https:\/\/www.radiopiu.net\/wordpress\/wp-content\/uploads\/2024\/03\/GIORNALE-300x200.jpg\" alt=\"\" width=\"144\" height=\"96\" srcset=\"https:\/\/www.radiopiu.net\/wordpress\/wp-content\/uploads\/2024\/03\/GIORNALE-300x200.jpg 300w, https:\/\/www.radiopiu.net\/wordpress\/wp-content\/uploads\/2024\/03\/GIORNALE-1024x682.jpg 1024w, https:\/\/www.radiopiu.net\/wordpress\/wp-content\/uploads\/2024\/03\/GIORNALE-768x512.jpg 768w, https:\/\/www.radiopiu.net\/wordpress\/wp-content\/uploads\/2024\/03\/GIORNALE.jpg 1280w\" sizes=\"auto, (max-width: 144px) 100vw, 144px\" \/><\/a>PUNTATA DEL 12 MARZO, JAQUELINE CAZZETTA\u00a0\u00a0<\/strong><\/p>\n<audio class=\"wp-audio-shortcode\" id=\"audio-378865-19\" preload=\"none\" style=\"width: 100%;\" controls=\"controls\"><source type=\"audio\/mpeg\" src=\"https:\/\/www.radiopiu.net\/wordpress\/wp-content\/uploads\/2024\/03\/MUSLA-3.mp3?_=19\" \/><a href=\"https:\/\/www.radiopiu.net\/wordpress\/wp-content\/uploads\/2024\/03\/MUSLA-3.mp3\">https:\/\/www.radiopiu.net\/wordpress\/wp-content\/uploads\/2024\/03\/MUSLA-3.mp3<\/a><\/audio>\n<p>&nbsp;<\/p>\n<h2>LA RACCOLTA COMPLETA <a href=\"https:\/\/www.radiopiu.net\/wordpress\/musla\/\">CLICCA QUI<\/a><\/h2>\n<p>&nbsp;<\/p>\n<p>&nbsp;<\/p>\n<hr \/>\n<p>&nbsp;<\/p>\n<h2><span style=\"color: #ff0000;\"><a class=\"dt-pswp-item\" href=\"https:\/\/www.radiopiu.net\/wordpress\/wp-content\/uploads\/2018\/09\/appuntamenti.jpeg\" data-dt-img-description=\"\" data-large_image_width=\"800\" data-large_image_height=\"100\"><img loading=\"lazy\" decoding=\"async\" class=\"wp-image-61958 size-full aligncenter\" src=\"https:\/\/www.radiopiu.net\/wordpress\/wp-content\/uploads\/2018\/09\/appuntamenti.jpeg\" alt=\"\" width=\"800\" height=\"100\" srcset=\"https:\/\/www.radiopiu.net\/wordpress\/wp-content\/uploads\/2018\/09\/appuntamenti.jpeg 800w, https:\/\/www.radiopiu.net\/wordpress\/wp-content\/uploads\/2018\/09\/appuntamenti-300x38.jpeg 300w, https:\/\/www.radiopiu.net\/wordpress\/wp-content\/uploads\/2018\/09\/appuntamenti-768x96.jpeg 768w\" sizes=\"auto, (max-width: 800px) 100vw, 800px\" \/><\/a><\/span><\/h2>\n<p>&nbsp;<\/p>\n<p><strong>LIMANA<\/strong> Secondo appuntamento alla biblioteca di Limana con la rassegna &#8220;Assaggi di libri&#8221;. Venerd\u00ec alle 20:30 la presentazione del libro &#8220;Echi Oltre Le Mura&#8221;.<\/p>\n<p><strong>SABATO 16 MARZO Appuntamenti presso il Centro Astronomico di Arson<\/strong><strong style=\"font-size: 14px;\">: Luna alta risoluzione<\/strong><span style=\"font-size: 14px; font-weight: normal;\"> L&#8217;evento offre un&#8217;opportunit\u00e0 per osservare la Luna in dettaglio, con la possibilit\u00e0 di ammirare crateri, mari e altri dettagli attraverso telescopi e una camera planetaria. In caso di maltempo, verranno mostrati video e immagini delle regioni lunari. <\/span><span style=\"color: #000000;\">Ingresso 5 \u20ac, gratuito per soci e bambini fino a 11 anni. La prenotazione non \u00e8 necessaria.<\/span><\/p>\n<div>\n<div class=\"\" dir=\"auto\">\n<div id=\":r9h:\" class=\"x1iorvi4 x1pi30zi x1l90r2v x1swvt13\" data-ad-comet-preview=\"message\" data-ad-preview=\"message\">\n<div class=\"x78zum5 xdt5ytf xz62fqu x16ldp7u\">\n<div class=\"xu06os2 x1ok221b\">\n<p><strong>BELLUNO\u00a0<\/strong>Sabato con inizio alle 20 si terr\u00e0 nella Sala del Centro Congressi Giovanni XXIII\u00b0 di Belluno la conferenza organizzata dalla Associazione ContiamoCi!, coordinamento provinciale di Belluno dal titolo &#8220;Oltre il buio dell&#8217;ipocrisia&#8230;.&#8221;.<\/p>\n<p><strong>BELLUNO<\/strong> Il CTG organizza la &#8220;Camminata di Primavera&#8221; domenica 17 marzo. Il percorso ad anello di circa 2 km e 100 metri di dislivello si svolger\u00e0 a Salce, localit\u00e0 di grande bellezza paesaggistica. Raccomandate calzature adatte. La passeggiata, limitata a 25 partecipanti, inizia alle 14:30 dal parcheggio pubblico vicino al Consorzio Agrario Provinciale. Al termine, alle 17:30, si terr\u00e0 una messa presso la chiesa di S. Pietro, seguita da un rinfresco. La prenotazione \u00e8 obbligatoria, contattando il CTG al numero 0437 950075<\/p>\n<h2><span style=\"color: #ff0000;\">PROSSIMAMENTE&#8230;<\/span><\/h2>\n<\/div>\n<\/div>\n<\/div>\n<\/div>\n<\/div>\n<blockquote>\n<div class=\"\" dir=\"auto\">\n<div id=\":r9h:\" class=\"x1iorvi4 x1pi30zi x1l90r2v x1swvt13\" data-ad-comet-preview=\"message\" data-ad-preview=\"message\">\n<div class=\"x78zum5 xdt5ytf xz62fqu x16ldp7u\">\n<p>&nbsp;<\/p>\n<\/div>\n<\/div>\n<\/div>\n<\/blockquote>\n<blockquote>\n<div class=\"\" dir=\"auto\">\n<div id=\":r9h:\" class=\"x1iorvi4 x1pi30zi x1l90r2v x1swvt13\" data-ad-comet-preview=\"message\" data-ad-preview=\"message\">\n<div class=\"x78zum5 xdt5ytf xz62fqu x16ldp7u\">\n<div class=\"xu06os2 x1ok221b\">\n<h3 dir=\"auto\"><\/h3>\n<h3 dir=\"auto\"><a class=\"dt-pswp-item\" href=\"https:\/\/www.radiopiu.net\/wordpress\/wp-content\/uploads\/2024\/03\/431799071_3701462953469797_3407377256265811588_n.jpg\" data-dt-img-description=\"\" data-large_image_width=\"512\" data-large_image_height=\"640\"><img loading=\"lazy\" decoding=\"async\" class=\"size-medium wp-image-378141 alignleft\" src=\"https:\/\/www.radiopiu.net\/wordpress\/wp-content\/uploads\/2024\/03\/431799071_3701462953469797_3407377256265811588_n-240x300.jpg\" alt=\"\" width=\"240\" height=\"300\" srcset=\"https:\/\/www.radiopiu.net\/wordpress\/wp-content\/uploads\/2024\/03\/431799071_3701462953469797_3407377256265811588_n-240x300.jpg 240w, https:\/\/www.radiopiu.net\/wordpress\/wp-content\/uploads\/2024\/03\/431799071_3701462953469797_3407377256265811588_n.jpg 512w\" sizes=\"auto, (max-width: 240px) 100vw, 240px\" \/><\/a>7 APRILE, LARESEI! SAVE THE DATE FESTIVAL &#8220;ULTIMISSIME&#8221;<\/h3>\n<\/div>\n<\/div>\n<\/div>\n<\/div>\n<\/blockquote>\n<div>\n<div class=\"\" dir=\"auto\">\n<div id=\":r9h:\" class=\"x1iorvi4 x1pi30zi x1l90r2v x1swvt13\" data-ad-comet-preview=\"message\" data-ad-preview=\"message\">\n<p>CON CAROLINA MARQUEZ, MASSIMILIANO OSSINI, CAMILLA RONCHI, ICE MC,\u00a0\u00a0\u00a0 NATHALIE AARTS, ALIEN CUT\u00a0 E SATURNINO<\/p>\n<p>Acquista il tuo biglietto d&#8217;ingresso al link: www.ciaotickets.com \u00a0 save-the-date-festival 7 APRILE RIFUGIO LARESEI<br \/>\nSKI AREA SAN PELLEGRINO-FALCADE<\/p>\n<p>&nbsp;<\/p>\n\n\t\t\t<style type='text\/css'>\n\t\t\t\t#gallery-5 {\n\t\t\t\t\tmargin: auto;\n\t\t\t\t}\n\t\t\t\t#gallery-5 .gallery-item {\n\t\t\t\t\tfloat: left;\n\t\t\t\t\tmargin-top: 10px;\n\t\t\t\t\ttext-align: center;\n\t\t\t\t\twidth: 25%;\n\t\t\t\t}\n\t\t\t\t#gallery-5 img {\n\t\t\t\t\tborder: 2px solid #cfcfcf;\n\t\t\t\t}\n\t\t\t\t#gallery-5 .gallery-caption {\n\t\t\t\t\tmargin-left: 0;\n\t\t\t\t}\n\t\t\t\t\/* see gallery_shortcode() in wp-includes\/media.php *\/\n\t\t\t<\/style>\n\t\t<div id='gallery-5' class='dt-gallery-container gallery galleryid-378865 gallery-columns-4 gallery-size-medium'><dl class='gallery-item'>\n\t\t\t\t<dt class='gallery-icon portrait'>\n\t\t\t\t\t<a class=\"rollover rollover-zoom dt-pswp-item\" title=\"SCR-20240306-qmql\" data-dt-img-description=\"\" data-large_image_width=\"1182\" data-large_image_height=\"1192\"href='https:\/\/www.radiopiu.net\/wordpress\/wp-content\/uploads\/2024\/03\/SCR-20240306-qmql.jpeg'><img loading=\"lazy\" decoding=\"async\" width=\"297\" height=\"300\" src=\"https:\/\/www.radiopiu.net\/wordpress\/wp-content\/uploads\/2024\/03\/SCR-20240306-qmql-297x300.jpeg\" class=\"attachment-medium size-medium\" alt=\"\" srcset=\"https:\/\/www.radiopiu.net\/wordpress\/wp-content\/uploads\/2024\/03\/SCR-20240306-qmql-297x300.jpeg 297w, https:\/\/www.radiopiu.net\/wordpress\/wp-content\/uploads\/2024\/03\/SCR-20240306-qmql-1015x1024.jpeg 1015w, https:\/\/www.radiopiu.net\/wordpress\/wp-content\/uploads\/2024\/03\/SCR-20240306-qmql-768x774.jpeg 768w, https:\/\/www.radiopiu.net\/wordpress\/wp-content\/uploads\/2024\/03\/SCR-20240306-qmql.jpeg 1182w\" sizes=\"auto, (max-width: 297px) 100vw, 297px\" \/><\/a>\n\t\t\t\t<\/dt><\/dl><dl class='gallery-item'>\n\t\t\t\t<dt class='gallery-icon landscape'>\n\t\t\t\t\t<a class=\"rollover rollover-zoom dt-pswp-item\" title=\"download\" data-dt-img-description=\"\" data-large_image_width=\"316\" data-large_image_height=\"315\"href='https:\/\/www.radiopiu.net\/wordpress\/wp-content\/uploads\/2024\/03\/download.jpg'><img loading=\"lazy\" decoding=\"async\" width=\"300\" height=\"300\" src=\"https:\/\/www.radiopiu.net\/wordpress\/wp-content\/uploads\/2024\/03\/download-300x300.jpg\" class=\"attachment-medium size-medium\" alt=\"\" srcset=\"https:\/\/www.radiopiu.net\/wordpress\/wp-content\/uploads\/2024\/03\/download-300x300.jpg 300w, https:\/\/www.radiopiu.net\/wordpress\/wp-content\/uploads\/2024\/03\/download-150x150.jpg 150w, https:\/\/www.radiopiu.net\/wordpress\/wp-content\/uploads\/2024\/03\/download.jpg 316w\" sizes=\"auto, (max-width: 300px) 100vw, 300px\" \/><\/a>\n\t\t\t\t<\/dt><\/dl><dl class='gallery-item'>\n\t\t\t\t<dt class='gallery-icon landscape'>\n\t\t\t\t\t<a class=\"rollover rollover-zoom dt-pswp-item\" title=\"download\" data-dt-img-description=\"\" data-large_image_width=\"640\" data-large_image_height=\"639\"href='https:\/\/www.radiopiu.net\/wordpress\/wp-content\/uploads\/2024\/02\/download-6.jpg'><img loading=\"lazy\" decoding=\"async\" width=\"300\" height=\"300\" src=\"https:\/\/www.radiopiu.net\/wordpress\/wp-content\/uploads\/2024\/02\/download-6-300x300.jpg\" class=\"attachment-medium size-medium\" alt=\"\" srcset=\"https:\/\/www.radiopiu.net\/wordpress\/wp-content\/uploads\/2024\/02\/download-6-300x300.jpg 300w, https:\/\/www.radiopiu.net\/wordpress\/wp-content\/uploads\/2024\/02\/download-6-150x150.jpg 150w, https:\/\/www.radiopiu.net\/wordpress\/wp-content\/uploads\/2024\/02\/download-6.jpg 640w\" sizes=\"auto, (max-width: 300px) 100vw, 300px\" \/><\/a>\n\t\t\t\t<\/dt><\/dl><dl class='gallery-item'>\n\t\t\t\t<dt class='gallery-icon landscape'>\n\t\t\t\t\t<a class=\"rollover rollover-zoom dt-pswp-item\" title=\"Senza nome\" data-dt-img-description=\"\" data-large_image_width=\"566\" data-large_image_height=\"463\"href='https:\/\/www.radiopiu.net\/wordpress\/wp-content\/uploads\/2024\/03\/Senza-nome-4.png'><img loading=\"lazy\" decoding=\"async\" width=\"300\" height=\"245\" src=\"https:\/\/www.radiopiu.net\/wordpress\/wp-content\/uploads\/2024\/03\/Senza-nome-4-300x245.png\" class=\"attachment-medium size-medium\" alt=\"\" srcset=\"https:\/\/www.radiopiu.net\/wordpress\/wp-content\/uploads\/2024\/03\/Senza-nome-4-300x245.png 300w, https:\/\/www.radiopiu.net\/wordpress\/wp-content\/uploads\/2024\/03\/Senza-nome-4.png 566w\" sizes=\"auto, (max-width: 300px) 100vw, 300px\" \/><\/a>\n\t\t\t\t<\/dt><\/dl><br style=\"clear: both\" \/><dl class='gallery-item'>\n\t\t\t\t<dt class='gallery-icon landscape'>\n\t\t\t\t\t<a class=\"rollover rollover-zoom dt-pswp-item\" title=\"download\" data-dt-img-description=\"\" data-large_image_width=\"640\" data-large_image_height=\"639\"href='https:\/\/www.radiopiu.net\/wordpress\/wp-content\/uploads\/2024\/02\/download-5.jpg'><img loading=\"lazy\" decoding=\"async\" width=\"300\" height=\"300\" src=\"https:\/\/www.radiopiu.net\/wordpress\/wp-content\/uploads\/2024\/02\/download-5-300x300.jpg\" class=\"attachment-medium size-medium\" alt=\"\" srcset=\"https:\/\/www.radiopiu.net\/wordpress\/wp-content\/uploads\/2024\/02\/download-5-300x300.jpg 300w, https:\/\/www.radiopiu.net\/wordpress\/wp-content\/uploads\/2024\/02\/download-5-150x150.jpg 150w, https:\/\/www.radiopiu.net\/wordpress\/wp-content\/uploads\/2024\/02\/download-5.jpg 640w\" sizes=\"auto, (max-width: 300px) 100vw, 300px\" \/><\/a>\n\t\t\t\t<\/dt><\/dl><dl class='gallery-item'>\n\t\t\t\t<dt class='gallery-icon landscape'>\n\t\t\t\t\t<a class=\"rollover rollover-zoom dt-pswp-item\" title=\"Senza nome\" data-dt-img-description=\"\" data-large_image_width=\"415\" data-large_image_height=\"390\"href='https:\/\/www.radiopiu.net\/wordpress\/wp-content\/uploads\/2024\/03\/Senza-nome-10.png'><img loading=\"lazy\" decoding=\"async\" width=\"300\" height=\"282\" src=\"https:\/\/www.radiopiu.net\/wordpress\/wp-content\/uploads\/2024\/03\/Senza-nome-10-300x282.png\" class=\"attachment-medium size-medium\" alt=\"\" srcset=\"https:\/\/www.radiopiu.net\/wordpress\/wp-content\/uploads\/2024\/03\/Senza-nome-10-300x282.png 300w, https:\/\/www.radiopiu.net\/wordpress\/wp-content\/uploads\/2024\/03\/Senza-nome-10.png 415w\" sizes=\"auto, (max-width: 300px) 100vw, 300px\" \/><\/a>\n\t\t\t\t<\/dt><\/dl><dl class='gallery-item'>\n\t\t\t\t<dt class='gallery-icon landscape'>\n\t\t\t\t\t<a class=\"rollover rollover-zoom dt-pswp-item\" title=\"19c21029-a0ef-4986-8081-9facbbbce065\" data-dt-img-description=\"\" data-large_image_width=\"1080\" data-large_image_height=\"1080\"href='https:\/\/www.radiopiu.net\/wordpress\/wp-content\/uploads\/2024\/02\/19c21029-a0ef-4986-8081-9facbbbce065.jpg'><img loading=\"lazy\" decoding=\"async\" width=\"300\" height=\"300\" src=\"https:\/\/www.radiopiu.net\/wordpress\/wp-content\/uploads\/2024\/02\/19c21029-a0ef-4986-8081-9facbbbce065-300x300.jpg\" class=\"attachment-medium size-medium\" alt=\"\" srcset=\"https:\/\/www.radiopiu.net\/wordpress\/wp-content\/uploads\/2024\/02\/19c21029-a0ef-4986-8081-9facbbbce065-300x300.jpg 300w, https:\/\/www.radiopiu.net\/wordpress\/wp-content\/uploads\/2024\/02\/19c21029-a0ef-4986-8081-9facbbbce065-1024x1024.jpg 1024w, https:\/\/www.radiopiu.net\/wordpress\/wp-content\/uploads\/2024\/02\/19c21029-a0ef-4986-8081-9facbbbce065-150x150.jpg 150w, https:\/\/www.radiopiu.net\/wordpress\/wp-content\/uploads\/2024\/02\/19c21029-a0ef-4986-8081-9facbbbce065-768x768.jpg 768w, https:\/\/www.radiopiu.net\/wordpress\/wp-content\/uploads\/2024\/02\/19c21029-a0ef-4986-8081-9facbbbce065.jpg 1080w\" sizes=\"auto, (max-width: 300px) 100vw, 300px\" \/><\/a>\n\t\t\t\t<\/dt><\/dl><dl class='gallery-item'>\n\t\t\t\t<dt class='gallery-icon landscape'>\n\t\t\t\t\t<a class=\"rollover rollover-zoom dt-pswp-item\" title=\"428458808_122124610286160269_8403615925720421881_n\" data-dt-img-description=\"\" data-large_image_width=\"526\" data-large_image_height=\"526\"href='https:\/\/www.radiopiu.net\/wordpress\/wp-content\/uploads\/2024\/02\/428458808_122124610286160269_8403615925720421881_n.jpg'><img loading=\"lazy\" decoding=\"async\" width=\"300\" height=\"300\" src=\"https:\/\/www.radiopiu.net\/wordpress\/wp-content\/uploads\/2024\/02\/428458808_122124610286160269_8403615925720421881_n-300x300.jpg\" class=\"attachment-medium size-medium\" alt=\"\" srcset=\"https:\/\/www.radiopiu.net\/wordpress\/wp-content\/uploads\/2024\/02\/428458808_122124610286160269_8403615925720421881_n-300x300.jpg 300w, https:\/\/www.radiopiu.net\/wordpress\/wp-content\/uploads\/2024\/02\/428458808_122124610286160269_8403615925720421881_n-150x150.jpg 150w, https:\/\/www.radiopiu.net\/wordpress\/wp-content\/uploads\/2024\/02\/428458808_122124610286160269_8403615925720421881_n.jpg 526w\" sizes=\"auto, (max-width: 300px) 100vw, 300px\" \/><\/a>\n\t\t\t\t<\/dt><\/dl><br style=\"clear: both\" \/>\n\t\t\t<\/div>\n\n<\/div>\n<\/div>\n<\/div>\n<blockquote>\n<div>\n<div class=\"\" dir=\"auto\">\n<div id=\":r9h:\" class=\"x1iorvi4 x1pi30zi x1l90r2v x1swvt13\" data-ad-comet-preview=\"message\" data-ad-preview=\"message\">\n<div class=\"x78zum5 xdt5ytf xz62fqu x16ldp7u\">\n<div class=\"xu06os2 x1ok221b\">\n<div dir=\"auto\"><\/div>\n<\/div>\n<\/div>\n<\/div>\n<\/div>\n<\/div>\n<\/blockquote>\n<p>&nbsp;<\/p>\n<p>&nbsp;<\/p>\n<hr \/>\n<p>&nbsp;<\/p>\n<p><a class=\"dt-pswp-item\" href=\"https:\/\/www.radiopiu.net\/wordpress\/wp-content\/uploads\/2018\/09\/viabilita.jpeg\" data-dt-img-description=\"\" data-large_image_width=\"800\" data-large_image_height=\"100\"><img loading=\"lazy\" decoding=\"async\" class=\"aligncenter wp-image-61954 size-full\" src=\"https:\/\/www.radiopiu.net\/wordpress\/wp-content\/uploads\/2018\/09\/viabilita.jpeg\" alt=\"\" width=\"800\" height=\"100\" srcset=\"https:\/\/www.radiopiu.net\/wordpress\/wp-content\/uploads\/2018\/09\/viabilita.jpeg 800w, https:\/\/www.radiopiu.net\/wordpress\/wp-content\/uploads\/2018\/09\/viabilita-300x38.jpeg 300w, https:\/\/www.radiopiu.net\/wordpress\/wp-content\/uploads\/2018\/09\/viabilita-768x96.jpeg 768w\" sizes=\"auto, (max-width: 800px) 100vw, 800px\" \/><\/a><\/p>\n<p>&nbsp;<\/p>\n<p><a class=\"dt-pswp-item\" href=\"https:\/\/www.radiopiu.net\/wordpress\/wp-content\/uploads\/2023\/12\/botol-car-service.jpg\" data-dt-img-description=\"\" data-large_image_width=\"600\" data-large_image_height=\"600\"><img loading=\"lazy\" decoding=\"async\" class=\"size-medium wp-image-367044 aligncenter\" src=\"https:\/\/www.radiopiu.net\/wordpress\/wp-content\/uploads\/2023\/12\/botol-car-service-300x300.jpg\" alt=\"\" width=\"300\" height=\"300\" srcset=\"https:\/\/www.radiopiu.net\/wordpress\/wp-content\/uploads\/2023\/12\/botol-car-service-300x300.jpg 300w, https:\/\/www.radiopiu.net\/wordpress\/wp-content\/uploads\/2023\/12\/botol-car-service-150x150.jpg 150w, https:\/\/www.radiopiu.net\/wordpress\/wp-content\/uploads\/2023\/12\/botol-car-service.jpg 600w\" sizes=\"auto, (max-width: 300px) 100vw, 300px\" \/><\/a><\/p>\n<p>&nbsp;<\/p>\n<blockquote class=\"wp-embedded-content\" data-secret=\"v7ti1eIlQc\"><p><a href=\"https:\/\/www.radiopiu.net\/wordpress\/viabilita\/\">viabilita<\/a><\/p><\/blockquote>\n<p><iframe loading=\"lazy\" class=\"wp-embedded-content\" sandbox=\"allow-scripts\" security=\"restricted\" style=\"position: absolute; clip: rect(1px, 1px, 1px, 1px);\" title=\"&#8220;viabilita&#8221; &#8212; Radio Pi\u00f9\" src=\"https:\/\/www.radiopiu.net\/wordpress\/viabilita\/embed\/#?secret=JeYObdL8Zi#?secret=v7ti1eIlQc\" data-secret=\"v7ti1eIlQc\" width=\"600\" height=\"338\" frameborder=\"0\" marginwidth=\"0\" marginheight=\"0\" scrolling=\"no\"><\/iframe><\/p>\n<p>&nbsp;<\/p>\n<hr \/>\n<p>&nbsp;<\/p>\n<p><a class=\"dt-pswp-item\" href=\"https:\/\/www.radiopiu.net\/wordpress\/wp-content\/uploads\/2018\/09\/WhatsApp-Image-2018-09-20-at-16.04.06.jpeg\" data-dt-img-description=\"\" data-large_image_width=\"800\" data-large_image_height=\"100\"><img loading=\"lazy\" decoding=\"async\" class=\"wp-image-61378 size-full aligncenter\" src=\"https:\/\/www.radiopiu.net\/wordpress\/wp-content\/uploads\/2018\/09\/WhatsApp-Image-2018-09-20-at-16.04.06.jpeg\" alt=\"\" width=\"800\" height=\"100\" srcset=\"https:\/\/www.radiopiu.net\/wordpress\/wp-content\/uploads\/2018\/09\/WhatsApp-Image-2018-09-20-at-16.04.06.jpeg 800w, https:\/\/www.radiopiu.net\/wordpress\/wp-content\/uploads\/2018\/09\/WhatsApp-Image-2018-09-20-at-16.04.06-300x38.jpeg 300w, https:\/\/www.radiopiu.net\/wordpress\/wp-content\/uploads\/2018\/09\/WhatsApp-Image-2018-09-20-at-16.04.06-768x96.jpeg 768w\" sizes=\"auto, (max-width: 800px) 100vw, 800px\" \/><\/a><\/p>\n<p><center><\/center><center><\/center><center><\/center><center><\/center><center><\/center><center><\/center>&nbsp;<\/p>\n<p><center><b>OGGI<\/b><\/center>Tra la notte ed il mattino nuvolosit\u00e0 irregolare, anche estesa sulle Dolomiti, dove ci sar\u00e0 la probabilit\u00e0 di qualche fenomeno. Minore nuvolosit\u00e0 e qualche schiarite su Prealpi. Al pomeriggio miglioramento con rasserenamenti via via pi\u00f9 ampi ovunque.<br \/>\n<b>Precipitazioni: <\/b>Probabili deboli\/debolissime precipitazioni sulle Dolomiti centro-settentrionali tra la notte e il primo mattino, con qualche fiocco di neve sopra i 1300-1400 m. La probabilit\u00e0 sar\u00e0 minore altrove<br \/>\n<b>Temperature: <\/b>Minime senza notevoli variazioni o in leggero aumento in quota, specie sulle cime prealpine; massime in ripresa, pi\u00f9 sensibile in quota.<\/p>\n<hr \/>\n<p><center><b>DOMANI<\/b><\/center>Tempo soleggiato con cielo perlopi\u00f9 sereno, aria tersa ed ottima visibilit\u00e0. Probabile lieve insidia per qualche nebbia in Valbelluna durante le ore pi\u00f9 fredde.<br \/>\n<b>Precipitazioni: <\/b>Assenti<br \/>\n<b>Temperature: <\/b>Eccetto stazionariet\u00e0 delle minime nelle valli, saranno in generale ripresa, pi\u00f9 sensibile in quota.<\/p>\n<hr \/>\n<p><center><b>VENERDI<\/b><\/center>Tempo soleggiato con prime velature al mattino e probabile lieve insidia per qualche banco di nebbia in Valbelluna durante le ore pi\u00f9 fredde. Al pomeriggio crescente nuvolosit\u00e0 alta. Temperature in generale aumento, pi\u00f9 sensibile nelle valli e nei settori non innevati.<\/p>\n<hr \/>\n<p><center><b>SABATO<\/b><\/center>Nuvolosit\u00e0, a tratti intensa ed associata a qualche piovasco\/rovescio, assieme a neve burrascosa sopra i 1800-1900 m. Nel pomeriggio attenuazione della nuvolosit\u00e0 e rasserenamenti. Temperature in diminuzione, eccetto rialzo delle minime nelle valli.<\/p>\n<p>&nbsp;<\/p>\n<hr \/>\n<p>&nbsp;<\/p>\n<p><img loading=\"lazy\" decoding=\"async\" class=\"wp-image-60761 size-full aligncenter\" src=\"https:\/\/www.radiopiu.net\/wordpress\/wp-content\/uploads\/2018\/09\/sport.jpg\" alt=\"\" width=\"800\" height=\"100\" srcset=\"https:\/\/www.radiopiu.net\/wordpress\/wp-content\/uploads\/2018\/09\/sport.jpg 800w, https:\/\/www.radiopiu.net\/wordpress\/wp-content\/uploads\/2018\/09\/sport-300x38.jpg 300w, https:\/\/www.radiopiu.net\/wordpress\/wp-content\/uploads\/2018\/09\/sport-768x96.jpg 768w\" sizes=\"auto, (max-width: 800px) 100vw, 800px\" \/><\/p>\n<p>&nbsp;<\/p>\n<p><span style=\"color: #0000ff;\"><strong>CALCIO<\/strong><\/span><\/p>\n<blockquote>\n<h3>AGORDINA E PIAVE DOVRANNO RECUPERARE DUE PARTITE<\/h3>\n<\/blockquote>\n<p><strong><a class=\"dt-pswp-item\" href=\"https:\/\/www.radiopiu.net\/wordpress\/wp-content\/uploads\/2023\/04\/calcio-rigore-2023.png\" data-dt-img-description=\"\" data-large_image_width=\"623\" data-large_image_height=\"402\"><img loading=\"lazy\" decoding=\"async\" class=\" wp-image-331419 alignleft\" src=\"https:\/\/www.radiopiu.net\/wordpress\/wp-content\/uploads\/2023\/04\/calcio-rigore-2023-300x194.png\" alt=\"\" width=\"195\" height=\"126\" srcset=\"https:\/\/www.radiopiu.net\/wordpress\/wp-content\/uploads\/2023\/04\/calcio-rigore-2023-300x194.png 300w, https:\/\/www.radiopiu.net\/wordpress\/wp-content\/uploads\/2023\/04\/calcio-rigore-2023.png 623w\" sizes=\"auto, (max-width: 195px) 100vw, 195px\" \/><\/a>DI MARCO GAZ<\/strong><\/p>\n<p><strong>REDAZIONE<\/strong> Il fine settimana appena terminato non \u00e8 stato felice per il calcio bellunese. Tante le partite rinviate a causa del maltempo e dell&#8217;impraticabilit\u00e0 del campo. Dopo il rinvio totale d&#8217;ufficio di due weekend da parte della LND Veneto, domenica scorsa si \u00e8 deciso di andare avanti nonostante le previsioni avverse. In Terza Categoria si sono giocate 3 partite su 7, rinviate le gare di Agordina e Piave. Un campionato che ora deve recuperare due gare che non sono state giocate con la possibilit\u00e0 di fare un recupero il sabato prima di Pasqua. Una stagione che si prospetta impegnativa per la squadra di Agordo ma non solo. Prossimamente si sapr\u00e0 quando verranno recuperate le gare.<\/p>\n<p>&nbsp;<\/p>\n<p>&nbsp;<\/p>\n<hr \/>\n<p>&nbsp;<\/p>\n<h2><span style=\"color: #99cc00;\">GOODBYE BY BICICLE&#8230;UN VIAGGIO DALL&#8217;INDIA A SEREN DEL GRAPPA IN BICICLETTA<\/span><\/h2>\n<p><span style=\"color: #ff0000;\"><strong>PUNTATA 04 &#8211; IL RINNOVO DEL VISTO TURISTICO<\/strong><\/span><\/p>\n<audio class=\"wp-audio-shortcode\" id=\"audio-378865-20\" preload=\"none\" style=\"width: 100%;\" controls=\"controls\"><source type=\"audio\/mpeg\" src=\"https:\/\/www.radiopiu.net\/wordpress\/wp-content\/uploads\/2024\/03\/INDIA-AIRE-PUNTATA-04.mp3?_=20\" \/><a href=\"https:\/\/www.radiopiu.net\/wordpress\/wp-content\/uploads\/2024\/03\/INDIA-AIRE-PUNTATA-04.mp3\">https:\/\/www.radiopiu.net\/wordpress\/wp-content\/uploads\/2024\/03\/INDIA-AIRE-PUNTATA-04.mp3<\/a><\/audio>\n<p>&nbsp;<\/p>\n<p><strong>PER VISITARE I SITI DEI LUOGHI VISITATI, CLICCA SULLE SEGUENTI SCRITTE: <a href=\"https:\/\/www.djed.in\/our-story\">DJED FOUNDATION<\/a>\u00a0 \u00a0<a href=\"https:\/\/www.carbonfootprint.com\/calculator.aspx\">CARBON FOOTPRINT<\/a><\/strong><\/p>\n\n\t\t\t<style type='text\/css'>\n\t\t\t\t#gallery-6 {\n\t\t\t\t\tmargin: auto;\n\t\t\t\t}\n\t\t\t\t#gallery-6 .gallery-item {\n\t\t\t\t\tfloat: left;\n\t\t\t\t\tmargin-top: 10px;\n\t\t\t\t\ttext-align: center;\n\t\t\t\t\twidth: 25%;\n\t\t\t\t}\n\t\t\t\t#gallery-6 img {\n\t\t\t\t\tborder: 2px solid #cfcfcf;\n\t\t\t\t}\n\t\t\t\t#gallery-6 .gallery-caption {\n\t\t\t\t\tmargin-left: 0;\n\t\t\t\t}\n\t\t\t\t\/* see gallery_shortcode() in wp-includes\/media.php *\/\n\t\t\t<\/style>\n\t\t<div id='gallery-6' class='dt-gallery-container gallery galleryid-378865 gallery-columns-4 gallery-size-thumbnail'><dl class='gallery-item'>\n\t\t\t\t<dt class='gallery-icon landscape'>\n\t\t\t\t\t<a class=\"rollover rollover-zoom dt-pswp-item\" title=\"b80b518c-a87e-4889-b09b-6bc14395f384\" data-dt-img-description=\"\" data-large_image_width=\"1600\" data-large_image_height=\"1200\"href='https:\/\/www.radiopiu.net\/wordpress\/wp-content\/uploads\/2024\/03\/b80b518c-a87e-4889-b09b-6bc14395f384.jpg'><img loading=\"lazy\" decoding=\"async\" width=\"150\" height=\"150\" src=\"https:\/\/www.radiopiu.net\/wordpress\/wp-content\/uploads\/2024\/03\/b80b518c-a87e-4889-b09b-6bc14395f384-150x150.jpg\" class=\"attachment-thumbnail size-thumbnail\" alt=\"\" \/><\/a>\n\t\t\t\t<\/dt><\/dl><dl class='gallery-item'>\n\t\t\t\t<dt class='gallery-icon landscape'>\n\t\t\t\t\t<a class=\"rollover rollover-zoom dt-pswp-item\" title=\"33f283fe-a3ef-4f69-a98a-b3e42eaf32e7\" data-dt-img-description=\"\" data-large_image_width=\"1600\" data-large_image_height=\"1200\"href='https:\/\/www.radiopiu.net\/wordpress\/wp-content\/uploads\/2024\/03\/33f283fe-a3ef-4f69-a98a-b3e42eaf32e7.jpg'><img loading=\"lazy\" decoding=\"async\" width=\"150\" height=\"150\" src=\"https:\/\/www.radiopiu.net\/wordpress\/wp-content\/uploads\/2024\/03\/33f283fe-a3ef-4f69-a98a-b3e42eaf32e7-150x150.jpg\" class=\"attachment-thumbnail size-thumbnail\" alt=\"\" \/><\/a>\n\t\t\t\t<\/dt><\/dl><dl class='gallery-item'>\n\t\t\t\t<dt class='gallery-icon landscape'>\n\t\t\t\t\t<a class=\"rollover rollover-zoom dt-pswp-item\" title=\"2a4f034b-f4d5-47ac-8574-f38f29780f55\" data-dt-img-description=\"\" data-large_image_width=\"1600\" data-large_image_height=\"1200\"href='https:\/\/www.radiopiu.net\/wordpress\/wp-content\/uploads\/2024\/03\/2a4f034b-f4d5-47ac-8574-f38f29780f55.jpg'><img loading=\"lazy\" decoding=\"async\" width=\"150\" height=\"150\" src=\"https:\/\/www.radiopiu.net\/wordpress\/wp-content\/uploads\/2024\/03\/2a4f034b-f4d5-47ac-8574-f38f29780f55-150x150.jpg\" class=\"attachment-thumbnail size-thumbnail\" alt=\"\" \/><\/a>\n\t\t\t\t<\/dt><\/dl><dl class='gallery-item'>\n\t\t\t\t<dt class='gallery-icon landscape'>\n\t\t\t\t\t<a class=\"rollover rollover-zoom dt-pswp-item\" title=\"b314e6ad-70bc-4e5e-b616-ab2462ff857f\" data-dt-img-description=\"\" data-large_image_width=\"1600\" data-large_image_height=\"1200\"href='https:\/\/www.radiopiu.net\/wordpress\/wp-content\/uploads\/2024\/03\/b314e6ad-70bc-4e5e-b616-ab2462ff857f.jpg'><img loading=\"lazy\" decoding=\"async\" width=\"150\" height=\"150\" src=\"https:\/\/www.radiopiu.net\/wordpress\/wp-content\/uploads\/2024\/03\/b314e6ad-70bc-4e5e-b616-ab2462ff857f-150x150.jpg\" class=\"attachment-thumbnail size-thumbnail\" alt=\"\" \/><\/a>\n\t\t\t\t<\/dt><\/dl><br style=\"clear: both\" \/>\n\t\t\t<\/div>\n\n<p>&nbsp;<\/p>\n<h2>LA RACCOLTA COMPLETA <a href=\"https:\/\/www.radiopiu.net\/wordpress\/goodbye-by-bicicle-un-viaggio-dallindia-a-seren-del-grappa-in-bicicletta-04\/\">CLICCA QUI<\/a><\/h2>\n<p>&nbsp;<\/p>\n<p>&nbsp;<\/p>\n<p>&nbsp;<\/p>\n","protected":false},"excerpt":{"rendered":"<p>****** &nbsp; PER RICEVERE QUESTO NOTIZIARIO DIRETTAMENTE SUL TUO CELLULARE ISCRIVITI AL CANALE TELEGRAM \u201cRADIO PIU\u00a0 INFORMAZIONE&#8221;\u00a0 \u00a0il CANALE TELEGRAM&#8230; UNISCITI A: RADIO PIU INFORMAZIONE &nbsp; &nbsp; ATTENZIONE: LA NUOVA APP PER IOS-IPHONE di Nicola Vettorello https:\/\/apps.apple.com\/it\/app\/radio-pi%C3%B9-emittente-agordina\/id1515939845 ATTENZIONE: LA NUOVA APP RADIO\u00a0 PER ANDROID di Nicola Vettorello https:\/\/play.google.com\/store\/apps\/details?id=net.radiopiu.iniko\u00a0\u00a0 &nbsp; *** ISCRIVITI AL NOSTRO CANALE\u00a0\u00a0YOUTUBE PER&hellip;<\/p>\n","protected":false},"author":4,"featured_media":378963,"comment_status":"closed","ping_status":"closed","sticky":false,"template":"","format":"standard","meta":{"_monsterinsights_skip_tracking":false,"_monsterinsights_sitenote_active":false,"_monsterinsights_sitenote_note":"","_monsterinsights_sitenote_category":0,"footnotes":""},"categories":[51,86,49],"tags":[],"class_list":["post-378865","post","type-post","status-publish","format-standard","has-post-thumbnail","hentry","category-evidenza-top","category-gr","category-news-18","category-51","category-86","category-49","description-off"],"img_url":"https:\/\/www.radiopiu.net\/wordpress\/wp-content\/uploads\/2024\/03\/333.png","_links":{"self":[{"href":"https:\/\/www.radiopiu.net\/wordpress\/wp-json\/wp\/v2\/posts\/378865","targetHints":{"allow":["GET"]}}],"collection":[{"href":"https:\/\/www.radiopiu.net\/wordpress\/wp-json\/wp\/v2\/posts"}],"about":[{"href":"https:\/\/www.radiopiu.net\/wordpress\/wp-json\/wp\/v2\/types\/post"}],"author":[{"embeddable":true,"href":"https:\/\/www.radiopiu.net\/wordpress\/wp-json\/wp\/v2\/users\/4"}],"replies":[{"embeddable":true,"href":"https:\/\/www.radiopiu.net\/wordpress\/wp-json\/wp\/v2\/comments?post=378865"}],"version-history":[{"count":0,"href":"https:\/\/www.radiopiu.net\/wordpress\/wp-json\/wp\/v2\/posts\/378865\/revisions"}],"wp:featuredmedia":[{"embeddable":true,"href":"https:\/\/www.radiopiu.net\/wordpress\/wp-json\/wp\/v2\/media\/378963"}],"wp:attachment":[{"href":"https:\/\/www.radiopiu.net\/wordpress\/wp-json\/wp\/v2\/media?parent=378865"}],"wp:term":[{"taxonomy":"category","embeddable":true,"href":"https:\/\/www.radiopiu.net\/wordpress\/wp-json\/wp\/v2\/categories?post=378865"},{"taxonomy":"post_tag","embeddable":true,"href":"https:\/\/www.radiopiu.net\/wordpress\/wp-json\/wp\/v2\/tags?post=378865"}],"curies":[{"name":"wp","href":"https:\/\/api.w.org\/{rel}","templated":true}]}}