{"id":378947,"date":"2024-03-12T19:05:09","date_gmt":"2024-03-12T18:05:09","guid":{"rendered":"https:\/\/www.radiopiu.net\/wordpress\/?p=378947"},"modified":"2024-03-12T19:05:09","modified_gmt":"2024-03-12T18:05:09","slug":"ri-dillo-a-radiopiu-ancora-sullarea-camper-in-valcozzena","status":"publish","type":"post","link":"https:\/\/www.radiopiu.net\/wordpress\/ri-dillo-a-radiopiu-ancora-sullarea-camper-in-valcozzena\/","title":{"rendered":"ri DILLO A RADIOPIU&#8217;&#8230; ANCORA SULL&#8217;AREA CAMPER IN VALCOZZENA"},"content":{"rendered":"<p>&nbsp;<\/p>\n<p><strong>RICEVIAMO E PUBBLICHIAMO\u00a0<\/strong><\/p>\n<p><img loading=\"lazy\" decoding=\"async\" class=\"alignleft\" src=\"https:\/\/www.radiopiu.net\/wordpress\/wp-content\/uploads\/2024\/03\/f8ef780e-7ece-45b7-b092-4a57eb4e203d-300x225-1.jpg\" width=\"218\" height=\"164\" \/>Apprendo da Radiopi\u00f9 della piccola disavventura capitata al turista che ha trovato l&#8217;area sosta camper di Valcozzena occupata da numerose autovetture. I problemi di parcheggio in Valcozzena sono noti a chiunque, forse per\u00f2 non tutti ricordano che gi\u00e0 5 anni fa si ragionava dello spostamento area camper in altra zona (Tamonich) con il duplice risultato di rendere pi\u00f9 attrattiva la sosta ai camperisti, vista la vicinanza al centro del paese, e di poter ricavare nell&#8217;area dismessa in Valcozzena decine di preziosi parcheggi. Sono passati quasi cinque anni, sia pure con in mezzo un&#8217;epidemia e tante altre complicazioni, forse non ultima la burocrazia che in Italia regna sovrana. Considerato che l&#8217;area di sosta temporanea camper si limita in pratica ad un piazzale asfaltato con i servizi base (acqua potabile, scarico fognario, presa elettrica), si potrebbe anche dire che cinque anni sono sufficienti per passare dalla teoria alla pratica e spostare finalmente questa benedetta area camper. I camperisti ringrazierebbero sicuramente, chi lavora in Valcozzena anche.<\/p>\n<p><strong>Emilio Bez<\/strong><br \/>\n<strong>Coordinatore Uiltec-Uil<\/strong><\/p>\n<p>&nbsp;<\/p>\n<hr \/>\n<p>&nbsp;<\/p>\n","protected":false},"excerpt":{"rendered":"<p>&nbsp; RICEVIAMO E PUBBLICHIAMO\u00a0 Apprendo da Radiopi\u00f9 della piccola disavventura capitata al turista che ha trovato l&#8217;area sosta camper di Valcozzena occupata da numerose autovetture. I problemi di parcheggio in Valcozzena sono noti a chiunque, forse per\u00f2 non tutti ricordano che gi\u00e0 5 anni fa si ragionava dello spostamento area camper in altra zona (Tamonich)&hellip;<\/p>\n","protected":false},"author":4,"featured_media":378948,"comment_status":"closed","ping_status":"closed","sticky":false,"template":"","format":"standard","meta":{"_monsterinsights_skip_tracking":false,"_monsterinsights_sitenote_active":false,"_monsterinsights_sitenote_note":"","_monsterinsights_sitenote_category":0,"footnotes":""},"categories":[51,49],"tags":[],"class_list":["post-378947","post","type-post","status-publish","format-standard","has-post-thumbnail","hentry","category-evidenza-top","category-news-18","category-51","category-49","description-off"],"img_url":"https:\/\/www.radiopiu.net\/wordpress\/wp-content\/uploads\/2024\/03\/f8ef780e-7ece-45b7-b092-4a57eb4e203d-300x225-1.jpg","_links":{"self":[{"href":"https:\/\/www.radiopiu.net\/wordpress\/wp-json\/wp\/v2\/posts\/378947","targetHints":{"allow":["GET"]}}],"collection":[{"href":"https:\/\/www.radiopiu.net\/wordpress\/wp-json\/wp\/v2\/posts"}],"about":[{"href":"https:\/\/www.radiopiu.net\/wordpress\/wp-json\/wp\/v2\/types\/post"}],"author":[{"embeddable":true,"href":"https:\/\/www.radiopiu.net\/wordpress\/wp-json\/wp\/v2\/users\/4"}],"replies":[{"embeddable":true,"href":"https:\/\/www.radiopiu.net\/wordpress\/wp-json\/wp\/v2\/comments?post=378947"}],"version-history":[{"count":0,"href":"https:\/\/www.radiopiu.net\/wordpress\/wp-json\/wp\/v2\/posts\/378947\/revisions"}],"wp:featuredmedia":[{"embeddable":true,"href":"https:\/\/www.radiopiu.net\/wordpress\/wp-json\/wp\/v2\/media\/378948"}],"wp:attachment":[{"href":"https:\/\/www.radiopiu.net\/wordpress\/wp-json\/wp\/v2\/media?parent=378947"}],"wp:term":[{"taxonomy":"category","embeddable":true,"href":"https:\/\/www.radiopiu.net\/wordpress\/wp-json\/wp\/v2\/categories?post=378947"},{"taxonomy":"post_tag","embeddable":true,"href":"https:\/\/www.radiopiu.net\/wordpress\/wp-json\/wp\/v2\/tags?post=378947"}],"curies":[{"name":"wp","href":"https:\/\/api.w.org\/{rel}","templated":true}]}}