{"id":378955,"date":"2024-03-12T12:27:46","date_gmt":"2024-03-12T11:27:46","guid":{"rendered":"https:\/\/www.radiopiu.net\/wordpress\/?p=378955"},"modified":"2024-03-12T19:29:27","modified_gmt":"2024-03-12T18:29:27","slug":"a-franco-di-john-francis-della-pietra","status":"publish","type":"post","link":"https:\/\/www.radiopiu.net\/wordpress\/a-franco-di-john-francis-della-pietra\/","title":{"rendered":"A FRANCO&#8230; DI JOHN FRANCIS DELLA PIETRA"},"content":{"rendered":"<p>+++<\/p>\n<p>&nbsp;<\/p>\n<p>CANALE D&#8217;AGORDO<\/p>\n<p>Franco Manfroi<\/p>\n<p>Un inverno paupero di neve<br \/>\nDi pioggia ed umidit\u00e0 ne abbiamo fatto le spese<br \/>\nNon si son ancora della vasaloppet sopiti i clamori<br \/>\nAnche lass\u00f9 nel grande nord son stati dolori<br \/>\nOra che sulla tua pista v \u00e8 da gareggiare<br \/>\nTanta candida ne hai fatta arrivare<br \/>\nUna benedizione<br \/>\nChe ci genera subitanea emozione<br \/>\nVecio&#8230;come sempre dicevi<br \/>\nSei ancora tu l angelo che vola sopra le nevi<br \/>\nGrati te ne siamo<br \/>\nE sempre nel cuore ti portiamo<br \/>\nE nel veder piccoli e grandi nel tuo nome sciare<br \/>\nTi sappiamo qui con lo spirito sorridente a presenziare<\/p>\n\n\t\t\t<style type='text\/css'>\n\t\t\t\t#gallery-1 {\n\t\t\t\t\tmargin: auto;\n\t\t\t\t}\n\t\t\t\t#gallery-1 .gallery-item {\n\t\t\t\t\tfloat: left;\n\t\t\t\t\tmargin-top: 10px;\n\t\t\t\t\ttext-align: center;\n\t\t\t\t\twidth: 33%;\n\t\t\t\t}\n\t\t\t\t#gallery-1 img {\n\t\t\t\t\tborder: 2px solid #cfcfcf;\n\t\t\t\t}\n\t\t\t\t#gallery-1 .gallery-caption {\n\t\t\t\t\tmargin-left: 0;\n\t\t\t\t}\n\t\t\t\t\/* see gallery_shortcode() in wp-includes\/media.php *\/\n\t\t\t<\/style>\n\t\t<div id='gallery-1' class='dt-gallery-container gallery galleryid-378955 gallery-columns-3 gallery-size-thumbnail'><dl class='gallery-item'>\n\t\t\t\t<dt class='gallery-icon portrait'>\n\t\t\t\t\t<a class=\"rollover rollover-zoom dt-pswp-item\" title=\"d2a55a46-dc8a-4c90-a1ba-8738279d6bcd\" data-dt-img-description=\"\" data-large_image_width=\"720\" data-large_image_height=\"1600\"href='https:\/\/www.radiopiu.net\/wordpress\/wp-content\/uploads\/2024\/03\/d2a55a46-dc8a-4c90-a1ba-8738279d6bcd.jpg'><img loading=\"lazy\" decoding=\"async\" width=\"150\" height=\"150\" src=\"https:\/\/www.radiopiu.net\/wordpress\/wp-content\/uploads\/2024\/03\/d2a55a46-dc8a-4c90-a1ba-8738279d6bcd-150x150.jpg\" class=\"attachment-thumbnail size-thumbnail\" alt=\"\" \/><\/a>\n\t\t\t\t<\/dt><\/dl><dl class='gallery-item'>\n\t\t\t\t<dt class='gallery-icon landscape'>\n\t\t\t\t\t<a class=\"rollover rollover-zoom dt-pswp-item\" title=\"b64db6a0-8204-4bb5-b534-1cb70b685bb4\" data-dt-img-description=\"\" data-large_image_width=\"1600\" data-large_image_height=\"720\"href='https:\/\/www.radiopiu.net\/wordpress\/wp-content\/uploads\/2024\/03\/b64db6a0-8204-4bb5-b534-1cb70b685bb4-e1710268136958.jpg'><img loading=\"lazy\" decoding=\"async\" width=\"150\" height=\"150\" src=\"https:\/\/www.radiopiu.net\/wordpress\/wp-content\/uploads\/2024\/03\/b64db6a0-8204-4bb5-b534-1cb70b685bb4-e1710268136958-150x150.jpg\" class=\"attachment-thumbnail size-thumbnail\" alt=\"\" \/><\/a>\n\t\t\t\t<\/dt><\/dl><dl class='gallery-item'>\n\t\t\t\t<dt class='gallery-icon landscape'>\n\t\t\t\t\t<a class=\"rollover rollover-zoom dt-pswp-item\" title=\"ace2c25c-4515-43e8-bc7b-13531e44052a\" data-dt-img-description=\"\" data-large_image_width=\"1600\" data-large_image_height=\"720\"href='https:\/\/www.radiopiu.net\/wordpress\/wp-content\/uploads\/2024\/03\/ace2c25c-4515-43e8-bc7b-13531e44052a.jpg'><img loading=\"lazy\" decoding=\"async\" width=\"150\" height=\"150\" src=\"https:\/\/www.radiopiu.net\/wordpress\/wp-content\/uploads\/2024\/03\/ace2c25c-4515-43e8-bc7b-13531e44052a-150x150.jpg\" class=\"attachment-thumbnail size-thumbnail\" alt=\"\" \/><\/a>\n\t\t\t\t<\/dt><\/dl><br style=\"clear: both\" \/>\n\t\t\t<\/div>\n\n<p>&nbsp;<\/p>\n<p>&nbsp;<\/p>\n<hr \/>\n<p>&nbsp;<\/p>\n<p>&nbsp;<\/p>\n<hr \/>\n<p>&nbsp;<\/p>\n","protected":false},"excerpt":{"rendered":"<p>+++ &nbsp; CANALE D&#8217;AGORDO Franco Manfroi Un inverno paupero di neve Di pioggia ed umidit\u00e0 ne abbiamo fatto le spese Non si son ancora della vasaloppet sopiti i clamori Anche lass\u00f9 nel grande nord son stati dolori Ora che sulla tua pista v \u00e8 da gareggiare Tanta candida ne hai fatta arrivare Una benedizione Che&hellip;<\/p>\n","protected":false},"author":4,"featured_media":378956,"comment_status":"closed","ping_status":"closed","sticky":false,"template":"","format":"standard","meta":{"_monsterinsights_skip_tracking":false,"_monsterinsights_sitenote_active":false,"_monsterinsights_sitenote_note":"","_monsterinsights_sitenote_category":0,"footnotes":""},"categories":[49],"tags":[],"class_list":["post-378955","post","type-post","status-publish","format-standard","has-post-thumbnail","hentry","category-news-18","category-49","description-off"],"img_url":"https:\/\/www.radiopiu.net\/wordpress\/wp-content\/uploads\/2024\/03\/b64db6a0-8204-4bb5-b534-1cb70b685bb4-e1710268136958.jpg","_links":{"self":[{"href":"https:\/\/www.radiopiu.net\/wordpress\/wp-json\/wp\/v2\/posts\/378955","targetHints":{"allow":["GET"]}}],"collection":[{"href":"https:\/\/www.radiopiu.net\/wordpress\/wp-json\/wp\/v2\/posts"}],"about":[{"href":"https:\/\/www.radiopiu.net\/wordpress\/wp-json\/wp\/v2\/types\/post"}],"author":[{"embeddable":true,"href":"https:\/\/www.radiopiu.net\/wordpress\/wp-json\/wp\/v2\/users\/4"}],"replies":[{"embeddable":true,"href":"https:\/\/www.radiopiu.net\/wordpress\/wp-json\/wp\/v2\/comments?post=378955"}],"version-history":[{"count":0,"href":"https:\/\/www.radiopiu.net\/wordpress\/wp-json\/wp\/v2\/posts\/378955\/revisions"}],"wp:featuredmedia":[{"embeddable":true,"href":"https:\/\/www.radiopiu.net\/wordpress\/wp-json\/wp\/v2\/media\/378956"}],"wp:attachment":[{"href":"https:\/\/www.radiopiu.net\/wordpress\/wp-json\/wp\/v2\/media?parent=378955"}],"wp:term":[{"taxonomy":"category","embeddable":true,"href":"https:\/\/www.radiopiu.net\/wordpress\/wp-json\/wp\/v2\/categories?post=378955"},{"taxonomy":"post_tag","embeddable":true,"href":"https:\/\/www.radiopiu.net\/wordpress\/wp-json\/wp\/v2\/tags?post=378955"}],"curies":[{"name":"wp","href":"https:\/\/api.w.org\/{rel}","templated":true}]}}