{"id":379009,"date":"2024-03-14T05:29:53","date_gmt":"2024-03-14T04:29:53","guid":{"rendered":"https:\/\/www.radiopiu.net\/wordpress\/?p=379009"},"modified":"2024-03-14T05:33:10","modified_gmt":"2024-03-14T04:33:10","slug":"frana-tra-ospitale-e-rivalgo-chiusa-la-nsa-251","status":"publish","type":"post","link":"https:\/\/www.radiopiu.net\/wordpress\/frana-tra-ospitale-e-rivalgo-chiusa-la-nsa-251\/","title":{"rendered":"FRANA TRA OSPITALE E RIVALGO: CHIUSA LA NSA 251"},"content":{"rendered":"<p>*****<\/p>\n<p>&nbsp;<\/p>\n<p><strong>VENEZIA <\/strong>La NSA 215, ex strada statale 51 \u201cDi Alemagna\u201d, \u00e8 temporaneamente chiusa dal km 58.000 al km 61.000, tra Ospitale di Cadore e Rivalgo, in provincia di Belluno, a causa di una frana. Sul posto sono intervenute le squadre Anas e le Forze dell\u2019Ordine per la gestione della viabilit\u00e0, al fine di consentire il ripristino della normale viabilit\u00e0 nel pi\u00f9 breve tempo possibile.<\/p>\n<p>&nbsp;<\/p>\n<p>&nbsp;<\/p>\n<p>******<\/p>\n<p>&nbsp;<\/p>\n","protected":false},"excerpt":{"rendered":"<p>***** &nbsp; VENEZIA La NSA 215, ex strada statale 51 \u201cDi Alemagna\u201d, \u00e8 temporaneamente chiusa dal km 58.000 al km 61.000, tra Ospitale di Cadore e Rivalgo, in provincia di Belluno, a causa di una frana. Sul posto sono intervenute le squadre Anas e le Forze dell\u2019Ordine per la gestione della viabilit\u00e0, al fine di&hellip;<\/p>\n","protected":false},"author":4,"featured_media":213422,"comment_status":"closed","ping_status":"closed","sticky":false,"template":"","format":"standard","meta":{"_monsterinsights_skip_tracking":false,"_monsterinsights_sitenote_active":false,"_monsterinsights_sitenote_note":"","_monsterinsights_sitenote_category":0,"footnotes":""},"categories":[51,49],"tags":[],"class_list":["post-379009","post","type-post","status-publish","format-standard","has-post-thumbnail","hentry","category-evidenza-top","category-news-18","category-51","category-49","description-off"],"img_url":"https:\/\/www.radiopiu.net\/wordpress\/wp-content\/uploads\/2021\/06\/anas.png","_links":{"self":[{"href":"https:\/\/www.radiopiu.net\/wordpress\/wp-json\/wp\/v2\/posts\/379009","targetHints":{"allow":["GET"]}}],"collection":[{"href":"https:\/\/www.radiopiu.net\/wordpress\/wp-json\/wp\/v2\/posts"}],"about":[{"href":"https:\/\/www.radiopiu.net\/wordpress\/wp-json\/wp\/v2\/types\/post"}],"author":[{"embeddable":true,"href":"https:\/\/www.radiopiu.net\/wordpress\/wp-json\/wp\/v2\/users\/4"}],"replies":[{"embeddable":true,"href":"https:\/\/www.radiopiu.net\/wordpress\/wp-json\/wp\/v2\/comments?post=379009"}],"version-history":[{"count":0,"href":"https:\/\/www.radiopiu.net\/wordpress\/wp-json\/wp\/v2\/posts\/379009\/revisions"}],"wp:featuredmedia":[{"embeddable":true,"href":"https:\/\/www.radiopiu.net\/wordpress\/wp-json\/wp\/v2\/media\/213422"}],"wp:attachment":[{"href":"https:\/\/www.radiopiu.net\/wordpress\/wp-json\/wp\/v2\/media?parent=379009"}],"wp:term":[{"taxonomy":"category","embeddable":true,"href":"https:\/\/www.radiopiu.net\/wordpress\/wp-json\/wp\/v2\/categories?post=379009"},{"taxonomy":"post_tag","embeddable":true,"href":"https:\/\/www.radiopiu.net\/wordpress\/wp-json\/wp\/v2\/tags?post=379009"}],"curies":[{"name":"wp","href":"https:\/\/api.w.org\/{rel}","templated":true}]}}