{"id":379068,"date":"2024-03-14T05:27:12","date_gmt":"2024-03-14T04:27:12","guid":{"rendered":"https:\/\/www.radiopiu.net\/wordpress\/?p=379068"},"modified":"2024-03-14T07:28:11","modified_gmt":"2024-03-14T06:28:11","slug":"a-3","status":"publish","type":"post","link":"https:\/\/www.radiopiu.net\/wordpress\/a-3\/","title":{"rendered":"TORRENTE MAE&#8217; IN VAL DI ZOLDO, LUNEDI LA CONSEGNA DEI LAVORI"},"content":{"rendered":"<p>^^^<\/p>\n<p><img loading=\"lazy\" decoding=\"async\" class=\"alignleft\" src=\"https:\/\/www.radiopiu.net\/wordpress\/wp-content\/uploads\/2024\/03\/6dcb82ab-fcc3-43d8-974c-a532107c2af3.jpg\" width=\"228\" height=\"171\" \/><\/p>\n<p><strong>VAL DI ZOLDO<\/strong> Verranno consegnati luned\u00ec 18 marzo i lavori per il ripristino della piena funzionalit\u00e0 delle opere idrauliche sul torrente Ma\u00e8 in due tratti nei pressi degli abitati di Dont e Forno di Zoldo. Interventi particolarmente importanti, seguiti dalle strutture regionali del Genio Civile, che andranno a interessare un ambito fluviale in corrispondenza di aree urbanizzate, dove risultava necessario regimare il corso d\u2019acqua con nuove opere dopo quelle gi\u00e0 compiute negli anni novanta.<\/p>\n<p>&nbsp;<\/p>\n<p>&nbsp;<\/p>\n<p><strong>L&#8217;ASSESSORE GIANPAOLO BOTTACIN<\/strong><\/p>\n<p>&nbsp;<\/p>\n<div style=\"width: 848px;\" class=\"wp-video\"><video class=\"wp-video-shortcode\" id=\"video-379068-1\" width=\"848\" height=\"480\" preload=\"metadata\" controls=\"controls\"><source type=\"video\/mp4\" src=\"https:\/\/www.radiopiu.net\/wordpress\/wp-content\/uploads\/2024\/03\/WhatsApp-Video-2024-03-13-at-12.42.50.mp4?_=1\" \/><a href=\"https:\/\/www.radiopiu.net\/wordpress\/wp-content\/uploads\/2024\/03\/WhatsApp-Video-2024-03-13-at-12.42.50.mp4\">https:\/\/www.radiopiu.net\/wordpress\/wp-content\/uploads\/2024\/03\/WhatsApp-Video-2024-03-13-at-12.42.50.mp4<\/a><\/video><\/div>\n","protected":false},"excerpt":{"rendered":"<p>^^^ VAL DI ZOLDO Verranno consegnati luned\u00ec 18 marzo i lavori per il ripristino della piena funzionalit\u00e0 delle opere idrauliche sul torrente Ma\u00e8 in due tratti nei pressi degli abitati di Dont e Forno di Zoldo. Interventi particolarmente importanti, seguiti dalle strutture regionali del Genio Civile, che andranno a interessare un ambito fluviale in corrispondenza&hellip;<\/p>\n","protected":false},"author":4,"featured_media":379069,"comment_status":"closed","ping_status":"closed","sticky":false,"template":"","format":"standard","meta":{"_monsterinsights_skip_tracking":false,"_monsterinsights_sitenote_active":false,"_monsterinsights_sitenote_note":"","_monsterinsights_sitenote_category":0,"footnotes":""},"categories":[51,49],"tags":[],"class_list":["post-379068","post","type-post","status-publish","format-standard","has-post-thumbnail","hentry","category-evidenza-top","category-news-18","category-51","category-49","description-off"],"img_url":"https:\/\/www.radiopiu.net\/wordpress\/wp-content\/uploads\/2024\/03\/6dcb82ab-fcc3-43d8-974c-a532107c2af3.jpg","_links":{"self":[{"href":"https:\/\/www.radiopiu.net\/wordpress\/wp-json\/wp\/v2\/posts\/379068","targetHints":{"allow":["GET"]}}],"collection":[{"href":"https:\/\/www.radiopiu.net\/wordpress\/wp-json\/wp\/v2\/posts"}],"about":[{"href":"https:\/\/www.radiopiu.net\/wordpress\/wp-json\/wp\/v2\/types\/post"}],"author":[{"embeddable":true,"href":"https:\/\/www.radiopiu.net\/wordpress\/wp-json\/wp\/v2\/users\/4"}],"replies":[{"embeddable":true,"href":"https:\/\/www.radiopiu.net\/wordpress\/wp-json\/wp\/v2\/comments?post=379068"}],"version-history":[{"count":0,"href":"https:\/\/www.radiopiu.net\/wordpress\/wp-json\/wp\/v2\/posts\/379068\/revisions"}],"wp:featuredmedia":[{"embeddable":true,"href":"https:\/\/www.radiopiu.net\/wordpress\/wp-json\/wp\/v2\/media\/379069"}],"wp:attachment":[{"href":"https:\/\/www.radiopiu.net\/wordpress\/wp-json\/wp\/v2\/media?parent=379068"}],"wp:term":[{"taxonomy":"category","embeddable":true,"href":"https:\/\/www.radiopiu.net\/wordpress\/wp-json\/wp\/v2\/categories?post=379068"},{"taxonomy":"post_tag","embeddable":true,"href":"https:\/\/www.radiopiu.net\/wordpress\/wp-json\/wp\/v2\/tags?post=379068"}],"curies":[{"name":"wp","href":"https:\/\/api.w.org\/{rel}","templated":true}]}}