{"id":379075,"date":"2024-03-14T05:22:53","date_gmt":"2024-03-14T04:22:53","guid":{"rendered":"https:\/\/www.radiopiu.net\/wordpress\/?p=379075"},"modified":"2024-03-14T05:35:04","modified_gmt":"2024-03-14T04:35:04","slug":"una-via-del-comune-nel-ricordo-di-emanuela-loi","status":"publish","type":"post","link":"https:\/\/www.radiopiu.net\/wordpress\/una-via-del-comune-nel-ricordo-di-emanuela-loi\/","title":{"rendered":"UNA VIA DEL COMUNE NEL RICORDO DI EMANUELA LOI"},"content":{"rendered":"<p>***<\/p>\n<p><strong><img loading=\"lazy\" decoding=\"async\" class=\"alignleft\" src=\"https:\/\/www.radiopiu.net\/wordpress\/wp-content\/uploads\/2024\/03\/Senza-nome-49.png\" width=\"191\" height=\"187\" \/>BELLUNO<\/strong> Mercoledi alle 10.30 al teatro Dino Buzzatti, alle presenza del sindaco Oscar De Pellegrin e del Questore della Provincia di Belluno Francesco Zerilli, sar\u00e0 intitolata una via del Comune all&#8217;agente di Polizia di Stato Emanuela Loi, medaglia d&#8217;oro al Valor Civile.<\/p>\n<blockquote><p>\n<em>Emanuela Loi (Cagliari, 9 ottobre 1967 &#8211; Palermo, 19 luglio 1992) \u00e8 stata una poliziotta italiana, vittima della strage di via D&#8217;Amelio, un attentato di Cosa Nostra a Paolo Borsellino. \u00c8 stata tra le prime donne poliziotto adibite al servizio scorte e la prima agente donna della Polizia di Stato a perdere la vita in servizio. Nel 1992 le \u00e8 stata conferita postuma la medaglia d&#8217;oro al valor civile. Nata a Cagliari, entr\u00f2 nella Polizia di Stato nel 1989 e fu trasferita a Palermo nel 1991, dove si un\u00ec alla scorta del magistrato Borsellino. Mor\u00ec insieme a lui e ad altri colleghi nell&#8217;attentato del 1992. Dopo la sua morte, sono state intitolate scuole, vie, piazze e altre strutture in diverse citt\u00e0 italiane in suo onore.<\/em><\/p><\/blockquote>\n<p>&nbsp;<\/p>\n<hr \/>\n<p>&nbsp;<\/p>\n","protected":false},"excerpt":{"rendered":"<p>*** BELLUNO Mercoledi alle 10.30 al teatro Dino Buzzatti, alle presenza del sindaco Oscar De Pellegrin e del Questore della Provincia di Belluno Francesco Zerilli, sar\u00e0 intitolata una via del Comune all&#8217;agente di Polizia di Stato Emanuela Loi, medaglia d&#8217;oro al Valor Civile. Emanuela Loi (Cagliari, 9 ottobre 1967 &#8211; Palermo, 19 luglio 1992) \u00e8&hellip;<\/p>\n","protected":false},"author":4,"featured_media":379074,"comment_status":"closed","ping_status":"closed","sticky":false,"template":"","format":"standard","meta":{"_monsterinsights_skip_tracking":false,"_monsterinsights_sitenote_active":false,"_monsterinsights_sitenote_note":"","_monsterinsights_sitenote_category":0,"footnotes":""},"categories":[104,49],"tags":[],"class_list":["post-379075","post","type-post","status-publish","format-standard","has-post-thumbnail","hentry","category-evidenza_3","category-news-18","category-104","category-49","description-off"],"img_url":"https:\/\/www.radiopiu.net\/wordpress\/wp-content\/uploads\/2024\/03\/Senza-nome-49.png","_links":{"self":[{"href":"https:\/\/www.radiopiu.net\/wordpress\/wp-json\/wp\/v2\/posts\/379075","targetHints":{"allow":["GET"]}}],"collection":[{"href":"https:\/\/www.radiopiu.net\/wordpress\/wp-json\/wp\/v2\/posts"}],"about":[{"href":"https:\/\/www.radiopiu.net\/wordpress\/wp-json\/wp\/v2\/types\/post"}],"author":[{"embeddable":true,"href":"https:\/\/www.radiopiu.net\/wordpress\/wp-json\/wp\/v2\/users\/4"}],"replies":[{"embeddable":true,"href":"https:\/\/www.radiopiu.net\/wordpress\/wp-json\/wp\/v2\/comments?post=379075"}],"version-history":[{"count":0,"href":"https:\/\/www.radiopiu.net\/wordpress\/wp-json\/wp\/v2\/posts\/379075\/revisions"}],"wp:featuredmedia":[{"embeddable":true,"href":"https:\/\/www.radiopiu.net\/wordpress\/wp-json\/wp\/v2\/media\/379074"}],"wp:attachment":[{"href":"https:\/\/www.radiopiu.net\/wordpress\/wp-json\/wp\/v2\/media?parent=379075"}],"wp:term":[{"taxonomy":"category","embeddable":true,"href":"https:\/\/www.radiopiu.net\/wordpress\/wp-json\/wp\/v2\/categories?post=379075"},{"taxonomy":"post_tag","embeddable":true,"href":"https:\/\/www.radiopiu.net\/wordpress\/wp-json\/wp\/v2\/tags?post=379075"}],"curies":[{"name":"wp","href":"https:\/\/api.w.org\/{rel}","templated":true}]}}