{"id":379128,"date":"2024-03-14T07:55:11","date_gmt":"2024-03-14T06:55:11","guid":{"rendered":"https:\/\/www.radiopiu.net\/wordpress\/?p=379128"},"modified":"2024-03-14T06:18:50","modified_gmt":"2024-03-14T05:18:50","slug":"dal-1983-la-rassegna-stampa-locale-di-mirko-mezzacasa-25","status":"publish","type":"post","link":"https:\/\/www.radiopiu.net\/wordpress\/dal-1983-la-rassegna-stampa-locale-di-mirko-mezzacasa-25\/","title":{"rendered":"dal 1983 LA RASSEGNA STAMPA LOCALE di mirko mezzacasa"},"content":{"rendered":"<p>***<\/p>\n<p>&nbsp;<\/p>\n<p><img loading=\"lazy\" decoding=\"async\" class=\"alignleft\" src=\"https:\/\/www.radiopiu.net\/wordpress\/wp-content\/uploads\/2024\/03\/COPERTINA-11.png\" width=\"300\" height=\"186\" \/>OGGI dalle 8:00 a FINE LAVORI verr\u00e0 sospesa l\u2019erogazione dell\u2019acqua ad AGORDO nelle vie CAL DELLE MULE e TOCCOL.<br \/>\nSAN TOMASO AGORDINO nelle localit\u00e0 PIANEZZE, VALLATA, VAL, MEZZAVALLE, COSTA DI MEZZO E PIAN MOLIN l\u2019acqua erogata dall\u2019acquedotto non \u00e8 potabile e non pu\u00f2 essere usata per scopi alimentari.<br \/>\nVENEZIA &#8220;Processo ad Angelika Hutter: Vizio parziale di mente e richiesta di arresti domiciliari in una struttura sanitaria&#8221;<br \/>\nSETTEVILLE Il Comitato per la difesa del torrente Vanoi ha posto uno striscione contro la costruzione della diga Vanoi, visibile lungo la Sr 50 del Grappa e Passo Rolle, mentre i Comuni interessati hanno gi\u00e0 espresso un netto rifiuto al progetto.<br \/>\nLONGARONE A causa di una frana, il tratto della vecchia statale 51 di Alemagna tra Ospitale e Rivalgo \u00e8 chiuso<br \/>\nSETTEVILLE A causa di una frana sulla Sp 1 bis Madonna del Piave, a Caorera, entrambe le carreggiate sono state chiuse per la messa in sicurezza del versante.<br \/>\nFELTRE Il Centro di Valle Imperina ha ricevuto finanziamenti dal Parco per il suo recupero. Attualmente, richiede interventi di manutenzione e riordino. Un progetto dell&#8217;Unione Montana prevede nuove staccionate, eliminazione della vegetazione, ripristino delle canalette d&#8217;acqua e segnaletica. Il Parco finanzier\u00e0 l&#8217;intero intervento con 25.000 euro.<br \/>\nVAL DI ZOLDO Verranno consegnati luned\u00ec 18 marzo i lavori per il ripristino della piena funzionalit\u00e0 delle opere idrauliche sul torrente Ma\u00e8 in due tratti nei pressi degli abitati di Dont e Forno di Zoldo.<br \/>\nBELLUNO DOLOMITIBUS&#8230; LAMENTELE CONTINUE MA ANCHE OGGI SALTANO LE CORSE, GLI UTENTI RIPONGONO LE SPERANZA NEL PROSSIMO CONSIGLIO DELLA PROVINCIA SOCIA DI UN&#8217;AZIENDA SCONFESSATA DAI BELLUNESI<br \/>\nOGGI ALLA RADIO NEL GR PRINCIPALE: LUXOTTICA, NEWS SETTIMANA CORTA di MARINA DONA&#8217;<br \/>\nOSPITE IL PROF. LUCIANO PERO_POLITECNICO MILANO<br \/>\nBELLUNO Il Museo civico di Palazzo Fulcis ospiter\u00e0 mercoled\u00ec alle 17:30, la presentazione del nuovo volume di &#8220;Tesori d&#8217;arte nelle chiese del Bellunese&#8221;, dedicato al Vajont. Intitolato &#8220;Longaronese 1963-2023. Fine e principio&#8221;<br \/>\nPONTE NELLE ALPI L&#8217;aumento dei sorvoli militari a Ponte nelle Alpi ha suscitato preoccupazione. Il sindaco Paolo Vendramini ha scritto alla Prefettura di Belluno e al 51. Stormo dell\u2019Aeronautica militare per limitare i disagi.<br \/>\nFALCADE Domani alle 19.30 al Palafalcade L&#8217;istituto Follador-De Rossi consegna i diplomi di maturit\u00e0 agli studenti che\u00a0 hanno sostenuto l&#8217;esame lo scorso giugno. Dalle 18 il buffet di benvenuto preparato dagli studenti dell&#8217;enogastronomico<br \/>\nCORTINA \u00e8 la sede scelta quest\u2019anno da Best of the Alps per la riunione dei suoi direttori, organizzata ogni anno in una delle destinazioni che ne fanno parte<br \/>\nFESTA A FALCADE NELLA FAMIGLIA VALT: AUGURI SILVIO! 90 ANNI DI PASSIONI TRA FAMIGLIA E PISTE DA SCI<br \/>\nSesta Edizione del Concorso Internazionale Musicale a Belluno: Iscrizioni Aperte e Giurie Presentate BELLUNO Manca meno di una settimana al termine delle iscrizioni per la sesta edizione del Concorso Internazionale Musicale della citt\u00e0 di Belluno, organizzato dall\u2019Associazione Gocce di Sole.<br \/>\nAGORDO L&#8217;assemblea della sezione agordina del Cai si terr\u00e0 sabato 23 aprile alle 17.30 in sala Don Tamis, preceduta dalla messa nella chiesa di San Cipriano in memoria dei cosi scomparsi. Nel corso dell&#8217;assemblea: relazione del presidente, rendiconto, rinnovo del direttivo per il prossimo triennio<br \/>\nOGGI \u2013\u00a0 dalle 18 alle 20 in Sala Bianchi a Belluno incontro dal titolo \u201cDisturbi della nutrizione e dell&#8217;alimentazione\u201d, aperto a tutta la cittadinanza, le \u00e9quipe di Belluno e di Feltre presenteranno la loro attivit\u00e0, con una lettura di una testimonianza a cura dell\u2019Associazione Margherita Fenice.<br \/>\nBELLUNO Mercoledi alle 10.30 al teatro Dino Buzzatti, alle presenza del sindaco Oscar De Pellegrin e del Questore della Provincia di Belluno Francesco Zerilli, sar\u00e0 intitolata una via del Comune all&#8217;agente di Polizia di Stato Emanuela Loi, medaglia d&#8217;oro al Valor Civile.<br \/>\nLONGARONE Domenica, in occasione di Agrimont, Confartigianato Imprese Belluno discute del Registro Pubblico dei Crediti di Carbonio. Convegno su &#8220;Patrimonio forestale e crediti di carbonio&#8221;<br \/>\nBELLUNO Sabato, alle 16, al Salone nobile di Palazzo Fulcis a Belluno, Francesco Jori presenter\u00e0 il libro &#8220;Marco Polo. La vita \u00e8 viaggio&#8221;.<br \/>\nBELLUNO Il coordinamento Donne Spi CGIL di Feltre ha organizzato un evento in occasione della Giornata Internazionale della Donna 2024, dando voce a giovani donne che hanno realizzato le proprie passioni con impegno e determinazione.<br \/>\nFALCADE Per la seconda volta in pochi mesi Miss Italia torna a Falcade, ai\u00a0 2260 metri del Rifugio Laresei, dopo la serata in piazza del Municipio della scorsa estate. Due le sfilate delle concorrenti: la prima all\u2019interno del rifugio, la seconda all\u2019esterno don le Dolomiti sullo sfondo<\/p>\n<p>&nbsp;<\/p>\n<p>&nbsp;<\/p>\n<p>&nbsp;<\/p>\n<p>&nbsp;<\/p>\n","protected":false},"excerpt":{"rendered":"<p>*** &nbsp; OGGI dalle 8:00 a FINE LAVORI verr\u00e0 sospesa l\u2019erogazione dell\u2019acqua ad AGORDO nelle vie CAL DELLE MULE e TOCCOL. SAN TOMASO AGORDINO nelle localit\u00e0 PIANEZZE, VALLATA, VAL, MEZZAVALLE, COSTA DI MEZZO E PIAN MOLIN l\u2019acqua erogata dall\u2019acquedotto non \u00e8 potabile e non pu\u00f2 essere usata per scopi alimentari. VENEZIA &#8220;Processo ad Angelika Hutter:&hellip;<\/p>\n","protected":false},"author":4,"featured_media":379117,"comment_status":"closed","ping_status":"closed","sticky":false,"template":"","format":"standard","meta":{"_monsterinsights_skip_tracking":false,"_monsterinsights_sitenote_active":false,"_monsterinsights_sitenote_note":"","_monsterinsights_sitenote_category":0,"footnotes":""},"categories":[49],"tags":[],"class_list":["post-379128","post","type-post","status-publish","format-standard","has-post-thumbnail","hentry","category-news-18","category-49","description-off"],"img_url":"https:\/\/www.radiopiu.net\/wordpress\/wp-content\/uploads\/2024\/03\/COPERTINA-11.png","_links":{"self":[{"href":"https:\/\/www.radiopiu.net\/wordpress\/wp-json\/wp\/v2\/posts\/379128","targetHints":{"allow":["GET"]}}],"collection":[{"href":"https:\/\/www.radiopiu.net\/wordpress\/wp-json\/wp\/v2\/posts"}],"about":[{"href":"https:\/\/www.radiopiu.net\/wordpress\/wp-json\/wp\/v2\/types\/post"}],"author":[{"embeddable":true,"href":"https:\/\/www.radiopiu.net\/wordpress\/wp-json\/wp\/v2\/users\/4"}],"replies":[{"embeddable":true,"href":"https:\/\/www.radiopiu.net\/wordpress\/wp-json\/wp\/v2\/comments?post=379128"}],"version-history":[{"count":0,"href":"https:\/\/www.radiopiu.net\/wordpress\/wp-json\/wp\/v2\/posts\/379128\/revisions"}],"wp:featuredmedia":[{"embeddable":true,"href":"https:\/\/www.radiopiu.net\/wordpress\/wp-json\/wp\/v2\/media\/379117"}],"wp:attachment":[{"href":"https:\/\/www.radiopiu.net\/wordpress\/wp-json\/wp\/v2\/media?parent=379128"}],"wp:term":[{"taxonomy":"category","embeddable":true,"href":"https:\/\/www.radiopiu.net\/wordpress\/wp-json\/wp\/v2\/categories?post=379128"},{"taxonomy":"post_tag","embeddable":true,"href":"https:\/\/www.radiopiu.net\/wordpress\/wp-json\/wp\/v2\/tags?post=379128"}],"curies":[{"name":"wp","href":"https:\/\/api.w.org\/{rel}","templated":true}]}}