{"id":379163,"date":"2024-03-14T09:58:51","date_gmt":"2024-03-14T08:58:51","guid":{"rendered":"https:\/\/www.radiopiu.net\/wordpress\/?p=379163"},"modified":"2024-03-15T06:10:30","modified_gmt":"2024-03-15T05:10:30","slug":"sp-2-valle-del-mis-a-singhiozzo-per-lavori-di-esbosco","status":"publish","type":"post","link":"https:\/\/www.radiopiu.net\/wordpress\/sp-2-valle-del-mis-a-singhiozzo-per-lavori-di-esbosco\/","title":{"rendered":"SP 2 VALLE DEL MIS A SINGHIOZZO PER LAVORI DI ESBOSCO"},"content":{"rendered":"<p>****<\/p>\n<p>&nbsp;<\/p>\n<p><strong>SEDICO<\/strong> Veneto Strade comunica che nelle giornate del 15 e 16 marzo la SP 2 della Valle del Mis sar\u00e0 interessata da lavori di esbosco. Pertanto verr\u00e0 istituito un senso unico alternato regolato da movieri con possibili interruzioni alla viabilit\u00e0 di massimo 30 minuti nelle seguenti fasce orarie: dalle 7 alle 12 e dalle 13 alle 18.<\/p>\n<p>&nbsp;<\/p>\n<p>&nbsp;<\/p>\n<p>******<\/p>\n","protected":false},"excerpt":{"rendered":"<p>**** &nbsp; SEDICO Veneto Strade comunica che nelle giornate del 15 e 16 marzo la SP 2 della Valle del Mis sar\u00e0 interessata da lavori di esbosco. Pertanto verr\u00e0 istituito un senso unico alternato regolato da movieri con possibili interruzioni alla viabilit\u00e0 di massimo 30 minuti nelle seguenti fasce orarie: dalle 7 alle 12 e&hellip;<\/p>\n","protected":false},"author":4,"featured_media":135574,"comment_status":"closed","ping_status":"closed","sticky":false,"template":"","format":"standard","meta":{"_monsterinsights_skip_tracking":false,"_monsterinsights_sitenote_active":false,"_monsterinsights_sitenote_note":"","_monsterinsights_sitenote_category":0,"footnotes":""},"categories":[51,49],"tags":[],"class_list":["post-379163","post","type-post","status-publish","format-standard","has-post-thumbnail","hentry","category-evidenza-top","category-news-18","category-51","category-49","description-off"],"img_url":"https:\/\/www.radiopiu.net\/wordpress\/wp-content\/uploads\/2020\/05\/VENETO-STRADE.png","_links":{"self":[{"href":"https:\/\/www.radiopiu.net\/wordpress\/wp-json\/wp\/v2\/posts\/379163","targetHints":{"allow":["GET"]}}],"collection":[{"href":"https:\/\/www.radiopiu.net\/wordpress\/wp-json\/wp\/v2\/posts"}],"about":[{"href":"https:\/\/www.radiopiu.net\/wordpress\/wp-json\/wp\/v2\/types\/post"}],"author":[{"embeddable":true,"href":"https:\/\/www.radiopiu.net\/wordpress\/wp-json\/wp\/v2\/users\/4"}],"replies":[{"embeddable":true,"href":"https:\/\/www.radiopiu.net\/wordpress\/wp-json\/wp\/v2\/comments?post=379163"}],"version-history":[{"count":0,"href":"https:\/\/www.radiopiu.net\/wordpress\/wp-json\/wp\/v2\/posts\/379163\/revisions"}],"wp:featuredmedia":[{"embeddable":true,"href":"https:\/\/www.radiopiu.net\/wordpress\/wp-json\/wp\/v2\/media\/135574"}],"wp:attachment":[{"href":"https:\/\/www.radiopiu.net\/wordpress\/wp-json\/wp\/v2\/media?parent=379163"}],"wp:term":[{"taxonomy":"category","embeddable":true,"href":"https:\/\/www.radiopiu.net\/wordpress\/wp-json\/wp\/v2\/categories?post=379163"},{"taxonomy":"post_tag","embeddable":true,"href":"https:\/\/www.radiopiu.net\/wordpress\/wp-json\/wp\/v2\/tags?post=379163"}],"curies":[{"name":"wp","href":"https:\/\/api.w.org\/{rel}","templated":true}]}}