{"id":379250,"date":"2024-03-15T05:21:11","date_gmt":"2024-03-15T04:21:11","guid":{"rendered":"https:\/\/www.radiopiu.net\/wordpress\/?p=379250"},"modified":"2024-03-15T07:32:13","modified_gmt":"2024-03-15T06:32:13","slug":"luxottica-e-valcozzena-voci-di-possibili-nuovi-acquisti","status":"publish","type":"post","link":"https:\/\/www.radiopiu.net\/wordpress\/luxottica-e-valcozzena-voci-di-possibili-nuovi-acquisti\/","title":{"rendered":"LUXOTTICA E VALCOZZENA.  VOCI DI POSSIBILI  NUOVI ACQUISTI"},"content":{"rendered":"<p>***<\/p>\n<p>&nbsp;<\/p>\n<p><strong><img loading=\"lazy\" decoding=\"async\" class=\"alignleft\" src=\"https:\/\/www.radiopiu.net\/wordpress\/wp-content\/uploads\/2024\/03\/38f78284-137f-49ef-b1ce-d1127d1380b0.jpg\" width=\"243\" height=\"132\" \/>REDAZIONE<\/strong> Voci sempre pi\u00f9 insistenti circa l&#8217;interessamento del colosso dell&#8217;occhiale per gli spazi verdi e gli edifici accanto allo stabilimento. Preoccupazione tra gli esercenti delle attivit\u00e0, sempre pi\u00f9 stretti nella morsa di lamiera, con la grande difficolt\u00e0 di trovare un parcheggio durante il giorno, perch\u00e9 i lavoratori Luxottica parcheggiano ormai ovunque, ma non nel piazzale del Pala Luxottica &#8211; dall&#8217;altra parte del Cordevole &#8211;\u00a0 rigorosamente sbarrato. Perch\u00e8?\u00a0 Bene che Agordo metta a disposizione tutti i parcheggi bianchi per Luxottica, ma che almeno l&#8217;azienda faccia altrettanto e apra quel parcheggio usato un paio di volte l&#8217;anno, come d&#8217;altronde il PalaLuxottica, e pensare che doveva diventare un punto importante\u00a0 e\u00a0 di riferimento per la vallata&#8230;\u00a0 Ci sono poi gli abitanti di Valcozzena ormai soffocati dagli stabilimenti azzurro-verde<\/p>\n<p><strong>AGORDO<\/strong><\/p>\n<p><strong>DI GIANNI SANTOMASO<\/strong><\/p>\n<audio class=\"wp-audio-shortcode\" id=\"audio-379250-1\" preload=\"none\" style=\"width: 100%;\" controls=\"controls\"><source type=\"audio\/mpeg\" src=\"https:\/\/www.radiopiu.net\/wordpress\/wp-content\/uploads\/2024\/03\/gianni-luxottica-valcozzena.mp3?_=1\" \/><a href=\"https:\/\/www.radiopiu.net\/wordpress\/wp-content\/uploads\/2024\/03\/gianni-luxottica-valcozzena.mp3\">https:\/\/www.radiopiu.net\/wordpress\/wp-content\/uploads\/2024\/03\/gianni-luxottica-valcozzena.mp3<\/a><\/audio>\n<p>&nbsp;<\/p>\n<p><strong>ieri alla radio<\/strong><\/p>\n<audio class=\"wp-audio-shortcode\" id=\"audio-379250-2\" preload=\"none\" style=\"width: 100%;\" controls=\"controls\"><source type=\"audio\/mpeg\" src=\"https:\/\/www.radiopiu.net\/wordpress\/wp-content\/uploads\/2024\/03\/PARCHEGGI-IN-VALCOZZENA-1.mp3?_=2\" \/><a href=\"https:\/\/www.radiopiu.net\/wordpress\/wp-content\/uploads\/2024\/03\/PARCHEGGI-IN-VALCOZZENA-1.mp3\">https:\/\/www.radiopiu.net\/wordpress\/wp-content\/uploads\/2024\/03\/PARCHEGGI-IN-VALCOZZENA-1.mp3<\/a><\/audio>\n<p>&nbsp;<\/p>\n<p>&nbsp;<\/p>\n<hr \/>\n<p>&nbsp;<\/p>\n","protected":false},"excerpt":{"rendered":"<p>*** &nbsp; REDAZIONE Voci sempre pi\u00f9 insistenti circa l&#8217;interessamento del colosso dell&#8217;occhiale per gli spazi verdi e gli edifici accanto allo stabilimento. Preoccupazione tra gli esercenti delle attivit\u00e0, sempre pi\u00f9 stretti nella morsa di lamiera, con la grande difficolt\u00e0 di trovare un parcheggio durante il giorno, perch\u00e9 i lavoratori Luxottica parcheggiano ormai ovunque, ma non&hellip;<\/p>\n","protected":false},"author":4,"featured_media":379251,"comment_status":"closed","ping_status":"closed","sticky":false,"template":"","format":"standard","meta":{"_monsterinsights_skip_tracking":false,"_monsterinsights_sitenote_active":false,"_monsterinsights_sitenote_note":"","_monsterinsights_sitenote_category":0,"footnotes":""},"categories":[51,49],"tags":[],"class_list":["post-379250","post","type-post","status-publish","format-standard","has-post-thumbnail","hentry","category-evidenza-top","category-news-18","category-51","category-49","description-off"],"img_url":"https:\/\/www.radiopiu.net\/wordpress\/wp-content\/uploads\/2024\/03\/38f78284-137f-49ef-b1ce-d1127d1380b0.jpg","_links":{"self":[{"href":"https:\/\/www.radiopiu.net\/wordpress\/wp-json\/wp\/v2\/posts\/379250","targetHints":{"allow":["GET"]}}],"collection":[{"href":"https:\/\/www.radiopiu.net\/wordpress\/wp-json\/wp\/v2\/posts"}],"about":[{"href":"https:\/\/www.radiopiu.net\/wordpress\/wp-json\/wp\/v2\/types\/post"}],"author":[{"embeddable":true,"href":"https:\/\/www.radiopiu.net\/wordpress\/wp-json\/wp\/v2\/users\/4"}],"replies":[{"embeddable":true,"href":"https:\/\/www.radiopiu.net\/wordpress\/wp-json\/wp\/v2\/comments?post=379250"}],"version-history":[{"count":0,"href":"https:\/\/www.radiopiu.net\/wordpress\/wp-json\/wp\/v2\/posts\/379250\/revisions"}],"wp:featuredmedia":[{"embeddable":true,"href":"https:\/\/www.radiopiu.net\/wordpress\/wp-json\/wp\/v2\/media\/379251"}],"wp:attachment":[{"href":"https:\/\/www.radiopiu.net\/wordpress\/wp-json\/wp\/v2\/media?parent=379250"}],"wp:term":[{"taxonomy":"category","embeddable":true,"href":"https:\/\/www.radiopiu.net\/wordpress\/wp-json\/wp\/v2\/categories?post=379250"},{"taxonomy":"post_tag","embeddable":true,"href":"https:\/\/www.radiopiu.net\/wordpress\/wp-json\/wp\/v2\/tags?post=379250"}],"curies":[{"name":"wp","href":"https:\/\/api.w.org\/{rel}","templated":true}]}}