{"id":379289,"date":"2024-03-16T05:38:26","date_gmt":"2024-03-16T04:38:26","guid":{"rendered":"https:\/\/www.radiopiu.net\/wordpress\/?p=379289"},"modified":"2024-03-16T07:57:16","modified_gmt":"2024-03-16T06:57:16","slug":"giornale-radiopiu-16-marzo-2024-direttore-mirko-mezzacasada-40-anni-25-giugno-1983-25-giugno-2023","status":"publish","type":"post","link":"https:\/\/www.radiopiu.net\/wordpress\/giornale-radiopiu-16-marzo-2024-direttore-mirko-mezzacasada-40-anni-25-giugno-1983-25-giugno-2023\/","title":{"rendered":"GIORNALE RADIOPIU 16 MARZO 2024 DIRETTORE MIRKO MEZZACASA\u2026DA 40 ANNI 25 GIUGNO 1983-25 GIUGNO 2023"},"content":{"rendered":"<p>******<\/p>\n<p>&nbsp;<\/p>\n<h3><a href=\"https:\/\/www.radiopiu.net\/wordpress\/giornale-radiopiu-24-gennaio-2021-direttore-mirko-mezzacasa\/141433770_171616291414874_2957460898102012198_n\/\" rel=\"attachment wp-att-186566\"><img loading=\"lazy\" decoding=\"async\" class=\"wp-image-186566 alignleft\" src=\"https:\/\/www.radiopiu.net\/wordpress\/wp-content\/uploads\/2021\/01\/141433770_171616291414874_2957460898102012198_n-300x300.jpg\" alt=\"\" width=\"144\" height=\"144\" srcset=\"https:\/\/www.radiopiu.net\/wordpress\/wp-content\/uploads\/2021\/01\/141433770_171616291414874_2957460898102012198_n-300x300.jpg 300w, https:\/\/www.radiopiu.net\/wordpress\/wp-content\/uploads\/2021\/01\/141433770_171616291414874_2957460898102012198_n-150x150.jpg 150w, https:\/\/www.radiopiu.net\/wordpress\/wp-content\/uploads\/2021\/01\/141433770_171616291414874_2957460898102012198_n-768x768.jpg 768w, https:\/\/www.radiopiu.net\/wordpress\/wp-content\/uploads\/2021\/01\/141433770_171616291414874_2957460898102012198_n.jpg 800w\" sizes=\"auto, (max-width: 144px) 100vw, 144px\" \/><\/a>PER<strong> RICEVERE QUESTO NOTIZIARIO DIRETTAMENTE SUL TUO CELLULARE ISCRIVITI AL CANALE TELEGRAM <\/strong><strong>\u201cRADIO PIU\u00a0 INFORMAZIONE&#8221;\u00a0<\/strong><\/h3>\n<h3>\u00a0il CANALE TELEGRAM&#8230; UNISCITI A: RADIO PIU INFORMAZIONE<\/h3>\n<p>&nbsp;<\/p>\n<p>&nbsp;<\/p>\n<p><em><a href=\"https:\/\/www.radiopiu.net\/wordpress\/giornale-radiopiu-24-gennaio-2021-direttore-mirko-mezzacasa\/79216601_126817312416448_708980208774483089_n\/\" rel=\"attachment wp-att-186567\"><img loading=\"lazy\" decoding=\"async\" class=\"size-medium wp-image-186567 alignright\" src=\"https:\/\/www.radiopiu.net\/wordpress\/wp-content\/uploads\/2021\/01\/79216601_126817312416448_708980208774483089_n-300x114.jpg\" alt=\"\" width=\"300\" height=\"114\" srcset=\"https:\/\/www.radiopiu.net\/wordpress\/wp-content\/uploads\/2021\/01\/79216601_126817312416448_708980208774483089_n-300x114.jpg 300w, https:\/\/www.radiopiu.net\/wordpress\/wp-content\/uploads\/2021\/01\/79216601_126817312416448_708980208774483089_n-768x292.jpg 768w, https:\/\/www.radiopiu.net\/wordpress\/wp-content\/uploads\/2021\/01\/79216601_126817312416448_708980208774483089_n.jpg 820w\" sizes=\"auto, (max-width: 300px) 100vw, 300px\" \/><\/a><span style=\"color: #ff0000;\">ATTENZIONE: LA NUOVA APP PER IOS-IPHONE di Nicola Vettorello <\/span><\/em><a href=\"https:\/\/apps.apple.com\/it\/app\/radio-pi%C3%B9-emittente-agordina\/id1515939845\">https:\/\/apps.apple.com\/it\/app\/radio-pi%C3%B9-emittente-agordina\/id1515939845<\/a><\/p>\n<p><em style=\"color: #ff0000;\">ATTENZIONE: LA NUOVA APP RADIO\u00a0 PER ANDROID di Nicola Vettorello<\/em><\/p>\n<p><a href=\"https:\/\/play.google.com\/store\/apps\/details?id=net.radiopiu.iniko\" target=\"_blank\" rel=\"noopener noreferrer\">https:\/\/play.google.com\/store\/apps\/details?id=net.radiopiu.iniko\u00a0\u00a0<\/a><\/p>\n<p>&nbsp;<\/p>\n<h3 class=\"kvgmc6g5 cxmmr5t8 oygrvhab hcukyx3x c1et5uql\"><\/h3>\n<div data-block=\"true\" data-editor=\"avj4u\" data-offset-key=\"d3i0j-0-0\"><\/div>\n<div data-block=\"true\" data-editor=\"avj4u\" data-offset-key=\"d3i0j-0-0\">\n<hr \/>\n<\/div>\n<div data-block=\"true\" data-editor=\"avj4u\" data-offset-key=\"d3i0j-0-0\"><\/div>\n<p class=\"x11i5rnm xat24cr x1mh8g0r x1vvkbs xtlvy1s x126k92a\"><a class=\"dt-pswp-item\" href=\"https:\/\/www.radiopiu.net\/wordpress\/wp-content\/uploads\/2023\/10\/34f4cfc6-e863-46e9-9695-8df44be63421.jpg\" data-dt-img-description=\"\" data-large_image_width=\"1200\" data-large_image_height=\"1200\"><img loading=\"lazy\" decoding=\"async\" class=\"wp-image-357393 alignleft\" src=\"https:\/\/www.radiopiu.net\/wordpress\/wp-content\/uploads\/2023\/10\/34f4cfc6-e863-46e9-9695-8df44be63421-300x300.jpg\" alt=\"\" width=\"81\" height=\"81\" srcset=\"https:\/\/www.radiopiu.net\/wordpress\/wp-content\/uploads\/2023\/10\/34f4cfc6-e863-46e9-9695-8df44be63421-300x300.jpg 300w, https:\/\/www.radiopiu.net\/wordpress\/wp-content\/uploads\/2023\/10\/34f4cfc6-e863-46e9-9695-8df44be63421-1024x1024.jpg 1024w, https:\/\/www.radiopiu.net\/wordpress\/wp-content\/uploads\/2023\/10\/34f4cfc6-e863-46e9-9695-8df44be63421-150x150.jpg 150w, https:\/\/www.radiopiu.net\/wordpress\/wp-content\/uploads\/2023\/10\/34f4cfc6-e863-46e9-9695-8df44be63421-768x768.jpg 768w, https:\/\/www.radiopiu.net\/wordpress\/wp-content\/uploads\/2023\/10\/34f4cfc6-e863-46e9-9695-8df44be63421.jpg 1200w\" sizes=\"auto, (max-width: 81px) 100vw, 81px\" \/><\/a><span style=\"color: #000000;\">La Settimana della memoria e dell&#8217;impegno, Agordo come Roma: citt\u00e0 Libera i 100 passi verso il 21 marzo, giornata in ricordo della vittime innocenti delle mafie a cura del PRESIDIO AGORDINO DI LIBERA &#8220;LUCIA PRECENZANO E SALVATORE AVERSA da lunedi 18 a sabato 23 marzo, alle 9.45 e 18.45 &#8230; su radio pi\u00f9\u00a0<\/span><\/p>\n<p>***<\/p>\n<p><span style=\"color: #ff0000;\"><strong>OGGI ALLA RADIO<\/strong><\/span>: <strong>ALLE 7.20<\/strong> EL BAR DEL FIOR, DETTI E TRADIZIONI DI GIULIANA DA RONCH; <strong>ALLE 8.20<\/strong> MARINA DONA <strong>ALLE 9.10 PREMIER LE NOVITA&#8217; con marco gaz ALLE 10.30 <\/strong>LA RASSEGNA STAMPA DA L&#8217;AMICO DEL POPOLO, SETTIMANALE APPUNTAMENTO CON GIANNI SANTOMASO <strong>ALLE 14.00 <\/strong>DJ JACK ELETTROSHOCK DI JACOPO DEL TEDESCO <strong>ALLE 15 <\/strong>LA CLASSIFICA UFFICIALE DI RADIOPIU&#8217; CON MARCO GAZ<strong>.<br \/>\n<span style=\"color: #ff0000;\">DOMANI,<\/span> DALLE 14.30 SUI CANALI SOCIAL DIRETTA DAL BROI DI AGORDO, VECIA POPA 2024, LA LETTURA DEL TESTAMENTO, ANCHE ALLA RADIO FREQUENZE FM E DAB<\/strong><\/p>\n<p>&nbsp;<\/p>\n<p>&nbsp;<\/p>\n<hr \/>\n<p>&nbsp;<\/p>\n<div class=\"x11i5rnm xat24cr x1mh8g0r x1vvkbs xtlvy1s x126k92a\">\n<div dir=\"auto\">\n<blockquote>\n<h2>ACQUA\u00a0 POTABILE<\/h2>\n<\/blockquote>\n<div data-block=\"true\" data-editor=\"avj4u\" data-offset-key=\"d3i0j-0-0\"><img loading=\"lazy\" decoding=\"async\" class=\"alignleft\" src=\"https:\/\/www.radiopiu.net\/wordpress\/wp-content\/uploads\/2022\/05\/download-2.jpg\" width=\"74\" height=\"74\" \/><strong>SAN TOMASO AGORDINO<\/strong> nelle localit\u00e0 PIANEZZE, VALLATA, VAL, MEZZAVALLE, COSTA DI MEZZO E PIAN MOLIN l\u2019acqua erogata dall\u2019acquedotto \u00e8 di nuovo potabile<\/div>\n<div data-block=\"true\" data-editor=\"avj4u\" data-offset-key=\"d3i0j-0-0\"><\/div>\n<div data-block=\"true\" data-editor=\"avj4u\" data-offset-key=\"d3i0j-0-0\"><\/div>\n<\/div>\n<\/div>\n<div class=\"x11i5rnm xat24cr x1mh8g0r x1vvkbs xtlvy1s x126k92a\">\n<div dir=\"auto\">\n<p>&nbsp;<\/p>\n<p>&nbsp;<\/p>\n<hr \/>\n<p>&nbsp;<\/p>\n<p>&nbsp;<\/p>\n<div class=\"x11i5rnm xat24cr x1mh8g0r x1vvkbs xtlvy1s x126k92a\">\n<div dir=\"auto\">\n<p><strong><a class=\"dt-pswp-item\" href=\"https:\/\/www.radiopiu.net\/wordpress\/wp-content\/uploads\/2024\/02\/2d44e751-d8a8-461b-8e22-d8e4e853b032.jpg\" data-dt-img-description=\"\" data-large_image_width=\"1600\" data-large_image_height=\"1200\"><img loading=\"lazy\" decoding=\"async\" class=\"wp-image-373307 alignleft\" src=\"https:\/\/www.radiopiu.net\/wordpress\/wp-content\/uploads\/2024\/02\/2d44e751-d8a8-461b-8e22-d8e4e853b032-300x225.jpg\" alt=\"\" width=\"105\" height=\"79\" srcset=\"https:\/\/www.radiopiu.net\/wordpress\/wp-content\/uploads\/2024\/02\/2d44e751-d8a8-461b-8e22-d8e4e853b032-300x225.jpg 300w, https:\/\/www.radiopiu.net\/wordpress\/wp-content\/uploads\/2024\/02\/2d44e751-d8a8-461b-8e22-d8e4e853b032-1024x768.jpg 1024w, https:\/\/www.radiopiu.net\/wordpress\/wp-content\/uploads\/2024\/02\/2d44e751-d8a8-461b-8e22-d8e4e853b032-768x576.jpg 768w, https:\/\/www.radiopiu.net\/wordpress\/wp-content\/uploads\/2024\/02\/2d44e751-d8a8-461b-8e22-d8e4e853b032-1536x1152.jpg 1536w, https:\/\/www.radiopiu.net\/wordpress\/wp-content\/uploads\/2024\/02\/2d44e751-d8a8-461b-8e22-d8e4e853b032.jpg 1600w\" sizes=\"auto, (max-width: 105px) 100vw, 105px\" \/><\/a>EL BAL DEL FIOR, DI GIULIANA DA RONCH, 16 MARZO 2024<\/strong><\/p>\n<\/div>\n<\/div>\n<div class=\"x11i5rnm xat24cr x1mh8g0r x1vvkbs xtlvy1s x126k92a\">\n<div dir=\"auto\">\n<audio class=\"wp-audio-shortcode\" id=\"audio-379289-1\" preload=\"none\" style=\"width: 100%;\" controls=\"controls\"><source type=\"audio\/mpeg\" src=\"https:\/\/www.radiopiu.net\/wordpress\/wp-content\/uploads\/2024\/03\/GSA-3.m4a?_=1\" \/><a href=\"https:\/\/www.radiopiu.net\/wordpress\/wp-content\/uploads\/2024\/03\/GSA-3.m4a\">https:\/\/www.radiopiu.net\/wordpress\/wp-content\/uploads\/2024\/03\/GSA-3.m4a<\/a><\/audio>\n<\/div>\n<\/div>\n<p>&nbsp;<\/p>\n<p>&nbsp;<\/p>\n<hr \/>\n<p>&nbsp;<\/p>\n<h2 data-block=\"true\" data-editor=\"avj4u\" data-offset-key=\"d3i0j-0-0\">OGGI PASSO GIAU CHIUSO DALLE 13 ALLE 19<\/h2>\n<div data-block=\"true\" data-editor=\"avj4u\" data-offset-key=\"d3i0j-0-0\"><strong>REDAZIONE<\/strong> Veneto Strade comunica che dalle ore 13:00 alle ore 19:00, oggi, si rende necessaria per ragioni di sicurezza, la chiusura del seguente tratto stradale: S.P. 638 \u201cdel Passo Giau\u201d dalla progressiva km 13+100 (localit\u00e0 Fedare) al km 18+900 (localit\u00e0 bivio Posalz \u2013 Selva di Cadore).<\/div>\n<div data-block=\"true\" data-editor=\"avj4u\" data-offset-key=\"d3i0j-0-0\"><\/div>\n<p>&nbsp;<\/p>\n<hr \/>\n<p>&nbsp;<\/p>\n<\/div>\n<div dir=\"auto\">\n<blockquote>\n<h2 data-block=\"true\" data-editor=\"avj4u\" data-offset-key=\"d3i0j-0-0\">SP 2 VALLE DEL MIS A SINGHIOZZO PER LAVORI DI ESBOSCO<\/h2>\n<\/blockquote>\n<div data-block=\"true\" data-editor=\"avj4u\" data-offset-key=\"d3i0j-0-0\"><strong>SEDICO<\/strong> Veneto Strade comunica che oggi la SP 2 della Valle del Mis sar\u00e0 interessata da lavori di esbosco. Pertanto verr\u00e0 istituito un senso unico alternato regolato da movieri con possibili interruzioni alla viabilit\u00e0 di massimo 30 minuti nelle seguenti fasce orarie: dalle 7 alle 12 e dalle 13 alle 18.<\/div>\n<div data-block=\"true\" data-editor=\"avj4u\" data-offset-key=\"d3i0j-0-0\">\n<div data-block=\"true\" data-editor=\"avj4u\" data-offset-key=\"d3i0j-0-0\"><\/div>\n<div data-block=\"true\" data-editor=\"avj4u\" data-offset-key=\"d3i0j-0-0\"><\/div>\n<div data-block=\"true\" data-editor=\"avj4u\" data-offset-key=\"d3i0j-0-0\">\n<hr \/>\n<\/div>\n<div data-block=\"true\" data-editor=\"avj4u\" data-offset-key=\"d3i0j-0-0\"><\/div>\n<div data-block=\"true\" data-editor=\"avj4u\" data-offset-key=\"d3i0j-0-0\"><\/div>\n<\/div>\n<hr \/>\n<\/div>\n<\/div>\n<blockquote>\n<blockquote>\n<h1><span style=\"color: #ff0000;\">\u00a0<\/span><\/h1>\n<h1><span style=\"color: #ff0000;\">\u00a0<\/span><\/h1>\n<h1><span style=\"color: #ff0000;\">I podcast informativi del mattino &#8211; audio &#8211;\u00a0<\/span><\/h1>\n<\/blockquote>\n<p><strong><a class=\"dt-pswp-item\" href=\"https:\/\/www.radiopiu.net\/wordpress\/wp-content\/uploads\/2023\/11\/th-10.jpg\" data-dt-img-description=\"\" data-large_image_width=\"320\" data-large_image_height=\"180\"><img loading=\"lazy\" decoding=\"async\" class=\"wp-image-362866 alignleft\" src=\"https:\/\/www.radiopiu.net\/wordpress\/wp-content\/uploads\/2023\/11\/th-10-300x169.jpg\" alt=\"\" width=\"185\" height=\"104\" srcset=\"https:\/\/www.radiopiu.net\/wordpress\/wp-content\/uploads\/2023\/11\/th-10-300x169.jpg 300w, https:\/\/www.radiopiu.net\/wordpress\/wp-content\/uploads\/2023\/11\/th-10.jpg 320w\" sizes=\"auto, (max-width: 185px) 100vw, 185px\" \/><\/a>LA RASSEGNA STAMPA NAZIONALE ALLA RADIO, OGNI GIORNO ALLE 5 E ALLE 6 DEL MATTINO <span style=\"color: #0000ff;\">viene pubblicata alle 6.00 <span style=\"color: #ff0000;\">DIRETTA RADIO\u00a0 \u00a0\u00a0<\/span><\/span><\/strong><\/p>\n<p>&nbsp;<\/p><\/blockquote>\n<p>&nbsp;<\/p>\n<p><strong>Frana<\/strong> sui binari, voragine che spacca l&#8217;Italia, passeggeri bloccate.\u00a0 <strong>Russia<\/strong> al voto, dobbiamo essere pronti dice Macron perch\u00e9 L&#8217;Ucraina rischia la sconfitta. <strong>Metaniau<\/strong> approva il piano di azione. <strong>Bologna<\/strong> rogo in appartamento muore madre di 32 anni con tre figli.<\/p>\n<h2>AUDIO dalle 7 del mattino<\/h2>\n<audio class=\"wp-audio-shortcode\" id=\"audio-379289-2\" preload=\"none\" style=\"width: 100%;\" controls=\"controls\"><source type=\"audio\/mpeg\" src=\"https:\/\/www.radiopiu.net\/wordpress\/wp-content\/uploads\/2024\/03\/GIORNALEDELLESEI-13.mp3?_=2\" \/><a href=\"https:\/\/www.radiopiu.net\/wordpress\/wp-content\/uploads\/2024\/03\/GIORNALEDELLESEI-13.mp3\">https:\/\/www.radiopiu.net\/wordpress\/wp-content\/uploads\/2024\/03\/GIORNALEDELLESEI-13.mp3<\/a><\/audio>\n<p>&nbsp;<\/p>\n<p>&nbsp;<\/p>\n<hr \/>\n<p>&nbsp;<\/p>\n<h1 style=\"text-align: center;\"><span style=\"color: #ff0000;\">I podcast informativi del mattino &#8211; audio &#8211;\u00a0<\/span><\/h1>\n<p><strong><a class=\"dt-pswp-item\" href=\"https:\/\/www.radiopiu.net\/wordpress\/wp-content\/uploads\/2023\/12\/images.png\" data-dt-img-description=\"\" data-large_image_width=\"316\" data-large_image_height=\"160\"><img loading=\"lazy\" decoding=\"async\" class=\"wp-image-367008 alignleft\" src=\"https:\/\/www.radiopiu.net\/wordpress\/wp-content\/uploads\/2023\/12\/images-300x152.png\" alt=\"\" width=\"235\" height=\"119\" srcset=\"https:\/\/www.radiopiu.net\/wordpress\/wp-content\/uploads\/2023\/12\/images-300x152.png 300w, https:\/\/www.radiopiu.net\/wordpress\/wp-content\/uploads\/2023\/12\/images.png 316w\" sizes=\"auto, (max-width: 235px) 100vw, 235px\" \/><\/a>OGNI GIORNO ALLE SETTE DEL MATTINO, LA RASSEGNA STAMPA LOCALE FLASH&#8230; PER CHI VA IN FRETTA. I TITOLI DAI GIORNALI E DAL SITO WWW.RADIOPIU.NET <span style=\"color: #0000ff;\">viene pubblicato alle 7.00<\/span> <span style=\"color: #ff0000;\">DIRETTA RADIO\u00a0<\/span><\/strong><\/p>\n<p><em><span style=\"color: #ff0000;\">per chi va in fretta&#8230; tante notizie in pochi minuti. L&#8217;informazione locale alla radio, ogni ora dalle 7 del mattino alle 19 della sera.\u00a0 \u00a0 \u00a0<\/span><\/em><\/p>\n<p>&nbsp;<\/p>\n<p><strong>SAN TOMASO<\/strong> AGORDINO nelle localit\u00e0 PIANEZZE, VALLATA, VAL, MEZZAVALLE, COSTA DI MEZZO E PIAN MOLIN l\u2019acqua erogata dall\u2019acquedotto \u00e8 di nuovo potabile<br \/>\nOGGI <strong>PASSO GIAU<\/strong> CHIUSO DALLE 13 ALLE 19<br \/>\n<strong>SP 2 VALLE DEL MIS<\/strong> A SINGHIOZZO PER LAVORI DI ESBOSCO<br \/>\n<strong>FALCADE<\/strong> Il Soccorso alpino della Val Biois \u00e8 stato attivato dalla Centrale del 118, per uno sciatore bloccato assieme ai due figli sopra un salto di roccia. L\u2019uomo di Verona, con i due bambini di 8 e 12 anni, scendendo con gli sci da discesa dalla Pista degli innamorati, attualmente non battuta, anzich\u00e8 seguire il tracciato aveva preso il canale dritto della Val delle Code. Dopo essere riusciti a superare dei saltini, padre e figli si erano per\u00f2 dovuti fermare sopra un salto pi\u00f9 alto, impossibilitati a tornare sui propri passi<br \/>\n<strong>RISCHIO VALANGHE:<\/strong> LE GUIDE ALPINE CONSIGLIANO DI CONTROLLARE I BOLLETTINI<br \/>\n<strong>BELLUNO<\/strong> Quando ha visto che il pasto quotidiano era ancora l\u00ec, fuori dalla porta in attesa di essere ritirato, ha temuto il peggio e ha subito chiamato i soccorsi. Purtroppo i suoi sospetti erano fondati. L\u2019intervento dei vigili del fuoco, che hanno aperto la porta d\u2019ingresso, infatti, ha portato alla triste scoperta della morte di Giuseppe De Vecchi. L\u2019uomo avrebbe compiuto 95 anni a maggio.<br \/>\n<strong>BELLUNO<\/strong> Fausto Furlan, musicista autodidatta e appassionato di Fabrizio De Andr\u00e9, \u00e8 scomparso improvvisamente all\u2019et\u00e0 di 67 anni. Furlan ha lasciato un\u2019impronta positiva nelle comunit\u00e0 in cui si esibiva. La sua passione lo ha portato a organizzare concerti e serate a tema, dedicati al celebre cantautore italiano.<br \/>\n<strong>FALCADE <\/strong>Si sono tenuti ieri nella sua Caviola, i funerali di Tullio Costa, mancato improvvisamente a 76 anni. Ha lasciato nel dolore la moglie Marilena, i figli Alberto e Serena. Un uomo che si ricorder\u00e0 anche per i suoi successi nello sport, era nel gruppo dei grandi fondisti della Valle del Biois. Con la moglie Marilena gestiva la pasticceria a Caviola.<br \/>\n<strong>BELLUNO<\/strong> Si terranno lunedi alle 10.30 in Duomo, i funerali di Don Giuliano Follin. La messa sar\u00e0 celebrata dal vescovo.<\/p>\n<h2>AUDIO dalle 7 del mattino<\/h2>\n<audio class=\"wp-audio-shortcode\" id=\"audio-379289-3\" preload=\"none\" style=\"width: 100%;\" controls=\"controls\"><source type=\"audio\/mpeg\" src=\"https:\/\/www.radiopiu.net\/wordpress\/wp-content\/uploads\/2024\/03\/GF07-14.mp3?_=3\" \/><a href=\"https:\/\/www.radiopiu.net\/wordpress\/wp-content\/uploads\/2024\/03\/GF07-14.mp3\">https:\/\/www.radiopiu.net\/wordpress\/wp-content\/uploads\/2024\/03\/GF07-14.mp3<\/a><\/audio>\n<p>&nbsp;<\/p>\n<p>&nbsp;<\/p>\n<hr \/>\n<p>&nbsp;<\/p>\n<h1><\/h1>\n<h1 style=\"text-align: center;\"><span style=\"color: #ff0000;\"><a class=\"dt-pswp-item\" href=\"https:\/\/www.radiopiu.net\/wordpress\/wp-content\/uploads\/2022\/01\/026c3f9d-dae9-4040-a3c1-a6530231bcc3.jpg\" data-dt-img-description=\"\" data-large_image_width=\"1152\" data-large_image_height=\"2048\"><img loading=\"lazy\" decoding=\"async\" class=\"wp-image-251839 alignleft\" src=\"https:\/\/www.radiopiu.net\/wordpress\/wp-content\/uploads\/2022\/01\/026c3f9d-dae9-4040-a3c1-a6530231bcc3-169x300.jpg\" alt=\"\" width=\"100\" height=\"177\" srcset=\"https:\/\/www.radiopiu.net\/wordpress\/wp-content\/uploads\/2022\/01\/026c3f9d-dae9-4040-a3c1-a6530231bcc3-169x300.jpg 169w, https:\/\/www.radiopiu.net\/wordpress\/wp-content\/uploads\/2022\/01\/026c3f9d-dae9-4040-a3c1-a6530231bcc3-576x1024.jpg 576w, https:\/\/www.radiopiu.net\/wordpress\/wp-content\/uploads\/2022\/01\/026c3f9d-dae9-4040-a3c1-a6530231bcc3-768x1365.jpg 768w, https:\/\/www.radiopiu.net\/wordpress\/wp-content\/uploads\/2022\/01\/026c3f9d-dae9-4040-a3c1-a6530231bcc3-864x1536.jpg 864w, https:\/\/www.radiopiu.net\/wordpress\/wp-content\/uploads\/2022\/01\/026c3f9d-dae9-4040-a3c1-a6530231bcc3.jpg 1152w\" sizes=\"auto, (max-width: 100px) 100vw, 100px\" \/><\/a>I podcast informativi del mattino &#8211; audio &#8211;\u00a0<\/span><\/h1>\n<blockquote><p><strong>GIORNALE RADIO NAZIONALE, EDIZIONE DELLE SETTE <span style=\"color: #0000ff;\">viene pubblicato alle 7.05 <span style=\"color: #ff0000;\">DIRETTA RADIO\u00a0<\/span><\/span><\/strong><\/p><\/blockquote>\n<p><strong>il giornale radionazionale e&#8217; in onda ogni ora, dalle sette del mattino alle venti della sera\u00a0\u00a0<\/strong><\/p>\n<p>&nbsp;<\/p>\n<p>&nbsp;<\/p>\n<p>&nbsp;<\/p>\n<p><strong>ESTERI<\/strong> In Russia la tornata elettorale, appello di Putin. molotov e vandalismi, affluenza 35%. SLOVACCHIA folla in piazza conto il Governo che vuole abolire radio e televisione pubblica. <strong>BOING<\/strong> nuova grana, mancava un pannello dopo l&#8217;atterraggio. NAUFRAGIO nel mediterraneo, recuperi 2 cadaveri, 30 dispersi, 100 in pericolo nel Mediterraneo centrale. <strong>MILANO<\/strong> 23enne in carcere, gi\u00e0 condannato per abusi sessuali, ieri molestava studentesse con meno di 12 anni.<\/p>\n<h2>AUDIO dalle sette del mattino, ogni ora alla radio<\/h2>\n<audio class=\"wp-audio-shortcode\" id=\"audio-379289-4\" preload=\"none\" style=\"width: 100%;\" controls=\"controls\"><source type=\"audio\/mpeg\" src=\"https:\/\/www.radiopiu.net\/wordpress\/wp-content\/uploads\/2024\/03\/giornale07-13.mp3?_=4\" \/><a href=\"https:\/\/www.radiopiu.net\/wordpress\/wp-content\/uploads\/2024\/03\/giornale07-13.mp3\">https:\/\/www.radiopiu.net\/wordpress\/wp-content\/uploads\/2024\/03\/giornale07-13.mp3<\/a><\/audio>\n<p>&nbsp;<\/p>\n<p>&nbsp;<\/p>\n<h2><\/h2>\n<hr \/>\n<p>&nbsp;<\/p>\n<p>&nbsp;<\/p>\n<h1><span style=\"color: #ff0000;\">I podcast informativi del mattino &#8211; video &#8211;\u00a0<\/span><\/h1>\n<h2><strong><a class=\"dt-pswp-item\" href=\"https:\/\/www.radiopiu.net\/wordpress\/wp-content\/uploads\/2023\/12\/th-10.jpg\" data-dt-img-description=\"\" data-large_image_width=\"245\" data-large_image_height=\"180\"><img loading=\"lazy\" decoding=\"async\" class=\" wp-image-367395 alignleft\" src=\"https:\/\/www.radiopiu.net\/wordpress\/wp-content\/uploads\/2023\/12\/th-10.jpg\" alt=\"\" width=\"166\" height=\"122\" \/><\/a>RASSEGNA STAMPA LOCALE, ORE OTTO 05<\/strong><\/h2>\n<h2><strong> <span style=\"color: #0000ff;\">viene\u00a0 <\/span><\/strong><strong><span style=\"color: #0000ff;\">pubblicata alle 8.05 <span style=\"color: #ff0000;\">DIRETTA RADIO\u00a0\u00a0<\/span><\/span><\/strong><\/h2>\n<p><strong>DI MIRKO MEZZACASA\u00a0 \u00a0\u00a0<\/strong><\/p>\n<p><strong>FELTRE<\/strong> S D D \u00e8 stato coinvolto in una lite che \u00e8 sfociata in una serie di colpi proibiti, portando qualcuno a chiamare i carabinieri. Alla fine il feltrino \u00e8 stato arrestato e portato nella caserma di via Montegrappa per gli accertamenti di routine, prima di essere trasferito al carcere di Belluno<br \/>\n<strong>BELLUNO<\/strong> Angelika Hutter sar\u00e0 processata per triplice omicidio stradale, confermando la sua capacit\u00e0 di stare davanti al giudice nonostante una ridotta capacit\u00e0 d\u2019intendere e volere al momento dell\u2019incidente. Il giudice per le indagini preliminari ha confermato il vizio parziale di mente e l\u2019alto grado di pericolosit\u00e0 sociale. In caso di condanna, non ci sar\u00e0 sospensione condizionale ma uno sconto di pena<br \/>\n<strong>EX SAFILO<\/strong>. DONAZZAN, \u201cGRANDE SODDISFAZIONE, DA TH\u00c9LIOS E INNOVATEK RISULTATI MIGLIORI DELLE PREVISIONI\u201d<br \/>\nVIA LIBERA ALL\u2019INTERVENTO DI RIQUALIFICAZIONE DELLO STADIO DI AGORDO: FIRMATA LA CONVENZIONE TRA IL FONDO COMUNI CONFINANTI E IL COMUNE DI AGORDO<br \/>\n<strong>STRADA AGORDINA<\/strong>, VIABILITA\u2019 PER IL COMELICO, COLLEGAMENTO CON LA SPV. LETTERA-APPELLO AL MINISTRO SALVINI SULLE OPERE URGENTI PER IL BELLUNESE<br \/>\n<strong>CORTINA<\/strong> La Polizia di Stato si unisce al \u201cCortinametraggio\u201d a Cortina D\u2019Ampezzo, mostrando \u201cMedley\u201d con Mariano Rigillo e Valerio Morigi.<br \/>\n<strong>DOMANI\u00a0<\/strong> la vecia popa ad AGORDO in diretta su tutti i canali di RADIOPIU<\/p>\n<h2><strong>VIDEO\u00a0 \u00a0in diretta dalle 8 del mattino<\/strong><\/h2>\n<p><iframe loading=\"lazy\" title=\"DAL 1983 LA RASSEGNA STAMPA LOCALE di mirko mezzacasa. L&#039;ORIGINALE\" width=\"1200\" height=\"675\" src=\"https:\/\/www.youtube.com\/embed\/9U9eSXsBlAs?feature=oembed\" frameborder=\"0\" allow=\"accelerometer; autoplay; clipboard-write; encrypted-media; gyroscope; picture-in-picture; web-share\" allowfullscreen><\/iframe><\/p>\n<hr \/>\n<p>&nbsp;<\/p>\n<blockquote>\n<h2><img loading=\"lazy\" decoding=\"async\" class=\"alignleft\" src=\"https:\/\/www.radiopiu.net\/wordpress\/wp-content\/uploads\/2024\/01\/dcb8358e-da6f-4ee1-98dc-45178186d55f.jpg\" width=\"199\" height=\"149\" \/>SOCCORSI PADRE E I DUE FIGLI BLOCCATI SOPRA UN SALTO DI ROCCIA<\/h2>\n<\/blockquote>\n<p><strong>FALCADE <\/strong>Il Soccorso alpino della Val Biois \u00e8 stato attivato dalla Centrale del 118, per uno sciatore bloccato assieme ai due figli sopra un salto di roccia. L&#8217;uomo di Verona, con i due bambini di 8 e 12 anni, scendendo con gli sci da discesa dalla Pista degli innamorati, attualmente non battuta, anzich\u00e8 seguire il tracciato aveva preso il canale dritto della Val delle Code. Dopo essere riusciti a superare dei saltini, padre e figli si erano per\u00f2 dovuti fermare sopra un salto pi\u00f9 alto, impossibilitati a tornare sui propri passi perch\u00e9 sprofondavano nella neve. Una squadra li ha quindi raggiunti seguendo le evidenti tracce e guidata dalle coordinate a disposizione. Una volta da loro i soccorritori si sono sincerati delle loro condizioni: stavano bene, solo i bimbi infreddoliti. La famiglia \u00e8 stata poi recuperata dall&#8217;elicottero del Suem di Pieve di Cadore, che ha imbarcato il pap\u00e0 e i bambini con il verricello, per trasportarli a Falcade.<\/p>\n<p>&nbsp;<\/p>\n<hr \/>\n<p>&nbsp;<\/p>\n<p>&nbsp;<\/p>\n<blockquote>\n<h3>RISCHIO VALANGHE: LE GUIDE ALPINE CONSIGLIANO DI CONTROLLARE I BOLLETTINI<\/h3>\n<\/blockquote>\n<p><strong><a class=\"dt-pswp-item\" href=\"https:\/\/www.radiopiu.net\/wordpress\/wp-content\/uploads\/2023\/01\/VALANGA.jpg\" data-dt-img-description=\"\" data-large_image_width=\"400\" data-large_image_height=\"271\"><img loading=\"lazy\" decoding=\"async\" class=\" wp-image-316229 alignleft\" src=\"https:\/\/www.radiopiu.net\/wordpress\/wp-content\/uploads\/2023\/01\/VALANGA-300x203.jpg\" alt=\"\" width=\"151\" height=\"102\" srcset=\"https:\/\/www.radiopiu.net\/wordpress\/wp-content\/uploads\/2023\/01\/VALANGA-300x203.jpg 300w, https:\/\/www.radiopiu.net\/wordpress\/wp-content\/uploads\/2023\/01\/VALANGA.jpg 400w\" sizes=\"auto, (max-width: 151px) 100vw, 151px\" \/><\/a>REDAZIONE<\/strong> Con l&#8217;arrivo della neve fresca, cresce l&#8217;entusiasmo per le attivit\u00e0 in montagna, ma \u00e8 fondamentale valutare attentamente la neve e il terreno. Le Guide Alpine Italiane sottolineano l&#8217;importanza di consultare i bollettini valanghe e riconoscere i segnali di pericolo. Le valanghe a lastroni sono particolarmente pericolose e occorre prestare attenzione all&#8217;inclinazione del pendio, un fattore chiave facilmente valutabile con apposite applicazioni. Durante l&#8217;escursione, \u00e8 essenziale osservare attentamente l&#8217;ambiente e cogliere segnali come distacchi recenti o il rumore di assestamento. Le cornici sono strutture instabili che si formano sulle creste a causa del vento e vanno evitate. Il test del bastoncino pu\u00f2 offrire un&#8217;indicazione della stabilit\u00e0 del manto nevoso. Le Guide Alpine forniscono formazione su come pianificare e condurre escursioni in ambiente innevato, insegnando a valutare il rischio di valanghe e ad agire in sicurezza.<\/p>\n<p>&nbsp;<\/p>\n<p>&nbsp;<\/p>\n<hr \/>\n<p>&nbsp;<\/p>\n<blockquote>\n<h3><a class=\"dt-pswp-item\" href=\"https:\/\/www.radiopiu.net\/wordpress\/wp-content\/uploads\/2024\/03\/Senza-nome-56.png\" data-dt-img-description=\"\" data-large_image_width=\"348\" data-large_image_height=\"223\"><img loading=\"lazy\" decoding=\"async\" class=\"wp-image-379367 alignleft\" src=\"https:\/\/www.radiopiu.net\/wordpress\/wp-content\/uploads\/2024\/03\/Senza-nome-56-300x192.png\" alt=\"\" width=\"184\" height=\"118\" srcset=\"https:\/\/www.radiopiu.net\/wordpress\/wp-content\/uploads\/2024\/03\/Senza-nome-56-300x192.png 300w, https:\/\/www.radiopiu.net\/wordpress\/wp-content\/uploads\/2024\/03\/Senza-nome-56.png 348w\" sizes=\"auto, (max-width: 184px) 100vw, 184px\" \/><\/a>RITROVATO PRIVO DI VITA TRA LE MURA DI CASA<\/h3>\n<\/blockquote>\n<p><strong>BELLUNO<\/strong> Quando ha visto che il pasto quotidiano era ancora l\u00ec, fuori dalla porta in attesa di essere ritirato, ha temuto il peggio e ha subito chiamato i soccorsi. Purtroppo i suoi sospetti erano fondati. L&#8217;intervento dei vigili del fuoco, che hanno aperto la porta d&#8217;ingresso, infatti, ha portato alla triste scoperta della morte di Giuseppe De Vecchi. L&#8217;uomo avrebbe compiuto 95 anni a maggio. Sul posto sono intervenute anche due pattuglie della Polizia e l&#8217;ambulanza del San Martino con un medico a bordo che non ha potuto far altro che constatare il decesso di De Vecchi. L&#8217;anziano, che prima di ritirarsi in pensione faceva l&#8217;agricoltore, era molto conosciuto a Sois.<\/p>\n<p>&nbsp;<\/p>\n<hr \/>\n<p>&nbsp;<\/p>\n<blockquote>\n<h3>ADDIO A FAUSTO, L&#8217;UOMO CHE CANTAVA DE ANDRE&#8217;<\/h3>\n<\/blockquote>\n<p><strong>BELLUNO<\/strong> Fausto Furlan,\u00a0 musicista autodidatta e appassionato di Fabrizio De Andr\u00e9, \u00e8 scomparso improvvisamente all&#8217;et\u00e0 di 67 anni.\u00a0 Furlan ha lasciato un&#8217;impronta positiva nelle comunit\u00e0 in cui si esibiva. La sua passione lo ha portato a organizzare concerti e serate a tema, dedicati al celebre cantautore italiano. Amichevole e socievole, Furlan ha lasciato un segno nei cuori di coloro che lo conoscevano. Il suo ultimo saluto si terr\u00e0 luned\u00ec nella chiesa parrocchiale di Mas di Sedico.<\/p>\n<p><a class=\"dt-pswp-item\" href=\"https:\/\/www.radiopiu.net\/wordpress\/wp-content\/uploads\/2024\/03\/Senza-nome-57.png\" data-dt-img-description=\"\" data-large_image_width=\"303\" data-large_image_height=\"173\"><img loading=\"lazy\" decoding=\"async\" class=\"size-medium wp-image-379369 aligncenter\" src=\"https:\/\/www.radiopiu.net\/wordpress\/wp-content\/uploads\/2024\/03\/Senza-nome-57-300x171.png\" alt=\"\" width=\"300\" height=\"171\" srcset=\"https:\/\/www.radiopiu.net\/wordpress\/wp-content\/uploads\/2024\/03\/Senza-nome-57-300x171.png 300w, https:\/\/www.radiopiu.net\/wordpress\/wp-content\/uploads\/2024\/03\/Senza-nome-57.png 303w\" sizes=\"auto, (max-width: 300px) 100vw, 300px\" \/><\/a><\/p>\n<p>&nbsp;<\/p>\n<hr \/>\n<p>&nbsp;<\/p>\n<div class=\"page-title-head hgroup\">\n<blockquote>\n<h2 class=\"entry-title\">IN TANTI PER L\u2019ULTIMO SALUTO A TULLIO<\/h2>\n<\/blockquote>\n<\/div>\n<div class=\"page-title-breadcrumbs\">\n<p><strong>FALCADE\u00a0<\/strong> Si sono tenuti ieri nella sua Caviola, i funerali di Tullio Costa, mancato improvvisamente a 76 anni. Ha lasciato nel dolore la moglie Marilena, i figli Alberto e Serena. Un uomo che si ricorder\u00e0 anche per i suoi successi nello sport, era nel gruppo dei grandi fondisti della Valle del Biois. Con la moglie Marilena gestiva la pasticceria a Caviola.<\/p>\n<p><img decoding=\"async\" class=\"aligncenter\" src=\"https:\/\/www.radiopiu.net\/wordpress\/wp-content\/uploads\/2024\/03\/Senza-nome-61.png\" \/><\/p>\n<\/div>\n<p>&nbsp;<\/p>\n<p>&nbsp;<\/p>\n<hr \/>\n<p>&nbsp;<\/p>\n<h3><a class=\"dt-pswp-item\" href=\"https:\/\/www.radiopiu.net\/wordpress\/wp-content\/uploads\/2024\/03\/follin.jpg\" data-dt-img-description=\"\" data-large_image_width=\"982\" data-large_image_height=\"720\"><img loading=\"lazy\" decoding=\"async\" class=\"wp-image-379197 alignleft\" src=\"https:\/\/www.radiopiu.net\/wordpress\/wp-content\/uploads\/2024\/03\/follin-300x220.jpg\" alt=\"\" width=\"111\" height=\"81\" srcset=\"https:\/\/www.radiopiu.net\/wordpress\/wp-content\/uploads\/2024\/03\/follin-300x220.jpg 300w, https:\/\/www.radiopiu.net\/wordpress\/wp-content\/uploads\/2024\/03\/follin-768x563.jpg 768w, https:\/\/www.radiopiu.net\/wordpress\/wp-content\/uploads\/2024\/03\/follin.jpg 982w\" sizes=\"auto, (max-width: 111px) 100vw, 111px\" \/><\/a>LUNEDI I FUNERALI DI DON GIULIANO<\/h3>\n<p>BELLUNO Si terranno lunedi alle 10.30 in\u00a0 Duomo, i funerali di Don Giuliano Follin. La messa sar\u00e0 celebrata dal vescovo.<\/p>\n<p>&nbsp;<\/p>\n<hr \/>\n<p>&nbsp;<\/p>\n<blockquote>\n<h3>ARRESTATO IN STAZIONE<\/h3>\n<\/blockquote>\n<p><strong>FELTRE<\/strong> S D D \u00e8 stato coinvolto in una lite che \u00e8 sfociata in una serie di colpi proibiti, portando qualcuno a chiamare i carabinieri. Alla fine il feltrino \u00e8 stato arrestato e portato nella caserma di via Montegrappa per gli accertamenti di routine, prima di essere trasferito al carcere di Belluno,\u00a0 \u00e8 comparso in tribunale a Belluno per l&#8217;udienza di convalida, dove \u00e8 stato confermato l&#8217;arresto con detenzione in carcere.<\/p>\n<p>&nbsp;<\/p>\n<hr \/>\n<p>&nbsp;<\/p>\n<blockquote>\n<h2><a class=\"dt-pswp-item\" href=\"https:\/\/www.radiopiu.net\/wordpress\/wp-content\/uploads\/2024\/03\/th-4.jpg\" data-dt-img-description=\"\" data-large_image_width=\"320\" data-large_image_height=\"180\"><img loading=\"lazy\" decoding=\"async\" class=\"size-medium wp-image-379113 alignleft\" src=\"https:\/\/www.radiopiu.net\/wordpress\/wp-content\/uploads\/2024\/03\/th-4-300x169.jpg\" alt=\"\" width=\"300\" height=\"169\" srcset=\"https:\/\/www.radiopiu.net\/wordpress\/wp-content\/uploads\/2024\/03\/th-4-300x169.jpg 300w, https:\/\/www.radiopiu.net\/wordpress\/wp-content\/uploads\/2024\/03\/th-4.jpg 320w\" sizes=\"auto, (max-width: 300px) 100vw, 300px\" \/><\/a>Angelika Hutter Processata per Triplice Omicidio Stradale: Confermata la Capacit\u00e0 di Stare davanti al Giudice<\/h2>\n<\/blockquote>\n<p>&nbsp;<\/p>\n<p><strong>BELLUNO<\/strong> Angelika Hutter sar\u00e0 processata per triplice omicidio stradale, confermando la sua capacit\u00e0 di stare davanti al giudice nonostante una ridotta capacit\u00e0 d&#8217;intendere e volere al momento dell&#8217;incidente. Il giudice per le indagini preliminari ha confermato il vizio parziale di mente e l&#8217;alto grado di pericolosit\u00e0 sociale. In caso di condanna, non ci sar\u00e0 sospensione condizionale ma uno sconto di pena. L&#8217;udienza dell&#8217;incidente probatorio \u00e8 durata un&#8217;ora e 45 minuti, dopo la quale Angelika Hutter \u00e8 stata ricondotta in carcere. Il pubblico ministero scriver\u00e0 l&#8217;avviso di garanzia definitivo e chieder\u00e0 il rinvio a giudizio, mentre la difesa valuter\u00e0 un possibile rito alternativo<\/p>\n<div class=\"flex-1 overflow-hidden\">\n<div class=\"react-scroll-to-bottom--css-qjhre-79elbk h-full\">\n<div class=\"react-scroll-to-bottom--css-qjhre-1n7m0yu\">\n<div class=\"flex flex-col text-sm pb-9\">\n<div class=\"w-full text-token-text-primary\" data-testid=\"conversation-turn-3\">\n<div class=\"px-4 py-2 justify-center text-base md:gap-6 m-auto\">\n<div class=\"flex flex-1 text-base mx-auto gap-3 md:px-5 lg:px-1 xl:px-5 md:max-w-3xl lg:max-w-[40rem] xl:max-w-[48rem] group final-completion\">\n<div class=\"relative flex w-full flex-col agent-turn\">\n<div class=\"flex-col gap-1 md:gap-3\">\n<div class=\"mt-1 flex justify-start gap-3 empty:hidden\">\n<div class=\"text-gray-400 flex self-end lg:self-center items-center justify-center lg:justify-start mt-0 -ml-1 h-7 gap-[2px] visible\"><\/div>\n<div class=\"text-gray-400 flex self-end lg:self-center items-center justify-center lg:justify-start mt-0 -ml-1 h-7 gap-[2px] visible\">\n<blockquote><p><strong class=\"photoswipe-wrapper\"><a class=\"dt-pswp-item pspw-wrap-ready\" href=\"https:\/\/www.radiopiu.net\/wordpress\/wp-content\/uploads\/2024\/01\/Senza-nome-34.png\" data-dt-img-description=\"\" data-large_image_width=\"239\" data-large_image_height=\"153\"><img loading=\"lazy\" decoding=\"async\" class=\"wp-image-369478 alignleft\" src=\"https:\/\/www.radiopiu.net\/wordpress\/wp-content\/uploads\/2024\/01\/Senza-nome-34.png\" alt=\"\" width=\"128\" height=\"82\" \/><\/a><\/strong><\/p>\n<h1 class=\"_title post-title entry-title\"><\/h1>\n<p><strong>dal TG BELLUNESE di\u00a0 ANTENNA 3 ogni sera alle 19.30 sul canale 10 del digitale terrestre e alle 19 le anticipazioni alla radio.\u00a0\u00a0<\/strong><\/p>\n<p>&nbsp;<\/p>\n<h2 class=\"_title post-title entry-title\">\u00a0STRAGE SANTO STEFANO, PER LA GIUDICE ANGELIKA HUTTER PUO\u2019 SOSTENERE IL PROCESSO<\/h2>\n<\/blockquote>\n<\/div>\n<div><\/div>\n<div>\n<p>\u00a0Intervistati GIUSEPPE TRIOLO (LEGALE DI ANGELIKA HUTTER) (Servizio di\u00a0<a href=\"https:\/\/antennatre.medianordest.it\/redazione\/Tiziana-Bolognani\/\">Tiziana Bolognani<\/a>)<\/p>\n<p><iframe loading=\"lazy\" title=\"STRAGE SANTO STEFANO, PER LA GIUDICE ANGELIKA HUTTER PUO&#039; SOSTENERE IL PROCESSO | 15\/03\/2024\" width=\"1200\" height=\"675\" src=\"https:\/\/www.youtube.com\/embed\/98tY50DSrS8?feature=oembed\" frameborder=\"0\" allow=\"accelerometer; autoplay; clipboard-write; encrypted-media; gyroscope; picture-in-picture; web-share\" allowfullscreen><\/iframe><\/p>\n<\/div>\n<div><\/div>\n<\/div>\n<\/div>\n<\/div>\n<\/div>\n<\/div>\n<\/div>\n<\/div>\n<\/div>\n<\/div>\n<\/div>\n<p>&nbsp;<\/p>\n<hr \/>\n<p>&nbsp;<\/p>\n<p>FORTUNATAMENTE SOLO DANNI AI MEZZI E DISAGI ALLA CIRCOLAZIONE NELL&#8217;INCIDENTE DI IERI POMERIGGIO A MEL.<\/p>\n<p>&nbsp;<\/p>\n\n\t\t\t<style type='text\/css'>\n\t\t\t\t#gallery-1 {\n\t\t\t\t\tmargin: auto;\n\t\t\t\t}\n\t\t\t\t#gallery-1 .gallery-item {\n\t\t\t\t\tfloat: left;\n\t\t\t\t\tmargin-top: 10px;\n\t\t\t\t\ttext-align: center;\n\t\t\t\t\twidth: 50%;\n\t\t\t\t}\n\t\t\t\t#gallery-1 img {\n\t\t\t\t\tborder: 2px solid #cfcfcf;\n\t\t\t\t}\n\t\t\t\t#gallery-1 .gallery-caption {\n\t\t\t\t\tmargin-left: 0;\n\t\t\t\t}\n\t\t\t\t\/* see gallery_shortcode() in wp-includes\/media.php *\/\n\t\t\t<\/style>\n\t\t<div id='gallery-1' class='dt-gallery-container gallery galleryid-379289 gallery-columns-2 gallery-size-medium'><dl class='gallery-item'>\n\t\t\t\t<dt class='gallery-icon landscape'>\n\t\t\t\t\t<a class=\"rollover rollover-zoom dt-pswp-item\" title=\"incidente mel1\" data-dt-img-description=\"\" data-large_image_width=\"606\" data-large_image_height=\"300\"href='https:\/\/www.radiopiu.net\/wordpress\/wp-content\/uploads\/2024\/03\/incidente-mel1.png'><img loading=\"lazy\" decoding=\"async\" width=\"300\" height=\"149\" src=\"https:\/\/www.radiopiu.net\/wordpress\/wp-content\/uploads\/2024\/03\/incidente-mel1-300x149.png\" class=\"attachment-medium size-medium\" alt=\"\" srcset=\"https:\/\/www.radiopiu.net\/wordpress\/wp-content\/uploads\/2024\/03\/incidente-mel1-300x149.png 300w, https:\/\/www.radiopiu.net\/wordpress\/wp-content\/uploads\/2024\/03\/incidente-mel1.png 606w\" sizes=\"auto, (max-width: 300px) 100vw, 300px\" \/><\/a>\n\t\t\t\t<\/dt><\/dl><dl class='gallery-item'>\n\t\t\t\t<dt class='gallery-icon landscape'>\n\t\t\t\t\t<a class=\"rollover rollover-zoom dt-pswp-item\" title=\"incidente mel 2\" data-dt-img-description=\"\" data-large_image_width=\"404\" data-large_image_height=\"212\"href='https:\/\/www.radiopiu.net\/wordpress\/wp-content\/uploads\/2024\/03\/incidente-mel-2.png'><img loading=\"lazy\" decoding=\"async\" width=\"300\" height=\"157\" src=\"https:\/\/www.radiopiu.net\/wordpress\/wp-content\/uploads\/2024\/03\/incidente-mel-2-300x157.png\" class=\"attachment-medium size-medium\" alt=\"\" srcset=\"https:\/\/www.radiopiu.net\/wordpress\/wp-content\/uploads\/2024\/03\/incidente-mel-2-300x157.png 300w, https:\/\/www.radiopiu.net\/wordpress\/wp-content\/uploads\/2024\/03\/incidente-mel-2.png 404w\" sizes=\"auto, (max-width: 300px) 100vw, 300px\" \/><\/a>\n\t\t\t\t<\/dt><\/dl><br style=\"clear: both\" \/>\n\t\t\t<\/div>\n\n<p>&nbsp;<\/p>\n<p>&nbsp;<\/p>\n<hr \/>\n<p>&nbsp;<\/p>\n<blockquote>\n<h3><img loading=\"lazy\" decoding=\"async\" class=\"alignleft\" src=\"https:\/\/www.radiopiu.net\/wordpress\/wp-content\/uploads\/2023\/09\/1584-2023-INCONTRO-THELIOS-INNOVATEK.jpeg\" width=\"180\" height=\"239\" \/>EX SAFILO. DONAZZAN, \u201cGRANDE SODDISFAZIONE, DA TH\u00c9LIOS E INNOVATEK RISULTATI MIGLIORI DELLE PREVISIONI\u201d<\/h3>\n<\/blockquote>\n<p><strong>LONGARONE<\/strong> Si sono tenuti due incontri questa mattina presso la sede di Venezia Mestre di Veneto Lavoro, come parte del tavolo di monitoraggio per la reindustrializzazione del sito ex Safilo di Longarone (BL), in base all&#8217;accordo regionale del settembre 2023. Gli incontri, convocati dall&#8217;Assessore regionale al lavoro Elena Donazzan e coordinati da Giuliano Bascetta dell&#8217;Unit\u00e0 di Crisi Aziendali regionale, hanno coinvolto le aziende subentrate, Th\u00e9lios e Innovatek, insieme a rappresentanti di Confindustria Belluno-Dolomiti, sindacati e lavoratori. Th\u00e9lios ha presentato un processo di riorganizzazione che ha gi\u00e0 riassorbito 191 lavoratori su 244 in cassa integrazione, superando le previsioni. Innovatek ha illustrato investimenti e attivit\u00e0 che hanno riportato al lavoro 80 dipendenti, con ulteriori assunzioni previste nel 2024 e 2025. L&#8217;Assessore Donazzan ha elogiato entrambe le aziende per i risultati e auspicato un continuo miglioramento.<\/p>\n<p>&nbsp;<\/p>\n<p>&nbsp;<\/p>\n<hr \/>\n<p>&nbsp;<\/p>\n<blockquote>\n<h3>VIA LIBERA ALL&#8217;INTERVENTO DI RIQUALIFICAZIONE DELLO STADIO DI AGORDO: FIRMATA LA CONVENZIONE TRA IL FONDO COMUNI CONFINANTI E IL COMUNE DI AGORDO<\/h3>\n<\/blockquote>\n<p><strong>AGORDO <\/strong>Via libera all&#8217;intervento di riqualificazione dello stadio di Agordo: in queste ore il presidente del comitato di gestione del Fondo Comuni Confinanti Dario Bond ha infatti firmato la convenzione con il Comune di Agordo che d\u00e0 seguito e attuazione alla determina dello scorso mese di gennaio. I lavori, finanziati dal Fondo per un importo di 500 mila euro (su una spesa complessiva di 540 mila euro circa), consisteranno principalmente nel rifacimento integrale del campo da gioco secondario, con la posa in opera di un manto in erba sintetica di nuova generazione.<\/p>\n<p><strong>IL PRESIDENTE DEL COMITATO DI GESTIONE DEL FONDO COMUNI CONFINANTI DARIO BOND<\/strong><\/p>\n<audio class=\"wp-audio-shortcode\" id=\"audio-379289-5\" preload=\"none\" style=\"width: 100%;\" controls=\"controls\"><source type=\"audio\/mpeg\" src=\"https:\/\/www.radiopiu.net\/wordpress\/wp-content\/uploads\/2024\/03\/Audio-Bond-FCC-su-stadio-di-Agordo.mp3?_=5\" \/><a href=\"https:\/\/www.radiopiu.net\/wordpress\/wp-content\/uploads\/2024\/03\/Audio-Bond-FCC-su-stadio-di-Agordo.mp3\">https:\/\/www.radiopiu.net\/wordpress\/wp-content\/uploads\/2024\/03\/Audio-Bond-FCC-su-stadio-di-Agordo.mp3<\/a><\/audio>\n<p>&nbsp;<\/p>\n\n\t\t\t<style type='text\/css'>\n\t\t\t\t#gallery-2 {\n\t\t\t\t\tmargin: auto;\n\t\t\t\t}\n\t\t\t\t#gallery-2 .gallery-item {\n\t\t\t\t\tfloat: left;\n\t\t\t\t\tmargin-top: 10px;\n\t\t\t\t\ttext-align: center;\n\t\t\t\t\twidth: 50%;\n\t\t\t\t}\n\t\t\t\t#gallery-2 img {\n\t\t\t\t\tborder: 2px solid #cfcfcf;\n\t\t\t\t}\n\t\t\t\t#gallery-2 .gallery-caption {\n\t\t\t\t\tmargin-left: 0;\n\t\t\t\t}\n\t\t\t\t\/* see gallery_shortcode() in wp-includes\/media.php *\/\n\t\t\t<\/style>\n\t\t<div id='gallery-2' class='dt-gallery-container gallery galleryid-379289 gallery-columns-2 gallery-size-medium'><dl class='gallery-item'>\n\t\t\t\t<dt class='gallery-icon landscape'>\n\t\t\t\t\t<a class=\"rollover rollover-zoom dt-pswp-item\" title=\"Stadio di Agordo 1\" data-dt-img-description=\"\" data-large_image_width=\"1920\" data-large_image_height=\"1080\"href='https:\/\/www.radiopiu.net\/wordpress\/wp-content\/uploads\/2024\/03\/Stadio-di-Agordo-1.jpg'><img loading=\"lazy\" decoding=\"async\" width=\"300\" height=\"169\" src=\"https:\/\/www.radiopiu.net\/wordpress\/wp-content\/uploads\/2024\/03\/Stadio-di-Agordo-1-300x169.jpg\" class=\"attachment-medium size-medium\" alt=\"\" srcset=\"https:\/\/www.radiopiu.net\/wordpress\/wp-content\/uploads\/2024\/03\/Stadio-di-Agordo-1-300x169.jpg 300w, https:\/\/www.radiopiu.net\/wordpress\/wp-content\/uploads\/2024\/03\/Stadio-di-Agordo-1-1024x576.jpg 1024w, https:\/\/www.radiopiu.net\/wordpress\/wp-content\/uploads\/2024\/03\/Stadio-di-Agordo-1-768x432.jpg 768w, https:\/\/www.radiopiu.net\/wordpress\/wp-content\/uploads\/2024\/03\/Stadio-di-Agordo-1-1536x864.jpg 1536w, https:\/\/www.radiopiu.net\/wordpress\/wp-content\/uploads\/2024\/03\/Stadio-di-Agordo-1.jpg 1920w\" sizes=\"auto, (max-width: 300px) 100vw, 300px\" \/><\/a>\n\t\t\t\t<\/dt><\/dl><dl class='gallery-item'>\n\t\t\t\t<dt class='gallery-icon landscape'>\n\t\t\t\t\t<a class=\"rollover rollover-zoom dt-pswp-item\" title=\"Stadio di Agordo 2\" data-dt-img-description=\"\" data-large_image_width=\"1920\" data-large_image_height=\"1080\"href='https:\/\/www.radiopiu.net\/wordpress\/wp-content\/uploads\/2024\/03\/Stadio-di-Agordo-2.jpg'><img loading=\"lazy\" decoding=\"async\" width=\"300\" height=\"169\" src=\"https:\/\/www.radiopiu.net\/wordpress\/wp-content\/uploads\/2024\/03\/Stadio-di-Agordo-2-300x169.jpg\" class=\"attachment-medium size-medium\" alt=\"\" srcset=\"https:\/\/www.radiopiu.net\/wordpress\/wp-content\/uploads\/2024\/03\/Stadio-di-Agordo-2-300x169.jpg 300w, https:\/\/www.radiopiu.net\/wordpress\/wp-content\/uploads\/2024\/03\/Stadio-di-Agordo-2-1024x576.jpg 1024w, https:\/\/www.radiopiu.net\/wordpress\/wp-content\/uploads\/2024\/03\/Stadio-di-Agordo-2-768x432.jpg 768w, https:\/\/www.radiopiu.net\/wordpress\/wp-content\/uploads\/2024\/03\/Stadio-di-Agordo-2-1536x864.jpg 1536w, https:\/\/www.radiopiu.net\/wordpress\/wp-content\/uploads\/2024\/03\/Stadio-di-Agordo-2.jpg 1920w\" sizes=\"auto, (max-width: 300px) 100vw, 300px\" \/><\/a>\n\t\t\t\t<\/dt><\/dl><br style=\"clear: both\" \/>\n\t\t\t<\/div>\n\n<p>&nbsp;<\/p>\n<p>&nbsp;<\/p>\n<hr \/>\n<p>&nbsp;<\/p>\n<blockquote>\n<h3>STRADA AGORDINA, VIABILITA&#8217; PER IL COMELICO, COLLEGAMENTO CON LA SPV. LETTERA-APPELLO AL MINISTRO SALVINI SULLE OPERE URGENTI PER IL BELLUNESE<\/h3>\n<\/blockquote>\n<p><strong><a class=\"dt-pswp-item\" href=\"https:\/\/www.radiopiu.net\/wordpress\/wp-content\/uploads\/2024\/02\/Un-tratto-di-SR-203-visto-dallalto-tra-Cencenighe-e-Le-Vare-scaled-1.jpg\" data-dt-img-description=\"\" data-large_image_width=\"2560\" data-large_image_height=\"1440\"><img loading=\"lazy\" decoding=\"async\" class=\" wp-image-374392 alignleft\" src=\"https:\/\/www.radiopiu.net\/wordpress\/wp-content\/uploads\/2024\/02\/Un-tratto-di-SR-203-visto-dallalto-tra-Cencenighe-e-Le-Vare-scaled-1-300x169.jpg\" alt=\"\" width=\"172\" height=\"97\" srcset=\"https:\/\/www.radiopiu.net\/wordpress\/wp-content\/uploads\/2024\/02\/Un-tratto-di-SR-203-visto-dallalto-tra-Cencenighe-e-Le-Vare-scaled-1-300x169.jpg 300w, https:\/\/www.radiopiu.net\/wordpress\/wp-content\/uploads\/2024\/02\/Un-tratto-di-SR-203-visto-dallalto-tra-Cencenighe-e-Le-Vare-scaled-1-1024x576.jpg 1024w, https:\/\/www.radiopiu.net\/wordpress\/wp-content\/uploads\/2024\/02\/Un-tratto-di-SR-203-visto-dallalto-tra-Cencenighe-e-Le-Vare-scaled-1-768x432.jpg 768w, https:\/\/www.radiopiu.net\/wordpress\/wp-content\/uploads\/2024\/02\/Un-tratto-di-SR-203-visto-dallalto-tra-Cencenighe-e-Le-Vare-scaled-1-1536x864.jpg 1536w, https:\/\/www.radiopiu.net\/wordpress\/wp-content\/uploads\/2024\/02\/Un-tratto-di-SR-203-visto-dallalto-tra-Cencenighe-e-Le-Vare-scaled-1-2048x1152.jpg 2048w\" sizes=\"auto, (max-width: 172px) 100vw, 172px\" \/><\/a>BELLUNO<\/strong> Vittorio Zollet, coordinatore del Tavolo Infrastrutture di Belluno, ha consegnato una lettera-appello al Ministro Matteo Salvini durante l&#8217;incontro &#8220;L&#8217;Italia del s\u00ec&#8221; a Padova. Si evidenziano urgenze come la messa in sicurezza della strada Agordina e la connessione tra Bellunese e Superstrada Pedemontana Veneta. Il territorio, sebbene ricco di patrimonio industriale e turistico, soffre di spopolamento. Il Tavolo, rappresentando vari enti, chiede attenzione alle infrastrutture. Priorit\u00e0 incluse: sicurezza della strada Agordina, collegamento efficiente tra Pedemontana Veneta e Feltrino, e collegamento Comelico-Cadore. Si teme l&#8217;aumento del traffico su Cortina a causa della chiusura della galleria Comelico. Zollet offre collaborazione per risolvere le sfide della provincia di Belluno.<\/p>\n<p>&nbsp;<\/p>\n<p>&nbsp;<\/p>\n<p>&nbsp;<\/p>\n<hr \/>\n<p>&nbsp;<\/p>\n<blockquote>\n<h2>IMPRESE CEDUTE AI LAVORATORI, RIFLESSIONI DI APPIA E LEGACOOP<\/h2>\n<\/blockquote>\n<p><strong>DI BARBARA PAOLAZZI<\/strong><\/p>\n<audio class=\"wp-audio-shortcode\" id=\"audio-379289-6\" preload=\"none\" style=\"width: 100%;\" controls=\"controls\"><source type=\"audio\/mpeg\" src=\"https:\/\/www.radiopiu.net\/wordpress\/wp-content\/uploads\/2024\/03\/barbara-lega.mp3?_=6\" \/><a href=\"https:\/\/www.radiopiu.net\/wordpress\/wp-content\/uploads\/2024\/03\/barbara-lega.mp3\">https:\/\/www.radiopiu.net\/wordpress\/wp-content\/uploads\/2024\/03\/barbara-lega.mp3<\/a><\/audio>\n<p><a class=\"dt-pswp-item\" href=\"https:\/\/www.radiopiu.net\/wordpress\/wp-content\/uploads\/2024\/03\/82f4c3d7-753b-40c5-82e0-bf5d6d5518d5-1.jpg\" data-dt-img-description=\"\" data-large_image_width=\"1600\" data-large_image_height=\"739\"><img loading=\"lazy\" decoding=\"async\" class=\"size-medium wp-image-379362 aligncenter\" src=\"https:\/\/www.radiopiu.net\/wordpress\/wp-content\/uploads\/2024\/03\/82f4c3d7-753b-40c5-82e0-bf5d6d5518d5-1-300x139.jpg\" alt=\"\" width=\"300\" height=\"139\" srcset=\"https:\/\/www.radiopiu.net\/wordpress\/wp-content\/uploads\/2024\/03\/82f4c3d7-753b-40c5-82e0-bf5d6d5518d5-1-300x139.jpg 300w, https:\/\/www.radiopiu.net\/wordpress\/wp-content\/uploads\/2024\/03\/82f4c3d7-753b-40c5-82e0-bf5d6d5518d5-1-1024x473.jpg 1024w, https:\/\/www.radiopiu.net\/wordpress\/wp-content\/uploads\/2024\/03\/82f4c3d7-753b-40c5-82e0-bf5d6d5518d5-1-768x355.jpg 768w, https:\/\/www.radiopiu.net\/wordpress\/wp-content\/uploads\/2024\/03\/82f4c3d7-753b-40c5-82e0-bf5d6d5518d5-1-1536x709.jpg 1536w, https:\/\/www.radiopiu.net\/wordpress\/wp-content\/uploads\/2024\/03\/82f4c3d7-753b-40c5-82e0-bf5d6d5518d5-1.jpg 1600w\" sizes=\"auto, (max-width: 300px) 100vw, 300px\" \/><\/a><\/p>\n<p>&nbsp;<\/p>\n<hr \/>\n<p>&nbsp;<\/p>\n<blockquote>\n<h3>LA POLIZIA DI STATO A CORTINAMETRAGGIO<\/h3>\n<\/blockquote>\n<p><strong><a class=\"dt-pswp-item\" href=\"https:\/\/www.radiopiu.net\/wordpress\/wp-content\/uploads\/2024\/03\/IMMAGINE-MEDLEY-6x4-1.jpg\" data-dt-img-description=\"\" data-large_image_width=\"1800\" data-large_image_height=\"1200\"><img loading=\"lazy\" decoding=\"async\" class=\" wp-image-379331 alignleft\" src=\"https:\/\/www.radiopiu.net\/wordpress\/wp-content\/uploads\/2024\/03\/IMMAGINE-MEDLEY-6x4-1-300x200.jpg\" alt=\"\" width=\"209\" height=\"139\" srcset=\"https:\/\/www.radiopiu.net\/wordpress\/wp-content\/uploads\/2024\/03\/IMMAGINE-MEDLEY-6x4-1-300x200.jpg 300w, https:\/\/www.radiopiu.net\/wordpress\/wp-content\/uploads\/2024\/03\/IMMAGINE-MEDLEY-6x4-1-1024x683.jpg 1024w, https:\/\/www.radiopiu.net\/wordpress\/wp-content\/uploads\/2024\/03\/IMMAGINE-MEDLEY-6x4-1-768x512.jpg 768w, https:\/\/www.radiopiu.net\/wordpress\/wp-content\/uploads\/2024\/03\/IMMAGINE-MEDLEY-6x4-1-1536x1024.jpg 1536w, https:\/\/www.radiopiu.net\/wordpress\/wp-content\/uploads\/2024\/03\/IMMAGINE-MEDLEY-6x4-1.jpg 1800w\" sizes=\"auto, (max-width: 209px) 100vw, 209px\" \/><\/a>CORTINA<\/strong> La Polizia di Stato si unisce al &#8220;Cortinametraggio&#8221; a Cortina D&#8217;Ampezzo, mostrando &#8220;Medley&#8221; con Mariano Rigillo e Valerio Morigi. Il corto affronta l&#8217;Alzheimer, l&#8217;empatia e l&#8217;importanza dell&#8217;ascolto. Dario, il poliziotto, aiuta Mariano a rivivere i ricordi. La solidariet\u00e0 verso i vulnerabili \u00e8 centrale per la Polizia di Stato, che offre supporto a chiunque ne abbia bisogno. La collaborazione con il Cortinametraggio mira a promuovere i valori dell&#8217;istituzione attraverso l&#8217;arte cinematografica. Il Pullman Azzurro a Cortina educa contro la guida sotto l&#8217;influenza di sostanze.<\/p>\n<p><strong>IL TRAILER DEL CORTOMETRAGGIO<\/strong><\/p>\n<p><iframe loading=\"lazy\" title=\"MEDLEY TRAILER\" width=\"1200\" height=\"675\" src=\"https:\/\/www.youtube.com\/embed\/OEb7yT5Uqks?feature=oembed\" frameborder=\"0\" allow=\"accelerometer; autoplay; clipboard-write; encrypted-media; gyroscope; picture-in-picture; web-share\" allowfullscreen><\/iframe><\/p>\n<p>&nbsp;<\/p>\n<p>&nbsp;<\/p>\n<p>&nbsp;<\/p>\n<hr \/>\n<p>&nbsp;<\/p>\n<blockquote>\n<blockquote>\n<h2><span style=\"color: #ff0000;\">DOMANI\u00a0 la vecia popa ad AGORDO<\/span><\/h2>\n<\/blockquote>\n<p><strong><a class=\"dt-pswp-item\" href=\"https:\/\/www.radiopiu.net\/wordpress\/wp-content\/uploads\/2024\/02\/VeciaPopa2014b.jpg\" data-dt-img-description=\"\" data-large_image_width=\"1500\" data-large_image_height=\"944\"><img loading=\"lazy\" decoding=\"async\" class=\" wp-image-376680 alignleft\" src=\"https:\/\/www.radiopiu.net\/wordpress\/wp-content\/uploads\/2024\/02\/VeciaPopa2014b-300x189.jpg\" alt=\"\" width=\"163\" height=\"103\" srcset=\"https:\/\/www.radiopiu.net\/wordpress\/wp-content\/uploads\/2024\/02\/VeciaPopa2014b-300x189.jpg 300w, https:\/\/www.radiopiu.net\/wordpress\/wp-content\/uploads\/2024\/02\/VeciaPopa2014b-1024x644.jpg 1024w, https:\/\/www.radiopiu.net\/wordpress\/wp-content\/uploads\/2024\/02\/VeciaPopa2014b-768x483.jpg 768w, https:\/\/www.radiopiu.net\/wordpress\/wp-content\/uploads\/2024\/02\/VeciaPopa2014b.jpg 1500w\" sizes=\"auto, (max-width: 163px) 100vw, 163px\" \/><\/a>DI MIRKO MEZZACASA<\/strong><\/p>\n<p>OSPITI: Thomas Manfroi e Valentina De Nardin<\/p><\/blockquote>\n<p>&nbsp;<\/p>\n<audio class=\"wp-audio-shortcode\" id=\"audio-379289-7\" preload=\"none\" style=\"width: 100%;\" controls=\"controls\"><source type=\"audio\/mpeg\" src=\"https:\/\/www.radiopiu.net\/wordpress\/wp-content\/uploads\/2024\/02\/vecia-popa-2024.mp3?_=7\" \/><a href=\"https:\/\/www.radiopiu.net\/wordpress\/wp-content\/uploads\/2024\/02\/vecia-popa-2024.mp3\">https:\/\/www.radiopiu.net\/wordpress\/wp-content\/uploads\/2024\/02\/vecia-popa-2024.mp3<\/a><\/audio>\n<p>&nbsp;<\/p>\n<p>&nbsp;<\/p>\n<p>&nbsp;<\/p>\n<hr \/>\n<p>&nbsp;<\/p>\n<blockquote>\n<h2>Il mondo agricolo e green guarda ad Agrimont<\/h2>\n<p><em><a class=\"dt-pswp-item\" href=\"https:\/\/www.radiopiu.net\/wordpress\/wp-content\/uploads\/2024\/03\/agrimont-003-scaled.jpg\" data-dt-img-description=\"\" data-large_image_width=\"2560\" data-large_image_height=\"1707\"><img loading=\"lazy\" decoding=\"async\" class=\" wp-image-379343 alignleft\" src=\"https:\/\/www.radiopiu.net\/wordpress\/wp-content\/uploads\/2024\/03\/agrimont-003-300x200.jpg\" alt=\"\" width=\"233\" height=\"155\" srcset=\"https:\/\/www.radiopiu.net\/wordpress\/wp-content\/uploads\/2024\/03\/agrimont-003-300x200.jpg 300w, https:\/\/www.radiopiu.net\/wordpress\/wp-content\/uploads\/2024\/03\/agrimont-003-1024x683.jpg 1024w, https:\/\/www.radiopiu.net\/wordpress\/wp-content\/uploads\/2024\/03\/agrimont-003-768x512.jpg 768w, https:\/\/www.radiopiu.net\/wordpress\/wp-content\/uploads\/2024\/03\/agrimont-003-1536x1024.jpg 1536w, https:\/\/www.radiopiu.net\/wordpress\/wp-content\/uploads\/2024\/03\/agrimont-003-2048x1365.jpg 2048w\" sizes=\"auto, (max-width: 233px) 100vw, 233px\" \/><\/a>\u00abUn parterre qualificato che ben sintetizza il livello di approfondimento che sar\u00e0 proposto in fiera, per le cinque giornate di Agrimont\u00bb afferma il presidente di Longarone Fiere Dolomiti, Michele Dal Farra. Agrimont, infatti si snoder\u00e0 su due weekend: il 16-17 e il 22-23-24 marzo.<\/em><\/p><\/blockquote>\n<p><strong>LONGARONE<\/strong> Tutto pronto a Longarone Fiere Dolomiti per il debutto di Agrimont 2024, la fiera nazionale dell\u2019agricoltura di montagna giunta alla 43. edizione. E la manifestazione si annuncia gi\u00e0 punto di riferimento per il mondo agricolo, per le politiche green e per la cura dell\u2019ambiente. Per il taglio del nastro &#8211; oggi alle 11.30 &#8211; sono attese le presenze dell\u2019assessore regionale all\u2019Ambiente Gianpaolo Bottacin e del suo omologo friulano alle Risorse agroalimentari, forestali e ittiche Stefano Zannier, della viceministro dell\u2019Ambiente e della Sicurezza Energetica Vannia Gava, e del presidente della Commissione Agricoltura al Senato Luca De Carlo.<\/p>\n<p>&nbsp;<\/p>\n<p>&nbsp;<\/p>\n<hr \/>\n<p>&nbsp;<\/p>\n<blockquote>\n<h2><a class=\"dt-pswp-item\" href=\"https:\/\/www.radiopiu.net\/wordpress\/wp-content\/uploads\/2024\/03\/Senza-nome-55.png\" data-dt-img-description=\"\" data-large_image_width=\"270\" data-large_image_height=\"138\"><img loading=\"lazy\" decoding=\"async\" class=\" wp-image-379344 alignleft\" src=\"https:\/\/www.radiopiu.net\/wordpress\/wp-content\/uploads\/2024\/03\/Senza-nome-55.png\" alt=\"\" width=\"196\" height=\"100\" \/><\/a>concorso di poesia e prosa 2024 per la lingua minoritaria ladino<\/h2>\n<\/blockquote>\n<p><strong>CIBIANA<\/strong> Il concorso invita i partecipanti a scrivere poesie o racconti in lingua ladina, ispirati dalle emozioni legate ai luoghi dell&#8217;anima, riflettendo sulle memorie personali e le storie possibili che abitano gli spazi reali. Promosso dal Gruppo Ladino della Pro Loco di Cibiana, in collaborazione con altre associazioni ladine, si apre alle varianti ladine del Trentino Alto Adige, promuovendo un dialogo tra le comunit\u00e0 linguisticamente unite dal ladino. L&#8217;iniziativa mira a preservare e promuovere la lingua ladina, una lingua minoritaria ricca di espressioni e tradizioni, coinvolgendo chiunque sia interessato a scoprire questa cultura e questa lingua. l materiale dovr\u00e0 essere inviato entro il 31 luglio 2024, all\u2019indirizzo e-mail: livianadacol@gmail.com<\/p>\n<p>&nbsp;<\/p>\n<hr \/>\n<p>&nbsp;<\/p>\n<p>&nbsp;<\/p>\n<blockquote>\n<h2 class=\"_title post-title entry-title\">IL PUNTO SULLA SALUTE DI UNA POPOLAZIONE CHE CONTINUA A INVECCHIARE<\/h2>\n<\/blockquote>\n<p><strong class=\"photoswipe-wrapper\"><a class=\"dt-pswp-item pspw-wrap-ready\" href=\"https:\/\/www.radiopiu.net\/wordpress\/wp-content\/uploads\/2024\/01\/Senza-nome-34.png\" data-dt-img-description=\"\" data-large_image_width=\"239\" data-large_image_height=\"153\"><img loading=\"lazy\" decoding=\"async\" class=\"wp-image-369478 alignleft\" src=\"https:\/\/www.radiopiu.net\/wordpress\/wp-content\/uploads\/2024\/01\/Senza-nome-34.png\" alt=\"\" width=\"128\" height=\"82\" \/><\/a><\/strong><\/p>\n<h1 class=\"_title post-title entry-title\"><\/h1>\n<p><strong>dal TG BELLUNESE di\u00a0 ANTENNA 3 ogni sera alle 19.30 sul canale 10 del digitale terrestre e alle 19 le anticipazioni alla radio.\u00a0<\/strong><\/p>\n<p>&nbsp;<\/p>\n<p>Intervistati GIUSEPPE DAL BEN (COMMISSARIO ULSS 1 DOLOMITI), SANDRO CINQUETTI (DIRETTORE DIPARTIMENTO PREVENZIONE ULSS 1 DOLOMITI), DANIELA PIACENTINI (INFETTIVOLOGA ULSS 1 DOLOMITI) (Servizio di\u00a0<a href=\"https:\/\/antennatre.medianordest.it\/redazione\/Fabio-Fioravanzi\/\">Fabio Fioravanzi<\/a>)<\/p>\n<p>&nbsp;<\/p>\n<p><iframe loading=\"lazy\" title=\"IL PUNTO SULLA SALUTE DI UNA POPOLAZIONE CHE CONTINUA A INVECCHIARE | 15\/03\/2024\" width=\"1200\" height=\"675\" src=\"https:\/\/www.youtube.com\/embed\/qdrYUhtSExY?feature=oembed\" frameborder=\"0\" allow=\"accelerometer; autoplay; clipboard-write; encrypted-media; gyroscope; picture-in-picture; web-share\" allowfullscreen><\/iframe><\/p>\n<p>&nbsp;<\/p>\n<p>&nbsp;<\/p>\n<hr \/>\n<p>&nbsp;<\/p>\n<h2><span style=\"color: #ff0000;\">CONSIGLI COMUNALI<\/span><\/h2>\n<p><strong>COLLE SANTA LUCIA <\/strong>Il sindaco Paolo Frena ha convocato i consiglieri comunali per oggi alle 15. Saranno 5 i punti da discutere tra cui le proposte di accordo pubblico, il primo piano degli interventi, la costituzione della federazione dei ladins de Souramont e le comunicazioni del sindaco.<\/p>\n<p><strong>ROCCA PIETORE<\/strong> Variazioni al bilancio e interrogazioni della minoranza al centro del consiglio comunale convocato a Rocca Pietore dal sindaco Andrea De Bernardin per marted\u00ec alle 18,30.\u00a0 Il gruppo di minoranza Uniti per la montagna chiede lumi sul piano Marmolada Unesco, parco giochi di Re Ombro, schianti di vaia e Serrai di Sottoguda.<\/p>\n<p><strong>RIVAMONTE<\/strong> Mercoledi alle 18.30 consiglio comunale convocato dal sindaco Nino Deon. All&#8217;ordine del giorno: variazioni al bilancio, regolamento di contabilit\u00e0 convenzione per la stazione unica appaltante.<\/p>\n<p><strong>VOLTAGO<\/strong> Giovedi alle 18 consiglio comunale nella sala Civica Gianni De Col. All&#8217;ordine del giorno la verifica delle aree fabbricabili, l&#8217;approvazione del bilancio di previsione e le comunicazioni del sindaco<\/p>\n<p>&nbsp;<\/p>\n<p>&nbsp;<\/p>\n<hr \/>\n<p>&nbsp;<\/p>\n<blockquote>\n<h3>LUXOTTICA, NEWS SETTIMANA CORTA&#8230;<\/h3>\n<\/blockquote>\n<p><strong><img loading=\"lazy\" decoding=\"async\" class=\"alignleft\" src=\"https:\/\/www.radiopiu.net\/wordpress\/wp-content\/uploads\/2023\/10\/1-EssilorLuxottica.jpg.jpg\" width=\"182\" height=\"121\" \/>di MARINA DONA&#8217;<\/strong><\/p>\n<p><strong>\u00a0<\/strong><\/p>\n<p><strong>OSPITE IL PROF. LUCIANO PERO_POLITECNICO MILANO<\/strong><\/p>\n<p>&nbsp;<\/p>\n<p>&nbsp;<\/p>\n<p><strong>puntata <span style=\"color: #ff0000;\">02<\/span>_15.03.2024\u00a0<em> &#8220;evoluzioni sperimentali, i lavoratori pi\u00f9 anziani e le nuove generazioni&#8221;<\/em><\/strong><\/p>\n<audio class=\"wp-audio-shortcode\" id=\"audio-379289-8\" preload=\"none\" style=\"width: 100%;\" controls=\"controls\"><source type=\"audio\/mpeg\" src=\"https:\/\/www.radiopiu.net\/wordpress\/wp-content\/uploads\/2024\/03\/SETTIMANA-CORTA-GLI-STUDI-SULLE-ORE-SETTIMAANAALI-E-LA-QUALITA-DEL-PRODOTTO.mp3?_=8\" \/><a href=\"https:\/\/www.radiopiu.net\/wordpress\/wp-content\/uploads\/2024\/03\/SETTIMANA-CORTA-GLI-STUDI-SULLE-ORE-SETTIMAANAALI-E-LA-QUALITA-DEL-PRODOTTO.mp3\">https:\/\/www.radiopiu.net\/wordpress\/wp-content\/uploads\/2024\/03\/SETTIMANA-CORTA-GLI-STUDI-SULLE-ORE-SETTIMAANAALI-E-LA-QUALITA-DEL-PRODOTTO.mp3<\/a><\/audio>\n<p>&nbsp;<\/p>\n<p><strong>puntata <span style=\"color: #ff0000;\">01<\/span>_ 14.03.2024 <em>&#8220;orari e giornate lavorative, quali le evoluzioni nell&#8217;ultimo secolo&#8221;<\/em><\/strong><\/p>\n<audio class=\"wp-audio-shortcode\" id=\"audio-379289-9\" preload=\"none\" style=\"width: 100%;\" controls=\"controls\"><source type=\"audio\/mpeg\" src=\"https:\/\/www.radiopiu.net\/wordpress\/wp-content\/uploads\/2024\/03\/NEWS-SETTIMANA-CORTA-LUXOTTICA.mp3?_=9\" \/><a href=\"https:\/\/www.radiopiu.net\/wordpress\/wp-content\/uploads\/2024\/03\/NEWS-SETTIMANA-CORTA-LUXOTTICA.mp3\">https:\/\/www.radiopiu.net\/wordpress\/wp-content\/uploads\/2024\/03\/NEWS-SETTIMANA-CORTA-LUXOTTICA.mp3<\/a><\/audio>\n<p>&nbsp;<\/p>\n<p>&nbsp;<\/p>\n<p>&nbsp;<\/p>\n<p>&nbsp;<\/p>\n<hr \/>\n<p>&nbsp;<\/p>\n<p>&nbsp;<\/p>\n<blockquote>\n<h3><a class=\"dt-pswp-item\" href=\"https:\/\/www.radiopiu.net\/wordpress\/wp-content\/uploads\/2024\/03\/il-coraggio-e-la-passione.png\" data-dt-img-description=\"\" data-large_image_width=\"623\" data-large_image_height=\"896\"><img loading=\"lazy\" decoding=\"async\" class=\"wp-image-379223 alignleft\" src=\"https:\/\/www.radiopiu.net\/wordpress\/wp-content\/uploads\/2024\/03\/il-coraggio-e-la-passione-209x300.png\" alt=\"\" width=\"110\" height=\"158\" srcset=\"https:\/\/www.radiopiu.net\/wordpress\/wp-content\/uploads\/2024\/03\/il-coraggio-e-la-passione-209x300.png 209w, https:\/\/www.radiopiu.net\/wordpress\/wp-content\/uploads\/2024\/03\/il-coraggio-e-la-passione.png 623w\" sizes=\"auto, (max-width: 110px) 100vw, 110px\" \/><\/a>IL CORAGGIO E LA PASSIONE.\u00a0 PARTIGIANI E PATRIOTI RICONOSCIUTI NEL BELLUNESE E MILITARI BELLUNESI RICONOSCIUTI PARTIGIANI ALL\u2019ESTERO<\/h3>\n<\/blockquote>\n<p><strong>BELLUNO<\/strong> Oggi alle 18\u00a0 in sala \u201cBianchi\u201d\u00a0 verr\u00e0 presentato il volume edito dall\u2019Isbrec Il coraggio e la passione Partigiani e patrioti riconosciuti nel Bellunese e militari bellunesi riconosciuti partigiani all\u2019estero curato da Franco Comin e Silvia Comin con la direzione scientifica di Enrico Bacchetti, Diego Cason e Adriana Lotto.<\/p>\n<p>&nbsp;<\/p>\n<p>&nbsp;<\/p>\n<hr \/>\n<blockquote>\n<h3><strong><a class=\"dt-pswp-item\" href=\"https:\/\/www.radiopiu.net\/wordpress\/wp-content\/uploads\/2024\/03\/Api_marzo_24.jpg\" data-dt-img-description=\"\" data-large_image_width=\"1240\" data-large_image_height=\"1754\"><img loading=\"lazy\" decoding=\"async\" class=\"wp-image-378230 alignleft\" src=\"https:\/\/www.radiopiu.net\/wordpress\/wp-content\/uploads\/2024\/03\/Api_marzo_24-212x300.jpg\" alt=\"\" width=\"95\" height=\"134\" srcset=\"https:\/\/www.radiopiu.net\/wordpress\/wp-content\/uploads\/2024\/03\/Api_marzo_24-212x300.jpg 212w, https:\/\/www.radiopiu.net\/wordpress\/wp-content\/uploads\/2024\/03\/Api_marzo_24-724x1024.jpg 724w, https:\/\/www.radiopiu.net\/wordpress\/wp-content\/uploads\/2024\/03\/Api_marzo_24-768x1086.jpg 768w, https:\/\/www.radiopiu.net\/wordpress\/wp-content\/uploads\/2024\/03\/Api_marzo_24-1086x1536.jpg 1086w, https:\/\/www.radiopiu.net\/wordpress\/wp-content\/uploads\/2024\/03\/Api_marzo_24.jpg 1240w\" sizes=\"auto, (max-width: 95px) 100vw, 95px\" \/><\/a><\/strong>API AMBIENTE IN UN INCONTRO A BELLUNO<\/h3>\n<\/blockquote>\n<p>&nbsp;<\/p>\n<p><strong>BELLUNO<\/strong><\/p>\n<p>DI ALESSIA DALL&#8217;O&#8217;<\/p>\n<audio class=\"wp-audio-shortcode\" id=\"audio-379289-10\" preload=\"none\" style=\"width: 100%;\" controls=\"controls\"><source type=\"audio\/mpeg\" src=\"https:\/\/www.radiopiu.net\/wordpress\/wp-content\/uploads\/2024\/03\/ALESSIA-API-AMBIENTE.mp3?_=10\" \/><a href=\"https:\/\/www.radiopiu.net\/wordpress\/wp-content\/uploads\/2024\/03\/ALESSIA-API-AMBIENTE.mp3\">https:\/\/www.radiopiu.net\/wordpress\/wp-content\/uploads\/2024\/03\/ALESSIA-API-AMBIENTE.mp3<\/a><\/audio>\n<p>&nbsp;<\/p>\n<hr \/>\n<p>&nbsp;<\/p>\n<blockquote>\n<h3>LE UOVA DI PASQUA DELL&#8217;AIL<\/h3>\n<\/blockquote>\n<p><strong>AGORDO<\/strong> Tornano le uova di Pasqua dell&#8217;AIL per sostenere la ricerca e la cura contro le leucemie, i linfomi e il mieloma. Oggi e domani i volontari saranno presenti al centro commerciale &#8220;La Corte Agordina&#8221; e in localit\u00e0 Valcozzena di fronte al Zum Brillenbar<\/p>\n<p>&nbsp;<\/p>\n<p>&nbsp;<\/p>\n<hr \/>\n<p>&nbsp;<\/p>\n<blockquote>\n<h3>ENERGIA: MERCATO TUTELATO O LIBERO? L&#8217;INCONTRO<\/h3>\n<\/blockquote>\n<p><strong>BELLUNO<\/strong> Confartigianato Belluno e ANAP Belluno hanno organizzato un incontro luned\u00ec alle 16 nella sede dell\u2019Associazione a Belluno, dedicato alle utenze domestiche di energia elettrica e gas metano. L&#8217;obiettivo \u00e8 promuovere l&#8217;importanza di unire le persone per trovare soluzioni pi\u00f9 efficaci. L&#8217;incontro si concentra sul recente aumento dei prezzi dell&#8217;energia per i clienti vulnerabili e sulle decisioni relative al servizio di tutela del gas per gli over 75 e i beneficiari del bonus sociale.<\/p>\n<p>&nbsp;<\/p>\n<hr \/>\n<p>&nbsp;<\/p>\n<blockquote>\n<h3>AD AGRIMONT CON COFARTIGIANATO<\/h3>\n<\/blockquote>\n<p><strong><a class=\"dt-pswp-item\" href=\"https:\/\/www.radiopiu.net\/wordpress\/wp-content\/uploads\/2022\/07\/CONFARTIGIANATO.png\" data-dt-img-description=\"\" data-large_image_width=\"1001\" data-large_image_height=\"431\"><img loading=\"lazy\" decoding=\"async\" class=\" wp-image-288229 alignleft\" src=\"https:\/\/www.radiopiu.net\/wordpress\/wp-content\/uploads\/2022\/07\/CONFARTIGIANATO-300x129.png\" alt=\"\" width=\"184\" height=\"79\" srcset=\"https:\/\/www.radiopiu.net\/wordpress\/wp-content\/uploads\/2022\/07\/CONFARTIGIANATO-300x129.png 300w, https:\/\/www.radiopiu.net\/wordpress\/wp-content\/uploads\/2022\/07\/CONFARTIGIANATO-768x331.png 768w, https:\/\/www.radiopiu.net\/wordpress\/wp-content\/uploads\/2022\/07\/CONFARTIGIANATO.png 1001w\" sizes=\"auto, (max-width: 184px) 100vw, 184px\" \/><\/a>LONGARONE<\/strong> Domani, in occasione di Agrimont, Confartigianato Imprese Belluno discute del Registro Pubblico dei Crediti di Carbonio. Convegno su &#8220;Patrimonio forestale e crediti di carbonio&#8221; con il Senatore Luca De Carlo. L&#8217;incontro, valido anche per crediti formativi, si terr\u00e0 dalle 10:45 alle 12:45 presso Area Incontri, Pad. C &#8211; Longarone Fiere. Il registro permette ai proprietari forestali di creare un mercato dei crediti di carbonio, quantificando il contributo nell&#8217;assorbimento di CO2 e creando opportunit\u00e0 economiche e gestionali per i territori.<\/p>\n<p>&nbsp;<\/p>\n<p>&nbsp;<\/p>\n<hr \/>\n<p>&nbsp;<\/p>\n<blockquote>\n<h3>VISITE AL MANICOMIO DI FELTRE<\/h3>\n<\/blockquote>\n<p><strong><a class=\"dt-pswp-item\" href=\"https:\/\/www.radiopiu.net\/wordpress\/wp-content\/uploads\/2024\/03\/Porta-del-bagno-del-manicomio.jpg\" data-dt-img-description=\"\" data-large_image_width=\"600\" data-large_image_height=\"800\"><img loading=\"lazy\" decoding=\"async\" class=\"wp-image-378750 alignleft\" src=\"https:\/\/www.radiopiu.net\/wordpress\/wp-content\/uploads\/2024\/03\/Porta-del-bagno-del-manicomio-225x300.jpg\" alt=\"\" width=\"86\" height=\"115\" srcset=\"https:\/\/www.radiopiu.net\/wordpress\/wp-content\/uploads\/2024\/03\/Porta-del-bagno-del-manicomio-225x300.jpg 225w, https:\/\/www.radiopiu.net\/wordpress\/wp-content\/uploads\/2024\/03\/Porta-del-bagno-del-manicomio.jpg 600w\" sizes=\"auto, (max-width: 86px) 100vw, 86px\" \/><\/a>BELLUNO<\/strong> Iscrizioni aperte per le visite guidate all&#8217;ex Manicomio di Feltre. Oggi, in gruppi di massimo 30 persone, si esploreranno gli spazi esterni della struttura con un percorso storico-artistico, storico-psichiatrico e sociale. Guide saranno studenti dell\u2019ultimo anno del Liceo di Scienze Umane dell\u2019Istituto Canossiano di Feltre, formati tramite un corso coordinato dalla professoressa Marina Meneghin. Le visite, alle 10, 11, 12, 14, 15 e 16, richiedono iscrizione via e-mail (<a target=\"_new\" rel=\"noopener\">biblioteca@comune.belluno.it<\/a>) o chiamata telefonica (0437 948093) con indicazione dei nomi e di un numero di cellulare di riferimento.<\/p>\n<p>&nbsp;<\/p>\n<p>&nbsp;<\/p>\n<hr \/>\n<p>&nbsp;<\/p>\n<blockquote>\n<h2><a class=\"dt-pswp-item\" href=\"https:\/\/www.radiopiu.net\/wordpress\/wp-content\/uploads\/2018\/10\/Volante-Questura-2-1.jpg\" data-dt-img-description=\"\" data-large_image_width=\"200\" data-large_image_height=\"200\"><img loading=\"lazy\" decoding=\"async\" class=\"wp-image-64854 alignleft\" src=\"https:\/\/www.radiopiu.net\/wordpress\/wp-content\/uploads\/2018\/10\/Volante-Questura-2-1.jpg\" alt=\"\" width=\"110\" height=\"110\" srcset=\"https:\/\/www.radiopiu.net\/wordpress\/wp-content\/uploads\/2018\/10\/Volante-Questura-2-1.jpg 200w, https:\/\/www.radiopiu.net\/wordpress\/wp-content\/uploads\/2018\/10\/Volante-Questura-2-1-150x150.jpg 150w\" sizes=\"auto, (max-width: 110px) 100vw, 110px\" \/><\/a>Questura di Belluno &#8211; Ufficio Concorsi &#8211;<\/h2>\n<\/blockquote>\n<p><strong>BELLUNO<\/strong>\u00a0 Sul Portale unico del reclutamento www.inpa.gov.it e sul sito www.poliziadistato.it \u00e8 stato pubblicato il bando di concorso pubblico, per titoli, per l\u2019assunzione di 21 atleti da assegnare ai gruppi sportivi \u201cPolizia di Stato \u2013 Fiamme Oro\u201d, che saranno inquadrati nel ruolo degli agenti e assistenti della Polizia di Stato, indetto con decreto del 29\/02\/2024.<\/p>\n<p><strong>BELLUNO<\/strong> \u00c8 stato pubblicato il bando di concorso pubblico per l&#8217;assunzione di 18 commissari tecnici ingegneri del ruolo degli ingegneri della carriera dei funzionari tecnici della Polizia di Stato. Il concorso prevede selezioni basate su titoli ed esami. Ulteriori dettagli e informazioni sono disponibili sul Portale unico del reclutamento <a href=\"http:\/\/www.inpa.gov.it\/\" target=\"_new\" rel=\"noopener\">www.inpa.gov.it<\/a> e sul sito <a href=\"http:\/\/www.poliziadistato.it\/\" target=\"_new\" rel=\"noopener\">www.poliziadistato.it<\/a>.<\/p>\n<p>&nbsp;<\/p>\n<p>&nbsp;<\/p>\n<hr \/>\n<p>&nbsp;<\/p>\n<blockquote>\n<h3>BANDO PER 16 ALLIEVI UFFICIALI PER LA GUARDIA DI FINANZA<\/h3>\n<\/blockquote>\n<p><strong>BELLUNO<\/strong> sul portale Concorsi Online del Corpo, \u00e8 stato pubblicato il bando di concorso per n. 16 allievi ufficiali in ferma prefissata del Corpo della Guardia di Finanza. I posti sono destinati alle specialit\u00e0 telematica, infrastrutture e sanit\u00e0. Possono partecipare cittadini italiani con laurea specialistica o magistrale, nati non prima del 1\u00b0 gennaio 1992. La domanda, compilata telematicamente entro le 12:00 del 27 marzo 2024, richiede l&#8217;uso di SPID o &#8220;Entra con CIE&#8221;. Ulteriori dettagli sono disponibili sul portale &#8220;<a href=\"https:\/\/concorsi.gdf.gov.it\/\" target=\"_new\" rel=\"noopener\">https:\/\/concorsi.gdf.gov.it<\/a>&#8220;.<\/p>\n<p>&nbsp;<\/p>\n<p>&nbsp;<\/p>\n<hr \/>\n<p>&nbsp;<\/p>\n<blockquote>\n<h3>IL LIBRO SU MARCO POLO<\/h3>\n<\/blockquote>\n<p><strong>BELLUNO<\/strong> Oggi, alle 16, al Salone nobile di Palazzo Fulcis a Belluno, Francesco Jori presenter\u00e0 il libro &#8220;Marco Polo. La vita \u00e8 viaggio&#8221;. L&#8217;evento celebra i settecento anni dalla morte del famoso mercante e viaggiatore, offrendo un&#8217;opportunit\u00e0 unica in una location spettacolare grazie alla collaborazione con il Comune di Belluno. Ingresso libero.<\/p>\n<p>&nbsp;<\/p>\n<p>&nbsp;<\/p>\n<hr \/>\n<p>&nbsp;<\/p>\n<blockquote>\n<h3>LA 29ESIMA GIORNATA DELLA MEMORIA CONTRO LE MAFIE<\/h3>\n<p>Le Scuole in Rete, in collaborazione con Istituzioni e Associazioni, ospiteranno Filippo Torrigiani, Consulente della Commissione Parlamentare Antimafia, per una serie di incontri pubblici nella provincia. Torrigiani parler\u00e0 della sua esperienza nel contrasto alla criminalit\u00e0 organizzata e presenter\u00e0 il suo libro &#8220;Silenzi e distrazioni&#8221;. Affronter\u00e0 tematiche riguardanti l&#8217;illegalit\u00e0 mafiosa, inclusi usura, azzardo, droghe, e le sue conseguenze economiche e sociali. Gli appuntamenti si svolgeranno dal 14 al 16 marzo in diverse localit\u00e0, coinvolgendo studenti, cittadini e genitori per promuovere la partecipazione pubblica e la sensibilizzazione sulla legalit\u00e0.<\/p>\n<p>&nbsp;<\/p><\/blockquote>\n<p><strong>AGORDO<\/strong> In occasione della 29^ Giornata della Memoria e dell\u2019impegno in ricordo delle vittime innocenti di tutte le Mafie, il presidio Agordino di Libera \u201cL. Precenzano e S. Aversa\u201d vi invita, OGGI alle 20.30 presso il centro parrocchiale \u201cMons. Vincenzo Savio\u201d di Agordo. FILIPPO TORRIGIANI, consulente da tre legislature della commissione parlamentare antimafia e consulente nazionale del C.N.C.A. (Coordinamento Nazionale delle Comunit\u00e0 di Accoglienza) presenter\u00e0 il libro \u201cSILENZI E DISTRAZIONI. 10 COSE DI CUI NON SI PARLA\u201d. Dialogher\u00e0 con l\u2019autore Marco Rossato. Nel libro, Torrigiani affronta con voce \u201cforte e chiara\u201d, come scrive nella prefazione Rosy Bindi, tematiche scomode e di cruciale importanza quali le condizioni del lavoro, le problematiche ambientali, le diseguaglianze sociali, la sanit\u00e0 pubblica e privata, ecc. Non ultimo, un importante riferimento anche al mondo dell\u2019informazione, che, se non \u00e8 responsabile, \u00e8 a tutti gli effetti compartecipe di questi \u201csilenzi e distrazioni\u201d di massa. La\u00a0 cittadinanza \u00e8 invitata a partecipare all\u2019evento<\/p>\n<p>&nbsp;<\/p>\n<blockquote>\n<h3>IL PRESIDIO LIBERA DI AGORDO PARTE CON IL TESSERAMENTO 2024<\/h3>\n<\/blockquote>\n<p><strong><a class=\"dt-pswp-item\" href=\"https:\/\/www.radiopiu.net\/wordpress\/wp-content\/uploads\/2023\/06\/LIBERA-AGORDINO.jpg\" data-dt-img-description=\"\" data-large_image_width=\"640\" data-large_image_height=\"640\"><img loading=\"lazy\" decoding=\"async\" class=\" wp-image-338852 alignleft\" src=\"https:\/\/www.radiopiu.net\/wordpress\/wp-content\/uploads\/2023\/06\/LIBERA-AGORDINO-300x300.jpg\" alt=\"\" width=\"144\" height=\"144\" srcset=\"https:\/\/www.radiopiu.net\/wordpress\/wp-content\/uploads\/2023\/06\/LIBERA-AGORDINO-300x300.jpg 300w, https:\/\/www.radiopiu.net\/wordpress\/wp-content\/uploads\/2023\/06\/LIBERA-AGORDINO-150x150.jpg 150w, https:\/\/www.radiopiu.net\/wordpress\/wp-content\/uploads\/2023\/06\/LIBERA-AGORDINO.jpg 640w\" sizes=\"auto, (max-width: 144px) 100vw, 144px\" \/><\/a>AGORDO<\/strong><\/p>\n<p>DI GIANNI SANTOMASO<\/p>\n<audio class=\"wp-audio-shortcode\" id=\"audio-379289-11\" preload=\"none\" style=\"width: 100%;\" controls=\"controls\"><source type=\"audio\/mpeg\" src=\"https:\/\/www.radiopiu.net\/wordpress\/wp-content\/uploads\/2024\/03\/GIANNI-IL-PRESIDIO-LIBERA-DI-AGORDO-PARTE-CON-IL-TESSERAMENTO-2024.mp3?_=11\" \/><a href=\"https:\/\/www.radiopiu.net\/wordpress\/wp-content\/uploads\/2024\/03\/GIANNI-IL-PRESIDIO-LIBERA-DI-AGORDO-PARTE-CON-IL-TESSERAMENTO-2024.mp3\">https:\/\/www.radiopiu.net\/wordpress\/wp-content\/uploads\/2024\/03\/GIANNI-IL-PRESIDIO-LIBERA-DI-AGORDO-PARTE-CON-IL-TESSERAMENTO-2024.mp3<\/a><\/audio>\n<p>&nbsp;<\/p>\n<hr \/>\n<p>&nbsp;<\/p>\n<blockquote>\n<h3>IL MIGLIOR DOCUMENTARIO DI ATTUALITA&#8217; AL FILM FESTIVAL DI TRENTO<\/h3>\n<\/blockquote>\n<p><strong>BELLUNO<\/strong> Martedi alle 20 in sala Bianchi proiezione del docufilm &#8220;Lupo Uno&#8221; gestione proattiva del lupo in Veneto. Ne parleranno Bruno Boz, regista con l&#8217;introduzione di Maria Rita Gentilin dello Spi Cgil Belluno.<\/p>\n<p><a class=\"dt-pswp-item\" href=\"https:\/\/www.radiopiu.net\/wordpress\/wp-content\/uploads\/2024\/03\/701a0116-6185-4f8f-8876-bc1ea0743665.jpg\" data-dt-img-description=\"\" data-large_image_width=\"1130\" data-large_image_height=\"1600\"><img loading=\"lazy\" decoding=\"async\" class=\"size-medium wp-image-379365 aligncenter\" src=\"https:\/\/www.radiopiu.net\/wordpress\/wp-content\/uploads\/2024\/03\/701a0116-6185-4f8f-8876-bc1ea0743665-212x300.jpg\" alt=\"\" width=\"212\" height=\"300\" srcset=\"https:\/\/www.radiopiu.net\/wordpress\/wp-content\/uploads\/2024\/03\/701a0116-6185-4f8f-8876-bc1ea0743665-212x300.jpg 212w, https:\/\/www.radiopiu.net\/wordpress\/wp-content\/uploads\/2024\/03\/701a0116-6185-4f8f-8876-bc1ea0743665-723x1024.jpg 723w, https:\/\/www.radiopiu.net\/wordpress\/wp-content\/uploads\/2024\/03\/701a0116-6185-4f8f-8876-bc1ea0743665-768x1087.jpg 768w, https:\/\/www.radiopiu.net\/wordpress\/wp-content\/uploads\/2024\/03\/701a0116-6185-4f8f-8876-bc1ea0743665-1085x1536.jpg 1085w, https:\/\/www.radiopiu.net\/wordpress\/wp-content\/uploads\/2024\/03\/701a0116-6185-4f8f-8876-bc1ea0743665.jpg 1130w\" sizes=\"auto, (max-width: 212px) 100vw, 212px\" \/><\/a><\/p>\n<p>&nbsp;<\/p>\n<hr \/>\n<p>&nbsp;<\/p>\n<h3><a class=\"dt-pswp-item\" href=\"https:\/\/www.radiopiu.net\/wordpress\/wp-content\/uploads\/2024\/03\/Senza-nome-62.png\" data-dt-img-description=\"\" data-large_image_width=\"289\" data-large_image_height=\"274\"><img loading=\"lazy\" decoding=\"async\" class=\"wp-image-379387 alignleft\" src=\"https:\/\/www.radiopiu.net\/wordpress\/wp-content\/uploads\/2024\/03\/Senza-nome-62.png\" alt=\"\" width=\"138\" height=\"131\" \/><\/a>PREMIO ENRICO DE NARD, IX EDIZIONE<\/h3>\n<p><strong>BELLUNO<\/strong>\u00a0 Martedi alle 17.30 in sala Bianchi cerimonia di consegna del premio in ricordo di Enrico De Nard. Interverranno l&#8217;assessore Raffaele Addamiano, Silvia Miscellaneo, Paolo Conte. I premi\u00a0 assegnati a Nicolo&#8217; Costa, autore della tesi &#8220;Dazi e commerci nelle Alpi, fiscalit\u00e0, e privilegi a Belluno nella seconda met\u00e0 del 500&#8221;; Stefano Talamini per la tesi &#8220;Governare in terraferma alpina guida agli archivi delle istituzioni di governo veneziana nel bellunese, feltrino e Cadore; Eugenio Tamburrino autore della tesi &#8220;Acquae alpinae&#8221;.<\/p>\n<p>&nbsp;<\/p>\n<p>&nbsp;<\/p>\n<hr \/>\n<p>&nbsp;<\/p>\n<blockquote>\n<h2>A FINE MESE FESTA IN RIVA AL TE GNAS<\/h2>\n<\/blockquote>\n<p><em>SAGRA DE P\u00e0SCA, QUATTRO GIORNI DI FESTA A TAIBON DAL 28 AL 31 MARZO NEL GRANDE TENDONE RISCALDATO\u00a0 <\/em><\/p>\n<p><strong>GIOVEDI 28<\/strong> PASTA ALL&#8217;AMATRICIANA, ALLE 20.30 LA MONTAGNA, CON MANRICO DELL&#8217;AGNOLA A SEGUIRE LA PRESENTAZIONE DEL CAMPIONATO AGORDINO DI CALCIO CON RADIOPIU E IL CANTAUTORE MARCO V DAL FARRA <strong>VENERDI 29<\/strong> BACCALA&#8217; SEPPIE E DALLE 21 L&#8217;ORCHESTRA SPETTACOLO GIANMARCO BAGUTTI <strong>SABATO 30<\/strong> TRIPPE, POLLO ALLO SPIEDO E ALTRE SPECIALITA&#8217;, DALLE 14 GARA DI BRISCOLA, ALLE 17 DJ SET CON R DI J, DALLE 21 ORCHESTRA MARIANNA LANT\u00e8RI<strong> DOMENICA<\/strong> <strong>31<\/strong> DALLE 17 L&#8217;APERITIVO CON MORGAN E BATTAGLIA, DALLE 21 LA COVER BAND NUOVANTA E DALLE 21 L&#8217;ESTRAZIONE DELLA LOTTERIA SAGRA DE PASCA CON PROLOCO, GRUPPO SPORTIVO E DONATORI DEL SANGUE TAIBON<\/p>\n<p>&nbsp;<\/p>\n<p><a class=\"dt-pswp-item\" href=\"https:\/\/www.radiopiu.net\/wordpress\/wp-content\/uploads\/2024\/03\/Senza-nome-15.png\" data-dt-img-description=\"\" data-large_image_width=\"449\" data-large_image_height=\"628\"><img loading=\"lazy\" decoding=\"async\" class=\"size-medium wp-image-377554 aligncenter\" src=\"https:\/\/www.radiopiu.net\/wordpress\/wp-content\/uploads\/2024\/03\/Senza-nome-15-214x300.png\" alt=\"\" width=\"214\" height=\"300\" srcset=\"https:\/\/www.radiopiu.net\/wordpress\/wp-content\/uploads\/2024\/03\/Senza-nome-15-214x300.png 214w, https:\/\/www.radiopiu.net\/wordpress\/wp-content\/uploads\/2024\/03\/Senza-nome-15.png 449w\" sizes=\"auto, (max-width: 214px) 100vw, 214px\" \/><\/a><\/p>\n<p>&nbsp;<\/p>\n<p>28 marzo&#8230; a TAIBON AGORDINO RADIO PIU&#8217; PRESENTA IL CAMPIONATO AGORDINO DI CALCIO.<br \/>\nAL TENDONE DELLA SAGRA DE PASCA, DALLE 20.30. INTRODUZIONE ALLA SERATA CON L&#8217;ALPINISTA MANRICO DELL&#8217;AGNOLA, SI RACCONTER\u00e0 CON DUE DOCU FILM ALLE 21.45 IL CALCIO AGORDINO CON LA COLONNA SONORA DI MARVO VI DAL FARRA . a seguire dj set sagra de pasca a taibon, organizzazione gruppo sportivo, proloco e donatori del sangue<\/p>\n<p>&nbsp;<\/p>\n<hr \/>\n<p>&nbsp;<\/p>\n<blockquote>\n<h3><a class=\"dt-pswp-item\" href=\"https:\/\/www.radiopiu.net\/wordpress\/wp-content\/uploads\/2023\/01\/MUNICIPIO-LIMANA.png\" data-dt-img-description=\"\" data-large_image_width=\"1940\" data-large_image_height=\"1032\"><img loading=\"lazy\" decoding=\"async\" class=\"wp-image-318876 alignleft\" src=\"https:\/\/www.radiopiu.net\/wordpress\/wp-content\/uploads\/2023\/01\/MUNICIPIO-LIMANA-300x160.png\" alt=\"\" width=\"182\" height=\"97\" srcset=\"https:\/\/www.radiopiu.net\/wordpress\/wp-content\/uploads\/2023\/01\/MUNICIPIO-LIMANA-300x160.png 300w, https:\/\/www.radiopiu.net\/wordpress\/wp-content\/uploads\/2023\/01\/MUNICIPIO-LIMANA-1024x545.png 1024w, https:\/\/www.radiopiu.net\/wordpress\/wp-content\/uploads\/2023\/01\/MUNICIPIO-LIMANA-768x409.png 768w, https:\/\/www.radiopiu.net\/wordpress\/wp-content\/uploads\/2023\/01\/MUNICIPIO-LIMANA-1536x817.png 1536w, https:\/\/www.radiopiu.net\/wordpress\/wp-content\/uploads\/2023\/01\/MUNICIPIO-LIMANA.png 1940w\" sizes=\"auto, (max-width: 182px) 100vw, 182px\" \/><\/a>A LIMANA UN MESE DI MARZO RICCO DI APPUNTAMENTI CULTURALI<\/h3>\n<\/blockquote>\n<p><strong>DI ROBERTO BONA<\/strong><\/p>\n<audio class=\"wp-audio-shortcode\" id=\"audio-379289-12\" preload=\"none\" style=\"width: 100%;\" controls=\"controls\"><source type=\"audio\/mpeg\" src=\"https:\/\/www.radiopiu.net\/wordpress\/wp-content\/uploads\/2024\/03\/BONA-A-LIMANA-UN-MESE-DI-MARZO-RICCO-DI-APPUNTAMENTI-CULTURALI.mp3?_=12\" \/><a href=\"https:\/\/www.radiopiu.net\/wordpress\/wp-content\/uploads\/2024\/03\/BONA-A-LIMANA-UN-MESE-DI-MARZO-RICCO-DI-APPUNTAMENTI-CULTURALI.mp3\">https:\/\/www.radiopiu.net\/wordpress\/wp-content\/uploads\/2024\/03\/BONA-A-LIMANA-UN-MESE-DI-MARZO-RICCO-DI-APPUNTAMENTI-CULTURALI.mp3<\/a><\/audio>\n<p>&nbsp;<\/p>\n<hr \/>\n<p>&nbsp;<\/p>\n<h3><a class=\"dt-pswp-item\" href=\"https:\/\/www.radiopiu.net\/wordpress\/wp-content\/uploads\/2023\/08\/862c8c0d-fb55-49e7-875a-930f514a02a7.jpg\" data-dt-img-description=\"\" data-large_image_width=\"2048\" data-large_image_height=\"1536\"><img loading=\"lazy\" decoding=\"async\" class=\"wp-image-349786 alignleft\" src=\"https:\/\/www.radiopiu.net\/wordpress\/wp-content\/uploads\/2023\/08\/862c8c0d-fb55-49e7-875a-930f514a02a7-300x225.jpg\" alt=\"\" width=\"136\" height=\"102\" srcset=\"https:\/\/www.radiopiu.net\/wordpress\/wp-content\/uploads\/2023\/08\/862c8c0d-fb55-49e7-875a-930f514a02a7-300x225.jpg 300w, https:\/\/www.radiopiu.net\/wordpress\/wp-content\/uploads\/2023\/08\/862c8c0d-fb55-49e7-875a-930f514a02a7-1024x768.jpg 1024w, https:\/\/www.radiopiu.net\/wordpress\/wp-content\/uploads\/2023\/08\/862c8c0d-fb55-49e7-875a-930f514a02a7-768x576.jpg 768w, https:\/\/www.radiopiu.net\/wordpress\/wp-content\/uploads\/2023\/08\/862c8c0d-fb55-49e7-875a-930f514a02a7-1536x1152.jpg 1536w, https:\/\/www.radiopiu.net\/wordpress\/wp-content\/uploads\/2023\/08\/862c8c0d-fb55-49e7-875a-930f514a02a7.jpg 2048w\" sizes=\"auto, (max-width: 136px) 100vw, 136px\" \/><\/a>LAVORI PER INTERRAMENTO DELLA CONDOTTA IDRICA<\/h3>\n<p><strong>LA VALLE<\/strong> Il Comune La Valle Agordina ordina la sospensione temporanea della circolazione veicolare sulla viabilit\u00e0 Silvo-pastorale di Fres, dall&#8217;11\/03\/2024 al 24\/06\/2024, dalle 7 alle 18 dal luned\u00ec al venerd\u00ec, esclusi sabato e domenica. Viene istituito il divieto di transito pedonale e con biciclette dalla localit\u00e0 Piaia fino a Pra de Val, con l&#8217;altro lato del divieto al ponte sul torrente Rova di Caleda. Analogamente, \u00e8 vietato il transito pedonale e con biciclette su parte del sentiero CAI n.551 (Strada Vicinale di Pepolade) dal 11\/03\/2024 al 24\/06\/2024 per l&#8217;intera durata delle 24 ore.<\/p>\n<p>&nbsp;<\/p>\n<p>&nbsp;<\/p>\n<hr \/>\n<p>&nbsp;<\/p>\n<blockquote>\n<h3>OGGI MISS ITALIA AL RIFUGIO LARESEI_FALCADE<\/h3>\n<\/blockquote>\n<p><strong><a class=\"dt-pswp-item\" href=\"https:\/\/www.radiopiu.net\/wordpress\/wp-content\/uploads\/2024\/03\/locandina-scaled.jpg\" data-dt-img-description=\"\" data-large_image_width=\"1760\" data-large_image_height=\"2560\"><img loading=\"lazy\" decoding=\"async\" class=\" wp-image-378912 alignleft\" src=\"https:\/\/www.radiopiu.net\/wordpress\/wp-content\/uploads\/2024\/03\/locandina-206x300.jpg\" alt=\"\" width=\"77\" height=\"112\" srcset=\"https:\/\/www.radiopiu.net\/wordpress\/wp-content\/uploads\/2024\/03\/locandina-206x300.jpg 206w, https:\/\/www.radiopiu.net\/wordpress\/wp-content\/uploads\/2024\/03\/locandina-704x1024.jpg 704w, https:\/\/www.radiopiu.net\/wordpress\/wp-content\/uploads\/2024\/03\/locandina-768x1117.jpg 768w, https:\/\/www.radiopiu.net\/wordpress\/wp-content\/uploads\/2024\/03\/locandina-1056x1536.jpg 1056w, https:\/\/www.radiopiu.net\/wordpress\/wp-content\/uploads\/2024\/03\/locandina-1408x2048.jpg 1408w, https:\/\/www.radiopiu.net\/wordpress\/wp-content\/uploads\/2024\/03\/locandina-scaled.jpg 1760w\" sizes=\"auto, (max-width: 77px) 100vw, 77px\" \/><\/a>FALCADE\u00a0<\/strong> <span style=\"font-family: Arial, serif;\"><span style=\"font-size: medium;\">Per la seconda volta in pochi mesi Miss Italia torna a Falcade, ai\u00a0 2260 metri del Rifugio Laresei, dopo la serata in piazza del Municipio della scorsa estate. <\/span><\/span><span style=\"font-family: Arial, serif; color: #00000a;\">Due le sfilate delle concorrenti: la prima all\u2019interno del rifugio, la seconda all\u2019esterno don le Dolomiti sullo sfondo. La vincitrice acceder\u00e0 alle finali regionali in Veneto. L&#8217;organizzazione \u00e8 curata da\u00a0<\/span><span style=\"font-family: Arial, serif;\"><span style=\"font-size: medium;\"> da Massimo e Mara con lo staff del \u201cRifugio Laresei\u201d, in collaborazione con \u201cPromoFalcade Dolomiti\u201d. <\/span><\/span><span style=\"font-family: Arial, serif;\"><span style=\"font-size: medium;\">Al concorso possono partecipare ragazze di et\u00e0 compresa tra i 18<\/span><\/span><span style=\"font-family: Arial, serif;\"><span style=\"font-size: medium;\"> ed i 30 anni. <\/span><\/span><span style=\"font-family: Arial, serif;\"><span style=\"font-size: medium;\">Info <\/span><\/span><a href=\"http:\/\/www.missitalia.it\"><span style=\"color: #00000a;\"><span style=\"font-family: Arial, serif;\"><span style=\"font-size: medium;\"><i>www.missitalia.it\u00a0<\/i><\/span><\/span><\/span><\/a><\/p>\n<p>&nbsp;<\/p>\n<p>&nbsp;<\/p>\n<hr \/>\n<p>&nbsp;<\/p>\n<blockquote>\n<h3>ARIA D&#8217;INVERN, IL CONCORSO FOTOGRAFICO A CENCENIGHE<\/h3>\n<\/blockquote>\n<p><strong><img loading=\"lazy\" decoding=\"async\" class=\"alignleft\" src=\"https:\/\/www.radiopiu.net\/wordpress\/wp-content\/uploads\/2024\/01\/Senza-nome-41.png\" width=\"375\" height=\"201\" \/>CENCENIGHE<\/strong> La Pro Loco di Cencenighe ha organizzato un concorso fotografico dal titolo &#8220;Aria D&#8217;Invern&#8221;. Chi volesse partecipare pu\u00f2 inviare gli scatti fino al 31 marzo alla mail ariadinvern@gmail.com seguiranno le premiazioni e, nel mese di luglio, l&#8217;esposizione delle foto al Nof Fil\u00f2. Regolamento completo sul sito www.prolococencenighe.it<\/p>\n<p>&nbsp;<\/p>\n<p>&nbsp;<\/p>\n<p>&nbsp;<\/p>\n<p><strong>L&#8217;INTERVISTA ALLA RADIO CON ORIETTA SCARDANZAN, MILENA SOPPELSA, FRANCESCA TRENTIN\u00a0 12 GENNAIO 2024<\/strong><\/p>\n<audio class=\"wp-audio-shortcode\" id=\"audio-379289-13\" preload=\"none\" style=\"width: 100%;\" controls=\"controls\"><source type=\"audio\/mpeg\" src=\"https:\/\/www.radiopiu.net\/wordpress\/wp-content\/uploads\/2024\/03\/ARIA-DINVERN-CONCORSO-FOTO-SECONDA.mp3?_=13\" \/><a href=\"https:\/\/www.radiopiu.net\/wordpress\/wp-content\/uploads\/2024\/03\/ARIA-DINVERN-CONCORSO-FOTO-SECONDA.mp3\">https:\/\/www.radiopiu.net\/wordpress\/wp-content\/uploads\/2024\/03\/ARIA-DINVERN-CONCORSO-FOTO-SECONDA.mp3<\/a><\/audio>\n<p>&nbsp;<\/p>\n<hr \/>\n<p>&nbsp;<\/p>\n<h2><span style=\"color: #ff6600;\">IERI ALLA RADIO\u00a0\u00a0<\/span><\/h2>\n<h2><span style=\"color: #808000;\">\u00a0&#8220;DINTORN E FORA VIA&#8221;\u00a0 IL PROGRAMMA\u00a0 A CURA DEL MUSLA<\/span><\/h2>\n<p><strong><a class=\"dt-pswp-item\" href=\"https:\/\/www.radiopiu.net\/wordpress\/wp-content\/uploads\/2024\/01\/409765100_3595084964037813_7337692720687467935_n.jpg\" data-dt-img-description=\"\" data-large_image_width=\"640\" data-large_image_height=\"641\"><img loading=\"lazy\" decoding=\"async\" class=\"wp-image-369234 alignleft\" src=\"https:\/\/www.radiopiu.net\/wordpress\/wp-content\/uploads\/2024\/01\/409765100_3595084964037813_7337692720687467935_n-300x300.jpg\" alt=\"\" width=\"118\" height=\"118\" srcset=\"https:\/\/www.radiopiu.net\/wordpress\/wp-content\/uploads\/2024\/01\/409765100_3595084964037813_7337692720687467935_n-300x300.jpg 300w, https:\/\/www.radiopiu.net\/wordpress\/wp-content\/uploads\/2024\/01\/409765100_3595084964037813_7337692720687467935_n-150x150.jpg 150w, https:\/\/www.radiopiu.net\/wordpress\/wp-content\/uploads\/2024\/01\/409765100_3595084964037813_7337692720687467935_n.jpg 640w\" sizes=\"auto, (max-width: 118px) 100vw, 118px\" \/><\/a>PUNTATA DEL 15 MARZO, CHIARA FRENA<\/strong><\/p>\n<audio class=\"wp-audio-shortcode\" id=\"audio-379289-14\" preload=\"none\" style=\"width: 100%;\" controls=\"controls\"><source type=\"audio\/mpeg\" src=\"https:\/\/www.radiopiu.net\/wordpress\/wp-content\/uploads\/2024\/03\/MUSLA-4.mp3?_=14\" \/><a href=\"https:\/\/www.radiopiu.net\/wordpress\/wp-content\/uploads\/2024\/03\/MUSLA-4.mp3\">https:\/\/www.radiopiu.net\/wordpress\/wp-content\/uploads\/2024\/03\/MUSLA-4.mp3<\/a><\/audio>\n<p>&nbsp;<\/p>\n<h2>LA RACCOLTA COMPLETA <a href=\"https:\/\/www.radiopiu.net\/wordpress\/musla\/\">CLICCA QUI<\/a><\/h2>\n<p>&nbsp;<\/p>\n<p>&nbsp;<\/p>\n<hr \/>\n<p>&nbsp;<\/p>\n<h2><span style=\"color: #ff9900;\">SPECIALE CASSA SOLIDARIETA&#8217; AZIENDALE LAVORATORI LUXOTTICA<\/span><\/h2>\n<p><strong><a class=\"dt-pswp-item\" href=\"https:\/\/www.radiopiu.net\/wordpress\/wp-content\/uploads\/2020\/06\/cassa-solidarieta-luxottica.jpg\" data-dt-img-description=\"\" data-large_image_width=\"1167\" data-large_image_height=\"574\"><img loading=\"lazy\" decoding=\"async\" class=\" wp-image-145244 alignleft\" src=\"https:\/\/www.radiopiu.net\/wordpress\/wp-content\/uploads\/2020\/06\/cassa-solidarieta-luxottica-300x148.jpg\" alt=\"\" width=\"182\" height=\"90\" srcset=\"https:\/\/www.radiopiu.net\/wordpress\/wp-content\/uploads\/2020\/06\/cassa-solidarieta-luxottica-300x148.jpg 300w, https:\/\/www.radiopiu.net\/wordpress\/wp-content\/uploads\/2020\/06\/cassa-solidarieta-luxottica-1024x504.jpg 1024w, https:\/\/www.radiopiu.net\/wordpress\/wp-content\/uploads\/2020\/06\/cassa-solidarieta-luxottica-768x378.jpg 768w, https:\/\/www.radiopiu.net\/wordpress\/wp-content\/uploads\/2020\/06\/cassa-solidarieta-luxottica.jpg 1167w\" sizes=\"auto, (max-width: 182px) 100vw, 182px\" \/><\/a>DI MIRKO MEZZACASA<\/strong><\/p>\n<p>OSPITI: Paolo Chissal\u00e8 e Carlo Scussel<\/p>\n<audio class=\"wp-audio-shortcode\" id=\"audio-379289-15\" preload=\"none\" style=\"width: 100%;\" controls=\"controls\"><source type=\"audio\/mpeg\" src=\"https:\/\/www.radiopiu.net\/wordpress\/wp-content\/uploads\/2024\/03\/CASSA-SOLIDARIETA-MARZO-2024.mp3?_=15\" \/><a href=\"https:\/\/www.radiopiu.net\/wordpress\/wp-content\/uploads\/2024\/03\/CASSA-SOLIDARIETA-MARZO-2024.mp3\">https:\/\/www.radiopiu.net\/wordpress\/wp-content\/uploads\/2024\/03\/CASSA-SOLIDARIETA-MARZO-2024.mp3<\/a><\/audio>\n<p>&nbsp;<\/p>\n<hr \/>\n<p>&nbsp;<\/p>\n<h2><span style=\"color: #3366ff;\">AL NOF FILO&#8217; CON LA FAMIGLIA AGORDINA EX EMIGRANTI<\/span><\/h2>\n<p><strong><a class=\"dt-pswp-item\" href=\"https:\/\/www.radiopiu.net\/wordpress\/wp-content\/uploads\/2022\/11\/CENCENIGHE-NOF-FILO.png\" data-dt-img-description=\"\" data-large_image_width=\"1494\" data-large_image_height=\"962\"><img loading=\"lazy\" decoding=\"async\" class=\" wp-image-308445 alignleft\" src=\"https:\/\/www.radiopiu.net\/wordpress\/wp-content\/uploads\/2022\/11\/CENCENIGHE-NOF-FILO-300x193.png\" alt=\"\" width=\"169\" height=\"109\" srcset=\"https:\/\/www.radiopiu.net\/wordpress\/wp-content\/uploads\/2022\/11\/CENCENIGHE-NOF-FILO-300x193.png 300w, https:\/\/www.radiopiu.net\/wordpress\/wp-content\/uploads\/2022\/11\/CENCENIGHE-NOF-FILO-1024x659.png 1024w, https:\/\/www.radiopiu.net\/wordpress\/wp-content\/uploads\/2022\/11\/CENCENIGHE-NOF-FILO-768x495.png 768w, https:\/\/www.radiopiu.net\/wordpress\/wp-content\/uploads\/2022\/11\/CENCENIGHE-NOF-FILO.png 1494w\" sizes=\"auto, (max-width: 169px) 100vw, 169px\" \/><\/a>DI MIRKO MEZZACASA<\/strong><\/p>\n<p>OSPITE: Luca Luchetta<\/p>\n<audio class=\"wp-audio-shortcode\" id=\"audio-379289-16\" preload=\"none\" style=\"width: 100%;\" controls=\"controls\"><source type=\"audio\/mpeg\" src=\"https:\/\/www.radiopiu.net\/wordpress\/wp-content\/uploads\/2024\/03\/LUCA-LUCHETTA-FAMIGLIA-AGORDINA-EX-EMIGRANTI.mp3?_=16\" \/><a href=\"https:\/\/www.radiopiu.net\/wordpress\/wp-content\/uploads\/2024\/03\/LUCA-LUCHETTA-FAMIGLIA-AGORDINA-EX-EMIGRANTI.mp3\">https:\/\/www.radiopiu.net\/wordpress\/wp-content\/uploads\/2024\/03\/LUCA-LUCHETTA-FAMIGLIA-AGORDINA-EX-EMIGRANTI.mp3<\/a><\/audio>\n<p>&nbsp;<\/p>\n<p>&nbsp;<\/p>\n<hr \/>\n<h1>LA NUOVA PUNTATA, CLICCA QUI<\/h1>\n<blockquote class=\"wp-embedded-content\" data-secret=\"hGCKf555VN\"><p><a href=\"https:\/\/www.radiopiu.net\/wordpress\/grma1\/\">IL GIORMALE RADIO DI MARCO DAL FARRA &#8211; LA RACCOLTA<\/a><\/p><\/blockquote>\n<p><iframe loading=\"lazy\" class=\"wp-embedded-content\" sandbox=\"allow-scripts\" security=\"restricted\" style=\"position: absolute; clip: rect(1px, 1px, 1px, 1px);\" title=\"&#8220;IL GIORMALE RADIO DI MARCO DAL FARRA &#8211; LA RACCOLTA&#8221; &#8212; Radio Pi\u00f9\" src=\"https:\/\/www.radiopiu.net\/wordpress\/grma1\/embed\/#?secret=SCXYAE1Tqa#?secret=hGCKf555VN\" data-secret=\"hGCKf555VN\" width=\"600\" height=\"338\" frameborder=\"0\" marginwidth=\"0\" marginheight=\"0\" scrolling=\"no\"><\/iframe><\/p>\n<hr \/>\n<p>&nbsp;<\/p>\n<h2><span style=\"color: #ff0000;\"><a class=\"dt-pswp-item\" href=\"https:\/\/www.radiopiu.net\/wordpress\/wp-content\/uploads\/2018\/09\/appuntamenti.jpeg\" data-dt-img-description=\"\" data-large_image_width=\"800\" data-large_image_height=\"100\"><img loading=\"lazy\" decoding=\"async\" class=\"wp-image-61958 size-full aligncenter\" src=\"https:\/\/www.radiopiu.net\/wordpress\/wp-content\/uploads\/2018\/09\/appuntamenti.jpeg\" alt=\"\" width=\"800\" height=\"100\" srcset=\"https:\/\/www.radiopiu.net\/wordpress\/wp-content\/uploads\/2018\/09\/appuntamenti.jpeg 800w, https:\/\/www.radiopiu.net\/wordpress\/wp-content\/uploads\/2018\/09\/appuntamenti-300x38.jpeg 300w, https:\/\/www.radiopiu.net\/wordpress\/wp-content\/uploads\/2018\/09\/appuntamenti-768x96.jpeg 768w\" sizes=\"auto, (max-width: 800px) 100vw, 800px\" \/><\/a><\/span><\/h2>\n<p>&nbsp;<\/p>\n<p><strong>OGGI Appuntamenti presso il Centro Astronomico di Arson<\/strong><strong style=\"font-size: 14px;\">: Luna alta risoluzione<\/strong><span style=\"font-size: 14px; font-weight: normal;\"> L&#8217;evento offre un&#8217;opportunit\u00e0 per osservare la Luna in dettaglio, con la possibilit\u00e0 di ammirare crateri, mari e altri dettagli attraverso telescopi e una camera planetaria. In caso di maltempo, verranno mostrati video e immagini delle regioni lunari. <\/span><span style=\"color: #000000;\">Ingresso 5 \u20ac, gratuito per soci e bambini fino a 11 anni. La prenotazione non \u00e8 necessaria.<\/span><\/p>\n<div>\n<div class=\"\" dir=\"auto\">\n<div id=\":r9h:\" class=\"x1iorvi4 x1pi30zi x1l90r2v x1swvt13\" data-ad-comet-preview=\"message\" data-ad-preview=\"message\">\n<div class=\"x78zum5 xdt5ytf xz62fqu x16ldp7u\">\n<div class=\"xu06os2 x1ok221b\">\n<p><strong>BELLUNO\u00a0<\/strong>Oggi con inizio alle 20 si terr\u00e0 nella Sala del Centro Congressi Giovanni XXIII\u00b0 di Belluno la conferenza organizzata dalla Associazione ContiamoCi!, coordinamento provinciale di Belluno dal titolo &#8220;Oltre il buio dell&#8217;ipocrisia&#8230;.&#8221;.<\/p>\n<p><strong>BELLUNO<\/strong> Il CTG organizza la &#8220;Camminata di Primavera&#8221; domani. Il percorso ad anello di circa 2 km e 100 metri di dislivello si svolger\u00e0 a Salce, localit\u00e0 di grande bellezza paesaggistica. Raccomandate calzature adatte. La passeggiata, limitata a 25 partecipanti, inizia alle 14:30 dal parcheggio pubblico vicino al Consorzio Agrario Provinciale. Al termine, alle 17:30, si terr\u00e0 una messa presso la chiesa di S. Pietro, seguita da un rinfresco. La prenotazione \u00e8 obbligatoria, contattando il CTG al numero 0437 950075<\/p>\n<p><strong>GOSALDO<\/strong> Domani a Forcella Aurine gli Alpini, ma non solo, si ritroveranno per la gara di slalom gigante valida per il Trofeo Coppa ANA Veneto. Oganizza il Gruppo Alpini di Frassen\u00e8<\/p>\n<p>&nbsp;<\/p>\n<h3 dir=\"auto\"><a class=\"dt-pswp-item\" href=\"https:\/\/www.radiopiu.net\/wordpress\/wp-content\/uploads\/2024\/03\/431799071_3701462953469797_3407377256265811588_n.jpg\" data-dt-img-description=\"\" data-large_image_width=\"512\" data-large_image_height=\"640\"><img loading=\"lazy\" decoding=\"async\" class=\"size-medium wp-image-378141 alignleft\" src=\"https:\/\/www.radiopiu.net\/wordpress\/wp-content\/uploads\/2024\/03\/431799071_3701462953469797_3407377256265811588_n-240x300.jpg\" alt=\"\" width=\"240\" height=\"300\" srcset=\"https:\/\/www.radiopiu.net\/wordpress\/wp-content\/uploads\/2024\/03\/431799071_3701462953469797_3407377256265811588_n-240x300.jpg 240w, https:\/\/www.radiopiu.net\/wordpress\/wp-content\/uploads\/2024\/03\/431799071_3701462953469797_3407377256265811588_n.jpg 512w\" sizes=\"auto, (max-width: 240px) 100vw, 240px\" \/><\/a><\/h3>\n<h2><span style=\"color: #ff0000;\">PROSSIMAMENTE&#8230;<\/span><\/h2>\n<p><strong>CORTINA<\/strong> La Regione Veneto promuove le &#8220;Giornate dello Sport&#8221; a Cortina, coinvolgendo oltre 100 studenti per esperienze sportive uniche tra le Dolomiti. Il 18 marzo, studenti dell&#8217;Istituto \u201cE. De Amicis\u201d di Rovigo parteciperanno a lezioni di pattinaggio e ciaspolata, promuovendo i valori dello sport e della comunit\u00e0.<\/p>\n<p><strong>BELLUNO<\/strong> Il Circolo Culturale Bellunese presenta due concerti imperdibili: il 19 marzo con il pianista Matteo Andri e il violinista Eva Ter-Sarkisova, e il 24 marzo un tributo a Nino Rota con un trio d&#8217;eccezione. Ingresso su invito o acquisto in Cartoleria Capraro. Informazioni su belcircolo.org.<\/p>\n<p><strong>BELLUNO<\/strong> Venerd\u00ec 22 marzo, ore 20:30, Seminario Gregoriano di Belluno: terza conferenza sulle celebrazioni dei 700 anni di San Pietro. Caterina Costa presenter\u00e0 la sua tesi sui manoscritti miniati della Biblioteca Lolliniana, con focus su tre pregevoli opere. Prossimo incontro il 12 aprile con Aurora Frescura. Organizzato dal Seminario Gregoriano, Biblioteca Gregoriana, Associazione culturale \u201cCampedel\u201d e Biblioteca civica di Belluno per valorizzare il patrimonio artistico e librario della diocesi.<\/p>\n<p>&nbsp;<\/p>\n<\/div>\n<\/div>\n<\/div>\n<\/div>\n<\/div>\n<div class=\"\" dir=\"auto\">\n<div id=\":r9h:\" class=\"x1iorvi4 x1pi30zi x1l90r2v x1swvt13\" data-ad-comet-preview=\"message\" data-ad-preview=\"message\">\n<div class=\"x78zum5 xdt5ytf xz62fqu x16ldp7u\">\n<div class=\"xu06os2 x1ok221b\">\n<h3 dir=\"auto\">7 APRILE, LARESEI! SAVE THE DATE FESTIVAL &#8220;ULTIMISSIME&#8221; CON CAROLINA MARQUEZ, MASSIMILIANO OSSINI, CAMILLA RONCHI, ICE MC,\u00a0\u00a0\u00a0 NATHALIE AARTS, ALIEN CUT\u00a0 E SATURNINO Acquista il tuo biglietto d&#8217;ingresso al link: www.ciaotickets.com \u00a0 save-the-date-festival 7 APRILE RIFUGIO LARESEI SKI AREA SAN PELLEGRINO-FALCADE<\/h3>\n<\/div>\n<\/div>\n<\/div>\n<\/div>\n<div>\n<div class=\"\" dir=\"auto\">\n<div id=\":r9h:\" class=\"x1iorvi4 x1pi30zi x1l90r2v x1swvt13\" data-ad-comet-preview=\"message\" data-ad-preview=\"message\">\n\n\t\t\t<style type='text\/css'>\n\t\t\t\t#gallery-3 {\n\t\t\t\t\tmargin: auto;\n\t\t\t\t}\n\t\t\t\t#gallery-3 .gallery-item {\n\t\t\t\t\tfloat: left;\n\t\t\t\t\tmargin-top: 10px;\n\t\t\t\t\ttext-align: center;\n\t\t\t\t\twidth: 25%;\n\t\t\t\t}\n\t\t\t\t#gallery-3 img {\n\t\t\t\t\tborder: 2px solid #cfcfcf;\n\t\t\t\t}\n\t\t\t\t#gallery-3 .gallery-caption {\n\t\t\t\t\tmargin-left: 0;\n\t\t\t\t}\n\t\t\t\t\/* see gallery_shortcode() in wp-includes\/media.php *\/\n\t\t\t<\/style>\n\t\t<div id='gallery-3' class='dt-gallery-container gallery galleryid-379289 gallery-columns-4 gallery-size-medium'><dl class='gallery-item'>\n\t\t\t\t<dt class='gallery-icon portrait'>\n\t\t\t\t\t<a class=\"rollover rollover-zoom dt-pswp-item\" title=\"SCR-20240306-qmql\" data-dt-img-description=\"\" data-large_image_width=\"1182\" data-large_image_height=\"1192\"href='https:\/\/www.radiopiu.net\/wordpress\/wp-content\/uploads\/2024\/03\/SCR-20240306-qmql.jpeg'><img loading=\"lazy\" decoding=\"async\" width=\"297\" height=\"300\" src=\"https:\/\/www.radiopiu.net\/wordpress\/wp-content\/uploads\/2024\/03\/SCR-20240306-qmql-297x300.jpeg\" class=\"attachment-medium size-medium\" alt=\"\" srcset=\"https:\/\/www.radiopiu.net\/wordpress\/wp-content\/uploads\/2024\/03\/SCR-20240306-qmql-297x300.jpeg 297w, https:\/\/www.radiopiu.net\/wordpress\/wp-content\/uploads\/2024\/03\/SCR-20240306-qmql-1015x1024.jpeg 1015w, https:\/\/www.radiopiu.net\/wordpress\/wp-content\/uploads\/2024\/03\/SCR-20240306-qmql-768x774.jpeg 768w, https:\/\/www.radiopiu.net\/wordpress\/wp-content\/uploads\/2024\/03\/SCR-20240306-qmql.jpeg 1182w\" sizes=\"auto, (max-width: 297px) 100vw, 297px\" \/><\/a>\n\t\t\t\t<\/dt><\/dl><dl class='gallery-item'>\n\t\t\t\t<dt class='gallery-icon landscape'>\n\t\t\t\t\t<a class=\"rollover rollover-zoom dt-pswp-item\" title=\"download\" data-dt-img-description=\"\" data-large_image_width=\"316\" data-large_image_height=\"315\"href='https:\/\/www.radiopiu.net\/wordpress\/wp-content\/uploads\/2024\/03\/download.jpg'><img loading=\"lazy\" decoding=\"async\" width=\"300\" height=\"300\" src=\"https:\/\/www.radiopiu.net\/wordpress\/wp-content\/uploads\/2024\/03\/download-300x300.jpg\" class=\"attachment-medium size-medium\" alt=\"\" srcset=\"https:\/\/www.radiopiu.net\/wordpress\/wp-content\/uploads\/2024\/03\/download-300x300.jpg 300w, https:\/\/www.radiopiu.net\/wordpress\/wp-content\/uploads\/2024\/03\/download-150x150.jpg 150w, https:\/\/www.radiopiu.net\/wordpress\/wp-content\/uploads\/2024\/03\/download.jpg 316w\" sizes=\"auto, (max-width: 300px) 100vw, 300px\" \/><\/a>\n\t\t\t\t<\/dt><\/dl><dl class='gallery-item'>\n\t\t\t\t<dt class='gallery-icon landscape'>\n\t\t\t\t\t<a class=\"rollover rollover-zoom dt-pswp-item\" title=\"download\" data-dt-img-description=\"\" data-large_image_width=\"640\" data-large_image_height=\"639\"href='https:\/\/www.radiopiu.net\/wordpress\/wp-content\/uploads\/2024\/02\/download-6.jpg'><img loading=\"lazy\" decoding=\"async\" width=\"300\" height=\"300\" src=\"https:\/\/www.radiopiu.net\/wordpress\/wp-content\/uploads\/2024\/02\/download-6-300x300.jpg\" class=\"attachment-medium size-medium\" alt=\"\" srcset=\"https:\/\/www.radiopiu.net\/wordpress\/wp-content\/uploads\/2024\/02\/download-6-300x300.jpg 300w, https:\/\/www.radiopiu.net\/wordpress\/wp-content\/uploads\/2024\/02\/download-6-150x150.jpg 150w, https:\/\/www.radiopiu.net\/wordpress\/wp-content\/uploads\/2024\/02\/download-6.jpg 640w\" sizes=\"auto, (max-width: 300px) 100vw, 300px\" \/><\/a>\n\t\t\t\t<\/dt><\/dl><dl class='gallery-item'>\n\t\t\t\t<dt class='gallery-icon landscape'>\n\t\t\t\t\t<a class=\"rollover rollover-zoom dt-pswp-item\" title=\"Senza nome\" data-dt-img-description=\"\" data-large_image_width=\"566\" data-large_image_height=\"463\"href='https:\/\/www.radiopiu.net\/wordpress\/wp-content\/uploads\/2024\/03\/Senza-nome-4.png'><img loading=\"lazy\" decoding=\"async\" width=\"300\" height=\"245\" src=\"https:\/\/www.radiopiu.net\/wordpress\/wp-content\/uploads\/2024\/03\/Senza-nome-4-300x245.png\" class=\"attachment-medium size-medium\" alt=\"\" srcset=\"https:\/\/www.radiopiu.net\/wordpress\/wp-content\/uploads\/2024\/03\/Senza-nome-4-300x245.png 300w, https:\/\/www.radiopiu.net\/wordpress\/wp-content\/uploads\/2024\/03\/Senza-nome-4.png 566w\" sizes=\"auto, (max-width: 300px) 100vw, 300px\" \/><\/a>\n\t\t\t\t<\/dt><\/dl><br style=\"clear: both\" \/><dl class='gallery-item'>\n\t\t\t\t<dt class='gallery-icon landscape'>\n\t\t\t\t\t<a class=\"rollover rollover-zoom dt-pswp-item\" title=\"download\" data-dt-img-description=\"\" data-large_image_width=\"640\" data-large_image_height=\"639\"href='https:\/\/www.radiopiu.net\/wordpress\/wp-content\/uploads\/2024\/02\/download-5.jpg'><img loading=\"lazy\" decoding=\"async\" width=\"300\" height=\"300\" src=\"https:\/\/www.radiopiu.net\/wordpress\/wp-content\/uploads\/2024\/02\/download-5-300x300.jpg\" class=\"attachment-medium size-medium\" alt=\"\" srcset=\"https:\/\/www.radiopiu.net\/wordpress\/wp-content\/uploads\/2024\/02\/download-5-300x300.jpg 300w, https:\/\/www.radiopiu.net\/wordpress\/wp-content\/uploads\/2024\/02\/download-5-150x150.jpg 150w, https:\/\/www.radiopiu.net\/wordpress\/wp-content\/uploads\/2024\/02\/download-5.jpg 640w\" sizes=\"auto, (max-width: 300px) 100vw, 300px\" \/><\/a>\n\t\t\t\t<\/dt><\/dl><dl class='gallery-item'>\n\t\t\t\t<dt class='gallery-icon landscape'>\n\t\t\t\t\t<a class=\"rollover rollover-zoom dt-pswp-item\" title=\"Senza nome\" data-dt-img-description=\"\" data-large_image_width=\"415\" data-large_image_height=\"390\"href='https:\/\/www.radiopiu.net\/wordpress\/wp-content\/uploads\/2024\/03\/Senza-nome-10.png'><img loading=\"lazy\" decoding=\"async\" width=\"300\" height=\"282\" src=\"https:\/\/www.radiopiu.net\/wordpress\/wp-content\/uploads\/2024\/03\/Senza-nome-10-300x282.png\" class=\"attachment-medium size-medium\" alt=\"\" srcset=\"https:\/\/www.radiopiu.net\/wordpress\/wp-content\/uploads\/2024\/03\/Senza-nome-10-300x282.png 300w, https:\/\/www.radiopiu.net\/wordpress\/wp-content\/uploads\/2024\/03\/Senza-nome-10.png 415w\" sizes=\"auto, (max-width: 300px) 100vw, 300px\" \/><\/a>\n\t\t\t\t<\/dt><\/dl><dl class='gallery-item'>\n\t\t\t\t<dt class='gallery-icon landscape'>\n\t\t\t\t\t<a class=\"rollover rollover-zoom dt-pswp-item\" title=\"19c21029-a0ef-4986-8081-9facbbbce065\" data-dt-img-description=\"\" data-large_image_width=\"1080\" data-large_image_height=\"1080\"href='https:\/\/www.radiopiu.net\/wordpress\/wp-content\/uploads\/2024\/02\/19c21029-a0ef-4986-8081-9facbbbce065.jpg'><img loading=\"lazy\" decoding=\"async\" width=\"300\" height=\"300\" src=\"https:\/\/www.radiopiu.net\/wordpress\/wp-content\/uploads\/2024\/02\/19c21029-a0ef-4986-8081-9facbbbce065-300x300.jpg\" class=\"attachment-medium size-medium\" alt=\"\" srcset=\"https:\/\/www.radiopiu.net\/wordpress\/wp-content\/uploads\/2024\/02\/19c21029-a0ef-4986-8081-9facbbbce065-300x300.jpg 300w, https:\/\/www.radiopiu.net\/wordpress\/wp-content\/uploads\/2024\/02\/19c21029-a0ef-4986-8081-9facbbbce065-1024x1024.jpg 1024w, https:\/\/www.radiopiu.net\/wordpress\/wp-content\/uploads\/2024\/02\/19c21029-a0ef-4986-8081-9facbbbce065-150x150.jpg 150w, https:\/\/www.radiopiu.net\/wordpress\/wp-content\/uploads\/2024\/02\/19c21029-a0ef-4986-8081-9facbbbce065-768x768.jpg 768w, https:\/\/www.radiopiu.net\/wordpress\/wp-content\/uploads\/2024\/02\/19c21029-a0ef-4986-8081-9facbbbce065.jpg 1080w\" sizes=\"auto, (max-width: 300px) 100vw, 300px\" \/><\/a>\n\t\t\t\t<\/dt><\/dl><dl class='gallery-item'>\n\t\t\t\t<dt class='gallery-icon landscape'>\n\t\t\t\t\t<a class=\"rollover rollover-zoom dt-pswp-item\" title=\"428458808_122124610286160269_8403615925720421881_n\" data-dt-img-description=\"\" data-large_image_width=\"526\" data-large_image_height=\"526\"href='https:\/\/www.radiopiu.net\/wordpress\/wp-content\/uploads\/2024\/02\/428458808_122124610286160269_8403615925720421881_n.jpg'><img loading=\"lazy\" decoding=\"async\" width=\"300\" height=\"300\" src=\"https:\/\/www.radiopiu.net\/wordpress\/wp-content\/uploads\/2024\/02\/428458808_122124610286160269_8403615925720421881_n-300x300.jpg\" class=\"attachment-medium size-medium\" alt=\"\" srcset=\"https:\/\/www.radiopiu.net\/wordpress\/wp-content\/uploads\/2024\/02\/428458808_122124610286160269_8403615925720421881_n-300x300.jpg 300w, https:\/\/www.radiopiu.net\/wordpress\/wp-content\/uploads\/2024\/02\/428458808_122124610286160269_8403615925720421881_n-150x150.jpg 150w, https:\/\/www.radiopiu.net\/wordpress\/wp-content\/uploads\/2024\/02\/428458808_122124610286160269_8403615925720421881_n.jpg 526w\" sizes=\"auto, (max-width: 300px) 100vw, 300px\" \/><\/a>\n\t\t\t\t<\/dt><\/dl><br style=\"clear: both\" \/>\n\t\t\t<\/div>\n\n<\/div>\n<\/div>\n<\/div>\n<blockquote>\n<div>\n<div class=\"\" dir=\"auto\">\n<div id=\":r9h:\" class=\"x1iorvi4 x1pi30zi x1l90r2v x1swvt13\" data-ad-comet-preview=\"message\" data-ad-preview=\"message\">\n<div class=\"x78zum5 xdt5ytf xz62fqu x16ldp7u\">\n<div class=\"xu06os2 x1ok221b\">\n<div dir=\"auto\"><\/div>\n<\/div>\n<\/div>\n<\/div>\n<\/div>\n<\/div>\n<\/blockquote>\n<p>&nbsp;<\/p>\n<p>&nbsp;<\/p>\n<hr \/>\n<p>&nbsp;<\/p>\n<p><a class=\"dt-pswp-item\" href=\"https:\/\/www.radiopiu.net\/wordpress\/wp-content\/uploads\/2018\/09\/viabilita.jpeg\" data-dt-img-description=\"\" data-large_image_width=\"800\" data-large_image_height=\"100\"><img loading=\"lazy\" decoding=\"async\" class=\"aligncenter wp-image-61954 size-full\" src=\"https:\/\/www.radiopiu.net\/wordpress\/wp-content\/uploads\/2018\/09\/viabilita.jpeg\" alt=\"\" width=\"800\" height=\"100\" srcset=\"https:\/\/www.radiopiu.net\/wordpress\/wp-content\/uploads\/2018\/09\/viabilita.jpeg 800w, https:\/\/www.radiopiu.net\/wordpress\/wp-content\/uploads\/2018\/09\/viabilita-300x38.jpeg 300w, https:\/\/www.radiopiu.net\/wordpress\/wp-content\/uploads\/2018\/09\/viabilita-768x96.jpeg 768w\" sizes=\"auto, (max-width: 800px) 100vw, 800px\" \/><\/a><\/p>\n<p>&nbsp;<\/p>\n<p><a class=\"dt-pswp-item\" href=\"https:\/\/www.radiopiu.net\/wordpress\/wp-content\/uploads\/2023\/12\/botol-car-service.jpg\" data-dt-img-description=\"\" data-large_image_width=\"600\" data-large_image_height=\"600\"><img loading=\"lazy\" decoding=\"async\" class=\"size-medium wp-image-367044 aligncenter\" src=\"https:\/\/www.radiopiu.net\/wordpress\/wp-content\/uploads\/2023\/12\/botol-car-service-300x300.jpg\" alt=\"\" width=\"300\" height=\"300\" srcset=\"https:\/\/www.radiopiu.net\/wordpress\/wp-content\/uploads\/2023\/12\/botol-car-service-300x300.jpg 300w, https:\/\/www.radiopiu.net\/wordpress\/wp-content\/uploads\/2023\/12\/botol-car-service-150x150.jpg 150w, https:\/\/www.radiopiu.net\/wordpress\/wp-content\/uploads\/2023\/12\/botol-car-service.jpg 600w\" sizes=\"auto, (max-width: 300px) 100vw, 300px\" \/><\/a><\/p>\n<p>&nbsp;<\/p>\n<p>&nbsp;<\/p>\n<h1>BOLLETTINO QUOTIDIANO, CLICCA QUI<\/h1>\n<blockquote class=\"wp-embedded-content\" data-secret=\"QUSh13dXNI\"><p><a href=\"https:\/\/www.radiopiu.net\/wordpress\/viabilita\/\">viabilita<\/a><\/p><\/blockquote>\n<p><iframe loading=\"lazy\" class=\"wp-embedded-content\" sandbox=\"allow-scripts\" security=\"restricted\" style=\"position: absolute; clip: rect(1px, 1px, 1px, 1px);\" title=\"&#8220;viabilita&#8221; &#8212; Radio Pi\u00f9\" src=\"https:\/\/www.radiopiu.net\/wordpress\/viabilita\/embed\/#?secret=LIOCn0mMAf#?secret=QUSh13dXNI\" data-secret=\"QUSh13dXNI\" width=\"600\" height=\"338\" frameborder=\"0\" marginwidth=\"0\" marginheight=\"0\" scrolling=\"no\"><\/iframe><\/p>\n<hr \/>\n<p>&nbsp;<\/p>\n<p><a class=\"dt-pswp-item\" href=\"https:\/\/www.radiopiu.net\/wordpress\/wp-content\/uploads\/2018\/09\/WhatsApp-Image-2018-09-20-at-16.04.06.jpeg\" data-dt-img-description=\"\" data-large_image_width=\"800\" data-large_image_height=\"100\"><img loading=\"lazy\" decoding=\"async\" class=\"wp-image-61378 size-full aligncenter\" src=\"https:\/\/www.radiopiu.net\/wordpress\/wp-content\/uploads\/2018\/09\/WhatsApp-Image-2018-09-20-at-16.04.06.jpeg\" alt=\"\" width=\"800\" height=\"100\" srcset=\"https:\/\/www.radiopiu.net\/wordpress\/wp-content\/uploads\/2018\/09\/WhatsApp-Image-2018-09-20-at-16.04.06.jpeg 800w, https:\/\/www.radiopiu.net\/wordpress\/wp-content\/uploads\/2018\/09\/WhatsApp-Image-2018-09-20-at-16.04.06-300x38.jpeg 300w, https:\/\/www.radiopiu.net\/wordpress\/wp-content\/uploads\/2018\/09\/WhatsApp-Image-2018-09-20-at-16.04.06-768x96.jpeg 768w\" sizes=\"auto, (max-width: 800px) 100vw, 800px\" \/><\/a><\/p>\n<p><center><\/center><center><\/center><center><\/center><center><\/center><center><\/center><center><\/center>&nbsp;<\/p>\n<p><center><b>OGGI<\/b><\/center>All&#8217;inizio cielo molto nuvoloso, poi variabilit\u00e0 residua con nubi anche di tipo cumuliforme ma alternate a spazi di sereno via via pi\u00f9 ampi.<br \/>\n<b>Precipitazioni: <\/b>Fenomeni sparsi fino alle ore centrali pi\u00f9 presenti sulle Dolomiti, nelle ore pomeridiane soprattutto sulle Prealpi ma tendenti a diradarsi, con quantitativi generalmente modesti; limite delle nevicate sui 1800-2100 m.<br \/>\n<b>Temperature: <\/b>Valori in calo ad alta quota con minime a tarda sera, senza notevoli variazioni altrove; minime e massime attese in libera atmosfera<\/p>\n<hr \/>\n<p><center><b>DOMANI<\/b><\/center><b>Tempo atteso: <\/b>Tempo variabile, con spazi di sereno inizialmente ampi seguiti da una crescente nuvolosit\u00e0 irregolare.<br \/>\n<b>Precipitazioni: <\/b>Non si esclude qualche locale leggero fenomeno a partire dalle ore centrali.<br \/>\n<b>Temperature: <\/b>Minime in calo nelle valli, per il resto variazioni poco significative; minime e massime attese in libera atmosfera<\/p>\n<hr \/>\n<p><center><b>LUNEDI<\/b><\/center>Tempo variabile, con alcuni spazi di sereno alternati a frequenti addensamenti nuvolosi; pi\u00f9 che altro da met\u00e0 giornata probabili alcune precipitazioni, in genere modeste; temperature minime in aumento nelle valli, per il resto variazioni poco significative dei valori termici.<\/p>\n<hr \/>\n<p><center><b>MARTEDI<\/b><\/center>Variabilit\u00e0, con significativi spazi di sereno specie in mattinata, alternati per il resto ad alcuni addensamenti nuvolosi; specie dalle ore centrali sulle Prealpi, possibili fasi di modeste precipitazioni sparse; leggero calo termico in quota<\/p>\n<p>&nbsp;<\/p>\n<hr \/>\n<p>&nbsp;<\/p>\n<p><img loading=\"lazy\" decoding=\"async\" class=\"wp-image-60761 size-full aligncenter\" src=\"https:\/\/www.radiopiu.net\/wordpress\/wp-content\/uploads\/2018\/09\/sport.jpg\" alt=\"\" width=\"800\" height=\"100\" srcset=\"https:\/\/www.radiopiu.net\/wordpress\/wp-content\/uploads\/2018\/09\/sport.jpg 800w, https:\/\/www.radiopiu.net\/wordpress\/wp-content\/uploads\/2018\/09\/sport-300x38.jpg 300w, https:\/\/www.radiopiu.net\/wordpress\/wp-content\/uploads\/2018\/09\/sport-768x96.jpg 768w\" sizes=\"auto, (max-width: 800px) 100vw, 800px\" \/><\/p>\n<p>&nbsp;<\/p>\n<p><span style=\"color: #0000ff;\"><strong>HOCKEY SU GHIACCIO<\/strong><\/span><\/p>\n<blockquote>\n<h3>ANCHE L&#8217;ALLEGHE UNDER 19 ACCEDE ALLA FASE FINALE<\/h3>\n<\/blockquote>\n<p><strong><a class=\"dt-pswp-item\" href=\"https:\/\/www.radiopiu.net\/wordpress\/wp-content\/uploads\/2022\/01\/HOCKEY-2022.jpg\" data-dt-img-description=\"\" data-large_image_width=\"1920\" data-large_image_height=\"1280\"><img loading=\"lazy\" decoding=\"async\" class=\" wp-image-255780 alignleft\" src=\"https:\/\/www.radiopiu.net\/wordpress\/wp-content\/uploads\/2022\/01\/HOCKEY-2022-300x200.jpg\" alt=\"\" width=\"155\" height=\"103\" srcset=\"https:\/\/www.radiopiu.net\/wordpress\/wp-content\/uploads\/2022\/01\/HOCKEY-2022-300x200.jpg 300w, https:\/\/www.radiopiu.net\/wordpress\/wp-content\/uploads\/2022\/01\/HOCKEY-2022-1024x683.jpg 1024w, https:\/\/www.radiopiu.net\/wordpress\/wp-content\/uploads\/2022\/01\/HOCKEY-2022-768x512.jpg 768w, https:\/\/www.radiopiu.net\/wordpress\/wp-content\/uploads\/2022\/01\/HOCKEY-2022-1536x1024.jpg 1536w, https:\/\/www.radiopiu.net\/wordpress\/wp-content\/uploads\/2022\/01\/HOCKEY-2022.jpg 1920w\" sizes=\"auto, (max-width: 155px) 100vw, 155px\" \/><\/a>DI MARCO GAZ<\/strong><\/p>\n<p><strong>REDAZIONE<\/strong> Le soddisfazioni nel settore giovanile dell&#8217;Alleghe Hockey non mancano e, dopo l&#8217;accesso alla fase finale del campionato dei giovani Under 16, anche la squadra mista del Cortina\/Alleghe Under 19 strappa il pass per le semifinali di campionato. La squadra bellunese chiude il campionato nelle prime quattro posizioni della classifica accedendo cosi alla fase finale del torneo. Pi\u00f9 precisamente i ragazzi di Marchetti chiudono al terzo posto ma domenica ci sar\u00e0 l&#8217;ultima sfida della stagione regolare. A partire dalla prossima settimana inizieranno i playoff e i giovani hockeisti dovranno affrontare l&#8217;Egna, una sfida che si preannunci combattuta visto che le due squadre sono andate praticamente a braccetto per tutta la stagione.<\/p>\n<p>&nbsp;<\/p>\n<p><span style=\"color: #0000ff;\"><strong>CALCIO<\/strong><\/span><\/p>\n<blockquote>\n<h3>AGORDINA CON IL SAN VITTORE, PIAVE IN CASA CON LA DYNAMO<\/h3>\n<\/blockquote>\n<p><strong><a class=\"dt-pswp-item\" href=\"https:\/\/www.radiopiu.net\/wordpress\/wp-content\/uploads\/2023\/11\/calcio.jpg\" data-dt-img-description=\"\" data-large_image_width=\"1280\" data-large_image_height=\"853\"><img loading=\"lazy\" decoding=\"async\" class=\" wp-image-360218 alignleft\" src=\"https:\/\/www.radiopiu.net\/wordpress\/wp-content\/uploads\/2023\/11\/calcio-300x200.jpg\" alt=\"\" width=\"170\" height=\"113\" srcset=\"https:\/\/www.radiopiu.net\/wordpress\/wp-content\/uploads\/2023\/11\/calcio-300x200.jpg 300w, https:\/\/www.radiopiu.net\/wordpress\/wp-content\/uploads\/2023\/11\/calcio-1024x682.jpg 1024w, https:\/\/www.radiopiu.net\/wordpress\/wp-content\/uploads\/2023\/11\/calcio-768x512.jpg 768w, https:\/\/www.radiopiu.net\/wordpress\/wp-content\/uploads\/2023\/11\/calcio.jpg 1280w\" sizes=\"auto, (max-width: 170px) 100vw, 170px\" \/><\/a>DI MARCO GAZ<\/strong><\/p>\n<p><strong>REDAZIONE<\/strong> Dopo due giornate ai box a causa del maltempo, Agordina e Piave di Terza Categoria tornano in campo per continuare la stagione. Il Piave giocher\u00e0 in casa contro la Dynamo Vellai. Uno scontro che si preannuncia interessante visto che entrambe le squadre militano a met\u00e0 classifica a 19 punti. Gli stessi punti in graduatoria li ha anche la squadra di Agordo. I ragazzi di Chiea questa settimana saranno chiamati ad una trasferta in terra feltrina per affrontare il San Vittore. La squadra di Anz\u00f9 sta giocando un campionato ai vertici, rimanendo stabile nella zona playoff da alcune settimane. L&#8217;Agordina ha bisogno di vincere per cercare di scalare la classifica ma la sfida si preannuncia proibitiva per gli agordini. Le partite si giocheranno domani pomeriggio alle 14:30.<\/p>\n<p><strong>LA CLASSIFICA DELLA TERZA CATEGORIA:<\/strong> Gemelle 38, San Vittore 32, Fortogna 31, Domegge 30, Auronzo 29, Alpes Cesio 25, Valzoldana 20, Agordina e Piave e Dynamo Vellai 19, Cortina 16, Tambre 12, Lamonese 9, Cadore 3<\/p>\n<p>&nbsp;<\/p>\n<p><span style=\"color: #0000ff;\"><strong>PALLAVOLO<\/strong><\/span><\/p>\n<blockquote>\n<h3>IL BELLUNO VOLLEY NELLA TANA DI AQUI TERME<\/h3>\n<\/blockquote>\n<p><a class=\"dt-pswp-item\" href=\"https:\/\/www.radiopiu.net\/wordpress\/wp-content\/uploads\/2024\/03\/Un_frammento_della_gara_di_andata.jpg\" data-dt-img-description=\"\" data-large_image_width=\"2048\" data-large_image_height=\"1365\"><img loading=\"lazy\" decoding=\"async\" class=\" wp-image-379304 alignleft\" src=\"https:\/\/www.radiopiu.net\/wordpress\/wp-content\/uploads\/2024\/03\/Un_frammento_della_gara_di_andata-300x200.jpg\" alt=\"\" width=\"156\" height=\"104\" srcset=\"https:\/\/www.radiopiu.net\/wordpress\/wp-content\/uploads\/2024\/03\/Un_frammento_della_gara_di_andata-300x200.jpg 300w, https:\/\/www.radiopiu.net\/wordpress\/wp-content\/uploads\/2024\/03\/Un_frammento_della_gara_di_andata-1024x683.jpg 1024w, https:\/\/www.radiopiu.net\/wordpress\/wp-content\/uploads\/2024\/03\/Un_frammento_della_gara_di_andata-768x512.jpg 768w, https:\/\/www.radiopiu.net\/wordpress\/wp-content\/uploads\/2024\/03\/Un_frammento_della_gara_di_andata-1536x1024.jpg 1536w, https:\/\/www.radiopiu.net\/wordpress\/wp-content\/uploads\/2024\/03\/Un_frammento_della_gara_di_andata.jpg 2048w\" sizes=\"auto, (max-width: 156px) 100vw, 156px\" \/><\/a>Si era infortunato proprio contro il Belluno Volley, nel match d\u2019andata giocato alla Spes Arena, lo scorso 17 dicembre. Ma ora \u00e8 tornato. Eccome se \u00e8 tornato: Matteo Martino ha ripreso posto sul parquet, dopo dieci partite trascorse ai box. E ha subito trascinato Acqui Terme: domenica scorsa, infatti, i piemontesi sono riusciti ad avere la meglio sulla Geetit Bologna col punteggio di 3-1. E l\u2019ex nazionale azzurro ha subito sfoderato una prova da 16 punti, con 4 servizi vincenti e un muro. Martino \u00e8 il pericolo pubblico numero uno per i rinoceronti, impegnati domani alle 19, a Valenza, nella tana della Negrini Cte.<\/p>\n<p>&nbsp;<\/p>\n<blockquote>\n<h3>LA PALLAVOLO FEMMINILE BELLUNO CONTRO IL COLOMBO<\/h3>\n<\/blockquote>\n<p><a class=\"dt-pswp-item\" href=\"https:\/\/www.radiopiu.net\/wordpress\/wp-content\/uploads\/2024\/03\/Miriana_Casagrande_sotto_rete.jpg\" data-dt-img-description=\"\" data-large_image_width=\"1280\" data-large_image_height=\"853\"><img loading=\"lazy\" decoding=\"async\" class=\" wp-image-379311 alignright\" src=\"https:\/\/www.radiopiu.net\/wordpress\/wp-content\/uploads\/2024\/03\/Miriana_Casagrande_sotto_rete-300x200.jpg\" alt=\"\" width=\"162\" height=\"108\" srcset=\"https:\/\/www.radiopiu.net\/wordpress\/wp-content\/uploads\/2024\/03\/Miriana_Casagrande_sotto_rete-300x200.jpg 300w, https:\/\/www.radiopiu.net\/wordpress\/wp-content\/uploads\/2024\/03\/Miriana_Casagrande_sotto_rete-1024x682.jpg 1024w, https:\/\/www.radiopiu.net\/wordpress\/wp-content\/uploads\/2024\/03\/Miriana_Casagrande_sotto_rete-768x512.jpg 768w, https:\/\/www.radiopiu.net\/wordpress\/wp-content\/uploads\/2024\/03\/Miriana_Casagrande_sotto_rete.jpg 1280w\" sizes=\"auto, (max-width: 162px) 100vw, 162px\" \/><\/a>La Homeclick SB Volley ritorna seconda dopo vittoria sulla capolista. Affronta tre gare casalinghe consecutive, partendo contro il Volley Colombo stasera alle 18:30. Miriana Casagrande evidenzia crescita tecnica e personale. la squadra reagisce bene alle sconfitte iniziali, mostrando carattere e grinta. Importanza del fattore campo nel rush finale del campionato. Mantenere prestazioni elevate richiede impegno costante. Obiettivo: mantenere imbattibilit\u00e0 interna contro il Volley Colombo e garantire buon piazzamento nei playoff.<\/p>\n<p>&nbsp;<\/p>\n<hr \/>\n<p>&nbsp;<\/p>\n<h2><span style=\"color: #99cc00;\">GOODBYE BY BICICLE&#8230;UN VIAGGIO DALL&#8217;INDIA A SEREN DEL GRAPPA IN BICICLETTA<\/span><\/h2>\n<p><span style=\"color: #ff0000;\"><strong>PUNTATA 04 &#8211; IL RINNOVO DEL VISTO TURISTICO<\/strong><\/span><\/p>\n<audio class=\"wp-audio-shortcode\" id=\"audio-379289-17\" preload=\"none\" style=\"width: 100%;\" controls=\"controls\"><source type=\"audio\/mpeg\" src=\"https:\/\/www.radiopiu.net\/wordpress\/wp-content\/uploads\/2024\/03\/INDIA-AIRE-PUNTATA-04.mp3?_=17\" \/><a href=\"https:\/\/www.radiopiu.net\/wordpress\/wp-content\/uploads\/2024\/03\/INDIA-AIRE-PUNTATA-04.mp3\">https:\/\/www.radiopiu.net\/wordpress\/wp-content\/uploads\/2024\/03\/INDIA-AIRE-PUNTATA-04.mp3<\/a><\/audio>\n<p>&nbsp;<\/p>\n<p><strong>PER VISITARE I SITI DEI LUOGHI VISITATI, CLICCA SULLE SEGUENTI SCRITTE: <a href=\"https:\/\/www.djed.in\/our-story\">DJED FOUNDATION<\/a>\u00a0 \u00a0<a href=\"https:\/\/www.carbonfootprint.com\/calculator.aspx\">CARBON FOOTPRINT<\/a><\/strong><\/p>\n\n\t\t\t<style type='text\/css'>\n\t\t\t\t#gallery-4 {\n\t\t\t\t\tmargin: auto;\n\t\t\t\t}\n\t\t\t\t#gallery-4 .gallery-item {\n\t\t\t\t\tfloat: left;\n\t\t\t\t\tmargin-top: 10px;\n\t\t\t\t\ttext-align: center;\n\t\t\t\t\twidth: 25%;\n\t\t\t\t}\n\t\t\t\t#gallery-4 img {\n\t\t\t\t\tborder: 2px solid #cfcfcf;\n\t\t\t\t}\n\t\t\t\t#gallery-4 .gallery-caption {\n\t\t\t\t\tmargin-left: 0;\n\t\t\t\t}\n\t\t\t\t\/* see gallery_shortcode() in wp-includes\/media.php *\/\n\t\t\t<\/style>\n\t\t<div id='gallery-4' class='dt-gallery-container gallery galleryid-379289 gallery-columns-4 gallery-size-thumbnail'><dl class='gallery-item'>\n\t\t\t\t<dt class='gallery-icon landscape'>\n\t\t\t\t\t<a class=\"rollover rollover-zoom dt-pswp-item\" title=\"b80b518c-a87e-4889-b09b-6bc14395f384\" data-dt-img-description=\"\" data-large_image_width=\"1600\" data-large_image_height=\"1200\"href='https:\/\/www.radiopiu.net\/wordpress\/wp-content\/uploads\/2024\/03\/b80b518c-a87e-4889-b09b-6bc14395f384.jpg'><img loading=\"lazy\" decoding=\"async\" width=\"150\" height=\"150\" src=\"https:\/\/www.radiopiu.net\/wordpress\/wp-content\/uploads\/2024\/03\/b80b518c-a87e-4889-b09b-6bc14395f384-150x150.jpg\" class=\"attachment-thumbnail size-thumbnail\" alt=\"\" \/><\/a>\n\t\t\t\t<\/dt><\/dl><dl class='gallery-item'>\n\t\t\t\t<dt class='gallery-icon landscape'>\n\t\t\t\t\t<a class=\"rollover rollover-zoom dt-pswp-item\" title=\"33f283fe-a3ef-4f69-a98a-b3e42eaf32e7\" data-dt-img-description=\"\" data-large_image_width=\"1600\" data-large_image_height=\"1200\"href='https:\/\/www.radiopiu.net\/wordpress\/wp-content\/uploads\/2024\/03\/33f283fe-a3ef-4f69-a98a-b3e42eaf32e7.jpg'><img loading=\"lazy\" decoding=\"async\" width=\"150\" height=\"150\" src=\"https:\/\/www.radiopiu.net\/wordpress\/wp-content\/uploads\/2024\/03\/33f283fe-a3ef-4f69-a98a-b3e42eaf32e7-150x150.jpg\" class=\"attachment-thumbnail size-thumbnail\" alt=\"\" \/><\/a>\n\t\t\t\t<\/dt><\/dl><dl class='gallery-item'>\n\t\t\t\t<dt class='gallery-icon landscape'>\n\t\t\t\t\t<a class=\"rollover rollover-zoom dt-pswp-item\" title=\"2a4f034b-f4d5-47ac-8574-f38f29780f55\" data-dt-img-description=\"\" data-large_image_width=\"1600\" data-large_image_height=\"1200\"href='https:\/\/www.radiopiu.net\/wordpress\/wp-content\/uploads\/2024\/03\/2a4f034b-f4d5-47ac-8574-f38f29780f55.jpg'><img loading=\"lazy\" decoding=\"async\" width=\"150\" height=\"150\" src=\"https:\/\/www.radiopiu.net\/wordpress\/wp-content\/uploads\/2024\/03\/2a4f034b-f4d5-47ac-8574-f38f29780f55-150x150.jpg\" class=\"attachment-thumbnail size-thumbnail\" alt=\"\" \/><\/a>\n\t\t\t\t<\/dt><\/dl><dl class='gallery-item'>\n\t\t\t\t<dt class='gallery-icon landscape'>\n\t\t\t\t\t<a class=\"rollover rollover-zoom dt-pswp-item\" title=\"b314e6ad-70bc-4e5e-b616-ab2462ff857f\" data-dt-img-description=\"\" data-large_image_width=\"1600\" data-large_image_height=\"1200\"href='https:\/\/www.radiopiu.net\/wordpress\/wp-content\/uploads\/2024\/03\/b314e6ad-70bc-4e5e-b616-ab2462ff857f.jpg'><img loading=\"lazy\" decoding=\"async\" width=\"150\" height=\"150\" src=\"https:\/\/www.radiopiu.net\/wordpress\/wp-content\/uploads\/2024\/03\/b314e6ad-70bc-4e5e-b616-ab2462ff857f-150x150.jpg\" class=\"attachment-thumbnail size-thumbnail\" alt=\"\" \/><\/a>\n\t\t\t\t<\/dt><\/dl><br style=\"clear: both\" \/>\n\t\t\t<\/div>\n\n<p>&nbsp;<\/p>\n<h2>LA RACCOLTA COMPLETA <a href=\"https:\/\/www.radiopiu.net\/wordpress\/goodbye-by-bicicle-un-viaggio-dallindia-a-seren-del-grappa-in-bicicletta-04\/\">CLICCA QUI<\/a><\/h2>\n<p>&nbsp;<\/p>\n<p>&nbsp;<\/p>\n<p>&nbsp;<\/p>\n","protected":false},"excerpt":{"rendered":"<p>****** &nbsp; PER RICEVERE QUESTO NOTIZIARIO DIRETTAMENTE SUL TUO CELLULARE ISCRIVITI AL CANALE TELEGRAM \u201cRADIO PIU\u00a0 INFORMAZIONE&#8221;\u00a0 \u00a0il CANALE TELEGRAM&#8230; UNISCITI A: RADIO PIU INFORMAZIONE &nbsp; &nbsp; ATTENZIONE: LA NUOVA APP PER IOS-IPHONE di Nicola Vettorello https:\/\/apps.apple.com\/it\/app\/radio-pi%C3%B9-emittente-agordina\/id1515939845 ATTENZIONE: LA NUOVA APP RADIO\u00a0 PER ANDROID di Nicola Vettorello https:\/\/play.google.com\/store\/apps\/details?id=net.radiopiu.iniko\u00a0\u00a0 &nbsp; La Settimana della memoria e dell&#8217;impegno,&hellip;<\/p>\n","protected":false},"author":4,"featured_media":379392,"comment_status":"closed","ping_status":"closed","sticky":false,"template":"","format":"standard","meta":{"_monsterinsights_skip_tracking":false,"_monsterinsights_sitenote_active":false,"_monsterinsights_sitenote_note":"","_monsterinsights_sitenote_category":0,"footnotes":""},"categories":[51,86,49],"tags":[],"class_list":["post-379289","post","type-post","status-publish","format-standard","has-post-thumbnail","hentry","category-evidenza-top","category-gr","category-news-18","category-51","category-86","category-49","description-off"],"img_url":"https:\/\/www.radiopiu.net\/wordpress\/wp-content\/uploads\/2024\/03\/incidente-mel1.png","_links":{"self":[{"href":"https:\/\/www.radiopiu.net\/wordpress\/wp-json\/wp\/v2\/posts\/379289","targetHints":{"allow":["GET"]}}],"collection":[{"href":"https:\/\/www.radiopiu.net\/wordpress\/wp-json\/wp\/v2\/posts"}],"about":[{"href":"https:\/\/www.radiopiu.net\/wordpress\/wp-json\/wp\/v2\/types\/post"}],"author":[{"embeddable":true,"href":"https:\/\/www.radiopiu.net\/wordpress\/wp-json\/wp\/v2\/users\/4"}],"replies":[{"embeddable":true,"href":"https:\/\/www.radiopiu.net\/wordpress\/wp-json\/wp\/v2\/comments?post=379289"}],"version-history":[{"count":0,"href":"https:\/\/www.radiopiu.net\/wordpress\/wp-json\/wp\/v2\/posts\/379289\/revisions"}],"wp:featuredmedia":[{"embeddable":true,"href":"https:\/\/www.radiopiu.net\/wordpress\/wp-json\/wp\/v2\/media\/379392"}],"wp:attachment":[{"href":"https:\/\/www.radiopiu.net\/wordpress\/wp-json\/wp\/v2\/media?parent=379289"}],"wp:term":[{"taxonomy":"category","embeddable":true,"href":"https:\/\/www.radiopiu.net\/wordpress\/wp-json\/wp\/v2\/categories?post=379289"},{"taxonomy":"post_tag","embeddable":true,"href":"https:\/\/www.radiopiu.net\/wordpress\/wp-json\/wp\/v2\/tags?post=379289"}],"curies":[{"name":"wp","href":"https:\/\/api.w.org\/{rel}","templated":true}]}}