{"id":379350,"date":"2024-03-16T05:35:56","date_gmt":"2024-03-16T04:35:56","guid":{"rendered":"https:\/\/www.radiopiu.net\/wordpress\/?p=379350"},"modified":"2024-03-16T06:26:18","modified_gmt":"2024-03-16T05:26:18","slug":"soccorsi-padre-e-i-due-figli-bloccati-sopra-un-salto-di-roccia","status":"publish","type":"post","link":"https:\/\/www.radiopiu.net\/wordpress\/soccorsi-padre-e-i-due-figli-bloccati-sopra-un-salto-di-roccia\/","title":{"rendered":"SOCCORSI PADRE E I DUE FIGLI BLOCCATI SOPRA UN SALTO DI ROCCIA"},"content":{"rendered":"<div><\/div>\n<div dir=\"auto\"><\/div>\n<div dir=\"auto\"><strong>FALCADE\u00a0<\/strong>Verso le 15.15 il Soccorso alpino della Val Biois \u00e8 stato attivato dalla Centrale del 118, per uno sciatore bloccato assieme ai due figli sopra un salto di roccia. L&#8217;uomo di Verona, con i due bambini di 8 e 12 anni, scendendo con gli sci da discesa dalla Pista degli innamorati, attualmente non battuta, anzich\u00e8 seguire il tracciato aveva preso il canale dritto della Val delle Code. Dopo essere riusciti a superare dei saltini, padre e figli si erano per\u00f2 dovuti fermare sopra un salto pi\u00f9 alto, impossibilitati a tornare sui propri passi perch\u00e9 sprofondavano nella neve. Una squadra li ha quindi raggiunti seguendo le evidenti tracce e guidata dalle coordinate a disposizione. Una volta da loro i soccorritori si sono sincerati delle loro condizioni: stavano bene, solo i bimbi infreddoliti. La famiglia \u00e8 stata poi recuperata dall&#8217;elicottero del Suem di Pieve di Cadore, che ha imbarcato il pap\u00e0 e i bambini con il verricello, per trasportarli a Falcade.<\/div>\n<div dir=\"auto\"><\/div>\n<div dir=\"auto\"><\/div>\n<div dir=\"auto\">\n<hr \/>\n<\/div>\n","protected":false},"excerpt":{"rendered":"<p>FALCADE\u00a0Verso le 15.15 il Soccorso alpino della Val Biois \u00e8 stato attivato dalla Centrale del 118, per uno sciatore bloccato assieme ai due figli sopra un salto di roccia. L&#8217;uomo di Verona, con i due bambini di 8 e 12 anni, scendendo con gli sci da discesa dalla Pista degli innamorati, attualmente non battuta, anzich\u00e8&hellip;<\/p>\n","protected":false},"author":4,"featured_media":368298,"comment_status":"closed","ping_status":"closed","sticky":false,"template":"","format":"standard","meta":{"_monsterinsights_skip_tracking":false,"_monsterinsights_sitenote_active":false,"_monsterinsights_sitenote_note":"","_monsterinsights_sitenote_category":0,"footnotes":""},"categories":[51,49],"tags":[],"class_list":["post-379350","post","type-post","status-publish","format-standard","has-post-thumbnail","hentry","category-evidenza-top","category-news-18","category-51","category-49","description-off"],"img_url":"https:\/\/www.radiopiu.net\/wordpress\/wp-content\/uploads\/2024\/01\/dcb8358e-da6f-4ee1-98dc-45178186d55f.jpg","_links":{"self":[{"href":"https:\/\/www.radiopiu.net\/wordpress\/wp-json\/wp\/v2\/posts\/379350","targetHints":{"allow":["GET"]}}],"collection":[{"href":"https:\/\/www.radiopiu.net\/wordpress\/wp-json\/wp\/v2\/posts"}],"about":[{"href":"https:\/\/www.radiopiu.net\/wordpress\/wp-json\/wp\/v2\/types\/post"}],"author":[{"embeddable":true,"href":"https:\/\/www.radiopiu.net\/wordpress\/wp-json\/wp\/v2\/users\/4"}],"replies":[{"embeddable":true,"href":"https:\/\/www.radiopiu.net\/wordpress\/wp-json\/wp\/v2\/comments?post=379350"}],"version-history":[{"count":0,"href":"https:\/\/www.radiopiu.net\/wordpress\/wp-json\/wp\/v2\/posts\/379350\/revisions"}],"wp:featuredmedia":[{"embeddable":true,"href":"https:\/\/www.radiopiu.net\/wordpress\/wp-json\/wp\/v2\/media\/368298"}],"wp:attachment":[{"href":"https:\/\/www.radiopiu.net\/wordpress\/wp-json\/wp\/v2\/media?parent=379350"}],"wp:term":[{"taxonomy":"category","embeddable":true,"href":"https:\/\/www.radiopiu.net\/wordpress\/wp-json\/wp\/v2\/categories?post=379350"},{"taxonomy":"post_tag","embeddable":true,"href":"https:\/\/www.radiopiu.net\/wordpress\/wp-json\/wp\/v2\/tags?post=379350"}],"curies":[{"name":"wp","href":"https:\/\/api.w.org\/{rel}","templated":true}]}}