{"id":379368,"date":"2024-03-16T05:36:44","date_gmt":"2024-03-16T04:36:44","guid":{"rendered":"https:\/\/www.radiopiu.net\/wordpress\/?p=379368"},"modified":"2024-03-16T06:26:02","modified_gmt":"2024-03-16T05:26:02","slug":"addio-a-fausto-luomo-che-cantava-de-andre","status":"publish","type":"post","link":"https:\/\/www.radiopiu.net\/wordpress\/addio-a-fausto-luomo-che-cantava-de-andre\/","title":{"rendered":"ADDIO A FAUSTO, L&#8217;UOMO CHE CANTAVA DE ANDRE&#8217;"},"content":{"rendered":"<p>***<\/p>\n<p><strong><a class=\"dt-pswp-item\" href=\"https:\/\/www.radiopiu.net\/wordpress\/wp-content\/uploads\/2024\/03\/Senza-nome-59.png\" data-dt-img-description=\"\" data-large_image_width=\"533\" data-large_image_height=\"306\"><img loading=\"lazy\" decoding=\"async\" class=\"size-medium wp-image-379371 aligncenter\" src=\"https:\/\/www.radiopiu.net\/wordpress\/wp-content\/uploads\/2024\/03\/Senza-nome-59-300x172.png\" alt=\"\" width=\"300\" height=\"172\" srcset=\"https:\/\/www.radiopiu.net\/wordpress\/wp-content\/uploads\/2024\/03\/Senza-nome-59-300x172.png 300w, https:\/\/www.radiopiu.net\/wordpress\/wp-content\/uploads\/2024\/03\/Senza-nome-59.png 533w\" sizes=\"auto, (max-width: 300px) 100vw, 300px\" \/><\/a> <\/strong><\/p>\n<p><strong>BELLUNO<\/strong> Fausto Furlan,\u00a0 musicista autodidatta e appassionato di Fabrizio De Andr\u00e9, \u00e8 scomparso improvvisamente all&#8217;et\u00e0 di 67 anni.\u00a0 Furlan ha lasciato un&#8217;impronta positiva nelle comunit\u00e0 in cui si esibiva. La sua passione lo ha portato a organizzare concerti e serate a tema, dedicati al celebre cantautore italiano. Amichevole e socievole, Furlan ha lasciato un segno nei cuori di coloro che lo conoscevano. Il suo ultimo saluto si terr\u00e0 luned\u00ec nella chiesa parrocchiale di Mas di Sedico.<\/p>\n<p><a class=\"dt-pswp-item\" href=\"https:\/\/www.radiopiu.net\/wordpress\/wp-content\/uploads\/2024\/03\/Senza-nome-57.png\" data-dt-img-description=\"\" data-large_image_width=\"303\" data-large_image_height=\"173\"><img loading=\"lazy\" decoding=\"async\" class=\"size-medium wp-image-379369 aligncenter\" src=\"https:\/\/www.radiopiu.net\/wordpress\/wp-content\/uploads\/2024\/03\/Senza-nome-57-300x171.png\" alt=\"\" width=\"300\" height=\"171\" srcset=\"https:\/\/www.radiopiu.net\/wordpress\/wp-content\/uploads\/2024\/03\/Senza-nome-57-300x171.png 300w, https:\/\/www.radiopiu.net\/wordpress\/wp-content\/uploads\/2024\/03\/Senza-nome-57.png 303w\" sizes=\"auto, (max-width: 300px) 100vw, 300px\" \/><\/a><\/p>\n","protected":false},"excerpt":{"rendered":"<p>*** BELLUNO Fausto Furlan,\u00a0 musicista autodidatta e appassionato di Fabrizio De Andr\u00e9, \u00e8 scomparso improvvisamente all&#8217;et\u00e0 di 67 anni.\u00a0 Furlan ha lasciato un&#8217;impronta positiva nelle comunit\u00e0 in cui si esibiva. La sua passione lo ha portato a organizzare concerti e serate a tema, dedicati al celebre cantautore italiano. Amichevole e socievole, Furlan ha lasciato un&hellip;<\/p>\n","protected":false},"author":4,"featured_media":379369,"comment_status":"closed","ping_status":"closed","sticky":false,"template":"","format":"standard","meta":{"_monsterinsights_skip_tracking":false,"_monsterinsights_sitenote_active":false,"_monsterinsights_sitenote_note":"","_monsterinsights_sitenote_category":0,"footnotes":""},"categories":[51,49],"tags":[],"class_list":["post-379368","post","type-post","status-publish","format-standard","has-post-thumbnail","hentry","category-evidenza-top","category-news-18","category-51","category-49","description-off"],"img_url":"https:\/\/www.radiopiu.net\/wordpress\/wp-content\/uploads\/2024\/03\/Senza-nome-57.png","_links":{"self":[{"href":"https:\/\/www.radiopiu.net\/wordpress\/wp-json\/wp\/v2\/posts\/379368","targetHints":{"allow":["GET"]}}],"collection":[{"href":"https:\/\/www.radiopiu.net\/wordpress\/wp-json\/wp\/v2\/posts"}],"about":[{"href":"https:\/\/www.radiopiu.net\/wordpress\/wp-json\/wp\/v2\/types\/post"}],"author":[{"embeddable":true,"href":"https:\/\/www.radiopiu.net\/wordpress\/wp-json\/wp\/v2\/users\/4"}],"replies":[{"embeddable":true,"href":"https:\/\/www.radiopiu.net\/wordpress\/wp-json\/wp\/v2\/comments?post=379368"}],"version-history":[{"count":0,"href":"https:\/\/www.radiopiu.net\/wordpress\/wp-json\/wp\/v2\/posts\/379368\/revisions"}],"wp:featuredmedia":[{"embeddable":true,"href":"https:\/\/www.radiopiu.net\/wordpress\/wp-json\/wp\/v2\/media\/379369"}],"wp:attachment":[{"href":"https:\/\/www.radiopiu.net\/wordpress\/wp-json\/wp\/v2\/media?parent=379368"}],"wp:term":[{"taxonomy":"category","embeddable":true,"href":"https:\/\/www.radiopiu.net\/wordpress\/wp-json\/wp\/v2\/categories?post=379368"},{"taxonomy":"post_tag","embeddable":true,"href":"https:\/\/www.radiopiu.net\/wordpress\/wp-json\/wp\/v2\/tags?post=379368"}],"curies":[{"name":"wp","href":"https:\/\/api.w.org\/{rel}","templated":true}]}}