{"id":379398,"date":"2024-03-16T07:55:53","date_gmt":"2024-03-16T06:55:53","guid":{"rendered":"https:\/\/www.radiopiu.net\/wordpress\/?p=379398"},"modified":"2024-03-16T08:35:01","modified_gmt":"2024-03-16T07:35:01","slug":"dal-1983-la-rassegna-stampa-locale-di-mirko-mezzacasa-26","status":"publish","type":"post","link":"https:\/\/www.radiopiu.net\/wordpress\/dal-1983-la-rassegna-stampa-locale-di-mirko-mezzacasa-26\/","title":{"rendered":"DAL 1983 LA RASSEGNA STAMPA LOCALE DI MIRKO MEZZACASA"},"content":{"rendered":"<p>**<\/p>\n<p><iframe loading=\"lazy\" title=\"DAL 1983 LA RASSEGNA STAMPA LOCALE di mirko mezzacasa. L&#039;ORIGINALE\" width=\"1200\" height=\"675\" src=\"https:\/\/www.youtube.com\/embed\/9U9eSXsBlAs?feature=oembed\" frameborder=\"0\" allow=\"accelerometer; autoplay; clipboard-write; encrypted-media; gyroscope; picture-in-picture; web-share\" allowfullscreen><\/iframe><\/p>\n<p><img loading=\"lazy\" decoding=\"async\" class=\"alignleft\" src=\"https:\/\/www.radiopiu.net\/wordpress\/wp-content\/uploads\/2024\/03\/COPERTINA-13.png\" width=\"384\" height=\"243\" \/>SAN TOMASO AGORDINO nelle localit\u00e0 PIANEZZE, VALLATA, VAL, MEZZAVALLE, COSTA DI MEZZO E PIAN MOLIN l\u2019acqua erogata dall\u2019acquedotto \u00e8 di nuovo potabile<br \/>\nOGGI PASSO GIAU CHIUSO DALLE 13 ALLE 19<br \/>\nSP 2 VALLE DEL MIS A SINGHIOZZO PER LAVORI DI ESBOSCO<br \/>\nFALCADE Il Soccorso alpino della Val Biois \u00e8 stato attivato dalla Centrale del 118, per uno sciatore bloccato assieme ai due figli sopra un salto di roccia. L\u2019uomo di Verona, con i due bambini di 8 e 12 anni, scendendo con gli sci da discesa dalla Pista degli innamorati, attualmente non battuta, anzich\u00e8 seguire il tracciato aveva preso il canale dritto della Val delle Code. Dopo essere riusciti a superare dei saltini, padre e figli si erano per\u00f2 dovuti fermare sopra un salto pi\u00f9 alto, impossibilitati a tornare sui propri passi<br \/>\nRISCHIO VALANGHE: LE GUIDE ALPINE CONSIGLIANO DI CONTROLLARE I BOLLETTINI<br \/>\nBELLUNO Quando ha visto che il pasto quotidiano era ancora l\u00ec, fuori dalla porta in attesa di essere ritirato, ha temuto il peggio e ha subito chiamato i soccorsi. Purtroppo i suoi sospetti erano fondati. L\u2019intervento dei vigili del fuoco, che hanno aperto la porta d\u2019ingresso, infatti, ha portato alla triste scoperta della morte di Giuseppe De Vecchi. L\u2019uomo avrebbe compiuto 95 anni a maggio.<br \/>\nBELLUNO Fausto Furlan, musicista autodidatta e appassionato di Fabrizio De Andr\u00e9, \u00e8 scomparso improvvisamente all\u2019et\u00e0 di 67 anni. Furlan ha lasciato un\u2019impronta positiva nelle comunit\u00e0 in cui si esibiva. La sua passione lo ha portato a organizzare concerti e serate a tema, dedicati al celebre cantautore italiano.<br \/>\nFALCADE Si sono tenuti ieri nella sua Caviola, i funerali di Tullio Costa, mancato improvvisamente a 76 anni. Ha lasciato nel dolore la moglie Marilena, i figli Alberto e Serena. Un uomo che si ricorder\u00e0 anche per i suoi successi nello sport, era nel gruppo dei grandi fondisti della Valle del Biois. Con la moglie Marilena gestiva la pasticceria a Caviola.<br \/>\nBELLUNO Si terranno lunedi alle 10.30 in Duomo, i funerali di Don Giuliano Follin. La messa sar\u00e0 celebrata dal vescovo.<br \/>\nFELTRE S D D \u00e8 stato coinvolto in una lite che \u00e8 sfociata in una serie di colpi proibiti, portando qualcuno a chiamare i carabinieri. Alla fine il feltrino \u00e8 stato arrestato e portato nella caserma di via Montegrappa per gli accertamenti di routine, prima di essere trasferito al carcere di Belluno<br \/>\nBELLUNO Angelika Hutter sar\u00e0 processata per triplice omicidio stradale, confermando la sua capacit\u00e0 di stare davanti al giudice nonostante una ridotta capacit\u00e0 d\u2019intendere e volere al momento dell\u2019incidente. Il giudice per le indagini preliminari ha confermato il vizio parziale di mente e l\u2019alto grado di pericolosit\u00e0 sociale. In caso di condanna, non ci sar\u00e0 sospensione condizionale ma uno sconto di pena<br \/>\nEX SAFILO. DONAZZAN, \u201cGRANDE SODDISFAZIONE, DA TH\u00c9LIOS E INNOVATEK RISULTATI MIGLIORI DELLE PREVISIONI\u201d<br \/>\nVIA LIBERA ALL\u2019INTERVENTO DI RIQUALIFICAZIONE DELLO STADIO DI AGORDO: FIRMATA LA CONVENZIONE TRA IL FONDO COMUNI CONFINANTI E IL COMUNE DI AGORDO<br \/>\nSTRADA AGORDINA, VIABILITA\u2019 PER IL COMELICO, COLLEGAMENTO CON LA SPV. LETTERA-APPELLO AL MINISTRO SALVINI SULLE OPERE URGENTI PER IL BELLUNESE<br \/>\nCORTINA La Polizia di Stato si unisce al \u201cCortinametraggio\u201d a Cortina D\u2019Ampezzo, mostrando \u201cMedley\u201d con Mariano Rigillo e Valerio Morigi.<br \/>\nDOMANI\u00a0 la vecia popa ad AGORDO in diretta su tutti i canali di RADIOPIU<br \/>\nBELLUNO Oggi alle 18\u00a0 in sala \u201cBianchi\u201d\u00a0 verr\u00e0 presentato il volume edito dall\u2019Isbrec Il coraggio e la passione Partigiani e patrioti riconosciuti nel Bellunese e militari bellunesi riconosciuti partigiani all\u2019estero<br \/>\nAGORDO Tornano le uova di Pasqua dell&#8217;AIL per sostenere la ricerca e la cura contro le leucemie, i linfomi e il mieloma. Oggi e domani i volontari saranno presenti al centro commerciale &#8220;La Corte Agordina&#8221; e in localit\u00e0 Valcozzena di fronte al Zum Brillenbar<br \/>\nBELLUNO Oggi, alle 16, al Salone nobile di Palazzo Fulcis a Belluno, Francesco Jori presenter\u00e0 il libro &#8220;Marco Polo. La vita \u00e8 viaggio<br \/>\nAGORDO In occasione della 29^ Giornata della Memoria e dell\u2019impegno in ricordo delle vittime innocenti di tutte le Mafie, il presidio Agordino di Libera \u201cL. Precenzano e S. Aversa\u201d vi invita, OGGI alle 20.30 presso il centro parrocchiale \u201cMons. Vincenzo Savio\u201d di Agordo. FILIPPO TORRIGIANI, consulente da tre legislature della commissione parlamentare antimafia e consulente nazionale del C.N.C.A. (Coordinamento Nazionale delle Comunit\u00e0 di Accoglienza) presenter\u00e0 il libro \u201cSILENZI E DISTRAZIONI. 10 COSE DI CUI NON SI PARLA\u201d. Dialogher\u00e0 con l\u2019autore Marco Rossato<br \/>\nBELLUNO Martedi alle 20 in sala Bianchi proiezione del docufilm &#8220;Lupo Uno&#8221; gestione proattiva del lupo in Veneto. Ne parleranno Bruno Boz, regista con l&#8217;introduzione di Maria Rita Gentilin dello Spi Cgil Belluno.<br \/>\nOGGI MISS ITALIA AL RIFUGIO LARESEI_FALCADE<\/p>\n<p>HOCKEY SU GHIACCIO ANCHE L&#8217;ALLEGHE UNDER 19 ACCEDE ALLA FASE FINALE<br \/>\nPALLAVOLO IL BELLUNO VOLLEY NELLA TANA DI AQUI TERME<br \/>\nLA PALLAVOLO FEMMINILE BELLUNO CONTRO IL COLOMBO<\/p>\n<p>&nbsp;<\/p>\n<p>&nbsp;<\/p>\n<p>&nbsp;<\/p>\n<p>&nbsp;<\/p>\n<p>&nbsp;<\/p>\n<p>&nbsp;<\/p>\n<p>&nbsp;<\/p>\n<p>&nbsp;<\/p>\n<p>&nbsp;<\/p>\n<p>&nbsp;<\/p>\n<p>&nbsp;<\/p>\n<p>&nbsp;<\/p>\n<p>&nbsp;<\/p>\n<p>&nbsp;<\/p>\n","protected":false},"excerpt":{"rendered":"<p>** SAN TOMASO AGORDINO nelle localit\u00e0 PIANEZZE, VALLATA, VAL, MEZZAVALLE, COSTA DI MEZZO E PIAN MOLIN l\u2019acqua erogata dall\u2019acquedotto \u00e8 di nuovo potabile OGGI PASSO GIAU CHIUSO DALLE 13 ALLE 19 SP 2 VALLE DEL MIS A SINGHIOZZO PER LAVORI DI ESBOSCO FALCADE Il Soccorso alpino della Val Biois \u00e8 stato attivato dalla Centrale del&hellip;<\/p>\n","protected":false},"author":4,"featured_media":379399,"comment_status":"closed","ping_status":"closed","sticky":false,"template":"","format":"standard","meta":{"_monsterinsights_skip_tracking":false,"_monsterinsights_sitenote_active":false,"_monsterinsights_sitenote_note":"","_monsterinsights_sitenote_category":0,"footnotes":""},"categories":[51,49,142],"tags":[],"class_list":["post-379398","post","type-post","status-publish","format-standard","has-post-thumbnail","hentry","category-evidenza-top","category-news-18","category-rassegna-stampa","category-51","category-49","category-142","description-off"],"img_url":"https:\/\/www.radiopiu.net\/wordpress\/wp-content\/uploads\/2024\/03\/COPERTINA-13.png","_links":{"self":[{"href":"https:\/\/www.radiopiu.net\/wordpress\/wp-json\/wp\/v2\/posts\/379398","targetHints":{"allow":["GET"]}}],"collection":[{"href":"https:\/\/www.radiopiu.net\/wordpress\/wp-json\/wp\/v2\/posts"}],"about":[{"href":"https:\/\/www.radiopiu.net\/wordpress\/wp-json\/wp\/v2\/types\/post"}],"author":[{"embeddable":true,"href":"https:\/\/www.radiopiu.net\/wordpress\/wp-json\/wp\/v2\/users\/4"}],"replies":[{"embeddable":true,"href":"https:\/\/www.radiopiu.net\/wordpress\/wp-json\/wp\/v2\/comments?post=379398"}],"version-history":[{"count":0,"href":"https:\/\/www.radiopiu.net\/wordpress\/wp-json\/wp\/v2\/posts\/379398\/revisions"}],"wp:featuredmedia":[{"embeddable":true,"href":"https:\/\/www.radiopiu.net\/wordpress\/wp-json\/wp\/v2\/media\/379399"}],"wp:attachment":[{"href":"https:\/\/www.radiopiu.net\/wordpress\/wp-json\/wp\/v2\/media?parent=379398"}],"wp:term":[{"taxonomy":"category","embeddable":true,"href":"https:\/\/www.radiopiu.net\/wordpress\/wp-json\/wp\/v2\/categories?post=379398"},{"taxonomy":"post_tag","embeddable":true,"href":"https:\/\/www.radiopiu.net\/wordpress\/wp-json\/wp\/v2\/tags?post=379398"}],"curies":[{"name":"wp","href":"https:\/\/api.w.org\/{rel}","templated":true}]}}