{"id":379417,"date":"2024-03-16T09:26:54","date_gmt":"2024-03-16T08:26:54","guid":{"rendered":"https:\/\/www.radiopiu.net\/wordpress\/?p=379417"},"modified":"2024-03-16T09:26:54","modified_gmt":"2024-03-16T08:26:54","slug":"trend-positivo-per-le-presenze-turistiche-in-feltrino","status":"publish","type":"post","link":"https:\/\/www.radiopiu.net\/wordpress\/trend-positivo-per-le-presenze-turistiche-in-feltrino\/","title":{"rendered":"TREND POSITIVO PER LE PRESENZE TURISTICHE IN FELTRINO"},"content":{"rendered":"<p>****<\/p>\n<p>&nbsp;<\/p>\n<p><strong>FELTRE<\/strong> Il turismo nel territorio feltrino gode di buona salute. Dopo i positivi \u201cparziali\u201d dei mesi scorsi, sono arrivati in questi giorni i dati definitivi sulle presenze e gli introiti della tassa di soggiorno nel 2023. Le entrate relative a quest\u2019ultima si sono attestate lo scorso anno a oltre 145 mila euro, con un incremento del 9,3% rispetto ai circa 133 mila euro incassati nel 2022. L\u2019aumento \u00e8 ancora pi\u00f9 significativo, poi, se raffrontano all\u2019anno 2019 (ovvero a quella che viene convenzionalmente definita l\u2019epoca \u201cpre-Covid), rispetto al quale gli introiti crescono addirittura del 16,5%. Scendendo nel dettaglio geografico, il maggior numero di presenze turistiche si \u00e8 registrato nel 2023 nel comune di Feltre, con circa 49 mila unit\u00e0, seguito da Arsi\u00e8, con circa 40 mila, e da Sovramonte con 12 mila.<\/p>\n<p><strong>L&#8217;ASSESSORE AL TURISMO DELL&#8217;UNIONE MONTANA FELTRINA DARIO SCOPEL<\/strong><\/p>\n<div style=\"width: 848px;\" class=\"wp-video\"><video class=\"wp-video-shortcode\" id=\"video-379417-1\" width=\"848\" height=\"480\" preload=\"metadata\" controls=\"controls\"><source type=\"video\/mp4\" src=\"https:\/\/www.radiopiu.net\/wordpress\/wp-content\/uploads\/2024\/03\/WhatsApp-Video-2024-03-16-at-09.17.29.mp4?_=1\" \/><a href=\"https:\/\/www.radiopiu.net\/wordpress\/wp-content\/uploads\/2024\/03\/WhatsApp-Video-2024-03-16-at-09.17.29.mp4\">https:\/\/www.radiopiu.net\/wordpress\/wp-content\/uploads\/2024\/03\/WhatsApp-Video-2024-03-16-at-09.17.29.mp4<\/a><\/video><\/div>\n<p>&nbsp;<\/p>\n<p>&nbsp;<\/p>\n<p>*******<\/p>\n","protected":false},"excerpt":{"rendered":"<p>**** &nbsp; FELTRE Il turismo nel territorio feltrino gode di buona salute. Dopo i positivi \u201cparziali\u201d dei mesi scorsi, sono arrivati in questi giorni i dati definitivi sulle presenze e gli introiti della tassa di soggiorno nel 2023. Le entrate relative a quest\u2019ultima si sono attestate lo scorso anno a oltre 145 mila euro, con&hellip;<\/p>\n","protected":false},"author":4,"featured_media":269866,"comment_status":"closed","ping_status":"closed","sticky":false,"template":"","format":"standard","meta":{"_monsterinsights_skip_tracking":false,"_monsterinsights_sitenote_active":false,"_monsterinsights_sitenote_note":"","_monsterinsights_sitenote_category":0,"footnotes":""},"categories":[49],"tags":[],"class_list":["post-379417","post","type-post","status-publish","format-standard","has-post-thumbnail","hentry","category-news-18","category-49","description-off"],"img_url":"https:\/\/www.radiopiu.net\/wordpress\/wp-content\/uploads\/2022\/04\/FELTRE.jpg","_links":{"self":[{"href":"https:\/\/www.radiopiu.net\/wordpress\/wp-json\/wp\/v2\/posts\/379417","targetHints":{"allow":["GET"]}}],"collection":[{"href":"https:\/\/www.radiopiu.net\/wordpress\/wp-json\/wp\/v2\/posts"}],"about":[{"href":"https:\/\/www.radiopiu.net\/wordpress\/wp-json\/wp\/v2\/types\/post"}],"author":[{"embeddable":true,"href":"https:\/\/www.radiopiu.net\/wordpress\/wp-json\/wp\/v2\/users\/4"}],"replies":[{"embeddable":true,"href":"https:\/\/www.radiopiu.net\/wordpress\/wp-json\/wp\/v2\/comments?post=379417"}],"version-history":[{"count":0,"href":"https:\/\/www.radiopiu.net\/wordpress\/wp-json\/wp\/v2\/posts\/379417\/revisions"}],"wp:featuredmedia":[{"embeddable":true,"href":"https:\/\/www.radiopiu.net\/wordpress\/wp-json\/wp\/v2\/media\/269866"}],"wp:attachment":[{"href":"https:\/\/www.radiopiu.net\/wordpress\/wp-json\/wp\/v2\/media?parent=379417"}],"wp:term":[{"taxonomy":"category","embeddable":true,"href":"https:\/\/www.radiopiu.net\/wordpress\/wp-json\/wp\/v2\/categories?post=379417"},{"taxonomy":"post_tag","embeddable":true,"href":"https:\/\/www.radiopiu.net\/wordpress\/wp-json\/wp\/v2\/tags?post=379417"}],"curies":[{"name":"wp","href":"https:\/\/api.w.org\/{rel}","templated":true}]}}