{"id":379605,"date":"2024-03-18T05:31:08","date_gmt":"2024-03-18T04:31:08","guid":{"rendered":"https:\/\/www.radiopiu.net\/wordpress\/?p=379605"},"modified":"2024-03-18T05:45:54","modified_gmt":"2024-03-18T04:45:54","slug":"incidente-mortale-nei-boschi-di-santo-stefano-di-cadore-muore-un-operaio-straniero","status":"publish","type":"post","link":"https:\/\/www.radiopiu.net\/wordpress\/incidente-mortale-nei-boschi-di-santo-stefano-di-cadore-muore-un-operaio-straniero\/","title":{"rendered":"INCIDENTE MORTALE NEI BOSCHI DI SANTO STEFANO DI CADORE. MUORE UN OPERAIO STRANIERO"},"content":{"rendered":"<p>*****<\/p>\n<p>&nbsp;<\/p>\n<blockquote>\n<div class=\"flex-1 overflow-hidden\">\n<div class=\"react-scroll-to-bottom--css-qjhre-79elbk h-full\">\n<div class=\"react-scroll-to-bottom--css-qjhre-1n7m0yu\">\n<div class=\"flex flex-col text-sm pb-9\">\n<div class=\"w-full text-token-text-primary\" data-testid=\"conversation-turn-7\">\n<div class=\"px-4 py-2 justify-center text-base md:gap-6 m-auto\">\n<div class=\"flex flex-1 text-base mx-auto gap-3 md:px-5 lg:px-1 xl:px-5 md:max-w-3xl lg:max-w-[40rem] xl:max-w-[48rem] group final-completion\">\n<div class=\"relative flex w-full flex-col agent-turn\">\n<div class=\"flex-col gap-1 md:gap-3\">\n<div class=\"flex flex-grow flex-col max-w-full\">\n<div class=\"min-h-[20px] text-message flex flex-col items-start gap-3 whitespace-pre-wrap break-words [.text-message+&amp;]:mt-5 overflow-x-auto\" data-message-author-role=\"assistant\" data-message-id=\"484d2d1c-db8d-4982-9fad-0f2120815161\">\n<div class=\"markdown prose w-full break-words dark:prose-invert dark\">\n<p><em>Un operaio bosniaco di 40 anni, Elvir Sarajcic, \u00e8 morto tragicamente in Val Visdende mentre lavorava per una ditta austriaca. Un supporto della teleferica ha ceduto, causando il distacco della fune di acciaio che lo ha colpito mortalmente. Gli altri operai hanno allertato i soccorsi, ma non c&#8217;\u00e8 stato nulla da fare. Le autorit\u00e0 stanno indagando sulla dinamica dell&#8217;incidente mentre la zona \u00e8 stata posta sotto sequestro.<\/em> <em>Elvir Sarajcic lascia la moglie e una figlia\u00a0<\/em><\/p>\n<\/div>\n<\/div>\n<\/div>\n<\/div>\n<\/div>\n<\/div>\n<\/div>\n<\/div>\n<\/div>\n<\/div>\n<\/div>\n<\/div>\n<\/blockquote>\n<p><strong><a class=\"dt-pswp-item\" href=\"https:\/\/www.radiopiu.net\/wordpress\/wp-content\/uploads\/2024\/03\/Senza-nome-63.png\" data-dt-img-description=\"\" data-large_image_width=\"424\" data-large_image_height=\"377\"><img loading=\"lazy\" decoding=\"async\" class=\"wp-image-379660 alignleft\" src=\"https:\/\/www.radiopiu.net\/wordpress\/wp-content\/uploads\/2024\/03\/Senza-nome-63-300x267.png\" alt=\"\" width=\"115\" height=\"102\" srcset=\"https:\/\/www.radiopiu.net\/wordpress\/wp-content\/uploads\/2024\/03\/Senza-nome-63-300x267.png 300w, https:\/\/www.radiopiu.net\/wordpress\/wp-content\/uploads\/2024\/03\/Senza-nome-63.png 424w\" sizes=\"auto, (max-width: 115px) 100vw, 115px\" \/><\/a>SANTO STEFANO DI CADORE<\/strong> Tragico incidente sul lavoro nei boschi di Santo Stefano di Cadore oggi pomeriggio. Un operaio bosniaco di 41 anni,\u00a0 Elvir Sarajcic dipendente di una ditta austriaca, ha subito un violento trauma mortale. Nonostante i soccorritori, giunti con elicottero e personale del CNSAS, abbiano tentato di rianimarlo, non c&#8217;\u00e8 stato nulla da fare. Carabinieri e tecnici della sicurezza sul lavoro stanno indagando sulla dinamica dell&#8217;incidente e le eventuali responsabilit\u00e0.<\/p>\n<p>&nbsp;<\/p>\n<p>******<\/p>\n","protected":false},"excerpt":{"rendered":"<p>***** &nbsp; Un operaio bosniaco di 40 anni, Elvir Sarajcic, \u00e8 morto tragicamente in Val Visdende mentre lavorava per una ditta austriaca. Un supporto della teleferica ha ceduto, causando il distacco della fune di acciaio che lo ha colpito mortalmente. Gli altri operai hanno allertato i soccorsi, ma non c&#8217;\u00e8 stato nulla da fare. Le&hellip;<\/p>\n","protected":false},"author":4,"featured_media":379660,"comment_status":"closed","ping_status":"closed","sticky":false,"template":"","format":"standard","meta":{"_monsterinsights_skip_tracking":false,"_monsterinsights_sitenote_active":false,"_monsterinsights_sitenote_note":"","_monsterinsights_sitenote_category":0,"footnotes":""},"categories":[51,49],"tags":[],"class_list":["post-379605","post","type-post","status-publish","format-standard","has-post-thumbnail","hentry","category-evidenza-top","category-news-18","category-51","category-49","description-off"],"img_url":"https:\/\/www.radiopiu.net\/wordpress\/wp-content\/uploads\/2024\/03\/Senza-nome-63.png","_links":{"self":[{"href":"https:\/\/www.radiopiu.net\/wordpress\/wp-json\/wp\/v2\/posts\/379605","targetHints":{"allow":["GET"]}}],"collection":[{"href":"https:\/\/www.radiopiu.net\/wordpress\/wp-json\/wp\/v2\/posts"}],"about":[{"href":"https:\/\/www.radiopiu.net\/wordpress\/wp-json\/wp\/v2\/types\/post"}],"author":[{"embeddable":true,"href":"https:\/\/www.radiopiu.net\/wordpress\/wp-json\/wp\/v2\/users\/4"}],"replies":[{"embeddable":true,"href":"https:\/\/www.radiopiu.net\/wordpress\/wp-json\/wp\/v2\/comments?post=379605"}],"version-history":[{"count":0,"href":"https:\/\/www.radiopiu.net\/wordpress\/wp-json\/wp\/v2\/posts\/379605\/revisions"}],"wp:featuredmedia":[{"embeddable":true,"href":"https:\/\/www.radiopiu.net\/wordpress\/wp-json\/wp\/v2\/media\/379660"}],"wp:attachment":[{"href":"https:\/\/www.radiopiu.net\/wordpress\/wp-json\/wp\/v2\/media?parent=379605"}],"wp:term":[{"taxonomy":"category","embeddable":true,"href":"https:\/\/www.radiopiu.net\/wordpress\/wp-json\/wp\/v2\/categories?post=379605"},{"taxonomy":"post_tag","embeddable":true,"href":"https:\/\/www.radiopiu.net\/wordpress\/wp-json\/wp\/v2\/tags?post=379605"}],"curies":[{"name":"wp","href":"https:\/\/api.w.org\/{rel}","templated":true}]}}