{"id":379623,"date":"2024-03-19T05:31:25","date_gmt":"2024-03-19T04:31:25","guid":{"rendered":"https:\/\/www.radiopiu.net\/wordpress\/?p=379623"},"modified":"2024-03-19T13:35:56","modified_gmt":"2024-03-19T12:35:56","slug":"giornale-radiopiu-19-marzo-2024-direttore-mirko-mezzacasada-40-anni-25-giugno-1983-25-giugno-2023","status":"publish","type":"post","link":"https:\/\/www.radiopiu.net\/wordpress\/giornale-radiopiu-19-marzo-2024-direttore-mirko-mezzacasada-40-anni-25-giugno-1983-25-giugno-2023\/","title":{"rendered":"GIORNALE RADIOPIU 19 MARZO 2024 DIRETTORE MIRKO MEZZACASA\u2026DA 40 ANNI 25 GIUGNO 1983-25 GIUGNO 2023"},"content":{"rendered":"<p>******<\/p>\n<p>&nbsp;<\/p>\n<h3><a href=\"https:\/\/www.radiopiu.net\/wordpress\/giornale-radiopiu-24-gennaio-2021-direttore-mirko-mezzacasa\/141433770_171616291414874_2957460898102012198_n\/\" rel=\"attachment wp-att-186566\"><img loading=\"lazy\" decoding=\"async\" class=\"wp-image-186566 alignleft\" src=\"https:\/\/www.radiopiu.net\/wordpress\/wp-content\/uploads\/2021\/01\/141433770_171616291414874_2957460898102012198_n-300x300.jpg\" alt=\"\" width=\"144\" height=\"144\" srcset=\"https:\/\/www.radiopiu.net\/wordpress\/wp-content\/uploads\/2021\/01\/141433770_171616291414874_2957460898102012198_n-300x300.jpg 300w, https:\/\/www.radiopiu.net\/wordpress\/wp-content\/uploads\/2021\/01\/141433770_171616291414874_2957460898102012198_n-150x150.jpg 150w, https:\/\/www.radiopiu.net\/wordpress\/wp-content\/uploads\/2021\/01\/141433770_171616291414874_2957460898102012198_n-768x768.jpg 768w, https:\/\/www.radiopiu.net\/wordpress\/wp-content\/uploads\/2021\/01\/141433770_171616291414874_2957460898102012198_n.jpg 800w\" sizes=\"auto, (max-width: 144px) 100vw, 144px\" \/><\/a>PER<strong> RICEVERE QUESTO NOTIZIARIO DIRETTAMENTE SUL TUO CELLULARE ISCRIVITI AL CANALE TELEGRAM <\/strong><strong>\u201cRADIO PIU\u00a0 INFORMAZIONE&#8221;\u00a0<\/strong><\/h3>\n<h3>\u00a0il CANALE TELEGRAM&#8230; UNISCITI A: RADIO PIU INFORMAZIONE<\/h3>\n<p>&nbsp;<\/p>\n<p>&nbsp;<\/p>\n<p><em><a href=\"https:\/\/www.radiopiu.net\/wordpress\/giornale-radiopiu-24-gennaio-2021-direttore-mirko-mezzacasa\/79216601_126817312416448_708980208774483089_n\/\" rel=\"attachment wp-att-186567\"><img loading=\"lazy\" decoding=\"async\" class=\"size-medium wp-image-186567 alignright\" src=\"https:\/\/www.radiopiu.net\/wordpress\/wp-content\/uploads\/2021\/01\/79216601_126817312416448_708980208774483089_n-300x114.jpg\" alt=\"\" width=\"300\" height=\"114\" srcset=\"https:\/\/www.radiopiu.net\/wordpress\/wp-content\/uploads\/2021\/01\/79216601_126817312416448_708980208774483089_n-300x114.jpg 300w, https:\/\/www.radiopiu.net\/wordpress\/wp-content\/uploads\/2021\/01\/79216601_126817312416448_708980208774483089_n-768x292.jpg 768w, https:\/\/www.radiopiu.net\/wordpress\/wp-content\/uploads\/2021\/01\/79216601_126817312416448_708980208774483089_n.jpg 820w\" sizes=\"auto, (max-width: 300px) 100vw, 300px\" \/><\/a><span style=\"color: #ff0000;\">ATTENZIONE: LA NUOVA APP PER IOS-IPHONE di Nicola Vettorello <\/span><\/em><a href=\"https:\/\/apps.apple.com\/it\/app\/radio-pi%C3%B9-emittente-agordina\/id1515939845\">https:\/\/apps.apple.com\/it\/app\/radio-pi%C3%B9-emittente-agordina\/id1515939845<\/a><\/p>\n<p><em style=\"color: #ff0000;\">ATTENZIONE: LA NUOVA APP RADIO\u00a0 PER ANDROID di Nicola Vettorello<\/em><\/p>\n<p><a href=\"https:\/\/play.google.com\/store\/apps\/details?id=net.radiopiu.iniko\" target=\"_blank\" rel=\"noopener noreferrer\">https:\/\/play.google.com\/store\/apps\/details?id=net.radiopiu.iniko\u00a0\u00a0<\/a><\/p>\n<p>&nbsp;<\/p>\n<h3 class=\"kvgmc6g5 cxmmr5t8 oygrvhab hcukyx3x c1et5uql\"><\/h3>\n<div data-block=\"true\" data-editor=\"avj4u\" data-offset-key=\"d3i0j-0-0\"><\/div>\n<div data-block=\"true\" data-editor=\"avj4u\" data-offset-key=\"d3i0j-0-0\">\n<hr \/>\n<\/div>\n<div data-block=\"true\" data-editor=\"avj4u\" data-offset-key=\"d3i0j-0-0\"><\/div>\n<p class=\"x11i5rnm xat24cr x1mh8g0r x1vvkbs xtlvy1s x126k92a\"><a class=\"dt-pswp-item\" href=\"https:\/\/www.radiopiu.net\/wordpress\/wp-content\/uploads\/2023\/10\/34f4cfc6-e863-46e9-9695-8df44be63421.jpg\" data-dt-img-description=\"\" data-large_image_width=\"1200\" data-large_image_height=\"1200\"><img loading=\"lazy\" decoding=\"async\" class=\"wp-image-357393 alignleft\" src=\"https:\/\/www.radiopiu.net\/wordpress\/wp-content\/uploads\/2023\/10\/34f4cfc6-e863-46e9-9695-8df44be63421-300x300.jpg\" alt=\"\" width=\"81\" height=\"81\" srcset=\"https:\/\/www.radiopiu.net\/wordpress\/wp-content\/uploads\/2023\/10\/34f4cfc6-e863-46e9-9695-8df44be63421-300x300.jpg 300w, https:\/\/www.radiopiu.net\/wordpress\/wp-content\/uploads\/2023\/10\/34f4cfc6-e863-46e9-9695-8df44be63421-1024x1024.jpg 1024w, https:\/\/www.radiopiu.net\/wordpress\/wp-content\/uploads\/2023\/10\/34f4cfc6-e863-46e9-9695-8df44be63421-150x150.jpg 150w, https:\/\/www.radiopiu.net\/wordpress\/wp-content\/uploads\/2023\/10\/34f4cfc6-e863-46e9-9695-8df44be63421-768x768.jpg 768w, https:\/\/www.radiopiu.net\/wordpress\/wp-content\/uploads\/2023\/10\/34f4cfc6-e863-46e9-9695-8df44be63421.jpg 1200w\" sizes=\"auto, (max-width: 81px) 100vw, 81px\" \/><\/a><span style=\"color: #000000;\">La Settimana della memoria e dell&#8217;impegno, Agordo come Roma: citt\u00e0 Libera i 100 passi verso il 21 marzo, giornata in ricordo della vittime innocenti delle mafie a cura del PRESIDIO AGORDINO DI LIBERA &#8220;LUCIA PRECENZANO E SALVATORE AVERSA da lunedi 18 a sabato 23 marzo, alle 9.45 e 18.45 &#8230; su radio pi\u00f9\u00a0<\/span><\/p>\n<p>***<\/p>\n<p><span style=\"color: #ff0000;\"><strong><a class=\"dt-pswp-item\" href=\"https:\/\/www.radiopiu.net\/wordpress\/wp-content\/uploads\/2024\/03\/livia-panigas-e-figlio-2.jpeg\" data-dt-img-description=\"\" data-large_image_width=\"977\" data-large_image_height=\"1230\"><img loading=\"lazy\" decoding=\"async\" class=\"wp-image-379633 alignleft\" src=\"https:\/\/www.radiopiu.net\/wordpress\/wp-content\/uploads\/2024\/03\/livia-panigas-e-figlio-2-238x300.jpeg\" alt=\"\" width=\"138\" height=\"174\" srcset=\"https:\/\/www.radiopiu.net\/wordpress\/wp-content\/uploads\/2024\/03\/livia-panigas-e-figlio-2-238x300.jpeg 238w, https:\/\/www.radiopiu.net\/wordpress\/wp-content\/uploads\/2024\/03\/livia-panigas-e-figlio-2-813x1024.jpeg 813w, https:\/\/www.radiopiu.net\/wordpress\/wp-content\/uploads\/2024\/03\/livia-panigas-e-figlio-2-768x967.jpeg 768w, https:\/\/www.radiopiu.net\/wordpress\/wp-content\/uploads\/2024\/03\/livia-panigas-e-figlio-2.jpeg 977w\" sizes=\"auto, (max-width: 138px) 100vw, 138px\" \/><\/a>OGGI ALLA RADIO<\/strong><\/span>: <strong>ALLE 7.20<\/strong> EL BAR DEL FIOR, DETTI E TRADIZIONI DI GIULIANA DA RONCH; <strong>ALLE 8.20<\/strong> MARINA DONA <strong>ALLE 9.10<\/strong> il country di Alex Nascinben<strong> ALLE 10.10 <\/strong>MUSLA, LE NOVE IN LADIN CON VERONICA <strong>ALLE 10.30<\/strong> india aire, puntata 05<strong>\u00a0 ALLE\u00a0 13.20 CALCIO<\/strong> 5 CANOTTIERI BELLUNO GIESSE RISARCIMENTO DANNI BELLUNO<strong> ALLE 14<\/strong> COLLAGE OPERAZIONE NOSTALGIA di LORIS SCUSSEL <strong>ALLE 15 <\/strong>EL DARLIN CON LUISA ALCHINI OSPITE LIVIA PANIGAS (foto) <strong>ALLE 16<\/strong> IL ROCK CON MARCO COSTANTINI <strong>ALLE 17<\/strong>\u00a0 LE CLASSIFICHE D&#8217;ANNATA DI MIRCO BENCIVENNI<\/p>\n<p>&nbsp;<\/p>\n<p>&nbsp;<\/p>\n<p>&nbsp;<\/p>\n<div class=\"x11i5rnm xat24cr x1mh8g0r x1vvkbs xtlvy1s x126k92a\">\n<div dir=\"auto\">\n<div data-block=\"true\" data-editor=\"avj4u\" data-offset-key=\"d3i0j-0-0\"><\/div>\n<\/div>\n<\/div>\n<div class=\"x11i5rnm xat24cr x1mh8g0r x1vvkbs xtlvy1s x126k92a\">\n<div dir=\"auto\">\n<p>&nbsp;<\/p>\n<hr \/>\n<p>&nbsp;<\/p>\n<p>&nbsp;<\/p>\n<div class=\"x11i5rnm xat24cr x1mh8g0r x1vvkbs xtlvy1s x126k92a\">\n<div dir=\"auto\">\n<p><strong><a class=\"dt-pswp-item\" href=\"https:\/\/www.radiopiu.net\/wordpress\/wp-content\/uploads\/2024\/02\/2d44e751-d8a8-461b-8e22-d8e4e853b032.jpg\" data-dt-img-description=\"\" data-large_image_width=\"1600\" data-large_image_height=\"1200\"><img loading=\"lazy\" decoding=\"async\" class=\"wp-image-373307 alignleft\" src=\"https:\/\/www.radiopiu.net\/wordpress\/wp-content\/uploads\/2024\/02\/2d44e751-d8a8-461b-8e22-d8e4e853b032-300x225.jpg\" alt=\"\" width=\"105\" height=\"79\" srcset=\"https:\/\/www.radiopiu.net\/wordpress\/wp-content\/uploads\/2024\/02\/2d44e751-d8a8-461b-8e22-d8e4e853b032-300x225.jpg 300w, https:\/\/www.radiopiu.net\/wordpress\/wp-content\/uploads\/2024\/02\/2d44e751-d8a8-461b-8e22-d8e4e853b032-1024x768.jpg 1024w, https:\/\/www.radiopiu.net\/wordpress\/wp-content\/uploads\/2024\/02\/2d44e751-d8a8-461b-8e22-d8e4e853b032-768x576.jpg 768w, https:\/\/www.radiopiu.net\/wordpress\/wp-content\/uploads\/2024\/02\/2d44e751-d8a8-461b-8e22-d8e4e853b032-1536x1152.jpg 1536w, https:\/\/www.radiopiu.net\/wordpress\/wp-content\/uploads\/2024\/02\/2d44e751-d8a8-461b-8e22-d8e4e853b032.jpg 1600w\" sizes=\"auto, (max-width: 105px) 100vw, 105px\" \/><\/a>EL BAL DEL FIOR, DI GIULIANA DA RONCH, 19 MARZO 2024<\/strong><\/p>\n<\/div>\n<\/div>\n<div class=\"x11i5rnm xat24cr x1mh8g0r x1vvkbs xtlvy1s x126k92a\">\n<div dir=\"auto\"><\/div>\n<\/div>\n<audio class=\"wp-audio-shortcode\" id=\"audio-379623-1\" preload=\"none\" style=\"width: 100%;\" controls=\"controls\"><source type=\"audio\/mpeg\" src=\"https:\/\/www.radiopiu.net\/wordpress\/wp-content\/uploads\/2024\/03\/GMA-3.m4a?_=1\" \/><a href=\"https:\/\/www.radiopiu.net\/wordpress\/wp-content\/uploads\/2024\/03\/GMA-3.m4a\">https:\/\/www.radiopiu.net\/wordpress\/wp-content\/uploads\/2024\/03\/GMA-3.m4a<\/a><\/audio>\n<\/div>\n<div dir=\"auto\">\n<div data-block=\"true\" data-editor=\"avj4u\" data-offset-key=\"d3i0j-0-0\">\n<div data-block=\"true\" data-editor=\"avj4u\" data-offset-key=\"d3i0j-0-0\"><\/div>\n<div data-block=\"true\" data-editor=\"avj4u\" data-offset-key=\"d3i0j-0-0\"><\/div>\n<div data-block=\"true\" data-editor=\"avj4u\" data-offset-key=\"d3i0j-0-0\"><\/div>\n<\/div>\n<hr \/>\n<\/div>\n<\/div>\n<blockquote>\n<blockquote>\n<h1><span style=\"color: #ff0000;\">\u00a0<\/span><\/h1>\n<h1><span style=\"color: #ff0000;\">\u00a0<\/span><\/h1>\n<h1><span style=\"color: #ff0000;\">I podcast informativi del mattino &#8211; audio &#8211;\u00a0<\/span><\/h1>\n<\/blockquote>\n<p><strong><a class=\"dt-pswp-item\" href=\"https:\/\/www.radiopiu.net\/wordpress\/wp-content\/uploads\/2023\/11\/th-10.jpg\" data-dt-img-description=\"\" data-large_image_width=\"320\" data-large_image_height=\"180\"><img loading=\"lazy\" decoding=\"async\" class=\"wp-image-362866 alignleft\" src=\"https:\/\/www.radiopiu.net\/wordpress\/wp-content\/uploads\/2023\/11\/th-10-300x169.jpg\" alt=\"\" width=\"185\" height=\"104\" srcset=\"https:\/\/www.radiopiu.net\/wordpress\/wp-content\/uploads\/2023\/11\/th-10-300x169.jpg 300w, https:\/\/www.radiopiu.net\/wordpress\/wp-content\/uploads\/2023\/11\/th-10.jpg 320w\" sizes=\"auto, (max-width: 185px) 100vw, 185px\" \/><\/a>LA RASSEGNA STAMPA NAZIONALE ALLA RADIO, OGNI GIORNO ALLE 5 E ALLE 6 DEL MATTINO <span style=\"color: #0000ff;\">viene pubblicata alle 6.00 <span style=\"color: #ff0000;\">DIRETTA RADIO\u00a0 \u00a0\u00a0<\/span><\/span><\/strong><\/p>\n<p>&nbsp;<\/p><\/blockquote>\n<p>&nbsp;<\/p>\n<p>di SISSY MARTINELLI<\/p>\n<p><strong>Richiesta<\/strong> di 8 anni di reclusione per l&#8217;ex presidente della Camera Fini per la casa di Montecarlo, accusa di riciclaggio, chiesti 9 anni per la compagna di Fini. <strong>Politica<\/strong>, dichiarzione dei vice premier sulle elezioni in Russia, Salvini difende il popolo e Putin, Tajani ricorda le violenti pressioni durante il voto. <strong>Trattative<\/strong> per candidati PD,\u00a0 comuni in Basilicata e Piemonte. <strong>Azione<\/strong> e Italia Viva sostengono la destra. <strong>Intesa<\/strong> al Cairo, Italia capofila, per il blocco dei migranti<\/p>\n<h2>AUDIO dalle 7 del mattino<\/h2>\n<audio class=\"wp-audio-shortcode\" id=\"audio-379623-2\" preload=\"none\" style=\"width: 100%;\" controls=\"controls\"><source type=\"audio\/mpeg\" src=\"https:\/\/www.radiopiu.net\/wordpress\/wp-content\/uploads\/2024\/03\/GIORNALEDELLESEI-15.mp3?_=2\" \/><a href=\"https:\/\/www.radiopiu.net\/wordpress\/wp-content\/uploads\/2024\/03\/GIORNALEDELLESEI-15.mp3\">https:\/\/www.radiopiu.net\/wordpress\/wp-content\/uploads\/2024\/03\/GIORNALEDELLESEI-15.mp3<\/a><\/audio>\n<p>&nbsp;<\/p>\n<p>&nbsp;<\/p>\n<hr \/>\n<p>&nbsp;<\/p>\n<h1 style=\"text-align: center;\"><span style=\"color: #ff0000;\">I podcast informativi del mattino &#8211; audio &#8211;\u00a0<\/span><\/h1>\n<p><strong><a class=\"dt-pswp-item\" href=\"https:\/\/www.radiopiu.net\/wordpress\/wp-content\/uploads\/2023\/12\/images.png\" data-dt-img-description=\"\" data-large_image_width=\"316\" data-large_image_height=\"160\"><img loading=\"lazy\" decoding=\"async\" class=\"wp-image-367008 alignleft\" src=\"https:\/\/www.radiopiu.net\/wordpress\/wp-content\/uploads\/2023\/12\/images-300x152.png\" alt=\"\" width=\"235\" height=\"119\" srcset=\"https:\/\/www.radiopiu.net\/wordpress\/wp-content\/uploads\/2023\/12\/images-300x152.png 300w, https:\/\/www.radiopiu.net\/wordpress\/wp-content\/uploads\/2023\/12\/images.png 316w\" sizes=\"auto, (max-width: 235px) 100vw, 235px\" \/><\/a>OGNI GIORNO ALLE SETTE DEL MATTINO, LA RASSEGNA STAMPA LOCALE FLASH&#8230; PER CHI VA IN FRETTA. I TITOLI DAI GIORNALI E DAL SITO WWW.RADIOPIU.NET <span style=\"color: #0000ff;\">viene pubblicato alle 7.00<\/span> <span style=\"color: #ff0000;\">DIRETTA RADIO\u00a0<\/span><\/strong><\/p>\n<p><em><span style=\"color: #ff0000;\">per chi va in fretta&#8230; tante notizie in pochi minuti. L&#8217;informazione locale alla radio, ogni ora dalle 7 del mattino alle 19 della sera.\u00a0 \u00a0 \u00a0<\/span><\/em><\/p>\n<p><strong>SANTO STEFANO<\/strong>\u00a0\u00a0Un tragico incidente ha segnato la morte di Elvir Sarajcic, un sopravvissuto alla guerra in Bosnia, avvenuto mentre lavorava in un bosco in Val Visdende. La Procura di Belluno ha avviato un\u2019indagine per omicidio colposo, coinvolgendo il datore di lavoro del 40enne. Sarajcic \u00e8 stato colpito alla testa da una fune portante in acciaio mentre manovrava una teleferica, causando la sua morte immediata. Le indagini sulle circostanze dell\u2019incidente sono ancora in corso.<\/p>\n<p><strong>DOMANI I FUNERALI<\/strong> DEL PRESIDENTE PROVINCIALE DELL\u2019UNIONE MUTILATI Erminio De Conz, deceduto all\u2019et\u00e0 di 96 anni, \u00e8 stato presidente provinciale dell\u2019Unione Mutilati per servizio per vent\u2019anni, insignito di diverse onorificenze per il suo impegno. Ha militato nella Resistenza con il nome di battaglia \u201cTom\u201d, operando nelle squadre di azione patriottica. Lascia la moglie, i figli e i nipoti. I funerali si terranno domani alle 11 nella chiesa parrocchiale di Santo Stefano, seguiti dalla sepoltura a Orzes.<br \/>\n<strong>Canale d&#8217;agordo<\/strong> ATTI DI VANDALISMO ALLA BAITA GIOVANNI PAOLO I SOTTO LE CIME D\u2019AUTA<br \/>\n<strong>FELTRE\u00a0<\/strong>La frazione di Foen rimane in allerta dopo una serie di raid compiuti da presunte bande di ladri. Gli episodi, culminati nel tentativo di forzare una cassaforte, hanno spinto i residenti a promuovere una petizione per chiedere al sindaco Viviana Fusaro una maggiore presenza delle forze dell\u2019ordine<\/p>\n<p><strong>SELVA DI CADORE<\/strong> Nel tardo pomeriggio di Iieri , su richiesta della Sala Operativa 115 del Comando Provinciale VF di Belluno ,i Pompieri Volontari di Selva di Cadore e i colleghi Permanenti del distaccamento di Agordo sono intervenuti per incendio camino.<\/p>\n<p><strong>LIVINALLONGO DEL COL DI LANA\u00a0<\/strong>Via libera al nuovo impianto di risalita \u201cMonti di Ornella-Passo Padon\u201d. Si \u00e8 conclusa venerd\u00ec l\u2019istruttoria relativa al progetto presentato dalla societ\u00e0 Antercrep srl, a valere sul bando per contributi regionali per lo sviluppo delle aree sciabili attrezzate<\/p>\n<p><strong>L\u2019AGORDINO<\/strong> FUORI DAL CONSIGLIO PROVINCIALE<\/p>\n<h2>AUDIO dalle 7 del mattino<\/h2>\n<audio class=\"wp-audio-shortcode\" id=\"audio-379623-3\" preload=\"none\" style=\"width: 100%;\" controls=\"controls\"><source type=\"audio\/mpeg\" src=\"https:\/\/www.radiopiu.net\/wordpress\/wp-content\/uploads\/2024\/03\/GF07-16.mp3?_=3\" \/><a href=\"https:\/\/www.radiopiu.net\/wordpress\/wp-content\/uploads\/2024\/03\/GF07-16.mp3\">https:\/\/www.radiopiu.net\/wordpress\/wp-content\/uploads\/2024\/03\/GF07-16.mp3<\/a><\/audio>\n<p>&nbsp;<\/p>\n<p>&nbsp;<\/p>\n<hr \/>\n<p>&nbsp;<\/p>\n<h1><\/h1>\n<h1 style=\"text-align: center;\"><span style=\"color: #ff0000;\"><a class=\"dt-pswp-item\" href=\"https:\/\/www.radiopiu.net\/wordpress\/wp-content\/uploads\/2022\/01\/026c3f9d-dae9-4040-a3c1-a6530231bcc3.jpg\" data-dt-img-description=\"\" data-large_image_width=\"1152\" data-large_image_height=\"2048\"><img loading=\"lazy\" decoding=\"async\" class=\"wp-image-251839 alignleft\" src=\"https:\/\/www.radiopiu.net\/wordpress\/wp-content\/uploads\/2022\/01\/026c3f9d-dae9-4040-a3c1-a6530231bcc3-169x300.jpg\" alt=\"\" width=\"100\" height=\"177\" srcset=\"https:\/\/www.radiopiu.net\/wordpress\/wp-content\/uploads\/2022\/01\/026c3f9d-dae9-4040-a3c1-a6530231bcc3-169x300.jpg 169w, https:\/\/www.radiopiu.net\/wordpress\/wp-content\/uploads\/2022\/01\/026c3f9d-dae9-4040-a3c1-a6530231bcc3-576x1024.jpg 576w, https:\/\/www.radiopiu.net\/wordpress\/wp-content\/uploads\/2022\/01\/026c3f9d-dae9-4040-a3c1-a6530231bcc3-768x1365.jpg 768w, https:\/\/www.radiopiu.net\/wordpress\/wp-content\/uploads\/2022\/01\/026c3f9d-dae9-4040-a3c1-a6530231bcc3-864x1536.jpg 864w, https:\/\/www.radiopiu.net\/wordpress\/wp-content\/uploads\/2022\/01\/026c3f9d-dae9-4040-a3c1-a6530231bcc3.jpg 1152w\" sizes=\"auto, (max-width: 100px) 100vw, 100px\" \/><\/a>I podcast informativi del mattino &#8211; audio &#8211;\u00a0<\/span><\/h1>\n<blockquote><p><strong>GIORNALE RADIO NAZIONALE, EDIZIONE DELLE SETTE <span style=\"color: #0000ff;\">viene pubblicato alle 7.05 <span style=\"color: #ff0000;\">DIRETTA RADIO\u00a0<\/span><\/span><\/strong><\/p><\/blockquote>\n<p><strong>il giornale radionazionale e&#8217; in onda ogni ora, dalle sette del mattino alle venti della sera\u00a0\u00a0<\/strong><\/p>\n<p>&nbsp;<\/p>\n<p>&nbsp;<\/p>\n<p>&nbsp;<\/p>\n<h2>AUDIO dalle sette del mattino, ogni ora alla radio<\/h2>\n<audio class=\"wp-audio-shortcode\" id=\"audio-379623-4\" preload=\"none\" style=\"width: 100%;\" controls=\"controls\"><source type=\"audio\/mpeg\" src=\"https:\/\/www.radiopiu.net\/wordpress\/wp-content\/uploads\/2024\/03\/giornale07-15.mp3?_=4\" \/><a href=\"https:\/\/www.radiopiu.net\/wordpress\/wp-content\/uploads\/2024\/03\/giornale07-15.mp3\">https:\/\/www.radiopiu.net\/wordpress\/wp-content\/uploads\/2024\/03\/giornale07-15.mp3<\/a><\/audio>\n<p>&nbsp;<\/p>\n<p>&nbsp;<\/p>\n<p>&nbsp;<\/p>\n<h2><\/h2>\n<hr \/>\n<p>&nbsp;<\/p>\n<p>&nbsp;<\/p>\n<h1><span style=\"color: #ff0000;\">I podcast informativi del mattino &#8211; video &#8211;\u00a0<\/span><\/h1>\n<h2><strong><a class=\"dt-pswp-item\" href=\"https:\/\/www.radiopiu.net\/wordpress\/wp-content\/uploads\/2023\/12\/th-10.jpg\" data-dt-img-description=\"\" data-large_image_width=\"245\" data-large_image_height=\"180\"><img loading=\"lazy\" decoding=\"async\" class=\" wp-image-367395 alignleft\" src=\"https:\/\/www.radiopiu.net\/wordpress\/wp-content\/uploads\/2023\/12\/th-10.jpg\" alt=\"\" width=\"166\" height=\"122\" \/><\/a>RASSEGNA STAMPA LOCALE, ORE OTTO 05<\/strong><\/h2>\n<h2><strong> <span style=\"color: #0000ff;\">viene\u00a0 <\/span><\/strong><strong><span style=\"color: #0000ff;\">pubblicata alle 8.05 <span style=\"color: #ff0000;\">DIRETTA RADIO\u00a0\u00a0<\/span><\/span><\/strong><\/h2>\n<p><strong>DI MIRKO MEZZACASA\u00a0 \u00a0\u00a0<\/strong><\/p>\n<p><strong>SANTA GIUSTINA\u00a0<\/strong>Il Subcommissario Simone Maniero del SULPL Veneto ha risposto prontamente alle critiche del Sindaco di Santa Giustina riguardo alle sanzioni della Polizia Locale. Il Sindaco ha sollevato dubbi sull\u2019operato della polizia locale, sostenendo i cittadini sanzionati. Maniero ha accusato il Sindaco di delegittimare la polizia locale per fini elettorali.<\/p>\n<p><strong>BELLUNO<\/strong>\u00a0L\u2019Assessore regionale alla Sanit\u00e0, Manuela Lanzarin, ha inaugurato la nuova Gamma Camera all\u2019ospedale di Belluno, finanziata con 850 mila euro, di cui 670 mila provenienti dal PNRR e 180 mila dalla Regione<br \/>\n<strong>TREVISO_BELLUNO<\/strong>\u00a0La Fondazione Corazzin ha avviato un questionario online anonimo rivolto alle donne di et\u00e0 compresa tra 18 e 35 anni residenti o domiciliate nella provincia di Belluno, con l\u2019obiettivo di indagare le cause che limitano la partecipazione delle donne al mercato del lavoro.<\/p>\n<p><strong>BELLUNO<\/strong>\u00a0Emanuela Loi aveva 24 anni quando perse la vita nell\u2019attentato di Via d\u2019Amelio; agente della Polizia di Stato di scorta al giudice Paolo Borsellino, \u00e8 stata la prima poliziotta uccisa in servizio. Da mercoled\u00ec, alla sua memoria nel capoluogo sar\u00e0 intitolato un piazzale.<\/p>\n<p><strong>FALCADE<\/strong> \u201cCerimonia di Consegna dei Diplomi all\u2019Istituto Follador \u2013 De Rossi di Falcade: Un Momento Significativo di Condivisione e Riconoscimento\u201d<br \/>\n<strong>CORTINA\u00a0<\/strong>Nelle pittoresche montagne di Cortina, un cuore intraprendente e un tocco di fortuna hanno portato alla salvezza di Fischio, un meticcio di tre anni. La sua avventura ha avuto inizio lungo un sentiero adiacente alle piste, dove \u00e8 rimasto ferito. Fortunatamente, i poliziotti in servizio nella zona sono intervenuti prontamente<\/p>\n<p><strong>PREMIO GIORNALISTICO<\/strong> \u201cIVANO POCCHIESA\u201d IL 22 MARZO A LONGARONE<\/p>\n<h2><strong>VIDEO\u00a0 \u00a0in diretta dalle 8 del mattino<\/strong><\/h2>\n<p><iframe loading=\"lazy\" title=\"DAL 1983 LA RASSEGNA STAMPA LOCALE di mirko mezzacasa. L&#039;ORIGINALE\" width=\"1200\" height=\"675\" src=\"https:\/\/www.youtube.com\/embed\/xjLaqZ9n2a0?feature=oembed\" frameborder=\"0\" allow=\"accelerometer; autoplay; clipboard-write; encrypted-media; gyroscope; picture-in-picture; web-share\" allowfullscreen><\/iframe><\/p>\n<p>&nbsp;<\/p>\n<hr \/>\n<p>&nbsp;<\/p>\n<blockquote>\n<h3><a class=\"dt-pswp-item\" href=\"https:\/\/www.radiopiu.net\/wordpress\/wp-content\/uploads\/2024\/03\/Senza-nome-63.png\" data-dt-img-description=\"\" data-large_image_width=\"424\" data-large_image_height=\"377\"><img loading=\"lazy\" decoding=\"async\" class=\"wp-image-379660 alignleft\" src=\"https:\/\/www.radiopiu.net\/wordpress\/wp-content\/uploads\/2024\/03\/Senza-nome-63-300x267.png\" alt=\"\" width=\"104\" height=\"93\" srcset=\"https:\/\/www.radiopiu.net\/wordpress\/wp-content\/uploads\/2024\/03\/Senza-nome-63-300x267.png 300w, https:\/\/www.radiopiu.net\/wordpress\/wp-content\/uploads\/2024\/03\/Senza-nome-63.png 424w\" sizes=\"auto, (max-width: 104px) 100vw, 104px\" \/><\/a>MORTE SUL LAVORO, IMPRESARIO INDAGATO<\/h3>\n<\/blockquote>\n<p><strong>SANTO STEFANO\u00a0<\/strong> Un tragico incidente ha segnato la morte di Elvir Sarajcic, un sopravvissuto alla guerra in Bosnia, avvenuto mentre lavorava in un bosco in Val Visdende. La Procura di Belluno ha avviato un&#8217;indagine per omicidio colposo, coinvolgendo il datore di lavoro del 40enne. Sarajcic \u00e8 stato colpito alla testa da una fune portante in acciaio mentre manovrava una teleferica, causando la sua morte immediata. Le indagini sulle circostanze dell&#8217;incidente sono ancora in corso.<\/p>\n<div class=\"w-full pt-2 md:pt-0 dark:border-white\/20 md:border-transparent md:dark:border-transparent md:w-[calc(100%-.5rem)]\">\n<form class=\"stretch mx-2 flex flex-row gap-3 last:mb-2 md:mx-4 md:last:mb-6 lg:mx-auto lg:max-w-2xl xl:max-w-3xl\">\n<div class=\"relative flex h-full flex-1 flex-col\">\n<div class=\"flex w-full items-center\"><\/div>\n<\/div>\n<\/form>\n<\/div>\n<p><strong class=\"photoswipe-wrapper\"><a class=\"dt-pswp-item pspw-wrap-ready\" href=\"https:\/\/www.radiopiu.net\/wordpress\/wp-content\/uploads\/2024\/01\/Senza-nome-34.png\" data-dt-img-description=\"\" data-large_image_width=\"239\" data-large_image_height=\"153\"><img loading=\"lazy\" decoding=\"async\" class=\"wp-image-369478 alignleft\" src=\"https:\/\/www.radiopiu.net\/wordpress\/wp-content\/uploads\/2024\/01\/Senza-nome-34.png\" alt=\"\" width=\"128\" height=\"82\" \/><\/a><\/strong><\/p>\n<h1 class=\"_title post-title entry-title\"><\/h1>\n<p><strong>dal TG BELLUNESE di\u00a0 ANTENNA 3 ogni sera alle 19.30 sul canale 10 del digitale terrestre e alle 19 le anticipazioni alla radio.\u00a0<\/strong><\/p>\n<p>&nbsp;<\/p>\n<blockquote>\n<h2 class=\"_title post-title entry-title\">TRAGEDIA IN VAL VISDENDE, FLAI CGIL: \u00abURGENTE ATTIVAZIONE TAVOLO SICUREZZA\u00bb<\/h2>\n<\/blockquote>\n<p>Intervistati SEBASTIANO GROSSELLE (SEGRETARIO GENERALE FLAI CGIL BELLUNO) (Servizio di\u00a0<a href=\"https:\/\/antennatre.medianordest.it\/redazione\/Fabio-Fioravanzi\/\">Fabio Fioravanzi<\/a>)<\/p>\n<p><iframe loading=\"lazy\" title=\"TRAGEDIA IN VAL VISDENDE, FLAI CGIL: \u00abURGENTE ATTIVAZIONE TAVOLO SICUREZZA\u00bb | 18\/03\/2024\" width=\"1200\" height=\"675\" src=\"https:\/\/www.youtube.com\/embed\/dghLroKPGus?feature=oembed\" frameborder=\"0\" allow=\"accelerometer; autoplay; clipboard-write; encrypted-media; gyroscope; picture-in-picture; web-share\" allowfullscreen><\/iframe><\/p>\n<p>&nbsp;<\/p>\n<p>&nbsp;<\/p>\n<hr \/>\n<p>&nbsp;<\/p>\n<blockquote>\n<h3><a class=\"dt-pswp-item\" href=\"https:\/\/www.radiopiu.net\/wordpress\/wp-content\/uploads\/2024\/03\/Senza-nome-66.png\" data-dt-img-description=\"\" data-large_image_width=\"383\" data-large_image_height=\"266\"><img loading=\"lazy\" decoding=\"async\" class=\"wp-image-379821 alignleft\" src=\"https:\/\/www.radiopiu.net\/wordpress\/wp-content\/uploads\/2024\/03\/Senza-nome-66-300x208.png\" alt=\"\" width=\"159\" height=\"110\" srcset=\"https:\/\/www.radiopiu.net\/wordpress\/wp-content\/uploads\/2024\/03\/Senza-nome-66-300x208.png 300w, https:\/\/www.radiopiu.net\/wordpress\/wp-content\/uploads\/2024\/03\/Senza-nome-66.png 383w\" sizes=\"auto, (max-width: 159px) 100vw, 159px\" \/><\/a>DOMANI I FUNERALI DEL PRESIDENTE PROVINCIALE DELL&#8217;UNIONE MUTILATI<\/h3>\n<\/blockquote>\n<div class=\"flex-1 overflow-hidden\">\n<div class=\"react-scroll-to-bottom--css-petsd-79elbk h-full\">\n<div class=\"react-scroll-to-bottom--css-petsd-1n7m0yu\">\n<div class=\"flex flex-col text-sm pb-9\">\n<div class=\"w-full text-token-text-primary\" data-testid=\"conversation-turn-14\">\n<div class=\"px-4 py-2 justify-center text-base md:gap-6 m-auto\">\n<div class=\"flex flex-1 text-base mx-auto gap-3 md:px-5 lg:px-1 xl:px-5 md:max-w-3xl lg:max-w-[40rem] xl:max-w-[48rem] group final-completion\">\n<div class=\"relative flex w-full flex-col agent-turn\">\n<div class=\"flex-col gap-1 md:gap-3\">\n<div class=\"flex flex-grow flex-col max-w-full\">\n<div class=\"min-h-[20px] text-message flex flex-col items-start gap-3 whitespace-pre-wrap break-words [.text-message+&amp;]:mt-5 overflow-x-auto\" data-message-author-role=\"assistant\" data-message-id=\"5e5b12b7-d741-4d17-b477-eb59ffe53b8b\">\n<div class=\"markdown prose w-full break-words dark:prose-invert dark\">\n<p>Erminio De Conz, deceduto all&#8217;et\u00e0 di 96 anni, \u00e8 stato presidente provinciale dell&#8217;Unione Mutilati per servizio per vent&#8217;anni, insignito di diverse onorificenze per il suo impegno. Ha militato nella Resistenza con il nome di battaglia &#8220;Tom&#8221;, operando nelle squadre di azione patriottica. Lascia la moglie, i figli e i nipoti. I funerali si terranno domani alle 11 nella chiesa parrocchiale di Santo Stefano, seguiti dalla sepoltura a Orzes.<\/p>\n<\/div>\n<\/div>\n<\/div>\n<\/div>\n<\/div>\n<\/div>\n<\/div>\n<\/div>\n<\/div>\n<\/div>\n<\/div>\n<\/div>\n<p>&nbsp;<\/p>\n<hr \/>\n<p>&nbsp;<\/p>\n<blockquote>\n<h3>ATTI DI VANDALISMO ALLA BAITA GIOVANNI PAOLO I SOTTO LE CIME D&#8217;AUTA<\/h3>\n<\/blockquote>\n<p><strong>CANALE D&#8217;AGORDO<\/strong><\/p>\n<p>DI GIANNI SANTOMASO<\/p>\n<audio class=\"wp-audio-shortcode\" id=\"audio-379623-5\" preload=\"none\" style=\"width: 100%;\" controls=\"controls\"><source type=\"audio\/mpeg\" src=\"https:\/\/www.radiopiu.net\/wordpress\/wp-content\/uploads\/2024\/03\/GIANNI-ATTI-DI-VANDALISMO-ALLA-BAITA-GIOVANNI-PAOLO-I-SOTTO-LE-CIME-DAUTA.mp3?_=5\" \/><a href=\"https:\/\/www.radiopiu.net\/wordpress\/wp-content\/uploads\/2024\/03\/GIANNI-ATTI-DI-VANDALISMO-ALLA-BAITA-GIOVANNI-PAOLO-I-SOTTO-LE-CIME-DAUTA.mp3\">https:\/\/www.radiopiu.net\/wordpress\/wp-content\/uploads\/2024\/03\/GIANNI-ATTI-DI-VANDALISMO-ALLA-BAITA-GIOVANNI-PAOLO-I-SOTTO-LE-CIME-DAUTA.mp3<\/a><\/audio>\n<p>&nbsp;<\/p>\n\n\t\t\t<style type='text\/css'>\n\t\t\t\t#gallery-1 {\n\t\t\t\t\tmargin: auto;\n\t\t\t\t}\n\t\t\t\t#gallery-1 .gallery-item {\n\t\t\t\t\tfloat: left;\n\t\t\t\t\tmargin-top: 10px;\n\t\t\t\t\ttext-align: center;\n\t\t\t\t\twidth: 25%;\n\t\t\t\t}\n\t\t\t\t#gallery-1 img {\n\t\t\t\t\tborder: 2px solid #cfcfcf;\n\t\t\t\t}\n\t\t\t\t#gallery-1 .gallery-caption {\n\t\t\t\t\tmargin-left: 0;\n\t\t\t\t}\n\t\t\t\t\/* see gallery_shortcode() in wp-includes\/media.php *\/\n\t\t\t<\/style>\n\t\t<div id='gallery-1' class='dt-gallery-container gallery galleryid-379623 gallery-columns-4 gallery-size-thumbnail'><dl class='gallery-item'>\n\t\t\t\t<dt class='gallery-icon landscape'>\n\t\t\t\t\t<a class=\"rollover rollover-zoom dt-pswp-item\" title=\"d5351eef-b448-4bce-9e1b-8fe5189ca90d\" data-dt-img-description=\"\" data-large_image_width=\"1600\" data-large_image_height=\"1600\"href='https:\/\/www.radiopiu.net\/wordpress\/wp-content\/uploads\/2024\/03\/d5351eef-b448-4bce-9e1b-8fe5189ca90d.jpg'><img loading=\"lazy\" decoding=\"async\" width=\"150\" height=\"150\" src=\"https:\/\/www.radiopiu.net\/wordpress\/wp-content\/uploads\/2024\/03\/d5351eef-b448-4bce-9e1b-8fe5189ca90d-150x150.jpg\" class=\"attachment-thumbnail size-thumbnail\" alt=\"\" srcset=\"https:\/\/www.radiopiu.net\/wordpress\/wp-content\/uploads\/2024\/03\/d5351eef-b448-4bce-9e1b-8fe5189ca90d-150x150.jpg 150w, https:\/\/www.radiopiu.net\/wordpress\/wp-content\/uploads\/2024\/03\/d5351eef-b448-4bce-9e1b-8fe5189ca90d-300x300.jpg 300w, https:\/\/www.radiopiu.net\/wordpress\/wp-content\/uploads\/2024\/03\/d5351eef-b448-4bce-9e1b-8fe5189ca90d-1024x1024.jpg 1024w, https:\/\/www.radiopiu.net\/wordpress\/wp-content\/uploads\/2024\/03\/d5351eef-b448-4bce-9e1b-8fe5189ca90d-768x768.jpg 768w, https:\/\/www.radiopiu.net\/wordpress\/wp-content\/uploads\/2024\/03\/d5351eef-b448-4bce-9e1b-8fe5189ca90d-1536x1536.jpg 1536w, https:\/\/www.radiopiu.net\/wordpress\/wp-content\/uploads\/2024\/03\/d5351eef-b448-4bce-9e1b-8fe5189ca90d.jpg 1600w\" sizes=\"auto, (max-width: 150px) 100vw, 150px\" \/><\/a>\n\t\t\t\t<\/dt><\/dl><dl class='gallery-item'>\n\t\t\t\t<dt class='gallery-icon landscape'>\n\t\t\t\t\t<a class=\"rollover rollover-zoom dt-pswp-item\" title=\"ee37d358-42fc-4e9c-830d-dc71d2d108f3\" data-dt-img-description=\"\" data-large_image_width=\"1600\" data-large_image_height=\"1600\"href='https:\/\/www.radiopiu.net\/wordpress\/wp-content\/uploads\/2024\/03\/ee37d358-42fc-4e9c-830d-dc71d2d108f3.jpg'><img loading=\"lazy\" decoding=\"async\" width=\"150\" height=\"150\" src=\"https:\/\/www.radiopiu.net\/wordpress\/wp-content\/uploads\/2024\/03\/ee37d358-42fc-4e9c-830d-dc71d2d108f3-150x150.jpg\" class=\"attachment-thumbnail size-thumbnail\" alt=\"\" srcset=\"https:\/\/www.radiopiu.net\/wordpress\/wp-content\/uploads\/2024\/03\/ee37d358-42fc-4e9c-830d-dc71d2d108f3-150x150.jpg 150w, https:\/\/www.radiopiu.net\/wordpress\/wp-content\/uploads\/2024\/03\/ee37d358-42fc-4e9c-830d-dc71d2d108f3-300x300.jpg 300w, https:\/\/www.radiopiu.net\/wordpress\/wp-content\/uploads\/2024\/03\/ee37d358-42fc-4e9c-830d-dc71d2d108f3-1024x1024.jpg 1024w, https:\/\/www.radiopiu.net\/wordpress\/wp-content\/uploads\/2024\/03\/ee37d358-42fc-4e9c-830d-dc71d2d108f3-768x768.jpg 768w, https:\/\/www.radiopiu.net\/wordpress\/wp-content\/uploads\/2024\/03\/ee37d358-42fc-4e9c-830d-dc71d2d108f3-1536x1536.jpg 1536w, https:\/\/www.radiopiu.net\/wordpress\/wp-content\/uploads\/2024\/03\/ee37d358-42fc-4e9c-830d-dc71d2d108f3.jpg 1600w\" sizes=\"auto, (max-width: 150px) 100vw, 150px\" \/><\/a>\n\t\t\t\t<\/dt><\/dl><dl class='gallery-item'>\n\t\t\t\t<dt class='gallery-icon landscape'>\n\t\t\t\t\t<a class=\"rollover rollover-zoom dt-pswp-item\" title=\"7276f857-b1ef-42da-bc77-f781e32a42f9\" data-dt-img-description=\"\" data-large_image_width=\"1600\" data-large_image_height=\"1600\"href='https:\/\/www.radiopiu.net\/wordpress\/wp-content\/uploads\/2024\/03\/7276f857-b1ef-42da-bc77-f781e32a42f9.jpg'><img loading=\"lazy\" decoding=\"async\" width=\"150\" height=\"150\" src=\"https:\/\/www.radiopiu.net\/wordpress\/wp-content\/uploads\/2024\/03\/7276f857-b1ef-42da-bc77-f781e32a42f9-150x150.jpg\" class=\"attachment-thumbnail size-thumbnail\" alt=\"\" srcset=\"https:\/\/www.radiopiu.net\/wordpress\/wp-content\/uploads\/2024\/03\/7276f857-b1ef-42da-bc77-f781e32a42f9-150x150.jpg 150w, https:\/\/www.radiopiu.net\/wordpress\/wp-content\/uploads\/2024\/03\/7276f857-b1ef-42da-bc77-f781e32a42f9-300x300.jpg 300w, https:\/\/www.radiopiu.net\/wordpress\/wp-content\/uploads\/2024\/03\/7276f857-b1ef-42da-bc77-f781e32a42f9-1024x1024.jpg 1024w, https:\/\/www.radiopiu.net\/wordpress\/wp-content\/uploads\/2024\/03\/7276f857-b1ef-42da-bc77-f781e32a42f9-768x768.jpg 768w, https:\/\/www.radiopiu.net\/wordpress\/wp-content\/uploads\/2024\/03\/7276f857-b1ef-42da-bc77-f781e32a42f9-1536x1536.jpg 1536w, https:\/\/www.radiopiu.net\/wordpress\/wp-content\/uploads\/2024\/03\/7276f857-b1ef-42da-bc77-f781e32a42f9.jpg 1600w\" sizes=\"auto, (max-width: 150px) 100vw, 150px\" \/><\/a>\n\t\t\t\t<\/dt><\/dl><dl class='gallery-item'>\n\t\t\t\t<dt class='gallery-icon landscape'>\n\t\t\t\t\t<a class=\"rollover rollover-zoom dt-pswp-item\" title=\"3f3d438c-86e3-4673-84c6-00dd81fed26d\" data-dt-img-description=\"\" data-large_image_width=\"1600\" data-large_image_height=\"721\"href='https:\/\/www.radiopiu.net\/wordpress\/wp-content\/uploads\/2024\/03\/3f3d438c-86e3-4673-84c6-00dd81fed26d.jpg'><img loading=\"lazy\" decoding=\"async\" width=\"150\" height=\"150\" src=\"https:\/\/www.radiopiu.net\/wordpress\/wp-content\/uploads\/2024\/03\/3f3d438c-86e3-4673-84c6-00dd81fed26d-150x150.jpg\" class=\"attachment-thumbnail size-thumbnail\" alt=\"\" \/><\/a>\n\t\t\t\t<\/dt><\/dl><br style=\"clear: both\" \/>\n\t\t\t<\/div>\n\n<p>&nbsp;<\/p>\n<p>&nbsp;<\/p>\n<hr \/>\n<p>&nbsp;<\/p>\n<blockquote>\n<h1><strong><a class=\"dt-pswp-item\" href=\"https:\/\/www.radiopiu.net\/wordpress\/wp-content\/uploads\/2018\/07\/Foen-dopo.jpg\" data-dt-img-description=\"\" data-large_image_width=\"1600\" data-large_image_height=\"1200\"><img loading=\"lazy\" decoding=\"async\" class=\"wp-image-53502 alignleft\" src=\"https:\/\/www.radiopiu.net\/wordpress\/wp-content\/uploads\/2018\/07\/Foen-dopo-300x225.jpg\" alt=\"\" width=\"183\" height=\"137\" srcset=\"https:\/\/www.radiopiu.net\/wordpress\/wp-content\/uploads\/2018\/07\/Foen-dopo-300x225.jpg 300w, https:\/\/www.radiopiu.net\/wordpress\/wp-content\/uploads\/2018\/07\/Foen-dopo-768x576.jpg 768w, https:\/\/www.radiopiu.net\/wordpress\/wp-content\/uploads\/2018\/07\/Foen-dopo-1024x768.jpg 1024w, https:\/\/www.radiopiu.net\/wordpress\/wp-content\/uploads\/2018\/07\/Foen-dopo.jpg 1600w\" sizes=\"auto, (max-width: 183px) 100vw, 183px\" \/><\/a>Preoccupazione a Foen: Petizione per Maggiore Sicurezza<\/strong><\/h1>\n<\/blockquote>\n<p><strong>FELTRE<\/strong> La frazione di Foen rimane in allerta dopo una serie di raid compiuti da presunte bande di ladri. Gli episodi, culminati nel tentativo di forzare una cassaforte, hanno spinto i residenti a promuovere una petizione per chiedere al sindaco Viviana Fusaro una maggiore presenza delle forze dell&#8217;ordine. La raccolta firme, in corso tra la comunit\u00e0, mira a garantire una maggiore sicurezza per l&#8217;intera frazione, coinvolgendo attivamente i residenti. La speranza \u00e8 di raggiungere un numero significativo di adesioni e organizzare un incontro con le autorit\u00e0 locali per affrontare il problema.<\/p>\n<div class=\"w-full pt-2 md:pt-0 dark:border-white\/20 md:border-transparent md:dark:border-transparent md:w-[calc(100%-.5rem)]\">\n<form class=\"stretch mx-2 flex flex-row gap-3 last:mb-2 md:mx-4 md:last:mb-6 lg:mx-auto lg:max-w-2xl xl:max-w-3xl\">\n<div class=\"relative flex h-full flex-1 flex-col\">\n<div class=\"flex w-full items-center\"><\/div>\n<div><\/div>\n<div>\n<hr \/>\n<\/div>\n<div>\n<div>\n<div class=\"x1cy8zhl x78zum5 x1q0g3np xod5an3 x1pi30zi x1swvt13 xz9dl7a\">\n<div class=\"x1iyjqo2\">\n<div class=\"x78zum5 xdt5ytf xz62fqu x16ldp7u\">\n<div class=\"xu06os2 x1ok221b\"><span class=\"x193iq5w xeuugli x13faqbe x1vvkbs x1xmvt09 x1lliihq x1s928wv xhkezso x1gmr53x x1cpjm7i x1fgarty x1943h6x x4zkp8e x676frb x1nxh6w3 x1sibtaa xo1l8bm xi81zsa x1yc453h\" dir=\"auto\"><span id=\":rae:\"><span class=\"xh99ass\"><span aria-hidden=\"true\">\u00a0 \u00a0<\/span><\/span><\/span><\/span><\/div>\n<blockquote>\n<h1>POMPIERI VOLONTARI DI CAPRILE, SICUREZZA PER IL TERRITORIO<\/h1>\n<p><strong>REDAZIONE<\/strong> Un&#8217; altra dimostrazione dell&#8217;importanza dei volontari sul territorio. Oggi sotto ai riflettori i vigili del fuoco volontari di Selva di Cadore che ieri hanno evitato il peggio con un intervento immediato.<\/p>\n<div class=\"w-full pt-2 md:pt-0 dark:border-white\/20 md:border-transparent md:dark:border-transparent md:w-[calc(100%-.5rem)]\">\n<div class=\"relative flex h-full flex-1 flex-col\">\n<div>\n<div>\n<div class=\"x1cy8zhl x78zum5 x1q0g3np xod5an3 x1pi30zi x1swvt13 xz9dl7a\">\n<div class=\"x1iyjqo2\">\n<div class=\"x78zum5 xdt5ytf xz62fqu x16ldp7u\">\n<blockquote>\n<h2><a class=\"dt-pswp-item\" href=\"https:\/\/www.radiopiu.net\/wordpress\/wp-content\/uploads\/2024\/03\/433468173_10211965272763160_7349058699211197643_n.jpg\" data-dt-img-description=\"\" data-large_image_width=\"720\" data-large_image_height=\"540\"><img loading=\"lazy\" decoding=\"async\" class=\" wp-image-379840 alignleft\" src=\"https:\/\/www.radiopiu.net\/wordpress\/wp-content\/uploads\/2024\/03\/433468173_10211965272763160_7349058699211197643_n-300x225.jpg\" alt=\"\" width=\"163\" height=\"122\" srcset=\"https:\/\/www.radiopiu.net\/wordpress\/wp-content\/uploads\/2024\/03\/433468173_10211965272763160_7349058699211197643_n-300x225.jpg 300w, https:\/\/www.radiopiu.net\/wordpress\/wp-content\/uploads\/2024\/03\/433468173_10211965272763160_7349058699211197643_n.jpg 720w\" sizes=\"auto, (max-width: 163px) 100vw, 163px\" \/><\/a><\/h2>\n<\/blockquote>\n<\/div>\n<\/div>\n<div class=\"xqcrz7y x78zum5 x1qx5ct2 x1y1aw1k x1sxyh0 xwib8y2 xurb0ha xw4jnvo\">\n<div>\n<div class=\"x1i10hfl x1qjc9v5 xjqpnuy xa49m3k xqeqjp1 x2hbi6w x9f619 x1ypdohk xdl72j9 x2lah0s xe8uvvx x2lwn1j xeuugli x16tdsg8 x1hl2dhg xggy1nq x1ja2u2z x1t137rt x1o1ewxj x3x9cwd x1e5q0jg x13rtm0m x1q0g3np x87ps6o x1lku1pv x1a2a7pz xjyslct xjbqb8w x13fuv20 xu3j5b3 x1q0q8m5 x26u7qi x972fbf xcfux6l x1qhh985 xm0m39n x3nfvp2 xdj266r x11i5rnm xat24cr x1mh8g0r xexx8yu x4uap5 x18d9i69 xkhd6sd x1n2onr6 x3ajldb x194ut8o x1vzenxt xd7ygy7 xt298gk x1xhcax0 x1s928wv x10pfhc2 x1j6awrg x1v53gu8 x1tfg27r xitxdhh\" tabindex=\"0\" role=\"button\" aria-expanded=\"false\" aria-haspopup=\"menu\" aria-label=\"Azioni per questo post\">\n<div class=\"x1ey2m1c xds687c x17qophe xg01cxk x47corl x10l6tqk x13vifvy x1ebt8du x19991ni x1dhq9h xzolkzo x12go9s9 x1rnf11y xprq8jg\" role=\"none\" data-visualcompletion=\"ignore\"><\/div>\n<\/div>\n<\/div>\n<\/div>\n<div>\n<div class=\"x1ey2m1c xds687c x17qophe xg01cxk x47corl x10l6tqk x13vifvy x1ebt8du x19991ni x1dhq9h xzolkzo x12go9s9 x1rnf11y xprq8jg\" role=\"none\" data-visualcompletion=\"ignore\"><\/div>\n<\/div>\n<\/div>\n<\/div>\n<div>\n<div class=\"\" dir=\"auto\">\n<div id=\":raf:\" class=\"x1iorvi4 x1pi30zi x1l90r2v x1swvt13\" data-ad-comet-preview=\"message\" data-ad-preview=\"message\">\n<div class=\"x78zum5 xdt5ytf xz62fqu x16ldp7u\">\n<div class=\"xu06os2 x1ok221b\">\n<div class=\"xdj266r x11i5rnm xat24cr x1mh8g0r x1vvkbs x126k92a\">\n<div dir=\"auto\"><strong>\u00a0INTERVENTO<\/strong><\/div>\n<\/div>\n<div class=\"x11i5rnm xat24cr x1mh8g0r x1vvkbs xtlvy1s x126k92a\">\n<div dir=\"auto\"><strong>18\/03\/2024 ore 17.50\u00a0<\/strong><\/div>\n<div dir=\"auto\"><\/div>\n<\/div>\n<div class=\"x11i5rnm xat24cr x1mh8g0r x1vvkbs xtlvy1s x126k92a\">\n<div dir=\"auto\">Nel tardo pomeriggio di Iieri , su richiesta della Sala Operativa 115 del Comando Provinciale VF di Belluno ,i Pompieri Volontari di Selva di Cadore e i colleghi Permanenti del distaccamento di Agordo sono intervenuti per incendio camino.<\/div>\n<\/div>\n<\/div>\n<\/div>\n<\/div>\n<\/div>\n<\/div>\n<\/div>\n<div><\/div>\n<div><span class=\"\"><span class=\"xt0psk2\"><a class=\"x1i10hfl xjbqb8w x1ejq31n xd10rxx x1sy0etr x17r0tee x972fbf xcfux6l x1qhh985 xm0m39n x9f619 x1ypdohk xt0psk2 xe8uvvx xdj266r x11i5rnm xat24cr x1mh8g0r xexx8yu x4uap5 x18d9i69 xkhd6sd x16tdsg8 x1hl2dhg xggy1nq x1a2a7pz x1heor9g xt0b8zv\" tabindex=\"0\" role=\"link\" href=\"https:\/\/www.facebook.com\/groups\/1441840852715463\/user\/100005130828203\/?__cft__[0]=AZWN0J5xtWD-XznaH1cbExijLqoRuGdQ4dj1fXGu4nU-TaxWx-cj5X-baAPCXaUy55LlAsRqJgljS53yWo4TU1RbkdxDfA-Sxx58W591OsT9DiARV8GC4H6Mvs54n5AGBhgDQcdvNIxs4C2B9vnTH3dJ&amp;__tn__=R]-R\" aria-hidden=\"false\"><span class=\"x3nfvp2\"><span class=\"x193iq5w xeuugli x13faqbe x1vvkbs x1xmvt09 x1lliihq x1s928wv xhkezso x1gmr53x x1cpjm7i x1fgarty x1943h6x x4zkp8e x676frb x1nxh6w3 x1sibtaa x1s688f xzsf02u\" dir=\"auto\">Dario Nicolai<\/span><\/span><\/a> <\/span><\/span>Grazie di cuore, siete stati nn tempestivi, ed impeccabili, di pi\u00f9, arrivati in tempo, per nn avere danni non voglio nemmeno pensare al peggio<\/div>\n<div><\/div>\n<\/div>\n<\/div>\n<p><span class=\"\"><span class=\"xt0psk2\"><a class=\"x1i10hfl xjbqb8w x1ejq31n xd10rxx x1sy0etr x17r0tee x972fbf xcfux6l x1qhh985 xm0m39n x9f619 x1ypdohk xt0psk2 xe8uvvx xdj266r x11i5rnm xat24cr x1mh8g0r xexx8yu x4uap5 x18d9i69 xkhd6sd x16tdsg8 x1hl2dhg xggy1nq x1a2a7pz x1heor9g xt0b8zv\" tabindex=\"0\" role=\"link\" href=\"https:\/\/www.facebook.com\/groups\/1441840852715463\/user\/100000253492038\/?__cft__[0]=AZWN0J5xtWD-XznaH1cbExijLqoRuGdQ4dj1fXGu4nU-TaxWx-cj5X-baAPCXaUy55LlAsRqJgljS53yWo4TU1RbkdxDfA-Sxx58W591OsT9DiARV8GC4H6Mvs54n5AGBhgDQcdvNIxs4C2B9vnTH3dJ&amp;__tn__=R]-R\" aria-hidden=\"false\"><span class=\"x3nfvp2\"><span class=\"x193iq5w xeuugli x13faqbe x1vvkbs x1xmvt09 x1lliihq x1s928wv xhkezso x1gmr53x x1cpjm7i x1fgarty x1943h6x x4zkp8e x676frb x1nxh6w3 x1sibtaa x1s688f xzsf02u\" dir=\"auto\">Alessandro Nicolai<\/span><\/span><\/a> <\/span><\/span>Grazie di cuore a tutti, per fortuna esistono le varie associazioni di volontariato nei nostri paesi di montagna.<\/p><\/blockquote>\n<\/div>\n<\/div>\n<\/div>\n<\/div>\n<\/div>\n<\/div>\n<\/form>\n<\/div>\n<p>&nbsp;<\/p>\n<hr \/>\n<p>&nbsp;<\/p>\n<blockquote>\n<h2>Nuova seggiovia \u201cMonti di Ornella-Passo Padon\u201d, via libera all\u2019intervento<\/h2>\n<\/blockquote>\n<p>&nbsp;<\/p>\n<p><span style=\"font-size: large;\"><strong><img loading=\"lazy\" decoding=\"async\" class=\"alignleft\" src=\"https:\/\/www.radiopiu.net\/wordpress\/wp-content\/uploads\/2023\/07\/SOTTOGUDA-MARMOLADA-PADON-8.jpg\" width=\"375\" height=\"211\" \/>LIVINALLONGO DEL COL DI LANA<\/strong> Via libera al nuovo impianto di risalita \u201cMonti di Ornella-Passo Padon\u201d. Si \u00e8 conclusa venerd\u00ec l\u2019istruttoria relativa al progetto presentato dalla societ\u00e0 Antercrep srl, a valere sul bando per contributi regionali per lo sviluppo delle aree sciabili attrezzate (Dgr Veneto 1260\/2020). Dopo meno di un anno, con sei mesi di sospensione richiesta dalla societ\u00e0 proponente per completare le pratiche, l\u2019iter ha avuto esito positivo. <\/span><em><span style=\"font-size: large;\">\u00abSi conferma quindi la celerit\u00e0 dei nostri uffici, per interventi strategici sul rinnovamento delle ski aree\u00bb afferma il presidente della Provincia di Belluno, Roberto Padrin. \u00abRinnovamento che mette in moto importanti contributi regionali e ha il vantaggio di ottimizzare la rete degli impianti di risalita\u00bb. <\/span><\/em><span style=\"font-size: large;\">Il progetto prevede la realizzazione di una seggiovia esaposto ad ammorsamento automatico con portata oraria di 1.800 persone denominata \u201cSem237 Monti di Ornella &#8211; Passo Padon\u201d. Si tratta di una sostituzione dell\u2019attuale seggiovia biposto. L<\/span><span style=\"font-size: large;\">\u2019intervento vale circa 7,5 milioni di euro ed \u00e8 cofinanziato per met\u00e0 dai contributi regionali previsti dalla Dgr 1260\/2020. La realizzazione \u00e8 programmata per la stagione estiva 2024.\u00a0<\/span><\/p>\n<p>&nbsp;<\/p>\n<p>&nbsp;<\/p>\n<hr \/>\n<p>&nbsp;<\/p>\n<blockquote>\n<h3>L&#8217;AGORDINO FUORI DAL CONSIGLIO PROVINCIALE<\/h3>\n<\/blockquote>\n<p><strong><a class=\"dt-pswp-item\" href=\"https:\/\/www.radiopiu.net\/wordpress\/wp-content\/uploads\/2020\/06\/palazzo_piloni_belluno.jpg\" data-dt-img-description=\"\" data-large_image_width=\"1000\" data-large_image_height=\"667\"><img loading=\"lazy\" decoding=\"async\" class=\" wp-image-144771 alignleft\" src=\"https:\/\/www.radiopiu.net\/wordpress\/wp-content\/uploads\/2020\/06\/palazzo_piloni_belluno-300x200.jpg\" alt=\"\" width=\"209\" height=\"139\" srcset=\"https:\/\/www.radiopiu.net\/wordpress\/wp-content\/uploads\/2020\/06\/palazzo_piloni_belluno-300x200.jpg 300w, https:\/\/www.radiopiu.net\/wordpress\/wp-content\/uploads\/2020\/06\/palazzo_piloni_belluno-768x512.jpg 768w, https:\/\/www.radiopiu.net\/wordpress\/wp-content\/uploads\/2020\/06\/palazzo_piloni_belluno.jpg 1000w\" sizes=\"auto, (max-width: 209px) 100vw, 209px\" \/><\/a>AGORDINO<\/strong><\/p>\n<p>DI GIANNI SANTOMASO<\/p>\n<audio class=\"wp-audio-shortcode\" id=\"audio-379623-6\" preload=\"none\" style=\"width: 100%;\" controls=\"controls\"><source type=\"audio\/mpeg\" src=\"https:\/\/www.radiopiu.net\/wordpress\/wp-content\/uploads\/2024\/03\/GIANNI-LAGORDINO-FUORI-DAL-CONSIGLIO-PROVINCIALE.mp3?_=6\" \/><a href=\"https:\/\/www.radiopiu.net\/wordpress\/wp-content\/uploads\/2024\/03\/GIANNI-LAGORDINO-FUORI-DAL-CONSIGLIO-PROVINCIALE.mp3\">https:\/\/www.radiopiu.net\/wordpress\/wp-content\/uploads\/2024\/03\/GIANNI-LAGORDINO-FUORI-DAL-CONSIGLIO-PROVINCIALE.mp3<\/a><\/audio>\n<p>&nbsp;<\/p>\n<hr \/>\n<p>&nbsp;<\/p>\n<blockquote>\n<h2>SANTA GIUSTINA SINDACO \u201cCORAGGIOSO\u201d APPOGGIA I RICORSI. UN PRECEDENTE GRAVE: DELEGITTIMA LA POLIZIA LOCALE.<\/h2>\n<\/blockquote>\n<div class=\"flex-1 overflow-hidden\">\n<div class=\"react-scroll-to-bottom--css-petsd-79elbk h-full\">\n<div class=\"react-scroll-to-bottom--css-petsd-1n7m0yu\">\n<div class=\"flex flex-col text-sm pb-9\">\n<div class=\"w-full text-token-text-primary\" data-testid=\"conversation-turn-8\">\n<div class=\"px-4 py-2 justify-center text-base md:gap-6 m-auto\">\n<div class=\"flex flex-1 text-base mx-auto gap-3 md:px-5 lg:px-1 xl:px-5 md:max-w-3xl lg:max-w-[40rem] xl:max-w-[48rem] group final-completion\">\n<div class=\"relative flex w-full flex-col agent-turn\">\n<div class=\"flex-col gap-1 md:gap-3\">\n<div class=\"flex flex-grow flex-col max-w-full\">\n<div class=\"min-h-[20px] text-message flex flex-col items-start gap-3 whitespace-pre-wrap break-words [.text-message+&amp;]:mt-5 overflow-x-auto\" data-message-author-role=\"assistant\" data-message-id=\"116a281b-0bc8-4eb6-a75c-0dc1af4f420a\">\n<div class=\"markdown prose w-full break-words dark:prose-invert dark\">\n<p><strong><a class=\"dt-pswp-item\" href=\"https:\/\/www.radiopiu.net\/wordpress\/wp-content\/uploads\/2024\/03\/SimoneManiero.png\" data-dt-img-description=\"\" data-large_image_width=\"1080\" data-large_image_height=\"1069\"><img loading=\"lazy\" decoding=\"async\" class=\" wp-image-379730 alignleft\" src=\"https:\/\/www.radiopiu.net\/wordpress\/wp-content\/uploads\/2024\/03\/SimoneManiero-300x297.png\" alt=\"\" width=\"166\" height=\"164\" srcset=\"https:\/\/www.radiopiu.net\/wordpress\/wp-content\/uploads\/2024\/03\/SimoneManiero-300x297.png 300w, https:\/\/www.radiopiu.net\/wordpress\/wp-content\/uploads\/2024\/03\/SimoneManiero-1024x1014.png 1024w, https:\/\/www.radiopiu.net\/wordpress\/wp-content\/uploads\/2024\/03\/SimoneManiero-768x760.png 768w, https:\/\/www.radiopiu.net\/wordpress\/wp-content\/uploads\/2024\/03\/SimoneManiero.png 1080w\" sizes=\"auto, (max-width: 166px) 100vw, 166px\" \/><\/a>SANTA GIUSTINA<\/strong> Il Subcommissario Simone Maniero del SULPL Veneto ha risposto prontamente alle critiche del Sindaco di Santa Giustina riguardo alle sanzioni della Polizia Locale. Il Sindaco ha sollevato dubbi sull&#8217;operato della polizia locale, sostenendo i cittadini sanzionati. Maniero ha accusato il Sindaco di delegittimare la polizia locale per fini elettorali. La controversia riguarda la classificazione di una strada locale. Maniero ha difeso l&#8217;operato della Polizia Locale, sottolineando il rispetto delle normative e il parere favorevole della Polstrada. Ha evidenziato che le sanzioni seguono ordinanze comunali e che la comunit\u00e0 ha richiesto il rispetto delle norme. Ha criticato il Sindaco per non annullare le sanzioni e lasciare che i cittadini ricorrano al Giudice di Pace, rischiando spese aggiuntive. Ha concluso sottolineando la coerenza della Polizia Locale e criticando l&#8217;intervento pubblico del Sindaco su una questione legale.<\/p>\n<p>&nbsp;<\/p>\n<p><strong>IL SINDACO DI SANTA GIUSTINA IVAN MINELLA RISPONDE<\/strong><\/p>\n<div dir=\"auto\"><em>Ho letto con curiosit\u00e0 dalla stampa locale l&#8217;intervento del Sindacato Unitario Lavoratori di Polizia locale sulla non costituzione in giudizio dell&#8217;amministrazione comunale in merito alle sanzioni per violazione del codice della strada. Le dichiarazioni rilasciate nei giorni scorsi non volevano in alcun modo denigrare l\u2019operato della nostra Polizia Locale, ma semplicemente spiegare come la decisione di questa amministrazione di non costituirsi in giudizio sia una scelta che spesso le amministrazioni si trovano a fare in circostanze analoghe e pertanto non vuole rappresentare un disconoscimento dell\u2019operato del nostro Comando.\u00a0 Ci rimettiamo fiduciosi al giudizio oggettivo del giudice, per dirimere una complicata questione che necessita di valutazioni tecniche e non politiche.<\/em><\/div>\n<div dir=\"auto\"><\/div>\n<div dir=\"auto\"><\/div>\n<p>&nbsp;<\/p>\n<hr \/>\n<p>&nbsp;<\/p>\n<blockquote>\n<h3>INAUGURATA LA GAMMA CAMERA ALL&#8217;OSPEDALE DI BELLUNO<\/h3>\n<\/blockquote>\n<p><strong>BELLUNO<\/strong> L&#8217;Assessore regionale alla Sanit\u00e0, Manuela Lanzarin, ha inaugurato la nuova Gamma Camera all&#8217;ospedale di Belluno, finanziata con 850 mila euro, di cui 670 mila provenienti dal PNRR e 180 mila dalla Regione. Questo investimento testimonia l&#8217;attenzione alla sanit\u00e0 di montagna, portando tecnologie all&#8217;avanguardia. La Gamma Camera permette 800 esami all&#8217;anno, riducendo i tempi di esecuzione e migliorando la precisione delle immagini cliniche. L&#8217;apparecchiatura acquisisce immagini scintigrafiche, consentendo ai medici di valutare il funzionamento degli organi e correlarlo alle condizioni del paziente. Lanzarin sottolinea l&#8217;efficace utilizzo dei fondi PNRR, con un investimento complessivo di 24,4 milioni di euro in progetti sanitari innovativi.<\/p>\n<p><strong>PER LE TRE RADIO, BARBARA PAOLAZZI<\/strong><\/p>\n<audio class=\"wp-audio-shortcode\" id=\"audio-379623-7\" preload=\"none\" style=\"width: 100%;\" controls=\"controls\"><source type=\"audio\/mpeg\" src=\"https:\/\/www.radiopiu.net\/wordpress\/wp-content\/uploads\/2024\/03\/PAOLAZZI-GAMMA-CAMERA-OSPEDALE-BELLUNO.mp3?_=7\" \/><a href=\"https:\/\/www.radiopiu.net\/wordpress\/wp-content\/uploads\/2024\/03\/PAOLAZZI-GAMMA-CAMERA-OSPEDALE-BELLUNO.mp3\">https:\/\/www.radiopiu.net\/wordpress\/wp-content\/uploads\/2024\/03\/PAOLAZZI-GAMMA-CAMERA-OSPEDALE-BELLUNO.mp3<\/a><\/audio>\n<p>&nbsp;<\/p>\n\n\t\t\t<style type='text\/css'>\n\t\t\t\t#gallery-2 {\n\t\t\t\t\tmargin: auto;\n\t\t\t\t}\n\t\t\t\t#gallery-2 .gallery-item {\n\t\t\t\t\tfloat: left;\n\t\t\t\t\tmargin-top: 10px;\n\t\t\t\t\ttext-align: center;\n\t\t\t\t\twidth: 33%;\n\t\t\t\t}\n\t\t\t\t#gallery-2 img {\n\t\t\t\t\tborder: 2px solid #cfcfcf;\n\t\t\t\t}\n\t\t\t\t#gallery-2 .gallery-caption {\n\t\t\t\t\tmargin-left: 0;\n\t\t\t\t}\n\t\t\t\t\/* see gallery_shortcode() in wp-includes\/media.php *\/\n\t\t\t<\/style>\n\t\t<div id='gallery-2' class='dt-gallery-container gallery galleryid-379623 gallery-columns-3 gallery-size-medium'><dl class='gallery-item'>\n\t\t\t\t<dt class='gallery-icon landscape'>\n\t\t\t\t\t<a class=\"rollover rollover-zoom dt-pswp-item\" title=\"LANZARIN BELLUNO 1\" data-dt-img-description=\"\" data-large_image_width=\"1600\" data-large_image_height=\"1130\"href='https:\/\/www.radiopiu.net\/wordpress\/wp-content\/uploads\/2024\/03\/LANZARIN-BELLUNO-1.jpeg'><img loading=\"lazy\" decoding=\"async\" width=\"300\" height=\"212\" src=\"https:\/\/www.radiopiu.net\/wordpress\/wp-content\/uploads\/2024\/03\/LANZARIN-BELLUNO-1-300x212.jpeg\" class=\"attachment-medium size-medium\" alt=\"\" srcset=\"https:\/\/www.radiopiu.net\/wordpress\/wp-content\/uploads\/2024\/03\/LANZARIN-BELLUNO-1-300x212.jpeg 300w, https:\/\/www.radiopiu.net\/wordpress\/wp-content\/uploads\/2024\/03\/LANZARIN-BELLUNO-1-1024x723.jpeg 1024w, https:\/\/www.radiopiu.net\/wordpress\/wp-content\/uploads\/2024\/03\/LANZARIN-BELLUNO-1-768x542.jpeg 768w, https:\/\/www.radiopiu.net\/wordpress\/wp-content\/uploads\/2024\/03\/LANZARIN-BELLUNO-1-1536x1085.jpeg 1536w, https:\/\/www.radiopiu.net\/wordpress\/wp-content\/uploads\/2024\/03\/LANZARIN-BELLUNO-1.jpeg 1600w\" sizes=\"auto, (max-width: 300px) 100vw, 300px\" \/><\/a>\n\t\t\t\t<\/dt><\/dl><dl class='gallery-item'>\n\t\t\t\t<dt class='gallery-icon landscape'>\n\t\t\t\t\t<a class=\"rollover rollover-zoom dt-pswp-item\" title=\"LANZARIN BELLUNO 2\" data-dt-img-description=\"\" data-large_image_width=\"1600\" data-large_image_height=\"1066\"href='https:\/\/www.radiopiu.net\/wordpress\/wp-content\/uploads\/2024\/03\/LANZARIN-BELLUNO-2.jpeg'><img loading=\"lazy\" decoding=\"async\" width=\"300\" height=\"200\" src=\"https:\/\/www.radiopiu.net\/wordpress\/wp-content\/uploads\/2024\/03\/LANZARIN-BELLUNO-2-300x200.jpeg\" class=\"attachment-medium size-medium\" alt=\"\" srcset=\"https:\/\/www.radiopiu.net\/wordpress\/wp-content\/uploads\/2024\/03\/LANZARIN-BELLUNO-2-300x200.jpeg 300w, https:\/\/www.radiopiu.net\/wordpress\/wp-content\/uploads\/2024\/03\/LANZARIN-BELLUNO-2-1024x682.jpeg 1024w, https:\/\/www.radiopiu.net\/wordpress\/wp-content\/uploads\/2024\/03\/LANZARIN-BELLUNO-2-768x512.jpeg 768w, https:\/\/www.radiopiu.net\/wordpress\/wp-content\/uploads\/2024\/03\/LANZARIN-BELLUNO-2-1536x1023.jpeg 1536w, https:\/\/www.radiopiu.net\/wordpress\/wp-content\/uploads\/2024\/03\/LANZARIN-BELLUNO-2.jpeg 1600w\" sizes=\"auto, (max-width: 300px) 100vw, 300px\" \/><\/a>\n\t\t\t\t<\/dt><\/dl><dl class='gallery-item'>\n\t\t\t\t<dt class='gallery-icon landscape'>\n\t\t\t\t\t<a class=\"rollover rollover-zoom dt-pswp-item\" title=\"LANZARIN BELLUNO 3\" data-dt-img-description=\"\" data-large_image_width=\"2040\" data-large_image_height=\"1530\"href='https:\/\/www.radiopiu.net\/wordpress\/wp-content\/uploads\/2024\/03\/LANZARIN-BELLUNO-3.jpeg'><img loading=\"lazy\" decoding=\"async\" width=\"300\" height=\"225\" src=\"https:\/\/www.radiopiu.net\/wordpress\/wp-content\/uploads\/2024\/03\/LANZARIN-BELLUNO-3-300x225.jpeg\" class=\"attachment-medium size-medium\" alt=\"\" srcset=\"https:\/\/www.radiopiu.net\/wordpress\/wp-content\/uploads\/2024\/03\/LANZARIN-BELLUNO-3-300x225.jpeg 300w, https:\/\/www.radiopiu.net\/wordpress\/wp-content\/uploads\/2024\/03\/LANZARIN-BELLUNO-3-1024x768.jpeg 1024w, https:\/\/www.radiopiu.net\/wordpress\/wp-content\/uploads\/2024\/03\/LANZARIN-BELLUNO-3-768x576.jpeg 768w, https:\/\/www.radiopiu.net\/wordpress\/wp-content\/uploads\/2024\/03\/LANZARIN-BELLUNO-3-1536x1152.jpeg 1536w, https:\/\/www.radiopiu.net\/wordpress\/wp-content\/uploads\/2024\/03\/LANZARIN-BELLUNO-3.jpeg 2040w\" sizes=\"auto, (max-width: 300px) 100vw, 300px\" \/><\/a>\n\t\t\t\t<\/dt><\/dl><br style=\"clear: both\" \/>\n\t\t\t<\/div>\n\n<p><strong class=\"photoswipe-wrapper\"><a class=\"dt-pswp-item pspw-wrap-ready\" href=\"https:\/\/www.radiopiu.net\/wordpress\/wp-content\/uploads\/2024\/01\/Senza-nome-34.png\" data-dt-img-description=\"\" data-large_image_width=\"239\" data-large_image_height=\"153\"><img loading=\"lazy\" decoding=\"async\" class=\"wp-image-369478 alignleft\" src=\"https:\/\/www.radiopiu.net\/wordpress\/wp-content\/uploads\/2024\/01\/Senza-nome-34.png\" alt=\"\" width=\"128\" height=\"82\" \/><\/a><\/strong><\/p>\n<h1 class=\"_title post-title entry-title\"><\/h1>\n<p><strong>dal TG BELLUNESE di\u00a0 ANTENNA 3 ogni sera alle 19.30 sul canale 10 del digitale terrestre e alle 19 le anticipazioni alla radio.\u00a0\u00a0<\/strong><\/p>\n<p>&nbsp;<\/p>\n<blockquote>\n<h1 class=\"_title post-title entry-title\">ULSS 1: VIA ALLA GAMMA CAMERA, LANZARIN: \u00abSFORZI IN CAMPO ANCHE PER PERSONALE SANITA\u2026<\/h1>\n<\/blockquote>\n<p>Intervistati GIUSEPPE DAL BEN (COMMISSARIO ULSS 1 DOLOMITI), OSCAR DE PELLEGRIN (PRESIDENTE CONFERENZA DEI SINDACI ULSS 1), MANUELA LANZARIN (ASSESSORA SANITA\u2019 REGIONE VENETO) (Servizio di <a href=\"https:\/\/antennatre.medianordest.it\/redazione\/Tiziana-Bolognani\/\">Tiziana Bolognani<\/a>)<\/p>\n<p><iframe loading=\"lazy\" title=\"ULSS 1: VIA ALLA GAMMA CAMERA, LANZARIN: \u00abSFORZI IN CAMPO ANCHE PER PERSONALE SANITA... | 18\/03\/2024\" width=\"1200\" height=\"675\" src=\"https:\/\/www.youtube.com\/embed\/4HZstudHT3A?feature=oembed\" frameborder=\"0\" allow=\"accelerometer; autoplay; clipboard-write; encrypted-media; gyroscope; picture-in-picture; web-share\" allowfullscreen><\/iframe><\/p>\n<p>&nbsp;<\/p>\n<hr \/>\n<p>&nbsp;<\/p>\n<blockquote>\n<h2>Indagine sull&#8217;occupazione delle giovani donne in provincia di Belluno Il questionario rientra nelle attivit\u00e0 del progetto Femfactor Dolomiti<\/h2>\n<\/blockquote>\n<div align=\"left\"><span style=\"color: #000000; font-family: Helvetica;\"><a class=\"dt-pswp-item\" href=\"https:\/\/www.radiopiu.net\/wordpress\/wp-content\/uploads\/2024\/03\/Senza-nome-65.png\" data-dt-img-description=\"\" data-large_image_width=\"731\" data-large_image_height=\"613\"><img loading=\"lazy\" decoding=\"async\" class=\"size-medium wp-image-379753 alignleft\" src=\"https:\/\/www.radiopiu.net\/wordpress\/wp-content\/uploads\/2024\/03\/Senza-nome-65-300x252.png\" alt=\"\" width=\"300\" height=\"252\" srcset=\"https:\/\/www.radiopiu.net\/wordpress\/wp-content\/uploads\/2024\/03\/Senza-nome-65-300x252.png 300w, https:\/\/www.radiopiu.net\/wordpress\/wp-content\/uploads\/2024\/03\/Senza-nome-65.png 731w\" sizes=\"auto, (max-width: 300px) 100vw, 300px\" \/><\/a><strong>TREVISO_BELLUNO<\/strong> La Fondazione Corazzin ha avviato un questionario online anonimo rivolto alle donne di et\u00e0 compresa tra 18 e 35 anni residenti o domiciliate nella provincia di Belluno, con l&#8217;obiettivo di indagare le cause che limitano la partecipazione delle donne al mercato del lavoro. Questa indagine fa parte del progetto Femfactor Dolomiti, approvato dalla Regione, e mira a comprendere le difficolt\u00e0 di inserimento e\/o permanenza nel mondo del lavoro, nonch\u00e9 le aspettative personali e le criticit\u00e0. La ricerca condotta dalla Fondazione Corazzin all&#8217;interno del progetto si propone di analizzare la disoccupazione delle giovani donne nella provincia di Belluno, esaminando le loro relazioni con il mondo del lavoro e individuando le sfide incontrate nella ricerca di opportunit\u00e0 occupazionali desiderate. Il questionario \u00e8 disponibile online al seguente link: <a href=\"https:\/\/forms.gle\/ETWokqTzGYuDUeqk8\" target=\"_new\" rel=\"noopener\">https:\/\/forms.gle\/ETWokqTzGYuDUeqk8<\/a><\/span><\/div>\n<div align=\"left\"><\/div>\n<div align=\"left\"><span style=\"color: #000000; font-family: Helvetica;\"> <b>Anna Orsini, presidente della Fondazione Corazzin<\/b><\/span><\/div>\n<div align=\"left\">\n<audio class=\"wp-audio-shortcode\" id=\"audio-379623-8\" preload=\"none\" style=\"width: 100%;\" controls=\"controls\"><source type=\"audio\/mpeg\" src=\"https:\/\/www.radiopiu.net\/wordpress\/wp-content\/uploads\/2024\/03\/orsini.mp3?_=8\" \/><a href=\"https:\/\/www.radiopiu.net\/wordpress\/wp-content\/uploads\/2024\/03\/orsini.mp3\">https:\/\/www.radiopiu.net\/wordpress\/wp-content\/uploads\/2024\/03\/orsini.mp3<\/a><\/audio>\n<p>&nbsp;<\/p>\n<p><strong>PER LE TRE RADIO, BARBARA PAOLAZZI<\/strong><\/p>\n<audio class=\"wp-audio-shortcode\" id=\"audio-379623-9\" preload=\"none\" style=\"width: 100%;\" controls=\"controls\"><source type=\"audio\/mpeg\" src=\"https:\/\/www.radiopiu.net\/wordpress\/wp-content\/uploads\/2024\/03\/PAOLAZZI-FONDAZIONE-CORAZZIN.mp3?_=9\" \/><a href=\"https:\/\/www.radiopiu.net\/wordpress\/wp-content\/uploads\/2024\/03\/PAOLAZZI-FONDAZIONE-CORAZZIN.mp3\">https:\/\/www.radiopiu.net\/wordpress\/wp-content\/uploads\/2024\/03\/PAOLAZZI-FONDAZIONE-CORAZZIN.mp3<\/a><\/audio>\n<\/div>\n<p>&nbsp;<\/p>\n<hr \/>\n<p>&nbsp;<\/p>\n<blockquote>\n<h3>L&#8217;INTITOLAZIONE DEL PIAZZALE DI LEVEGO AD EMANUELA LOI<\/h3>\n<\/blockquote>\n<p><strong><a class=\"dt-pswp-item\" href=\"https:\/\/www.radiopiu.net\/wordpress\/wp-content\/uploads\/2024\/03\/98efab4b-9e62-445e-947b-90085ed62e36.jpg\" data-dt-img-description=\"\" data-large_image_width=\"2048\" data-large_image_height=\"1536\"><img loading=\"lazy\" decoding=\"async\" class=\" wp-image-379770 alignleft\" src=\"https:\/\/www.radiopiu.net\/wordpress\/wp-content\/uploads\/2024\/03\/98efab4b-9e62-445e-947b-90085ed62e36-300x225.jpg\" alt=\"\" width=\"152\" height=\"114\" srcset=\"https:\/\/www.radiopiu.net\/wordpress\/wp-content\/uploads\/2024\/03\/98efab4b-9e62-445e-947b-90085ed62e36-300x225.jpg 300w, https:\/\/www.radiopiu.net\/wordpress\/wp-content\/uploads\/2024\/03\/98efab4b-9e62-445e-947b-90085ed62e36-1024x768.jpg 1024w, https:\/\/www.radiopiu.net\/wordpress\/wp-content\/uploads\/2024\/03\/98efab4b-9e62-445e-947b-90085ed62e36-768x576.jpg 768w, https:\/\/www.radiopiu.net\/wordpress\/wp-content\/uploads\/2024\/03\/98efab4b-9e62-445e-947b-90085ed62e36-1536x1152.jpg 1536w, https:\/\/www.radiopiu.net\/wordpress\/wp-content\/uploads\/2024\/03\/98efab4b-9e62-445e-947b-90085ed62e36.jpg 2048w\" sizes=\"auto, (max-width: 152px) 100vw, 152px\" \/><\/a>BELLUNO<\/strong> Emanuela Loi aveva 24 anni quando perse la vita nell&#8217;attentato di Via d&#8217;Amelio; agente della Polizia di Stato di scorta al giudice Paolo Borsellino, \u00e8 stata la prima poliziotta uccisa in servizio. Da mercoled\u00ec, alla sua memoria nel capoluogo sar\u00e0 intitolato un piazzale.<\/p>\n<p><strong>DI DANIELE DALVIT<\/strong><\/p>\n<audio class=\"wp-audio-shortcode\" id=\"audio-379623-10\" preload=\"none\" style=\"width: 100%;\" controls=\"controls\"><source type=\"audio\/mpeg\" src=\"https:\/\/www.radiopiu.net\/wordpress\/wp-content\/uploads\/2024\/03\/Radio-Piu-Servizio-Presentazione-Cerimonia-Levego-Loi.mp3?_=10\" \/><a href=\"https:\/\/www.radiopiu.net\/wordpress\/wp-content\/uploads\/2024\/03\/Radio-Piu-Servizio-Presentazione-Cerimonia-Levego-Loi.mp3\">https:\/\/www.radiopiu.net\/wordpress\/wp-content\/uploads\/2024\/03\/Radio-Piu-Servizio-Presentazione-Cerimonia-Levego-Loi.mp3<\/a><\/audio>\n<p>&nbsp;<\/p>\n<p>&nbsp;<\/p>\n<hr \/>\n<p>&nbsp;<\/p>\n<p><strong>OGGI LA GIUDIZIARIA<\/strong><\/p>\n<p><strong>DAL CORRIERE DELLE ALPI, GIGI SOSSO<\/strong><\/p>\n<p><strong>BORGO VALBELLUNA<\/strong> Nel settembre 2020, un grave infortunio sul lavoro avvenuto nell&#8217;officina meccanica della Ideal Standard a Trichiana ha portato il vicepresidente di fronte al tribunale per lesioni colpose. Tuttavia, il processo si sta orientando a suo favore poich\u00e9 l&#8217;operaio ferito ha ritirato la costituzione di parte civile, evidenziando anche le responsabilit\u00e0 del collega coinvolto nell&#8217;incidente. Emergono criticit\u00e0 nella gestione della sicurezza, ma il giudice ha rinviato la discussione e la sentenza di primo grado all&#8217;udienza del prossimo 7 ottobre.<\/p>\n<div class=\"flex-1 overflow-hidden\">\n<div class=\"react-scroll-to-bottom--css-petsd-79elbk h-full\">\n<div class=\"react-scroll-to-bottom--css-petsd-1n7m0yu\">\n<div class=\"flex flex-col text-sm pb-9\">\n<div class=\"w-full text-token-text-primary\" data-testid=\"conversation-turn-22\">\n<div class=\"px-4 py-2 justify-center text-base md:gap-6 m-auto\">\n<div class=\"flex flex-1 text-base mx-auto gap-3 md:px-5 lg:px-1 xl:px-5 md:max-w-3xl lg:max-w-[40rem] xl:max-w-[48rem] group final-completion\">\n<div class=\"relative flex w-full flex-col agent-turn\">\n<div class=\"flex-col gap-1 md:gap-3\">\n<div class=\"flex flex-grow flex-col max-w-full\">\n<div class=\"min-h-[20px] text-message flex flex-col items-start gap-3 whitespace-pre-wrap break-words [.text-message+&amp;]:mt-5 overflow-x-auto\" data-message-author-role=\"assistant\" data-message-id=\"ede435e1-64f2-41b1-8967-9555b6995810\">\n<div class=\"markdown prose w-full break-words dark:prose-invert dark\">\n<p><strong>CORTINA<\/strong> Durante il lockdown, una grigliata si trasforma in un caso giudiziario per resistenza a pubblico ufficiale e rifiuto di identificarsi, con\u00a0 il padre del minore coinvolto, imputato. L&#8217;uomo \u00e8 stato assolto dalle accuse di spaccio di droga, ma condannato a una multa di 200 euro per aver fornito informazioni inesatte sul luogo di nascita. Il caso si \u00e8 verificato il 5 aprile 2021, quando i carabinieri hanno indagato sul figlio del padrone di casa sospettato di spaccio, senza trovare prove.<\/p>\n<\/div>\n<\/div>\n<\/div>\n<div class=\"pr-2 lg:pr-0\"><strong>BELLUNO<\/strong> Minaccia la compagna &#8220;ti stacco la testa e ci gioco a pallone&#8221;. La donna l&#8217;ha perdonato e ritirato la querela nei confronti di Roberto Dal Borgo (detenuto in carcere a Torino), sentenza di non doversi procedere anche per il reato di diffamazione.<\/div>\n<\/div>\n<\/div>\n<\/div>\n<\/div>\n<\/div>\n<\/div>\n<\/div>\n<\/div>\n<\/div>\n<div class=\"w-full pt-2 md:pt-0 dark:border-white\/20 md:border-transparent md:dark:border-transparent md:w-[calc(100%-.5rem)]\">\n<form class=\"stretch mx-2 flex flex-row gap-3 last:mb-2 md:mx-4 md:last:mb-6 lg:mx-auto lg:max-w-2xl xl:max-w-3xl\">\n<div class=\"relative flex h-full flex-1 flex-col\">\n<div class=\"flex w-full items-center\"><\/div>\n<\/div>\n<\/form>\n<\/div>\n<p><strong>FELTRE<\/strong>\u00a0 coinvolta in un caso di utilizzo illegittimo di una carta bancomat rubata per acquisti di piccolo valore, finisce sotto inchiesta per ricettazione e indebito utilizzo di strumenti di pagamento.\u00a0 La vittima, una commessa o cameriera di circa 30 anni, ha scoperto l&#8217;uso fraudolento attraverso le transazioni registrate e le immagini delle telecamere di sicurezza. Il caso \u00e8 attualmente in fase di processo, con la discussione finale e la sentenza di primo grado in attesa nei prossimi mesi.<\/p>\n<div class=\"w-full pt-2 md:pt-0 dark:border-white\/20 md:border-transparent md:dark:border-transparent md:w-[calc(100%-.5rem)]\">\n<form class=\"stretch mx-2 flex flex-row gap-3 last:mb-2 md:mx-4 md:last:mb-6 lg:mx-auto lg:max-w-2xl xl:max-w-3xl\">\n<div class=\"relative flex h-full flex-1 flex-col\">\n<div class=\"flex w-full items-center\"><\/div>\n<\/div>\n<\/form>\n<\/div>\n<p>&nbsp;<\/p>\n<p>&nbsp;<\/p>\n<hr \/>\n<p>&nbsp;<\/p>\n<blockquote>\n<h2>&#8220;Cerimonia di Consegna dei Diplomi all&#8217;Istituto Follador &#8211; De Rossi di Falcade: Un Momento Significativo di Condivisione e Riconoscimento&#8221;<\/h2>\n<\/blockquote>\n<p><strong>di LUISA MANFROI<\/strong><\/p>\n<p><strong><a class=\"dt-pswp-item\" href=\"https:\/\/www.radiopiu.net\/wordpress\/wp-content\/uploads\/2024\/03\/Tre-dei-quattro-studenti-che-hanno-ricevuto-la-borsa-di-studio-con-Matilde-Soppelsa-e-Piergiorgio-De-Bastiani.jpg\" data-dt-img-description=\"\" data-large_image_width=\"1600\" data-large_image_height=\"1200\"><img loading=\"lazy\" decoding=\"async\" class=\"size-medium wp-image-379724 alignleft\" src=\"https:\/\/www.radiopiu.net\/wordpress\/wp-content\/uploads\/2024\/03\/Tre-dei-quattro-studenti-che-hanno-ricevuto-la-borsa-di-studio-con-Matilde-Soppelsa-e-Piergiorgio-De-Bastiani-300x225.jpg\" alt=\"\" width=\"300\" height=\"225\" srcset=\"https:\/\/www.radiopiu.net\/wordpress\/wp-content\/uploads\/2024\/03\/Tre-dei-quattro-studenti-che-hanno-ricevuto-la-borsa-di-studio-con-Matilde-Soppelsa-e-Piergiorgio-De-Bastiani-300x225.jpg 300w, https:\/\/www.radiopiu.net\/wordpress\/wp-content\/uploads\/2024\/03\/Tre-dei-quattro-studenti-che-hanno-ricevuto-la-borsa-di-studio-con-Matilde-Soppelsa-e-Piergiorgio-De-Bastiani-1024x768.jpg 1024w, https:\/\/www.radiopiu.net\/wordpress\/wp-content\/uploads\/2024\/03\/Tre-dei-quattro-studenti-che-hanno-ricevuto-la-borsa-di-studio-con-Matilde-Soppelsa-e-Piergiorgio-De-Bastiani-768x576.jpg 768w, https:\/\/www.radiopiu.net\/wordpress\/wp-content\/uploads\/2024\/03\/Tre-dei-quattro-studenti-che-hanno-ricevuto-la-borsa-di-studio-con-Matilde-Soppelsa-e-Piergiorgio-De-Bastiani-1536x1152.jpg 1536w, https:\/\/www.radiopiu.net\/wordpress\/wp-content\/uploads\/2024\/03\/Tre-dei-quattro-studenti-che-hanno-ricevuto-la-borsa-di-studio-con-Matilde-Soppelsa-e-Piergiorgio-De-Bastiani.jpg 1600w\" sizes=\"auto, (max-width: 300px) 100vw, 300px\" \/><\/a>FALCADE\u00a0<\/strong> Una tradizione significativa \u00e8 la cerimonia di consegna dei diplomi agli studenti e alle studentesse dell\u2019Istituto di Istruzione Superiore Follador &#8211; De Rossi di Agordo \u2013 Falcade che nel corso dell\u2019anno scolastico precedente hanno superato l\u2019esame di Stato. La manifestazione si \u00e8 tenuta nel tardo pomeriggio di venerd\u00ec 15 marzo al Palafalcade e, come sempre, ha rappresentato un momento speciale per i diplomati che hanno avuto l\u2019opportunit\u00e0 di ritrovarsi con le loro famiglie e di condividere questo importante traguardo con i docenti che li hanno accompagnati nel loro cammino di crescita formativa ed educativa. L\u2019evento \u00e8 stato anticipato da un buffet di benvenuto offerto e preparato a tutti i convenuti dagli allievi dell\u2019indirizzo enogastronomia e ospitalit\u00e0 alberghiera guidati dai loro insegnanti. La convivialit\u00e0 ha preceduto la consegna degli attestati e delle quattro borse di studio in memoria del professor Fulvio Mazzarol, docente di matematica scomparso nel giugno 2018 che ha prestato un lungo servizio nella sede di Agordo e di Falcade. Gli assegni, messi a disposizione da Matilde Soppelsa, moglie del professor Mazzarol,\u00a0 sono stati attribuiti ai neodiplomati Vittoria Zallot, Lorenzo Pietro Crose, Zoe Nigro e Cristina Genuin attualmente iscritti a un corso universitario. La manifestazione, condotta da Piergiorgio De Bastiani, \u00e8 stata aperta dal saluto della dirigente scolastica Antonella Pacieri e ha visto la presenza dell\u2019ex dirigente Claudio Magalini, di uno dei presidenti di commissione di esame alla maturit\u00e0, professor Roberto Antole e del sindaco di Falcade, Mauro Salvaterra. \u00c8\u00a0 intervenuto anche Daniele Selle, un ex allievo dell\u2019indirizzo di enogastronomia <em>IPSSAR di Falcade<\/em> che si \u00e8 distinto nelle recenti Olimpiadi della cucina di Stoccarda, classificandosi al terzo posto della sua categoria per una particolare opera di formaggio intagliato dal titolo \u201cRinascita\u201d.<\/p>\n<p>FOTO Tre dei quattro studenti che hanno ricevuto la borsa di studio con Matilde Soppelsa e Piergiorgio De Bastiani<\/p>\n<p>&nbsp;<\/p>\n<p>&nbsp;<\/p>\n<hr \/>\n<p>&nbsp;<\/p>\n<blockquote>\n<h1>Fischio, il meticcio ferito, ritrovato e soccorso a Cortina<\/h1>\n<\/blockquote>\n<p><strong>di Elisanna Schiffer<\/strong><\/p>\n<p><strong><a class=\"dt-pswp-item\" href=\"https:\/\/www.radiopiu.net\/wordpress\/wp-content\/uploads\/2024\/03\/Senza-nome-67.png\" data-dt-img-description=\"\" data-large_image_width=\"478\" data-large_image_height=\"288\"><img loading=\"lazy\" decoding=\"async\" class=\"wp-image-379824 alignleft\" src=\"https:\/\/www.radiopiu.net\/wordpress\/wp-content\/uploads\/2024\/03\/Senza-nome-67-300x181.png\" alt=\"\" width=\"215\" height=\"130\" srcset=\"https:\/\/www.radiopiu.net\/wordpress\/wp-content\/uploads\/2024\/03\/Senza-nome-67-300x181.png 300w, https:\/\/www.radiopiu.net\/wordpress\/wp-content\/uploads\/2024\/03\/Senza-nome-67.png 478w\" sizes=\"auto, (max-width: 215px) 100vw, 215px\" \/><\/a>CORTINA<\/strong> Nelle pittoresche montagne di Cortina, un cuore intraprendente e un tocco di fortuna hanno portato alla salvezza di Fischio, un meticcio di tre anni. La sua avventura ha avuto inizio lungo un sentiero adiacente alle piste, dove \u00e8 rimasto ferito. Fortunatamente, i poliziotti in servizio nella zona sono intervenuti prontamente, trasportandolo al rifugio Dibona. Una volta l\u00ec, il proprietario di Fischio \u00e8 arrivato tempestivamente insieme al veterinario. Grazie alla loro rapida azione, le ferite del coraggioso Fischio sono state suturate con 16 punti. Ora, con grande sollievo di tutti coloro che hanno seguito questa vicenda, Fischio si sta riprendendo e sta bene. Questa toccante storia di soccorso \u00e8 un chiaro esempio della forza della collaborazione e della compassione umana, che hanno permesso di portare Fischio a una pronta guarigione. Che la sua avventura possa continuare, ricca di gioia e sicurezza, mentre esplora ancora una volta le meraviglie della natura di Cortina<\/p>\n<p>&nbsp;<\/p>\n<\/div>\n<\/div>\n<\/div>\n<\/div>\n<\/div>\n<\/div>\n<\/div>\n<\/div>\n<\/div>\n<\/div>\n<\/div>\n<\/div>\n<hr \/>\n<p>&nbsp;<\/p>\n<blockquote>\n<h3>LA PRO LOCO CASTIONESE PREMIATA PER LA SAGRA DEL CAMPANOT<\/h3>\n<\/blockquote>\n<p><strong><a class=\"dt-pswp-item\" href=\"https:\/\/www.radiopiu.net\/wordpress\/wp-content\/uploads\/2024\/03\/Pro-Loco-Pieve-Castionese-Sagra-di-qualita.jpeg\" data-dt-img-description=\"\" data-large_image_width=\"1600\" data-large_image_height=\"1200\"><img loading=\"lazy\" decoding=\"async\" class=\" wp-image-379757 alignleft\" src=\"https:\/\/www.radiopiu.net\/wordpress\/wp-content\/uploads\/2024\/03\/Pro-Loco-Pieve-Castionese-Sagra-di-qualita-300x225.jpeg\" alt=\"\" width=\"175\" height=\"131\" srcset=\"https:\/\/www.radiopiu.net\/wordpress\/wp-content\/uploads\/2024\/03\/Pro-Loco-Pieve-Castionese-Sagra-di-qualita-300x225.jpeg 300w, https:\/\/www.radiopiu.net\/wordpress\/wp-content\/uploads\/2024\/03\/Pro-Loco-Pieve-Castionese-Sagra-di-qualita-1024x768.jpeg 1024w, https:\/\/www.radiopiu.net\/wordpress\/wp-content\/uploads\/2024\/03\/Pro-Loco-Pieve-Castionese-Sagra-di-qualita-768x576.jpeg 768w, https:\/\/www.radiopiu.net\/wordpress\/wp-content\/uploads\/2024\/03\/Pro-Loco-Pieve-Castionese-Sagra-di-qualita-1536x1152.jpeg 1536w, https:\/\/www.radiopiu.net\/wordpress\/wp-content\/uploads\/2024\/03\/Pro-Loco-Pieve-Castionese-Sagra-di-qualita.jpeg 1600w\" sizes=\"auto, (max-width: 175px) 100vw, 175px\" \/><\/a>BELLUNO<\/strong> La Pro loco Pieve Castionese \u00e8 stata elogiata per la Sagra dei Campanot, vincitrice del premio &#8220;Sagra di qualit\u00e0&#8221;. Il sindaco De Pellegrin esprime orgoglio per il riconoscimento al Senato, sottolineando l&#8217;importanza delle sagre nel tessuto sociale e culturale. Il presidente Fontanelle enfatizza l&#8217;impegno nella collaborazione locale e nella valorizzazione dei prodotti tipici. L&#8217;11 marzo, con la presenza del senatore De Poli e del presidente nazionale Unpli La Spina, \u00e8 avvenuta la premiazione. L&#8217;assessore Luciani sottolinea l&#8217;importanza del contributo dei volontari e auspica il continuo miglioramento delle sagre come attrattori turistici.<\/p>\n<p>&nbsp;<\/p>\n<p>&nbsp;<\/p>\n<hr \/>\n<p>&nbsp;<\/p>\n<blockquote>\n<h3>&#8220;MEDLEY&#8221; IL CORTO DELLA POLIZIA DI STATO<\/h3>\n<\/blockquote>\n<p><strong>BELLUNO<\/strong> In occasione della Festa del Pap\u00e0, la Polizia di Stato celebra con il toccante cortometraggio &#8220;Medley&#8221; di Santa de Santis e Alessandro D&#8217;Ambrosi, presentato a Cortinametraggio. Il film racconta l&#8217;incontro tra un giovane poliziotto e un anziano affetto da Alzheimer, intrecciando i loro ricordi in un&#8217;esperienza che celebra l&#8217;immaginazione, l&#8217;empatia e l&#8217;ascolto attivo. Il legame padre-figlio \u00e8 al centro della trama, mostrando le esperienze di un padre in cerca del figlio perduto e di un figlio cresciuto senza la figura paterna. &#8220;Medley&#8221; offre una nuova prospettiva sul perdono e sulla comprensione, riflettendo sull&#8217;importanza della vicinanza ai pi\u00f9 fragili.<\/p>\n<p><strong>IL TRAILER<\/strong><\/p>\n<div style=\"width: 1200px;\" class=\"wp-video\"><video class=\"wp-video-shortcode\" id=\"video-379623-1\" width=\"1200\" height=\"675\" preload=\"metadata\" controls=\"controls\"><source type=\"video\/mp4\" src=\"https:\/\/www.radiopiu.net\/wordpress\/wp-content\/uploads\/2024\/03\/Trailer-corto-Medley-Polizia-di-Stato.mp4?_=1\" \/><a href=\"https:\/\/www.radiopiu.net\/wordpress\/wp-content\/uploads\/2024\/03\/Trailer-corto-Medley-Polizia-di-Stato.mp4\">https:\/\/www.radiopiu.net\/wordpress\/wp-content\/uploads\/2024\/03\/Trailer-corto-Medley-Polizia-di-Stato.mp4<\/a><\/video><\/div>\n<p>&nbsp;<\/p>\n<p>&nbsp;<\/p>\n<hr \/>\n<p>&nbsp;<\/p>\n<blockquote>\n<h3>IL MOVIMENTO LOTTIAMO INSIEME DICE NO ALLA PRIVATIZZAZIONE DI POSTE ITALIANE<\/h3>\n<\/blockquote>\n<p><strong><a class=\"dt-pswp-item\" href=\"https:\/\/www.radiopiu.net\/wordpress\/wp-content\/uploads\/2023\/06\/Poste-Italiane-ufficio-postale-POLIS-giugno-2023-4.jpg\" data-dt-img-description=\"\" data-large_image_width=\"1632\" data-large_image_height=\"1224\"><img loading=\"lazy\" decoding=\"async\" class=\" wp-image-341896 alignleft\" src=\"https:\/\/www.radiopiu.net\/wordpress\/wp-content\/uploads\/2023\/06\/Poste-Italiane-ufficio-postale-POLIS-giugno-2023-4-300x225.jpg\" alt=\"\" width=\"125\" height=\"94\" srcset=\"https:\/\/www.radiopiu.net\/wordpress\/wp-content\/uploads\/2023\/06\/Poste-Italiane-ufficio-postale-POLIS-giugno-2023-4-300x225.jpg 300w, https:\/\/www.radiopiu.net\/wordpress\/wp-content\/uploads\/2023\/06\/Poste-Italiane-ufficio-postale-POLIS-giugno-2023-4-1024x768.jpg 1024w, https:\/\/www.radiopiu.net\/wordpress\/wp-content\/uploads\/2023\/06\/Poste-Italiane-ufficio-postale-POLIS-giugno-2023-4-768x576.jpg 768w, https:\/\/www.radiopiu.net\/wordpress\/wp-content\/uploads\/2023\/06\/Poste-Italiane-ufficio-postale-POLIS-giugno-2023-4-1536x1152.jpg 1536w, https:\/\/www.radiopiu.net\/wordpress\/wp-content\/uploads\/2023\/06\/Poste-Italiane-ufficio-postale-POLIS-giugno-2023-4.jpg 1632w\" sizes=\"auto, (max-width: 125px) 100vw, 125px\" \/><\/a>ROMA<\/strong> Dopo la privatizzazione del 35% delle azioni nel 2016, Poste Italiane ha adottato una politica orientata verso la flessibilit\u00e0 lavorativa, aumentando l&#8217;impiego di contratti a tempo determinato e riducendo l&#8217;occupazione stabile. Tuttavia, ci\u00f2 ha portato a una situazione in cui migliaia di lavoratori precari, soprattutto giovani, vengono assunti ogni anno senza prospettive di stabilit\u00e0. Tra il 2017 e il 2023, quasi 90.000 precari hanno lavorato per l&#8217;azienda, ma solo una piccola percentuale \u00e8 stata stabilizzata. Il Movimento Lottiamo Insieme delle lavoratrici e dei lavoratori precari si oppone fermamente a ulteriori privatizzazioni e chiede la stabilizzazione di tutti i precari in graduatoria per garantire un&#8217;occupazione stabile e di qualit\u00e0.<\/p>\n<p>&nbsp;<\/p>\n<p>&nbsp;<\/p>\n<hr \/>\n<p>&nbsp;<\/p>\n<blockquote>\n<h3>PREMIO GIORNALISTICO \u201cIVANO POCCHIESA\u201d IL 22 MARZO A LONGARONE<\/h3>\n<\/blockquote>\n<p><strong><a class=\"dt-pswp-item\" href=\"https:\/\/www.radiopiu.net\/wordpress\/wp-content\/uploads\/2024\/03\/Ivano-Pocchiesa.jpg\" data-dt-img-description=\"\" data-large_image_width=\"635\" data-large_image_height=\"425\"><img loading=\"lazy\" decoding=\"async\" class=\"wp-image-379765 alignleft\" src=\"https:\/\/www.radiopiu.net\/wordpress\/wp-content\/uploads\/2024\/03\/Ivano-Pocchiesa-300x201.jpg\" alt=\"\" width=\"160\" height=\"107\" srcset=\"https:\/\/www.radiopiu.net\/wordpress\/wp-content\/uploads\/2024\/03\/Ivano-Pocchiesa-300x201.jpg 300w, https:\/\/www.radiopiu.net\/wordpress\/wp-content\/uploads\/2024\/03\/Ivano-Pocchiesa.jpg 635w\" sizes=\"auto, (max-width: 160px) 100vw, 160px\" \/><\/a>LONGARONE<\/strong> Il premio giornalistico dedicato a Ivano Pocchiesa, ex responsabile dell&#8217;Ufficio stampa di Longarone Fiere, si terr\u00e0 il 22 marzo durante Agrimont. Quest&#8217;anno il premio va a Luciana Polliotti, giornalista e studiosa del gelato artigianale italiano. Il evento \u00e8 parte della Giornata europea del Gelato Artigianale, nata a Longarone nel 2008. Saranno premiate anche agrigelaterie che promuovono prodotti genuini. Si discuter\u00e0 anche sulla necessit\u00e0 di una regolamentazione per proteggere consumatori e produttori.<\/p>\n<p>&nbsp;<\/p>\n<p>&nbsp;<\/p>\n<hr \/>\n<p>&nbsp;<\/p>\n<blockquote>\n<h3>BORSE DI STUDIO PER LE SCUOLE SECONDARIE DI SECONDO GRADO<\/h3>\n<\/blockquote>\n<p><strong>BELLUNO<\/strong> La Regione Veneto ha approvato l&#8217;avviso per le borse di studio per l&#8217;anno scolastico 2023-2024, destinate a studenti residenti in Veneto che frequentano scuole secondarie di secondo grado. Lo studente deve essere regolarmente iscritto e residente in Veneto, appartenere a un nucleo familiare con ISEE 2024 fino a 15.748,78 euro. L&#8217;agevolazione, di almeno 150 euro, dipende dalle domande valide e dalle risorse disponibili. Le domande devono essere presentate online sulla piattaforma <a href=\"https:\/\/www.regione.veneto.it\/istruzione\/borsedistudioweb\" target=\"_new\" rel=\"noopener\">https:\/\/www.regione.veneto.it\/istruzione\/borsedistudioweb<\/a> entro il 22 aprile 2024. Per assistenza, contattare l&#8217;Ufficio Relazioni con il Pubblico del Comune di Belluno.<\/p>\n<p>&nbsp;<\/p>\n<p>&nbsp;<\/p>\n<p>&nbsp;<\/p>\n<hr \/>\n<p>&nbsp;<\/p>\n<h2><span style=\"color: #ff0000;\">CONSIGLI COMUNALI<\/span><\/h2>\n<p><strong>ROCCA PIETORE<\/strong> Variazioni al bilancio e interrogazioni della minoranza al centro del consiglio comunale convocato a Rocca Pietore dal sindaco Andrea De Bernardin per oggi alle 18,30. Il gruppo di minoranza Uniti per la montagna chiede lumi sul piano Marmolada Unesco, parco giochi di Re Ombro, schianti di vaia e Serrai di Sottoguda.<\/p>\n<p><strong>RIVAMONTE<\/strong> Domani alle 18.30 consiglio comunale convocato dal sindaco Nino Deon. All&#8217;ordine del giorno: variazioni al bilancio, regolamento di contabilit\u00e0 convenzione per la stazione unica appaltante.<\/p>\n<p><strong>VOLTAGO<\/strong> Giovedi alle 18 consiglio comunale nella sala Civica Gianni De Col. All&#8217;ordine del giorno la verifica delle aree fabbricabili, l&#8217;approvazione del bilancio di previsione e le comunicazioni del sindaco<\/p>\n<p>&nbsp;<\/p>\n<p>&nbsp;<\/p>\n<hr \/>\n<p>&nbsp;<\/p>\n<blockquote>\n<h3><strong><a class=\"dt-pswp-item\" href=\"https:\/\/www.radiopiu.net\/wordpress\/wp-content\/uploads\/2024\/03\/Api_marzo_24.jpg\" data-dt-img-description=\"\" data-large_image_width=\"1240\" data-large_image_height=\"1754\"><img loading=\"lazy\" decoding=\"async\" class=\"wp-image-378230 alignleft\" src=\"https:\/\/www.radiopiu.net\/wordpress\/wp-content\/uploads\/2024\/03\/Api_marzo_24-212x300.jpg\" alt=\"\" width=\"95\" height=\"134\" srcset=\"https:\/\/www.radiopiu.net\/wordpress\/wp-content\/uploads\/2024\/03\/Api_marzo_24-212x300.jpg 212w, https:\/\/www.radiopiu.net\/wordpress\/wp-content\/uploads\/2024\/03\/Api_marzo_24-724x1024.jpg 724w, https:\/\/www.radiopiu.net\/wordpress\/wp-content\/uploads\/2024\/03\/Api_marzo_24-768x1086.jpg 768w, https:\/\/www.radiopiu.net\/wordpress\/wp-content\/uploads\/2024\/03\/Api_marzo_24-1086x1536.jpg 1086w, https:\/\/www.radiopiu.net\/wordpress\/wp-content\/uploads\/2024\/03\/Api_marzo_24.jpg 1240w\" sizes=\"auto, (max-width: 95px) 100vw, 95px\" \/><\/a><\/strong>API AMBIENTE IN UN INCONTRO A BELLUNO<\/h3>\n<\/blockquote>\n<p>&nbsp;<\/p>\n<p><strong>BELLUNO<\/strong><\/p>\n<p>DI ALESSIA DALL&#8217;O&#8217;<\/p>\n<audio class=\"wp-audio-shortcode\" id=\"audio-379623-11\" preload=\"none\" style=\"width: 100%;\" controls=\"controls\"><source type=\"audio\/mpeg\" src=\"https:\/\/www.radiopiu.net\/wordpress\/wp-content\/uploads\/2024\/03\/ALESSIA-API-AMBIENTE.mp3?_=11\" \/><a href=\"https:\/\/www.radiopiu.net\/wordpress\/wp-content\/uploads\/2024\/03\/ALESSIA-API-AMBIENTE.mp3\">https:\/\/www.radiopiu.net\/wordpress\/wp-content\/uploads\/2024\/03\/ALESSIA-API-AMBIENTE.mp3<\/a><\/audio>\n<p>&nbsp;<\/p>\n<p>&nbsp;<\/p>\n<hr \/>\n<p>&nbsp;<\/p>\n<blockquote>\n<h2><a class=\"dt-pswp-item\" href=\"https:\/\/www.radiopiu.net\/wordpress\/wp-content\/uploads\/2018\/10\/Volante-Questura-2-1.jpg\" data-dt-img-description=\"\" data-large_image_width=\"200\" data-large_image_height=\"200\"><img loading=\"lazy\" decoding=\"async\" class=\"wp-image-64854 alignleft\" src=\"https:\/\/www.radiopiu.net\/wordpress\/wp-content\/uploads\/2018\/10\/Volante-Questura-2-1.jpg\" alt=\"\" width=\"110\" height=\"110\" srcset=\"https:\/\/www.radiopiu.net\/wordpress\/wp-content\/uploads\/2018\/10\/Volante-Questura-2-1.jpg 200w, https:\/\/www.radiopiu.net\/wordpress\/wp-content\/uploads\/2018\/10\/Volante-Questura-2-1-150x150.jpg 150w\" sizes=\"auto, (max-width: 110px) 100vw, 110px\" \/><\/a>Questura di Belluno &#8211; Ufficio Concorsi &#8211;<\/h2>\n<\/blockquote>\n<p><strong>BELLUNO<\/strong>\u00a0 Sul Portale unico del reclutamento www.inpa.gov.it e sul sito www.poliziadistato.it \u00e8 stato pubblicato il bando di concorso pubblico, per titoli, per l\u2019assunzione di 21 atleti da assegnare ai gruppi sportivi \u201cPolizia di Stato \u2013 Fiamme Oro\u201d, che saranno inquadrati nel ruolo degli agenti e assistenti della Polizia di Stato, indetto con decreto del 29\/02\/2024.<\/p>\n<p><strong>BELLUNO<\/strong> \u00c8 stato pubblicato il bando di concorso pubblico per l&#8217;assunzione di 18 commissari tecnici ingegneri del ruolo degli ingegneri della carriera dei funzionari tecnici della Polizia di Stato. Il concorso prevede selezioni basate su titoli ed esami. Ulteriori dettagli e informazioni sono disponibili sul Portale unico del reclutamento <a href=\"http:\/\/www.inpa.gov.it\/\" target=\"_new\" rel=\"noopener\">www.inpa.gov.it<\/a> e sul sito <a href=\"http:\/\/www.poliziadistato.it\/\" target=\"_new\" rel=\"noopener\">www.poliziadistato.it<\/a>.<\/p>\n<p>&nbsp;<\/p>\n<p>&nbsp;<\/p>\n<hr \/>\n<p>&nbsp;<\/p>\n<blockquote>\n<h3>BANDO PER 16 ALLIEVI UFFICIALI PER LA GUARDIA DI FINANZA<\/h3>\n<\/blockquote>\n<p><strong>BELLUNO<\/strong> sul portale Concorsi Online del Corpo, \u00e8 stato pubblicato il bando di concorso per n. 16 allievi ufficiali in ferma prefissata del Corpo della Guardia di Finanza. I posti sono destinati alle specialit\u00e0 telematica, infrastrutture e sanit\u00e0. Possono partecipare cittadini italiani con laurea specialistica o magistrale, nati non prima del 1\u00b0 gennaio 1992. La domanda, compilata telematicamente entro le 12:00 del 27 marzo 2024, richiede l&#8217;uso di SPID o &#8220;Entra con CIE&#8221;. Ulteriori dettagli sono disponibili sul portale &#8220;<a href=\"https:\/\/concorsi.gdf.gov.it\/\" target=\"_new\" rel=\"noopener\">https:\/\/concorsi.gdf.gov.it<\/a>&#8220;.<\/p>\n<p>&nbsp;<\/p>\n<p>&nbsp;<\/p>\n<hr \/>\n<p>&nbsp;<\/p>\n<blockquote>\n<h3>LUXOTTICA, NEWS SETTIMANA<\/h3>\n<\/blockquote>\n<p><strong><img loading=\"lazy\" decoding=\"async\" class=\"alignleft\" src=\"https:\/\/www.radiopiu.net\/wordpress\/wp-content\/uploads\/2023\/10\/1-EssilorLuxottica.jpg.jpg\" width=\"182\" height=\"121\" \/>di MARINA DONA&#8217;<\/strong><\/p>\n<p><strong>\u00a0<\/strong><\/p>\n<p><strong>OSPITE IL PROF. LUCIANO PERO_POLITECNICO MILANO<\/strong><\/p>\n<p>&nbsp;<\/p>\n<p>&nbsp;<\/p>\n<p><strong>puntata <span style=\"color: #ff0000;\">01<\/span>_ 14.03.2024 <em>&#8220;orari e giornate lavorative, quali le evoluzioni nell&#8217;ultimo secolo&#8221;<\/em><\/strong><\/p>\n<audio class=\"wp-audio-shortcode\" id=\"audio-379623-12\" preload=\"none\" style=\"width: 100%;\" controls=\"controls\"><source type=\"audio\/mpeg\" src=\"https:\/\/www.radiopiu.net\/wordpress\/wp-content\/uploads\/2024\/03\/NEWS-SETTIMANA-CORTA-LUXOTTICA.mp3?_=12\" \/><a href=\"https:\/\/www.radiopiu.net\/wordpress\/wp-content\/uploads\/2024\/03\/NEWS-SETTIMANA-CORTA-LUXOTTICA.mp3\">https:\/\/www.radiopiu.net\/wordpress\/wp-content\/uploads\/2024\/03\/NEWS-SETTIMANA-CORTA-LUXOTTICA.mp3<\/a><\/audio>\n<p>&nbsp;<\/p>\n<p><strong>puntata <span style=\"color: #ff0000;\">02<\/span>_15.03.2024\u00a0<em> &#8220;evoluzioni sperimentali, i lavoratori pi\u00f9 anziani e le nuove generazioni&#8221;<\/em><\/strong><\/p>\n<audio class=\"wp-audio-shortcode\" id=\"audio-379623-13\" preload=\"none\" style=\"width: 100%;\" controls=\"controls\"><source type=\"audio\/mpeg\" src=\"https:\/\/www.radiopiu.net\/wordpress\/wp-content\/uploads\/2024\/03\/SETTIMANA-CORTA-GLI-STUDI-SULLE-ORE-SETTIMAANAALI-E-LA-QUALITA-DEL-PRODOTTO.mp3?_=13\" \/><a href=\"https:\/\/www.radiopiu.net\/wordpress\/wp-content\/uploads\/2024\/03\/SETTIMANA-CORTA-GLI-STUDI-SULLE-ORE-SETTIMAANAALI-E-LA-QUALITA-DEL-PRODOTTO.mp3\">https:\/\/www.radiopiu.net\/wordpress\/wp-content\/uploads\/2024\/03\/SETTIMANA-CORTA-GLI-STUDI-SULLE-ORE-SETTIMAANAALI-E-LA-QUALITA-DEL-PRODOTTO.mp3<\/a><\/audio>\n<p>&nbsp;<\/p>\n<p><strong>puntata<span style=\"color: #ff0000;\"> 03<\/span> 18 03 2024\u00a0 &#8220;i modelli attuali sono ancora attuali nell&#8217;incertezza dei mercati?&#8221;<\/strong><\/p>\n<audio class=\"wp-audio-shortcode\" id=\"audio-379623-14\" preload=\"none\" style=\"width: 100%;\" controls=\"controls\"><source type=\"audio\/mpeg\" src=\"https:\/\/www.radiopiu.net\/wordpress\/wp-content\/uploads\/2024\/03\/3-PARTE-INTERVISTAA-PROF-PERO-ESSILORLUX.mp3?_=14\" \/><a href=\"https:\/\/www.radiopiu.net\/wordpress\/wp-content\/uploads\/2024\/03\/3-PARTE-INTERVISTAA-PROF-PERO-ESSILORLUX.mp3\">https:\/\/www.radiopiu.net\/wordpress\/wp-content\/uploads\/2024\/03\/3-PARTE-INTERVISTAA-PROF-PERO-ESSILORLUX.mp3<\/a><\/audio>\n<h1><\/h1>\n<hr \/>\n<p>&nbsp;<\/p>\n<blockquote>\n<h2>AGORDO COME ROMA, CITTA&#8217; LIBERA. pagina in aggiornamento quotidiano CON LIBERA AGORDINO<\/h2>\n<\/blockquote>\n<p><strong><img loading=\"lazy\" decoding=\"async\" class=\"alignleft\" src=\"https:\/\/www.radiopiu.net\/wordpress\/wp-content\/uploads\/2023\/06\/LIBERA-AGORDINO-300x300.jpg\" width=\"125\" height=\"125\" \/>La Settimana della memoria e dell\u2019impegno, Agordo come Roma: citt\u00e0 Libera i 100 passi verso il 21 marzo, giornata in ricordo della vittime innocenti delle mafie a cura del PRESIDIO AGORDINO DI LIBERA \u201cLUCIA PRECENZANO E SALVATORE AVERSA da lunedi 18 a sabato 23 marzo, alle 9.45 e 18.45 \u2026 su radio pi\u00f9<\/strong><em>\u00a0<\/em><\/p>\n<p>&nbsp;<\/p>\n<p>&nbsp;<\/p>\n<p><em>Roma \u00e8 capitale e \u201ccasa\u201d fisica e simbolica delle istituzioni politiche e religiose: perci\u00f2 deve essere presidio dei valori di giustizia sociale scritti nella nostra Costituzione. Roma deve rappresentare la via maestra nel contrasto a mafie e corruzione.<\/em><\/p>\n<p><strong>PUNTATA 01 18 MARZO 2024 mattina\u00a0 &#8211; ANGELO VASSALLO <\/strong>3A CANALE<strong>\u00a0<\/strong><\/p>\n<audio class=\"wp-audio-shortcode\" id=\"audio-379623-15\" preload=\"none\" style=\"width: 100%;\" controls=\"controls\"><source type=\"audio\/mpeg\" src=\"https:\/\/www.radiopiu.net\/wordpress\/wp-content\/uploads\/2024\/03\/LIBERA-1.mp3?_=15\" \/><a href=\"https:\/\/www.radiopiu.net\/wordpress\/wp-content\/uploads\/2024\/03\/LIBERA-1.mp3\">https:\/\/www.radiopiu.net\/wordpress\/wp-content\/uploads\/2024\/03\/LIBERA-1.mp3<\/a><\/audio>\n<p><em>\u00a0<\/em><\/p>\n<hr \/>\n<p><em>\u00a0<\/em><\/p>\n<p><em>\u201cRoma citt\u00e0 libera\u201d \u00e8 uno slogan che evoca il capolavoro del neorealismo \u201cRoma citt\u00e0 aperta\u201d: un\u2019opera d\u2019arte che parla di resistenza e della lotta per la libert\u00e0. A ottant\u2019anni dalla liberazione dell\u2019occupazione nazi-fascista, oggi Roma deve nuovamente aprirsi e liberarsi.<\/em><\/p>\n<p><strong>PUNTATA 02 18 MARZO 2024 sera\u00a0 &#8211; PASQUALE ALMERICO <\/strong>Marilisa Luchetta<\/p>\n<audio class=\"wp-audio-shortcode\" id=\"audio-379623-16\" preload=\"none\" style=\"width: 100%;\" controls=\"controls\"><source type=\"audio\/mpeg\" src=\"https:\/\/www.radiopiu.net\/wordpress\/wp-content\/uploads\/2024\/03\/LIBERA-8.mp3?_=16\" \/><a href=\"https:\/\/www.radiopiu.net\/wordpress\/wp-content\/uploads\/2024\/03\/LIBERA-8.mp3\">https:\/\/www.radiopiu.net\/wordpress\/wp-content\/uploads\/2024\/03\/LIBERA-8.mp3<\/a><\/audio>\n<p>&nbsp;<\/p>\n<p>&nbsp;<\/p>\n<hr \/>\n<p>&nbsp;<\/p>\n<blockquote>\n<h3>UNA SERATA DEDICATA A CAMOSCI E CACCIATORI<\/h3>\n<\/blockquote>\n<p><strong><a class=\"dt-pswp-item\" href=\"https:\/\/www.radiopiu.net\/wordpress\/wp-content\/uploads\/2024\/03\/Camosci-e-cacciatori-4.jpg\" data-dt-img-description=\"\" data-large_image_width=\"2560\" data-large_image_height=\"1920\"><img loading=\"lazy\" decoding=\"async\" class=\" wp-image-379761 alignleft\" src=\"https:\/\/www.radiopiu.net\/wordpress\/wp-content\/uploads\/2024\/03\/Camosci-e-cacciatori-4-300x225.jpg\" alt=\"\" width=\"169\" height=\"127\" srcset=\"https:\/\/www.radiopiu.net\/wordpress\/wp-content\/uploads\/2024\/03\/Camosci-e-cacciatori-4-300x225.jpg 300w, https:\/\/www.radiopiu.net\/wordpress\/wp-content\/uploads\/2024\/03\/Camosci-e-cacciatori-4-1024x768.jpg 1024w, https:\/\/www.radiopiu.net\/wordpress\/wp-content\/uploads\/2024\/03\/Camosci-e-cacciatori-4-768x576.jpg 768w, https:\/\/www.radiopiu.net\/wordpress\/wp-content\/uploads\/2024\/03\/Camosci-e-cacciatori-4-1536x1152.jpg 1536w, https:\/\/www.radiopiu.net\/wordpress\/wp-content\/uploads\/2024\/03\/Camosci-e-cacciatori-4-2048x1536.jpg 2048w\" sizes=\"auto, (max-width: 169px) 100vw, 169px\" \/><\/a>BELLUNO<\/strong> La Pro Loco Castionese organizza &#8220;Sulle tracce di camosci e cacciatori con Federica e Loris&#8221; gioved\u00ec alle 21:00 al Circolo Val Cicogna di Castoi, Belluno. con Federica Beccaro e Loris Trevisan, esploratori montani da oltre 30 anni, narreranno viaggi avventurosi sulle vie dei camosci, antiche e impervie, un tempo percorsi dai cacciatori e contrabbandieri. Un&#8217;immersione nella millenaria tradizione esplorativa, con riflessioni sul legame emotivo con la montagna e l&#8217;introspezione. Ingresso libero. <a href=\"http:\/\/www.castion-belluno.it\/\" target=\"_new\" rel=\"noopener\">www.castion-belluno.it<\/a><\/p>\n<p>&nbsp;<\/p>\n<p>&nbsp;<\/p>\n<hr \/>\n<p>&nbsp;<\/p>\n<blockquote>\n<h2>A FINE MESE FESTA IN RIVA AL TE GNAS<\/h2>\n<\/blockquote>\n<p><em>SAGRA DE P\u00e0SCA, QUATTRO GIORNI DI FESTA A TAIBON DAL 28 AL 31 MARZO NEL GRANDE TENDONE RISCALDATO\u00a0 <\/em><\/p>\n<p><strong>GIOVEDI 28<\/strong> PASTA ALL&#8217;AMATRICIANA, ALLE 20.30 LA MONTAGNA, CON MANRICO DELL&#8217;AGNOLA A SEGUIRE LA PRESENTAZIONE DEL CAMPIONATO AGORDINO DI CALCIO CON RADIOPIU E IL CANTAUTORE MARCO V DAL FARRA <strong>VENERDI 29<\/strong> BACCALA&#8217; SEPPIE E DALLE 21 L&#8217;ORCHESTRA SPETTACOLO GIANMARCO BAGUTTI <strong>SABATO 30<\/strong> TRIPPE, POLLO ALLO SPIEDO E ALTRE SPECIALITA&#8217;, DALLE 14 GARA DI BRISCOLA, ALLE 17 DJ SET CON R DI J, DALLE 21 ORCHESTRA MARIANNA LANT\u00e8RI<strong> DOMENICA<\/strong> <strong>31<\/strong> DALLE 17 L&#8217;APERITIVO CON MORGAN E BATTAGLIA, DALLE 21 LA COVER BAND NUOVANTA E DALLE 21 L&#8217;ESTRAZIONE DELLA LOTTERIA SAGRA DE PASCA CON PROLOCO, GRUPPO SPORTIVO E DONATORI DEL SANGUE TAIBON<\/p>\n<p>&nbsp;<\/p>\n<p><a class=\"dt-pswp-item\" href=\"https:\/\/www.radiopiu.net\/wordpress\/wp-content\/uploads\/2024\/03\/Senza-nome-15.png\" data-dt-img-description=\"\" data-large_image_width=\"449\" data-large_image_height=\"628\"><img loading=\"lazy\" decoding=\"async\" class=\"size-medium wp-image-377554 aligncenter\" src=\"https:\/\/www.radiopiu.net\/wordpress\/wp-content\/uploads\/2024\/03\/Senza-nome-15-214x300.png\" alt=\"\" width=\"214\" height=\"300\" srcset=\"https:\/\/www.radiopiu.net\/wordpress\/wp-content\/uploads\/2024\/03\/Senza-nome-15-214x300.png 214w, https:\/\/www.radiopiu.net\/wordpress\/wp-content\/uploads\/2024\/03\/Senza-nome-15.png 449w\" sizes=\"auto, (max-width: 214px) 100vw, 214px\" \/><\/a><\/p>\n<p>&nbsp;<\/p>\n<p>28 marzo&#8230; a TAIBON AGORDINO RADIO PIU&#8217; PRESENTA IL CAMPIONATO AGORDINO DI CALCIO.<br \/>\nAL TENDONE DELLA SAGRA DE PASCA, DALLE 20.30. INTRODUZIONE ALLA SERATA CON L&#8217;ALPINISTA MANRICO DELL&#8217;AGNOLA, SI RACCONTER\u00e0 CON DUE DOCU FILM ALLE 21.45 IL CALCIO AGORDINO CON LA COLONNA SONORA DI MARVO VI DAL FARRA . a seguire dj set sagra de pasca a taibon, organizzazione gruppo sportivo, proloco e donatori del sangue<\/p>\n<p>&nbsp;<\/p>\n<hr \/>\n<p>&nbsp;<\/p>\n<blockquote>\n<h3><a class=\"dt-pswp-item\" href=\"https:\/\/www.radiopiu.net\/wordpress\/wp-content\/uploads\/2023\/01\/MUNICIPIO-LIMANA.png\" data-dt-img-description=\"\" data-large_image_width=\"1940\" data-large_image_height=\"1032\"><img loading=\"lazy\" decoding=\"async\" class=\"wp-image-318876 alignleft\" src=\"https:\/\/www.radiopiu.net\/wordpress\/wp-content\/uploads\/2023\/01\/MUNICIPIO-LIMANA-300x160.png\" alt=\"\" width=\"182\" height=\"97\" srcset=\"https:\/\/www.radiopiu.net\/wordpress\/wp-content\/uploads\/2023\/01\/MUNICIPIO-LIMANA-300x160.png 300w, https:\/\/www.radiopiu.net\/wordpress\/wp-content\/uploads\/2023\/01\/MUNICIPIO-LIMANA-1024x545.png 1024w, https:\/\/www.radiopiu.net\/wordpress\/wp-content\/uploads\/2023\/01\/MUNICIPIO-LIMANA-768x409.png 768w, https:\/\/www.radiopiu.net\/wordpress\/wp-content\/uploads\/2023\/01\/MUNICIPIO-LIMANA-1536x817.png 1536w, https:\/\/www.radiopiu.net\/wordpress\/wp-content\/uploads\/2023\/01\/MUNICIPIO-LIMANA.png 1940w\" sizes=\"auto, (max-width: 182px) 100vw, 182px\" \/><\/a>A LIMANA UN MESE DI MARZO RICCO DI APPUNTAMENTI CULTURALI<\/h3>\n<\/blockquote>\n<p><strong>DI ROBERTO BONA<\/strong><\/p>\n<audio class=\"wp-audio-shortcode\" id=\"audio-379623-17\" preload=\"none\" style=\"width: 100%;\" controls=\"controls\"><source type=\"audio\/mpeg\" src=\"https:\/\/www.radiopiu.net\/wordpress\/wp-content\/uploads\/2024\/03\/BONA-A-LIMANA-UN-MESE-DI-MARZO-RICCO-DI-APPUNTAMENTI-CULTURALI.mp3?_=17\" \/><a href=\"https:\/\/www.radiopiu.net\/wordpress\/wp-content\/uploads\/2024\/03\/BONA-A-LIMANA-UN-MESE-DI-MARZO-RICCO-DI-APPUNTAMENTI-CULTURALI.mp3\">https:\/\/www.radiopiu.net\/wordpress\/wp-content\/uploads\/2024\/03\/BONA-A-LIMANA-UN-MESE-DI-MARZO-RICCO-DI-APPUNTAMENTI-CULTURALI.mp3<\/a><\/audio>\n<p>&nbsp;<\/p>\n<hr \/>\n<p>&nbsp;<\/p>\n<h3><a class=\"dt-pswp-item\" href=\"https:\/\/www.radiopiu.net\/wordpress\/wp-content\/uploads\/2023\/08\/862c8c0d-fb55-49e7-875a-930f514a02a7.jpg\" data-dt-img-description=\"\" data-large_image_width=\"2048\" data-large_image_height=\"1536\"><img loading=\"lazy\" decoding=\"async\" class=\"wp-image-349786 alignleft\" src=\"https:\/\/www.radiopiu.net\/wordpress\/wp-content\/uploads\/2023\/08\/862c8c0d-fb55-49e7-875a-930f514a02a7-300x225.jpg\" alt=\"\" width=\"136\" height=\"102\" srcset=\"https:\/\/www.radiopiu.net\/wordpress\/wp-content\/uploads\/2023\/08\/862c8c0d-fb55-49e7-875a-930f514a02a7-300x225.jpg 300w, https:\/\/www.radiopiu.net\/wordpress\/wp-content\/uploads\/2023\/08\/862c8c0d-fb55-49e7-875a-930f514a02a7-1024x768.jpg 1024w, https:\/\/www.radiopiu.net\/wordpress\/wp-content\/uploads\/2023\/08\/862c8c0d-fb55-49e7-875a-930f514a02a7-768x576.jpg 768w, https:\/\/www.radiopiu.net\/wordpress\/wp-content\/uploads\/2023\/08\/862c8c0d-fb55-49e7-875a-930f514a02a7-1536x1152.jpg 1536w, https:\/\/www.radiopiu.net\/wordpress\/wp-content\/uploads\/2023\/08\/862c8c0d-fb55-49e7-875a-930f514a02a7.jpg 2048w\" sizes=\"auto, (max-width: 136px) 100vw, 136px\" \/><\/a>LAVORI PER INTERRAMENTO DELLA CONDOTTA IDRICA<\/h3>\n<p><strong>LA VALLE<\/strong> Il Comune La Valle Agordina ordina la sospensione temporanea della circolazione veicolare sulla viabilit\u00e0 Silvo-pastorale di Fres, dall&#8217;11\/03\/2024 al 24\/06\/2024, dalle 7 alle 18 dal luned\u00ec al venerd\u00ec, esclusi sabato e domenica. Viene istituito il divieto di transito pedonale e con biciclette dalla localit\u00e0 Piaia fino a Pra de Val, con l&#8217;altro lato del divieto al ponte sul torrente Rova di Caleda. Analogamente, \u00e8 vietato il transito pedonale e con biciclette su parte del sentiero CAI n.551 (Strada Vicinale di Pepolade) dal 11\/03\/2024 al 24\/06\/2024 per l&#8217;intera durata delle 24 ore.<\/p>\n<p>&nbsp;<\/p>\n<p>&nbsp;<\/p>\n<hr \/>\n<p>&nbsp;<\/p>\n<blockquote>\n<h3>ARIA D&#8217;INVERN, IL CONCORSO FOTOGRAFICO A CENCENIGHE<\/h3>\n<\/blockquote>\n<p><strong><img loading=\"lazy\" decoding=\"async\" class=\"alignleft\" src=\"https:\/\/www.radiopiu.net\/wordpress\/wp-content\/uploads\/2024\/01\/Senza-nome-41.png\" width=\"375\" height=\"201\" \/>CENCENIGHE<\/strong> La Pro Loco di Cencenighe ha organizzato un concorso fotografico dal titolo &#8220;Aria D&#8217;Invern&#8221;. Chi volesse partecipare pu\u00f2 inviare gli scatti fino al 31 marzo alla mail ariadinvern@gmail.com seguiranno le premiazioni e, nel mese di luglio, l&#8217;esposizione delle foto al Nof Fil\u00f2. Regolamento completo sul sito www.prolococencenighe.it<\/p>\n<p>&nbsp;<\/p>\n<p>&nbsp;<\/p>\n<p>&nbsp;<\/p>\n<p><strong>L&#8217;INTERVISTA ALLA RADIO CON ORIETTA SCARDANZAN, MILENA SOPPELSA, FRANCESCA TRENTIN\u00a0 12 GENNAIO 2024<\/strong><\/p>\n<audio class=\"wp-audio-shortcode\" id=\"audio-379623-18\" preload=\"none\" style=\"width: 100%;\" controls=\"controls\"><source type=\"audio\/mpeg\" src=\"https:\/\/www.radiopiu.net\/wordpress\/wp-content\/uploads\/2024\/03\/ARIA-DINVERN-CONCORSO-FOTO-SECONDA.mp3?_=18\" \/><a href=\"https:\/\/www.radiopiu.net\/wordpress\/wp-content\/uploads\/2024\/03\/ARIA-DINVERN-CONCORSO-FOTO-SECONDA.mp3\">https:\/\/www.radiopiu.net\/wordpress\/wp-content\/uploads\/2024\/03\/ARIA-DINVERN-CONCORSO-FOTO-SECONDA.mp3<\/a><\/audio>\n<p>&nbsp;<\/p>\n<hr \/>\n<p>&nbsp;<\/p>\n<h2><span style=\"color: #ff6600;\">IERI ALLA RADIO\u00a0<\/span><\/h2>\n<h2><span style=\"color: #ff00ff;\">OGGI COME IERI di e con SILVIA BALDO<\/span><\/h2>\n<p><img decoding=\"async\" class=\"aligncenter\" src=\"https:\/\/www.radiopiu.net\/wordpress\/wp-content\/uploads\/2023\/09\/309000774_10222572118595513_7956305457803922499_n.jpg\" \/><\/p>\n<p>&nbsp;<\/p>\n<p><strong>PUNTATA 22 18 MARZO 2024<\/strong><\/p>\n<audio class=\"wp-audio-shortcode\" id=\"audio-379623-19\" preload=\"none\" style=\"width: 100%;\" controls=\"controls\"><source type=\"audio\/mpeg\" src=\"https:\/\/www.radiopiu.net\/wordpress\/wp-content\/uploads\/2024\/01\/SIBI-5.mp3?_=19\" \/><a href=\"https:\/\/www.radiopiu.net\/wordpress\/wp-content\/uploads\/2024\/01\/SIBI-5.mp3\">https:\/\/www.radiopiu.net\/wordpress\/wp-content\/uploads\/2024\/01\/SIBI-5.mp3<\/a><\/audio>\n<p>&nbsp;<\/p>\n<h2>LA RACCOLTA COMPLETA <a href=\"https:\/\/www.radiopiu.net\/wordpress\/alle-nove-oggi-come-ieri-di-e-con-silvia-baldo\/\">CLICCA QUI<\/a><\/h2>\n<p>&nbsp;<\/p>\n<hr \/>\n<p>&nbsp;<\/p>\n<h2><span style=\"color: #808000;\">PERITI MINERARI DALL\u2019AGORDINO AL MONDO<\/span><\/h2>\n<p><strong>REDAZIONE<\/strong> Continua la serie di racconti con i periti minerari agordini. Nelle prossime due puntate la storia di Albino Romanel. I racconti dei periti minerari agordini che hanno lavorato nel mondo, ogni luned\u00ec alle 10:30 e alle 19 su Radio Pi\u00f9.<\/p>\n<p><iframe loading=\"lazy\" title=\"ALBINO ROMANEL\" width=\"1200\" height=\"675\" src=\"https:\/\/www.youtube.com\/embed\/vlkoA_kXuOE?list=PLTayghLuhCv6CeM8v3Bpv_mWeo1emp3wq\" frameborder=\"0\" allow=\"accelerometer; autoplay; clipboard-write; encrypted-media; gyroscope; picture-in-picture; web-share\" allowfullscreen><\/iframe><\/p>\n<p>&nbsp;<\/p>\n<h2><strong>LA RACCOLTA COMPLETA <a href=\"https:\/\/www.radiopiu.net\/wordpress\/periti-minerari-dallagordino-al-mondo\/\">CLICCA QUI<\/a><\/strong><\/h2>\n<p>&nbsp;<\/p>\n<hr \/>\n<p>&nbsp;<\/p>\n<h2><span style=\"color: #33cccc;\">SALUTE E SOCIETA&#8217;<\/span><\/h2>\n<p><a class=\"dt-pswp-item\" href=\"https:\/\/www.radiopiu.net\/wordpress\/wp-content\/uploads\/2024\/03\/88098acd-68ac-ee69-7fea-05e2264cc30a-1.jpg\" data-dt-img-description=\"A closeup of squeezed whelks on skin\" data-large_image_width=\"800\" data-large_image_height=\"445\"><img loading=\"lazy\" decoding=\"async\" class=\"alignleft wp-image-379785 \" src=\"https:\/\/www.radiopiu.net\/wordpress\/wp-content\/uploads\/2024\/03\/88098acd-68ac-ee69-7fea-05e2264cc30a-1-300x167.jpg\" alt=\"\" width=\"171\" height=\"95\" srcset=\"https:\/\/www.radiopiu.net\/wordpress\/wp-content\/uploads\/2024\/03\/88098acd-68ac-ee69-7fea-05e2264cc30a-1-300x167.jpg 300w, https:\/\/www.radiopiu.net\/wordpress\/wp-content\/uploads\/2024\/03\/88098acd-68ac-ee69-7fea-05e2264cc30a-1-768x427.jpg 768w, https:\/\/www.radiopiu.net\/wordpress\/wp-content\/uploads\/2024\/03\/88098acd-68ac-ee69-7fea-05e2264cc30a-1.jpg 800w\" sizes=\"auto, (max-width: 171px) 100vw, 171px\" \/><\/a><\/p>\n<p><strong>PUNTATA DEL 18 MARZO 2024<\/strong><\/p>\n<p><strong>Neurofibromatosi: caratteristiche cliniche e diagnosi <\/strong>La neurofibromatosi \u00e8 una sindrome neurocutanea, cio\u00e8 una sindrome con manifestazioni cutanee e neurologiche. Provoca vari tipi di tumori benigni o maligni che coinvolgono nervi centrali o periferici, spesso causa macule pigmentate e talvolta altre manifestazioni.<\/p>\n<audio class=\"wp-audio-shortcode\" id=\"audio-379623-20\" preload=\"none\" style=\"width: 100%;\" controls=\"controls\"><source type=\"audio\/mpeg\" src=\"https:\/\/www.radiopiu.net\/wordpress\/wp-content\/uploads\/2024\/03\/SALUTE-2.mp3?_=20\" \/><a href=\"https:\/\/www.radiopiu.net\/wordpress\/wp-content\/uploads\/2024\/03\/SALUTE-2.mp3\">https:\/\/www.radiopiu.net\/wordpress\/wp-content\/uploads\/2024\/03\/SALUTE-2.mp3<\/a><\/audio>\n<p>&nbsp;<\/p>\n<p>&nbsp;<\/p>\n<hr \/>\n<p>&nbsp;<\/p>\n<p>&nbsp;<\/p>\n<blockquote class=\"wp-embedded-content\" data-secret=\"F9jGYB35PH\"><p><a href=\"https:\/\/www.radiopiu.net\/wordpress\/379856-2a\/\">&#8220;Memorie di ghiaccio: Il momento epico di Nicola Fontanive e il richiamo del passato&#8221;<\/a><\/p><\/blockquote>\n<p><iframe loading=\"lazy\" class=\"wp-embedded-content\" sandbox=\"allow-scripts\" security=\"restricted\" style=\"position: absolute; clip: rect(1px, 1px, 1px, 1px);\" title=\"&#8220;&#8220;Memorie di ghiaccio: Il momento epico di Nicola Fontanive e il richiamo del passato&#8221;&#8221; &#8212; Radio Pi\u00f9\" src=\"https:\/\/www.radiopiu.net\/wordpress\/379856-2a\/embed\/#?secret=9MGiyX6GiT#?secret=F9jGYB35PH\" data-secret=\"F9jGYB35PH\" width=\"600\" height=\"338\" frameborder=\"0\" marginwidth=\"0\" marginheight=\"0\" scrolling=\"no\"><\/iframe><\/p>\n<p>&nbsp;<\/p>\n<p>&nbsp;<\/p>\n<hr \/>\n<p>&nbsp;<\/p>\n<h2><span style=\"color: #800080;\">I RACCONTI DI PAOLO SOPPELSA<\/span><\/h2>\n<p><strong>L&#8217;OROLOGIO A PENDOLO<\/strong><\/p>\n<p><strong>AUDIO<\/strong><\/p>\n<audio class=\"wp-audio-shortcode\" id=\"audio-379623-21\" preload=\"none\" style=\"width: 100%;\" controls=\"controls\"><source type=\"audio\/mpeg\" src=\"https:\/\/www.radiopiu.net\/wordpress\/wp-content\/uploads\/2024\/03\/PAOLOS-2.mp3?_=21\" \/><a href=\"https:\/\/www.radiopiu.net\/wordpress\/wp-content\/uploads\/2024\/03\/PAOLOS-2.mp3\">https:\/\/www.radiopiu.net\/wordpress\/wp-content\/uploads\/2024\/03\/PAOLOS-2.mp3<\/a><\/audio>\n<p>&nbsp;<\/p>\n<p><a class=\"dt-pswp-item\" href=\"https:\/\/www.radiopiu.net\/wordpress\/wp-content\/uploads\/2024\/03\/9c9e38f3-10a0-401c-993f-6a88818dd61c.jpg\" data-dt-img-description=\"\" data-large_image_width=\"1080\" data-large_image_height=\"1440\"><img loading=\"lazy\" decoding=\"async\" class=\" wp-image-379531 alignleft\" src=\"https:\/\/www.radiopiu.net\/wordpress\/wp-content\/uploads\/2024\/03\/9c9e38f3-10a0-401c-993f-6a88818dd61c-225x300.jpg\" alt=\"\" width=\"138\" height=\"184\" srcset=\"https:\/\/www.radiopiu.net\/wordpress\/wp-content\/uploads\/2024\/03\/9c9e38f3-10a0-401c-993f-6a88818dd61c-225x300.jpg 225w, https:\/\/www.radiopiu.net\/wordpress\/wp-content\/uploads\/2024\/03\/9c9e38f3-10a0-401c-993f-6a88818dd61c-768x1024.jpg 768w, https:\/\/www.radiopiu.net\/wordpress\/wp-content\/uploads\/2024\/03\/9c9e38f3-10a0-401c-993f-6a88818dd61c.jpg 1080w\" sizes=\"auto, (max-width: 138px) 100vw, 138px\" \/><\/a>Domenica di fine inverno, di pioggia battente che a mezzogiorno si trasforma in neve. Auto frettolose che scendono a grappoli dalla Val del Biois e poi lunghi silenzi; una domenica da divano, da televisione guardata distrattamente e da fuoco da curare. Sentore di momenti gi\u00e0 vissuti, attimi scanditi dall&#8217;infinito ticchettio dell&#8217;orologio a pendolo che, con il suo suonare malinconico, annuncia le ore e le mezze ore alla terza generazione di persone che una volta a settimana carica la sua molla. Da trent&#8217;anni la pendola scandisce il tempo vissuto accanto al Biois, ma non \u00e8 stato sempre cos\u00ec; per alcuni decenni l&#8217;orologio ha battuto le ore nella casa situata a mezza costa di fronte al Pelsa. L&#8217;avevano comperato i nonni tanti anni fa, ed era stato un acquisto ponderato, uno di quelli importanti, che era stato necessario risparmiare per poterlo vedere appeso sulla parete rivolta ad est della stua. Avevano scelto un modello essenziale, di legno scuro, senza fronzoli, dall&#8217;aspetto quasi severo, e l&#8217;avevano collocato proprio di fronte al fornel, da dove, durante i lunghi pomeriggi d&#8217;inverno, si poteva seguire lo scorrere di quel tempo lento. Erano anni in cui gli orologi erano ancora appesi ai gilet degli uomini benestanti, pi\u00f9 rari e da tenere da conto, invece, erano quelli legati al polso delle persone normali. Per alcuni c&#8217;era solamente l&#8217;orologio del campanile del paese a segnare quel tempo di sacrifici e fatiche. Da quel giorno lontano, la pendola ha svolto il suo lavoro in modo impeccabile, scandendo vite diverse, tempi anonimi e tempi importanti. Era quell\u2019orologio dal suono serio ad indicare il tempo della mungitura della vacca o della partenza per la Svizzera, ad esempio, e poi il tempo dei frugali pranzi e delle precoci cene. Le ricordo ancora quelle lunghe e fredde notti di fine dicembre, quando il suo ticchettio perenne era l&#8217;unico suono presente in quel perfetto silenzio di neve. Quell\u2019infinito tic-tac lo potevi udire anche dalla stanza dai muri rosa collocata sopra la stua e poi, ad intervalli regolari, pure quei metallici e malinconici \u201csdeng\u201d che annunciavano l&#8217;arrivo di un&#8217;altra ora notturna. A volte i rintocchi perdevano vigore, rallentavano la cadenza e il volume si presentava pi\u00f9 flebile, e allora quello era il momento di prendersi cura dell&#8217;orologio. Era necessario rinvigorire la sua molla per ridargli la forza necessaria per continuare a scandire quel tempo che lass\u00f9, di fronte al Pelsa, sembrava scorrere su di un&#8217;altra scala di misura. Ecco allora che mani forti diventavano delicate nel gesto di aprire la porta con il sottile vetro, e poi ecco l\u2019impugnare l\u2019apposita chiavetta da ruotare con attenzione fino al momento in cui, quel girare in senso orario, diveniva pi\u00f9 stentato; ora la pendola era nuovamente pronta a scandire con precisione il tempo di quegli infiniti e caldi giorni d&#8217;estate oppure di quei volubili giorni d&#8217;inizio di un&#8217;altra stentata e piovosa primavera. Sembrava dovesse essere perpetuo lo scorrere di quelle vite, e invece giunse ineluttabile il momento del silenzio e di quel tempo scandito che nei primi anni \u201890 non serviva pi\u00f9 a nessuno. Cos\u00ec un giorno, il vecchio orologio venne trasferito ai piedi del Pelsa dove avrebbe continuato ad indicare un tempo nuovo e ad evocare, con il suo suonare malinconico, quegli affetti che da tanti anni sono diventati ricordi.<br \/>\n\u201c&#8230;cande che lughe a Zenzenighe la prima roba che faze le carg\u00e0 le doi suste, e dopo scolte el so bate che me mena indrio a chi ani biei, cande che ereane &#8216;ncora tuti e via par Colaz l&#8217;era &#8216;ncora i prai\u2026\u201d<\/p>\n<p>&nbsp;<\/p>\n<hr \/>\n<p>&nbsp;<\/p>\n<h2><span style=\"color: #ff0000;\"><a class=\"dt-pswp-item\" href=\"https:\/\/www.radiopiu.net\/wordpress\/wp-content\/uploads\/2018\/09\/appuntamenti.jpeg\" data-dt-img-description=\"\" data-large_image_width=\"800\" data-large_image_height=\"100\"><img loading=\"lazy\" decoding=\"async\" class=\"wp-image-61958 size-full aligncenter\" src=\"https:\/\/www.radiopiu.net\/wordpress\/wp-content\/uploads\/2018\/09\/appuntamenti.jpeg\" alt=\"\" width=\"800\" height=\"100\" srcset=\"https:\/\/www.radiopiu.net\/wordpress\/wp-content\/uploads\/2018\/09\/appuntamenti.jpeg 800w, https:\/\/www.radiopiu.net\/wordpress\/wp-content\/uploads\/2018\/09\/appuntamenti-300x38.jpeg 300w, https:\/\/www.radiopiu.net\/wordpress\/wp-content\/uploads\/2018\/09\/appuntamenti-768x96.jpeg 768w\" sizes=\"auto, (max-width: 800px) 100vw, 800px\" \/>\u00a0<\/a><\/span><\/h2>\n<blockquote>\n<h1><strong>\u00a0<\/strong><\/h1>\n<h1><strong> <a class=\"dt-pswp-item\" href=\"https:\/\/www.radiopiu.net\/wordpress\/wp-content\/uploads\/2024\/03\/432768131_122132584064160070_893759731308900904_n.jpg\" data-dt-img-description=\"\" data-large_image_width=\"526\" data-large_image_height=\"526\"><img loading=\"lazy\" decoding=\"async\" class=\" wp-image-379833 alignleft\" src=\"https:\/\/www.radiopiu.net\/wordpress\/wp-content\/uploads\/2024\/03\/432768131_122132584064160070_893759731308900904_n-300x300.jpg\" alt=\"\" width=\"186\" height=\"186\" srcset=\"https:\/\/www.radiopiu.net\/wordpress\/wp-content\/uploads\/2024\/03\/432768131_122132584064160070_893759731308900904_n-300x300.jpg 300w, https:\/\/www.radiopiu.net\/wordpress\/wp-content\/uploads\/2024\/03\/432768131_122132584064160070_893759731308900904_n-150x150.jpg 150w, https:\/\/www.radiopiu.net\/wordpress\/wp-content\/uploads\/2024\/03\/432768131_122132584064160070_893759731308900904_n.jpg 526w\" sizes=\"auto, (max-width: 186px) 100vw, 186px\" \/><\/a>AL CINEMA DOLOMITI DI FALCADE\u00a0<\/strong><\/h1>\n<\/blockquote>\n<p><strong>VACANZE PASQUALI AL CINEMA DOLOMITI DI FALCADE, RIAPRE LA SALA IN CENTRO AL PAESE. RIPRESA STAGIONALE CON UN GRANDE PELLICOLA NEL RICORDO DI BOB MARLEY ONE LOVE&#8230; <\/strong><strong>VENERDI E SABATO ALLE 21, DOMENICA ALLE 15.30 E ALLE 21.<br \/>\n<\/strong>BOB MARLEY &#8211; ONE LOVE La vita, il talento, i difetti, le passioni, l&#8217;impegno, ma soprattutto la Musica di una delle icone pi\u00f9 grandi di sempre: Bob Marley. di Reinaldo Marcus Green | Biografico &#8211; 107 minuti con Kingsley Ben-Adir &#8211; Lashana Lynch<\/p>\n<div class=\"x11i5rnm xat24cr x1mh8g0r x1vvkbs xtlvy1s x126k92a\">\n<div dir=\"auto\">22 Marzo 2024 | Ore 21:00;\u00a0 23 Marzo 2024 | Ore 21:00;\u00a0 24 Marzo 2024 | Ore 15:30 e 21:00;\u00a001 Aprile 2024 | Ore 15:30 e 21:00<\/div>\n<\/div>\n<p>&nbsp;<\/p>\n<p><strong>\u00a0<\/strong><\/p>\n<p><strong>BELLUNO<\/strong> Oggi alle 20 in sala Bianchi a Belluno una serata dedicata al lupo con un documentario di Bruno Boz dedicato al predatore. Organizza lo SPI CGIL di Belluno<\/p>\n<div>\n<div class=\"\" dir=\"auto\">\n<div id=\":r9h:\" class=\"x1iorvi4 x1pi30zi x1l90r2v x1swvt13\" data-ad-comet-preview=\"message\" data-ad-preview=\"message\">\n<div class=\"x78zum5 xdt5ytf xz62fqu x16ldp7u\">\n<div class=\"xu06os2 x1ok221b\">\n<p><strong>BELLUNO<\/strong> Il Circolo Culturale Bellunese presenta due concerti imperdibili: oggi con il pianista Matteo Andri e il violinista Eva Ter-Sarkisova, e il 24 marzo un tributo a Nino Rota con un trio d&#8217;eccezione. Ingresso su invito o acquisto in Cartoleria Capraro. Informazioni su belcircolo.org.<\/p>\n<p><strong>BELLUNO<\/strong> Domani alle 18 in Sala Bianchi a Belluno vi sar\u00e0 una serata speciale del ciclo &#8220;Pedali e altre storie&#8221; di FIAB Belluno. La serata sar\u00e0 dedicata alla presentazione del nuovo libro di Flavio Faoro &#8220;Passeggiate in Val Belluna &#8211; Alla scoperta di oltre cento antiche chiesette&#8221;<\/p>\n<p><strong>LIMANA<\/strong> Domani alle 20:30, nella Sala Nocivelli di Limana, si terr\u00e0 il terzo appuntamento della rassegna Assaggi di libri. Gianluca Ascione presenter\u00e0 il suo libro &#8220;Incolpevoli per aver commesso il fatto&#8221;. L&#8217;evento \u00e8 dedicato alla Giornata della memoria e dell&#8217;impegno in ricordo delle vittime innocenti delle mafie.<\/p>\n<p><strong>BELLUNO <\/strong>Il Circolo culturale La Terra dei Padri Belluno ospita venerd\u00ec alle 17:45 una conferenza su &#8220;Miles et militaria dell&#8217;et\u00e0 romana nel Bellunese&#8221;, tenuta da Filippo Favilli e Paolo Viel. Approfondiranno aspetti sociali, economici e geopolitici della presenza militare romana, con focus sulla vita del soldato, equipaggiamento e reperti ritrovati.<\/p>\n<p><b>SEREN DEL GRAPPA <\/b>Incontro venerd\u00ec 22 marzo 2024 a Seren del Grappa sulla Giornata Mondiale dell&#8217;Acqua, Biblioteca Comunale, interventi di Valter Bonan, Daniele Gubert, Ezio De Cet, moderatore Lucio Dorz.<\/p>\n<p><strong>BELLUNO<\/strong> Venerd\u00ec 22 marzo, ore 20:30, Seminario Gregoriano di Belluno: terza conferenza sulle celebrazioni dei 700 anni di San Pietro. Caterina Costa presenter\u00e0 la sua tesi sui manoscritti miniati della Biblioteca Lolliniana, con focus su tre pregevoli opere. Prossimo incontro il 12 aprile con Aurora Frescura. Organizzato dal Seminario Gregoriano, Biblioteca Gregoriana, Associazione culturale \u201cCampedel\u201d e Biblioteca civica di Belluno per valorizzare il patrimonio artistico e librario della diocesi.<\/p>\n<p><strong>BELLUNO<\/strong> Si terr\u00e0 sabato 23 marzo alle ore 14:30 in Sala Teatro del Centro congressi Giovanni 23mo di Belluno il convegno dal titolo \u201cProgramma OMS Organizzazione Mondiale della Sanit\u00e0: democrazia in pericolo\u201d? Introdurr\u00e0 l\u2019incontro il dottor Filiberto Dal Molin, medico radiologo. Moderatrice del convegno la dottoressa Gioia Locati, giornalista e scrittrice.<\/p>\n<p><strong>FELTRE<\/strong> Domenica alle 11, al Centro Astronomico di Arson, si terr\u00e0 un evento dedicato all&#8217;osservazione del Sole ad alta risoluzione. Sar\u00e0 possibile osservare la stella sia nella luce visibile che nella luce d&#8217;idrogeno, utilizzando vari schemi filtranti disponibili nell&#8217;osservatorio, garantendo condizioni di sicurezza assoluta. L&#8217;evento includer\u00e0 anche la proiezione del cielo della stagione al planetario e spettacoli riguardanti il Sole. L&#8217;ingresso costa 5 \u20ac, ma \u00e8 gratuito per soci e bambini fino a 11 anni.<\/p>\n<h3 dir=\"auto\"><a class=\"dt-pswp-item\" href=\"https:\/\/www.radiopiu.net\/wordpress\/wp-content\/uploads\/2024\/03\/431799071_3701462953469797_3407377256265811588_n.jpg\" data-dt-img-description=\"\" data-large_image_width=\"512\" data-large_image_height=\"640\"><img loading=\"lazy\" decoding=\"async\" class=\"size-medium wp-image-378141 alignleft\" src=\"https:\/\/www.radiopiu.net\/wordpress\/wp-content\/uploads\/2024\/03\/431799071_3701462953469797_3407377256265811588_n-240x300.jpg\" alt=\"\" width=\"240\" height=\"300\" srcset=\"https:\/\/www.radiopiu.net\/wordpress\/wp-content\/uploads\/2024\/03\/431799071_3701462953469797_3407377256265811588_n-240x300.jpg 240w, https:\/\/www.radiopiu.net\/wordpress\/wp-content\/uploads\/2024\/03\/431799071_3701462953469797_3407377256265811588_n.jpg 512w\" sizes=\"auto, (max-width: 240px) 100vw, 240px\" \/><\/a><\/h3>\n<h2><span style=\"color: #ff0000;\">PROSSIMAMENTE&#8230;<\/span><\/h2>\n<p>&nbsp;<\/p>\n<p>&nbsp;<\/p>\n<\/div>\n<\/div>\n<\/div>\n<\/div>\n<\/div>\n<div class=\"\" dir=\"auto\">\n<div id=\":r9h:\" class=\"x1iorvi4 x1pi30zi x1l90r2v x1swvt13\" data-ad-comet-preview=\"message\" data-ad-preview=\"message\">\n<div class=\"x78zum5 xdt5ytf xz62fqu x16ldp7u\">\n<div class=\"xu06os2 x1ok221b\">\n<h3 dir=\"auto\">7 APRILE, LARESEI! SAVE THE DATE FESTIVAL &#8220;ULTIMISSIME&#8221; CON CAROLINA MARQUEZ, MASSIMILIANO OSSINI, CAMILLA RONCHI, ICE MC,\u00a0\u00a0\u00a0 NATHALIE AARTS, ALIEN CUT\u00a0 E SATURNINO Acquista il tuo biglietto d&#8217;ingresso al link: www.ciaotickets.com \u00a0 save-the-date-festival 7 APRILE RIFUGIO LARESEI SKI AREA SAN PELLEGRINO-FALCADE<\/h3>\n<\/div>\n<\/div>\n<\/div>\n<\/div>\n<div>\n<div class=\"\" dir=\"auto\">\n<div id=\":r9h:\" class=\"x1iorvi4 x1pi30zi x1l90r2v x1swvt13\" data-ad-comet-preview=\"message\" data-ad-preview=\"message\">\n\n\t\t\t<style type='text\/css'>\n\t\t\t\t#gallery-3 {\n\t\t\t\t\tmargin: auto;\n\t\t\t\t}\n\t\t\t\t#gallery-3 .gallery-item {\n\t\t\t\t\tfloat: left;\n\t\t\t\t\tmargin-top: 10px;\n\t\t\t\t\ttext-align: center;\n\t\t\t\t\twidth: 25%;\n\t\t\t\t}\n\t\t\t\t#gallery-3 img {\n\t\t\t\t\tborder: 2px solid #cfcfcf;\n\t\t\t\t}\n\t\t\t\t#gallery-3 .gallery-caption {\n\t\t\t\t\tmargin-left: 0;\n\t\t\t\t}\n\t\t\t\t\/* see gallery_shortcode() in wp-includes\/media.php *\/\n\t\t\t<\/style>\n\t\t<div id='gallery-3' class='dt-gallery-container gallery galleryid-379623 gallery-columns-4 gallery-size-medium'><dl class='gallery-item'>\n\t\t\t\t<dt class='gallery-icon portrait'>\n\t\t\t\t\t<a class=\"rollover rollover-zoom dt-pswp-item\" title=\"SCR-20240306-qmql\" data-dt-img-description=\"\" data-large_image_width=\"1182\" data-large_image_height=\"1192\"href='https:\/\/www.radiopiu.net\/wordpress\/wp-content\/uploads\/2024\/03\/SCR-20240306-qmql.jpeg'><img loading=\"lazy\" decoding=\"async\" width=\"297\" height=\"300\" src=\"https:\/\/www.radiopiu.net\/wordpress\/wp-content\/uploads\/2024\/03\/SCR-20240306-qmql-297x300.jpeg\" class=\"attachment-medium size-medium\" alt=\"\" srcset=\"https:\/\/www.radiopiu.net\/wordpress\/wp-content\/uploads\/2024\/03\/SCR-20240306-qmql-297x300.jpeg 297w, https:\/\/www.radiopiu.net\/wordpress\/wp-content\/uploads\/2024\/03\/SCR-20240306-qmql-1015x1024.jpeg 1015w, https:\/\/www.radiopiu.net\/wordpress\/wp-content\/uploads\/2024\/03\/SCR-20240306-qmql-768x774.jpeg 768w, https:\/\/www.radiopiu.net\/wordpress\/wp-content\/uploads\/2024\/03\/SCR-20240306-qmql.jpeg 1182w\" sizes=\"auto, (max-width: 297px) 100vw, 297px\" \/><\/a>\n\t\t\t\t<\/dt><\/dl><dl class='gallery-item'>\n\t\t\t\t<dt class='gallery-icon landscape'>\n\t\t\t\t\t<a class=\"rollover rollover-zoom dt-pswp-item\" title=\"download\" data-dt-img-description=\"\" data-large_image_width=\"316\" data-large_image_height=\"315\"href='https:\/\/www.radiopiu.net\/wordpress\/wp-content\/uploads\/2024\/03\/download.jpg'><img loading=\"lazy\" decoding=\"async\" width=\"300\" height=\"300\" src=\"https:\/\/www.radiopiu.net\/wordpress\/wp-content\/uploads\/2024\/03\/download-300x300.jpg\" class=\"attachment-medium size-medium\" alt=\"\" srcset=\"https:\/\/www.radiopiu.net\/wordpress\/wp-content\/uploads\/2024\/03\/download-300x300.jpg 300w, https:\/\/www.radiopiu.net\/wordpress\/wp-content\/uploads\/2024\/03\/download-150x150.jpg 150w, https:\/\/www.radiopiu.net\/wordpress\/wp-content\/uploads\/2024\/03\/download.jpg 316w\" sizes=\"auto, (max-width: 300px) 100vw, 300px\" \/><\/a>\n\t\t\t\t<\/dt><\/dl><dl class='gallery-item'>\n\t\t\t\t<dt class='gallery-icon landscape'>\n\t\t\t\t\t<a class=\"rollover rollover-zoom dt-pswp-item\" title=\"download\" data-dt-img-description=\"\" data-large_image_width=\"640\" data-large_image_height=\"639\"href='https:\/\/www.radiopiu.net\/wordpress\/wp-content\/uploads\/2024\/02\/download-6.jpg'><img loading=\"lazy\" decoding=\"async\" width=\"300\" height=\"300\" src=\"https:\/\/www.radiopiu.net\/wordpress\/wp-content\/uploads\/2024\/02\/download-6-300x300.jpg\" class=\"attachment-medium size-medium\" alt=\"\" srcset=\"https:\/\/www.radiopiu.net\/wordpress\/wp-content\/uploads\/2024\/02\/download-6-300x300.jpg 300w, https:\/\/www.radiopiu.net\/wordpress\/wp-content\/uploads\/2024\/02\/download-6-150x150.jpg 150w, https:\/\/www.radiopiu.net\/wordpress\/wp-content\/uploads\/2024\/02\/download-6.jpg 640w\" sizes=\"auto, (max-width: 300px) 100vw, 300px\" \/><\/a>\n\t\t\t\t<\/dt><\/dl><dl class='gallery-item'>\n\t\t\t\t<dt class='gallery-icon landscape'>\n\t\t\t\t\t<a class=\"rollover rollover-zoom dt-pswp-item\" title=\"Senza nome\" data-dt-img-description=\"\" data-large_image_width=\"566\" data-large_image_height=\"463\"href='https:\/\/www.radiopiu.net\/wordpress\/wp-content\/uploads\/2024\/03\/Senza-nome-4.png'><img loading=\"lazy\" decoding=\"async\" width=\"300\" height=\"245\" src=\"https:\/\/www.radiopiu.net\/wordpress\/wp-content\/uploads\/2024\/03\/Senza-nome-4-300x245.png\" class=\"attachment-medium size-medium\" alt=\"\" srcset=\"https:\/\/www.radiopiu.net\/wordpress\/wp-content\/uploads\/2024\/03\/Senza-nome-4-300x245.png 300w, https:\/\/www.radiopiu.net\/wordpress\/wp-content\/uploads\/2024\/03\/Senza-nome-4.png 566w\" sizes=\"auto, (max-width: 300px) 100vw, 300px\" \/><\/a>\n\t\t\t\t<\/dt><\/dl><br style=\"clear: both\" \/><dl class='gallery-item'>\n\t\t\t\t<dt class='gallery-icon landscape'>\n\t\t\t\t\t<a class=\"rollover rollover-zoom dt-pswp-item\" title=\"download\" data-dt-img-description=\"\" data-large_image_width=\"640\" data-large_image_height=\"639\"href='https:\/\/www.radiopiu.net\/wordpress\/wp-content\/uploads\/2024\/02\/download-5.jpg'><img loading=\"lazy\" decoding=\"async\" width=\"300\" height=\"300\" src=\"https:\/\/www.radiopiu.net\/wordpress\/wp-content\/uploads\/2024\/02\/download-5-300x300.jpg\" class=\"attachment-medium size-medium\" alt=\"\" srcset=\"https:\/\/www.radiopiu.net\/wordpress\/wp-content\/uploads\/2024\/02\/download-5-300x300.jpg 300w, https:\/\/www.radiopiu.net\/wordpress\/wp-content\/uploads\/2024\/02\/download-5-150x150.jpg 150w, https:\/\/www.radiopiu.net\/wordpress\/wp-content\/uploads\/2024\/02\/download-5.jpg 640w\" sizes=\"auto, (max-width: 300px) 100vw, 300px\" \/><\/a>\n\t\t\t\t<\/dt><\/dl><dl class='gallery-item'>\n\t\t\t\t<dt class='gallery-icon landscape'>\n\t\t\t\t\t<a class=\"rollover rollover-zoom dt-pswp-item\" title=\"Senza nome\" data-dt-img-description=\"\" data-large_image_width=\"415\" data-large_image_height=\"390\"href='https:\/\/www.radiopiu.net\/wordpress\/wp-content\/uploads\/2024\/03\/Senza-nome-10.png'><img loading=\"lazy\" decoding=\"async\" width=\"300\" height=\"282\" src=\"https:\/\/www.radiopiu.net\/wordpress\/wp-content\/uploads\/2024\/03\/Senza-nome-10-300x282.png\" class=\"attachment-medium size-medium\" alt=\"\" srcset=\"https:\/\/www.radiopiu.net\/wordpress\/wp-content\/uploads\/2024\/03\/Senza-nome-10-300x282.png 300w, https:\/\/www.radiopiu.net\/wordpress\/wp-content\/uploads\/2024\/03\/Senza-nome-10.png 415w\" sizes=\"auto, (max-width: 300px) 100vw, 300px\" \/><\/a>\n\t\t\t\t<\/dt><\/dl><dl class='gallery-item'>\n\t\t\t\t<dt class='gallery-icon landscape'>\n\t\t\t\t\t<a class=\"rollover rollover-zoom dt-pswp-item\" title=\"19c21029-a0ef-4986-8081-9facbbbce065\" data-dt-img-description=\"\" data-large_image_width=\"1080\" data-large_image_height=\"1080\"href='https:\/\/www.radiopiu.net\/wordpress\/wp-content\/uploads\/2024\/02\/19c21029-a0ef-4986-8081-9facbbbce065.jpg'><img loading=\"lazy\" decoding=\"async\" width=\"300\" height=\"300\" src=\"https:\/\/www.radiopiu.net\/wordpress\/wp-content\/uploads\/2024\/02\/19c21029-a0ef-4986-8081-9facbbbce065-300x300.jpg\" class=\"attachment-medium size-medium\" alt=\"\" srcset=\"https:\/\/www.radiopiu.net\/wordpress\/wp-content\/uploads\/2024\/02\/19c21029-a0ef-4986-8081-9facbbbce065-300x300.jpg 300w, https:\/\/www.radiopiu.net\/wordpress\/wp-content\/uploads\/2024\/02\/19c21029-a0ef-4986-8081-9facbbbce065-1024x1024.jpg 1024w, https:\/\/www.radiopiu.net\/wordpress\/wp-content\/uploads\/2024\/02\/19c21029-a0ef-4986-8081-9facbbbce065-150x150.jpg 150w, https:\/\/www.radiopiu.net\/wordpress\/wp-content\/uploads\/2024\/02\/19c21029-a0ef-4986-8081-9facbbbce065-768x768.jpg 768w, https:\/\/www.radiopiu.net\/wordpress\/wp-content\/uploads\/2024\/02\/19c21029-a0ef-4986-8081-9facbbbce065.jpg 1080w\" sizes=\"auto, (max-width: 300px) 100vw, 300px\" \/><\/a>\n\t\t\t\t<\/dt><\/dl><dl class='gallery-item'>\n\t\t\t\t<dt class='gallery-icon landscape'>\n\t\t\t\t\t<a class=\"rollover rollover-zoom dt-pswp-item\" title=\"428458808_122124610286160269_8403615925720421881_n\" data-dt-img-description=\"\" data-large_image_width=\"526\" data-large_image_height=\"526\"href='https:\/\/www.radiopiu.net\/wordpress\/wp-content\/uploads\/2024\/02\/428458808_122124610286160269_8403615925720421881_n.jpg'><img loading=\"lazy\" decoding=\"async\" width=\"300\" height=\"300\" src=\"https:\/\/www.radiopiu.net\/wordpress\/wp-content\/uploads\/2024\/02\/428458808_122124610286160269_8403615925720421881_n-300x300.jpg\" class=\"attachment-medium size-medium\" alt=\"\" srcset=\"https:\/\/www.radiopiu.net\/wordpress\/wp-content\/uploads\/2024\/02\/428458808_122124610286160269_8403615925720421881_n-300x300.jpg 300w, https:\/\/www.radiopiu.net\/wordpress\/wp-content\/uploads\/2024\/02\/428458808_122124610286160269_8403615925720421881_n-150x150.jpg 150w, https:\/\/www.radiopiu.net\/wordpress\/wp-content\/uploads\/2024\/02\/428458808_122124610286160269_8403615925720421881_n.jpg 526w\" sizes=\"auto, (max-width: 300px) 100vw, 300px\" \/><\/a>\n\t\t\t\t<\/dt><\/dl><br style=\"clear: both\" \/>\n\t\t\t<\/div>\n\n<\/div>\n<\/div>\n<\/div>\n<blockquote>\n<div>\n<div class=\"\" dir=\"auto\">\n<div id=\":r9h:\" class=\"x1iorvi4 x1pi30zi x1l90r2v x1swvt13\" data-ad-comet-preview=\"message\" data-ad-preview=\"message\">\n<div class=\"x78zum5 xdt5ytf xz62fqu x16ldp7u\">\n<div class=\"xu06os2 x1ok221b\">\n<div dir=\"auto\"><\/div>\n<\/div>\n<\/div>\n<\/div>\n<\/div>\n<\/div>\n<\/blockquote>\n<p>&nbsp;<\/p>\n<p>&nbsp;<\/p>\n<hr \/>\n<p>&nbsp;<\/p>\n<blockquote>\n<h3>STORIE DI ALPINI: IL CAVALIER SAVIO FIORE DEL GRUPPO ALPINI AGORDO<\/h3>\n<\/blockquote>\n<p><strong>a cura di Alessandro Savio e Filippo Fontanive<\/strong><\/p>\n<p>Cav. Savio Fiore, nasceva\u00a0 l\u20198 ottobre 1890 a Taibon Agordino (BL) figlio di Savio Eugenio e Campedel Maria, fratello di Savio Pio (1893-1915 disperso in guerra) e Savio Milano (1899-1998). Chiamato alle armi il 27 ottobre 1910, entrava come Trombettiere nel 7\u00b0 Reggimento Alpini &#8211; Battaglione \u201cBelluno\u201d,\u00a0 il 1 Ottobre 1911 passava al 2\u00b0 Reggimento Alpini\u00a0 &#8211; Battaglione \u201cSaluzzo\u201d\u00a0 il 20 Ottobre 1911 partiva per la Tripolitania e Cirenaica imbarcandosi a Napoli. Sul cappello d\u2019alpino a simbolo di protezione, portava la Medaglia Votiva\u00a0 Madonna &#8211; Romae di fine 1800 che lo avrebbe accompagnato nella campagna di Libia. Il 17 Gennaio 1912 a Derna in Libia, ferito al fianco destro, non si allontanava dal combattimento e animava con la voce i compagni. Colpito una seconda volta da un proiettile, rimaneva gravemente ferito all\u2019inguine sinistro mentre respingeva col fuoco un aggiramento nemico sul ciglione Dernino. Per questo fu decorato Medaglia D\u2019Argento al Valor Militare. Nel Febbraio 1912 rientrava a Catania e dopo una licenza straordinaria di 6 mesi, ad Agosto 1912, ritornava al 7\u00b0 Reggimento Alpini.- Battaglione Belluno ricevendo la Medaglia Commemorativa Guerra Italo-Turca 1911-12. Nello stesso periodo procurava al fratello Pio , classe 1893, il ritardo della chiamata alle armi ai termini dell&#8217;art. 108 sul reclutamento (l&#8217;articolo prevedeva che, in tempo di pace, pi\u00f9 fratelli non potessero essere contemporaneamente chiamati alle armi) ma a marzo 1914 dovette congedarsi per infermit\u00e0 dalle ferite di guerra. Il fratello Pio, appena maggiorenne, dovette arruolarsi nell\u2019aprile 1914 per poi rimanere disperso in fatto d\u2019armi il 14 agosto 1915, durante l\u2019offensiva contro gli austro-ungarici nelle Valli del B\u00f6den, la Piana dei Laghi a nord delle Tre Cime di Lavaredo. L\u2019altro fratello Milano, un \u201cragazzo del \u201899\u201d richiamato alle armi nel 1917 e ferito nel 1918, in seguito diede il nome Pio al proprio figlio, in ricordo del fratello scomparso. La qui presente Medaglia in Ricordo della Guerra 1915-1918 fu concessa post mortem al fratello Pio nel 1927, ma fu custodita da Fiore. Sposato con Concetta Savio (4\/8\/1988-8\/4\/1979), Fiore ebbe due figlie femmine: Elda (3\/11\/1916 &#8211; 26\/10\/1994) e\u00a0 Fioretta Silvia (19\/05\/1926 &#8211; 22\/06\/1953). Nel giugno 1940 veniva richiamato nuovamente alle armi nella\u00a0 443\u00b0 Coorte Territoriale Mobile e giungeva in territorio di operazione all\u2019Isola di Cherso localit\u00e0 Aquilonia con lo sbarco del piroscafo \u201cQuirinale\u201d. A dicembre dello stesso anno cessava la mobilitazione per esigenze speciali della Coorte Territoriale. Ricevette la medaglia Croce di Guerra al Valore Militare della Repubblica Italiana e l&#8217;onorificenza con Medaglia di Cavaliere della Repubblica.\u00a0 Visse ad Agordo in via Castelletto, lavorando in un negozio di alimentari ed impartendo lezioni di musica ai ragazzi, fu maestro della banda di Agordo , infatti viene menzionato in occasione del Congresso Eucaristico del 23 Giugno 1923 che si svolse in Agordo con oltre 10.000 partecipanti alla Santa Messa che si tenne sul\u00a0 \u00a0Broi , il grande prato sottostante alla piazza, officiata dal. Vescovo di Belluno e Feltre \u00a0Mons. Giosu\u00e8 Cattarossi assieme a \u00a0tutti i Parroci della Forania , con\u00a0 musiche ,\u00a0 canti religiosi e l\u2019inno eucaristico eseguito magistralmente dalla Schola Cantorum e dalla banda di Agordo diretta appunto dal cav. Savio Fiore .\u00a0 Fu anche \u00a0Capogruppo del Gruppo Alpini \u00a0Agordo\u00a0 come riportato dal giornale \u201c L\u2019Alpino\u201d del 4 Marzo 1937 . A questo proposito non si hanno notizie certe sulla nascita del Gruppo Alpini di Agordo , ma\u00a0 una testimonianza sicura \u00e8 la tessera rilasciata nel 1930 dal Presidente Nazionale \u00a0Angelo Manaresi all\u2019Alpino Giovanni Savio detto Milano (ragazzo del \u201c99 fratello del Fiore)e socio fondatore\u00a0 della Sezione Alpini Val Cordevole .\u00a0 \u00a0Il Cav. Savio Fiore , medaglia d\u2019argento al valor militare mor\u00ec a 75 anni\u00a0 il 26\/06\/1966.<\/p>\n\n\t\t\t<style type='text\/css'>\n\t\t\t\t#gallery-4 {\n\t\t\t\t\tmargin: auto;\n\t\t\t\t}\n\t\t\t\t#gallery-4 .gallery-item {\n\t\t\t\t\tfloat: left;\n\t\t\t\t\tmargin-top: 10px;\n\t\t\t\t\ttext-align: center;\n\t\t\t\t\twidth: 20%;\n\t\t\t\t}\n\t\t\t\t#gallery-4 img {\n\t\t\t\t\tborder: 2px solid #cfcfcf;\n\t\t\t\t}\n\t\t\t\t#gallery-4 .gallery-caption {\n\t\t\t\t\tmargin-left: 0;\n\t\t\t\t}\n\t\t\t\t\/* see gallery_shortcode() in wp-includes\/media.php *\/\n\t\t\t<\/style>\n\t\t<div id='gallery-4' class='dt-gallery-container gallery galleryid-379623 gallery-columns-5 gallery-size-medium'><dl class='gallery-item'>\n\t\t\t\t<dt class='gallery-icon landscape'>\n\t\t\t\t\t<a class=\"rollover rollover-zoom dt-pswp-item\" title=\"SAVIO FIORE 1\" data-dt-img-description=\"\" data-large_image_width=\"643\" data-large_image_height=\"521\"href='https:\/\/www.radiopiu.net\/wordpress\/wp-content\/uploads\/2024\/03\/SAVIO-FIORE-1.jpg'><img loading=\"lazy\" decoding=\"async\" width=\"300\" height=\"243\" src=\"https:\/\/www.radiopiu.net\/wordpress\/wp-content\/uploads\/2024\/03\/SAVIO-FIORE-1-300x243.jpg\" class=\"attachment-medium size-medium\" alt=\"\" aria-describedby=\"gallery-4-379788\" srcset=\"https:\/\/www.radiopiu.net\/wordpress\/wp-content\/uploads\/2024\/03\/SAVIO-FIORE-1-300x243.jpg 300w, https:\/\/www.radiopiu.net\/wordpress\/wp-content\/uploads\/2024\/03\/SAVIO-FIORE-1.jpg 643w\" sizes=\"auto, (max-width: 300px) 100vw, 300px\" \/><\/a>\n\t\t\t\t<\/dt>\n\t\t\t\t\t<dd class='wp-caption-text gallery-caption' id='gallery-4-379788'>\n\t\t\t\t\tSavio Fiore al centro sorregge il tricolore come capogruppo  Alpini di Agordo.\n\t\t\t\t\t<\/dd><\/dl><dl class='gallery-item'>\n\t\t\t\t<dt class='gallery-icon landscape'>\n\t\t\t\t\t<a class=\"rollover rollover-zoom dt-pswp-item\" title=\"SAVIO FIORE 2\" data-dt-img-description=\"\" data-large_image_width=\"643\" data-large_image_height=\"523\"href='https:\/\/www.radiopiu.net\/wordpress\/wp-content\/uploads\/2024\/03\/SAVIO-FIORE-2.jpg'><img loading=\"lazy\" decoding=\"async\" width=\"300\" height=\"244\" src=\"https:\/\/www.radiopiu.net\/wordpress\/wp-content\/uploads\/2024\/03\/SAVIO-FIORE-2-300x244.jpg\" class=\"attachment-medium size-medium\" alt=\"\" aria-describedby=\"gallery-4-379789\" srcset=\"https:\/\/www.radiopiu.net\/wordpress\/wp-content\/uploads\/2024\/03\/SAVIO-FIORE-2-300x244.jpg 300w, https:\/\/www.radiopiu.net\/wordpress\/wp-content\/uploads\/2024\/03\/SAVIO-FIORE-2.jpg 643w\" sizes=\"auto, (max-width: 300px) 100vw, 300px\" \/><\/a>\n\t\t\t\t<\/dt>\n\t\t\t\t\t<dd class='wp-caption-text gallery-caption' id='gallery-4-379789'>\n\t\t\t\t\t Feltre 19\/10\/1952. Adunata del 7\u00b0 Regg. Alpini congedati Il \u201cVecio\u201d Savio Fiore in testa alla fanfara di Frassen\u00e8  con il \u201cBattaglione Val Cordevole\u201d. \n\t\t\t\t\t<\/dd><\/dl><dl class='gallery-item'>\n\t\t\t\t<dt class='gallery-icon landscape'>\n\t\t\t\t\t<a class=\"rollover rollover-zoom dt-pswp-item\" title=\"SAVIO FIORE 3\" data-dt-img-description=\"\" data-large_image_width=\"1472\" data-large_image_height=\"1100\"href='https:\/\/www.radiopiu.net\/wordpress\/wp-content\/uploads\/2024\/03\/SAVIO-FIORE-3.jpg'><img loading=\"lazy\" decoding=\"async\" width=\"300\" height=\"224\" src=\"https:\/\/www.radiopiu.net\/wordpress\/wp-content\/uploads\/2024\/03\/SAVIO-FIORE-3-300x224.jpg\" class=\"attachment-medium size-medium\" alt=\"\" aria-describedby=\"gallery-4-379790\" srcset=\"https:\/\/www.radiopiu.net\/wordpress\/wp-content\/uploads\/2024\/03\/SAVIO-FIORE-3-300x224.jpg 300w, https:\/\/www.radiopiu.net\/wordpress\/wp-content\/uploads\/2024\/03\/SAVIO-FIORE-3-1024x765.jpg 1024w, https:\/\/www.radiopiu.net\/wordpress\/wp-content\/uploads\/2024\/03\/SAVIO-FIORE-3-768x574.jpg 768w, https:\/\/www.radiopiu.net\/wordpress\/wp-content\/uploads\/2024\/03\/SAVIO-FIORE-3.jpg 1472w\" sizes=\"auto, (max-width: 300px) 100vw, 300px\" \/><\/a>\n\t\t\t\t<\/dt>\n\t\t\t\t\t<dd class='wp-caption-text gallery-caption' id='gallery-4-379790'>\n\t\t\t\t\tTessera della Associazione Nazionale Alpini di SAVIO GIOVANNI MILANO  firmata dal presidente Angelo Manaresi nel 1930\n\t\t\t\t\t<\/dd><\/dl><dl class='gallery-item'>\n\t\t\t\t<dt class='gallery-icon landscape'>\n\t\t\t\t\t<a class=\"rollover rollover-zoom dt-pswp-item\" title=\"SAVIO FIORE 4\" data-dt-img-description=\"\" data-large_image_width=\"1472\" data-large_image_height=\"1102\"href='https:\/\/www.radiopiu.net\/wordpress\/wp-content\/uploads\/2024\/03\/SAVIO-FIORE-4.jpg'><img loading=\"lazy\" decoding=\"async\" width=\"300\" height=\"225\" src=\"https:\/\/www.radiopiu.net\/wordpress\/wp-content\/uploads\/2024\/03\/SAVIO-FIORE-4-300x225.jpg\" class=\"attachment-medium size-medium\" alt=\"\" aria-describedby=\"gallery-4-379791\" srcset=\"https:\/\/www.radiopiu.net\/wordpress\/wp-content\/uploads\/2024\/03\/SAVIO-FIORE-4-300x225.jpg 300w, https:\/\/www.radiopiu.net\/wordpress\/wp-content\/uploads\/2024\/03\/SAVIO-FIORE-4-1024x767.jpg 1024w, https:\/\/www.radiopiu.net\/wordpress\/wp-content\/uploads\/2024\/03\/SAVIO-FIORE-4-768x575.jpg 768w, https:\/\/www.radiopiu.net\/wordpress\/wp-content\/uploads\/2024\/03\/SAVIO-FIORE-4.jpg 1472w\" sizes=\"auto, (max-width: 300px) 100vw, 300px\" \/><\/a>\n\t\t\t\t<\/dt>\n\t\t\t\t\t<dd class='wp-caption-text gallery-caption' id='gallery-4-379791'>\n\t\t\t\t\tQuadro rappresentativo della Associazione Nazionale Alpini  SEZIONE VALCORDEVOLE  , al centro in alto  il Capitano Angelo Manaresi Presidente Nazionale , in basso a sinistra l\u2019alpino Savio Milano\n\t\t\t\t\t<\/dd><\/dl><dl class='gallery-item'>\n\t\t\t\t<dt class='gallery-icon landscape'>\n\t\t\t\t\t<a class=\"rollover rollover-zoom dt-pswp-item\" title=\"SAVIO FIORE 5\" data-dt-img-description=\"\" data-large_image_width=\"1472\" data-large_image_height=\"1107\"href='https:\/\/www.radiopiu.net\/wordpress\/wp-content\/uploads\/2024\/03\/SAVIO-FIORE-5.jpg'><img loading=\"lazy\" decoding=\"async\" width=\"300\" height=\"226\" src=\"https:\/\/www.radiopiu.net\/wordpress\/wp-content\/uploads\/2024\/03\/SAVIO-FIORE-5-300x226.jpg\" class=\"attachment-medium size-medium\" alt=\"\" aria-describedby=\"gallery-4-379792\" srcset=\"https:\/\/www.radiopiu.net\/wordpress\/wp-content\/uploads\/2024\/03\/SAVIO-FIORE-5-300x226.jpg 300w, https:\/\/www.radiopiu.net\/wordpress\/wp-content\/uploads\/2024\/03\/SAVIO-FIORE-5-1024x770.jpg 1024w, https:\/\/www.radiopiu.net\/wordpress\/wp-content\/uploads\/2024\/03\/SAVIO-FIORE-5-768x578.jpg 768w, https:\/\/www.radiopiu.net\/wordpress\/wp-content\/uploads\/2024\/03\/SAVIO-FIORE-5.jpg 1472w\" sizes=\"auto, (max-width: 300px) 100vw, 300px\" \/><\/a>\n\t\t\t\t<\/dt>\n\t\t\t\t\t<dd class='wp-caption-text gallery-caption' id='gallery-4-379792'>\n\t\t\t\t\tMedagliere del Cav. SAVIO FIORE\n\t\t\t\t\t<\/dd><\/dl><br style=\"clear: both\" \/>\n\t\t\t<\/div>\n\n<p>&nbsp;<\/p>\n<hr \/>\n<p>&nbsp;<\/p>\n<p><a class=\"dt-pswp-item\" href=\"https:\/\/www.radiopiu.net\/wordpress\/wp-content\/uploads\/2018\/09\/viabilita.jpeg\" data-dt-img-description=\"\" data-large_image_width=\"800\" data-large_image_height=\"100\"><img loading=\"lazy\" decoding=\"async\" class=\"aligncenter wp-image-61954 size-full\" src=\"https:\/\/www.radiopiu.net\/wordpress\/wp-content\/uploads\/2018\/09\/viabilita.jpeg\" alt=\"\" width=\"800\" height=\"100\" srcset=\"https:\/\/www.radiopiu.net\/wordpress\/wp-content\/uploads\/2018\/09\/viabilita.jpeg 800w, https:\/\/www.radiopiu.net\/wordpress\/wp-content\/uploads\/2018\/09\/viabilita-300x38.jpeg 300w, https:\/\/www.radiopiu.net\/wordpress\/wp-content\/uploads\/2018\/09\/viabilita-768x96.jpeg 768w\" sizes=\"auto, (max-width: 800px) 100vw, 800px\" \/><\/a><\/p>\n<p>&nbsp;<\/p>\n<p><a class=\"dt-pswp-item\" href=\"https:\/\/www.radiopiu.net\/wordpress\/wp-content\/uploads\/2023\/12\/botol-car-service.jpg\" data-dt-img-description=\"\" data-large_image_width=\"600\" data-large_image_height=\"600\"><img loading=\"lazy\" decoding=\"async\" class=\"size-medium wp-image-367044 aligncenter\" src=\"https:\/\/www.radiopiu.net\/wordpress\/wp-content\/uploads\/2023\/12\/botol-car-service-300x300.jpg\" alt=\"\" width=\"300\" height=\"300\" srcset=\"https:\/\/www.radiopiu.net\/wordpress\/wp-content\/uploads\/2023\/12\/botol-car-service-300x300.jpg 300w, https:\/\/www.radiopiu.net\/wordpress\/wp-content\/uploads\/2023\/12\/botol-car-service-150x150.jpg 150w, https:\/\/www.radiopiu.net\/wordpress\/wp-content\/uploads\/2023\/12\/botol-car-service.jpg 600w\" sizes=\"auto, (max-width: 300px) 100vw, 300px\" \/><\/a><\/p>\n<p>&nbsp;<\/p>\n<p>&nbsp;<\/p>\n<h1>BOLLETTINO QUOTIDIANO, CLICCA QUI<\/h1>\n<blockquote class=\"wp-embedded-content\" data-secret=\"6aOhDzOe2x\"><p><a href=\"https:\/\/www.radiopiu.net\/wordpress\/viabilita\/\">viabilita<\/a><\/p><\/blockquote>\n<p><iframe loading=\"lazy\" class=\"wp-embedded-content\" sandbox=\"allow-scripts\" security=\"restricted\" style=\"position: absolute; clip: rect(1px, 1px, 1px, 1px);\" title=\"&#8220;viabilita&#8221; &#8212; Radio Pi\u00f9\" src=\"https:\/\/www.radiopiu.net\/wordpress\/viabilita\/embed\/#?secret=ZuczHMWbhL#?secret=6aOhDzOe2x\" data-secret=\"6aOhDzOe2x\" width=\"600\" height=\"338\" frameborder=\"0\" marginwidth=\"0\" marginheight=\"0\" scrolling=\"no\"><\/iframe><\/p>\n<hr \/>\n<p>&nbsp;<\/p>\n<p><a class=\"dt-pswp-item\" href=\"https:\/\/www.radiopiu.net\/wordpress\/wp-content\/uploads\/2018\/09\/WhatsApp-Image-2018-09-20-at-16.04.06.jpeg\" data-dt-img-description=\"\" data-large_image_width=\"800\" data-large_image_height=\"100\"><img loading=\"lazy\" decoding=\"async\" class=\"wp-image-61378 size-full aligncenter\" src=\"https:\/\/www.radiopiu.net\/wordpress\/wp-content\/uploads\/2018\/09\/WhatsApp-Image-2018-09-20-at-16.04.06.jpeg\" alt=\"\" width=\"800\" height=\"100\" srcset=\"https:\/\/www.radiopiu.net\/wordpress\/wp-content\/uploads\/2018\/09\/WhatsApp-Image-2018-09-20-at-16.04.06.jpeg 800w, https:\/\/www.radiopiu.net\/wordpress\/wp-content\/uploads\/2018\/09\/WhatsApp-Image-2018-09-20-at-16.04.06-300x38.jpeg 300w, https:\/\/www.radiopiu.net\/wordpress\/wp-content\/uploads\/2018\/09\/WhatsApp-Image-2018-09-20-at-16.04.06-768x96.jpeg 768w\" sizes=\"auto, (max-width: 800px) 100vw, 800px\" \/><\/a><\/p>\n<p><center><\/center><center><\/center><center><\/center><center><\/center><center><\/center><center><\/center>&nbsp;<\/p>\n<p><center><b>OGGI<\/b><\/center>Al mattino sereno o poco nuvoloso con qualche nube bassa nei fondovalle prealpini in dissolvimento. Nel pomeriggio poco nuvoloso su Dolomiti per sottili velature, annuvolamenti pi\u00f9 consistenti a tratti su Prealpi dove in serata saranno probabili estese nubi basse.<br \/>\n<b>Precipitazioni: <\/b>Non del tutto escluso nel pomeriggio qualche isolato piovasco su Prealpi con eventuali fiocchi sulle cime pi\u00f9 elevate.<br \/>\n<b>Temperature: <\/b>In generale aumento eccetto calo delle minime a fondovalle.<\/p>\n<hr \/>\n<p><center><b>DOMANI<\/b><\/center>Al mattino sereno o poco nuvoloso su Dolomiti, estese nubi basse su Prealpi in irregolare dissolvimento. Nel pomeriggio velature via via pi\u00f9 estese assieme ad annuvolamenti irregolari su Prealpi.<br \/>\n<b>Precipitazioni: <\/b>Assenti.<br \/>\n<b>Temperature: <\/b>In generale aumento.<\/p>\n<hr \/>\n<p><center><b>GIOVEDI<\/b><\/center>Variabilit\u00e0 con nuvolosit\u00e0 a tratti estesa specie durante le ore centrali della giornata quando non sono del tutto esclusi dei piovaschi sparsi e qualche fiocco oltre i 2200\/2300 m, e schiarite pi\u00f9 probabili da met\u00e0 pomeriggio. Temperature pressoch\u00e8 stazionarie in quota, in aumento le massime nelle valli.<\/p>\n<hr \/>\n<p><center><b>VENERDI<\/b><\/center>Variabilit\u00e0 con possibili nubi basse fino al primo mattino, a seguire schiarite anche ampie. Dal mezzogiorno nuvolosit\u00e0 in aumento per nubi medio-alte a tratti estese e qualche annuvolamento irregolare su Prealpi.<\/p>\n<p>&nbsp;<\/p>\n<hr \/>\n<p>&nbsp;<\/p>\n<p><img loading=\"lazy\" decoding=\"async\" class=\"wp-image-60761 size-full aligncenter\" src=\"https:\/\/www.radiopiu.net\/wordpress\/wp-content\/uploads\/2018\/09\/sport.jpg\" alt=\"\" width=\"800\" height=\"100\" srcset=\"https:\/\/www.radiopiu.net\/wordpress\/wp-content\/uploads\/2018\/09\/sport.jpg 800w, https:\/\/www.radiopiu.net\/wordpress\/wp-content\/uploads\/2018\/09\/sport-300x38.jpg 300w, https:\/\/www.radiopiu.net\/wordpress\/wp-content\/uploads\/2018\/09\/sport-768x96.jpg 768w\" sizes=\"auto, (max-width: 800px) 100vw, 800px\" \/><\/p>\n<p>&nbsp;<\/p>\n<p><span style=\"color: #0000ff;\"><strong>PALLAVOLO<\/strong><\/span><\/p>\n<blockquote>\n<h3>IL BELLUNO VOLLEY ATTERRA ACQUI TERME<\/h3>\n<\/blockquote>\n<p><strong><a class=\"dt-pswp-item\" href=\"https:\/\/www.radiopiu.net\/wordpress\/wp-content\/uploads\/2024\/03\/Da_Re_a_Valenza.jpg\" data-dt-img-description=\"\" data-large_image_width=\"1616\" data-large_image_height=\"1080\"><img loading=\"lazy\" decoding=\"async\" class=\" wp-image-379759 alignleft\" src=\"https:\/\/www.radiopiu.net\/wordpress\/wp-content\/uploads\/2024\/03\/Da_Re_a_Valenza-300x200.jpg\" alt=\"\" width=\"180\" height=\"120\" srcset=\"https:\/\/www.radiopiu.net\/wordpress\/wp-content\/uploads\/2024\/03\/Da_Re_a_Valenza-300x200.jpg 300w, https:\/\/www.radiopiu.net\/wordpress\/wp-content\/uploads\/2024\/03\/Da_Re_a_Valenza-1024x684.jpg 1024w, https:\/\/www.radiopiu.net\/wordpress\/wp-content\/uploads\/2024\/03\/Da_Re_a_Valenza-768x513.jpg 768w, https:\/\/www.radiopiu.net\/wordpress\/wp-content\/uploads\/2024\/03\/Da_Re_a_Valenza-1536x1027.jpg 1536w, https:\/\/www.radiopiu.net\/wordpress\/wp-content\/uploads\/2024\/03\/Da_Re_a_Valenza.jpg 1616w\" sizes=\"auto, (max-width: 180px) 100vw, 180px\" \/><\/a>BELLUNO<\/strong> Il Belluno Volley trionfa 3-0 nella trasferta finale della stagione regolare. Innovando l&#8217;assetto con Martinez libero, Orto banda e Schiro costante, il team dimostra coesione e versatilit\u00e0. Il direttore Da Re sottolinea l&#8217;importanza del risultato non scontato e elogia Martinez e Orto per l&#8217;apporto al gruppo. La vittoria riporta il Belluno al terzo posto, con uno scontro cruciale contro la Senini Motta di Livenza in vista. Il match del 24 marzo determiner\u00e0 la posizione finale e la possibilit\u00e0 di giocare il Golden set in casa negli ottavi di finale playoff.<\/p>\n<p>&nbsp;<\/p>\n<p><span style=\"color: #0000ff;\"><strong>SCI ALPINO<\/strong><\/span><\/p>\n<blockquote>\n<h3><a class=\"dt-pswp-item\" href=\"https:\/\/www.radiopiu.net\/wordpress\/wp-content\/uploads\/2024\/03\/fc195249-18ec-48fe-b50f-68f4a78001a2.jpg\" data-dt-img-description=\"\" data-large_image_width=\"1600\" data-large_image_height=\"1292\"><img loading=\"lazy\" decoding=\"async\" class=\" wp-image-379798 alignleft\" src=\"https:\/\/www.radiopiu.net\/wordpress\/wp-content\/uploads\/2024\/03\/fc195249-18ec-48fe-b50f-68f4a78001a2-300x242.jpg\" alt=\"\" width=\"172\" height=\"139\" srcset=\"https:\/\/www.radiopiu.net\/wordpress\/wp-content\/uploads\/2024\/03\/fc195249-18ec-48fe-b50f-68f4a78001a2-300x242.jpg 300w, https:\/\/www.radiopiu.net\/wordpress\/wp-content\/uploads\/2024\/03\/fc195249-18ec-48fe-b50f-68f4a78001a2-1024x827.jpg 1024w, https:\/\/www.radiopiu.net\/wordpress\/wp-content\/uploads\/2024\/03\/fc195249-18ec-48fe-b50f-68f4a78001a2-768x620.jpg 768w, https:\/\/www.radiopiu.net\/wordpress\/wp-content\/uploads\/2024\/03\/fc195249-18ec-48fe-b50f-68f4a78001a2-1536x1240.jpg 1536w, https:\/\/www.radiopiu.net\/wordpress\/wp-content\/uploads\/2024\/03\/fc195249-18ec-48fe-b50f-68f4a78001a2.jpg 1600w\" sizes=\"auto, (max-width: 172px) 100vw, 172px\" \/><\/a>L&#8217;ANA BELLUNO SI PIAZZA AL PRIMO POSTO NEL GIGANTE DI FORCELLA AURINE<\/h3>\n<\/blockquote>\n<p><strong>GOSALDO<\/strong> E&#8217; andato in scena domenica lo slalom gigante valido per la Coppa Veneto ANA a Forcella Aurine. Una giornata di sport e divertimento per gli alpini sciatori ma non solo. Una gara aperta a tutti che \u00e8 stata un successo, soprattutto per il gruppo ANA Belluno che ha conquistato la prima posizione della graduatoria.<\/p>\n<p>&nbsp;<\/p>\n<p><span style=\"color: #0000ff;\"><strong>CALCIO A 5<\/strong><\/span><\/p>\n<div class=\"x11i5rnm xat24cr x1mh8g0r x1vvkbs xtlvy1s x126k92a\">\n<h4 class=\"photoswipe-wrapper\" dir=\"auto\"><a class=\"dt-pswp-item pspw-wrap-ready\" href=\"https:\/\/www.radiopiu.net\/wordpress\/wp-content\/uploads\/2023\/10\/Senza-nome-57.png\" data-dt-img-description=\"\" data-large_image_width=\"317\" data-large_image_height=\"322\"><img loading=\"lazy\" decoding=\"async\" class=\"size-medium wp-image-358116 aligncenter\" src=\"https:\/\/www.radiopiu.net\/wordpress\/wp-content\/uploads\/2023\/10\/Senza-nome-57-295x300.png\" sizes=\"auto, (max-width: 295px) 100vw, 295px\" srcset=\"https:\/\/www.radiopiu.net\/wordpress\/wp-content\/uploads\/2023\/10\/Senza-nome-57-295x300.png 295w, https:\/\/www.radiopiu.net\/wordpress\/wp-content\/uploads\/2023\/10\/Senza-nome-57.png 317w\" alt=\"\" width=\"295\" height=\"300\" \/><\/a><\/h4>\n<h4 dir=\"auto\"><\/h4>\n<h4 dir=\"auto\">GIESSE PER LO SPORT\u201d \u2026 con la Canottieri Belluno, calcio a 5. Tutto sul campionato di serie A2, girone A. Il programma alla RADIO che da ascolto ai talenti del calcio a 5 bellunese. IN COLLABORAZIONE CON GIESSE RISARCIMENTO DANNI A BELLUNO<\/h4>\n<\/div>\n<div class=\"x11i5rnm xat24cr x1mh8g0r x1vvkbs xtlvy1s x126k92a\">\n<h4 dir=\"auto\"><a class=\"x1i10hfl xjbqb8w x6umtig x1b1mbwd xaqea5y xav7gou x9f619 x1ypdohk xt0psk2 xe8uvvx xdj266r x11i5rnm xat24cr x1mh8g0r xexx8yu x4uap5 x18d9i69 xkhd6sd x16tdsg8 x1hl2dhg xggy1nq x1a2a7pz xt0b8zv x1qq9wsj xo1l8bm\" tabindex=\"0\" role=\"link\" href=\"https:\/\/www.facebook.com\/groups\/radiopiu\/?__cft__[0]=AZVtB3sskZBwGsu89zeRk9eNMGUFohz53TdYmXZyePAKPt8cBeKCqA03znGJk9wPaqHDXQ5yMBG_hrsUX03xH8fdmlMazTirW3KRFEY3Kr2cyBd_5Es2MvKnqyd6ZcahL6_M_zOo19o5N5tV8NHsHcfP&amp;__tn__=-UK-R\"><span class=\"xt0psk2\">RADIO PIU\u2019 EMITTENTE AGORDINA (Taibon_32027)<\/span><\/a>: IL LUNEDI ALLE 16.30, IL MARTEDI ALLE 13.05 RADIO CLUB 103 IL LUNEDI ALLE 16.20 E MARTEDI ALLE 13.40 <a class=\"x1i10hfl xjbqb8w x6umtig x1b1mbwd xaqea5y xav7gou x9f619 x1ypdohk xt0psk2 xe8uvvx xdj266r x11i5rnm xat24cr x1mh8g0r xexx8yu x4uap5 x18d9i69 xkhd6sd x16tdsg8 x1hl2dhg xggy1nq x1a2a7pz xt0b8zv x1qq9wsj xo1l8bm\" tabindex=\"0\" role=\"link\" href=\"https:\/\/www.facebook.com\/groups\/61488111720\/user\/100063652837062\/?__cft__[0]=AZVtB3sskZBwGsu89zeRk9eNMGUFohz53TdYmXZyePAKPt8cBeKCqA03znGJk9wPaqHDXQ5yMBG_hrsUX03xH8fdmlMazTirW3KRFEY3Kr2cyBd_5Es2MvKnqyd6ZcahL6_M_zOo19o5N5tV8NHsHcfP&amp;__tn__=-]K-R\"><span class=\"xt0psk2\">Radio Primiero<\/span><\/a>\u00a0IL LUNEDI ALLE 10.30 E MARTEDI ALLE 12.30<\/h4>\n<p><strong><a class=\"dt-pswp-item\" href=\"https:\/\/www.radiopiu.net\/wordpress\/wp-content\/uploads\/2023\/01\/CANOTTIERI-FOTO-UFF-2023.jpg\" data-dt-img-description=\"\" data-large_image_width=\"2048\" data-large_image_height=\"1152\"><img loading=\"lazy\" decoding=\"async\" class=\" wp-image-317997 alignleft\" src=\"https:\/\/www.radiopiu.net\/wordpress\/wp-content\/uploads\/2023\/01\/CANOTTIERI-FOTO-UFF-2023-300x169.jpg\" alt=\"\" width=\"213\" height=\"120\" srcset=\"https:\/\/www.radiopiu.net\/wordpress\/wp-content\/uploads\/2023\/01\/CANOTTIERI-FOTO-UFF-2023-300x169.jpg 300w, https:\/\/www.radiopiu.net\/wordpress\/wp-content\/uploads\/2023\/01\/CANOTTIERI-FOTO-UFF-2023-1024x576.jpg 1024w, https:\/\/www.radiopiu.net\/wordpress\/wp-content\/uploads\/2023\/01\/CANOTTIERI-FOTO-UFF-2023-768x432.jpg 768w, https:\/\/www.radiopiu.net\/wordpress\/wp-content\/uploads\/2023\/01\/CANOTTIERI-FOTO-UFF-2023-1536x864.jpg 1536w, https:\/\/www.radiopiu.net\/wordpress\/wp-content\/uploads\/2023\/01\/CANOTTIERI-FOTO-UFF-2023.jpg 2048w\" sizes=\"auto, (max-width: 213px) 100vw, 213px\" \/><\/a>PUNTATA 22 &#8211; 18 MARZO 2024<\/strong><\/p>\n<p><span style=\"color: #0000ff;\"><strong>VENTESIMA GIORNATA<\/strong><\/span><\/p>\n<p><strong>MILANO \u2013 CANOTTIERI BELLUNO 3-1<\/strong><\/p>\n<p>RETI: ST 0.44 Santagati, 3.42 Dall\u2019\u00d2 (C), 4.09 Marco Peverini, 10.00 Ganzetti.<\/p>\n<audio class=\"wp-audio-shortcode\" id=\"audio-379623-22\" preload=\"none\" style=\"width: 100%;\" controls=\"controls\"><source type=\"audio\/mpeg\" src=\"https:\/\/www.radiopiu.net\/wordpress\/wp-content\/uploads\/2023\/01\/GIESSECALCIO-8.mp3?_=22\" \/><a href=\"https:\/\/www.radiopiu.net\/wordpress\/wp-content\/uploads\/2023\/01\/GIESSECALCIO-8.mp3\">https:\/\/www.radiopiu.net\/wordpress\/wp-content\/uploads\/2023\/01\/GIESSECALCIO-8.mp3<\/a><\/audio>\n<p>&nbsp;<\/p>\n<h2><strong>LA RACCOLTA COMPLETA <a href=\"https:\/\/www.radiopiu.net\/wordpress\/giesse-per-lo-sport-con-la-canottieri-belluno-calcio-a-5\/\">CLICCA QUI<\/a><\/strong><\/h2>\n<\/div>\n<p>&nbsp;<\/p>\n<hr \/>\n<p>&nbsp;<\/p>\n<h2><span style=\"color: #808000;\">GOODBYE BY BICICLE&#8230;UN VIAGGIO DALL&#8217;INDIA A SEREN DEL GRAPPA IN BICICLETTA<\/span><\/h2>\n<p><span style=\"color: #ff0000;\"><strong>PUNTATA 05 &#8211; CONTINUA IL VIAGGIO DI AIRE LILY E SCHNUCK<\/strong><\/span><\/p>\n<audio class=\"wp-audio-shortcode\" id=\"audio-379623-23\" preload=\"none\" style=\"width: 100%;\" controls=\"controls\"><source type=\"audio\/mpeg\" src=\"https:\/\/www.radiopiu.net\/wordpress\/wp-content\/uploads\/2024\/03\/INDIA-AIRE-PUNTATA-05-1.mp3?_=23\" \/><a href=\"https:\/\/www.radiopiu.net\/wordpress\/wp-content\/uploads\/2024\/03\/INDIA-AIRE-PUNTATA-05-1.mp3\">https:\/\/www.radiopiu.net\/wordpress\/wp-content\/uploads\/2024\/03\/INDIA-AIRE-PUNTATA-05-1.mp3<\/a><\/audio>\n<p>&nbsp;<\/p>\n<p><strong>PER VISITARE I SITI DEI LUOGHI VISITATI, CLICCA SULLE SEGUENTI SCRITTE: <a href=\"https:\/\/anandvanfoundation.org\/\">ANANDVAN FOUDATION<\/a>\u00a0 <a href=\"https:\/\/lendahandindia.org\/programs\/karigar-school-of-applied-learning\/\">KARIGAR<\/a>\u00a0 <a href=\"https:\/\/www.resqct.org\/\">RESCUE RIABILITAD ANIMALS<\/a><\/strong><\/p>\n\n\t\t\t<style type='text\/css'>\n\t\t\t\t#gallery-5 {\n\t\t\t\t\tmargin: auto;\n\t\t\t\t}\n\t\t\t\t#gallery-5 .gallery-item {\n\t\t\t\t\tfloat: left;\n\t\t\t\t\tmargin-top: 10px;\n\t\t\t\t\ttext-align: center;\n\t\t\t\t\twidth: 14%;\n\t\t\t\t}\n\t\t\t\t#gallery-5 img {\n\t\t\t\t\tborder: 2px solid #cfcfcf;\n\t\t\t\t}\n\t\t\t\t#gallery-5 .gallery-caption {\n\t\t\t\t\tmargin-left: 0;\n\t\t\t\t}\n\t\t\t\t\/* see gallery_shortcode() in wp-includes\/media.php *\/\n\t\t\t<\/style>\n\t\t<div id='gallery-5' class='dt-gallery-container gallery galleryid-379623 gallery-columns-7 gallery-size-thumbnail'><dl class='gallery-item'>\n\t\t\t\t<dt class='gallery-icon portrait'>\n\t\t\t\t\t<a class=\"rollover rollover-zoom dt-pswp-item\" title=\"c16ecf9e-3e79-41c1-8d38-3836a6962ead\" data-dt-img-description=\"\" data-large_image_width=\"1199\" data-large_image_height=\"1600\"href='https:\/\/www.radiopiu.net\/wordpress\/wp-content\/uploads\/2024\/03\/c16ecf9e-3e79-41c1-8d38-3836a6962ead.jpg'><img loading=\"lazy\" decoding=\"async\" width=\"150\" height=\"150\" src=\"https:\/\/www.radiopiu.net\/wordpress\/wp-content\/uploads\/2024\/03\/c16ecf9e-3e79-41c1-8d38-3836a6962ead-150x150.jpg\" class=\"attachment-thumbnail size-thumbnail\" alt=\"\" \/><\/a>\n\t\t\t\t<\/dt><\/dl><dl class='gallery-item'>\n\t\t\t\t<dt class='gallery-icon portrait'>\n\t\t\t\t\t<a class=\"rollover rollover-zoom dt-pswp-item\" title=\"af0728b4-3367-4a0a-a254-cdc91880096a\" data-dt-img-description=\"\" data-large_image_width=\"1200\" data-large_image_height=\"1600\"href='https:\/\/www.radiopiu.net\/wordpress\/wp-content\/uploads\/2024\/03\/af0728b4-3367-4a0a-a254-cdc91880096a.jpg'><img loading=\"lazy\" decoding=\"async\" width=\"150\" height=\"150\" src=\"https:\/\/www.radiopiu.net\/wordpress\/wp-content\/uploads\/2024\/03\/af0728b4-3367-4a0a-a254-cdc91880096a-150x150.jpg\" class=\"attachment-thumbnail size-thumbnail\" alt=\"\" \/><\/a>\n\t\t\t\t<\/dt><\/dl><dl class='gallery-item'>\n\t\t\t\t<dt class='gallery-icon landscape'>\n\t\t\t\t\t<a class=\"rollover rollover-zoom dt-pswp-item\" title=\"0a77d85e-8b2b-4f85-9677-f99497bfbbf7\" data-dt-img-description=\"\" data-large_image_width=\"1280\" data-large_image_height=\"960\"href='https:\/\/www.radiopiu.net\/wordpress\/wp-content\/uploads\/2024\/03\/0a77d85e-8b2b-4f85-9677-f99497bfbbf7.jpg'><img loading=\"lazy\" decoding=\"async\" width=\"150\" height=\"150\" src=\"https:\/\/www.radiopiu.net\/wordpress\/wp-content\/uploads\/2024\/03\/0a77d85e-8b2b-4f85-9677-f99497bfbbf7-150x150.jpg\" class=\"attachment-thumbnail size-thumbnail\" alt=\"\" \/><\/a>\n\t\t\t\t<\/dt><\/dl><dl class='gallery-item'>\n\t\t\t\t<dt class='gallery-icon portrait'>\n\t\t\t\t\t<a class=\"rollover rollover-zoom dt-pswp-item\" title=\"e7bd92e1-0ae0-4c15-b92e-5a91246488f7\" data-dt-img-description=\"\" data-large_image_width=\"1200\" data-large_image_height=\"1600\"href='https:\/\/www.radiopiu.net\/wordpress\/wp-content\/uploads\/2024\/03\/e7bd92e1-0ae0-4c15-b92e-5a91246488f7.jpg'><img loading=\"lazy\" decoding=\"async\" width=\"150\" height=\"150\" src=\"https:\/\/www.radiopiu.net\/wordpress\/wp-content\/uploads\/2024\/03\/e7bd92e1-0ae0-4c15-b92e-5a91246488f7-150x150.jpg\" class=\"attachment-thumbnail size-thumbnail\" alt=\"\" \/><\/a>\n\t\t\t\t<\/dt><\/dl><dl class='gallery-item'>\n\t\t\t\t<dt class='gallery-icon landscape'>\n\t\t\t\t\t<a class=\"rollover rollover-zoom dt-pswp-item\" title=\"a7608d4f-32c0-4237-b954-04984a5d2293\" data-dt-img-description=\"\" data-large_image_width=\"1600\" data-large_image_height=\"1200\"href='https:\/\/www.radiopiu.net\/wordpress\/wp-content\/uploads\/2024\/03\/a7608d4f-32c0-4237-b954-04984a5d2293.jpg'><img loading=\"lazy\" decoding=\"async\" width=\"150\" height=\"150\" src=\"https:\/\/www.radiopiu.net\/wordpress\/wp-content\/uploads\/2024\/03\/a7608d4f-32c0-4237-b954-04984a5d2293-150x150.jpg\" class=\"attachment-thumbnail size-thumbnail\" alt=\"\" \/><\/a>\n\t\t\t\t<\/dt><\/dl><dl class='gallery-item'>\n\t\t\t\t<dt class='gallery-icon landscape'>\n\t\t\t\t\t<a class=\"rollover rollover-zoom dt-pswp-item\" title=\"1cc6eb12-8baa-49c1-ad69-d9f546f3d1e6\" data-dt-img-description=\"\" data-large_image_width=\"1600\" data-large_image_height=\"1200\"href='https:\/\/www.radiopiu.net\/wordpress\/wp-content\/uploads\/2024\/03\/1cc6eb12-8baa-49c1-ad69-d9f546f3d1e6.jpg'><img loading=\"lazy\" decoding=\"async\" width=\"150\" height=\"150\" src=\"https:\/\/www.radiopiu.net\/wordpress\/wp-content\/uploads\/2024\/03\/1cc6eb12-8baa-49c1-ad69-d9f546f3d1e6-150x150.jpg\" class=\"attachment-thumbnail size-thumbnail\" alt=\"\" \/><\/a>\n\t\t\t\t<\/dt><\/dl><dl class='gallery-item'>\n\t\t\t\t<dt class='gallery-icon landscape'>\n\t\t\t\t\t<a class=\"rollover rollover-zoom dt-pswp-item\" title=\"0735a0c1-63f9-4dc7-a8ae-e91913259f1b\" data-dt-img-description=\"\" data-large_image_width=\"2000\" data-large_image_height=\"1500\"href='https:\/\/www.radiopiu.net\/wordpress\/wp-content\/uploads\/2024\/03\/0735a0c1-63f9-4dc7-a8ae-e91913259f1b.jpg'><img loading=\"lazy\" decoding=\"async\" width=\"150\" height=\"150\" src=\"https:\/\/www.radiopiu.net\/wordpress\/wp-content\/uploads\/2024\/03\/0735a0c1-63f9-4dc7-a8ae-e91913259f1b-150x150.jpg\" class=\"attachment-thumbnail size-thumbnail\" alt=\"\" \/><\/a>\n\t\t\t\t<\/dt><\/dl><br style=\"clear: both\" \/>\n\t\t\t<\/div>\n\n<p>&nbsp;<\/p>\n<p>&nbsp;<\/p>\n<p>&nbsp;<\/p>\n<p>&nbsp;<\/p>\n","protected":false},"excerpt":{"rendered":"<p>****** &nbsp; PER RICEVERE QUESTO NOTIZIARIO DIRETTAMENTE SUL TUO CELLULARE ISCRIVITI AL CANALE TELEGRAM \u201cRADIO PIU\u00a0 INFORMAZIONE&#8221;\u00a0 \u00a0il CANALE TELEGRAM&#8230; UNISCITI A: RADIO PIU INFORMAZIONE &nbsp; &nbsp; ATTENZIONE: LA NUOVA APP PER IOS-IPHONE di Nicola Vettorello https:\/\/apps.apple.com\/it\/app\/radio-pi%C3%B9-emittente-agordina\/id1515939845 ATTENZIONE: LA NUOVA APP RADIO\u00a0 PER ANDROID di Nicola Vettorello https:\/\/play.google.com\/store\/apps\/details?id=net.radiopiu.iniko\u00a0\u00a0 &nbsp; La Settimana della memoria e dell&#8217;impegno,&hellip;<\/p>\n","protected":false},"author":4,"featured_media":379840,"comment_status":"closed","ping_status":"closed","sticky":false,"template":"","format":"standard","meta":{"_monsterinsights_skip_tracking":false,"_monsterinsights_sitenote_active":false,"_monsterinsights_sitenote_note":"","_monsterinsights_sitenote_category":0,"footnotes":""},"categories":[51,86,49],"tags":[],"class_list":["post-379623","post","type-post","status-publish","format-standard","has-post-thumbnail","hentry","category-evidenza-top","category-gr","category-news-18","category-51","category-86","category-49","description-off"],"img_url":"https:\/\/www.radiopiu.net\/wordpress\/wp-content\/uploads\/2024\/03\/433468173_10211965272763160_7349058699211197643_n.jpg","_links":{"self":[{"href":"https:\/\/www.radiopiu.net\/wordpress\/wp-json\/wp\/v2\/posts\/379623","targetHints":{"allow":["GET"]}}],"collection":[{"href":"https:\/\/www.radiopiu.net\/wordpress\/wp-json\/wp\/v2\/posts"}],"about":[{"href":"https:\/\/www.radiopiu.net\/wordpress\/wp-json\/wp\/v2\/types\/post"}],"author":[{"embeddable":true,"href":"https:\/\/www.radiopiu.net\/wordpress\/wp-json\/wp\/v2\/users\/4"}],"replies":[{"embeddable":true,"href":"https:\/\/www.radiopiu.net\/wordpress\/wp-json\/wp\/v2\/comments?post=379623"}],"version-history":[{"count":0,"href":"https:\/\/www.radiopiu.net\/wordpress\/wp-json\/wp\/v2\/posts\/379623\/revisions"}],"wp:featuredmedia":[{"embeddable":true,"href":"https:\/\/www.radiopiu.net\/wordpress\/wp-json\/wp\/v2\/media\/379840"}],"wp:attachment":[{"href":"https:\/\/www.radiopiu.net\/wordpress\/wp-json\/wp\/v2\/media?parent=379623"}],"wp:term":[{"taxonomy":"category","embeddable":true,"href":"https:\/\/www.radiopiu.net\/wordpress\/wp-json\/wp\/v2\/categories?post=379623"},{"taxonomy":"post_tag","embeddable":true,"href":"https:\/\/www.radiopiu.net\/wordpress\/wp-json\/wp\/v2\/tags?post=379623"}],"curies":[{"name":"wp","href":"https:\/\/api.w.org\/{rel}","templated":true}]}}