{"id":379728,"date":"2024-03-19T05:28:47","date_gmt":"2024-03-19T04:28:47","guid":{"rendered":"https:\/\/www.radiopiu.net\/wordpress\/?p=379728"},"modified":"2024-03-19T05:38:24","modified_gmt":"2024-03-19T04:38:24","slug":"santa-giustina-sindaco-coraggioso-appoggia-i-ricorsi-un-precedente-grave-delegittima-la-polizia-locale","status":"publish","type":"post","link":"https:\/\/www.radiopiu.net\/wordpress\/santa-giustina-sindaco-coraggioso-appoggia-i-ricorsi-un-precedente-grave-delegittima-la-polizia-locale\/","title":{"rendered":"SANTA GIUSTINA SINDACO \u201cCORAGGIOSO\u201d APPOGGIA I RICORSI. UN PRECEDENTE GRAVE: DELEGITTIMA LA POLIZIA LOCALE."},"content":{"rendered":"<p>***<\/p>\n<p>REDAZIONE: Riceviamo e volentieri pubblichiamo la replica agli articoli precedenti che riportiamo a margine.<\/p>\n<p>&nbsp;<\/p>\n<p><strong>di Subcommissario SULPL VENETO &#8211; Simone Maniero (foto)<\/strong><\/p>\n<p><img loading=\"lazy\" decoding=\"async\" class=\"alignleft\" src=\"https:\/\/www.radiopiu.net\/wordpress\/wp-content\/uploads\/2024\/03\/SimoneManiero.png\" width=\"229\" height=\"227\" \/>Nell\u2019era della generalizzata delegittimazione delle forze di polizia non poteva mancare il Sindaco paladino dei cittadini che \u201ccoraggiosamente\u201d si oppone alla Polizia Locale del Comune che amministra. Con un intervento da eroe contemporaneo sui media locali, infatti, il Sindaco del Comune di Santa Giustina si \u201cschiera\u201d dalla parte dei cittadini sanzionati, dichiarando di non volersi \u201ccostituire in giudizio\u201d contro i ricorsi presentati ad alcuni verbali per violazioni alle norme sulla circolazione. GRAVISSIMO, da parte di un Sindaco, DELEGITTIMARE L\u2019OPERATO DELLA POLIZIA LOCALE, soprattutto quando si tratta chiaramente di una mossa da campagna elettorale. Per avere un quadro della situazione, si deve sapere che l\u2019oggetto del contendere \u00e8 una strada locale che secondo il Sindaco ed i cittadini sanzionati sarebbe privata, mentre secondo la Polizia Locale \u00e8 una strada comunque ad uso pubblico alla quale deve essere applicato il Codice della Strada, com&#8217;\u00e8 previsto. MA NON SOLO SECONDO LA POLIZIA LOCALE. A rendere il senso della seriet\u00e0 dell\u2019intervento sulla stampa infatti si sappia che la Polizia Locale, prima di procedere a qualunque contestazione, ha chiesto anche il parere alla Polstrada (Polizia di Stato), che ha chiaramente condiviso l\u2019applicabilit\u00e0 del C.d.S. in quel tratto. Avete capito bene! Ma, soprattutto, nel corso degli anni, la circolazione all\u2019interno della via \u00e8 stata disciplinata con ordinanze comunali, assunte proprio ai sensi del C.d.S. E, si\u2026 parliamo di \u201cVia\u201d\u2026 perch\u00e9 la strada ha pure un nome! Via Moro! Con tanto di cartello piazzato dall\u2019Ente! Forse il Sindaco avrebbe dovuto informarsi meglio prima della sua uscita pubblica? Dovrebbe sapere infatti, (e questo lo pu\u00f2 verificare chiunque) che la Polizia Locale di Santa Giustina non \u00e8 solita \u201caccanirsi\u201d contro gli utenti della strada. Le sanzioni elevate dall\u2019Ufficio, infatti, sono veramente poche e sempre molto oculate. Sottolineiamo poi, che \u00e8 stato proprio chi risiede all\u2019interno della Via a chiedere alla Polizia Locale di far rispettare le norme. Che si tratti di una mossa esclusivamente pubblicitaria lo si capisce anche dal fatto che il Sindaco, se veramente ritiene che le sanzioni siano state fatte erroneamente, potrebbe avanzare la proposta di farle annullare in autotutela. Invece, nonostante dichiari convintamente che le sanzioni sono illegittime, lascia che i cittadini vessati ricorrano al Giudice di Pace, costringendoli a pagare le spese e con il rischio di vedersi respinto il ricorso. A NOI NON SEMBRA UN ATTO COS\u00cc \u201cCORAGGIOSO\u201d! Ricorso che, parliamoci chiaro, seguir\u00e0 la procedura prevista, con la Polizia Locale che far\u00e0 comunque pervenire al Giudice di Pace le proprie controdeduzioni e le informazioni tecniche raccolte, non essendo per nulla necessaria la \u201ccostituzione in giudizio\u201d del Comune. Resta quindi del tutto incomprensibile (o quasi) l\u2019intervento sulla stampa del Sindaco per qualcosa che attiene alla normale prassi quando si parla di verbali al Codice della Strada, ossia la facolt\u00e0 del trasgressore di far valere le proprie ragioni proponendo ricorso nei modi e nei termini previsti.<\/p>\n<p>&nbsp;<\/p>\n<p><strong>IL SINDACO IVAN MINELLA RISPONDE<\/strong><\/p>\n<div dir=\"auto\"><em>Ho letto con curiosit\u00e0 dalla stampa locale l&#8217;intervento del Sindacato Unitario Lavoratori di Polizia locale sulla non costituzione in giudizio dell&#8217;amministrazione comunale in merito alle sanzioni per violazione del codice della strada. Le dichiarazioni rilasciate nei giorni scorsi non volevano in alcun modo denigrare l\u2019operato della nostra Polizia Locale, ma semplicemente spiegare come la decisione di questa amministrazione di non costituirsi in giudizio sia una scelta che spesso le amministrazioni si trovano a fare in circostanze analoghe e pertanto non vuole rappresentare un disconoscimento dell\u2019operato del nostro Comando.\u00a0 Ci rimettiamo fiduciosi al giudizio oggettivo del giudice, per dirimere una complicata questione che necessita di valutazioni tecniche e non politiche.<\/em><\/div>\n<p>&nbsp;<\/p>\n<p><strong>ARCHIVIO RADIOPIU<\/strong><\/p>\n<p>IL COMUNE NON INTENDE AFFIANCARE LA POLIZIA LOCALE DAL GIUDICE DI PACE, PERALTRO A SPESE DEL CITTADINO<\/p>\n<p><span style=\"color: #ff0000;\">SINDACI CORAGGIOSI e <\/span><span style=\"color: #ff0000;\">dalla parte del cittadino<\/span><\/p>\n<blockquote>\n<h3>IL SINDACO IVAN MINELLA SI DISSOCIA DALLE INIZIATIVE DELLA POLIZIA LOCALE, SPACCATURA TRA COMUNE E AGENTI, PRECEDENTE IMPORTANTE.<\/h3>\n<\/blockquote>\n<p><a class=\"dt-pswp-item\" href=\"https:\/\/www.radiopiu.net\/wordpress\/wp-content\/uploads\/2021\/06\/th-7.jpg\" data-dt-img-description=\"\" data-large_image_width=\"290\" data-large_image_height=\"163\"><img loading=\"lazy\" decoding=\"async\" class=\" wp-image-215337 alignleft\" src=\"https:\/\/www.radiopiu.net\/wordpress\/wp-content\/uploads\/2021\/06\/th-7.jpg\" alt=\"\" width=\"244\" height=\"137\" \/><\/a><br \/>\n<strong>REDAZIONE<\/strong> Capita spessi di parlare con i sindaci circa l&#8217;operato degli agenti di Polizia locale, ma capita spesso di sentirsi rispondere &#8220;siamo due parrocchie diverse, loro lavorano e noi assistiamo senza intervenire&#8221;. Ma a Santa Giustina il sindaco Ivan Minella non ci sta. Con una decisione importante il primo cittadino ha deciso che con l&#8217;amministrazione non si costituir\u00e0 in giudizio davanti al giudice di pace a fianco della propria polizia locale, nel ricorso aperto dai cittadini che contestano tre multe elevate in via Moro lo scorso anno. Quindi Ivan Minella manda a dire alla Polizia locale dalle colonne del giornale Corriere delle Alpi_\u00a0 &#8220;Non siamo d&#8217;accordo con quelle sanzioni comminate su una via da sempre privata che non esiste nemmeno sulle carte quanto a uso pubblico\u00bb. La scelta \u00e8 stata formalizzata dall&#8217;amministrazione del sindaco Ivan Minella con una delibera di giunta. (MM)<\/p>\n<p>&nbsp;<\/p>\n<p>____<\/p>\n","protected":false},"excerpt":{"rendered":"<p>*** REDAZIONE: Riceviamo e volentieri pubblichiamo la replica agli articoli precedenti che riportiamo a margine. &nbsp; di Subcommissario SULPL VENETO &#8211; Simone Maniero (foto) Nell\u2019era della generalizzata delegittimazione delle forze di polizia non poteva mancare il Sindaco paladino dei cittadini che \u201ccoraggiosamente\u201d si oppone alla Polizia Locale del Comune che amministra. Con un intervento da&hellip;<\/p>\n","protected":false},"author":4,"featured_media":379730,"comment_status":"closed","ping_status":"closed","sticky":false,"template":"","format":"standard","meta":{"_monsterinsights_skip_tracking":false,"_monsterinsights_sitenote_active":false,"_monsterinsights_sitenote_note":"","_monsterinsights_sitenote_category":0,"footnotes":""},"categories":[51,49],"tags":[],"class_list":["post-379728","post","type-post","status-publish","format-standard","has-post-thumbnail","hentry","category-evidenza-top","category-news-18","category-51","category-49","description-off"],"img_url":"https:\/\/www.radiopiu.net\/wordpress\/wp-content\/uploads\/2024\/03\/SimoneManiero.png","_links":{"self":[{"href":"https:\/\/www.radiopiu.net\/wordpress\/wp-json\/wp\/v2\/posts\/379728","targetHints":{"allow":["GET"]}}],"collection":[{"href":"https:\/\/www.radiopiu.net\/wordpress\/wp-json\/wp\/v2\/posts"}],"about":[{"href":"https:\/\/www.radiopiu.net\/wordpress\/wp-json\/wp\/v2\/types\/post"}],"author":[{"embeddable":true,"href":"https:\/\/www.radiopiu.net\/wordpress\/wp-json\/wp\/v2\/users\/4"}],"replies":[{"embeddable":true,"href":"https:\/\/www.radiopiu.net\/wordpress\/wp-json\/wp\/v2\/comments?post=379728"}],"version-history":[{"count":0,"href":"https:\/\/www.radiopiu.net\/wordpress\/wp-json\/wp\/v2\/posts\/379728\/revisions"}],"wp:featuredmedia":[{"embeddable":true,"href":"https:\/\/www.radiopiu.net\/wordpress\/wp-json\/wp\/v2\/media\/379730"}],"wp:attachment":[{"href":"https:\/\/www.radiopiu.net\/wordpress\/wp-json\/wp\/v2\/media?parent=379728"}],"wp:term":[{"taxonomy":"category","embeddable":true,"href":"https:\/\/www.radiopiu.net\/wordpress\/wp-json\/wp\/v2\/categories?post=379728"},{"taxonomy":"post_tag","embeddable":true,"href":"https:\/\/www.radiopiu.net\/wordpress\/wp-json\/wp\/v2\/tags?post=379728"}],"curies":[{"name":"wp","href":"https:\/\/api.w.org\/{rel}","templated":true}]}}