{"id":379745,"date":"2024-03-25T04:25:09","date_gmt":"2024-03-25T03:25:09","guid":{"rendered":"https:\/\/www.radiopiu.net\/wordpress\/?p=379745"},"modified":"2024-03-25T05:17:41","modified_gmt":"2024-03-25T04:17:41","slug":"agordo-come-roma-citta-libera-pagina-in-aggiornamento-quotidiano-con-libera-agordino","status":"publish","type":"post","link":"https:\/\/www.radiopiu.net\/wordpress\/agordo-come-roma-citta-libera-pagina-in-aggiornamento-quotidiano-con-libera-agordino\/","title":{"rendered":"LA SETTIMANA CONTRO LE MAFIE.  programmazione alla radio"},"content":{"rendered":"<p>***<\/p>\n<p><strong><img loading=\"lazy\" decoding=\"async\" class=\"alignleft\" src=\"https:\/\/www.radiopiu.net\/wordpress\/wp-content\/uploads\/2023\/06\/LIBERA-AGORDINO-300x300.jpg\" width=\"125\" height=\"125\" \/>La Settimana della memoria e dell\u2019impegno, Agordo come Roma: citt\u00e0 Libera i 100 passi verso il 21 marzo, giornata in ricordo della vittime innocenti delle mafie a cura del PRESIDIO AGORDINO DI LIBERA \u201cLUCIA PRECENZANO E SALVATORE AVERSA da lunedi 18 a sabato 23 marzo, alle 9.45 e 18.45 \u2026 su radio pi\u00f9<\/strong><em>\u00a0<\/em><\/p>\n<p>&nbsp;<\/p>\n<p>&nbsp;<\/p>\n<p><em>Roma \u00e8 capitale e \u201ccasa\u201d fisica e simbolica delle istituzioni politiche e religiose: perci\u00f2 deve essere presidio dei valori di giustizia sociale scritti nella nostra Costituzione. Roma deve rappresentare la via maestra nel contrasto a mafie e corruzione.<\/em><\/p>\n<p><strong>PUNTATA 01 18 MARZO 2024 mattina\u00a0 &#8211; ANGELO VASSALLO <\/strong>3A CANALE<strong>\u00a0<\/strong><\/p>\n<audio class=\"wp-audio-shortcode\" id=\"audio-379745-1\" preload=\"none\" style=\"width: 100%;\" controls=\"controls\"><source type=\"audio\/mpeg\" src=\"https:\/\/www.radiopiu.net\/wordpress\/wp-content\/uploads\/2024\/03\/LIBERA-1.mp3?_=1\" \/><a href=\"https:\/\/www.radiopiu.net\/wordpress\/wp-content\/uploads\/2024\/03\/LIBERA-1.mp3\">https:\/\/www.radiopiu.net\/wordpress\/wp-content\/uploads\/2024\/03\/LIBERA-1.mp3<\/a><\/audio>\n<p>&nbsp;<\/p>\n<p><em>\u00a0<\/em><\/p>\n<hr \/>\n<p><em>\u00a0<\/em><\/p>\n<p><em>\u201cRoma citt\u00e0 libera\u201d \u00e8 uno slogan che evoca il capolavoro del neorealismo \u201cRoma citt\u00e0 aperta\u201d: un\u2019opera d\u2019arte che parla di resistenza e della lotta per la libert\u00e0. A ottant\u2019anni dalla liberazione dell\u2019occupazione nazi-fascista, oggi Roma deve nuovamente aprirsi e liberarsi.<\/em><\/p>\n<p><strong>PUNTATA 02 18 MARZO 2024 sera\u00a0 &#8211; PASQUALE ALMERICO <\/strong>Marilisa Luchetta<\/p>\n<audio class=\"wp-audio-shortcode\" id=\"audio-379745-2\" preload=\"none\" style=\"width: 100%;\" controls=\"controls\"><source type=\"audio\/mpeg\" src=\"https:\/\/www.radiopiu.net\/wordpress\/wp-content\/uploads\/2024\/03\/LIBERA-8.mp3?_=2\" \/><a href=\"https:\/\/www.radiopiu.net\/wordpress\/wp-content\/uploads\/2024\/03\/LIBERA-8.mp3\">https:\/\/www.radiopiu.net\/wordpress\/wp-content\/uploads\/2024\/03\/LIBERA-8.mp3<\/a><\/audio>\n<p>&nbsp;<\/p>\n<hr \/>\n<p>&nbsp;<\/p>\n<p><em>&#8220;Con Roma tutte le nostre citt\u00e0 sono chiamate ad aprirsi e liberarsi. A Roma noi, idealmente, accostiamo Agordo e Belluno&#8221;\u00a0<\/em><\/p>\n<p><strong>\u00a0<\/strong><strong>PUNTATA 03 19 MARZ0 2024 mattina\u00a0 \u00a0&#8211; PIERSANTI MATTARELLA <\/strong>2A CANALE<\/p>\n<audio class=\"wp-audio-shortcode\" id=\"audio-379745-3\" preload=\"none\" style=\"width: 100%;\" controls=\"controls\"><source type=\"audio\/mpeg\" src=\"https:\/\/www.radiopiu.net\/wordpress\/wp-content\/uploads\/2024\/03\/LIBERA-3.mp3?_=3\" \/><a href=\"https:\/\/www.radiopiu.net\/wordpress\/wp-content\/uploads\/2024\/03\/LIBERA-3.mp3\">https:\/\/www.radiopiu.net\/wordpress\/wp-content\/uploads\/2024\/03\/LIBERA-3.mp3<\/a><\/audio>\n<p><em>\u00a0<\/em><\/p>\n<hr \/>\n<p><em> \u00a0<\/em><\/p>\n<p><em>&#8220;Roma COME Belluno e come Agordo citt\u00e0 LIBERA dalle mafie e dalla corruzione&#8221;.\u00a0\u00a0<\/em><\/p>\n<p><strong>PUNTATA 04 19 MARZO 2024 sera &#8211; NICOL\u00d2 AZOTI <\/strong>Michele\u00a0 Zamengo<\/p>\n<audio class=\"wp-audio-shortcode\" id=\"audio-379745-4\" preload=\"none\" style=\"width: 100%;\" controls=\"controls\"><source type=\"audio\/mpeg\" src=\"https:\/\/www.radiopiu.net\/wordpress\/wp-content\/uploads\/2024\/03\/LIBERA-7-1.mp3?_=4\" \/><a href=\"https:\/\/www.radiopiu.net\/wordpress\/wp-content\/uploads\/2024\/03\/LIBERA-7-1.mp3\">https:\/\/www.radiopiu.net\/wordpress\/wp-content\/uploads\/2024\/03\/LIBERA-7-1.mp3<\/a><\/audio>\n<p>&nbsp;<\/p>\n<hr \/>\n<p>&nbsp;<\/p>\n<p><em>-Roma COME Belluno e come Agordo citt\u00e0 LIBERA dalle mafie e dalla corruzione<\/em><\/p>\n<p><strong>PUNTATA 05 20 MARZO 2024 mattina &#8211; GIUSEPPE VALARIOTI <\/strong>Mariagiovanna Da Roit<\/p>\n<audio class=\"wp-audio-shortcode\" id=\"audio-379745-5\" preload=\"none\" style=\"width: 100%;\" controls=\"controls\"><source type=\"audio\/mpeg\" src=\"https:\/\/www.radiopiu.net\/wordpress\/wp-content\/uploads\/2024\/03\/LIBERA-6.mp3?_=5\" \/><a href=\"https:\/\/www.radiopiu.net\/wordpress\/wp-content\/uploads\/2024\/03\/LIBERA-6.mp3\">https:\/\/www.radiopiu.net\/wordpress\/wp-content\/uploads\/2024\/03\/LIBERA-6.mp3<\/a><\/audio>\n<p>&nbsp;<\/p>\n<p>&nbsp;<\/p>\n<hr \/>\n<p>&nbsp;<\/p>\n<p><em>-Roma COME Belluno e come Agordo citt\u00e0 LIBERA dal narcotraffico e dal traffico degli esseri umani.<\/em><\/p>\n<p><strong>PUNTATA 06 20 MARZO 2024\u00a0 sera\u00a0 &#8211;\u00a0 DON CESARE BOSCHIN <\/strong>Don Virgilio Selva<\/p>\n<audio class=\"wp-audio-shortcode\" id=\"audio-379745-6\" preload=\"none\" style=\"width: 100%;\" controls=\"controls\"><source type=\"audio\/mpeg\" src=\"https:\/\/www.radiopiu.net\/wordpress\/wp-content\/uploads\/2024\/03\/LIBERA-9.mp3?_=6\" \/><a href=\"https:\/\/www.radiopiu.net\/wordpress\/wp-content\/uploads\/2024\/03\/LIBERA-9.mp3\">https:\/\/www.radiopiu.net\/wordpress\/wp-content\/uploads\/2024\/03\/LIBERA-9.mp3<\/a><\/audio>\n<p>&nbsp;<\/p>\n<p>&nbsp;<\/p>\n<hr \/>\n<p>&nbsp;<\/p>\n<p><em>-Roma COME Belluno e come Agordo citt\u00e0 LIBERA dai crimini ambientali e dai capitali illeciti.<\/em><\/p>\n<p><strong>PUNTATA 07 21 MARZO 2024 mattina\u00a0 &#8211;\u00a0 DON PINO PUGLISI <\/strong>2B CANALE<\/p>\n<audio class=\"wp-audio-shortcode\" id=\"audio-379745-7\" preload=\"none\" style=\"width: 100%;\" controls=\"controls\"><source type=\"audio\/mpeg\" src=\"https:\/\/www.radiopiu.net\/wordpress\/wp-content\/uploads\/2024\/03\/LIBERA-5.mp3?_=7\" \/><a href=\"https:\/\/www.radiopiu.net\/wordpress\/wp-content\/uploads\/2024\/03\/LIBERA-5.mp3\">https:\/\/www.radiopiu.net\/wordpress\/wp-content\/uploads\/2024\/03\/LIBERA-5.mp3<\/a><\/audio>\n<p>&nbsp;<\/p>\n<hr \/>\n<p>&nbsp;<\/p>\n<p><em>Roma COME Belluno e come Agordo citt\u00e0 LIBERA dall\u2019indifferenza.<\/em><\/p>\n<p><strong>PUNTATA 08 21 MARZO 2024\u00a0 sera &#8211;\u00a0 ROSARIO DI SALVO<\/strong> Loris Santomaso<\/p>\n<audio class=\"wp-audio-shortcode\" id=\"audio-379745-8\" preload=\"none\" style=\"width: 100%;\" controls=\"controls\"><source type=\"audio\/mpeg\" src=\"https:\/\/www.radiopiu.net\/wordpress\/wp-content\/uploads\/2024\/03\/LIBERA-10.mp3?_=8\" \/><a href=\"https:\/\/www.radiopiu.net\/wordpress\/wp-content\/uploads\/2024\/03\/LIBERA-10.mp3\">https:\/\/www.radiopiu.net\/wordpress\/wp-content\/uploads\/2024\/03\/LIBERA-10.mp3<\/a><\/audio>\n<p>&nbsp;<\/p>\n<hr \/>\n<p>&nbsp;<\/p>\n<p><em>Roma COME Belluno e come Agordo citt\u00e0 LIBERA dalla politica distante dal <\/em><em>bene comune e dalla prossimit\u00e0 con i cittadini.<\/em><\/p>\n<p><strong>PUNTATA 09 22 MARZO 2024 &#8211; mattina\u00a0 &#8211;\u00a0 DON PEPPE DIANA <\/strong>3B CANALE<\/p>\n<audio class=\"wp-audio-shortcode\" id=\"audio-379745-9\" preload=\"none\" style=\"width: 100%;\" controls=\"controls\"><source type=\"audio\/mpeg\" src=\"https:\/\/www.radiopiu.net\/wordpress\/wp-content\/uploads\/2024\/03\/LIBERA-4-1.mp3?_=9\" \/><a href=\"https:\/\/www.radiopiu.net\/wordpress\/wp-content\/uploads\/2024\/03\/LIBERA-4-1.mp3\">https:\/\/www.radiopiu.net\/wordpress\/wp-content\/uploads\/2024\/03\/LIBERA-4-1.mp3<\/a><\/audio>\n<p>&nbsp;<\/p>\n<hr \/>\n<p>&nbsp;<\/p>\n<p><em>Roma COME Belluno e come Agordo citt\u00e0 LIBERA dal lavoro nero e precario<\/em><\/p>\n<p><strong>PUNTATA 10 22 MARZO 2024\u00a0 sera &#8211; RENATA FONTE <\/strong>3C SEDICO<\/p>\n<audio class=\"wp-audio-shortcode\" id=\"audio-379745-10\" preload=\"none\" style=\"width: 100%;\" controls=\"controls\"><source type=\"audio\/mpeg\" src=\"https:\/\/www.radiopiu.net\/wordpress\/wp-content\/uploads\/2024\/03\/LIBERA-11.mp3?_=10\" \/><a href=\"https:\/\/www.radiopiu.net\/wordpress\/wp-content\/uploads\/2024\/03\/LIBERA-11.mp3\">https:\/\/www.radiopiu.net\/wordpress\/wp-content\/uploads\/2024\/03\/LIBERA-11.mp3<\/a><\/audio>\n<p>&nbsp;<\/p>\n<hr \/>\n<p>&nbsp;<\/p>\n<p><em>Roma COME Agordo citt\u00e0 LIBERA e capace di Memoria Impegno e partecipazione PERCH\u00c9, come canta Gaber, LA LIBERT\u00c0 NON \u00c8 UNO SPAZIO LIBERO, LA LIBERT\u00c0 \u00c8 PARTECIPAZIONE<\/em><\/p>\n<p><strong>PUNTATA 11 23 MARZO 2024 &#8211; (02) mattina\u00a0 &#8211;\u00a0 PIO LA TORRE<\/strong> Gabriela De Dea<\/p>\n<audio class=\"wp-audio-shortcode\" id=\"audio-379745-11\" preload=\"none\" style=\"width: 100%;\" controls=\"controls\"><source type=\"audio\/mpeg\" src=\"https:\/\/www.radiopiu.net\/wordpress\/wp-content\/uploads\/2024\/03\/LIBERA-2-1.mp3?_=11\" \/><a href=\"https:\/\/www.radiopiu.net\/wordpress\/wp-content\/uploads\/2024\/03\/LIBERA-2-1.mp3\">https:\/\/www.radiopiu.net\/wordpress\/wp-content\/uploads\/2024\/03\/LIBERA-2-1.mp3<\/a><\/audio>\n<p>&nbsp;<\/p>\n<hr \/>\n<p>&nbsp;<\/p>\n<p><strong>VITTIME<\/strong> <em>PIERSANTI MATTARELLA\u00a0 GIUSEPPE VALARIOTI\u00a0 \u00a0DON PEPPE DIANA\u00a0 NICOL\u00d2 AZOTI\u00a0 ANGELO VASSALLO <\/em><br \/>\n<em>PASQUALE ALMERICO\u00a0 \u00a0DON PINO PUGLISI PIO LA TORRE\u00a0 \u00a0RENATA FONTE\u00a0 DON CESARE BOSCHIN GIOVANNI GIANNINO LOSARDO ROSARIO DI SALVO\u00a0<\/em><\/p>\n<p><strong>PUNTATA 24 23 MARZO 2024 (12) sera\u00a0 &#8211; GIOVA<\/strong><strong>NNI GIANNINO LOSARDO <\/strong>3C SEDICO<\/p>\n<audio class=\"wp-audio-shortcode\" id=\"audio-379745-12\" preload=\"none\" style=\"width: 100%;\" controls=\"controls\"><source type=\"audio\/mpeg\" src=\"https:\/\/www.radiopiu.net\/wordpress\/wp-content\/uploads\/2024\/03\/LIBERA-12.mp3?_=12\" \/><a href=\"https:\/\/www.radiopiu.net\/wordpress\/wp-content\/uploads\/2024\/03\/LIBERA-12.mp3\">https:\/\/www.radiopiu.net\/wordpress\/wp-content\/uploads\/2024\/03\/LIBERA-12.mp3<\/a><\/audio>\n<p>&nbsp;<\/p>\n<p>LI<\/p>\n<hr \/>\n<p><strong>\u00a0<\/strong><\/p>\n<p><strong>LE CANZONI<\/strong> <em>1) Cento passi, Modena city ramblers 2) La libert\u00e0, Giorgio Gaber 3) Una storia sbagliata, De Andr\u00e8 -Bubola<\/em><br \/>\n<em>4) Povera Patria, Franco Battiato 5) Minchia signor tenente, Giorgio Faletti 6) Esercito silente, Carmen Consoli 7) Eroi minori, Antonello Venditti 8) Non siete Stato voi, Caparezza 9) Stella, Antonello Venditti 10)Don Raffa\u00e8, Fabrizio De Andr\u00e8 11)Cuore, Jovanotti 12)Pensa, Fabrizio Moro<\/em><\/p>\n<p>_<\/p>\n<p>&nbsp;<\/p>\n<p>&nbsp;<\/p>\n<p>&nbsp;<\/p>\n<p>&nbsp;<\/p>\n<hr \/>\n<p>&nbsp;<\/p>\n","protected":false},"excerpt":{"rendered":"<p>*** La Settimana della memoria e dell\u2019impegno, Agordo come Roma: citt\u00e0 Libera i 100 passi verso il 21 marzo, giornata in ricordo della vittime innocenti delle mafie a cura del PRESIDIO AGORDINO DI LIBERA \u201cLUCIA PRECENZANO E SALVATORE AVERSA da lunedi 18 a sabato 23 marzo, alle 9.45 e 18.45 \u2026 su radio pi\u00f9\u00a0 &nbsp;&hellip;<\/p>\n","protected":false},"author":4,"featured_media":338852,"comment_status":"closed","ping_status":"closed","sticky":false,"template":"","format":"standard","meta":{"_monsterinsights_skip_tracking":false,"_monsterinsights_sitenote_active":false,"_monsterinsights_sitenote_note":"","_monsterinsights_sitenote_category":0,"footnotes":""},"categories":[104,49],"tags":[],"class_list":["post-379745","post","type-post","status-publish","format-standard","has-post-thumbnail","hentry","category-evidenza_3","category-news-18","category-104","category-49","description-off"],"img_url":"https:\/\/www.radiopiu.net\/wordpress\/wp-content\/uploads\/2023\/06\/LIBERA-AGORDINO.jpg","_links":{"self":[{"href":"https:\/\/www.radiopiu.net\/wordpress\/wp-json\/wp\/v2\/posts\/379745","targetHints":{"allow":["GET"]}}],"collection":[{"href":"https:\/\/www.radiopiu.net\/wordpress\/wp-json\/wp\/v2\/posts"}],"about":[{"href":"https:\/\/www.radiopiu.net\/wordpress\/wp-json\/wp\/v2\/types\/post"}],"author":[{"embeddable":true,"href":"https:\/\/www.radiopiu.net\/wordpress\/wp-json\/wp\/v2\/users\/4"}],"replies":[{"embeddable":true,"href":"https:\/\/www.radiopiu.net\/wordpress\/wp-json\/wp\/v2\/comments?post=379745"}],"version-history":[{"count":0,"href":"https:\/\/www.radiopiu.net\/wordpress\/wp-json\/wp\/v2\/posts\/379745\/revisions"}],"wp:featuredmedia":[{"embeddable":true,"href":"https:\/\/www.radiopiu.net\/wordpress\/wp-json\/wp\/v2\/media\/338852"}],"wp:attachment":[{"href":"https:\/\/www.radiopiu.net\/wordpress\/wp-json\/wp\/v2\/media?parent=379745"}],"wp:term":[{"taxonomy":"category","embeddable":true,"href":"https:\/\/www.radiopiu.net\/wordpress\/wp-json\/wp\/v2\/categories?post=379745"},{"taxonomy":"post_tag","embeddable":true,"href":"https:\/\/www.radiopiu.net\/wordpress\/wp-json\/wp\/v2\/tags?post=379745"}],"curies":[{"name":"wp","href":"https:\/\/api.w.org\/{rel}","templated":true}]}}