{"id":379768,"date":"2024-03-18T16:37:37","date_gmt":"2024-03-18T15:37:37","guid":{"rendered":"https:\/\/www.radiopiu.net\/wordpress\/?p=379768"},"modified":"2024-03-19T05:35:42","modified_gmt":"2024-03-19T04:35:42","slug":"lintitolazione-del-piazzale-di-levego-ad-emanuela-loi","status":"publish","type":"post","link":"https:\/\/www.radiopiu.net\/wordpress\/lintitolazione-del-piazzale-di-levego-ad-emanuela-loi\/","title":{"rendered":"L&#8217;INTITOLAZIONE DEL PIAZZALE DI LEVEGO AD EMANUELA LOI"},"content":{"rendered":"<p>****<\/p>\n<p>&nbsp;<\/p>\n<p><strong><a class=\"dt-pswp-item\" href=\"https:\/\/www.radiopiu.net\/wordpress\/wp-content\/uploads\/2024\/03\/98efab4b-9e62-445e-947b-90085ed62e36.jpg\" data-dt-img-description=\"\" data-large_image_width=\"2048\" data-large_image_height=\"1536\"><img loading=\"lazy\" decoding=\"async\" class=\" wp-image-379770 alignleft\" src=\"https:\/\/www.radiopiu.net\/wordpress\/wp-content\/uploads\/2024\/03\/98efab4b-9e62-445e-947b-90085ed62e36-300x225.jpg\" alt=\"\" width=\"152\" height=\"114\" srcset=\"https:\/\/www.radiopiu.net\/wordpress\/wp-content\/uploads\/2024\/03\/98efab4b-9e62-445e-947b-90085ed62e36-300x225.jpg 300w, https:\/\/www.radiopiu.net\/wordpress\/wp-content\/uploads\/2024\/03\/98efab4b-9e62-445e-947b-90085ed62e36-1024x768.jpg 1024w, https:\/\/www.radiopiu.net\/wordpress\/wp-content\/uploads\/2024\/03\/98efab4b-9e62-445e-947b-90085ed62e36-768x576.jpg 768w, https:\/\/www.radiopiu.net\/wordpress\/wp-content\/uploads\/2024\/03\/98efab4b-9e62-445e-947b-90085ed62e36-1536x1152.jpg 1536w, https:\/\/www.radiopiu.net\/wordpress\/wp-content\/uploads\/2024\/03\/98efab4b-9e62-445e-947b-90085ed62e36.jpg 2048w\" sizes=\"auto, (max-width: 152px) 100vw, 152px\" \/><\/a>BELLUNO<\/strong> Emanuela Loi aveva 24 anni quando perse la vita nell&#8217;attentato di Via d&#8217;Amelio; agente della Polizia di Stato di scorta al giudice Paolo Borsellino, \u00e8 stata la prima poliziotta uccisa in servizio. Da mercoled\u00ec, alla sua memoria nel capoluogo sar\u00e0 intitolato un piazzale.<\/p>\n<p><strong>DI DANIELE DALVIT<\/strong><\/p>\n<audio class=\"wp-audio-shortcode\" id=\"audio-379768-1\" preload=\"none\" style=\"width: 100%;\" controls=\"controls\"><source type=\"audio\/mpeg\" src=\"https:\/\/www.radiopiu.net\/wordpress\/wp-content\/uploads\/2024\/03\/Radio-Piu-Servizio-Presentazione-Cerimonia-Levego-Loi.mp3?_=1\" \/><a href=\"https:\/\/www.radiopiu.net\/wordpress\/wp-content\/uploads\/2024\/03\/Radio-Piu-Servizio-Presentazione-Cerimonia-Levego-Loi.mp3\">https:\/\/www.radiopiu.net\/wordpress\/wp-content\/uploads\/2024\/03\/Radio-Piu-Servizio-Presentazione-Cerimonia-Levego-Loi.mp3<\/a><\/audio>\n<p>&nbsp;<\/p>\n<p>&nbsp;<\/p>\n<p>******<\/p>\n","protected":false},"excerpt":{"rendered":"<p>**** &nbsp; BELLUNO Emanuela Loi aveva 24 anni quando perse la vita nell&#8217;attentato di Via d&#8217;Amelio; agente della Polizia di Stato di scorta al giudice Paolo Borsellino, \u00e8 stata la prima poliziotta uccisa in servizio. Da mercoled\u00ec, alla sua memoria nel capoluogo sar\u00e0 intitolato un piazzale. DI DANIELE DALVIT &nbsp; &nbsp; ******<\/p>\n","protected":false},"author":4,"featured_media":379770,"comment_status":"closed","ping_status":"closed","sticky":false,"template":"","format":"standard","meta":{"_monsterinsights_skip_tracking":false,"_monsterinsights_sitenote_active":false,"_monsterinsights_sitenote_note":"","_monsterinsights_sitenote_category":0,"footnotes":""},"categories":[51,49],"tags":[],"class_list":["post-379768","post","type-post","status-publish","format-standard","has-post-thumbnail","hentry","category-evidenza-top","category-news-18","category-51","category-49","description-off"],"img_url":"https:\/\/www.radiopiu.net\/wordpress\/wp-content\/uploads\/2024\/03\/98efab4b-9e62-445e-947b-90085ed62e36.jpg","_links":{"self":[{"href":"https:\/\/www.radiopiu.net\/wordpress\/wp-json\/wp\/v2\/posts\/379768","targetHints":{"allow":["GET"]}}],"collection":[{"href":"https:\/\/www.radiopiu.net\/wordpress\/wp-json\/wp\/v2\/posts"}],"about":[{"href":"https:\/\/www.radiopiu.net\/wordpress\/wp-json\/wp\/v2\/types\/post"}],"author":[{"embeddable":true,"href":"https:\/\/www.radiopiu.net\/wordpress\/wp-json\/wp\/v2\/users\/4"}],"replies":[{"embeddable":true,"href":"https:\/\/www.radiopiu.net\/wordpress\/wp-json\/wp\/v2\/comments?post=379768"}],"version-history":[{"count":0,"href":"https:\/\/www.radiopiu.net\/wordpress\/wp-json\/wp\/v2\/posts\/379768\/revisions"}],"wp:featuredmedia":[{"embeddable":true,"href":"https:\/\/www.radiopiu.net\/wordpress\/wp-json\/wp\/v2\/media\/379770"}],"wp:attachment":[{"href":"https:\/\/www.radiopiu.net\/wordpress\/wp-json\/wp\/v2\/media?parent=379768"}],"wp:term":[{"taxonomy":"category","embeddable":true,"href":"https:\/\/www.radiopiu.net\/wordpress\/wp-json\/wp\/v2\/categories?post=379768"},{"taxonomy":"post_tag","embeddable":true,"href":"https:\/\/www.radiopiu.net\/wordpress\/wp-json\/wp\/v2\/tags?post=379768"}],"curies":[{"name":"wp","href":"https:\/\/api.w.org\/{rel}","templated":true}]}}