{"id":379816,"date":"2024-03-20T05:44:02","date_gmt":"2024-03-20T04:44:02","guid":{"rendered":"https:\/\/www.radiopiu.net\/wordpress\/?p=379816"},"modified":"2024-03-20T09:13:28","modified_gmt":"2024-03-20T08:13:28","slug":"giornale-radiopiu-20-marzo-2024-direttore-mirko-mezzacasada-40-anni-25-giugno-1983-25-giugno-2023","status":"publish","type":"post","link":"https:\/\/www.radiopiu.net\/wordpress\/giornale-radiopiu-20-marzo-2024-direttore-mirko-mezzacasada-40-anni-25-giugno-1983-25-giugno-2023\/","title":{"rendered":"GIORNALE RADIOPIU 20 MARZO 2024 DIRETTORE MIRKO MEZZACASA\u2026DA 40 ANNI 25 GIUGNO 1983-25 GIUGNO 2023"},"content":{"rendered":"<p>******<\/p>\n<p>&nbsp;<\/p>\n<h3><a href=\"https:\/\/www.radiopiu.net\/wordpress\/giornale-radiopiu-24-gennaio-2021-direttore-mirko-mezzacasa\/141433770_171616291414874_2957460898102012198_n\/\" rel=\"attachment wp-att-186566\"><img loading=\"lazy\" decoding=\"async\" class=\"wp-image-186566 alignleft\" src=\"https:\/\/www.radiopiu.net\/wordpress\/wp-content\/uploads\/2021\/01\/141433770_171616291414874_2957460898102012198_n-300x300.jpg\" alt=\"\" width=\"144\" height=\"144\" srcset=\"https:\/\/www.radiopiu.net\/wordpress\/wp-content\/uploads\/2021\/01\/141433770_171616291414874_2957460898102012198_n-300x300.jpg 300w, https:\/\/www.radiopiu.net\/wordpress\/wp-content\/uploads\/2021\/01\/141433770_171616291414874_2957460898102012198_n-150x150.jpg 150w, https:\/\/www.radiopiu.net\/wordpress\/wp-content\/uploads\/2021\/01\/141433770_171616291414874_2957460898102012198_n-768x768.jpg 768w, https:\/\/www.radiopiu.net\/wordpress\/wp-content\/uploads\/2021\/01\/141433770_171616291414874_2957460898102012198_n.jpg 800w\" sizes=\"auto, (max-width: 144px) 100vw, 144px\" \/><\/a>PER<strong> RICEVERE QUESTO NOTIZIARIO DIRETTAMENTE SUL TUO CELLULARE ISCRIVITI AL CANALE TELEGRAM <\/strong><strong>\u201cRADIO PIU\u00a0 INFORMAZIONE&#8221;\u00a0<\/strong><\/h3>\n<h3>\u00a0il CANALE TELEGRAM&#8230; UNISCITI A: RADIO PIU INFORMAZIONE<\/h3>\n<p>&nbsp;<\/p>\n<p>&nbsp;<\/p>\n<p><em><a href=\"https:\/\/www.radiopiu.net\/wordpress\/giornale-radiopiu-24-gennaio-2021-direttore-mirko-mezzacasa\/79216601_126817312416448_708980208774483089_n\/\" rel=\"attachment wp-att-186567\"><img loading=\"lazy\" decoding=\"async\" class=\"size-medium wp-image-186567 alignright\" src=\"https:\/\/www.radiopiu.net\/wordpress\/wp-content\/uploads\/2021\/01\/79216601_126817312416448_708980208774483089_n-300x114.jpg\" alt=\"\" width=\"300\" height=\"114\" srcset=\"https:\/\/www.radiopiu.net\/wordpress\/wp-content\/uploads\/2021\/01\/79216601_126817312416448_708980208774483089_n-300x114.jpg 300w, https:\/\/www.radiopiu.net\/wordpress\/wp-content\/uploads\/2021\/01\/79216601_126817312416448_708980208774483089_n-768x292.jpg 768w, https:\/\/www.radiopiu.net\/wordpress\/wp-content\/uploads\/2021\/01\/79216601_126817312416448_708980208774483089_n.jpg 820w\" sizes=\"auto, (max-width: 300px) 100vw, 300px\" \/><\/a><span style=\"color: #ff0000;\">ATTENZIONE: LA NUOVA APP PER IOS-IPHONE di Nicola Vettorello <\/span><\/em><a href=\"https:\/\/apps.apple.com\/it\/app\/radio-pi%C3%B9-emittente-agordina\/id1515939845\">https:\/\/apps.apple.com\/it\/app\/radio-pi%C3%B9-emittente-agordina\/id1515939845<\/a><\/p>\n<p><em style=\"color: #ff0000;\">ATTENZIONE: LA NUOVA APP RADIO\u00a0 PER ANDROID di Nicola Vettorello<\/em><\/p>\n<p><a href=\"https:\/\/play.google.com\/store\/apps\/details?id=net.radiopiu.iniko\" target=\"_blank\" rel=\"noopener noreferrer\">https:\/\/play.google.com\/store\/apps\/details?id=net.radiopiu.iniko\u00a0\u00a0<\/a><\/p>\n<p>&nbsp;<\/p>\n<h3 class=\"kvgmc6g5 cxmmr5t8 oygrvhab hcukyx3x c1et5uql\"><\/h3>\n<div data-block=\"true\" data-editor=\"avj4u\" data-offset-key=\"d3i0j-0-0\"><\/div>\n<div data-block=\"true\" data-editor=\"avj4u\" data-offset-key=\"d3i0j-0-0\">\n<hr \/>\n<\/div>\n<div data-block=\"true\" data-editor=\"avj4u\" data-offset-key=\"d3i0j-0-0\"><\/div>\n<p class=\"x11i5rnm xat24cr x1mh8g0r x1vvkbs xtlvy1s x126k92a\"><a class=\"dt-pswp-item\" href=\"https:\/\/www.radiopiu.net\/wordpress\/wp-content\/uploads\/2023\/10\/34f4cfc6-e863-46e9-9695-8df44be63421.jpg\" data-dt-img-description=\"\" data-large_image_width=\"1200\" data-large_image_height=\"1200\"><img loading=\"lazy\" decoding=\"async\" class=\"wp-image-357393 alignleft\" src=\"https:\/\/www.radiopiu.net\/wordpress\/wp-content\/uploads\/2023\/10\/34f4cfc6-e863-46e9-9695-8df44be63421-300x300.jpg\" alt=\"\" width=\"81\" height=\"81\" srcset=\"https:\/\/www.radiopiu.net\/wordpress\/wp-content\/uploads\/2023\/10\/34f4cfc6-e863-46e9-9695-8df44be63421-300x300.jpg 300w, https:\/\/www.radiopiu.net\/wordpress\/wp-content\/uploads\/2023\/10\/34f4cfc6-e863-46e9-9695-8df44be63421-1024x1024.jpg 1024w, https:\/\/www.radiopiu.net\/wordpress\/wp-content\/uploads\/2023\/10\/34f4cfc6-e863-46e9-9695-8df44be63421-150x150.jpg 150w, https:\/\/www.radiopiu.net\/wordpress\/wp-content\/uploads\/2023\/10\/34f4cfc6-e863-46e9-9695-8df44be63421-768x768.jpg 768w, https:\/\/www.radiopiu.net\/wordpress\/wp-content\/uploads\/2023\/10\/34f4cfc6-e863-46e9-9695-8df44be63421.jpg 1200w\" sizes=\"auto, (max-width: 81px) 100vw, 81px\" \/><\/a><span style=\"color: #000000;\">La Settimana della memoria e dell&#8217;impegno, Agordo come Roma: citt\u00e0 Libera i 100 passi verso il 21 marzo, giornata in ricordo della vittime innocenti delle mafie a cura del PRESIDIO AGORDINO DI LIBERA &#8220;LUCIA PRECENZANO E SALVATORE AVERSA da lunedi 18 a sabato 23 marzo, alle 9.45 e 18.45 &#8230; su radio pi\u00f9\u00a0<\/span><\/p>\n<p>***<\/p>\n<p><span style=\"color: #ff0000;\"><strong>OGGI ALLA RADIO<\/strong><\/span>: <strong>ALLE 7.20<\/strong> EL BAR DEL FIOR, DETTI E TRADIZIONI DI GIULIANA DA RONCH; <strong>ALLE 8.20<\/strong> MARINA DONA <strong>ALLE 9.10 <\/strong>LIBER DI LIANA CAVALLET ALLE<strong> 9.45 <\/strong>LIBERA, LA SETTIMANA DELLE RIFLESSIONE CON GLI STUDENTI DELLA MEDIA DI CANALE D&#8217;AGORDO E SEDICO <strong>ALLE 10.10 <\/strong>CISL LA VOCE PER I LAVORATORI, CON ALESSIO PICCOLI, CISL BELLUNO-TREVISO <strong>10.30<\/strong> SE NON LA SMETTI TI MANDO DAL PRESIDE CON LA PROF MARIA ROSA SALMAZO<strong> ALLE 11 <\/strong>CINE HIT CON ALDO BRIGADOI <strong>ALLE 1400 <\/strong>COLLAGE OPERAZIONE NOSTALGIA, LORIS SCUSSEL<strong> ALLE 15.10<\/strong> MARCO V DAL FARRA CONDUCE RIMASTI PIU&#8217; AVANTI ALLA SCOPERTA DEI TALENTI NEL MONDO MUSICALE BELLUNESE ALLE 16 IL ROCK DI MARCO COSTANTINI, ALLE 1645\u00a0 <strong>ALLE 20.30 <\/strong>LA MUSICA DI ALEX NASCINBEN, DIRETTA ALLA RADIO COME TANTI ANNI FA<\/p>\n<p>&nbsp;<\/p>\n<p>&nbsp;<\/p>\n<hr \/>\n<div class=\"x11i5rnm xat24cr x1mh8g0r x1vvkbs xtlvy1s x126k92a\">\n<div dir=\"auto\">\n<blockquote>\n<h2><\/h2>\n<\/blockquote>\n<\/div>\n<\/div>\n<div class=\"x11i5rnm xat24cr x1mh8g0r x1vvkbs xtlvy1s x126k92a\">\n<div dir=\"auto\">\n<p>&nbsp;<\/p>\n<p>&nbsp;<\/p>\n<div class=\"x11i5rnm xat24cr x1mh8g0r x1vvkbs xtlvy1s x126k92a\">\n<div dir=\"auto\">\n<p><strong><a class=\"dt-pswp-item\" href=\"https:\/\/www.radiopiu.net\/wordpress\/wp-content\/uploads\/2024\/02\/2d44e751-d8a8-461b-8e22-d8e4e853b032.jpg\" data-dt-img-description=\"\" data-large_image_width=\"1600\" data-large_image_height=\"1200\"><img loading=\"lazy\" decoding=\"async\" class=\"wp-image-373307 alignleft\" src=\"https:\/\/www.radiopiu.net\/wordpress\/wp-content\/uploads\/2024\/02\/2d44e751-d8a8-461b-8e22-d8e4e853b032-300x225.jpg\" alt=\"\" width=\"105\" height=\"79\" srcset=\"https:\/\/www.radiopiu.net\/wordpress\/wp-content\/uploads\/2024\/02\/2d44e751-d8a8-461b-8e22-d8e4e853b032-300x225.jpg 300w, https:\/\/www.radiopiu.net\/wordpress\/wp-content\/uploads\/2024\/02\/2d44e751-d8a8-461b-8e22-d8e4e853b032-1024x768.jpg 1024w, https:\/\/www.radiopiu.net\/wordpress\/wp-content\/uploads\/2024\/02\/2d44e751-d8a8-461b-8e22-d8e4e853b032-768x576.jpg 768w, https:\/\/www.radiopiu.net\/wordpress\/wp-content\/uploads\/2024\/02\/2d44e751-d8a8-461b-8e22-d8e4e853b032-1536x1152.jpg 1536w, https:\/\/www.radiopiu.net\/wordpress\/wp-content\/uploads\/2024\/02\/2d44e751-d8a8-461b-8e22-d8e4e853b032.jpg 1600w\" sizes=\"auto, (max-width: 105px) 100vw, 105px\" \/><\/a>EL BAL DEL FIOR, DI GIULIANA DA RONCH, 20 MARZO 2024<\/strong><\/p>\n<\/div>\n<\/div>\n<div class=\"x11i5rnm xat24cr x1mh8g0r x1vvkbs xtlvy1s x126k92a\"><\/div>\n<\/div>\n<div dir=\"auto\">\n<div data-block=\"true\" data-editor=\"avj4u\" data-offset-key=\"d3i0j-0-0\">\n<div data-block=\"true\" data-editor=\"avj4u\" data-offset-key=\"d3i0j-0-0\">\n<audio class=\"wp-audio-shortcode\" id=\"audio-379816-1\" preload=\"none\" style=\"width: 100%;\" controls=\"controls\"><source type=\"audio\/mpeg\" src=\"https:\/\/www.radiopiu.net\/wordpress\/wp-content\/uploads\/2024\/03\/GME-3.m4a?_=1\" \/><a href=\"https:\/\/www.radiopiu.net\/wordpress\/wp-content\/uploads\/2024\/03\/GME-3.m4a\">https:\/\/www.radiopiu.net\/wordpress\/wp-content\/uploads\/2024\/03\/GME-3.m4a<\/a><\/audio>\n<\/div>\n<div data-block=\"true\" data-editor=\"avj4u\" data-offset-key=\"d3i0j-0-0\"><\/div>\n<div data-block=\"true\" data-editor=\"avj4u\" data-offset-key=\"d3i0j-0-0\"><\/div>\n<\/div>\n<hr \/>\n<\/div>\n<\/div>\n<blockquote>\n<blockquote>\n<h1><span style=\"color: #ff0000;\">\u00a0<\/span><\/h1>\n<h1><span style=\"color: #ff0000;\">\u00a0<\/span><\/h1>\n<h1><span style=\"color: #ff0000;\">I podcast informativi del mattino &#8211; audio &#8211;\u00a0<\/span><\/h1>\n<\/blockquote>\n<p><strong><a class=\"dt-pswp-item\" href=\"https:\/\/www.radiopiu.net\/wordpress\/wp-content\/uploads\/2023\/11\/th-10.jpg\" data-dt-img-description=\"\" data-large_image_width=\"320\" data-large_image_height=\"180\"><img loading=\"lazy\" decoding=\"async\" class=\"wp-image-362866 alignleft\" src=\"https:\/\/www.radiopiu.net\/wordpress\/wp-content\/uploads\/2023\/11\/th-10-300x169.jpg\" alt=\"\" width=\"185\" height=\"104\" srcset=\"https:\/\/www.radiopiu.net\/wordpress\/wp-content\/uploads\/2023\/11\/th-10-300x169.jpg 300w, https:\/\/www.radiopiu.net\/wordpress\/wp-content\/uploads\/2023\/11\/th-10.jpg 320w\" sizes=\"auto, (max-width: 185px) 100vw, 185px\" \/><\/a>LA RASSEGNA STAMPA NAZIONALE ALLA RADIO, OGNI GIORNO ALLE 5 E ALLE 6 DEL MATTINO <span style=\"color: #0000ff;\">viene pubblicata alle 6.00 <span style=\"color: #ff0000;\">DIRETTA RADIO\u00a0 \u00a0\u00a0<\/span><\/span><\/strong><\/p>\n<p>&nbsp;<\/p><\/blockquote>\n<p>&nbsp;<\/p>\n<p><span style=\"color: #ff0000;\">\u00a0<\/span><\/p>\n<p><span style=\"color: #ff0000;\">di SISSY MARTINELLI<\/span><br \/>\n<strong>Giorgia Meloni<\/strong> al Senato &#8220;il voto in Russia, una farsa&#8221;, no all&#8217;invio di truppe. <strong>Tensioni con la lega<\/strong>, Meloni parla di sintonia, ma in Parlamento non c&#8217;erano n\u00e8 Salvini n\u00e8 i ministri della Lega. <strong>Cambiamento climatico<\/strong>, preoccupante report che mette in evidenza il febbraio pi\u00f9 caldo di sempre, verso una fase irreversibile ed \u00e8 allerta rosso per il riscaldamento degli oceani e ritiro dei ghiacciai. <strong>Cronaca<\/strong> sentenza di primo grado (20anni di reclusione) contro il 16enne che aveva assassinato Giovan Battista Cutolo di 24 anni. <strong>Piantedosi<\/strong> ha nominato una commissione per la verifica dello scioglimento anticipato della Giunta del Comune di Bari <strong>De Caro<\/strong>\u00a0 (sindaco) su facebook lo definisce atto di guerra. <strong>Lutto<\/strong> nel calcio per la morte di Joe Barone, 58 anni,\u00a0 direttore generale della Fiorentina<\/p>\n<h2>AUDIO dalle 7 del mattino<\/h2>\n<audio class=\"wp-audio-shortcode\" id=\"audio-379816-2\" preload=\"none\" style=\"width: 100%;\" controls=\"controls\"><source type=\"audio\/mpeg\" src=\"https:\/\/www.radiopiu.net\/wordpress\/wp-content\/uploads\/2024\/03\/GIORNALEDELLESEI-16.mp3?_=2\" \/><a href=\"https:\/\/www.radiopiu.net\/wordpress\/wp-content\/uploads\/2024\/03\/GIORNALEDELLESEI-16.mp3\">https:\/\/www.radiopiu.net\/wordpress\/wp-content\/uploads\/2024\/03\/GIORNALEDELLESEI-16.mp3<\/a><\/audio>\n<p>&nbsp;<\/p>\n<p>&nbsp;<\/p>\n<hr \/>\n<p>&nbsp;<\/p>\n<h1 style=\"text-align: center;\"><span style=\"color: #ff0000;\">I podcast informativi del mattino &#8211; audio &#8211;\u00a0<\/span><\/h1>\n<p><strong><a class=\"dt-pswp-item\" href=\"https:\/\/www.radiopiu.net\/wordpress\/wp-content\/uploads\/2023\/12\/images.png\" data-dt-img-description=\"\" data-large_image_width=\"316\" data-large_image_height=\"160\"><img loading=\"lazy\" decoding=\"async\" class=\"wp-image-367008 alignleft\" src=\"https:\/\/www.radiopiu.net\/wordpress\/wp-content\/uploads\/2023\/12\/images-300x152.png\" alt=\"\" width=\"235\" height=\"119\" srcset=\"https:\/\/www.radiopiu.net\/wordpress\/wp-content\/uploads\/2023\/12\/images-300x152.png 300w, https:\/\/www.radiopiu.net\/wordpress\/wp-content\/uploads\/2023\/12\/images.png 316w\" sizes=\"auto, (max-width: 235px) 100vw, 235px\" \/><\/a>OGNI GIORNO ALLE SETTE DEL MATTINO, LA RASSEGNA STAMPA LOCALE FLASH&#8230; PER CHI VA IN FRETTA. I TITOLI DAI GIORNALI E DAL SITO WWW.RADIOPIU.NET <span style=\"color: #0000ff;\">viene pubblicato alle 7.00<\/span> <span style=\"color: #ff0000;\">DIRETTA RADIO\u00a0<\/span><\/strong><\/p>\n<p><em><span style=\"color: #ff0000;\">per chi va in fretta&#8230; tante notizie in pochi minuti. L&#8217;informazione locale alla radio, ogni ora dalle 7 del mattino alle 19 della sera.\u00a0 \u00a0 \u00a0<\/span><\/em><\/p>\n<p><strong>DUE INCIDENTI IN PISTA E UN MALORE FATALE.<\/strong> TRE INTERVENTI DEL SUEM IN AGORDINO<br \/>\n<strong>REDAZIONE<\/strong> Sono tre gli interventi del Suem 118 in Agordino nella giornata di ieri ad Arabba. ad ALLEGHE Una donna di 79 anni \u00e8 deceduta nel primo pomeriggio di ieri, a Caprile. I soccorsi sono stati il pi\u00f9 possibile tempestivi, alle 14.13, ma per l&#8217;anziana non c&#8217;era pi\u00f9 nulla da fare: l&#8217;ipotesi pi\u00f9 probabile \u00e8 quella di un infarto<br \/>\n<strong>ARSIE<\/strong>&#8216; piange la prematura scomparsa di Francesca Todesco, 44 anni, residente a Bologna da una decina di anni. Figlia dei gestori del negozio di alimentari Crai, Francesca lascia una bambina di 8 anni e il compagno Aldo.<br \/>\n<strong>SEDICO<\/strong>\u00a0 Ieri alle 15, i vigili del fuoco sono intervenuti in Zona Pasa a Sedico per l\u2019incendio di un furgone: nessuna persona \u00e8 rimasta ferita.<br \/>\n<strong>GOSALDO<\/strong> A poco pi\u00f9 di una settimana dalla frana che ha interessato la frazione di Selle nel comune di Gosaldo, sono iniziati i lavori per il ripristino e la messa in sicurezza della strada comunale. Operai al lavoro e opera che procede senza intoppi.<br \/>\n<strong>CANALE D&#8217;AGORDO<\/strong> VIA LIBERA AL PROGETTO PER LA RIQUALIFICAZIONE DEGLI IMPIANTI SPORTIVI DI VIA LOTTA<\/p>\n<h2>AUDIO dalle 7 del mattino<\/h2>\n<audio class=\"wp-audio-shortcode\" id=\"audio-379816-3\" preload=\"none\" style=\"width: 100%;\" controls=\"controls\"><source type=\"audio\/mpeg\" src=\"https:\/\/www.radiopiu.net\/wordpress\/wp-content\/uploads\/2024\/03\/GF07-17.mp3?_=3\" \/><a href=\"https:\/\/www.radiopiu.net\/wordpress\/wp-content\/uploads\/2024\/03\/GF07-17.mp3\">https:\/\/www.radiopiu.net\/wordpress\/wp-content\/uploads\/2024\/03\/GF07-17.mp3<\/a><\/audio>\n<p>&nbsp;<\/p>\n<p>&nbsp;<\/p>\n<hr \/>\n<p>&nbsp;<\/p>\n<h1><\/h1>\n<h1 style=\"text-align: center;\"><span style=\"color: #ff0000;\"><a class=\"dt-pswp-item\" href=\"https:\/\/www.radiopiu.net\/wordpress\/wp-content\/uploads\/2022\/01\/026c3f9d-dae9-4040-a3c1-a6530231bcc3.jpg\" data-dt-img-description=\"\" data-large_image_width=\"1152\" data-large_image_height=\"2048\"><img loading=\"lazy\" decoding=\"async\" class=\"wp-image-251839 alignleft\" src=\"https:\/\/www.radiopiu.net\/wordpress\/wp-content\/uploads\/2022\/01\/026c3f9d-dae9-4040-a3c1-a6530231bcc3-169x300.jpg\" alt=\"\" width=\"100\" height=\"177\" srcset=\"https:\/\/www.radiopiu.net\/wordpress\/wp-content\/uploads\/2022\/01\/026c3f9d-dae9-4040-a3c1-a6530231bcc3-169x300.jpg 169w, https:\/\/www.radiopiu.net\/wordpress\/wp-content\/uploads\/2022\/01\/026c3f9d-dae9-4040-a3c1-a6530231bcc3-576x1024.jpg 576w, https:\/\/www.radiopiu.net\/wordpress\/wp-content\/uploads\/2022\/01\/026c3f9d-dae9-4040-a3c1-a6530231bcc3-768x1365.jpg 768w, https:\/\/www.radiopiu.net\/wordpress\/wp-content\/uploads\/2022\/01\/026c3f9d-dae9-4040-a3c1-a6530231bcc3-864x1536.jpg 864w, https:\/\/www.radiopiu.net\/wordpress\/wp-content\/uploads\/2022\/01\/026c3f9d-dae9-4040-a3c1-a6530231bcc3.jpg 1152w\" sizes=\"auto, (max-width: 100px) 100vw, 100px\" \/><\/a>I podcast informativi del mattino &#8211; audio &#8211;\u00a0<\/span><\/h1>\n<blockquote><p><strong>GIORNALE RADIO NAZIONALE, EDIZIONE DELLE SETTE <span style=\"color: #0000ff;\">viene pubblicato alle 7.05 <span style=\"color: #ff0000;\">DIRETTA RADIO\u00a0<\/span><\/span><\/strong><\/p><\/blockquote>\n<p><strong>il giornale radionazionale e&#8217; in onda ogni ora, dalle sette del mattino alle venti della sera\u00a0\u00a0<\/strong><\/p>\n<p>&nbsp;<\/p>\n<p>&nbsp;<\/p>\n<p><strong>Bari<\/strong> consiglio comunale a rischio scioglimento per mafia, a tre mesi dalle elezioni, verso il commissariamento.<strong> Giorgia Meloni<\/strong> al Senato ribadisce il no alla proposta della Francia per un intervento diretto in Ucraina. <strong>L&#8217;Italia condanna<\/strong> le elezioni farsa nell&#8217;occupata Ucraina. <strong>E&#8217; morto<\/strong> in seguito ad un malore, a soli 57 anni,\u00a0 Joe Baroni, direttore generale\u00a0 della Fiorentina Calcio. <strong>Medio Oriente<\/strong> l&#8217;agenzia palestinese parla di 27 persone morte nel bombardamento israeliano nella striscia\u00a0 di Gaza. <strong>Calcio<\/strong> manca solo l&#8217;ufficialit\u00e0 per il derby di Milano di domenica, posticipato al giorno successivo.<\/p>\n<h2>AUDIO dalle sette del mattino, ogni ora alla radio<\/h2>\n<audio class=\"wp-audio-shortcode\" id=\"audio-379816-4\" preload=\"none\" style=\"width: 100%;\" controls=\"controls\"><source type=\"audio\/mpeg\" src=\"https:\/\/www.radiopiu.net\/wordpress\/wp-content\/uploads\/2024\/03\/giornale07-16.mp3?_=4\" \/><a href=\"https:\/\/www.radiopiu.net\/wordpress\/wp-content\/uploads\/2024\/03\/giornale07-16.mp3\">https:\/\/www.radiopiu.net\/wordpress\/wp-content\/uploads\/2024\/03\/giornale07-16.mp3<\/a><\/audio>\n<p>&nbsp;<\/p>\n<p>&nbsp;<\/p>\n<h2><\/h2>\n<hr \/>\n<p>&nbsp;<\/p>\n<p>&nbsp;<\/p>\n<h1><span style=\"color: #ff0000;\">I podcast informativi del mattino &#8211; video &#8211;\u00a0<\/span><\/h1>\n<h2><strong><a class=\"dt-pswp-item\" href=\"https:\/\/www.radiopiu.net\/wordpress\/wp-content\/uploads\/2023\/12\/th-10.jpg\" data-dt-img-description=\"\" data-large_image_width=\"245\" data-large_image_height=\"180\"><img loading=\"lazy\" decoding=\"async\" class=\" wp-image-367395 alignleft\" src=\"https:\/\/www.radiopiu.net\/wordpress\/wp-content\/uploads\/2023\/12\/th-10.jpg\" alt=\"\" width=\"166\" height=\"122\" \/><\/a>RASSEGNA STAMPA LOCALE, ORE OTTO 05<\/strong><\/h2>\n<h2><strong> <span style=\"color: #0000ff;\">viene\u00a0 <\/span><\/strong><strong><span style=\"color: #0000ff;\">pubblicata alle 8.05 <span style=\"color: #ff0000;\">DIRETTA RADIO\u00a0\u00a0<\/span><\/span><\/strong><\/h2>\n<p><strong>DI MIRKO MEZZACASA\u00a0 \u00a0\u00a0<\/strong><\/p>\n<p><strong>BELLUNO<\/strong> Sette nuovi agenti della Polizia Provinciale sono entrati in servizio il 18 marzo, dopo aver superato brillantemente il concorso del 2023. Queste assunzioni, tra nuove e sostitutive, contribuiranno a colmare le carenze di organico riscontrate dopo la Delrio.<br \/>\n<strong>BORGO VALBELLUNA<\/strong> Episodio di vandalismo al bivacco Salvedella Vecia: preoccupazione crescente a Borgo Valbelluna. Dopo Col dei Gai e Costacurta, una altro bivacco \u00e8 stato danneggiato. I danni ammontano a diverse migliaia di euro.<br \/>\n<strong>CANALE D&#8217;AGORDO<\/strong> ATTI DI VANDALISMO ALLA BAITA GIOVANNI PAOLO I SOTTO LE CIME D&#8217;AUTA<br \/>\nIERI ALLA RADIO, DI GIANNI SANTOMASO<br \/>\n<strong>VAL DI ZOLDO<\/strong> IL SINDACO CAMILLO DE PELLEGRIN, SI DIMETTE DA ASSESSORE DELL&#8217;UNIONE MONTANA CADORE LONGARONESE ZOLDO<br \/>\n<strong>LAMON<\/strong> DIGA DEL VANOI? NO GRAZIE!\u00a0 \u00abSicuri delle possibili alternative per salvare il torrente Vanoi\u00bb, Un flash mod al colle di Gorna, a Sovramonte, nel segno della celebrazione della giornata mondiale dell&#8217;acqua ma anche della protesta contro il progetto della diga sul Vanoi. L&#8217;iniziativa \u00e8 in calendario per venerd\u00ec<br \/>\n<strong>FELTRE<\/strong> Continuano le operazioni di rinnovamento dei parchi cittadini di Feltre: questa volta \u00e8 toccato a quello di Viale Flora, nella frazione di Farra, uno dei pi\u00f9 frequentati della citt\u00e0.<br \/>\n<strong>AGORDO<\/strong>\u00a0L\u2019assemblea della sezione agordina del Cai si terr\u00e0 sabato 23 aprile alle 17.30 in sala Don Tamis, preceduta dalla messa nella chiesa di San Cipriano in memoria dei scomparsi. Nel corso dell\u2019assemblea: relazione del presidente, rendiconto, rinnovo del direttivo per il prossimo triennio<\/p>\n<h2><strong>VIDEO\u00a0 \u00a0in diretta dalle 8 del mattino\u00a0<\/strong><\/h2>\n<p><iframe loading=\"lazy\" title=\"DAL 1983 LA RASSEGNA STAMPA LOCALE di mirko mezzacasa. L&#039;ORIGINALE\" width=\"1200\" height=\"675\" src=\"https:\/\/www.youtube.com\/embed\/kSwXXsDVBmQ?feature=oembed\" frameborder=\"0\" allow=\"accelerometer; autoplay; clipboard-write; encrypted-media; gyroscope; picture-in-picture; web-share\" allowfullscreen><\/iframe><\/p>\n<p>&nbsp;<\/p>\n<hr \/>\n<p>&nbsp;<\/p>\n<blockquote>\n<h3>DUE INCIDENTI IN PISTA E UN MALORE FATALE. TRE INTERVENTI DEL SUEM IN AGORDINO<\/h3>\n<\/blockquote>\n<p><strong><img loading=\"lazy\" decoding=\"async\" class=\"alignleft\" src=\"https:\/\/www.radiopiu.net\/wordpress\/wp-content\/uploads\/2023\/08\/e58e85ea-b4eb-43ae-84ef-fafba186d539.jpg\" width=\"211\" height=\"128\" \/>REDAZIONE<\/strong> Sono tre gli interventi del Suem 118 in Agordino nella giornata di ieri. Il primo poco dopo le 11 quando l&#8217;elicottero Falco si \u00e8 alzato in volo per soccorrere un trentenne tedesco che si era fatto male ad Arabba sulla pista Fodoma. Altro incidente in pista, sempre ad Arabba ma sulla Salere, poco dopo le 12 dove \u00e8 arrivato l&#8217;elicottero per soccorrere una donna tedesca e trasportarla al San Martino di Belluno.<\/p>\n<p>&nbsp;<\/p>\n<p><strong>MALORE MORTALE AD ALLEGHE\u00a0 &#8211; MORTE PER CAUSE NATURALI<\/strong><\/p>\n<div class=\"articlePlainText\">Una donna di 79 anni \u00e8 deceduta nel primo pomeriggio di ieri, a Caprile. I soccorsi sono stati il pi\u00f9 possibile tempestivi, alle 14.13, ma per l&#8217;anziana non c&#8217;era pi\u00f9 nulla da fare: l&#8217;ipotesi pi\u00f9 probabile \u00e8 quella di un infarto. I primi ad arrivare sul posto sono stati i sanitari della Croce Verde di Alleghe e il medico non ha potuto fare altro che constatare il decesso e avvertire il carro funebre per il trasporto nella cella mortuaria. Era pronto anche l&#8217;elicottero del 118 Falco, ma il suo intervento non \u00e8 stato necessario.<\/div>\n<p>&nbsp;<\/p>\n<p>&nbsp;<\/p>\n<hr \/>\n<p>&nbsp;<\/p>\n<blockquote>\n<h2>Addio a Francesca Todesco: Arsi\u00e8 piange la perdita di una figlia del paese<\/h2>\n<\/blockquote>\n<p><strong><a class=\"dt-pswp-item\" href=\"https:\/\/www.radiopiu.net\/wordpress\/wp-content\/uploads\/2024\/03\/FRANC.png\" data-dt-img-description=\"\" data-large_image_width=\"250\" data-large_image_height=\"307\"><img loading=\"lazy\" decoding=\"async\" class=\"wp-image-379978 alignleft\" src=\"https:\/\/www.radiopiu.net\/wordpress\/wp-content\/uploads\/2024\/03\/FRANC-244x300.png\" alt=\"\" width=\"126\" height=\"155\" srcset=\"https:\/\/www.radiopiu.net\/wordpress\/wp-content\/uploads\/2024\/03\/FRANC-244x300.png 244w, https:\/\/www.radiopiu.net\/wordpress\/wp-content\/uploads\/2024\/03\/FRANC.png 250w\" sizes=\"auto, (max-width: 126px) 100vw, 126px\" \/><\/a>ARSIE&#8217;<\/strong> piange la prematura scomparsa di Francesca Todesco, 44 anni, residente a Bologna da una decina di anni. Figlia dei gestori del negozio di alimentari Crai, Francesca lascia una bambina di 8 anni e il compagno Aldo. Il sindaco Luca Strappazzon la ricorda con affetto, essendo cresciuti insieme. I paesani, scossi dalla notizia, hanno atteso i genitori e il fratello di Francesca per esprimere le condoglianze. Il funerale si terr\u00e0 oggi, con la celebrazione prevista nella chiesa parrocchiale di Arsi\u00e8 dopo l&#8217;ultimo saluto all&#8217;obitorio comunale di Bologna.<\/p>\n<p>&nbsp;<\/p>\n<p>&nbsp;<\/p>\n<p>&nbsp;<\/p>\n<hr \/>\n<p>&nbsp;<\/p>\n<blockquote>\n<h3>FURGONE IN FIAMME A SEDICO<\/h3>\n<\/blockquote>\n<p><strong>SEDICO<\/strong>\u00a0 Ieri alle 15, i vigili del fuoco sono intervenuti in Zona Pasa a Sedico per l\u2019incendio di un furgone: nessuna persona \u00e8 rimasta ferita. Il mezzo era fermo quando ha iniziato a fumare prendendo fuoco. I pompieri accorsi da Belluno con un\u2019autopompa e un\u2019autobotte, hanno spento con la schiuma l\u2019incendio ormai generalizzato del furgone, che trasportava materiale per una serra. Le operazioni di spegnimento e messa in sicurezza dell\u2019area sono terminate dopo circa due ore.<\/p>\n\n\t\t\t<style type='text\/css'>\n\t\t\t\t#gallery-1 {\n\t\t\t\t\tmargin: auto;\n\t\t\t\t}\n\t\t\t\t#gallery-1 .gallery-item {\n\t\t\t\t\tfloat: left;\n\t\t\t\t\tmargin-top: 10px;\n\t\t\t\t\ttext-align: center;\n\t\t\t\t\twidth: 25%;\n\t\t\t\t}\n\t\t\t\t#gallery-1 img {\n\t\t\t\t\tborder: 2px solid #cfcfcf;\n\t\t\t\t}\n\t\t\t\t#gallery-1 .gallery-caption {\n\t\t\t\t\tmargin-left: 0;\n\t\t\t\t}\n\t\t\t\t\/* see gallery_shortcode() in wp-includes\/media.php *\/\n\t\t\t<\/style>\n\t\t<div id='gallery-1' class='dt-gallery-container gallery galleryid-379816 gallery-columns-4 gallery-size-thumbnail'><dl class='gallery-item'>\n\t\t\t\t<dt class='gallery-icon portrait'>\n\t\t\t\t\t<a class=\"rollover rollover-zoom dt-pswp-item\" title=\"c762b59b-0889-43b7-9517-0012bd2106b8\" data-dt-img-description=\"\" data-large_image_width=\"720\" data-large_image_height=\"1007\"href='https:\/\/www.radiopiu.net\/wordpress\/wp-content\/uploads\/2024\/03\/c762b59b-0889-43b7-9517-0012bd2106b8.jpeg'><img loading=\"lazy\" decoding=\"async\" width=\"150\" height=\"150\" src=\"https:\/\/www.radiopiu.net\/wordpress\/wp-content\/uploads\/2024\/03\/c762b59b-0889-43b7-9517-0012bd2106b8-150x150.jpeg\" class=\"attachment-thumbnail size-thumbnail\" alt=\"\" \/><\/a>\n\t\t\t\t<\/dt><\/dl><dl class='gallery-item'>\n\t\t\t\t<dt class='gallery-icon landscape'>\n\t\t\t\t\t<a class=\"rollover rollover-zoom dt-pswp-item\" title=\"31f46c11-1890-47b0-9a61-de2541a2e038\" data-dt-img-description=\"\" data-large_image_width=\"720\" data-large_image_height=\"482\"href='https:\/\/www.radiopiu.net\/wordpress\/wp-content\/uploads\/2024\/03\/31f46c11-1890-47b0-9a61-de2541a2e038.jpeg'><img loading=\"lazy\" decoding=\"async\" width=\"150\" height=\"150\" src=\"https:\/\/www.radiopiu.net\/wordpress\/wp-content\/uploads\/2024\/03\/31f46c11-1890-47b0-9a61-de2541a2e038-150x150.jpeg\" class=\"attachment-thumbnail size-thumbnail\" alt=\"\" \/><\/a>\n\t\t\t\t<\/dt><\/dl><dl class='gallery-item'>\n\t\t\t\t<dt class='gallery-icon landscape'>\n\t\t\t\t\t<a class=\"rollover rollover-zoom dt-pswp-item\" title=\"14023398-e40a-4fc0-9ded-b1c19e25694e\" data-dt-img-description=\"\" data-large_image_width=\"720\" data-large_image_height=\"522\"href='https:\/\/www.radiopiu.net\/wordpress\/wp-content\/uploads\/2024\/03\/14023398-e40a-4fc0-9ded-b1c19e25694e.jpeg'><img loading=\"lazy\" decoding=\"async\" width=\"150\" height=\"150\" src=\"https:\/\/www.radiopiu.net\/wordpress\/wp-content\/uploads\/2024\/03\/14023398-e40a-4fc0-9ded-b1c19e25694e-150x150.jpeg\" class=\"attachment-thumbnail size-thumbnail\" alt=\"\" \/><\/a>\n\t\t\t\t<\/dt><\/dl><dl class='gallery-item'>\n\t\t\t\t<dt class='gallery-icon landscape'>\n\t\t\t\t\t<a class=\"rollover rollover-zoom dt-pswp-item\" title=\"b1065dc5-bee4-4238-9922-f6f34ae6b2e0\" data-dt-img-description=\"\" data-large_image_width=\"720\" data-large_image_height=\"536\"href='https:\/\/www.radiopiu.net\/wordpress\/wp-content\/uploads\/2024\/03\/b1065dc5-bee4-4238-9922-f6f34ae6b2e0.jpeg'><img loading=\"lazy\" decoding=\"async\" width=\"150\" height=\"150\" src=\"https:\/\/www.radiopiu.net\/wordpress\/wp-content\/uploads\/2024\/03\/b1065dc5-bee4-4238-9922-f6f34ae6b2e0-150x150.jpeg\" class=\"attachment-thumbnail size-thumbnail\" alt=\"\" \/><\/a>\n\t\t\t\t<\/dt><\/dl><br style=\"clear: both\" \/>\n\t\t\t<\/div>\n\n<p>&nbsp;<\/p>\n<hr \/>\n<p>&nbsp;<\/p>\n<blockquote>\n<h3>INIZIATI I LAVORI SULLA FRANA DI SELLE A GOSALDO<\/h3>\n<\/blockquote>\n<p><strong>GOSALDO<\/strong> A poco pi\u00f9 di una settimana dalla frana che ha interessato la frazione di Selle nel comune di Gosaldo, sono iniziati i lavori per il ripristino e la messa in sicurezza della strada comunale. Operai al lavoro e opera che procede senza intoppi.<\/p>\n\n\t\t\t<style type='text\/css'>\n\t\t\t\t#gallery-2 {\n\t\t\t\t\tmargin: auto;\n\t\t\t\t}\n\t\t\t\t#gallery-2 .gallery-item {\n\t\t\t\t\tfloat: left;\n\t\t\t\t\tmargin-top: 10px;\n\t\t\t\t\ttext-align: center;\n\t\t\t\t\twidth: 50%;\n\t\t\t\t}\n\t\t\t\t#gallery-2 img {\n\t\t\t\t\tborder: 2px solid #cfcfcf;\n\t\t\t\t}\n\t\t\t\t#gallery-2 .gallery-caption {\n\t\t\t\t\tmargin-left: 0;\n\t\t\t\t}\n\t\t\t\t\/* see gallery_shortcode() in wp-includes\/media.php *\/\n\t\t\t<\/style>\n\t\t<div id='gallery-2' class='dt-gallery-container gallery galleryid-379816 gallery-columns-2 gallery-size-medium'><dl class='gallery-item'>\n\t\t\t\t<dt class='gallery-icon landscape'>\n\t\t\t\t\t<a class=\"rollover rollover-zoom dt-pswp-item\" title=\"01df08a8-b078-4d1f-b541-7efed0c81960\" data-dt-img-description=\"\" data-large_image_width=\"1600\" data-large_image_height=\"1008\"href='https:\/\/www.radiopiu.net\/wordpress\/wp-content\/uploads\/2024\/03\/01df08a8-b078-4d1f-b541-7efed0c81960.jpg'><img loading=\"lazy\" decoding=\"async\" width=\"300\" height=\"189\" src=\"https:\/\/www.radiopiu.net\/wordpress\/wp-content\/uploads\/2024\/03\/01df08a8-b078-4d1f-b541-7efed0c81960-300x189.jpg\" class=\"attachment-medium size-medium\" alt=\"\" srcset=\"https:\/\/www.radiopiu.net\/wordpress\/wp-content\/uploads\/2024\/03\/01df08a8-b078-4d1f-b541-7efed0c81960-300x189.jpg 300w, https:\/\/www.radiopiu.net\/wordpress\/wp-content\/uploads\/2024\/03\/01df08a8-b078-4d1f-b541-7efed0c81960-1024x645.jpg 1024w, https:\/\/www.radiopiu.net\/wordpress\/wp-content\/uploads\/2024\/03\/01df08a8-b078-4d1f-b541-7efed0c81960-768x484.jpg 768w, https:\/\/www.radiopiu.net\/wordpress\/wp-content\/uploads\/2024\/03\/01df08a8-b078-4d1f-b541-7efed0c81960-1536x968.jpg 1536w, https:\/\/www.radiopiu.net\/wordpress\/wp-content\/uploads\/2024\/03\/01df08a8-b078-4d1f-b541-7efed0c81960.jpg 1600w\" sizes=\"auto, (max-width: 300px) 100vw, 300px\" \/><\/a>\n\t\t\t\t<\/dt><\/dl><dl class='gallery-item'>\n\t\t\t\t<dt class='gallery-icon portrait'>\n\t\t\t\t\t<a class=\"rollover rollover-zoom dt-pswp-item\" title=\"793aada9-3776-440a-bf97-5d193c31815e\" data-dt-img-description=\"\" data-large_image_width=\"1349\" data-large_image_height=\"1381\"href='https:\/\/www.radiopiu.net\/wordpress\/wp-content\/uploads\/2024\/03\/793aada9-3776-440a-bf97-5d193c31815e.jpg'><img loading=\"lazy\" decoding=\"async\" width=\"293\" height=\"300\" src=\"https:\/\/www.radiopiu.net\/wordpress\/wp-content\/uploads\/2024\/03\/793aada9-3776-440a-bf97-5d193c31815e-293x300.jpg\" class=\"attachment-medium size-medium\" alt=\"\" srcset=\"https:\/\/www.radiopiu.net\/wordpress\/wp-content\/uploads\/2024\/03\/793aada9-3776-440a-bf97-5d193c31815e-293x300.jpg 293w, https:\/\/www.radiopiu.net\/wordpress\/wp-content\/uploads\/2024\/03\/793aada9-3776-440a-bf97-5d193c31815e-1000x1024.jpg 1000w, https:\/\/www.radiopiu.net\/wordpress\/wp-content\/uploads\/2024\/03\/793aada9-3776-440a-bf97-5d193c31815e-768x786.jpg 768w, https:\/\/www.radiopiu.net\/wordpress\/wp-content\/uploads\/2024\/03\/793aada9-3776-440a-bf97-5d193c31815e.jpg 1349w\" sizes=\"auto, (max-width: 293px) 100vw, 293px\" \/><\/a>\n\t\t\t\t<\/dt><\/dl><br style=\"clear: both\" \/>\n\t\t\t<\/div>\n\n<p>&nbsp;<\/p>\n<hr \/>\n<p>&nbsp;<\/p>\n<blockquote>\n<h3>VIA LIBERA AL PROGETTO PER LA RIQUALIFICAZIONE DEGLI IMPIANTI SPORTIVI DI VIA LOTTA<\/h3>\n<\/blockquote>\n<p><strong><a class=\"dt-pswp-item\" href=\"https:\/\/www.radiopiu.net\/wordpress\/wp-content\/uploads\/2023\/09\/municipio-canale-dagordo.png\" data-dt-img-description=\"\" data-large_image_width=\"654\" data-large_image_height=\"412\"><img loading=\"lazy\" decoding=\"async\" class=\" wp-image-350902 alignleft\" src=\"https:\/\/www.radiopiu.net\/wordpress\/wp-content\/uploads\/2023\/09\/municipio-canale-dagordo-300x189.png\" alt=\"\" width=\"173\" height=\"109\" srcset=\"https:\/\/www.radiopiu.net\/wordpress\/wp-content\/uploads\/2023\/09\/municipio-canale-dagordo-300x189.png 300w, https:\/\/www.radiopiu.net\/wordpress\/wp-content\/uploads\/2023\/09\/municipio-canale-dagordo.png 654w\" sizes=\"auto, (max-width: 173px) 100vw, 173px\" \/><\/a>CANALE D&#8217;AGORDO<\/strong><\/p>\n<p>DI GIANNI SANTOMASO<\/p>\n<audio class=\"wp-audio-shortcode\" id=\"audio-379816-5\" preload=\"none\" style=\"width: 100%;\" controls=\"controls\"><source type=\"audio\/mpeg\" src=\"https:\/\/www.radiopiu.net\/wordpress\/wp-content\/uploads\/2024\/03\/GIANNI-VIA-LIBERA-AL-PROGETTO-PER-LA-RIQUALIFICAZIONE-DEGLI-IMPIANTI-SPORTIVI-DI-VIA-LOTTA-.mp3?_=5\" \/><a href=\"https:\/\/www.radiopiu.net\/wordpress\/wp-content\/uploads\/2024\/03\/GIANNI-VIA-LIBERA-AL-PROGETTO-PER-LA-RIQUALIFICAZIONE-DEGLI-IMPIANTI-SPORTIVI-DI-VIA-LOTTA-.mp3\">https:\/\/www.radiopiu.net\/wordpress\/wp-content\/uploads\/2024\/03\/GIANNI-VIA-LIBERA-AL-PROGETTO-PER-LA-RIQUALIFICAZIONE-DEGLI-IMPIANTI-SPORTIVI-DI-VIA-LOTTA-.mp3<\/a><\/audio>\n<p>&nbsp;<\/p>\n<hr \/>\n<p>&nbsp;<\/p>\n<blockquote>\n<h3>IL PRIMO INCONTRO DEL CONSIGLIO PROVINCIALE<\/h3>\n<\/blockquote>\n<p><strong><a class=\"dt-pswp-item\" href=\"https:\/\/www.radiopiu.net\/wordpress\/wp-content\/uploads\/2024\/03\/8eed27ce-ef1f-42c6-9654-78d6e5dfa654.jpg\" data-dt-img-description=\"\" data-large_image_width=\"1600\" data-large_image_height=\"1200\"><img loading=\"lazy\" decoding=\"async\" class=\" wp-image-379960 alignleft\" src=\"https:\/\/www.radiopiu.net\/wordpress\/wp-content\/uploads\/2024\/03\/8eed27ce-ef1f-42c6-9654-78d6e5dfa654-300x225.jpg\" alt=\"\" width=\"176\" height=\"132\" srcset=\"https:\/\/www.radiopiu.net\/wordpress\/wp-content\/uploads\/2024\/03\/8eed27ce-ef1f-42c6-9654-78d6e5dfa654-300x225.jpg 300w, https:\/\/www.radiopiu.net\/wordpress\/wp-content\/uploads\/2024\/03\/8eed27ce-ef1f-42c6-9654-78d6e5dfa654-1024x768.jpg 1024w, https:\/\/www.radiopiu.net\/wordpress\/wp-content\/uploads\/2024\/03\/8eed27ce-ef1f-42c6-9654-78d6e5dfa654-768x576.jpg 768w, https:\/\/www.radiopiu.net\/wordpress\/wp-content\/uploads\/2024\/03\/8eed27ce-ef1f-42c6-9654-78d6e5dfa654-1536x1152.jpg 1536w, https:\/\/www.radiopiu.net\/wordpress\/wp-content\/uploads\/2024\/03\/8eed27ce-ef1f-42c6-9654-78d6e5dfa654.jpg 1600w\" sizes=\"auto, (max-width: 176px) 100vw, 176px\" \/><\/a>BELLUNO<\/strong> A Palazzo Piloni, sede della Provincia di Belluno, si sono incontrati oggi i consiglieri neoeletti. \u00c8 stato il primo incontro del nuovo consiglio uscito dalla tornata elettorale di sabato 16 marzo. \u00abHo dato il benvenuto a tutti i consiglieri e alle consigliere, ritrovando Mario De Bon, Massimo Bortoluzzi e Simone Deola, che sono stati riconfermati, e salutando gli altri che entravano per la prima volta in consiglio provinciale\u00bb afferma il presidente della Provincia Roberto Padrin. \u00ab\u00c8 stato un primo incontro conoscitivo, dal clima disteso e collaborativo, per cominciare a organizzare il lavoro da fare. Sono tante le tematiche che la Provincia dovr\u00e0 affrontare, tante quelle aperte, tante quelle da avviare. E auspico che si possa lavorare tutti insieme mettendo sempre al primo posto le esigenze del territorio e delle comunit\u00e0 locali\u00bb. Intanto \u00e8 stata decisa la data della seduta di insediamento del consiglio: marted\u00ec prossimo, 26 marzo, alle 15.<\/p>\n<p><strong>PER LE TRE RADIO, BARBARA PAOLAZZI<\/strong><\/p>\n<audio class=\"wp-audio-shortcode\" id=\"audio-379816-6\" preload=\"none\" style=\"width: 100%;\" controls=\"controls\"><source type=\"audio\/mpeg\" src=\"https:\/\/www.radiopiu.net\/wordpress\/wp-content\/uploads\/2024\/03\/PAOLAZZI-CONSIGLIO-PROVINCIALE-E-DICHIARAZIONI-FUSARO.mp3?_=6\" \/><a href=\"https:\/\/www.radiopiu.net\/wordpress\/wp-content\/uploads\/2024\/03\/PAOLAZZI-CONSIGLIO-PROVINCIALE-E-DICHIARAZIONI-FUSARO.mp3\">https:\/\/www.radiopiu.net\/wordpress\/wp-content\/uploads\/2024\/03\/PAOLAZZI-CONSIGLIO-PROVINCIALE-E-DICHIARAZIONI-FUSARO.mp3<\/a><\/audio>\n<p>&nbsp;<\/p>\n<blockquote>\n<h3>IL SOSTEGNO AL SINDACO DI FELTRE DAL GRUPPO DI MAGGIORANZA<\/h3>\n<\/blockquote>\n<p><strong>FELTRE<\/strong> Gli articoli della stampa locale relativi alle recenti elezioni provinciali hanno suscitato una risposta decisa da parte dei sostenitori del Sindaco della Citt\u00e0 di Feltre Viviana Fusaro. Essi ritengono ingiusto che i gruppi di opposizione imputino al Sindaco la mancata elezione di un rappresentante della citt\u00e0 in Provincia. \u00c8 importante notare che la citt\u00e0 non aveva una rappresentanza provinciale da un anno e mezzo, in quanto il Consigliere Paolo Perenzin aveva rinunciato alla sua delega ai fondi di confine al momento dell&#8217;elezione del Sindaco Fusaro. La maggioranza dei consiglieri comunali ha espresso il loro sostegno al Sindaco Fusaro, ribadendo la loro fiducia incondizionata in lei e concentrandosi sul lavoro per il bene della citt\u00e0. I gruppi di maggioranza includono &#8220;Per Feltre&#8221;, &#8220;Identit\u00e0 e Territorio&#8221;, &#8220;Centro Destra Feltre&#8221;, &#8220;Giorgia Meloni &#8211; Fratelli d&#8217;Italia&#8221; e &#8220;Lega &#8211; Liga Veneta&#8221;.<\/p>\n<p>&nbsp;<\/p>\n<p>&nbsp;<\/p>\n<hr \/>\n<p>&nbsp;<\/p>\n<blockquote>\n<h2>Nuovi agenti della Polizia Provinciale in servizio: rinforzo per la sicurezza del territorio<\/h2>\n<\/blockquote>\n<blockquote><p><em><span style=\"font-size: large;\">200 candidati per dodici posti nei prossimi due anni<\/span><\/em><\/p><\/blockquote>\n<p><strong>BELLUNO<\/strong><b> <\/b>Sette nuovi agenti della Polizia Provinciale sono entrati in servizio il 18 marzo, dopo aver superato brillantemente il concorso del 2023. Queste assunzioni, tra nuove e sostitutive, contribuiranno a colmare le carenze di organico riscontrate dopo la Delrio. I nuovi agenti, presentati ufficialmente a Longarone Fiere durante la manifestazione \u201cCaccia, pesca, natura\u201d, sono stati accolti dal presidente della Provincia Roberto Padrin, insieme al dirigente regionale Pietro Salvadori e alla segretaria generale dell\u2019ente Daniela De Carli. <em>\u00abCon i nuovi agenti l\u2019organico torna a buoni livelli, e arriver\u00e0 a 27 unit\u00e0 quando sar\u00e0 a regime, garantendo la permanenza sul territorio dell\u2019attivit\u00e0 della Polizia Provinciale, grazie all\u2019impegno della Regione Veneto che ha messo a disposizione le risorse necessarie e che crede fortemente nell\u2019attivit\u00e0 del nostro corpo di polizia\u00bb<\/em> commenta il presidente della Provincia Roberto Padrin.<\/p>\n<p><img loading=\"lazy\" decoding=\"async\" class=\"aligncenter\" src=\"https:\/\/www.radiopiu.net\/wordpress\/wp-content\/uploads\/2024\/03\/Polizia-provinciale-nuovi-agenti.jpg\" width=\"491\" height=\"368\" \/><\/p>\n<p style=\"text-align: center;\"><strong>Nuovi Agenti:<\/strong><\/p>\n<table class=\" aligncenter\" style=\"height: 212px;\" width=\"180\">\n<thead>\n<tr>\n<th>Nome<\/th>\n<th><\/th>\n<\/tr>\n<\/thead>\n<tbody>\n<tr>\n<td>Riccardo Bertoldin<\/td>\n<td><\/td>\n<\/tr>\n<tr>\n<td>Enrico Bonati<\/td>\n<td><\/td>\n<\/tr>\n<tr>\n<td>Davide Canzan<\/td>\n<td><\/td>\n<\/tr>\n<tr>\n<td>Debora Capraro<\/td>\n<td><\/td>\n<\/tr>\n<tr>\n<td>Francesco Dall\u2019Agnol<\/td>\n<td><\/td>\n<\/tr>\n<tr>\n<td>Chiara De Cesero<\/td>\n<td><\/td>\n<\/tr>\n<tr>\n<td>Alessandro Penazzato<\/td>\n<\/tr>\n<\/tbody>\n<\/table>\n<p>&nbsp;<\/p>\n<p>&nbsp;<\/p>\n<hr \/>\n<p>&nbsp;<\/p>\n<blockquote>\n<h2><strong>Episodio di vandalismo al bivacco Salvedella Vecia: preoccupazione crescente a Borgo Valbelluna<\/strong><\/h2>\n<p>Dopo Col dei Gai e Costacurta, una altro bivacco \u00e8 stato danneggiato. I danni ammontano a diverse migliaia di euro.<\/p><\/blockquote>\n<p><strong>BORGO VALBELLUNA<\/strong> Nella mattinata di domenica, escursionisti hanno scoperto il bivacco Salvedella Vecia gravemente danneggiato: tutte le finestre sono state sfondate e il tetto danneggiato da sassi. Simone Deola, assessore all&#8217;Ambiente, condanna l&#8217;atto e lancia un appello per identificare i responsabili. Il bivacco, gestito dalla Riserva Alpina di Caccia di Mel, \u00e8 il quarto vandalizzato nella zona in pochi mesi, alimentando preoccupazione tra volontari e autorit\u00e0. Sono 4 i bivacchi che sono stati danneggiati sul crinale prealpino nel giro di pochi mesi, Col dei Gai (Trichiana), Costacurta (Mel), i Loff (Cison di Valmarino) e Salvedella Vecia (Mel), un fenomeno che preoccupa non poco e che porter\u00e0 Amministrazione e gestori a riflettere su delle contromisure da prendere nell\u2019immediato.<\/p>\n<p>&nbsp;<\/p>\n<blockquote>\n<h3>ATTI DI VANDALISMO ALLA BAITA GIOVANNI PAOLO I SOTTO LE CIME D&#8217;AUTA<\/h3>\n<\/blockquote>\n<h2><span style=\"color: #ff0000;\">IERI ALLA RADIO, DI GIANNI SANTOMASO\u00a0<\/span><\/h2>\n<p><strong>CANALE D&#8217;AGORDO<\/strong><\/p>\n<p>DI GIANNI SANTOMASO<\/p>\n<audio class=\"wp-audio-shortcode\" id=\"audio-379816-7\" preload=\"none\" style=\"width: 100%;\" controls=\"controls\"><source type=\"audio\/mpeg\" src=\"https:\/\/www.radiopiu.net\/wordpress\/wp-content\/uploads\/2024\/03\/GIANNI-ATTI-DI-VANDALISMO-ALLA-BAITA-GIOVANNI-PAOLO-I-SOTTO-LE-CIME-DAUTA.mp3?_=7\" \/><a href=\"https:\/\/www.radiopiu.net\/wordpress\/wp-content\/uploads\/2024\/03\/GIANNI-ATTI-DI-VANDALISMO-ALLA-BAITA-GIOVANNI-PAOLO-I-SOTTO-LE-CIME-DAUTA.mp3\">https:\/\/www.radiopiu.net\/wordpress\/wp-content\/uploads\/2024\/03\/GIANNI-ATTI-DI-VANDALISMO-ALLA-BAITA-GIOVANNI-PAOLO-I-SOTTO-LE-CIME-DAUTA.mp3<\/a><\/audio>\n<p>&nbsp;<\/p>\n\n\t\t\t<style type='text\/css'>\n\t\t\t\t#gallery-3 {\n\t\t\t\t\tmargin: auto;\n\t\t\t\t}\n\t\t\t\t#gallery-3 .gallery-item {\n\t\t\t\t\tfloat: left;\n\t\t\t\t\tmargin-top: 10px;\n\t\t\t\t\ttext-align: center;\n\t\t\t\t\twidth: 25%;\n\t\t\t\t}\n\t\t\t\t#gallery-3 img {\n\t\t\t\t\tborder: 2px solid #cfcfcf;\n\t\t\t\t}\n\t\t\t\t#gallery-3 .gallery-caption {\n\t\t\t\t\tmargin-left: 0;\n\t\t\t\t}\n\t\t\t\t\/* see gallery_shortcode() in wp-includes\/media.php *\/\n\t\t\t<\/style>\n\t\t<div id='gallery-3' class='dt-gallery-container gallery galleryid-379816 gallery-columns-4 gallery-size-thumbnail'><dl class='gallery-item'>\n\t\t\t\t<dt class='gallery-icon landscape'>\n\t\t\t\t\t<a class=\"rollover rollover-zoom dt-pswp-item\" title=\"d5351eef-b448-4bce-9e1b-8fe5189ca90d\" data-dt-img-description=\"\" data-large_image_width=\"1600\" data-large_image_height=\"1600\"href='https:\/\/www.radiopiu.net\/wordpress\/wp-content\/uploads\/2024\/03\/d5351eef-b448-4bce-9e1b-8fe5189ca90d.jpg'><img loading=\"lazy\" decoding=\"async\" width=\"150\" height=\"150\" src=\"https:\/\/www.radiopiu.net\/wordpress\/wp-content\/uploads\/2024\/03\/d5351eef-b448-4bce-9e1b-8fe5189ca90d-150x150.jpg\" class=\"attachment-thumbnail size-thumbnail\" alt=\"\" srcset=\"https:\/\/www.radiopiu.net\/wordpress\/wp-content\/uploads\/2024\/03\/d5351eef-b448-4bce-9e1b-8fe5189ca90d-150x150.jpg 150w, https:\/\/www.radiopiu.net\/wordpress\/wp-content\/uploads\/2024\/03\/d5351eef-b448-4bce-9e1b-8fe5189ca90d-300x300.jpg 300w, https:\/\/www.radiopiu.net\/wordpress\/wp-content\/uploads\/2024\/03\/d5351eef-b448-4bce-9e1b-8fe5189ca90d-1024x1024.jpg 1024w, https:\/\/www.radiopiu.net\/wordpress\/wp-content\/uploads\/2024\/03\/d5351eef-b448-4bce-9e1b-8fe5189ca90d-768x768.jpg 768w, https:\/\/www.radiopiu.net\/wordpress\/wp-content\/uploads\/2024\/03\/d5351eef-b448-4bce-9e1b-8fe5189ca90d-1536x1536.jpg 1536w, https:\/\/www.radiopiu.net\/wordpress\/wp-content\/uploads\/2024\/03\/d5351eef-b448-4bce-9e1b-8fe5189ca90d.jpg 1600w\" sizes=\"auto, (max-width: 150px) 100vw, 150px\" \/><\/a>\n\t\t\t\t<\/dt><\/dl><dl class='gallery-item'>\n\t\t\t\t<dt class='gallery-icon landscape'>\n\t\t\t\t\t<a class=\"rollover rollover-zoom dt-pswp-item\" title=\"ee37d358-42fc-4e9c-830d-dc71d2d108f3\" data-dt-img-description=\"\" data-large_image_width=\"1600\" data-large_image_height=\"1600\"href='https:\/\/www.radiopiu.net\/wordpress\/wp-content\/uploads\/2024\/03\/ee37d358-42fc-4e9c-830d-dc71d2d108f3.jpg'><img loading=\"lazy\" decoding=\"async\" width=\"150\" height=\"150\" src=\"https:\/\/www.radiopiu.net\/wordpress\/wp-content\/uploads\/2024\/03\/ee37d358-42fc-4e9c-830d-dc71d2d108f3-150x150.jpg\" class=\"attachment-thumbnail size-thumbnail\" alt=\"\" srcset=\"https:\/\/www.radiopiu.net\/wordpress\/wp-content\/uploads\/2024\/03\/ee37d358-42fc-4e9c-830d-dc71d2d108f3-150x150.jpg 150w, https:\/\/www.radiopiu.net\/wordpress\/wp-content\/uploads\/2024\/03\/ee37d358-42fc-4e9c-830d-dc71d2d108f3-300x300.jpg 300w, https:\/\/www.radiopiu.net\/wordpress\/wp-content\/uploads\/2024\/03\/ee37d358-42fc-4e9c-830d-dc71d2d108f3-1024x1024.jpg 1024w, https:\/\/www.radiopiu.net\/wordpress\/wp-content\/uploads\/2024\/03\/ee37d358-42fc-4e9c-830d-dc71d2d108f3-768x768.jpg 768w, https:\/\/www.radiopiu.net\/wordpress\/wp-content\/uploads\/2024\/03\/ee37d358-42fc-4e9c-830d-dc71d2d108f3-1536x1536.jpg 1536w, https:\/\/www.radiopiu.net\/wordpress\/wp-content\/uploads\/2024\/03\/ee37d358-42fc-4e9c-830d-dc71d2d108f3.jpg 1600w\" sizes=\"auto, (max-width: 150px) 100vw, 150px\" \/><\/a>\n\t\t\t\t<\/dt><\/dl><dl class='gallery-item'>\n\t\t\t\t<dt class='gallery-icon landscape'>\n\t\t\t\t\t<a class=\"rollover rollover-zoom dt-pswp-item\" title=\"7276f857-b1ef-42da-bc77-f781e32a42f9\" data-dt-img-description=\"\" data-large_image_width=\"1600\" data-large_image_height=\"1600\"href='https:\/\/www.radiopiu.net\/wordpress\/wp-content\/uploads\/2024\/03\/7276f857-b1ef-42da-bc77-f781e32a42f9.jpg'><img loading=\"lazy\" decoding=\"async\" width=\"150\" height=\"150\" src=\"https:\/\/www.radiopiu.net\/wordpress\/wp-content\/uploads\/2024\/03\/7276f857-b1ef-42da-bc77-f781e32a42f9-150x150.jpg\" class=\"attachment-thumbnail size-thumbnail\" alt=\"\" srcset=\"https:\/\/www.radiopiu.net\/wordpress\/wp-content\/uploads\/2024\/03\/7276f857-b1ef-42da-bc77-f781e32a42f9-150x150.jpg 150w, https:\/\/www.radiopiu.net\/wordpress\/wp-content\/uploads\/2024\/03\/7276f857-b1ef-42da-bc77-f781e32a42f9-300x300.jpg 300w, https:\/\/www.radiopiu.net\/wordpress\/wp-content\/uploads\/2024\/03\/7276f857-b1ef-42da-bc77-f781e32a42f9-1024x1024.jpg 1024w, https:\/\/www.radiopiu.net\/wordpress\/wp-content\/uploads\/2024\/03\/7276f857-b1ef-42da-bc77-f781e32a42f9-768x768.jpg 768w, https:\/\/www.radiopiu.net\/wordpress\/wp-content\/uploads\/2024\/03\/7276f857-b1ef-42da-bc77-f781e32a42f9-1536x1536.jpg 1536w, https:\/\/www.radiopiu.net\/wordpress\/wp-content\/uploads\/2024\/03\/7276f857-b1ef-42da-bc77-f781e32a42f9.jpg 1600w\" sizes=\"auto, (max-width: 150px) 100vw, 150px\" \/><\/a>\n\t\t\t\t<\/dt><\/dl><dl class='gallery-item'>\n\t\t\t\t<dt class='gallery-icon landscape'>\n\t\t\t\t\t<a class=\"rollover rollover-zoom dt-pswp-item\" title=\"3f3d438c-86e3-4673-84c6-00dd81fed26d\" data-dt-img-description=\"\" data-large_image_width=\"1600\" data-large_image_height=\"721\"href='https:\/\/www.radiopiu.net\/wordpress\/wp-content\/uploads\/2024\/03\/3f3d438c-86e3-4673-84c6-00dd81fed26d.jpg'><img loading=\"lazy\" decoding=\"async\" width=\"150\" height=\"150\" src=\"https:\/\/www.radiopiu.net\/wordpress\/wp-content\/uploads\/2024\/03\/3f3d438c-86e3-4673-84c6-00dd81fed26d-150x150.jpg\" class=\"attachment-thumbnail size-thumbnail\" alt=\"\" \/><\/a>\n\t\t\t\t<\/dt><\/dl><br style=\"clear: both\" \/>\n\t\t\t<\/div>\n\n<p>&nbsp;<\/p>\n<hr \/>\n<p>&nbsp;<\/p>\n<blockquote>\n<h3>IL SINDACO DI VAL DI ZOLDO, CAMILLO DE PELLEGRIN, SI DIMETTE DA ASSESSORE DELL&#8217;UNIONE MONTANA CADORE LONGARONESE ZOLDO<\/h3>\n<\/blockquote>\n<p><img loading=\"lazy\" decoding=\"async\" class=\"alignleft\" src=\"https:\/\/www.radiopiu.net\/wordpress\/wp-content\/uploads\/2022\/01\/28056423_1570743069705719_9091845138820201561_n-300x300.jpg\" width=\"130\" height=\"130\" \/><\/p>\n<p><strong>VAL DI ZOLDO<\/strong> Il Sindaco di Val di Zoldo, Camillo De Pellegrin, si dimette da assessore dell&#8217;Unione Montana Cadore Longaronese Zoldo, citando la mancanza di tempo dovuta agli impegni al Comune e al Consiglio di bacino. Riconosce di non avere una forte inclinazione verso l&#8217;Unione Montana e preferisce concentrarsi sul suo Comune.<\/p>\n<p>Ha informato della decisione la giunta guidata da Gianni Burigo per consentire maggiore libert\u00e0 di azione ai colleghi. Pur essendo circolate voci su una possibile correlazione con le elezioni provinciali, De Pellegrin nega che le dimissioni siano legate alla sua mancata elezione.<\/p>\n<p>&nbsp;<\/p>\n<p>&nbsp;<\/p>\n<hr \/>\n<p>&nbsp;<\/p>\n<blockquote>\n<h2><a class=\"dt-pswp-item\" href=\"https:\/\/www.radiopiu.net\/wordpress\/wp-content\/uploads\/2023\/10\/diga-vanoi.jpg\" data-dt-img-description=\"\" data-large_image_width=\"382\" data-large_image_height=\"254\"><img loading=\"lazy\" decoding=\"async\" class=\"wp-image-356183 alignleft\" src=\"https:\/\/www.radiopiu.net\/wordpress\/wp-content\/uploads\/2023\/10\/diga-vanoi-300x199.jpg\" alt=\"\" width=\"110\" height=\"73\" srcset=\"https:\/\/www.radiopiu.net\/wordpress\/wp-content\/uploads\/2023\/10\/diga-vanoi-300x199.jpg 300w, https:\/\/www.radiopiu.net\/wordpress\/wp-content\/uploads\/2023\/10\/diga-vanoi.jpg 382w\" sizes=\"auto, (max-width: 110px) 100vw, 110px\" \/><\/a>DIGA DEL VANOI? NO GRAZIE!\u00a0 \u00abSicuri delle possibili alternative per salvare il torrente Vanoi\u00bb,<\/h2>\n<\/blockquote>\n<div class=\"articlePlainText\">Un flash mob al colle di Gorna, a Sovramonte, nel segno della celebrazione della giornata mondiale dell&#8217;acqua ma anche della protesta contro il progetto della diga sul Vanoi. L&#8217;iniziativa \u00e8 in calendario per venerd\u00ec, in occasione\u00a0 della giornata dedicata all&#8217;acqua. La manifestazione si terr\u00e0 al colle di Gorna dalle 17 alle 18.<\/div>\n<div><\/div>\n<div class=\"articlePlainText\"><\/div>\n<div>\n<hr \/>\n<\/div>\n<div><\/div>\n<blockquote>\n<h3><a class=\"dt-pswp-item\" href=\"https:\/\/www.radiopiu.net\/wordpress\/wp-content\/uploads\/2024\/03\/th-6.jpg\" data-dt-img-description=\"\" data-large_image_width=\"270\" data-large_image_height=\"180\"><img loading=\"lazy\" decoding=\"async\" class=\"wp-image-379994 alignleft\" src=\"https:\/\/www.radiopiu.net\/wordpress\/wp-content\/uploads\/2024\/03\/th-6.jpg\" alt=\"\" width=\"174\" height=\"116\" \/><\/a>CACCHE DI CANI E PASSEGGINI, IL VULCANICO ROCCON &#8220;ERUTTA&#8221;<\/h3>\n<\/blockquote>\n<p><strong>BELLUNO <\/strong>L&#8217;assessore Roccon esplode di rabbia per il mancato rispetto delle regole di decoro al campo sintetico e alla pista di atletica. Le persone entrano con scarpe sporche, passeggini e cani, lasciando anche regali dietro di s\u00e9 (ovvero in parole povere inguardabili merde di cane). Dopo i lavori al Polisportivo, verranno installati tornelli per regolare l&#8217;accesso, riservando l&#8217;ingresso solo a chi ne ha titolo.<\/p>\n<div class=\"flex-1 overflow-hidden\">\n<div class=\"react-scroll-to-bottom--css-petsd-79elbk h-full\">\n<div class=\"react-scroll-to-bottom--css-petsd-1n7m0yu\">\n<div class=\"flex flex-col text-sm pb-9\">\n<div class=\"w-full text-token-text-primary\" data-testid=\"conversation-turn-72\">\n<div class=\"px-4 py-2 justify-center text-base md:gap-6 m-auto\">\n<div class=\"flex flex-1 text-base mx-auto gap-3 md:px-5 lg:px-1 xl:px-5 md:max-w-3xl lg:max-w-[40rem] xl:max-w-[48rem] group final-completion\">\n<div class=\"relative flex w-full flex-col agent-turn\">\n<div class=\"flex-col gap-1 md:gap-3\">\n<div class=\"mt-1 flex justify-start gap-3 empty:hidden\">\n<div class=\"text-gray-400 flex self-end lg:self-center items-center justify-center lg:justify-start mt-0 -ml-1 h-7 gap-[2px] visible\"><\/div>\n<\/div>\n<\/div>\n<\/div>\n<\/div>\n<\/div>\n<\/div>\n<\/div>\n<\/div>\n<\/div>\n<\/div>\n<div><\/div>\n<p>&nbsp;<\/p>\n<hr \/>\n<p>&nbsp;<\/p>\n<p><strong class=\"photoswipe-wrapper\"><a class=\"dt-pswp-item pspw-wrap-ready\" href=\"https:\/\/www.radiopiu.net\/wordpress\/wp-content\/uploads\/2024\/01\/Senza-nome-34.png\" data-dt-img-description=\"\" data-large_image_width=\"239\" data-large_image_height=\"153\"><img loading=\"lazy\" decoding=\"async\" class=\"wp-image-369478 alignleft\" src=\"https:\/\/www.radiopiu.net\/wordpress\/wp-content\/uploads\/2024\/01\/Senza-nome-34.png\" alt=\"\" width=\"128\" height=\"82\" \/><\/a><\/strong><\/p>\n<h1 class=\"_title post-title entry-title\"><\/h1>\n<p><strong>dal TG BELLUNESE di\u00a0 ANTENNA 3 ogni sera alle 19.30 sul canale 10 del digitale terrestre e alle 19 le anticipazioni alla radio.\u00a0\u00a0<\/strong><\/p>\n<p>&nbsp;<\/p>\n<h1 class=\"_title post-title entry-title\">INCIDENTE MORTALE: PROBABILE CAUSA UN CEDIMENTO TECNICO<\/h1>\n<p>Intervistati GIANFRANCO ALBERTIN (DIRETTORE SPISAL ULSS 1 DOLOMITI), SEBASTIANO GROSSELLE (SEGRETARIO GENERALE FLAI CGIL BELLUNO) (Servizio di\u00a0<a href=\"https:\/\/antennatre.medianordest.it\/redazione\/Fabio-Fioravanzi\/\">Fabio Fioravanzi<\/a>)<\/p>\n<p>&nbsp;<\/p>\n<p><iframe loading=\"lazy\" title=\"INCIDENTE MORTALE: PROBABILE CAUSA UN CEDIMENTO TECNICO | 19\/03\/2024\" width=\"1200\" height=\"675\" src=\"https:\/\/www.youtube.com\/embed\/2OIZ23JZ99M?feature=oembed\" frameborder=\"0\" allow=\"accelerometer; autoplay; clipboard-write; encrypted-media; gyroscope; picture-in-picture; web-share\" allowfullscreen><\/iframe><\/p>\n<hr \/>\n<p>&nbsp;<\/p>\n<p>&nbsp;<\/p>\n<blockquote>\n<h3>INAUGURATO A FELTRE IL PARCO DI VIALE FLORA<\/h3>\n<\/blockquote>\n<p><strong><a class=\"dt-pswp-item\" href=\"https:\/\/www.radiopiu.net\/wordpress\/wp-content\/uploads\/2024\/03\/86237b3b-c921-4f7a-a681-e5939ed378ea.jpg\" data-dt-img-description=\"\" data-large_image_width=\"1600\" data-large_image_height=\"1200\"><img loading=\"lazy\" decoding=\"async\" class=\" wp-image-379929 alignleft\" src=\"https:\/\/www.radiopiu.net\/wordpress\/wp-content\/uploads\/2024\/03\/86237b3b-c921-4f7a-a681-e5939ed378ea-300x225.jpg\" alt=\"\" width=\"153\" height=\"115\" srcset=\"https:\/\/www.radiopiu.net\/wordpress\/wp-content\/uploads\/2024\/03\/86237b3b-c921-4f7a-a681-e5939ed378ea-300x225.jpg 300w, https:\/\/www.radiopiu.net\/wordpress\/wp-content\/uploads\/2024\/03\/86237b3b-c921-4f7a-a681-e5939ed378ea-1024x768.jpg 1024w, https:\/\/www.radiopiu.net\/wordpress\/wp-content\/uploads\/2024\/03\/86237b3b-c921-4f7a-a681-e5939ed378ea-768x576.jpg 768w, https:\/\/www.radiopiu.net\/wordpress\/wp-content\/uploads\/2024\/03\/86237b3b-c921-4f7a-a681-e5939ed378ea-1536x1152.jpg 1536w, https:\/\/www.radiopiu.net\/wordpress\/wp-content\/uploads\/2024\/03\/86237b3b-c921-4f7a-a681-e5939ed378ea.jpg 1600w\" sizes=\"auto, (max-width: 153px) 100vw, 153px\" \/><\/a>FELTRE<\/strong> Continuano le operazioni di rinnovamento dei parchi cittadini di Feltre: questa volta \u00e8 toccato a quello di Viale Flora, nella frazione di Farra, uno dei pi\u00f9 frequentati della citt\u00e0.<\/p>\n<p><strong>DI DANIELE DALVIT<\/strong><\/p>\n<audio class=\"wp-audio-shortcode\" id=\"audio-379816-8\" preload=\"none\" style=\"width: 100%;\" controls=\"controls\"><source type=\"audio\/mpeg\" src=\"https:\/\/www.radiopiu.net\/wordpress\/wp-content\/uploads\/2024\/03\/Radio-Piu-Servizio-Inaugurazione-Parco-Feltre-Viale-Flora.mp3?_=8\" \/><a href=\"https:\/\/www.radiopiu.net\/wordpress\/wp-content\/uploads\/2024\/03\/Radio-Piu-Servizio-Inaugurazione-Parco-Feltre-Viale-Flora.mp3\">https:\/\/www.radiopiu.net\/wordpress\/wp-content\/uploads\/2024\/03\/Radio-Piu-Servizio-Inaugurazione-Parco-Feltre-Viale-Flora.mp3<\/a><\/audio>\n<p>&nbsp;<\/p>\n<p>&nbsp;<\/p>\n<hr \/>\n<p>&nbsp;<\/p>\n<p><strong>OGGI LA GIUDIZIARIA<\/strong><br \/>\n<strong>DI GIGI SOSSO\u00a0<\/strong><br \/>\n<strong>CORRIERE DELLE ALPI\u00a0<\/strong><\/p>\n<p><strong>FELTRE<\/strong>\u00a0 A.H., \u00e8 stato accusato di registrare segretamente i rapporti sessuali con un&#8217;amica e minacciare di diffonderli se lei lo avesse lasciato. Durante le indagini \u00e8 emerso che l&#8217;uomo aveva collezionato diversi file audio compromettenti. I carabinieri hanno sequestrato il suo telefono cellulare e quattro file potrebbero configurare il reato di revenge porn. La prossima udienza prevede l&#8217;esame dell&#8217;imputato e la discussione in tribunale.<\/p>\n<p><strong>FELTRE<\/strong> Tre membri della baby gang rimangono in custodia cautelare: il maggiorenne \u00e8 detenuto nel carcere di Baldenich, mentre i due minorenni sono stati collocati in una comunit\u00e0 a Treviso. Non sono stati presentati ricorsi al Tribunale del Riesame e le indagini continuano sotto la supervisione del sostituto procuratore Roberta Gallego. Si sospetta che non ci siano altri membri della banda in libert\u00e0, ma si cercano prove di ulteriori episodi di violenza urbana.<\/p>\n<div class=\"flex-1 overflow-hidden\">\n<div class=\"react-scroll-to-bottom--css-petsd-79elbk h-full\">\n<div class=\"react-scroll-to-bottom--css-petsd-1n7m0yu\">\n<div class=\"flex flex-col text-sm pb-9\">\n<div class=\"w-full text-token-text-primary\" data-testid=\"conversation-turn-56\">\n<div class=\"px-4 py-2 justify-center text-base md:gap-6 m-auto\">\n<div class=\"flex flex-1 text-base mx-auto gap-3 md:px-5 lg:px-1 xl:px-5 md:max-w-3xl lg:max-w-[40rem] xl:max-w-[48rem] group final-completion\">\n<div class=\"relative flex w-full flex-col agent-turn\">\n<div class=\"flex-col gap-1 md:gap-3\">\n<div class=\"mt-1 flex justify-start gap-3 empty:hidden\">\n<div class=\"text-gray-400 flex self-end lg:self-center items-center justify-center lg:justify-start mt-0 -ml-1 h-7 gap-[2px] visible\">\n<p><strong>LAMON<\/strong> L&#8217;imputato \u00e8 accusato di stalking nei confronti della ex compagna e del figlio minore. Il giudice ha ordinato una perizia psichiatrica. L&#8217;udienza preliminare di ieri ha deciso di incaricare uno specialista anzich\u00e9 decidere sul rinvio a giudizio richiesto dal pubblico ministero Roberta Gallego. Nel frattempo, \u00e8 in vigore il divieto di avvicinamento a meno di 500 metri dalla casa della donna e del figlio minorenne. Il processo potrebbe non svolgersi se la perizia psichiatrica determina l&#8217;incapacit\u00e0 dell&#8217;imputato.<\/p>\n<div class=\"flex-1 overflow-hidden\">\n<div class=\"react-scroll-to-bottom--css-petsd-79elbk h-full\">\n<div class=\"react-scroll-to-bottom--css-petsd-1n7m0yu\">\n<div class=\"flex flex-col text-sm pb-9\">\n<div class=\"w-full text-token-text-primary\" data-testid=\"conversation-turn-58\">\n<div class=\"px-4 py-2 justify-center text-base md:gap-6 m-auto\">\n<div class=\"flex flex-1 text-base mx-auto gap-3 md:px-5 lg:px-1 xl:px-5 md:max-w-3xl lg:max-w-[40rem] xl:max-w-[48rem] group final-completion\">\n<div class=\"relative flex w-full flex-col agent-turn\">\n<div class=\"flex-col gap-1 md:gap-3\">\n<div class=\"pr-2 lg:pr-0\"><\/div>\n<\/div>\n<\/div>\n<\/div>\n<\/div>\n<\/div>\n<\/div>\n<\/div>\n<\/div>\n<\/div>\n<div class=\"w-full pt-2 md:pt-0 dark:border-white\/20 md:border-transparent md:dark:border-transparent md:w-[calc(100%-.5rem)]\">\n<form class=\"stretch mx-2 flex flex-row gap-3 last:mb-2 md:mx-4 md:last:mb-6 lg:mx-auto lg:max-w-2xl xl:max-w-3xl\">\n<div class=\"relative flex h-full flex-1 flex-col\">\n<div class=\"flex w-full items-center\"><\/div>\n<\/div>\n<\/form>\n<\/div>\n<\/div>\n<\/div>\n<div class=\"pr-2 lg:pr-0\"><\/div>\n<div>\n<hr \/>\n<\/div>\n<div><\/div>\n<div><span style=\"color: #ff0000;\"><strong>BANDI E CONCORSI<\/strong><\/span><\/div>\n<div><\/div>\n<div><\/div>\n<div>\n<p><strong><a class=\"dt-pswp-item\" href=\"https:\/\/www.radiopiu.net\/wordpress\/wp-content\/uploads\/2022\/03\/ASCA.jpg\" data-dt-img-description=\"\" data-large_image_width=\"292\" data-large_image_height=\"290\"><img loading=\"lazy\" decoding=\"async\" class=\"wp-image-263829 alignleft\" src=\"https:\/\/www.radiopiu.net\/wordpress\/wp-content\/uploads\/2022\/03\/ASCA.jpg\" alt=\"\" width=\"100\" height=\"99\" srcset=\"https:\/\/www.radiopiu.net\/wordpress\/wp-content\/uploads\/2022\/03\/ASCA.jpg 292w, https:\/\/www.radiopiu.net\/wordpress\/wp-content\/uploads\/2022\/03\/ASCA-150x150.jpg 150w\" sizes=\"auto, (max-width: 100px) 100vw, 100px\" \/><\/a>L\u2019AZIENDA SPECIALE CONSORTILE AGORDINA, ASCA, HA EMESSO UN BANDO PER LA SELEZIONE DI UNO PSICOLOGO.LIVELLO CONTRATTUALE:2\u00b0 \u2013 CONTRATTO UNEBA Accesso Welfare Aziendale Possibilit\u00e0 di sistemazione abitativa gratuita per 8 mesi LE DOMANDE VANNO PRESENTATE ENTRO LE 12 DI LUNEDI 1 APRILE: INFO WW.servizisocialiasca.it\u00a0 \u00a0<\/strong><\/p>\n<p>&nbsp;<\/p>\n<hr \/>\n<\/div>\n<\/div>\n<\/div>\n<\/div>\n<\/div>\n<\/div>\n<\/div>\n<\/div>\n<\/div>\n<\/div>\n<div class=\"w-full pt-2 md:pt-0 dark:border-white\/20 md:border-transparent md:dark:border-transparent md:w-[calc(100%-.5rem)]\">\n<form class=\"stretch mx-2 flex flex-row gap-3 last:mb-2 md:mx-4 md:last:mb-6 lg:mx-auto lg:max-w-2xl xl:max-w-3xl\">\n<div class=\"relative flex h-full flex-1 flex-col\">\n<div class=\"flex w-full items-center\">\n<p><strong><a class=\"dt-pswp-item\" href=\"https:\/\/www.radiopiu.net\/wordpress\/wp-content\/uploads\/2018\/03\/VILLA-GIUSEPPE.jpg\" data-dt-img-description=\"\" data-large_image_width=\"250\" data-large_image_height=\"332\"><img loading=\"lazy\" decoding=\"async\" class=\"wp-image-45507 alignleft\" src=\"https:\/\/www.radiopiu.net\/wordpress\/wp-content\/uploads\/2018\/03\/VILLA-GIUSEPPE-226x300.jpg\" alt=\"\" width=\"79\" height=\"105\" srcset=\"https:\/\/www.radiopiu.net\/wordpress\/wp-content\/uploads\/2018\/03\/VILLA-GIUSEPPE-226x300.jpg 226w, https:\/\/www.radiopiu.net\/wordpress\/wp-content\/uploads\/2018\/03\/VILLA-GIUSEPPE.jpg 250w\" sizes=\"auto, (max-width: 79px) 100vw, 79px\" \/><\/a>08 03<\/strong>\u00a0<strong>La Fodom Servizi ha pubblicato un avviso di selezione per la formulazione di una graduatoria di idoneit\u00e0 per l\u2019inserimento a tempo indeterminato\/determinato, a tempo pieno o parziale, presso il Centro Servizi per Anziani Villa San Giuseppe, per la figura di: OPERATORE POLIVALENTE \u2013 ADDETTO ALLE PULIZIE E LAVANDERIA. \u00a0Con scadenza presentazione domande il 22.03.2024 ore 12.00.\u00a0<\/strong><strong>Per info: 0436-7106 oppure\u00a0<\/strong><a href=\"http:\/\/www.fodomservizi.it\/\"><strong>www.fodomservizi.it<\/strong><\/a><\/p>\n<\/div>\n<\/div>\n<\/form>\n<\/div>\n<p>&nbsp;<\/p>\n<p>&nbsp;<\/p>\n<hr \/>\n<p>&nbsp;<\/p>\n<h2><span style=\"color: #ff0000;\">CONSIGLI COMUNALI<\/span><\/h2>\n<p><strong>RIVAMONTE<\/strong> Oggi alle 18.30 consiglio comunale convocato dal sindaco Nino Deon. All&#8217;ordine del giorno: variazioni al bilancio, regolamento di contabilit\u00e0 convenzione per la stazione unica appaltante.<\/p>\n<p><strong>VOLTAGO<\/strong> Domani alle 18 consiglio comunale nella sala Civica Gianni De Col. All&#8217;ordine del giorno la verifica delle aree fabbricabili, l&#8217;approvazione del bilancio di previsione e le comunicazioni del sindaco<\/p>\n<p><strong>LA VALLE <\/strong>Sono tre i punti da discutere nel consiglio comunale indetto dal sindaco Ezio Zuanel per venerd\u00ec alle 18. Tra i temi l&#8217;adozione del regolamento per l&#8217;esercizio degli usi civici e l&#8217;istanza per il mutamento di destinazione di alcuni terreni di uso civico da affidare in concessione a Malga Caleda per uso pascolo.<\/p>\n<p>&nbsp;<\/p>\n<hr \/>\n<p>&nbsp;<\/p>\n<blockquote>\n<h1>Quando marzo sboccia, la vipera di San Lucano sussurra: vigila con cura. &#8211; foto<\/h1>\n<p>&nbsp;<\/p>\n<p>REDAZIONE Gianfranco non l&#8217;ha pestata, \u00e8 riuscito ad evitarla e fotografarla nella &#8220;val bissera&#8221;, da la leggenda della Bissa Bianca. In Valle di San Lucano sulla strada comunale poco prima della localita&#8217; Peschiere<\/p>\n\n\t\t\t<style type='text\/css'>\n\t\t\t\t#gallery-4 {\n\t\t\t\t\tmargin: auto;\n\t\t\t\t}\n\t\t\t\t#gallery-4 .gallery-item {\n\t\t\t\t\tfloat: left;\n\t\t\t\t\tmargin-top: 10px;\n\t\t\t\t\ttext-align: center;\n\t\t\t\t\twidth: 50%;\n\t\t\t\t}\n\t\t\t\t#gallery-4 img {\n\t\t\t\t\tborder: 2px solid #cfcfcf;\n\t\t\t\t}\n\t\t\t\t#gallery-4 .gallery-caption {\n\t\t\t\t\tmargin-left: 0;\n\t\t\t\t}\n\t\t\t\t\/* see gallery_shortcode() in wp-includes\/media.php *\/\n\t\t\t<\/style>\n\t\t<div id='gallery-4' class='dt-gallery-container gallery galleryid-379816 gallery-columns-2 gallery-size-large'><dl class='gallery-item'>\n\t\t\t\t<dt class='gallery-icon portrait'>\n\t\t\t\t\t<a class=\"rollover rollover-zoom dt-pswp-item\" title=\"171571c4-1ccc-4d1a-a521-bf18720be005\" data-dt-img-description=\"\" data-large_image_width=\"1080\" data-large_image_height=\"1920\"href='https:\/\/www.radiopiu.net\/wordpress\/wp-content\/uploads\/2024\/03\/171571c4-1ccc-4d1a-a521-bf18720be005.jpg'><img loading=\"lazy\" decoding=\"async\" width=\"576\" height=\"1024\" src=\"https:\/\/www.radiopiu.net\/wordpress\/wp-content\/uploads\/2024\/03\/171571c4-1ccc-4d1a-a521-bf18720be005-576x1024.jpg\" class=\"attachment-large size-large\" alt=\"\" srcset=\"https:\/\/www.radiopiu.net\/wordpress\/wp-content\/uploads\/2024\/03\/171571c4-1ccc-4d1a-a521-bf18720be005-576x1024.jpg 576w, https:\/\/www.radiopiu.net\/wordpress\/wp-content\/uploads\/2024\/03\/171571c4-1ccc-4d1a-a521-bf18720be005-169x300.jpg 169w, https:\/\/www.radiopiu.net\/wordpress\/wp-content\/uploads\/2024\/03\/171571c4-1ccc-4d1a-a521-bf18720be005-768x1365.jpg 768w, https:\/\/www.radiopiu.net\/wordpress\/wp-content\/uploads\/2024\/03\/171571c4-1ccc-4d1a-a521-bf18720be005-864x1536.jpg 864w, https:\/\/www.radiopiu.net\/wordpress\/wp-content\/uploads\/2024\/03\/171571c4-1ccc-4d1a-a521-bf18720be005.jpg 1080w\" sizes=\"auto, (max-width: 576px) 100vw, 576px\" \/><\/a>\n\t\t\t\t<\/dt><\/dl><dl class='gallery-item'>\n\t\t\t\t<dt class='gallery-icon portrait'>\n\t\t\t\t\t<a class=\"rollover rollover-zoom dt-pswp-item\" title=\"08066ad8-71a6-4c37-a701-f513cec329b0\" data-dt-img-description=\"\" data-large_image_width=\"1080\" data-large_image_height=\"1920\"href='https:\/\/www.radiopiu.net\/wordpress\/wp-content\/uploads\/2024\/03\/08066ad8-71a6-4c37-a701-f513cec329b0.jpg'><img loading=\"lazy\" decoding=\"async\" width=\"576\" height=\"1024\" src=\"https:\/\/www.radiopiu.net\/wordpress\/wp-content\/uploads\/2024\/03\/08066ad8-71a6-4c37-a701-f513cec329b0-576x1024.jpg\" class=\"attachment-large size-large\" alt=\"\" srcset=\"https:\/\/www.radiopiu.net\/wordpress\/wp-content\/uploads\/2024\/03\/08066ad8-71a6-4c37-a701-f513cec329b0-576x1024.jpg 576w, https:\/\/www.radiopiu.net\/wordpress\/wp-content\/uploads\/2024\/03\/08066ad8-71a6-4c37-a701-f513cec329b0-169x300.jpg 169w, https:\/\/www.radiopiu.net\/wordpress\/wp-content\/uploads\/2024\/03\/08066ad8-71a6-4c37-a701-f513cec329b0-768x1365.jpg 768w, https:\/\/www.radiopiu.net\/wordpress\/wp-content\/uploads\/2024\/03\/08066ad8-71a6-4c37-a701-f513cec329b0-864x1536.jpg 864w, https:\/\/www.radiopiu.net\/wordpress\/wp-content\/uploads\/2024\/03\/08066ad8-71a6-4c37-a701-f513cec329b0.jpg 1080w\" sizes=\"auto, (max-width: 576px) 100vw, 576px\" \/><\/a>\n\t\t\t\t<\/dt><\/dl><br style=\"clear: both\" \/>\n\t\t\t<\/div>\n\n<p>&nbsp;<\/p><\/blockquote>\n<p>&nbsp;<\/p>\n<hr \/>\n<h3 dir=\"ltr\"><\/h3>\n<blockquote>\n<h2>SABATO 23 CAI IN ASSEMBLEA<\/h2>\n<\/blockquote>\n<p><strong>AGORDO<\/strong>\u00a0L\u2019assemblea della sezione agordina del Cai si terr\u00e0 sabato 23 aprile alle 17.30 in sala Don Tamis, preceduta dalla messa nella chiesa di San Cipriano in memoria dei scomparsi. Nel corso dell\u2019assemblea: relazione del presidente, rendiconto, rinnovo del direttivo per il prossimo triennio<\/p>\n<p>&nbsp;<\/p>\n<p>&nbsp;<\/p>\n<hr \/>\n<p>&nbsp;<\/p>\n<blockquote>\n<h3 dir=\"ltr\">Disturbo dello Spettro dell\u2019Autismo: il corso di Societ\u00e0 Nuova e ULSS 1<\/h3>\n<\/blockquote>\n<p><strong>BELLUNO<\/strong> La Cooperativa Societ\u00e0 Nuova collabora con l&#8217;Azienda ULSS n\u00b01 Dolomiti per gestire interventi valutativi, riabilitativi ed educativi per minori con disturbi dello spettro dell&#8217;autismo. Propone un corso di sensibilizzazione per educatori di asilo nido su segnali precoci del disturbo, articolato in tre incontri online e in presenza. Relatori esperti come la psicologa dott.ssa Minella Daniela e l&#8217;educatrice dott.ssa Fagherazzi Martina guidano il percorso, favorendo lo scambio di idee tra partecipanti. Emergono richieste per creare una rete di supporto e un protocollo condiviso per la segnalazione dei casi sospetti. Si ringraziano la direttrice dott.ssa Cristina Micheluzzi e la responsabile dott.ssa Mirta Lombardo dell&#8217;ULSS n\u00b01 Dolomiti per il supporto all&#8217;iniziativa.<\/p>\n<p>&nbsp;<\/p>\n<p>&nbsp;<\/p>\n<hr \/>\n<p>&nbsp;<\/p>\n<blockquote>\n<p align=\"CENTER\"><span style=\"font-size: large;\"><b>LIONS QUEST PROGETTO GENITORI<\/b><\/span><\/p>\n<\/blockquote>\n<p><strong>BELLUNO<\/strong> Il Lions Club Belluno, il Lions Club Feltre Host e l&#8217;Istituto Comprensivo Belluno Tre organizzano il corso di formazione &#8220;Progetto genitori&#8221; basato sul successo del Lions Quest Genitori. Il corso mira a supportare i genitori nell&#8217;educazione dei figli, promuovendo competenze socio-emotive e capacit\u00e0 di gestione dei conflitti. Si terr\u00e0 il 6 e 7 aprile 2024 presso la scuola Media Zanon di Castion, con la psicologa e psicoterapeuta dott.ssa Stefania Schiesaro come formatrice. Grazie ai Lions Club, il corso \u00e8 gratuito e include la consegna di un libro e un attestato di partecipazione. Per le iscrizioni contattare <a target=\"_new\" rel=\"noopener\">iscrizioni.lions@ic3belluno.edu.it<\/a> e per informazioni telefonare al 3483666635.<\/p>\n<p>&nbsp;<\/p>\n<hr \/>\n<p>&nbsp;<\/p>\n<blockquote>\n<h1>Sagre di Qualit\u00e0 nel Veneto a Belluno, Zero Branco e Altivole<\/h1>\n<\/blockquote>\n<blockquote><p><strong>REDAZIONE:<\/strong> Unpli ha assegnato il marchio &#8220;Sagra di Qualit\u00e0&#8221; a 45 sagre, di cui 7 nel Veneto, durante la cerimonia dell&#8217;11 marzo a Roma. La Sagra del Campanot a Castion (BL), la Sagra del Peperone a Zero Branco (TV) e la Mostra dei Funghi ad Altivole (TV) sono state premiate per aver rispettato i criteri di tipicit\u00e0, sostenibilit\u00e0 e sicurezza alimentare. Elisa De Berti, vicepresidente della Regione Veneto, ha partecipato alla premiazione.<\/p><\/blockquote>\n<div class=\"flex-1 overflow-hidden\">\n<div class=\"react-scroll-to-bottom--css-petsd-79elbk h-full\">\n<div class=\"react-scroll-to-bottom--css-petsd-1n7m0yu\">\n<div class=\"flex flex-col text-sm pb-9\">\n<div class=\"w-full text-token-text-primary\" data-testid=\"conversation-turn-38\">\n<div class=\"px-4 py-2 justify-center text-base md:gap-6 m-auto\">\n<div class=\"flex flex-1 text-base mx-auto gap-3 md:px-5 lg:px-1 xl:px-5 md:max-w-3xl lg:max-w-[40rem] xl:max-w-[48rem] group final-completion\">\n<div class=\"relative flex w-full flex-col agent-turn\">\n<div class=\"flex-col gap-1 md:gap-3\">\n<div class=\"flex flex-grow flex-col max-w-full\">\n<div class=\"min-h-[20px] text-message flex flex-col items-start gap-3 whitespace-pre-wrap break-words [.text-message+&amp;]:mt-5 overflow-x-auto\" data-message-author-role=\"assistant\" data-message-id=\"f23e0391-21e8-4c02-b66a-21ff13b8c6f6\">\n<div class=\"markdown prose w-full break-words dark:prose-invert dark\">\n<p>&nbsp;<\/p>\n\n\t\t\t<style type='text\/css'>\n\t\t\t\t#gallery-5 {\n\t\t\t\t\tmargin: auto;\n\t\t\t\t}\n\t\t\t\t#gallery-5 .gallery-item {\n\t\t\t\t\tfloat: left;\n\t\t\t\t\tmargin-top: 10px;\n\t\t\t\t\ttext-align: center;\n\t\t\t\t\twidth: 33%;\n\t\t\t\t}\n\t\t\t\t#gallery-5 img {\n\t\t\t\t\tborder: 2px solid #cfcfcf;\n\t\t\t\t}\n\t\t\t\t#gallery-5 .gallery-caption {\n\t\t\t\t\tmargin-left: 0;\n\t\t\t\t}\n\t\t\t\t\/* see gallery_shortcode() in wp-includes\/media.php *\/\n\t\t\t<\/style>\n\t\t<div id='gallery-5' class='dt-gallery-container gallery galleryid-379816 gallery-columns-3 gallery-size-thumbnail'><dl class='gallery-item'>\n\t\t\t\t<dt class='gallery-icon landscape'>\n\t\t\t\t\t<a class=\"rollover rollover-zoom dt-pswp-item\" title=\"BL_Sagra del Campanot\" data-dt-img-description=\"\" data-large_image_width=\"2560\" data-large_image_height=\"1559\"href='https:\/\/www.radiopiu.net\/wordpress\/wp-content\/uploads\/2024\/03\/BL_Sagra-del-Campanot-1-scaled.jpg'><img loading=\"lazy\" decoding=\"async\" width=\"150\" height=\"150\" src=\"https:\/\/www.radiopiu.net\/wordpress\/wp-content\/uploads\/2024\/03\/BL_Sagra-del-Campanot-1-150x150.jpg\" class=\"attachment-thumbnail size-thumbnail\" alt=\"\" aria-describedby=\"gallery-5-379898\" \/><\/a>\n\t\t\t\t<\/dt>\n\t\t\t\t\t<dd class='wp-caption-text gallery-caption' id='gallery-5-379898'>\n\t\t\t\t\tSAGRA DEL CAMPANOT\n\t\t\t\t\t<\/dd><\/dl><dl class='gallery-item'>\n\t\t\t\t<dt class='gallery-icon landscape'>\n\t\t\t\t\t<a class=\"rollover rollover-zoom dt-pswp-item\" title=\"TV_Mostra dei Funghi\" data-dt-img-description=\"\" data-large_image_width=\"2560\" data-large_image_height=\"1652\"href='https:\/\/www.radiopiu.net\/wordpress\/wp-content\/uploads\/2024\/03\/TV_Mostra-dei-Funghi-scaled.jpg'><img loading=\"lazy\" decoding=\"async\" width=\"150\" height=\"150\" src=\"https:\/\/www.radiopiu.net\/wordpress\/wp-content\/uploads\/2024\/03\/TV_Mostra-dei-Funghi-150x150.jpg\" class=\"attachment-thumbnail size-thumbnail\" alt=\"\" aria-describedby=\"gallery-5-379899\" \/><\/a>\n\t\t\t\t<\/dt>\n\t\t\t\t\t<dd class='wp-caption-text gallery-caption' id='gallery-5-379899'>\n\t\t\t\t\tMOSTRA DEI FUNGHI\n\t\t\t\t\t<\/dd><\/dl><dl class='gallery-item'>\n\t\t\t\t<dt class='gallery-icon landscape'>\n\t\t\t\t\t<a class=\"rollover rollover-zoom dt-pswp-item\" title=\"TV_Sagra del Peperone\" data-dt-img-description=\"\" data-large_image_width=\"2560\" data-large_image_height=\"1787\"href='https:\/\/www.radiopiu.net\/wordpress\/wp-content\/uploads\/2024\/03\/TV_Sagra-del-Peperone-scaled.jpg'><img loading=\"lazy\" decoding=\"async\" width=\"150\" height=\"150\" src=\"https:\/\/www.radiopiu.net\/wordpress\/wp-content\/uploads\/2024\/03\/TV_Sagra-del-Peperone-150x150.jpg\" class=\"attachment-thumbnail size-thumbnail\" alt=\"\" aria-describedby=\"gallery-5-379900\" \/><\/a>\n\t\t\t\t<\/dt>\n\t\t\t\t\t<dd class='wp-caption-text gallery-caption' id='gallery-5-379900'>\n\t\t\t\t\tSAGRA DEL PEPERONE\n\t\t\t\t\t<\/dd><\/dl><br style=\"clear: both\" \/>\n\t\t\t<\/div>\n\n<p><em>La Sagra del Campanot apre una striscia positiva: dal 2018 ad oggi, nessuna associazione bellunese era stata insignita del marchio di qualit\u00e0. Il valore bellunese \u00e8 emerso con forza, e potr\u00e0 fungere da traino per l&#8217;intera provincia. Parlando di sagre di rilievo, sarebbe opportuno candidare la Sagra de Pasca organizzata da Gruppo Sportivo, Proloco e Donatori del Sangue del paese. Ormai di successo da 22 anni (prima edizione nel 2002), la qualit\u00e0 \u00e8 indiscutibile, dalla cucina alla scelta delle grandi orchestre, dagli eventi culturali legati al territorio agli intrattenimenti per i pi\u00f9 giovani, ovvero sostenibilit\u00e0 e sicurezza alimentare.. Anche a Taibon, l&#8217;esercito di volontari mobilitato per i 4 giorni di festa \u00e8 pronto per l&#8217;ennesima sfida, tra pochi giorni. (mm)<\/em><\/p>\n<\/div>\n<\/div>\n<\/div>\n<div class=\"mt-1 flex justify-start gap-3 empty:hidden\">\n<div class=\"text-gray-400 flex self-end lg:self-center items-center justify-center lg:justify-start mt-0 -ml-1 h-7 gap-[2px] visible\">\n<div class=\"flex\" style=\"text-align: center;\"><\/div>\n<\/div>\n<\/div>\n<\/div>\n<\/div>\n<\/div>\n<\/div>\n<\/div>\n<\/div>\n<\/div>\n<\/div>\n<\/div>\n<div class=\"w-full pt-2 md:pt-0 dark:border-white\/20 md:border-transparent md:dark:border-transparent md:w-[calc(100%-.5rem)]\" style=\"text-align: center;\">\n<form class=\"stretch mx-2 flex flex-row gap-3 last:mb-2 md:mx-4 md:last:mb-6 lg:mx-auto lg:max-w-2xl xl:max-w-3xl\">\n<div class=\"relative flex h-full flex-1 flex-col\">\n<div class=\"flex w-full items-center\"><\/div>\n<\/div>\n<\/form>\n<\/div>\n<p style=\"text-align: center;\"><strong>Sagre di Qualit\u00e0 del Veneto Premiate 2023 &#8211; CERIMONIA MARZO 2024<\/strong><\/p>\n<table class=\" aligncenter\" style=\"height: 218px;\" width=\"501\">\n<thead>\n<tr>\n<th>Localit\u00e0<\/th>\n<th>Evento<\/th>\n<\/tr>\n<\/thead>\n<tbody>\n<tr>\n<td>Castion Belluno<\/td>\n<td>Sagra del Campanot<\/td>\n<\/tr>\n<tr>\n<td>Zero Branco<\/td>\n<td>Sagra del Peperone<\/td>\n<\/tr>\n<tr>\n<td>Altivole<\/td>\n<td>Mostra dei Funghi<\/td>\n<\/tr>\n<tr>\n<td>Legnaro<\/td>\n<td>Festa del Cavallo<\/td>\n<\/tr>\n<tr>\n<td>Scorz\u00e8<\/td>\n<td>Festa del Radicchio Rosso di Rio San Martino<\/td>\n<\/tr>\n<tr>\n<td>Monticello Conte Otto<\/td>\n<td>Sagra e Fiera Franca di S. Matteo<\/td>\n<\/tr>\n<tr>\n<td>Veronella<\/td>\n<td>Festa della Verza Moretta<\/td>\n<\/tr>\n<\/tbody>\n<\/table>\n<p>&nbsp;<\/p>\n<p>&nbsp;<\/p>\n<hr \/>\n<p>&nbsp;<\/p>\n<blockquote>\n<h3><a class=\"dt-pswp-item\" href=\"https:\/\/www.radiopiu.net\/wordpress\/wp-content\/uploads\/2024\/03\/Copertina-Sapori-della-Valbelluna-scaled.jpg\" data-dt-img-description=\"\" data-large_image_width=\"2560\" data-large_image_height=\"1222\"><img loading=\"lazy\" decoding=\"async\" class=\" wp-image-379904 alignleft\" src=\"https:\/\/www.radiopiu.net\/wordpress\/wp-content\/uploads\/2024\/03\/Copertina-Sapori-della-Valbelluna-300x143.jpg\" alt=\"\" width=\"222\" height=\"106\" srcset=\"https:\/\/www.radiopiu.net\/wordpress\/wp-content\/uploads\/2024\/03\/Copertina-Sapori-della-Valbelluna-300x143.jpg 300w, https:\/\/www.radiopiu.net\/wordpress\/wp-content\/uploads\/2024\/03\/Copertina-Sapori-della-Valbelluna-1024x489.jpg 1024w, https:\/\/www.radiopiu.net\/wordpress\/wp-content\/uploads\/2024\/03\/Copertina-Sapori-della-Valbelluna-768x366.jpg 768w, https:\/\/www.radiopiu.net\/wordpress\/wp-content\/uploads\/2024\/03\/Copertina-Sapori-della-Valbelluna-1536x733.jpg 1536w, https:\/\/www.radiopiu.net\/wordpress\/wp-content\/uploads\/2024\/03\/Copertina-Sapori-della-Valbelluna-2048x977.jpg 2048w\" sizes=\"auto, (max-width: 222px) 100vw, 222px\" \/><\/a>SAPORI DELLA VALBELLUNA: IL NUOVO LIBRO EDITO DA \u201cIL VESES\u201d<\/h3>\n<\/blockquote>\n<p>Si terr\u00e0 venerd\u00ec, alle 19 presso la Sala degli Elefanti della birreria Pedavena, la presentazione di \u201cSapori della Valbelluna\u201d, nuova opera ideata dall\u2019Associazione culturale Veses Aps e pubblicata da \u201cIl Veses edizioni\u201d. Un\u00a0 volume contenente 75 ricette con prodotti locali, create in collaborazione con gli chef che hanno lavorato alle copertine dei numeri de \u201cil Veses\u201d usciti nel corso del 2023, dedicate al tema enogastronomico. L\u2019ingresso \u00e8 libero ma i posti sono limitati; per informazioni scrivere a info@ilveses.com<\/p>\n<p>&nbsp;<\/p>\n<hr \/>\n<p>&nbsp;<\/p>\n<blockquote>\n<h3><strong>Intitolato un piazzale a Belluno all&#8217;Agente della Polizia di Stato Emanuela Loi<\/strong><\/h3>\n<\/blockquote>\n<p><strong>BELLUNO<\/strong> Oggi Il Comune di Belluno intitola un piazzale all&#8217;Agente Emanuela Loi, medaglia d&#8217;oro al valor civile, vittima della strage di via d&#8217;Amelio a Palermo nel luglio 1992. La cerimonia si svolge in presenza delle massime autorit\u00e0 civili, militari e religiose, e coincide con un progetto di riqualificazione urbanistica nella zona di Levego. Loi \u00e8 stata la prima donna Agente della Polizia di Stato a perdere la vita per mano della mafia, insieme ad altri colleghi. La commemorazione include un toccante monologo interpretato da Anna Olivier e un messaggio di gratitudine inviato dai familiari di Emanuela Loi.\u00a0 <em><span style=\"color: #333333;\"><span style=\"font-family: Times New Roman, serif;\"><span style=\"font-size: medium;\">Sebbene i parenti di Emanuela Loi non hanno potuto presenziare alla cerimonia, hanno comunque voluto essere vicini alla Polizia di Stato inviando una lettera di ringraziamento, che \u00e8 stata letta ai presenti.<\/span><\/span><\/span><\/em><\/p>\n<p><a class=\"dt-pswp-item\" href=\"https:\/\/www.radiopiu.net\/wordpress\/wp-content\/uploads\/2024\/03\/Senza-nome-69.png\" data-dt-img-description=\"\" data-large_image_width=\"754\" data-large_image_height=\"346\"><img loading=\"lazy\" decoding=\"async\" class=\"size-medium wp-image-379910 aligncenter\" src=\"https:\/\/www.radiopiu.net\/wordpress\/wp-content\/uploads\/2024\/03\/Senza-nome-69-300x138.png\" alt=\"\" width=\"300\" height=\"138\" srcset=\"https:\/\/www.radiopiu.net\/wordpress\/wp-content\/uploads\/2024\/03\/Senza-nome-69-300x138.png 300w, https:\/\/www.radiopiu.net\/wordpress\/wp-content\/uploads\/2024\/03\/Senza-nome-69.png 754w\" sizes=\"auto, (max-width: 300px) 100vw, 300px\" \/> <\/a><\/p>\n<p><strong class=\"photoswipe-wrapper\"><a class=\"dt-pswp-item pspw-wrap-ready\" href=\"https:\/\/www.radiopiu.net\/wordpress\/wp-content\/uploads\/2024\/01\/Senza-nome-34.png\" data-dt-img-description=\"\" data-large_image_width=\"239\" data-large_image_height=\"153\"><img loading=\"lazy\" decoding=\"async\" class=\"wp-image-369478 alignleft\" src=\"https:\/\/www.radiopiu.net\/wordpress\/wp-content\/uploads\/2024\/01\/Senza-nome-34.png\" alt=\"\" width=\"128\" height=\"82\" \/><\/a><\/strong><\/p>\n<h1 class=\"_title post-title entry-title\"><\/h1>\n<p><strong>dal TG BELLUNESE di\u00a0 ANTENNA 3 ogni sera alle 19.30 sul canale 10 del digitale terrestre e alle 19 le anticipazioni alla radio.\u00a0 \u00a0<\/strong><\/p>\n<blockquote>\n<h1 class=\"_title post-title entry-title\">PER RICORDARE L\u2019AGENTE EMANUELA LOI<\/h1>\n<\/blockquote>\n<p>Intervistati RAFFAELE ADDAMIANO (ASSESSORE SICUREZZA COMUNE DI BELLUNO), ALESSANDRO FARINA (CAPOGRUPPO FDI COMUNE DI BELLUNO), FRANCESCO ZERILLI (QUESTORE DI BELLUNO) (Servizio di <a href=\"https:\/\/antennatre.medianordest.it\/redazione\/Tiziana-Bolognani\/\">Tiziana Bolognani<\/a>)<\/p>\n<p><iframe loading=\"lazy\" title=\"INTITOLAZIONE E EVENTO PER RICORDARE L&#039;AGENTE EMANUELA LOI | 19\/03\/2024\" width=\"1200\" height=\"675\" src=\"https:\/\/www.youtube.com\/embed\/AEQnIbKCeL4?feature=oembed\" frameborder=\"0\" allow=\"accelerometer; autoplay; clipboard-write; encrypted-media; gyroscope; picture-in-picture; web-share\" allowfullscreen><\/iframe><\/p>\n<p>&nbsp;<\/p>\n<hr \/>\n<p>&nbsp;<\/p>\n<blockquote>\n<h3>DUE EVENTI PER LA FESTA DEL PAPA&#8217;<\/h3>\n<\/blockquote>\n<p><strong>BELLUNO<\/strong> L&#8217;Ulss Dolomiti celebra la Festa del Pap\u00e0 con due eventi dedicati alla paternit\u00e0. Il Consultorio Familiare di Belluno offre incontri di gruppo per pap\u00e0 con figli da 0 a 3 anni il 21 marzo 2024. A Feltre, incontri per futuri e neo-pap\u00e0 con un&#8217;ostetrica e una psicologa si terranno il 22 aprile e il 20 maggio 2024.<\/p>\n<p>&nbsp;<\/p>\n<p>&nbsp;<\/p>\n<hr \/>\n<p>&nbsp;<\/p>\n<blockquote>\n<h3>LUXOTTICA, NEWS SETTIMANA<\/h3>\n<\/blockquote>\n<p><strong><img loading=\"lazy\" decoding=\"async\" class=\"alignleft\" src=\"https:\/\/www.radiopiu.net\/wordpress\/wp-content\/uploads\/2023\/10\/1-EssilorLuxottica.jpg.jpg\" width=\"182\" height=\"121\" \/>di MARINA DONA&#8217;<\/strong><\/p>\n<p><strong>\u00a0<\/strong><\/p>\n<p><strong>OSPITE IL PROF. LUCIANO PERO_POLITECNICO MILANO<\/strong><\/p>\n<p>&nbsp;<\/p>\n<p>&nbsp;<\/p>\n<p><strong>puntata <span style=\"color: #ff0000;\">01<\/span>_ 14.03.2024 <em>&#8220;orari e giornate lavorative, quali le evoluzioni nell&#8217;ultimo secolo&#8221;<\/em><\/strong><\/p>\n<audio class=\"wp-audio-shortcode\" id=\"audio-379816-9\" preload=\"none\" style=\"width: 100%;\" controls=\"controls\"><source type=\"audio\/mpeg\" src=\"https:\/\/www.radiopiu.net\/wordpress\/wp-content\/uploads\/2024\/03\/NEWS-SETTIMANA-CORTA-LUXOTTICA.mp3?_=9\" \/><a href=\"https:\/\/www.radiopiu.net\/wordpress\/wp-content\/uploads\/2024\/03\/NEWS-SETTIMANA-CORTA-LUXOTTICA.mp3\">https:\/\/www.radiopiu.net\/wordpress\/wp-content\/uploads\/2024\/03\/NEWS-SETTIMANA-CORTA-LUXOTTICA.mp3<\/a><\/audio>\n<p>&nbsp;<\/p>\n<p><strong>puntata <span style=\"color: #ff0000;\">02<\/span>_15.03.2024\u00a0<em> &#8220;evoluzioni sperimentali, i lavoratori pi\u00f9 anziani e le nuove generazioni&#8221;<\/em><\/strong><\/p>\n<audio class=\"wp-audio-shortcode\" id=\"audio-379816-10\" preload=\"none\" style=\"width: 100%;\" controls=\"controls\"><source type=\"audio\/mpeg\" src=\"https:\/\/www.radiopiu.net\/wordpress\/wp-content\/uploads\/2024\/03\/SETTIMANA-CORTA-GLI-STUDI-SULLE-ORE-SETTIMAANAALI-E-LA-QUALITA-DEL-PRODOTTO.mp3?_=10\" \/><a href=\"https:\/\/www.radiopiu.net\/wordpress\/wp-content\/uploads\/2024\/03\/SETTIMANA-CORTA-GLI-STUDI-SULLE-ORE-SETTIMAANAALI-E-LA-QUALITA-DEL-PRODOTTO.mp3\">https:\/\/www.radiopiu.net\/wordpress\/wp-content\/uploads\/2024\/03\/SETTIMANA-CORTA-GLI-STUDI-SULLE-ORE-SETTIMAANAALI-E-LA-QUALITA-DEL-PRODOTTO.mp3<\/a><\/audio>\n<p>&nbsp;<\/p>\n<p><strong>puntata<span style=\"color: #ff0000;\"> 03<\/span> 18 03 2024\u00a0 &#8220;i modelli attuali sono ancora attuali nell&#8217;incertezza dei mercati?&#8221;<\/strong><\/p>\n<audio class=\"wp-audio-shortcode\" id=\"audio-379816-11\" preload=\"none\" style=\"width: 100%;\" controls=\"controls\"><source type=\"audio\/mpeg\" src=\"https:\/\/www.radiopiu.net\/wordpress\/wp-content\/uploads\/2024\/03\/3-PARTE-INTERVISTAA-PROF-PERO-ESSILORLUX.mp3?_=11\" \/><a href=\"https:\/\/www.radiopiu.net\/wordpress\/wp-content\/uploads\/2024\/03\/3-PARTE-INTERVISTAA-PROF-PERO-ESSILORLUX.mp3\">https:\/\/www.radiopiu.net\/wordpress\/wp-content\/uploads\/2024\/03\/3-PARTE-INTERVISTAA-PROF-PERO-ESSILORLUX.mp3<\/a><\/audio>\n<h1><\/h1>\n<p>&nbsp;<\/p>\n<hr \/>\n<p>&nbsp;<\/p>\n<blockquote>\n<h3>ARRIGO CIPRIANI A BELLUNO<\/h3>\n<\/blockquote>\n<p><strong><a class=\"dt-pswp-item\" href=\"https:\/\/www.radiopiu.net\/wordpress\/wp-content\/uploads\/2024\/03\/ee5a0546-b1cd-4c75-be00-58435b134846.jpg\" data-dt-img-description=\"\" data-large_image_width=\"1600\" data-large_image_height=\"531\"><img loading=\"lazy\" decoding=\"async\" class=\" wp-image-377589 alignleft\" src=\"https:\/\/www.radiopiu.net\/wordpress\/wp-content\/uploads\/2024\/03\/ee5a0546-b1cd-4c75-be00-58435b134846-300x100.jpg\" alt=\"\" width=\"180\" height=\"60\" srcset=\"https:\/\/www.radiopiu.net\/wordpress\/wp-content\/uploads\/2024\/03\/ee5a0546-b1cd-4c75-be00-58435b134846-300x100.jpg 300w, https:\/\/www.radiopiu.net\/wordpress\/wp-content\/uploads\/2024\/03\/ee5a0546-b1cd-4c75-be00-58435b134846-1024x340.jpg 1024w, https:\/\/www.radiopiu.net\/wordpress\/wp-content\/uploads\/2024\/03\/ee5a0546-b1cd-4c75-be00-58435b134846-768x255.jpg 768w, https:\/\/www.radiopiu.net\/wordpress\/wp-content\/uploads\/2024\/03\/ee5a0546-b1cd-4c75-be00-58435b134846-1536x510.jpg 1536w, https:\/\/www.radiopiu.net\/wordpress\/wp-content\/uploads\/2024\/03\/ee5a0546-b1cd-4c75-be00-58435b134846.jpg 1600w\" sizes=\"auto, (max-width: 180px) 100vw, 180px\" \/><\/a>BELLUNO<\/strong> Oggi alla Camera di Commercio di Treviso &#8211; Belluno Dolomiti in Piazza Santo Stefano a Belluno, si terr\u00e0 un incontro e una conversazione con Arrigo Cipriani, imprenditore e scrittore italiano, noto per essere il proprietario dell&#8217;Harry&#8217;s Bar di Venezia. L&#8217;evento, organizzato all&#8217;interno della programmazione dell&#8217;ITS Academy Turismo Veneto avr\u00e0 inizio alle 10:30 con i saluti istituzionali del Presidente Ascom Confcommercio Belluno, Paolo Doglioni. La conversazione con Cipriani si concentrer\u00e0 sui segreti di un turismo mondiale di successo. Questo incontro \u00e8 particolarmente rilevante per la citt\u00e0 di Belluno, che si prepara ad ospitare i Giochi Olimpici e Paralimpici. La formazione per l&#8217;accoglienza degli ospiti e la promozione internazionale dei territori e delle produzioni tipiche saranno fondamentali per garantire un&#8217;esperienza di successo durante l&#8217;evento.<\/p>\n<p>&nbsp;<\/p>\n<p>&nbsp;<\/p>\n<hr \/>\n<p>&nbsp;<\/p>\n<blockquote>\n<h3>IL NUOVO CENTRO PER L&#8217;IMPIEGO AD ALPAGO<\/h3>\n<\/blockquote>\n<p><strong>ALPAGO<\/strong> Marted\u00ec il Municipio di Farra d\u2019Alpago ospita una conferenza stampa organizzata dal Comune di Alpago e Veneto Lavoro per presentare il nuovo recapito del Centro per l\u2019impiego in Alpago. Questo ufficio, gestito da personale qualificato di Veneto Lavoro, offrir\u00e0 accesso a tutti i servizi erogati dai Centri per l&#8217;impiego della regione.<\/p>\n<p>&nbsp;<\/p>\n<p>&nbsp;<\/p>\n<hr \/>\n<p>&nbsp;<\/p>\n<blockquote>\n<h3><strong>Iniziativa Pasquale a Favore delle Famiglie Bisognose a Belluno<\/strong><\/h3>\n<\/blockquote>\n<p><strong>BELLUNO<\/strong> L&#8217;Associazione Gruppi &#8220;Insieme si pu\u00f2&#8230;&#8221; e Lattebusche organizzano la quarta edizione di un&#8217;iniziativa pasquale a favore delle famiglie in difficolt\u00e0 socio-economica della provincia di Belluno. Grazie ai fondi raccolti lo scorso anno, sono state supportate 168 famiglie con un totale di circa 500 persone. Lattebusche contribuisce con la donazione di formaggio Piave DOP Vecchio, proposto in una confezione ideale per la Pasqua. L&#8217;intero ricavato sar\u00e0 destinato alle famiglie bisognose, supportate anche nei settori alimentari, scolastici, medici e abitativi. Le prenotazioni del formaggio possono essere effettuate fino a Pasqua tramite telefono, SMS, Whatsapp o sul sito web di &#8220;Insieme si pu\u00f2&#8221;.<\/p>\n<p>&nbsp;<\/p>\n<p>&nbsp;<\/p>\n<hr \/>\n<p>&nbsp;<\/p>\n<blockquote>\n<h2>EVENTO PRE-BELLUNO PRIDE 2024<\/h2>\n<h1><a class=\"dt-pswp-item\" href=\"https:\/\/www.radiopiu.net\/wordpress\/wp-content\/uploads\/2024\/03\/Senza-nome-68.png\" data-dt-img-description=\"\" data-large_image_width=\"427\" data-large_image_height=\"293\"><img loading=\"lazy\" decoding=\"async\" class=\" wp-image-379906 alignleft\" src=\"https:\/\/www.radiopiu.net\/wordpress\/wp-content\/uploads\/2024\/03\/Senza-nome-68-300x206.png\" alt=\"\" width=\"200\" height=\"137\" srcset=\"https:\/\/www.radiopiu.net\/wordpress\/wp-content\/uploads\/2024\/03\/Senza-nome-68-300x206.png 300w, https:\/\/www.radiopiu.net\/wordpress\/wp-content\/uploads\/2024\/03\/Senza-nome-68.png 427w\" sizes=\"auto, (max-width: 200px) 100vw, 200px\" \/><\/a><strong style=\"font-size: 14px;\">BELLUNO<\/strong><span style=\"font-size: 14px; font-weight: normal;\"> Si apre il 23 marzo il calendario degli eventi verso la seconda edizione del Belluno Pride 2024 con un incontro di formazione e informazione condotto dalla docente, psicologa e sessuologa Alberta Xodo. Sabato saranno affrontate tematiche sull&#8217;educazione affettiva, sessuale e al consenso, seguite da discussioni su omolesbobitransfobia interiorizzata e minority stress, coordinato da Gruppo C.I.A.O. LGBTIQIA+. Gli eventi si terranno presso La Casa dei beni comuni di Belluno e saranno ad ingresso libero. Segui le pagine social del collettivo C.I.A.O. per restare aggiornato sugli altri eventi verso il pride 2024.<\/span><\/h1>\n<\/blockquote>\n<p>&nbsp;<\/p>\n<p>&nbsp;<\/p>\n<hr \/>\n<p>&nbsp;<\/p>\n<blockquote>\n<h2>AGORDO COME ROMA, CITTA&#8217; LIBERA. pagina in aggiornamento quotidiano CON LIBERA AGORDINO<\/h2>\n<\/blockquote>\n<p><strong><img loading=\"lazy\" decoding=\"async\" class=\"alignleft\" src=\"https:\/\/www.radiopiu.net\/wordpress\/wp-content\/uploads\/2023\/06\/LIBERA-AGORDINO-300x300.jpg\" width=\"125\" height=\"125\" \/>La Settimana della memoria e dell\u2019impegno, Agordo come Roma: citt\u00e0 Libera i 100 passi verso il 21 marzo, giornata in ricordo della vittime innocenti delle mafie a cura del PRESIDIO AGORDINO DI LIBERA \u201cLUCIA PRECENZANO E SALVATORE AVERSA da lunedi 18 a sabato 23 marzo, alle 9.45 e 18.45 \u2026 su radio pi\u00f9<\/strong><em>\u00a0<\/em><\/p>\n<p>&nbsp;<\/p>\n<p>&nbsp;<\/p>\n<p><em>Roma \u00e8 capitale e \u201ccasa\u201d fisica e simbolica delle istituzioni politiche e religiose: perci\u00f2 deve essere presidio dei valori di giustizia sociale scritti nella nostra Costituzione. Roma deve rappresentare la via maestra nel contrasto a mafie e corruzione.<\/em><\/p>\n<p><strong>PUNTATA 01 18 MARZO 2024 mattina\u00a0 &#8211; ANGELO VASSALLO <\/strong>3A CANALE<strong>\u00a0<\/strong><\/p>\n<audio class=\"wp-audio-shortcode\" id=\"audio-379816-12\" preload=\"none\" style=\"width: 100%;\" controls=\"controls\"><source type=\"audio\/mpeg\" src=\"https:\/\/www.radiopiu.net\/wordpress\/wp-content\/uploads\/2024\/03\/LIBERA-1.mp3?_=12\" \/><a href=\"https:\/\/www.radiopiu.net\/wordpress\/wp-content\/uploads\/2024\/03\/LIBERA-1.mp3\">https:\/\/www.radiopiu.net\/wordpress\/wp-content\/uploads\/2024\/03\/LIBERA-1.mp3<\/a><\/audio>\n<p>&nbsp;<\/p>\n<p><em>\u00a0<\/em><\/p>\n<hr \/>\n<p><em>\u00a0<\/em><\/p>\n<p><em>\u201cRoma citt\u00e0 libera\u201d \u00e8 uno slogan che evoca il capolavoro del neorealismo \u201cRoma citt\u00e0 aperta\u201d: un\u2019opera d\u2019arte che parla di resistenza e della lotta per la libert\u00e0. A ottant\u2019anni dalla liberazione dell\u2019occupazione nazi-fascista, oggi Roma deve nuovamente aprirsi e liberarsi.<\/em><\/p>\n<p><strong>PUNTATA 02 18 MARZO 2024 sera\u00a0 &#8211; PASQUALE ALMERICO <\/strong>Marilisa Luchetta<\/p>\n<audio class=\"wp-audio-shortcode\" id=\"audio-379816-13\" preload=\"none\" style=\"width: 100%;\" controls=\"controls\"><source type=\"audio\/mpeg\" src=\"https:\/\/www.radiopiu.net\/wordpress\/wp-content\/uploads\/2024\/03\/LIBERA-8.mp3?_=13\" \/><a href=\"https:\/\/www.radiopiu.net\/wordpress\/wp-content\/uploads\/2024\/03\/LIBERA-8.mp3\">https:\/\/www.radiopiu.net\/wordpress\/wp-content\/uploads\/2024\/03\/LIBERA-8.mp3<\/a><\/audio>\n<p>&nbsp;<\/p>\n<hr \/>\n<p>&nbsp;<\/p>\n<p><em>&#8220;Con Roma tutte le nostre citt\u00e0 sono chiamate ad aprirsi e liberarsi. A Roma noi, idealmente, accostiamo Agordo e Belluno&#8221;\u00a0<\/em><\/p>\n<p><strong>\u00a0<\/strong><strong>PUNTATA 03 19 MARZ0 2024 mattina\u00a0 \u00a0&#8211; PIERSANTI MATTARELLA <\/strong>2A CANALE<\/p>\n<audio class=\"wp-audio-shortcode\" id=\"audio-379816-14\" preload=\"none\" style=\"width: 100%;\" controls=\"controls\"><source type=\"audio\/mpeg\" src=\"https:\/\/www.radiopiu.net\/wordpress\/wp-content\/uploads\/2024\/03\/LIBERA-3.mp3?_=14\" \/><a href=\"https:\/\/www.radiopiu.net\/wordpress\/wp-content\/uploads\/2024\/03\/LIBERA-3.mp3\">https:\/\/www.radiopiu.net\/wordpress\/wp-content\/uploads\/2024\/03\/LIBERA-3.mp3<\/a><\/audio>\n<p><em>\u00a0<\/em><\/p>\n<hr \/>\n<p><em> \u00a0<\/em><\/p>\n<p><em>&#8220;Roma COME Belluno e come Agordo citt\u00e0 LIBERA dalle mafie e dalla corruzione&#8221;.\u00a0\u00a0<\/em><\/p>\n<p><strong>PUNTATA 04 19 MARZO 2024 sera &#8211; NICOL\u00d2 AZOTI <\/strong>Michele\u00a0 Zamengo<\/p>\n<audio class=\"wp-audio-shortcode\" id=\"audio-379816-15\" preload=\"none\" style=\"width: 100%;\" controls=\"controls\"><source type=\"audio\/mpeg\" src=\"https:\/\/www.radiopiu.net\/wordpress\/wp-content\/uploads\/2024\/03\/LIBERA-7-1.mp3?_=15\" \/><a href=\"https:\/\/www.radiopiu.net\/wordpress\/wp-content\/uploads\/2024\/03\/LIBERA-7-1.mp3\">https:\/\/www.radiopiu.net\/wordpress\/wp-content\/uploads\/2024\/03\/LIBERA-7-1.mp3<\/a><\/audio>\n<p>&nbsp;<\/p>\n<p>&nbsp;<\/p>\n<p>&nbsp;<\/p>\n<hr \/>\n<p>&nbsp;<\/p>\n<blockquote>\n<h2>feste in vallata, dai Piani di Pezze&#8217; alla sagra de Pasca<\/h2>\n<\/blockquote>\n\n\t\t\t<style type='text\/css'>\n\t\t\t\t#gallery-6 {\n\t\t\t\t\tmargin: auto;\n\t\t\t\t}\n\t\t\t\t#gallery-6 .gallery-item {\n\t\t\t\t\tfloat: left;\n\t\t\t\t\tmargin-top: 10px;\n\t\t\t\t\ttext-align: center;\n\t\t\t\t\twidth: 50%;\n\t\t\t\t}\n\t\t\t\t#gallery-6 img {\n\t\t\t\t\tborder: 2px solid #cfcfcf;\n\t\t\t\t}\n\t\t\t\t#gallery-6 .gallery-caption {\n\t\t\t\t\tmargin-left: 0;\n\t\t\t\t}\n\t\t\t\t\/* see gallery_shortcode() in wp-includes\/media.php *\/\n\t\t\t<\/style>\n\t\t<div id='gallery-6' class='dt-gallery-container gallery galleryid-379816 gallery-columns-2 gallery-size-medium'><dl class='gallery-item'>\n\t\t\t\t<dt class='gallery-icon portrait'>\n\t\t\t\t\t<a class=\"rollover rollover-zoom dt-pswp-item\" title=\"PASCA\" data-dt-img-description=\"\" data-large_image_width=\"449\" data-large_image_height=\"628\"href='https:\/\/www.radiopiu.net\/wordpress\/wp-content\/uploads\/2024\/03\/Senza-nome-15.png'><img loading=\"lazy\" decoding=\"async\" width=\"214\" height=\"300\" src=\"https:\/\/www.radiopiu.net\/wordpress\/wp-content\/uploads\/2024\/03\/Senza-nome-15-214x300.png\" class=\"attachment-medium size-medium\" alt=\"\" srcset=\"https:\/\/www.radiopiu.net\/wordpress\/wp-content\/uploads\/2024\/03\/Senza-nome-15-214x300.png 214w, https:\/\/www.radiopiu.net\/wordpress\/wp-content\/uploads\/2024\/03\/Senza-nome-15.png 449w\" sizes=\"auto, (max-width: 214px) 100vw, 214px\" \/><\/a>\n\t\t\t\t<\/dt><\/dl><dl class='gallery-item'>\n\t\t\t\t<dt class='gallery-icon portrait'>\n\t\t\t\t\t<a class=\"rollover rollover-zoom dt-pswp-item\" title=\"4569b749-c5f0-4645-89e4-2297915919ec\" data-dt-img-description=\"\" data-large_image_width=\"1415\" data-large_image_height=\"2000\"href='https:\/\/www.radiopiu.net\/wordpress\/wp-content\/uploads\/2024\/03\/4569b749-c5f0-4645-89e4-2297915919ec.jpg'><img loading=\"lazy\" decoding=\"async\" width=\"212\" height=\"300\" src=\"https:\/\/www.radiopiu.net\/wordpress\/wp-content\/uploads\/2024\/03\/4569b749-c5f0-4645-89e4-2297915919ec-212x300.jpg\" class=\"attachment-medium size-medium\" alt=\"\" srcset=\"https:\/\/www.radiopiu.net\/wordpress\/wp-content\/uploads\/2024\/03\/4569b749-c5f0-4645-89e4-2297915919ec-212x300.jpg 212w, https:\/\/www.radiopiu.net\/wordpress\/wp-content\/uploads\/2024\/03\/4569b749-c5f0-4645-89e4-2297915919ec-724x1024.jpg 724w, https:\/\/www.radiopiu.net\/wordpress\/wp-content\/uploads\/2024\/03\/4569b749-c5f0-4645-89e4-2297915919ec-768x1086.jpg 768w, https:\/\/www.radiopiu.net\/wordpress\/wp-content\/uploads\/2024\/03\/4569b749-c5f0-4645-89e4-2297915919ec-1087x1536.jpg 1087w, https:\/\/www.radiopiu.net\/wordpress\/wp-content\/uploads\/2024\/03\/4569b749-c5f0-4645-89e4-2297915919ec.jpg 1415w\" sizes=\"auto, (max-width: 212px) 100vw, 212px\" \/><\/a>\n\t\t\t\t<\/dt><\/dl><br style=\"clear: both\" \/>\n\t\t\t<\/div>\n\n<p>&nbsp;<\/p>\n<p>&nbsp;<\/p>\n<p>&nbsp;<\/p>\n<p>&nbsp;<\/p>\n<p>&nbsp;<\/p>\n<p>&nbsp;<\/p>\n<hr \/>\n<p>&nbsp;<\/p>\n<blockquote>\n<h3><a class=\"dt-pswp-item\" href=\"https:\/\/www.radiopiu.net\/wordpress\/wp-content\/uploads\/2023\/01\/MUNICIPIO-LIMANA.png\" data-dt-img-description=\"\" data-large_image_width=\"1940\" data-large_image_height=\"1032\"><img loading=\"lazy\" decoding=\"async\" class=\"wp-image-318876 alignleft\" src=\"https:\/\/www.radiopiu.net\/wordpress\/wp-content\/uploads\/2023\/01\/MUNICIPIO-LIMANA-300x160.png\" alt=\"\" width=\"182\" height=\"97\" srcset=\"https:\/\/www.radiopiu.net\/wordpress\/wp-content\/uploads\/2023\/01\/MUNICIPIO-LIMANA-300x160.png 300w, https:\/\/www.radiopiu.net\/wordpress\/wp-content\/uploads\/2023\/01\/MUNICIPIO-LIMANA-1024x545.png 1024w, https:\/\/www.radiopiu.net\/wordpress\/wp-content\/uploads\/2023\/01\/MUNICIPIO-LIMANA-768x409.png 768w, https:\/\/www.radiopiu.net\/wordpress\/wp-content\/uploads\/2023\/01\/MUNICIPIO-LIMANA-1536x817.png 1536w, https:\/\/www.radiopiu.net\/wordpress\/wp-content\/uploads\/2023\/01\/MUNICIPIO-LIMANA.png 1940w\" sizes=\"auto, (max-width: 182px) 100vw, 182px\" \/><\/a>A LIMANA UN MESE DI MARZO RICCO DI APPUNTAMENTI CULTURALI<\/h3>\n<\/blockquote>\n<p><strong>DI ROBERTO BONA<\/strong><\/p>\n<audio class=\"wp-audio-shortcode\" id=\"audio-379816-16\" preload=\"none\" style=\"width: 100%;\" controls=\"controls\"><source type=\"audio\/mpeg\" src=\"https:\/\/www.radiopiu.net\/wordpress\/wp-content\/uploads\/2024\/03\/BONA-A-LIMANA-UN-MESE-DI-MARZO-RICCO-DI-APPUNTAMENTI-CULTURALI.mp3?_=16\" \/><a href=\"https:\/\/www.radiopiu.net\/wordpress\/wp-content\/uploads\/2024\/03\/BONA-A-LIMANA-UN-MESE-DI-MARZO-RICCO-DI-APPUNTAMENTI-CULTURALI.mp3\">https:\/\/www.radiopiu.net\/wordpress\/wp-content\/uploads\/2024\/03\/BONA-A-LIMANA-UN-MESE-DI-MARZO-RICCO-DI-APPUNTAMENTI-CULTURALI.mp3<\/a><\/audio>\n<p>&nbsp;<\/p>\n<hr \/>\n<p>&nbsp;<\/p>\n<h3><a class=\"dt-pswp-item\" href=\"https:\/\/www.radiopiu.net\/wordpress\/wp-content\/uploads\/2023\/08\/862c8c0d-fb55-49e7-875a-930f514a02a7.jpg\" data-dt-img-description=\"\" data-large_image_width=\"2048\" data-large_image_height=\"1536\"><img loading=\"lazy\" decoding=\"async\" class=\"wp-image-349786 alignleft\" src=\"https:\/\/www.radiopiu.net\/wordpress\/wp-content\/uploads\/2023\/08\/862c8c0d-fb55-49e7-875a-930f514a02a7-300x225.jpg\" alt=\"\" width=\"136\" height=\"102\" srcset=\"https:\/\/www.radiopiu.net\/wordpress\/wp-content\/uploads\/2023\/08\/862c8c0d-fb55-49e7-875a-930f514a02a7-300x225.jpg 300w, https:\/\/www.radiopiu.net\/wordpress\/wp-content\/uploads\/2023\/08\/862c8c0d-fb55-49e7-875a-930f514a02a7-1024x768.jpg 1024w, https:\/\/www.radiopiu.net\/wordpress\/wp-content\/uploads\/2023\/08\/862c8c0d-fb55-49e7-875a-930f514a02a7-768x576.jpg 768w, https:\/\/www.radiopiu.net\/wordpress\/wp-content\/uploads\/2023\/08\/862c8c0d-fb55-49e7-875a-930f514a02a7-1536x1152.jpg 1536w, https:\/\/www.radiopiu.net\/wordpress\/wp-content\/uploads\/2023\/08\/862c8c0d-fb55-49e7-875a-930f514a02a7.jpg 2048w\" sizes=\"auto, (max-width: 136px) 100vw, 136px\" \/><\/a>LAVORI PER INTERRAMENTO DELLA CONDOTTA IDRICA<\/h3>\n<p><strong>LA VALLE<\/strong> Il Comune La Valle Agordina ordina la sospensione temporanea della circolazione veicolare sulla viabilit\u00e0 Silvo-pastorale di Fres, dall&#8217;11\/03\/2024 al 24\/06\/2024, dalle 7 alle 18 dal luned\u00ec al venerd\u00ec, esclusi sabato e domenica. Viene istituito il divieto di transito pedonale e con biciclette dalla localit\u00e0 Piaia fino a Pra de Val, con l&#8217;altro lato del divieto al ponte sul torrente Rova di Caleda. Analogamente, \u00e8 vietato il transito pedonale e con biciclette su parte del sentiero CAI n.551 (Strada Vicinale di Pepolade) dal 11\/03\/2024 al 24\/06\/2024 per l&#8217;intera durata delle 24 ore.<\/p>\n<p>&nbsp;<\/p>\n<p>&nbsp;<\/p>\n<hr \/>\n<p>&nbsp;<\/p>\n<blockquote>\n<h3>ARIA D&#8217;INVERN, IL CONCORSO FOTOGRAFICO A CENCENIGHE<\/h3>\n<\/blockquote>\n<p><strong><img loading=\"lazy\" decoding=\"async\" class=\"alignleft\" src=\"https:\/\/www.radiopiu.net\/wordpress\/wp-content\/uploads\/2024\/01\/Senza-nome-41.png\" width=\"375\" height=\"201\" \/>CENCENIGHE<\/strong> La Pro Loco di Cencenighe ha organizzato un concorso fotografico dal titolo &#8220;Aria D&#8217;Invern&#8221;. Chi volesse partecipare pu\u00f2 inviare gli scatti fino al 31 marzo alla mail ariadinvern@gmail.com seguiranno le premiazioni e, nel mese di luglio, l&#8217;esposizione delle foto al Nof Fil\u00f2. Regolamento completo sul sito www.prolococencenighe.it<\/p>\n<p>&nbsp;<\/p>\n<p>&nbsp;<\/p>\n<p>&nbsp;<\/p>\n<p><strong>L&#8217;INTERVISTA ALLA RADIO CON ORIETTA SCARDANZAN, MILENA SOPPELSA, FRANCESCA TRENTIN\u00a0 12 GENNAIO 2024<\/strong><\/p>\n<audio class=\"wp-audio-shortcode\" id=\"audio-379816-17\" preload=\"none\" style=\"width: 100%;\" controls=\"controls\"><source type=\"audio\/mpeg\" src=\"https:\/\/www.radiopiu.net\/wordpress\/wp-content\/uploads\/2024\/03\/ARIA-DINVERN-CONCORSO-FOTO-SECONDA.mp3?_=17\" \/><a href=\"https:\/\/www.radiopiu.net\/wordpress\/wp-content\/uploads\/2024\/03\/ARIA-DINVERN-CONCORSO-FOTO-SECONDA.mp3\">https:\/\/www.radiopiu.net\/wordpress\/wp-content\/uploads\/2024\/03\/ARIA-DINVERN-CONCORSO-FOTO-SECONDA.mp3<\/a><\/audio>\n<p>&nbsp;<\/p>\n<hr \/>\n<p>&nbsp;<\/p>\n<h2><span style=\"color: #ff6600;\">IERI ALLA RADIO\u00a0<\/span><\/h2>\n<h2><span style=\"color: #008080;\">&#8220;DINTORN E FORA VIA&#8221;\u00a0 IL PROGRAMMA\u00a0 A CURA DEL MUSLA<\/span><\/h2>\n<p><strong><a class=\"dt-pswp-item\" href=\"https:\/\/www.radiopiu.net\/wordpress\/wp-content\/uploads\/2024\/02\/file-e1707208139238.jpg\" data-dt-img-description=\"\" data-large_image_width=\"640\" data-large_image_height=\"640\"><img loading=\"lazy\" decoding=\"async\" class=\"wp-image-373423 alignleft\" src=\"https:\/\/www.radiopiu.net\/wordpress\/wp-content\/uploads\/2024\/02\/file-e1707208139238-300x300.jpg\" alt=\"\" width=\"103\" height=\"103\" srcset=\"https:\/\/www.radiopiu.net\/wordpress\/wp-content\/uploads\/2024\/02\/file-e1707208139238-300x300.jpg 300w, https:\/\/www.radiopiu.net\/wordpress\/wp-content\/uploads\/2024\/02\/file-e1707208139238-150x150.jpg 150w, https:\/\/www.radiopiu.net\/wordpress\/wp-content\/uploads\/2024\/02\/file-e1707208139238.jpg 640w\" sizes=\"auto, (max-width: 103px) 100vw, 103px\" \/><\/a>PUNTATA DEL 19 MARZO, VERONICA LEZUO<\/strong><\/p>\n<audio class=\"wp-audio-shortcode\" id=\"audio-379816-18\" preload=\"none\" style=\"width: 100%;\" controls=\"controls\"><source type=\"audio\/mpeg\" src=\"https:\/\/www.radiopiu.net\/wordpress\/wp-content\/uploads\/2024\/03\/MUSLA-6.mp3?_=18\" \/><a href=\"https:\/\/www.radiopiu.net\/wordpress\/wp-content\/uploads\/2024\/03\/MUSLA-6.mp3\">https:\/\/www.radiopiu.net\/wordpress\/wp-content\/uploads\/2024\/03\/MUSLA-6.mp3<\/a><\/audio>\n<p>&nbsp;<\/p>\n<h2>LA RACCOLTA COMPLETA <a href=\"https:\/\/www.radiopiu.net\/wordpress\/musla\/\">CLICCA QUI<\/a><\/h2>\n<p>&nbsp;<\/p>\n<p>&nbsp;<\/p>\n<hr \/>\n<p>&nbsp;<\/p>\n<h2><span style=\"color: #3366ff;\">EL DARLIN<\/span><\/h2>\n<p><span style=\"color: #ff0000;\"><strong>PUNTATA 08 LIVIA PANIGAS<\/strong><\/span><\/p>\n\n\t\t\t<style type='text\/css'>\n\t\t\t\t#gallery-7 {\n\t\t\t\t\tmargin: auto;\n\t\t\t\t}\n\t\t\t\t#gallery-7 .gallery-item {\n\t\t\t\t\tfloat: left;\n\t\t\t\t\tmargin-top: 10px;\n\t\t\t\t\ttext-align: center;\n\t\t\t\t\twidth: 100%;\n\t\t\t\t}\n\t\t\t\t#gallery-7 img {\n\t\t\t\t\tborder: 2px solid #cfcfcf;\n\t\t\t\t}\n\t\t\t\t#gallery-7 .gallery-caption {\n\t\t\t\t\tmargin-left: 0;\n\t\t\t\t}\n\t\t\t\t\/* see gallery_shortcode() in wp-includes\/media.php *\/\n\t\t\t<\/style>\n\t\t<div id='gallery-7' class='dt-gallery-container gallery galleryid-379816 gallery-columns-1 gallery-size-medium'><dl class='gallery-item'>\n\t\t\t\t<dt class='gallery-icon portrait'>\n\t\t\t\t\t<a class=\"rollover rollover-zoom dt-pswp-item\" title=\"livia panigas e figlio\" data-dt-img-description=\"\" data-large_image_width=\"977\" data-large_image_height=\"1230\"href='https:\/\/www.radiopiu.net\/wordpress\/wp-content\/uploads\/2024\/03\/livia-panigas-e-figlio-2.jpeg'><img loading=\"lazy\" decoding=\"async\" width=\"238\" height=\"300\" src=\"https:\/\/www.radiopiu.net\/wordpress\/wp-content\/uploads\/2024\/03\/livia-panigas-e-figlio-2-238x300.jpeg\" class=\"attachment-medium size-medium\" alt=\"\" aria-describedby=\"gallery-7-379633\" srcset=\"https:\/\/www.radiopiu.net\/wordpress\/wp-content\/uploads\/2024\/03\/livia-panigas-e-figlio-2-238x300.jpeg 238w, https:\/\/www.radiopiu.net\/wordpress\/wp-content\/uploads\/2024\/03\/livia-panigas-e-figlio-2-813x1024.jpeg 813w, https:\/\/www.radiopiu.net\/wordpress\/wp-content\/uploads\/2024\/03\/livia-panigas-e-figlio-2-768x967.jpeg 768w, https:\/\/www.radiopiu.net\/wordpress\/wp-content\/uploads\/2024\/03\/livia-panigas-e-figlio-2.jpeg 977w\" sizes=\"auto, (max-width: 238px) 100vw, 238px\" \/><\/a>\n\t\t\t\t<\/dt>\n\t\t\t\t\t<dd class='wp-caption-text gallery-caption' id='gallery-7-379633'>\n\t\t\t\t\tLIVIA PANIGAS\n\t\t\t\t\t<\/dd><\/dl><br style=\"clear: both\" \/>\n\t\t\t<\/div>\n\n<p>&nbsp;<\/p>\n<p><strong>PRIMA PARTE<\/strong><\/p>\n<audio class=\"wp-audio-shortcode\" id=\"audio-379816-19\" preload=\"none\" style=\"width: 100%;\" controls=\"controls\"><source type=\"audio\/mpeg\" src=\"https:\/\/www.radiopiu.net\/wordpress\/wp-content\/uploads\/2024\/03\/DA1-5.mp3?_=19\" \/><a href=\"https:\/\/www.radiopiu.net\/wordpress\/wp-content\/uploads\/2024\/03\/DA1-5.mp3\">https:\/\/www.radiopiu.net\/wordpress\/wp-content\/uploads\/2024\/03\/DA1-5.mp3<\/a><\/audio>\n<p><strong>\u00a0<\/strong><\/p>\n<p><strong>SECONDA PARTE<\/strong><\/p>\n<audio class=\"wp-audio-shortcode\" id=\"audio-379816-20\" preload=\"none\" style=\"width: 100%;\" controls=\"controls\"><source type=\"audio\/mpeg\" src=\"https:\/\/www.radiopiu.net\/wordpress\/wp-content\/uploads\/2024\/03\/DA2-5.mp3?_=20\" \/><a href=\"https:\/\/www.radiopiu.net\/wordpress\/wp-content\/uploads\/2024\/03\/DA2-5.mp3\">https:\/\/www.radiopiu.net\/wordpress\/wp-content\/uploads\/2024\/03\/DA2-5.mp3<\/a><\/audio>\n<p><strong>\u00a0<\/strong><\/p>\n<p>&nbsp;<\/p>\n<h2>LA RACCOLTA COMPLETA <a href=\"https:\/\/www.radiopiu.net\/wordpress\/da-daa08\/\">CLICCA QUI<\/a><\/h2>\n<p>&nbsp;<\/p>\n<hr \/>\n<p>&nbsp;<\/p>\n<h2><span style=\"color: #ff0000;\"><a class=\"dt-pswp-item\" href=\"https:\/\/www.radiopiu.net\/wordpress\/wp-content\/uploads\/2018\/09\/appuntamenti.jpeg\" data-dt-img-description=\"\" data-large_image_width=\"800\" data-large_image_height=\"100\"><img loading=\"lazy\" decoding=\"async\" class=\"wp-image-61958 size-full aligncenter\" src=\"https:\/\/www.radiopiu.net\/wordpress\/wp-content\/uploads\/2018\/09\/appuntamenti.jpeg\" alt=\"\" width=\"800\" height=\"100\" srcset=\"https:\/\/www.radiopiu.net\/wordpress\/wp-content\/uploads\/2018\/09\/appuntamenti.jpeg 800w, https:\/\/www.radiopiu.net\/wordpress\/wp-content\/uploads\/2018\/09\/appuntamenti-300x38.jpeg 300w, https:\/\/www.radiopiu.net\/wordpress\/wp-content\/uploads\/2018\/09\/appuntamenti-768x96.jpeg 768w\" sizes=\"auto, (max-width: 800px) 100vw, 800px\" \/><\/a><\/span><\/h2>\n<div>\n<div class=\"\" dir=\"auto\">\n<div id=\":r9h:\" class=\"x1iorvi4 x1pi30zi x1l90r2v x1swvt13\" data-ad-comet-preview=\"message\" data-ad-preview=\"message\">\n<div class=\"x78zum5 xdt5ytf xz62fqu x16ldp7u\">\n<div class=\"xu06os2 x1ok221b\">\n<p>&nbsp;<\/p>\n<blockquote>\n<h1><\/h1>\n<h1><strong> <a class=\"dt-pswp-item\" href=\"https:\/\/www.radiopiu.net\/wordpress\/wp-content\/uploads\/2024\/03\/432768131_122132584064160070_893759731308900904_n.jpg\" data-dt-img-description=\"\" data-large_image_width=\"526\" data-large_image_height=\"526\"><img loading=\"lazy\" decoding=\"async\" class=\" wp-image-379833 alignleft\" src=\"https:\/\/www.radiopiu.net\/wordpress\/wp-content\/uploads\/2024\/03\/432768131_122132584064160070_893759731308900904_n-300x300.jpg\" alt=\"\" width=\"186\" height=\"186\" srcset=\"https:\/\/www.radiopiu.net\/wordpress\/wp-content\/uploads\/2024\/03\/432768131_122132584064160070_893759731308900904_n-300x300.jpg 300w, https:\/\/www.radiopiu.net\/wordpress\/wp-content\/uploads\/2024\/03\/432768131_122132584064160070_893759731308900904_n-150x150.jpg 150w, https:\/\/www.radiopiu.net\/wordpress\/wp-content\/uploads\/2024\/03\/432768131_122132584064160070_893759731308900904_n.jpg 526w\" sizes=\"auto, (max-width: 186px) 100vw, 186px\" \/><\/a>AL CINEMA DOLOMITI DI FALCADE\u00a0<\/strong><\/h1>\n<\/blockquote>\n<p><strong>VACANZE PASQUALI AL CINEMA DOLOMITI DI FALCADE, RIAPRE LA SALA IN CENTRO AL PAESE. RIPRESA STAGIONALE CON UN GRANDE PELLICOLA NEL RICORDO DI BOB MARLEY ONE LOVE&#8230; <\/strong><strong>VENERDI E SABATO ALLE 21, DOMENICA ALLE 15.30 E ALLE 21.<br \/>\n<\/strong>BOB MARLEY &#8211; ONE LOVE La vita, il talento, i difetti, le passioni, l&#8217;impegno, ma soprattutto la Musica di una delle icone pi\u00f9 grandi di sempre: Bob Marley. di Reinaldo Marcus Green | Biografico &#8211; 107 minuti con Kingsley Ben-Adir &#8211; Lashana Lynch<\/p>\n<div class=\"x11i5rnm xat24cr x1mh8g0r x1vvkbs xtlvy1s x126k92a\">\n<div dir=\"auto\">22 Marzo 2024 | Ore 21:00;\u00a0 23 Marzo 2024 | Ore 21:00;\u00a0 24 Marzo 2024 | Ore 15:30 e 21:00;\u00a001 Aprile 2024 | Ore 15:30 e 21:00<\/div>\n<\/div>\n<p>&nbsp;<\/p>\n<p>&nbsp;<\/p>\n<p>&nbsp;<\/p>\n<p><strong>BELLUNO<\/strong> Oggi alle 18 in Sala Bianchi a Belluno vi sar\u00e0 una serata speciale del ciclo &#8220;Pedali e altre storie&#8221; di FIAB Belluno. La serata sar\u00e0 dedicata alla presentazione del nuovo libro di Flavio Faoro &#8220;Passeggiate in Val Belluna &#8211; Alla scoperta di oltre cento antiche chiesette&#8221;<\/p>\n<p><strong>LIMANA<\/strong> Oggi alle 20:30, nella Sala Nocivelli di Limana, si terr\u00e0 il terzo appuntamento della rassegna Assaggi di libri. Gianluca Ascione presenter\u00e0 il suo libro &#8220;Incolpevoli per aver commesso il fatto&#8221;. L&#8217;evento \u00e8 dedicato alla Giornata della memoria e dell&#8217;impegno in ricordo delle vittime innocenti delle mafie.<\/p>\n<p><strong>BELLUNO <\/strong>Il Circolo culturale La Terra dei Padri Belluno ospita venerd\u00ec alle 17:45 una conferenza su &#8220;Miles et militaria dell&#8217;et\u00e0 romana nel Bellunese&#8221;, tenuta da Filippo Favilli e Paolo Viel. Approfondiranno aspetti sociali, economici e geopolitici della presenza militare romana, con focus sulla vita del soldato, equipaggiamento e reperti ritrovati.<\/p>\n<p><b>SEREN DEL GRAPPA <\/b>Incontro venerd\u00ec 22 marzo 2024 a Seren del Grappa sulla Giornata Mondiale dell&#8217;Acqua, Biblioteca Comunale, interventi di Valter Bonan, Daniele Gubert, Ezio De Cet, moderatore Lucio Dorz.<\/p>\n<p><strong>BELLUNO<\/strong> Venerd\u00ec 22 marzo, ore 20:30, Seminario Gregoriano di Belluno: terza conferenza sulle celebrazioni dei 700 anni di San Pietro. Caterina Costa presenter\u00e0 la sua tesi sui manoscritti miniati della Biblioteca Lolliniana, con focus su tre pregevoli opere. Prossimo incontro il 12 aprile con Aurora Frescura. Organizzato dal Seminario Gregoriano, Biblioteca Gregoriana, Associazione culturale \u201cCampedel\u201d e Biblioteca civica di Belluno per valorizzare il patrimonio artistico e librario della diocesi.<\/p>\n<p><strong>BELLUNO<\/strong> Si terr\u00e0 sabato 23 marzo alle ore 14:30 in Sala Teatro del Centro congressi Giovanni 23mo di Belluno il convegno dal titolo \u201cProgramma OMS Organizzazione Mondiale della Sanit\u00e0: democrazia in pericolo\u201d? Introdurr\u00e0 l\u2019incontro il dottor Filiberto Dal Molin, medico radiologo. Moderatrice del convegno la dottoressa Gioia Locati, giornalista e scrittrice.<\/p>\n<p><strong>FELTRE<\/strong> Domenica alle 11, al Centro Astronomico di Arson, si terr\u00e0 un evento dedicato all&#8217;osservazione del Sole ad alta risoluzione. Sar\u00e0 possibile osservare la stella sia nella luce visibile che nella luce d&#8217;idrogeno, utilizzando vari schemi filtranti disponibili nell&#8217;osservatorio, garantendo condizioni di sicurezza assoluta. L&#8217;evento includer\u00e0 anche la proiezione del cielo della stagione al planetario e spettacoli riguardanti il Sole. L&#8217;ingresso costa 5 \u20ac, ma \u00e8 gratuito per soci e bambini fino a 11 anni.<\/p>\n<h3 dir=\"auto\"><\/h3>\n<h2><span style=\"color: #ff0000;\">PROSSIMAMENTE&#8230;<\/span><\/h2>\n<p><strong>ALLEGHE<\/strong> Sabato 6 aprile gli Amici di Thierry organizzano il primo Piani Di Pezz\u00e8 Trophy, esibizione di Ape Car Elaborate su tracciato neve ghiaccio ai Piani di Pezz\u00e8 di Alleghe. Servizio cabinovia e servizio ristorazione alla Grande Baita Civetta e alla sera musica con DJ.<\/p>\n<p>&nbsp;<\/p>\n<\/div>\n<\/div>\n<\/div>\n<\/div>\n<\/div>\n<div class=\"\" dir=\"auto\">\n<div id=\":r9h:\" class=\"x1iorvi4 x1pi30zi x1l90r2v x1swvt13\" data-ad-comet-preview=\"message\" data-ad-preview=\"message\">\n<div class=\"x78zum5 xdt5ytf xz62fqu x16ldp7u\">\n<div class=\"xu06os2 x1ok221b\">\n<h3 dir=\"auto\"><a class=\"dt-pswp-item\" href=\"https:\/\/www.radiopiu.net\/wordpress\/wp-content\/uploads\/2024\/03\/431799071_3701462953469797_3407377256265811588_n.jpg\" data-dt-img-description=\"\" data-large_image_width=\"512\" data-large_image_height=\"640\"><img loading=\"lazy\" decoding=\"async\" class=\"size-medium wp-image-378141 alignleft\" src=\"https:\/\/www.radiopiu.net\/wordpress\/wp-content\/uploads\/2024\/03\/431799071_3701462953469797_3407377256265811588_n-240x300.jpg\" alt=\"\" width=\"240\" height=\"300\" srcset=\"https:\/\/www.radiopiu.net\/wordpress\/wp-content\/uploads\/2024\/03\/431799071_3701462953469797_3407377256265811588_n-240x300.jpg 240w, https:\/\/www.radiopiu.net\/wordpress\/wp-content\/uploads\/2024\/03\/431799071_3701462953469797_3407377256265811588_n.jpg 512w\" sizes=\"auto, (max-width: 240px) 100vw, 240px\" \/><\/a><\/h3>\n<h3 dir=\"auto\">7 APRILE, LARESEI! SAVE THE DATE FESTIVAL &#8220;ULTIMISSIME&#8221; CON CAROLINA MARQUEZ, MASSIMILIANO OSSINI, CAMILLA RONCHI, ICE MC,\u00a0\u00a0\u00a0 NATHALIE AARTS, ALIEN CUT\u00a0 E SATURNINO Acquista il tuo biglietto d&#8217;ingresso al link: www.ciaotickets.com \u00a0 save-the-date-festival 7 APRILE RIFUGIO LARESEI SKI AREA SAN PELLEGRINO-FALCADE<\/h3>\n<\/div>\n<\/div>\n<\/div>\n<\/div>\n<div>\n<div class=\"\" dir=\"auto\">\n<div id=\":r9h:\" class=\"x1iorvi4 x1pi30zi x1l90r2v x1swvt13\" data-ad-comet-preview=\"message\" data-ad-preview=\"message\">\n\n\t\t\t<style type='text\/css'>\n\t\t\t\t#gallery-8 {\n\t\t\t\t\tmargin: auto;\n\t\t\t\t}\n\t\t\t\t#gallery-8 .gallery-item {\n\t\t\t\t\tfloat: left;\n\t\t\t\t\tmargin-top: 10px;\n\t\t\t\t\ttext-align: center;\n\t\t\t\t\twidth: 25%;\n\t\t\t\t}\n\t\t\t\t#gallery-8 img {\n\t\t\t\t\tborder: 2px solid #cfcfcf;\n\t\t\t\t}\n\t\t\t\t#gallery-8 .gallery-caption {\n\t\t\t\t\tmargin-left: 0;\n\t\t\t\t}\n\t\t\t\t\/* see gallery_shortcode() in wp-includes\/media.php *\/\n\t\t\t<\/style>\n\t\t<div id='gallery-8' class='dt-gallery-container gallery galleryid-379816 gallery-columns-4 gallery-size-medium'><dl class='gallery-item'>\n\t\t\t\t<dt class='gallery-icon portrait'>\n\t\t\t\t\t<a class=\"rollover rollover-zoom dt-pswp-item\" title=\"SCR-20240306-qmql\" data-dt-img-description=\"\" data-large_image_width=\"1182\" data-large_image_height=\"1192\"href='https:\/\/www.radiopiu.net\/wordpress\/wp-content\/uploads\/2024\/03\/SCR-20240306-qmql.jpeg'><img loading=\"lazy\" decoding=\"async\" width=\"297\" height=\"300\" src=\"https:\/\/www.radiopiu.net\/wordpress\/wp-content\/uploads\/2024\/03\/SCR-20240306-qmql-297x300.jpeg\" class=\"attachment-medium size-medium\" alt=\"\" srcset=\"https:\/\/www.radiopiu.net\/wordpress\/wp-content\/uploads\/2024\/03\/SCR-20240306-qmql-297x300.jpeg 297w, https:\/\/www.radiopiu.net\/wordpress\/wp-content\/uploads\/2024\/03\/SCR-20240306-qmql-1015x1024.jpeg 1015w, https:\/\/www.radiopiu.net\/wordpress\/wp-content\/uploads\/2024\/03\/SCR-20240306-qmql-768x774.jpeg 768w, https:\/\/www.radiopiu.net\/wordpress\/wp-content\/uploads\/2024\/03\/SCR-20240306-qmql.jpeg 1182w\" sizes=\"auto, (max-width: 297px) 100vw, 297px\" \/><\/a>\n\t\t\t\t<\/dt><\/dl><dl class='gallery-item'>\n\t\t\t\t<dt class='gallery-icon landscape'>\n\t\t\t\t\t<a class=\"rollover rollover-zoom dt-pswp-item\" title=\"download\" data-dt-img-description=\"\" data-large_image_width=\"316\" data-large_image_height=\"315\"href='https:\/\/www.radiopiu.net\/wordpress\/wp-content\/uploads\/2024\/03\/download.jpg'><img loading=\"lazy\" decoding=\"async\" width=\"300\" height=\"300\" src=\"https:\/\/www.radiopiu.net\/wordpress\/wp-content\/uploads\/2024\/03\/download-300x300.jpg\" class=\"attachment-medium size-medium\" alt=\"\" srcset=\"https:\/\/www.radiopiu.net\/wordpress\/wp-content\/uploads\/2024\/03\/download-300x300.jpg 300w, https:\/\/www.radiopiu.net\/wordpress\/wp-content\/uploads\/2024\/03\/download-150x150.jpg 150w, https:\/\/www.radiopiu.net\/wordpress\/wp-content\/uploads\/2024\/03\/download.jpg 316w\" sizes=\"auto, (max-width: 300px) 100vw, 300px\" \/><\/a>\n\t\t\t\t<\/dt><\/dl><dl class='gallery-item'>\n\t\t\t\t<dt class='gallery-icon landscape'>\n\t\t\t\t\t<a class=\"rollover rollover-zoom dt-pswp-item\" title=\"download\" data-dt-img-description=\"\" data-large_image_width=\"640\" data-large_image_height=\"639\"href='https:\/\/www.radiopiu.net\/wordpress\/wp-content\/uploads\/2024\/02\/download-6.jpg'><img loading=\"lazy\" decoding=\"async\" width=\"300\" height=\"300\" src=\"https:\/\/www.radiopiu.net\/wordpress\/wp-content\/uploads\/2024\/02\/download-6-300x300.jpg\" class=\"attachment-medium size-medium\" alt=\"\" srcset=\"https:\/\/www.radiopiu.net\/wordpress\/wp-content\/uploads\/2024\/02\/download-6-300x300.jpg 300w, https:\/\/www.radiopiu.net\/wordpress\/wp-content\/uploads\/2024\/02\/download-6-150x150.jpg 150w, https:\/\/www.radiopiu.net\/wordpress\/wp-content\/uploads\/2024\/02\/download-6.jpg 640w\" sizes=\"auto, (max-width: 300px) 100vw, 300px\" \/><\/a>\n\t\t\t\t<\/dt><\/dl><dl class='gallery-item'>\n\t\t\t\t<dt class='gallery-icon landscape'>\n\t\t\t\t\t<a class=\"rollover rollover-zoom dt-pswp-item\" title=\"Senza nome\" data-dt-img-description=\"\" data-large_image_width=\"566\" data-large_image_height=\"463\"href='https:\/\/www.radiopiu.net\/wordpress\/wp-content\/uploads\/2024\/03\/Senza-nome-4.png'><img loading=\"lazy\" decoding=\"async\" width=\"300\" height=\"245\" src=\"https:\/\/www.radiopiu.net\/wordpress\/wp-content\/uploads\/2024\/03\/Senza-nome-4-300x245.png\" class=\"attachment-medium size-medium\" alt=\"\" srcset=\"https:\/\/www.radiopiu.net\/wordpress\/wp-content\/uploads\/2024\/03\/Senza-nome-4-300x245.png 300w, https:\/\/www.radiopiu.net\/wordpress\/wp-content\/uploads\/2024\/03\/Senza-nome-4.png 566w\" sizes=\"auto, (max-width: 300px) 100vw, 300px\" \/><\/a>\n\t\t\t\t<\/dt><\/dl><br style=\"clear: both\" \/><dl class='gallery-item'>\n\t\t\t\t<dt class='gallery-icon landscape'>\n\t\t\t\t\t<a class=\"rollover rollover-zoom dt-pswp-item\" title=\"download\" data-dt-img-description=\"\" data-large_image_width=\"640\" data-large_image_height=\"639\"href='https:\/\/www.radiopiu.net\/wordpress\/wp-content\/uploads\/2024\/02\/download-5.jpg'><img loading=\"lazy\" decoding=\"async\" width=\"300\" height=\"300\" src=\"https:\/\/www.radiopiu.net\/wordpress\/wp-content\/uploads\/2024\/02\/download-5-300x300.jpg\" class=\"attachment-medium size-medium\" alt=\"\" srcset=\"https:\/\/www.radiopiu.net\/wordpress\/wp-content\/uploads\/2024\/02\/download-5-300x300.jpg 300w, https:\/\/www.radiopiu.net\/wordpress\/wp-content\/uploads\/2024\/02\/download-5-150x150.jpg 150w, https:\/\/www.radiopiu.net\/wordpress\/wp-content\/uploads\/2024\/02\/download-5.jpg 640w\" sizes=\"auto, (max-width: 300px) 100vw, 300px\" \/><\/a>\n\t\t\t\t<\/dt><\/dl><dl class='gallery-item'>\n\t\t\t\t<dt class='gallery-icon landscape'>\n\t\t\t\t\t<a class=\"rollover rollover-zoom dt-pswp-item\" title=\"Senza nome\" data-dt-img-description=\"\" data-large_image_width=\"415\" data-large_image_height=\"390\"href='https:\/\/www.radiopiu.net\/wordpress\/wp-content\/uploads\/2024\/03\/Senza-nome-10.png'><img loading=\"lazy\" decoding=\"async\" width=\"300\" height=\"282\" src=\"https:\/\/www.radiopiu.net\/wordpress\/wp-content\/uploads\/2024\/03\/Senza-nome-10-300x282.png\" class=\"attachment-medium size-medium\" alt=\"\" srcset=\"https:\/\/www.radiopiu.net\/wordpress\/wp-content\/uploads\/2024\/03\/Senza-nome-10-300x282.png 300w, https:\/\/www.radiopiu.net\/wordpress\/wp-content\/uploads\/2024\/03\/Senza-nome-10.png 415w\" sizes=\"auto, (max-width: 300px) 100vw, 300px\" \/><\/a>\n\t\t\t\t<\/dt><\/dl><dl class='gallery-item'>\n\t\t\t\t<dt class='gallery-icon landscape'>\n\t\t\t\t\t<a class=\"rollover rollover-zoom dt-pswp-item\" title=\"19c21029-a0ef-4986-8081-9facbbbce065\" data-dt-img-description=\"\" data-large_image_width=\"1080\" data-large_image_height=\"1080\"href='https:\/\/www.radiopiu.net\/wordpress\/wp-content\/uploads\/2024\/02\/19c21029-a0ef-4986-8081-9facbbbce065.jpg'><img loading=\"lazy\" decoding=\"async\" width=\"300\" height=\"300\" src=\"https:\/\/www.radiopiu.net\/wordpress\/wp-content\/uploads\/2024\/02\/19c21029-a0ef-4986-8081-9facbbbce065-300x300.jpg\" class=\"attachment-medium size-medium\" alt=\"\" srcset=\"https:\/\/www.radiopiu.net\/wordpress\/wp-content\/uploads\/2024\/02\/19c21029-a0ef-4986-8081-9facbbbce065-300x300.jpg 300w, https:\/\/www.radiopiu.net\/wordpress\/wp-content\/uploads\/2024\/02\/19c21029-a0ef-4986-8081-9facbbbce065-1024x1024.jpg 1024w, https:\/\/www.radiopiu.net\/wordpress\/wp-content\/uploads\/2024\/02\/19c21029-a0ef-4986-8081-9facbbbce065-150x150.jpg 150w, https:\/\/www.radiopiu.net\/wordpress\/wp-content\/uploads\/2024\/02\/19c21029-a0ef-4986-8081-9facbbbce065-768x768.jpg 768w, https:\/\/www.radiopiu.net\/wordpress\/wp-content\/uploads\/2024\/02\/19c21029-a0ef-4986-8081-9facbbbce065.jpg 1080w\" sizes=\"auto, (max-width: 300px) 100vw, 300px\" \/><\/a>\n\t\t\t\t<\/dt><\/dl><dl class='gallery-item'>\n\t\t\t\t<dt class='gallery-icon landscape'>\n\t\t\t\t\t<a class=\"rollover rollover-zoom dt-pswp-item\" title=\"428458808_122124610286160269_8403615925720421881_n\" data-dt-img-description=\"\" data-large_image_width=\"526\" data-large_image_height=\"526\"href='https:\/\/www.radiopiu.net\/wordpress\/wp-content\/uploads\/2024\/02\/428458808_122124610286160269_8403615925720421881_n.jpg'><img loading=\"lazy\" decoding=\"async\" width=\"300\" height=\"300\" src=\"https:\/\/www.radiopiu.net\/wordpress\/wp-content\/uploads\/2024\/02\/428458808_122124610286160269_8403615925720421881_n-300x300.jpg\" class=\"attachment-medium size-medium\" alt=\"\" srcset=\"https:\/\/www.radiopiu.net\/wordpress\/wp-content\/uploads\/2024\/02\/428458808_122124610286160269_8403615925720421881_n-300x300.jpg 300w, https:\/\/www.radiopiu.net\/wordpress\/wp-content\/uploads\/2024\/02\/428458808_122124610286160269_8403615925720421881_n-150x150.jpg 150w, https:\/\/www.radiopiu.net\/wordpress\/wp-content\/uploads\/2024\/02\/428458808_122124610286160269_8403615925720421881_n.jpg 526w\" sizes=\"auto, (max-width: 300px) 100vw, 300px\" \/><\/a>\n\t\t\t\t<\/dt><\/dl><br style=\"clear: both\" \/>\n\t\t\t<\/div>\n\n<\/div>\n<\/div>\n<\/div>\n<blockquote>\n<div>\n<div class=\"\" dir=\"auto\">\n<div id=\":r9h:\" class=\"x1iorvi4 x1pi30zi x1l90r2v x1swvt13\" data-ad-comet-preview=\"message\" data-ad-preview=\"message\">\n<div class=\"x78zum5 xdt5ytf xz62fqu x16ldp7u\">\n<div class=\"xu06os2 x1ok221b\">\n<div dir=\"auto\"><\/div>\n<\/div>\n<\/div>\n<\/div>\n<\/div>\n<\/div>\n<\/blockquote>\n<p>&nbsp;<\/p>\n<p>&nbsp;<\/p>\n<hr \/>\n<p>&nbsp;<\/p>\n<p><a class=\"dt-pswp-item\" href=\"https:\/\/www.radiopiu.net\/wordpress\/wp-content\/uploads\/2018\/09\/viabilita.jpeg\" data-dt-img-description=\"\" data-large_image_width=\"800\" data-large_image_height=\"100\"><img loading=\"lazy\" decoding=\"async\" class=\"aligncenter wp-image-61954 size-full\" src=\"https:\/\/www.radiopiu.net\/wordpress\/wp-content\/uploads\/2018\/09\/viabilita.jpeg\" alt=\"\" width=\"800\" height=\"100\" srcset=\"https:\/\/www.radiopiu.net\/wordpress\/wp-content\/uploads\/2018\/09\/viabilita.jpeg 800w, https:\/\/www.radiopiu.net\/wordpress\/wp-content\/uploads\/2018\/09\/viabilita-300x38.jpeg 300w, https:\/\/www.radiopiu.net\/wordpress\/wp-content\/uploads\/2018\/09\/viabilita-768x96.jpeg 768w\" sizes=\"auto, (max-width: 800px) 100vw, 800px\" \/><\/a><\/p>\n<p>&nbsp;<\/p>\n<p><a class=\"dt-pswp-item\" href=\"https:\/\/www.radiopiu.net\/wordpress\/wp-content\/uploads\/2023\/12\/botol-car-service.jpg\" data-dt-img-description=\"\" data-large_image_width=\"600\" data-large_image_height=\"600\"><img loading=\"lazy\" decoding=\"async\" class=\"size-medium wp-image-367044 aligncenter\" src=\"https:\/\/www.radiopiu.net\/wordpress\/wp-content\/uploads\/2023\/12\/botol-car-service-300x300.jpg\" alt=\"\" width=\"300\" height=\"300\" srcset=\"https:\/\/www.radiopiu.net\/wordpress\/wp-content\/uploads\/2023\/12\/botol-car-service-300x300.jpg 300w, https:\/\/www.radiopiu.net\/wordpress\/wp-content\/uploads\/2023\/12\/botol-car-service-150x150.jpg 150w, https:\/\/www.radiopiu.net\/wordpress\/wp-content\/uploads\/2023\/12\/botol-car-service.jpg 600w\" sizes=\"auto, (max-width: 300px) 100vw, 300px\" \/><\/a><\/p>\n<p>&nbsp;<\/p>\n<p>&nbsp;<\/p>\n<h1>BOLLETTINO QUOTIDIANO, CLICCA QUI<\/h1>\n<blockquote class=\"wp-embedded-content\" data-secret=\"1Jo1oUGAml\"><p><a href=\"https:\/\/www.radiopiu.net\/wordpress\/viabilita\/\">viabilita<\/a><\/p><\/blockquote>\n<p><iframe loading=\"lazy\" class=\"wp-embedded-content\" sandbox=\"allow-scripts\" security=\"restricted\" style=\"position: absolute; clip: rect(1px, 1px, 1px, 1px);\" title=\"&#8220;viabilita&#8221; &#8212; Radio Pi\u00f9\" src=\"https:\/\/www.radiopiu.net\/wordpress\/viabilita\/embed\/#?secret=lpWhtVBgu2#?secret=1Jo1oUGAml\" data-secret=\"1Jo1oUGAml\" width=\"600\" height=\"338\" frameborder=\"0\" marginwidth=\"0\" marginheight=\"0\" scrolling=\"no\"><\/iframe><\/p>\n<hr \/>\n<p>&nbsp;<\/p>\n<p><a class=\"dt-pswp-item\" href=\"https:\/\/www.radiopiu.net\/wordpress\/wp-content\/uploads\/2018\/09\/WhatsApp-Image-2018-09-20-at-16.04.06.jpeg\" data-dt-img-description=\"\" data-large_image_width=\"800\" data-large_image_height=\"100\"><img loading=\"lazy\" decoding=\"async\" class=\"wp-image-61378 size-full aligncenter\" src=\"https:\/\/www.radiopiu.net\/wordpress\/wp-content\/uploads\/2018\/09\/WhatsApp-Image-2018-09-20-at-16.04.06.jpeg\" alt=\"\" width=\"800\" height=\"100\" srcset=\"https:\/\/www.radiopiu.net\/wordpress\/wp-content\/uploads\/2018\/09\/WhatsApp-Image-2018-09-20-at-16.04.06.jpeg 800w, https:\/\/www.radiopiu.net\/wordpress\/wp-content\/uploads\/2018\/09\/WhatsApp-Image-2018-09-20-at-16.04.06-300x38.jpeg 300w, https:\/\/www.radiopiu.net\/wordpress\/wp-content\/uploads\/2018\/09\/WhatsApp-Image-2018-09-20-at-16.04.06-768x96.jpeg 768w\" sizes=\"auto, (max-width: 800px) 100vw, 800px\" \/><\/a><\/p>\n<p><center><\/center><center><\/center><center><\/center><center><\/center><center><\/center><center><\/center>&nbsp;<\/p>\n<p><center><\/center><b>OGGI: <\/b>Al mattino ben soleggiato con cielo sereno, aria tersa ed ottima visibilit\u00e0 sulle Dolomiti, lo stesso in quota sulle Prealpi, mentre nubi basse e nebbie saranno presenti in alcune conche prealpine, localmente anche in Cadore. Nel pomeriggio velature via via pi\u00f9 estese assieme a qualche annuvolamento sui settori prealpini a ridosso della pedemontana. <b>Precipitazioni: <\/b>Assenti (0%). <b>Temperature: <\/b>In generale aumento con punte vicine ai 20\u00b0C nei fondovalle prealpini e superiori a 15\u00b0C a 1000-1200 m.<\/p>\n<p>&nbsp;<\/p>\n<hr \/>\n<p><center><\/center><b>DOMANI: <\/b>Gi\u00e0 coperto da nubi medie stratiformi al primo mattino su Dolomiti e velato sul Prealpi. In seguito intensificazione della nuvolosit\u00e0, spesso associata a debolissimi fenomeni sparsi. Alla sera rasserenamenti a partire dalle Dolomiti. <b>Precipitazioni: <\/b>Crescente probabilit\u00e0 fino a medio-alta\u00a0 <b>Temperature: <\/b>Generale aumento delle minime a tutte le quote; massime senza notevoli variazioni in quota e in diminuzione nelle valli.<\/p>\n<p>&nbsp;<\/p>\n<hr \/>\n<p><center><\/center><strong>VENERDI<\/strong> Sereno o poco nuvoloso per sottili nubi alte, ad eccezione di residui annuvolamenti mattutini sulle Dolomiti, prima che il sole torni, seppur spesso velato. Alla sera comparsa di nubi basse. Temperature pressoch\u00e9 stazionarie, salvo rialzo delle massime nelle valli.<\/p>\n<hr \/>\n<p><center><\/center><strong>SABATO<\/strong> Crescente nuvolosit\u00e0 e lieve peggioramento del tempo con precipitazioni in estensione a tutta la montagna entro le ore centrali del giorno. Limite della neve oltre i 2000 m, in abbassamento fino a 1500 m alla sera su Dolomiti e 1900 m sulle Prealpi. Temperature in generale calo con minime osservate alla sera in quota, eccetto aumento delle minime nelle valli.<\/p>\n<p>&nbsp;<\/p>\n<hr \/>\n<p>&nbsp;<\/p>\n<p><img loading=\"lazy\" decoding=\"async\" class=\"wp-image-60761 size-full aligncenter\" src=\"https:\/\/www.radiopiu.net\/wordpress\/wp-content\/uploads\/2018\/09\/sport.jpg\" alt=\"\" width=\"800\" height=\"100\" srcset=\"https:\/\/www.radiopiu.net\/wordpress\/wp-content\/uploads\/2018\/09\/sport.jpg 800w, https:\/\/www.radiopiu.net\/wordpress\/wp-content\/uploads\/2018\/09\/sport-300x38.jpg 300w, https:\/\/www.radiopiu.net\/wordpress\/wp-content\/uploads\/2018\/09\/sport-768x96.jpg 768w\" sizes=\"auto, (max-width: 800px) 100vw, 800px\" \/><\/p>\n<p>&nbsp;<\/p>\n<p><span style=\"color: #0000ff;\"><strong>HOCKEY SU GHIACCIO<\/strong><\/span><\/p>\n<blockquote>\n<h3>IL CORTINA\/ALLEGHE UNDER 16 BATTE AI RIGORI L&#8217;ALPS ICE ACADEMY E VOLA IN FINALE DI CAMPIONATO<\/h3>\n<\/blockquote>\n<p><strong><a class=\"dt-pswp-item\" href=\"https:\/\/www.radiopiu.net\/wordpress\/wp-content\/uploads\/2024\/03\/SCR-20240317-rnli.jpeg\" data-dt-img-description=\"\" data-large_image_width=\"1148\" data-large_image_height=\"754\"><img loading=\"lazy\" decoding=\"async\" class=\" wp-image-379611 alignleft\" src=\"https:\/\/www.radiopiu.net\/wordpress\/wp-content\/uploads\/2024\/03\/SCR-20240317-rnli-300x197.jpeg\" alt=\"\" width=\"196\" height=\"129\" srcset=\"https:\/\/www.radiopiu.net\/wordpress\/wp-content\/uploads\/2024\/03\/SCR-20240317-rnli-300x197.jpeg 300w, https:\/\/www.radiopiu.net\/wordpress\/wp-content\/uploads\/2024\/03\/SCR-20240317-rnli-1024x673.jpeg 1024w, https:\/\/www.radiopiu.net\/wordpress\/wp-content\/uploads\/2024\/03\/SCR-20240317-rnli-768x504.jpeg 768w, https:\/\/www.radiopiu.net\/wordpress\/wp-content\/uploads\/2024\/03\/SCR-20240317-rnli.jpeg 1148w\" sizes=\"auto, (max-width: 196px) 100vw, 196px\" \/><\/a>DI MARCO GAZ<\/strong><\/p>\n<p><span style=\"color: #ff0000;\"><strong>UNDER 16 \u2013 SEMIFINALI GARA 2<\/strong><\/span><\/p>\n<p><strong>CORTINA\/ALLEGHE \u2013 ALPS ICE ACADEMY 3-2 dtr<\/strong><\/p>\n<p>GOL CORTINA\/ALLEGHE: Fontanive, Levis. Rigori: Fontanive, Levis, Viel<\/p>\n<p>Il Cortina\/Alleghe \u00e8 in finale del campionato Under 16. I ragazzi della squadra mista bellunese strappano il pass per la finalissima dopo aver battuto ai tiri di rigore gli altoatesini del\u2019Alps Ice Academy. Una partita dalle due facce con i padroni di casa che passano in vantaggio per due volte e per due volte si fanno riprendere. A decretare la vincente di gara 2 sono i tiri di rigore dove i bellunesi vanno a segno 3 volte. Iniziano bene i padroni di casa che dopo appena 3\u2019 trovano la rete del vantaggio con Fontanive. La risposta degli altoatesini non si fa attendere e due giri di orologio pi\u00f9 tardi trovano il pareggio. Cortina\/Alleghe che non ci sta e prova a premere. Levis riporta in vantaggio i bellunesi e la prima frazione si chiude sul 2 a 1. Secondo drittel con gli ospiti che provano a pareggiare i conti ma la squadra mista bellunese non si fa sorprendere. Nel momento migliore per i padroni di casa, l\u2019Alps Academy trova il pareggio a un secondo dalla fine della seconda frazione. Terza frazione giocata alla pari con botta e risposta tra le due formazioni. Ultima parte di gara con gli altoatesini agguerriti alla ricerca del gol vittoria che non arriva. Si va all\u2019overtime ma a decidere la squadra che accede alla finalissima sono i tiri di rigore. Per il secondo anno consecutivo la collaborazione tra Alleghe e Cortina da i frutti sperati e ora i ragazzi under 16 dovranno prepararsi per giocare la finalissima al meglio delle 3 gare.<\/p>\n<p>&nbsp;<\/p>\n<p><span style=\"color: #0000ff;\"><strong>NUOTO<\/strong><\/span><\/p>\n<blockquote>\n<h3>PARA-SWIMMING WORLD SERIES: LA SPORTIVAMENTE BELLUNO BRILLA CON I \u201cMAGNIFICI QUATTRO\u201d<\/h3>\n<\/blockquote>\n<p><strong><a class=\"dt-pswp-item\" href=\"https:\/\/www.radiopiu.net\/wordpress\/wp-content\/uploads\/2024\/03\/Sportivamente_Belluno_a_Lignano.jpg\" data-dt-img-description=\"\" data-large_image_width=\"1600\" data-large_image_height=\"1200\"><img loading=\"lazy\" decoding=\"async\" class=\" wp-image-379913 alignleft\" src=\"https:\/\/www.radiopiu.net\/wordpress\/wp-content\/uploads\/2024\/03\/Sportivamente_Belluno_a_Lignano-300x225.jpg\" alt=\"\" width=\"171\" height=\"128\" srcset=\"https:\/\/www.radiopiu.net\/wordpress\/wp-content\/uploads\/2024\/03\/Sportivamente_Belluno_a_Lignano-300x225.jpg 300w, https:\/\/www.radiopiu.net\/wordpress\/wp-content\/uploads\/2024\/03\/Sportivamente_Belluno_a_Lignano-1024x768.jpg 1024w, https:\/\/www.radiopiu.net\/wordpress\/wp-content\/uploads\/2024\/03\/Sportivamente_Belluno_a_Lignano-768x576.jpg 768w, https:\/\/www.radiopiu.net\/wordpress\/wp-content\/uploads\/2024\/03\/Sportivamente_Belluno_a_Lignano-1536x1152.jpg 1536w, https:\/\/www.radiopiu.net\/wordpress\/wp-content\/uploads\/2024\/03\/Sportivamente_Belluno_a_Lignano.jpg 1600w\" sizes=\"auto, (max-width: 171px) 100vw, 171px\" \/><\/a>BELLUNO <\/strong>La Sportivamente Belluno ha ottenuto un risultato lusinghiero nella tappa di Lignano delle Citi Para-Swimming World Series, classificandosi al trentunesimo posto su 53 societ\u00e0. Nonostante solo quattro atleti in vasca, il loro risultato \u00e8 notevole, considerando che le prime classificate avevano un numero maggiore di partecipanti. Eleonora Dal Paos ha ottenuto ottimi risultati nei 50 dorso (1\u201917\u201d18), 50 stile (1\u201923\u201d57), e 100 stile (3\u201900\u201d33). Daniela Belletti ha fatto una buona prestazione nei 50 dorso (1\u201947\u201d69), superando avversarie temute. Enrico Giacomin ha confermato i tempi di iscrizione nei 100 e 400 stile (1\u201924\u201d32 e 6\u201914\u201d49), mentre Nicol\u00f2 Guido Pierni ha ottenuto il secondo posto nei 100 stile (1\u201909\u201d22). Il tecnico Silvia Casagrande commenta che la squadra \u00e8 in crescita, con margini di miglioramento, e continuer\u00e0 il lavoro svolto fino ad ora.<\/p>\n<p>&nbsp;<\/p>\n<hr \/>\n<p>&nbsp;<\/p>\n<h2><span style=\"color: #808000;\">GOODBYE BY BICICLE&#8230;UN VIAGGIO DALL&#8217;INDIA A SEREN DEL GRAPPA IN BICICLETTA<\/span><\/h2>\n<p><span style=\"color: #ff0000;\"><strong>PUNTATA 05 &#8211; CONTINUA IL VIAGGIO DI AIRE LILY E SCHNUCK<\/strong><\/span><\/p>\n<audio class=\"wp-audio-shortcode\" id=\"audio-379816-21\" preload=\"none\" style=\"width: 100%;\" controls=\"controls\"><source type=\"audio\/mpeg\" src=\"https:\/\/www.radiopiu.net\/wordpress\/wp-content\/uploads\/2024\/03\/INDIA-AIRE-PUNTATA-05-1.mp3?_=21\" \/><a href=\"https:\/\/www.radiopiu.net\/wordpress\/wp-content\/uploads\/2024\/03\/INDIA-AIRE-PUNTATA-05-1.mp3\">https:\/\/www.radiopiu.net\/wordpress\/wp-content\/uploads\/2024\/03\/INDIA-AIRE-PUNTATA-05-1.mp3<\/a><\/audio>\n<p>&nbsp;<\/p>\n<p><strong>PER VISITARE I SITI DEI LUOGHI VISITATI, CLICCA SULLE SEGUENTI SCRITTE: <a href=\"https:\/\/anandvanfoundation.org\/\">ANANDVAN FOUDATION<\/a>\u00a0 <a href=\"https:\/\/lendahandindia.org\/programs\/karigar-school-of-applied-learning\/\">KARIGAR<\/a>\u00a0 <a href=\"https:\/\/www.resqct.org\/\">RESCUE RIABILITAD ANIMALS<\/a><\/strong><\/p>\n\n\t\t\t<style type='text\/css'>\n\t\t\t\t#gallery-9 {\n\t\t\t\t\tmargin: auto;\n\t\t\t\t}\n\t\t\t\t#gallery-9 .gallery-item {\n\t\t\t\t\tfloat: left;\n\t\t\t\t\tmargin-top: 10px;\n\t\t\t\t\ttext-align: center;\n\t\t\t\t\twidth: 14%;\n\t\t\t\t}\n\t\t\t\t#gallery-9 img {\n\t\t\t\t\tborder: 2px solid #cfcfcf;\n\t\t\t\t}\n\t\t\t\t#gallery-9 .gallery-caption {\n\t\t\t\t\tmargin-left: 0;\n\t\t\t\t}\n\t\t\t\t\/* see gallery_shortcode() in wp-includes\/media.php *\/\n\t\t\t<\/style>\n\t\t<div id='gallery-9' class='dt-gallery-container gallery galleryid-379816 gallery-columns-7 gallery-size-thumbnail'><dl class='gallery-item'>\n\t\t\t\t<dt class='gallery-icon portrait'>\n\t\t\t\t\t<a class=\"rollover rollover-zoom dt-pswp-item\" title=\"c16ecf9e-3e79-41c1-8d38-3836a6962ead\" data-dt-img-description=\"\" data-large_image_width=\"1199\" data-large_image_height=\"1600\"href='https:\/\/www.radiopiu.net\/wordpress\/wp-content\/uploads\/2024\/03\/c16ecf9e-3e79-41c1-8d38-3836a6962ead.jpg'><img loading=\"lazy\" decoding=\"async\" width=\"150\" height=\"150\" src=\"https:\/\/www.radiopiu.net\/wordpress\/wp-content\/uploads\/2024\/03\/c16ecf9e-3e79-41c1-8d38-3836a6962ead-150x150.jpg\" class=\"attachment-thumbnail size-thumbnail\" alt=\"\" \/><\/a>\n\t\t\t\t<\/dt><\/dl><dl class='gallery-item'>\n\t\t\t\t<dt class='gallery-icon portrait'>\n\t\t\t\t\t<a class=\"rollover rollover-zoom dt-pswp-item\" title=\"af0728b4-3367-4a0a-a254-cdc91880096a\" data-dt-img-description=\"\" data-large_image_width=\"1200\" data-large_image_height=\"1600\"href='https:\/\/www.radiopiu.net\/wordpress\/wp-content\/uploads\/2024\/03\/af0728b4-3367-4a0a-a254-cdc91880096a.jpg'><img loading=\"lazy\" decoding=\"async\" width=\"150\" height=\"150\" src=\"https:\/\/www.radiopiu.net\/wordpress\/wp-content\/uploads\/2024\/03\/af0728b4-3367-4a0a-a254-cdc91880096a-150x150.jpg\" class=\"attachment-thumbnail size-thumbnail\" alt=\"\" \/><\/a>\n\t\t\t\t<\/dt><\/dl><dl class='gallery-item'>\n\t\t\t\t<dt class='gallery-icon landscape'>\n\t\t\t\t\t<a class=\"rollover rollover-zoom dt-pswp-item\" title=\"0a77d85e-8b2b-4f85-9677-f99497bfbbf7\" data-dt-img-description=\"\" data-large_image_width=\"1280\" data-large_image_height=\"960\"href='https:\/\/www.radiopiu.net\/wordpress\/wp-content\/uploads\/2024\/03\/0a77d85e-8b2b-4f85-9677-f99497bfbbf7.jpg'><img loading=\"lazy\" decoding=\"async\" width=\"150\" height=\"150\" src=\"https:\/\/www.radiopiu.net\/wordpress\/wp-content\/uploads\/2024\/03\/0a77d85e-8b2b-4f85-9677-f99497bfbbf7-150x150.jpg\" class=\"attachment-thumbnail size-thumbnail\" alt=\"\" \/><\/a>\n\t\t\t\t<\/dt><\/dl><dl class='gallery-item'>\n\t\t\t\t<dt class='gallery-icon portrait'>\n\t\t\t\t\t<a class=\"rollover rollover-zoom dt-pswp-item\" title=\"e7bd92e1-0ae0-4c15-b92e-5a91246488f7\" data-dt-img-description=\"\" data-large_image_width=\"1200\" data-large_image_height=\"1600\"href='https:\/\/www.radiopiu.net\/wordpress\/wp-content\/uploads\/2024\/03\/e7bd92e1-0ae0-4c15-b92e-5a91246488f7.jpg'><img loading=\"lazy\" decoding=\"async\" width=\"150\" height=\"150\" src=\"https:\/\/www.radiopiu.net\/wordpress\/wp-content\/uploads\/2024\/03\/e7bd92e1-0ae0-4c15-b92e-5a91246488f7-150x150.jpg\" class=\"attachment-thumbnail size-thumbnail\" alt=\"\" \/><\/a>\n\t\t\t\t<\/dt><\/dl><dl class='gallery-item'>\n\t\t\t\t<dt class='gallery-icon landscape'>\n\t\t\t\t\t<a class=\"rollover rollover-zoom dt-pswp-item\" title=\"a7608d4f-32c0-4237-b954-04984a5d2293\" data-dt-img-description=\"\" data-large_image_width=\"1600\" data-large_image_height=\"1200\"href='https:\/\/www.radiopiu.net\/wordpress\/wp-content\/uploads\/2024\/03\/a7608d4f-32c0-4237-b954-04984a5d2293.jpg'><img loading=\"lazy\" decoding=\"async\" width=\"150\" height=\"150\" src=\"https:\/\/www.radiopiu.net\/wordpress\/wp-content\/uploads\/2024\/03\/a7608d4f-32c0-4237-b954-04984a5d2293-150x150.jpg\" class=\"attachment-thumbnail size-thumbnail\" alt=\"\" \/><\/a>\n\t\t\t\t<\/dt><\/dl><dl class='gallery-item'>\n\t\t\t\t<dt class='gallery-icon landscape'>\n\t\t\t\t\t<a class=\"rollover rollover-zoom dt-pswp-item\" title=\"1cc6eb12-8baa-49c1-ad69-d9f546f3d1e6\" data-dt-img-description=\"\" data-large_image_width=\"1600\" data-large_image_height=\"1200\"href='https:\/\/www.radiopiu.net\/wordpress\/wp-content\/uploads\/2024\/03\/1cc6eb12-8baa-49c1-ad69-d9f546f3d1e6.jpg'><img loading=\"lazy\" decoding=\"async\" width=\"150\" height=\"150\" src=\"https:\/\/www.radiopiu.net\/wordpress\/wp-content\/uploads\/2024\/03\/1cc6eb12-8baa-49c1-ad69-d9f546f3d1e6-150x150.jpg\" class=\"attachment-thumbnail size-thumbnail\" alt=\"\" \/><\/a>\n\t\t\t\t<\/dt><\/dl><dl class='gallery-item'>\n\t\t\t\t<dt class='gallery-icon landscape'>\n\t\t\t\t\t<a class=\"rollover rollover-zoom dt-pswp-item\" title=\"0735a0c1-63f9-4dc7-a8ae-e91913259f1b\" data-dt-img-description=\"\" data-large_image_width=\"2000\" data-large_image_height=\"1500\"href='https:\/\/www.radiopiu.net\/wordpress\/wp-content\/uploads\/2024\/03\/0735a0c1-63f9-4dc7-a8ae-e91913259f1b.jpg'><img loading=\"lazy\" decoding=\"async\" width=\"150\" height=\"150\" src=\"https:\/\/www.radiopiu.net\/wordpress\/wp-content\/uploads\/2024\/03\/0735a0c1-63f9-4dc7-a8ae-e91913259f1b-150x150.jpg\" class=\"attachment-thumbnail size-thumbnail\" alt=\"\" \/><\/a>\n\t\t\t\t<\/dt><\/dl><br style=\"clear: both\" \/>\n\t\t\t<\/div>\n\n<p>&nbsp;<\/p>\n<p>&nbsp;<\/p>\n<p>&nbsp;<\/p>\n<p>&nbsp;<\/p>\n","protected":false},"excerpt":{"rendered":"<p>****** &nbsp; PER RICEVERE QUESTO NOTIZIARIO DIRETTAMENTE SUL TUO CELLULARE ISCRIVITI AL CANALE TELEGRAM \u201cRADIO PIU\u00a0 INFORMAZIONE&#8221;\u00a0 \u00a0il CANALE TELEGRAM&#8230; UNISCITI A: RADIO PIU INFORMAZIONE &nbsp; &nbsp; ATTENZIONE: LA NUOVA APP PER IOS-IPHONE di Nicola Vettorello https:\/\/apps.apple.com\/it\/app\/radio-pi%C3%B9-emittente-agordina\/id1515939845 ATTENZIONE: LA NUOVA APP RADIO\u00a0 PER ANDROID di Nicola Vettorello https:\/\/play.google.com\/store\/apps\/details?id=net.radiopiu.iniko\u00a0\u00a0 &nbsp; La Settimana della memoria e dell&#8217;impegno,&hellip;<\/p>\n","protected":false},"author":4,"featured_media":379955,"comment_status":"closed","ping_status":"closed","sticky":false,"template":"","format":"standard","meta":{"_monsterinsights_skip_tracking":false,"_monsterinsights_sitenote_active":false,"_monsterinsights_sitenote_note":"","_monsterinsights_sitenote_category":0,"footnotes":""},"categories":[51,86,49],"tags":[],"class_list":["post-379816","post","type-post","status-publish","format-standard","has-post-thumbnail","hentry","category-evidenza-top","category-gr","category-news-18","category-51","category-86","category-49","description-off"],"img_url":"https:\/\/www.radiopiu.net\/wordpress\/wp-content\/uploads\/2024\/03\/31f46c11-1890-47b0-9a61-de2541a2e038.jpeg","_links":{"self":[{"href":"https:\/\/www.radiopiu.net\/wordpress\/wp-json\/wp\/v2\/posts\/379816","targetHints":{"allow":["GET"]}}],"collection":[{"href":"https:\/\/www.radiopiu.net\/wordpress\/wp-json\/wp\/v2\/posts"}],"about":[{"href":"https:\/\/www.radiopiu.net\/wordpress\/wp-json\/wp\/v2\/types\/post"}],"author":[{"embeddable":true,"href":"https:\/\/www.radiopiu.net\/wordpress\/wp-json\/wp\/v2\/users\/4"}],"replies":[{"embeddable":true,"href":"https:\/\/www.radiopiu.net\/wordpress\/wp-json\/wp\/v2\/comments?post=379816"}],"version-history":[{"count":0,"href":"https:\/\/www.radiopiu.net\/wordpress\/wp-json\/wp\/v2\/posts\/379816\/revisions"}],"wp:featuredmedia":[{"embeddable":true,"href":"https:\/\/www.radiopiu.net\/wordpress\/wp-json\/wp\/v2\/media\/379955"}],"wp:attachment":[{"href":"https:\/\/www.radiopiu.net\/wordpress\/wp-json\/wp\/v2\/media?parent=379816"}],"wp:term":[{"taxonomy":"category","embeddable":true,"href":"https:\/\/www.radiopiu.net\/wordpress\/wp-json\/wp\/v2\/categories?post=379816"},{"taxonomy":"post_tag","embeddable":true,"href":"https:\/\/www.radiopiu.net\/wordpress\/wp-json\/wp\/v2\/tags?post=379816"}],"curies":[{"name":"wp","href":"https:\/\/api.w.org\/{rel}","templated":true}]}}